{"id":972696,"date":"2018-03-20T02:53:00","date_gmt":"2018-03-20T02:53:00","guid":{"rendered":"http:\/\/www.eldigitaldeasturias.com\/noticias\/?p=972696"},"modified":"2018-03-20T02:53:00","modified_gmt":"2018-03-20T02:53:00","slug":"erdogan-amenaza-con-extender-la-operacion-contra-los-kurdos-hasta-irak","status":"publish","type":"post","link":"https:\/\/www.eldigitaldeasturias.com\/noticias\/erdogan-amenaza-con-extender-la-operacion-contra-los-kurdos-hasta-irak\/","title":{"rendered":"Erdogan amenaza con extender la operaci\u00f3n contra los kurdos hasta Irak"},"content":{"rendered":"<p><img loading=\"lazy\" decoding=\"async\" class=\"alignleft size-medium wp-image-872935\" src=\"https:\/\/www.eldigitaldeasturias.com\/noticias\/wp-content\/uploads\/2016\/04\/erdogan-360x198.jpg\" alt=\"\" width=\"360\" height=\"198\" \/>Estambul\/Beirut, 19 mar (dpa) &#8211; Turqu\u00eda podr\u00eda extender su operaci\u00f3n militar contra los milicianos kurdos a otras \u00e1reas de Siria e incluso al norte de Irak, advirti\u00f3 hoy el presidente Recep Tayyip Erdogan despu\u00e9s de que sus tropas tomaran el domingo el control del enclave kurdo de Afrin, en el noroeste de Siria.<\/p>\n<p>Erdogan apunt\u00f3 a zonas que podr\u00edan incluir Manbij, Tel Abyad y otras \u00e1reas en el noreste de Siria, donde Estados Unidos mantiene desplegadas fuerzas que patrullan junto a los kurdos en el marco de la lucha contra la milicia terrorista Estado Isl\u00e1mico (EI). Esa posibilidad ya caus\u00f3 fricciones entre Ankara y Washington en el pasado.<\/p>\n<p>En cuanto a Irak, Erdogan alert\u00f3 que si el Gobierno central no ataca all\u00ed al Partido de los Trabajadores del Kurdist\u00e1n (PKK), Ankara enviar\u00e1 a sus propias fuerzas. El PKK, una organizaci\u00f3n turca considerada terrorista por Ankara, pero tambi\u00e9n por Estados Unidos y la Uni\u00f3n Europea, tiene bases en el norte de Irak.<\/p>\n<p>\u00abSi no pueden resolverlo, de repente entraremos una noche en Sinjar y limpiaremos tambi\u00e9n all\u00ed al PKK\u00bb, dijo Erdogan en una ceremonia judicial en Ankara. Sinjar salt\u00f3 a los titulares por las masacres del EI cometidas contra la minor\u00eda de los yazid\u00edes antes de que las fuerzas kurdas expulsaran a los extremistas sunitas\u00bb.<\/p>\n<p>En el marco de la guerra de Siria los kurdos se hicieron con el control de una importante zona de la frontera e instaur\u00f3 una especie de administraci\u00f3n propia.<\/p>\n<p>Las fuerzas turcas recuperaron el domingo junto a sus aliados sirios en enclave de Afrin, en el noroeste de Siria, en el marco de su ofensiva lanzada el 20 de enero contra la milicia kurdo siria Unidades de Protecci\u00f3n Popular (YPG). Ankara justificaba la ofensiva precisamente por la vinculaci\u00f3n de las YPG con el PKK.<\/p>\n<p>Fuentes kurdas y activistas denunciaran saqueos y el desplazamiento de civiles que huyen de la ocupaci\u00f3n turca. El Observatorio Sirio para los Derechos Humanos inform\u00f3 hoy de robos en viviendas, negocios y edificios del gobierno.<\/p>\n<p>\u00abEst\u00e1n saqueando casas, quemando instituciones, rompiendo estatuas religiosas, igual que hizo (la milicia terrorista) Estado Isl\u00e1mico en \u00e1reas que invadi\u00f3\u00bb, denunci\u00f3 en declaraciones a dpa Brossik al Hassakeh, portavoz de la milicia kurdo siria Unidades de Protecci\u00f3n Popular (YPG).<\/p>\n<p>Fotos del interior de Afrin mostraban a las fuerzas aliadas de Turqu\u00eda derribando estatuas que mostraban figuras del folclore kurdo y a un combatiente llevando m\u00e1scara y blandiendo un largo cuchillo. Otras im\u00e1genes mostraban a milicianos saqueando propiedad privada y llev\u00e1ndose cosas en camiones, aunque su autenticidad no ha podido ser confirmada.<\/p>\n<p>La bandera nacional turca ondea ahora sobre Afrin y muchos refugiados kurdos han huido a \u00e1reas bajo control de las fuerzas del presidente sirio, Bashar al Assad.<\/p>\n<p>\u00abLos refugiados de Afrin est\u00e1n desesperados\u00bb, cuenta Al Hassakeh sobre la situaci\u00f3n humanitaria. Muchos han tenido que pasar la noche a la intemperie pese a las bajas temperaturas.<\/p>\n<p>\u00abDecenas de miles de personas est\u00e1n sufriendo en Afrin. Desesperados y aterrorizados, miles huyen cada d\u00eda sin tener a d\u00f3nde ir, con poca comida, agua y medicinas\u00bb, se\u00f1al\u00f3 el Comit\u00e9 Internacional de la Cruz Roja (CICR) en Twitter.<\/p>\n<p>La CICR colabora con la Media Luna Roja siria para proporcionarles mantas y comida, dijo, pero alert\u00f3: \u00abEs s\u00f3lo una gota en un oc\u00e9ano de familias necesitadas\u00bb.<\/p>\n<p>Seg\u00fan Al Hassakeh, cientos de miles de personas huyeron de la regi\u00f3n. La Oficina de Coordinaci\u00f3n de Asuntos Humanitarios (OCHA) explic\u00f3 el domingo que casi 100.000 personas hab\u00edan sido registradas como desplazados en las zonas vecinas.<\/p>\n<p>Sin embargo, los aliados de las fuerzas turcas calificaron la toma de Afrin como una victoria sobre el terror.<\/p>\n<p>El viceprimer ministro turco, Bekir Bozdag, se defendi\u00f3 tambi\u00e9n de las acusaciones y se\u00f1al\u00f3 que \u00abno son ocupantes\u00bb en Afrin. \u00abNo estamos aqu\u00ed para quedarnos (&#8230;) El objetivo de nuestra operaci\u00f3n es limpiar la regi\u00f3n y reinstaurar la tranquilidad, paz y seguridad\u00bb, dijo a\u00f1adiendo que Turqu\u00eda \u00abdevolver\u00e1 la regi\u00f3n a sus due\u00f1os reales\u00bb.<\/p>\n<p>No est\u00e1 claro a qui\u00e9n considera exactamente Turqu\u00eda due\u00f1os leg\u00edtimos de la hist\u00f3rica \u00e1rea kurda. Ankara a\u00fan no ha formulado un plan para su retirada, mientras Bozdag indica que a\u00fan hay m\u00e1s trabajo por hacer. En estos momentos se est\u00e1n llevando a cabo operaciones de desminado.<\/p>\n<p>Mientras tanto, la agencia de noticias Dogan inform\u00f3 de 11 muertos en una emboscada al parecer por parte de combatientes kurdos, entre ellos cuatro combatientes sirios y siete civiles. Las fuerzas kurdas se\u00f1alaron el domingo, tras la toma de Afrin, que evitar\u00edan enfrentamientos directos y pasar\u00edan a una t\u00e1ctica de guerrilla.<\/p>\n","protected":false},"excerpt":{"rendered":"<p>Estambul\/Beirut, 19 mar (dpa) &#8211; Turqu\u00eda podr\u00eda extender su operaci\u00f3n militar contra los milicianos kurdos a otras \u00e1reas de Siria e incluso al norte de Irak, advirti\u00f3 hoy el presidente Recep Tayyip Erdogan despu\u00e9s de que sus tropas tomaran el domingo el control del enclave kurdo de Afrin, en el noroeste de Siria. Erdogan apunt\u00f3 [&hellip;]<\/p>\n","protected":false},"author":1,"featured_media":872935,"comment_status":"closed","ping_status":"closed","sticky":false,"template":"","format":"standard","meta":{"footnotes":""},"categories":[1],"tags":[],"class_list":["post-972696","post","type-post","status-publish","format-standard","has-post-thumbnail","hentry","category-actualidad"],"aioseo_notices":[],"aioseo_head":"\n\t\t<!-- All in One SEO Pro 5.0.1 - aioseo.com -->\n\t<meta name=\"description\" content=\"Estambul\/Beirut, 19 mar (dpa) - Turqu\u00eda podr\u00eda extender su operaci\u00f3n militar contra los milicianos kurdos a otras \u00e1reas de Siria e incluso al norte de Irak, advirti\u00f3 hoy el presidente Recep Tayyip Erdogan despu\u00e9s de que sus tropas tomaran el domingo el control del enclave kurdo de Afrin, en el noroeste de Siria. Erdogan apunt\u00f3\" \/>\n\t<meta name=\"robots\" content=\"max-image-preview:large\" \/>\n\t<meta name=\"author\" content=\"El Digital de Asturias\"\/>\n\t<meta name=\"google-site-verification\" content=\"UA-38556648-1\" \/>\n\t<meta name=\"msvalidate.01\" content=\"7dfe9f3f1b24437ab69f4f2559babe99\" \/>\n\t<meta name=\"keywords\" content=\"actualidad\" \/>\n\t<link rel=\"canonical\" href=\"https:\/\/www.eldigitaldeasturias.com\/noticias\/erdogan-amenaza-con-extender-la-operacion-contra-los-kurdos-hasta-irak\/\" \/>\n\t<meta name=\"generator\" content=\"All in One SEO Pro (AIOSEO) 5.0.1\" \/>\n\t\t<meta property=\"og:locale\" content=\"es_ES\" \/>\n\t\t<meta property=\"og:site_name\" content=\"El Digital de Asturias\" \/>\n\t\t<meta property=\"og:type\" content=\"article\" \/>\n\t\t<meta property=\"og:title\" content=\"Erdogan amenaza con extender la operaci\u00f3n contra los kurdos hasta Irak - El Digital de Asturias\" \/>\n\t\t<meta property=\"og:description\" content=\"Estambul\/Beirut, 19 mar (dpa) - Turqu\u00eda podr\u00eda extender su operaci\u00f3n militar contra los milicianos kurdos a otras \u00e1reas de Siria e incluso al norte de Irak, advirti\u00f3 hoy el presidente Recep Tayyip Erdogan despu\u00e9s de que sus tropas tomaran el domingo el control del enclave kurdo de Afrin, en el noroeste de Siria. Erdogan apunt\u00f3\" \/>\n\t\t<meta property=\"og:url\" content=\"https:\/\/www.eldigitaldeasturias.com\/noticias\/erdogan-amenaza-con-extender-la-operacion-contra-los-kurdos-hasta-irak\/\" \/>\n\t\t<meta property=\"article:tag\" content=\"actualidad\" \/>\n\t\t<meta property=\"article:published_time\" content=\"2018-03-20T02:53:00+00:00\" \/>\n\t\t<meta property=\"article:modified_time\" content=\"2018-03-20T02:53:00+00:00\" \/>\n\t\t<meta property=\"article:publisher\" content=\"https:\/\/facebook.com\/eldigitaldeasturias\" \/>\n\t\t<meta name=\"twitter:card\" content=\"summary_large_image\" \/>\n\t\t<meta name=\"twitter:title\" content=\"Erdogan amenaza con extender la operaci\u00f3n contra los kurdos hasta Irak - El Digital de Asturias\" \/>\n\t\t<meta name=\"twitter:description\" content=\"Estambul\/Beirut, 19 mar (dpa) - Turqu\u00eda podr\u00eda extender su operaci\u00f3n militar contra los milicianos kurdos a otras \u00e1reas de Siria e incluso al norte de Irak, advirti\u00f3 hoy el presidente Recep Tayyip Erdogan despu\u00e9s de que sus tropas tomaran el domingo el control del enclave kurdo de Afrin, en el noroeste de Siria. Erdogan apunt\u00f3\" \/>\n\t\t<meta name=\"twitter:image\" content=\"https:\/\/www.eldigitaldeasturias.com\/noticias\/wp-content\/uploads\/2020\/12\/EDA-1.jpg\" \/>\n\t\t<meta name=\"twitter:label1\" content=\"Escrito por\" \/>\n\t\t<meta name=\"twitter:data1\" content=\"El Digital de Asturias\" \/>\n\t\t<meta name=\"twitter:label2\" content=\"Tiempo de lectura estimado\" \/>\n\t\t<meta name=\"twitter:data2\" content=\"4 minutos\" \/>\n\t\t<script type=\"application\/ld+json\" class=\"aioseo-schema\">\n\t\t\t{\"@context\":\"https:\\\/\\\/schema.org\",\"@graph\":[{\"@type\":\"BlogPosting\",\"@id\":\"https:\\\/\\\/www.eldigitaldeasturias.com\\\/noticias\\\/erdogan-amenaza-con-extender-la-operacion-contra-los-kurdos-hasta-irak\\\/#blogposting\",\"name\":\"Erdogan amenaza con extender la operaci\\u00f3n contra los kurdos hasta Irak - El Digital de Asturias\",\"headline\":\"Erdogan amenaza con extender la operaci\\u00f3n contra los kurdos hasta Irak\",\"author\":{\"@id\":\"https:\\\/\\\/www.eldigitaldeasturias.com\\\/noticias\\\/author\\\/admin\\\/#author\"},\"publisher\":{\"@id\":\"https:\\\/\\\/www.eldigitaldeasturias.com\\\/noticias\\\/#organization\"},\"image\":{\"@type\":\"ImageObject\",\"url\":872935},\"datePublished\":\"2018-03-20T02:53:00+01:00\",\"dateModified\":\"2018-03-20T02:53:00+01:00\",\"inLanguage\":\"es-ES\",\"mainEntityOfPage\":{\"@id\":\"https:\\\/\\\/www.eldigitaldeasturias.com\\\/noticias\\\/erdogan-amenaza-con-extender-la-operacion-contra-los-kurdos-hasta-irak\\\/#webpage\"},\"isPartOf\":{\"@id\":\"https:\\\/\\\/www.eldigitaldeasturias.com\\\/noticias\\\/erdogan-amenaza-con-extender-la-operacion-contra-los-kurdos-hasta-irak\\\/#webpage\"},\"articleSection\":\"Actualidad\"},{\"@type\":\"BreadcrumbList\",\"@id\":\"https:\\\/\\\/www.eldigitaldeasturias.com\\\/noticias\\\/erdogan-amenaza-con-extender-la-operacion-contra-los-kurdos-hasta-irak\\\/#breadcrumblist\",\"itemListElement\":[{\"@type\":\"ListItem\",\"@id\":\"https:\\\/\\\/www.eldigitaldeasturias.com\\\/noticias#listItem\",\"position\":1,\"name\":\"Home\",\"item\":\"https:\\\/\\\/www.eldigitaldeasturias.com\\\/noticias\",\"nextItem\":{\"@type\":\"ListItem\",\"@id\":\"https:\\\/\\\/www.eldigitaldeasturias.com\\\/noticias\\\/category\\\/actualidad\\\/#listItem\",\"name\":\"Actualidad\"}},{\"@type\":\"ListItem\",\"@id\":\"https:\\\/\\\/www.eldigitaldeasturias.com\\\/noticias\\\/category\\\/actualidad\\\/#listItem\",\"position\":2,\"name\":\"Actualidad\",\"item\":\"https:\\\/\\\/www.eldigitaldeasturias.com\\\/noticias\\\/category\\\/actualidad\\\/\",\"nextItem\":{\"@type\":\"ListItem\",\"@id\":\"https:\\\/\\\/www.eldigitaldeasturias.com\\\/noticias\\\/erdogan-amenaza-con-extender-la-operacion-contra-los-kurdos-hasta-irak\\\/#listItem\",\"name\":\"Erdogan amenaza con extender la operaci\\u00f3n contra los kurdos hasta Irak\"},\"previousItem\":{\"@type\":\"ListItem\",\"@id\":\"https:\\\/\\\/www.eldigitaldeasturias.com\\\/noticias#listItem\",\"name\":\"Home\"}},{\"@type\":\"ListItem\",\"@id\":\"https:\\\/\\\/www.eldigitaldeasturias.com\\\/noticias\\\/erdogan-amenaza-con-extender-la-operacion-contra-los-kurdos-hasta-irak\\\/#listItem\",\"position\":3,\"name\":\"Erdogan amenaza con extender la operaci\\u00f3n contra los kurdos hasta Irak\",\"previousItem\":{\"@type\":\"ListItem\",\"@id\":\"https:\\\/\\\/www.eldigitaldeasturias.com\\\/noticias\\\/category\\\/actualidad\\\/#listItem\",\"name\":\"Actualidad\"}}]},{\"@type\":\"Organization\",\"@id\":\"https:\\\/\\\/www.eldigitaldeasturias.com\\\/noticias\\\/#organization\",\"name\":\"El Digital de Asturias\",\"description\":\"Hemeroteca\",\"url\":\"https:\\\/\\\/www.eldigitaldeasturias.com\\\/noticias\\\/\",\"email\":\"info@eldigitaldeasturias.com\",\"telephone\":\"+34652131393\",\"logo\":{\"@type\":\"ImageObject\",\"url\":\"https:\\\/\\\/www.eldigitaldeasturias.com\\\/noticias\\\/wp-content\\\/uploads\\\/2020\\\/12\\\/EDA.jpg\",\"@id\":\"https:\\\/\\\/www.eldigitaldeasturias.com\\\/noticias\\\/erdogan-amenaza-con-extender-la-operacion-contra-los-kurdos-hasta-irak\\\/#organizationLogo\"},\"image\":{\"@id\":\"https:\\\/\\\/www.eldigitaldeasturias.com\\\/noticias\\\/erdogan-amenaza-con-extender-la-operacion-contra-los-kurdos-hasta-irak\\\/#organizationLogo\"},\"sameAs\":[\"https:\\\/\\\/facebook.com\\\/eldigitaldeasturias\",\"https:\\\/\\\/www.youtube.com\\\/channel\\\/UCZP-2wLEB9Rv6erhFmqVnvg\"],\"address\":{\"@id\":\"https:\\\/\\\/www.eldigitaldeasturias.com\\\/noticias\\\/#postaladdress\",\"@type\":\"PostalAddress\",\"streetAddress\":\"san antonio 4\",\"postalCode\":\"33430\",\"addressLocality\":\"Cand\\u00e1s\",\"addressRegion\":\"Asturias\",\"addressCountry\":\"ES\"}},{\"@type\":\"Person\",\"@id\":\"https:\\\/\\\/www.eldigitaldeasturias.com\\\/noticias\\\/author\\\/admin\\\/#author\",\"url\":\"https:\\\/\\\/www.eldigitaldeasturias.com\\\/noticias\\\/author\\\/admin\\\/\",\"name\":\"El Digital de Asturias\",\"image\":{\"@type\":\"ImageObject\",\"@id\":\"https:\\\/\\\/www.eldigitaldeasturias.com\\\/noticias\\\/erdogan-amenaza-con-extender-la-operacion-contra-los-kurdos-hasta-irak\\\/#authorImage\",\"url\":\"https:\\\/\\\/secure.gravatar.com\\\/avatar\\\/df2aeffc32bcd13f8d26072ef8a91b623d677766deac7f97ca815868cd41bf5e?s=96&d=mm&r=g\",\"width\":96,\"height\":96,\"caption\":\"El Digital de Asturias\"}},{\"@type\":\"WebPage\",\"@id\":\"https:\\\/\\\/www.eldigitaldeasturias.com\\\/noticias\\\/erdogan-amenaza-con-extender-la-operacion-contra-los-kurdos-hasta-irak\\\/#webpage\",\"url\":\"https:\\\/\\\/www.eldigitaldeasturias.com\\\/noticias\\\/erdogan-amenaza-con-extender-la-operacion-contra-los-kurdos-hasta-irak\\\/\",\"name\":\"Erdogan amenaza con extender la operaci\\u00f3n contra los kurdos hasta Irak - El Digital de Asturias\",\"description\":\"Estambul\\\/Beirut, 19 mar (dpa) - Turqu\\u00eda podr\\u00eda extender su operaci\\u00f3n militar contra los milicianos kurdos a otras \\u00e1reas de Siria e incluso al norte de Irak, advirti\\u00f3 hoy el presidente Recep Tayyip Erdogan despu\\u00e9s de que sus tropas tomaran el domingo el control del enclave kurdo de Afrin, en el noroeste de Siria. Erdogan apunt\\u00f3\",\"inLanguage\":\"es-ES\",\"isPartOf\":{\"@id\":\"https:\\\/\\\/www.eldigitaldeasturias.com\\\/noticias\\\/#website\"},\"breadcrumb\":{\"@id\":\"https:\\\/\\\/www.eldigitaldeasturias.com\\\/noticias\\\/erdogan-amenaza-con-extender-la-operacion-contra-los-kurdos-hasta-irak\\\/#breadcrumblist\"},\"author\":{\"@id\":\"https:\\\/\\\/www.eldigitaldeasturias.com\\\/noticias\\\/author\\\/admin\\\/#author\"},\"creator\":{\"@id\":\"https:\\\/\\\/www.eldigitaldeasturias.com\\\/noticias\\\/author\\\/admin\\\/#author\"},\"image\":{\"@type\":\"ImageObject\",\"url\":872935,\"@id\":\"https:\\\/\\\/www.eldigitaldeasturias.com\\\/noticias\\\/erdogan-amenaza-con-extender-la-operacion-contra-los-kurdos-hasta-irak\\\/#mainImage\"},\"primaryImageOfPage\":{\"@id\":\"https:\\\/\\\/www.eldigitaldeasturias.com\\\/noticias\\\/erdogan-amenaza-con-extender-la-operacion-contra-los-kurdos-hasta-irak\\\/#mainImage\"},\"datePublished\":\"2018-03-20T02:53:00+01:00\",\"dateModified\":\"2018-03-20T02:53:00+01:00\"},{\"@type\":\"WebSite\",\"@id\":\"https:\\\/\\\/www.eldigitaldeasturias.com\\\/noticias\\\/#website\",\"url\":\"https:\\\/\\\/www.eldigitaldeasturias.com\\\/noticias\\\/\",\"name\":\"El Digital de Asturias - Diario de actualidad y noticias\",\"alternateName\":\"El Digital de Asturias - Diario de actualidad y noticias\",\"description\":\"Hemeroteca\",\"inLanguage\":\"es-ES\",\"publisher\":{\"@id\":\"https:\\\/\\\/www.eldigitaldeasturias.com\\\/noticias\\\/#organization\"}}]}\n\t\t<\/script>\n\t\t<!-- All in One SEO Pro -->\r\n\t\t<title>Erdogan amenaza con extender la operaci\u00f3n contra los kurdos hasta Irak - El Digital de Asturias<\/title>\n\n","aioseo_head_json":{"title":"Erdogan amenaza con extender la operaci\u00f3n contra los kurdos hasta Irak - El Digital de Asturias","description":"Estambul\/Beirut, 19 mar (dpa) - Turqu\u00eda podr\u00eda extender su operaci\u00f3n militar contra los milicianos kurdos a otras \u00e1reas de Siria e incluso al norte de Irak, advirti\u00f3 hoy el presidente Recep Tayyip Erdogan despu\u00e9s de que sus tropas tomaran el domingo el control del enclave kurdo de Afrin, en el noroeste de Siria. Erdogan apunt\u00f3","canonical_url":"https:\/\/www.eldigitaldeasturias.com\/noticias\/erdogan-amenaza-con-extender-la-operacion-contra-los-kurdos-hasta-irak\/","robots":"max-image-preview:large","keywords":"actualidad","webmasterTools":{"google-site-verification":"UA-38556648-1","msvalidate.01":"7dfe9f3f1b24437ab69f4f2559babe99","miscellaneous":""},"schema":{"@context":"https:\/\/schema.org","@graph":[{"@type":"BlogPosting","@id":"https:\/\/www.eldigitaldeasturias.com\/noticias\/erdogan-amenaza-con-extender-la-operacion-contra-los-kurdos-hasta-irak\/#blogposting","name":"Erdogan amenaza con extender la operaci\u00f3n contra los kurdos hasta Irak - El Digital de Asturias","headline":"Erdogan amenaza con extender la operaci\u00f3n contra los kurdos hasta Irak","author":{"@id":"https:\/\/www.eldigitaldeasturias.com\/noticias\/author\/admin\/#author"},"publisher":{"@id":"https:\/\/www.eldigitaldeasturias.com\/noticias\/#organization"},"image":{"@type":"ImageObject","url":872935},"datePublished":"2018-03-20T02:53:00+01:00","dateModified":"2018-03-20T02:53:00+01:00","inLanguage":"es-ES","mainEntityOfPage":{"@id":"https:\/\/www.eldigitaldeasturias.com\/noticias\/erdogan-amenaza-con-extender-la-operacion-contra-los-kurdos-hasta-irak\/#webpage"},"isPartOf":{"@id":"https:\/\/www.eldigitaldeasturias.com\/noticias\/erdogan-amenaza-con-extender-la-operacion-contra-los-kurdos-hasta-irak\/#webpage"},"articleSection":"Actualidad"},{"@type":"BreadcrumbList","@id":"https:\/\/www.eldigitaldeasturias.com\/noticias\/erdogan-amenaza-con-extender-la-operacion-contra-los-kurdos-hasta-irak\/#breadcrumblist","itemListElement":[{"@type":"ListItem","@id":"https:\/\/www.eldigitaldeasturias.com\/noticias#listItem","position":1,"name":"Home","item":"https:\/\/www.eldigitaldeasturias.com\/noticias","nextItem":{"@type":"ListItem","@id":"https:\/\/www.eldigitaldeasturias.com\/noticias\/category\/actualidad\/#listItem","name":"Actualidad"}},{"@type":"ListItem","@id":"https:\/\/www.eldigitaldeasturias.com\/noticias\/category\/actualidad\/#listItem","position":2,"name":"Actualidad","item":"https:\/\/www.eldigitaldeasturias.com\/noticias\/category\/actualidad\/","nextItem":{"@type":"ListItem","@id":"https:\/\/www.eldigitaldeasturias.com\/noticias\/erdogan-amenaza-con-extender-la-operacion-contra-los-kurdos-hasta-irak\/#listItem","name":"Erdogan amenaza con extender la operaci\u00f3n contra los kurdos hasta Irak"},"previousItem":{"@type":"ListItem","@id":"https:\/\/www.eldigitaldeasturias.com\/noticias#listItem","name":"Home"}},{"@type":"ListItem","@id":"https:\/\/www.eldigitaldeasturias.com\/noticias\/erdogan-amenaza-con-extender-la-operacion-contra-los-kurdos-hasta-irak\/#listItem","position":3,"name":"Erdogan amenaza con extender la operaci\u00f3n contra los kurdos hasta Irak","previousItem":{"@type":"ListItem","@id":"https:\/\/www.eldigitaldeasturias.com\/noticias\/category\/actualidad\/#listItem","name":"Actualidad"}}]},{"@type":"Organization","@id":"https:\/\/www.eldigitaldeasturias.com\/noticias\/#organization","name":"El Digital de Asturias","description":"Hemeroteca","url":"https:\/\/www.eldigitaldeasturias.com\/noticias\/","email":"info@eldigitaldeasturias.com","telephone":"+34652131393","logo":{"@type":"ImageObject","url":"https:\/\/www.eldigitaldeasturias.com\/noticias\/wp-content\/uploads\/2020\/12\/EDA.jpg","@id":"https:\/\/www.eldigitaldeasturias.com\/noticias\/erdogan-amenaza-con-extender-la-operacion-contra-los-kurdos-hasta-irak\/#organizationLogo"},"image":{"@id":"https:\/\/www.eldigitaldeasturias.com\/noticias\/erdogan-amenaza-con-extender-la-operacion-contra-los-kurdos-hasta-irak\/#organizationLogo"},"sameAs":["https:\/\/facebook.com\/eldigitaldeasturias","https:\/\/www.youtube.com\/channel\/UCZP-2wLEB9Rv6erhFmqVnvg"],"address":{"@id":"https:\/\/www.eldigitaldeasturias.com\/noticias\/#postaladdress","@type":"PostalAddress","streetAddress":"san antonio 4","postalCode":"33430","addressLocality":"Cand\u00e1s","addressRegion":"Asturias","addressCountry":"ES"}},{"@type":"Person","@id":"https:\/\/www.eldigitaldeasturias.com\/noticias\/author\/admin\/#author","url":"https:\/\/www.eldigitaldeasturias.com\/noticias\/author\/admin\/","name":"El Digital de Asturias","image":{"@type":"ImageObject","@id":"https:\/\/www.eldigitaldeasturias.com\/noticias\/erdogan-amenaza-con-extender-la-operacion-contra-los-kurdos-hasta-irak\/#authorImage","url":"https:\/\/secure.gravatar.com\/avatar\/df2aeffc32bcd13f8d26072ef8a91b623d677766deac7f97ca815868cd41bf5e?s=96&d=mm&r=g","width":96,"height":96,"caption":"El Digital de Asturias"}},{"@type":"WebPage","@id":"https:\/\/www.eldigitaldeasturias.com\/noticias\/erdogan-amenaza-con-extender-la-operacion-contra-los-kurdos-hasta-irak\/#webpage","url":"https:\/\/www.eldigitaldeasturias.com\/noticias\/erdogan-amenaza-con-extender-la-operacion-contra-los-kurdos-hasta-irak\/","name":"Erdogan amenaza con extender la operaci\u00f3n contra los kurdos hasta Irak - El Digital de Asturias","description":"Estambul\/Beirut, 19 mar (dpa) - Turqu\u00eda podr\u00eda extender su operaci\u00f3n militar contra los milicianos kurdos a otras \u00e1reas de Siria e incluso al norte de Irak, advirti\u00f3 hoy el presidente Recep Tayyip Erdogan despu\u00e9s de que sus tropas tomaran el domingo el control del enclave kurdo de Afrin, en el noroeste de Siria. Erdogan apunt\u00f3","inLanguage":"es-ES","isPartOf":{"@id":"https:\/\/www.eldigitaldeasturias.com\/noticias\/#website"},"breadcrumb":{"@id":"https:\/\/www.eldigitaldeasturias.com\/noticias\/erdogan-amenaza-con-extender-la-operacion-contra-los-kurdos-hasta-irak\/#breadcrumblist"},"author":{"@id":"https:\/\/www.eldigitaldeasturias.com\/noticias\/author\/admin\/#author"},"creator":{"@id":"https:\/\/www.eldigitaldeasturias.com\/noticias\/author\/admin\/#author"},"image":{"@type":"ImageObject","url":872935,"@id":"https:\/\/www.eldigitaldeasturias.com\/noticias\/erdogan-amenaza-con-extender-la-operacion-contra-los-kurdos-hasta-irak\/#mainImage"},"primaryImageOfPage":{"@id":"https:\/\/www.eldigitaldeasturias.com\/noticias\/erdogan-amenaza-con-extender-la-operacion-contra-los-kurdos-hasta-irak\/#mainImage"},"datePublished":"2018-03-20T02:53:00+01:00","dateModified":"2018-03-20T02:53:00+01:00"},{"@type":"WebSite","@id":"https:\/\/www.eldigitaldeasturias.com\/noticias\/#website","url":"https:\/\/www.eldigitaldeasturias.com\/noticias\/","name":"El Digital de Asturias - Diario de actualidad y noticias","alternateName":"El Digital de Asturias - Diario de actualidad y noticias","description":"Hemeroteca","inLanguage":"es-ES","publisher":{"@id":"https:\/\/www.eldigitaldeasturias.com\/noticias\/#organization"}}]},"og:locale":"es_ES","og:site_name":"El Digital de Asturias","og:type":"article","og:title":"Erdogan amenaza con extender la operaci\u00f3n contra los kurdos hasta Irak - El Digital de Asturias","og:description":"Estambul\/Beirut, 19 mar (dpa) - Turqu\u00eda podr\u00eda extender su operaci\u00f3n militar contra los milicianos kurdos a otras \u00e1reas de Siria e incluso al norte de Irak, advirti\u00f3 hoy el presidente Recep Tayyip Erdogan despu\u00e9s de que sus tropas tomaran el domingo el control del enclave kurdo de Afrin, en el noroeste de Siria. Erdogan apunt\u00f3","og:url":"https:\/\/www.eldigitaldeasturias.com\/noticias\/erdogan-amenaza-con-extender-la-operacion-contra-los-kurdos-hasta-irak\/","article:tag":["actualidad"],"article:published_time":"2018-03-20T02:53:00+00:00","article:modified_time":"2018-03-20T02:53:00+00:00","article:publisher":"https:\/\/facebook.com\/eldigitaldeasturias","twitter:card":"summary_large_image","twitter:title":"Erdogan amenaza con extender la operaci\u00f3n contra los kurdos hasta Irak - El Digital de Asturias","twitter:description":"Estambul\/Beirut, 19 mar (dpa) - Turqu\u00eda podr\u00eda extender su operaci\u00f3n militar contra los milicianos kurdos a otras \u00e1reas de Siria e incluso al norte de Irak, advirti\u00f3 hoy el presidente Recep Tayyip Erdogan despu\u00e9s de que sus tropas tomaran el domingo el control del enclave kurdo de Afrin, en el noroeste de Siria. Erdogan apunt\u00f3","twitter:image":"https:\/\/www.eldigitaldeasturias.com\/noticias\/wp-content\/uploads\/2020\/12\/EDA-1.jpg","twitter:label1":"Escrito por","twitter:data1":"El Digital de Asturias","twitter:label2":"Tiempo de lectura estimado","twitter:data2":"4 minutos"},"aioseo_meta_data":{"post_id":"972696","title":null,"description":null,"keywords":null,"keyphrases":null,"primary_term":null,"canonical_url":null,"og_title":null,"og_description":null,"og_object_type":"default","og_image_type":"default","og_image_url":null,"og_image_width":null,"og_image_height":null,"og_image_custom_url":null,"og_image_custom_fields":null,"og_video":null,"og_custom_url":null,"og_article_section":null,"og_article_tags":null,"twitter_use_og":false,"twitter_card":"default","twitter_image_type":"default","twitter_image_url":null,"twitter_image_custom_url":null,"twitter_image_custom_fields":null,"twitter_title":null,"twitter_description":null,"schema":{"blockGraphs":[],"customGraphs":[],"default":{"data":{"Article":[],"Course":[],"Dataset":[],"FAQPage":[],"Movie":[],"Person":[],"Product":[],"ProductReview":[],"Car":[],"Recipe":[],"Service":[],"SoftwareApplication":[],"WebPage":[]},"graphName":"","isEnabled":true},"graphs":[],"defaultGraph":"","defaultPostTypeGraph":""},"schema_type":null,"schema_type_options":null,"pillar_content":false,"robots_default":true,"robots_noindex":false,"robots_noarchive":false,"robots_nosnippet":false,"robots_nofollow":false,"robots_noimageindex":false,"robots_noodp":false,"robots_notranslate":false,"robots_max_snippet":null,"robots_max_videopreview":null,"robots_max_imagepreview":"large","priority":null,"frequency":null,"local_seo":null,"seo_analyzer_scan_date":"2025-10-07 13:38:15","breadcrumb_settings":null,"limit_modified_date":false,"open_ai":null,"ai":null,"created":"2020-12-21 12:18:38","updated":"2025-10-07 13:38:15","focus_keyword":null,"additional_keywords":null,"truseo_locale":null},"aioseo_breadcrumb":"<div class=\"aioseo-breadcrumbs\"><span class=\"aioseo-breadcrumb\">\n\t<a href=\"https:\/\/www.eldigitaldeasturias.com\/noticias\" title=\"Home\">Home<\/a>\n<\/span><span class=\"aioseo-breadcrumb-separator\">\u2013<\/span><span class=\"aioseo-breadcrumb\">\n\t<a href=\"https:\/\/www.eldigitaldeasturias.com\/noticias\/category\/actualidad\/\" title=\"Actualidad\">Actualidad<\/a>\n<\/span><span class=\"aioseo-breadcrumb-separator\">\u2013<\/span><span class=\"aioseo-breadcrumb\">\n\t<a href=\"https:\/\/www.eldigitaldeasturias.com\/noticias\/erdogan-amenaza-con-extender-la-operacion-contra-los-kurdos-hasta-irak\/\" title=\"Erdogan amenaza con extender la operaci\u00f3n contra los kurdos hasta Irak\">Erdogan amenaza con extender la operaci\u00f3n contra los kurdos hasta Irak<\/a>\n<\/span><\/div>","aioseo_breadcrumb_json":[{"label":"Home","link":"https:\/\/www.eldigitaldeasturias.com\/noticias"},{"label":"Actualidad","link":"https:\/\/www.eldigitaldeasturias.com\/noticias\/category\/actualidad\/"},{"label":"Erdogan amenaza con extender la operaci\u00f3n contra los kurdos hasta Irak","link":"https:\/\/www.eldigitaldeasturias.com\/noticias\/erdogan-amenaza-con-extender-la-operacion-contra-los-kurdos-hasta-irak\/"}],"_links":{"self":[{"href":"https:\/\/www.eldigitaldeasturias.com\/noticias\/wp-json\/wp\/v2\/posts\/972696","targetHints":{"allow":["GET"]}}],"collection":[{"href":"https:\/\/www.eldigitaldeasturias.com\/noticias\/wp-json\/wp\/v2\/posts"}],"about":[{"href":"https:\/\/www.eldigitaldeasturias.com\/noticias\/wp-json\/wp\/v2\/types\/post"}],"author":[{"embeddable":true,"href":"https:\/\/www.eldigitaldeasturias.com\/noticias\/wp-json\/wp\/v2\/users\/1"}],"replies":[{"embeddable":true,"href":"https:\/\/www.eldigitaldeasturias.com\/noticias\/wp-json\/wp\/v2\/comments?post=972696"}],"version-history":[{"count":0,"href":"https:\/\/www.eldigitaldeasturias.com\/noticias\/wp-json\/wp\/v2\/posts\/972696\/revisions"}],"wp:attachment":[{"href":"https:\/\/www.eldigitaldeasturias.com\/noticias\/wp-json\/wp\/v2\/media?parent=972696"}],"wp:term":[{"taxonomy":"category","embeddable":true,"href":"https:\/\/www.eldigitaldeasturias.com\/noticias\/wp-json\/wp\/v2\/categories?post=972696"},{"taxonomy":"post_tag","embeddable":true,"href":"https:\/\/www.eldigitaldeasturias.com\/noticias\/wp-json\/wp\/v2\/tags?post=972696"}],"curies":[{"name":"wp","href":"https:\/\/api.w.org\/{rel}","templated":true}]}}