{"id":972624,"date":"2018-03-19T16:29:41","date_gmt":"2018-03-19T16:29:41","guid":{"rendered":"http:\/\/www.eldigitaldeasturias.com\/noticias\/?p=972624"},"modified":"2018-03-19T16:29:41","modified_gmt":"2018-03-19T16:29:41","slug":"mendez-de-vigo-lamenta-el-fallecimiento-de-manuel-lopez","status":"publish","type":"post","link":"https:\/\/www.eldigitaldeasturias.com\/noticias\/mendez-de-vigo-lamenta-el-fallecimiento-de-manuel-lopez\/","title":{"rendered":"M\u00e9ndez de Vigo lamenta el fallecimiento de Manuel L\u00f3pez"},"content":{"rendered":"<p><img loading=\"lazy\" decoding=\"async\" class=\"alignleft size-medium wp-image-972625\" src=\"https:\/\/www.eldigitaldeasturias.com\/noticias\/wp-content\/uploads\/2018\/03\/2301216-vigo-360x239.jpg\" alt=\"\" width=\"360\" height=\"239\" \/>El ministro de Educaci\u00f3n, Cultura y Deporte ha lamentado el fallecimiento del ex presidente de la CRUE y ex rector de la Universidad de Zaragoza, Manuel L\u00f3pez.<\/p>\n<p>\u200bM\u00e9ndez de Vigo ha destacado su \u00abcar\u00e1cter dialogante y conciliador, demostrado durante toda su vida, y especialmente durante los a\u00f1os en los que estuvo al frente del m\u00e1ximo \u00f3rgano representativo de los rectores\u00bb.<\/p>\n<p>\u00abUn hombre de consenso que, a\u00fan en los momentos m\u00e1s complicados de la crisis econ\u00f3mica en este pa\u00eds, supo anteponer los intereses generales en beneficio de todos los universitarios espa\u00f1oles\u00bb.<\/p>\n<p>Manuel L\u00f3pez fue presidente de la CRUE entre los a\u00f1os 2013 y 2015 y fue rector de la Universidad de Zaragoza entre el 2008 y el 2016.<\/p>\n<p>\u00abPor su gran gesti\u00f3n y su labor en beneficio de la Educaci\u00f3n en Espa\u00f1a, el Consejo de Ministros le concedi\u00f3 la Encomienda con placa de la Orden Civil de Alfonso X el Sabio el pasado mes de octubre de 2016. Un merecid\u00edsimo galard\u00f3n, concedido con motivo de la Fiesta Nacional de 12 de Octubre de ese a\u00f1o, que pone de relieve su implicaci\u00f3n y defensa de los intereses de Espa\u00f1a\u00bb, ha dicho M\u00e9ndez de Vigo, quien ha querido trasladar su p\u00e9same a la familia de Manuel L\u00f3pez, as\u00ed como a toda la comunidad universitaria.<\/p>\n","protected":false},"excerpt":{"rendered":"<p>El ministro de Educaci\u00f3n, Cultura y Deporte ha lamentado el fallecimiento del ex presidente de la CRUE y ex rector de la Universidad de Zaragoza, Manuel L\u00f3pez. \u200bM\u00e9ndez de Vigo ha destacado su \u00abcar\u00e1cter dialogante y conciliador, demostrado durante toda su vida, y especialmente durante los a\u00f1os en los que estuvo al frente del m\u00e1ximo [&hellip;]<\/p>\n","protected":false},"author":1,"featured_media":972625,"comment_status":"closed","ping_status":"closed","sticky":false,"template":"","format":"standard","meta":{"footnotes":""},"categories":[1],"tags":[],"class_list":["post-972624","post","type-post","status-publish","format-standard","has-post-thumbnail","hentry","category-actualidad"],"aioseo_notices":[],"aioseo_head":"\n\t\t<!-- All in One SEO Pro 5.0.1 - aioseo.com -->\n\t<meta name=\"description\" content=\"El ministro de Educaci\u00f3n, Cultura y Deporte ha lamentado el fallecimiento del ex presidente de la CRUE y ex rector de la Universidad de Zaragoza, Manuel L\u00f3pez. \u200bM\u00e9ndez de Vigo ha destacado su &quot;car\u00e1cter dialogante y conciliador, demostrado durante toda su vida, y especialmente durante los a\u00f1os en los que estuvo al frente del m\u00e1ximo\" \/>\n\t<meta name=\"robots\" content=\"max-image-preview:large\" \/>\n\t<meta name=\"author\" content=\"El Digital de Asturias\"\/>\n\t<meta name=\"google-site-verification\" content=\"UA-38556648-1\" \/>\n\t<meta name=\"msvalidate.01\" content=\"7dfe9f3f1b24437ab69f4f2559babe99\" \/>\n\t<meta name=\"keywords\" content=\"actualidad\" \/>\n\t<link rel=\"canonical\" href=\"https:\/\/www.eldigitaldeasturias.com\/noticias\/mendez-de-vigo-lamenta-el-fallecimiento-de-manuel-lopez\/\" \/>\n\t<meta name=\"generator\" content=\"All in One SEO Pro (AIOSEO) 5.0.1\" \/>\n\t\t<meta property=\"og:locale\" content=\"es_ES\" \/>\n\t\t<meta property=\"og:site_name\" content=\"El Digital de Asturias\" \/>\n\t\t<meta property=\"og:type\" content=\"article\" \/>\n\t\t<meta property=\"og:title\" content=\"M\u00e9ndez de Vigo lamenta el fallecimiento de Manuel L\u00f3pez - El Digital de Asturias\" \/>\n\t\t<meta property=\"og:description\" content=\"El ministro de Educaci\u00f3n, Cultura y Deporte ha lamentado el fallecimiento del ex presidente de la CRUE y ex rector de la Universidad de Zaragoza, Manuel L\u00f3pez. \u200bM\u00e9ndez de Vigo ha destacado su &quot;car\u00e1cter dialogante y conciliador, demostrado durante toda su vida, y especialmente durante los a\u00f1os en los que estuvo al frente del m\u00e1ximo\" \/>\n\t\t<meta property=\"og:url\" content=\"https:\/\/www.eldigitaldeasturias.com\/noticias\/mendez-de-vigo-lamenta-el-fallecimiento-de-manuel-lopez\/\" \/>\n\t\t<meta property=\"article:tag\" content=\"actualidad\" \/>\n\t\t<meta property=\"article:published_time\" content=\"2018-03-19T16:29:41+00:00\" \/>\n\t\t<meta property=\"article:modified_time\" content=\"2018-03-19T16:29:41+00:00\" \/>\n\t\t<meta property=\"article:publisher\" content=\"https:\/\/facebook.com\/eldigitaldeasturias\" \/>\n\t\t<meta name=\"twitter:card\" content=\"summary_large_image\" \/>\n\t\t<meta name=\"twitter:title\" content=\"M\u00e9ndez de Vigo lamenta el fallecimiento de Manuel L\u00f3pez - El Digital de Asturias\" \/>\n\t\t<meta name=\"twitter:description\" content=\"El ministro de Educaci\u00f3n, Cultura y Deporte ha lamentado el fallecimiento del ex presidente de la CRUE y ex rector de la Universidad de Zaragoza, Manuel L\u00f3pez. \u200bM\u00e9ndez de Vigo ha destacado su &quot;car\u00e1cter dialogante y conciliador, demostrado durante toda su vida, y especialmente durante los a\u00f1os en los que estuvo al frente del m\u00e1ximo\" \/>\n\t\t<meta name=\"twitter:image\" content=\"https:\/\/www.eldigitaldeasturias.com\/noticias\/wp-content\/uploads\/2020\/12\/EDA-1.jpg\" \/>\n\t\t<meta name=\"twitter:label1\" content=\"Escrito por\" \/>\n\t\t<meta name=\"twitter:data1\" content=\"El Digital de Asturias\" \/>\n\t\t<meta name=\"twitter:label2\" content=\"Tiempo de lectura estimado\" \/>\n\t\t<meta name=\"twitter:data2\" content=\"1 minuto\" \/>\n\t\t<script type=\"application\/ld+json\" class=\"aioseo-schema\">\n\t\t\t{\"@context\":\"https:\\\/\\\/schema.org\",\"@graph\":[{\"@type\":\"BlogPosting\",\"@id\":\"https:\\\/\\\/www.eldigitaldeasturias.com\\\/noticias\\\/mendez-de-vigo-lamenta-el-fallecimiento-de-manuel-lopez\\\/#blogposting\",\"name\":\"M\\u00e9ndez de Vigo lamenta el fallecimiento de Manuel L\\u00f3pez - El Digital de Asturias\",\"headline\":\"M\\u00e9ndez de Vigo lamenta el fallecimiento de Manuel L\\u00f3pez\",\"author\":{\"@id\":\"https:\\\/\\\/www.eldigitaldeasturias.com\\\/noticias\\\/author\\\/admin\\\/#author\"},\"publisher\":{\"@id\":\"https:\\\/\\\/www.eldigitaldeasturias.com\\\/noticias\\\/#organization\"},\"image\":{\"@type\":\"ImageObject\",\"url\":972625},\"datePublished\":\"2018-03-19T16:29:41+01:00\",\"dateModified\":\"2018-03-19T16:29:41+01:00\",\"inLanguage\":\"es-ES\",\"mainEntityOfPage\":{\"@id\":\"https:\\\/\\\/www.eldigitaldeasturias.com\\\/noticias\\\/mendez-de-vigo-lamenta-el-fallecimiento-de-manuel-lopez\\\/#webpage\"},\"isPartOf\":{\"@id\":\"https:\\\/\\\/www.eldigitaldeasturias.com\\\/noticias\\\/mendez-de-vigo-lamenta-el-fallecimiento-de-manuel-lopez\\\/#webpage\"},\"articleSection\":\"Actualidad\"},{\"@type\":\"BreadcrumbList\",\"@id\":\"https:\\\/\\\/www.eldigitaldeasturias.com\\\/noticias\\\/mendez-de-vigo-lamenta-el-fallecimiento-de-manuel-lopez\\\/#breadcrumblist\",\"itemListElement\":[{\"@type\":\"ListItem\",\"@id\":\"https:\\\/\\\/www.eldigitaldeasturias.com\\\/noticias#listItem\",\"position\":1,\"name\":\"Home\",\"item\":\"https:\\\/\\\/www.eldigitaldeasturias.com\\\/noticias\",\"nextItem\":{\"@type\":\"ListItem\",\"@id\":\"https:\\\/\\\/www.eldigitaldeasturias.com\\\/noticias\\\/category\\\/actualidad\\\/#listItem\",\"name\":\"Actualidad\"}},{\"@type\":\"ListItem\",\"@id\":\"https:\\\/\\\/www.eldigitaldeasturias.com\\\/noticias\\\/category\\\/actualidad\\\/#listItem\",\"position\":2,\"name\":\"Actualidad\",\"item\":\"https:\\\/\\\/www.eldigitaldeasturias.com\\\/noticias\\\/category\\\/actualidad\\\/\",\"nextItem\":{\"@type\":\"ListItem\",\"@id\":\"https:\\\/\\\/www.eldigitaldeasturias.com\\\/noticias\\\/mendez-de-vigo-lamenta-el-fallecimiento-de-manuel-lopez\\\/#listItem\",\"name\":\"M\\u00e9ndez de Vigo lamenta el fallecimiento de Manuel L\\u00f3pez\"},\"previousItem\":{\"@type\":\"ListItem\",\"@id\":\"https:\\\/\\\/www.eldigitaldeasturias.com\\\/noticias#listItem\",\"name\":\"Home\"}},{\"@type\":\"ListItem\",\"@id\":\"https:\\\/\\\/www.eldigitaldeasturias.com\\\/noticias\\\/mendez-de-vigo-lamenta-el-fallecimiento-de-manuel-lopez\\\/#listItem\",\"position\":3,\"name\":\"M\\u00e9ndez de Vigo lamenta el fallecimiento de Manuel L\\u00f3pez\",\"previousItem\":{\"@type\":\"ListItem\",\"@id\":\"https:\\\/\\\/www.eldigitaldeasturias.com\\\/noticias\\\/category\\\/actualidad\\\/#listItem\",\"name\":\"Actualidad\"}}]},{\"@type\":\"Organization\",\"@id\":\"https:\\\/\\\/www.eldigitaldeasturias.com\\\/noticias\\\/#organization\",\"name\":\"El Digital de Asturias\",\"description\":\"Hemeroteca\",\"url\":\"https:\\\/\\\/www.eldigitaldeasturias.com\\\/noticias\\\/\",\"email\":\"info@eldigitaldeasturias.com\",\"telephone\":\"+34652131393\",\"logo\":{\"@type\":\"ImageObject\",\"url\":\"https:\\\/\\\/www.eldigitaldeasturias.com\\\/noticias\\\/wp-content\\\/uploads\\\/2020\\\/12\\\/EDA.jpg\",\"@id\":\"https:\\\/\\\/www.eldigitaldeasturias.com\\\/noticias\\\/mendez-de-vigo-lamenta-el-fallecimiento-de-manuel-lopez\\\/#organizationLogo\"},\"image\":{\"@id\":\"https:\\\/\\\/www.eldigitaldeasturias.com\\\/noticias\\\/mendez-de-vigo-lamenta-el-fallecimiento-de-manuel-lopez\\\/#organizationLogo\"},\"sameAs\":[\"https:\\\/\\\/facebook.com\\\/eldigitaldeasturias\",\"https:\\\/\\\/www.youtube.com\\\/channel\\\/UCZP-2wLEB9Rv6erhFmqVnvg\"],\"address\":{\"@id\":\"https:\\\/\\\/www.eldigitaldeasturias.com\\\/noticias\\\/#postaladdress\",\"@type\":\"PostalAddress\",\"streetAddress\":\"san antonio 4\",\"postalCode\":\"33430\",\"addressLocality\":\"Cand\\u00e1s\",\"addressRegion\":\"Asturias\",\"addressCountry\":\"ES\"}},{\"@type\":\"Person\",\"@id\":\"https:\\\/\\\/www.eldigitaldeasturias.com\\\/noticias\\\/author\\\/admin\\\/#author\",\"url\":\"https:\\\/\\\/www.eldigitaldeasturias.com\\\/noticias\\\/author\\\/admin\\\/\",\"name\":\"El Digital de Asturias\",\"image\":{\"@type\":\"ImageObject\",\"@id\":\"https:\\\/\\\/www.eldigitaldeasturias.com\\\/noticias\\\/mendez-de-vigo-lamenta-el-fallecimiento-de-manuel-lopez\\\/#authorImage\",\"url\":\"https:\\\/\\\/secure.gravatar.com\\\/avatar\\\/df2aeffc32bcd13f8d26072ef8a91b623d677766deac7f97ca815868cd41bf5e?s=96&d=mm&r=g\",\"width\":96,\"height\":96,\"caption\":\"El Digital de Asturias\"}},{\"@type\":\"WebPage\",\"@id\":\"https:\\\/\\\/www.eldigitaldeasturias.com\\\/noticias\\\/mendez-de-vigo-lamenta-el-fallecimiento-de-manuel-lopez\\\/#webpage\",\"url\":\"https:\\\/\\\/www.eldigitaldeasturias.com\\\/noticias\\\/mendez-de-vigo-lamenta-el-fallecimiento-de-manuel-lopez\\\/\",\"name\":\"M\\u00e9ndez de Vigo lamenta el fallecimiento de Manuel L\\u00f3pez - El Digital de Asturias\",\"description\":\"El ministro de Educaci\\u00f3n, Cultura y Deporte ha lamentado el fallecimiento del ex presidente de la CRUE y ex rector de la Universidad de Zaragoza, Manuel L\\u00f3pez. \\u200bM\\u00e9ndez de Vigo ha destacado su \\\"car\\u00e1cter dialogante y conciliador, demostrado durante toda su vida, y especialmente durante los a\\u00f1os en los que estuvo al frente del m\\u00e1ximo\",\"inLanguage\":\"es-ES\",\"isPartOf\":{\"@id\":\"https:\\\/\\\/www.eldigitaldeasturias.com\\\/noticias\\\/#website\"},\"breadcrumb\":{\"@id\":\"https:\\\/\\\/www.eldigitaldeasturias.com\\\/noticias\\\/mendez-de-vigo-lamenta-el-fallecimiento-de-manuel-lopez\\\/#breadcrumblist\"},\"author\":{\"@id\":\"https:\\\/\\\/www.eldigitaldeasturias.com\\\/noticias\\\/author\\\/admin\\\/#author\"},\"creator\":{\"@id\":\"https:\\\/\\\/www.eldigitaldeasturias.com\\\/noticias\\\/author\\\/admin\\\/#author\"},\"image\":{\"@type\":\"ImageObject\",\"url\":972625,\"@id\":\"https:\\\/\\\/www.eldigitaldeasturias.com\\\/noticias\\\/mendez-de-vigo-lamenta-el-fallecimiento-de-manuel-lopez\\\/#mainImage\"},\"primaryImageOfPage\":{\"@id\":\"https:\\\/\\\/www.eldigitaldeasturias.com\\\/noticias\\\/mendez-de-vigo-lamenta-el-fallecimiento-de-manuel-lopez\\\/#mainImage\"},\"datePublished\":\"2018-03-19T16:29:41+01:00\",\"dateModified\":\"2018-03-19T16:29:41+01:00\"},{\"@type\":\"WebSite\",\"@id\":\"https:\\\/\\\/www.eldigitaldeasturias.com\\\/noticias\\\/#website\",\"url\":\"https:\\\/\\\/www.eldigitaldeasturias.com\\\/noticias\\\/\",\"name\":\"El Digital de Asturias - Diario de actualidad y noticias\",\"alternateName\":\"El Digital de Asturias - Diario de actualidad y noticias\",\"description\":\"Hemeroteca\",\"inLanguage\":\"es-ES\",\"publisher\":{\"@id\":\"https:\\\/\\\/www.eldigitaldeasturias.com\\\/noticias\\\/#organization\"}}]}\n\t\t<\/script>\n\t\t<!-- All in One SEO Pro -->\r\n\t\t<title>M\u00e9ndez de Vigo lamenta el fallecimiento de Manuel L\u00f3pez - El Digital de Asturias<\/title>\n\n","aioseo_head_json":{"title":"M\u00e9ndez de Vigo lamenta el fallecimiento de Manuel L\u00f3pez - El Digital de Asturias","description":"El ministro de Educaci\u00f3n, Cultura y Deporte ha lamentado el fallecimiento del ex presidente de la CRUE y ex rector de la Universidad de Zaragoza, Manuel L\u00f3pez. \u200bM\u00e9ndez de Vigo ha destacado su \"car\u00e1cter dialogante y conciliador, demostrado durante toda su vida, y especialmente durante los a\u00f1os en los que estuvo al frente del m\u00e1ximo","canonical_url":"https:\/\/www.eldigitaldeasturias.com\/noticias\/mendez-de-vigo-lamenta-el-fallecimiento-de-manuel-lopez\/","robots":"max-image-preview:large","keywords":"actualidad","webmasterTools":{"google-site-verification":"UA-38556648-1","msvalidate.01":"7dfe9f3f1b24437ab69f4f2559babe99","miscellaneous":""},"schema":{"@context":"https:\/\/schema.org","@graph":[{"@type":"BlogPosting","@id":"https:\/\/www.eldigitaldeasturias.com\/noticias\/mendez-de-vigo-lamenta-el-fallecimiento-de-manuel-lopez\/#blogposting","name":"M\u00e9ndez de Vigo lamenta el fallecimiento de Manuel L\u00f3pez - El Digital de Asturias","headline":"M\u00e9ndez de Vigo lamenta el fallecimiento de Manuel L\u00f3pez","author":{"@id":"https:\/\/www.eldigitaldeasturias.com\/noticias\/author\/admin\/#author"},"publisher":{"@id":"https:\/\/www.eldigitaldeasturias.com\/noticias\/#organization"},"image":{"@type":"ImageObject","url":972625},"datePublished":"2018-03-19T16:29:41+01:00","dateModified":"2018-03-19T16:29:41+01:00","inLanguage":"es-ES","mainEntityOfPage":{"@id":"https:\/\/www.eldigitaldeasturias.com\/noticias\/mendez-de-vigo-lamenta-el-fallecimiento-de-manuel-lopez\/#webpage"},"isPartOf":{"@id":"https:\/\/www.eldigitaldeasturias.com\/noticias\/mendez-de-vigo-lamenta-el-fallecimiento-de-manuel-lopez\/#webpage"},"articleSection":"Actualidad"},{"@type":"BreadcrumbList","@id":"https:\/\/www.eldigitaldeasturias.com\/noticias\/mendez-de-vigo-lamenta-el-fallecimiento-de-manuel-lopez\/#breadcrumblist","itemListElement":[{"@type":"ListItem","@id":"https:\/\/www.eldigitaldeasturias.com\/noticias#listItem","position":1,"name":"Home","item":"https:\/\/www.eldigitaldeasturias.com\/noticias","nextItem":{"@type":"ListItem","@id":"https:\/\/www.eldigitaldeasturias.com\/noticias\/category\/actualidad\/#listItem","name":"Actualidad"}},{"@type":"ListItem","@id":"https:\/\/www.eldigitaldeasturias.com\/noticias\/category\/actualidad\/#listItem","position":2,"name":"Actualidad","item":"https:\/\/www.eldigitaldeasturias.com\/noticias\/category\/actualidad\/","nextItem":{"@type":"ListItem","@id":"https:\/\/www.eldigitaldeasturias.com\/noticias\/mendez-de-vigo-lamenta-el-fallecimiento-de-manuel-lopez\/#listItem","name":"M\u00e9ndez de Vigo lamenta el fallecimiento de Manuel L\u00f3pez"},"previousItem":{"@type":"ListItem","@id":"https:\/\/www.eldigitaldeasturias.com\/noticias#listItem","name":"Home"}},{"@type":"ListItem","@id":"https:\/\/www.eldigitaldeasturias.com\/noticias\/mendez-de-vigo-lamenta-el-fallecimiento-de-manuel-lopez\/#listItem","position":3,"name":"M\u00e9ndez de Vigo lamenta el fallecimiento de Manuel L\u00f3pez","previousItem":{"@type":"ListItem","@id":"https:\/\/www.eldigitaldeasturias.com\/noticias\/category\/actualidad\/#listItem","name":"Actualidad"}}]},{"@type":"Organization","@id":"https:\/\/www.eldigitaldeasturias.com\/noticias\/#organization","name":"El Digital de Asturias","description":"Hemeroteca","url":"https:\/\/www.eldigitaldeasturias.com\/noticias\/","email":"info@eldigitaldeasturias.com","telephone":"+34652131393","logo":{"@type":"ImageObject","url":"https:\/\/www.eldigitaldeasturias.com\/noticias\/wp-content\/uploads\/2020\/12\/EDA.jpg","@id":"https:\/\/www.eldigitaldeasturias.com\/noticias\/mendez-de-vigo-lamenta-el-fallecimiento-de-manuel-lopez\/#organizationLogo"},"image":{"@id":"https:\/\/www.eldigitaldeasturias.com\/noticias\/mendez-de-vigo-lamenta-el-fallecimiento-de-manuel-lopez\/#organizationLogo"},"sameAs":["https:\/\/facebook.com\/eldigitaldeasturias","https:\/\/www.youtube.com\/channel\/UCZP-2wLEB9Rv6erhFmqVnvg"],"address":{"@id":"https:\/\/www.eldigitaldeasturias.com\/noticias\/#postaladdress","@type":"PostalAddress","streetAddress":"san antonio 4","postalCode":"33430","addressLocality":"Cand\u00e1s","addressRegion":"Asturias","addressCountry":"ES"}},{"@type":"Person","@id":"https:\/\/www.eldigitaldeasturias.com\/noticias\/author\/admin\/#author","url":"https:\/\/www.eldigitaldeasturias.com\/noticias\/author\/admin\/","name":"El Digital de Asturias","image":{"@type":"ImageObject","@id":"https:\/\/www.eldigitaldeasturias.com\/noticias\/mendez-de-vigo-lamenta-el-fallecimiento-de-manuel-lopez\/#authorImage","url":"https:\/\/secure.gravatar.com\/avatar\/df2aeffc32bcd13f8d26072ef8a91b623d677766deac7f97ca815868cd41bf5e?s=96&d=mm&r=g","width":96,"height":96,"caption":"El Digital de Asturias"}},{"@type":"WebPage","@id":"https:\/\/www.eldigitaldeasturias.com\/noticias\/mendez-de-vigo-lamenta-el-fallecimiento-de-manuel-lopez\/#webpage","url":"https:\/\/www.eldigitaldeasturias.com\/noticias\/mendez-de-vigo-lamenta-el-fallecimiento-de-manuel-lopez\/","name":"M\u00e9ndez de Vigo lamenta el fallecimiento de Manuel L\u00f3pez - El Digital de Asturias","description":"El ministro de Educaci\u00f3n, Cultura y Deporte ha lamentado el fallecimiento del ex presidente de la CRUE y ex rector de la Universidad de Zaragoza, Manuel L\u00f3pez. \u200bM\u00e9ndez de Vigo ha destacado su \"car\u00e1cter dialogante y conciliador, demostrado durante toda su vida, y especialmente durante los a\u00f1os en los que estuvo al frente del m\u00e1ximo","inLanguage":"es-ES","isPartOf":{"@id":"https:\/\/www.eldigitaldeasturias.com\/noticias\/#website"},"breadcrumb":{"@id":"https:\/\/www.eldigitaldeasturias.com\/noticias\/mendez-de-vigo-lamenta-el-fallecimiento-de-manuel-lopez\/#breadcrumblist"},"author":{"@id":"https:\/\/www.eldigitaldeasturias.com\/noticias\/author\/admin\/#author"},"creator":{"@id":"https:\/\/www.eldigitaldeasturias.com\/noticias\/author\/admin\/#author"},"image":{"@type":"ImageObject","url":972625,"@id":"https:\/\/www.eldigitaldeasturias.com\/noticias\/mendez-de-vigo-lamenta-el-fallecimiento-de-manuel-lopez\/#mainImage"},"primaryImageOfPage":{"@id":"https:\/\/www.eldigitaldeasturias.com\/noticias\/mendez-de-vigo-lamenta-el-fallecimiento-de-manuel-lopez\/#mainImage"},"datePublished":"2018-03-19T16:29:41+01:00","dateModified":"2018-03-19T16:29:41+01:00"},{"@type":"WebSite","@id":"https:\/\/www.eldigitaldeasturias.com\/noticias\/#website","url":"https:\/\/www.eldigitaldeasturias.com\/noticias\/","name":"El Digital de Asturias - Diario de actualidad y noticias","alternateName":"El Digital de Asturias - Diario de actualidad y noticias","description":"Hemeroteca","inLanguage":"es-ES","publisher":{"@id":"https:\/\/www.eldigitaldeasturias.com\/noticias\/#organization"}}]},"og:locale":"es_ES","og:site_name":"El Digital de Asturias","og:type":"article","og:title":"M\u00e9ndez de Vigo lamenta el fallecimiento de Manuel L\u00f3pez - El Digital de Asturias","og:description":"El ministro de Educaci\u00f3n, Cultura y Deporte ha lamentado el fallecimiento del ex presidente de la CRUE y ex rector de la Universidad de Zaragoza, Manuel L\u00f3pez. \u200bM\u00e9ndez de Vigo ha destacado su &quot;car\u00e1cter dialogante y conciliador, demostrado durante toda su vida, y especialmente durante los a\u00f1os en los que estuvo al frente del m\u00e1ximo","og:url":"https:\/\/www.eldigitaldeasturias.com\/noticias\/mendez-de-vigo-lamenta-el-fallecimiento-de-manuel-lopez\/","article:tag":["actualidad"],"article:published_time":"2018-03-19T16:29:41+00:00","article:modified_time":"2018-03-19T16:29:41+00:00","article:publisher":"https:\/\/facebook.com\/eldigitaldeasturias","twitter:card":"summary_large_image","twitter:title":"M\u00e9ndez de Vigo lamenta el fallecimiento de Manuel L\u00f3pez - El Digital de Asturias","twitter:description":"El ministro de Educaci\u00f3n, Cultura y Deporte ha lamentado el fallecimiento del ex presidente de la CRUE y ex rector de la Universidad de Zaragoza, Manuel L\u00f3pez. \u200bM\u00e9ndez de Vigo ha destacado su &quot;car\u00e1cter dialogante y conciliador, demostrado durante toda su vida, y especialmente durante los a\u00f1os en los que estuvo al frente del m\u00e1ximo","twitter:image":"https:\/\/www.eldigitaldeasturias.com\/noticias\/wp-content\/uploads\/2020\/12\/EDA-1.jpg","twitter:label1":"Escrito por","twitter:data1":"El Digital de Asturias","twitter:label2":"Tiempo de lectura estimado","twitter:data2":"1 minuto"},"aioseo_meta_data":{"post_id":"972624","title":null,"description":null,"keywords":null,"keyphrases":null,"primary_term":null,"canonical_url":null,"og_title":null,"og_description":null,"og_object_type":"default","og_image_type":"default","og_image_url":null,"og_image_width":null,"og_image_height":null,"og_image_custom_url":null,"og_image_custom_fields":null,"og_video":null,"og_custom_url":null,"og_article_section":null,"og_article_tags":null,"twitter_use_og":false,"twitter_card":"default","twitter_image_type":"default","twitter_image_url":null,"twitter_image_custom_url":null,"twitter_image_custom_fields":null,"twitter_title":null,"twitter_description":null,"schema":{"blockGraphs":[],"customGraphs":[],"default":{"data":{"Article":[],"Course":[],"Dataset":[],"FAQPage":[],"Movie":[],"Person":[],"Product":[],"ProductReview":[],"Car":[],"Recipe":[],"Service":[],"SoftwareApplication":[],"WebPage":[]},"graphName":"","isEnabled":true},"graphs":[],"defaultGraph":"","defaultPostTypeGraph":""},"schema_type":null,"schema_type_options":null,"pillar_content":false,"robots_default":true,"robots_noindex":false,"robots_noarchive":false,"robots_nosnippet":false,"robots_nofollow":false,"robots_noimageindex":false,"robots_noodp":false,"robots_notranslate":false,"robots_max_snippet":null,"robots_max_videopreview":null,"robots_max_imagepreview":"large","priority":null,"frequency":null,"local_seo":null,"seo_analyzer_scan_date":"2025-10-07 13:23:24","breadcrumb_settings":null,"limit_modified_date":false,"open_ai":null,"ai":null,"created":"2020-12-21 12:18:39","updated":"2025-10-07 13:23:24","focus_keyword":null,"additional_keywords":null,"truseo_locale":null},"aioseo_breadcrumb":"<div class=\"aioseo-breadcrumbs\"><span class=\"aioseo-breadcrumb\">\n\t<a href=\"https:\/\/www.eldigitaldeasturias.com\/noticias\" title=\"Home\">Home<\/a>\n<\/span><span class=\"aioseo-breadcrumb-separator\">\u2013<\/span><span class=\"aioseo-breadcrumb\">\n\t<a href=\"https:\/\/www.eldigitaldeasturias.com\/noticias\/category\/actualidad\/\" title=\"Actualidad\">Actualidad<\/a>\n<\/span><span class=\"aioseo-breadcrumb-separator\">\u2013<\/span><span class=\"aioseo-breadcrumb\">\n\t<a href=\"https:\/\/www.eldigitaldeasturias.com\/noticias\/mendez-de-vigo-lamenta-el-fallecimiento-de-manuel-lopez\/\" title=\"M\u00e9ndez de Vigo lamenta el fallecimiento de Manuel L\u00f3pez\">M\u00e9ndez de Vigo lamenta el fallecimiento de Manuel L\u00f3pez<\/a>\n<\/span><\/div>","aioseo_breadcrumb_json":[{"label":"Home","link":"https:\/\/www.eldigitaldeasturias.com\/noticias"},{"label":"Actualidad","link":"https:\/\/www.eldigitaldeasturias.com\/noticias\/category\/actualidad\/"},{"label":"M\u00e9ndez de Vigo lamenta el fallecimiento de Manuel L\u00f3pez","link":"https:\/\/www.eldigitaldeasturias.com\/noticias\/mendez-de-vigo-lamenta-el-fallecimiento-de-manuel-lopez\/"}],"_links":{"self":[{"href":"https:\/\/www.eldigitaldeasturias.com\/noticias\/wp-json\/wp\/v2\/posts\/972624","targetHints":{"allow":["GET"]}}],"collection":[{"href":"https:\/\/www.eldigitaldeasturias.com\/noticias\/wp-json\/wp\/v2\/posts"}],"about":[{"href":"https:\/\/www.eldigitaldeasturias.com\/noticias\/wp-json\/wp\/v2\/types\/post"}],"author":[{"embeddable":true,"href":"https:\/\/www.eldigitaldeasturias.com\/noticias\/wp-json\/wp\/v2\/users\/1"}],"replies":[{"embeddable":true,"href":"https:\/\/www.eldigitaldeasturias.com\/noticias\/wp-json\/wp\/v2\/comments?post=972624"}],"version-history":[{"count":0,"href":"https:\/\/www.eldigitaldeasturias.com\/noticias\/wp-json\/wp\/v2\/posts\/972624\/revisions"}],"wp:attachment":[{"href":"https:\/\/www.eldigitaldeasturias.com\/noticias\/wp-json\/wp\/v2\/media?parent=972624"}],"wp:term":[{"taxonomy":"category","embeddable":true,"href":"https:\/\/www.eldigitaldeasturias.com\/noticias\/wp-json\/wp\/v2\/categories?post=972624"},{"taxonomy":"post_tag","embeddable":true,"href":"https:\/\/www.eldigitaldeasturias.com\/noticias\/wp-json\/wp\/v2\/tags?post=972624"}],"curies":[{"name":"wp","href":"https:\/\/api.w.org\/{rel}","templated":true}]}}