{"id":972504,"date":"2018-03-19T02:32:37","date_gmt":"2018-03-19T02:32:37","guid":{"rendered":"http:\/\/www.eldigitaldeasturias.com\/noticias\/?p=972504"},"modified":"2018-03-19T02:32:37","modified_gmt":"2018-03-19T02:32:37","slug":"rajoy-somos-el-partido-original-del-centro-derecha-espanol","status":"publish","type":"post","link":"https:\/\/www.eldigitaldeasturias.com\/noticias\/rajoy-somos-el-partido-original-del-centro-derecha-espanol\/","title":{"rendered":"Rajoy: \u201cSomos el partido original del centro-derecha espa\u00f1ol\u00bb"},"content":{"rendered":"<p><img loading=\"lazy\" decoding=\"async\" class=\"alignleft size-medium wp-image-972505\" src=\"https:\/\/www.eldigitaldeasturias.com\/noticias\/wp-content\/uploads\/2018\/03\/rajoy_murcia-360x163.jpg\" alt=\"\" width=\"360\" height=\"163\" \/>El presidente del Gobierno y del Partido Popular, Mariano Rajoy, ha asegurado hoy que \u201cEspa\u00f1a necesita los valores antes que las ocurrencias\u201d, porque \u201cenfrente tenemos a los mayores enemigos de la libertad, que en este momento son los populistas con sus m\u00e1s diversos disfraces\u201d.<\/p>\n<p>A su juicio, \u201cse vistan con los ropajes que se vistan, a los populistas se les reconoce enseguida\u201d, porque \u201cles gusta la sociedad cerrada y la exclusi\u00f3n; son aficionados al sectarismo y la intolerancia; y rechazan la libertad de las personas\u201d.<\/p>\n<p>Tambi\u00e9n se ha referido Rajoy en su intervenci\u00f3n a la muy de moda \u201cpol\u00edtica envoltorio, basada en el papel de regalo, pero sin nada dentro\u201d, que es \u201cla nueva pol\u00edtica del viejo oportunismo, las ocurrencias vacuas y las originalidades costosas\u201d.<\/p>\n<p>\u201cSomos el partido original del centro-derecha espa\u00f1ol, tenemos una hoja de servicio que presentar a los espa\u00f1oles, una acreditada trayectoria de seriedad, eficacia, gesti\u00f3n solvente y responsable, fuimos quienes evitamos que Espa\u00f1a fuera rescatada y aqu\u00ed seguimos\u201d, ha afirmado.<\/p>\n<p>Mariano Rajoy ha recordado que el Gobierno ha tenido que tomar \u201cmuchas decisiones dif\u00edciles en los momentos m\u00e1s complicados, anteponiendo siempre el inter\u00e9s general de Espa\u00f1a y de los espa\u00f1oles\u201d. En definitiva, \u201csomos un partido centrado, abierto, dialogante y de la responsabilidad\u201d.<\/p>\n<p><strong>PENSIONES SEGURAS FRENTE A PROMESAS FALSAS<\/strong><\/p>\n<p>En la clausura del Congreso del PP de Murcia, que ha nombrado a Fernando L\u00f3pez Miras como presidente de esta formaci\u00f3n a nivel regional, Rajoy ha asegurado que el Gobierno que \u00e9l preside \u201cofrece pensiones seguras\u201d, mientras que \u201cla oposici\u00f3n promesas falsas\u201d. En este sentido, ha prometido que, mientras el PP gobierne, no se congelar\u00e1n nunca. \u201cSubir\u00e1n lo que podamos, pero no lo que no podemos. Si seguimos creando empleo y creciendo, subir\u00e1n m\u00e1s y pronto\u201d, ha reconocido.<\/p>\n<p>El presidente del PP ha lamentado que en el debate de esta semana en el Congreso de los Diputados \u201calgunos lo quisieran convertir en una puja y una subasta y otros en una bronca\u201d, mientras que \u201cyo fui con la verdad por delante y dije que las pensiones hoy solo pueden subirse en la medida en que se puedan seguir pagando ma\u00f1ana\u201d.<\/p>\n<p>Seg\u00fan Rajoy, \u201ces un poco duro que vengan a dar lecciones ahora quienes generaron con su pol\u00edtica econ\u00f3mica una p\u00e9rdida de m\u00e1s de tres millones de empleos en Espa\u00f1a\u201d. No obstante, ha recordado la importancia de que Espa\u00f1a apruebe cuanto antes los Presupuestos Generales del Estado para 2018, puesto que en ellos est\u00e1 previsto incluir el incremento de las pensiones m\u00ednimas y de viudedad.<\/p>\n<p>\u201cLo \u00fanico que puede poner en riesgo las pensiones del futuro es que volvamos a pol\u00edticas err\u00f3neas como las que hemos vivido en Espa\u00f1a en los a\u00f1os anteriores a nuestra llegada al Gobierno. Espa\u00f1a no puede permitirse volver a pol\u00edticas de recesi\u00f3n econ\u00f3mica, crecimiento negativo, de paro y de hundimiento de las cuentas p\u00fablicas\u201d, ha a\u00f1adido.<\/p>\n<p><strong>SMI, SUELDO FUNCIONARIOS Y EQUIPARACI\u00d3N SALARIAL POLIC\u00cdAS<\/strong><\/p>\n<p>En otro orden de cosas, Rajoy ha aludido a la subida del Salario M\u00ednimo Interprofesional, el que cobran las personas con un menor nivel de renta, y ha recordado que el Ejecutivo ha pactado con las organizaciones sindicales subidas del 4% en 2018, del 5% en 2019 y del 10% en 2020.<\/p>\n<p>Adem\u00e1s, se ha referido a la subida de los sueldos de funcionarios y empleados p\u00fablicos pactada por el Ministerio de Hacienda y los sindicatos de la Funci\u00f3n P\u00fablica, que se incorporar\u00e1 a los Presupuestos Generales del Estado para este a\u00f1o 2018.<\/p>\n<p>Tambi\u00e9n ha destacado el acuerdo para que \u201clos polic\u00edas y los guardias civiles, en un periodo de tres a\u00f1os, tengan la misma remuneraci\u00f3n que otras polic\u00edas que hay en nuestro pa\u00eds\u201d.<\/p>\n<p><strong>PACTO DEL AGUA Y FINANCIACI\u00d3N AUTON\u00d3MICA<\/strong><\/p>\n<p>En relaci\u00f3n al agua, Mariano Rajoy ha resaltado le importancia que \u201clleguemos a un entendimiento con el Partido Socialista\u201d. Sobre este asunto, ha anunciando que en pr\u00f3ximas fechas \u201cpresentaremos nuestra posici\u00f3n\u201d, a lo que ha a\u00f1adido que \u201cnos gustar\u00eda que el PSOE aceptara la mano tendida para resolver uno de los principales problemas de este pa\u00eds\u201d.<\/p>\n<p>\u201cHar\u00e9 cuanto est\u00e9 en mis manos para resolver este problema, y mi propuesta tendr\u00e1 en cuenta los problemas de las cuencas deficitarias y un pacto que nos una a todos en esta gran naci\u00f3n que es Espa\u00f1a\u201d, ha manifestado.<\/p>\n<p>Asimismo, ha reclamado al PSOE un acuerdo para reformar el sistema de financiaci\u00f3n de las Comunidades Aut\u00f3nomas, una formaci\u00f3n pol\u00edtica de la que se necesita \u201csu concurso\u201d, puesto que gobierna en muchas comunidades aut\u00f3nomas y ayuntamientos de nuestro pa\u00eds.<\/p>\n<p>A su juicio. \u201cesta ser\u00eda una buena forma de ser \u00fatil, porque no puede convertirse en un partido al que se apuntan otros, a ver quien critica m\u00e1s al Gobierno\u201d. \u201cLe ir\u00e1 mejor a quien sea capaz de ser \u00fatil a Espa\u00f1a entendi\u00e9ndose con el Gobierno en los asuntos que le importan a los espa\u00f1oles\u201d, ha a\u00f1adido.<\/p>\n<p><strong>SENSIBILIDAD ANTE LA PRISI\u00d3N PERMANENTE REVISABLE<\/strong><\/p>\n<p>Por \u00faltimo, sobre el debate de la derogaci\u00f3n de la prisi\u00f3n permanente revisable, el presidente del Gobierno ha pedido al resto de formaciones pol\u00edticas que \u201cescuchen a la gente, tengan sensibilidad\u201d, porque \u201cno tiene sentido derogar lo que pide una inmensa mayor\u00eda de espa\u00f1oles. Conviene escuchar a la gente y ver lo que hacen los pa\u00edses de nuestro entorno\u201d.<\/p>\n<p>\u201cQue no digan que las v\u00edctimas piden venganza, porque es mentira y es insultarlas. Lo que piden es que nadie tenga que sufrir nunca m\u00e1s un dolor como el que sufren ellos\u201d, ha enfatizado Rajoy.<\/p>\n","protected":false},"excerpt":{"rendered":"<p>El presidente del Gobierno y del Partido Popular, Mariano Rajoy, ha asegurado hoy que \u201cEspa\u00f1a necesita los valores antes que las ocurrencias\u201d, porque \u201cenfrente tenemos a los mayores enemigos de la libertad, que en este momento son los populistas con sus m\u00e1s diversos disfraces\u201d. A su juicio, \u201cse vistan con los ropajes que se vistan, [&hellip;]<\/p>\n","protected":false},"author":1,"featured_media":972505,"comment_status":"closed","ping_status":"closed","sticky":false,"template":"","format":"standard","meta":{"footnotes":""},"categories":[1],"tags":[],"class_list":["post-972504","post","type-post","status-publish","format-standard","has-post-thumbnail","hentry","category-actualidad"],"aioseo_notices":[],"aioseo_head":"\n\t\t<!-- All in One SEO Pro 5.0.1 - aioseo.com -->\n\t<meta name=\"description\" content=\"El presidente del Gobierno y del Partido Popular, Mariano Rajoy, ha asegurado hoy que \u201cEspa\u00f1a necesita los valores antes que las ocurrencias\u201d, porque \u201cenfrente tenemos a los mayores enemigos de la libertad, que en este momento son los populistas con sus m\u00e1s diversos disfraces\u201d. A su juicio, \u201cse vistan con los ropajes que se vistan,\" \/>\n\t<meta name=\"robots\" content=\"max-image-preview:large\" \/>\n\t<meta name=\"author\" content=\"El Digital de Asturias\"\/>\n\t<meta name=\"google-site-verification\" content=\"UA-38556648-1\" \/>\n\t<meta name=\"msvalidate.01\" content=\"7dfe9f3f1b24437ab69f4f2559babe99\" \/>\n\t<meta name=\"keywords\" content=\"actualidad\" \/>\n\t<link rel=\"canonical\" href=\"https:\/\/www.eldigitaldeasturias.com\/noticias\/rajoy-somos-el-partido-original-del-centro-derecha-espanol\/\" \/>\n\t<meta name=\"generator\" content=\"All in One SEO Pro (AIOSEO) 5.0.1\" \/>\n\t\t<meta property=\"og:locale\" content=\"es_ES\" \/>\n\t\t<meta property=\"og:site_name\" content=\"El Digital de Asturias\" \/>\n\t\t<meta property=\"og:type\" content=\"article\" \/>\n\t\t<meta property=\"og:title\" content=\"Rajoy: \u201cSomos el partido original del centro-derecha espa\u00f1ol\u00bb - El Digital de Asturias\" \/>\n\t\t<meta property=\"og:description\" content=\"El presidente del Gobierno y del Partido Popular, Mariano Rajoy, ha asegurado hoy que \u201cEspa\u00f1a necesita los valores antes que las ocurrencias\u201d, porque \u201cenfrente tenemos a los mayores enemigos de la libertad, que en este momento son los populistas con sus m\u00e1s diversos disfraces\u201d. A su juicio, \u201cse vistan con los ropajes que se vistan,\" \/>\n\t\t<meta property=\"og:url\" content=\"https:\/\/www.eldigitaldeasturias.com\/noticias\/rajoy-somos-el-partido-original-del-centro-derecha-espanol\/\" \/>\n\t\t<meta property=\"article:tag\" content=\"actualidad\" \/>\n\t\t<meta property=\"article:published_time\" content=\"2018-03-19T02:32:37+00:00\" \/>\n\t\t<meta property=\"article:modified_time\" content=\"2018-03-19T02:32:37+00:00\" \/>\n\t\t<meta property=\"article:publisher\" content=\"https:\/\/facebook.com\/eldigitaldeasturias\" \/>\n\t\t<meta name=\"twitter:card\" content=\"summary_large_image\" \/>\n\t\t<meta name=\"twitter:title\" content=\"Rajoy: \u201cSomos el partido original del centro-derecha espa\u00f1ol\u00bb - El Digital de Asturias\" \/>\n\t\t<meta name=\"twitter:description\" content=\"El presidente del Gobierno y del Partido Popular, Mariano Rajoy, ha asegurado hoy que \u201cEspa\u00f1a necesita los valores antes que las ocurrencias\u201d, porque \u201cenfrente tenemos a los mayores enemigos de la libertad, que en este momento son los populistas con sus m\u00e1s diversos disfraces\u201d. A su juicio, \u201cse vistan con los ropajes que se vistan,\" \/>\n\t\t<meta name=\"twitter:image\" content=\"https:\/\/www.eldigitaldeasturias.com\/noticias\/wp-content\/uploads\/2020\/12\/EDA-1.jpg\" \/>\n\t\t<meta name=\"twitter:label1\" content=\"Escrito por\" \/>\n\t\t<meta name=\"twitter:data1\" content=\"El Digital de Asturias\" \/>\n\t\t<meta name=\"twitter:label2\" content=\"Tiempo de lectura estimado\" \/>\n\t\t<meta name=\"twitter:data2\" content=\"5 minutos\" \/>\n\t\t<script type=\"application\/ld+json\" class=\"aioseo-schema\">\n\t\t\t{\"@context\":\"https:\\\/\\\/schema.org\",\"@graph\":[{\"@type\":\"BlogPosting\",\"@id\":\"https:\\\/\\\/www.eldigitaldeasturias.com\\\/noticias\\\/rajoy-somos-el-partido-original-del-centro-derecha-espanol\\\/#blogposting\",\"name\":\"Rajoy: \\u201cSomos el partido original del centro-derecha espa\\u00f1ol\\u00bb - El Digital de Asturias\",\"headline\":\"Rajoy: \\u201cSomos el partido original del centro-derecha espa\\u00f1ol\\u00bb\",\"author\":{\"@id\":\"https:\\\/\\\/www.eldigitaldeasturias.com\\\/noticias\\\/author\\\/admin\\\/#author\"},\"publisher\":{\"@id\":\"https:\\\/\\\/www.eldigitaldeasturias.com\\\/noticias\\\/#organization\"},\"image\":{\"@type\":\"ImageObject\",\"url\":972505},\"datePublished\":\"2018-03-19T02:32:37+01:00\",\"dateModified\":\"2018-03-19T02:32:37+01:00\",\"inLanguage\":\"es-ES\",\"mainEntityOfPage\":{\"@id\":\"https:\\\/\\\/www.eldigitaldeasturias.com\\\/noticias\\\/rajoy-somos-el-partido-original-del-centro-derecha-espanol\\\/#webpage\"},\"isPartOf\":{\"@id\":\"https:\\\/\\\/www.eldigitaldeasturias.com\\\/noticias\\\/rajoy-somos-el-partido-original-del-centro-derecha-espanol\\\/#webpage\"},\"articleSection\":\"Actualidad\"},{\"@type\":\"BreadcrumbList\",\"@id\":\"https:\\\/\\\/www.eldigitaldeasturias.com\\\/noticias\\\/rajoy-somos-el-partido-original-del-centro-derecha-espanol\\\/#breadcrumblist\",\"itemListElement\":[{\"@type\":\"ListItem\",\"@id\":\"https:\\\/\\\/www.eldigitaldeasturias.com\\\/noticias#listItem\",\"position\":1,\"name\":\"Home\",\"item\":\"https:\\\/\\\/www.eldigitaldeasturias.com\\\/noticias\",\"nextItem\":{\"@type\":\"ListItem\",\"@id\":\"https:\\\/\\\/www.eldigitaldeasturias.com\\\/noticias\\\/category\\\/actualidad\\\/#listItem\",\"name\":\"Actualidad\"}},{\"@type\":\"ListItem\",\"@id\":\"https:\\\/\\\/www.eldigitaldeasturias.com\\\/noticias\\\/category\\\/actualidad\\\/#listItem\",\"position\":2,\"name\":\"Actualidad\",\"item\":\"https:\\\/\\\/www.eldigitaldeasturias.com\\\/noticias\\\/category\\\/actualidad\\\/\",\"nextItem\":{\"@type\":\"ListItem\",\"@id\":\"https:\\\/\\\/www.eldigitaldeasturias.com\\\/noticias\\\/rajoy-somos-el-partido-original-del-centro-derecha-espanol\\\/#listItem\",\"name\":\"Rajoy: \\u201cSomos el partido original del centro-derecha espa\\u00f1ol\\u00bb\"},\"previousItem\":{\"@type\":\"ListItem\",\"@id\":\"https:\\\/\\\/www.eldigitaldeasturias.com\\\/noticias#listItem\",\"name\":\"Home\"}},{\"@type\":\"ListItem\",\"@id\":\"https:\\\/\\\/www.eldigitaldeasturias.com\\\/noticias\\\/rajoy-somos-el-partido-original-del-centro-derecha-espanol\\\/#listItem\",\"position\":3,\"name\":\"Rajoy: \\u201cSomos el partido original del centro-derecha espa\\u00f1ol\\u00bb\",\"previousItem\":{\"@type\":\"ListItem\",\"@id\":\"https:\\\/\\\/www.eldigitaldeasturias.com\\\/noticias\\\/category\\\/actualidad\\\/#listItem\",\"name\":\"Actualidad\"}}]},{\"@type\":\"Organization\",\"@id\":\"https:\\\/\\\/www.eldigitaldeasturias.com\\\/noticias\\\/#organization\",\"name\":\"El Digital de Asturias\",\"description\":\"Hemeroteca\",\"url\":\"https:\\\/\\\/www.eldigitaldeasturias.com\\\/noticias\\\/\",\"email\":\"info@eldigitaldeasturias.com\",\"telephone\":\"+34652131393\",\"logo\":{\"@type\":\"ImageObject\",\"url\":\"https:\\\/\\\/www.eldigitaldeasturias.com\\\/noticias\\\/wp-content\\\/uploads\\\/2020\\\/12\\\/EDA.jpg\",\"@id\":\"https:\\\/\\\/www.eldigitaldeasturias.com\\\/noticias\\\/rajoy-somos-el-partido-original-del-centro-derecha-espanol\\\/#organizationLogo\"},\"image\":{\"@id\":\"https:\\\/\\\/www.eldigitaldeasturias.com\\\/noticias\\\/rajoy-somos-el-partido-original-del-centro-derecha-espanol\\\/#organizationLogo\"},\"sameAs\":[\"https:\\\/\\\/facebook.com\\\/eldigitaldeasturias\",\"https:\\\/\\\/www.youtube.com\\\/channel\\\/UCZP-2wLEB9Rv6erhFmqVnvg\"],\"address\":{\"@id\":\"https:\\\/\\\/www.eldigitaldeasturias.com\\\/noticias\\\/#postaladdress\",\"@type\":\"PostalAddress\",\"streetAddress\":\"san antonio 4\",\"postalCode\":\"33430\",\"addressLocality\":\"Cand\\u00e1s\",\"addressRegion\":\"Asturias\",\"addressCountry\":\"ES\"}},{\"@type\":\"Person\",\"@id\":\"https:\\\/\\\/www.eldigitaldeasturias.com\\\/noticias\\\/author\\\/admin\\\/#author\",\"url\":\"https:\\\/\\\/www.eldigitaldeasturias.com\\\/noticias\\\/author\\\/admin\\\/\",\"name\":\"El Digital de Asturias\",\"image\":{\"@type\":\"ImageObject\",\"@id\":\"https:\\\/\\\/www.eldigitaldeasturias.com\\\/noticias\\\/rajoy-somos-el-partido-original-del-centro-derecha-espanol\\\/#authorImage\",\"url\":\"https:\\\/\\\/secure.gravatar.com\\\/avatar\\\/df2aeffc32bcd13f8d26072ef8a91b623d677766deac7f97ca815868cd41bf5e?s=96&d=mm&r=g\",\"width\":96,\"height\":96,\"caption\":\"El Digital de Asturias\"}},{\"@type\":\"WebPage\",\"@id\":\"https:\\\/\\\/www.eldigitaldeasturias.com\\\/noticias\\\/rajoy-somos-el-partido-original-del-centro-derecha-espanol\\\/#webpage\",\"url\":\"https:\\\/\\\/www.eldigitaldeasturias.com\\\/noticias\\\/rajoy-somos-el-partido-original-del-centro-derecha-espanol\\\/\",\"name\":\"Rajoy: \\u201cSomos el partido original del centro-derecha espa\\u00f1ol\\u00bb - El Digital de Asturias\",\"description\":\"El presidente del Gobierno y del Partido Popular, Mariano Rajoy, ha asegurado hoy que \\u201cEspa\\u00f1a necesita los valores antes que las ocurrencias\\u201d, porque \\u201cenfrente tenemos a los mayores enemigos de la libertad, que en este momento son los populistas con sus m\\u00e1s diversos disfraces\\u201d. A su juicio, \\u201cse vistan con los ropajes que se vistan,\",\"inLanguage\":\"es-ES\",\"isPartOf\":{\"@id\":\"https:\\\/\\\/www.eldigitaldeasturias.com\\\/noticias\\\/#website\"},\"breadcrumb\":{\"@id\":\"https:\\\/\\\/www.eldigitaldeasturias.com\\\/noticias\\\/rajoy-somos-el-partido-original-del-centro-derecha-espanol\\\/#breadcrumblist\"},\"author\":{\"@id\":\"https:\\\/\\\/www.eldigitaldeasturias.com\\\/noticias\\\/author\\\/admin\\\/#author\"},\"creator\":{\"@id\":\"https:\\\/\\\/www.eldigitaldeasturias.com\\\/noticias\\\/author\\\/admin\\\/#author\"},\"image\":{\"@type\":\"ImageObject\",\"url\":972505,\"@id\":\"https:\\\/\\\/www.eldigitaldeasturias.com\\\/noticias\\\/rajoy-somos-el-partido-original-del-centro-derecha-espanol\\\/#mainImage\"},\"primaryImageOfPage\":{\"@id\":\"https:\\\/\\\/www.eldigitaldeasturias.com\\\/noticias\\\/rajoy-somos-el-partido-original-del-centro-derecha-espanol\\\/#mainImage\"},\"datePublished\":\"2018-03-19T02:32:37+01:00\",\"dateModified\":\"2018-03-19T02:32:37+01:00\"},{\"@type\":\"WebSite\",\"@id\":\"https:\\\/\\\/www.eldigitaldeasturias.com\\\/noticias\\\/#website\",\"url\":\"https:\\\/\\\/www.eldigitaldeasturias.com\\\/noticias\\\/\",\"name\":\"El Digital de Asturias - Diario de actualidad y noticias\",\"alternateName\":\"El Digital de Asturias - Diario de actualidad y noticias\",\"description\":\"Hemeroteca\",\"inLanguage\":\"es-ES\",\"publisher\":{\"@id\":\"https:\\\/\\\/www.eldigitaldeasturias.com\\\/noticias\\\/#organization\"}}]}\n\t\t<\/script>\n\t\t<!-- All in One SEO Pro -->\r\n\t\t<title>Rajoy: \u201cSomos el partido original del centro-derecha espa\u00f1ol\u00bb - El Digital de Asturias<\/title>\n\n","aioseo_head_json":{"title":"Rajoy: \u201cSomos el partido original del centro-derecha espa\u00f1ol\u00bb - El Digital de Asturias","description":"El presidente del Gobierno y del Partido Popular, Mariano Rajoy, ha asegurado hoy que \u201cEspa\u00f1a necesita los valores antes que las ocurrencias\u201d, porque \u201cenfrente tenemos a los mayores enemigos de la libertad, que en este momento son los populistas con sus m\u00e1s diversos disfraces\u201d. A su juicio, \u201cse vistan con los ropajes que se vistan,","canonical_url":"https:\/\/www.eldigitaldeasturias.com\/noticias\/rajoy-somos-el-partido-original-del-centro-derecha-espanol\/","robots":"max-image-preview:large","keywords":"actualidad","webmasterTools":{"google-site-verification":"UA-38556648-1","msvalidate.01":"7dfe9f3f1b24437ab69f4f2559babe99","miscellaneous":""},"schema":{"@context":"https:\/\/schema.org","@graph":[{"@type":"BlogPosting","@id":"https:\/\/www.eldigitaldeasturias.com\/noticias\/rajoy-somos-el-partido-original-del-centro-derecha-espanol\/#blogposting","name":"Rajoy: \u201cSomos el partido original del centro-derecha espa\u00f1ol\u00bb - El Digital de Asturias","headline":"Rajoy: \u201cSomos el partido original del centro-derecha espa\u00f1ol\u00bb","author":{"@id":"https:\/\/www.eldigitaldeasturias.com\/noticias\/author\/admin\/#author"},"publisher":{"@id":"https:\/\/www.eldigitaldeasturias.com\/noticias\/#organization"},"image":{"@type":"ImageObject","url":972505},"datePublished":"2018-03-19T02:32:37+01:00","dateModified":"2018-03-19T02:32:37+01:00","inLanguage":"es-ES","mainEntityOfPage":{"@id":"https:\/\/www.eldigitaldeasturias.com\/noticias\/rajoy-somos-el-partido-original-del-centro-derecha-espanol\/#webpage"},"isPartOf":{"@id":"https:\/\/www.eldigitaldeasturias.com\/noticias\/rajoy-somos-el-partido-original-del-centro-derecha-espanol\/#webpage"},"articleSection":"Actualidad"},{"@type":"BreadcrumbList","@id":"https:\/\/www.eldigitaldeasturias.com\/noticias\/rajoy-somos-el-partido-original-del-centro-derecha-espanol\/#breadcrumblist","itemListElement":[{"@type":"ListItem","@id":"https:\/\/www.eldigitaldeasturias.com\/noticias#listItem","position":1,"name":"Home","item":"https:\/\/www.eldigitaldeasturias.com\/noticias","nextItem":{"@type":"ListItem","@id":"https:\/\/www.eldigitaldeasturias.com\/noticias\/category\/actualidad\/#listItem","name":"Actualidad"}},{"@type":"ListItem","@id":"https:\/\/www.eldigitaldeasturias.com\/noticias\/category\/actualidad\/#listItem","position":2,"name":"Actualidad","item":"https:\/\/www.eldigitaldeasturias.com\/noticias\/category\/actualidad\/","nextItem":{"@type":"ListItem","@id":"https:\/\/www.eldigitaldeasturias.com\/noticias\/rajoy-somos-el-partido-original-del-centro-derecha-espanol\/#listItem","name":"Rajoy: \u201cSomos el partido original del centro-derecha espa\u00f1ol\u00bb"},"previousItem":{"@type":"ListItem","@id":"https:\/\/www.eldigitaldeasturias.com\/noticias#listItem","name":"Home"}},{"@type":"ListItem","@id":"https:\/\/www.eldigitaldeasturias.com\/noticias\/rajoy-somos-el-partido-original-del-centro-derecha-espanol\/#listItem","position":3,"name":"Rajoy: \u201cSomos el partido original del centro-derecha espa\u00f1ol\u00bb","previousItem":{"@type":"ListItem","@id":"https:\/\/www.eldigitaldeasturias.com\/noticias\/category\/actualidad\/#listItem","name":"Actualidad"}}]},{"@type":"Organization","@id":"https:\/\/www.eldigitaldeasturias.com\/noticias\/#organization","name":"El Digital de Asturias","description":"Hemeroteca","url":"https:\/\/www.eldigitaldeasturias.com\/noticias\/","email":"info@eldigitaldeasturias.com","telephone":"+34652131393","logo":{"@type":"ImageObject","url":"https:\/\/www.eldigitaldeasturias.com\/noticias\/wp-content\/uploads\/2020\/12\/EDA.jpg","@id":"https:\/\/www.eldigitaldeasturias.com\/noticias\/rajoy-somos-el-partido-original-del-centro-derecha-espanol\/#organizationLogo"},"image":{"@id":"https:\/\/www.eldigitaldeasturias.com\/noticias\/rajoy-somos-el-partido-original-del-centro-derecha-espanol\/#organizationLogo"},"sameAs":["https:\/\/facebook.com\/eldigitaldeasturias","https:\/\/www.youtube.com\/channel\/UCZP-2wLEB9Rv6erhFmqVnvg"],"address":{"@id":"https:\/\/www.eldigitaldeasturias.com\/noticias\/#postaladdress","@type":"PostalAddress","streetAddress":"san antonio 4","postalCode":"33430","addressLocality":"Cand\u00e1s","addressRegion":"Asturias","addressCountry":"ES"}},{"@type":"Person","@id":"https:\/\/www.eldigitaldeasturias.com\/noticias\/author\/admin\/#author","url":"https:\/\/www.eldigitaldeasturias.com\/noticias\/author\/admin\/","name":"El Digital de Asturias","image":{"@type":"ImageObject","@id":"https:\/\/www.eldigitaldeasturias.com\/noticias\/rajoy-somos-el-partido-original-del-centro-derecha-espanol\/#authorImage","url":"https:\/\/secure.gravatar.com\/avatar\/df2aeffc32bcd13f8d26072ef8a91b623d677766deac7f97ca815868cd41bf5e?s=96&d=mm&r=g","width":96,"height":96,"caption":"El Digital de Asturias"}},{"@type":"WebPage","@id":"https:\/\/www.eldigitaldeasturias.com\/noticias\/rajoy-somos-el-partido-original-del-centro-derecha-espanol\/#webpage","url":"https:\/\/www.eldigitaldeasturias.com\/noticias\/rajoy-somos-el-partido-original-del-centro-derecha-espanol\/","name":"Rajoy: \u201cSomos el partido original del centro-derecha espa\u00f1ol\u00bb - El Digital de Asturias","description":"El presidente del Gobierno y del Partido Popular, Mariano Rajoy, ha asegurado hoy que \u201cEspa\u00f1a necesita los valores antes que las ocurrencias\u201d, porque \u201cenfrente tenemos a los mayores enemigos de la libertad, que en este momento son los populistas con sus m\u00e1s diversos disfraces\u201d. A su juicio, \u201cse vistan con los ropajes que se vistan,","inLanguage":"es-ES","isPartOf":{"@id":"https:\/\/www.eldigitaldeasturias.com\/noticias\/#website"},"breadcrumb":{"@id":"https:\/\/www.eldigitaldeasturias.com\/noticias\/rajoy-somos-el-partido-original-del-centro-derecha-espanol\/#breadcrumblist"},"author":{"@id":"https:\/\/www.eldigitaldeasturias.com\/noticias\/author\/admin\/#author"},"creator":{"@id":"https:\/\/www.eldigitaldeasturias.com\/noticias\/author\/admin\/#author"},"image":{"@type":"ImageObject","url":972505,"@id":"https:\/\/www.eldigitaldeasturias.com\/noticias\/rajoy-somos-el-partido-original-del-centro-derecha-espanol\/#mainImage"},"primaryImageOfPage":{"@id":"https:\/\/www.eldigitaldeasturias.com\/noticias\/rajoy-somos-el-partido-original-del-centro-derecha-espanol\/#mainImage"},"datePublished":"2018-03-19T02:32:37+01:00","dateModified":"2018-03-19T02:32:37+01:00"},{"@type":"WebSite","@id":"https:\/\/www.eldigitaldeasturias.com\/noticias\/#website","url":"https:\/\/www.eldigitaldeasturias.com\/noticias\/","name":"El Digital de Asturias - Diario de actualidad y noticias","alternateName":"El Digital de Asturias - Diario de actualidad y noticias","description":"Hemeroteca","inLanguage":"es-ES","publisher":{"@id":"https:\/\/www.eldigitaldeasturias.com\/noticias\/#organization"}}]},"og:locale":"es_ES","og:site_name":"El Digital de Asturias","og:type":"article","og:title":"Rajoy: \u201cSomos el partido original del centro-derecha espa\u00f1ol\u00bb - El Digital de Asturias","og:description":"El presidente del Gobierno y del Partido Popular, Mariano Rajoy, ha asegurado hoy que \u201cEspa\u00f1a necesita los valores antes que las ocurrencias\u201d, porque \u201cenfrente tenemos a los mayores enemigos de la libertad, que en este momento son los populistas con sus m\u00e1s diversos disfraces\u201d. A su juicio, \u201cse vistan con los ropajes que se vistan,","og:url":"https:\/\/www.eldigitaldeasturias.com\/noticias\/rajoy-somos-el-partido-original-del-centro-derecha-espanol\/","article:tag":["actualidad"],"article:published_time":"2018-03-19T02:32:37+00:00","article:modified_time":"2018-03-19T02:32:37+00:00","article:publisher":"https:\/\/facebook.com\/eldigitaldeasturias","twitter:card":"summary_large_image","twitter:title":"Rajoy: \u201cSomos el partido original del centro-derecha espa\u00f1ol\u00bb - El Digital de Asturias","twitter:description":"El presidente del Gobierno y del Partido Popular, Mariano Rajoy, ha asegurado hoy que \u201cEspa\u00f1a necesita los valores antes que las ocurrencias\u201d, porque \u201cenfrente tenemos a los mayores enemigos de la libertad, que en este momento son los populistas con sus m\u00e1s diversos disfraces\u201d. A su juicio, \u201cse vistan con los ropajes que se vistan,","twitter:image":"https:\/\/www.eldigitaldeasturias.com\/noticias\/wp-content\/uploads\/2020\/12\/EDA-1.jpg","twitter:label1":"Escrito por","twitter:data1":"El Digital de Asturias","twitter:label2":"Tiempo de lectura estimado","twitter:data2":"5 minutos"},"aioseo_meta_data":{"post_id":"972504","title":null,"description":null,"keywords":null,"keyphrases":null,"primary_term":null,"canonical_url":null,"og_title":null,"og_description":null,"og_object_type":"default","og_image_type":"default","og_image_url":null,"og_image_width":null,"og_image_height":null,"og_image_custom_url":null,"og_image_custom_fields":null,"og_video":null,"og_custom_url":null,"og_article_section":null,"og_article_tags":null,"twitter_use_og":false,"twitter_card":"default","twitter_image_type":"default","twitter_image_url":null,"twitter_image_custom_url":null,"twitter_image_custom_fields":null,"twitter_title":null,"twitter_description":null,"schema":{"blockGraphs":[],"customGraphs":[],"default":{"data":{"Article":[],"Course":[],"Dataset":[],"FAQPage":[],"Movie":[],"Person":[],"Product":[],"ProductReview":[],"Car":[],"Recipe":[],"Service":[],"SoftwareApplication":[],"WebPage":[]},"graphName":"","isEnabled":true},"graphs":[],"defaultGraph":"","defaultPostTypeGraph":""},"schema_type":null,"schema_type_options":null,"pillar_content":false,"robots_default":true,"robots_noindex":false,"robots_noarchive":false,"robots_nosnippet":false,"robots_nofollow":false,"robots_noimageindex":false,"robots_noodp":false,"robots_notranslate":false,"robots_max_snippet":null,"robots_max_videopreview":null,"robots_max_imagepreview":"large","priority":null,"frequency":null,"local_seo":null,"seo_analyzer_scan_date":"2025-10-07 12:59:04","breadcrumb_settings":null,"limit_modified_date":false,"open_ai":null,"ai":null,"created":"2020-12-21 12:18:39","updated":"2025-10-07 12:59:04","focus_keyword":null,"additional_keywords":null,"truseo_locale":null},"aioseo_breadcrumb":"<div class=\"aioseo-breadcrumbs\"><span class=\"aioseo-breadcrumb\">\n\t<a href=\"https:\/\/www.eldigitaldeasturias.com\/noticias\" title=\"Home\">Home<\/a>\n<\/span><span class=\"aioseo-breadcrumb-separator\">\u2013<\/span><span class=\"aioseo-breadcrumb\">\n\t<a href=\"https:\/\/www.eldigitaldeasturias.com\/noticias\/category\/actualidad\/\" title=\"Actualidad\">Actualidad<\/a>\n<\/span><span class=\"aioseo-breadcrumb-separator\">\u2013<\/span><span class=\"aioseo-breadcrumb\">\n\t<a href=\"https:\/\/www.eldigitaldeasturias.com\/noticias\/rajoy-somos-el-partido-original-del-centro-derecha-espanol\/\" title=\"Rajoy: \u201cSomos el partido original del centro-derecha espa\u00f1ol\u00bb\">Rajoy: \u201cSomos el partido original del centro-derecha espa\u00f1ol\u00bb<\/a>\n<\/span><\/div>","aioseo_breadcrumb_json":[{"label":"Home","link":"https:\/\/www.eldigitaldeasturias.com\/noticias"},{"label":"Actualidad","link":"https:\/\/www.eldigitaldeasturias.com\/noticias\/category\/actualidad\/"},{"label":"Rajoy: \u201cSomos el partido original del centro-derecha espa\u00f1ol\u00bb","link":"https:\/\/www.eldigitaldeasturias.com\/noticias\/rajoy-somos-el-partido-original-del-centro-derecha-espanol\/"}],"_links":{"self":[{"href":"https:\/\/www.eldigitaldeasturias.com\/noticias\/wp-json\/wp\/v2\/posts\/972504","targetHints":{"allow":["GET"]}}],"collection":[{"href":"https:\/\/www.eldigitaldeasturias.com\/noticias\/wp-json\/wp\/v2\/posts"}],"about":[{"href":"https:\/\/www.eldigitaldeasturias.com\/noticias\/wp-json\/wp\/v2\/types\/post"}],"author":[{"embeddable":true,"href":"https:\/\/www.eldigitaldeasturias.com\/noticias\/wp-json\/wp\/v2\/users\/1"}],"replies":[{"embeddable":true,"href":"https:\/\/www.eldigitaldeasturias.com\/noticias\/wp-json\/wp\/v2\/comments?post=972504"}],"version-history":[{"count":0,"href":"https:\/\/www.eldigitaldeasturias.com\/noticias\/wp-json\/wp\/v2\/posts\/972504\/revisions"}],"wp:attachment":[{"href":"https:\/\/www.eldigitaldeasturias.com\/noticias\/wp-json\/wp\/v2\/media?parent=972504"}],"wp:term":[{"taxonomy":"category","embeddable":true,"href":"https:\/\/www.eldigitaldeasturias.com\/noticias\/wp-json\/wp\/v2\/categories?post=972504"},{"taxonomy":"post_tag","embeddable":true,"href":"https:\/\/www.eldigitaldeasturias.com\/noticias\/wp-json\/wp\/v2\/tags?post=972504"}],"curies":[{"name":"wp","href":"https:\/\/api.w.org\/{rel}","templated":true}]}}