{"id":972502,"date":"2018-03-19T02:30:05","date_gmt":"2018-03-19T02:30:05","guid":{"rendered":"http:\/\/www.eldigitaldeasturias.com\/noticias\/?p=972502"},"modified":"2018-03-19T02:30:05","modified_gmt":"2018-03-19T02:30:05","slug":"puigdemont-sale-de-belgica-y-participa-en-un-debate-en-ginebra","status":"publish","type":"post","link":"https:\/\/www.eldigitaldeasturias.com\/noticias\/puigdemont-sale-de-belgica-y-participa-en-un-debate-en-ginebra\/","title":{"rendered":"Puigdemont sale de B\u00e9lgica y participa en un debate en Ginebra"},"content":{"rendered":"<p><img loading=\"lazy\" decoding=\"async\" class=\"alignleft size-medium wp-image-874266\" src=\"https:\/\/www.eldigitaldeasturias.com\/noticias\/wp-content\/uploads\/2016\/04\/fotonoticia_20160415131727_800-360x231.jpg\" alt=\"\" width=\"360\" height=\"231\" \/>Madrid\/Ginebra, 18 mar (dpa) &#8211; El independentista catal\u00e1n Carles Puigdemont particip\u00f3 hoy en un debate en un festival de cine en Suiza, adonde se traslad\u00f3 en su segunda salida de B\u00e9lgica, pa\u00eds en el que permanece desde octubre para eludir la Justicia espa\u00f1ola.<\/p>\n<p>El ex jefe del Gobierno de Catalu\u00f1a intervino en el foro tras la proyecci\u00f3n del documental \u00abCatalu\u00f1a: Espa\u00f1a al borde de una crisis de nervios\u00bb en el Festival de Cine y Foro Internacional de Derechos Humanos (FIFDH) de Ginebra, celebrado en paralelo a la sesi\u00f3n m\u00e1s importante del a\u00f1o del Consejo de Derechos Humanos de la ONU.<\/p>\n<p>\u00abNo hay una idea religiosa de la unidad de la patria, como nos dicen a los independentistas catalanes. La unidad es una cosa sobre la cual no se puede hablar, es como un tab\u00fa y te puede llevar a la prisi\u00f3n si discutes esta idea\u00bb, destac\u00f3 ante casi un millar de personas.<\/p>\n<p>A\u00f1adi\u00f3, adem\u00e1s, que le gustar\u00eda que este debate se pudiera celebrar en Madrid o Barcelona \u00abbajo condiciones plenamente democr\u00e1ticas\u00bb.<\/p>\n<p>Junto a \u00e9l, en el foro participaron la ex presidenta de la Confederaci\u00f3n Suiza Micheline Calmy-Rey, el periodista Xavier Vidal Folch y el profesor del Instituto de Estudios Globales de la Universidad de Ginebra, Nicolas Levrat.<\/p>\n<p>Puigdemont lleg\u00f3 el s\u00e1bado a Ginebra, donde estar\u00e1 unos d\u00edas m\u00e1s para participar en otros actos y reuniones.<\/p>\n<p>El l\u00edder independentista public\u00f3 el s\u00e1bado un mensaje en Instagram junto a una fotograf\u00eda tomada desde su avi\u00f3n de camino a Ginebra. \u00abHablaremos alto y claro pese al intento represivo del Gobierno espa\u00f1ol de silenciarnos\u00bb, expres\u00f3.<\/p>\n<p>Desde su llegada a B\u00e9lgica, a final de octubre, Puigdemont solo hab\u00eda salido una vez de este pa\u00eds. Fue el pasado 22 de enero para participar en un coloquio en una universidad de Copenhague, la capital de Dinamarca.<\/p>\n<p>Ante la noticia de su segundo viaje, la Fiscal\u00eda espa\u00f1ola solicit\u00f3 esta semana al juez espa\u00f1ol que lo investiga que estudie la posibilidad de detener al l\u00edder independentista.<\/p>\n<p>Sin embargo, la orden de detenci\u00f3n que pesa sobre \u00e9l solo tiene validez en Espa\u00f1a. El Tribunal Supremo espa\u00f1ol retir\u00f3 el pasado diciembre la orden europea de arresto emitida poco antes.<\/p>\n<p>El ex jefe del Gobierno catal\u00e1n est\u00e1 siendo investigado en Espa\u00f1a por delitos de rebeli\u00f3n, sedici\u00f3n y malversaci\u00f3n en relaci\u00f3n con su proceso independentista, que abri\u00f3 una de las crisis institucionales m\u00e1s graves de las \u00faltimas d\u00e9cadas en el pa\u00eds.<\/p>\n<p>En una entrevista publicada hoy por el diario suizo \u00abTribune de Gen\u00e8ve\u00bb, Puigdemont acus\u00f3 al Gobierno espa\u00f1ol de Mariano Rajoy de tenderle una \u00abtrampa\u00bb cuando el pasado 10 de octubre decidi\u00f3 suspender los efectos de la supuesta declaraci\u00f3n de independencia aprobada en el Parlamento catal\u00e1n para intentar dialogar con Madrid.<\/p>\n<p>\u00abSi se hiciera nuevamente (el proceso independentista), no suspender\u00eda la proclamaci\u00f3n de la independencia\u00bb, dijo.<\/p>\n<p>El l\u00edder catal\u00e1n tambi\u00e9n habl\u00f3 sobre su permanencia en el extranjero. \u00abSi el Estado espa\u00f1ol no comprende que debemos empezar a hablar y hacer pol\u00edtica, si contin\u00faa la represi\u00f3n, la persecuci\u00f3n criminal, tendr\u00e9 que quedarme en el exilio durante mucho tiempo\u00bb, destac\u00f3.<\/p>\n","protected":false},"excerpt":{"rendered":"<p>Madrid\/Ginebra, 18 mar (dpa) &#8211; El independentista catal\u00e1n Carles Puigdemont particip\u00f3 hoy en un debate en un festival de cine en Suiza, adonde se traslad\u00f3 en su segunda salida de B\u00e9lgica, pa\u00eds en el que permanece desde octubre para eludir la Justicia espa\u00f1ola. El ex jefe del Gobierno de Catalu\u00f1a intervino en el foro tras [&hellip;]<\/p>\n","protected":false},"author":1,"featured_media":874266,"comment_status":"closed","ping_status":"closed","sticky":false,"template":"","format":"standard","meta":{"footnotes":""},"categories":[1],"tags":[],"class_list":["post-972502","post","type-post","status-publish","format-standard","has-post-thumbnail","hentry","category-actualidad"],"aioseo_notices":[],"aioseo_head":"\n\t\t<!-- All in One SEO Pro 5.0.1 - aioseo.com -->\n\t<meta name=\"description\" content=\"Madrid\/Ginebra, 18 mar (dpa) - El independentista catal\u00e1n Carles Puigdemont particip\u00f3 hoy en un debate en un festival de cine en Suiza, adonde se traslad\u00f3 en su segunda salida de B\u00e9lgica, pa\u00eds en el que permanece desde octubre para eludir la Justicia espa\u00f1ola. El ex jefe del Gobierno de Catalu\u00f1a intervino en el foro tras\" \/>\n\t<meta name=\"robots\" content=\"max-image-preview:large\" \/>\n\t<meta name=\"author\" content=\"El Digital de Asturias\"\/>\n\t<meta name=\"google-site-verification\" content=\"UA-38556648-1\" \/>\n\t<meta name=\"msvalidate.01\" content=\"7dfe9f3f1b24437ab69f4f2559babe99\" \/>\n\t<meta name=\"keywords\" content=\"actualidad\" \/>\n\t<link rel=\"canonical\" href=\"https:\/\/www.eldigitaldeasturias.com\/noticias\/puigdemont-sale-de-belgica-y-participa-en-un-debate-en-ginebra\/\" \/>\n\t<meta name=\"generator\" content=\"All in One SEO Pro (AIOSEO) 5.0.1\" \/>\n\t\t<meta property=\"og:locale\" content=\"es_ES\" \/>\n\t\t<meta property=\"og:site_name\" content=\"El Digital de Asturias\" \/>\n\t\t<meta property=\"og:type\" content=\"article\" \/>\n\t\t<meta property=\"og:title\" content=\"Puigdemont sale de B\u00e9lgica y participa en un debate en Ginebra - El Digital de Asturias\" \/>\n\t\t<meta property=\"og:description\" content=\"Madrid\/Ginebra, 18 mar (dpa) - El independentista catal\u00e1n Carles Puigdemont particip\u00f3 hoy en un debate en un festival de cine en Suiza, adonde se traslad\u00f3 en su segunda salida de B\u00e9lgica, pa\u00eds en el que permanece desde octubre para eludir la Justicia espa\u00f1ola. El ex jefe del Gobierno de Catalu\u00f1a intervino en el foro tras\" \/>\n\t\t<meta property=\"og:url\" content=\"https:\/\/www.eldigitaldeasturias.com\/noticias\/puigdemont-sale-de-belgica-y-participa-en-un-debate-en-ginebra\/\" \/>\n\t\t<meta property=\"article:tag\" content=\"actualidad\" \/>\n\t\t<meta property=\"article:published_time\" content=\"2018-03-19T02:30:05+00:00\" \/>\n\t\t<meta property=\"article:modified_time\" content=\"2018-03-19T02:30:05+00:00\" \/>\n\t\t<meta property=\"article:publisher\" content=\"https:\/\/facebook.com\/eldigitaldeasturias\" \/>\n\t\t<meta name=\"twitter:card\" content=\"summary_large_image\" \/>\n\t\t<meta name=\"twitter:title\" content=\"Puigdemont sale de B\u00e9lgica y participa en un debate en Ginebra - El Digital de Asturias\" \/>\n\t\t<meta name=\"twitter:description\" content=\"Madrid\/Ginebra, 18 mar (dpa) - El independentista catal\u00e1n Carles Puigdemont particip\u00f3 hoy en un debate en un festival de cine en Suiza, adonde se traslad\u00f3 en su segunda salida de B\u00e9lgica, pa\u00eds en el que permanece desde octubre para eludir la Justicia espa\u00f1ola. El ex jefe del Gobierno de Catalu\u00f1a intervino en el foro tras\" \/>\n\t\t<meta name=\"twitter:image\" content=\"https:\/\/www.eldigitaldeasturias.com\/noticias\/wp-content\/uploads\/2020\/12\/EDA-1.jpg\" \/>\n\t\t<meta name=\"twitter:label1\" content=\"Escrito por\" \/>\n\t\t<meta name=\"twitter:data1\" content=\"El Digital de Asturias\" \/>\n\t\t<meta name=\"twitter:label2\" content=\"Tiempo de lectura estimado\" \/>\n\t\t<meta name=\"twitter:data2\" content=\"3 minutos\" \/>\n\t\t<script type=\"application\/ld+json\" class=\"aioseo-schema\">\n\t\t\t{\"@context\":\"https:\\\/\\\/schema.org\",\"@graph\":[{\"@type\":\"BlogPosting\",\"@id\":\"https:\\\/\\\/www.eldigitaldeasturias.com\\\/noticias\\\/puigdemont-sale-de-belgica-y-participa-en-un-debate-en-ginebra\\\/#blogposting\",\"name\":\"Puigdemont sale de B\\u00e9lgica y participa en un debate en Ginebra - El Digital de Asturias\",\"headline\":\"Puigdemont sale de B\\u00e9lgica y participa en un debate en Ginebra\",\"author\":{\"@id\":\"https:\\\/\\\/www.eldigitaldeasturias.com\\\/noticias\\\/author\\\/admin\\\/#author\"},\"publisher\":{\"@id\":\"https:\\\/\\\/www.eldigitaldeasturias.com\\\/noticias\\\/#organization\"},\"image\":{\"@type\":\"ImageObject\",\"url\":874266},\"datePublished\":\"2018-03-19T02:30:05+01:00\",\"dateModified\":\"2018-03-19T02:30:05+01:00\",\"inLanguage\":\"es-ES\",\"mainEntityOfPage\":{\"@id\":\"https:\\\/\\\/www.eldigitaldeasturias.com\\\/noticias\\\/puigdemont-sale-de-belgica-y-participa-en-un-debate-en-ginebra\\\/#webpage\"},\"isPartOf\":{\"@id\":\"https:\\\/\\\/www.eldigitaldeasturias.com\\\/noticias\\\/puigdemont-sale-de-belgica-y-participa-en-un-debate-en-ginebra\\\/#webpage\"},\"articleSection\":\"Actualidad\"},{\"@type\":\"BreadcrumbList\",\"@id\":\"https:\\\/\\\/www.eldigitaldeasturias.com\\\/noticias\\\/puigdemont-sale-de-belgica-y-participa-en-un-debate-en-ginebra\\\/#breadcrumblist\",\"itemListElement\":[{\"@type\":\"ListItem\",\"@id\":\"https:\\\/\\\/www.eldigitaldeasturias.com\\\/noticias#listItem\",\"position\":1,\"name\":\"Home\",\"item\":\"https:\\\/\\\/www.eldigitaldeasturias.com\\\/noticias\",\"nextItem\":{\"@type\":\"ListItem\",\"@id\":\"https:\\\/\\\/www.eldigitaldeasturias.com\\\/noticias\\\/category\\\/actualidad\\\/#listItem\",\"name\":\"Actualidad\"}},{\"@type\":\"ListItem\",\"@id\":\"https:\\\/\\\/www.eldigitaldeasturias.com\\\/noticias\\\/category\\\/actualidad\\\/#listItem\",\"position\":2,\"name\":\"Actualidad\",\"item\":\"https:\\\/\\\/www.eldigitaldeasturias.com\\\/noticias\\\/category\\\/actualidad\\\/\",\"nextItem\":{\"@type\":\"ListItem\",\"@id\":\"https:\\\/\\\/www.eldigitaldeasturias.com\\\/noticias\\\/puigdemont-sale-de-belgica-y-participa-en-un-debate-en-ginebra\\\/#listItem\",\"name\":\"Puigdemont sale de B\\u00e9lgica y participa en un debate en Ginebra\"},\"previousItem\":{\"@type\":\"ListItem\",\"@id\":\"https:\\\/\\\/www.eldigitaldeasturias.com\\\/noticias#listItem\",\"name\":\"Home\"}},{\"@type\":\"ListItem\",\"@id\":\"https:\\\/\\\/www.eldigitaldeasturias.com\\\/noticias\\\/puigdemont-sale-de-belgica-y-participa-en-un-debate-en-ginebra\\\/#listItem\",\"position\":3,\"name\":\"Puigdemont sale de B\\u00e9lgica y participa en un debate en Ginebra\",\"previousItem\":{\"@type\":\"ListItem\",\"@id\":\"https:\\\/\\\/www.eldigitaldeasturias.com\\\/noticias\\\/category\\\/actualidad\\\/#listItem\",\"name\":\"Actualidad\"}}]},{\"@type\":\"Organization\",\"@id\":\"https:\\\/\\\/www.eldigitaldeasturias.com\\\/noticias\\\/#organization\",\"name\":\"El Digital de Asturias\",\"description\":\"Hemeroteca\",\"url\":\"https:\\\/\\\/www.eldigitaldeasturias.com\\\/noticias\\\/\",\"email\":\"info@eldigitaldeasturias.com\",\"telephone\":\"+34652131393\",\"logo\":{\"@type\":\"ImageObject\",\"url\":\"https:\\\/\\\/www.eldigitaldeasturias.com\\\/noticias\\\/wp-content\\\/uploads\\\/2020\\\/12\\\/EDA.jpg\",\"@id\":\"https:\\\/\\\/www.eldigitaldeasturias.com\\\/noticias\\\/puigdemont-sale-de-belgica-y-participa-en-un-debate-en-ginebra\\\/#organizationLogo\"},\"image\":{\"@id\":\"https:\\\/\\\/www.eldigitaldeasturias.com\\\/noticias\\\/puigdemont-sale-de-belgica-y-participa-en-un-debate-en-ginebra\\\/#organizationLogo\"},\"sameAs\":[\"https:\\\/\\\/facebook.com\\\/eldigitaldeasturias\",\"https:\\\/\\\/www.youtube.com\\\/channel\\\/UCZP-2wLEB9Rv6erhFmqVnvg\"],\"address\":{\"@id\":\"https:\\\/\\\/www.eldigitaldeasturias.com\\\/noticias\\\/#postaladdress\",\"@type\":\"PostalAddress\",\"streetAddress\":\"san antonio 4\",\"postalCode\":\"33430\",\"addressLocality\":\"Cand\\u00e1s\",\"addressRegion\":\"Asturias\",\"addressCountry\":\"ES\"}},{\"@type\":\"Person\",\"@id\":\"https:\\\/\\\/www.eldigitaldeasturias.com\\\/noticias\\\/author\\\/admin\\\/#author\",\"url\":\"https:\\\/\\\/www.eldigitaldeasturias.com\\\/noticias\\\/author\\\/admin\\\/\",\"name\":\"El Digital de Asturias\",\"image\":{\"@type\":\"ImageObject\",\"@id\":\"https:\\\/\\\/www.eldigitaldeasturias.com\\\/noticias\\\/puigdemont-sale-de-belgica-y-participa-en-un-debate-en-ginebra\\\/#authorImage\",\"url\":\"https:\\\/\\\/secure.gravatar.com\\\/avatar\\\/df2aeffc32bcd13f8d26072ef8a91b623d677766deac7f97ca815868cd41bf5e?s=96&d=mm&r=g\",\"width\":96,\"height\":96,\"caption\":\"El Digital de Asturias\"}},{\"@type\":\"WebPage\",\"@id\":\"https:\\\/\\\/www.eldigitaldeasturias.com\\\/noticias\\\/puigdemont-sale-de-belgica-y-participa-en-un-debate-en-ginebra\\\/#webpage\",\"url\":\"https:\\\/\\\/www.eldigitaldeasturias.com\\\/noticias\\\/puigdemont-sale-de-belgica-y-participa-en-un-debate-en-ginebra\\\/\",\"name\":\"Puigdemont sale de B\\u00e9lgica y participa en un debate en Ginebra - El Digital de Asturias\",\"description\":\"Madrid\\\/Ginebra, 18 mar (dpa) - El independentista catal\\u00e1n Carles Puigdemont particip\\u00f3 hoy en un debate en un festival de cine en Suiza, adonde se traslad\\u00f3 en su segunda salida de B\\u00e9lgica, pa\\u00eds en el que permanece desde octubre para eludir la Justicia espa\\u00f1ola. El ex jefe del Gobierno de Catalu\\u00f1a intervino en el foro tras\",\"inLanguage\":\"es-ES\",\"isPartOf\":{\"@id\":\"https:\\\/\\\/www.eldigitaldeasturias.com\\\/noticias\\\/#website\"},\"breadcrumb\":{\"@id\":\"https:\\\/\\\/www.eldigitaldeasturias.com\\\/noticias\\\/puigdemont-sale-de-belgica-y-participa-en-un-debate-en-ginebra\\\/#breadcrumblist\"},\"author\":{\"@id\":\"https:\\\/\\\/www.eldigitaldeasturias.com\\\/noticias\\\/author\\\/admin\\\/#author\"},\"creator\":{\"@id\":\"https:\\\/\\\/www.eldigitaldeasturias.com\\\/noticias\\\/author\\\/admin\\\/#author\"},\"image\":{\"@type\":\"ImageObject\",\"url\":874266,\"@id\":\"https:\\\/\\\/www.eldigitaldeasturias.com\\\/noticias\\\/puigdemont-sale-de-belgica-y-participa-en-un-debate-en-ginebra\\\/#mainImage\"},\"primaryImageOfPage\":{\"@id\":\"https:\\\/\\\/www.eldigitaldeasturias.com\\\/noticias\\\/puigdemont-sale-de-belgica-y-participa-en-un-debate-en-ginebra\\\/#mainImage\"},\"datePublished\":\"2018-03-19T02:30:05+01:00\",\"dateModified\":\"2018-03-19T02:30:05+01:00\"},{\"@type\":\"WebSite\",\"@id\":\"https:\\\/\\\/www.eldigitaldeasturias.com\\\/noticias\\\/#website\",\"url\":\"https:\\\/\\\/www.eldigitaldeasturias.com\\\/noticias\\\/\",\"name\":\"El Digital de Asturias - Diario de actualidad y noticias\",\"alternateName\":\"El Digital de Asturias - Diario de actualidad y noticias\",\"description\":\"Hemeroteca\",\"inLanguage\":\"es-ES\",\"publisher\":{\"@id\":\"https:\\\/\\\/www.eldigitaldeasturias.com\\\/noticias\\\/#organization\"}}]}\n\t\t<\/script>\n\t\t<!-- All in One SEO Pro -->\r\n\t\t<title>Puigdemont sale de B\u00e9lgica y participa en un debate en Ginebra - El Digital de Asturias<\/title>\n\n","aioseo_head_json":{"title":"Puigdemont sale de B\u00e9lgica y participa en un debate en Ginebra - El Digital de Asturias","description":"Madrid\/Ginebra, 18 mar (dpa) - El independentista catal\u00e1n Carles Puigdemont particip\u00f3 hoy en un debate en un festival de cine en Suiza, adonde se traslad\u00f3 en su segunda salida de B\u00e9lgica, pa\u00eds en el que permanece desde octubre para eludir la Justicia espa\u00f1ola. El ex jefe del Gobierno de Catalu\u00f1a intervino en el foro tras","canonical_url":"https:\/\/www.eldigitaldeasturias.com\/noticias\/puigdemont-sale-de-belgica-y-participa-en-un-debate-en-ginebra\/","robots":"max-image-preview:large","keywords":"actualidad","webmasterTools":{"google-site-verification":"UA-38556648-1","msvalidate.01":"7dfe9f3f1b24437ab69f4f2559babe99","miscellaneous":""},"schema":{"@context":"https:\/\/schema.org","@graph":[{"@type":"BlogPosting","@id":"https:\/\/www.eldigitaldeasturias.com\/noticias\/puigdemont-sale-de-belgica-y-participa-en-un-debate-en-ginebra\/#blogposting","name":"Puigdemont sale de B\u00e9lgica y participa en un debate en Ginebra - El Digital de Asturias","headline":"Puigdemont sale de B\u00e9lgica y participa en un debate en Ginebra","author":{"@id":"https:\/\/www.eldigitaldeasturias.com\/noticias\/author\/admin\/#author"},"publisher":{"@id":"https:\/\/www.eldigitaldeasturias.com\/noticias\/#organization"},"image":{"@type":"ImageObject","url":874266},"datePublished":"2018-03-19T02:30:05+01:00","dateModified":"2018-03-19T02:30:05+01:00","inLanguage":"es-ES","mainEntityOfPage":{"@id":"https:\/\/www.eldigitaldeasturias.com\/noticias\/puigdemont-sale-de-belgica-y-participa-en-un-debate-en-ginebra\/#webpage"},"isPartOf":{"@id":"https:\/\/www.eldigitaldeasturias.com\/noticias\/puigdemont-sale-de-belgica-y-participa-en-un-debate-en-ginebra\/#webpage"},"articleSection":"Actualidad"},{"@type":"BreadcrumbList","@id":"https:\/\/www.eldigitaldeasturias.com\/noticias\/puigdemont-sale-de-belgica-y-participa-en-un-debate-en-ginebra\/#breadcrumblist","itemListElement":[{"@type":"ListItem","@id":"https:\/\/www.eldigitaldeasturias.com\/noticias#listItem","position":1,"name":"Home","item":"https:\/\/www.eldigitaldeasturias.com\/noticias","nextItem":{"@type":"ListItem","@id":"https:\/\/www.eldigitaldeasturias.com\/noticias\/category\/actualidad\/#listItem","name":"Actualidad"}},{"@type":"ListItem","@id":"https:\/\/www.eldigitaldeasturias.com\/noticias\/category\/actualidad\/#listItem","position":2,"name":"Actualidad","item":"https:\/\/www.eldigitaldeasturias.com\/noticias\/category\/actualidad\/","nextItem":{"@type":"ListItem","@id":"https:\/\/www.eldigitaldeasturias.com\/noticias\/puigdemont-sale-de-belgica-y-participa-en-un-debate-en-ginebra\/#listItem","name":"Puigdemont sale de B\u00e9lgica y participa en un debate en Ginebra"},"previousItem":{"@type":"ListItem","@id":"https:\/\/www.eldigitaldeasturias.com\/noticias#listItem","name":"Home"}},{"@type":"ListItem","@id":"https:\/\/www.eldigitaldeasturias.com\/noticias\/puigdemont-sale-de-belgica-y-participa-en-un-debate-en-ginebra\/#listItem","position":3,"name":"Puigdemont sale de B\u00e9lgica y participa en un debate en Ginebra","previousItem":{"@type":"ListItem","@id":"https:\/\/www.eldigitaldeasturias.com\/noticias\/category\/actualidad\/#listItem","name":"Actualidad"}}]},{"@type":"Organization","@id":"https:\/\/www.eldigitaldeasturias.com\/noticias\/#organization","name":"El Digital de Asturias","description":"Hemeroteca","url":"https:\/\/www.eldigitaldeasturias.com\/noticias\/","email":"info@eldigitaldeasturias.com","telephone":"+34652131393","logo":{"@type":"ImageObject","url":"https:\/\/www.eldigitaldeasturias.com\/noticias\/wp-content\/uploads\/2020\/12\/EDA.jpg","@id":"https:\/\/www.eldigitaldeasturias.com\/noticias\/puigdemont-sale-de-belgica-y-participa-en-un-debate-en-ginebra\/#organizationLogo"},"image":{"@id":"https:\/\/www.eldigitaldeasturias.com\/noticias\/puigdemont-sale-de-belgica-y-participa-en-un-debate-en-ginebra\/#organizationLogo"},"sameAs":["https:\/\/facebook.com\/eldigitaldeasturias","https:\/\/www.youtube.com\/channel\/UCZP-2wLEB9Rv6erhFmqVnvg"],"address":{"@id":"https:\/\/www.eldigitaldeasturias.com\/noticias\/#postaladdress","@type":"PostalAddress","streetAddress":"san antonio 4","postalCode":"33430","addressLocality":"Cand\u00e1s","addressRegion":"Asturias","addressCountry":"ES"}},{"@type":"Person","@id":"https:\/\/www.eldigitaldeasturias.com\/noticias\/author\/admin\/#author","url":"https:\/\/www.eldigitaldeasturias.com\/noticias\/author\/admin\/","name":"El Digital de Asturias","image":{"@type":"ImageObject","@id":"https:\/\/www.eldigitaldeasturias.com\/noticias\/puigdemont-sale-de-belgica-y-participa-en-un-debate-en-ginebra\/#authorImage","url":"https:\/\/secure.gravatar.com\/avatar\/df2aeffc32bcd13f8d26072ef8a91b623d677766deac7f97ca815868cd41bf5e?s=96&d=mm&r=g","width":96,"height":96,"caption":"El Digital de Asturias"}},{"@type":"WebPage","@id":"https:\/\/www.eldigitaldeasturias.com\/noticias\/puigdemont-sale-de-belgica-y-participa-en-un-debate-en-ginebra\/#webpage","url":"https:\/\/www.eldigitaldeasturias.com\/noticias\/puigdemont-sale-de-belgica-y-participa-en-un-debate-en-ginebra\/","name":"Puigdemont sale de B\u00e9lgica y participa en un debate en Ginebra - El Digital de Asturias","description":"Madrid\/Ginebra, 18 mar (dpa) - El independentista catal\u00e1n Carles Puigdemont particip\u00f3 hoy en un debate en un festival de cine en Suiza, adonde se traslad\u00f3 en su segunda salida de B\u00e9lgica, pa\u00eds en el que permanece desde octubre para eludir la Justicia espa\u00f1ola. El ex jefe del Gobierno de Catalu\u00f1a intervino en el foro tras","inLanguage":"es-ES","isPartOf":{"@id":"https:\/\/www.eldigitaldeasturias.com\/noticias\/#website"},"breadcrumb":{"@id":"https:\/\/www.eldigitaldeasturias.com\/noticias\/puigdemont-sale-de-belgica-y-participa-en-un-debate-en-ginebra\/#breadcrumblist"},"author":{"@id":"https:\/\/www.eldigitaldeasturias.com\/noticias\/author\/admin\/#author"},"creator":{"@id":"https:\/\/www.eldigitaldeasturias.com\/noticias\/author\/admin\/#author"},"image":{"@type":"ImageObject","url":874266,"@id":"https:\/\/www.eldigitaldeasturias.com\/noticias\/puigdemont-sale-de-belgica-y-participa-en-un-debate-en-ginebra\/#mainImage"},"primaryImageOfPage":{"@id":"https:\/\/www.eldigitaldeasturias.com\/noticias\/puigdemont-sale-de-belgica-y-participa-en-un-debate-en-ginebra\/#mainImage"},"datePublished":"2018-03-19T02:30:05+01:00","dateModified":"2018-03-19T02:30:05+01:00"},{"@type":"WebSite","@id":"https:\/\/www.eldigitaldeasturias.com\/noticias\/#website","url":"https:\/\/www.eldigitaldeasturias.com\/noticias\/","name":"El Digital de Asturias - Diario de actualidad y noticias","alternateName":"El Digital de Asturias - Diario de actualidad y noticias","description":"Hemeroteca","inLanguage":"es-ES","publisher":{"@id":"https:\/\/www.eldigitaldeasturias.com\/noticias\/#organization"}}]},"og:locale":"es_ES","og:site_name":"El Digital de Asturias","og:type":"article","og:title":"Puigdemont sale de B\u00e9lgica y participa en un debate en Ginebra - El Digital de Asturias","og:description":"Madrid\/Ginebra, 18 mar (dpa) - El independentista catal\u00e1n Carles Puigdemont particip\u00f3 hoy en un debate en un festival de cine en Suiza, adonde se traslad\u00f3 en su segunda salida de B\u00e9lgica, pa\u00eds en el que permanece desde octubre para eludir la Justicia espa\u00f1ola. El ex jefe del Gobierno de Catalu\u00f1a intervino en el foro tras","og:url":"https:\/\/www.eldigitaldeasturias.com\/noticias\/puigdemont-sale-de-belgica-y-participa-en-un-debate-en-ginebra\/","article:tag":["actualidad"],"article:published_time":"2018-03-19T02:30:05+00:00","article:modified_time":"2018-03-19T02:30:05+00:00","article:publisher":"https:\/\/facebook.com\/eldigitaldeasturias","twitter:card":"summary_large_image","twitter:title":"Puigdemont sale de B\u00e9lgica y participa en un debate en Ginebra - El Digital de Asturias","twitter:description":"Madrid\/Ginebra, 18 mar (dpa) - El independentista catal\u00e1n Carles Puigdemont particip\u00f3 hoy en un debate en un festival de cine en Suiza, adonde se traslad\u00f3 en su segunda salida de B\u00e9lgica, pa\u00eds en el que permanece desde octubre para eludir la Justicia espa\u00f1ola. El ex jefe del Gobierno de Catalu\u00f1a intervino en el foro tras","twitter:image":"https:\/\/www.eldigitaldeasturias.com\/noticias\/wp-content\/uploads\/2020\/12\/EDA-1.jpg","twitter:label1":"Escrito por","twitter:data1":"El Digital de Asturias","twitter:label2":"Tiempo de lectura estimado","twitter:data2":"3 minutos"},"aioseo_meta_data":{"post_id":"972502","title":null,"description":null,"keywords":null,"keyphrases":null,"primary_term":null,"canonical_url":null,"og_title":null,"og_description":null,"og_object_type":"default","og_image_type":"default","og_image_url":null,"og_image_width":null,"og_image_height":null,"og_image_custom_url":null,"og_image_custom_fields":null,"og_video":null,"og_custom_url":null,"og_article_section":null,"og_article_tags":null,"twitter_use_og":false,"twitter_card":"default","twitter_image_type":"default","twitter_image_url":null,"twitter_image_custom_url":null,"twitter_image_custom_fields":null,"twitter_title":null,"twitter_description":null,"schema":{"blockGraphs":[],"customGraphs":[],"default":{"data":{"Article":[],"Course":[],"Dataset":[],"FAQPage":[],"Movie":[],"Person":[],"Product":[],"ProductReview":[],"Car":[],"Recipe":[],"Service":[],"SoftwareApplication":[],"WebPage":[]},"graphName":"","isEnabled":true},"graphs":[],"defaultGraph":"","defaultPostTypeGraph":""},"schema_type":null,"schema_type_options":null,"pillar_content":false,"robots_default":true,"robots_noindex":false,"robots_noarchive":false,"robots_nosnippet":false,"robots_nofollow":false,"robots_noimageindex":false,"robots_noodp":false,"robots_notranslate":false,"robots_max_snippet":null,"robots_max_videopreview":null,"robots_max_imagepreview":"large","priority":null,"frequency":null,"local_seo":null,"seo_analyzer_scan_date":"2025-10-07 12:57:12","breadcrumb_settings":null,"limit_modified_date":false,"open_ai":null,"ai":null,"created":"2020-12-21 12:18:39","updated":"2025-10-07 12:57:12","focus_keyword":null,"additional_keywords":null,"truseo_locale":null},"aioseo_breadcrumb":"<div class=\"aioseo-breadcrumbs\"><span class=\"aioseo-breadcrumb\">\n\t<a href=\"https:\/\/www.eldigitaldeasturias.com\/noticias\" title=\"Home\">Home<\/a>\n<\/span><span class=\"aioseo-breadcrumb-separator\">\u2013<\/span><span class=\"aioseo-breadcrumb\">\n\t<a href=\"https:\/\/www.eldigitaldeasturias.com\/noticias\/category\/actualidad\/\" title=\"Actualidad\">Actualidad<\/a>\n<\/span><span class=\"aioseo-breadcrumb-separator\">\u2013<\/span><span class=\"aioseo-breadcrumb\">\n\t<a href=\"https:\/\/www.eldigitaldeasturias.com\/noticias\/puigdemont-sale-de-belgica-y-participa-en-un-debate-en-ginebra\/\" title=\"Puigdemont sale de B\u00e9lgica y participa en un debate en Ginebra\">Puigdemont sale de B\u00e9lgica y participa en un debate en Ginebra<\/a>\n<\/span><\/div>","aioseo_breadcrumb_json":[{"label":"Home","link":"https:\/\/www.eldigitaldeasturias.com\/noticias"},{"label":"Actualidad","link":"https:\/\/www.eldigitaldeasturias.com\/noticias\/category\/actualidad\/"},{"label":"Puigdemont sale de B\u00e9lgica y participa en un debate en Ginebra","link":"https:\/\/www.eldigitaldeasturias.com\/noticias\/puigdemont-sale-de-belgica-y-participa-en-un-debate-en-ginebra\/"}],"_links":{"self":[{"href":"https:\/\/www.eldigitaldeasturias.com\/noticias\/wp-json\/wp\/v2\/posts\/972502","targetHints":{"allow":["GET"]}}],"collection":[{"href":"https:\/\/www.eldigitaldeasturias.com\/noticias\/wp-json\/wp\/v2\/posts"}],"about":[{"href":"https:\/\/www.eldigitaldeasturias.com\/noticias\/wp-json\/wp\/v2\/types\/post"}],"author":[{"embeddable":true,"href":"https:\/\/www.eldigitaldeasturias.com\/noticias\/wp-json\/wp\/v2\/users\/1"}],"replies":[{"embeddable":true,"href":"https:\/\/www.eldigitaldeasturias.com\/noticias\/wp-json\/wp\/v2\/comments?post=972502"}],"version-history":[{"count":0,"href":"https:\/\/www.eldigitaldeasturias.com\/noticias\/wp-json\/wp\/v2\/posts\/972502\/revisions"}],"wp:attachment":[{"href":"https:\/\/www.eldigitaldeasturias.com\/noticias\/wp-json\/wp\/v2\/media?parent=972502"}],"wp:term":[{"taxonomy":"category","embeddable":true,"href":"https:\/\/www.eldigitaldeasturias.com\/noticias\/wp-json\/wp\/v2\/categories?post=972502"},{"taxonomy":"post_tag","embeddable":true,"href":"https:\/\/www.eldigitaldeasturias.com\/noticias\/wp-json\/wp\/v2\/tags?post=972502"}],"curies":[{"name":"wp","href":"https:\/\/api.w.org\/{rel}","templated":true}]}}