{"id":972492,"date":"2018-03-19T02:09:27","date_gmt":"2018-03-19T02:09:27","guid":{"rendered":"http:\/\/www.eldigitaldeasturias.com\/noticias\/?p=972492"},"modified":"2018-03-19T02:09:27","modified_gmt":"2018-03-19T02:09:27","slug":"casado-la-mayoria-de-la-sociedad-espanola-pide-seguridad-justicia-y-dignidad-para-las-victimas","status":"publish","type":"post","link":"https:\/\/www.eldigitaldeasturias.com\/noticias\/casado-la-mayoria-de-la-sociedad-espanola-pide-seguridad-justicia-y-dignidad-para-las-victimas\/","title":{"rendered":"Casado: \u201cLa mayor\u00eda de la sociedad espa\u00f1ola pide seguridad, justicia y dignidad para las v\u00edctimas\u201d"},"content":{"rendered":"<p><img loading=\"lazy\" decoding=\"async\" class=\"alignleft size-medium wp-image-972493\" src=\"https:\/\/www.eldigitaldeasturias.com\/noticias\/wp-content\/uploads\/2018\/03\/20180317__mjm7718-360x163.jpg\" alt=\"\" width=\"360\" height=\"163\" \/>El vicesecretario de Comunicaci\u00f3n del Partido Popular, Pablo Casado, ha pedido a los partidos pol\u00edticos que quieren derogar la Prisi\u00f3n Permanente Revisable que \u201crecapaciten y escuchen a la mayor\u00eda de la sociedad espa\u00f1ola que est\u00e1 a favor de esta medida\u201d. As\u00ed, ha destacado que esta pena es necesaria para que la sociedad pueda defenderse de los cr\u00edmenes m\u00e1s espeluznantes, \u201csin ira ni rencor, pero con eficacia\u201d.<\/p>\n<p>Durante su asistencia a una concentraci\u00f3n en Madrid a favor de mantener la Prisi\u00f3n Permanente Revisable, el dirigente popular ha recordado que \u201ctodos estamos juntos en esto\u201d y que \u201ctoda Espa\u00f1a est\u00e1 aqu\u00ed simb\u00f3licamente apoyando a las familias de las v\u00edctimas de los cr\u00edmenes m\u00e1s atroces que podemos recordar\u201d.<\/p>\n<p>Pablo Casado ha recordado que esta pena se aprob\u00f3 en 2015 y no se hizo en caliente, sino porque el PP consideraba que el C\u00f3digo Penal necesitaba de alguna medida que no permitiera la puesta en libertad de personas que no est\u00e1n reeducadas ni reinsertadas. Adem\u00e1s, ha apuntado que es similar a la de todos los pa\u00edses europeos, a excepci\u00f3n de dos. \u201cCumple con las expectativas de la sociedad, que es resarcir a las v\u00edctimas del da\u00f1o, previene delitos y es plenamente constitucional, porque entra dentro de la revisi\u00f3n de penas\u201d, ha destacado.<\/p>\n<p>Adem\u00e1s, ha insistido en que la mayor\u00eda de pa\u00edses europeos la contemplan con muchos m\u00e1s supuestos y m\u00e1s severidad. Por ello, ha pedido frenar el proceso de derogaci\u00f3n y que escuchen las v\u00edctimas y, sobre todo, \u201ca la mayor\u00eda de la sociedad espa\u00f1ola, que pide seguridad, justicia y dignidad para las v\u00edctimas\u201d.<\/p>\n<p><strong>ESPECT\u00c1CULO BOCHORNOSO EN EL CONGRESO<\/strong><\/p>\n<p>En este contexto, Casado ha lamentado el \u201cespect\u00e1culo bochornoso\u201d que llevaron a cabo algunos portavoces en la sesi\u00f3n plenaria del Congreso en la que se trataba este asunto, una acitud que supuso \u201cuna humillaci\u00f3n para las v\u00edctimas y para toda sociedad espa\u00f1ola\u201d.<\/p>\n<p>Por \u00faltimo, ha reiterado que a\u00fan est\u00e1n a tiempo de recapacitar y de escuchar a la sociedad espa\u00f1ola que, seg\u00fan dicen las encuestas, est\u00e1n en un 80% a favor de esta medida, plenamente legal y sensible a las reivindicaciones de los familiares de las v\u00edctimas.<\/p>\n","protected":false},"excerpt":{"rendered":"<p>El vicesecretario de Comunicaci\u00f3n del Partido Popular, Pablo Casado, ha pedido a los partidos pol\u00edticos que quieren derogar la Prisi\u00f3n Permanente Revisable que \u201crecapaciten y escuchen a la mayor\u00eda de la sociedad espa\u00f1ola que est\u00e1 a favor de esta medida\u201d. As\u00ed, ha destacado que esta pena es necesaria para que la sociedad pueda defenderse de [&hellip;]<\/p>\n","protected":false},"author":1,"featured_media":972493,"comment_status":"closed","ping_status":"closed","sticky":false,"template":"","format":"standard","meta":{"footnotes":""},"categories":[1],"tags":[],"class_list":["post-972492","post","type-post","status-publish","format-standard","has-post-thumbnail","hentry","category-actualidad"],"aioseo_notices":[],"aioseo_head":"\n\t\t<!-- All in One SEO Pro 5.0.1 - aioseo.com -->\n\t<meta name=\"description\" content=\"El vicesecretario de Comunicaci\u00f3n del Partido Popular, Pablo Casado, ha pedido a los partidos pol\u00edticos que quieren derogar la Prisi\u00f3n Permanente Revisable que \u201crecapaciten y escuchen a la mayor\u00eda de la sociedad espa\u00f1ola que est\u00e1 a favor de esta medida\u201d. As\u00ed, ha destacado que esta pena es necesaria para que la sociedad pueda defenderse de\" \/>\n\t<meta name=\"robots\" content=\"max-image-preview:large\" \/>\n\t<meta name=\"author\" content=\"El Digital de Asturias\"\/>\n\t<meta name=\"google-site-verification\" content=\"UA-38556648-1\" \/>\n\t<meta name=\"msvalidate.01\" content=\"7dfe9f3f1b24437ab69f4f2559babe99\" \/>\n\t<meta name=\"keywords\" content=\"actualidad\" \/>\n\t<link rel=\"canonical\" href=\"https:\/\/www.eldigitaldeasturias.com\/noticias\/casado-la-mayoria-de-la-sociedad-espanola-pide-seguridad-justicia-y-dignidad-para-las-victimas\/\" \/>\n\t<meta name=\"generator\" content=\"All in One SEO Pro (AIOSEO) 5.0.1\" \/>\n\t\t<meta property=\"og:locale\" content=\"es_ES\" \/>\n\t\t<meta property=\"og:site_name\" content=\"El Digital de Asturias\" \/>\n\t\t<meta property=\"og:type\" content=\"article\" \/>\n\t\t<meta property=\"og:title\" content=\"Casado: \u201cLa mayor\u00eda de la sociedad espa\u00f1ola pide seguridad, justicia y dignidad para las v\u00edctimas\u201d - El Digital de Asturias\" \/>\n\t\t<meta property=\"og:description\" content=\"El vicesecretario de Comunicaci\u00f3n del Partido Popular, Pablo Casado, ha pedido a los partidos pol\u00edticos que quieren derogar la Prisi\u00f3n Permanente Revisable que \u201crecapaciten y escuchen a la mayor\u00eda de la sociedad espa\u00f1ola que est\u00e1 a favor de esta medida\u201d. As\u00ed, ha destacado que esta pena es necesaria para que la sociedad pueda defenderse de\" \/>\n\t\t<meta property=\"og:url\" content=\"https:\/\/www.eldigitaldeasturias.com\/noticias\/casado-la-mayoria-de-la-sociedad-espanola-pide-seguridad-justicia-y-dignidad-para-las-victimas\/\" \/>\n\t\t<meta property=\"article:tag\" content=\"actualidad\" \/>\n\t\t<meta property=\"article:published_time\" content=\"2018-03-19T02:09:27+00:00\" \/>\n\t\t<meta property=\"article:modified_time\" content=\"2018-03-19T02:09:27+00:00\" \/>\n\t\t<meta property=\"article:publisher\" content=\"https:\/\/facebook.com\/eldigitaldeasturias\" \/>\n\t\t<meta name=\"twitter:card\" content=\"summary_large_image\" \/>\n\t\t<meta name=\"twitter:title\" content=\"Casado: \u201cLa mayor\u00eda de la sociedad espa\u00f1ola pide seguridad, justicia y dignidad para las v\u00edctimas\u201d - El Digital de Asturias\" \/>\n\t\t<meta name=\"twitter:description\" content=\"El vicesecretario de Comunicaci\u00f3n del Partido Popular, Pablo Casado, ha pedido a los partidos pol\u00edticos que quieren derogar la Prisi\u00f3n Permanente Revisable que \u201crecapaciten y escuchen a la mayor\u00eda de la sociedad espa\u00f1ola que est\u00e1 a favor de esta medida\u201d. As\u00ed, ha destacado que esta pena es necesaria para que la sociedad pueda defenderse de\" \/>\n\t\t<meta name=\"twitter:image\" content=\"https:\/\/www.eldigitaldeasturias.com\/noticias\/wp-content\/uploads\/2020\/12\/EDA-1.jpg\" \/>\n\t\t<meta name=\"twitter:label1\" content=\"Escrito por\" \/>\n\t\t<meta name=\"twitter:data1\" content=\"El Digital de Asturias\" \/>\n\t\t<meta name=\"twitter:label2\" content=\"Tiempo de lectura estimado\" \/>\n\t\t<meta name=\"twitter:data2\" content=\"2 minutos\" \/>\n\t\t<script type=\"application\/ld+json\" class=\"aioseo-schema\">\n\t\t\t{\"@context\":\"https:\\\/\\\/schema.org\",\"@graph\":[{\"@type\":\"BlogPosting\",\"@id\":\"https:\\\/\\\/www.eldigitaldeasturias.com\\\/noticias\\\/casado-la-mayoria-de-la-sociedad-espanola-pide-seguridad-justicia-y-dignidad-para-las-victimas\\\/#blogposting\",\"name\":\"Casado: \\u201cLa mayor\\u00eda de la sociedad espa\\u00f1ola pide seguridad, justicia y dignidad para las v\\u00edctimas\\u201d - El Digital de Asturias\",\"headline\":\"Casado: \\u201cLa mayor\\u00eda de la sociedad espa\\u00f1ola pide seguridad, justicia y dignidad para las v\\u00edctimas\\u201d\",\"author\":{\"@id\":\"https:\\\/\\\/www.eldigitaldeasturias.com\\\/noticias\\\/author\\\/admin\\\/#author\"},\"publisher\":{\"@id\":\"https:\\\/\\\/www.eldigitaldeasturias.com\\\/noticias\\\/#organization\"},\"image\":{\"@type\":\"ImageObject\",\"url\":972493},\"datePublished\":\"2018-03-19T02:09:27+01:00\",\"dateModified\":\"2018-03-19T02:09:27+01:00\",\"inLanguage\":\"es-ES\",\"mainEntityOfPage\":{\"@id\":\"https:\\\/\\\/www.eldigitaldeasturias.com\\\/noticias\\\/casado-la-mayoria-de-la-sociedad-espanola-pide-seguridad-justicia-y-dignidad-para-las-victimas\\\/#webpage\"},\"isPartOf\":{\"@id\":\"https:\\\/\\\/www.eldigitaldeasturias.com\\\/noticias\\\/casado-la-mayoria-de-la-sociedad-espanola-pide-seguridad-justicia-y-dignidad-para-las-victimas\\\/#webpage\"},\"articleSection\":\"Actualidad\"},{\"@type\":\"BreadcrumbList\",\"@id\":\"https:\\\/\\\/www.eldigitaldeasturias.com\\\/noticias\\\/casado-la-mayoria-de-la-sociedad-espanola-pide-seguridad-justicia-y-dignidad-para-las-victimas\\\/#breadcrumblist\",\"itemListElement\":[{\"@type\":\"ListItem\",\"@id\":\"https:\\\/\\\/www.eldigitaldeasturias.com\\\/noticias#listItem\",\"position\":1,\"name\":\"Home\",\"item\":\"https:\\\/\\\/www.eldigitaldeasturias.com\\\/noticias\",\"nextItem\":{\"@type\":\"ListItem\",\"@id\":\"https:\\\/\\\/www.eldigitaldeasturias.com\\\/noticias\\\/category\\\/actualidad\\\/#listItem\",\"name\":\"Actualidad\"}},{\"@type\":\"ListItem\",\"@id\":\"https:\\\/\\\/www.eldigitaldeasturias.com\\\/noticias\\\/category\\\/actualidad\\\/#listItem\",\"position\":2,\"name\":\"Actualidad\",\"item\":\"https:\\\/\\\/www.eldigitaldeasturias.com\\\/noticias\\\/category\\\/actualidad\\\/\",\"nextItem\":{\"@type\":\"ListItem\",\"@id\":\"https:\\\/\\\/www.eldigitaldeasturias.com\\\/noticias\\\/casado-la-mayoria-de-la-sociedad-espanola-pide-seguridad-justicia-y-dignidad-para-las-victimas\\\/#listItem\",\"name\":\"Casado: \\u201cLa mayor\\u00eda de la sociedad espa\\u00f1ola pide seguridad, justicia y dignidad para las v\\u00edctimas\\u201d\"},\"previousItem\":{\"@type\":\"ListItem\",\"@id\":\"https:\\\/\\\/www.eldigitaldeasturias.com\\\/noticias#listItem\",\"name\":\"Home\"}},{\"@type\":\"ListItem\",\"@id\":\"https:\\\/\\\/www.eldigitaldeasturias.com\\\/noticias\\\/casado-la-mayoria-de-la-sociedad-espanola-pide-seguridad-justicia-y-dignidad-para-las-victimas\\\/#listItem\",\"position\":3,\"name\":\"Casado: \\u201cLa mayor\\u00eda de la sociedad espa\\u00f1ola pide seguridad, justicia y dignidad para las v\\u00edctimas\\u201d\",\"previousItem\":{\"@type\":\"ListItem\",\"@id\":\"https:\\\/\\\/www.eldigitaldeasturias.com\\\/noticias\\\/category\\\/actualidad\\\/#listItem\",\"name\":\"Actualidad\"}}]},{\"@type\":\"Organization\",\"@id\":\"https:\\\/\\\/www.eldigitaldeasturias.com\\\/noticias\\\/#organization\",\"name\":\"El Digital de Asturias\",\"description\":\"Hemeroteca\",\"url\":\"https:\\\/\\\/www.eldigitaldeasturias.com\\\/noticias\\\/\",\"email\":\"info@eldigitaldeasturias.com\",\"telephone\":\"+34652131393\",\"logo\":{\"@type\":\"ImageObject\",\"url\":\"https:\\\/\\\/www.eldigitaldeasturias.com\\\/noticias\\\/wp-content\\\/uploads\\\/2020\\\/12\\\/EDA.jpg\",\"@id\":\"https:\\\/\\\/www.eldigitaldeasturias.com\\\/noticias\\\/casado-la-mayoria-de-la-sociedad-espanola-pide-seguridad-justicia-y-dignidad-para-las-victimas\\\/#organizationLogo\"},\"image\":{\"@id\":\"https:\\\/\\\/www.eldigitaldeasturias.com\\\/noticias\\\/casado-la-mayoria-de-la-sociedad-espanola-pide-seguridad-justicia-y-dignidad-para-las-victimas\\\/#organizationLogo\"},\"sameAs\":[\"https:\\\/\\\/facebook.com\\\/eldigitaldeasturias\",\"https:\\\/\\\/www.youtube.com\\\/channel\\\/UCZP-2wLEB9Rv6erhFmqVnvg\"],\"address\":{\"@id\":\"https:\\\/\\\/www.eldigitaldeasturias.com\\\/noticias\\\/#postaladdress\",\"@type\":\"PostalAddress\",\"streetAddress\":\"san antonio 4\",\"postalCode\":\"33430\",\"addressLocality\":\"Cand\\u00e1s\",\"addressRegion\":\"Asturias\",\"addressCountry\":\"ES\"}},{\"@type\":\"Person\",\"@id\":\"https:\\\/\\\/www.eldigitaldeasturias.com\\\/noticias\\\/author\\\/admin\\\/#author\",\"url\":\"https:\\\/\\\/www.eldigitaldeasturias.com\\\/noticias\\\/author\\\/admin\\\/\",\"name\":\"El Digital de Asturias\",\"image\":{\"@type\":\"ImageObject\",\"@id\":\"https:\\\/\\\/www.eldigitaldeasturias.com\\\/noticias\\\/casado-la-mayoria-de-la-sociedad-espanola-pide-seguridad-justicia-y-dignidad-para-las-victimas\\\/#authorImage\",\"url\":\"https:\\\/\\\/secure.gravatar.com\\\/avatar\\\/df2aeffc32bcd13f8d26072ef8a91b623d677766deac7f97ca815868cd41bf5e?s=96&d=mm&r=g\",\"width\":96,\"height\":96,\"caption\":\"El Digital de Asturias\"}},{\"@type\":\"WebPage\",\"@id\":\"https:\\\/\\\/www.eldigitaldeasturias.com\\\/noticias\\\/casado-la-mayoria-de-la-sociedad-espanola-pide-seguridad-justicia-y-dignidad-para-las-victimas\\\/#webpage\",\"url\":\"https:\\\/\\\/www.eldigitaldeasturias.com\\\/noticias\\\/casado-la-mayoria-de-la-sociedad-espanola-pide-seguridad-justicia-y-dignidad-para-las-victimas\\\/\",\"name\":\"Casado: \\u201cLa mayor\\u00eda de la sociedad espa\\u00f1ola pide seguridad, justicia y dignidad para las v\\u00edctimas\\u201d - El Digital de Asturias\",\"description\":\"El vicesecretario de Comunicaci\\u00f3n del Partido Popular, Pablo Casado, ha pedido a los partidos pol\\u00edticos que quieren derogar la Prisi\\u00f3n Permanente Revisable que \\u201crecapaciten y escuchen a la mayor\\u00eda de la sociedad espa\\u00f1ola que est\\u00e1 a favor de esta medida\\u201d. As\\u00ed, ha destacado que esta pena es necesaria para que la sociedad pueda defenderse de\",\"inLanguage\":\"es-ES\",\"isPartOf\":{\"@id\":\"https:\\\/\\\/www.eldigitaldeasturias.com\\\/noticias\\\/#website\"},\"breadcrumb\":{\"@id\":\"https:\\\/\\\/www.eldigitaldeasturias.com\\\/noticias\\\/casado-la-mayoria-de-la-sociedad-espanola-pide-seguridad-justicia-y-dignidad-para-las-victimas\\\/#breadcrumblist\"},\"author\":{\"@id\":\"https:\\\/\\\/www.eldigitaldeasturias.com\\\/noticias\\\/author\\\/admin\\\/#author\"},\"creator\":{\"@id\":\"https:\\\/\\\/www.eldigitaldeasturias.com\\\/noticias\\\/author\\\/admin\\\/#author\"},\"image\":{\"@type\":\"ImageObject\",\"url\":972493,\"@id\":\"https:\\\/\\\/www.eldigitaldeasturias.com\\\/noticias\\\/casado-la-mayoria-de-la-sociedad-espanola-pide-seguridad-justicia-y-dignidad-para-las-victimas\\\/#mainImage\"},\"primaryImageOfPage\":{\"@id\":\"https:\\\/\\\/www.eldigitaldeasturias.com\\\/noticias\\\/casado-la-mayoria-de-la-sociedad-espanola-pide-seguridad-justicia-y-dignidad-para-las-victimas\\\/#mainImage\"},\"datePublished\":\"2018-03-19T02:09:27+01:00\",\"dateModified\":\"2018-03-19T02:09:27+01:00\"},{\"@type\":\"WebSite\",\"@id\":\"https:\\\/\\\/www.eldigitaldeasturias.com\\\/noticias\\\/#website\",\"url\":\"https:\\\/\\\/www.eldigitaldeasturias.com\\\/noticias\\\/\",\"name\":\"El Digital de Asturias - Diario de actualidad y noticias\",\"alternateName\":\"El Digital de Asturias - Diario de actualidad y noticias\",\"description\":\"Hemeroteca\",\"inLanguage\":\"es-ES\",\"publisher\":{\"@id\":\"https:\\\/\\\/www.eldigitaldeasturias.com\\\/noticias\\\/#organization\"}}]}\n\t\t<\/script>\n\t\t<!-- All in One SEO Pro -->\r\n\t\t<title>Casado: \u201cLa mayor\u00eda de la sociedad espa\u00f1ola pide seguridad, justicia y dignidad para las v\u00edctimas\u201d - El Digital de Asturias<\/title>\n\n","aioseo_head_json":{"title":"Casado: \u201cLa mayor\u00eda de la sociedad espa\u00f1ola pide seguridad, justicia y dignidad para las v\u00edctimas\u201d - El Digital de Asturias","description":"El vicesecretario de Comunicaci\u00f3n del Partido Popular, Pablo Casado, ha pedido a los partidos pol\u00edticos que quieren derogar la Prisi\u00f3n Permanente Revisable que \u201crecapaciten y escuchen a la mayor\u00eda de la sociedad espa\u00f1ola que est\u00e1 a favor de esta medida\u201d. As\u00ed, ha destacado que esta pena es necesaria para que la sociedad pueda defenderse de","canonical_url":"https:\/\/www.eldigitaldeasturias.com\/noticias\/casado-la-mayoria-de-la-sociedad-espanola-pide-seguridad-justicia-y-dignidad-para-las-victimas\/","robots":"max-image-preview:large","keywords":"actualidad","webmasterTools":{"google-site-verification":"UA-38556648-1","msvalidate.01":"7dfe9f3f1b24437ab69f4f2559babe99","miscellaneous":""},"schema":{"@context":"https:\/\/schema.org","@graph":[{"@type":"BlogPosting","@id":"https:\/\/www.eldigitaldeasturias.com\/noticias\/casado-la-mayoria-de-la-sociedad-espanola-pide-seguridad-justicia-y-dignidad-para-las-victimas\/#blogposting","name":"Casado: \u201cLa mayor\u00eda de la sociedad espa\u00f1ola pide seguridad, justicia y dignidad para las v\u00edctimas\u201d - El Digital de Asturias","headline":"Casado: \u201cLa mayor\u00eda de la sociedad espa\u00f1ola pide seguridad, justicia y dignidad para las v\u00edctimas\u201d","author":{"@id":"https:\/\/www.eldigitaldeasturias.com\/noticias\/author\/admin\/#author"},"publisher":{"@id":"https:\/\/www.eldigitaldeasturias.com\/noticias\/#organization"},"image":{"@type":"ImageObject","url":972493},"datePublished":"2018-03-19T02:09:27+01:00","dateModified":"2018-03-19T02:09:27+01:00","inLanguage":"es-ES","mainEntityOfPage":{"@id":"https:\/\/www.eldigitaldeasturias.com\/noticias\/casado-la-mayoria-de-la-sociedad-espanola-pide-seguridad-justicia-y-dignidad-para-las-victimas\/#webpage"},"isPartOf":{"@id":"https:\/\/www.eldigitaldeasturias.com\/noticias\/casado-la-mayoria-de-la-sociedad-espanola-pide-seguridad-justicia-y-dignidad-para-las-victimas\/#webpage"},"articleSection":"Actualidad"},{"@type":"BreadcrumbList","@id":"https:\/\/www.eldigitaldeasturias.com\/noticias\/casado-la-mayoria-de-la-sociedad-espanola-pide-seguridad-justicia-y-dignidad-para-las-victimas\/#breadcrumblist","itemListElement":[{"@type":"ListItem","@id":"https:\/\/www.eldigitaldeasturias.com\/noticias#listItem","position":1,"name":"Home","item":"https:\/\/www.eldigitaldeasturias.com\/noticias","nextItem":{"@type":"ListItem","@id":"https:\/\/www.eldigitaldeasturias.com\/noticias\/category\/actualidad\/#listItem","name":"Actualidad"}},{"@type":"ListItem","@id":"https:\/\/www.eldigitaldeasturias.com\/noticias\/category\/actualidad\/#listItem","position":2,"name":"Actualidad","item":"https:\/\/www.eldigitaldeasturias.com\/noticias\/category\/actualidad\/","nextItem":{"@type":"ListItem","@id":"https:\/\/www.eldigitaldeasturias.com\/noticias\/casado-la-mayoria-de-la-sociedad-espanola-pide-seguridad-justicia-y-dignidad-para-las-victimas\/#listItem","name":"Casado: \u201cLa mayor\u00eda de la sociedad espa\u00f1ola pide seguridad, justicia y dignidad para las v\u00edctimas\u201d"},"previousItem":{"@type":"ListItem","@id":"https:\/\/www.eldigitaldeasturias.com\/noticias#listItem","name":"Home"}},{"@type":"ListItem","@id":"https:\/\/www.eldigitaldeasturias.com\/noticias\/casado-la-mayoria-de-la-sociedad-espanola-pide-seguridad-justicia-y-dignidad-para-las-victimas\/#listItem","position":3,"name":"Casado: \u201cLa mayor\u00eda de la sociedad espa\u00f1ola pide seguridad, justicia y dignidad para las v\u00edctimas\u201d","previousItem":{"@type":"ListItem","@id":"https:\/\/www.eldigitaldeasturias.com\/noticias\/category\/actualidad\/#listItem","name":"Actualidad"}}]},{"@type":"Organization","@id":"https:\/\/www.eldigitaldeasturias.com\/noticias\/#organization","name":"El Digital de Asturias","description":"Hemeroteca","url":"https:\/\/www.eldigitaldeasturias.com\/noticias\/","email":"info@eldigitaldeasturias.com","telephone":"+34652131393","logo":{"@type":"ImageObject","url":"https:\/\/www.eldigitaldeasturias.com\/noticias\/wp-content\/uploads\/2020\/12\/EDA.jpg","@id":"https:\/\/www.eldigitaldeasturias.com\/noticias\/casado-la-mayoria-de-la-sociedad-espanola-pide-seguridad-justicia-y-dignidad-para-las-victimas\/#organizationLogo"},"image":{"@id":"https:\/\/www.eldigitaldeasturias.com\/noticias\/casado-la-mayoria-de-la-sociedad-espanola-pide-seguridad-justicia-y-dignidad-para-las-victimas\/#organizationLogo"},"sameAs":["https:\/\/facebook.com\/eldigitaldeasturias","https:\/\/www.youtube.com\/channel\/UCZP-2wLEB9Rv6erhFmqVnvg"],"address":{"@id":"https:\/\/www.eldigitaldeasturias.com\/noticias\/#postaladdress","@type":"PostalAddress","streetAddress":"san antonio 4","postalCode":"33430","addressLocality":"Cand\u00e1s","addressRegion":"Asturias","addressCountry":"ES"}},{"@type":"Person","@id":"https:\/\/www.eldigitaldeasturias.com\/noticias\/author\/admin\/#author","url":"https:\/\/www.eldigitaldeasturias.com\/noticias\/author\/admin\/","name":"El Digital de Asturias","image":{"@type":"ImageObject","@id":"https:\/\/www.eldigitaldeasturias.com\/noticias\/casado-la-mayoria-de-la-sociedad-espanola-pide-seguridad-justicia-y-dignidad-para-las-victimas\/#authorImage","url":"https:\/\/secure.gravatar.com\/avatar\/df2aeffc32bcd13f8d26072ef8a91b623d677766deac7f97ca815868cd41bf5e?s=96&d=mm&r=g","width":96,"height":96,"caption":"El Digital de Asturias"}},{"@type":"WebPage","@id":"https:\/\/www.eldigitaldeasturias.com\/noticias\/casado-la-mayoria-de-la-sociedad-espanola-pide-seguridad-justicia-y-dignidad-para-las-victimas\/#webpage","url":"https:\/\/www.eldigitaldeasturias.com\/noticias\/casado-la-mayoria-de-la-sociedad-espanola-pide-seguridad-justicia-y-dignidad-para-las-victimas\/","name":"Casado: \u201cLa mayor\u00eda de la sociedad espa\u00f1ola pide seguridad, justicia y dignidad para las v\u00edctimas\u201d - El Digital de Asturias","description":"El vicesecretario de Comunicaci\u00f3n del Partido Popular, Pablo Casado, ha pedido a los partidos pol\u00edticos que quieren derogar la Prisi\u00f3n Permanente Revisable que \u201crecapaciten y escuchen a la mayor\u00eda de la sociedad espa\u00f1ola que est\u00e1 a favor de esta medida\u201d. As\u00ed, ha destacado que esta pena es necesaria para que la sociedad pueda defenderse de","inLanguage":"es-ES","isPartOf":{"@id":"https:\/\/www.eldigitaldeasturias.com\/noticias\/#website"},"breadcrumb":{"@id":"https:\/\/www.eldigitaldeasturias.com\/noticias\/casado-la-mayoria-de-la-sociedad-espanola-pide-seguridad-justicia-y-dignidad-para-las-victimas\/#breadcrumblist"},"author":{"@id":"https:\/\/www.eldigitaldeasturias.com\/noticias\/author\/admin\/#author"},"creator":{"@id":"https:\/\/www.eldigitaldeasturias.com\/noticias\/author\/admin\/#author"},"image":{"@type":"ImageObject","url":972493,"@id":"https:\/\/www.eldigitaldeasturias.com\/noticias\/casado-la-mayoria-de-la-sociedad-espanola-pide-seguridad-justicia-y-dignidad-para-las-victimas\/#mainImage"},"primaryImageOfPage":{"@id":"https:\/\/www.eldigitaldeasturias.com\/noticias\/casado-la-mayoria-de-la-sociedad-espanola-pide-seguridad-justicia-y-dignidad-para-las-victimas\/#mainImage"},"datePublished":"2018-03-19T02:09:27+01:00","dateModified":"2018-03-19T02:09:27+01:00"},{"@type":"WebSite","@id":"https:\/\/www.eldigitaldeasturias.com\/noticias\/#website","url":"https:\/\/www.eldigitaldeasturias.com\/noticias\/","name":"El Digital de Asturias - Diario de actualidad y noticias","alternateName":"El Digital de Asturias - Diario de actualidad y noticias","description":"Hemeroteca","inLanguage":"es-ES","publisher":{"@id":"https:\/\/www.eldigitaldeasturias.com\/noticias\/#organization"}}]},"og:locale":"es_ES","og:site_name":"El Digital de Asturias","og:type":"article","og:title":"Casado: \u201cLa mayor\u00eda de la sociedad espa\u00f1ola pide seguridad, justicia y dignidad para las v\u00edctimas\u201d - El Digital de Asturias","og:description":"El vicesecretario de Comunicaci\u00f3n del Partido Popular, Pablo Casado, ha pedido a los partidos pol\u00edticos que quieren derogar la Prisi\u00f3n Permanente Revisable que \u201crecapaciten y escuchen a la mayor\u00eda de la sociedad espa\u00f1ola que est\u00e1 a favor de esta medida\u201d. As\u00ed, ha destacado que esta pena es necesaria para que la sociedad pueda defenderse de","og:url":"https:\/\/www.eldigitaldeasturias.com\/noticias\/casado-la-mayoria-de-la-sociedad-espanola-pide-seguridad-justicia-y-dignidad-para-las-victimas\/","article:tag":["actualidad"],"article:published_time":"2018-03-19T02:09:27+00:00","article:modified_time":"2018-03-19T02:09:27+00:00","article:publisher":"https:\/\/facebook.com\/eldigitaldeasturias","twitter:card":"summary_large_image","twitter:title":"Casado: \u201cLa mayor\u00eda de la sociedad espa\u00f1ola pide seguridad, justicia y dignidad para las v\u00edctimas\u201d - El Digital de Asturias","twitter:description":"El vicesecretario de Comunicaci\u00f3n del Partido Popular, Pablo Casado, ha pedido a los partidos pol\u00edticos que quieren derogar la Prisi\u00f3n Permanente Revisable que \u201crecapaciten y escuchen a la mayor\u00eda de la sociedad espa\u00f1ola que est\u00e1 a favor de esta medida\u201d. As\u00ed, ha destacado que esta pena es necesaria para que la sociedad pueda defenderse de","twitter:image":"https:\/\/www.eldigitaldeasturias.com\/noticias\/wp-content\/uploads\/2020\/12\/EDA-1.jpg","twitter:label1":"Escrito por","twitter:data1":"El Digital de Asturias","twitter:label2":"Tiempo de lectura estimado","twitter:data2":"2 minutos"},"aioseo_meta_data":{"post_id":"972492","title":null,"description":null,"keywords":null,"keyphrases":null,"primary_term":null,"canonical_url":null,"og_title":null,"og_description":null,"og_object_type":"default","og_image_type":"default","og_image_url":null,"og_image_width":null,"og_image_height":null,"og_image_custom_url":null,"og_image_custom_fields":null,"og_video":null,"og_custom_url":null,"og_article_section":null,"og_article_tags":null,"twitter_use_og":false,"twitter_card":"default","twitter_image_type":"default","twitter_image_url":null,"twitter_image_custom_url":null,"twitter_image_custom_fields":null,"twitter_title":null,"twitter_description":null,"schema":{"blockGraphs":[],"customGraphs":[],"default":{"data":{"Article":[],"Course":[],"Dataset":[],"FAQPage":[],"Movie":[],"Person":[],"Product":[],"ProductReview":[],"Car":[],"Recipe":[],"Service":[],"SoftwareApplication":[],"WebPage":[]},"graphName":"","isEnabled":true},"graphs":[],"defaultGraph":"","defaultPostTypeGraph":""},"schema_type":null,"schema_type_options":null,"pillar_content":false,"robots_default":true,"robots_noindex":false,"robots_noarchive":false,"robots_nosnippet":false,"robots_nofollow":false,"robots_noimageindex":false,"robots_noodp":false,"robots_notranslate":false,"robots_max_snippet":null,"robots_max_videopreview":null,"robots_max_imagepreview":"large","priority":null,"frequency":null,"local_seo":null,"seo_analyzer_scan_date":"2025-10-07 12:55:06","breadcrumb_settings":null,"limit_modified_date":false,"open_ai":null,"ai":null,"created":"2020-12-21 12:18:39","updated":"2025-10-07 12:55:06","focus_keyword":null,"additional_keywords":null,"truseo_locale":null},"aioseo_breadcrumb":"<div class=\"aioseo-breadcrumbs\"><span class=\"aioseo-breadcrumb\">\n\t<a href=\"https:\/\/www.eldigitaldeasturias.com\/noticias\" title=\"Home\">Home<\/a>\n<\/span><span class=\"aioseo-breadcrumb-separator\">\u2013<\/span><span class=\"aioseo-breadcrumb\">\n\t<a href=\"https:\/\/www.eldigitaldeasturias.com\/noticias\/category\/actualidad\/\" title=\"Actualidad\">Actualidad<\/a>\n<\/span><span class=\"aioseo-breadcrumb-separator\">\u2013<\/span><span class=\"aioseo-breadcrumb\">\n\t<a href=\"https:\/\/www.eldigitaldeasturias.com\/noticias\/casado-la-mayoria-de-la-sociedad-espanola-pide-seguridad-justicia-y-dignidad-para-las-victimas\/\" title=\"Casado: \u201cLa mayor\u00eda de la sociedad espa\u00f1ola pide seguridad, justicia y dignidad para las v\u00edctimas\u201d\">Casado: \u201cLa mayor\u00eda de la sociedad espa\u00f1ola pide seguridad, justicia y dignidad para las v\u00edctimas\u201d<\/a>\n<\/span><\/div>","aioseo_breadcrumb_json":[{"label":"Home","link":"https:\/\/www.eldigitaldeasturias.com\/noticias"},{"label":"Actualidad","link":"https:\/\/www.eldigitaldeasturias.com\/noticias\/category\/actualidad\/"},{"label":"Casado: \u201cLa mayor\u00eda de la sociedad espa\u00f1ola pide seguridad, justicia y dignidad para las v\u00edctimas\u201d","link":"https:\/\/www.eldigitaldeasturias.com\/noticias\/casado-la-mayoria-de-la-sociedad-espanola-pide-seguridad-justicia-y-dignidad-para-las-victimas\/"}],"_links":{"self":[{"href":"https:\/\/www.eldigitaldeasturias.com\/noticias\/wp-json\/wp\/v2\/posts\/972492","targetHints":{"allow":["GET"]}}],"collection":[{"href":"https:\/\/www.eldigitaldeasturias.com\/noticias\/wp-json\/wp\/v2\/posts"}],"about":[{"href":"https:\/\/www.eldigitaldeasturias.com\/noticias\/wp-json\/wp\/v2\/types\/post"}],"author":[{"embeddable":true,"href":"https:\/\/www.eldigitaldeasturias.com\/noticias\/wp-json\/wp\/v2\/users\/1"}],"replies":[{"embeddable":true,"href":"https:\/\/www.eldigitaldeasturias.com\/noticias\/wp-json\/wp\/v2\/comments?post=972492"}],"version-history":[{"count":0,"href":"https:\/\/www.eldigitaldeasturias.com\/noticias\/wp-json\/wp\/v2\/posts\/972492\/revisions"}],"wp:attachment":[{"href":"https:\/\/www.eldigitaldeasturias.com\/noticias\/wp-json\/wp\/v2\/media?parent=972492"}],"wp:term":[{"taxonomy":"category","embeddable":true,"href":"https:\/\/www.eldigitaldeasturias.com\/noticias\/wp-json\/wp\/v2\/categories?post=972492"},{"taxonomy":"post_tag","embeddable":true,"href":"https:\/\/www.eldigitaldeasturias.com\/noticias\/wp-json\/wp\/v2\/tags?post=972492"}],"curies":[{"name":"wp","href":"https:\/\/api.w.org\/{rel}","templated":true}]}}