{"id":972486,"date":"2018-03-19T01:58:57","date_gmt":"2018-03-19T01:58:57","guid":{"rendered":"http:\/\/www.eldigitaldeasturias.com\/noticias\/?p=972486"},"modified":"2018-03-19T01:58:57","modified_gmt":"2018-03-19T01:58:57","slug":"regalo-por-el-dia-de-los-martires-ejercito-turco-conquista-afrin","status":"publish","type":"post","link":"https:\/\/www.eldigitaldeasturias.com\/noticias\/regalo-por-el-dia-de-los-martires-ejercito-turco-conquista-afrin\/","title":{"rendered":"\u00bfRegalo por el D\u00eda de los M\u00e1rtires?: Ej\u00e9rcito turco conquista Afrin"},"content":{"rendered":"<p><img loading=\"lazy\" decoding=\"async\" class=\"alignleft size-medium wp-image-872935\" src=\"https:\/\/www.eldigitaldeasturias.com\/noticias\/wp-content\/uploads\/2016\/04\/erdogan-360x198.jpg\" alt=\"\" width=\"360\" height=\"198\" \/>Estambul, 18 mar (dpa) &#8211; Los combatientes han colgado la bandera turca del balc\u00f3n del principal edificio de la administraci\u00f3n de Afrin, en el noroeste de Siria, y ondean la bandera verde blanca y negra de la oposici\u00f3n siria. Uno de ellos explica que la conquista de la ciudad kurda es \u00abun regalo\u00bb a Turqu\u00eda por el D\u00eda de los M\u00e1rtirtes.<\/p>\n<p>Los videos que difundieron hoy las fuerzas turcas muestran lo que ya hab\u00eda anunciado previamente el presidente Recep Tayyip Erdogan: la toma de Afrin por parte del Ej\u00e9rcito turco y sus aliados del Ej\u00e9rcito Libre de Siria (ELS).<\/p>\n<p>El ELS tambi\u00e9n public\u00f3 im\u00e1genes de la victoria: \u00abAfrin ha sido liberada del terrorismo\u00bb, se jacta un combatiente con gafas de sol y un arma en la mano. \u00abAfrin vuelve a la revoluci\u00f3n siria. Aqu\u00ed habr\u00e1 libertad y justicia\u00bb.<\/p>\n<p>Para el ELS y Erdogan, la conquista de Afrin es una victoria sobre una \u00aborganizaci\u00f3n terrorista\u00bb, mientras que para los kurdos es un acto de censura y un golpe para el proyecto de autogobernaci\u00f3n en el norte de Siria.<\/p>\n<p>El D\u00eda de los M\u00e1rtires al que se refieren los combatientes tiene un gran significado en Turqu\u00eda. Se celebra el 18 de marzo para conmemorar la batalla de Gal\u00edpoli, en la Primera Guerra Mundial. Aquel d\u00eda, el Ej\u00e9rcito otomano impidi\u00f3 una invasi\u00f3n de la pen\u00ednsula turca por parte de las potencias de la Entente.<\/p>\n<p>En esta ocasi\u00f3n, el objetivo de Erdogan era expulsar de la regi\u00f3n de Afrin a la milicia kurda Unidades de Protecci\u00f3n Popular (YPG), a la que considera una organizaci\u00f3n terrorista. Pese a las cr\u00edticas de que la ofensiva militar, iniciada el 20 de enero, violaba el derecho internacional, el Gobierno turco siempre defendi\u00f3 que lo hac\u00eda para defenderse.<\/p>\n<p>Las YPG est\u00e1n consideradas en Turqu\u00eda como el brazo sirio del proscrito Partido de los Trabajadores del Kurdist\u00e1n (PKK). El PKK, tambi\u00e9n clasificado como terrorista por Estados unidos y la Uni\u00f3n Europea (UE), perpetra con frecuencia ataques en Turqu\u00eda.<\/p>\n<p>Ankara consideraba que Afrin era un refugio del PKK en Siria, aunque se cree que Erdogan aspiraba a la conquista de la ciudad para frenar las aspiraciones de autodeterminaci\u00f3n de los kurdos en su propio pa\u00eds.<\/p>\n<p>\u00abGran parte de los terroristas han huido con el rabo entre las patas\u00bb, dijo Erdogan refiri\u00e9ndose a las YPG, seg\u00fan la agencia Anadolu.<\/p>\n<p>Finalmente, la milicia kurda no resisti\u00f3 y se desmoron\u00f3 m\u00e1s r\u00e1pido de lo esperado por los expertos debido a las grandes p\u00e9rdidas sufridas desde que comenz\u00f3 la operaci\u00f3n. Seg\u00fan el Observatorio Sirio para los Derechos Humanos, excepto unos pocos combatientes que no se quer\u00edan rendir, las YPG se retiraron por completo de Afrin puesto que no ten\u00edan ninguna oportunidad contra el moderno Ej\u00e9rcito turco.<\/p>\n<p>Los kurdos estuvieron considerados durante mucho tiempo como unos de los pocos ganadores de la sangrienta guerra siria. Ya cuando Hafiz al Assad, el padre del actual presidente Bashar Al Assad, estaba en el poder, los kurdos sufr\u00edan represi\u00f3n. Muchos de ellos ni siquiera ten\u00edan pasaporte sirio hasta hace unos pocos a\u00f1os. Pero con el avance de la guerra civil y los enfrentamientos contra la milicia terrorista Estado Isl\u00e1mico (EI), las YPG pudieron controlar grandes \u00e1reas del norte del pa\u00eds y autogestionarse. Adem\u00e1s, se establecieron como uno de los principales aliados de Estados Unidos y de Occidente en la lucha contra el EI.<\/p>\n<p>Pero ahora los kurdos han perdido un territorio que consideraban como su principal basti\u00f3n. De momento no est\u00e1 claro lo que ocurrir\u00e1 con Afrin. El Gobierno turco insiste desde hace semanas en que no pretende ocupar la ciudad de forma permanente, pero tambi\u00e9n que no se la entregar\u00e1 a Al Assad. Puede que finalmente el ELS controle la ciudad junto a la frontera turca.<\/p>\n<p>Ankara anunci\u00f3 adem\u00e1s que tras la victoria en Afrin, avanzar\u00eda hacia el este, hacia otros territorios controlados por kurdos.<\/p>\n<p>Puede que los kurdos se sientan abandonados, pues Rusia, que mantiene buenas relaciones con las YPG, no hizo nada y retir\u00f3 a sus observadores. Ahora todo depender\u00e1 de c\u00f3mo reaccione Washington. \u00bfEvitar\u00e1 el avance turco hacia el este? \u00bfO enviar\u00e1 a casa a sus fuerzas en el norte de Siria? En ese caso, los kurdos quedar\u00edan completamente solos. Incluso un acercamiento al Gobierno sirio no mejorar\u00eda su situaci\u00f3n, puesto que las tropas de Al Assad est\u00e1n demasiado agotadas tras siete a\u00f1os de guerra como para frenar al Ej\u00e9rcito turco.<\/p>\n<p>Por Miriam Schmitt y Jan Kuhlmann (dpa)<\/p>\n","protected":false},"excerpt":{"rendered":"<p>Estambul, 18 mar (dpa) &#8211; Los combatientes han colgado la bandera turca del balc\u00f3n del principal edificio de la administraci\u00f3n de Afrin, en el noroeste de Siria, y ondean la bandera verde blanca y negra de la oposici\u00f3n siria. Uno de ellos explica que la conquista de la ciudad kurda es \u00abun regalo\u00bb a Turqu\u00eda [&hellip;]<\/p>\n","protected":false},"author":1,"featured_media":872935,"comment_status":"closed","ping_status":"closed","sticky":false,"template":"","format":"standard","meta":{"footnotes":""},"categories":[1],"tags":[],"class_list":["post-972486","post","type-post","status-publish","format-standard","has-post-thumbnail","hentry","category-actualidad"],"aioseo_notices":[],"aioseo_head":"\n\t\t<!-- All in One SEO Pro 5.0.1 - aioseo.com -->\n\t<meta name=\"description\" content=\"Estambul, 18 mar (dpa) - Los combatientes han colgado la bandera turca del balc\u00f3n del principal edificio de la administraci\u00f3n de Afrin, en el noroeste de Siria, y ondean la bandera verde blanca y negra de la oposici\u00f3n siria. Uno de ellos explica que la conquista de la ciudad kurda es &quot;un regalo&quot; a Turqu\u00eda\" \/>\n\t<meta name=\"robots\" content=\"max-image-preview:large\" \/>\n\t<meta name=\"author\" content=\"El Digital de Asturias\"\/>\n\t<meta name=\"google-site-verification\" content=\"UA-38556648-1\" \/>\n\t<meta name=\"msvalidate.01\" content=\"7dfe9f3f1b24437ab69f4f2559babe99\" \/>\n\t<meta name=\"keywords\" content=\"actualidad\" \/>\n\t<link rel=\"canonical\" href=\"https:\/\/www.eldigitaldeasturias.com\/noticias\/regalo-por-el-dia-de-los-martires-ejercito-turco-conquista-afrin\/\" \/>\n\t<meta name=\"generator\" content=\"All in One SEO Pro (AIOSEO) 5.0.1\" \/>\n\t\t<meta property=\"og:locale\" content=\"es_ES\" \/>\n\t\t<meta property=\"og:site_name\" content=\"El Digital de Asturias\" \/>\n\t\t<meta property=\"og:type\" content=\"article\" \/>\n\t\t<meta property=\"og:title\" content=\"\u00bfRegalo por el D\u00eda de los M\u00e1rtires?: Ej\u00e9rcito turco conquista Afrin - El Digital de Asturias\" \/>\n\t\t<meta property=\"og:description\" content=\"Estambul, 18 mar (dpa) - Los combatientes han colgado la bandera turca del balc\u00f3n del principal edificio de la administraci\u00f3n de Afrin, en el noroeste de Siria, y ondean la bandera verde blanca y negra de la oposici\u00f3n siria. Uno de ellos explica que la conquista de la ciudad kurda es &quot;un regalo&quot; a Turqu\u00eda\" \/>\n\t\t<meta property=\"og:url\" content=\"https:\/\/www.eldigitaldeasturias.com\/noticias\/regalo-por-el-dia-de-los-martires-ejercito-turco-conquista-afrin\/\" \/>\n\t\t<meta property=\"article:tag\" content=\"actualidad\" \/>\n\t\t<meta property=\"article:published_time\" content=\"2018-03-19T01:58:57+00:00\" \/>\n\t\t<meta property=\"article:modified_time\" content=\"2018-03-19T01:58:57+00:00\" \/>\n\t\t<meta property=\"article:publisher\" content=\"https:\/\/facebook.com\/eldigitaldeasturias\" \/>\n\t\t<meta name=\"twitter:card\" content=\"summary_large_image\" \/>\n\t\t<meta name=\"twitter:title\" content=\"\u00bfRegalo por el D\u00eda de los M\u00e1rtires?: Ej\u00e9rcito turco conquista Afrin - El Digital de Asturias\" \/>\n\t\t<meta name=\"twitter:description\" content=\"Estambul, 18 mar (dpa) - Los combatientes han colgado la bandera turca del balc\u00f3n del principal edificio de la administraci\u00f3n de Afrin, en el noroeste de Siria, y ondean la bandera verde blanca y negra de la oposici\u00f3n siria. Uno de ellos explica que la conquista de la ciudad kurda es &quot;un regalo&quot; a Turqu\u00eda\" \/>\n\t\t<meta name=\"twitter:image\" content=\"https:\/\/www.eldigitaldeasturias.com\/noticias\/wp-content\/uploads\/2020\/12\/EDA-1.jpg\" \/>\n\t\t<meta name=\"twitter:label1\" content=\"Escrito por\" \/>\n\t\t<meta name=\"twitter:data1\" content=\"El Digital de Asturias\" \/>\n\t\t<meta name=\"twitter:label2\" content=\"Tiempo de lectura estimado\" \/>\n\t\t<meta name=\"twitter:data2\" content=\"4 minutos\" \/>\n\t\t<script type=\"application\/ld+json\" class=\"aioseo-schema\">\n\t\t\t{\"@context\":\"https:\\\/\\\/schema.org\",\"@graph\":[{\"@type\":\"BlogPosting\",\"@id\":\"https:\\\/\\\/www.eldigitaldeasturias.com\\\/noticias\\\/regalo-por-el-dia-de-los-martires-ejercito-turco-conquista-afrin\\\/#blogposting\",\"name\":\"\\u00bfRegalo por el D\\u00eda de los M\\u00e1rtires?: Ej\\u00e9rcito turco conquista Afrin - El Digital de Asturias\",\"headline\":\"\\u00bfRegalo por el D\\u00eda de los M\\u00e1rtires?: Ej\\u00e9rcito turco conquista Afrin\",\"author\":{\"@id\":\"https:\\\/\\\/www.eldigitaldeasturias.com\\\/noticias\\\/author\\\/admin\\\/#author\"},\"publisher\":{\"@id\":\"https:\\\/\\\/www.eldigitaldeasturias.com\\\/noticias\\\/#organization\"},\"image\":{\"@type\":\"ImageObject\",\"url\":872935},\"datePublished\":\"2018-03-19T01:58:57+01:00\",\"dateModified\":\"2018-03-19T01:58:57+01:00\",\"inLanguage\":\"es-ES\",\"mainEntityOfPage\":{\"@id\":\"https:\\\/\\\/www.eldigitaldeasturias.com\\\/noticias\\\/regalo-por-el-dia-de-los-martires-ejercito-turco-conquista-afrin\\\/#webpage\"},\"isPartOf\":{\"@id\":\"https:\\\/\\\/www.eldigitaldeasturias.com\\\/noticias\\\/regalo-por-el-dia-de-los-martires-ejercito-turco-conquista-afrin\\\/#webpage\"},\"articleSection\":\"Actualidad\"},{\"@type\":\"BreadcrumbList\",\"@id\":\"https:\\\/\\\/www.eldigitaldeasturias.com\\\/noticias\\\/regalo-por-el-dia-de-los-martires-ejercito-turco-conquista-afrin\\\/#breadcrumblist\",\"itemListElement\":[{\"@type\":\"ListItem\",\"@id\":\"https:\\\/\\\/www.eldigitaldeasturias.com\\\/noticias#listItem\",\"position\":1,\"name\":\"Home\",\"item\":\"https:\\\/\\\/www.eldigitaldeasturias.com\\\/noticias\",\"nextItem\":{\"@type\":\"ListItem\",\"@id\":\"https:\\\/\\\/www.eldigitaldeasturias.com\\\/noticias\\\/category\\\/actualidad\\\/#listItem\",\"name\":\"Actualidad\"}},{\"@type\":\"ListItem\",\"@id\":\"https:\\\/\\\/www.eldigitaldeasturias.com\\\/noticias\\\/category\\\/actualidad\\\/#listItem\",\"position\":2,\"name\":\"Actualidad\",\"item\":\"https:\\\/\\\/www.eldigitaldeasturias.com\\\/noticias\\\/category\\\/actualidad\\\/\",\"nextItem\":{\"@type\":\"ListItem\",\"@id\":\"https:\\\/\\\/www.eldigitaldeasturias.com\\\/noticias\\\/regalo-por-el-dia-de-los-martires-ejercito-turco-conquista-afrin\\\/#listItem\",\"name\":\"\\u00bfRegalo por el D\\u00eda de los M\\u00e1rtires?: Ej\\u00e9rcito turco conquista Afrin\"},\"previousItem\":{\"@type\":\"ListItem\",\"@id\":\"https:\\\/\\\/www.eldigitaldeasturias.com\\\/noticias#listItem\",\"name\":\"Home\"}},{\"@type\":\"ListItem\",\"@id\":\"https:\\\/\\\/www.eldigitaldeasturias.com\\\/noticias\\\/regalo-por-el-dia-de-los-martires-ejercito-turco-conquista-afrin\\\/#listItem\",\"position\":3,\"name\":\"\\u00bfRegalo por el D\\u00eda de los M\\u00e1rtires?: Ej\\u00e9rcito turco conquista Afrin\",\"previousItem\":{\"@type\":\"ListItem\",\"@id\":\"https:\\\/\\\/www.eldigitaldeasturias.com\\\/noticias\\\/category\\\/actualidad\\\/#listItem\",\"name\":\"Actualidad\"}}]},{\"@type\":\"Organization\",\"@id\":\"https:\\\/\\\/www.eldigitaldeasturias.com\\\/noticias\\\/#organization\",\"name\":\"El Digital de Asturias\",\"description\":\"Hemeroteca\",\"url\":\"https:\\\/\\\/www.eldigitaldeasturias.com\\\/noticias\\\/\",\"email\":\"info@eldigitaldeasturias.com\",\"telephone\":\"+34652131393\",\"logo\":{\"@type\":\"ImageObject\",\"url\":\"https:\\\/\\\/www.eldigitaldeasturias.com\\\/noticias\\\/wp-content\\\/uploads\\\/2020\\\/12\\\/EDA.jpg\",\"@id\":\"https:\\\/\\\/www.eldigitaldeasturias.com\\\/noticias\\\/regalo-por-el-dia-de-los-martires-ejercito-turco-conquista-afrin\\\/#organizationLogo\"},\"image\":{\"@id\":\"https:\\\/\\\/www.eldigitaldeasturias.com\\\/noticias\\\/regalo-por-el-dia-de-los-martires-ejercito-turco-conquista-afrin\\\/#organizationLogo\"},\"sameAs\":[\"https:\\\/\\\/facebook.com\\\/eldigitaldeasturias\",\"https:\\\/\\\/www.youtube.com\\\/channel\\\/UCZP-2wLEB9Rv6erhFmqVnvg\"],\"address\":{\"@id\":\"https:\\\/\\\/www.eldigitaldeasturias.com\\\/noticias\\\/#postaladdress\",\"@type\":\"PostalAddress\",\"streetAddress\":\"san antonio 4\",\"postalCode\":\"33430\",\"addressLocality\":\"Cand\\u00e1s\",\"addressRegion\":\"Asturias\",\"addressCountry\":\"ES\"}},{\"@type\":\"Person\",\"@id\":\"https:\\\/\\\/www.eldigitaldeasturias.com\\\/noticias\\\/author\\\/admin\\\/#author\",\"url\":\"https:\\\/\\\/www.eldigitaldeasturias.com\\\/noticias\\\/author\\\/admin\\\/\",\"name\":\"El Digital de Asturias\",\"image\":{\"@type\":\"ImageObject\",\"@id\":\"https:\\\/\\\/www.eldigitaldeasturias.com\\\/noticias\\\/regalo-por-el-dia-de-los-martires-ejercito-turco-conquista-afrin\\\/#authorImage\",\"url\":\"https:\\\/\\\/secure.gravatar.com\\\/avatar\\\/df2aeffc32bcd13f8d26072ef8a91b623d677766deac7f97ca815868cd41bf5e?s=96&d=mm&r=g\",\"width\":96,\"height\":96,\"caption\":\"El Digital de Asturias\"}},{\"@type\":\"WebPage\",\"@id\":\"https:\\\/\\\/www.eldigitaldeasturias.com\\\/noticias\\\/regalo-por-el-dia-de-los-martires-ejercito-turco-conquista-afrin\\\/#webpage\",\"url\":\"https:\\\/\\\/www.eldigitaldeasturias.com\\\/noticias\\\/regalo-por-el-dia-de-los-martires-ejercito-turco-conquista-afrin\\\/\",\"name\":\"\\u00bfRegalo por el D\\u00eda de los M\\u00e1rtires?: Ej\\u00e9rcito turco conquista Afrin - El Digital de Asturias\",\"description\":\"Estambul, 18 mar (dpa) - Los combatientes han colgado la bandera turca del balc\\u00f3n del principal edificio de la administraci\\u00f3n de Afrin, en el noroeste de Siria, y ondean la bandera verde blanca y negra de la oposici\\u00f3n siria. Uno de ellos explica que la conquista de la ciudad kurda es \\\"un regalo\\\" a Turqu\\u00eda\",\"inLanguage\":\"es-ES\",\"isPartOf\":{\"@id\":\"https:\\\/\\\/www.eldigitaldeasturias.com\\\/noticias\\\/#website\"},\"breadcrumb\":{\"@id\":\"https:\\\/\\\/www.eldigitaldeasturias.com\\\/noticias\\\/regalo-por-el-dia-de-los-martires-ejercito-turco-conquista-afrin\\\/#breadcrumblist\"},\"author\":{\"@id\":\"https:\\\/\\\/www.eldigitaldeasturias.com\\\/noticias\\\/author\\\/admin\\\/#author\"},\"creator\":{\"@id\":\"https:\\\/\\\/www.eldigitaldeasturias.com\\\/noticias\\\/author\\\/admin\\\/#author\"},\"image\":{\"@type\":\"ImageObject\",\"url\":872935,\"@id\":\"https:\\\/\\\/www.eldigitaldeasturias.com\\\/noticias\\\/regalo-por-el-dia-de-los-martires-ejercito-turco-conquista-afrin\\\/#mainImage\"},\"primaryImageOfPage\":{\"@id\":\"https:\\\/\\\/www.eldigitaldeasturias.com\\\/noticias\\\/regalo-por-el-dia-de-los-martires-ejercito-turco-conquista-afrin\\\/#mainImage\"},\"datePublished\":\"2018-03-19T01:58:57+01:00\",\"dateModified\":\"2018-03-19T01:58:57+01:00\"},{\"@type\":\"WebSite\",\"@id\":\"https:\\\/\\\/www.eldigitaldeasturias.com\\\/noticias\\\/#website\",\"url\":\"https:\\\/\\\/www.eldigitaldeasturias.com\\\/noticias\\\/\",\"name\":\"El Digital de Asturias - Diario de actualidad y noticias\",\"alternateName\":\"El Digital de Asturias - Diario de actualidad y noticias\",\"description\":\"Hemeroteca\",\"inLanguage\":\"es-ES\",\"publisher\":{\"@id\":\"https:\\\/\\\/www.eldigitaldeasturias.com\\\/noticias\\\/#organization\"}}]}\n\t\t<\/script>\n\t\t<!-- All in One SEO Pro -->\r\n\t\t<title>\u00bfRegalo por el D\u00eda de los M\u00e1rtires?: Ej\u00e9rcito turco conquista Afrin - El Digital de Asturias<\/title>\n\n","aioseo_head_json":{"title":"\u00bfRegalo por el D\u00eda de los M\u00e1rtires?: Ej\u00e9rcito turco conquista Afrin - El Digital de Asturias","description":"Estambul, 18 mar (dpa) - Los combatientes han colgado la bandera turca del balc\u00f3n del principal edificio de la administraci\u00f3n de Afrin, en el noroeste de Siria, y ondean la bandera verde blanca y negra de la oposici\u00f3n siria. Uno de ellos explica que la conquista de la ciudad kurda es \"un regalo\" a Turqu\u00eda","canonical_url":"https:\/\/www.eldigitaldeasturias.com\/noticias\/regalo-por-el-dia-de-los-martires-ejercito-turco-conquista-afrin\/","robots":"max-image-preview:large","keywords":"actualidad","webmasterTools":{"google-site-verification":"UA-38556648-1","msvalidate.01":"7dfe9f3f1b24437ab69f4f2559babe99","miscellaneous":""},"schema":{"@context":"https:\/\/schema.org","@graph":[{"@type":"BlogPosting","@id":"https:\/\/www.eldigitaldeasturias.com\/noticias\/regalo-por-el-dia-de-los-martires-ejercito-turco-conquista-afrin\/#blogposting","name":"\u00bfRegalo por el D\u00eda de los M\u00e1rtires?: Ej\u00e9rcito turco conquista Afrin - El Digital de Asturias","headline":"\u00bfRegalo por el D\u00eda de los M\u00e1rtires?: Ej\u00e9rcito turco conquista Afrin","author":{"@id":"https:\/\/www.eldigitaldeasturias.com\/noticias\/author\/admin\/#author"},"publisher":{"@id":"https:\/\/www.eldigitaldeasturias.com\/noticias\/#organization"},"image":{"@type":"ImageObject","url":872935},"datePublished":"2018-03-19T01:58:57+01:00","dateModified":"2018-03-19T01:58:57+01:00","inLanguage":"es-ES","mainEntityOfPage":{"@id":"https:\/\/www.eldigitaldeasturias.com\/noticias\/regalo-por-el-dia-de-los-martires-ejercito-turco-conquista-afrin\/#webpage"},"isPartOf":{"@id":"https:\/\/www.eldigitaldeasturias.com\/noticias\/regalo-por-el-dia-de-los-martires-ejercito-turco-conquista-afrin\/#webpage"},"articleSection":"Actualidad"},{"@type":"BreadcrumbList","@id":"https:\/\/www.eldigitaldeasturias.com\/noticias\/regalo-por-el-dia-de-los-martires-ejercito-turco-conquista-afrin\/#breadcrumblist","itemListElement":[{"@type":"ListItem","@id":"https:\/\/www.eldigitaldeasturias.com\/noticias#listItem","position":1,"name":"Home","item":"https:\/\/www.eldigitaldeasturias.com\/noticias","nextItem":{"@type":"ListItem","@id":"https:\/\/www.eldigitaldeasturias.com\/noticias\/category\/actualidad\/#listItem","name":"Actualidad"}},{"@type":"ListItem","@id":"https:\/\/www.eldigitaldeasturias.com\/noticias\/category\/actualidad\/#listItem","position":2,"name":"Actualidad","item":"https:\/\/www.eldigitaldeasturias.com\/noticias\/category\/actualidad\/","nextItem":{"@type":"ListItem","@id":"https:\/\/www.eldigitaldeasturias.com\/noticias\/regalo-por-el-dia-de-los-martires-ejercito-turco-conquista-afrin\/#listItem","name":"\u00bfRegalo por el D\u00eda de los M\u00e1rtires?: Ej\u00e9rcito turco conquista Afrin"},"previousItem":{"@type":"ListItem","@id":"https:\/\/www.eldigitaldeasturias.com\/noticias#listItem","name":"Home"}},{"@type":"ListItem","@id":"https:\/\/www.eldigitaldeasturias.com\/noticias\/regalo-por-el-dia-de-los-martires-ejercito-turco-conquista-afrin\/#listItem","position":3,"name":"\u00bfRegalo por el D\u00eda de los M\u00e1rtires?: Ej\u00e9rcito turco conquista Afrin","previousItem":{"@type":"ListItem","@id":"https:\/\/www.eldigitaldeasturias.com\/noticias\/category\/actualidad\/#listItem","name":"Actualidad"}}]},{"@type":"Organization","@id":"https:\/\/www.eldigitaldeasturias.com\/noticias\/#organization","name":"El Digital de Asturias","description":"Hemeroteca","url":"https:\/\/www.eldigitaldeasturias.com\/noticias\/","email":"info@eldigitaldeasturias.com","telephone":"+34652131393","logo":{"@type":"ImageObject","url":"https:\/\/www.eldigitaldeasturias.com\/noticias\/wp-content\/uploads\/2020\/12\/EDA.jpg","@id":"https:\/\/www.eldigitaldeasturias.com\/noticias\/regalo-por-el-dia-de-los-martires-ejercito-turco-conquista-afrin\/#organizationLogo"},"image":{"@id":"https:\/\/www.eldigitaldeasturias.com\/noticias\/regalo-por-el-dia-de-los-martires-ejercito-turco-conquista-afrin\/#organizationLogo"},"sameAs":["https:\/\/facebook.com\/eldigitaldeasturias","https:\/\/www.youtube.com\/channel\/UCZP-2wLEB9Rv6erhFmqVnvg"],"address":{"@id":"https:\/\/www.eldigitaldeasturias.com\/noticias\/#postaladdress","@type":"PostalAddress","streetAddress":"san antonio 4","postalCode":"33430","addressLocality":"Cand\u00e1s","addressRegion":"Asturias","addressCountry":"ES"}},{"@type":"Person","@id":"https:\/\/www.eldigitaldeasturias.com\/noticias\/author\/admin\/#author","url":"https:\/\/www.eldigitaldeasturias.com\/noticias\/author\/admin\/","name":"El Digital de Asturias","image":{"@type":"ImageObject","@id":"https:\/\/www.eldigitaldeasturias.com\/noticias\/regalo-por-el-dia-de-los-martires-ejercito-turco-conquista-afrin\/#authorImage","url":"https:\/\/secure.gravatar.com\/avatar\/df2aeffc32bcd13f8d26072ef8a91b623d677766deac7f97ca815868cd41bf5e?s=96&d=mm&r=g","width":96,"height":96,"caption":"El Digital de Asturias"}},{"@type":"WebPage","@id":"https:\/\/www.eldigitaldeasturias.com\/noticias\/regalo-por-el-dia-de-los-martires-ejercito-turco-conquista-afrin\/#webpage","url":"https:\/\/www.eldigitaldeasturias.com\/noticias\/regalo-por-el-dia-de-los-martires-ejercito-turco-conquista-afrin\/","name":"\u00bfRegalo por el D\u00eda de los M\u00e1rtires?: Ej\u00e9rcito turco conquista Afrin - El Digital de Asturias","description":"Estambul, 18 mar (dpa) - Los combatientes han colgado la bandera turca del balc\u00f3n del principal edificio de la administraci\u00f3n de Afrin, en el noroeste de Siria, y ondean la bandera verde blanca y negra de la oposici\u00f3n siria. Uno de ellos explica que la conquista de la ciudad kurda es \"un regalo\" a Turqu\u00eda","inLanguage":"es-ES","isPartOf":{"@id":"https:\/\/www.eldigitaldeasturias.com\/noticias\/#website"},"breadcrumb":{"@id":"https:\/\/www.eldigitaldeasturias.com\/noticias\/regalo-por-el-dia-de-los-martires-ejercito-turco-conquista-afrin\/#breadcrumblist"},"author":{"@id":"https:\/\/www.eldigitaldeasturias.com\/noticias\/author\/admin\/#author"},"creator":{"@id":"https:\/\/www.eldigitaldeasturias.com\/noticias\/author\/admin\/#author"},"image":{"@type":"ImageObject","url":872935,"@id":"https:\/\/www.eldigitaldeasturias.com\/noticias\/regalo-por-el-dia-de-los-martires-ejercito-turco-conquista-afrin\/#mainImage"},"primaryImageOfPage":{"@id":"https:\/\/www.eldigitaldeasturias.com\/noticias\/regalo-por-el-dia-de-los-martires-ejercito-turco-conquista-afrin\/#mainImage"},"datePublished":"2018-03-19T01:58:57+01:00","dateModified":"2018-03-19T01:58:57+01:00"},{"@type":"WebSite","@id":"https:\/\/www.eldigitaldeasturias.com\/noticias\/#website","url":"https:\/\/www.eldigitaldeasturias.com\/noticias\/","name":"El Digital de Asturias - Diario de actualidad y noticias","alternateName":"El Digital de Asturias - Diario de actualidad y noticias","description":"Hemeroteca","inLanguage":"es-ES","publisher":{"@id":"https:\/\/www.eldigitaldeasturias.com\/noticias\/#organization"}}]},"og:locale":"es_ES","og:site_name":"El Digital de Asturias","og:type":"article","og:title":"\u00bfRegalo por el D\u00eda de los M\u00e1rtires?: Ej\u00e9rcito turco conquista Afrin - El Digital de Asturias","og:description":"Estambul, 18 mar (dpa) - Los combatientes han colgado la bandera turca del balc\u00f3n del principal edificio de la administraci\u00f3n de Afrin, en el noroeste de Siria, y ondean la bandera verde blanca y negra de la oposici\u00f3n siria. Uno de ellos explica que la conquista de la ciudad kurda es &quot;un regalo&quot; a Turqu\u00eda","og:url":"https:\/\/www.eldigitaldeasturias.com\/noticias\/regalo-por-el-dia-de-los-martires-ejercito-turco-conquista-afrin\/","article:tag":["actualidad"],"article:published_time":"2018-03-19T01:58:57+00:00","article:modified_time":"2018-03-19T01:58:57+00:00","article:publisher":"https:\/\/facebook.com\/eldigitaldeasturias","twitter:card":"summary_large_image","twitter:title":"\u00bfRegalo por el D\u00eda de los M\u00e1rtires?: Ej\u00e9rcito turco conquista Afrin - El Digital de Asturias","twitter:description":"Estambul, 18 mar (dpa) - Los combatientes han colgado la bandera turca del balc\u00f3n del principal edificio de la administraci\u00f3n de Afrin, en el noroeste de Siria, y ondean la bandera verde blanca y negra de la oposici\u00f3n siria. Uno de ellos explica que la conquista de la ciudad kurda es &quot;un regalo&quot; a Turqu\u00eda","twitter:image":"https:\/\/www.eldigitaldeasturias.com\/noticias\/wp-content\/uploads\/2020\/12\/EDA-1.jpg","twitter:label1":"Escrito por","twitter:data1":"El Digital de Asturias","twitter:label2":"Tiempo de lectura estimado","twitter:data2":"4 minutos"},"aioseo_meta_data":{"post_id":"972486","title":null,"description":null,"keywords":null,"keyphrases":null,"primary_term":null,"canonical_url":null,"og_title":null,"og_description":null,"og_object_type":"default","og_image_type":"default","og_image_url":null,"og_image_width":null,"og_image_height":null,"og_image_custom_url":null,"og_image_custom_fields":null,"og_video":null,"og_custom_url":null,"og_article_section":null,"og_article_tags":null,"twitter_use_og":false,"twitter_card":"default","twitter_image_type":"default","twitter_image_url":null,"twitter_image_custom_url":null,"twitter_image_custom_fields":null,"twitter_title":null,"twitter_description":null,"schema":{"blockGraphs":[],"customGraphs":[],"default":{"data":{"Article":[],"Course":[],"Dataset":[],"FAQPage":[],"Movie":[],"Person":[],"Product":[],"ProductReview":[],"Car":[],"Recipe":[],"Service":[],"SoftwareApplication":[],"WebPage":[]},"graphName":"","isEnabled":true},"graphs":[],"defaultGraph":"","defaultPostTypeGraph":""},"schema_type":null,"schema_type_options":null,"pillar_content":false,"robots_default":true,"robots_noindex":false,"robots_noarchive":false,"robots_nosnippet":false,"robots_nofollow":false,"robots_noimageindex":false,"robots_noodp":false,"robots_notranslate":false,"robots_max_snippet":null,"robots_max_videopreview":null,"robots_max_imagepreview":"large","priority":null,"frequency":null,"local_seo":null,"seo_analyzer_scan_date":"2025-10-07 12:55:04","breadcrumb_settings":null,"limit_modified_date":false,"open_ai":null,"ai":null,"created":"2020-12-21 12:18:39","updated":"2025-10-07 12:55:04","focus_keyword":null,"additional_keywords":null,"truseo_locale":null},"aioseo_breadcrumb":"<div class=\"aioseo-breadcrumbs\"><span class=\"aioseo-breadcrumb\">\n\t<a href=\"https:\/\/www.eldigitaldeasturias.com\/noticias\" title=\"Home\">Home<\/a>\n<\/span><span class=\"aioseo-breadcrumb-separator\">\u2013<\/span><span class=\"aioseo-breadcrumb\">\n\t<a href=\"https:\/\/www.eldigitaldeasturias.com\/noticias\/category\/actualidad\/\" title=\"Actualidad\">Actualidad<\/a>\n<\/span><span class=\"aioseo-breadcrumb-separator\">\u2013<\/span><span class=\"aioseo-breadcrumb\">\n\t<a href=\"https:\/\/www.eldigitaldeasturias.com\/noticias\/regalo-por-el-dia-de-los-martires-ejercito-turco-conquista-afrin\/\" title=\"\u00bfRegalo por el D\u00eda de los M\u00e1rtires?: Ej\u00e9rcito turco conquista Afrin\">\u00bfRegalo por el D\u00eda de los M\u00e1rtires?: Ej\u00e9rcito turco conquista Afrin<\/a>\n<\/span><\/div>","aioseo_breadcrumb_json":[{"label":"Home","link":"https:\/\/www.eldigitaldeasturias.com\/noticias"},{"label":"Actualidad","link":"https:\/\/www.eldigitaldeasturias.com\/noticias\/category\/actualidad\/"},{"label":"\u00bfRegalo por el D\u00eda de los M\u00e1rtires?: Ej\u00e9rcito turco conquista Afrin","link":"https:\/\/www.eldigitaldeasturias.com\/noticias\/regalo-por-el-dia-de-los-martires-ejercito-turco-conquista-afrin\/"}],"_links":{"self":[{"href":"https:\/\/www.eldigitaldeasturias.com\/noticias\/wp-json\/wp\/v2\/posts\/972486","targetHints":{"allow":["GET"]}}],"collection":[{"href":"https:\/\/www.eldigitaldeasturias.com\/noticias\/wp-json\/wp\/v2\/posts"}],"about":[{"href":"https:\/\/www.eldigitaldeasturias.com\/noticias\/wp-json\/wp\/v2\/types\/post"}],"author":[{"embeddable":true,"href":"https:\/\/www.eldigitaldeasturias.com\/noticias\/wp-json\/wp\/v2\/users\/1"}],"replies":[{"embeddable":true,"href":"https:\/\/www.eldigitaldeasturias.com\/noticias\/wp-json\/wp\/v2\/comments?post=972486"}],"version-history":[{"count":0,"href":"https:\/\/www.eldigitaldeasturias.com\/noticias\/wp-json\/wp\/v2\/posts\/972486\/revisions"}],"wp:attachment":[{"href":"https:\/\/www.eldigitaldeasturias.com\/noticias\/wp-json\/wp\/v2\/media?parent=972486"}],"wp:term":[{"taxonomy":"category","embeddable":true,"href":"https:\/\/www.eldigitaldeasturias.com\/noticias\/wp-json\/wp\/v2\/categories?post=972486"},{"taxonomy":"post_tag","embeddable":true,"href":"https:\/\/www.eldigitaldeasturias.com\/noticias\/wp-json\/wp\/v2\/tags?post=972486"}],"curies":[{"name":"wp","href":"https:\/\/api.w.org\/{rel}","templated":true}]}}