{"id":972481,"date":"2018-03-19T01:47:31","date_gmt":"2018-03-19T01:47:31","guid":{"rendered":"http:\/\/www.eldigitaldeasturias.com\/noticias\/?p=972481"},"modified":"2018-03-19T01:47:31","modified_gmt":"2018-03-19T01:47:31","slug":"miles-de-espanoles-se-manifiestan-a-favor-de-la-prision-permanente-revisable","status":"publish","type":"post","link":"https:\/\/www.eldigitaldeasturias.com\/noticias\/miles-de-espanoles-se-manifiestan-a-favor-de-la-prision-permanente-revisable\/","title":{"rendered":"Miles de espa\u00f1oles se manifiestan a favor de la prisi\u00f3n permanente revisable"},"content":{"rendered":"<p><img loading=\"lazy\" decoding=\"async\" class=\"alignleft size-medium wp-image-972482\" src=\"https:\/\/www.eldigitaldeasturias.com\/noticias\/wp-content\/uploads\/2018\/03\/20180317__mjm7781_0-360x220.jpg\" alt=\"\" width=\"360\" height=\"220\" \/>Huelva (Espa\u00f1a), 18 mar (dpa) &#8211; Varios miles de personas, entre ellas familiares de v\u00edctimas de cr\u00edmenes violentos con gran repercusi\u00f3n, se concentraron hoy en el sur de Espa\u00f1a a favor de la prisi\u00f3n permanente revisable en el marco del debate abierto sobre su posible derogaci\u00f3n.<\/p>\n<p>Con globos y pancartas blancos, los manifestantes corearon en la ciudad de Huelva el lema \u00abNo est\u00e1is solos\u00bb y guardaron un minuto de silencio en memoria de Gabriel, el ni\u00f1o de ocho a\u00f1os que fue hallado estrangulado hace una semana en el maletero de un veh\u00edculo.<\/p>\n<p>El caso conmocion\u00f3 a Espa\u00f1a y aviv\u00f3 el debate sobre la m\u00e1xima pena privativa de libertad del C\u00f3digo Penal espa\u00f1ol, una de las m\u00e1s duras de Europa, que supone pena de c\u00e1rcel por tiempo indefinido sujeta a revisiones cuando el reo cumple entre 25 y 30 a\u00f1os de su condena.<\/p>\n<p>La prisi\u00f3n permanente revisable fue introducida en 2015 por el gobernante Partido Popular (PP) para evitar que delincuentes condenados por cr\u00edmenes graves salieran de prisi\u00f3n y reincidieran.<\/p>\n<p>La oposici\u00f3n la recurri\u00f3 poco despu\u00e9s en bloque ante el Tribunal Constitucional al considerar que se trata de una \u00abcadena perpetua encubierta\u00bb y que vulnera la Carta Magna, que establece que las penas deben estar \u00aborientadas hacia la reeducaci\u00f3n y reinserci\u00f3n social\u00bb.<\/p>\n<p>Los padres de j\u00f3venes y menores asesinados en los \u00faltimos a\u00f1os en Espa\u00f1a reclamaron hoy que esta pena siga vigente, despu\u00e9s de que el Parlamento espa\u00f1ol diera esta semana un paso para derogarla pese a la oposici\u00f3n del Gobierno de Mariano Rajoy, que quiere endurecerla.<\/p>\n<p>El padre de la joven Diana Quer, cuyo asesinato se resolvi\u00f3 el pasado diciembre tras m\u00e1s de un a\u00f1o de b\u00fasqueda del cad\u00e1ver, pidi\u00f3 que las muertes de las v\u00edctimas \u00abno queden en una p\u00e1gina de sucesos sino que marquen un antes y un despu\u00e9s para crear una sociedad m\u00e1s justa\u00bb.<\/p>\n<p>A la concentraci\u00f3n asistieron tambi\u00e9n los progenitores de Marta del Castillo, una menor cuyo cuerpo sigue sin ser localizado una d\u00e9cada despu\u00e9s de su desaparici\u00f3n, y los de la ni\u00f1a Mari Luz Cort\u00e9s, que fue asesinada en 2008 tras un intento de abuso sexual.<\/p>\n<p>Tambi\u00e9n estuvo presente la ministra espa\u00f1ola de Empleo, F\u00e1tima B\u00e1\u00f1ez, quien asegur\u00f3 que la prisi\u00f3n permanente revisable \u00abno es un tema ideol\u00f3gico\u00bb sino \u00abde justicia\u00bb y de \u00abseguridad para todos\u00bb.<\/p>\n<p>Otras ciudades espa\u00f1olas acogieron este fin de semana actos a favor de esta pena privativa de libertad.<\/p>\n<p>Los familiares de v\u00edctimas de algunos de los cr\u00edmenes m\u00e1s medi\u00e1ticos de los \u00faltimos a\u00f1os en Espa\u00f1a recogieron recientemente tres millones de firmas para reclamar que siga vigente.<\/p>\n","protected":false},"excerpt":{"rendered":"<p>Huelva (Espa\u00f1a), 18 mar (dpa) &#8211; Varios miles de personas, entre ellas familiares de v\u00edctimas de cr\u00edmenes violentos con gran repercusi\u00f3n, se concentraron hoy en el sur de Espa\u00f1a a favor de la prisi\u00f3n permanente revisable en el marco del debate abierto sobre su posible derogaci\u00f3n. Con globos y pancartas blancos, los manifestantes corearon en [&hellip;]<\/p>\n","protected":false},"author":1,"featured_media":972482,"comment_status":"closed","ping_status":"closed","sticky":false,"template":"","format":"standard","meta":{"footnotes":""},"categories":[1],"tags":[],"class_list":["post-972481","post","type-post","status-publish","format-standard","has-post-thumbnail","hentry","category-actualidad"],"aioseo_notices":[],"aioseo_head":"\n\t\t<!-- All in One SEO Pro 5.0.1 - aioseo.com -->\n\t<meta name=\"description\" content=\"Huelva (Espa\u00f1a), 18 mar (dpa) - Varios miles de personas, entre ellas familiares de v\u00edctimas de cr\u00edmenes violentos con gran repercusi\u00f3n, se concentraron hoy en el sur de Espa\u00f1a a favor de la prisi\u00f3n permanente revisable en el marco del debate abierto sobre su posible derogaci\u00f3n. Con globos y pancartas blancos, los manifestantes corearon en\" \/>\n\t<meta name=\"robots\" content=\"max-image-preview:large\" \/>\n\t<meta name=\"author\" content=\"El Digital de Asturias\"\/>\n\t<meta name=\"google-site-verification\" content=\"UA-38556648-1\" \/>\n\t<meta name=\"msvalidate.01\" content=\"7dfe9f3f1b24437ab69f4f2559babe99\" \/>\n\t<meta name=\"keywords\" content=\"actualidad\" \/>\n\t<link rel=\"canonical\" href=\"https:\/\/www.eldigitaldeasturias.com\/noticias\/miles-de-espanoles-se-manifiestan-a-favor-de-la-prision-permanente-revisable\/\" \/>\n\t<meta name=\"generator\" content=\"All in One SEO Pro (AIOSEO) 5.0.1\" \/>\n\t\t<meta property=\"og:locale\" content=\"es_ES\" \/>\n\t\t<meta property=\"og:site_name\" content=\"El Digital de Asturias\" \/>\n\t\t<meta property=\"og:type\" content=\"article\" \/>\n\t\t<meta property=\"og:title\" content=\"Miles de espa\u00f1oles se manifiestan a favor de la prisi\u00f3n permanente revisable - El Digital de Asturias\" \/>\n\t\t<meta property=\"og:description\" content=\"Huelva (Espa\u00f1a), 18 mar (dpa) - Varios miles de personas, entre ellas familiares de v\u00edctimas de cr\u00edmenes violentos con gran repercusi\u00f3n, se concentraron hoy en el sur de Espa\u00f1a a favor de la prisi\u00f3n permanente revisable en el marco del debate abierto sobre su posible derogaci\u00f3n. Con globos y pancartas blancos, los manifestantes corearon en\" \/>\n\t\t<meta property=\"og:url\" content=\"https:\/\/www.eldigitaldeasturias.com\/noticias\/miles-de-espanoles-se-manifiestan-a-favor-de-la-prision-permanente-revisable\/\" \/>\n\t\t<meta property=\"article:tag\" content=\"actualidad\" \/>\n\t\t<meta property=\"article:published_time\" content=\"2018-03-19T01:47:31+00:00\" \/>\n\t\t<meta property=\"article:modified_time\" content=\"2018-03-19T01:47:31+00:00\" \/>\n\t\t<meta property=\"article:publisher\" content=\"https:\/\/facebook.com\/eldigitaldeasturias\" \/>\n\t\t<meta name=\"twitter:card\" content=\"summary_large_image\" \/>\n\t\t<meta name=\"twitter:title\" content=\"Miles de espa\u00f1oles se manifiestan a favor de la prisi\u00f3n permanente revisable - El Digital de Asturias\" \/>\n\t\t<meta name=\"twitter:description\" content=\"Huelva (Espa\u00f1a), 18 mar (dpa) - Varios miles de personas, entre ellas familiares de v\u00edctimas de cr\u00edmenes violentos con gran repercusi\u00f3n, se concentraron hoy en el sur de Espa\u00f1a a favor de la prisi\u00f3n permanente revisable en el marco del debate abierto sobre su posible derogaci\u00f3n. Con globos y pancartas blancos, los manifestantes corearon en\" \/>\n\t\t<meta name=\"twitter:image\" content=\"https:\/\/www.eldigitaldeasturias.com\/noticias\/wp-content\/uploads\/2020\/12\/EDA-1.jpg\" \/>\n\t\t<meta name=\"twitter:label1\" content=\"Escrito por\" \/>\n\t\t<meta name=\"twitter:data1\" content=\"El Digital de Asturias\" \/>\n\t\t<meta name=\"twitter:label2\" content=\"Tiempo de lectura estimado\" \/>\n\t\t<meta name=\"twitter:data2\" content=\"2 minutos\" \/>\n\t\t<script type=\"application\/ld+json\" class=\"aioseo-schema\">\n\t\t\t{\"@context\":\"https:\\\/\\\/schema.org\",\"@graph\":[{\"@type\":\"BlogPosting\",\"@id\":\"https:\\\/\\\/www.eldigitaldeasturias.com\\\/noticias\\\/miles-de-espanoles-se-manifiestan-a-favor-de-la-prision-permanente-revisable\\\/#blogposting\",\"name\":\"Miles de espa\\u00f1oles se manifiestan a favor de la prisi\\u00f3n permanente revisable - El Digital de Asturias\",\"headline\":\"Miles de espa\\u00f1oles se manifiestan a favor de la prisi\\u00f3n permanente revisable\",\"author\":{\"@id\":\"https:\\\/\\\/www.eldigitaldeasturias.com\\\/noticias\\\/author\\\/admin\\\/#author\"},\"publisher\":{\"@id\":\"https:\\\/\\\/www.eldigitaldeasturias.com\\\/noticias\\\/#organization\"},\"image\":{\"@type\":\"ImageObject\",\"url\":972482},\"datePublished\":\"2018-03-19T01:47:31+01:00\",\"dateModified\":\"2018-03-19T01:47:31+01:00\",\"inLanguage\":\"es-ES\",\"mainEntityOfPage\":{\"@id\":\"https:\\\/\\\/www.eldigitaldeasturias.com\\\/noticias\\\/miles-de-espanoles-se-manifiestan-a-favor-de-la-prision-permanente-revisable\\\/#webpage\"},\"isPartOf\":{\"@id\":\"https:\\\/\\\/www.eldigitaldeasturias.com\\\/noticias\\\/miles-de-espanoles-se-manifiestan-a-favor-de-la-prision-permanente-revisable\\\/#webpage\"},\"articleSection\":\"Actualidad\"},{\"@type\":\"BreadcrumbList\",\"@id\":\"https:\\\/\\\/www.eldigitaldeasturias.com\\\/noticias\\\/miles-de-espanoles-se-manifiestan-a-favor-de-la-prision-permanente-revisable\\\/#breadcrumblist\",\"itemListElement\":[{\"@type\":\"ListItem\",\"@id\":\"https:\\\/\\\/www.eldigitaldeasturias.com\\\/noticias#listItem\",\"position\":1,\"name\":\"Home\",\"item\":\"https:\\\/\\\/www.eldigitaldeasturias.com\\\/noticias\",\"nextItem\":{\"@type\":\"ListItem\",\"@id\":\"https:\\\/\\\/www.eldigitaldeasturias.com\\\/noticias\\\/category\\\/actualidad\\\/#listItem\",\"name\":\"Actualidad\"}},{\"@type\":\"ListItem\",\"@id\":\"https:\\\/\\\/www.eldigitaldeasturias.com\\\/noticias\\\/category\\\/actualidad\\\/#listItem\",\"position\":2,\"name\":\"Actualidad\",\"item\":\"https:\\\/\\\/www.eldigitaldeasturias.com\\\/noticias\\\/category\\\/actualidad\\\/\",\"nextItem\":{\"@type\":\"ListItem\",\"@id\":\"https:\\\/\\\/www.eldigitaldeasturias.com\\\/noticias\\\/miles-de-espanoles-se-manifiestan-a-favor-de-la-prision-permanente-revisable\\\/#listItem\",\"name\":\"Miles de espa\\u00f1oles se manifiestan a favor de la prisi\\u00f3n permanente revisable\"},\"previousItem\":{\"@type\":\"ListItem\",\"@id\":\"https:\\\/\\\/www.eldigitaldeasturias.com\\\/noticias#listItem\",\"name\":\"Home\"}},{\"@type\":\"ListItem\",\"@id\":\"https:\\\/\\\/www.eldigitaldeasturias.com\\\/noticias\\\/miles-de-espanoles-se-manifiestan-a-favor-de-la-prision-permanente-revisable\\\/#listItem\",\"position\":3,\"name\":\"Miles de espa\\u00f1oles se manifiestan a favor de la prisi\\u00f3n permanente revisable\",\"previousItem\":{\"@type\":\"ListItem\",\"@id\":\"https:\\\/\\\/www.eldigitaldeasturias.com\\\/noticias\\\/category\\\/actualidad\\\/#listItem\",\"name\":\"Actualidad\"}}]},{\"@type\":\"Organization\",\"@id\":\"https:\\\/\\\/www.eldigitaldeasturias.com\\\/noticias\\\/#organization\",\"name\":\"El Digital de Asturias\",\"description\":\"Hemeroteca\",\"url\":\"https:\\\/\\\/www.eldigitaldeasturias.com\\\/noticias\\\/\",\"email\":\"info@eldigitaldeasturias.com\",\"telephone\":\"+34652131393\",\"logo\":{\"@type\":\"ImageObject\",\"url\":\"https:\\\/\\\/www.eldigitaldeasturias.com\\\/noticias\\\/wp-content\\\/uploads\\\/2020\\\/12\\\/EDA.jpg\",\"@id\":\"https:\\\/\\\/www.eldigitaldeasturias.com\\\/noticias\\\/miles-de-espanoles-se-manifiestan-a-favor-de-la-prision-permanente-revisable\\\/#organizationLogo\"},\"image\":{\"@id\":\"https:\\\/\\\/www.eldigitaldeasturias.com\\\/noticias\\\/miles-de-espanoles-se-manifiestan-a-favor-de-la-prision-permanente-revisable\\\/#organizationLogo\"},\"sameAs\":[\"https:\\\/\\\/facebook.com\\\/eldigitaldeasturias\",\"https:\\\/\\\/www.youtube.com\\\/channel\\\/UCZP-2wLEB9Rv6erhFmqVnvg\"],\"address\":{\"@id\":\"https:\\\/\\\/www.eldigitaldeasturias.com\\\/noticias\\\/#postaladdress\",\"@type\":\"PostalAddress\",\"streetAddress\":\"san antonio 4\",\"postalCode\":\"33430\",\"addressLocality\":\"Cand\\u00e1s\",\"addressRegion\":\"Asturias\",\"addressCountry\":\"ES\"}},{\"@type\":\"Person\",\"@id\":\"https:\\\/\\\/www.eldigitaldeasturias.com\\\/noticias\\\/author\\\/admin\\\/#author\",\"url\":\"https:\\\/\\\/www.eldigitaldeasturias.com\\\/noticias\\\/author\\\/admin\\\/\",\"name\":\"El Digital de Asturias\",\"image\":{\"@type\":\"ImageObject\",\"@id\":\"https:\\\/\\\/www.eldigitaldeasturias.com\\\/noticias\\\/miles-de-espanoles-se-manifiestan-a-favor-de-la-prision-permanente-revisable\\\/#authorImage\",\"url\":\"https:\\\/\\\/secure.gravatar.com\\\/avatar\\\/df2aeffc32bcd13f8d26072ef8a91b623d677766deac7f97ca815868cd41bf5e?s=96&d=mm&r=g\",\"width\":96,\"height\":96,\"caption\":\"El Digital de Asturias\"}},{\"@type\":\"WebPage\",\"@id\":\"https:\\\/\\\/www.eldigitaldeasturias.com\\\/noticias\\\/miles-de-espanoles-se-manifiestan-a-favor-de-la-prision-permanente-revisable\\\/#webpage\",\"url\":\"https:\\\/\\\/www.eldigitaldeasturias.com\\\/noticias\\\/miles-de-espanoles-se-manifiestan-a-favor-de-la-prision-permanente-revisable\\\/\",\"name\":\"Miles de espa\\u00f1oles se manifiestan a favor de la prisi\\u00f3n permanente revisable - El Digital de Asturias\",\"description\":\"Huelva (Espa\\u00f1a), 18 mar (dpa) - Varios miles de personas, entre ellas familiares de v\\u00edctimas de cr\\u00edmenes violentos con gran repercusi\\u00f3n, se concentraron hoy en el sur de Espa\\u00f1a a favor de la prisi\\u00f3n permanente revisable en el marco del debate abierto sobre su posible derogaci\\u00f3n. Con globos y pancartas blancos, los manifestantes corearon en\",\"inLanguage\":\"es-ES\",\"isPartOf\":{\"@id\":\"https:\\\/\\\/www.eldigitaldeasturias.com\\\/noticias\\\/#website\"},\"breadcrumb\":{\"@id\":\"https:\\\/\\\/www.eldigitaldeasturias.com\\\/noticias\\\/miles-de-espanoles-se-manifiestan-a-favor-de-la-prision-permanente-revisable\\\/#breadcrumblist\"},\"author\":{\"@id\":\"https:\\\/\\\/www.eldigitaldeasturias.com\\\/noticias\\\/author\\\/admin\\\/#author\"},\"creator\":{\"@id\":\"https:\\\/\\\/www.eldigitaldeasturias.com\\\/noticias\\\/author\\\/admin\\\/#author\"},\"image\":{\"@type\":\"ImageObject\",\"url\":972482,\"@id\":\"https:\\\/\\\/www.eldigitaldeasturias.com\\\/noticias\\\/miles-de-espanoles-se-manifiestan-a-favor-de-la-prision-permanente-revisable\\\/#mainImage\"},\"primaryImageOfPage\":{\"@id\":\"https:\\\/\\\/www.eldigitaldeasturias.com\\\/noticias\\\/miles-de-espanoles-se-manifiestan-a-favor-de-la-prision-permanente-revisable\\\/#mainImage\"},\"datePublished\":\"2018-03-19T01:47:31+01:00\",\"dateModified\":\"2018-03-19T01:47:31+01:00\"},{\"@type\":\"WebSite\",\"@id\":\"https:\\\/\\\/www.eldigitaldeasturias.com\\\/noticias\\\/#website\",\"url\":\"https:\\\/\\\/www.eldigitaldeasturias.com\\\/noticias\\\/\",\"name\":\"El Digital de Asturias - Diario de actualidad y noticias\",\"alternateName\":\"El Digital de Asturias - Diario de actualidad y noticias\",\"description\":\"Hemeroteca\",\"inLanguage\":\"es-ES\",\"publisher\":{\"@id\":\"https:\\\/\\\/www.eldigitaldeasturias.com\\\/noticias\\\/#organization\"}}]}\n\t\t<\/script>\n\t\t<!-- All in One SEO Pro -->\r\n\t\t<title>Miles de espa\u00f1oles se manifiestan a favor de la prisi\u00f3n permanente revisable - El Digital de Asturias<\/title>\n\n","aioseo_head_json":{"title":"Miles de espa\u00f1oles se manifiestan a favor de la prisi\u00f3n permanente revisable - El Digital de Asturias","description":"Huelva (Espa\u00f1a), 18 mar (dpa) - Varios miles de personas, entre ellas familiares de v\u00edctimas de cr\u00edmenes violentos con gran repercusi\u00f3n, se concentraron hoy en el sur de Espa\u00f1a a favor de la prisi\u00f3n permanente revisable en el marco del debate abierto sobre su posible derogaci\u00f3n. Con globos y pancartas blancos, los manifestantes corearon en","canonical_url":"https:\/\/www.eldigitaldeasturias.com\/noticias\/miles-de-espanoles-se-manifiestan-a-favor-de-la-prision-permanente-revisable\/","robots":"max-image-preview:large","keywords":"actualidad","webmasterTools":{"google-site-verification":"UA-38556648-1","msvalidate.01":"7dfe9f3f1b24437ab69f4f2559babe99","miscellaneous":""},"schema":{"@context":"https:\/\/schema.org","@graph":[{"@type":"BlogPosting","@id":"https:\/\/www.eldigitaldeasturias.com\/noticias\/miles-de-espanoles-se-manifiestan-a-favor-de-la-prision-permanente-revisable\/#blogposting","name":"Miles de espa\u00f1oles se manifiestan a favor de la prisi\u00f3n permanente revisable - El Digital de Asturias","headline":"Miles de espa\u00f1oles se manifiestan a favor de la prisi\u00f3n permanente revisable","author":{"@id":"https:\/\/www.eldigitaldeasturias.com\/noticias\/author\/admin\/#author"},"publisher":{"@id":"https:\/\/www.eldigitaldeasturias.com\/noticias\/#organization"},"image":{"@type":"ImageObject","url":972482},"datePublished":"2018-03-19T01:47:31+01:00","dateModified":"2018-03-19T01:47:31+01:00","inLanguage":"es-ES","mainEntityOfPage":{"@id":"https:\/\/www.eldigitaldeasturias.com\/noticias\/miles-de-espanoles-se-manifiestan-a-favor-de-la-prision-permanente-revisable\/#webpage"},"isPartOf":{"@id":"https:\/\/www.eldigitaldeasturias.com\/noticias\/miles-de-espanoles-se-manifiestan-a-favor-de-la-prision-permanente-revisable\/#webpage"},"articleSection":"Actualidad"},{"@type":"BreadcrumbList","@id":"https:\/\/www.eldigitaldeasturias.com\/noticias\/miles-de-espanoles-se-manifiestan-a-favor-de-la-prision-permanente-revisable\/#breadcrumblist","itemListElement":[{"@type":"ListItem","@id":"https:\/\/www.eldigitaldeasturias.com\/noticias#listItem","position":1,"name":"Home","item":"https:\/\/www.eldigitaldeasturias.com\/noticias","nextItem":{"@type":"ListItem","@id":"https:\/\/www.eldigitaldeasturias.com\/noticias\/category\/actualidad\/#listItem","name":"Actualidad"}},{"@type":"ListItem","@id":"https:\/\/www.eldigitaldeasturias.com\/noticias\/category\/actualidad\/#listItem","position":2,"name":"Actualidad","item":"https:\/\/www.eldigitaldeasturias.com\/noticias\/category\/actualidad\/","nextItem":{"@type":"ListItem","@id":"https:\/\/www.eldigitaldeasturias.com\/noticias\/miles-de-espanoles-se-manifiestan-a-favor-de-la-prision-permanente-revisable\/#listItem","name":"Miles de espa\u00f1oles se manifiestan a favor de la prisi\u00f3n permanente revisable"},"previousItem":{"@type":"ListItem","@id":"https:\/\/www.eldigitaldeasturias.com\/noticias#listItem","name":"Home"}},{"@type":"ListItem","@id":"https:\/\/www.eldigitaldeasturias.com\/noticias\/miles-de-espanoles-se-manifiestan-a-favor-de-la-prision-permanente-revisable\/#listItem","position":3,"name":"Miles de espa\u00f1oles se manifiestan a favor de la prisi\u00f3n permanente revisable","previousItem":{"@type":"ListItem","@id":"https:\/\/www.eldigitaldeasturias.com\/noticias\/category\/actualidad\/#listItem","name":"Actualidad"}}]},{"@type":"Organization","@id":"https:\/\/www.eldigitaldeasturias.com\/noticias\/#organization","name":"El Digital de Asturias","description":"Hemeroteca","url":"https:\/\/www.eldigitaldeasturias.com\/noticias\/","email":"info@eldigitaldeasturias.com","telephone":"+34652131393","logo":{"@type":"ImageObject","url":"https:\/\/www.eldigitaldeasturias.com\/noticias\/wp-content\/uploads\/2020\/12\/EDA.jpg","@id":"https:\/\/www.eldigitaldeasturias.com\/noticias\/miles-de-espanoles-se-manifiestan-a-favor-de-la-prision-permanente-revisable\/#organizationLogo"},"image":{"@id":"https:\/\/www.eldigitaldeasturias.com\/noticias\/miles-de-espanoles-se-manifiestan-a-favor-de-la-prision-permanente-revisable\/#organizationLogo"},"sameAs":["https:\/\/facebook.com\/eldigitaldeasturias","https:\/\/www.youtube.com\/channel\/UCZP-2wLEB9Rv6erhFmqVnvg"],"address":{"@id":"https:\/\/www.eldigitaldeasturias.com\/noticias\/#postaladdress","@type":"PostalAddress","streetAddress":"san antonio 4","postalCode":"33430","addressLocality":"Cand\u00e1s","addressRegion":"Asturias","addressCountry":"ES"}},{"@type":"Person","@id":"https:\/\/www.eldigitaldeasturias.com\/noticias\/author\/admin\/#author","url":"https:\/\/www.eldigitaldeasturias.com\/noticias\/author\/admin\/","name":"El Digital de Asturias","image":{"@type":"ImageObject","@id":"https:\/\/www.eldigitaldeasturias.com\/noticias\/miles-de-espanoles-se-manifiestan-a-favor-de-la-prision-permanente-revisable\/#authorImage","url":"https:\/\/secure.gravatar.com\/avatar\/df2aeffc32bcd13f8d26072ef8a91b623d677766deac7f97ca815868cd41bf5e?s=96&d=mm&r=g","width":96,"height":96,"caption":"El Digital de Asturias"}},{"@type":"WebPage","@id":"https:\/\/www.eldigitaldeasturias.com\/noticias\/miles-de-espanoles-se-manifiestan-a-favor-de-la-prision-permanente-revisable\/#webpage","url":"https:\/\/www.eldigitaldeasturias.com\/noticias\/miles-de-espanoles-se-manifiestan-a-favor-de-la-prision-permanente-revisable\/","name":"Miles de espa\u00f1oles se manifiestan a favor de la prisi\u00f3n permanente revisable - El Digital de Asturias","description":"Huelva (Espa\u00f1a), 18 mar (dpa) - Varios miles de personas, entre ellas familiares de v\u00edctimas de cr\u00edmenes violentos con gran repercusi\u00f3n, se concentraron hoy en el sur de Espa\u00f1a a favor de la prisi\u00f3n permanente revisable en el marco del debate abierto sobre su posible derogaci\u00f3n. Con globos y pancartas blancos, los manifestantes corearon en","inLanguage":"es-ES","isPartOf":{"@id":"https:\/\/www.eldigitaldeasturias.com\/noticias\/#website"},"breadcrumb":{"@id":"https:\/\/www.eldigitaldeasturias.com\/noticias\/miles-de-espanoles-se-manifiestan-a-favor-de-la-prision-permanente-revisable\/#breadcrumblist"},"author":{"@id":"https:\/\/www.eldigitaldeasturias.com\/noticias\/author\/admin\/#author"},"creator":{"@id":"https:\/\/www.eldigitaldeasturias.com\/noticias\/author\/admin\/#author"},"image":{"@type":"ImageObject","url":972482,"@id":"https:\/\/www.eldigitaldeasturias.com\/noticias\/miles-de-espanoles-se-manifiestan-a-favor-de-la-prision-permanente-revisable\/#mainImage"},"primaryImageOfPage":{"@id":"https:\/\/www.eldigitaldeasturias.com\/noticias\/miles-de-espanoles-se-manifiestan-a-favor-de-la-prision-permanente-revisable\/#mainImage"},"datePublished":"2018-03-19T01:47:31+01:00","dateModified":"2018-03-19T01:47:31+01:00"},{"@type":"WebSite","@id":"https:\/\/www.eldigitaldeasturias.com\/noticias\/#website","url":"https:\/\/www.eldigitaldeasturias.com\/noticias\/","name":"El Digital de Asturias - Diario de actualidad y noticias","alternateName":"El Digital de Asturias - Diario de actualidad y noticias","description":"Hemeroteca","inLanguage":"es-ES","publisher":{"@id":"https:\/\/www.eldigitaldeasturias.com\/noticias\/#organization"}}]},"og:locale":"es_ES","og:site_name":"El Digital de Asturias","og:type":"article","og:title":"Miles de espa\u00f1oles se manifiestan a favor de la prisi\u00f3n permanente revisable - El Digital de Asturias","og:description":"Huelva (Espa\u00f1a), 18 mar (dpa) - Varios miles de personas, entre ellas familiares de v\u00edctimas de cr\u00edmenes violentos con gran repercusi\u00f3n, se concentraron hoy en el sur de Espa\u00f1a a favor de la prisi\u00f3n permanente revisable en el marco del debate abierto sobre su posible derogaci\u00f3n. Con globos y pancartas blancos, los manifestantes corearon en","og:url":"https:\/\/www.eldigitaldeasturias.com\/noticias\/miles-de-espanoles-se-manifiestan-a-favor-de-la-prision-permanente-revisable\/","article:tag":["actualidad"],"article:published_time":"2018-03-19T01:47:31+00:00","article:modified_time":"2018-03-19T01:47:31+00:00","article:publisher":"https:\/\/facebook.com\/eldigitaldeasturias","twitter:card":"summary_large_image","twitter:title":"Miles de espa\u00f1oles se manifiestan a favor de la prisi\u00f3n permanente revisable - El Digital de Asturias","twitter:description":"Huelva (Espa\u00f1a), 18 mar (dpa) - Varios miles de personas, entre ellas familiares de v\u00edctimas de cr\u00edmenes violentos con gran repercusi\u00f3n, se concentraron hoy en el sur de Espa\u00f1a a favor de la prisi\u00f3n permanente revisable en el marco del debate abierto sobre su posible derogaci\u00f3n. Con globos y pancartas blancos, los manifestantes corearon en","twitter:image":"https:\/\/www.eldigitaldeasturias.com\/noticias\/wp-content\/uploads\/2020\/12\/EDA-1.jpg","twitter:label1":"Escrito por","twitter:data1":"El Digital de Asturias","twitter:label2":"Tiempo de lectura estimado","twitter:data2":"2 minutos"},"aioseo_meta_data":{"post_id":"972481","title":null,"description":null,"keywords":null,"keyphrases":null,"primary_term":null,"canonical_url":null,"og_title":null,"og_description":null,"og_object_type":"default","og_image_type":"default","og_image_url":null,"og_image_width":null,"og_image_height":null,"og_image_custom_url":null,"og_image_custom_fields":null,"og_video":null,"og_custom_url":null,"og_article_section":null,"og_article_tags":null,"twitter_use_og":false,"twitter_card":"default","twitter_image_type":"default","twitter_image_url":null,"twitter_image_custom_url":null,"twitter_image_custom_fields":null,"twitter_title":null,"twitter_description":null,"schema":{"blockGraphs":[],"customGraphs":[],"default":{"data":{"Article":[],"Course":[],"Dataset":[],"FAQPage":[],"Movie":[],"Person":[],"Product":[],"ProductReview":[],"Car":[],"Recipe":[],"Service":[],"SoftwareApplication":[],"WebPage":[]},"graphName":"","isEnabled":true},"graphs":[],"defaultGraph":"","defaultPostTypeGraph":""},"schema_type":null,"schema_type_options":null,"pillar_content":false,"robots_default":true,"robots_noindex":false,"robots_noarchive":false,"robots_nosnippet":false,"robots_nofollow":false,"robots_noimageindex":false,"robots_noodp":false,"robots_notranslate":false,"robots_max_snippet":null,"robots_max_videopreview":null,"robots_max_imagepreview":"large","priority":null,"frequency":null,"local_seo":null,"seo_analyzer_scan_date":"2025-10-07 12:53:06","breadcrumb_settings":null,"limit_modified_date":false,"open_ai":null,"ai":null,"created":"2020-12-21 12:18:39","updated":"2025-10-07 12:53:06","focus_keyword":null,"additional_keywords":null,"truseo_locale":null},"aioseo_breadcrumb":"<div class=\"aioseo-breadcrumbs\"><span class=\"aioseo-breadcrumb\">\n\t<a href=\"https:\/\/www.eldigitaldeasturias.com\/noticias\" title=\"Home\">Home<\/a>\n<\/span><span class=\"aioseo-breadcrumb-separator\">\u2013<\/span><span class=\"aioseo-breadcrumb\">\n\t<a href=\"https:\/\/www.eldigitaldeasturias.com\/noticias\/category\/actualidad\/\" title=\"Actualidad\">Actualidad<\/a>\n<\/span><span class=\"aioseo-breadcrumb-separator\">\u2013<\/span><span class=\"aioseo-breadcrumb\">\n\t<a href=\"https:\/\/www.eldigitaldeasturias.com\/noticias\/miles-de-espanoles-se-manifiestan-a-favor-de-la-prision-permanente-revisable\/\" title=\"Miles de espa\u00f1oles se manifiestan a favor de la prisi\u00f3n permanente revisable\">Miles de espa\u00f1oles se manifiestan a favor de la prisi\u00f3n permanente revisable<\/a>\n<\/span><\/div>","aioseo_breadcrumb_json":[{"label":"Home","link":"https:\/\/www.eldigitaldeasturias.com\/noticias"},{"label":"Actualidad","link":"https:\/\/www.eldigitaldeasturias.com\/noticias\/category\/actualidad\/"},{"label":"Miles de espa\u00f1oles se manifiestan a favor de la prisi\u00f3n permanente revisable","link":"https:\/\/www.eldigitaldeasturias.com\/noticias\/miles-de-espanoles-se-manifiestan-a-favor-de-la-prision-permanente-revisable\/"}],"_links":{"self":[{"href":"https:\/\/www.eldigitaldeasturias.com\/noticias\/wp-json\/wp\/v2\/posts\/972481","targetHints":{"allow":["GET"]}}],"collection":[{"href":"https:\/\/www.eldigitaldeasturias.com\/noticias\/wp-json\/wp\/v2\/posts"}],"about":[{"href":"https:\/\/www.eldigitaldeasturias.com\/noticias\/wp-json\/wp\/v2\/types\/post"}],"author":[{"embeddable":true,"href":"https:\/\/www.eldigitaldeasturias.com\/noticias\/wp-json\/wp\/v2\/users\/1"}],"replies":[{"embeddable":true,"href":"https:\/\/www.eldigitaldeasturias.com\/noticias\/wp-json\/wp\/v2\/comments?post=972481"}],"version-history":[{"count":0,"href":"https:\/\/www.eldigitaldeasturias.com\/noticias\/wp-json\/wp\/v2\/posts\/972481\/revisions"}],"wp:attachment":[{"href":"https:\/\/www.eldigitaldeasturias.com\/noticias\/wp-json\/wp\/v2\/media?parent=972481"}],"wp:term":[{"taxonomy":"category","embeddable":true,"href":"https:\/\/www.eldigitaldeasturias.com\/noticias\/wp-json\/wp\/v2\/categories?post=972481"},{"taxonomy":"post_tag","embeddable":true,"href":"https:\/\/www.eldigitaldeasturias.com\/noticias\/wp-json\/wp\/v2\/tags?post=972481"}],"curies":[{"name":"wp","href":"https:\/\/api.w.org\/{rel}","templated":true}]}}