{"id":972479,"date":"2018-03-19T01:42:17","date_gmt":"2018-03-19T01:42:17","guid":{"rendered":"http:\/\/www.eldigitaldeasturias.com\/noticias\/?p=972479"},"modified":"2018-03-19T01:42:17","modified_gmt":"2018-03-19T01:42:17","slug":"el-ejercito-turco-conquista-el-enclave-kurdo-sirio-de-afrin","status":"publish","type":"post","link":"https:\/\/www.eldigitaldeasturias.com\/noticias\/el-ejercito-turco-conquista-el-enclave-kurdo-sirio-de-afrin\/","title":{"rendered":"El Ej\u00e9rcito turco conquista el enclave kurdo sirio de Afrin"},"content":{"rendered":"<p><img loading=\"lazy\" decoding=\"async\" class=\"alignleft size-medium wp-image-872935\" src=\"https:\/\/www.eldigitaldeasturias.com\/noticias\/wp-content\/uploads\/2016\/04\/erdogan-360x198.jpg\" alt=\"\" width=\"360\" height=\"198\" \/>Estambul, 18 mar (dpa) &#8211; El Ej\u00e9rcito turco y sus aliados sirios tomaron hoy el control de la ciudad de Afrin, la capital del enclave kurdo en el noroeste de Siria objeto de la ofensiva lanzada por las fuerzas de Ankara hace casi dos meses.<\/p>\n<p>El centro de la ciudad fue tomado esta ma\u00f1ana totalmente por las unidades turcas, anunci\u00f3 el presidente turco, Recep Tayyip Erdogan, en un discurso pronunciado en Canakkale, en el oeste del pa\u00eds, con motivo del \u00abD\u00eda de los M\u00e1rtires\u00bb. La bandera turca y las de los aliados opositores del Ej\u00e9rcito Libre de Siria (ELS) ondean ahora en el enclave kurdo.<\/p>\n<p>El Observatorio Sirio para los Derechos Humanos, una entidad cercana a la oposici\u00f3n siria que tiene su sede en Londres pero que cuenta con una red de activistas sobre el terreno, confirm\u00f3 tambi\u00e9n la toma del centro de la ciudad.<\/p>\n<p>Sin embargo, a\u00fan se est\u00e1n produciendo algunos combates ante la resistencia que presentan combatientes kurdos. Un portavoz del ELS dijo a dpa que sus unidades controlan el 97 por ciento de Afrin.<\/p>\n<p>Las Fuerzas Democr\u00e1ticas Sirias (SDF), lideradas por los kurdos, no reconocieron la derrota y prometieron defender la ciudad. Los combatientes kurdos anunciaron el inicio de una \u00abnueva fase\u00bb de guerra de guerrilla en la que se evitar\u00e1n las confrontaciones directas.<\/p>\n<p>\u00abInspirados por nuestros m\u00e1rtires en cualquier parte, seguiremos sus pasos hasta nuestro \u00faltimo aliento\u00bb, se\u00f1al\u00f3 la milicia en un comunicado online ilustrado con fotos de combatientes supuestamente muertos en la contraofensiva.<\/p>\n<p>El Ej\u00e9rcito turco inform\u00f3 que la zona se est\u00e1 limpiando ahora de minas y explosivos y difundi\u00f3 im\u00e1genes de tanques adornadas con banderas turcas que circularon por las calles de la ciudad.<\/p>\n<p>El Observatorio inform\u00f3 que los rebeldes aliados de Turqu\u00eda echaron abajo la estatua de Kawa, una legendaria figura kurda que simboliza la resistencia contra la tiran\u00eda. La estatua fue instalada en el centro de Afrin hace en torno a cuatro a\u00f1os.<\/p>\n<p>Turqu\u00eda lanz\u00f3 una ofensiva contra el enclave kurdo de Afrin el pasado 20 de enero, abriendo un nuevo frente en la guerra civil siria, que comenz\u00f3 hace siete a\u00f1os.<\/p>\n<p>Su objetivo eran las milicias kurdo sirias Unidades de Protecci\u00f3n Popular (YPG), a las que Ankara considera terroristas por su vinculaci\u00f3n con el grupo armado kurdo-turco Partido de los Trabajadores del Kurdist\u00e1n (PKK). El PKK es considerado terrorista en Estados Unidos, la Uni\u00f3n Europea y Turqu\u00eda, pero las milicias kurdo- sirias YPG han sido un importante aliado de Estados Unidos en la lucha contra el grupo terrorista Estado Isl\u00e1mico en la zona.<\/p>\n<p>Seg\u00fan el Observatorio, unos 250.000 civiles abandonaron la zona desde el mi\u00e9rcoles huyendo de la ofensiva turca, recrudecida en los \u00faltimos d\u00edas, pero muchos otros siguen en la ciudad.<\/p>\n<p>Seg\u00fan el Observatorio, desde el inicio de la ofensiva turca han muerto en Afrin 289 civiles. Turqu\u00eda asegura, sin embargo, que sus ataques no dejaron v\u00edctimas civiles y el s\u00e1bado neg\u00f3 haber atacado un hospital el viernes, en el que habr\u00edan muerto 16 personas, seg\u00fan otras fuentes.<\/p>\n<p>El Ej\u00e9rcito turco asegur\u00f3 hoy que desde el inico de la ofensiva han sido neutralizados 3.603 combatientes extranjeros, lo que puede significar que murieron, resultaron heridos o fueron tomados como prisioneros. El Observatorio cifra los combatientes kurdos muertos en 1.500. Seg\u00fan Ankara, 46 soldados turcos murieron y 225 resultaron heridos.<\/p>\n","protected":false},"excerpt":{"rendered":"<p>Estambul, 18 mar (dpa) &#8211; El Ej\u00e9rcito turco y sus aliados sirios tomaron hoy el control de la ciudad de Afrin, la capital del enclave kurdo en el noroeste de Siria objeto de la ofensiva lanzada por las fuerzas de Ankara hace casi dos meses. El centro de la ciudad fue tomado esta ma\u00f1ana totalmente [&hellip;]<\/p>\n","protected":false},"author":1,"featured_media":872935,"comment_status":"closed","ping_status":"closed","sticky":false,"template":"","format":"standard","meta":{"footnotes":""},"categories":[1],"tags":[],"class_list":["post-972479","post","type-post","status-publish","format-standard","has-post-thumbnail","hentry","category-actualidad"],"aioseo_notices":[],"aioseo_head":"\n\t\t<!-- All in One SEO Pro 5.0.1 - aioseo.com -->\n\t<meta name=\"description\" content=\"Estambul, 18 mar (dpa) - El Ej\u00e9rcito turco y sus aliados sirios tomaron hoy el control de la ciudad de Afrin, la capital del enclave kurdo en el noroeste de Siria objeto de la ofensiva lanzada por las fuerzas de Ankara hace casi dos meses. El centro de la ciudad fue tomado esta ma\u00f1ana totalmente\" \/>\n\t<meta name=\"robots\" content=\"max-image-preview:large\" \/>\n\t<meta name=\"author\" content=\"El Digital de Asturias\"\/>\n\t<meta name=\"google-site-verification\" content=\"UA-38556648-1\" \/>\n\t<meta name=\"msvalidate.01\" content=\"7dfe9f3f1b24437ab69f4f2559babe99\" \/>\n\t<meta name=\"keywords\" content=\"actualidad\" \/>\n\t<link rel=\"canonical\" href=\"https:\/\/www.eldigitaldeasturias.com\/noticias\/el-ejercito-turco-conquista-el-enclave-kurdo-sirio-de-afrin\/\" \/>\n\t<meta name=\"generator\" content=\"All in One SEO Pro (AIOSEO) 5.0.1\" \/>\n\t\t<meta property=\"og:locale\" content=\"es_ES\" \/>\n\t\t<meta property=\"og:site_name\" content=\"El Digital de Asturias\" \/>\n\t\t<meta property=\"og:type\" content=\"article\" \/>\n\t\t<meta property=\"og:title\" content=\"El Ej\u00e9rcito turco conquista el enclave kurdo sirio de Afrin - El Digital de Asturias\" \/>\n\t\t<meta property=\"og:description\" content=\"Estambul, 18 mar (dpa) - El Ej\u00e9rcito turco y sus aliados sirios tomaron hoy el control de la ciudad de Afrin, la capital del enclave kurdo en el noroeste de Siria objeto de la ofensiva lanzada por las fuerzas de Ankara hace casi dos meses. El centro de la ciudad fue tomado esta ma\u00f1ana totalmente\" \/>\n\t\t<meta property=\"og:url\" content=\"https:\/\/www.eldigitaldeasturias.com\/noticias\/el-ejercito-turco-conquista-el-enclave-kurdo-sirio-de-afrin\/\" \/>\n\t\t<meta property=\"article:tag\" content=\"actualidad\" \/>\n\t\t<meta property=\"article:published_time\" content=\"2018-03-19T01:42:17+00:00\" \/>\n\t\t<meta property=\"article:modified_time\" content=\"2018-03-19T01:42:17+00:00\" \/>\n\t\t<meta property=\"article:publisher\" content=\"https:\/\/facebook.com\/eldigitaldeasturias\" \/>\n\t\t<meta name=\"twitter:card\" content=\"summary_large_image\" \/>\n\t\t<meta name=\"twitter:title\" content=\"El Ej\u00e9rcito turco conquista el enclave kurdo sirio de Afrin - El Digital de Asturias\" \/>\n\t\t<meta name=\"twitter:description\" content=\"Estambul, 18 mar (dpa) - El Ej\u00e9rcito turco y sus aliados sirios tomaron hoy el control de la ciudad de Afrin, la capital del enclave kurdo en el noroeste de Siria objeto de la ofensiva lanzada por las fuerzas de Ankara hace casi dos meses. El centro de la ciudad fue tomado esta ma\u00f1ana totalmente\" \/>\n\t\t<meta name=\"twitter:image\" content=\"https:\/\/www.eldigitaldeasturias.com\/noticias\/wp-content\/uploads\/2020\/12\/EDA-1.jpg\" \/>\n\t\t<meta name=\"twitter:label1\" content=\"Escrito por\" \/>\n\t\t<meta name=\"twitter:data1\" content=\"El Digital de Asturias\" \/>\n\t\t<meta name=\"twitter:label2\" content=\"Tiempo de lectura estimado\" \/>\n\t\t<meta name=\"twitter:data2\" content=\"3 minutos\" \/>\n\t\t<script type=\"application\/ld+json\" class=\"aioseo-schema\">\n\t\t\t{\"@context\":\"https:\\\/\\\/schema.org\",\"@graph\":[{\"@type\":\"BlogPosting\",\"@id\":\"https:\\\/\\\/www.eldigitaldeasturias.com\\\/noticias\\\/el-ejercito-turco-conquista-el-enclave-kurdo-sirio-de-afrin\\\/#blogposting\",\"name\":\"El Ej\\u00e9rcito turco conquista el enclave kurdo sirio de Afrin - El Digital de Asturias\",\"headline\":\"El Ej\\u00e9rcito turco conquista el enclave kurdo sirio de Afrin\",\"author\":{\"@id\":\"https:\\\/\\\/www.eldigitaldeasturias.com\\\/noticias\\\/author\\\/admin\\\/#author\"},\"publisher\":{\"@id\":\"https:\\\/\\\/www.eldigitaldeasturias.com\\\/noticias\\\/#organization\"},\"image\":{\"@type\":\"ImageObject\",\"url\":872935},\"datePublished\":\"2018-03-19T01:42:17+01:00\",\"dateModified\":\"2018-03-19T01:42:17+01:00\",\"inLanguage\":\"es-ES\",\"mainEntityOfPage\":{\"@id\":\"https:\\\/\\\/www.eldigitaldeasturias.com\\\/noticias\\\/el-ejercito-turco-conquista-el-enclave-kurdo-sirio-de-afrin\\\/#webpage\"},\"isPartOf\":{\"@id\":\"https:\\\/\\\/www.eldigitaldeasturias.com\\\/noticias\\\/el-ejercito-turco-conquista-el-enclave-kurdo-sirio-de-afrin\\\/#webpage\"},\"articleSection\":\"Actualidad\"},{\"@type\":\"BreadcrumbList\",\"@id\":\"https:\\\/\\\/www.eldigitaldeasturias.com\\\/noticias\\\/el-ejercito-turco-conquista-el-enclave-kurdo-sirio-de-afrin\\\/#breadcrumblist\",\"itemListElement\":[{\"@type\":\"ListItem\",\"@id\":\"https:\\\/\\\/www.eldigitaldeasturias.com\\\/noticias#listItem\",\"position\":1,\"name\":\"Home\",\"item\":\"https:\\\/\\\/www.eldigitaldeasturias.com\\\/noticias\",\"nextItem\":{\"@type\":\"ListItem\",\"@id\":\"https:\\\/\\\/www.eldigitaldeasturias.com\\\/noticias\\\/category\\\/actualidad\\\/#listItem\",\"name\":\"Actualidad\"}},{\"@type\":\"ListItem\",\"@id\":\"https:\\\/\\\/www.eldigitaldeasturias.com\\\/noticias\\\/category\\\/actualidad\\\/#listItem\",\"position\":2,\"name\":\"Actualidad\",\"item\":\"https:\\\/\\\/www.eldigitaldeasturias.com\\\/noticias\\\/category\\\/actualidad\\\/\",\"nextItem\":{\"@type\":\"ListItem\",\"@id\":\"https:\\\/\\\/www.eldigitaldeasturias.com\\\/noticias\\\/el-ejercito-turco-conquista-el-enclave-kurdo-sirio-de-afrin\\\/#listItem\",\"name\":\"El Ej\\u00e9rcito turco conquista el enclave kurdo sirio de Afrin\"},\"previousItem\":{\"@type\":\"ListItem\",\"@id\":\"https:\\\/\\\/www.eldigitaldeasturias.com\\\/noticias#listItem\",\"name\":\"Home\"}},{\"@type\":\"ListItem\",\"@id\":\"https:\\\/\\\/www.eldigitaldeasturias.com\\\/noticias\\\/el-ejercito-turco-conquista-el-enclave-kurdo-sirio-de-afrin\\\/#listItem\",\"position\":3,\"name\":\"El Ej\\u00e9rcito turco conquista el enclave kurdo sirio de Afrin\",\"previousItem\":{\"@type\":\"ListItem\",\"@id\":\"https:\\\/\\\/www.eldigitaldeasturias.com\\\/noticias\\\/category\\\/actualidad\\\/#listItem\",\"name\":\"Actualidad\"}}]},{\"@type\":\"Organization\",\"@id\":\"https:\\\/\\\/www.eldigitaldeasturias.com\\\/noticias\\\/#organization\",\"name\":\"El Digital de Asturias\",\"description\":\"Hemeroteca\",\"url\":\"https:\\\/\\\/www.eldigitaldeasturias.com\\\/noticias\\\/\",\"email\":\"info@eldigitaldeasturias.com\",\"telephone\":\"+34652131393\",\"logo\":{\"@type\":\"ImageObject\",\"url\":\"https:\\\/\\\/www.eldigitaldeasturias.com\\\/noticias\\\/wp-content\\\/uploads\\\/2020\\\/12\\\/EDA.jpg\",\"@id\":\"https:\\\/\\\/www.eldigitaldeasturias.com\\\/noticias\\\/el-ejercito-turco-conquista-el-enclave-kurdo-sirio-de-afrin\\\/#organizationLogo\"},\"image\":{\"@id\":\"https:\\\/\\\/www.eldigitaldeasturias.com\\\/noticias\\\/el-ejercito-turco-conquista-el-enclave-kurdo-sirio-de-afrin\\\/#organizationLogo\"},\"sameAs\":[\"https:\\\/\\\/facebook.com\\\/eldigitaldeasturias\",\"https:\\\/\\\/www.youtube.com\\\/channel\\\/UCZP-2wLEB9Rv6erhFmqVnvg\"],\"address\":{\"@id\":\"https:\\\/\\\/www.eldigitaldeasturias.com\\\/noticias\\\/#postaladdress\",\"@type\":\"PostalAddress\",\"streetAddress\":\"san antonio 4\",\"postalCode\":\"33430\",\"addressLocality\":\"Cand\\u00e1s\",\"addressRegion\":\"Asturias\",\"addressCountry\":\"ES\"}},{\"@type\":\"Person\",\"@id\":\"https:\\\/\\\/www.eldigitaldeasturias.com\\\/noticias\\\/author\\\/admin\\\/#author\",\"url\":\"https:\\\/\\\/www.eldigitaldeasturias.com\\\/noticias\\\/author\\\/admin\\\/\",\"name\":\"El Digital de Asturias\",\"image\":{\"@type\":\"ImageObject\",\"@id\":\"https:\\\/\\\/www.eldigitaldeasturias.com\\\/noticias\\\/el-ejercito-turco-conquista-el-enclave-kurdo-sirio-de-afrin\\\/#authorImage\",\"url\":\"https:\\\/\\\/secure.gravatar.com\\\/avatar\\\/df2aeffc32bcd13f8d26072ef8a91b623d677766deac7f97ca815868cd41bf5e?s=96&d=mm&r=g\",\"width\":96,\"height\":96,\"caption\":\"El Digital de Asturias\"}},{\"@type\":\"WebPage\",\"@id\":\"https:\\\/\\\/www.eldigitaldeasturias.com\\\/noticias\\\/el-ejercito-turco-conquista-el-enclave-kurdo-sirio-de-afrin\\\/#webpage\",\"url\":\"https:\\\/\\\/www.eldigitaldeasturias.com\\\/noticias\\\/el-ejercito-turco-conquista-el-enclave-kurdo-sirio-de-afrin\\\/\",\"name\":\"El Ej\\u00e9rcito turco conquista el enclave kurdo sirio de Afrin - El Digital de Asturias\",\"description\":\"Estambul, 18 mar (dpa) - El Ej\\u00e9rcito turco y sus aliados sirios tomaron hoy el control de la ciudad de Afrin, la capital del enclave kurdo en el noroeste de Siria objeto de la ofensiva lanzada por las fuerzas de Ankara hace casi dos meses. El centro de la ciudad fue tomado esta ma\\u00f1ana totalmente\",\"inLanguage\":\"es-ES\",\"isPartOf\":{\"@id\":\"https:\\\/\\\/www.eldigitaldeasturias.com\\\/noticias\\\/#website\"},\"breadcrumb\":{\"@id\":\"https:\\\/\\\/www.eldigitaldeasturias.com\\\/noticias\\\/el-ejercito-turco-conquista-el-enclave-kurdo-sirio-de-afrin\\\/#breadcrumblist\"},\"author\":{\"@id\":\"https:\\\/\\\/www.eldigitaldeasturias.com\\\/noticias\\\/author\\\/admin\\\/#author\"},\"creator\":{\"@id\":\"https:\\\/\\\/www.eldigitaldeasturias.com\\\/noticias\\\/author\\\/admin\\\/#author\"},\"image\":{\"@type\":\"ImageObject\",\"url\":872935,\"@id\":\"https:\\\/\\\/www.eldigitaldeasturias.com\\\/noticias\\\/el-ejercito-turco-conquista-el-enclave-kurdo-sirio-de-afrin\\\/#mainImage\"},\"primaryImageOfPage\":{\"@id\":\"https:\\\/\\\/www.eldigitaldeasturias.com\\\/noticias\\\/el-ejercito-turco-conquista-el-enclave-kurdo-sirio-de-afrin\\\/#mainImage\"},\"datePublished\":\"2018-03-19T01:42:17+01:00\",\"dateModified\":\"2018-03-19T01:42:17+01:00\"},{\"@type\":\"WebSite\",\"@id\":\"https:\\\/\\\/www.eldigitaldeasturias.com\\\/noticias\\\/#website\",\"url\":\"https:\\\/\\\/www.eldigitaldeasturias.com\\\/noticias\\\/\",\"name\":\"El Digital de Asturias - Diario de actualidad y noticias\",\"alternateName\":\"El Digital de Asturias - Diario de actualidad y noticias\",\"description\":\"Hemeroteca\",\"inLanguage\":\"es-ES\",\"publisher\":{\"@id\":\"https:\\\/\\\/www.eldigitaldeasturias.com\\\/noticias\\\/#organization\"}}]}\n\t\t<\/script>\n\t\t<!-- All in One SEO Pro -->\r\n\t\t<title>El Ej\u00e9rcito turco conquista el enclave kurdo sirio de Afrin - El Digital de Asturias<\/title>\n\n","aioseo_head_json":{"title":"El Ej\u00e9rcito turco conquista el enclave kurdo sirio de Afrin - El Digital de Asturias","description":"Estambul, 18 mar (dpa) - El Ej\u00e9rcito turco y sus aliados sirios tomaron hoy el control de la ciudad de Afrin, la capital del enclave kurdo en el noroeste de Siria objeto de la ofensiva lanzada por las fuerzas de Ankara hace casi dos meses. El centro de la ciudad fue tomado esta ma\u00f1ana totalmente","canonical_url":"https:\/\/www.eldigitaldeasturias.com\/noticias\/el-ejercito-turco-conquista-el-enclave-kurdo-sirio-de-afrin\/","robots":"max-image-preview:large","keywords":"actualidad","webmasterTools":{"google-site-verification":"UA-38556648-1","msvalidate.01":"7dfe9f3f1b24437ab69f4f2559babe99","miscellaneous":""},"schema":{"@context":"https:\/\/schema.org","@graph":[{"@type":"BlogPosting","@id":"https:\/\/www.eldigitaldeasturias.com\/noticias\/el-ejercito-turco-conquista-el-enclave-kurdo-sirio-de-afrin\/#blogposting","name":"El Ej\u00e9rcito turco conquista el enclave kurdo sirio de Afrin - El Digital de Asturias","headline":"El Ej\u00e9rcito turco conquista el enclave kurdo sirio de Afrin","author":{"@id":"https:\/\/www.eldigitaldeasturias.com\/noticias\/author\/admin\/#author"},"publisher":{"@id":"https:\/\/www.eldigitaldeasturias.com\/noticias\/#organization"},"image":{"@type":"ImageObject","url":872935},"datePublished":"2018-03-19T01:42:17+01:00","dateModified":"2018-03-19T01:42:17+01:00","inLanguage":"es-ES","mainEntityOfPage":{"@id":"https:\/\/www.eldigitaldeasturias.com\/noticias\/el-ejercito-turco-conquista-el-enclave-kurdo-sirio-de-afrin\/#webpage"},"isPartOf":{"@id":"https:\/\/www.eldigitaldeasturias.com\/noticias\/el-ejercito-turco-conquista-el-enclave-kurdo-sirio-de-afrin\/#webpage"},"articleSection":"Actualidad"},{"@type":"BreadcrumbList","@id":"https:\/\/www.eldigitaldeasturias.com\/noticias\/el-ejercito-turco-conquista-el-enclave-kurdo-sirio-de-afrin\/#breadcrumblist","itemListElement":[{"@type":"ListItem","@id":"https:\/\/www.eldigitaldeasturias.com\/noticias#listItem","position":1,"name":"Home","item":"https:\/\/www.eldigitaldeasturias.com\/noticias","nextItem":{"@type":"ListItem","@id":"https:\/\/www.eldigitaldeasturias.com\/noticias\/category\/actualidad\/#listItem","name":"Actualidad"}},{"@type":"ListItem","@id":"https:\/\/www.eldigitaldeasturias.com\/noticias\/category\/actualidad\/#listItem","position":2,"name":"Actualidad","item":"https:\/\/www.eldigitaldeasturias.com\/noticias\/category\/actualidad\/","nextItem":{"@type":"ListItem","@id":"https:\/\/www.eldigitaldeasturias.com\/noticias\/el-ejercito-turco-conquista-el-enclave-kurdo-sirio-de-afrin\/#listItem","name":"El Ej\u00e9rcito turco conquista el enclave kurdo sirio de Afrin"},"previousItem":{"@type":"ListItem","@id":"https:\/\/www.eldigitaldeasturias.com\/noticias#listItem","name":"Home"}},{"@type":"ListItem","@id":"https:\/\/www.eldigitaldeasturias.com\/noticias\/el-ejercito-turco-conquista-el-enclave-kurdo-sirio-de-afrin\/#listItem","position":3,"name":"El Ej\u00e9rcito turco conquista el enclave kurdo sirio de Afrin","previousItem":{"@type":"ListItem","@id":"https:\/\/www.eldigitaldeasturias.com\/noticias\/category\/actualidad\/#listItem","name":"Actualidad"}}]},{"@type":"Organization","@id":"https:\/\/www.eldigitaldeasturias.com\/noticias\/#organization","name":"El Digital de Asturias","description":"Hemeroteca","url":"https:\/\/www.eldigitaldeasturias.com\/noticias\/","email":"info@eldigitaldeasturias.com","telephone":"+34652131393","logo":{"@type":"ImageObject","url":"https:\/\/www.eldigitaldeasturias.com\/noticias\/wp-content\/uploads\/2020\/12\/EDA.jpg","@id":"https:\/\/www.eldigitaldeasturias.com\/noticias\/el-ejercito-turco-conquista-el-enclave-kurdo-sirio-de-afrin\/#organizationLogo"},"image":{"@id":"https:\/\/www.eldigitaldeasturias.com\/noticias\/el-ejercito-turco-conquista-el-enclave-kurdo-sirio-de-afrin\/#organizationLogo"},"sameAs":["https:\/\/facebook.com\/eldigitaldeasturias","https:\/\/www.youtube.com\/channel\/UCZP-2wLEB9Rv6erhFmqVnvg"],"address":{"@id":"https:\/\/www.eldigitaldeasturias.com\/noticias\/#postaladdress","@type":"PostalAddress","streetAddress":"san antonio 4","postalCode":"33430","addressLocality":"Cand\u00e1s","addressRegion":"Asturias","addressCountry":"ES"}},{"@type":"Person","@id":"https:\/\/www.eldigitaldeasturias.com\/noticias\/author\/admin\/#author","url":"https:\/\/www.eldigitaldeasturias.com\/noticias\/author\/admin\/","name":"El Digital de Asturias","image":{"@type":"ImageObject","@id":"https:\/\/www.eldigitaldeasturias.com\/noticias\/el-ejercito-turco-conquista-el-enclave-kurdo-sirio-de-afrin\/#authorImage","url":"https:\/\/secure.gravatar.com\/avatar\/df2aeffc32bcd13f8d26072ef8a91b623d677766deac7f97ca815868cd41bf5e?s=96&d=mm&r=g","width":96,"height":96,"caption":"El Digital de Asturias"}},{"@type":"WebPage","@id":"https:\/\/www.eldigitaldeasturias.com\/noticias\/el-ejercito-turco-conquista-el-enclave-kurdo-sirio-de-afrin\/#webpage","url":"https:\/\/www.eldigitaldeasturias.com\/noticias\/el-ejercito-turco-conquista-el-enclave-kurdo-sirio-de-afrin\/","name":"El Ej\u00e9rcito turco conquista el enclave kurdo sirio de Afrin - El Digital de Asturias","description":"Estambul, 18 mar (dpa) - El Ej\u00e9rcito turco y sus aliados sirios tomaron hoy el control de la ciudad de Afrin, la capital del enclave kurdo en el noroeste de Siria objeto de la ofensiva lanzada por las fuerzas de Ankara hace casi dos meses. El centro de la ciudad fue tomado esta ma\u00f1ana totalmente","inLanguage":"es-ES","isPartOf":{"@id":"https:\/\/www.eldigitaldeasturias.com\/noticias\/#website"},"breadcrumb":{"@id":"https:\/\/www.eldigitaldeasturias.com\/noticias\/el-ejercito-turco-conquista-el-enclave-kurdo-sirio-de-afrin\/#breadcrumblist"},"author":{"@id":"https:\/\/www.eldigitaldeasturias.com\/noticias\/author\/admin\/#author"},"creator":{"@id":"https:\/\/www.eldigitaldeasturias.com\/noticias\/author\/admin\/#author"},"image":{"@type":"ImageObject","url":872935,"@id":"https:\/\/www.eldigitaldeasturias.com\/noticias\/el-ejercito-turco-conquista-el-enclave-kurdo-sirio-de-afrin\/#mainImage"},"primaryImageOfPage":{"@id":"https:\/\/www.eldigitaldeasturias.com\/noticias\/el-ejercito-turco-conquista-el-enclave-kurdo-sirio-de-afrin\/#mainImage"},"datePublished":"2018-03-19T01:42:17+01:00","dateModified":"2018-03-19T01:42:17+01:00"},{"@type":"WebSite","@id":"https:\/\/www.eldigitaldeasturias.com\/noticias\/#website","url":"https:\/\/www.eldigitaldeasturias.com\/noticias\/","name":"El Digital de Asturias - Diario de actualidad y noticias","alternateName":"El Digital de Asturias - Diario de actualidad y noticias","description":"Hemeroteca","inLanguage":"es-ES","publisher":{"@id":"https:\/\/www.eldigitaldeasturias.com\/noticias\/#organization"}}]},"og:locale":"es_ES","og:site_name":"El Digital de Asturias","og:type":"article","og:title":"El Ej\u00e9rcito turco conquista el enclave kurdo sirio de Afrin - El Digital de Asturias","og:description":"Estambul, 18 mar (dpa) - El Ej\u00e9rcito turco y sus aliados sirios tomaron hoy el control de la ciudad de Afrin, la capital del enclave kurdo en el noroeste de Siria objeto de la ofensiva lanzada por las fuerzas de Ankara hace casi dos meses. El centro de la ciudad fue tomado esta ma\u00f1ana totalmente","og:url":"https:\/\/www.eldigitaldeasturias.com\/noticias\/el-ejercito-turco-conquista-el-enclave-kurdo-sirio-de-afrin\/","article:tag":["actualidad"],"article:published_time":"2018-03-19T01:42:17+00:00","article:modified_time":"2018-03-19T01:42:17+00:00","article:publisher":"https:\/\/facebook.com\/eldigitaldeasturias","twitter:card":"summary_large_image","twitter:title":"El Ej\u00e9rcito turco conquista el enclave kurdo sirio de Afrin - El Digital de Asturias","twitter:description":"Estambul, 18 mar (dpa) - El Ej\u00e9rcito turco y sus aliados sirios tomaron hoy el control de la ciudad de Afrin, la capital del enclave kurdo en el noroeste de Siria objeto de la ofensiva lanzada por las fuerzas de Ankara hace casi dos meses. El centro de la ciudad fue tomado esta ma\u00f1ana totalmente","twitter:image":"https:\/\/www.eldigitaldeasturias.com\/noticias\/wp-content\/uploads\/2020\/12\/EDA-1.jpg","twitter:label1":"Escrito por","twitter:data1":"El Digital de Asturias","twitter:label2":"Tiempo de lectura estimado","twitter:data2":"3 minutos"},"aioseo_meta_data":{"post_id":"972479","title":null,"description":null,"keywords":null,"keyphrases":null,"primary_term":null,"canonical_url":null,"og_title":null,"og_description":null,"og_object_type":"default","og_image_type":"default","og_image_url":null,"og_image_width":null,"og_image_height":null,"og_image_custom_url":null,"og_image_custom_fields":null,"og_video":null,"og_custom_url":null,"og_article_section":null,"og_article_tags":null,"twitter_use_og":false,"twitter_card":"default","twitter_image_type":"default","twitter_image_url":null,"twitter_image_custom_url":null,"twitter_image_custom_fields":null,"twitter_title":null,"twitter_description":null,"schema":{"blockGraphs":[],"customGraphs":[],"default":{"data":{"Article":[],"Course":[],"Dataset":[],"FAQPage":[],"Movie":[],"Person":[],"Product":[],"ProductReview":[],"Car":[],"Recipe":[],"Service":[],"SoftwareApplication":[],"WebPage":[]},"graphName":"","isEnabled":true},"graphs":[],"defaultGraph":"","defaultPostTypeGraph":""},"schema_type":null,"schema_type_options":null,"pillar_content":false,"robots_default":true,"robots_noindex":false,"robots_noarchive":false,"robots_nosnippet":false,"robots_nofollow":false,"robots_noimageindex":false,"robots_noodp":false,"robots_notranslate":false,"robots_max_snippet":null,"robots_max_videopreview":null,"robots_max_imagepreview":"large","priority":null,"frequency":null,"local_seo":null,"seo_analyzer_scan_date":"2025-10-07 12:53:05","breadcrumb_settings":null,"limit_modified_date":false,"open_ai":null,"ai":null,"created":"2020-12-21 12:18:39","updated":"2025-10-07 12:53:05","focus_keyword":null,"additional_keywords":null,"truseo_locale":null},"aioseo_breadcrumb":"<div class=\"aioseo-breadcrumbs\"><span class=\"aioseo-breadcrumb\">\n\t<a href=\"https:\/\/www.eldigitaldeasturias.com\/noticias\" title=\"Home\">Home<\/a>\n<\/span><span class=\"aioseo-breadcrumb-separator\">\u2013<\/span><span class=\"aioseo-breadcrumb\">\n\t<a href=\"https:\/\/www.eldigitaldeasturias.com\/noticias\/category\/actualidad\/\" title=\"Actualidad\">Actualidad<\/a>\n<\/span><span class=\"aioseo-breadcrumb-separator\">\u2013<\/span><span class=\"aioseo-breadcrumb\">\n\t<a href=\"https:\/\/www.eldigitaldeasturias.com\/noticias\/el-ejercito-turco-conquista-el-enclave-kurdo-sirio-de-afrin\/\" title=\"El Ej\u00e9rcito turco conquista el enclave kurdo sirio de Afrin\">El Ej\u00e9rcito turco conquista el enclave kurdo sirio de Afrin<\/a>\n<\/span><\/div>","aioseo_breadcrumb_json":[{"label":"Home","link":"https:\/\/www.eldigitaldeasturias.com\/noticias"},{"label":"Actualidad","link":"https:\/\/www.eldigitaldeasturias.com\/noticias\/category\/actualidad\/"},{"label":"El Ej\u00e9rcito turco conquista el enclave kurdo sirio de Afrin","link":"https:\/\/www.eldigitaldeasturias.com\/noticias\/el-ejercito-turco-conquista-el-enclave-kurdo-sirio-de-afrin\/"}],"_links":{"self":[{"href":"https:\/\/www.eldigitaldeasturias.com\/noticias\/wp-json\/wp\/v2\/posts\/972479","targetHints":{"allow":["GET"]}}],"collection":[{"href":"https:\/\/www.eldigitaldeasturias.com\/noticias\/wp-json\/wp\/v2\/posts"}],"about":[{"href":"https:\/\/www.eldigitaldeasturias.com\/noticias\/wp-json\/wp\/v2\/types\/post"}],"author":[{"embeddable":true,"href":"https:\/\/www.eldigitaldeasturias.com\/noticias\/wp-json\/wp\/v2\/users\/1"}],"replies":[{"embeddable":true,"href":"https:\/\/www.eldigitaldeasturias.com\/noticias\/wp-json\/wp\/v2\/comments?post=972479"}],"version-history":[{"count":0,"href":"https:\/\/www.eldigitaldeasturias.com\/noticias\/wp-json\/wp\/v2\/posts\/972479\/revisions"}],"wp:attachment":[{"href":"https:\/\/www.eldigitaldeasturias.com\/noticias\/wp-json\/wp\/v2\/media?parent=972479"}],"wp:term":[{"taxonomy":"category","embeddable":true,"href":"https:\/\/www.eldigitaldeasturias.com\/noticias\/wp-json\/wp\/v2\/categories?post=972479"},{"taxonomy":"post_tag","embeddable":true,"href":"https:\/\/www.eldigitaldeasturias.com\/noticias\/wp-json\/wp\/v2\/tags?post=972479"}],"curies":[{"name":"wp","href":"https:\/\/api.w.org\/{rel}","templated":true}]}}