{"id":972475,"date":"2018-03-19T01:32:01","date_gmt":"2018-03-19T01:32:01","guid":{"rendered":"http:\/\/www.eldigitaldeasturias.com\/noticias\/?p=972475"},"modified":"2018-03-19T01:32:01","modified_gmt":"2018-03-19T01:32:01","slug":"miles-de-personas-se-manifiestan-en-cataluna-por-la-unidad-de-espana","status":"publish","type":"post","link":"https:\/\/www.eldigitaldeasturias.com\/noticias\/miles-de-personas-se-manifiestan-en-cataluna-por-la-unidad-de-espana\/","title":{"rendered":"Miles de personas se manifiestan en Catalu\u00f1a por la unidad de Espa\u00f1a"},"content":{"rendered":"<p><img loading=\"lazy\" decoding=\"async\" class=\"alignleft size-medium wp-image-954143\" src=\"https:\/\/www.eldigitaldeasturias.com\/noticias\/wp-content\/uploads\/2017\/09\/spain-379535_960_720-360x270.jpg\" alt=\"\" width=\"360\" height=\"270\" \/>Barcelona, 18 mar (dpa) &#8211; Miles de personas salieron hoy a la calle en Barcelona a favor de la unidad de Espa\u00f1a y para pedir que se ponga fin al bloqueo pol\u00edtico en Catalu\u00f1a con un Ejecutivo con \u00abseny\u00bb (sensatez, cordura) que gobierne para todos los catalanes.<\/p>\n<p>Entre los asistentes hubo rostros conocidos como el del ex primer ministro franc\u00e9s Manuel Valls (de origen catal\u00e1n) o la veterana actriz catalana Rosa Mar\u00eda Sard\u00e1.<\/p>\n<p>La marcha fue convocada por la organizaci\u00f3n Sociedad Civil Catalana bajo el el lema \u00abAhora m\u00e1s que nunca, &#8216;seny'\u00bb y fue secundada por las fuerzas pol\u00edticas que est\u00e1n a favor de Espa\u00f1a: el Partido Popular (PP) de Mariano Rajoy, el Partido Socialista de Catalu\u00f1a (PSC) y el liberal Ciudadanos.<\/p>\n<p>Las calles de Barcelona se llenaron de banderas catalanas (no independentistas) y banderas de Espa\u00f1a, as\u00ed como de pancartas con lemas como \u00abEstamos hartos\u00bb y \u00abSom Catalunya, somos Espa\u00f1a\u00bb.<\/p>\n<p>\u00abHoy volvemos a salir a la calle para pedir un Gobierno sin corrupci\u00f3n, que respete las leyes y que gobierne para todos los catalanes\u00bb, dijo a la prensa Albert Rivera, l\u00edder de Ciudadanos, partido que gan\u00f3 las elecciones en Catalu\u00f1a el pasado diciembre, aunque sin apoyos suficientes para poder gobernar en la regi\u00f3n.<\/p>\n<p>\u00abEuropa no puede dar apoyo a un proyecto separatista\u00bb, destac\u00f3 por su parte el ex primer ministro franc\u00e9s Manuel Valls, quien pidi\u00f3 un di\u00e1logo pol\u00edtico para llegar a una soluci\u00f3n en Catalu\u00f1a ante la evidencia de que el \u00abproyecto separatista ha fracasado\u00bb.<\/p>\n<p>Catalu\u00f1a se encuentra en un limbo desde hace meses. El proceso independentista llev\u00f3 en octubre al Gobierno espa\u00f1ol de Mariano Rajoy a intervenir la autonom\u00eda de la regi\u00f3n, destituir al Ejecutivo catal\u00e1n del separatista Carles Puigdemont y convocar elecciones.<\/p>\n<p>Aunque las fuerzas independentistas obtuvieron mayor\u00eda absoluta en las urnas, la situaci\u00f3n judicial de los posibles candidatos a presidente, investigados por la Justicia por sus planes de ruptura con Espa\u00f1a, han impedido hasta ahora materializar su investidura.<\/p>\n<p>Puigdemont se encuentra pr\u00f3fugo en B\u00e9lgica desde octubre y sobre \u00e9l pesa una orden de detenci\u00f3n en Espa\u00f1a. Otros l\u00edderes separatistas como el diputado Jordi S\u00e0nchez, actual candidato a \u00abpresident\u00bb del Gobierno regional, se encuentran en prisi\u00f3n provisional.<\/p>\n<p>Es la tercera vez que los no independentistas se manifiestan de forma masiva en Catalu\u00f1a en los \u00faltimos meses. La primera gran movilizaci\u00f3n tuvo lugar el pasado octubre, coincidiendo con la celebraci\u00f3n de un refer\u00e9ndum soberanista ilegal en la regi\u00f3n y con una proclamaci\u00f3n fallida de independencia en el Parlamento catal\u00e1n.<\/p>\n","protected":false},"excerpt":{"rendered":"<p>Barcelona, 18 mar (dpa) &#8211; Miles de personas salieron hoy a la calle en Barcelona a favor de la unidad de Espa\u00f1a y para pedir que se ponga fin al bloqueo pol\u00edtico en Catalu\u00f1a con un Ejecutivo con \u00abseny\u00bb (sensatez, cordura) que gobierne para todos los catalanes. Entre los asistentes hubo rostros conocidos como el [&hellip;]<\/p>\n","protected":false},"author":1,"featured_media":954143,"comment_status":"closed","ping_status":"closed","sticky":false,"template":"","format":"standard","meta":{"footnotes":""},"categories":[1],"tags":[],"class_list":["post-972475","post","type-post","status-publish","format-standard","has-post-thumbnail","hentry","category-actualidad"],"aioseo_notices":[],"aioseo_head":"\n\t\t<!-- All in One SEO Pro 5.0.1 - aioseo.com -->\n\t<meta name=\"description\" content=\"Barcelona, 18 mar (dpa) - Miles de personas salieron hoy a la calle en Barcelona a favor de la unidad de Espa\u00f1a y para pedir que se ponga fin al bloqueo pol\u00edtico en Catalu\u00f1a con un Ejecutivo con &quot;seny&quot; (sensatez, cordura) que gobierne para todos los catalanes. Entre los asistentes hubo rostros conocidos como el\" \/>\n\t<meta name=\"robots\" content=\"max-image-preview:large\" \/>\n\t<meta name=\"author\" content=\"El Digital de Asturias\"\/>\n\t<meta name=\"google-site-verification\" content=\"UA-38556648-1\" \/>\n\t<meta name=\"msvalidate.01\" content=\"7dfe9f3f1b24437ab69f4f2559babe99\" \/>\n\t<meta name=\"keywords\" content=\"actualidad\" \/>\n\t<link rel=\"canonical\" href=\"https:\/\/www.eldigitaldeasturias.com\/noticias\/miles-de-personas-se-manifiestan-en-cataluna-por-la-unidad-de-espana\/\" \/>\n\t<meta name=\"generator\" content=\"All in One SEO Pro (AIOSEO) 5.0.1\" \/>\n\t\t<meta property=\"og:locale\" content=\"es_ES\" \/>\n\t\t<meta property=\"og:site_name\" content=\"El Digital de Asturias\" \/>\n\t\t<meta property=\"og:type\" content=\"article\" \/>\n\t\t<meta property=\"og:title\" content=\"Miles de personas se manifiestan en Catalu\u00f1a por la unidad de Espa\u00f1a - El Digital de Asturias\" \/>\n\t\t<meta property=\"og:description\" content=\"Barcelona, 18 mar (dpa) - Miles de personas salieron hoy a la calle en Barcelona a favor de la unidad de Espa\u00f1a y para pedir que se ponga fin al bloqueo pol\u00edtico en Catalu\u00f1a con un Ejecutivo con &quot;seny&quot; (sensatez, cordura) que gobierne para todos los catalanes. Entre los asistentes hubo rostros conocidos como el\" \/>\n\t\t<meta property=\"og:url\" content=\"https:\/\/www.eldigitaldeasturias.com\/noticias\/miles-de-personas-se-manifiestan-en-cataluna-por-la-unidad-de-espana\/\" \/>\n\t\t<meta property=\"article:tag\" content=\"actualidad\" \/>\n\t\t<meta property=\"article:published_time\" content=\"2018-03-19T01:32:01+00:00\" \/>\n\t\t<meta property=\"article:modified_time\" content=\"2018-03-19T01:32:01+00:00\" \/>\n\t\t<meta property=\"article:publisher\" content=\"https:\/\/facebook.com\/eldigitaldeasturias\" \/>\n\t\t<meta name=\"twitter:card\" content=\"summary_large_image\" \/>\n\t\t<meta name=\"twitter:title\" content=\"Miles de personas se manifiestan en Catalu\u00f1a por la unidad de Espa\u00f1a - El Digital de Asturias\" \/>\n\t\t<meta name=\"twitter:description\" content=\"Barcelona, 18 mar (dpa) - Miles de personas salieron hoy a la calle en Barcelona a favor de la unidad de Espa\u00f1a y para pedir que se ponga fin al bloqueo pol\u00edtico en Catalu\u00f1a con un Ejecutivo con &quot;seny&quot; (sensatez, cordura) que gobierne para todos los catalanes. Entre los asistentes hubo rostros conocidos como el\" \/>\n\t\t<meta name=\"twitter:image\" content=\"https:\/\/www.eldigitaldeasturias.com\/noticias\/wp-content\/uploads\/2020\/12\/EDA-1.jpg\" \/>\n\t\t<meta name=\"twitter:label1\" content=\"Escrito por\" \/>\n\t\t<meta name=\"twitter:data1\" content=\"El Digital de Asturias\" \/>\n\t\t<meta name=\"twitter:label2\" content=\"Tiempo de lectura estimado\" \/>\n\t\t<meta name=\"twitter:data2\" content=\"2 minutos\" \/>\n\t\t<script type=\"application\/ld+json\" class=\"aioseo-schema\">\n\t\t\t{\"@context\":\"https:\\\/\\\/schema.org\",\"@graph\":[{\"@type\":\"BlogPosting\",\"@id\":\"https:\\\/\\\/www.eldigitaldeasturias.com\\\/noticias\\\/miles-de-personas-se-manifiestan-en-cataluna-por-la-unidad-de-espana\\\/#blogposting\",\"name\":\"Miles de personas se manifiestan en Catalu\\u00f1a por la unidad de Espa\\u00f1a - El Digital de Asturias\",\"headline\":\"Miles de personas se manifiestan en Catalu\\u00f1a por la unidad de Espa\\u00f1a\",\"author\":{\"@id\":\"https:\\\/\\\/www.eldigitaldeasturias.com\\\/noticias\\\/author\\\/admin\\\/#author\"},\"publisher\":{\"@id\":\"https:\\\/\\\/www.eldigitaldeasturias.com\\\/noticias\\\/#organization\"},\"image\":{\"@type\":\"ImageObject\",\"url\":954143},\"datePublished\":\"2018-03-19T01:32:01+01:00\",\"dateModified\":\"2018-03-19T01:32:01+01:00\",\"inLanguage\":\"es-ES\",\"mainEntityOfPage\":{\"@id\":\"https:\\\/\\\/www.eldigitaldeasturias.com\\\/noticias\\\/miles-de-personas-se-manifiestan-en-cataluna-por-la-unidad-de-espana\\\/#webpage\"},\"isPartOf\":{\"@id\":\"https:\\\/\\\/www.eldigitaldeasturias.com\\\/noticias\\\/miles-de-personas-se-manifiestan-en-cataluna-por-la-unidad-de-espana\\\/#webpage\"},\"articleSection\":\"Actualidad\"},{\"@type\":\"BreadcrumbList\",\"@id\":\"https:\\\/\\\/www.eldigitaldeasturias.com\\\/noticias\\\/miles-de-personas-se-manifiestan-en-cataluna-por-la-unidad-de-espana\\\/#breadcrumblist\",\"itemListElement\":[{\"@type\":\"ListItem\",\"@id\":\"https:\\\/\\\/www.eldigitaldeasturias.com\\\/noticias#listItem\",\"position\":1,\"name\":\"Home\",\"item\":\"https:\\\/\\\/www.eldigitaldeasturias.com\\\/noticias\",\"nextItem\":{\"@type\":\"ListItem\",\"@id\":\"https:\\\/\\\/www.eldigitaldeasturias.com\\\/noticias\\\/category\\\/actualidad\\\/#listItem\",\"name\":\"Actualidad\"}},{\"@type\":\"ListItem\",\"@id\":\"https:\\\/\\\/www.eldigitaldeasturias.com\\\/noticias\\\/category\\\/actualidad\\\/#listItem\",\"position\":2,\"name\":\"Actualidad\",\"item\":\"https:\\\/\\\/www.eldigitaldeasturias.com\\\/noticias\\\/category\\\/actualidad\\\/\",\"nextItem\":{\"@type\":\"ListItem\",\"@id\":\"https:\\\/\\\/www.eldigitaldeasturias.com\\\/noticias\\\/miles-de-personas-se-manifiestan-en-cataluna-por-la-unidad-de-espana\\\/#listItem\",\"name\":\"Miles de personas se manifiestan en Catalu\\u00f1a por la unidad de Espa\\u00f1a\"},\"previousItem\":{\"@type\":\"ListItem\",\"@id\":\"https:\\\/\\\/www.eldigitaldeasturias.com\\\/noticias#listItem\",\"name\":\"Home\"}},{\"@type\":\"ListItem\",\"@id\":\"https:\\\/\\\/www.eldigitaldeasturias.com\\\/noticias\\\/miles-de-personas-se-manifiestan-en-cataluna-por-la-unidad-de-espana\\\/#listItem\",\"position\":3,\"name\":\"Miles de personas se manifiestan en Catalu\\u00f1a por la unidad de Espa\\u00f1a\",\"previousItem\":{\"@type\":\"ListItem\",\"@id\":\"https:\\\/\\\/www.eldigitaldeasturias.com\\\/noticias\\\/category\\\/actualidad\\\/#listItem\",\"name\":\"Actualidad\"}}]},{\"@type\":\"Organization\",\"@id\":\"https:\\\/\\\/www.eldigitaldeasturias.com\\\/noticias\\\/#organization\",\"name\":\"El Digital de Asturias\",\"description\":\"Hemeroteca\",\"url\":\"https:\\\/\\\/www.eldigitaldeasturias.com\\\/noticias\\\/\",\"email\":\"info@eldigitaldeasturias.com\",\"telephone\":\"+34652131393\",\"logo\":{\"@type\":\"ImageObject\",\"url\":\"https:\\\/\\\/www.eldigitaldeasturias.com\\\/noticias\\\/wp-content\\\/uploads\\\/2020\\\/12\\\/EDA.jpg\",\"@id\":\"https:\\\/\\\/www.eldigitaldeasturias.com\\\/noticias\\\/miles-de-personas-se-manifiestan-en-cataluna-por-la-unidad-de-espana\\\/#organizationLogo\"},\"image\":{\"@id\":\"https:\\\/\\\/www.eldigitaldeasturias.com\\\/noticias\\\/miles-de-personas-se-manifiestan-en-cataluna-por-la-unidad-de-espana\\\/#organizationLogo\"},\"sameAs\":[\"https:\\\/\\\/facebook.com\\\/eldigitaldeasturias\",\"https:\\\/\\\/www.youtube.com\\\/channel\\\/UCZP-2wLEB9Rv6erhFmqVnvg\"],\"address\":{\"@id\":\"https:\\\/\\\/www.eldigitaldeasturias.com\\\/noticias\\\/#postaladdress\",\"@type\":\"PostalAddress\",\"streetAddress\":\"san antonio 4\",\"postalCode\":\"33430\",\"addressLocality\":\"Cand\\u00e1s\",\"addressRegion\":\"Asturias\",\"addressCountry\":\"ES\"}},{\"@type\":\"Person\",\"@id\":\"https:\\\/\\\/www.eldigitaldeasturias.com\\\/noticias\\\/author\\\/admin\\\/#author\",\"url\":\"https:\\\/\\\/www.eldigitaldeasturias.com\\\/noticias\\\/author\\\/admin\\\/\",\"name\":\"El Digital de Asturias\",\"image\":{\"@type\":\"ImageObject\",\"@id\":\"https:\\\/\\\/www.eldigitaldeasturias.com\\\/noticias\\\/miles-de-personas-se-manifiestan-en-cataluna-por-la-unidad-de-espana\\\/#authorImage\",\"url\":\"https:\\\/\\\/secure.gravatar.com\\\/avatar\\\/df2aeffc32bcd13f8d26072ef8a91b623d677766deac7f97ca815868cd41bf5e?s=96&d=mm&r=g\",\"width\":96,\"height\":96,\"caption\":\"El Digital de Asturias\"}},{\"@type\":\"WebPage\",\"@id\":\"https:\\\/\\\/www.eldigitaldeasturias.com\\\/noticias\\\/miles-de-personas-se-manifiestan-en-cataluna-por-la-unidad-de-espana\\\/#webpage\",\"url\":\"https:\\\/\\\/www.eldigitaldeasturias.com\\\/noticias\\\/miles-de-personas-se-manifiestan-en-cataluna-por-la-unidad-de-espana\\\/\",\"name\":\"Miles de personas se manifiestan en Catalu\\u00f1a por la unidad de Espa\\u00f1a - El Digital de Asturias\",\"description\":\"Barcelona, 18 mar (dpa) - Miles de personas salieron hoy a la calle en Barcelona a favor de la unidad de Espa\\u00f1a y para pedir que se ponga fin al bloqueo pol\\u00edtico en Catalu\\u00f1a con un Ejecutivo con \\\"seny\\\" (sensatez, cordura) que gobierne para todos los catalanes. Entre los asistentes hubo rostros conocidos como el\",\"inLanguage\":\"es-ES\",\"isPartOf\":{\"@id\":\"https:\\\/\\\/www.eldigitaldeasturias.com\\\/noticias\\\/#website\"},\"breadcrumb\":{\"@id\":\"https:\\\/\\\/www.eldigitaldeasturias.com\\\/noticias\\\/miles-de-personas-se-manifiestan-en-cataluna-por-la-unidad-de-espana\\\/#breadcrumblist\"},\"author\":{\"@id\":\"https:\\\/\\\/www.eldigitaldeasturias.com\\\/noticias\\\/author\\\/admin\\\/#author\"},\"creator\":{\"@id\":\"https:\\\/\\\/www.eldigitaldeasturias.com\\\/noticias\\\/author\\\/admin\\\/#author\"},\"image\":{\"@type\":\"ImageObject\",\"url\":954143,\"@id\":\"https:\\\/\\\/www.eldigitaldeasturias.com\\\/noticias\\\/miles-de-personas-se-manifiestan-en-cataluna-por-la-unidad-de-espana\\\/#mainImage\"},\"primaryImageOfPage\":{\"@id\":\"https:\\\/\\\/www.eldigitaldeasturias.com\\\/noticias\\\/miles-de-personas-se-manifiestan-en-cataluna-por-la-unidad-de-espana\\\/#mainImage\"},\"datePublished\":\"2018-03-19T01:32:01+01:00\",\"dateModified\":\"2018-03-19T01:32:01+01:00\"},{\"@type\":\"WebSite\",\"@id\":\"https:\\\/\\\/www.eldigitaldeasturias.com\\\/noticias\\\/#website\",\"url\":\"https:\\\/\\\/www.eldigitaldeasturias.com\\\/noticias\\\/\",\"name\":\"El Digital de Asturias - Diario de actualidad y noticias\",\"alternateName\":\"El Digital de Asturias - Diario de actualidad y noticias\",\"description\":\"Hemeroteca\",\"inLanguage\":\"es-ES\",\"publisher\":{\"@id\":\"https:\\\/\\\/www.eldigitaldeasturias.com\\\/noticias\\\/#organization\"}}]}\n\t\t<\/script>\n\t\t<!-- All in One SEO Pro -->\r\n\t\t<title>Miles de personas se manifiestan en Catalu\u00f1a por la unidad de Espa\u00f1a - El Digital de Asturias<\/title>\n\n","aioseo_head_json":{"title":"Miles de personas se manifiestan en Catalu\u00f1a por la unidad de Espa\u00f1a - El Digital de Asturias","description":"Barcelona, 18 mar (dpa) - Miles de personas salieron hoy a la calle en Barcelona a favor de la unidad de Espa\u00f1a y para pedir que se ponga fin al bloqueo pol\u00edtico en Catalu\u00f1a con un Ejecutivo con \"seny\" (sensatez, cordura) que gobierne para todos los catalanes. Entre los asistentes hubo rostros conocidos como el","canonical_url":"https:\/\/www.eldigitaldeasturias.com\/noticias\/miles-de-personas-se-manifiestan-en-cataluna-por-la-unidad-de-espana\/","robots":"max-image-preview:large","keywords":"actualidad","webmasterTools":{"google-site-verification":"UA-38556648-1","msvalidate.01":"7dfe9f3f1b24437ab69f4f2559babe99","miscellaneous":""},"schema":{"@context":"https:\/\/schema.org","@graph":[{"@type":"BlogPosting","@id":"https:\/\/www.eldigitaldeasturias.com\/noticias\/miles-de-personas-se-manifiestan-en-cataluna-por-la-unidad-de-espana\/#blogposting","name":"Miles de personas se manifiestan en Catalu\u00f1a por la unidad de Espa\u00f1a - El Digital de Asturias","headline":"Miles de personas se manifiestan en Catalu\u00f1a por la unidad de Espa\u00f1a","author":{"@id":"https:\/\/www.eldigitaldeasturias.com\/noticias\/author\/admin\/#author"},"publisher":{"@id":"https:\/\/www.eldigitaldeasturias.com\/noticias\/#organization"},"image":{"@type":"ImageObject","url":954143},"datePublished":"2018-03-19T01:32:01+01:00","dateModified":"2018-03-19T01:32:01+01:00","inLanguage":"es-ES","mainEntityOfPage":{"@id":"https:\/\/www.eldigitaldeasturias.com\/noticias\/miles-de-personas-se-manifiestan-en-cataluna-por-la-unidad-de-espana\/#webpage"},"isPartOf":{"@id":"https:\/\/www.eldigitaldeasturias.com\/noticias\/miles-de-personas-se-manifiestan-en-cataluna-por-la-unidad-de-espana\/#webpage"},"articleSection":"Actualidad"},{"@type":"BreadcrumbList","@id":"https:\/\/www.eldigitaldeasturias.com\/noticias\/miles-de-personas-se-manifiestan-en-cataluna-por-la-unidad-de-espana\/#breadcrumblist","itemListElement":[{"@type":"ListItem","@id":"https:\/\/www.eldigitaldeasturias.com\/noticias#listItem","position":1,"name":"Home","item":"https:\/\/www.eldigitaldeasturias.com\/noticias","nextItem":{"@type":"ListItem","@id":"https:\/\/www.eldigitaldeasturias.com\/noticias\/category\/actualidad\/#listItem","name":"Actualidad"}},{"@type":"ListItem","@id":"https:\/\/www.eldigitaldeasturias.com\/noticias\/category\/actualidad\/#listItem","position":2,"name":"Actualidad","item":"https:\/\/www.eldigitaldeasturias.com\/noticias\/category\/actualidad\/","nextItem":{"@type":"ListItem","@id":"https:\/\/www.eldigitaldeasturias.com\/noticias\/miles-de-personas-se-manifiestan-en-cataluna-por-la-unidad-de-espana\/#listItem","name":"Miles de personas se manifiestan en Catalu\u00f1a por la unidad de Espa\u00f1a"},"previousItem":{"@type":"ListItem","@id":"https:\/\/www.eldigitaldeasturias.com\/noticias#listItem","name":"Home"}},{"@type":"ListItem","@id":"https:\/\/www.eldigitaldeasturias.com\/noticias\/miles-de-personas-se-manifiestan-en-cataluna-por-la-unidad-de-espana\/#listItem","position":3,"name":"Miles de personas se manifiestan en Catalu\u00f1a por la unidad de Espa\u00f1a","previousItem":{"@type":"ListItem","@id":"https:\/\/www.eldigitaldeasturias.com\/noticias\/category\/actualidad\/#listItem","name":"Actualidad"}}]},{"@type":"Organization","@id":"https:\/\/www.eldigitaldeasturias.com\/noticias\/#organization","name":"El Digital de Asturias","description":"Hemeroteca","url":"https:\/\/www.eldigitaldeasturias.com\/noticias\/","email":"info@eldigitaldeasturias.com","telephone":"+34652131393","logo":{"@type":"ImageObject","url":"https:\/\/www.eldigitaldeasturias.com\/noticias\/wp-content\/uploads\/2020\/12\/EDA.jpg","@id":"https:\/\/www.eldigitaldeasturias.com\/noticias\/miles-de-personas-se-manifiestan-en-cataluna-por-la-unidad-de-espana\/#organizationLogo"},"image":{"@id":"https:\/\/www.eldigitaldeasturias.com\/noticias\/miles-de-personas-se-manifiestan-en-cataluna-por-la-unidad-de-espana\/#organizationLogo"},"sameAs":["https:\/\/facebook.com\/eldigitaldeasturias","https:\/\/www.youtube.com\/channel\/UCZP-2wLEB9Rv6erhFmqVnvg"],"address":{"@id":"https:\/\/www.eldigitaldeasturias.com\/noticias\/#postaladdress","@type":"PostalAddress","streetAddress":"san antonio 4","postalCode":"33430","addressLocality":"Cand\u00e1s","addressRegion":"Asturias","addressCountry":"ES"}},{"@type":"Person","@id":"https:\/\/www.eldigitaldeasturias.com\/noticias\/author\/admin\/#author","url":"https:\/\/www.eldigitaldeasturias.com\/noticias\/author\/admin\/","name":"El Digital de Asturias","image":{"@type":"ImageObject","@id":"https:\/\/www.eldigitaldeasturias.com\/noticias\/miles-de-personas-se-manifiestan-en-cataluna-por-la-unidad-de-espana\/#authorImage","url":"https:\/\/secure.gravatar.com\/avatar\/df2aeffc32bcd13f8d26072ef8a91b623d677766deac7f97ca815868cd41bf5e?s=96&d=mm&r=g","width":96,"height":96,"caption":"El Digital de Asturias"}},{"@type":"WebPage","@id":"https:\/\/www.eldigitaldeasturias.com\/noticias\/miles-de-personas-se-manifiestan-en-cataluna-por-la-unidad-de-espana\/#webpage","url":"https:\/\/www.eldigitaldeasturias.com\/noticias\/miles-de-personas-se-manifiestan-en-cataluna-por-la-unidad-de-espana\/","name":"Miles de personas se manifiestan en Catalu\u00f1a por la unidad de Espa\u00f1a - El Digital de Asturias","description":"Barcelona, 18 mar (dpa) - Miles de personas salieron hoy a la calle en Barcelona a favor de la unidad de Espa\u00f1a y para pedir que se ponga fin al bloqueo pol\u00edtico en Catalu\u00f1a con un Ejecutivo con \"seny\" (sensatez, cordura) que gobierne para todos los catalanes. Entre los asistentes hubo rostros conocidos como el","inLanguage":"es-ES","isPartOf":{"@id":"https:\/\/www.eldigitaldeasturias.com\/noticias\/#website"},"breadcrumb":{"@id":"https:\/\/www.eldigitaldeasturias.com\/noticias\/miles-de-personas-se-manifiestan-en-cataluna-por-la-unidad-de-espana\/#breadcrumblist"},"author":{"@id":"https:\/\/www.eldigitaldeasturias.com\/noticias\/author\/admin\/#author"},"creator":{"@id":"https:\/\/www.eldigitaldeasturias.com\/noticias\/author\/admin\/#author"},"image":{"@type":"ImageObject","url":954143,"@id":"https:\/\/www.eldigitaldeasturias.com\/noticias\/miles-de-personas-se-manifiestan-en-cataluna-por-la-unidad-de-espana\/#mainImage"},"primaryImageOfPage":{"@id":"https:\/\/www.eldigitaldeasturias.com\/noticias\/miles-de-personas-se-manifiestan-en-cataluna-por-la-unidad-de-espana\/#mainImage"},"datePublished":"2018-03-19T01:32:01+01:00","dateModified":"2018-03-19T01:32:01+01:00"},{"@type":"WebSite","@id":"https:\/\/www.eldigitaldeasturias.com\/noticias\/#website","url":"https:\/\/www.eldigitaldeasturias.com\/noticias\/","name":"El Digital de Asturias - Diario de actualidad y noticias","alternateName":"El Digital de Asturias - Diario de actualidad y noticias","description":"Hemeroteca","inLanguage":"es-ES","publisher":{"@id":"https:\/\/www.eldigitaldeasturias.com\/noticias\/#organization"}}]},"og:locale":"es_ES","og:site_name":"El Digital de Asturias","og:type":"article","og:title":"Miles de personas se manifiestan en Catalu\u00f1a por la unidad de Espa\u00f1a - El Digital de Asturias","og:description":"Barcelona, 18 mar (dpa) - Miles de personas salieron hoy a la calle en Barcelona a favor de la unidad de Espa\u00f1a y para pedir que se ponga fin al bloqueo pol\u00edtico en Catalu\u00f1a con un Ejecutivo con &quot;seny&quot; (sensatez, cordura) que gobierne para todos los catalanes. Entre los asistentes hubo rostros conocidos como el","og:url":"https:\/\/www.eldigitaldeasturias.com\/noticias\/miles-de-personas-se-manifiestan-en-cataluna-por-la-unidad-de-espana\/","article:tag":["actualidad"],"article:published_time":"2018-03-19T01:32:01+00:00","article:modified_time":"2018-03-19T01:32:01+00:00","article:publisher":"https:\/\/facebook.com\/eldigitaldeasturias","twitter:card":"summary_large_image","twitter:title":"Miles de personas se manifiestan en Catalu\u00f1a por la unidad de Espa\u00f1a - El Digital de Asturias","twitter:description":"Barcelona, 18 mar (dpa) - Miles de personas salieron hoy a la calle en Barcelona a favor de la unidad de Espa\u00f1a y para pedir que se ponga fin al bloqueo pol\u00edtico en Catalu\u00f1a con un Ejecutivo con &quot;seny&quot; (sensatez, cordura) que gobierne para todos los catalanes. Entre los asistentes hubo rostros conocidos como el","twitter:image":"https:\/\/www.eldigitaldeasturias.com\/noticias\/wp-content\/uploads\/2020\/12\/EDA-1.jpg","twitter:label1":"Escrito por","twitter:data1":"El Digital de Asturias","twitter:label2":"Tiempo de lectura estimado","twitter:data2":"2 minutos"},"aioseo_meta_data":{"post_id":"972475","title":null,"description":null,"keywords":null,"keyphrases":null,"primary_term":null,"canonical_url":null,"og_title":null,"og_description":null,"og_object_type":"default","og_image_type":"default","og_image_url":null,"og_image_width":null,"og_image_height":null,"og_image_custom_url":null,"og_image_custom_fields":null,"og_video":null,"og_custom_url":null,"og_article_section":null,"og_article_tags":null,"twitter_use_og":false,"twitter_card":"default","twitter_image_type":"default","twitter_image_url":null,"twitter_image_custom_url":null,"twitter_image_custom_fields":null,"twitter_title":null,"twitter_description":null,"schema":{"blockGraphs":[],"customGraphs":[],"default":{"data":{"Article":[],"Course":[],"Dataset":[],"FAQPage":[],"Movie":[],"Person":[],"Product":[],"ProductReview":[],"Car":[],"Recipe":[],"Service":[],"SoftwareApplication":[],"WebPage":[]},"graphName":"","isEnabled":true},"graphs":[],"defaultGraph":"","defaultPostTypeGraph":""},"schema_type":null,"schema_type_options":null,"pillar_content":false,"robots_default":true,"robots_noindex":false,"robots_noarchive":false,"robots_nosnippet":false,"robots_nofollow":false,"robots_noimageindex":false,"robots_noodp":false,"robots_notranslate":false,"robots_max_snippet":null,"robots_max_videopreview":null,"robots_max_imagepreview":"large","priority":null,"frequency":null,"local_seo":null,"seo_analyzer_scan_date":"2025-10-07 12:51:25","breadcrumb_settings":null,"limit_modified_date":false,"open_ai":null,"ai":null,"created":"2020-12-21 12:18:39","updated":"2025-10-07 12:51:25","focus_keyword":null,"additional_keywords":null,"truseo_locale":null},"aioseo_breadcrumb":"<div class=\"aioseo-breadcrumbs\"><span class=\"aioseo-breadcrumb\">\n\t<a href=\"https:\/\/www.eldigitaldeasturias.com\/noticias\" title=\"Home\">Home<\/a>\n<\/span><span class=\"aioseo-breadcrumb-separator\">\u2013<\/span><span class=\"aioseo-breadcrumb\">\n\t<a href=\"https:\/\/www.eldigitaldeasturias.com\/noticias\/category\/actualidad\/\" title=\"Actualidad\">Actualidad<\/a>\n<\/span><span class=\"aioseo-breadcrumb-separator\">\u2013<\/span><span class=\"aioseo-breadcrumb\">\n\t<a href=\"https:\/\/www.eldigitaldeasturias.com\/noticias\/miles-de-personas-se-manifiestan-en-cataluna-por-la-unidad-de-espana\/\" title=\"Miles de personas se manifiestan en Catalu\u00f1a por la unidad de Espa\u00f1a\">Miles de personas se manifiestan en Catalu\u00f1a por la unidad de Espa\u00f1a<\/a>\n<\/span><\/div>","aioseo_breadcrumb_json":[{"label":"Home","link":"https:\/\/www.eldigitaldeasturias.com\/noticias"},{"label":"Actualidad","link":"https:\/\/www.eldigitaldeasturias.com\/noticias\/category\/actualidad\/"},{"label":"Miles de personas se manifiestan en Catalu\u00f1a por la unidad de Espa\u00f1a","link":"https:\/\/www.eldigitaldeasturias.com\/noticias\/miles-de-personas-se-manifiestan-en-cataluna-por-la-unidad-de-espana\/"}],"_links":{"self":[{"href":"https:\/\/www.eldigitaldeasturias.com\/noticias\/wp-json\/wp\/v2\/posts\/972475","targetHints":{"allow":["GET"]}}],"collection":[{"href":"https:\/\/www.eldigitaldeasturias.com\/noticias\/wp-json\/wp\/v2\/posts"}],"about":[{"href":"https:\/\/www.eldigitaldeasturias.com\/noticias\/wp-json\/wp\/v2\/types\/post"}],"author":[{"embeddable":true,"href":"https:\/\/www.eldigitaldeasturias.com\/noticias\/wp-json\/wp\/v2\/users\/1"}],"replies":[{"embeddable":true,"href":"https:\/\/www.eldigitaldeasturias.com\/noticias\/wp-json\/wp\/v2\/comments?post=972475"}],"version-history":[{"count":0,"href":"https:\/\/www.eldigitaldeasturias.com\/noticias\/wp-json\/wp\/v2\/posts\/972475\/revisions"}],"wp:attachment":[{"href":"https:\/\/www.eldigitaldeasturias.com\/noticias\/wp-json\/wp\/v2\/media?parent=972475"}],"wp:term":[{"taxonomy":"category","embeddable":true,"href":"https:\/\/www.eldigitaldeasturias.com\/noticias\/wp-json\/wp\/v2\/categories?post=972475"},{"taxonomy":"post_tag","embeddable":true,"href":"https:\/\/www.eldigitaldeasturias.com\/noticias\/wp-json\/wp\/v2\/tags?post=972475"}],"curies":[{"name":"wp","href":"https:\/\/api.w.org\/{rel}","templated":true}]}}