{"id":972388,"date":"2018-03-17T23:28:27","date_gmt":"2018-03-17T23:28:27","guid":{"rendered":"http:\/\/www.eldigitaldeasturias.com\/noticias\/?p=972388"},"modified":"2018-03-17T23:28:27","modified_gmt":"2018-03-17T23:28:27","slug":"el-vaticano-niega-haber-censurado-la-carta-de-benedicto-xvi","status":"publish","type":"post","link":"https:\/\/www.eldigitaldeasturias.com\/noticias\/el-vaticano-niega-haber-censurado-la-carta-de-benedicto-xvi\/","title":{"rendered":"El Vaticano niega haber censurado la carta de Benedicto XVI"},"content":{"rendered":"<p><img loading=\"lazy\" decoding=\"async\" class=\"alignleft size-medium wp-image-972389\" src=\"https:\/\/www.eldigitaldeasturias.com\/noticias\/wp-content\/uploads\/2018\/03\/rome-1945033_1280-360x202.jpg\" alt=\"\" width=\"360\" height=\"202\" \/>Roma, 17 mar (dpa) &#8211; El Vaticano admiti\u00f3 hoy haber omitido la publicaci\u00f3n de fragmentos de una carta del papa em\u00e9rito Benedicto XVI, aunque insisti\u00f3 en que no hubo un \u00abintento de censura\u00bb, luego de que se desatara una pol\u00e9mica en torno al caso.<\/p>\n<p>El departamento de comunicaci\u00f3n del Vaticano public\u00f3 con motivo del quinto aniversario de la elecci\u00f3n del papa Francisco la carta sobre una serie de libros acerca de la formaci\u00f3n teol\u00f3gica del pont\u00edfice.<\/p>\n<p>En la carta, Benedicto critica la comparaci\u00f3n \u00abnecia\u00bb que se hace a menudo entre \u00e9l y su sucesor seg\u00fan la cual el papa Francisco ser\u00eda \u00absolo un hombre pr\u00e1ctico desprovisto de formaci\u00f3n teol\u00f3gica o filos\u00f3fica\u00bb.<\/p>\n<p>Sin embargo, el Vaticano, en una foto de la carta enviada a principios de esta semana, hizo ilegible un p\u00e1rrafo de gran importancia: en \u00e9l, el ex jefe de la Iglesia cat\u00f3lica, de 90 a\u00f1os, se\u00f1ala que no ha le\u00eddo los libros por cuestiones de salud y por falta de tiempo y que, por lo tanto, no puede emitir un juicio teol\u00f3gico sobre Francisco. Los medios acusaron al Vaticano de manipulaci\u00f3n.<\/p>\n<p>\u00abLa decisi\u00f3n obedeci\u00f3 a razones de privacidad y a ning\u00fan intento de censura. Para despejar todas las dudas, hemos decidido por lo tanto publicar la carta en su totalidad\u00bb, indic\u00f3 el Vaticano en un comunicado.<\/p>\n<p>La decisi\u00f3n fue tomada luego de que el Vaticano fuera acusado por varios medios de difundir informaci\u00f3n parcial, apenas semanas despu\u00e9s de que el papa Francisco denunciara la \u00abtragedia\u00bb de las noticias falsas (fake news, en ingl\u00e9s).<\/p>\n","protected":false},"excerpt":{"rendered":"<p>Roma, 17 mar (dpa) &#8211; El Vaticano admiti\u00f3 hoy haber omitido la publicaci\u00f3n de fragmentos de una carta del papa em\u00e9rito Benedicto XVI, aunque insisti\u00f3 en que no hubo un \u00abintento de censura\u00bb, luego de que se desatara una pol\u00e9mica en torno al caso. El departamento de comunicaci\u00f3n del Vaticano public\u00f3 con motivo del quinto [&hellip;]<\/p>\n","protected":false},"author":1,"featured_media":972389,"comment_status":"closed","ping_status":"closed","sticky":false,"template":"","format":"standard","meta":{"footnotes":""},"categories":[1],"tags":[],"class_list":["post-972388","post","type-post","status-publish","format-standard","has-post-thumbnail","hentry","category-actualidad"],"aioseo_notices":[],"aioseo_head":"\n\t\t<!-- All in One SEO Pro 5.0.1 - aioseo.com -->\n\t<meta name=\"description\" content=\"Roma, 17 mar (dpa) - El Vaticano admiti\u00f3 hoy haber omitido la publicaci\u00f3n de fragmentos de una carta del papa em\u00e9rito Benedicto XVI, aunque insisti\u00f3 en que no hubo un &quot;intento de censura&quot;, luego de que se desatara una pol\u00e9mica en torno al caso. El departamento de comunicaci\u00f3n del Vaticano public\u00f3 con motivo del quinto\" \/>\n\t<meta name=\"robots\" content=\"max-image-preview:large\" \/>\n\t<meta name=\"author\" content=\"El Digital de Asturias\"\/>\n\t<meta name=\"google-site-verification\" content=\"UA-38556648-1\" \/>\n\t<meta name=\"msvalidate.01\" content=\"7dfe9f3f1b24437ab69f4f2559babe99\" \/>\n\t<meta name=\"keywords\" content=\"actualidad\" \/>\n\t<link rel=\"canonical\" href=\"https:\/\/www.eldigitaldeasturias.com\/noticias\/el-vaticano-niega-haber-censurado-la-carta-de-benedicto-xvi\/\" \/>\n\t<meta name=\"generator\" content=\"All in One SEO Pro (AIOSEO) 5.0.1\" \/>\n\t\t<meta property=\"og:locale\" content=\"es_ES\" \/>\n\t\t<meta property=\"og:site_name\" content=\"El Digital de Asturias\" \/>\n\t\t<meta property=\"og:type\" content=\"article\" \/>\n\t\t<meta property=\"og:title\" content=\"El Vaticano niega haber censurado la carta de Benedicto XVI - El Digital de Asturias\" \/>\n\t\t<meta property=\"og:description\" content=\"Roma, 17 mar (dpa) - El Vaticano admiti\u00f3 hoy haber omitido la publicaci\u00f3n de fragmentos de una carta del papa em\u00e9rito Benedicto XVI, aunque insisti\u00f3 en que no hubo un &quot;intento de censura&quot;, luego de que se desatara una pol\u00e9mica en torno al caso. El departamento de comunicaci\u00f3n del Vaticano public\u00f3 con motivo del quinto\" \/>\n\t\t<meta property=\"og:url\" content=\"https:\/\/www.eldigitaldeasturias.com\/noticias\/el-vaticano-niega-haber-censurado-la-carta-de-benedicto-xvi\/\" \/>\n\t\t<meta property=\"article:tag\" content=\"actualidad\" \/>\n\t\t<meta property=\"article:published_time\" content=\"2018-03-17T23:28:27+00:00\" \/>\n\t\t<meta property=\"article:modified_time\" content=\"2018-03-17T23:28:27+00:00\" \/>\n\t\t<meta property=\"article:publisher\" content=\"https:\/\/facebook.com\/eldigitaldeasturias\" \/>\n\t\t<meta name=\"twitter:card\" content=\"summary_large_image\" \/>\n\t\t<meta name=\"twitter:title\" content=\"El Vaticano niega haber censurado la carta de Benedicto XVI - El Digital de Asturias\" \/>\n\t\t<meta name=\"twitter:description\" content=\"Roma, 17 mar (dpa) - El Vaticano admiti\u00f3 hoy haber omitido la publicaci\u00f3n de fragmentos de una carta del papa em\u00e9rito Benedicto XVI, aunque insisti\u00f3 en que no hubo un &quot;intento de censura&quot;, luego de que se desatara una pol\u00e9mica en torno al caso. El departamento de comunicaci\u00f3n del Vaticano public\u00f3 con motivo del quinto\" \/>\n\t\t<meta name=\"twitter:image\" content=\"https:\/\/www.eldigitaldeasturias.com\/noticias\/wp-content\/uploads\/2020\/12\/EDA-1.jpg\" \/>\n\t\t<meta name=\"twitter:label1\" content=\"Escrito por\" \/>\n\t\t<meta name=\"twitter:data1\" content=\"El Digital de Asturias\" \/>\n\t\t<meta name=\"twitter:label2\" content=\"Tiempo de lectura estimado\" \/>\n\t\t<meta name=\"twitter:data2\" content=\"1 minuto\" \/>\n\t\t<script type=\"application\/ld+json\" class=\"aioseo-schema\">\n\t\t\t{\"@context\":\"https:\\\/\\\/schema.org\",\"@graph\":[{\"@type\":\"BlogPosting\",\"@id\":\"https:\\\/\\\/www.eldigitaldeasturias.com\\\/noticias\\\/el-vaticano-niega-haber-censurado-la-carta-de-benedicto-xvi\\\/#blogposting\",\"name\":\"El Vaticano niega haber censurado la carta de Benedicto XVI - El Digital de Asturias\",\"headline\":\"El Vaticano niega haber censurado la carta de Benedicto XVI\",\"author\":{\"@id\":\"https:\\\/\\\/www.eldigitaldeasturias.com\\\/noticias\\\/author\\\/admin\\\/#author\"},\"publisher\":{\"@id\":\"https:\\\/\\\/www.eldigitaldeasturias.com\\\/noticias\\\/#organization\"},\"image\":{\"@type\":\"ImageObject\",\"url\":972389},\"datePublished\":\"2018-03-17T23:28:27+01:00\",\"dateModified\":\"2018-03-17T23:28:27+01:00\",\"inLanguage\":\"es-ES\",\"mainEntityOfPage\":{\"@id\":\"https:\\\/\\\/www.eldigitaldeasturias.com\\\/noticias\\\/el-vaticano-niega-haber-censurado-la-carta-de-benedicto-xvi\\\/#webpage\"},\"isPartOf\":{\"@id\":\"https:\\\/\\\/www.eldigitaldeasturias.com\\\/noticias\\\/el-vaticano-niega-haber-censurado-la-carta-de-benedicto-xvi\\\/#webpage\"},\"articleSection\":\"Actualidad\"},{\"@type\":\"BreadcrumbList\",\"@id\":\"https:\\\/\\\/www.eldigitaldeasturias.com\\\/noticias\\\/el-vaticano-niega-haber-censurado-la-carta-de-benedicto-xvi\\\/#breadcrumblist\",\"itemListElement\":[{\"@type\":\"ListItem\",\"@id\":\"https:\\\/\\\/www.eldigitaldeasturias.com\\\/noticias#listItem\",\"position\":1,\"name\":\"Home\",\"item\":\"https:\\\/\\\/www.eldigitaldeasturias.com\\\/noticias\",\"nextItem\":{\"@type\":\"ListItem\",\"@id\":\"https:\\\/\\\/www.eldigitaldeasturias.com\\\/noticias\\\/category\\\/actualidad\\\/#listItem\",\"name\":\"Actualidad\"}},{\"@type\":\"ListItem\",\"@id\":\"https:\\\/\\\/www.eldigitaldeasturias.com\\\/noticias\\\/category\\\/actualidad\\\/#listItem\",\"position\":2,\"name\":\"Actualidad\",\"item\":\"https:\\\/\\\/www.eldigitaldeasturias.com\\\/noticias\\\/category\\\/actualidad\\\/\",\"nextItem\":{\"@type\":\"ListItem\",\"@id\":\"https:\\\/\\\/www.eldigitaldeasturias.com\\\/noticias\\\/el-vaticano-niega-haber-censurado-la-carta-de-benedicto-xvi\\\/#listItem\",\"name\":\"El Vaticano niega haber censurado la carta de Benedicto XVI\"},\"previousItem\":{\"@type\":\"ListItem\",\"@id\":\"https:\\\/\\\/www.eldigitaldeasturias.com\\\/noticias#listItem\",\"name\":\"Home\"}},{\"@type\":\"ListItem\",\"@id\":\"https:\\\/\\\/www.eldigitaldeasturias.com\\\/noticias\\\/el-vaticano-niega-haber-censurado-la-carta-de-benedicto-xvi\\\/#listItem\",\"position\":3,\"name\":\"El Vaticano niega haber censurado la carta de Benedicto XVI\",\"previousItem\":{\"@type\":\"ListItem\",\"@id\":\"https:\\\/\\\/www.eldigitaldeasturias.com\\\/noticias\\\/category\\\/actualidad\\\/#listItem\",\"name\":\"Actualidad\"}}]},{\"@type\":\"Organization\",\"@id\":\"https:\\\/\\\/www.eldigitaldeasturias.com\\\/noticias\\\/#organization\",\"name\":\"El Digital de Asturias\",\"description\":\"Hemeroteca\",\"url\":\"https:\\\/\\\/www.eldigitaldeasturias.com\\\/noticias\\\/\",\"email\":\"info@eldigitaldeasturias.com\",\"telephone\":\"+34652131393\",\"logo\":{\"@type\":\"ImageObject\",\"url\":\"https:\\\/\\\/www.eldigitaldeasturias.com\\\/noticias\\\/wp-content\\\/uploads\\\/2020\\\/12\\\/EDA.jpg\",\"@id\":\"https:\\\/\\\/www.eldigitaldeasturias.com\\\/noticias\\\/el-vaticano-niega-haber-censurado-la-carta-de-benedicto-xvi\\\/#organizationLogo\"},\"image\":{\"@id\":\"https:\\\/\\\/www.eldigitaldeasturias.com\\\/noticias\\\/el-vaticano-niega-haber-censurado-la-carta-de-benedicto-xvi\\\/#organizationLogo\"},\"sameAs\":[\"https:\\\/\\\/facebook.com\\\/eldigitaldeasturias\",\"https:\\\/\\\/www.youtube.com\\\/channel\\\/UCZP-2wLEB9Rv6erhFmqVnvg\"],\"address\":{\"@id\":\"https:\\\/\\\/www.eldigitaldeasturias.com\\\/noticias\\\/#postaladdress\",\"@type\":\"PostalAddress\",\"streetAddress\":\"san antonio 4\",\"postalCode\":\"33430\",\"addressLocality\":\"Cand\\u00e1s\",\"addressRegion\":\"Asturias\",\"addressCountry\":\"ES\"}},{\"@type\":\"Person\",\"@id\":\"https:\\\/\\\/www.eldigitaldeasturias.com\\\/noticias\\\/author\\\/admin\\\/#author\",\"url\":\"https:\\\/\\\/www.eldigitaldeasturias.com\\\/noticias\\\/author\\\/admin\\\/\",\"name\":\"El Digital de Asturias\",\"image\":{\"@type\":\"ImageObject\",\"@id\":\"https:\\\/\\\/www.eldigitaldeasturias.com\\\/noticias\\\/el-vaticano-niega-haber-censurado-la-carta-de-benedicto-xvi\\\/#authorImage\",\"url\":\"https:\\\/\\\/secure.gravatar.com\\\/avatar\\\/df2aeffc32bcd13f8d26072ef8a91b623d677766deac7f97ca815868cd41bf5e?s=96&d=mm&r=g\",\"width\":96,\"height\":96,\"caption\":\"El Digital de Asturias\"}},{\"@type\":\"WebPage\",\"@id\":\"https:\\\/\\\/www.eldigitaldeasturias.com\\\/noticias\\\/el-vaticano-niega-haber-censurado-la-carta-de-benedicto-xvi\\\/#webpage\",\"url\":\"https:\\\/\\\/www.eldigitaldeasturias.com\\\/noticias\\\/el-vaticano-niega-haber-censurado-la-carta-de-benedicto-xvi\\\/\",\"name\":\"El Vaticano niega haber censurado la carta de Benedicto XVI - El Digital de Asturias\",\"description\":\"Roma, 17 mar (dpa) - El Vaticano admiti\\u00f3 hoy haber omitido la publicaci\\u00f3n de fragmentos de una carta del papa em\\u00e9rito Benedicto XVI, aunque insisti\\u00f3 en que no hubo un \\\"intento de censura\\\", luego de que se desatara una pol\\u00e9mica en torno al caso. El departamento de comunicaci\\u00f3n del Vaticano public\\u00f3 con motivo del quinto\",\"inLanguage\":\"es-ES\",\"isPartOf\":{\"@id\":\"https:\\\/\\\/www.eldigitaldeasturias.com\\\/noticias\\\/#website\"},\"breadcrumb\":{\"@id\":\"https:\\\/\\\/www.eldigitaldeasturias.com\\\/noticias\\\/el-vaticano-niega-haber-censurado-la-carta-de-benedicto-xvi\\\/#breadcrumblist\"},\"author\":{\"@id\":\"https:\\\/\\\/www.eldigitaldeasturias.com\\\/noticias\\\/author\\\/admin\\\/#author\"},\"creator\":{\"@id\":\"https:\\\/\\\/www.eldigitaldeasturias.com\\\/noticias\\\/author\\\/admin\\\/#author\"},\"image\":{\"@type\":\"ImageObject\",\"url\":972389,\"@id\":\"https:\\\/\\\/www.eldigitaldeasturias.com\\\/noticias\\\/el-vaticano-niega-haber-censurado-la-carta-de-benedicto-xvi\\\/#mainImage\"},\"primaryImageOfPage\":{\"@id\":\"https:\\\/\\\/www.eldigitaldeasturias.com\\\/noticias\\\/el-vaticano-niega-haber-censurado-la-carta-de-benedicto-xvi\\\/#mainImage\"},\"datePublished\":\"2018-03-17T23:28:27+01:00\",\"dateModified\":\"2018-03-17T23:28:27+01:00\"},{\"@type\":\"WebSite\",\"@id\":\"https:\\\/\\\/www.eldigitaldeasturias.com\\\/noticias\\\/#website\",\"url\":\"https:\\\/\\\/www.eldigitaldeasturias.com\\\/noticias\\\/\",\"name\":\"El Digital de Asturias - Diario de actualidad y noticias\",\"alternateName\":\"El Digital de Asturias - Diario de actualidad y noticias\",\"description\":\"Hemeroteca\",\"inLanguage\":\"es-ES\",\"publisher\":{\"@id\":\"https:\\\/\\\/www.eldigitaldeasturias.com\\\/noticias\\\/#organization\"}}]}\n\t\t<\/script>\n\t\t<!-- All in One SEO Pro -->\r\n\t\t<title>El Vaticano niega haber censurado la carta de Benedicto XVI - El Digital de Asturias<\/title>\n\n","aioseo_head_json":{"title":"El Vaticano niega haber censurado la carta de Benedicto XVI - El Digital de Asturias","description":"Roma, 17 mar (dpa) - El Vaticano admiti\u00f3 hoy haber omitido la publicaci\u00f3n de fragmentos de una carta del papa em\u00e9rito Benedicto XVI, aunque insisti\u00f3 en que no hubo un \"intento de censura\", luego de que se desatara una pol\u00e9mica en torno al caso. El departamento de comunicaci\u00f3n del Vaticano public\u00f3 con motivo del quinto","canonical_url":"https:\/\/www.eldigitaldeasturias.com\/noticias\/el-vaticano-niega-haber-censurado-la-carta-de-benedicto-xvi\/","robots":"max-image-preview:large","keywords":"actualidad","webmasterTools":{"google-site-verification":"UA-38556648-1","msvalidate.01":"7dfe9f3f1b24437ab69f4f2559babe99","miscellaneous":""},"schema":{"@context":"https:\/\/schema.org","@graph":[{"@type":"BlogPosting","@id":"https:\/\/www.eldigitaldeasturias.com\/noticias\/el-vaticano-niega-haber-censurado-la-carta-de-benedicto-xvi\/#blogposting","name":"El Vaticano niega haber censurado la carta de Benedicto XVI - El Digital de Asturias","headline":"El Vaticano niega haber censurado la carta de Benedicto XVI","author":{"@id":"https:\/\/www.eldigitaldeasturias.com\/noticias\/author\/admin\/#author"},"publisher":{"@id":"https:\/\/www.eldigitaldeasturias.com\/noticias\/#organization"},"image":{"@type":"ImageObject","url":972389},"datePublished":"2018-03-17T23:28:27+01:00","dateModified":"2018-03-17T23:28:27+01:00","inLanguage":"es-ES","mainEntityOfPage":{"@id":"https:\/\/www.eldigitaldeasturias.com\/noticias\/el-vaticano-niega-haber-censurado-la-carta-de-benedicto-xvi\/#webpage"},"isPartOf":{"@id":"https:\/\/www.eldigitaldeasturias.com\/noticias\/el-vaticano-niega-haber-censurado-la-carta-de-benedicto-xvi\/#webpage"},"articleSection":"Actualidad"},{"@type":"BreadcrumbList","@id":"https:\/\/www.eldigitaldeasturias.com\/noticias\/el-vaticano-niega-haber-censurado-la-carta-de-benedicto-xvi\/#breadcrumblist","itemListElement":[{"@type":"ListItem","@id":"https:\/\/www.eldigitaldeasturias.com\/noticias#listItem","position":1,"name":"Home","item":"https:\/\/www.eldigitaldeasturias.com\/noticias","nextItem":{"@type":"ListItem","@id":"https:\/\/www.eldigitaldeasturias.com\/noticias\/category\/actualidad\/#listItem","name":"Actualidad"}},{"@type":"ListItem","@id":"https:\/\/www.eldigitaldeasturias.com\/noticias\/category\/actualidad\/#listItem","position":2,"name":"Actualidad","item":"https:\/\/www.eldigitaldeasturias.com\/noticias\/category\/actualidad\/","nextItem":{"@type":"ListItem","@id":"https:\/\/www.eldigitaldeasturias.com\/noticias\/el-vaticano-niega-haber-censurado-la-carta-de-benedicto-xvi\/#listItem","name":"El Vaticano niega haber censurado la carta de Benedicto XVI"},"previousItem":{"@type":"ListItem","@id":"https:\/\/www.eldigitaldeasturias.com\/noticias#listItem","name":"Home"}},{"@type":"ListItem","@id":"https:\/\/www.eldigitaldeasturias.com\/noticias\/el-vaticano-niega-haber-censurado-la-carta-de-benedicto-xvi\/#listItem","position":3,"name":"El Vaticano niega haber censurado la carta de Benedicto XVI","previousItem":{"@type":"ListItem","@id":"https:\/\/www.eldigitaldeasturias.com\/noticias\/category\/actualidad\/#listItem","name":"Actualidad"}}]},{"@type":"Organization","@id":"https:\/\/www.eldigitaldeasturias.com\/noticias\/#organization","name":"El Digital de Asturias","description":"Hemeroteca","url":"https:\/\/www.eldigitaldeasturias.com\/noticias\/","email":"info@eldigitaldeasturias.com","telephone":"+34652131393","logo":{"@type":"ImageObject","url":"https:\/\/www.eldigitaldeasturias.com\/noticias\/wp-content\/uploads\/2020\/12\/EDA.jpg","@id":"https:\/\/www.eldigitaldeasturias.com\/noticias\/el-vaticano-niega-haber-censurado-la-carta-de-benedicto-xvi\/#organizationLogo"},"image":{"@id":"https:\/\/www.eldigitaldeasturias.com\/noticias\/el-vaticano-niega-haber-censurado-la-carta-de-benedicto-xvi\/#organizationLogo"},"sameAs":["https:\/\/facebook.com\/eldigitaldeasturias","https:\/\/www.youtube.com\/channel\/UCZP-2wLEB9Rv6erhFmqVnvg"],"address":{"@id":"https:\/\/www.eldigitaldeasturias.com\/noticias\/#postaladdress","@type":"PostalAddress","streetAddress":"san antonio 4","postalCode":"33430","addressLocality":"Cand\u00e1s","addressRegion":"Asturias","addressCountry":"ES"}},{"@type":"Person","@id":"https:\/\/www.eldigitaldeasturias.com\/noticias\/author\/admin\/#author","url":"https:\/\/www.eldigitaldeasturias.com\/noticias\/author\/admin\/","name":"El Digital de Asturias","image":{"@type":"ImageObject","@id":"https:\/\/www.eldigitaldeasturias.com\/noticias\/el-vaticano-niega-haber-censurado-la-carta-de-benedicto-xvi\/#authorImage","url":"https:\/\/secure.gravatar.com\/avatar\/df2aeffc32bcd13f8d26072ef8a91b623d677766deac7f97ca815868cd41bf5e?s=96&d=mm&r=g","width":96,"height":96,"caption":"El Digital de Asturias"}},{"@type":"WebPage","@id":"https:\/\/www.eldigitaldeasturias.com\/noticias\/el-vaticano-niega-haber-censurado-la-carta-de-benedicto-xvi\/#webpage","url":"https:\/\/www.eldigitaldeasturias.com\/noticias\/el-vaticano-niega-haber-censurado-la-carta-de-benedicto-xvi\/","name":"El Vaticano niega haber censurado la carta de Benedicto XVI - El Digital de Asturias","description":"Roma, 17 mar (dpa) - El Vaticano admiti\u00f3 hoy haber omitido la publicaci\u00f3n de fragmentos de una carta del papa em\u00e9rito Benedicto XVI, aunque insisti\u00f3 en que no hubo un \"intento de censura\", luego de que se desatara una pol\u00e9mica en torno al caso. El departamento de comunicaci\u00f3n del Vaticano public\u00f3 con motivo del quinto","inLanguage":"es-ES","isPartOf":{"@id":"https:\/\/www.eldigitaldeasturias.com\/noticias\/#website"},"breadcrumb":{"@id":"https:\/\/www.eldigitaldeasturias.com\/noticias\/el-vaticano-niega-haber-censurado-la-carta-de-benedicto-xvi\/#breadcrumblist"},"author":{"@id":"https:\/\/www.eldigitaldeasturias.com\/noticias\/author\/admin\/#author"},"creator":{"@id":"https:\/\/www.eldigitaldeasturias.com\/noticias\/author\/admin\/#author"},"image":{"@type":"ImageObject","url":972389,"@id":"https:\/\/www.eldigitaldeasturias.com\/noticias\/el-vaticano-niega-haber-censurado-la-carta-de-benedicto-xvi\/#mainImage"},"primaryImageOfPage":{"@id":"https:\/\/www.eldigitaldeasturias.com\/noticias\/el-vaticano-niega-haber-censurado-la-carta-de-benedicto-xvi\/#mainImage"},"datePublished":"2018-03-17T23:28:27+01:00","dateModified":"2018-03-17T23:28:27+01:00"},{"@type":"WebSite","@id":"https:\/\/www.eldigitaldeasturias.com\/noticias\/#website","url":"https:\/\/www.eldigitaldeasturias.com\/noticias\/","name":"El Digital de Asturias - Diario de actualidad y noticias","alternateName":"El Digital de Asturias - Diario de actualidad y noticias","description":"Hemeroteca","inLanguage":"es-ES","publisher":{"@id":"https:\/\/www.eldigitaldeasturias.com\/noticias\/#organization"}}]},"og:locale":"es_ES","og:site_name":"El Digital de Asturias","og:type":"article","og:title":"El Vaticano niega haber censurado la carta de Benedicto XVI - El Digital de Asturias","og:description":"Roma, 17 mar (dpa) - El Vaticano admiti\u00f3 hoy haber omitido la publicaci\u00f3n de fragmentos de una carta del papa em\u00e9rito Benedicto XVI, aunque insisti\u00f3 en que no hubo un &quot;intento de censura&quot;, luego de que se desatara una pol\u00e9mica en torno al caso. El departamento de comunicaci\u00f3n del Vaticano public\u00f3 con motivo del quinto","og:url":"https:\/\/www.eldigitaldeasturias.com\/noticias\/el-vaticano-niega-haber-censurado-la-carta-de-benedicto-xvi\/","article:tag":["actualidad"],"article:published_time":"2018-03-17T23:28:27+00:00","article:modified_time":"2018-03-17T23:28:27+00:00","article:publisher":"https:\/\/facebook.com\/eldigitaldeasturias","twitter:card":"summary_large_image","twitter:title":"El Vaticano niega haber censurado la carta de Benedicto XVI - El Digital de Asturias","twitter:description":"Roma, 17 mar (dpa) - El Vaticano admiti\u00f3 hoy haber omitido la publicaci\u00f3n de fragmentos de una carta del papa em\u00e9rito Benedicto XVI, aunque insisti\u00f3 en que no hubo un &quot;intento de censura&quot;, luego de que se desatara una pol\u00e9mica en torno al caso. El departamento de comunicaci\u00f3n del Vaticano public\u00f3 con motivo del quinto","twitter:image":"https:\/\/www.eldigitaldeasturias.com\/noticias\/wp-content\/uploads\/2020\/12\/EDA-1.jpg","twitter:label1":"Escrito por","twitter:data1":"El Digital de Asturias","twitter:label2":"Tiempo de lectura estimado","twitter:data2":"1 minuto"},"aioseo_meta_data":{"post_id":"972388","title":null,"description":null,"keywords":null,"keyphrases":null,"primary_term":null,"canonical_url":null,"og_title":null,"og_description":null,"og_object_type":"default","og_image_type":"default","og_image_url":null,"og_image_width":null,"og_image_height":null,"og_image_custom_url":null,"og_image_custom_fields":null,"og_video":null,"og_custom_url":null,"og_article_section":null,"og_article_tags":null,"twitter_use_og":false,"twitter_card":"default","twitter_image_type":"default","twitter_image_url":null,"twitter_image_custom_url":null,"twitter_image_custom_fields":null,"twitter_title":null,"twitter_description":null,"schema":{"blockGraphs":[],"customGraphs":[],"default":{"data":{"Article":[],"Course":[],"Dataset":[],"FAQPage":[],"Movie":[],"Person":[],"Product":[],"ProductReview":[],"Car":[],"Recipe":[],"Service":[],"SoftwareApplication":[],"WebPage":[]},"graphName":"","isEnabled":true},"graphs":[],"defaultGraph":"","defaultPostTypeGraph":""},"schema_type":null,"schema_type_options":null,"pillar_content":false,"robots_default":true,"robots_noindex":false,"robots_noarchive":false,"robots_nosnippet":false,"robots_nofollow":false,"robots_noimageindex":false,"robots_noodp":false,"robots_notranslate":false,"robots_max_snippet":null,"robots_max_videopreview":null,"robots_max_imagepreview":"large","priority":null,"frequency":null,"local_seo":null,"seo_analyzer_scan_date":"2025-10-07 12:32:06","breadcrumb_settings":null,"limit_modified_date":false,"open_ai":null,"ai":null,"created":"2020-12-21 12:19:36","updated":"2025-10-07 12:32:06","focus_keyword":null,"additional_keywords":null,"truseo_locale":null},"aioseo_breadcrumb":"<div class=\"aioseo-breadcrumbs\"><span class=\"aioseo-breadcrumb\">\n\t<a href=\"https:\/\/www.eldigitaldeasturias.com\/noticias\" title=\"Home\">Home<\/a>\n<\/span><span class=\"aioseo-breadcrumb-separator\">\u2013<\/span><span class=\"aioseo-breadcrumb\">\n\t<a href=\"https:\/\/www.eldigitaldeasturias.com\/noticias\/category\/actualidad\/\" title=\"Actualidad\">Actualidad<\/a>\n<\/span><span class=\"aioseo-breadcrumb-separator\">\u2013<\/span><span class=\"aioseo-breadcrumb\">\n\t<a href=\"https:\/\/www.eldigitaldeasturias.com\/noticias\/el-vaticano-niega-haber-censurado-la-carta-de-benedicto-xvi\/\" title=\"El Vaticano niega haber censurado la carta de Benedicto XVI\">El Vaticano niega haber censurado la carta de Benedicto XVI<\/a>\n<\/span><\/div>","aioseo_breadcrumb_json":[{"label":"Home","link":"https:\/\/www.eldigitaldeasturias.com\/noticias"},{"label":"Actualidad","link":"https:\/\/www.eldigitaldeasturias.com\/noticias\/category\/actualidad\/"},{"label":"El Vaticano niega haber censurado la carta de Benedicto XVI","link":"https:\/\/www.eldigitaldeasturias.com\/noticias\/el-vaticano-niega-haber-censurado-la-carta-de-benedicto-xvi\/"}],"_links":{"self":[{"href":"https:\/\/www.eldigitaldeasturias.com\/noticias\/wp-json\/wp\/v2\/posts\/972388","targetHints":{"allow":["GET"]}}],"collection":[{"href":"https:\/\/www.eldigitaldeasturias.com\/noticias\/wp-json\/wp\/v2\/posts"}],"about":[{"href":"https:\/\/www.eldigitaldeasturias.com\/noticias\/wp-json\/wp\/v2\/types\/post"}],"author":[{"embeddable":true,"href":"https:\/\/www.eldigitaldeasturias.com\/noticias\/wp-json\/wp\/v2\/users\/1"}],"replies":[{"embeddable":true,"href":"https:\/\/www.eldigitaldeasturias.com\/noticias\/wp-json\/wp\/v2\/comments?post=972388"}],"version-history":[{"count":0,"href":"https:\/\/www.eldigitaldeasturias.com\/noticias\/wp-json\/wp\/v2\/posts\/972388\/revisions"}],"wp:attachment":[{"href":"https:\/\/www.eldigitaldeasturias.com\/noticias\/wp-json\/wp\/v2\/media?parent=972388"}],"wp:term":[{"taxonomy":"category","embeddable":true,"href":"https:\/\/www.eldigitaldeasturias.com\/noticias\/wp-json\/wp\/v2\/categories?post=972388"},{"taxonomy":"post_tag","embeddable":true,"href":"https:\/\/www.eldigitaldeasturias.com\/noticias\/wp-json\/wp\/v2\/tags?post=972388"}],"curies":[{"name":"wp","href":"https:\/\/api.w.org\/{rel}","templated":true}]}}