{"id":972363,"date":"2018-03-17T22:16:16","date_gmt":"2018-03-17T22:16:16","guid":{"rendered":"http:\/\/www.eldigitaldeasturias.com\/noticias\/?p=972363"},"modified":"2018-03-17T22:16:16","modified_gmt":"2018-03-17T22:16:16","slug":"el-gobierno-constata-las-excelentes-relaciones-bilaterales-entre-espana-y-bolivia","status":"publish","type":"post","link":"https:\/\/www.eldigitaldeasturias.com\/noticias\/el-gobierno-constata-las-excelentes-relaciones-bilaterales-entre-espana-y-bolivia\/","title":{"rendered":"El Gobierno constata las excelentes relaciones bilaterales entre Espa\u00f1a y Bolivia"},"content":{"rendered":"<p><img loading=\"lazy\" decoding=\"async\" class=\"alignleft size-medium wp-image-972364\" src=\"https:\/\/www.eldigitaldeasturias.com\/noticias\/wp-content\/uploads\/2018\/03\/09032017_SedeMinisterio-360x239.jpg\" alt=\"\" width=\"360\" height=\"239\" \/>El Gobierno se congratula de la visita de trabajo realizada por el presidente de Bolivia, Evo Morales, a Madrid ayer viernes, 16 de marzo. El presidente Morales, acompa\u00f1ado del canciller Huanacuni, fue recibido por S.M. el Rey Felipe VI, se reuni\u00f3 con el presidente del Gobierno, Mariano Rajoy, y mantuvo un almuerzo con empresarios espa\u00f1oles en la sede de la CEOE.<\/p>\n<p>\u200bLa visita sirvi\u00f3 para repasar las excelentes relaciones bilaterales entre nuestros dos pa\u00edses, valorar la muy positiva aportaci\u00f3n de la colectividad boliviana residente en Espa\u00f1a a nuestra sociedad e impulsar nuevos proyectos de cooperaci\u00f3n, econ\u00f3micos y culturales.<\/p>\n<p>En relaci\u00f3n a la demanda mar\u00edtima presentada por Bolivia ante la Corte Internacional de Justicia de La Haya, las autoridades espa\u00f1olas escucharon la posici\u00f3n de Bolivia y, al respecto, reiteraron la conocida posici\u00f3n de Espa\u00f1a de estricta neutralidad en esta cuesti\u00f3n, que se trata de un asunto bilateral entre Bolivia y Chile, dos pa\u00edses hermanos con los que Espa\u00f1a mantiene relaciones de profunda amistad y estrecha cooperaci\u00f3n.<\/p>\n<p>&nbsp;<\/p>\n","protected":false},"excerpt":{"rendered":"<p>El Gobierno se congratula de la visita de trabajo realizada por el presidente de Bolivia, Evo Morales, a Madrid ayer viernes, 16 de marzo. El presidente Morales, acompa\u00f1ado del canciller Huanacuni, fue recibido por S.M. el Rey Felipe VI, se reuni\u00f3 con el presidente del Gobierno, Mariano Rajoy, y mantuvo un almuerzo con empresarios espa\u00f1oles [&hellip;]<\/p>\n","protected":false},"author":1,"featured_media":972364,"comment_status":"closed","ping_status":"closed","sticky":false,"template":"","format":"standard","meta":{"footnotes":""},"categories":[1],"tags":[],"class_list":["post-972363","post","type-post","status-publish","format-standard","has-post-thumbnail","hentry","category-actualidad"],"aioseo_notices":[],"aioseo_head":"\n\t\t<!-- All in One SEO Pro 5.0.1 - aioseo.com -->\n\t<meta name=\"description\" content=\"El Gobierno se congratula de la visita de trabajo realizada por el presidente de Bolivia, Evo Morales, a Madrid ayer viernes, 16 de marzo. El presidente Morales, acompa\u00f1ado del canciller Huanacuni, fue recibido por S.M. el Rey Felipe VI, se reuni\u00f3 con el presidente del Gobierno, Mariano Rajoy, y mantuvo un almuerzo con empresarios espa\u00f1oles\" \/>\n\t<meta name=\"robots\" content=\"max-image-preview:large\" \/>\n\t<meta name=\"author\" content=\"El Digital de Asturias\"\/>\n\t<meta name=\"google-site-verification\" content=\"UA-38556648-1\" \/>\n\t<meta name=\"msvalidate.01\" content=\"7dfe9f3f1b24437ab69f4f2559babe99\" \/>\n\t<meta name=\"keywords\" content=\"actualidad\" \/>\n\t<link rel=\"canonical\" href=\"https:\/\/www.eldigitaldeasturias.com\/noticias\/el-gobierno-constata-las-excelentes-relaciones-bilaterales-entre-espana-y-bolivia\/\" \/>\n\t<meta name=\"generator\" content=\"All in One SEO Pro (AIOSEO) 5.0.1\" \/>\n\t\t<meta property=\"og:locale\" content=\"es_ES\" \/>\n\t\t<meta property=\"og:site_name\" content=\"El Digital de Asturias\" \/>\n\t\t<meta property=\"og:type\" content=\"article\" \/>\n\t\t<meta property=\"og:title\" content=\"El Gobierno constata las excelentes relaciones bilaterales entre Espa\u00f1a y Bolivia - El Digital de Asturias\" \/>\n\t\t<meta property=\"og:description\" content=\"El Gobierno se congratula de la visita de trabajo realizada por el presidente de Bolivia, Evo Morales, a Madrid ayer viernes, 16 de marzo. El presidente Morales, acompa\u00f1ado del canciller Huanacuni, fue recibido por S.M. el Rey Felipe VI, se reuni\u00f3 con el presidente del Gobierno, Mariano Rajoy, y mantuvo un almuerzo con empresarios espa\u00f1oles\" \/>\n\t\t<meta property=\"og:url\" content=\"https:\/\/www.eldigitaldeasturias.com\/noticias\/el-gobierno-constata-las-excelentes-relaciones-bilaterales-entre-espana-y-bolivia\/\" \/>\n\t\t<meta property=\"article:tag\" content=\"actualidad\" \/>\n\t\t<meta property=\"article:published_time\" content=\"2018-03-17T22:16:16+00:00\" \/>\n\t\t<meta property=\"article:modified_time\" content=\"2018-03-17T22:16:16+00:00\" \/>\n\t\t<meta property=\"article:publisher\" content=\"https:\/\/facebook.com\/eldigitaldeasturias\" \/>\n\t\t<meta name=\"twitter:card\" content=\"summary_large_image\" \/>\n\t\t<meta name=\"twitter:title\" content=\"El Gobierno constata las excelentes relaciones bilaterales entre Espa\u00f1a y Bolivia - El Digital de Asturias\" \/>\n\t\t<meta name=\"twitter:description\" content=\"El Gobierno se congratula de la visita de trabajo realizada por el presidente de Bolivia, Evo Morales, a Madrid ayer viernes, 16 de marzo. El presidente Morales, acompa\u00f1ado del canciller Huanacuni, fue recibido por S.M. el Rey Felipe VI, se reuni\u00f3 con el presidente del Gobierno, Mariano Rajoy, y mantuvo un almuerzo con empresarios espa\u00f1oles\" \/>\n\t\t<meta name=\"twitter:image\" content=\"https:\/\/www.eldigitaldeasturias.com\/noticias\/wp-content\/uploads\/2020\/12\/EDA-1.jpg\" \/>\n\t\t<meta name=\"twitter:label1\" content=\"Escrito por\" \/>\n\t\t<meta name=\"twitter:data1\" content=\"El Digital de Asturias\" \/>\n\t\t<meta name=\"twitter:label2\" content=\"Tiempo de lectura estimado\" \/>\n\t\t<meta name=\"twitter:data2\" content=\"1 minuto\" \/>\n\t\t<script type=\"application\/ld+json\" class=\"aioseo-schema\">\n\t\t\t{\"@context\":\"https:\\\/\\\/schema.org\",\"@graph\":[{\"@type\":\"BlogPosting\",\"@id\":\"https:\\\/\\\/www.eldigitaldeasturias.com\\\/noticias\\\/el-gobierno-constata-las-excelentes-relaciones-bilaterales-entre-espana-y-bolivia\\\/#blogposting\",\"name\":\"El Gobierno constata las excelentes relaciones bilaterales entre Espa\\u00f1a y Bolivia - El Digital de Asturias\",\"headline\":\"El Gobierno constata las excelentes relaciones bilaterales entre Espa\\u00f1a y Bolivia\",\"author\":{\"@id\":\"https:\\\/\\\/www.eldigitaldeasturias.com\\\/noticias\\\/author\\\/admin\\\/#author\"},\"publisher\":{\"@id\":\"https:\\\/\\\/www.eldigitaldeasturias.com\\\/noticias\\\/#organization\"},\"image\":{\"@type\":\"ImageObject\",\"url\":972364},\"datePublished\":\"2018-03-17T22:16:16+01:00\",\"dateModified\":\"2018-03-17T22:16:16+01:00\",\"inLanguage\":\"es-ES\",\"mainEntityOfPage\":{\"@id\":\"https:\\\/\\\/www.eldigitaldeasturias.com\\\/noticias\\\/el-gobierno-constata-las-excelentes-relaciones-bilaterales-entre-espana-y-bolivia\\\/#webpage\"},\"isPartOf\":{\"@id\":\"https:\\\/\\\/www.eldigitaldeasturias.com\\\/noticias\\\/el-gobierno-constata-las-excelentes-relaciones-bilaterales-entre-espana-y-bolivia\\\/#webpage\"},\"articleSection\":\"Actualidad\"},{\"@type\":\"BreadcrumbList\",\"@id\":\"https:\\\/\\\/www.eldigitaldeasturias.com\\\/noticias\\\/el-gobierno-constata-las-excelentes-relaciones-bilaterales-entre-espana-y-bolivia\\\/#breadcrumblist\",\"itemListElement\":[{\"@type\":\"ListItem\",\"@id\":\"https:\\\/\\\/www.eldigitaldeasturias.com\\\/noticias#listItem\",\"position\":1,\"name\":\"Home\",\"item\":\"https:\\\/\\\/www.eldigitaldeasturias.com\\\/noticias\",\"nextItem\":{\"@type\":\"ListItem\",\"@id\":\"https:\\\/\\\/www.eldigitaldeasturias.com\\\/noticias\\\/category\\\/actualidad\\\/#listItem\",\"name\":\"Actualidad\"}},{\"@type\":\"ListItem\",\"@id\":\"https:\\\/\\\/www.eldigitaldeasturias.com\\\/noticias\\\/category\\\/actualidad\\\/#listItem\",\"position\":2,\"name\":\"Actualidad\",\"item\":\"https:\\\/\\\/www.eldigitaldeasturias.com\\\/noticias\\\/category\\\/actualidad\\\/\",\"nextItem\":{\"@type\":\"ListItem\",\"@id\":\"https:\\\/\\\/www.eldigitaldeasturias.com\\\/noticias\\\/el-gobierno-constata-las-excelentes-relaciones-bilaterales-entre-espana-y-bolivia\\\/#listItem\",\"name\":\"El Gobierno constata las excelentes relaciones bilaterales entre Espa\\u00f1a y Bolivia\"},\"previousItem\":{\"@type\":\"ListItem\",\"@id\":\"https:\\\/\\\/www.eldigitaldeasturias.com\\\/noticias#listItem\",\"name\":\"Home\"}},{\"@type\":\"ListItem\",\"@id\":\"https:\\\/\\\/www.eldigitaldeasturias.com\\\/noticias\\\/el-gobierno-constata-las-excelentes-relaciones-bilaterales-entre-espana-y-bolivia\\\/#listItem\",\"position\":3,\"name\":\"El Gobierno constata las excelentes relaciones bilaterales entre Espa\\u00f1a y Bolivia\",\"previousItem\":{\"@type\":\"ListItem\",\"@id\":\"https:\\\/\\\/www.eldigitaldeasturias.com\\\/noticias\\\/category\\\/actualidad\\\/#listItem\",\"name\":\"Actualidad\"}}]},{\"@type\":\"Organization\",\"@id\":\"https:\\\/\\\/www.eldigitaldeasturias.com\\\/noticias\\\/#organization\",\"name\":\"El Digital de Asturias\",\"description\":\"Hemeroteca\",\"url\":\"https:\\\/\\\/www.eldigitaldeasturias.com\\\/noticias\\\/\",\"email\":\"info@eldigitaldeasturias.com\",\"telephone\":\"+34652131393\",\"logo\":{\"@type\":\"ImageObject\",\"url\":\"https:\\\/\\\/www.eldigitaldeasturias.com\\\/noticias\\\/wp-content\\\/uploads\\\/2020\\\/12\\\/EDA.jpg\",\"@id\":\"https:\\\/\\\/www.eldigitaldeasturias.com\\\/noticias\\\/el-gobierno-constata-las-excelentes-relaciones-bilaterales-entre-espana-y-bolivia\\\/#organizationLogo\"},\"image\":{\"@id\":\"https:\\\/\\\/www.eldigitaldeasturias.com\\\/noticias\\\/el-gobierno-constata-las-excelentes-relaciones-bilaterales-entre-espana-y-bolivia\\\/#organizationLogo\"},\"sameAs\":[\"https:\\\/\\\/facebook.com\\\/eldigitaldeasturias\",\"https:\\\/\\\/www.youtube.com\\\/channel\\\/UCZP-2wLEB9Rv6erhFmqVnvg\"],\"address\":{\"@id\":\"https:\\\/\\\/www.eldigitaldeasturias.com\\\/noticias\\\/#postaladdress\",\"@type\":\"PostalAddress\",\"streetAddress\":\"san antonio 4\",\"postalCode\":\"33430\",\"addressLocality\":\"Cand\\u00e1s\",\"addressRegion\":\"Asturias\",\"addressCountry\":\"ES\"}},{\"@type\":\"Person\",\"@id\":\"https:\\\/\\\/www.eldigitaldeasturias.com\\\/noticias\\\/author\\\/admin\\\/#author\",\"url\":\"https:\\\/\\\/www.eldigitaldeasturias.com\\\/noticias\\\/author\\\/admin\\\/\",\"name\":\"El Digital de Asturias\",\"image\":{\"@type\":\"ImageObject\",\"@id\":\"https:\\\/\\\/www.eldigitaldeasturias.com\\\/noticias\\\/el-gobierno-constata-las-excelentes-relaciones-bilaterales-entre-espana-y-bolivia\\\/#authorImage\",\"url\":\"https:\\\/\\\/secure.gravatar.com\\\/avatar\\\/df2aeffc32bcd13f8d26072ef8a91b623d677766deac7f97ca815868cd41bf5e?s=96&d=mm&r=g\",\"width\":96,\"height\":96,\"caption\":\"El Digital de Asturias\"}},{\"@type\":\"WebPage\",\"@id\":\"https:\\\/\\\/www.eldigitaldeasturias.com\\\/noticias\\\/el-gobierno-constata-las-excelentes-relaciones-bilaterales-entre-espana-y-bolivia\\\/#webpage\",\"url\":\"https:\\\/\\\/www.eldigitaldeasturias.com\\\/noticias\\\/el-gobierno-constata-las-excelentes-relaciones-bilaterales-entre-espana-y-bolivia\\\/\",\"name\":\"El Gobierno constata las excelentes relaciones bilaterales entre Espa\\u00f1a y Bolivia - El Digital de Asturias\",\"description\":\"El Gobierno se congratula de la visita de trabajo realizada por el presidente de Bolivia, Evo Morales, a Madrid ayer viernes, 16 de marzo. El presidente Morales, acompa\\u00f1ado del canciller Huanacuni, fue recibido por S.M. el Rey Felipe VI, se reuni\\u00f3 con el presidente del Gobierno, Mariano Rajoy, y mantuvo un almuerzo con empresarios espa\\u00f1oles\",\"inLanguage\":\"es-ES\",\"isPartOf\":{\"@id\":\"https:\\\/\\\/www.eldigitaldeasturias.com\\\/noticias\\\/#website\"},\"breadcrumb\":{\"@id\":\"https:\\\/\\\/www.eldigitaldeasturias.com\\\/noticias\\\/el-gobierno-constata-las-excelentes-relaciones-bilaterales-entre-espana-y-bolivia\\\/#breadcrumblist\"},\"author\":{\"@id\":\"https:\\\/\\\/www.eldigitaldeasturias.com\\\/noticias\\\/author\\\/admin\\\/#author\"},\"creator\":{\"@id\":\"https:\\\/\\\/www.eldigitaldeasturias.com\\\/noticias\\\/author\\\/admin\\\/#author\"},\"image\":{\"@type\":\"ImageObject\",\"url\":972364,\"@id\":\"https:\\\/\\\/www.eldigitaldeasturias.com\\\/noticias\\\/el-gobierno-constata-las-excelentes-relaciones-bilaterales-entre-espana-y-bolivia\\\/#mainImage\"},\"primaryImageOfPage\":{\"@id\":\"https:\\\/\\\/www.eldigitaldeasturias.com\\\/noticias\\\/el-gobierno-constata-las-excelentes-relaciones-bilaterales-entre-espana-y-bolivia\\\/#mainImage\"},\"datePublished\":\"2018-03-17T22:16:16+01:00\",\"dateModified\":\"2018-03-17T22:16:16+01:00\"},{\"@type\":\"WebSite\",\"@id\":\"https:\\\/\\\/www.eldigitaldeasturias.com\\\/noticias\\\/#website\",\"url\":\"https:\\\/\\\/www.eldigitaldeasturias.com\\\/noticias\\\/\",\"name\":\"El Digital de Asturias - Diario de actualidad y noticias\",\"alternateName\":\"El Digital de Asturias - Diario de actualidad y noticias\",\"description\":\"Hemeroteca\",\"inLanguage\":\"es-ES\",\"publisher\":{\"@id\":\"https:\\\/\\\/www.eldigitaldeasturias.com\\\/noticias\\\/#organization\"}}]}\n\t\t<\/script>\n\t\t<!-- All in One SEO Pro -->\r\n\t\t<title>El Gobierno constata las excelentes relaciones bilaterales entre Espa\u00f1a y Bolivia - El Digital de Asturias<\/title>\n\n","aioseo_head_json":{"title":"El Gobierno constata las excelentes relaciones bilaterales entre Espa\u00f1a y Bolivia - El Digital de Asturias","description":"El Gobierno se congratula de la visita de trabajo realizada por el presidente de Bolivia, Evo Morales, a Madrid ayer viernes, 16 de marzo. El presidente Morales, acompa\u00f1ado del canciller Huanacuni, fue recibido por S.M. el Rey Felipe VI, se reuni\u00f3 con el presidente del Gobierno, Mariano Rajoy, y mantuvo un almuerzo con empresarios espa\u00f1oles","canonical_url":"https:\/\/www.eldigitaldeasturias.com\/noticias\/el-gobierno-constata-las-excelentes-relaciones-bilaterales-entre-espana-y-bolivia\/","robots":"max-image-preview:large","keywords":"actualidad","webmasterTools":{"google-site-verification":"UA-38556648-1","msvalidate.01":"7dfe9f3f1b24437ab69f4f2559babe99","miscellaneous":""},"schema":{"@context":"https:\/\/schema.org","@graph":[{"@type":"BlogPosting","@id":"https:\/\/www.eldigitaldeasturias.com\/noticias\/el-gobierno-constata-las-excelentes-relaciones-bilaterales-entre-espana-y-bolivia\/#blogposting","name":"El Gobierno constata las excelentes relaciones bilaterales entre Espa\u00f1a y Bolivia - El Digital de Asturias","headline":"El Gobierno constata las excelentes relaciones bilaterales entre Espa\u00f1a y Bolivia","author":{"@id":"https:\/\/www.eldigitaldeasturias.com\/noticias\/author\/admin\/#author"},"publisher":{"@id":"https:\/\/www.eldigitaldeasturias.com\/noticias\/#organization"},"image":{"@type":"ImageObject","url":972364},"datePublished":"2018-03-17T22:16:16+01:00","dateModified":"2018-03-17T22:16:16+01:00","inLanguage":"es-ES","mainEntityOfPage":{"@id":"https:\/\/www.eldigitaldeasturias.com\/noticias\/el-gobierno-constata-las-excelentes-relaciones-bilaterales-entre-espana-y-bolivia\/#webpage"},"isPartOf":{"@id":"https:\/\/www.eldigitaldeasturias.com\/noticias\/el-gobierno-constata-las-excelentes-relaciones-bilaterales-entre-espana-y-bolivia\/#webpage"},"articleSection":"Actualidad"},{"@type":"BreadcrumbList","@id":"https:\/\/www.eldigitaldeasturias.com\/noticias\/el-gobierno-constata-las-excelentes-relaciones-bilaterales-entre-espana-y-bolivia\/#breadcrumblist","itemListElement":[{"@type":"ListItem","@id":"https:\/\/www.eldigitaldeasturias.com\/noticias#listItem","position":1,"name":"Home","item":"https:\/\/www.eldigitaldeasturias.com\/noticias","nextItem":{"@type":"ListItem","@id":"https:\/\/www.eldigitaldeasturias.com\/noticias\/category\/actualidad\/#listItem","name":"Actualidad"}},{"@type":"ListItem","@id":"https:\/\/www.eldigitaldeasturias.com\/noticias\/category\/actualidad\/#listItem","position":2,"name":"Actualidad","item":"https:\/\/www.eldigitaldeasturias.com\/noticias\/category\/actualidad\/","nextItem":{"@type":"ListItem","@id":"https:\/\/www.eldigitaldeasturias.com\/noticias\/el-gobierno-constata-las-excelentes-relaciones-bilaterales-entre-espana-y-bolivia\/#listItem","name":"El Gobierno constata las excelentes relaciones bilaterales entre Espa\u00f1a y Bolivia"},"previousItem":{"@type":"ListItem","@id":"https:\/\/www.eldigitaldeasturias.com\/noticias#listItem","name":"Home"}},{"@type":"ListItem","@id":"https:\/\/www.eldigitaldeasturias.com\/noticias\/el-gobierno-constata-las-excelentes-relaciones-bilaterales-entre-espana-y-bolivia\/#listItem","position":3,"name":"El Gobierno constata las excelentes relaciones bilaterales entre Espa\u00f1a y Bolivia","previousItem":{"@type":"ListItem","@id":"https:\/\/www.eldigitaldeasturias.com\/noticias\/category\/actualidad\/#listItem","name":"Actualidad"}}]},{"@type":"Organization","@id":"https:\/\/www.eldigitaldeasturias.com\/noticias\/#organization","name":"El Digital de Asturias","description":"Hemeroteca","url":"https:\/\/www.eldigitaldeasturias.com\/noticias\/","email":"info@eldigitaldeasturias.com","telephone":"+34652131393","logo":{"@type":"ImageObject","url":"https:\/\/www.eldigitaldeasturias.com\/noticias\/wp-content\/uploads\/2020\/12\/EDA.jpg","@id":"https:\/\/www.eldigitaldeasturias.com\/noticias\/el-gobierno-constata-las-excelentes-relaciones-bilaterales-entre-espana-y-bolivia\/#organizationLogo"},"image":{"@id":"https:\/\/www.eldigitaldeasturias.com\/noticias\/el-gobierno-constata-las-excelentes-relaciones-bilaterales-entre-espana-y-bolivia\/#organizationLogo"},"sameAs":["https:\/\/facebook.com\/eldigitaldeasturias","https:\/\/www.youtube.com\/channel\/UCZP-2wLEB9Rv6erhFmqVnvg"],"address":{"@id":"https:\/\/www.eldigitaldeasturias.com\/noticias\/#postaladdress","@type":"PostalAddress","streetAddress":"san antonio 4","postalCode":"33430","addressLocality":"Cand\u00e1s","addressRegion":"Asturias","addressCountry":"ES"}},{"@type":"Person","@id":"https:\/\/www.eldigitaldeasturias.com\/noticias\/author\/admin\/#author","url":"https:\/\/www.eldigitaldeasturias.com\/noticias\/author\/admin\/","name":"El Digital de Asturias","image":{"@type":"ImageObject","@id":"https:\/\/www.eldigitaldeasturias.com\/noticias\/el-gobierno-constata-las-excelentes-relaciones-bilaterales-entre-espana-y-bolivia\/#authorImage","url":"https:\/\/secure.gravatar.com\/avatar\/df2aeffc32bcd13f8d26072ef8a91b623d677766deac7f97ca815868cd41bf5e?s=96&d=mm&r=g","width":96,"height":96,"caption":"El Digital de Asturias"}},{"@type":"WebPage","@id":"https:\/\/www.eldigitaldeasturias.com\/noticias\/el-gobierno-constata-las-excelentes-relaciones-bilaterales-entre-espana-y-bolivia\/#webpage","url":"https:\/\/www.eldigitaldeasturias.com\/noticias\/el-gobierno-constata-las-excelentes-relaciones-bilaterales-entre-espana-y-bolivia\/","name":"El Gobierno constata las excelentes relaciones bilaterales entre Espa\u00f1a y Bolivia - El Digital de Asturias","description":"El Gobierno se congratula de la visita de trabajo realizada por el presidente de Bolivia, Evo Morales, a Madrid ayer viernes, 16 de marzo. El presidente Morales, acompa\u00f1ado del canciller Huanacuni, fue recibido por S.M. el Rey Felipe VI, se reuni\u00f3 con el presidente del Gobierno, Mariano Rajoy, y mantuvo un almuerzo con empresarios espa\u00f1oles","inLanguage":"es-ES","isPartOf":{"@id":"https:\/\/www.eldigitaldeasturias.com\/noticias\/#website"},"breadcrumb":{"@id":"https:\/\/www.eldigitaldeasturias.com\/noticias\/el-gobierno-constata-las-excelentes-relaciones-bilaterales-entre-espana-y-bolivia\/#breadcrumblist"},"author":{"@id":"https:\/\/www.eldigitaldeasturias.com\/noticias\/author\/admin\/#author"},"creator":{"@id":"https:\/\/www.eldigitaldeasturias.com\/noticias\/author\/admin\/#author"},"image":{"@type":"ImageObject","url":972364,"@id":"https:\/\/www.eldigitaldeasturias.com\/noticias\/el-gobierno-constata-las-excelentes-relaciones-bilaterales-entre-espana-y-bolivia\/#mainImage"},"primaryImageOfPage":{"@id":"https:\/\/www.eldigitaldeasturias.com\/noticias\/el-gobierno-constata-las-excelentes-relaciones-bilaterales-entre-espana-y-bolivia\/#mainImage"},"datePublished":"2018-03-17T22:16:16+01:00","dateModified":"2018-03-17T22:16:16+01:00"},{"@type":"WebSite","@id":"https:\/\/www.eldigitaldeasturias.com\/noticias\/#website","url":"https:\/\/www.eldigitaldeasturias.com\/noticias\/","name":"El Digital de Asturias - Diario de actualidad y noticias","alternateName":"El Digital de Asturias - Diario de actualidad y noticias","description":"Hemeroteca","inLanguage":"es-ES","publisher":{"@id":"https:\/\/www.eldigitaldeasturias.com\/noticias\/#organization"}}]},"og:locale":"es_ES","og:site_name":"El Digital de Asturias","og:type":"article","og:title":"El Gobierno constata las excelentes relaciones bilaterales entre Espa\u00f1a y Bolivia - El Digital de Asturias","og:description":"El Gobierno se congratula de la visita de trabajo realizada por el presidente de Bolivia, Evo Morales, a Madrid ayer viernes, 16 de marzo. El presidente Morales, acompa\u00f1ado del canciller Huanacuni, fue recibido por S.M. el Rey Felipe VI, se reuni\u00f3 con el presidente del Gobierno, Mariano Rajoy, y mantuvo un almuerzo con empresarios espa\u00f1oles","og:url":"https:\/\/www.eldigitaldeasturias.com\/noticias\/el-gobierno-constata-las-excelentes-relaciones-bilaterales-entre-espana-y-bolivia\/","article:tag":["actualidad"],"article:published_time":"2018-03-17T22:16:16+00:00","article:modified_time":"2018-03-17T22:16:16+00:00","article:publisher":"https:\/\/facebook.com\/eldigitaldeasturias","twitter:card":"summary_large_image","twitter:title":"El Gobierno constata las excelentes relaciones bilaterales entre Espa\u00f1a y Bolivia - El Digital de Asturias","twitter:description":"El Gobierno se congratula de la visita de trabajo realizada por el presidente de Bolivia, Evo Morales, a Madrid ayer viernes, 16 de marzo. El presidente Morales, acompa\u00f1ado del canciller Huanacuni, fue recibido por S.M. el Rey Felipe VI, se reuni\u00f3 con el presidente del Gobierno, Mariano Rajoy, y mantuvo un almuerzo con empresarios espa\u00f1oles","twitter:image":"https:\/\/www.eldigitaldeasturias.com\/noticias\/wp-content\/uploads\/2020\/12\/EDA-1.jpg","twitter:label1":"Escrito por","twitter:data1":"El Digital de Asturias","twitter:label2":"Tiempo de lectura estimado","twitter:data2":"1 minuto"},"aioseo_meta_data":{"post_id":"972363","title":null,"description":null,"keywords":null,"keyphrases":null,"primary_term":null,"canonical_url":null,"og_title":null,"og_description":null,"og_object_type":"default","og_image_type":"default","og_image_url":null,"og_image_width":null,"og_image_height":null,"og_image_custom_url":null,"og_image_custom_fields":null,"og_video":null,"og_custom_url":null,"og_article_section":null,"og_article_tags":null,"twitter_use_og":false,"twitter_card":"default","twitter_image_type":"default","twitter_image_url":null,"twitter_image_custom_url":null,"twitter_image_custom_fields":null,"twitter_title":null,"twitter_description":null,"schema":{"blockGraphs":[],"customGraphs":[],"default":{"data":{"Article":[],"Course":[],"Dataset":[],"FAQPage":[],"Movie":[],"Person":[],"Product":[],"ProductReview":[],"Car":[],"Recipe":[],"Service":[],"SoftwareApplication":[],"WebPage":[]},"graphName":"","isEnabled":true},"graphs":[],"defaultGraph":"","defaultPostTypeGraph":""},"schema_type":null,"schema_type_options":null,"pillar_content":false,"robots_default":true,"robots_noindex":false,"robots_noarchive":false,"robots_nosnippet":false,"robots_nofollow":false,"robots_noimageindex":false,"robots_noodp":false,"robots_notranslate":false,"robots_max_snippet":null,"robots_max_videopreview":null,"robots_max_imagepreview":"large","priority":null,"frequency":null,"local_seo":null,"seo_analyzer_scan_date":"2025-10-07 12:23:12","breadcrumb_settings":null,"limit_modified_date":false,"open_ai":null,"ai":null,"created":"2020-12-21 12:19:36","updated":"2025-10-07 12:23:12","focus_keyword":null,"additional_keywords":null,"truseo_locale":null},"aioseo_breadcrumb":"<div class=\"aioseo-breadcrumbs\"><span class=\"aioseo-breadcrumb\">\n\t<a href=\"https:\/\/www.eldigitaldeasturias.com\/noticias\" title=\"Home\">Home<\/a>\n<\/span><span class=\"aioseo-breadcrumb-separator\">\u2013<\/span><span class=\"aioseo-breadcrumb\">\n\t<a href=\"https:\/\/www.eldigitaldeasturias.com\/noticias\/category\/actualidad\/\" title=\"Actualidad\">Actualidad<\/a>\n<\/span><span class=\"aioseo-breadcrumb-separator\">\u2013<\/span><span class=\"aioseo-breadcrumb\">\n\t<a href=\"https:\/\/www.eldigitaldeasturias.com\/noticias\/el-gobierno-constata-las-excelentes-relaciones-bilaterales-entre-espana-y-bolivia\/\" title=\"El Gobierno constata las excelentes relaciones bilaterales entre Espa\u00f1a y Bolivia\">El Gobierno constata las excelentes relaciones bilaterales entre Espa\u00f1a y Bolivia<\/a>\n<\/span><\/div>","aioseo_breadcrumb_json":[{"label":"Home","link":"https:\/\/www.eldigitaldeasturias.com\/noticias"},{"label":"Actualidad","link":"https:\/\/www.eldigitaldeasturias.com\/noticias\/category\/actualidad\/"},{"label":"El Gobierno constata las excelentes relaciones bilaterales entre Espa\u00f1a y Bolivia","link":"https:\/\/www.eldigitaldeasturias.com\/noticias\/el-gobierno-constata-las-excelentes-relaciones-bilaterales-entre-espana-y-bolivia\/"}],"_links":{"self":[{"href":"https:\/\/www.eldigitaldeasturias.com\/noticias\/wp-json\/wp\/v2\/posts\/972363","targetHints":{"allow":["GET"]}}],"collection":[{"href":"https:\/\/www.eldigitaldeasturias.com\/noticias\/wp-json\/wp\/v2\/posts"}],"about":[{"href":"https:\/\/www.eldigitaldeasturias.com\/noticias\/wp-json\/wp\/v2\/types\/post"}],"author":[{"embeddable":true,"href":"https:\/\/www.eldigitaldeasturias.com\/noticias\/wp-json\/wp\/v2\/users\/1"}],"replies":[{"embeddable":true,"href":"https:\/\/www.eldigitaldeasturias.com\/noticias\/wp-json\/wp\/v2\/comments?post=972363"}],"version-history":[{"count":0,"href":"https:\/\/www.eldigitaldeasturias.com\/noticias\/wp-json\/wp\/v2\/posts\/972363\/revisions"}],"wp:attachment":[{"href":"https:\/\/www.eldigitaldeasturias.com\/noticias\/wp-json\/wp\/v2\/media?parent=972363"}],"wp:term":[{"taxonomy":"category","embeddable":true,"href":"https:\/\/www.eldigitaldeasturias.com\/noticias\/wp-json\/wp\/v2\/categories?post=972363"},{"taxonomy":"post_tag","embeddable":true,"href":"https:\/\/www.eldigitaldeasturias.com\/noticias\/wp-json\/wp\/v2\/tags?post=972363"}],"curies":[{"name":"wp","href":"https:\/\/api.w.org\/{rel}","templated":true}]}}