{"id":972290,"date":"2018-03-17T03:22:57","date_gmt":"2018-03-17T03:22:57","guid":{"rendered":"http:\/\/www.eldigitaldeasturias.com\/noticias\/?p=972290"},"modified":"2018-03-17T03:22:57","modified_gmt":"2018-03-17T03:22:57","slug":"el-gobierno-de-maduro-la-pide-detencion-de-luisa-ortega","status":"publish","type":"post","link":"https:\/\/www.eldigitaldeasturias.com\/noticias\/el-gobierno-de-maduro-la-pide-detencion-de-luisa-ortega\/","title":{"rendered":"El Gobierno de Maduro la pide detenci\u00f3n de Luisa Ortega"},"content":{"rendered":"<p><img loading=\"lazy\" decoding=\"async\" class=\"alignleft size-medium wp-image-485917\" src=\"https:\/\/www.eldigitaldeasturias.com\/noticias\/wp-content\/uploads\/2014\/02\/5919099w-360x240.jpg\" alt=\"\" width=\"360\" height=\"240\" \/>Caracas, 16 mar (dpa) \u2013 El vicepresidente de Venezuela, Tareck El Aissami, pidi\u00f3 hoy la detenci\u00f3n de la fiscal general destituida Luisa Ortega D\u00edaz, a quien calific\u00f3 como pr\u00f3fuga de la justicia, despu\u00e9s que la ex funcionaria ampliara una acusaci\u00f3n en la Corte Penal Internacional (CPI) contra el presidente, Nicol\u00e1s Maduro.<\/p>\n<p>El Aissami pidi\u00f3 a la Fiscal\u00eda General actuar contra la ex jefa del Ministerio P\u00fablico al comparecer ante la Asamblea Constituyente para presentar su informe de gesti\u00f3n del a\u00f1o 2017.<\/p>\n<p>El funcionario acus\u00f3 a Ortega de ser responsable del saldo fatal de las protestas del a\u00f1o pasado contra el Gobierno, con m\u00e1s de 100 muertos, adem\u00e1s de hechos de corrupci\u00f3n.<\/p>\n<p>\u00abExhortamos al poder Judicial y a nuestro valiente fiscal general (Tarek William Saab) a solicitar la captura internacional de esta pr\u00f3fuga para que responda por esas muertes y su actuaci\u00f3n c\u00f3mplice junto a la derecha venezolana en el fallido golpe del a\u00f1o pasado\u00bb, se\u00f1al\u00f3.<\/p>\n<p>El vicepresidente pidi\u00f3 que se emita una orden de captura a trav\u00e9s de la Interpol contra Ortega, quien estuvo al frente de la Fiscal\u00eda General por m\u00e1s de una d\u00e9cada y el a\u00f1o pasado acus\u00f3 a Maduro de haber perpetrado una ruptura del orden constitucional, por dos sentencias judiciales que despojaron a la Asamblea Nacional (Congreso) de sus atribuciones.<\/p>\n<p>Ortega busc\u00f3 refugio internacional tras fugarse del pa\u00eds luego de ser destituida por la Constituyente, controlada por el chavismo.<\/p>\n<p>La ex fiscal emiti\u00f3 hoy una declaraci\u00f3n en su cuenta de Twitter en la que informa que ampli\u00f3 la denuncia que hizo en noviembre pasado contra Maduro en la CPI, afirmando que en Venezuela se siguen violando los derechos humanos.<\/p>\n<p>\u00abEn Venezuela se sigue asesinando sistem\u00e1ticamente, encarcelando, torturando a los venezolanos por eso vine a hacer una extensi\u00f3n de esa denuncia. Hay un hecho que marca la continuaci\u00f3n de esa violaci\u00f3n de derechos humanos, el evento ocurrido el 15 de enero\u00bb, dijo al referirse al asalto de comandos militares al refugi\u00f3 del grupo encabezado por el polic\u00eda rebelde \u00d3scar P\u00e9rez, que caus\u00f3 nueve muertos.<\/p>\n<p>Afirm\u00f3 que esa fue una operaci\u00f3n planificada y dirigida por Maduro, sobre quien pidi\u00f3 que sea encausado por presuntos cr\u00edmenes de lesa humanidad, junto a varios jefes militares.<\/p>\n<p>Ortega, quien fue una cercana aliada del Gobierno, pidi\u00f3 en noviembre a la CPI la detenci\u00f3n de Maduro y altos funcionarios del Gobierno, a quienes acus\u00f3 de cometer cr\u00edmenes de lesa humanidad, responsabiliz\u00e1ndolos de miles de muertes ocurridas entre 2015 y 2017.<\/p>\n","protected":false},"excerpt":{"rendered":"<p>Caracas, 16 mar (dpa) \u2013 El vicepresidente de Venezuela, Tareck El Aissami, pidi\u00f3 hoy la detenci\u00f3n de la fiscal general destituida Luisa Ortega D\u00edaz, a quien calific\u00f3 como pr\u00f3fuga de la justicia, despu\u00e9s que la ex funcionaria ampliara una acusaci\u00f3n en la Corte Penal Internacional (CPI) contra el presidente, Nicol\u00e1s Maduro. El Aissami pidi\u00f3 a [&hellip;]<\/p>\n","protected":false},"author":1,"featured_media":485917,"comment_status":"closed","ping_status":"closed","sticky":false,"template":"","format":"standard","meta":{"footnotes":""},"categories":[1],"tags":[],"class_list":["post-972290","post","type-post","status-publish","format-standard","has-post-thumbnail","hentry","category-actualidad"],"aioseo_notices":[],"aioseo_head":"\n\t\t<!-- All in One SEO Pro 5.0.1 - aioseo.com -->\n\t<meta name=\"description\" content=\"Caracas, 16 mar (dpa) \u2013 El vicepresidente de Venezuela, Tareck El Aissami, pidi\u00f3 hoy la detenci\u00f3n de la fiscal general destituida Luisa Ortega D\u00edaz, a quien calific\u00f3 como pr\u00f3fuga de la justicia, despu\u00e9s que la ex funcionaria ampliara una acusaci\u00f3n en la Corte Penal Internacional (CPI) contra el presidente, Nicol\u00e1s Maduro. El Aissami pidi\u00f3 a\" \/>\n\t<meta name=\"robots\" content=\"max-image-preview:large\" \/>\n\t<meta name=\"author\" content=\"El Digital de Asturias\"\/>\n\t<meta name=\"google-site-verification\" content=\"UA-38556648-1\" \/>\n\t<meta name=\"msvalidate.01\" content=\"7dfe9f3f1b24437ab69f4f2559babe99\" \/>\n\t<meta name=\"keywords\" content=\"actualidad\" \/>\n\t<link rel=\"canonical\" href=\"https:\/\/www.eldigitaldeasturias.com\/noticias\/el-gobierno-de-maduro-la-pide-detencion-de-luisa-ortega\/\" \/>\n\t<meta name=\"generator\" content=\"All in One SEO Pro (AIOSEO) 5.0.1\" \/>\n\t\t<meta property=\"og:locale\" content=\"es_ES\" \/>\n\t\t<meta property=\"og:site_name\" content=\"El Digital de Asturias\" \/>\n\t\t<meta property=\"og:type\" content=\"article\" \/>\n\t\t<meta property=\"og:title\" content=\"El Gobierno de Maduro la pide detenci\u00f3n de Luisa Ortega - El Digital de Asturias\" \/>\n\t\t<meta property=\"og:description\" content=\"Caracas, 16 mar (dpa) \u2013 El vicepresidente de Venezuela, Tareck El Aissami, pidi\u00f3 hoy la detenci\u00f3n de la fiscal general destituida Luisa Ortega D\u00edaz, a quien calific\u00f3 como pr\u00f3fuga de la justicia, despu\u00e9s que la ex funcionaria ampliara una acusaci\u00f3n en la Corte Penal Internacional (CPI) contra el presidente, Nicol\u00e1s Maduro. El Aissami pidi\u00f3 a\" \/>\n\t\t<meta property=\"og:url\" content=\"https:\/\/www.eldigitaldeasturias.com\/noticias\/el-gobierno-de-maduro-la-pide-detencion-de-luisa-ortega\/\" \/>\n\t\t<meta property=\"article:tag\" content=\"actualidad\" \/>\n\t\t<meta property=\"article:published_time\" content=\"2018-03-17T03:22:57+00:00\" \/>\n\t\t<meta property=\"article:modified_time\" content=\"2018-03-17T03:22:57+00:00\" \/>\n\t\t<meta property=\"article:publisher\" content=\"https:\/\/facebook.com\/eldigitaldeasturias\" \/>\n\t\t<meta name=\"twitter:card\" content=\"summary_large_image\" \/>\n\t\t<meta name=\"twitter:title\" content=\"El Gobierno de Maduro la pide detenci\u00f3n de Luisa Ortega - El Digital de Asturias\" \/>\n\t\t<meta name=\"twitter:description\" content=\"Caracas, 16 mar (dpa) \u2013 El vicepresidente de Venezuela, Tareck El Aissami, pidi\u00f3 hoy la detenci\u00f3n de la fiscal general destituida Luisa Ortega D\u00edaz, a quien calific\u00f3 como pr\u00f3fuga de la justicia, despu\u00e9s que la ex funcionaria ampliara una acusaci\u00f3n en la Corte Penal Internacional (CPI) contra el presidente, Nicol\u00e1s Maduro. El Aissami pidi\u00f3 a\" \/>\n\t\t<meta name=\"twitter:image\" content=\"https:\/\/www.eldigitaldeasturias.com\/noticias\/wp-content\/uploads\/2020\/12\/EDA-1.jpg\" \/>\n\t\t<meta name=\"twitter:label1\" content=\"Escrito por\" \/>\n\t\t<meta name=\"twitter:data1\" content=\"El Digital de Asturias\" \/>\n\t\t<meta name=\"twitter:label2\" content=\"Tiempo de lectura estimado\" \/>\n\t\t<meta name=\"twitter:data2\" content=\"2 minutos\" \/>\n\t\t<script type=\"application\/ld+json\" class=\"aioseo-schema\">\n\t\t\t{\"@context\":\"https:\\\/\\\/schema.org\",\"@graph\":[{\"@type\":\"BlogPosting\",\"@id\":\"https:\\\/\\\/www.eldigitaldeasturias.com\\\/noticias\\\/el-gobierno-de-maduro-la-pide-detencion-de-luisa-ortega\\\/#blogposting\",\"name\":\"El Gobierno de Maduro la pide detenci\\u00f3n de Luisa Ortega - El Digital de Asturias\",\"headline\":\"El Gobierno de Maduro la pide detenci\\u00f3n de Luisa Ortega\",\"author\":{\"@id\":\"https:\\\/\\\/www.eldigitaldeasturias.com\\\/noticias\\\/author\\\/admin\\\/#author\"},\"publisher\":{\"@id\":\"https:\\\/\\\/www.eldigitaldeasturias.com\\\/noticias\\\/#organization\"},\"image\":{\"@type\":\"ImageObject\",\"url\":485917},\"datePublished\":\"2018-03-17T03:22:57+01:00\",\"dateModified\":\"2018-03-17T03:22:57+01:00\",\"inLanguage\":\"es-ES\",\"mainEntityOfPage\":{\"@id\":\"https:\\\/\\\/www.eldigitaldeasturias.com\\\/noticias\\\/el-gobierno-de-maduro-la-pide-detencion-de-luisa-ortega\\\/#webpage\"},\"isPartOf\":{\"@id\":\"https:\\\/\\\/www.eldigitaldeasturias.com\\\/noticias\\\/el-gobierno-de-maduro-la-pide-detencion-de-luisa-ortega\\\/#webpage\"},\"articleSection\":\"Actualidad\"},{\"@type\":\"BreadcrumbList\",\"@id\":\"https:\\\/\\\/www.eldigitaldeasturias.com\\\/noticias\\\/el-gobierno-de-maduro-la-pide-detencion-de-luisa-ortega\\\/#breadcrumblist\",\"itemListElement\":[{\"@type\":\"ListItem\",\"@id\":\"https:\\\/\\\/www.eldigitaldeasturias.com\\\/noticias#listItem\",\"position\":1,\"name\":\"Home\",\"item\":\"https:\\\/\\\/www.eldigitaldeasturias.com\\\/noticias\",\"nextItem\":{\"@type\":\"ListItem\",\"@id\":\"https:\\\/\\\/www.eldigitaldeasturias.com\\\/noticias\\\/category\\\/actualidad\\\/#listItem\",\"name\":\"Actualidad\"}},{\"@type\":\"ListItem\",\"@id\":\"https:\\\/\\\/www.eldigitaldeasturias.com\\\/noticias\\\/category\\\/actualidad\\\/#listItem\",\"position\":2,\"name\":\"Actualidad\",\"item\":\"https:\\\/\\\/www.eldigitaldeasturias.com\\\/noticias\\\/category\\\/actualidad\\\/\",\"nextItem\":{\"@type\":\"ListItem\",\"@id\":\"https:\\\/\\\/www.eldigitaldeasturias.com\\\/noticias\\\/el-gobierno-de-maduro-la-pide-detencion-de-luisa-ortega\\\/#listItem\",\"name\":\"El Gobierno de Maduro la pide detenci\\u00f3n de Luisa Ortega\"},\"previousItem\":{\"@type\":\"ListItem\",\"@id\":\"https:\\\/\\\/www.eldigitaldeasturias.com\\\/noticias#listItem\",\"name\":\"Home\"}},{\"@type\":\"ListItem\",\"@id\":\"https:\\\/\\\/www.eldigitaldeasturias.com\\\/noticias\\\/el-gobierno-de-maduro-la-pide-detencion-de-luisa-ortega\\\/#listItem\",\"position\":3,\"name\":\"El Gobierno de Maduro la pide detenci\\u00f3n de Luisa Ortega\",\"previousItem\":{\"@type\":\"ListItem\",\"@id\":\"https:\\\/\\\/www.eldigitaldeasturias.com\\\/noticias\\\/category\\\/actualidad\\\/#listItem\",\"name\":\"Actualidad\"}}]},{\"@type\":\"Organization\",\"@id\":\"https:\\\/\\\/www.eldigitaldeasturias.com\\\/noticias\\\/#organization\",\"name\":\"El Digital de Asturias\",\"description\":\"Hemeroteca\",\"url\":\"https:\\\/\\\/www.eldigitaldeasturias.com\\\/noticias\\\/\",\"email\":\"info@eldigitaldeasturias.com\",\"telephone\":\"+34652131393\",\"logo\":{\"@type\":\"ImageObject\",\"url\":\"https:\\\/\\\/www.eldigitaldeasturias.com\\\/noticias\\\/wp-content\\\/uploads\\\/2020\\\/12\\\/EDA.jpg\",\"@id\":\"https:\\\/\\\/www.eldigitaldeasturias.com\\\/noticias\\\/el-gobierno-de-maduro-la-pide-detencion-de-luisa-ortega\\\/#organizationLogo\"},\"image\":{\"@id\":\"https:\\\/\\\/www.eldigitaldeasturias.com\\\/noticias\\\/el-gobierno-de-maduro-la-pide-detencion-de-luisa-ortega\\\/#organizationLogo\"},\"sameAs\":[\"https:\\\/\\\/facebook.com\\\/eldigitaldeasturias\",\"https:\\\/\\\/www.youtube.com\\\/channel\\\/UCZP-2wLEB9Rv6erhFmqVnvg\"],\"address\":{\"@id\":\"https:\\\/\\\/www.eldigitaldeasturias.com\\\/noticias\\\/#postaladdress\",\"@type\":\"PostalAddress\",\"streetAddress\":\"san antonio 4\",\"postalCode\":\"33430\",\"addressLocality\":\"Cand\\u00e1s\",\"addressRegion\":\"Asturias\",\"addressCountry\":\"ES\"}},{\"@type\":\"Person\",\"@id\":\"https:\\\/\\\/www.eldigitaldeasturias.com\\\/noticias\\\/author\\\/admin\\\/#author\",\"url\":\"https:\\\/\\\/www.eldigitaldeasturias.com\\\/noticias\\\/author\\\/admin\\\/\",\"name\":\"El Digital de Asturias\",\"image\":{\"@type\":\"ImageObject\",\"@id\":\"https:\\\/\\\/www.eldigitaldeasturias.com\\\/noticias\\\/el-gobierno-de-maduro-la-pide-detencion-de-luisa-ortega\\\/#authorImage\",\"url\":\"https:\\\/\\\/secure.gravatar.com\\\/avatar\\\/df2aeffc32bcd13f8d26072ef8a91b623d677766deac7f97ca815868cd41bf5e?s=96&d=mm&r=g\",\"width\":96,\"height\":96,\"caption\":\"El Digital de Asturias\"}},{\"@type\":\"WebPage\",\"@id\":\"https:\\\/\\\/www.eldigitaldeasturias.com\\\/noticias\\\/el-gobierno-de-maduro-la-pide-detencion-de-luisa-ortega\\\/#webpage\",\"url\":\"https:\\\/\\\/www.eldigitaldeasturias.com\\\/noticias\\\/el-gobierno-de-maduro-la-pide-detencion-de-luisa-ortega\\\/\",\"name\":\"El Gobierno de Maduro la pide detenci\\u00f3n de Luisa Ortega - El Digital de Asturias\",\"description\":\"Caracas, 16 mar (dpa) \\u2013 El vicepresidente de Venezuela, Tareck El Aissami, pidi\\u00f3 hoy la detenci\\u00f3n de la fiscal general destituida Luisa Ortega D\\u00edaz, a quien calific\\u00f3 como pr\\u00f3fuga de la justicia, despu\\u00e9s que la ex funcionaria ampliara una acusaci\\u00f3n en la Corte Penal Internacional (CPI) contra el presidente, Nicol\\u00e1s Maduro. El Aissami pidi\\u00f3 a\",\"inLanguage\":\"es-ES\",\"isPartOf\":{\"@id\":\"https:\\\/\\\/www.eldigitaldeasturias.com\\\/noticias\\\/#website\"},\"breadcrumb\":{\"@id\":\"https:\\\/\\\/www.eldigitaldeasturias.com\\\/noticias\\\/el-gobierno-de-maduro-la-pide-detencion-de-luisa-ortega\\\/#breadcrumblist\"},\"author\":{\"@id\":\"https:\\\/\\\/www.eldigitaldeasturias.com\\\/noticias\\\/author\\\/admin\\\/#author\"},\"creator\":{\"@id\":\"https:\\\/\\\/www.eldigitaldeasturias.com\\\/noticias\\\/author\\\/admin\\\/#author\"},\"image\":{\"@type\":\"ImageObject\",\"url\":485917,\"@id\":\"https:\\\/\\\/www.eldigitaldeasturias.com\\\/noticias\\\/el-gobierno-de-maduro-la-pide-detencion-de-luisa-ortega\\\/#mainImage\"},\"primaryImageOfPage\":{\"@id\":\"https:\\\/\\\/www.eldigitaldeasturias.com\\\/noticias\\\/el-gobierno-de-maduro-la-pide-detencion-de-luisa-ortega\\\/#mainImage\"},\"datePublished\":\"2018-03-17T03:22:57+01:00\",\"dateModified\":\"2018-03-17T03:22:57+01:00\"},{\"@type\":\"WebSite\",\"@id\":\"https:\\\/\\\/www.eldigitaldeasturias.com\\\/noticias\\\/#website\",\"url\":\"https:\\\/\\\/www.eldigitaldeasturias.com\\\/noticias\\\/\",\"name\":\"El Digital de Asturias - Diario de actualidad y noticias\",\"alternateName\":\"El Digital de Asturias - Diario de actualidad y noticias\",\"description\":\"Hemeroteca\",\"inLanguage\":\"es-ES\",\"publisher\":{\"@id\":\"https:\\\/\\\/www.eldigitaldeasturias.com\\\/noticias\\\/#organization\"}}]}\n\t\t<\/script>\n\t\t<!-- All in One SEO Pro -->\r\n\t\t<title>El Gobierno de Maduro la pide detenci\u00f3n de Luisa Ortega - El Digital de Asturias<\/title>\n\n","aioseo_head_json":{"title":"El Gobierno de Maduro la pide detenci\u00f3n de Luisa Ortega - El Digital de Asturias","description":"Caracas, 16 mar (dpa) \u2013 El vicepresidente de Venezuela, Tareck El Aissami, pidi\u00f3 hoy la detenci\u00f3n de la fiscal general destituida Luisa Ortega D\u00edaz, a quien calific\u00f3 como pr\u00f3fuga de la justicia, despu\u00e9s que la ex funcionaria ampliara una acusaci\u00f3n en la Corte Penal Internacional (CPI) contra el presidente, Nicol\u00e1s Maduro. El Aissami pidi\u00f3 a","canonical_url":"https:\/\/www.eldigitaldeasturias.com\/noticias\/el-gobierno-de-maduro-la-pide-detencion-de-luisa-ortega\/","robots":"max-image-preview:large","keywords":"actualidad","webmasterTools":{"google-site-verification":"UA-38556648-1","msvalidate.01":"7dfe9f3f1b24437ab69f4f2559babe99","miscellaneous":""},"schema":{"@context":"https:\/\/schema.org","@graph":[{"@type":"BlogPosting","@id":"https:\/\/www.eldigitaldeasturias.com\/noticias\/el-gobierno-de-maduro-la-pide-detencion-de-luisa-ortega\/#blogposting","name":"El Gobierno de Maduro la pide detenci\u00f3n de Luisa Ortega - El Digital de Asturias","headline":"El Gobierno de Maduro la pide detenci\u00f3n de Luisa Ortega","author":{"@id":"https:\/\/www.eldigitaldeasturias.com\/noticias\/author\/admin\/#author"},"publisher":{"@id":"https:\/\/www.eldigitaldeasturias.com\/noticias\/#organization"},"image":{"@type":"ImageObject","url":485917},"datePublished":"2018-03-17T03:22:57+01:00","dateModified":"2018-03-17T03:22:57+01:00","inLanguage":"es-ES","mainEntityOfPage":{"@id":"https:\/\/www.eldigitaldeasturias.com\/noticias\/el-gobierno-de-maduro-la-pide-detencion-de-luisa-ortega\/#webpage"},"isPartOf":{"@id":"https:\/\/www.eldigitaldeasturias.com\/noticias\/el-gobierno-de-maduro-la-pide-detencion-de-luisa-ortega\/#webpage"},"articleSection":"Actualidad"},{"@type":"BreadcrumbList","@id":"https:\/\/www.eldigitaldeasturias.com\/noticias\/el-gobierno-de-maduro-la-pide-detencion-de-luisa-ortega\/#breadcrumblist","itemListElement":[{"@type":"ListItem","@id":"https:\/\/www.eldigitaldeasturias.com\/noticias#listItem","position":1,"name":"Home","item":"https:\/\/www.eldigitaldeasturias.com\/noticias","nextItem":{"@type":"ListItem","@id":"https:\/\/www.eldigitaldeasturias.com\/noticias\/category\/actualidad\/#listItem","name":"Actualidad"}},{"@type":"ListItem","@id":"https:\/\/www.eldigitaldeasturias.com\/noticias\/category\/actualidad\/#listItem","position":2,"name":"Actualidad","item":"https:\/\/www.eldigitaldeasturias.com\/noticias\/category\/actualidad\/","nextItem":{"@type":"ListItem","@id":"https:\/\/www.eldigitaldeasturias.com\/noticias\/el-gobierno-de-maduro-la-pide-detencion-de-luisa-ortega\/#listItem","name":"El Gobierno de Maduro la pide detenci\u00f3n de Luisa Ortega"},"previousItem":{"@type":"ListItem","@id":"https:\/\/www.eldigitaldeasturias.com\/noticias#listItem","name":"Home"}},{"@type":"ListItem","@id":"https:\/\/www.eldigitaldeasturias.com\/noticias\/el-gobierno-de-maduro-la-pide-detencion-de-luisa-ortega\/#listItem","position":3,"name":"El Gobierno de Maduro la pide detenci\u00f3n de Luisa Ortega","previousItem":{"@type":"ListItem","@id":"https:\/\/www.eldigitaldeasturias.com\/noticias\/category\/actualidad\/#listItem","name":"Actualidad"}}]},{"@type":"Organization","@id":"https:\/\/www.eldigitaldeasturias.com\/noticias\/#organization","name":"El Digital de Asturias","description":"Hemeroteca","url":"https:\/\/www.eldigitaldeasturias.com\/noticias\/","email":"info@eldigitaldeasturias.com","telephone":"+34652131393","logo":{"@type":"ImageObject","url":"https:\/\/www.eldigitaldeasturias.com\/noticias\/wp-content\/uploads\/2020\/12\/EDA.jpg","@id":"https:\/\/www.eldigitaldeasturias.com\/noticias\/el-gobierno-de-maduro-la-pide-detencion-de-luisa-ortega\/#organizationLogo"},"image":{"@id":"https:\/\/www.eldigitaldeasturias.com\/noticias\/el-gobierno-de-maduro-la-pide-detencion-de-luisa-ortega\/#organizationLogo"},"sameAs":["https:\/\/facebook.com\/eldigitaldeasturias","https:\/\/www.youtube.com\/channel\/UCZP-2wLEB9Rv6erhFmqVnvg"],"address":{"@id":"https:\/\/www.eldigitaldeasturias.com\/noticias\/#postaladdress","@type":"PostalAddress","streetAddress":"san antonio 4","postalCode":"33430","addressLocality":"Cand\u00e1s","addressRegion":"Asturias","addressCountry":"ES"}},{"@type":"Person","@id":"https:\/\/www.eldigitaldeasturias.com\/noticias\/author\/admin\/#author","url":"https:\/\/www.eldigitaldeasturias.com\/noticias\/author\/admin\/","name":"El Digital de Asturias","image":{"@type":"ImageObject","@id":"https:\/\/www.eldigitaldeasturias.com\/noticias\/el-gobierno-de-maduro-la-pide-detencion-de-luisa-ortega\/#authorImage","url":"https:\/\/secure.gravatar.com\/avatar\/df2aeffc32bcd13f8d26072ef8a91b623d677766deac7f97ca815868cd41bf5e?s=96&d=mm&r=g","width":96,"height":96,"caption":"El Digital de Asturias"}},{"@type":"WebPage","@id":"https:\/\/www.eldigitaldeasturias.com\/noticias\/el-gobierno-de-maduro-la-pide-detencion-de-luisa-ortega\/#webpage","url":"https:\/\/www.eldigitaldeasturias.com\/noticias\/el-gobierno-de-maduro-la-pide-detencion-de-luisa-ortega\/","name":"El Gobierno de Maduro la pide detenci\u00f3n de Luisa Ortega - El Digital de Asturias","description":"Caracas, 16 mar (dpa) \u2013 El vicepresidente de Venezuela, Tareck El Aissami, pidi\u00f3 hoy la detenci\u00f3n de la fiscal general destituida Luisa Ortega D\u00edaz, a quien calific\u00f3 como pr\u00f3fuga de la justicia, despu\u00e9s que la ex funcionaria ampliara una acusaci\u00f3n en la Corte Penal Internacional (CPI) contra el presidente, Nicol\u00e1s Maduro. El Aissami pidi\u00f3 a","inLanguage":"es-ES","isPartOf":{"@id":"https:\/\/www.eldigitaldeasturias.com\/noticias\/#website"},"breadcrumb":{"@id":"https:\/\/www.eldigitaldeasturias.com\/noticias\/el-gobierno-de-maduro-la-pide-detencion-de-luisa-ortega\/#breadcrumblist"},"author":{"@id":"https:\/\/www.eldigitaldeasturias.com\/noticias\/author\/admin\/#author"},"creator":{"@id":"https:\/\/www.eldigitaldeasturias.com\/noticias\/author\/admin\/#author"},"image":{"@type":"ImageObject","url":485917,"@id":"https:\/\/www.eldigitaldeasturias.com\/noticias\/el-gobierno-de-maduro-la-pide-detencion-de-luisa-ortega\/#mainImage"},"primaryImageOfPage":{"@id":"https:\/\/www.eldigitaldeasturias.com\/noticias\/el-gobierno-de-maduro-la-pide-detencion-de-luisa-ortega\/#mainImage"},"datePublished":"2018-03-17T03:22:57+01:00","dateModified":"2018-03-17T03:22:57+01:00"},{"@type":"WebSite","@id":"https:\/\/www.eldigitaldeasturias.com\/noticias\/#website","url":"https:\/\/www.eldigitaldeasturias.com\/noticias\/","name":"El Digital de Asturias - Diario de actualidad y noticias","alternateName":"El Digital de Asturias - Diario de actualidad y noticias","description":"Hemeroteca","inLanguage":"es-ES","publisher":{"@id":"https:\/\/www.eldigitaldeasturias.com\/noticias\/#organization"}}]},"og:locale":"es_ES","og:site_name":"El Digital de Asturias","og:type":"article","og:title":"El Gobierno de Maduro la pide detenci\u00f3n de Luisa Ortega - El Digital de Asturias","og:description":"Caracas, 16 mar (dpa) \u2013 El vicepresidente de Venezuela, Tareck El Aissami, pidi\u00f3 hoy la detenci\u00f3n de la fiscal general destituida Luisa Ortega D\u00edaz, a quien calific\u00f3 como pr\u00f3fuga de la justicia, despu\u00e9s que la ex funcionaria ampliara una acusaci\u00f3n en la Corte Penal Internacional (CPI) contra el presidente, Nicol\u00e1s Maduro. El Aissami pidi\u00f3 a","og:url":"https:\/\/www.eldigitaldeasturias.com\/noticias\/el-gobierno-de-maduro-la-pide-detencion-de-luisa-ortega\/","article:tag":["actualidad"],"article:published_time":"2018-03-17T03:22:57+00:00","article:modified_time":"2018-03-17T03:22:57+00:00","article:publisher":"https:\/\/facebook.com\/eldigitaldeasturias","twitter:card":"summary_large_image","twitter:title":"El Gobierno de Maduro la pide detenci\u00f3n de Luisa Ortega - El Digital de Asturias","twitter:description":"Caracas, 16 mar (dpa) \u2013 El vicepresidente de Venezuela, Tareck El Aissami, pidi\u00f3 hoy la detenci\u00f3n de la fiscal general destituida Luisa Ortega D\u00edaz, a quien calific\u00f3 como pr\u00f3fuga de la justicia, despu\u00e9s que la ex funcionaria ampliara una acusaci\u00f3n en la Corte Penal Internacional (CPI) contra el presidente, Nicol\u00e1s Maduro. El Aissami pidi\u00f3 a","twitter:image":"https:\/\/www.eldigitaldeasturias.com\/noticias\/wp-content\/uploads\/2020\/12\/EDA-1.jpg","twitter:label1":"Escrito por","twitter:data1":"El Digital de Asturias","twitter:label2":"Tiempo de lectura estimado","twitter:data2":"2 minutos"},"aioseo_meta_data":{"post_id":"972290","title":null,"description":null,"keywords":null,"keyphrases":null,"primary_term":null,"canonical_url":null,"og_title":null,"og_description":null,"og_object_type":"default","og_image_type":"default","og_image_url":null,"og_image_width":null,"og_image_height":null,"og_image_custom_url":null,"og_image_custom_fields":null,"og_video":null,"og_custom_url":null,"og_article_section":null,"og_article_tags":null,"twitter_use_og":false,"twitter_card":"default","twitter_image_type":"default","twitter_image_url":null,"twitter_image_custom_url":null,"twitter_image_custom_fields":null,"twitter_title":null,"twitter_description":null,"schema":{"blockGraphs":[],"customGraphs":[],"default":{"data":{"Article":[],"Course":[],"Dataset":[],"FAQPage":[],"Movie":[],"Person":[],"Product":[],"ProductReview":[],"Car":[],"Recipe":[],"Service":[],"SoftwareApplication":[],"WebPage":[]},"graphName":"","isEnabled":true},"graphs":[],"defaultGraph":"","defaultPostTypeGraph":""},"schema_type":null,"schema_type_options":null,"pillar_content":false,"robots_default":true,"robots_noindex":false,"robots_noarchive":false,"robots_nosnippet":false,"robots_nofollow":false,"robots_noimageindex":false,"robots_noodp":false,"robots_notranslate":false,"robots_max_snippet":null,"robots_max_videopreview":null,"robots_max_imagepreview":"large","priority":null,"frequency":null,"local_seo":null,"seo_analyzer_scan_date":"2025-10-07 12:07:17","breadcrumb_settings":null,"limit_modified_date":false,"open_ai":null,"ai":null,"created":"2020-12-21 12:19:36","updated":"2025-10-07 12:07:17","focus_keyword":null,"additional_keywords":null,"truseo_locale":null},"aioseo_breadcrumb":"<div class=\"aioseo-breadcrumbs\"><span class=\"aioseo-breadcrumb\">\n\t<a href=\"https:\/\/www.eldigitaldeasturias.com\/noticias\" title=\"Home\">Home<\/a>\n<\/span><span class=\"aioseo-breadcrumb-separator\">\u2013<\/span><span class=\"aioseo-breadcrumb\">\n\t<a href=\"https:\/\/www.eldigitaldeasturias.com\/noticias\/category\/actualidad\/\" title=\"Actualidad\">Actualidad<\/a>\n<\/span><span class=\"aioseo-breadcrumb-separator\">\u2013<\/span><span class=\"aioseo-breadcrumb\">\n\t<a href=\"https:\/\/www.eldigitaldeasturias.com\/noticias\/el-gobierno-de-maduro-la-pide-detencion-de-luisa-ortega\/\" title=\"El Gobierno de Maduro la pide detenci\u00f3n de Luisa Ortega\">El Gobierno de Maduro la pide detenci\u00f3n de Luisa Ortega<\/a>\n<\/span><\/div>","aioseo_breadcrumb_json":[{"label":"Home","link":"https:\/\/www.eldigitaldeasturias.com\/noticias"},{"label":"Actualidad","link":"https:\/\/www.eldigitaldeasturias.com\/noticias\/category\/actualidad\/"},{"label":"El Gobierno de Maduro la pide detenci\u00f3n de Luisa Ortega","link":"https:\/\/www.eldigitaldeasturias.com\/noticias\/el-gobierno-de-maduro-la-pide-detencion-de-luisa-ortega\/"}],"_links":{"self":[{"href":"https:\/\/www.eldigitaldeasturias.com\/noticias\/wp-json\/wp\/v2\/posts\/972290","targetHints":{"allow":["GET"]}}],"collection":[{"href":"https:\/\/www.eldigitaldeasturias.com\/noticias\/wp-json\/wp\/v2\/posts"}],"about":[{"href":"https:\/\/www.eldigitaldeasturias.com\/noticias\/wp-json\/wp\/v2\/types\/post"}],"author":[{"embeddable":true,"href":"https:\/\/www.eldigitaldeasturias.com\/noticias\/wp-json\/wp\/v2\/users\/1"}],"replies":[{"embeddable":true,"href":"https:\/\/www.eldigitaldeasturias.com\/noticias\/wp-json\/wp\/v2\/comments?post=972290"}],"version-history":[{"count":0,"href":"https:\/\/www.eldigitaldeasturias.com\/noticias\/wp-json\/wp\/v2\/posts\/972290\/revisions"}],"wp:attachment":[{"href":"https:\/\/www.eldigitaldeasturias.com\/noticias\/wp-json\/wp\/v2\/media?parent=972290"}],"wp:term":[{"taxonomy":"category","embeddable":true,"href":"https:\/\/www.eldigitaldeasturias.com\/noticias\/wp-json\/wp\/v2\/categories?post=972290"},{"taxonomy":"post_tag","embeddable":true,"href":"https:\/\/www.eldigitaldeasturias.com\/noticias\/wp-json\/wp\/v2\/tags?post=972290"}],"curies":[{"name":"wp","href":"https:\/\/api.w.org\/{rel}","templated":true}]}}