{"id":972283,"date":"2018-03-17T02:57:40","date_gmt":"2018-03-17T02:57:40","guid":{"rendered":"http:\/\/www.eldigitaldeasturias.com\/noticias\/?p=972283"},"modified":"2018-03-17T02:57:40","modified_gmt":"2018-03-17T02:57:40","slug":"justicia-madrid-grita-contra-la-muerte-de-un-inmigrante","status":"publish","type":"post","link":"https:\/\/www.eldigitaldeasturias.com\/noticias\/justicia-madrid-grita-contra-la-muerte-de-un-inmigrante\/","title":{"rendered":"\u00ab\u00a1Justicia!\u00bb: Madrid grita contra la muerte de un inmigrante"},"content":{"rendered":"<p><img loading=\"lazy\" decoding=\"async\" class=\"alignleft size-medium wp-image-855693\" src=\"https:\/\/www.eldigitaldeasturias.com\/noticias\/wp-content\/uploads\/2016\/02\/fotonoticia_20160208143254_8001-360x240.jpg\" alt=\"\" width=\"360\" height=\"240\" \/>Madrid, 16 mar (dpa) &#8211; Un peque\u00f1o altar improvisado con velas, flores y mensajes marca el lugar en el que Mame, un inmigrante senegal\u00e9s, cay\u00f3 el jueves fulminado de un infarto en plena calle del barrio de Lavapi\u00e9s. Pero el ambiente que se respira en el coraz\u00f3n multicultural de Madrid tiene m\u00e1s de indignaci\u00f3n y reivindicaci\u00f3n que de luto.<\/p>\n<p>\u00ab\u00a1Polic\u00eda asesina!\u00bb, \u00ab\u00a1S\u00ed, s\u00ed lo mataron!\u00bb, \u00ab\u00a1Justicia, justicia!\u00bb: los gritos de cientos de personas volvieron a resonar hoy en el barrio por segundo d\u00eda consecutivo en una nueva protesta convocada por la muerte del vendedor ambulante de 35 a\u00f1os, que seg\u00fan testigos y compa\u00f1eros falleci\u00f3 tras ser perseguido por la polic\u00eda.<\/p>\n<p>El Ayuntamiento de Madrid, <strong>gobernado por la izquierdista Manuela Carmena<\/strong>, neg\u00f3 hoy esa versi\u00f3n y confirm\u00f3 el relato policial: no hubo persecuci\u00f3n. Pero bast\u00f3 esa idea para que el jueves se produjeran graves disturbios en Lavapi\u00e9s que dejaron con 20 heridos, seis detenidos, contenedores incendiados y escaparates rotos.<\/p>\n<p>Tambi\u00e9n una pregunta que flotaba hoy en las nuevas protestas convocadas por colectivos inmigrantes y de vecinos en un ambiente todav\u00eda tenso: \u00bfpor qu\u00e9 Mame segu\u00eda viviendo en Espa\u00f1a de la venta ilegal y sin documentos regulares pese a llevar 14 a\u00f1os en el pa\u00eds?<\/p>\n<p>\u00abVinimos aqu\u00ed con la esperanza de ganarnos la vida y de dejar atr\u00e1s una vida y un pa\u00eds peor. Pero aqu\u00ed tampoco podemos progresar\u00bb, explica a dpa un senegal\u00e9s de 40 a\u00f1os que lleva 16 en Espa\u00f1a y que acudi\u00f3 a la protesta de hoy para pedir justicia. \u00abEstamos muy decepcionados\u00bb.<\/p>\n<p>A su lado, otro senegal\u00e9s de 32 a\u00f1os llegado hace dos a Espa\u00f1a coincide: \u00abQueremos que haya justicia. Aqu\u00ed vinimos a buscarnos la vida, no a hacer da\u00f1o ni a pegar a la gente ni a destrozar las calles. Pero no queremos que nos maten. Con una muerte ya basta. Esto tiene que parar\u00bb.<\/p>\n<p>Ambos aseguran que conoc\u00edan al fallecido, \u00abuna persona muy amable\u00bb, y que la polic\u00eda lo persigui\u00f3 con una motocicleta tras una redada en la emblem\u00e1tica Plaza Mayor.<\/p>\n<p>Cierta o no, la escena es cotidiana para miles de africanos que se juegan la vida en el mar para llegar a Espa\u00f1a en embarcaciones precarias para ganarse luego la vida como \u00abmanteros\u00bb, como se conoce a los vendedores callejeros que colocan sobre mantas su mercanc\u00eda: calzado, perfumes, bolsos o gafas falsificadas.<\/p>\n<p>La imagen de los \u00abmanteros\u00bb recogiendo a toda prisa su mercader\u00eda en la manta cuando llega la Polic\u00eda para salir corriendo es una estampa conocida en muchas ciudades de la Espa\u00f1a moderna. La muerte de Mame pone ahora un rostro humano y un desenlace tr\u00e1gico a esa realidad que parece haber sido ya aceptada.<\/p>\n<p>La protesta en Lavapi\u00e9s, un barrio hist\u00f3rico de Madrid convertido en los \u00faltimos a\u00f1os en n\u00facleo de nacionalidades diversas que conviven con muchos espa\u00f1oles en una de las zonas con m\u00e1s vida nocturna de la ciudad, respiraba hoy ese esp\u00edritu de impotencia y hartazgo.<\/p>\n<p>\u00abRacismo es violencia\u00bb o \u00abEuropa racista mata\u00bb, se le\u00eda en los carteles que llevaban los manifestantes, muchos de ellos espa\u00f1oles. La concentraci\u00f3n comenz\u00f3 de forma pac\u00edfica, pero nadie descarta que la tensi\u00f3n derive en nuevos incidentes como los del jueves, por lo que el barrio sigue blindado por la polic\u00eda.<\/p>\n<p>\u00abSiento mucha rabia e impotencia\u00bb, explica a dpa otra mujer senegalesa de 40 a\u00f1os, los \u00faltimos diez en Espa\u00f1a. \u00abMame era muy activo en la comunidad senegalesa. Los senegaleses somos muy pac\u00edficos. Nunca pens\u00e9 que pudiera pasar algo as\u00ed\u00bb.<\/p>\n<p>Mientras sigue llegando gente a las concentraciones en Lavapi\u00e9s y la tarde cae sobre el barrio, la mujer conf\u00eda en que el caso de Mame pueda marcar un antes y un despu\u00e9s. Y avisa: \u00abVamos a manifestarnos hasta que se haga justicia\u00bb.<\/p>\n<p>Por Ana L\u00e1zaro Verde y Pablo Sanguinetti (dpa)<\/p>\n","protected":false},"excerpt":{"rendered":"<p>Madrid, 16 mar (dpa) &#8211; Un peque\u00f1o altar improvisado con velas, flores y mensajes marca el lugar en el que Mame, un inmigrante senegal\u00e9s, cay\u00f3 el jueves fulminado de un infarto en plena calle del barrio de Lavapi\u00e9s. Pero el ambiente que se respira en el coraz\u00f3n multicultural de Madrid tiene m\u00e1s de indignaci\u00f3n y [&hellip;]<\/p>\n","protected":false},"author":1,"featured_media":855693,"comment_status":"closed","ping_status":"closed","sticky":false,"template":"","format":"standard","meta":{"footnotes":""},"categories":[1],"tags":[],"class_list":["post-972283","post","type-post","status-publish","format-standard","has-post-thumbnail","hentry","category-actualidad"],"aioseo_notices":[],"aioseo_head":"\n\t\t<!-- All in One SEO Pro 5.0.1 - aioseo.com -->\n\t<meta name=\"description\" content=\"Madrid, 16 mar (dpa) - Un peque\u00f1o altar improvisado con velas, flores y mensajes marca el lugar en el que Mame, un inmigrante senegal\u00e9s, cay\u00f3 el jueves fulminado de un infarto en plena calle del barrio de Lavapi\u00e9s. Pero el ambiente que se respira en el coraz\u00f3n multicultural de Madrid tiene m\u00e1s de indignaci\u00f3n y\" \/>\n\t<meta name=\"robots\" content=\"max-image-preview:large\" \/>\n\t<meta name=\"author\" content=\"El Digital de Asturias\"\/>\n\t<meta name=\"google-site-verification\" content=\"UA-38556648-1\" \/>\n\t<meta name=\"msvalidate.01\" content=\"7dfe9f3f1b24437ab69f4f2559babe99\" \/>\n\t<meta name=\"keywords\" content=\"actualidad\" \/>\n\t<link rel=\"canonical\" href=\"https:\/\/www.eldigitaldeasturias.com\/noticias\/justicia-madrid-grita-contra-la-muerte-de-un-inmigrante\/\" \/>\n\t<meta name=\"generator\" content=\"All in One SEO Pro (AIOSEO) 5.0.1\" \/>\n\t\t<meta property=\"og:locale\" content=\"es_ES\" \/>\n\t\t<meta property=\"og:site_name\" content=\"El Digital de Asturias\" \/>\n\t\t<meta property=\"og:type\" content=\"article\" \/>\n\t\t<meta property=\"og:title\" content=\"\u00ab\u00a1Justicia!\u00bb: Madrid grita contra la muerte de un inmigrante - El Digital de Asturias\" \/>\n\t\t<meta property=\"og:description\" content=\"Madrid, 16 mar (dpa) - Un peque\u00f1o altar improvisado con velas, flores y mensajes marca el lugar en el que Mame, un inmigrante senegal\u00e9s, cay\u00f3 el jueves fulminado de un infarto en plena calle del barrio de Lavapi\u00e9s. Pero el ambiente que se respira en el coraz\u00f3n multicultural de Madrid tiene m\u00e1s de indignaci\u00f3n y\" \/>\n\t\t<meta property=\"og:url\" content=\"https:\/\/www.eldigitaldeasturias.com\/noticias\/justicia-madrid-grita-contra-la-muerte-de-un-inmigrante\/\" \/>\n\t\t<meta property=\"article:tag\" content=\"actualidad\" \/>\n\t\t<meta property=\"article:published_time\" content=\"2018-03-17T02:57:40+00:00\" \/>\n\t\t<meta property=\"article:modified_time\" content=\"2018-03-17T02:57:40+00:00\" \/>\n\t\t<meta property=\"article:publisher\" content=\"https:\/\/facebook.com\/eldigitaldeasturias\" \/>\n\t\t<meta name=\"twitter:card\" content=\"summary_large_image\" \/>\n\t\t<meta name=\"twitter:title\" content=\"\u00ab\u00a1Justicia!\u00bb: Madrid grita contra la muerte de un inmigrante - El Digital de Asturias\" \/>\n\t\t<meta name=\"twitter:description\" content=\"Madrid, 16 mar (dpa) - Un peque\u00f1o altar improvisado con velas, flores y mensajes marca el lugar en el que Mame, un inmigrante senegal\u00e9s, cay\u00f3 el jueves fulminado de un infarto en plena calle del barrio de Lavapi\u00e9s. Pero el ambiente que se respira en el coraz\u00f3n multicultural de Madrid tiene m\u00e1s de indignaci\u00f3n y\" \/>\n\t\t<meta name=\"twitter:image\" content=\"https:\/\/www.eldigitaldeasturias.com\/noticias\/wp-content\/uploads\/2020\/12\/EDA-1.jpg\" \/>\n\t\t<meta name=\"twitter:label1\" content=\"Escrito por\" \/>\n\t\t<meta name=\"twitter:data1\" content=\"El Digital de Asturias\" \/>\n\t\t<meta name=\"twitter:label2\" content=\"Tiempo de lectura estimado\" \/>\n\t\t<meta name=\"twitter:data2\" content=\"3 minutos\" \/>\n\t\t<script type=\"application\/ld+json\" class=\"aioseo-schema\">\n\t\t\t{\"@context\":\"https:\\\/\\\/schema.org\",\"@graph\":[{\"@type\":\"BlogPosting\",\"@id\":\"https:\\\/\\\/www.eldigitaldeasturias.com\\\/noticias\\\/justicia-madrid-grita-contra-la-muerte-de-un-inmigrante\\\/#blogposting\",\"name\":\"\\u00ab\\u00a1Justicia!\\u00bb: Madrid grita contra la muerte de un inmigrante - El Digital de Asturias\",\"headline\":\"\\u00ab\\u00a1Justicia!\\u00bb: Madrid grita contra la muerte de un inmigrante\",\"author\":{\"@id\":\"https:\\\/\\\/www.eldigitaldeasturias.com\\\/noticias\\\/author\\\/admin\\\/#author\"},\"publisher\":{\"@id\":\"https:\\\/\\\/www.eldigitaldeasturias.com\\\/noticias\\\/#organization\"},\"image\":{\"@type\":\"ImageObject\",\"url\":855693},\"datePublished\":\"2018-03-17T02:57:40+01:00\",\"dateModified\":\"2018-03-17T02:57:40+01:00\",\"inLanguage\":\"es-ES\",\"mainEntityOfPage\":{\"@id\":\"https:\\\/\\\/www.eldigitaldeasturias.com\\\/noticias\\\/justicia-madrid-grita-contra-la-muerte-de-un-inmigrante\\\/#webpage\"},\"isPartOf\":{\"@id\":\"https:\\\/\\\/www.eldigitaldeasturias.com\\\/noticias\\\/justicia-madrid-grita-contra-la-muerte-de-un-inmigrante\\\/#webpage\"},\"articleSection\":\"Actualidad\"},{\"@type\":\"BreadcrumbList\",\"@id\":\"https:\\\/\\\/www.eldigitaldeasturias.com\\\/noticias\\\/justicia-madrid-grita-contra-la-muerte-de-un-inmigrante\\\/#breadcrumblist\",\"itemListElement\":[{\"@type\":\"ListItem\",\"@id\":\"https:\\\/\\\/www.eldigitaldeasturias.com\\\/noticias#listItem\",\"position\":1,\"name\":\"Home\",\"item\":\"https:\\\/\\\/www.eldigitaldeasturias.com\\\/noticias\",\"nextItem\":{\"@type\":\"ListItem\",\"@id\":\"https:\\\/\\\/www.eldigitaldeasturias.com\\\/noticias\\\/category\\\/actualidad\\\/#listItem\",\"name\":\"Actualidad\"}},{\"@type\":\"ListItem\",\"@id\":\"https:\\\/\\\/www.eldigitaldeasturias.com\\\/noticias\\\/category\\\/actualidad\\\/#listItem\",\"position\":2,\"name\":\"Actualidad\",\"item\":\"https:\\\/\\\/www.eldigitaldeasturias.com\\\/noticias\\\/category\\\/actualidad\\\/\",\"nextItem\":{\"@type\":\"ListItem\",\"@id\":\"https:\\\/\\\/www.eldigitaldeasturias.com\\\/noticias\\\/justicia-madrid-grita-contra-la-muerte-de-un-inmigrante\\\/#listItem\",\"name\":\"\\u00ab\\u00a1Justicia!\\u00bb: Madrid grita contra la muerte de un inmigrante\"},\"previousItem\":{\"@type\":\"ListItem\",\"@id\":\"https:\\\/\\\/www.eldigitaldeasturias.com\\\/noticias#listItem\",\"name\":\"Home\"}},{\"@type\":\"ListItem\",\"@id\":\"https:\\\/\\\/www.eldigitaldeasturias.com\\\/noticias\\\/justicia-madrid-grita-contra-la-muerte-de-un-inmigrante\\\/#listItem\",\"position\":3,\"name\":\"\\u00ab\\u00a1Justicia!\\u00bb: Madrid grita contra la muerte de un inmigrante\",\"previousItem\":{\"@type\":\"ListItem\",\"@id\":\"https:\\\/\\\/www.eldigitaldeasturias.com\\\/noticias\\\/category\\\/actualidad\\\/#listItem\",\"name\":\"Actualidad\"}}]},{\"@type\":\"Organization\",\"@id\":\"https:\\\/\\\/www.eldigitaldeasturias.com\\\/noticias\\\/#organization\",\"name\":\"El Digital de Asturias\",\"description\":\"Hemeroteca\",\"url\":\"https:\\\/\\\/www.eldigitaldeasturias.com\\\/noticias\\\/\",\"email\":\"info@eldigitaldeasturias.com\",\"telephone\":\"+34652131393\",\"logo\":{\"@type\":\"ImageObject\",\"url\":\"https:\\\/\\\/www.eldigitaldeasturias.com\\\/noticias\\\/wp-content\\\/uploads\\\/2020\\\/12\\\/EDA.jpg\",\"@id\":\"https:\\\/\\\/www.eldigitaldeasturias.com\\\/noticias\\\/justicia-madrid-grita-contra-la-muerte-de-un-inmigrante\\\/#organizationLogo\"},\"image\":{\"@id\":\"https:\\\/\\\/www.eldigitaldeasturias.com\\\/noticias\\\/justicia-madrid-grita-contra-la-muerte-de-un-inmigrante\\\/#organizationLogo\"},\"sameAs\":[\"https:\\\/\\\/facebook.com\\\/eldigitaldeasturias\",\"https:\\\/\\\/www.youtube.com\\\/channel\\\/UCZP-2wLEB9Rv6erhFmqVnvg\"],\"address\":{\"@id\":\"https:\\\/\\\/www.eldigitaldeasturias.com\\\/noticias\\\/#postaladdress\",\"@type\":\"PostalAddress\",\"streetAddress\":\"san antonio 4\",\"postalCode\":\"33430\",\"addressLocality\":\"Cand\\u00e1s\",\"addressRegion\":\"Asturias\",\"addressCountry\":\"ES\"}},{\"@type\":\"Person\",\"@id\":\"https:\\\/\\\/www.eldigitaldeasturias.com\\\/noticias\\\/author\\\/admin\\\/#author\",\"url\":\"https:\\\/\\\/www.eldigitaldeasturias.com\\\/noticias\\\/author\\\/admin\\\/\",\"name\":\"El Digital de Asturias\",\"image\":{\"@type\":\"ImageObject\",\"@id\":\"https:\\\/\\\/www.eldigitaldeasturias.com\\\/noticias\\\/justicia-madrid-grita-contra-la-muerte-de-un-inmigrante\\\/#authorImage\",\"url\":\"https:\\\/\\\/secure.gravatar.com\\\/avatar\\\/df2aeffc32bcd13f8d26072ef8a91b623d677766deac7f97ca815868cd41bf5e?s=96&d=mm&r=g\",\"width\":96,\"height\":96,\"caption\":\"El Digital de Asturias\"}},{\"@type\":\"WebPage\",\"@id\":\"https:\\\/\\\/www.eldigitaldeasturias.com\\\/noticias\\\/justicia-madrid-grita-contra-la-muerte-de-un-inmigrante\\\/#webpage\",\"url\":\"https:\\\/\\\/www.eldigitaldeasturias.com\\\/noticias\\\/justicia-madrid-grita-contra-la-muerte-de-un-inmigrante\\\/\",\"name\":\"\\u00ab\\u00a1Justicia!\\u00bb: Madrid grita contra la muerte de un inmigrante - El Digital de Asturias\",\"description\":\"Madrid, 16 mar (dpa) - Un peque\\u00f1o altar improvisado con velas, flores y mensajes marca el lugar en el que Mame, un inmigrante senegal\\u00e9s, cay\\u00f3 el jueves fulminado de un infarto en plena calle del barrio de Lavapi\\u00e9s. Pero el ambiente que se respira en el coraz\\u00f3n multicultural de Madrid tiene m\\u00e1s de indignaci\\u00f3n y\",\"inLanguage\":\"es-ES\",\"isPartOf\":{\"@id\":\"https:\\\/\\\/www.eldigitaldeasturias.com\\\/noticias\\\/#website\"},\"breadcrumb\":{\"@id\":\"https:\\\/\\\/www.eldigitaldeasturias.com\\\/noticias\\\/justicia-madrid-grita-contra-la-muerte-de-un-inmigrante\\\/#breadcrumblist\"},\"author\":{\"@id\":\"https:\\\/\\\/www.eldigitaldeasturias.com\\\/noticias\\\/author\\\/admin\\\/#author\"},\"creator\":{\"@id\":\"https:\\\/\\\/www.eldigitaldeasturias.com\\\/noticias\\\/author\\\/admin\\\/#author\"},\"image\":{\"@type\":\"ImageObject\",\"url\":855693,\"@id\":\"https:\\\/\\\/www.eldigitaldeasturias.com\\\/noticias\\\/justicia-madrid-grita-contra-la-muerte-de-un-inmigrante\\\/#mainImage\"},\"primaryImageOfPage\":{\"@id\":\"https:\\\/\\\/www.eldigitaldeasturias.com\\\/noticias\\\/justicia-madrid-grita-contra-la-muerte-de-un-inmigrante\\\/#mainImage\"},\"datePublished\":\"2018-03-17T02:57:40+01:00\",\"dateModified\":\"2018-03-17T02:57:40+01:00\"},{\"@type\":\"WebSite\",\"@id\":\"https:\\\/\\\/www.eldigitaldeasturias.com\\\/noticias\\\/#website\",\"url\":\"https:\\\/\\\/www.eldigitaldeasturias.com\\\/noticias\\\/\",\"name\":\"El Digital de Asturias - Diario de actualidad y noticias\",\"alternateName\":\"El Digital de Asturias - Diario de actualidad y noticias\",\"description\":\"Hemeroteca\",\"inLanguage\":\"es-ES\",\"publisher\":{\"@id\":\"https:\\\/\\\/www.eldigitaldeasturias.com\\\/noticias\\\/#organization\"}}]}\n\t\t<\/script>\n\t\t<!-- All in One SEO Pro -->\r\n\t\t<title>\u00ab\u00a1Justicia!\u00bb: Madrid grita contra la muerte de un inmigrante - El Digital de Asturias<\/title>\n\n","aioseo_head_json":{"title":"\u00ab\u00a1Justicia!\u00bb: Madrid grita contra la muerte de un inmigrante - El Digital de Asturias","description":"Madrid, 16 mar (dpa) - Un peque\u00f1o altar improvisado con velas, flores y mensajes marca el lugar en el que Mame, un inmigrante senegal\u00e9s, cay\u00f3 el jueves fulminado de un infarto en plena calle del barrio de Lavapi\u00e9s. Pero el ambiente que se respira en el coraz\u00f3n multicultural de Madrid tiene m\u00e1s de indignaci\u00f3n y","canonical_url":"https:\/\/www.eldigitaldeasturias.com\/noticias\/justicia-madrid-grita-contra-la-muerte-de-un-inmigrante\/","robots":"max-image-preview:large","keywords":"actualidad","webmasterTools":{"google-site-verification":"UA-38556648-1","msvalidate.01":"7dfe9f3f1b24437ab69f4f2559babe99","miscellaneous":""},"schema":{"@context":"https:\/\/schema.org","@graph":[{"@type":"BlogPosting","@id":"https:\/\/www.eldigitaldeasturias.com\/noticias\/justicia-madrid-grita-contra-la-muerte-de-un-inmigrante\/#blogposting","name":"\u00ab\u00a1Justicia!\u00bb: Madrid grita contra la muerte de un inmigrante - El Digital de Asturias","headline":"\u00ab\u00a1Justicia!\u00bb: Madrid grita contra la muerte de un inmigrante","author":{"@id":"https:\/\/www.eldigitaldeasturias.com\/noticias\/author\/admin\/#author"},"publisher":{"@id":"https:\/\/www.eldigitaldeasturias.com\/noticias\/#organization"},"image":{"@type":"ImageObject","url":855693},"datePublished":"2018-03-17T02:57:40+01:00","dateModified":"2018-03-17T02:57:40+01:00","inLanguage":"es-ES","mainEntityOfPage":{"@id":"https:\/\/www.eldigitaldeasturias.com\/noticias\/justicia-madrid-grita-contra-la-muerte-de-un-inmigrante\/#webpage"},"isPartOf":{"@id":"https:\/\/www.eldigitaldeasturias.com\/noticias\/justicia-madrid-grita-contra-la-muerte-de-un-inmigrante\/#webpage"},"articleSection":"Actualidad"},{"@type":"BreadcrumbList","@id":"https:\/\/www.eldigitaldeasturias.com\/noticias\/justicia-madrid-grita-contra-la-muerte-de-un-inmigrante\/#breadcrumblist","itemListElement":[{"@type":"ListItem","@id":"https:\/\/www.eldigitaldeasturias.com\/noticias#listItem","position":1,"name":"Home","item":"https:\/\/www.eldigitaldeasturias.com\/noticias","nextItem":{"@type":"ListItem","@id":"https:\/\/www.eldigitaldeasturias.com\/noticias\/category\/actualidad\/#listItem","name":"Actualidad"}},{"@type":"ListItem","@id":"https:\/\/www.eldigitaldeasturias.com\/noticias\/category\/actualidad\/#listItem","position":2,"name":"Actualidad","item":"https:\/\/www.eldigitaldeasturias.com\/noticias\/category\/actualidad\/","nextItem":{"@type":"ListItem","@id":"https:\/\/www.eldigitaldeasturias.com\/noticias\/justicia-madrid-grita-contra-la-muerte-de-un-inmigrante\/#listItem","name":"\u00ab\u00a1Justicia!\u00bb: Madrid grita contra la muerte de un inmigrante"},"previousItem":{"@type":"ListItem","@id":"https:\/\/www.eldigitaldeasturias.com\/noticias#listItem","name":"Home"}},{"@type":"ListItem","@id":"https:\/\/www.eldigitaldeasturias.com\/noticias\/justicia-madrid-grita-contra-la-muerte-de-un-inmigrante\/#listItem","position":3,"name":"\u00ab\u00a1Justicia!\u00bb: Madrid grita contra la muerte de un inmigrante","previousItem":{"@type":"ListItem","@id":"https:\/\/www.eldigitaldeasturias.com\/noticias\/category\/actualidad\/#listItem","name":"Actualidad"}}]},{"@type":"Organization","@id":"https:\/\/www.eldigitaldeasturias.com\/noticias\/#organization","name":"El Digital de Asturias","description":"Hemeroteca","url":"https:\/\/www.eldigitaldeasturias.com\/noticias\/","email":"info@eldigitaldeasturias.com","telephone":"+34652131393","logo":{"@type":"ImageObject","url":"https:\/\/www.eldigitaldeasturias.com\/noticias\/wp-content\/uploads\/2020\/12\/EDA.jpg","@id":"https:\/\/www.eldigitaldeasturias.com\/noticias\/justicia-madrid-grita-contra-la-muerte-de-un-inmigrante\/#organizationLogo"},"image":{"@id":"https:\/\/www.eldigitaldeasturias.com\/noticias\/justicia-madrid-grita-contra-la-muerte-de-un-inmigrante\/#organizationLogo"},"sameAs":["https:\/\/facebook.com\/eldigitaldeasturias","https:\/\/www.youtube.com\/channel\/UCZP-2wLEB9Rv6erhFmqVnvg"],"address":{"@id":"https:\/\/www.eldigitaldeasturias.com\/noticias\/#postaladdress","@type":"PostalAddress","streetAddress":"san antonio 4","postalCode":"33430","addressLocality":"Cand\u00e1s","addressRegion":"Asturias","addressCountry":"ES"}},{"@type":"Person","@id":"https:\/\/www.eldigitaldeasturias.com\/noticias\/author\/admin\/#author","url":"https:\/\/www.eldigitaldeasturias.com\/noticias\/author\/admin\/","name":"El Digital de Asturias","image":{"@type":"ImageObject","@id":"https:\/\/www.eldigitaldeasturias.com\/noticias\/justicia-madrid-grita-contra-la-muerte-de-un-inmigrante\/#authorImage","url":"https:\/\/secure.gravatar.com\/avatar\/df2aeffc32bcd13f8d26072ef8a91b623d677766deac7f97ca815868cd41bf5e?s=96&d=mm&r=g","width":96,"height":96,"caption":"El Digital de Asturias"}},{"@type":"WebPage","@id":"https:\/\/www.eldigitaldeasturias.com\/noticias\/justicia-madrid-grita-contra-la-muerte-de-un-inmigrante\/#webpage","url":"https:\/\/www.eldigitaldeasturias.com\/noticias\/justicia-madrid-grita-contra-la-muerte-de-un-inmigrante\/","name":"\u00ab\u00a1Justicia!\u00bb: Madrid grita contra la muerte de un inmigrante - El Digital de Asturias","description":"Madrid, 16 mar (dpa) - Un peque\u00f1o altar improvisado con velas, flores y mensajes marca el lugar en el que Mame, un inmigrante senegal\u00e9s, cay\u00f3 el jueves fulminado de un infarto en plena calle del barrio de Lavapi\u00e9s. Pero el ambiente que se respira en el coraz\u00f3n multicultural de Madrid tiene m\u00e1s de indignaci\u00f3n y","inLanguage":"es-ES","isPartOf":{"@id":"https:\/\/www.eldigitaldeasturias.com\/noticias\/#website"},"breadcrumb":{"@id":"https:\/\/www.eldigitaldeasturias.com\/noticias\/justicia-madrid-grita-contra-la-muerte-de-un-inmigrante\/#breadcrumblist"},"author":{"@id":"https:\/\/www.eldigitaldeasturias.com\/noticias\/author\/admin\/#author"},"creator":{"@id":"https:\/\/www.eldigitaldeasturias.com\/noticias\/author\/admin\/#author"},"image":{"@type":"ImageObject","url":855693,"@id":"https:\/\/www.eldigitaldeasturias.com\/noticias\/justicia-madrid-grita-contra-la-muerte-de-un-inmigrante\/#mainImage"},"primaryImageOfPage":{"@id":"https:\/\/www.eldigitaldeasturias.com\/noticias\/justicia-madrid-grita-contra-la-muerte-de-un-inmigrante\/#mainImage"},"datePublished":"2018-03-17T02:57:40+01:00","dateModified":"2018-03-17T02:57:40+01:00"},{"@type":"WebSite","@id":"https:\/\/www.eldigitaldeasturias.com\/noticias\/#website","url":"https:\/\/www.eldigitaldeasturias.com\/noticias\/","name":"El Digital de Asturias - Diario de actualidad y noticias","alternateName":"El Digital de Asturias - Diario de actualidad y noticias","description":"Hemeroteca","inLanguage":"es-ES","publisher":{"@id":"https:\/\/www.eldigitaldeasturias.com\/noticias\/#organization"}}]},"og:locale":"es_ES","og:site_name":"El Digital de Asturias","og:type":"article","og:title":"\u00ab\u00a1Justicia!\u00bb: Madrid grita contra la muerte de un inmigrante - El Digital de Asturias","og:description":"Madrid, 16 mar (dpa) - Un peque\u00f1o altar improvisado con velas, flores y mensajes marca el lugar en el que Mame, un inmigrante senegal\u00e9s, cay\u00f3 el jueves fulminado de un infarto en plena calle del barrio de Lavapi\u00e9s. Pero el ambiente que se respira en el coraz\u00f3n multicultural de Madrid tiene m\u00e1s de indignaci\u00f3n y","og:url":"https:\/\/www.eldigitaldeasturias.com\/noticias\/justicia-madrid-grita-contra-la-muerte-de-un-inmigrante\/","article:tag":["actualidad"],"article:published_time":"2018-03-17T02:57:40+00:00","article:modified_time":"2018-03-17T02:57:40+00:00","article:publisher":"https:\/\/facebook.com\/eldigitaldeasturias","twitter:card":"summary_large_image","twitter:title":"\u00ab\u00a1Justicia!\u00bb: Madrid grita contra la muerte de un inmigrante - El Digital de Asturias","twitter:description":"Madrid, 16 mar (dpa) - Un peque\u00f1o altar improvisado con velas, flores y mensajes marca el lugar en el que Mame, un inmigrante senegal\u00e9s, cay\u00f3 el jueves fulminado de un infarto en plena calle del barrio de Lavapi\u00e9s. Pero el ambiente que se respira en el coraz\u00f3n multicultural de Madrid tiene m\u00e1s de indignaci\u00f3n y","twitter:image":"https:\/\/www.eldigitaldeasturias.com\/noticias\/wp-content\/uploads\/2020\/12\/EDA-1.jpg","twitter:label1":"Escrito por","twitter:data1":"El Digital de Asturias","twitter:label2":"Tiempo de lectura estimado","twitter:data2":"3 minutos"},"aioseo_meta_data":{"post_id":"972283","title":null,"description":null,"keywords":null,"keyphrases":null,"primary_term":null,"canonical_url":null,"og_title":null,"og_description":null,"og_object_type":"default","og_image_type":"default","og_image_url":null,"og_image_width":null,"og_image_height":null,"og_image_custom_url":null,"og_image_custom_fields":null,"og_video":null,"og_custom_url":null,"og_article_section":null,"og_article_tags":null,"twitter_use_og":false,"twitter_card":"default","twitter_image_type":"default","twitter_image_url":null,"twitter_image_custom_url":null,"twitter_image_custom_fields":null,"twitter_title":null,"twitter_description":null,"schema":{"blockGraphs":[],"customGraphs":[],"default":{"data":{"Article":[],"Course":[],"Dataset":[],"FAQPage":[],"Movie":[],"Person":[],"Product":[],"ProductReview":[],"Car":[],"Recipe":[],"Service":[],"SoftwareApplication":[],"WebPage":[]},"graphName":"","isEnabled":true},"graphs":[],"defaultGraph":"","defaultPostTypeGraph":""},"schema_type":null,"schema_type_options":null,"pillar_content":false,"robots_default":true,"robots_noindex":false,"robots_noarchive":false,"robots_nosnippet":false,"robots_nofollow":false,"robots_noimageindex":false,"robots_noodp":false,"robots_notranslate":false,"robots_max_snippet":null,"robots_max_videopreview":null,"robots_max_imagepreview":"large","priority":null,"frequency":null,"local_seo":null,"seo_analyzer_scan_date":"2025-10-07 12:07:14","breadcrumb_settings":null,"limit_modified_date":false,"open_ai":null,"ai":null,"created":"2020-12-21 12:19:36","updated":"2025-10-07 12:07:14","focus_keyword":null,"additional_keywords":null,"truseo_locale":null},"aioseo_breadcrumb":"<div class=\"aioseo-breadcrumbs\"><span class=\"aioseo-breadcrumb\">\n\t<a href=\"https:\/\/www.eldigitaldeasturias.com\/noticias\" title=\"Home\">Home<\/a>\n<\/span><span class=\"aioseo-breadcrumb-separator\">\u2013<\/span><span class=\"aioseo-breadcrumb\">\n\t<a href=\"https:\/\/www.eldigitaldeasturias.com\/noticias\/category\/actualidad\/\" title=\"Actualidad\">Actualidad<\/a>\n<\/span><span class=\"aioseo-breadcrumb-separator\">\u2013<\/span><span class=\"aioseo-breadcrumb\">\n\t<a href=\"https:\/\/www.eldigitaldeasturias.com\/noticias\/justicia-madrid-grita-contra-la-muerte-de-un-inmigrante\/\" title=\"\u00ab\u00a1Justicia!\u00bb: Madrid grita contra la muerte de un inmigrante\">\u00ab\u00a1Justicia!\u00bb: Madrid grita contra la muerte de un inmigrante<\/a>\n<\/span><\/div>","aioseo_breadcrumb_json":[{"label":"Home","link":"https:\/\/www.eldigitaldeasturias.com\/noticias"},{"label":"Actualidad","link":"https:\/\/www.eldigitaldeasturias.com\/noticias\/category\/actualidad\/"},{"label":"\u00ab\u00a1Justicia!\u00bb: Madrid grita contra la muerte de un inmigrante","link":"https:\/\/www.eldigitaldeasturias.com\/noticias\/justicia-madrid-grita-contra-la-muerte-de-un-inmigrante\/"}],"_links":{"self":[{"href":"https:\/\/www.eldigitaldeasturias.com\/noticias\/wp-json\/wp\/v2\/posts\/972283","targetHints":{"allow":["GET"]}}],"collection":[{"href":"https:\/\/www.eldigitaldeasturias.com\/noticias\/wp-json\/wp\/v2\/posts"}],"about":[{"href":"https:\/\/www.eldigitaldeasturias.com\/noticias\/wp-json\/wp\/v2\/types\/post"}],"author":[{"embeddable":true,"href":"https:\/\/www.eldigitaldeasturias.com\/noticias\/wp-json\/wp\/v2\/users\/1"}],"replies":[{"embeddable":true,"href":"https:\/\/www.eldigitaldeasturias.com\/noticias\/wp-json\/wp\/v2\/comments?post=972283"}],"version-history":[{"count":0,"href":"https:\/\/www.eldigitaldeasturias.com\/noticias\/wp-json\/wp\/v2\/posts\/972283\/revisions"}],"wp:attachment":[{"href":"https:\/\/www.eldigitaldeasturias.com\/noticias\/wp-json\/wp\/v2\/media?parent=972283"}],"wp:term":[{"taxonomy":"category","embeddable":true,"href":"https:\/\/www.eldigitaldeasturias.com\/noticias\/wp-json\/wp\/v2\/categories?post=972283"},{"taxonomy":"post_tag","embeddable":true,"href":"https:\/\/www.eldigitaldeasturias.com\/noticias\/wp-json\/wp\/v2\/tags?post=972283"}],"curies":[{"name":"wp","href":"https:\/\/api.w.org\/{rel}","templated":true}]}}