{"id":972155,"date":"2018-03-16T06:43:11","date_gmt":"2018-03-16T06:43:11","guid":{"rendered":"http:\/\/www.eldigitaldeasturias.com\/noticias\/?p=972155"},"modified":"2018-03-16T06:43:11","modified_gmt":"2018-03-16T06:43:11","slug":"el-congreso-da-la-espalda-a-la-mayoria-de-los-espanoles","status":"publish","type":"post","link":"https:\/\/www.eldigitaldeasturias.com\/noticias\/el-congreso-da-la-espalda-a-la-mayoria-de-los-espanoles\/","title":{"rendered":"El Congreso da la espalda a la mayor\u00eda de los espa\u00f1oles"},"content":{"rendered":"<p><img loading=\"lazy\" decoding=\"async\" class=\"alignleft size-medium wp-image-791625\" src=\"https:\/\/www.eldigitaldeasturias.com\/noticias\/wp-content\/uploads\/2015\/06\/congreso-360x240.jpg\" alt=\"\" width=\"360\" height=\"240\" \/>Madrid, 15 mar (dpa) &#8211; El Congreso espa\u00f1ol dio hoy otro paso para derogar la llamada \u00abprisi\u00f3n permanente revisable\u00bb pese a la presi\u00f3n social por mantener esa pena m\u00e1xima tras varios cr\u00edmenes con fuerte repercusi\u00f3n, incluido el reciente asesinato de un ni\u00f1o de ocho a\u00f1os.<\/p>\n<p>La iniciativa del Partido Nacionalista Vasco (PNV) contra la pol\u00e9mica figura seguir\u00e1 delante despu\u00e9s de que una mayor\u00eda de 178 diputados rechazaran las enmiendas presentadas por el conservador Partido Popular (PP) de Mariano Rajoy y el liberal Ciudadanos.<\/p>\n<p>La m\u00e1xima pena privativa de libertad del C\u00f3digo Penal espa\u00f1ol, una de las m\u00e1s duras de Europa, fue introducida en 2015 por iniciativa del gobernante PP para evitar que delincuentes condenados por cr\u00edmenes graves salieran de prisi\u00f3n y reincidieran.<\/p>\n<p>La oposici\u00f3n la recurri\u00f3 poco despu\u00e9s en bloque ante el Tribunal Constitucional al considerar que se trata de una \u00abcadena perpetua encubierta\u00bb y que vulnera la Carta Magna, que establece que las penas deben estar \u00aborientadas hacia la reeducaci\u00f3n y reinserci\u00f3n social\u00bb.<\/p>\n<p>Pendientes todav\u00eda de la resoluci\u00f3n del alto tribunal, los partidos votaban hoy la propuesta para derogar esa figura, que supone pena de c\u00e1rcel por tiempo indefinido sujeta a revisiones cuando se cumplan entre 25 y 30 a\u00f1os de la condena, as\u00ed como las dos iniciativas de PP y Ciudadanos para endurecer la pena.<\/p>\n<p>Los familiares de v\u00edctimas de algunos de los cr\u00edmenes m\u00e1s medi\u00e1ticos de los \u00faltimos a\u00f1os en Espa\u00f1a recogieron recientemente 2,5 millones de firmas para reclamar que la pena siga vigente.<\/p>\n<p>Entre ellos est\u00e1n los padres de la joven Diana Quer, cuyo cad\u00e1ver fue localizado en diciembre en el norte de Espa\u00f1a tras una b\u00fasqueda de m\u00e1s de un a\u00f1o, y los de Marta del Castillo, una menor asesinada cuyo cuerpo sigue sin hallarse casi una d\u00e9cada despu\u00e9s de su desaparici\u00f3n.<\/p>\n<p>Los padres de las dos j\u00f3venes y de otras v\u00edctimas de desapariciones y cr\u00edmenes que sacudieron a Espa\u00f1a los \u00faltimos a\u00f1os siguieron hoy el debate desde la tribuna del Congreso de los Diputados en Madrid.<\/p>\n<p>La votaci\u00f3n se dio con toda Espa\u00f1a a\u00fan consternada por el caso de Gabriel, un ni\u00f1o de ocho a\u00f1os desaparecido a fines de febrero. Su cuerpo fue hallado el domingo en el maletero del coche que conduc\u00eda la novia de su padre, que fue detenida y confes\u00f3 el crimen.<\/p>\n<p>La oposici\u00f3n acus\u00f3 al PP de Rajoy de intentar capitalizar la indignaci\u00f3n de la sociedad para extender la prisi\u00f3n permanente revisable a otros supuestos, incluyendo violadores en serie, pir\u00f3manos responsables de muertes o asesinos que se nieguen a cooperar con la Polic\u00eda para ubicar a sus v\u00edctimas.<\/p>\n<p>Sin embargo, el voto de la mayor\u00eda de diputados permitir\u00e1 que Espa\u00f1a siga avanzando hacia su derogaci\u00f3n. Desde su entrada en vigor, la prisi\u00f3n permanente revisable solo se ha aplicado a una persona: un hombre condenado por matar a sus hijas de cuatro y nueve a\u00f1os con una sierra el\u00e9ctrica y un cuchillo de cocina.<\/p>\n","protected":false},"excerpt":{"rendered":"<p>Madrid, 15 mar (dpa) &#8211; El Congreso espa\u00f1ol dio hoy otro paso para derogar la llamada \u00abprisi\u00f3n permanente revisable\u00bb pese a la presi\u00f3n social por mantener esa pena m\u00e1xima tras varios cr\u00edmenes con fuerte repercusi\u00f3n, incluido el reciente asesinato de un ni\u00f1o de ocho a\u00f1os. La iniciativa del Partido Nacionalista Vasco (PNV) contra la pol\u00e9mica [&hellip;]<\/p>\n","protected":false},"author":1,"featured_media":791625,"comment_status":"closed","ping_status":"closed","sticky":false,"template":"","format":"standard","meta":{"footnotes":""},"categories":[1],"tags":[],"class_list":["post-972155","post","type-post","status-publish","format-standard","has-post-thumbnail","hentry","category-actualidad"],"aioseo_notices":[],"aioseo_head":"\n\t\t<!-- All in One SEO Pro 5.0.1 - aioseo.com -->\n\t<meta name=\"description\" content=\"Madrid, 15 mar (dpa) - El Congreso espa\u00f1ol dio hoy otro paso para derogar la llamada &quot;prisi\u00f3n permanente revisable&quot; pese a la presi\u00f3n social por mantener esa pena m\u00e1xima tras varios cr\u00edmenes con fuerte repercusi\u00f3n, incluido el reciente asesinato de un ni\u00f1o de ocho a\u00f1os. La iniciativa del Partido Nacionalista Vasco (PNV) contra la pol\u00e9mica\" \/>\n\t<meta name=\"robots\" content=\"max-image-preview:large\" \/>\n\t<meta name=\"author\" content=\"El Digital de Asturias\"\/>\n\t<meta name=\"google-site-verification\" content=\"UA-38556648-1\" \/>\n\t<meta name=\"msvalidate.01\" content=\"7dfe9f3f1b24437ab69f4f2559babe99\" \/>\n\t<meta name=\"keywords\" content=\"actualidad\" \/>\n\t<link rel=\"canonical\" href=\"https:\/\/www.eldigitaldeasturias.com\/noticias\/el-congreso-da-la-espalda-a-la-mayoria-de-los-espanoles\/\" \/>\n\t<meta name=\"generator\" content=\"All in One SEO Pro (AIOSEO) 5.0.1\" \/>\n\t\t<meta property=\"og:locale\" content=\"es_ES\" \/>\n\t\t<meta property=\"og:site_name\" content=\"El Digital de Asturias\" \/>\n\t\t<meta property=\"og:type\" content=\"article\" \/>\n\t\t<meta property=\"og:title\" content=\"El Congreso da la espalda a la mayor\u00eda de los espa\u00f1oles - El Digital de Asturias\" \/>\n\t\t<meta property=\"og:description\" content=\"Madrid, 15 mar (dpa) - El Congreso espa\u00f1ol dio hoy otro paso para derogar la llamada &quot;prisi\u00f3n permanente revisable&quot; pese a la presi\u00f3n social por mantener esa pena m\u00e1xima tras varios cr\u00edmenes con fuerte repercusi\u00f3n, incluido el reciente asesinato de un ni\u00f1o de ocho a\u00f1os. La iniciativa del Partido Nacionalista Vasco (PNV) contra la pol\u00e9mica\" \/>\n\t\t<meta property=\"og:url\" content=\"https:\/\/www.eldigitaldeasturias.com\/noticias\/el-congreso-da-la-espalda-a-la-mayoria-de-los-espanoles\/\" \/>\n\t\t<meta property=\"article:tag\" content=\"actualidad\" \/>\n\t\t<meta property=\"article:published_time\" content=\"2018-03-16T06:43:11+00:00\" \/>\n\t\t<meta property=\"article:modified_time\" content=\"2018-03-16T06:43:11+00:00\" \/>\n\t\t<meta property=\"article:publisher\" content=\"https:\/\/facebook.com\/eldigitaldeasturias\" \/>\n\t\t<meta name=\"twitter:card\" content=\"summary_large_image\" \/>\n\t\t<meta name=\"twitter:title\" content=\"El Congreso da la espalda a la mayor\u00eda de los espa\u00f1oles - El Digital de Asturias\" \/>\n\t\t<meta name=\"twitter:description\" content=\"Madrid, 15 mar (dpa) - El Congreso espa\u00f1ol dio hoy otro paso para derogar la llamada &quot;prisi\u00f3n permanente revisable&quot; pese a la presi\u00f3n social por mantener esa pena m\u00e1xima tras varios cr\u00edmenes con fuerte repercusi\u00f3n, incluido el reciente asesinato de un ni\u00f1o de ocho a\u00f1os. La iniciativa del Partido Nacionalista Vasco (PNV) contra la pol\u00e9mica\" \/>\n\t\t<meta name=\"twitter:image\" content=\"https:\/\/www.eldigitaldeasturias.com\/noticias\/wp-content\/uploads\/2020\/12\/EDA-1.jpg\" \/>\n\t\t<meta name=\"twitter:label1\" content=\"Escrito por\" \/>\n\t\t<meta name=\"twitter:data1\" content=\"El Digital de Asturias\" \/>\n\t\t<meta name=\"twitter:label2\" content=\"Tiempo de lectura estimado\" \/>\n\t\t<meta name=\"twitter:data2\" content=\"3 minutos\" \/>\n\t\t<script type=\"application\/ld+json\" class=\"aioseo-schema\">\n\t\t\t{\"@context\":\"https:\\\/\\\/schema.org\",\"@graph\":[{\"@type\":\"BlogPosting\",\"@id\":\"https:\\\/\\\/www.eldigitaldeasturias.com\\\/noticias\\\/el-congreso-da-la-espalda-a-la-mayoria-de-los-espanoles\\\/#blogposting\",\"name\":\"El Congreso da la espalda a la mayor\\u00eda de los espa\\u00f1oles - El Digital de Asturias\",\"headline\":\"El Congreso da la espalda a la mayor\\u00eda de los espa\\u00f1oles\",\"author\":{\"@id\":\"https:\\\/\\\/www.eldigitaldeasturias.com\\\/noticias\\\/author\\\/admin\\\/#author\"},\"publisher\":{\"@id\":\"https:\\\/\\\/www.eldigitaldeasturias.com\\\/noticias\\\/#organization\"},\"image\":{\"@type\":\"ImageObject\",\"url\":791625},\"datePublished\":\"2018-03-16T06:43:11+01:00\",\"dateModified\":\"2018-03-16T06:43:11+01:00\",\"inLanguage\":\"es-ES\",\"mainEntityOfPage\":{\"@id\":\"https:\\\/\\\/www.eldigitaldeasturias.com\\\/noticias\\\/el-congreso-da-la-espalda-a-la-mayoria-de-los-espanoles\\\/#webpage\"},\"isPartOf\":{\"@id\":\"https:\\\/\\\/www.eldigitaldeasturias.com\\\/noticias\\\/el-congreso-da-la-espalda-a-la-mayoria-de-los-espanoles\\\/#webpage\"},\"articleSection\":\"Actualidad\"},{\"@type\":\"BreadcrumbList\",\"@id\":\"https:\\\/\\\/www.eldigitaldeasturias.com\\\/noticias\\\/el-congreso-da-la-espalda-a-la-mayoria-de-los-espanoles\\\/#breadcrumblist\",\"itemListElement\":[{\"@type\":\"ListItem\",\"@id\":\"https:\\\/\\\/www.eldigitaldeasturias.com\\\/noticias#listItem\",\"position\":1,\"name\":\"Home\",\"item\":\"https:\\\/\\\/www.eldigitaldeasturias.com\\\/noticias\",\"nextItem\":{\"@type\":\"ListItem\",\"@id\":\"https:\\\/\\\/www.eldigitaldeasturias.com\\\/noticias\\\/category\\\/actualidad\\\/#listItem\",\"name\":\"Actualidad\"}},{\"@type\":\"ListItem\",\"@id\":\"https:\\\/\\\/www.eldigitaldeasturias.com\\\/noticias\\\/category\\\/actualidad\\\/#listItem\",\"position\":2,\"name\":\"Actualidad\",\"item\":\"https:\\\/\\\/www.eldigitaldeasturias.com\\\/noticias\\\/category\\\/actualidad\\\/\",\"nextItem\":{\"@type\":\"ListItem\",\"@id\":\"https:\\\/\\\/www.eldigitaldeasturias.com\\\/noticias\\\/el-congreso-da-la-espalda-a-la-mayoria-de-los-espanoles\\\/#listItem\",\"name\":\"El Congreso da la espalda a la mayor\\u00eda de los espa\\u00f1oles\"},\"previousItem\":{\"@type\":\"ListItem\",\"@id\":\"https:\\\/\\\/www.eldigitaldeasturias.com\\\/noticias#listItem\",\"name\":\"Home\"}},{\"@type\":\"ListItem\",\"@id\":\"https:\\\/\\\/www.eldigitaldeasturias.com\\\/noticias\\\/el-congreso-da-la-espalda-a-la-mayoria-de-los-espanoles\\\/#listItem\",\"position\":3,\"name\":\"El Congreso da la espalda a la mayor\\u00eda de los espa\\u00f1oles\",\"previousItem\":{\"@type\":\"ListItem\",\"@id\":\"https:\\\/\\\/www.eldigitaldeasturias.com\\\/noticias\\\/category\\\/actualidad\\\/#listItem\",\"name\":\"Actualidad\"}}]},{\"@type\":\"Organization\",\"@id\":\"https:\\\/\\\/www.eldigitaldeasturias.com\\\/noticias\\\/#organization\",\"name\":\"El Digital de Asturias\",\"description\":\"Hemeroteca\",\"url\":\"https:\\\/\\\/www.eldigitaldeasturias.com\\\/noticias\\\/\",\"email\":\"info@eldigitaldeasturias.com\",\"telephone\":\"+34652131393\",\"logo\":{\"@type\":\"ImageObject\",\"url\":\"https:\\\/\\\/www.eldigitaldeasturias.com\\\/noticias\\\/wp-content\\\/uploads\\\/2020\\\/12\\\/EDA.jpg\",\"@id\":\"https:\\\/\\\/www.eldigitaldeasturias.com\\\/noticias\\\/el-congreso-da-la-espalda-a-la-mayoria-de-los-espanoles\\\/#organizationLogo\"},\"image\":{\"@id\":\"https:\\\/\\\/www.eldigitaldeasturias.com\\\/noticias\\\/el-congreso-da-la-espalda-a-la-mayoria-de-los-espanoles\\\/#organizationLogo\"},\"sameAs\":[\"https:\\\/\\\/facebook.com\\\/eldigitaldeasturias\",\"https:\\\/\\\/www.youtube.com\\\/channel\\\/UCZP-2wLEB9Rv6erhFmqVnvg\"],\"address\":{\"@id\":\"https:\\\/\\\/www.eldigitaldeasturias.com\\\/noticias\\\/#postaladdress\",\"@type\":\"PostalAddress\",\"streetAddress\":\"san antonio 4\",\"postalCode\":\"33430\",\"addressLocality\":\"Cand\\u00e1s\",\"addressRegion\":\"Asturias\",\"addressCountry\":\"ES\"}},{\"@type\":\"Person\",\"@id\":\"https:\\\/\\\/www.eldigitaldeasturias.com\\\/noticias\\\/author\\\/admin\\\/#author\",\"url\":\"https:\\\/\\\/www.eldigitaldeasturias.com\\\/noticias\\\/author\\\/admin\\\/\",\"name\":\"El Digital de Asturias\",\"image\":{\"@type\":\"ImageObject\",\"@id\":\"https:\\\/\\\/www.eldigitaldeasturias.com\\\/noticias\\\/el-congreso-da-la-espalda-a-la-mayoria-de-los-espanoles\\\/#authorImage\",\"url\":\"https:\\\/\\\/secure.gravatar.com\\\/avatar\\\/df2aeffc32bcd13f8d26072ef8a91b623d677766deac7f97ca815868cd41bf5e?s=96&d=mm&r=g\",\"width\":96,\"height\":96,\"caption\":\"El Digital de Asturias\"}},{\"@type\":\"WebPage\",\"@id\":\"https:\\\/\\\/www.eldigitaldeasturias.com\\\/noticias\\\/el-congreso-da-la-espalda-a-la-mayoria-de-los-espanoles\\\/#webpage\",\"url\":\"https:\\\/\\\/www.eldigitaldeasturias.com\\\/noticias\\\/el-congreso-da-la-espalda-a-la-mayoria-de-los-espanoles\\\/\",\"name\":\"El Congreso da la espalda a la mayor\\u00eda de los espa\\u00f1oles - El Digital de Asturias\",\"description\":\"Madrid, 15 mar (dpa) - El Congreso espa\\u00f1ol dio hoy otro paso para derogar la llamada \\\"prisi\\u00f3n permanente revisable\\\" pese a la presi\\u00f3n social por mantener esa pena m\\u00e1xima tras varios cr\\u00edmenes con fuerte repercusi\\u00f3n, incluido el reciente asesinato de un ni\\u00f1o de ocho a\\u00f1os. La iniciativa del Partido Nacionalista Vasco (PNV) contra la pol\\u00e9mica\",\"inLanguage\":\"es-ES\",\"isPartOf\":{\"@id\":\"https:\\\/\\\/www.eldigitaldeasturias.com\\\/noticias\\\/#website\"},\"breadcrumb\":{\"@id\":\"https:\\\/\\\/www.eldigitaldeasturias.com\\\/noticias\\\/el-congreso-da-la-espalda-a-la-mayoria-de-los-espanoles\\\/#breadcrumblist\"},\"author\":{\"@id\":\"https:\\\/\\\/www.eldigitaldeasturias.com\\\/noticias\\\/author\\\/admin\\\/#author\"},\"creator\":{\"@id\":\"https:\\\/\\\/www.eldigitaldeasturias.com\\\/noticias\\\/author\\\/admin\\\/#author\"},\"image\":{\"@type\":\"ImageObject\",\"url\":791625,\"@id\":\"https:\\\/\\\/www.eldigitaldeasturias.com\\\/noticias\\\/el-congreso-da-la-espalda-a-la-mayoria-de-los-espanoles\\\/#mainImage\"},\"primaryImageOfPage\":{\"@id\":\"https:\\\/\\\/www.eldigitaldeasturias.com\\\/noticias\\\/el-congreso-da-la-espalda-a-la-mayoria-de-los-espanoles\\\/#mainImage\"},\"datePublished\":\"2018-03-16T06:43:11+01:00\",\"dateModified\":\"2018-03-16T06:43:11+01:00\"},{\"@type\":\"WebSite\",\"@id\":\"https:\\\/\\\/www.eldigitaldeasturias.com\\\/noticias\\\/#website\",\"url\":\"https:\\\/\\\/www.eldigitaldeasturias.com\\\/noticias\\\/\",\"name\":\"El Digital de Asturias - Diario de actualidad y noticias\",\"alternateName\":\"El Digital de Asturias - Diario de actualidad y noticias\",\"description\":\"Hemeroteca\",\"inLanguage\":\"es-ES\",\"publisher\":{\"@id\":\"https:\\\/\\\/www.eldigitaldeasturias.com\\\/noticias\\\/#organization\"}}]}\n\t\t<\/script>\n\t\t<!-- All in One SEO Pro -->\r\n\t\t<title>El Congreso da la espalda a la mayor\u00eda de los espa\u00f1oles - El Digital de Asturias<\/title>\n\n","aioseo_head_json":{"title":"El Congreso da la espalda a la mayor\u00eda de los espa\u00f1oles - El Digital de Asturias","description":"Madrid, 15 mar (dpa) - El Congreso espa\u00f1ol dio hoy otro paso para derogar la llamada \"prisi\u00f3n permanente revisable\" pese a la presi\u00f3n social por mantener esa pena m\u00e1xima tras varios cr\u00edmenes con fuerte repercusi\u00f3n, incluido el reciente asesinato de un ni\u00f1o de ocho a\u00f1os. La iniciativa del Partido Nacionalista Vasco (PNV) contra la pol\u00e9mica","canonical_url":"https:\/\/www.eldigitaldeasturias.com\/noticias\/el-congreso-da-la-espalda-a-la-mayoria-de-los-espanoles\/","robots":"max-image-preview:large","keywords":"actualidad","webmasterTools":{"google-site-verification":"UA-38556648-1","msvalidate.01":"7dfe9f3f1b24437ab69f4f2559babe99","miscellaneous":""},"schema":{"@context":"https:\/\/schema.org","@graph":[{"@type":"BlogPosting","@id":"https:\/\/www.eldigitaldeasturias.com\/noticias\/el-congreso-da-la-espalda-a-la-mayoria-de-los-espanoles\/#blogposting","name":"El Congreso da la espalda a la mayor\u00eda de los espa\u00f1oles - El Digital de Asturias","headline":"El Congreso da la espalda a la mayor\u00eda de los espa\u00f1oles","author":{"@id":"https:\/\/www.eldigitaldeasturias.com\/noticias\/author\/admin\/#author"},"publisher":{"@id":"https:\/\/www.eldigitaldeasturias.com\/noticias\/#organization"},"image":{"@type":"ImageObject","url":791625},"datePublished":"2018-03-16T06:43:11+01:00","dateModified":"2018-03-16T06:43:11+01:00","inLanguage":"es-ES","mainEntityOfPage":{"@id":"https:\/\/www.eldigitaldeasturias.com\/noticias\/el-congreso-da-la-espalda-a-la-mayoria-de-los-espanoles\/#webpage"},"isPartOf":{"@id":"https:\/\/www.eldigitaldeasturias.com\/noticias\/el-congreso-da-la-espalda-a-la-mayoria-de-los-espanoles\/#webpage"},"articleSection":"Actualidad"},{"@type":"BreadcrumbList","@id":"https:\/\/www.eldigitaldeasturias.com\/noticias\/el-congreso-da-la-espalda-a-la-mayoria-de-los-espanoles\/#breadcrumblist","itemListElement":[{"@type":"ListItem","@id":"https:\/\/www.eldigitaldeasturias.com\/noticias#listItem","position":1,"name":"Home","item":"https:\/\/www.eldigitaldeasturias.com\/noticias","nextItem":{"@type":"ListItem","@id":"https:\/\/www.eldigitaldeasturias.com\/noticias\/category\/actualidad\/#listItem","name":"Actualidad"}},{"@type":"ListItem","@id":"https:\/\/www.eldigitaldeasturias.com\/noticias\/category\/actualidad\/#listItem","position":2,"name":"Actualidad","item":"https:\/\/www.eldigitaldeasturias.com\/noticias\/category\/actualidad\/","nextItem":{"@type":"ListItem","@id":"https:\/\/www.eldigitaldeasturias.com\/noticias\/el-congreso-da-la-espalda-a-la-mayoria-de-los-espanoles\/#listItem","name":"El Congreso da la espalda a la mayor\u00eda de los espa\u00f1oles"},"previousItem":{"@type":"ListItem","@id":"https:\/\/www.eldigitaldeasturias.com\/noticias#listItem","name":"Home"}},{"@type":"ListItem","@id":"https:\/\/www.eldigitaldeasturias.com\/noticias\/el-congreso-da-la-espalda-a-la-mayoria-de-los-espanoles\/#listItem","position":3,"name":"El Congreso da la espalda a la mayor\u00eda de los espa\u00f1oles","previousItem":{"@type":"ListItem","@id":"https:\/\/www.eldigitaldeasturias.com\/noticias\/category\/actualidad\/#listItem","name":"Actualidad"}}]},{"@type":"Organization","@id":"https:\/\/www.eldigitaldeasturias.com\/noticias\/#organization","name":"El Digital de Asturias","description":"Hemeroteca","url":"https:\/\/www.eldigitaldeasturias.com\/noticias\/","email":"info@eldigitaldeasturias.com","telephone":"+34652131393","logo":{"@type":"ImageObject","url":"https:\/\/www.eldigitaldeasturias.com\/noticias\/wp-content\/uploads\/2020\/12\/EDA.jpg","@id":"https:\/\/www.eldigitaldeasturias.com\/noticias\/el-congreso-da-la-espalda-a-la-mayoria-de-los-espanoles\/#organizationLogo"},"image":{"@id":"https:\/\/www.eldigitaldeasturias.com\/noticias\/el-congreso-da-la-espalda-a-la-mayoria-de-los-espanoles\/#organizationLogo"},"sameAs":["https:\/\/facebook.com\/eldigitaldeasturias","https:\/\/www.youtube.com\/channel\/UCZP-2wLEB9Rv6erhFmqVnvg"],"address":{"@id":"https:\/\/www.eldigitaldeasturias.com\/noticias\/#postaladdress","@type":"PostalAddress","streetAddress":"san antonio 4","postalCode":"33430","addressLocality":"Cand\u00e1s","addressRegion":"Asturias","addressCountry":"ES"}},{"@type":"Person","@id":"https:\/\/www.eldigitaldeasturias.com\/noticias\/author\/admin\/#author","url":"https:\/\/www.eldigitaldeasturias.com\/noticias\/author\/admin\/","name":"El Digital de Asturias","image":{"@type":"ImageObject","@id":"https:\/\/www.eldigitaldeasturias.com\/noticias\/el-congreso-da-la-espalda-a-la-mayoria-de-los-espanoles\/#authorImage","url":"https:\/\/secure.gravatar.com\/avatar\/df2aeffc32bcd13f8d26072ef8a91b623d677766deac7f97ca815868cd41bf5e?s=96&d=mm&r=g","width":96,"height":96,"caption":"El Digital de Asturias"}},{"@type":"WebPage","@id":"https:\/\/www.eldigitaldeasturias.com\/noticias\/el-congreso-da-la-espalda-a-la-mayoria-de-los-espanoles\/#webpage","url":"https:\/\/www.eldigitaldeasturias.com\/noticias\/el-congreso-da-la-espalda-a-la-mayoria-de-los-espanoles\/","name":"El Congreso da la espalda a la mayor\u00eda de los espa\u00f1oles - El Digital de Asturias","description":"Madrid, 15 mar (dpa) - El Congreso espa\u00f1ol dio hoy otro paso para derogar la llamada \"prisi\u00f3n permanente revisable\" pese a la presi\u00f3n social por mantener esa pena m\u00e1xima tras varios cr\u00edmenes con fuerte repercusi\u00f3n, incluido el reciente asesinato de un ni\u00f1o de ocho a\u00f1os. La iniciativa del Partido Nacionalista Vasco (PNV) contra la pol\u00e9mica","inLanguage":"es-ES","isPartOf":{"@id":"https:\/\/www.eldigitaldeasturias.com\/noticias\/#website"},"breadcrumb":{"@id":"https:\/\/www.eldigitaldeasturias.com\/noticias\/el-congreso-da-la-espalda-a-la-mayoria-de-los-espanoles\/#breadcrumblist"},"author":{"@id":"https:\/\/www.eldigitaldeasturias.com\/noticias\/author\/admin\/#author"},"creator":{"@id":"https:\/\/www.eldigitaldeasturias.com\/noticias\/author\/admin\/#author"},"image":{"@type":"ImageObject","url":791625,"@id":"https:\/\/www.eldigitaldeasturias.com\/noticias\/el-congreso-da-la-espalda-a-la-mayoria-de-los-espanoles\/#mainImage"},"primaryImageOfPage":{"@id":"https:\/\/www.eldigitaldeasturias.com\/noticias\/el-congreso-da-la-espalda-a-la-mayoria-de-los-espanoles\/#mainImage"},"datePublished":"2018-03-16T06:43:11+01:00","dateModified":"2018-03-16T06:43:11+01:00"},{"@type":"WebSite","@id":"https:\/\/www.eldigitaldeasturias.com\/noticias\/#website","url":"https:\/\/www.eldigitaldeasturias.com\/noticias\/","name":"El Digital de Asturias - Diario de actualidad y noticias","alternateName":"El Digital de Asturias - Diario de actualidad y noticias","description":"Hemeroteca","inLanguage":"es-ES","publisher":{"@id":"https:\/\/www.eldigitaldeasturias.com\/noticias\/#organization"}}]},"og:locale":"es_ES","og:site_name":"El Digital de Asturias","og:type":"article","og:title":"El Congreso da la espalda a la mayor\u00eda de los espa\u00f1oles - El Digital de Asturias","og:description":"Madrid, 15 mar (dpa) - El Congreso espa\u00f1ol dio hoy otro paso para derogar la llamada &quot;prisi\u00f3n permanente revisable&quot; pese a la presi\u00f3n social por mantener esa pena m\u00e1xima tras varios cr\u00edmenes con fuerte repercusi\u00f3n, incluido el reciente asesinato de un ni\u00f1o de ocho a\u00f1os. La iniciativa del Partido Nacionalista Vasco (PNV) contra la pol\u00e9mica","og:url":"https:\/\/www.eldigitaldeasturias.com\/noticias\/el-congreso-da-la-espalda-a-la-mayoria-de-los-espanoles\/","article:tag":["actualidad"],"article:published_time":"2018-03-16T06:43:11+00:00","article:modified_time":"2018-03-16T06:43:11+00:00","article:publisher":"https:\/\/facebook.com\/eldigitaldeasturias","twitter:card":"summary_large_image","twitter:title":"El Congreso da la espalda a la mayor\u00eda de los espa\u00f1oles - El Digital de Asturias","twitter:description":"Madrid, 15 mar (dpa) - El Congreso espa\u00f1ol dio hoy otro paso para derogar la llamada &quot;prisi\u00f3n permanente revisable&quot; pese a la presi\u00f3n social por mantener esa pena m\u00e1xima tras varios cr\u00edmenes con fuerte repercusi\u00f3n, incluido el reciente asesinato de un ni\u00f1o de ocho a\u00f1os. La iniciativa del Partido Nacionalista Vasco (PNV) contra la pol\u00e9mica","twitter:image":"https:\/\/www.eldigitaldeasturias.com\/noticias\/wp-content\/uploads\/2020\/12\/EDA-1.jpg","twitter:label1":"Escrito por","twitter:data1":"El Digital de Asturias","twitter:label2":"Tiempo de lectura estimado","twitter:data2":"3 minutos"},"aioseo_meta_data":{"post_id":"972155","title":null,"description":null,"keywords":null,"keyphrases":null,"primary_term":null,"canonical_url":null,"og_title":null,"og_description":null,"og_object_type":"default","og_image_type":"default","og_image_url":null,"og_image_width":null,"og_image_height":null,"og_image_custom_url":null,"og_image_custom_fields":null,"og_video":null,"og_custom_url":null,"og_article_section":null,"og_article_tags":null,"twitter_use_og":false,"twitter_card":"default","twitter_image_type":"default","twitter_image_url":null,"twitter_image_custom_url":null,"twitter_image_custom_fields":null,"twitter_title":null,"twitter_description":null,"schema":{"blockGraphs":[],"customGraphs":[],"default":{"data":{"Article":[],"Course":[],"Dataset":[],"FAQPage":[],"Movie":[],"Person":[],"Product":[],"ProductReview":[],"Car":[],"Recipe":[],"Service":[],"SoftwareApplication":[],"WebPage":[]},"graphName":"","isEnabled":true},"graphs":[],"defaultGraph":"","defaultPostTypeGraph":""},"schema_type":null,"schema_type_options":null,"pillar_content":false,"robots_default":true,"robots_noindex":false,"robots_noarchive":false,"robots_nosnippet":false,"robots_nofollow":false,"robots_noimageindex":false,"robots_noodp":false,"robots_notranslate":false,"robots_max_snippet":null,"robots_max_videopreview":null,"robots_max_imagepreview":"large","priority":null,"frequency":null,"local_seo":null,"seo_analyzer_scan_date":"2025-10-07 11:37:11","breadcrumb_settings":null,"limit_modified_date":false,"open_ai":null,"ai":null,"created":"2020-12-21 12:19:37","updated":"2025-10-07 11:37:11","focus_keyword":null,"additional_keywords":null,"truseo_locale":null},"aioseo_breadcrumb":"<div class=\"aioseo-breadcrumbs\"><span class=\"aioseo-breadcrumb\">\n\t<a href=\"https:\/\/www.eldigitaldeasturias.com\/noticias\" title=\"Home\">Home<\/a>\n<\/span><span class=\"aioseo-breadcrumb-separator\">\u2013<\/span><span class=\"aioseo-breadcrumb\">\n\t<a href=\"https:\/\/www.eldigitaldeasturias.com\/noticias\/category\/actualidad\/\" title=\"Actualidad\">Actualidad<\/a>\n<\/span><span class=\"aioseo-breadcrumb-separator\">\u2013<\/span><span class=\"aioseo-breadcrumb\">\n\t<a href=\"https:\/\/www.eldigitaldeasturias.com\/noticias\/el-congreso-da-la-espalda-a-la-mayoria-de-los-espanoles\/\" title=\"El Congreso da la espalda a la mayor\u00eda de los espa\u00f1oles\">El Congreso da la espalda a la mayor\u00eda de los espa\u00f1oles<\/a>\n<\/span><\/div>","aioseo_breadcrumb_json":[{"label":"Home","link":"https:\/\/www.eldigitaldeasturias.com\/noticias"},{"label":"Actualidad","link":"https:\/\/www.eldigitaldeasturias.com\/noticias\/category\/actualidad\/"},{"label":"El Congreso da la espalda a la mayor\u00eda de los espa\u00f1oles","link":"https:\/\/www.eldigitaldeasturias.com\/noticias\/el-congreso-da-la-espalda-a-la-mayoria-de-los-espanoles\/"}],"_links":{"self":[{"href":"https:\/\/www.eldigitaldeasturias.com\/noticias\/wp-json\/wp\/v2\/posts\/972155","targetHints":{"allow":["GET"]}}],"collection":[{"href":"https:\/\/www.eldigitaldeasturias.com\/noticias\/wp-json\/wp\/v2\/posts"}],"about":[{"href":"https:\/\/www.eldigitaldeasturias.com\/noticias\/wp-json\/wp\/v2\/types\/post"}],"author":[{"embeddable":true,"href":"https:\/\/www.eldigitaldeasturias.com\/noticias\/wp-json\/wp\/v2\/users\/1"}],"replies":[{"embeddable":true,"href":"https:\/\/www.eldigitaldeasturias.com\/noticias\/wp-json\/wp\/v2\/comments?post=972155"}],"version-history":[{"count":0,"href":"https:\/\/www.eldigitaldeasturias.com\/noticias\/wp-json\/wp\/v2\/posts\/972155\/revisions"}],"wp:attachment":[{"href":"https:\/\/www.eldigitaldeasturias.com\/noticias\/wp-json\/wp\/v2\/media?parent=972155"}],"wp:term":[{"taxonomy":"category","embeddable":true,"href":"https:\/\/www.eldigitaldeasturias.com\/noticias\/wp-json\/wp\/v2\/categories?post=972155"},{"taxonomy":"post_tag","embeddable":true,"href":"https:\/\/www.eldigitaldeasturias.com\/noticias\/wp-json\/wp\/v2\/tags?post=972155"}],"curies":[{"name":"wp","href":"https:\/\/api.w.org\/{rel}","templated":true}]}}