{"id":972146,"date":"2018-03-16T06:22:35","date_gmt":"2018-03-16T06:22:35","guid":{"rendered":"http:\/\/www.eldigitaldeasturias.com\/noticias\/?p=972146"},"modified":"2018-03-16T06:22:35","modified_gmt":"2018-03-16T06:22:35","slug":"espana-multa-a-facebook-y-whatsapp-por-su-uso-de-datos-personales","status":"publish","type":"post","link":"https:\/\/www.eldigitaldeasturias.com\/noticias\/espana-multa-a-facebook-y-whatsapp-por-su-uso-de-datos-personales\/","title":{"rendered":"Espa\u00f1a multa a Facebook y WhatsApp por su uso de datos personales"},"content":{"rendered":"<p><img loading=\"lazy\" decoding=\"async\" class=\"alignleft size-medium wp-image-972147\" src=\"https:\/\/www.eldigitaldeasturias.com\/noticias\/wp-content\/uploads\/2018\/03\/internet-3113279_1280-360x240.jpg\" alt=\"\" width=\"360\" height=\"240\" \/>Madrid, 15 mar (dpa) &#8211; La Agencia Espa\u00f1ola de Protecci\u00f3n de Datos (AEPD) multar\u00e1 a Facebook y WhatsApp por el traspaso de datos de sus usuarios cuando el gigante de las redes sociales compr\u00f3 la aplicaci\u00f3n de mensajer\u00eda, inform\u00f3 hoy el organismo en un comunicado.<\/p>\n<p>La agencia fij\u00f3 dos multas de 300.000 euros (370.000 d\u00f3lares), \u00abuna de ellas a WhatsApp por comunicar datos a Facebook sin haber obtenido un consentimiento v\u00e1lido de los usuarios y otra a Facebook por tratar esos datos para sus propios fines sin consentimiento\u00bb.<\/p>\n<p>Se trata de dos infracciones graves de la Ley Org\u00e1nica de Protecci\u00f3n de Datos en Espa\u00f1a a las que se aplic\u00f3 la m\u00e1xima sanci\u00f3n debido a factores como el volumen de datos, la cifra de negocio de las empresas o la vinculaci\u00f3n de su actividad con los tratamientos de datos de car\u00e1cter personal.<\/p>\n<p>Facebook compr\u00f3 WhatsApp en febrero de 2014. Dos a\u00f1os m\u00e1s tarde, en agosto de 2016, la segunda actualiz\u00f3 sus t\u00e9rminos de servicio y pol\u00edtica de privacidad para a\u00f1adir cambios como el intercambio de informaci\u00f3n de usuarios entre ambas compa\u00f1\u00edas. Aceptar esas nuevas condiciones era obligatorio para usar la aplicaci\u00f3n de mensajer\u00eda.<\/p>\n<p>La comunicaci\u00f3n de datos personales a Facebook, que no ten\u00eda relaci\u00f3n alguna con la recogida de datos original realizada por WhatsApp, se realiz\u00f3 \u00absin ofrecer a los usuarios una informaci\u00f3n adecuada y sin la opci\u00f3n de mostrar su negativa a las mismas\u00bb, destac\u00f3 la AEPD.<\/p>\n<p>La comunicaci\u00f3n de datos personales exige el consentimiento del afectado, seg\u00fan la legislaci\u00f3n espa\u00f1ola, y ese consentimiento debe ser \u00abser libre, espec\u00edfico e informado\u00bb. El intercambio de datos por parte de ambas compa\u00f1\u00edas no cumpli\u00f3 con esos requisitos y motiv\u00f3 la sanci\u00f3n, concluy\u00f3 la agencia.<\/p>\n","protected":false},"excerpt":{"rendered":"<p>Madrid, 15 mar (dpa) &#8211; La Agencia Espa\u00f1ola de Protecci\u00f3n de Datos (AEPD) multar\u00e1 a Facebook y WhatsApp por el traspaso de datos de sus usuarios cuando el gigante de las redes sociales compr\u00f3 la aplicaci\u00f3n de mensajer\u00eda, inform\u00f3 hoy el organismo en un comunicado. La agencia fij\u00f3 dos multas de 300.000 euros (370.000 d\u00f3lares), [&hellip;]<\/p>\n","protected":false},"author":1,"featured_media":972147,"comment_status":"closed","ping_status":"closed","sticky":false,"template":"","format":"standard","meta":{"footnotes":""},"categories":[1],"tags":[],"class_list":["post-972146","post","type-post","status-publish","format-standard","has-post-thumbnail","hentry","category-actualidad"],"aioseo_notices":[],"aioseo_head":"\n\t\t<!-- All in One SEO Pro 5.0.1 - aioseo.com -->\n\t<meta name=\"description\" content=\"Madrid, 15 mar (dpa) - La Agencia Espa\u00f1ola de Protecci\u00f3n de Datos (AEPD) multar\u00e1 a Facebook y WhatsApp por el traspaso de datos de sus usuarios cuando el gigante de las redes sociales compr\u00f3 la aplicaci\u00f3n de mensajer\u00eda, inform\u00f3 hoy el organismo en un comunicado. La agencia fij\u00f3 dos multas de 300.000 euros (370.000 d\u00f3lares),\" \/>\n\t<meta name=\"robots\" content=\"max-image-preview:large\" \/>\n\t<meta name=\"author\" content=\"El Digital de Asturias\"\/>\n\t<meta name=\"google-site-verification\" content=\"UA-38556648-1\" \/>\n\t<meta name=\"msvalidate.01\" content=\"7dfe9f3f1b24437ab69f4f2559babe99\" \/>\n\t<meta name=\"keywords\" content=\"actualidad\" \/>\n\t<link rel=\"canonical\" href=\"https:\/\/www.eldigitaldeasturias.com\/noticias\/espana-multa-a-facebook-y-whatsapp-por-su-uso-de-datos-personales\/\" \/>\n\t<meta name=\"generator\" content=\"All in One SEO Pro (AIOSEO) 5.0.1\" \/>\n\t\t<meta property=\"og:locale\" content=\"es_ES\" \/>\n\t\t<meta property=\"og:site_name\" content=\"El Digital de Asturias\" \/>\n\t\t<meta property=\"og:type\" content=\"article\" \/>\n\t\t<meta property=\"og:title\" content=\"Espa\u00f1a multa a Facebook y WhatsApp por su uso de datos personales - El Digital de Asturias\" \/>\n\t\t<meta property=\"og:description\" content=\"Madrid, 15 mar (dpa) - La Agencia Espa\u00f1ola de Protecci\u00f3n de Datos (AEPD) multar\u00e1 a Facebook y WhatsApp por el traspaso de datos de sus usuarios cuando el gigante de las redes sociales compr\u00f3 la aplicaci\u00f3n de mensajer\u00eda, inform\u00f3 hoy el organismo en un comunicado. La agencia fij\u00f3 dos multas de 300.000 euros (370.000 d\u00f3lares),\" \/>\n\t\t<meta property=\"og:url\" content=\"https:\/\/www.eldigitaldeasturias.com\/noticias\/espana-multa-a-facebook-y-whatsapp-por-su-uso-de-datos-personales\/\" \/>\n\t\t<meta property=\"article:tag\" content=\"actualidad\" \/>\n\t\t<meta property=\"article:published_time\" content=\"2018-03-16T06:22:35+00:00\" \/>\n\t\t<meta property=\"article:modified_time\" content=\"2018-03-16T06:22:35+00:00\" \/>\n\t\t<meta property=\"article:publisher\" content=\"https:\/\/facebook.com\/eldigitaldeasturias\" \/>\n\t\t<meta name=\"twitter:card\" content=\"summary_large_image\" \/>\n\t\t<meta name=\"twitter:title\" content=\"Espa\u00f1a multa a Facebook y WhatsApp por su uso de datos personales - El Digital de Asturias\" \/>\n\t\t<meta name=\"twitter:description\" content=\"Madrid, 15 mar (dpa) - La Agencia Espa\u00f1ola de Protecci\u00f3n de Datos (AEPD) multar\u00e1 a Facebook y WhatsApp por el traspaso de datos de sus usuarios cuando el gigante de las redes sociales compr\u00f3 la aplicaci\u00f3n de mensajer\u00eda, inform\u00f3 hoy el organismo en un comunicado. La agencia fij\u00f3 dos multas de 300.000 euros (370.000 d\u00f3lares),\" \/>\n\t\t<meta name=\"twitter:image\" content=\"https:\/\/www.eldigitaldeasturias.com\/noticias\/wp-content\/uploads\/2020\/12\/EDA-1.jpg\" \/>\n\t\t<meta name=\"twitter:label1\" content=\"Escrito por\" \/>\n\t\t<meta name=\"twitter:data1\" content=\"El Digital de Asturias\" \/>\n\t\t<meta name=\"twitter:label2\" content=\"Tiempo de lectura estimado\" \/>\n\t\t<meta name=\"twitter:data2\" content=\"2 minutos\" \/>\n\t\t<script type=\"application\/ld+json\" class=\"aioseo-schema\">\n\t\t\t{\"@context\":\"https:\\\/\\\/schema.org\",\"@graph\":[{\"@type\":\"BlogPosting\",\"@id\":\"https:\\\/\\\/www.eldigitaldeasturias.com\\\/noticias\\\/espana-multa-a-facebook-y-whatsapp-por-su-uso-de-datos-personales\\\/#blogposting\",\"name\":\"Espa\\u00f1a multa a Facebook y WhatsApp por su uso de datos personales - El Digital de Asturias\",\"headline\":\"Espa\\u00f1a multa a Facebook y WhatsApp por su uso de datos personales\",\"author\":{\"@id\":\"https:\\\/\\\/www.eldigitaldeasturias.com\\\/noticias\\\/author\\\/admin\\\/#author\"},\"publisher\":{\"@id\":\"https:\\\/\\\/www.eldigitaldeasturias.com\\\/noticias\\\/#organization\"},\"image\":{\"@type\":\"ImageObject\",\"url\":972147},\"datePublished\":\"2018-03-16T06:22:35+01:00\",\"dateModified\":\"2018-03-16T06:22:35+01:00\",\"inLanguage\":\"es-ES\",\"mainEntityOfPage\":{\"@id\":\"https:\\\/\\\/www.eldigitaldeasturias.com\\\/noticias\\\/espana-multa-a-facebook-y-whatsapp-por-su-uso-de-datos-personales\\\/#webpage\"},\"isPartOf\":{\"@id\":\"https:\\\/\\\/www.eldigitaldeasturias.com\\\/noticias\\\/espana-multa-a-facebook-y-whatsapp-por-su-uso-de-datos-personales\\\/#webpage\"},\"articleSection\":\"Actualidad\"},{\"@type\":\"BreadcrumbList\",\"@id\":\"https:\\\/\\\/www.eldigitaldeasturias.com\\\/noticias\\\/espana-multa-a-facebook-y-whatsapp-por-su-uso-de-datos-personales\\\/#breadcrumblist\",\"itemListElement\":[{\"@type\":\"ListItem\",\"@id\":\"https:\\\/\\\/www.eldigitaldeasturias.com\\\/noticias#listItem\",\"position\":1,\"name\":\"Home\",\"item\":\"https:\\\/\\\/www.eldigitaldeasturias.com\\\/noticias\",\"nextItem\":{\"@type\":\"ListItem\",\"@id\":\"https:\\\/\\\/www.eldigitaldeasturias.com\\\/noticias\\\/category\\\/actualidad\\\/#listItem\",\"name\":\"Actualidad\"}},{\"@type\":\"ListItem\",\"@id\":\"https:\\\/\\\/www.eldigitaldeasturias.com\\\/noticias\\\/category\\\/actualidad\\\/#listItem\",\"position\":2,\"name\":\"Actualidad\",\"item\":\"https:\\\/\\\/www.eldigitaldeasturias.com\\\/noticias\\\/category\\\/actualidad\\\/\",\"nextItem\":{\"@type\":\"ListItem\",\"@id\":\"https:\\\/\\\/www.eldigitaldeasturias.com\\\/noticias\\\/espana-multa-a-facebook-y-whatsapp-por-su-uso-de-datos-personales\\\/#listItem\",\"name\":\"Espa\\u00f1a multa a Facebook y WhatsApp por su uso de datos personales\"},\"previousItem\":{\"@type\":\"ListItem\",\"@id\":\"https:\\\/\\\/www.eldigitaldeasturias.com\\\/noticias#listItem\",\"name\":\"Home\"}},{\"@type\":\"ListItem\",\"@id\":\"https:\\\/\\\/www.eldigitaldeasturias.com\\\/noticias\\\/espana-multa-a-facebook-y-whatsapp-por-su-uso-de-datos-personales\\\/#listItem\",\"position\":3,\"name\":\"Espa\\u00f1a multa a Facebook y WhatsApp por su uso de datos personales\",\"previousItem\":{\"@type\":\"ListItem\",\"@id\":\"https:\\\/\\\/www.eldigitaldeasturias.com\\\/noticias\\\/category\\\/actualidad\\\/#listItem\",\"name\":\"Actualidad\"}}]},{\"@type\":\"Organization\",\"@id\":\"https:\\\/\\\/www.eldigitaldeasturias.com\\\/noticias\\\/#organization\",\"name\":\"El Digital de Asturias\",\"description\":\"Hemeroteca\",\"url\":\"https:\\\/\\\/www.eldigitaldeasturias.com\\\/noticias\\\/\",\"email\":\"info@eldigitaldeasturias.com\",\"telephone\":\"+34652131393\",\"logo\":{\"@type\":\"ImageObject\",\"url\":\"https:\\\/\\\/www.eldigitaldeasturias.com\\\/noticias\\\/wp-content\\\/uploads\\\/2020\\\/12\\\/EDA.jpg\",\"@id\":\"https:\\\/\\\/www.eldigitaldeasturias.com\\\/noticias\\\/espana-multa-a-facebook-y-whatsapp-por-su-uso-de-datos-personales\\\/#organizationLogo\"},\"image\":{\"@id\":\"https:\\\/\\\/www.eldigitaldeasturias.com\\\/noticias\\\/espana-multa-a-facebook-y-whatsapp-por-su-uso-de-datos-personales\\\/#organizationLogo\"},\"sameAs\":[\"https:\\\/\\\/facebook.com\\\/eldigitaldeasturias\",\"https:\\\/\\\/www.youtube.com\\\/channel\\\/UCZP-2wLEB9Rv6erhFmqVnvg\"],\"address\":{\"@id\":\"https:\\\/\\\/www.eldigitaldeasturias.com\\\/noticias\\\/#postaladdress\",\"@type\":\"PostalAddress\",\"streetAddress\":\"san antonio 4\",\"postalCode\":\"33430\",\"addressLocality\":\"Cand\\u00e1s\",\"addressRegion\":\"Asturias\",\"addressCountry\":\"ES\"}},{\"@type\":\"Person\",\"@id\":\"https:\\\/\\\/www.eldigitaldeasturias.com\\\/noticias\\\/author\\\/admin\\\/#author\",\"url\":\"https:\\\/\\\/www.eldigitaldeasturias.com\\\/noticias\\\/author\\\/admin\\\/\",\"name\":\"El Digital de Asturias\",\"image\":{\"@type\":\"ImageObject\",\"@id\":\"https:\\\/\\\/www.eldigitaldeasturias.com\\\/noticias\\\/espana-multa-a-facebook-y-whatsapp-por-su-uso-de-datos-personales\\\/#authorImage\",\"url\":\"https:\\\/\\\/secure.gravatar.com\\\/avatar\\\/df2aeffc32bcd13f8d26072ef8a91b623d677766deac7f97ca815868cd41bf5e?s=96&d=mm&r=g\",\"width\":96,\"height\":96,\"caption\":\"El Digital de Asturias\"}},{\"@type\":\"WebPage\",\"@id\":\"https:\\\/\\\/www.eldigitaldeasturias.com\\\/noticias\\\/espana-multa-a-facebook-y-whatsapp-por-su-uso-de-datos-personales\\\/#webpage\",\"url\":\"https:\\\/\\\/www.eldigitaldeasturias.com\\\/noticias\\\/espana-multa-a-facebook-y-whatsapp-por-su-uso-de-datos-personales\\\/\",\"name\":\"Espa\\u00f1a multa a Facebook y WhatsApp por su uso de datos personales - El Digital de Asturias\",\"description\":\"Madrid, 15 mar (dpa) - La Agencia Espa\\u00f1ola de Protecci\\u00f3n de Datos (AEPD) multar\\u00e1 a Facebook y WhatsApp por el traspaso de datos de sus usuarios cuando el gigante de las redes sociales compr\\u00f3 la aplicaci\\u00f3n de mensajer\\u00eda, inform\\u00f3 hoy el organismo en un comunicado. La agencia fij\\u00f3 dos multas de 300.000 euros (370.000 d\\u00f3lares),\",\"inLanguage\":\"es-ES\",\"isPartOf\":{\"@id\":\"https:\\\/\\\/www.eldigitaldeasturias.com\\\/noticias\\\/#website\"},\"breadcrumb\":{\"@id\":\"https:\\\/\\\/www.eldigitaldeasturias.com\\\/noticias\\\/espana-multa-a-facebook-y-whatsapp-por-su-uso-de-datos-personales\\\/#breadcrumblist\"},\"author\":{\"@id\":\"https:\\\/\\\/www.eldigitaldeasturias.com\\\/noticias\\\/author\\\/admin\\\/#author\"},\"creator\":{\"@id\":\"https:\\\/\\\/www.eldigitaldeasturias.com\\\/noticias\\\/author\\\/admin\\\/#author\"},\"image\":{\"@type\":\"ImageObject\",\"url\":972147,\"@id\":\"https:\\\/\\\/www.eldigitaldeasturias.com\\\/noticias\\\/espana-multa-a-facebook-y-whatsapp-por-su-uso-de-datos-personales\\\/#mainImage\"},\"primaryImageOfPage\":{\"@id\":\"https:\\\/\\\/www.eldigitaldeasturias.com\\\/noticias\\\/espana-multa-a-facebook-y-whatsapp-por-su-uso-de-datos-personales\\\/#mainImage\"},\"datePublished\":\"2018-03-16T06:22:35+01:00\",\"dateModified\":\"2018-03-16T06:22:35+01:00\"},{\"@type\":\"WebSite\",\"@id\":\"https:\\\/\\\/www.eldigitaldeasturias.com\\\/noticias\\\/#website\",\"url\":\"https:\\\/\\\/www.eldigitaldeasturias.com\\\/noticias\\\/\",\"name\":\"El Digital de Asturias - Diario de actualidad y noticias\",\"alternateName\":\"El Digital de Asturias - Diario de actualidad y noticias\",\"description\":\"Hemeroteca\",\"inLanguage\":\"es-ES\",\"publisher\":{\"@id\":\"https:\\\/\\\/www.eldigitaldeasturias.com\\\/noticias\\\/#organization\"}}]}\n\t\t<\/script>\n\t\t<!-- All in One SEO Pro -->\r\n\t\t<title>Espa\u00f1a multa a Facebook y WhatsApp por su uso de datos personales - El Digital de Asturias<\/title>\n\n","aioseo_head_json":{"title":"Espa\u00f1a multa a Facebook y WhatsApp por su uso de datos personales - El Digital de Asturias","description":"Madrid, 15 mar (dpa) - La Agencia Espa\u00f1ola de Protecci\u00f3n de Datos (AEPD) multar\u00e1 a Facebook y WhatsApp por el traspaso de datos de sus usuarios cuando el gigante de las redes sociales compr\u00f3 la aplicaci\u00f3n de mensajer\u00eda, inform\u00f3 hoy el organismo en un comunicado. La agencia fij\u00f3 dos multas de 300.000 euros (370.000 d\u00f3lares),","canonical_url":"https:\/\/www.eldigitaldeasturias.com\/noticias\/espana-multa-a-facebook-y-whatsapp-por-su-uso-de-datos-personales\/","robots":"max-image-preview:large","keywords":"actualidad","webmasterTools":{"google-site-verification":"UA-38556648-1","msvalidate.01":"7dfe9f3f1b24437ab69f4f2559babe99","miscellaneous":""},"schema":{"@context":"https:\/\/schema.org","@graph":[{"@type":"BlogPosting","@id":"https:\/\/www.eldigitaldeasturias.com\/noticias\/espana-multa-a-facebook-y-whatsapp-por-su-uso-de-datos-personales\/#blogposting","name":"Espa\u00f1a multa a Facebook y WhatsApp por su uso de datos personales - El Digital de Asturias","headline":"Espa\u00f1a multa a Facebook y WhatsApp por su uso de datos personales","author":{"@id":"https:\/\/www.eldigitaldeasturias.com\/noticias\/author\/admin\/#author"},"publisher":{"@id":"https:\/\/www.eldigitaldeasturias.com\/noticias\/#organization"},"image":{"@type":"ImageObject","url":972147},"datePublished":"2018-03-16T06:22:35+01:00","dateModified":"2018-03-16T06:22:35+01:00","inLanguage":"es-ES","mainEntityOfPage":{"@id":"https:\/\/www.eldigitaldeasturias.com\/noticias\/espana-multa-a-facebook-y-whatsapp-por-su-uso-de-datos-personales\/#webpage"},"isPartOf":{"@id":"https:\/\/www.eldigitaldeasturias.com\/noticias\/espana-multa-a-facebook-y-whatsapp-por-su-uso-de-datos-personales\/#webpage"},"articleSection":"Actualidad"},{"@type":"BreadcrumbList","@id":"https:\/\/www.eldigitaldeasturias.com\/noticias\/espana-multa-a-facebook-y-whatsapp-por-su-uso-de-datos-personales\/#breadcrumblist","itemListElement":[{"@type":"ListItem","@id":"https:\/\/www.eldigitaldeasturias.com\/noticias#listItem","position":1,"name":"Home","item":"https:\/\/www.eldigitaldeasturias.com\/noticias","nextItem":{"@type":"ListItem","@id":"https:\/\/www.eldigitaldeasturias.com\/noticias\/category\/actualidad\/#listItem","name":"Actualidad"}},{"@type":"ListItem","@id":"https:\/\/www.eldigitaldeasturias.com\/noticias\/category\/actualidad\/#listItem","position":2,"name":"Actualidad","item":"https:\/\/www.eldigitaldeasturias.com\/noticias\/category\/actualidad\/","nextItem":{"@type":"ListItem","@id":"https:\/\/www.eldigitaldeasturias.com\/noticias\/espana-multa-a-facebook-y-whatsapp-por-su-uso-de-datos-personales\/#listItem","name":"Espa\u00f1a multa a Facebook y WhatsApp por su uso de datos personales"},"previousItem":{"@type":"ListItem","@id":"https:\/\/www.eldigitaldeasturias.com\/noticias#listItem","name":"Home"}},{"@type":"ListItem","@id":"https:\/\/www.eldigitaldeasturias.com\/noticias\/espana-multa-a-facebook-y-whatsapp-por-su-uso-de-datos-personales\/#listItem","position":3,"name":"Espa\u00f1a multa a Facebook y WhatsApp por su uso de datos personales","previousItem":{"@type":"ListItem","@id":"https:\/\/www.eldigitaldeasturias.com\/noticias\/category\/actualidad\/#listItem","name":"Actualidad"}}]},{"@type":"Organization","@id":"https:\/\/www.eldigitaldeasturias.com\/noticias\/#organization","name":"El Digital de Asturias","description":"Hemeroteca","url":"https:\/\/www.eldigitaldeasturias.com\/noticias\/","email":"info@eldigitaldeasturias.com","telephone":"+34652131393","logo":{"@type":"ImageObject","url":"https:\/\/www.eldigitaldeasturias.com\/noticias\/wp-content\/uploads\/2020\/12\/EDA.jpg","@id":"https:\/\/www.eldigitaldeasturias.com\/noticias\/espana-multa-a-facebook-y-whatsapp-por-su-uso-de-datos-personales\/#organizationLogo"},"image":{"@id":"https:\/\/www.eldigitaldeasturias.com\/noticias\/espana-multa-a-facebook-y-whatsapp-por-su-uso-de-datos-personales\/#organizationLogo"},"sameAs":["https:\/\/facebook.com\/eldigitaldeasturias","https:\/\/www.youtube.com\/channel\/UCZP-2wLEB9Rv6erhFmqVnvg"],"address":{"@id":"https:\/\/www.eldigitaldeasturias.com\/noticias\/#postaladdress","@type":"PostalAddress","streetAddress":"san antonio 4","postalCode":"33430","addressLocality":"Cand\u00e1s","addressRegion":"Asturias","addressCountry":"ES"}},{"@type":"Person","@id":"https:\/\/www.eldigitaldeasturias.com\/noticias\/author\/admin\/#author","url":"https:\/\/www.eldigitaldeasturias.com\/noticias\/author\/admin\/","name":"El Digital de Asturias","image":{"@type":"ImageObject","@id":"https:\/\/www.eldigitaldeasturias.com\/noticias\/espana-multa-a-facebook-y-whatsapp-por-su-uso-de-datos-personales\/#authorImage","url":"https:\/\/secure.gravatar.com\/avatar\/df2aeffc32bcd13f8d26072ef8a91b623d677766deac7f97ca815868cd41bf5e?s=96&d=mm&r=g","width":96,"height":96,"caption":"El Digital de Asturias"}},{"@type":"WebPage","@id":"https:\/\/www.eldigitaldeasturias.com\/noticias\/espana-multa-a-facebook-y-whatsapp-por-su-uso-de-datos-personales\/#webpage","url":"https:\/\/www.eldigitaldeasturias.com\/noticias\/espana-multa-a-facebook-y-whatsapp-por-su-uso-de-datos-personales\/","name":"Espa\u00f1a multa a Facebook y WhatsApp por su uso de datos personales - El Digital de Asturias","description":"Madrid, 15 mar (dpa) - La Agencia Espa\u00f1ola de Protecci\u00f3n de Datos (AEPD) multar\u00e1 a Facebook y WhatsApp por el traspaso de datos de sus usuarios cuando el gigante de las redes sociales compr\u00f3 la aplicaci\u00f3n de mensajer\u00eda, inform\u00f3 hoy el organismo en un comunicado. La agencia fij\u00f3 dos multas de 300.000 euros (370.000 d\u00f3lares),","inLanguage":"es-ES","isPartOf":{"@id":"https:\/\/www.eldigitaldeasturias.com\/noticias\/#website"},"breadcrumb":{"@id":"https:\/\/www.eldigitaldeasturias.com\/noticias\/espana-multa-a-facebook-y-whatsapp-por-su-uso-de-datos-personales\/#breadcrumblist"},"author":{"@id":"https:\/\/www.eldigitaldeasturias.com\/noticias\/author\/admin\/#author"},"creator":{"@id":"https:\/\/www.eldigitaldeasturias.com\/noticias\/author\/admin\/#author"},"image":{"@type":"ImageObject","url":972147,"@id":"https:\/\/www.eldigitaldeasturias.com\/noticias\/espana-multa-a-facebook-y-whatsapp-por-su-uso-de-datos-personales\/#mainImage"},"primaryImageOfPage":{"@id":"https:\/\/www.eldigitaldeasturias.com\/noticias\/espana-multa-a-facebook-y-whatsapp-por-su-uso-de-datos-personales\/#mainImage"},"datePublished":"2018-03-16T06:22:35+01:00","dateModified":"2018-03-16T06:22:35+01:00"},{"@type":"WebSite","@id":"https:\/\/www.eldigitaldeasturias.com\/noticias\/#website","url":"https:\/\/www.eldigitaldeasturias.com\/noticias\/","name":"El Digital de Asturias - Diario de actualidad y noticias","alternateName":"El Digital de Asturias - Diario de actualidad y noticias","description":"Hemeroteca","inLanguage":"es-ES","publisher":{"@id":"https:\/\/www.eldigitaldeasturias.com\/noticias\/#organization"}}]},"og:locale":"es_ES","og:site_name":"El Digital de Asturias","og:type":"article","og:title":"Espa\u00f1a multa a Facebook y WhatsApp por su uso de datos personales - El Digital de Asturias","og:description":"Madrid, 15 mar (dpa) - La Agencia Espa\u00f1ola de Protecci\u00f3n de Datos (AEPD) multar\u00e1 a Facebook y WhatsApp por el traspaso de datos de sus usuarios cuando el gigante de las redes sociales compr\u00f3 la aplicaci\u00f3n de mensajer\u00eda, inform\u00f3 hoy el organismo en un comunicado. La agencia fij\u00f3 dos multas de 300.000 euros (370.000 d\u00f3lares),","og:url":"https:\/\/www.eldigitaldeasturias.com\/noticias\/espana-multa-a-facebook-y-whatsapp-por-su-uso-de-datos-personales\/","article:tag":["actualidad"],"article:published_time":"2018-03-16T06:22:35+00:00","article:modified_time":"2018-03-16T06:22:35+00:00","article:publisher":"https:\/\/facebook.com\/eldigitaldeasturias","twitter:card":"summary_large_image","twitter:title":"Espa\u00f1a multa a Facebook y WhatsApp por su uso de datos personales - El Digital de Asturias","twitter:description":"Madrid, 15 mar (dpa) - La Agencia Espa\u00f1ola de Protecci\u00f3n de Datos (AEPD) multar\u00e1 a Facebook y WhatsApp por el traspaso de datos de sus usuarios cuando el gigante de las redes sociales compr\u00f3 la aplicaci\u00f3n de mensajer\u00eda, inform\u00f3 hoy el organismo en un comunicado. La agencia fij\u00f3 dos multas de 300.000 euros (370.000 d\u00f3lares),","twitter:image":"https:\/\/www.eldigitaldeasturias.com\/noticias\/wp-content\/uploads\/2020\/12\/EDA-1.jpg","twitter:label1":"Escrito por","twitter:data1":"El Digital de Asturias","twitter:label2":"Tiempo de lectura estimado","twitter:data2":"2 minutos"},"aioseo_meta_data":{"post_id":"972146","title":null,"description":null,"keywords":null,"keyphrases":null,"primary_term":null,"canonical_url":null,"og_title":null,"og_description":null,"og_object_type":"default","og_image_type":"default","og_image_url":null,"og_image_width":null,"og_image_height":null,"og_image_custom_url":null,"og_image_custom_fields":null,"og_video":null,"og_custom_url":null,"og_article_section":null,"og_article_tags":null,"twitter_use_og":false,"twitter_card":"default","twitter_image_type":"default","twitter_image_url":null,"twitter_image_custom_url":null,"twitter_image_custom_fields":null,"twitter_title":null,"twitter_description":null,"schema":{"blockGraphs":[],"customGraphs":[],"default":{"data":{"Article":[],"Course":[],"Dataset":[],"FAQPage":[],"Movie":[],"Person":[],"Product":[],"ProductReview":[],"Car":[],"Recipe":[],"Service":[],"SoftwareApplication":[],"WebPage":[]},"graphName":"","isEnabled":true},"graphs":[],"defaultGraph":"","defaultPostTypeGraph":""},"schema_type":null,"schema_type_options":null,"pillar_content":false,"robots_default":true,"robots_noindex":false,"robots_noarchive":false,"robots_nosnippet":false,"robots_nofollow":false,"robots_noimageindex":false,"robots_noodp":false,"robots_notranslate":false,"robots_max_snippet":null,"robots_max_videopreview":null,"robots_max_imagepreview":"large","priority":null,"frequency":null,"local_seo":null,"seo_analyzer_scan_date":"2025-10-07 11:35:03","breadcrumb_settings":null,"limit_modified_date":false,"open_ai":null,"ai":null,"created":"2020-12-21 12:19:37","updated":"2025-10-07 11:35:03","focus_keyword":null,"additional_keywords":null,"truseo_locale":null},"aioseo_breadcrumb":"<div class=\"aioseo-breadcrumbs\"><span class=\"aioseo-breadcrumb\">\n\t<a href=\"https:\/\/www.eldigitaldeasturias.com\/noticias\" title=\"Home\">Home<\/a>\n<\/span><span class=\"aioseo-breadcrumb-separator\">\u2013<\/span><span class=\"aioseo-breadcrumb\">\n\t<a href=\"https:\/\/www.eldigitaldeasturias.com\/noticias\/category\/actualidad\/\" title=\"Actualidad\">Actualidad<\/a>\n<\/span><span class=\"aioseo-breadcrumb-separator\">\u2013<\/span><span class=\"aioseo-breadcrumb\">\n\t<a href=\"https:\/\/www.eldigitaldeasturias.com\/noticias\/espana-multa-a-facebook-y-whatsapp-por-su-uso-de-datos-personales\/\" title=\"Espa\u00f1a multa a Facebook y WhatsApp por su uso de datos personales\">Espa\u00f1a multa a Facebook y WhatsApp por su uso de datos personales<\/a>\n<\/span><\/div>","aioseo_breadcrumb_json":[{"label":"Home","link":"https:\/\/www.eldigitaldeasturias.com\/noticias"},{"label":"Actualidad","link":"https:\/\/www.eldigitaldeasturias.com\/noticias\/category\/actualidad\/"},{"label":"Espa\u00f1a multa a Facebook y WhatsApp por su uso de datos personales","link":"https:\/\/www.eldigitaldeasturias.com\/noticias\/espana-multa-a-facebook-y-whatsapp-por-su-uso-de-datos-personales\/"}],"_links":{"self":[{"href":"https:\/\/www.eldigitaldeasturias.com\/noticias\/wp-json\/wp\/v2\/posts\/972146","targetHints":{"allow":["GET"]}}],"collection":[{"href":"https:\/\/www.eldigitaldeasturias.com\/noticias\/wp-json\/wp\/v2\/posts"}],"about":[{"href":"https:\/\/www.eldigitaldeasturias.com\/noticias\/wp-json\/wp\/v2\/types\/post"}],"author":[{"embeddable":true,"href":"https:\/\/www.eldigitaldeasturias.com\/noticias\/wp-json\/wp\/v2\/users\/1"}],"replies":[{"embeddable":true,"href":"https:\/\/www.eldigitaldeasturias.com\/noticias\/wp-json\/wp\/v2\/comments?post=972146"}],"version-history":[{"count":0,"href":"https:\/\/www.eldigitaldeasturias.com\/noticias\/wp-json\/wp\/v2\/posts\/972146\/revisions"}],"wp:attachment":[{"href":"https:\/\/www.eldigitaldeasturias.com\/noticias\/wp-json\/wp\/v2\/media?parent=972146"}],"wp:term":[{"taxonomy":"category","embeddable":true,"href":"https:\/\/www.eldigitaldeasturias.com\/noticias\/wp-json\/wp\/v2\/categories?post=972146"},{"taxonomy":"post_tag","embeddable":true,"href":"https:\/\/www.eldigitaldeasturias.com\/noticias\/wp-json\/wp\/v2\/tags?post=972146"}],"curies":[{"name":"wp","href":"https:\/\/api.w.org\/{rel}","templated":true}]}}