{"id":972122,"date":"2018-03-16T00:02:25","date_gmt":"2018-03-16T00:02:25","guid":{"rendered":"http:\/\/www.eldigitaldeasturias.com\/noticias\/?p=972122"},"modified":"2018-03-16T00:02:25","modified_gmt":"2018-03-16T00:02:25","slug":"odebrecht-el-caso-de-lava-jato-que-salpica-a-toda-america-latina","status":"publish","type":"post","link":"https:\/\/www.eldigitaldeasturias.com\/noticias\/odebrecht-el-caso-de-lava-jato-que-salpica-a-toda-america-latina\/","title":{"rendered":"Odebrecht, el caso de \u00abLava Jato\u00bb que salpica a toda Am\u00e9rica Latina"},"content":{"rendered":"<p><img loading=\"lazy\" decoding=\"async\" class=\"alignleft size-medium wp-image-879701\" src=\"https:\/\/www.eldigitaldeasturias.com\/noticias\/wp-content\/uploads\/2016\/05\/Cristina-360x198.jpg\" alt=\"\" width=\"360\" height=\"198\" \/>R\u00edo de Janeiro, 15 mar (dpa) &#8211; La compa\u00f1\u00eda brasile\u00f1a Odebrecht, una de las grandes constructoras de Am\u00e9rica Latina, est\u00e1 implicada en uno de los mayores esc\u00e1ndalos de corrupci\u00f3n del continente, descubierto a ra\u00edz de la operaci\u00f3n \u00abLava Jato\u00bb (\u00abLavado de autos\u00bb) en Brasil.<\/p>\n<p>Odebrecht reconoci\u00f3 en diciembre de 2016 que pag\u00f3 sobornos por m\u00e1s de 788 millones de d\u00f3lares desde 2011 en 12 pa\u00edses adem\u00e1s de en Brasil, entre ellos dos naciones africanas, Angola y Mozambique.<\/p>\n<p>\u00c9stos son los detalles de los sobornos pagados por Odebrecht en los 11 pa\u00edses latinoamericanos implicados y algunas de las consecuencias hasta ahora.<\/p>\n<p><strong>ARGENTINA<\/strong>: Sobornos por 35 millones de d\u00f3lares, pagados entre 2007 y 2014, en un periodo que cae entre los Gobiernos de N\u00e9stor Kirchner y Cristina Fern\u00e1ndez de Kirchner. Una obra bajo sospecha de corrupci\u00f3n, la de un t\u00fanel para el soterramiento de un tren, podr\u00eda salpicar al actual presidente, Mauricio Macri, ya que era alcalde de Buenos Aires en el periodo previsto para la construcci\u00f3n.<\/p>\n<p><strong>BRASIL<\/strong>: Odebrecht est\u00e1 acusada de pagar al menos 349 millones de d\u00f3lares en sobornos a pol\u00edticos entre 2003 y 2016. Hay decenas de empresarios y pol\u00edticos condenados, entre ellos el ex presidente Luiz In\u00e1cio Lula da Silva (2003-2010), sentenciado a m\u00e1s de 12 a\u00f1os de c\u00e1rcel en segunda instancia. La condena est\u00e1 a\u00fan en revisi\u00f3n.<\/p>\n<p><strong>COLOMBIA<\/strong>: El monto de los sobornos pagados entre 2009 y 2014 asciende a 11 millones de d\u00f3lares. Entre los sospechosos de haber recibido dinero para su campa\u00f1a est\u00e1 el presidente del pa\u00eds, Juan Manuel Santos.<\/p>\n<p><strong>REP\u00daBLICA DOMINICANA<\/strong>: Odebrecht admiti\u00f3 haber pagado sobornos por 92 millones de d\u00f3lares entre 2001 y 2014.<\/p>\n<p><strong>ECUADOR<\/strong>: El monto de los pagos irregulares a funcionarios estatales es cifrado en 33,5 millones de d\u00f3lares entre 2007 y 2016. El vicepresidente del pa\u00eds, Jorge Glas, fue condenado el 13 de diciembre a seis a\u00f1os de prisi\u00f3n, acusado de haber recibido sobornos por 14,1 millones de d\u00f3lares por parte de la contratista brasile\u00f1a.<\/p>\n<p><strong>GUATEMALA<\/strong>: Los presuntos sobornos por valor de 18 millones de d\u00f3lares fueron pagados entre 2013 y 2015.<\/p>\n<p><strong>M\u00c9XICO<\/strong>: Odebrecht es acusada de haber desembolsado 10,5 millones de d\u00f3lares para sobornos pagados entre 2010 y 2014, durante los Gobiernos de Felipe Calder\u00f3n y Enrique Pe\u00f1a Nieto.<\/p>\n<p><strong>MOZAMBIQUE<\/strong>: Los pagos de los presuntos sobornos ascienden a los 900.000 d\u00f3lares entre 2011 y 2014.<\/p>\n<p><strong>PANAM\u00c1<\/strong>: La constructora brasile\u00f1a reconoci\u00f3 haber pagado 59 millones de d\u00f3lares en sobornos entre 2010 y 2014 en el istmo centroamericano. El actual presidente paname\u00f1o, Juan Carlos Varela, reconoci\u00f3 en noviembre que recibi\u00f3 aportes de Odebrecht en 2009, cuando lleg\u00f3 a la vicepresidencia del pa\u00eds, aunque explic\u00f3 que los fondos girados por la contratista fueron declarados en el Tribunal Electoral del pa\u00eds.<\/p>\n<p><strong>PER\u00da<\/strong>: El monto de los presuntos sobornos es de 29 millones de d\u00f3lares, pagados entre 2005 y 2014, en un periodo que abarca a tres Gobiernos distintos (Alejandro Toledo, Alan Garc\u00eda y Ollanta Humala). Humala est\u00e1 en prisi\u00f3n preventiva esperando juicio por acusaciones de que recibi\u00f3 financiaci\u00f3n electoral irregular y Toledo est\u00e1 pr\u00f3fugo de la Justicia, por cargos de que recibi\u00f3 un soborno de Odebrecht. El actual presidente, Pedro Pablo Kuczynski, podr\u00eda ser destituido en breve por acusaciones de corrupci\u00f3n vinculadas con Odebrecht.<\/p>\n<p><strong>VENEZUELA:<\/strong> Odebrecht desembols\u00f3 presuntamente 98 millones de d\u00f3lares en sobornos para asegurarse contratos de obras p\u00fablicas entre 2006 y 2015.<\/p>\n","protected":false},"excerpt":{"rendered":"<p>R\u00edo de Janeiro, 15 mar (dpa) &#8211; La compa\u00f1\u00eda brasile\u00f1a Odebrecht, una de las grandes constructoras de Am\u00e9rica Latina, est\u00e1 implicada en uno de los mayores esc\u00e1ndalos de corrupci\u00f3n del continente, descubierto a ra\u00edz de la operaci\u00f3n \u00abLava Jato\u00bb (\u00abLavado de autos\u00bb) en Brasil. Odebrecht reconoci\u00f3 en diciembre de 2016 que pag\u00f3 sobornos por m\u00e1s [&hellip;]<\/p>\n","protected":false},"author":1,"featured_media":435172,"comment_status":"closed","ping_status":"closed","sticky":false,"template":"","format":"standard","meta":{"footnotes":""},"categories":[1],"tags":[],"class_list":["post-972122","post","type-post","status-publish","format-standard","has-post-thumbnail","hentry","category-actualidad"],"aioseo_notices":[],"aioseo_head":"\n\t\t<!-- All in One SEO Pro 5.0.1 - aioseo.com -->\n\t<meta name=\"description\" content=\"R\u00edo de Janeiro, 15 mar (dpa) - La compa\u00f1\u00eda brasile\u00f1a Odebrecht, una de las grandes constructoras de Am\u00e9rica Latina, est\u00e1 implicada en uno de los mayores esc\u00e1ndalos de corrupci\u00f3n del continente, descubierto a ra\u00edz de la operaci\u00f3n &quot;Lava Jato&quot; (&quot;Lavado de autos&quot;) en Brasil. Odebrecht reconoci\u00f3 en diciembre de 2016 que pag\u00f3 sobornos por m\u00e1s\" \/>\n\t<meta name=\"robots\" content=\"max-image-preview:large\" \/>\n\t<meta name=\"author\" content=\"El Digital de Asturias\"\/>\n\t<meta name=\"google-site-verification\" content=\"UA-38556648-1\" \/>\n\t<meta name=\"msvalidate.01\" content=\"7dfe9f3f1b24437ab69f4f2559babe99\" \/>\n\t<meta name=\"keywords\" content=\"actualidad\" \/>\n\t<link rel=\"canonical\" href=\"https:\/\/www.eldigitaldeasturias.com\/noticias\/odebrecht-el-caso-de-lava-jato-que-salpica-a-toda-america-latina\/\" \/>\n\t<meta name=\"generator\" content=\"All in One SEO Pro (AIOSEO) 5.0.1\" \/>\n\t\t<meta property=\"og:locale\" content=\"es_ES\" \/>\n\t\t<meta property=\"og:site_name\" content=\"El Digital de Asturias\" \/>\n\t\t<meta property=\"og:type\" content=\"article\" \/>\n\t\t<meta property=\"og:title\" content=\"Odebrecht, el caso de \u00abLava Jato\u00bb que salpica a toda Am\u00e9rica Latina - El Digital de Asturias\" \/>\n\t\t<meta property=\"og:description\" content=\"R\u00edo de Janeiro, 15 mar (dpa) - La compa\u00f1\u00eda brasile\u00f1a Odebrecht, una de las grandes constructoras de Am\u00e9rica Latina, est\u00e1 implicada en uno de los mayores esc\u00e1ndalos de corrupci\u00f3n del continente, descubierto a ra\u00edz de la operaci\u00f3n &quot;Lava Jato&quot; (&quot;Lavado de autos&quot;) en Brasil. Odebrecht reconoci\u00f3 en diciembre de 2016 que pag\u00f3 sobornos por m\u00e1s\" \/>\n\t\t<meta property=\"og:url\" content=\"https:\/\/www.eldigitaldeasturias.com\/noticias\/odebrecht-el-caso-de-lava-jato-que-salpica-a-toda-america-latina\/\" \/>\n\t\t<meta property=\"article:tag\" content=\"actualidad\" \/>\n\t\t<meta property=\"article:published_time\" content=\"2018-03-16T00:02:25+00:00\" \/>\n\t\t<meta property=\"article:modified_time\" content=\"2018-03-16T00:02:25+00:00\" \/>\n\t\t<meta property=\"article:publisher\" content=\"https:\/\/facebook.com\/eldigitaldeasturias\" \/>\n\t\t<meta name=\"twitter:card\" content=\"summary_large_image\" \/>\n\t\t<meta name=\"twitter:title\" content=\"Odebrecht, el caso de \u00abLava Jato\u00bb que salpica a toda Am\u00e9rica Latina - El Digital de Asturias\" \/>\n\t\t<meta name=\"twitter:description\" content=\"R\u00edo de Janeiro, 15 mar (dpa) - La compa\u00f1\u00eda brasile\u00f1a Odebrecht, una de las grandes constructoras de Am\u00e9rica Latina, est\u00e1 implicada en uno de los mayores esc\u00e1ndalos de corrupci\u00f3n del continente, descubierto a ra\u00edz de la operaci\u00f3n &quot;Lava Jato&quot; (&quot;Lavado de autos&quot;) en Brasil. Odebrecht reconoci\u00f3 en diciembre de 2016 que pag\u00f3 sobornos por m\u00e1s\" \/>\n\t\t<meta name=\"twitter:image\" content=\"https:\/\/www.eldigitaldeasturias.com\/noticias\/wp-content\/uploads\/2020\/12\/EDA-1.jpg\" \/>\n\t\t<meta name=\"twitter:label1\" content=\"Escrito por\" \/>\n\t\t<meta name=\"twitter:data1\" content=\"El Digital de Asturias\" \/>\n\t\t<meta name=\"twitter:label2\" content=\"Tiempo de lectura estimado\" \/>\n\t\t<meta name=\"twitter:data2\" content=\"3 minutos\" \/>\n\t\t<script type=\"application\/ld+json\" class=\"aioseo-schema\">\n\t\t\t{\"@context\":\"https:\\\/\\\/schema.org\",\"@graph\":[{\"@type\":\"BlogPosting\",\"@id\":\"https:\\\/\\\/www.eldigitaldeasturias.com\\\/noticias\\\/odebrecht-el-caso-de-lava-jato-que-salpica-a-toda-america-latina\\\/#blogposting\",\"name\":\"Odebrecht, el caso de \\u00abLava Jato\\u00bb que salpica a toda Am\\u00e9rica Latina - El Digital de Asturias\",\"headline\":\"Odebrecht, el caso de \\u00abLava Jato\\u00bb que salpica a toda Am\\u00e9rica Latina\",\"author\":{\"@id\":\"https:\\\/\\\/www.eldigitaldeasturias.com\\\/noticias\\\/author\\\/admin\\\/#author\"},\"publisher\":{\"@id\":\"https:\\\/\\\/www.eldigitaldeasturias.com\\\/noticias\\\/#organization\"},\"image\":{\"@type\":\"ImageObject\",\"url\":435172},\"datePublished\":\"2018-03-16T00:02:25+01:00\",\"dateModified\":\"2018-03-16T00:02:25+01:00\",\"inLanguage\":\"es-ES\",\"mainEntityOfPage\":{\"@id\":\"https:\\\/\\\/www.eldigitaldeasturias.com\\\/noticias\\\/odebrecht-el-caso-de-lava-jato-que-salpica-a-toda-america-latina\\\/#webpage\"},\"isPartOf\":{\"@id\":\"https:\\\/\\\/www.eldigitaldeasturias.com\\\/noticias\\\/odebrecht-el-caso-de-lava-jato-que-salpica-a-toda-america-latina\\\/#webpage\"},\"articleSection\":\"Actualidad\"},{\"@type\":\"BreadcrumbList\",\"@id\":\"https:\\\/\\\/www.eldigitaldeasturias.com\\\/noticias\\\/odebrecht-el-caso-de-lava-jato-que-salpica-a-toda-america-latina\\\/#breadcrumblist\",\"itemListElement\":[{\"@type\":\"ListItem\",\"@id\":\"https:\\\/\\\/www.eldigitaldeasturias.com\\\/noticias#listItem\",\"position\":1,\"name\":\"Home\",\"item\":\"https:\\\/\\\/www.eldigitaldeasturias.com\\\/noticias\",\"nextItem\":{\"@type\":\"ListItem\",\"@id\":\"https:\\\/\\\/www.eldigitaldeasturias.com\\\/noticias\\\/category\\\/actualidad\\\/#listItem\",\"name\":\"Actualidad\"}},{\"@type\":\"ListItem\",\"@id\":\"https:\\\/\\\/www.eldigitaldeasturias.com\\\/noticias\\\/category\\\/actualidad\\\/#listItem\",\"position\":2,\"name\":\"Actualidad\",\"item\":\"https:\\\/\\\/www.eldigitaldeasturias.com\\\/noticias\\\/category\\\/actualidad\\\/\",\"nextItem\":{\"@type\":\"ListItem\",\"@id\":\"https:\\\/\\\/www.eldigitaldeasturias.com\\\/noticias\\\/odebrecht-el-caso-de-lava-jato-que-salpica-a-toda-america-latina\\\/#listItem\",\"name\":\"Odebrecht, el caso de \\u00abLava Jato\\u00bb que salpica a toda Am\\u00e9rica Latina\"},\"previousItem\":{\"@type\":\"ListItem\",\"@id\":\"https:\\\/\\\/www.eldigitaldeasturias.com\\\/noticias#listItem\",\"name\":\"Home\"}},{\"@type\":\"ListItem\",\"@id\":\"https:\\\/\\\/www.eldigitaldeasturias.com\\\/noticias\\\/odebrecht-el-caso-de-lava-jato-que-salpica-a-toda-america-latina\\\/#listItem\",\"position\":3,\"name\":\"Odebrecht, el caso de \\u00abLava Jato\\u00bb que salpica a toda Am\\u00e9rica Latina\",\"previousItem\":{\"@type\":\"ListItem\",\"@id\":\"https:\\\/\\\/www.eldigitaldeasturias.com\\\/noticias\\\/category\\\/actualidad\\\/#listItem\",\"name\":\"Actualidad\"}}]},{\"@type\":\"Organization\",\"@id\":\"https:\\\/\\\/www.eldigitaldeasturias.com\\\/noticias\\\/#organization\",\"name\":\"El Digital de Asturias\",\"description\":\"Hemeroteca\",\"url\":\"https:\\\/\\\/www.eldigitaldeasturias.com\\\/noticias\\\/\",\"email\":\"info@eldigitaldeasturias.com\",\"telephone\":\"+34652131393\",\"logo\":{\"@type\":\"ImageObject\",\"url\":\"https:\\\/\\\/www.eldigitaldeasturias.com\\\/noticias\\\/wp-content\\\/uploads\\\/2020\\\/12\\\/EDA.jpg\",\"@id\":\"https:\\\/\\\/www.eldigitaldeasturias.com\\\/noticias\\\/odebrecht-el-caso-de-lava-jato-que-salpica-a-toda-america-latina\\\/#organizationLogo\"},\"image\":{\"@id\":\"https:\\\/\\\/www.eldigitaldeasturias.com\\\/noticias\\\/odebrecht-el-caso-de-lava-jato-que-salpica-a-toda-america-latina\\\/#organizationLogo\"},\"sameAs\":[\"https:\\\/\\\/facebook.com\\\/eldigitaldeasturias\",\"https:\\\/\\\/www.youtube.com\\\/channel\\\/UCZP-2wLEB9Rv6erhFmqVnvg\"],\"address\":{\"@id\":\"https:\\\/\\\/www.eldigitaldeasturias.com\\\/noticias\\\/#postaladdress\",\"@type\":\"PostalAddress\",\"streetAddress\":\"san antonio 4\",\"postalCode\":\"33430\",\"addressLocality\":\"Cand\\u00e1s\",\"addressRegion\":\"Asturias\",\"addressCountry\":\"ES\"}},{\"@type\":\"Person\",\"@id\":\"https:\\\/\\\/www.eldigitaldeasturias.com\\\/noticias\\\/author\\\/admin\\\/#author\",\"url\":\"https:\\\/\\\/www.eldigitaldeasturias.com\\\/noticias\\\/author\\\/admin\\\/\",\"name\":\"El Digital de Asturias\",\"image\":{\"@type\":\"ImageObject\",\"@id\":\"https:\\\/\\\/www.eldigitaldeasturias.com\\\/noticias\\\/odebrecht-el-caso-de-lava-jato-que-salpica-a-toda-america-latina\\\/#authorImage\",\"url\":\"https:\\\/\\\/secure.gravatar.com\\\/avatar\\\/df2aeffc32bcd13f8d26072ef8a91b623d677766deac7f97ca815868cd41bf5e?s=96&d=mm&r=g\",\"width\":96,\"height\":96,\"caption\":\"El Digital de Asturias\"}},{\"@type\":\"WebPage\",\"@id\":\"https:\\\/\\\/www.eldigitaldeasturias.com\\\/noticias\\\/odebrecht-el-caso-de-lava-jato-que-salpica-a-toda-america-latina\\\/#webpage\",\"url\":\"https:\\\/\\\/www.eldigitaldeasturias.com\\\/noticias\\\/odebrecht-el-caso-de-lava-jato-que-salpica-a-toda-america-latina\\\/\",\"name\":\"Odebrecht, el caso de \\u00abLava Jato\\u00bb que salpica a toda Am\\u00e9rica Latina - El Digital de Asturias\",\"description\":\"R\\u00edo de Janeiro, 15 mar (dpa) - La compa\\u00f1\\u00eda brasile\\u00f1a Odebrecht, una de las grandes constructoras de Am\\u00e9rica Latina, est\\u00e1 implicada en uno de los mayores esc\\u00e1ndalos de corrupci\\u00f3n del continente, descubierto a ra\\u00edz de la operaci\\u00f3n \\\"Lava Jato\\\" (\\\"Lavado de autos\\\") en Brasil. Odebrecht reconoci\\u00f3 en diciembre de 2016 que pag\\u00f3 sobornos por m\\u00e1s\",\"inLanguage\":\"es-ES\",\"isPartOf\":{\"@id\":\"https:\\\/\\\/www.eldigitaldeasturias.com\\\/noticias\\\/#website\"},\"breadcrumb\":{\"@id\":\"https:\\\/\\\/www.eldigitaldeasturias.com\\\/noticias\\\/odebrecht-el-caso-de-lava-jato-que-salpica-a-toda-america-latina\\\/#breadcrumblist\"},\"author\":{\"@id\":\"https:\\\/\\\/www.eldigitaldeasturias.com\\\/noticias\\\/author\\\/admin\\\/#author\"},\"creator\":{\"@id\":\"https:\\\/\\\/www.eldigitaldeasturias.com\\\/noticias\\\/author\\\/admin\\\/#author\"},\"image\":{\"@type\":\"ImageObject\",\"url\":435172,\"@id\":\"https:\\\/\\\/www.eldigitaldeasturias.com\\\/noticias\\\/odebrecht-el-caso-de-lava-jato-que-salpica-a-toda-america-latina\\\/#mainImage\"},\"primaryImageOfPage\":{\"@id\":\"https:\\\/\\\/www.eldigitaldeasturias.com\\\/noticias\\\/odebrecht-el-caso-de-lava-jato-que-salpica-a-toda-america-latina\\\/#mainImage\"},\"datePublished\":\"2018-03-16T00:02:25+01:00\",\"dateModified\":\"2018-03-16T00:02:25+01:00\"},{\"@type\":\"WebSite\",\"@id\":\"https:\\\/\\\/www.eldigitaldeasturias.com\\\/noticias\\\/#website\",\"url\":\"https:\\\/\\\/www.eldigitaldeasturias.com\\\/noticias\\\/\",\"name\":\"El Digital de Asturias - Diario de actualidad y noticias\",\"alternateName\":\"El Digital de Asturias - Diario de actualidad y noticias\",\"description\":\"Hemeroteca\",\"inLanguage\":\"es-ES\",\"publisher\":{\"@id\":\"https:\\\/\\\/www.eldigitaldeasturias.com\\\/noticias\\\/#organization\"}}]}\n\t\t<\/script>\n\t\t<!-- All in One SEO Pro -->\r\n\t\t<title>Odebrecht, el caso de \u00abLava Jato\u00bb que salpica a toda Am\u00e9rica Latina - El Digital de Asturias<\/title>\n\n","aioseo_head_json":{"title":"Odebrecht, el caso de \u00abLava Jato\u00bb que salpica a toda Am\u00e9rica Latina - El Digital de Asturias","description":"R\u00edo de Janeiro, 15 mar (dpa) - La compa\u00f1\u00eda brasile\u00f1a Odebrecht, una de las grandes constructoras de Am\u00e9rica Latina, est\u00e1 implicada en uno de los mayores esc\u00e1ndalos de corrupci\u00f3n del continente, descubierto a ra\u00edz de la operaci\u00f3n \"Lava Jato\" (\"Lavado de autos\") en Brasil. Odebrecht reconoci\u00f3 en diciembre de 2016 que pag\u00f3 sobornos por m\u00e1s","canonical_url":"https:\/\/www.eldigitaldeasturias.com\/noticias\/odebrecht-el-caso-de-lava-jato-que-salpica-a-toda-america-latina\/","robots":"max-image-preview:large","keywords":"actualidad","webmasterTools":{"google-site-verification":"UA-38556648-1","msvalidate.01":"7dfe9f3f1b24437ab69f4f2559babe99","miscellaneous":""},"schema":{"@context":"https:\/\/schema.org","@graph":[{"@type":"BlogPosting","@id":"https:\/\/www.eldigitaldeasturias.com\/noticias\/odebrecht-el-caso-de-lava-jato-que-salpica-a-toda-america-latina\/#blogposting","name":"Odebrecht, el caso de \u00abLava Jato\u00bb que salpica a toda Am\u00e9rica Latina - El Digital de Asturias","headline":"Odebrecht, el caso de \u00abLava Jato\u00bb que salpica a toda Am\u00e9rica Latina","author":{"@id":"https:\/\/www.eldigitaldeasturias.com\/noticias\/author\/admin\/#author"},"publisher":{"@id":"https:\/\/www.eldigitaldeasturias.com\/noticias\/#organization"},"image":{"@type":"ImageObject","url":435172},"datePublished":"2018-03-16T00:02:25+01:00","dateModified":"2018-03-16T00:02:25+01:00","inLanguage":"es-ES","mainEntityOfPage":{"@id":"https:\/\/www.eldigitaldeasturias.com\/noticias\/odebrecht-el-caso-de-lava-jato-que-salpica-a-toda-america-latina\/#webpage"},"isPartOf":{"@id":"https:\/\/www.eldigitaldeasturias.com\/noticias\/odebrecht-el-caso-de-lava-jato-que-salpica-a-toda-america-latina\/#webpage"},"articleSection":"Actualidad"},{"@type":"BreadcrumbList","@id":"https:\/\/www.eldigitaldeasturias.com\/noticias\/odebrecht-el-caso-de-lava-jato-que-salpica-a-toda-america-latina\/#breadcrumblist","itemListElement":[{"@type":"ListItem","@id":"https:\/\/www.eldigitaldeasturias.com\/noticias#listItem","position":1,"name":"Home","item":"https:\/\/www.eldigitaldeasturias.com\/noticias","nextItem":{"@type":"ListItem","@id":"https:\/\/www.eldigitaldeasturias.com\/noticias\/category\/actualidad\/#listItem","name":"Actualidad"}},{"@type":"ListItem","@id":"https:\/\/www.eldigitaldeasturias.com\/noticias\/category\/actualidad\/#listItem","position":2,"name":"Actualidad","item":"https:\/\/www.eldigitaldeasturias.com\/noticias\/category\/actualidad\/","nextItem":{"@type":"ListItem","@id":"https:\/\/www.eldigitaldeasturias.com\/noticias\/odebrecht-el-caso-de-lava-jato-que-salpica-a-toda-america-latina\/#listItem","name":"Odebrecht, el caso de \u00abLava Jato\u00bb que salpica a toda Am\u00e9rica Latina"},"previousItem":{"@type":"ListItem","@id":"https:\/\/www.eldigitaldeasturias.com\/noticias#listItem","name":"Home"}},{"@type":"ListItem","@id":"https:\/\/www.eldigitaldeasturias.com\/noticias\/odebrecht-el-caso-de-lava-jato-que-salpica-a-toda-america-latina\/#listItem","position":3,"name":"Odebrecht, el caso de \u00abLava Jato\u00bb que salpica a toda Am\u00e9rica Latina","previousItem":{"@type":"ListItem","@id":"https:\/\/www.eldigitaldeasturias.com\/noticias\/category\/actualidad\/#listItem","name":"Actualidad"}}]},{"@type":"Organization","@id":"https:\/\/www.eldigitaldeasturias.com\/noticias\/#organization","name":"El Digital de Asturias","description":"Hemeroteca","url":"https:\/\/www.eldigitaldeasturias.com\/noticias\/","email":"info@eldigitaldeasturias.com","telephone":"+34652131393","logo":{"@type":"ImageObject","url":"https:\/\/www.eldigitaldeasturias.com\/noticias\/wp-content\/uploads\/2020\/12\/EDA.jpg","@id":"https:\/\/www.eldigitaldeasturias.com\/noticias\/odebrecht-el-caso-de-lava-jato-que-salpica-a-toda-america-latina\/#organizationLogo"},"image":{"@id":"https:\/\/www.eldigitaldeasturias.com\/noticias\/odebrecht-el-caso-de-lava-jato-que-salpica-a-toda-america-latina\/#organizationLogo"},"sameAs":["https:\/\/facebook.com\/eldigitaldeasturias","https:\/\/www.youtube.com\/channel\/UCZP-2wLEB9Rv6erhFmqVnvg"],"address":{"@id":"https:\/\/www.eldigitaldeasturias.com\/noticias\/#postaladdress","@type":"PostalAddress","streetAddress":"san antonio 4","postalCode":"33430","addressLocality":"Cand\u00e1s","addressRegion":"Asturias","addressCountry":"ES"}},{"@type":"Person","@id":"https:\/\/www.eldigitaldeasturias.com\/noticias\/author\/admin\/#author","url":"https:\/\/www.eldigitaldeasturias.com\/noticias\/author\/admin\/","name":"El Digital de Asturias","image":{"@type":"ImageObject","@id":"https:\/\/www.eldigitaldeasturias.com\/noticias\/odebrecht-el-caso-de-lava-jato-que-salpica-a-toda-america-latina\/#authorImage","url":"https:\/\/secure.gravatar.com\/avatar\/df2aeffc32bcd13f8d26072ef8a91b623d677766deac7f97ca815868cd41bf5e?s=96&d=mm&r=g","width":96,"height":96,"caption":"El Digital de Asturias"}},{"@type":"WebPage","@id":"https:\/\/www.eldigitaldeasturias.com\/noticias\/odebrecht-el-caso-de-lava-jato-que-salpica-a-toda-america-latina\/#webpage","url":"https:\/\/www.eldigitaldeasturias.com\/noticias\/odebrecht-el-caso-de-lava-jato-que-salpica-a-toda-america-latina\/","name":"Odebrecht, el caso de \u00abLava Jato\u00bb que salpica a toda Am\u00e9rica Latina - El Digital de Asturias","description":"R\u00edo de Janeiro, 15 mar (dpa) - La compa\u00f1\u00eda brasile\u00f1a Odebrecht, una de las grandes constructoras de Am\u00e9rica Latina, est\u00e1 implicada en uno de los mayores esc\u00e1ndalos de corrupci\u00f3n del continente, descubierto a ra\u00edz de la operaci\u00f3n \"Lava Jato\" (\"Lavado de autos\") en Brasil. Odebrecht reconoci\u00f3 en diciembre de 2016 que pag\u00f3 sobornos por m\u00e1s","inLanguage":"es-ES","isPartOf":{"@id":"https:\/\/www.eldigitaldeasturias.com\/noticias\/#website"},"breadcrumb":{"@id":"https:\/\/www.eldigitaldeasturias.com\/noticias\/odebrecht-el-caso-de-lava-jato-que-salpica-a-toda-america-latina\/#breadcrumblist"},"author":{"@id":"https:\/\/www.eldigitaldeasturias.com\/noticias\/author\/admin\/#author"},"creator":{"@id":"https:\/\/www.eldigitaldeasturias.com\/noticias\/author\/admin\/#author"},"image":{"@type":"ImageObject","url":435172,"@id":"https:\/\/www.eldigitaldeasturias.com\/noticias\/odebrecht-el-caso-de-lava-jato-que-salpica-a-toda-america-latina\/#mainImage"},"primaryImageOfPage":{"@id":"https:\/\/www.eldigitaldeasturias.com\/noticias\/odebrecht-el-caso-de-lava-jato-que-salpica-a-toda-america-latina\/#mainImage"},"datePublished":"2018-03-16T00:02:25+01:00","dateModified":"2018-03-16T00:02:25+01:00"},{"@type":"WebSite","@id":"https:\/\/www.eldigitaldeasturias.com\/noticias\/#website","url":"https:\/\/www.eldigitaldeasturias.com\/noticias\/","name":"El Digital de Asturias - Diario de actualidad y noticias","alternateName":"El Digital de Asturias - Diario de actualidad y noticias","description":"Hemeroteca","inLanguage":"es-ES","publisher":{"@id":"https:\/\/www.eldigitaldeasturias.com\/noticias\/#organization"}}]},"og:locale":"es_ES","og:site_name":"El Digital de Asturias","og:type":"article","og:title":"Odebrecht, el caso de \u00abLava Jato\u00bb que salpica a toda Am\u00e9rica Latina - El Digital de Asturias","og:description":"R\u00edo de Janeiro, 15 mar (dpa) - La compa\u00f1\u00eda brasile\u00f1a Odebrecht, una de las grandes constructoras de Am\u00e9rica Latina, est\u00e1 implicada en uno de los mayores esc\u00e1ndalos de corrupci\u00f3n del continente, descubierto a ra\u00edz de la operaci\u00f3n &quot;Lava Jato&quot; (&quot;Lavado de autos&quot;) en Brasil. Odebrecht reconoci\u00f3 en diciembre de 2016 que pag\u00f3 sobornos por m\u00e1s","og:url":"https:\/\/www.eldigitaldeasturias.com\/noticias\/odebrecht-el-caso-de-lava-jato-que-salpica-a-toda-america-latina\/","article:tag":["actualidad"],"article:published_time":"2018-03-16T00:02:25+00:00","article:modified_time":"2018-03-16T00:02:25+00:00","article:publisher":"https:\/\/facebook.com\/eldigitaldeasturias","twitter:card":"summary_large_image","twitter:title":"Odebrecht, el caso de \u00abLava Jato\u00bb que salpica a toda Am\u00e9rica Latina - El Digital de Asturias","twitter:description":"R\u00edo de Janeiro, 15 mar (dpa) - La compa\u00f1\u00eda brasile\u00f1a Odebrecht, una de las grandes constructoras de Am\u00e9rica Latina, est\u00e1 implicada en uno de los mayores esc\u00e1ndalos de corrupci\u00f3n del continente, descubierto a ra\u00edz de la operaci\u00f3n &quot;Lava Jato&quot; (&quot;Lavado de autos&quot;) en Brasil. Odebrecht reconoci\u00f3 en diciembre de 2016 que pag\u00f3 sobornos por m\u00e1s","twitter:image":"https:\/\/www.eldigitaldeasturias.com\/noticias\/wp-content\/uploads\/2020\/12\/EDA-1.jpg","twitter:label1":"Escrito por","twitter:data1":"El Digital de Asturias","twitter:label2":"Tiempo de lectura estimado","twitter:data2":"3 minutos"},"aioseo_meta_data":{"post_id":"972122","title":null,"description":null,"keywords":null,"keyphrases":null,"primary_term":null,"canonical_url":null,"og_title":null,"og_description":null,"og_object_type":"default","og_image_type":"default","og_image_url":null,"og_image_width":null,"og_image_height":null,"og_image_custom_url":null,"og_image_custom_fields":null,"og_video":null,"og_custom_url":null,"og_article_section":null,"og_article_tags":null,"twitter_use_og":false,"twitter_card":"default","twitter_image_type":"default","twitter_image_url":null,"twitter_image_custom_url":null,"twitter_image_custom_fields":null,"twitter_title":null,"twitter_description":null,"schema":{"blockGraphs":[],"customGraphs":[],"default":{"data":{"Article":[],"Course":[],"Dataset":[],"FAQPage":[],"Movie":[],"Person":[],"Product":[],"ProductReview":[],"Car":[],"Recipe":[],"Service":[],"SoftwareApplication":[],"WebPage":[]},"graphName":"","isEnabled":true},"graphs":[],"defaultGraph":"","defaultPostTypeGraph":""},"schema_type":null,"schema_type_options":null,"pillar_content":false,"robots_default":true,"robots_noindex":false,"robots_noarchive":false,"robots_nosnippet":false,"robots_nofollow":false,"robots_noimageindex":false,"robots_noodp":false,"robots_notranslate":false,"robots_max_snippet":null,"robots_max_videopreview":null,"robots_max_imagepreview":"large","priority":null,"frequency":null,"local_seo":null,"seo_analyzer_scan_date":"2025-10-07 11:29:13","breadcrumb_settings":null,"limit_modified_date":false,"open_ai":null,"ai":null,"created":"2020-12-21 12:19:37","updated":"2025-10-07 11:29:13","focus_keyword":null,"additional_keywords":null,"truseo_locale":null},"aioseo_breadcrumb":"<div class=\"aioseo-breadcrumbs\"><span class=\"aioseo-breadcrumb\">\n\t<a href=\"https:\/\/www.eldigitaldeasturias.com\/noticias\" title=\"Home\">Home<\/a>\n<\/span><span class=\"aioseo-breadcrumb-separator\">\u2013<\/span><span class=\"aioseo-breadcrumb\">\n\t<a href=\"https:\/\/www.eldigitaldeasturias.com\/noticias\/category\/actualidad\/\" title=\"Actualidad\">Actualidad<\/a>\n<\/span><span class=\"aioseo-breadcrumb-separator\">\u2013<\/span><span class=\"aioseo-breadcrumb\">\n\t<a href=\"https:\/\/www.eldigitaldeasturias.com\/noticias\/odebrecht-el-caso-de-lava-jato-que-salpica-a-toda-america-latina\/\" title=\"Odebrecht, el caso de \u00abLava Jato\u00bb que salpica a toda Am\u00e9rica Latina\">Odebrecht, el caso de \u00abLava Jato\u00bb que salpica a toda Am\u00e9rica Latina<\/a>\n<\/span><\/div>","aioseo_breadcrumb_json":[{"label":"Home","link":"https:\/\/www.eldigitaldeasturias.com\/noticias"},{"label":"Actualidad","link":"https:\/\/www.eldigitaldeasturias.com\/noticias\/category\/actualidad\/"},{"label":"Odebrecht, el caso de \u00abLava Jato\u00bb que salpica a toda Am\u00e9rica Latina","link":"https:\/\/www.eldigitaldeasturias.com\/noticias\/odebrecht-el-caso-de-lava-jato-que-salpica-a-toda-america-latina\/"}],"_links":{"self":[{"href":"https:\/\/www.eldigitaldeasturias.com\/noticias\/wp-json\/wp\/v2\/posts\/972122","targetHints":{"allow":["GET"]}}],"collection":[{"href":"https:\/\/www.eldigitaldeasturias.com\/noticias\/wp-json\/wp\/v2\/posts"}],"about":[{"href":"https:\/\/www.eldigitaldeasturias.com\/noticias\/wp-json\/wp\/v2\/types\/post"}],"author":[{"embeddable":true,"href":"https:\/\/www.eldigitaldeasturias.com\/noticias\/wp-json\/wp\/v2\/users\/1"}],"replies":[{"embeddable":true,"href":"https:\/\/www.eldigitaldeasturias.com\/noticias\/wp-json\/wp\/v2\/comments?post=972122"}],"version-history":[{"count":0,"href":"https:\/\/www.eldigitaldeasturias.com\/noticias\/wp-json\/wp\/v2\/posts\/972122\/revisions"}],"wp:attachment":[{"href":"https:\/\/www.eldigitaldeasturias.com\/noticias\/wp-json\/wp\/v2\/media?parent=972122"}],"wp:term":[{"taxonomy":"category","embeddable":true,"href":"https:\/\/www.eldigitaldeasturias.com\/noticias\/wp-json\/wp\/v2\/categories?post=972122"},{"taxonomy":"post_tag","embeddable":true,"href":"https:\/\/www.eldigitaldeasturias.com\/noticias\/wp-json\/wp\/v2\/tags?post=972122"}],"curies":[{"name":"wp","href":"https:\/\/api.w.org\/{rel}","templated":true}]}}