{"id":971982,"date":"2018-03-14T21:58:28","date_gmt":"2018-03-14T21:58:28","guid":{"rendered":"http:\/\/www.eldigitaldeasturias.com\/noticias\/?p=971982"},"modified":"2018-03-14T21:58:28","modified_gmt":"2018-03-14T21:58:28","slug":"jose-antonio-nieto-se-culmina-una-reivindicacion-justa-e-historica","status":"publish","type":"post","link":"https:\/\/www.eldigitaldeasturias.com\/noticias\/jose-antonio-nieto-se-culmina-una-reivindicacion-justa-e-historica\/","title":{"rendered":"Jos\u00e9 Antonio Nieto: \u00abSe culmina una reivindicaci\u00f3n justa e hist\u00f3rica\u00bb"},"content":{"rendered":"<p><img loading=\"lazy\" decoding=\"async\" class=\"alignleft size-medium wp-image-971983\" src=\"https:\/\/www.eldigitaldeasturias.com\/noticias\/wp-content\/uploads\/2018\/03\/140318-Nieto2-360x239.jpg\" alt=\"\" width=\"360\" height=\"239\" \/>El secretario de Estado de Seguridad, Jos\u00e9 Antonio Nieto, ha presidido la jura o promesa de la XXIV promoci\u00f3n de inspectores jefes de la Polic\u00eda Nacional, 132 hombres y 18 mujeres que ascienden a la nueva categor\u00eda tras superar los procesos selectivos y el curso de formaci\u00f3n correspondiente, y que comenzar\u00e1n a prestar servicio de forma inmediata en sus nuevos destinos por toda la geograf\u00eda espa\u00f1ola.<\/p>\n<p>Nieto se ha referido en su intervenci\u00f3n al acuerdo de equiparaci\u00f3n salarial firmado el pasado lunes por el ministro del Interior, Juan Ignacio Zoido, con los cuatro sindicatos mayoritarios de la Polic\u00eda Nacional y las siete asociaciones profesionales m\u00e1s representativas de la Guardia Civil.<\/p>\n<p>\u00abCon esta firma -ha dicho- se ha podido culminar una reivindicaci\u00f3n justa e hist\u00f3rica: que los polic\u00edas nacionales (y sus compa\u00f1eros de la Guardia Civil) no cobren menos por el mismo trabajo que otros cuerpos policiales\u00bb.<\/p>\n<p>Tras subrayar que \u00abel Gobierno no olvida las justas demandas del conjunto de la Polic\u00eda Nacional\u00bb, Nieto ha afirmado que el acuerdo es fruto de una \u00abvoluntad compartida y de un sentido profundo de la responsabilidad que ha buscado siempre lo mejor para la Instituci\u00f3n y para los agentes\u00bb.<\/p>\n<p>El secretario de Estado de Seguridad ha pedido a los nuevos inspectores jefes que tengan siempre presentes los objetivos estrat\u00e9gicos del Cuerpo y trabajen con una visi\u00f3n integradora, optimizando los recursos porque \u00abla adecuada direcci\u00f3n de ese capital ser\u00e1 clave para afrontar desaf\u00edos como el terrorismo, el ciberdelito, la seguridad ciudadana, la corrupci\u00f3n, el crimen organizado o la trata de seres humanos\u00bb.<\/p>\n<p>Tambi\u00e9n les ha pedido que no se olviden \u00abla proximidad al ciudadano, verdadero motor del trabajo que desarrollan todos y cada uno de los polic\u00edas nacionales en cualquier parte del territorio nacional\u00bb.<\/p>\n<p>Nieto ha subrayado que la Polic\u00eda es \u00abuna instituci\u00f3n l\u00edder en seguridad p\u00fablica y goza por ello de una alta estima de los ciudadanos, porque les sirve en cualquier lugar, a cualquier hora y ante cualquier amenaza, sin esperar nunca nada a cambio\u00bb.<\/p>\n<p>Las 18 mujeres y los 132 hombres que han jurado o prometido hoy el cargo \u00abcontinuar\u00e9is -ha agregado- trabajando por y para Espa\u00f1a, como lo hab\u00e9is venido haciendo hasta ahora, pero con nuevas y m\u00e1s exigentes responsabilidades y con mayores cotas de decisi\u00f3n en el funcionamiento de los servicios policiales. En vuestras manos confiamos el tim\u00f3n de una de las mejores polic\u00edas del mundo\u00bb.<\/p>\n","protected":false},"excerpt":{"rendered":"<p>El secretario de Estado de Seguridad, Jos\u00e9 Antonio Nieto, ha presidido la jura o promesa de la XXIV promoci\u00f3n de inspectores jefes de la Polic\u00eda Nacional, 132 hombres y 18 mujeres que ascienden a la nueva categor\u00eda tras superar los procesos selectivos y el curso de formaci\u00f3n correspondiente, y que comenzar\u00e1n a prestar servicio de [&hellip;]<\/p>\n","protected":false},"author":1,"featured_media":971983,"comment_status":"closed","ping_status":"closed","sticky":false,"template":"","format":"standard","meta":{"footnotes":""},"categories":[1],"tags":[],"class_list":["post-971982","post","type-post","status-publish","format-standard","has-post-thumbnail","hentry","category-actualidad"],"aioseo_notices":[],"aioseo_head":"\n\t\t<!-- All in One SEO Pro 5.0.1 - aioseo.com -->\n\t<meta name=\"description\" content=\"El secretario de Estado de Seguridad, Jos\u00e9 Antonio Nieto, ha presidido la jura o promesa de la XXIV promoci\u00f3n de inspectores jefes de la Polic\u00eda Nacional, 132 hombres y 18 mujeres que ascienden a la nueva categor\u00eda tras superar los procesos selectivos y el curso de formaci\u00f3n correspondiente, y que comenzar\u00e1n a prestar servicio de\" \/>\n\t<meta name=\"robots\" content=\"max-image-preview:large\" \/>\n\t<meta name=\"author\" content=\"El Digital de Asturias\"\/>\n\t<meta name=\"google-site-verification\" content=\"UA-38556648-1\" \/>\n\t<meta name=\"msvalidate.01\" content=\"7dfe9f3f1b24437ab69f4f2559babe99\" \/>\n\t<meta name=\"keywords\" content=\"actualidad\" \/>\n\t<link rel=\"canonical\" href=\"https:\/\/www.eldigitaldeasturias.com\/noticias\/jose-antonio-nieto-se-culmina-una-reivindicacion-justa-e-historica\/\" \/>\n\t<meta name=\"generator\" content=\"All in One SEO Pro (AIOSEO) 5.0.1\" \/>\n\t\t<meta property=\"og:locale\" content=\"es_ES\" \/>\n\t\t<meta property=\"og:site_name\" content=\"El Digital de Asturias\" \/>\n\t\t<meta property=\"og:type\" content=\"article\" \/>\n\t\t<meta property=\"og:title\" content=\"Jos\u00e9 Antonio Nieto: \u00abSe culmina una reivindicaci\u00f3n justa e hist\u00f3rica\u00bb - El Digital de Asturias\" \/>\n\t\t<meta property=\"og:description\" content=\"El secretario de Estado de Seguridad, Jos\u00e9 Antonio Nieto, ha presidido la jura o promesa de la XXIV promoci\u00f3n de inspectores jefes de la Polic\u00eda Nacional, 132 hombres y 18 mujeres que ascienden a la nueva categor\u00eda tras superar los procesos selectivos y el curso de formaci\u00f3n correspondiente, y que comenzar\u00e1n a prestar servicio de\" \/>\n\t\t<meta property=\"og:url\" content=\"https:\/\/www.eldigitaldeasturias.com\/noticias\/jose-antonio-nieto-se-culmina-una-reivindicacion-justa-e-historica\/\" \/>\n\t\t<meta property=\"article:tag\" content=\"actualidad\" \/>\n\t\t<meta property=\"article:published_time\" content=\"2018-03-14T21:58:28+00:00\" \/>\n\t\t<meta property=\"article:modified_time\" content=\"2018-03-14T21:58:28+00:00\" \/>\n\t\t<meta property=\"article:publisher\" content=\"https:\/\/facebook.com\/eldigitaldeasturias\" \/>\n\t\t<meta name=\"twitter:card\" content=\"summary_large_image\" \/>\n\t\t<meta name=\"twitter:title\" content=\"Jos\u00e9 Antonio Nieto: \u00abSe culmina una reivindicaci\u00f3n justa e hist\u00f3rica\u00bb - El Digital de Asturias\" \/>\n\t\t<meta name=\"twitter:description\" content=\"El secretario de Estado de Seguridad, Jos\u00e9 Antonio Nieto, ha presidido la jura o promesa de la XXIV promoci\u00f3n de inspectores jefes de la Polic\u00eda Nacional, 132 hombres y 18 mujeres que ascienden a la nueva categor\u00eda tras superar los procesos selectivos y el curso de formaci\u00f3n correspondiente, y que comenzar\u00e1n a prestar servicio de\" \/>\n\t\t<meta name=\"twitter:image\" content=\"https:\/\/www.eldigitaldeasturias.com\/noticias\/wp-content\/uploads\/2020\/12\/EDA-1.jpg\" \/>\n\t\t<meta name=\"twitter:label1\" content=\"Escrito por\" \/>\n\t\t<meta name=\"twitter:data1\" content=\"El Digital de Asturias\" \/>\n\t\t<meta name=\"twitter:label2\" content=\"Tiempo de lectura estimado\" \/>\n\t\t<meta name=\"twitter:data2\" content=\"2 minutos\" \/>\n\t\t<script type=\"application\/ld+json\" class=\"aioseo-schema\">\n\t\t\t{\"@context\":\"https:\\\/\\\/schema.org\",\"@graph\":[{\"@type\":\"BlogPosting\",\"@id\":\"https:\\\/\\\/www.eldigitaldeasturias.com\\\/noticias\\\/jose-antonio-nieto-se-culmina-una-reivindicacion-justa-e-historica\\\/#blogposting\",\"name\":\"Jos\\u00e9 Antonio Nieto: \\u00abSe culmina una reivindicaci\\u00f3n justa e hist\\u00f3rica\\u00bb - El Digital de Asturias\",\"headline\":\"Jos\\u00e9 Antonio Nieto: \\u00abSe culmina una reivindicaci\\u00f3n justa e hist\\u00f3rica\\u00bb\",\"author\":{\"@id\":\"https:\\\/\\\/www.eldigitaldeasturias.com\\\/noticias\\\/author\\\/admin\\\/#author\"},\"publisher\":{\"@id\":\"https:\\\/\\\/www.eldigitaldeasturias.com\\\/noticias\\\/#organization\"},\"image\":{\"@type\":\"ImageObject\",\"url\":971983},\"datePublished\":\"2018-03-14T21:58:28+01:00\",\"dateModified\":\"2018-03-14T21:58:28+01:00\",\"inLanguage\":\"es-ES\",\"mainEntityOfPage\":{\"@id\":\"https:\\\/\\\/www.eldigitaldeasturias.com\\\/noticias\\\/jose-antonio-nieto-se-culmina-una-reivindicacion-justa-e-historica\\\/#webpage\"},\"isPartOf\":{\"@id\":\"https:\\\/\\\/www.eldigitaldeasturias.com\\\/noticias\\\/jose-antonio-nieto-se-culmina-una-reivindicacion-justa-e-historica\\\/#webpage\"},\"articleSection\":\"Actualidad\"},{\"@type\":\"BreadcrumbList\",\"@id\":\"https:\\\/\\\/www.eldigitaldeasturias.com\\\/noticias\\\/jose-antonio-nieto-se-culmina-una-reivindicacion-justa-e-historica\\\/#breadcrumblist\",\"itemListElement\":[{\"@type\":\"ListItem\",\"@id\":\"https:\\\/\\\/www.eldigitaldeasturias.com\\\/noticias#listItem\",\"position\":1,\"name\":\"Home\",\"item\":\"https:\\\/\\\/www.eldigitaldeasturias.com\\\/noticias\",\"nextItem\":{\"@type\":\"ListItem\",\"@id\":\"https:\\\/\\\/www.eldigitaldeasturias.com\\\/noticias\\\/category\\\/actualidad\\\/#listItem\",\"name\":\"Actualidad\"}},{\"@type\":\"ListItem\",\"@id\":\"https:\\\/\\\/www.eldigitaldeasturias.com\\\/noticias\\\/category\\\/actualidad\\\/#listItem\",\"position\":2,\"name\":\"Actualidad\",\"item\":\"https:\\\/\\\/www.eldigitaldeasturias.com\\\/noticias\\\/category\\\/actualidad\\\/\",\"nextItem\":{\"@type\":\"ListItem\",\"@id\":\"https:\\\/\\\/www.eldigitaldeasturias.com\\\/noticias\\\/jose-antonio-nieto-se-culmina-una-reivindicacion-justa-e-historica\\\/#listItem\",\"name\":\"Jos\\u00e9 Antonio Nieto: \\u00abSe culmina una reivindicaci\\u00f3n justa e hist\\u00f3rica\\u00bb\"},\"previousItem\":{\"@type\":\"ListItem\",\"@id\":\"https:\\\/\\\/www.eldigitaldeasturias.com\\\/noticias#listItem\",\"name\":\"Home\"}},{\"@type\":\"ListItem\",\"@id\":\"https:\\\/\\\/www.eldigitaldeasturias.com\\\/noticias\\\/jose-antonio-nieto-se-culmina-una-reivindicacion-justa-e-historica\\\/#listItem\",\"position\":3,\"name\":\"Jos\\u00e9 Antonio Nieto: \\u00abSe culmina una reivindicaci\\u00f3n justa e hist\\u00f3rica\\u00bb\",\"previousItem\":{\"@type\":\"ListItem\",\"@id\":\"https:\\\/\\\/www.eldigitaldeasturias.com\\\/noticias\\\/category\\\/actualidad\\\/#listItem\",\"name\":\"Actualidad\"}}]},{\"@type\":\"Organization\",\"@id\":\"https:\\\/\\\/www.eldigitaldeasturias.com\\\/noticias\\\/#organization\",\"name\":\"El Digital de Asturias\",\"description\":\"Hemeroteca\",\"url\":\"https:\\\/\\\/www.eldigitaldeasturias.com\\\/noticias\\\/\",\"email\":\"info@eldigitaldeasturias.com\",\"telephone\":\"+34652131393\",\"logo\":{\"@type\":\"ImageObject\",\"url\":\"https:\\\/\\\/www.eldigitaldeasturias.com\\\/noticias\\\/wp-content\\\/uploads\\\/2020\\\/12\\\/EDA.jpg\",\"@id\":\"https:\\\/\\\/www.eldigitaldeasturias.com\\\/noticias\\\/jose-antonio-nieto-se-culmina-una-reivindicacion-justa-e-historica\\\/#organizationLogo\"},\"image\":{\"@id\":\"https:\\\/\\\/www.eldigitaldeasturias.com\\\/noticias\\\/jose-antonio-nieto-se-culmina-una-reivindicacion-justa-e-historica\\\/#organizationLogo\"},\"sameAs\":[\"https:\\\/\\\/facebook.com\\\/eldigitaldeasturias\",\"https:\\\/\\\/www.youtube.com\\\/channel\\\/UCZP-2wLEB9Rv6erhFmqVnvg\"],\"address\":{\"@id\":\"https:\\\/\\\/www.eldigitaldeasturias.com\\\/noticias\\\/#postaladdress\",\"@type\":\"PostalAddress\",\"streetAddress\":\"san antonio 4\",\"postalCode\":\"33430\",\"addressLocality\":\"Cand\\u00e1s\",\"addressRegion\":\"Asturias\",\"addressCountry\":\"ES\"}},{\"@type\":\"Person\",\"@id\":\"https:\\\/\\\/www.eldigitaldeasturias.com\\\/noticias\\\/author\\\/admin\\\/#author\",\"url\":\"https:\\\/\\\/www.eldigitaldeasturias.com\\\/noticias\\\/author\\\/admin\\\/\",\"name\":\"El Digital de Asturias\",\"image\":{\"@type\":\"ImageObject\",\"@id\":\"https:\\\/\\\/www.eldigitaldeasturias.com\\\/noticias\\\/jose-antonio-nieto-se-culmina-una-reivindicacion-justa-e-historica\\\/#authorImage\",\"url\":\"https:\\\/\\\/secure.gravatar.com\\\/avatar\\\/df2aeffc32bcd13f8d26072ef8a91b623d677766deac7f97ca815868cd41bf5e?s=96&d=mm&r=g\",\"width\":96,\"height\":96,\"caption\":\"El Digital de Asturias\"}},{\"@type\":\"WebPage\",\"@id\":\"https:\\\/\\\/www.eldigitaldeasturias.com\\\/noticias\\\/jose-antonio-nieto-se-culmina-una-reivindicacion-justa-e-historica\\\/#webpage\",\"url\":\"https:\\\/\\\/www.eldigitaldeasturias.com\\\/noticias\\\/jose-antonio-nieto-se-culmina-una-reivindicacion-justa-e-historica\\\/\",\"name\":\"Jos\\u00e9 Antonio Nieto: \\u00abSe culmina una reivindicaci\\u00f3n justa e hist\\u00f3rica\\u00bb - El Digital de Asturias\",\"description\":\"El secretario de Estado de Seguridad, Jos\\u00e9 Antonio Nieto, ha presidido la jura o promesa de la XXIV promoci\\u00f3n de inspectores jefes de la Polic\\u00eda Nacional, 132 hombres y 18 mujeres que ascienden a la nueva categor\\u00eda tras superar los procesos selectivos y el curso de formaci\\u00f3n correspondiente, y que comenzar\\u00e1n a prestar servicio de\",\"inLanguage\":\"es-ES\",\"isPartOf\":{\"@id\":\"https:\\\/\\\/www.eldigitaldeasturias.com\\\/noticias\\\/#website\"},\"breadcrumb\":{\"@id\":\"https:\\\/\\\/www.eldigitaldeasturias.com\\\/noticias\\\/jose-antonio-nieto-se-culmina-una-reivindicacion-justa-e-historica\\\/#breadcrumblist\"},\"author\":{\"@id\":\"https:\\\/\\\/www.eldigitaldeasturias.com\\\/noticias\\\/author\\\/admin\\\/#author\"},\"creator\":{\"@id\":\"https:\\\/\\\/www.eldigitaldeasturias.com\\\/noticias\\\/author\\\/admin\\\/#author\"},\"image\":{\"@type\":\"ImageObject\",\"url\":971983,\"@id\":\"https:\\\/\\\/www.eldigitaldeasturias.com\\\/noticias\\\/jose-antonio-nieto-se-culmina-una-reivindicacion-justa-e-historica\\\/#mainImage\"},\"primaryImageOfPage\":{\"@id\":\"https:\\\/\\\/www.eldigitaldeasturias.com\\\/noticias\\\/jose-antonio-nieto-se-culmina-una-reivindicacion-justa-e-historica\\\/#mainImage\"},\"datePublished\":\"2018-03-14T21:58:28+01:00\",\"dateModified\":\"2018-03-14T21:58:28+01:00\"},{\"@type\":\"WebSite\",\"@id\":\"https:\\\/\\\/www.eldigitaldeasturias.com\\\/noticias\\\/#website\",\"url\":\"https:\\\/\\\/www.eldigitaldeasturias.com\\\/noticias\\\/\",\"name\":\"El Digital de Asturias - Diario de actualidad y noticias\",\"alternateName\":\"El Digital de Asturias - Diario de actualidad y noticias\",\"description\":\"Hemeroteca\",\"inLanguage\":\"es-ES\",\"publisher\":{\"@id\":\"https:\\\/\\\/www.eldigitaldeasturias.com\\\/noticias\\\/#organization\"}}]}\n\t\t<\/script>\n\t\t<!-- All in One SEO Pro -->\r\n\t\t<title>Jos\u00e9 Antonio Nieto: \u00abSe culmina una reivindicaci\u00f3n justa e hist\u00f3rica\u00bb - El Digital de Asturias<\/title>\n\n","aioseo_head_json":{"title":"Jos\u00e9 Antonio Nieto: \u00abSe culmina una reivindicaci\u00f3n justa e hist\u00f3rica\u00bb - El Digital de Asturias","description":"El secretario de Estado de Seguridad, Jos\u00e9 Antonio Nieto, ha presidido la jura o promesa de la XXIV promoci\u00f3n de inspectores jefes de la Polic\u00eda Nacional, 132 hombres y 18 mujeres que ascienden a la nueva categor\u00eda tras superar los procesos selectivos y el curso de formaci\u00f3n correspondiente, y que comenzar\u00e1n a prestar servicio de","canonical_url":"https:\/\/www.eldigitaldeasturias.com\/noticias\/jose-antonio-nieto-se-culmina-una-reivindicacion-justa-e-historica\/","robots":"max-image-preview:large","keywords":"actualidad","webmasterTools":{"google-site-verification":"UA-38556648-1","msvalidate.01":"7dfe9f3f1b24437ab69f4f2559babe99","miscellaneous":""},"schema":{"@context":"https:\/\/schema.org","@graph":[{"@type":"BlogPosting","@id":"https:\/\/www.eldigitaldeasturias.com\/noticias\/jose-antonio-nieto-se-culmina-una-reivindicacion-justa-e-historica\/#blogposting","name":"Jos\u00e9 Antonio Nieto: \u00abSe culmina una reivindicaci\u00f3n justa e hist\u00f3rica\u00bb - El Digital de Asturias","headline":"Jos\u00e9 Antonio Nieto: \u00abSe culmina una reivindicaci\u00f3n justa e hist\u00f3rica\u00bb","author":{"@id":"https:\/\/www.eldigitaldeasturias.com\/noticias\/author\/admin\/#author"},"publisher":{"@id":"https:\/\/www.eldigitaldeasturias.com\/noticias\/#organization"},"image":{"@type":"ImageObject","url":971983},"datePublished":"2018-03-14T21:58:28+01:00","dateModified":"2018-03-14T21:58:28+01:00","inLanguage":"es-ES","mainEntityOfPage":{"@id":"https:\/\/www.eldigitaldeasturias.com\/noticias\/jose-antonio-nieto-se-culmina-una-reivindicacion-justa-e-historica\/#webpage"},"isPartOf":{"@id":"https:\/\/www.eldigitaldeasturias.com\/noticias\/jose-antonio-nieto-se-culmina-una-reivindicacion-justa-e-historica\/#webpage"},"articleSection":"Actualidad"},{"@type":"BreadcrumbList","@id":"https:\/\/www.eldigitaldeasturias.com\/noticias\/jose-antonio-nieto-se-culmina-una-reivindicacion-justa-e-historica\/#breadcrumblist","itemListElement":[{"@type":"ListItem","@id":"https:\/\/www.eldigitaldeasturias.com\/noticias#listItem","position":1,"name":"Home","item":"https:\/\/www.eldigitaldeasturias.com\/noticias","nextItem":{"@type":"ListItem","@id":"https:\/\/www.eldigitaldeasturias.com\/noticias\/category\/actualidad\/#listItem","name":"Actualidad"}},{"@type":"ListItem","@id":"https:\/\/www.eldigitaldeasturias.com\/noticias\/category\/actualidad\/#listItem","position":2,"name":"Actualidad","item":"https:\/\/www.eldigitaldeasturias.com\/noticias\/category\/actualidad\/","nextItem":{"@type":"ListItem","@id":"https:\/\/www.eldigitaldeasturias.com\/noticias\/jose-antonio-nieto-se-culmina-una-reivindicacion-justa-e-historica\/#listItem","name":"Jos\u00e9 Antonio Nieto: \u00abSe culmina una reivindicaci\u00f3n justa e hist\u00f3rica\u00bb"},"previousItem":{"@type":"ListItem","@id":"https:\/\/www.eldigitaldeasturias.com\/noticias#listItem","name":"Home"}},{"@type":"ListItem","@id":"https:\/\/www.eldigitaldeasturias.com\/noticias\/jose-antonio-nieto-se-culmina-una-reivindicacion-justa-e-historica\/#listItem","position":3,"name":"Jos\u00e9 Antonio Nieto: \u00abSe culmina una reivindicaci\u00f3n justa e hist\u00f3rica\u00bb","previousItem":{"@type":"ListItem","@id":"https:\/\/www.eldigitaldeasturias.com\/noticias\/category\/actualidad\/#listItem","name":"Actualidad"}}]},{"@type":"Organization","@id":"https:\/\/www.eldigitaldeasturias.com\/noticias\/#organization","name":"El Digital de Asturias","description":"Hemeroteca","url":"https:\/\/www.eldigitaldeasturias.com\/noticias\/","email":"info@eldigitaldeasturias.com","telephone":"+34652131393","logo":{"@type":"ImageObject","url":"https:\/\/www.eldigitaldeasturias.com\/noticias\/wp-content\/uploads\/2020\/12\/EDA.jpg","@id":"https:\/\/www.eldigitaldeasturias.com\/noticias\/jose-antonio-nieto-se-culmina-una-reivindicacion-justa-e-historica\/#organizationLogo"},"image":{"@id":"https:\/\/www.eldigitaldeasturias.com\/noticias\/jose-antonio-nieto-se-culmina-una-reivindicacion-justa-e-historica\/#organizationLogo"},"sameAs":["https:\/\/facebook.com\/eldigitaldeasturias","https:\/\/www.youtube.com\/channel\/UCZP-2wLEB9Rv6erhFmqVnvg"],"address":{"@id":"https:\/\/www.eldigitaldeasturias.com\/noticias\/#postaladdress","@type":"PostalAddress","streetAddress":"san antonio 4","postalCode":"33430","addressLocality":"Cand\u00e1s","addressRegion":"Asturias","addressCountry":"ES"}},{"@type":"Person","@id":"https:\/\/www.eldigitaldeasturias.com\/noticias\/author\/admin\/#author","url":"https:\/\/www.eldigitaldeasturias.com\/noticias\/author\/admin\/","name":"El Digital de Asturias","image":{"@type":"ImageObject","@id":"https:\/\/www.eldigitaldeasturias.com\/noticias\/jose-antonio-nieto-se-culmina-una-reivindicacion-justa-e-historica\/#authorImage","url":"https:\/\/secure.gravatar.com\/avatar\/df2aeffc32bcd13f8d26072ef8a91b623d677766deac7f97ca815868cd41bf5e?s=96&d=mm&r=g","width":96,"height":96,"caption":"El Digital de Asturias"}},{"@type":"WebPage","@id":"https:\/\/www.eldigitaldeasturias.com\/noticias\/jose-antonio-nieto-se-culmina-una-reivindicacion-justa-e-historica\/#webpage","url":"https:\/\/www.eldigitaldeasturias.com\/noticias\/jose-antonio-nieto-se-culmina-una-reivindicacion-justa-e-historica\/","name":"Jos\u00e9 Antonio Nieto: \u00abSe culmina una reivindicaci\u00f3n justa e hist\u00f3rica\u00bb - El Digital de Asturias","description":"El secretario de Estado de Seguridad, Jos\u00e9 Antonio Nieto, ha presidido la jura o promesa de la XXIV promoci\u00f3n de inspectores jefes de la Polic\u00eda Nacional, 132 hombres y 18 mujeres que ascienden a la nueva categor\u00eda tras superar los procesos selectivos y el curso de formaci\u00f3n correspondiente, y que comenzar\u00e1n a prestar servicio de","inLanguage":"es-ES","isPartOf":{"@id":"https:\/\/www.eldigitaldeasturias.com\/noticias\/#website"},"breadcrumb":{"@id":"https:\/\/www.eldigitaldeasturias.com\/noticias\/jose-antonio-nieto-se-culmina-una-reivindicacion-justa-e-historica\/#breadcrumblist"},"author":{"@id":"https:\/\/www.eldigitaldeasturias.com\/noticias\/author\/admin\/#author"},"creator":{"@id":"https:\/\/www.eldigitaldeasturias.com\/noticias\/author\/admin\/#author"},"image":{"@type":"ImageObject","url":971983,"@id":"https:\/\/www.eldigitaldeasturias.com\/noticias\/jose-antonio-nieto-se-culmina-una-reivindicacion-justa-e-historica\/#mainImage"},"primaryImageOfPage":{"@id":"https:\/\/www.eldigitaldeasturias.com\/noticias\/jose-antonio-nieto-se-culmina-una-reivindicacion-justa-e-historica\/#mainImage"},"datePublished":"2018-03-14T21:58:28+01:00","dateModified":"2018-03-14T21:58:28+01:00"},{"@type":"WebSite","@id":"https:\/\/www.eldigitaldeasturias.com\/noticias\/#website","url":"https:\/\/www.eldigitaldeasturias.com\/noticias\/","name":"El Digital de Asturias - Diario de actualidad y noticias","alternateName":"El Digital de Asturias - Diario de actualidad y noticias","description":"Hemeroteca","inLanguage":"es-ES","publisher":{"@id":"https:\/\/www.eldigitaldeasturias.com\/noticias\/#organization"}}]},"og:locale":"es_ES","og:site_name":"El Digital de Asturias","og:type":"article","og:title":"Jos\u00e9 Antonio Nieto: \u00abSe culmina una reivindicaci\u00f3n justa e hist\u00f3rica\u00bb - El Digital de Asturias","og:description":"El secretario de Estado de Seguridad, Jos\u00e9 Antonio Nieto, ha presidido la jura o promesa de la XXIV promoci\u00f3n de inspectores jefes de la Polic\u00eda Nacional, 132 hombres y 18 mujeres que ascienden a la nueva categor\u00eda tras superar los procesos selectivos y el curso de formaci\u00f3n correspondiente, y que comenzar\u00e1n a prestar servicio de","og:url":"https:\/\/www.eldigitaldeasturias.com\/noticias\/jose-antonio-nieto-se-culmina-una-reivindicacion-justa-e-historica\/","article:tag":["actualidad"],"article:published_time":"2018-03-14T21:58:28+00:00","article:modified_time":"2018-03-14T21:58:28+00:00","article:publisher":"https:\/\/facebook.com\/eldigitaldeasturias","twitter:card":"summary_large_image","twitter:title":"Jos\u00e9 Antonio Nieto: \u00abSe culmina una reivindicaci\u00f3n justa e hist\u00f3rica\u00bb - El Digital de Asturias","twitter:description":"El secretario de Estado de Seguridad, Jos\u00e9 Antonio Nieto, ha presidido la jura o promesa de la XXIV promoci\u00f3n de inspectores jefes de la Polic\u00eda Nacional, 132 hombres y 18 mujeres que ascienden a la nueva categor\u00eda tras superar los procesos selectivos y el curso de formaci\u00f3n correspondiente, y que comenzar\u00e1n a prestar servicio de","twitter:image":"https:\/\/www.eldigitaldeasturias.com\/noticias\/wp-content\/uploads\/2020\/12\/EDA-1.jpg","twitter:label1":"Escrito por","twitter:data1":"El Digital de Asturias","twitter:label2":"Tiempo de lectura estimado","twitter:data2":"2 minutos"},"aioseo_meta_data":{"post_id":"971982","title":null,"description":null,"keywords":null,"keyphrases":null,"primary_term":null,"canonical_url":null,"og_title":null,"og_description":null,"og_object_type":"default","og_image_type":"default","og_image_url":null,"og_image_width":null,"og_image_height":null,"og_image_custom_url":null,"og_image_custom_fields":null,"og_video":null,"og_custom_url":null,"og_article_section":null,"og_article_tags":null,"twitter_use_og":false,"twitter_card":"default","twitter_image_type":"default","twitter_image_url":null,"twitter_image_custom_url":null,"twitter_image_custom_fields":null,"twitter_title":null,"twitter_description":null,"schema":{"blockGraphs":[],"customGraphs":[],"default":{"data":{"Article":[],"Course":[],"Dataset":[],"FAQPage":[],"Movie":[],"Person":[],"Product":[],"ProductReview":[],"Car":[],"Recipe":[],"Service":[],"SoftwareApplication":[],"WebPage":[]},"graphName":"","isEnabled":true},"graphs":[],"defaultGraph":"","defaultPostTypeGraph":""},"schema_type":null,"schema_type_options":null,"pillar_content":false,"robots_default":true,"robots_noindex":false,"robots_noarchive":false,"robots_nosnippet":false,"robots_nofollow":false,"robots_noimageindex":false,"robots_noodp":false,"robots_notranslate":false,"robots_max_snippet":null,"robots_max_videopreview":null,"robots_max_imagepreview":"large","priority":null,"frequency":null,"local_seo":null,"seo_analyzer_scan_date":"2025-10-07 11:03:02","breadcrumb_settings":null,"limit_modified_date":false,"open_ai":null,"ai":null,"created":"2020-12-21 12:20:36","updated":"2025-10-07 11:03:02","focus_keyword":null,"additional_keywords":null,"truseo_locale":null},"aioseo_breadcrumb":"<div class=\"aioseo-breadcrumbs\"><span class=\"aioseo-breadcrumb\">\n\t<a href=\"https:\/\/www.eldigitaldeasturias.com\/noticias\" title=\"Home\">Home<\/a>\n<\/span><span class=\"aioseo-breadcrumb-separator\">\u2013<\/span><span class=\"aioseo-breadcrumb\">\n\t<a href=\"https:\/\/www.eldigitaldeasturias.com\/noticias\/category\/actualidad\/\" title=\"Actualidad\">Actualidad<\/a>\n<\/span><span class=\"aioseo-breadcrumb-separator\">\u2013<\/span><span class=\"aioseo-breadcrumb\">\n\t<a href=\"https:\/\/www.eldigitaldeasturias.com\/noticias\/jose-antonio-nieto-se-culmina-una-reivindicacion-justa-e-historica\/\" title=\"Jos\u00e9 Antonio Nieto: \u00abSe culmina una reivindicaci\u00f3n justa e hist\u00f3rica\u00bb\">Jos\u00e9 Antonio Nieto: \u00abSe culmina una reivindicaci\u00f3n justa e hist\u00f3rica\u00bb<\/a>\n<\/span><\/div>","aioseo_breadcrumb_json":[{"label":"Home","link":"https:\/\/www.eldigitaldeasturias.com\/noticias"},{"label":"Actualidad","link":"https:\/\/www.eldigitaldeasturias.com\/noticias\/category\/actualidad\/"},{"label":"Jos\u00e9 Antonio Nieto: \u00abSe culmina una reivindicaci\u00f3n justa e hist\u00f3rica\u00bb","link":"https:\/\/www.eldigitaldeasturias.com\/noticias\/jose-antonio-nieto-se-culmina-una-reivindicacion-justa-e-historica\/"}],"_links":{"self":[{"href":"https:\/\/www.eldigitaldeasturias.com\/noticias\/wp-json\/wp\/v2\/posts\/971982","targetHints":{"allow":["GET"]}}],"collection":[{"href":"https:\/\/www.eldigitaldeasturias.com\/noticias\/wp-json\/wp\/v2\/posts"}],"about":[{"href":"https:\/\/www.eldigitaldeasturias.com\/noticias\/wp-json\/wp\/v2\/types\/post"}],"author":[{"embeddable":true,"href":"https:\/\/www.eldigitaldeasturias.com\/noticias\/wp-json\/wp\/v2\/users\/1"}],"replies":[{"embeddable":true,"href":"https:\/\/www.eldigitaldeasturias.com\/noticias\/wp-json\/wp\/v2\/comments?post=971982"}],"version-history":[{"count":0,"href":"https:\/\/www.eldigitaldeasturias.com\/noticias\/wp-json\/wp\/v2\/posts\/971982\/revisions"}],"wp:attachment":[{"href":"https:\/\/www.eldigitaldeasturias.com\/noticias\/wp-json\/wp\/v2\/media?parent=971982"}],"wp:term":[{"taxonomy":"category","embeddable":true,"href":"https:\/\/www.eldigitaldeasturias.com\/noticias\/wp-json\/wp\/v2\/categories?post=971982"},{"taxonomy":"post_tag","embeddable":true,"href":"https:\/\/www.eldigitaldeasturias.com\/noticias\/wp-json\/wp\/v2\/tags?post=971982"}],"curies":[{"name":"wp","href":"https:\/\/api.w.org\/{rel}","templated":true}]}}