{"id":971865,"date":"2018-03-14T00:26:51","date_gmt":"2018-03-14T00:26:51","guid":{"rendered":"http:\/\/www.eldigitaldeasturias.com\/noticias\/?p=971865"},"modified":"2018-03-14T00:26:51","modified_gmt":"2018-03-14T00:26:51","slug":"dolors-montserrat-destaca-el-liderazgo-de-espana-en-la-lucha-contra-la-violencia-de-genero","status":"publish","type":"post","link":"https:\/\/www.eldigitaldeasturias.com\/noticias\/dolors-montserrat-destaca-el-liderazgo-de-espana-en-la-lucha-contra-la-violencia-de-genero\/","title":{"rendered":"Dolors Montserrat destaca el liderazgo de Espa\u00f1a en la lucha contra la Violencia de G\u00e9nero"},"content":{"rendered":"<p><img loading=\"lazy\" decoding=\"async\" class=\"alignleft size-medium wp-image-971866\" src=\"https:\/\/www.eldigitaldeasturias.com\/noticias\/wp-content\/uploads\/2018\/03\/130318-dolors-360x239.jpg\" alt=\"\" width=\"360\" height=\"239\" \/>La ministra de Sanidad, Servicios Sociales e Igualdad, Dolors Montserrat, ha puesto a disposici\u00f3n de todos los Estados Miembros de Naciones Unidas el conocimiento y la experiencia de Espa\u00f1a para avanzar juntos hacia una sociedad \u00abm\u00e1s justa, m\u00e1s igualitaria y libre de violencia de g\u00e9nero\u00bb.<\/p>\n<p>Lo ha hecho en la sexag\u00e9sima segunda sesi\u00f3n de la Comisi\u00f3n jur\u00eddica y social de la mujer que tiene lugar en la sede de las Naciones Unidas en Nueva York.<\/p>\n<p><strong>Unir fuerzas para acabar con la violencia contra la mujer<\/strong><\/p>\n<p>La ministra ha invitado hoy a todos los Estados Miembros a unir fuerzas para acabar con todos los tipos de violencia que acechan a las mujeres. Ha apelado a la unidad y a la necesidad de construir \u00abun escudo global\u00bb contra esta lacra que sufren las mujeres. En este punto ha querido poner en valor el gran trabajo que se hace desde Espa\u00f1a, recordando que \u00abla sociedad espa\u00f1ola es pionera en la lucha por la igualdad de oportunidades de mujeres y hombres, as\u00ed como contra la violencia de g\u00e9nero\u00bb.<\/p>\n<p>Ha resaltado que en nuestro pa\u00eds se ha reforzado el r\u00e9gimen jur\u00eddico y nos hemos dotado de una estructura administrativa y judicial para proteger a las v\u00edctimas de violencia machista. La ministra ha destacado tambi\u00e9n los derechos que se han reconocido en favor de las v\u00edctimas como es el de asistencia social integral, el de asistencia jur\u00eddica gratuita o de acceso preferente a viviendas protegidas, entre otros.<\/p>\n<p>Durante su intervenci\u00f3n, Dolors Montserrat ha destacado que Espa\u00f1a fue pionera en aprobar una de las primeras leyes integrales del mundo para luchar contra la Violencia de G\u00e9nero, como tambi\u00e9n fue de los primeros pa\u00edses en aprobar una Estrategia Nacional para mejorar la respuesta institucional, la protecci\u00f3n a las v\u00edctimas y la sensibilizaci\u00f3n de toda la sociedad. Este \u00faltimo a\u00f1o, Espa\u00f1a ha logrado un gran hito, al conseguir aprobar por unanimidad de todas las fuerzas pol\u00edticas, un Pacto de Estado para luchar contra la Violencia de G\u00e9nero. Un Pacto de Estado que servir\u00e1 para implicar a toda la sociedad espa\u00f1ola en la lucha contra la peor desigualdad que sufren las mujeres. \u00abCuando hay maltrato en una pareja no son s\u00f3lo cosas de pareja, es un problema de toda la sociedad\u00bb.<\/p>\n<p><strong>Desaf\u00edos para lograr la igualdad de las mujeres rurales<\/strong><\/p>\n<p>En cuanto a su participaci\u00f3n del lunes en el Plenario \u00abDesaf\u00edos y oportunidades para lograr la igualdad de g\u00e9nero y el empoderamiento de las mujeres y las ni\u00f1as rurales\u00bb, la ministra ha asegurado que \u00abes una satisfacci\u00f3n para el Gobierno de Espa\u00f1a que sean las protagonistas, ya que tenemos muchos desaf\u00edos por delante a los que solo podemos hacer frente a trav\u00e9s de la igualdad real y efectiva de mujeres y hombres rurales\u00bb.<\/p>\n<p>En este sentido, Dolors Montserrat ha recordado que en nuestro pa\u00eds ya se trabaja para alcanzar la igualdad real y efectiva, en el sentido, por ejemplo, de reconocer los derechos de propiedad de las mujeres sobre las tierras que trabajan (Ley sobre Titularidad compartida), de fomentar la conciliaci\u00f3n y la corresponsabilidad en el cuidado o de facilitar la promoci\u00f3n de las mujeres rurales en los \u00f3rganos de decisi\u00f3n en el \u00e1mbito rural e incrementar la visibilidad de su talento emprendedor en actividades relacionadas con la agricultura, la pesca y la ganader\u00eda. Estas l\u00edneas de actuaci\u00f3n est\u00e1n contempladas tambi\u00e9n en el marco del Plan de Promoci\u00f3n Rural aprobado hace 3 a\u00f1os.<\/p>\n","protected":false},"excerpt":{"rendered":"<p>La ministra de Sanidad, Servicios Sociales e Igualdad, Dolors Montserrat, ha puesto a disposici\u00f3n de todos los Estados Miembros de Naciones Unidas el conocimiento y la experiencia de Espa\u00f1a para avanzar juntos hacia una sociedad \u00abm\u00e1s justa, m\u00e1s igualitaria y libre de violencia de g\u00e9nero\u00bb. Lo ha hecho en la sexag\u00e9sima segunda sesi\u00f3n de la [&hellip;]<\/p>\n","protected":false},"author":1,"featured_media":971866,"comment_status":"closed","ping_status":"closed","sticky":false,"template":"","format":"standard","meta":{"footnotes":""},"categories":[1],"tags":[],"class_list":["post-971865","post","type-post","status-publish","format-standard","has-post-thumbnail","hentry","category-actualidad"],"aioseo_notices":[],"aioseo_head":"\n\t\t<!-- All in One SEO Pro 5.0.1 - aioseo.com -->\n\t<meta name=\"description\" content=\"La ministra de Sanidad, Servicios Sociales e Igualdad, Dolors Montserrat, ha puesto a disposici\u00f3n de todos los Estados Miembros de Naciones Unidas el conocimiento y la experiencia de Espa\u00f1a para avanzar juntos hacia una sociedad &quot;m\u00e1s justa, m\u00e1s igualitaria y libre de violencia de g\u00e9nero&quot;. Lo ha hecho en la sexag\u00e9sima segunda sesi\u00f3n de la\" \/>\n\t<meta name=\"robots\" content=\"max-image-preview:large\" \/>\n\t<meta name=\"author\" content=\"El Digital de Asturias\"\/>\n\t<meta name=\"google-site-verification\" content=\"UA-38556648-1\" \/>\n\t<meta name=\"msvalidate.01\" content=\"7dfe9f3f1b24437ab69f4f2559babe99\" \/>\n\t<meta name=\"keywords\" content=\"actualidad\" \/>\n\t<link rel=\"canonical\" href=\"https:\/\/www.eldigitaldeasturias.com\/noticias\/dolors-montserrat-destaca-el-liderazgo-de-espana-en-la-lucha-contra-la-violencia-de-genero\/\" \/>\n\t<meta name=\"generator\" content=\"All in One SEO Pro (AIOSEO) 5.0.1\" \/>\n\t\t<meta property=\"og:locale\" content=\"es_ES\" \/>\n\t\t<meta property=\"og:site_name\" content=\"El Digital de Asturias\" \/>\n\t\t<meta property=\"og:type\" content=\"article\" \/>\n\t\t<meta property=\"og:title\" content=\"Dolors Montserrat destaca el liderazgo de Espa\u00f1a en la lucha contra la Violencia de G\u00e9nero - El Digital de Asturias\" \/>\n\t\t<meta property=\"og:description\" content=\"La ministra de Sanidad, Servicios Sociales e Igualdad, Dolors Montserrat, ha puesto a disposici\u00f3n de todos los Estados Miembros de Naciones Unidas el conocimiento y la experiencia de Espa\u00f1a para avanzar juntos hacia una sociedad &quot;m\u00e1s justa, m\u00e1s igualitaria y libre de violencia de g\u00e9nero&quot;. Lo ha hecho en la sexag\u00e9sima segunda sesi\u00f3n de la\" \/>\n\t\t<meta property=\"og:url\" content=\"https:\/\/www.eldigitaldeasturias.com\/noticias\/dolors-montserrat-destaca-el-liderazgo-de-espana-en-la-lucha-contra-la-violencia-de-genero\/\" \/>\n\t\t<meta property=\"article:tag\" content=\"actualidad\" \/>\n\t\t<meta property=\"article:published_time\" content=\"2018-03-14T00:26:51+00:00\" \/>\n\t\t<meta property=\"article:modified_time\" content=\"2018-03-14T00:26:51+00:00\" \/>\n\t\t<meta property=\"article:publisher\" content=\"https:\/\/facebook.com\/eldigitaldeasturias\" \/>\n\t\t<meta name=\"twitter:card\" content=\"summary_large_image\" \/>\n\t\t<meta name=\"twitter:title\" content=\"Dolors Montserrat destaca el liderazgo de Espa\u00f1a en la lucha contra la Violencia de G\u00e9nero - El Digital de Asturias\" \/>\n\t\t<meta name=\"twitter:description\" content=\"La ministra de Sanidad, Servicios Sociales e Igualdad, Dolors Montserrat, ha puesto a disposici\u00f3n de todos los Estados Miembros de Naciones Unidas el conocimiento y la experiencia de Espa\u00f1a para avanzar juntos hacia una sociedad &quot;m\u00e1s justa, m\u00e1s igualitaria y libre de violencia de g\u00e9nero&quot;. Lo ha hecho en la sexag\u00e9sima segunda sesi\u00f3n de la\" \/>\n\t\t<meta name=\"twitter:image\" content=\"https:\/\/www.eldigitaldeasturias.com\/noticias\/wp-content\/uploads\/2020\/12\/EDA-1.jpg\" \/>\n\t\t<meta name=\"twitter:label1\" content=\"Escrito por\" \/>\n\t\t<meta name=\"twitter:data1\" content=\"El Digital de Asturias\" \/>\n\t\t<meta name=\"twitter:label2\" content=\"Tiempo de lectura estimado\" \/>\n\t\t<meta name=\"twitter:data2\" content=\"3 minutos\" \/>\n\t\t<script type=\"application\/ld+json\" class=\"aioseo-schema\">\n\t\t\t{\"@context\":\"https:\\\/\\\/schema.org\",\"@graph\":[{\"@type\":\"BlogPosting\",\"@id\":\"https:\\\/\\\/www.eldigitaldeasturias.com\\\/noticias\\\/dolors-montserrat-destaca-el-liderazgo-de-espana-en-la-lucha-contra-la-violencia-de-genero\\\/#blogposting\",\"name\":\"Dolors Montserrat destaca el liderazgo de Espa\\u00f1a en la lucha contra la Violencia de G\\u00e9nero - El Digital de Asturias\",\"headline\":\"Dolors Montserrat destaca el liderazgo de Espa\\u00f1a en la lucha contra la Violencia de G\\u00e9nero\",\"author\":{\"@id\":\"https:\\\/\\\/www.eldigitaldeasturias.com\\\/noticias\\\/author\\\/admin\\\/#author\"},\"publisher\":{\"@id\":\"https:\\\/\\\/www.eldigitaldeasturias.com\\\/noticias\\\/#organization\"},\"image\":{\"@type\":\"ImageObject\",\"url\":971866},\"datePublished\":\"2018-03-14T00:26:51+01:00\",\"dateModified\":\"2018-03-14T00:26:51+01:00\",\"inLanguage\":\"es-ES\",\"mainEntityOfPage\":{\"@id\":\"https:\\\/\\\/www.eldigitaldeasturias.com\\\/noticias\\\/dolors-montserrat-destaca-el-liderazgo-de-espana-en-la-lucha-contra-la-violencia-de-genero\\\/#webpage\"},\"isPartOf\":{\"@id\":\"https:\\\/\\\/www.eldigitaldeasturias.com\\\/noticias\\\/dolors-montserrat-destaca-el-liderazgo-de-espana-en-la-lucha-contra-la-violencia-de-genero\\\/#webpage\"},\"articleSection\":\"Actualidad\"},{\"@type\":\"BreadcrumbList\",\"@id\":\"https:\\\/\\\/www.eldigitaldeasturias.com\\\/noticias\\\/dolors-montserrat-destaca-el-liderazgo-de-espana-en-la-lucha-contra-la-violencia-de-genero\\\/#breadcrumblist\",\"itemListElement\":[{\"@type\":\"ListItem\",\"@id\":\"https:\\\/\\\/www.eldigitaldeasturias.com\\\/noticias#listItem\",\"position\":1,\"name\":\"Home\",\"item\":\"https:\\\/\\\/www.eldigitaldeasturias.com\\\/noticias\",\"nextItem\":{\"@type\":\"ListItem\",\"@id\":\"https:\\\/\\\/www.eldigitaldeasturias.com\\\/noticias\\\/category\\\/actualidad\\\/#listItem\",\"name\":\"Actualidad\"}},{\"@type\":\"ListItem\",\"@id\":\"https:\\\/\\\/www.eldigitaldeasturias.com\\\/noticias\\\/category\\\/actualidad\\\/#listItem\",\"position\":2,\"name\":\"Actualidad\",\"item\":\"https:\\\/\\\/www.eldigitaldeasturias.com\\\/noticias\\\/category\\\/actualidad\\\/\",\"nextItem\":{\"@type\":\"ListItem\",\"@id\":\"https:\\\/\\\/www.eldigitaldeasturias.com\\\/noticias\\\/dolors-montserrat-destaca-el-liderazgo-de-espana-en-la-lucha-contra-la-violencia-de-genero\\\/#listItem\",\"name\":\"Dolors Montserrat destaca el liderazgo de Espa\\u00f1a en la lucha contra la Violencia de G\\u00e9nero\"},\"previousItem\":{\"@type\":\"ListItem\",\"@id\":\"https:\\\/\\\/www.eldigitaldeasturias.com\\\/noticias#listItem\",\"name\":\"Home\"}},{\"@type\":\"ListItem\",\"@id\":\"https:\\\/\\\/www.eldigitaldeasturias.com\\\/noticias\\\/dolors-montserrat-destaca-el-liderazgo-de-espana-en-la-lucha-contra-la-violencia-de-genero\\\/#listItem\",\"position\":3,\"name\":\"Dolors Montserrat destaca el liderazgo de Espa\\u00f1a en la lucha contra la Violencia de G\\u00e9nero\",\"previousItem\":{\"@type\":\"ListItem\",\"@id\":\"https:\\\/\\\/www.eldigitaldeasturias.com\\\/noticias\\\/category\\\/actualidad\\\/#listItem\",\"name\":\"Actualidad\"}}]},{\"@type\":\"Organization\",\"@id\":\"https:\\\/\\\/www.eldigitaldeasturias.com\\\/noticias\\\/#organization\",\"name\":\"El Digital de Asturias\",\"description\":\"Hemeroteca\",\"url\":\"https:\\\/\\\/www.eldigitaldeasturias.com\\\/noticias\\\/\",\"email\":\"info@eldigitaldeasturias.com\",\"telephone\":\"+34652131393\",\"logo\":{\"@type\":\"ImageObject\",\"url\":\"https:\\\/\\\/www.eldigitaldeasturias.com\\\/noticias\\\/wp-content\\\/uploads\\\/2020\\\/12\\\/EDA.jpg\",\"@id\":\"https:\\\/\\\/www.eldigitaldeasturias.com\\\/noticias\\\/dolors-montserrat-destaca-el-liderazgo-de-espana-en-la-lucha-contra-la-violencia-de-genero\\\/#organizationLogo\"},\"image\":{\"@id\":\"https:\\\/\\\/www.eldigitaldeasturias.com\\\/noticias\\\/dolors-montserrat-destaca-el-liderazgo-de-espana-en-la-lucha-contra-la-violencia-de-genero\\\/#organizationLogo\"},\"sameAs\":[\"https:\\\/\\\/facebook.com\\\/eldigitaldeasturias\",\"https:\\\/\\\/www.youtube.com\\\/channel\\\/UCZP-2wLEB9Rv6erhFmqVnvg\"],\"address\":{\"@id\":\"https:\\\/\\\/www.eldigitaldeasturias.com\\\/noticias\\\/#postaladdress\",\"@type\":\"PostalAddress\",\"streetAddress\":\"san antonio 4\",\"postalCode\":\"33430\",\"addressLocality\":\"Cand\\u00e1s\",\"addressRegion\":\"Asturias\",\"addressCountry\":\"ES\"}},{\"@type\":\"Person\",\"@id\":\"https:\\\/\\\/www.eldigitaldeasturias.com\\\/noticias\\\/author\\\/admin\\\/#author\",\"url\":\"https:\\\/\\\/www.eldigitaldeasturias.com\\\/noticias\\\/author\\\/admin\\\/\",\"name\":\"El Digital de Asturias\",\"image\":{\"@type\":\"ImageObject\",\"@id\":\"https:\\\/\\\/www.eldigitaldeasturias.com\\\/noticias\\\/dolors-montserrat-destaca-el-liderazgo-de-espana-en-la-lucha-contra-la-violencia-de-genero\\\/#authorImage\",\"url\":\"https:\\\/\\\/secure.gravatar.com\\\/avatar\\\/df2aeffc32bcd13f8d26072ef8a91b623d677766deac7f97ca815868cd41bf5e?s=96&d=mm&r=g\",\"width\":96,\"height\":96,\"caption\":\"El Digital de Asturias\"}},{\"@type\":\"WebPage\",\"@id\":\"https:\\\/\\\/www.eldigitaldeasturias.com\\\/noticias\\\/dolors-montserrat-destaca-el-liderazgo-de-espana-en-la-lucha-contra-la-violencia-de-genero\\\/#webpage\",\"url\":\"https:\\\/\\\/www.eldigitaldeasturias.com\\\/noticias\\\/dolors-montserrat-destaca-el-liderazgo-de-espana-en-la-lucha-contra-la-violencia-de-genero\\\/\",\"name\":\"Dolors Montserrat destaca el liderazgo de Espa\\u00f1a en la lucha contra la Violencia de G\\u00e9nero - El Digital de Asturias\",\"description\":\"La ministra de Sanidad, Servicios Sociales e Igualdad, Dolors Montserrat, ha puesto a disposici\\u00f3n de todos los Estados Miembros de Naciones Unidas el conocimiento y la experiencia de Espa\\u00f1a para avanzar juntos hacia una sociedad \\\"m\\u00e1s justa, m\\u00e1s igualitaria y libre de violencia de g\\u00e9nero\\\". Lo ha hecho en la sexag\\u00e9sima segunda sesi\\u00f3n de la\",\"inLanguage\":\"es-ES\",\"isPartOf\":{\"@id\":\"https:\\\/\\\/www.eldigitaldeasturias.com\\\/noticias\\\/#website\"},\"breadcrumb\":{\"@id\":\"https:\\\/\\\/www.eldigitaldeasturias.com\\\/noticias\\\/dolors-montserrat-destaca-el-liderazgo-de-espana-en-la-lucha-contra-la-violencia-de-genero\\\/#breadcrumblist\"},\"author\":{\"@id\":\"https:\\\/\\\/www.eldigitaldeasturias.com\\\/noticias\\\/author\\\/admin\\\/#author\"},\"creator\":{\"@id\":\"https:\\\/\\\/www.eldigitaldeasturias.com\\\/noticias\\\/author\\\/admin\\\/#author\"},\"image\":{\"@type\":\"ImageObject\",\"url\":971866,\"@id\":\"https:\\\/\\\/www.eldigitaldeasturias.com\\\/noticias\\\/dolors-montserrat-destaca-el-liderazgo-de-espana-en-la-lucha-contra-la-violencia-de-genero\\\/#mainImage\"},\"primaryImageOfPage\":{\"@id\":\"https:\\\/\\\/www.eldigitaldeasturias.com\\\/noticias\\\/dolors-montserrat-destaca-el-liderazgo-de-espana-en-la-lucha-contra-la-violencia-de-genero\\\/#mainImage\"},\"datePublished\":\"2018-03-14T00:26:51+01:00\",\"dateModified\":\"2018-03-14T00:26:51+01:00\"},{\"@type\":\"WebSite\",\"@id\":\"https:\\\/\\\/www.eldigitaldeasturias.com\\\/noticias\\\/#website\",\"url\":\"https:\\\/\\\/www.eldigitaldeasturias.com\\\/noticias\\\/\",\"name\":\"El Digital de Asturias - Diario de actualidad y noticias\",\"alternateName\":\"El Digital de Asturias - Diario de actualidad y noticias\",\"description\":\"Hemeroteca\",\"inLanguage\":\"es-ES\",\"publisher\":{\"@id\":\"https:\\\/\\\/www.eldigitaldeasturias.com\\\/noticias\\\/#organization\"}}]}\n\t\t<\/script>\n\t\t<!-- All in One SEO Pro -->\r\n\t\t<title>Dolors Montserrat destaca el liderazgo de Espa\u00f1a en la lucha contra la Violencia de G\u00e9nero - El Digital de Asturias<\/title>\n\n","aioseo_head_json":{"title":"Dolors Montserrat destaca el liderazgo de Espa\u00f1a en la lucha contra la Violencia de G\u00e9nero - El Digital de Asturias","description":"La ministra de Sanidad, Servicios Sociales e Igualdad, Dolors Montserrat, ha puesto a disposici\u00f3n de todos los Estados Miembros de Naciones Unidas el conocimiento y la experiencia de Espa\u00f1a para avanzar juntos hacia una sociedad \"m\u00e1s justa, m\u00e1s igualitaria y libre de violencia de g\u00e9nero\". Lo ha hecho en la sexag\u00e9sima segunda sesi\u00f3n de la","canonical_url":"https:\/\/www.eldigitaldeasturias.com\/noticias\/dolors-montserrat-destaca-el-liderazgo-de-espana-en-la-lucha-contra-la-violencia-de-genero\/","robots":"max-image-preview:large","keywords":"actualidad","webmasterTools":{"google-site-verification":"UA-38556648-1","msvalidate.01":"7dfe9f3f1b24437ab69f4f2559babe99","miscellaneous":""},"schema":{"@context":"https:\/\/schema.org","@graph":[{"@type":"BlogPosting","@id":"https:\/\/www.eldigitaldeasturias.com\/noticias\/dolors-montserrat-destaca-el-liderazgo-de-espana-en-la-lucha-contra-la-violencia-de-genero\/#blogposting","name":"Dolors Montserrat destaca el liderazgo de Espa\u00f1a en la lucha contra la Violencia de G\u00e9nero - El Digital de Asturias","headline":"Dolors Montserrat destaca el liderazgo de Espa\u00f1a en la lucha contra la Violencia de G\u00e9nero","author":{"@id":"https:\/\/www.eldigitaldeasturias.com\/noticias\/author\/admin\/#author"},"publisher":{"@id":"https:\/\/www.eldigitaldeasturias.com\/noticias\/#organization"},"image":{"@type":"ImageObject","url":971866},"datePublished":"2018-03-14T00:26:51+01:00","dateModified":"2018-03-14T00:26:51+01:00","inLanguage":"es-ES","mainEntityOfPage":{"@id":"https:\/\/www.eldigitaldeasturias.com\/noticias\/dolors-montserrat-destaca-el-liderazgo-de-espana-en-la-lucha-contra-la-violencia-de-genero\/#webpage"},"isPartOf":{"@id":"https:\/\/www.eldigitaldeasturias.com\/noticias\/dolors-montserrat-destaca-el-liderazgo-de-espana-en-la-lucha-contra-la-violencia-de-genero\/#webpage"},"articleSection":"Actualidad"},{"@type":"BreadcrumbList","@id":"https:\/\/www.eldigitaldeasturias.com\/noticias\/dolors-montserrat-destaca-el-liderazgo-de-espana-en-la-lucha-contra-la-violencia-de-genero\/#breadcrumblist","itemListElement":[{"@type":"ListItem","@id":"https:\/\/www.eldigitaldeasturias.com\/noticias#listItem","position":1,"name":"Home","item":"https:\/\/www.eldigitaldeasturias.com\/noticias","nextItem":{"@type":"ListItem","@id":"https:\/\/www.eldigitaldeasturias.com\/noticias\/category\/actualidad\/#listItem","name":"Actualidad"}},{"@type":"ListItem","@id":"https:\/\/www.eldigitaldeasturias.com\/noticias\/category\/actualidad\/#listItem","position":2,"name":"Actualidad","item":"https:\/\/www.eldigitaldeasturias.com\/noticias\/category\/actualidad\/","nextItem":{"@type":"ListItem","@id":"https:\/\/www.eldigitaldeasturias.com\/noticias\/dolors-montserrat-destaca-el-liderazgo-de-espana-en-la-lucha-contra-la-violencia-de-genero\/#listItem","name":"Dolors Montserrat destaca el liderazgo de Espa\u00f1a en la lucha contra la Violencia de G\u00e9nero"},"previousItem":{"@type":"ListItem","@id":"https:\/\/www.eldigitaldeasturias.com\/noticias#listItem","name":"Home"}},{"@type":"ListItem","@id":"https:\/\/www.eldigitaldeasturias.com\/noticias\/dolors-montserrat-destaca-el-liderazgo-de-espana-en-la-lucha-contra-la-violencia-de-genero\/#listItem","position":3,"name":"Dolors Montserrat destaca el liderazgo de Espa\u00f1a en la lucha contra la Violencia de G\u00e9nero","previousItem":{"@type":"ListItem","@id":"https:\/\/www.eldigitaldeasturias.com\/noticias\/category\/actualidad\/#listItem","name":"Actualidad"}}]},{"@type":"Organization","@id":"https:\/\/www.eldigitaldeasturias.com\/noticias\/#organization","name":"El Digital de Asturias","description":"Hemeroteca","url":"https:\/\/www.eldigitaldeasturias.com\/noticias\/","email":"info@eldigitaldeasturias.com","telephone":"+34652131393","logo":{"@type":"ImageObject","url":"https:\/\/www.eldigitaldeasturias.com\/noticias\/wp-content\/uploads\/2020\/12\/EDA.jpg","@id":"https:\/\/www.eldigitaldeasturias.com\/noticias\/dolors-montserrat-destaca-el-liderazgo-de-espana-en-la-lucha-contra-la-violencia-de-genero\/#organizationLogo"},"image":{"@id":"https:\/\/www.eldigitaldeasturias.com\/noticias\/dolors-montserrat-destaca-el-liderazgo-de-espana-en-la-lucha-contra-la-violencia-de-genero\/#organizationLogo"},"sameAs":["https:\/\/facebook.com\/eldigitaldeasturias","https:\/\/www.youtube.com\/channel\/UCZP-2wLEB9Rv6erhFmqVnvg"],"address":{"@id":"https:\/\/www.eldigitaldeasturias.com\/noticias\/#postaladdress","@type":"PostalAddress","streetAddress":"san antonio 4","postalCode":"33430","addressLocality":"Cand\u00e1s","addressRegion":"Asturias","addressCountry":"ES"}},{"@type":"Person","@id":"https:\/\/www.eldigitaldeasturias.com\/noticias\/author\/admin\/#author","url":"https:\/\/www.eldigitaldeasturias.com\/noticias\/author\/admin\/","name":"El Digital de Asturias","image":{"@type":"ImageObject","@id":"https:\/\/www.eldigitaldeasturias.com\/noticias\/dolors-montserrat-destaca-el-liderazgo-de-espana-en-la-lucha-contra-la-violencia-de-genero\/#authorImage","url":"https:\/\/secure.gravatar.com\/avatar\/df2aeffc32bcd13f8d26072ef8a91b623d677766deac7f97ca815868cd41bf5e?s=96&d=mm&r=g","width":96,"height":96,"caption":"El Digital de Asturias"}},{"@type":"WebPage","@id":"https:\/\/www.eldigitaldeasturias.com\/noticias\/dolors-montserrat-destaca-el-liderazgo-de-espana-en-la-lucha-contra-la-violencia-de-genero\/#webpage","url":"https:\/\/www.eldigitaldeasturias.com\/noticias\/dolors-montserrat-destaca-el-liderazgo-de-espana-en-la-lucha-contra-la-violencia-de-genero\/","name":"Dolors Montserrat destaca el liderazgo de Espa\u00f1a en la lucha contra la Violencia de G\u00e9nero - El Digital de Asturias","description":"La ministra de Sanidad, Servicios Sociales e Igualdad, Dolors Montserrat, ha puesto a disposici\u00f3n de todos los Estados Miembros de Naciones Unidas el conocimiento y la experiencia de Espa\u00f1a para avanzar juntos hacia una sociedad \"m\u00e1s justa, m\u00e1s igualitaria y libre de violencia de g\u00e9nero\". Lo ha hecho en la sexag\u00e9sima segunda sesi\u00f3n de la","inLanguage":"es-ES","isPartOf":{"@id":"https:\/\/www.eldigitaldeasturias.com\/noticias\/#website"},"breadcrumb":{"@id":"https:\/\/www.eldigitaldeasturias.com\/noticias\/dolors-montserrat-destaca-el-liderazgo-de-espana-en-la-lucha-contra-la-violencia-de-genero\/#breadcrumblist"},"author":{"@id":"https:\/\/www.eldigitaldeasturias.com\/noticias\/author\/admin\/#author"},"creator":{"@id":"https:\/\/www.eldigitaldeasturias.com\/noticias\/author\/admin\/#author"},"image":{"@type":"ImageObject","url":971866,"@id":"https:\/\/www.eldigitaldeasturias.com\/noticias\/dolors-montserrat-destaca-el-liderazgo-de-espana-en-la-lucha-contra-la-violencia-de-genero\/#mainImage"},"primaryImageOfPage":{"@id":"https:\/\/www.eldigitaldeasturias.com\/noticias\/dolors-montserrat-destaca-el-liderazgo-de-espana-en-la-lucha-contra-la-violencia-de-genero\/#mainImage"},"datePublished":"2018-03-14T00:26:51+01:00","dateModified":"2018-03-14T00:26:51+01:00"},{"@type":"WebSite","@id":"https:\/\/www.eldigitaldeasturias.com\/noticias\/#website","url":"https:\/\/www.eldigitaldeasturias.com\/noticias\/","name":"El Digital de Asturias - Diario de actualidad y noticias","alternateName":"El Digital de Asturias - Diario de actualidad y noticias","description":"Hemeroteca","inLanguage":"es-ES","publisher":{"@id":"https:\/\/www.eldigitaldeasturias.com\/noticias\/#organization"}}]},"og:locale":"es_ES","og:site_name":"El Digital de Asturias","og:type":"article","og:title":"Dolors Montserrat destaca el liderazgo de Espa\u00f1a en la lucha contra la Violencia de G\u00e9nero - El Digital de Asturias","og:description":"La ministra de Sanidad, Servicios Sociales e Igualdad, Dolors Montserrat, ha puesto a disposici\u00f3n de todos los Estados Miembros de Naciones Unidas el conocimiento y la experiencia de Espa\u00f1a para avanzar juntos hacia una sociedad &quot;m\u00e1s justa, m\u00e1s igualitaria y libre de violencia de g\u00e9nero&quot;. Lo ha hecho en la sexag\u00e9sima segunda sesi\u00f3n de la","og:url":"https:\/\/www.eldigitaldeasturias.com\/noticias\/dolors-montserrat-destaca-el-liderazgo-de-espana-en-la-lucha-contra-la-violencia-de-genero\/","article:tag":["actualidad"],"article:published_time":"2018-03-14T00:26:51+00:00","article:modified_time":"2018-03-14T00:26:51+00:00","article:publisher":"https:\/\/facebook.com\/eldigitaldeasturias","twitter:card":"summary_large_image","twitter:title":"Dolors Montserrat destaca el liderazgo de Espa\u00f1a en la lucha contra la Violencia de G\u00e9nero - El Digital de Asturias","twitter:description":"La ministra de Sanidad, Servicios Sociales e Igualdad, Dolors Montserrat, ha puesto a disposici\u00f3n de todos los Estados Miembros de Naciones Unidas el conocimiento y la experiencia de Espa\u00f1a para avanzar juntos hacia una sociedad &quot;m\u00e1s justa, m\u00e1s igualitaria y libre de violencia de g\u00e9nero&quot;. Lo ha hecho en la sexag\u00e9sima segunda sesi\u00f3n de la","twitter:image":"https:\/\/www.eldigitaldeasturias.com\/noticias\/wp-content\/uploads\/2020\/12\/EDA-1.jpg","twitter:label1":"Escrito por","twitter:data1":"El Digital de Asturias","twitter:label2":"Tiempo de lectura estimado","twitter:data2":"3 minutos"},"aioseo_meta_data":{"post_id":"971865","title":null,"description":null,"keywords":null,"keyphrases":null,"primary_term":null,"canonical_url":null,"og_title":null,"og_description":null,"og_object_type":"default","og_image_type":"default","og_image_url":null,"og_image_width":null,"og_image_height":null,"og_image_custom_url":null,"og_image_custom_fields":null,"og_video":null,"og_custom_url":null,"og_article_section":null,"og_article_tags":null,"twitter_use_og":false,"twitter_card":"default","twitter_image_type":"default","twitter_image_url":null,"twitter_image_custom_url":null,"twitter_image_custom_fields":null,"twitter_title":null,"twitter_description":null,"schema":{"blockGraphs":[],"customGraphs":[],"default":{"data":{"Article":[],"Course":[],"Dataset":[],"FAQPage":[],"Movie":[],"Person":[],"Product":[],"ProductReview":[],"Car":[],"Recipe":[],"Service":[],"SoftwareApplication":[],"WebPage":[]},"graphName":"","isEnabled":true},"graphs":[],"defaultGraph":"","defaultPostTypeGraph":""},"schema_type":null,"schema_type_options":null,"pillar_content":false,"robots_default":true,"robots_noindex":false,"robots_noarchive":false,"robots_nosnippet":false,"robots_nofollow":false,"robots_noimageindex":false,"robots_noodp":false,"robots_notranslate":false,"robots_max_snippet":null,"robots_max_videopreview":null,"robots_max_imagepreview":"large","priority":null,"frequency":null,"local_seo":null,"seo_analyzer_scan_date":"2025-10-07 10:39:07","breadcrumb_settings":null,"limit_modified_date":false,"open_ai":null,"ai":null,"created":"2020-12-21 12:20:36","updated":"2025-10-07 10:39:07","focus_keyword":null,"additional_keywords":null,"truseo_locale":null},"aioseo_breadcrumb":"<div class=\"aioseo-breadcrumbs\"><span class=\"aioseo-breadcrumb\">\n\t<a href=\"https:\/\/www.eldigitaldeasturias.com\/noticias\" title=\"Home\">Home<\/a>\n<\/span><span class=\"aioseo-breadcrumb-separator\">\u2013<\/span><span class=\"aioseo-breadcrumb\">\n\t<a href=\"https:\/\/www.eldigitaldeasturias.com\/noticias\/category\/actualidad\/\" title=\"Actualidad\">Actualidad<\/a>\n<\/span><span class=\"aioseo-breadcrumb-separator\">\u2013<\/span><span class=\"aioseo-breadcrumb\">\n\t<a href=\"https:\/\/www.eldigitaldeasturias.com\/noticias\/dolors-montserrat-destaca-el-liderazgo-de-espana-en-la-lucha-contra-la-violencia-de-genero\/\" title=\"Dolors Montserrat destaca el liderazgo de Espa\u00f1a en la lucha contra la Violencia de G\u00e9nero\">Dolors Montserrat destaca el liderazgo de Espa\u00f1a en la lucha contra la Violencia de G\u00e9nero<\/a>\n<\/span><\/div>","aioseo_breadcrumb_json":[{"label":"Home","link":"https:\/\/www.eldigitaldeasturias.com\/noticias"},{"label":"Actualidad","link":"https:\/\/www.eldigitaldeasturias.com\/noticias\/category\/actualidad\/"},{"label":"Dolors Montserrat destaca el liderazgo de Espa\u00f1a en la lucha contra la Violencia de G\u00e9nero","link":"https:\/\/www.eldigitaldeasturias.com\/noticias\/dolors-montserrat-destaca-el-liderazgo-de-espana-en-la-lucha-contra-la-violencia-de-genero\/"}],"_links":{"self":[{"href":"https:\/\/www.eldigitaldeasturias.com\/noticias\/wp-json\/wp\/v2\/posts\/971865","targetHints":{"allow":["GET"]}}],"collection":[{"href":"https:\/\/www.eldigitaldeasturias.com\/noticias\/wp-json\/wp\/v2\/posts"}],"about":[{"href":"https:\/\/www.eldigitaldeasturias.com\/noticias\/wp-json\/wp\/v2\/types\/post"}],"author":[{"embeddable":true,"href":"https:\/\/www.eldigitaldeasturias.com\/noticias\/wp-json\/wp\/v2\/users\/1"}],"replies":[{"embeddable":true,"href":"https:\/\/www.eldigitaldeasturias.com\/noticias\/wp-json\/wp\/v2\/comments?post=971865"}],"version-history":[{"count":0,"href":"https:\/\/www.eldigitaldeasturias.com\/noticias\/wp-json\/wp\/v2\/posts\/971865\/revisions"}],"wp:attachment":[{"href":"https:\/\/www.eldigitaldeasturias.com\/noticias\/wp-json\/wp\/v2\/media?parent=971865"}],"wp:term":[{"taxonomy":"category","embeddable":true,"href":"https:\/\/www.eldigitaldeasturias.com\/noticias\/wp-json\/wp\/v2\/categories?post=971865"},{"taxonomy":"post_tag","embeddable":true,"href":"https:\/\/www.eldigitaldeasturias.com\/noticias\/wp-json\/wp\/v2\/tags?post=971865"}],"curies":[{"name":"wp","href":"https:\/\/api.w.org\/{rel}","templated":true}]}}