{"id":971856,"date":"2018-03-14T00:05:07","date_gmt":"2018-03-14T00:05:07","guid":{"rendered":"http:\/\/www.eldigitaldeasturias.com\/noticias\/?p=971856"},"modified":"2018-03-14T00:05:07","modified_gmt":"2018-03-14T00:05:07","slug":"la-libertad-de-expresion-en-espana-en-la-mira-de-amnistia-y-europa","status":"publish","type":"post","link":"https:\/\/www.eldigitaldeasturias.com\/noticias\/la-libertad-de-expresion-en-espana-en-la-mira-de-amnistia-y-europa\/","title":{"rendered":"La libertad de expresi\u00f3n en Espa\u00f1a, en la mira de Amnist\u00eda y Europa"},"content":{"rendered":"<p><img loading=\"lazy\" decoding=\"async\" class=\"alignleft size-medium wp-image-971857\" src=\"https:\/\/www.eldigitaldeasturias.com\/noticias\/wp-content\/uploads\/2018\/03\/censorship-610101_1280-360x240.jpg\" alt=\"\" width=\"360\" height=\"240\" \/>Madrid\/Estrasburgo, 13 mar (dpa) &#8211; La situaci\u00f3n de la libertad de expresi\u00f3n en Espa\u00f1a volvi\u00f3 a quedar hoy en el centro del debate por la publicaci\u00f3n de un informe cr\u00edtico de la organizaci\u00f3n Amnist\u00eda Internacional (AI) y una condena europea contra la Justicia del pa\u00eds.<\/p>\n<p>El Tribunal Europeo de Derechos Humanos (TEDH) en Estrasburgo dictamin\u00f3 que la Justicia espa\u00f1ola viol\u00f3 los derechos de dos ciudadanos al condenarlos por quemar en 2007 una gran foto de los entonces reyes Juan Carlos I y Sof\u00eda.<\/p>\n<p>La acci\u00f3n en una protesta contra la visita de los monarcas a Gerona, Catalu\u00f1a, cost\u00f3 a ambos hombres una condena a prisi\u00f3n reducida luego al pago de multas de 2.700 euros (3.300 d\u00f3lares). Espa\u00f1a tendr\u00e1 que devolverles ahora ese importe e indemnizarlos con 9.000 euros.<\/p>\n<p>La quema de la foto fue \u00abuna expresi\u00f3n simb\u00f3lica de rechazo y protesta\u00bb y no puede considerarse un delito de odio o de incitaci\u00f3n a la violencia, sostuvo hoy la corte europea, a la que hab\u00edan acudido los dos condenados para recurrir la decisi\u00f3n de la Justicia espa\u00f1ola.<\/p>\n<p>El fallo europeo lleg\u00f3 en un momento delicado por la actuaci\u00f3n de la Justicia espa\u00f1ola precisamente contra los responsables del plan para crear una rep\u00fablica independiente en Catalu\u00f1a, por lo que desencaden\u00f3 de inmediato una ola de reacciones pol\u00edticas.<\/p>\n<p>\u00abHoy sale ganando la libertad de expresi\u00f3n\u00bb, celebr\u00f3 Marta Rovira, secretaria general del partido independentista Esquerra Republicana de Catalunya (ERC). El Partido Dem\u00f3crata Europeo Catal\u00e1n\u200b\u200b (PDeCAT), del ex presidente regional Carles Puigdemont, aprovech\u00f3 el fallo para considerar que evidencia comportamientos \u00abautoritarios\u00bb de Espa\u00f1a.<\/p>\n<p>Por el contrario, el Partido Popular (PP) del presidente del Gobierno, Mariano Rajoy, rechaz\u00f3 la visi\u00f3n del TEDH. \u00abLa protesta es una cosa, pero la ofensa de forma deliberada a los sentimientos de la gente tiene que tener alg\u00fan tipo de penalizaci\u00f3n\u00bb, sostuvo el portavoz parlamentario Rafael Hernando.<\/p>\n<p>El debate por la situaci\u00f3n de la libertad de expresi\u00f3n en Espa\u00f1a, sin embargo, va m\u00e1s all\u00e1 de Catalu\u00f1a. Las condenas recientes a raperos y tuiteros o la censura de una obra que denunciaba la existencia de \u00abpresos pol\u00edticos\u00bb en la feria de arte contempor\u00e1neo ARCO vienen atrayendo cr\u00edticas dentro y fuera del pa\u00eds.<\/p>\n<p>Amnist\u00eda Internacional (AI) volvi\u00f3 a denunciar hoy la situaci\u00f3n en un duro informe que alerta de un \u00abataque constante contra la libertad de expresi\u00f3n en Espa\u00f1a\u00bb por el uso de la ley antiterrorista para \u00abaplastar la s\u00e1tira\u00bb y amedrentar la cr\u00edtica.<\/p>\n<p>El informe \u00abTuitea&#8230; si te atreves. C\u00f3mo las leyes antiterroristas restringen la libertad de expresi\u00f3n en Espa\u00f1a\u00bb fue presentado en un acto simb\u00f3lico frente a la Audiencia Nacional de Madrid con la participaci\u00f3n del rapero Nyto Rukeli y la tuitera Cassandra Vera, dos ejemplos recientes de condenas que generaron pol\u00e9mica.<\/p>\n<p>El texto advierte de que perseguir a artistas o tuiteros por motivos de seguridad nacional genera \u00abun profundo efecto paralizante al crear un entorno en el que la ciudadan\u00eda teme de forma creciente expresar opiniones alternativas o hacer chistes controvertidos\u00bb.<\/p>\n<p>AI, que ya denunci\u00f3 la situaci\u00f3n en otros informes recientes, apunta ahora en concreto contra el art\u00edculo 578 del C\u00f3digo Penal espa\u00f1ol, que prev\u00e9 multas, inhabilitaci\u00f3n o incluso prisi\u00f3n por los delitos de enaltecimiento del terrorismo o \u00abhumillaci\u00f3n de las v\u00edctimas de delitos terroristas o de sus familiares\u00bb.<\/p>\n<p>El n\u00famero de personas procesadas por ese art\u00edculo pas\u00f3 de tres en 2011 a 39 en 2017, seg\u00fan el organismo. \u00abEnviar a raperos a la c\u00e1rcel por la letra de sus canciones y prohibir la s\u00e1tira social demuestra hasta qu\u00e9 punto se han reducido en Espa\u00f1a los l\u00edmites de la expresi\u00f3n aceptable online\u00bb, declar\u00f3 Esteban Beltr\u00e1n, director de AI Espa\u00f1a.<\/p>\n<p>Entre las reacciones al informe de AI y el fallo del TEDH destac\u00f3 tambi\u00e9n la de Pablo Hasel, otro rapero condenado este mes a dos a\u00f1os de c\u00e1rcel por enaltecimiento del terrorismo e injurias a la Corona en sus canciones.<\/p>\n<p>\u00abEs positivo que hasta Amnist\u00eda Internacional o el Tribunal Europeo, que no se mojan en muchas cosas, se\u00f1alen al Estado espa\u00f1ol\u00bb, escribi\u00f3 hoy en su cuenta de Twitter. \u00abPero hay que tener claro que solo la lucha solidaria en las calles puede evitar nuestra entrada en prisi\u00f3n o liberarnos a nosotros y tantas m\u00e1s\u00bb.<\/p>\n<p><i class=\"lang-es\"><span class=\" readonly\" title=\"\">Por Pablo Sanguinetti (dpa)<\/span><\/i><\/p>\n","protected":false},"excerpt":{"rendered":"<p>Madrid\/Estrasburgo, 13 mar (dpa) &#8211; La situaci\u00f3n de la libertad de expresi\u00f3n en Espa\u00f1a volvi\u00f3 a quedar hoy en el centro del debate por la publicaci\u00f3n de un informe cr\u00edtico de la organizaci\u00f3n Amnist\u00eda Internacional (AI) y una condena europea contra la Justicia del pa\u00eds. El Tribunal Europeo de Derechos Humanos (TEDH) en Estrasburgo dictamin\u00f3 [&hellip;]<\/p>\n","protected":false},"author":1,"featured_media":971857,"comment_status":"closed","ping_status":"closed","sticky":false,"template":"","format":"standard","meta":{"footnotes":""},"categories":[1],"tags":[],"class_list":["post-971856","post","type-post","status-publish","format-standard","has-post-thumbnail","hentry","category-actualidad"],"aioseo_notices":[],"aioseo_head":"\n\t\t<!-- All in One SEO Pro 5.0.1 - aioseo.com -->\n\t<meta name=\"description\" content=\"Madrid\/Estrasburgo, 13 mar (dpa) - La situaci\u00f3n de la libertad de expresi\u00f3n en Espa\u00f1a volvi\u00f3 a quedar hoy en el centro del debate por la publicaci\u00f3n de un informe cr\u00edtico de la organizaci\u00f3n Amnist\u00eda Internacional (AI) y una condena europea contra la Justicia del pa\u00eds. El Tribunal Europeo de Derechos Humanos (TEDH) en Estrasburgo dictamin\u00f3\" \/>\n\t<meta name=\"robots\" content=\"max-image-preview:large\" \/>\n\t<meta name=\"author\" content=\"El Digital de Asturias\"\/>\n\t<meta name=\"google-site-verification\" content=\"UA-38556648-1\" \/>\n\t<meta name=\"msvalidate.01\" content=\"7dfe9f3f1b24437ab69f4f2559babe99\" \/>\n\t<meta name=\"keywords\" content=\"actualidad\" \/>\n\t<link rel=\"canonical\" href=\"https:\/\/www.eldigitaldeasturias.com\/noticias\/la-libertad-de-expresion-en-espana-en-la-mira-de-amnistia-y-europa\/\" \/>\n\t<meta name=\"generator\" content=\"All in One SEO Pro (AIOSEO) 5.0.1\" \/>\n\t\t<meta property=\"og:locale\" content=\"es_ES\" \/>\n\t\t<meta property=\"og:site_name\" content=\"El Digital de Asturias\" \/>\n\t\t<meta property=\"og:type\" content=\"article\" \/>\n\t\t<meta property=\"og:title\" content=\"La libertad de expresi\u00f3n en Espa\u00f1a, en la mira de Amnist\u00eda y Europa - El Digital de Asturias\" \/>\n\t\t<meta property=\"og:description\" content=\"Madrid\/Estrasburgo, 13 mar (dpa) - La situaci\u00f3n de la libertad de expresi\u00f3n en Espa\u00f1a volvi\u00f3 a quedar hoy en el centro del debate por la publicaci\u00f3n de un informe cr\u00edtico de la organizaci\u00f3n Amnist\u00eda Internacional (AI) y una condena europea contra la Justicia del pa\u00eds. El Tribunal Europeo de Derechos Humanos (TEDH) en Estrasburgo dictamin\u00f3\" \/>\n\t\t<meta property=\"og:url\" content=\"https:\/\/www.eldigitaldeasturias.com\/noticias\/la-libertad-de-expresion-en-espana-en-la-mira-de-amnistia-y-europa\/\" \/>\n\t\t<meta property=\"article:tag\" content=\"actualidad\" \/>\n\t\t<meta property=\"article:published_time\" content=\"2018-03-14T00:05:07+00:00\" \/>\n\t\t<meta property=\"article:modified_time\" content=\"2018-03-14T00:05:07+00:00\" \/>\n\t\t<meta property=\"article:publisher\" content=\"https:\/\/facebook.com\/eldigitaldeasturias\" \/>\n\t\t<meta name=\"twitter:card\" content=\"summary_large_image\" \/>\n\t\t<meta name=\"twitter:title\" content=\"La libertad de expresi\u00f3n en Espa\u00f1a, en la mira de Amnist\u00eda y Europa - El Digital de Asturias\" \/>\n\t\t<meta name=\"twitter:description\" content=\"Madrid\/Estrasburgo, 13 mar (dpa) - La situaci\u00f3n de la libertad de expresi\u00f3n en Espa\u00f1a volvi\u00f3 a quedar hoy en el centro del debate por la publicaci\u00f3n de un informe cr\u00edtico de la organizaci\u00f3n Amnist\u00eda Internacional (AI) y una condena europea contra la Justicia del pa\u00eds. El Tribunal Europeo de Derechos Humanos (TEDH) en Estrasburgo dictamin\u00f3\" \/>\n\t\t<meta name=\"twitter:image\" content=\"https:\/\/www.eldigitaldeasturias.com\/noticias\/wp-content\/uploads\/2020\/12\/EDA-1.jpg\" \/>\n\t\t<meta name=\"twitter:label1\" content=\"Escrito por\" \/>\n\t\t<meta name=\"twitter:data1\" content=\"El Digital de Asturias\" \/>\n\t\t<meta name=\"twitter:label2\" content=\"Tiempo de lectura estimado\" \/>\n\t\t<meta name=\"twitter:data2\" content=\"4 minutos\" \/>\n\t\t<script type=\"application\/ld+json\" class=\"aioseo-schema\">\n\t\t\t{\"@context\":\"https:\\\/\\\/schema.org\",\"@graph\":[{\"@type\":\"BlogPosting\",\"@id\":\"https:\\\/\\\/www.eldigitaldeasturias.com\\\/noticias\\\/la-libertad-de-expresion-en-espana-en-la-mira-de-amnistia-y-europa\\\/#blogposting\",\"name\":\"La libertad de expresi\\u00f3n en Espa\\u00f1a, en la mira de Amnist\\u00eda y Europa - El Digital de Asturias\",\"headline\":\"La libertad de expresi\\u00f3n en Espa\\u00f1a, en la mira de Amnist\\u00eda y Europa\",\"author\":{\"@id\":\"https:\\\/\\\/www.eldigitaldeasturias.com\\\/noticias\\\/author\\\/admin\\\/#author\"},\"publisher\":{\"@id\":\"https:\\\/\\\/www.eldigitaldeasturias.com\\\/noticias\\\/#organization\"},\"image\":{\"@type\":\"ImageObject\",\"url\":971857},\"datePublished\":\"2018-03-14T00:05:07+01:00\",\"dateModified\":\"2018-03-14T00:05:07+01:00\",\"inLanguage\":\"es-ES\",\"mainEntityOfPage\":{\"@id\":\"https:\\\/\\\/www.eldigitaldeasturias.com\\\/noticias\\\/la-libertad-de-expresion-en-espana-en-la-mira-de-amnistia-y-europa\\\/#webpage\"},\"isPartOf\":{\"@id\":\"https:\\\/\\\/www.eldigitaldeasturias.com\\\/noticias\\\/la-libertad-de-expresion-en-espana-en-la-mira-de-amnistia-y-europa\\\/#webpage\"},\"articleSection\":\"Actualidad\"},{\"@type\":\"BreadcrumbList\",\"@id\":\"https:\\\/\\\/www.eldigitaldeasturias.com\\\/noticias\\\/la-libertad-de-expresion-en-espana-en-la-mira-de-amnistia-y-europa\\\/#breadcrumblist\",\"itemListElement\":[{\"@type\":\"ListItem\",\"@id\":\"https:\\\/\\\/www.eldigitaldeasturias.com\\\/noticias#listItem\",\"position\":1,\"name\":\"Home\",\"item\":\"https:\\\/\\\/www.eldigitaldeasturias.com\\\/noticias\",\"nextItem\":{\"@type\":\"ListItem\",\"@id\":\"https:\\\/\\\/www.eldigitaldeasturias.com\\\/noticias\\\/category\\\/actualidad\\\/#listItem\",\"name\":\"Actualidad\"}},{\"@type\":\"ListItem\",\"@id\":\"https:\\\/\\\/www.eldigitaldeasturias.com\\\/noticias\\\/category\\\/actualidad\\\/#listItem\",\"position\":2,\"name\":\"Actualidad\",\"item\":\"https:\\\/\\\/www.eldigitaldeasturias.com\\\/noticias\\\/category\\\/actualidad\\\/\",\"nextItem\":{\"@type\":\"ListItem\",\"@id\":\"https:\\\/\\\/www.eldigitaldeasturias.com\\\/noticias\\\/la-libertad-de-expresion-en-espana-en-la-mira-de-amnistia-y-europa\\\/#listItem\",\"name\":\"La libertad de expresi\\u00f3n en Espa\\u00f1a, en la mira de Amnist\\u00eda y Europa\"},\"previousItem\":{\"@type\":\"ListItem\",\"@id\":\"https:\\\/\\\/www.eldigitaldeasturias.com\\\/noticias#listItem\",\"name\":\"Home\"}},{\"@type\":\"ListItem\",\"@id\":\"https:\\\/\\\/www.eldigitaldeasturias.com\\\/noticias\\\/la-libertad-de-expresion-en-espana-en-la-mira-de-amnistia-y-europa\\\/#listItem\",\"position\":3,\"name\":\"La libertad de expresi\\u00f3n en Espa\\u00f1a, en la mira de Amnist\\u00eda y Europa\",\"previousItem\":{\"@type\":\"ListItem\",\"@id\":\"https:\\\/\\\/www.eldigitaldeasturias.com\\\/noticias\\\/category\\\/actualidad\\\/#listItem\",\"name\":\"Actualidad\"}}]},{\"@type\":\"Organization\",\"@id\":\"https:\\\/\\\/www.eldigitaldeasturias.com\\\/noticias\\\/#organization\",\"name\":\"El Digital de Asturias\",\"description\":\"Hemeroteca\",\"url\":\"https:\\\/\\\/www.eldigitaldeasturias.com\\\/noticias\\\/\",\"email\":\"info@eldigitaldeasturias.com\",\"telephone\":\"+34652131393\",\"logo\":{\"@type\":\"ImageObject\",\"url\":\"https:\\\/\\\/www.eldigitaldeasturias.com\\\/noticias\\\/wp-content\\\/uploads\\\/2020\\\/12\\\/EDA.jpg\",\"@id\":\"https:\\\/\\\/www.eldigitaldeasturias.com\\\/noticias\\\/la-libertad-de-expresion-en-espana-en-la-mira-de-amnistia-y-europa\\\/#organizationLogo\"},\"image\":{\"@id\":\"https:\\\/\\\/www.eldigitaldeasturias.com\\\/noticias\\\/la-libertad-de-expresion-en-espana-en-la-mira-de-amnistia-y-europa\\\/#organizationLogo\"},\"sameAs\":[\"https:\\\/\\\/facebook.com\\\/eldigitaldeasturias\",\"https:\\\/\\\/www.youtube.com\\\/channel\\\/UCZP-2wLEB9Rv6erhFmqVnvg\"],\"address\":{\"@id\":\"https:\\\/\\\/www.eldigitaldeasturias.com\\\/noticias\\\/#postaladdress\",\"@type\":\"PostalAddress\",\"streetAddress\":\"san antonio 4\",\"postalCode\":\"33430\",\"addressLocality\":\"Cand\\u00e1s\",\"addressRegion\":\"Asturias\",\"addressCountry\":\"ES\"}},{\"@type\":\"Person\",\"@id\":\"https:\\\/\\\/www.eldigitaldeasturias.com\\\/noticias\\\/author\\\/admin\\\/#author\",\"url\":\"https:\\\/\\\/www.eldigitaldeasturias.com\\\/noticias\\\/author\\\/admin\\\/\",\"name\":\"El Digital de Asturias\",\"image\":{\"@type\":\"ImageObject\",\"@id\":\"https:\\\/\\\/www.eldigitaldeasturias.com\\\/noticias\\\/la-libertad-de-expresion-en-espana-en-la-mira-de-amnistia-y-europa\\\/#authorImage\",\"url\":\"https:\\\/\\\/secure.gravatar.com\\\/avatar\\\/df2aeffc32bcd13f8d26072ef8a91b623d677766deac7f97ca815868cd41bf5e?s=96&d=mm&r=g\",\"width\":96,\"height\":96,\"caption\":\"El Digital de Asturias\"}},{\"@type\":\"WebPage\",\"@id\":\"https:\\\/\\\/www.eldigitaldeasturias.com\\\/noticias\\\/la-libertad-de-expresion-en-espana-en-la-mira-de-amnistia-y-europa\\\/#webpage\",\"url\":\"https:\\\/\\\/www.eldigitaldeasturias.com\\\/noticias\\\/la-libertad-de-expresion-en-espana-en-la-mira-de-amnistia-y-europa\\\/\",\"name\":\"La libertad de expresi\\u00f3n en Espa\\u00f1a, en la mira de Amnist\\u00eda y Europa - El Digital de Asturias\",\"description\":\"Madrid\\\/Estrasburgo, 13 mar (dpa) - La situaci\\u00f3n de la libertad de expresi\\u00f3n en Espa\\u00f1a volvi\\u00f3 a quedar hoy en el centro del debate por la publicaci\\u00f3n de un informe cr\\u00edtico de la organizaci\\u00f3n Amnist\\u00eda Internacional (AI) y una condena europea contra la Justicia del pa\\u00eds. El Tribunal Europeo de Derechos Humanos (TEDH) en Estrasburgo dictamin\\u00f3\",\"inLanguage\":\"es-ES\",\"isPartOf\":{\"@id\":\"https:\\\/\\\/www.eldigitaldeasturias.com\\\/noticias\\\/#website\"},\"breadcrumb\":{\"@id\":\"https:\\\/\\\/www.eldigitaldeasturias.com\\\/noticias\\\/la-libertad-de-expresion-en-espana-en-la-mira-de-amnistia-y-europa\\\/#breadcrumblist\"},\"author\":{\"@id\":\"https:\\\/\\\/www.eldigitaldeasturias.com\\\/noticias\\\/author\\\/admin\\\/#author\"},\"creator\":{\"@id\":\"https:\\\/\\\/www.eldigitaldeasturias.com\\\/noticias\\\/author\\\/admin\\\/#author\"},\"image\":{\"@type\":\"ImageObject\",\"url\":971857,\"@id\":\"https:\\\/\\\/www.eldigitaldeasturias.com\\\/noticias\\\/la-libertad-de-expresion-en-espana-en-la-mira-de-amnistia-y-europa\\\/#mainImage\"},\"primaryImageOfPage\":{\"@id\":\"https:\\\/\\\/www.eldigitaldeasturias.com\\\/noticias\\\/la-libertad-de-expresion-en-espana-en-la-mira-de-amnistia-y-europa\\\/#mainImage\"},\"datePublished\":\"2018-03-14T00:05:07+01:00\",\"dateModified\":\"2018-03-14T00:05:07+01:00\"},{\"@type\":\"WebSite\",\"@id\":\"https:\\\/\\\/www.eldigitaldeasturias.com\\\/noticias\\\/#website\",\"url\":\"https:\\\/\\\/www.eldigitaldeasturias.com\\\/noticias\\\/\",\"name\":\"El Digital de Asturias - Diario de actualidad y noticias\",\"alternateName\":\"El Digital de Asturias - Diario de actualidad y noticias\",\"description\":\"Hemeroteca\",\"inLanguage\":\"es-ES\",\"publisher\":{\"@id\":\"https:\\\/\\\/www.eldigitaldeasturias.com\\\/noticias\\\/#organization\"}}]}\n\t\t<\/script>\n\t\t<!-- All in One SEO Pro -->\r\n\t\t<title>La libertad de expresi\u00f3n en Espa\u00f1a, en la mira de Amnist\u00eda y Europa - El Digital de Asturias<\/title>\n\n","aioseo_head_json":{"title":"La libertad de expresi\u00f3n en Espa\u00f1a, en la mira de Amnist\u00eda y Europa - El Digital de Asturias","description":"Madrid\/Estrasburgo, 13 mar (dpa) - La situaci\u00f3n de la libertad de expresi\u00f3n en Espa\u00f1a volvi\u00f3 a quedar hoy en el centro del debate por la publicaci\u00f3n de un informe cr\u00edtico de la organizaci\u00f3n Amnist\u00eda Internacional (AI) y una condena europea contra la Justicia del pa\u00eds. El Tribunal Europeo de Derechos Humanos (TEDH) en Estrasburgo dictamin\u00f3","canonical_url":"https:\/\/www.eldigitaldeasturias.com\/noticias\/la-libertad-de-expresion-en-espana-en-la-mira-de-amnistia-y-europa\/","robots":"max-image-preview:large","keywords":"actualidad","webmasterTools":{"google-site-verification":"UA-38556648-1","msvalidate.01":"7dfe9f3f1b24437ab69f4f2559babe99","miscellaneous":""},"schema":{"@context":"https:\/\/schema.org","@graph":[{"@type":"BlogPosting","@id":"https:\/\/www.eldigitaldeasturias.com\/noticias\/la-libertad-de-expresion-en-espana-en-la-mira-de-amnistia-y-europa\/#blogposting","name":"La libertad de expresi\u00f3n en Espa\u00f1a, en la mira de Amnist\u00eda y Europa - El Digital de Asturias","headline":"La libertad de expresi\u00f3n en Espa\u00f1a, en la mira de Amnist\u00eda y Europa","author":{"@id":"https:\/\/www.eldigitaldeasturias.com\/noticias\/author\/admin\/#author"},"publisher":{"@id":"https:\/\/www.eldigitaldeasturias.com\/noticias\/#organization"},"image":{"@type":"ImageObject","url":971857},"datePublished":"2018-03-14T00:05:07+01:00","dateModified":"2018-03-14T00:05:07+01:00","inLanguage":"es-ES","mainEntityOfPage":{"@id":"https:\/\/www.eldigitaldeasturias.com\/noticias\/la-libertad-de-expresion-en-espana-en-la-mira-de-amnistia-y-europa\/#webpage"},"isPartOf":{"@id":"https:\/\/www.eldigitaldeasturias.com\/noticias\/la-libertad-de-expresion-en-espana-en-la-mira-de-amnistia-y-europa\/#webpage"},"articleSection":"Actualidad"},{"@type":"BreadcrumbList","@id":"https:\/\/www.eldigitaldeasturias.com\/noticias\/la-libertad-de-expresion-en-espana-en-la-mira-de-amnistia-y-europa\/#breadcrumblist","itemListElement":[{"@type":"ListItem","@id":"https:\/\/www.eldigitaldeasturias.com\/noticias#listItem","position":1,"name":"Home","item":"https:\/\/www.eldigitaldeasturias.com\/noticias","nextItem":{"@type":"ListItem","@id":"https:\/\/www.eldigitaldeasturias.com\/noticias\/category\/actualidad\/#listItem","name":"Actualidad"}},{"@type":"ListItem","@id":"https:\/\/www.eldigitaldeasturias.com\/noticias\/category\/actualidad\/#listItem","position":2,"name":"Actualidad","item":"https:\/\/www.eldigitaldeasturias.com\/noticias\/category\/actualidad\/","nextItem":{"@type":"ListItem","@id":"https:\/\/www.eldigitaldeasturias.com\/noticias\/la-libertad-de-expresion-en-espana-en-la-mira-de-amnistia-y-europa\/#listItem","name":"La libertad de expresi\u00f3n en Espa\u00f1a, en la mira de Amnist\u00eda y Europa"},"previousItem":{"@type":"ListItem","@id":"https:\/\/www.eldigitaldeasturias.com\/noticias#listItem","name":"Home"}},{"@type":"ListItem","@id":"https:\/\/www.eldigitaldeasturias.com\/noticias\/la-libertad-de-expresion-en-espana-en-la-mira-de-amnistia-y-europa\/#listItem","position":3,"name":"La libertad de expresi\u00f3n en Espa\u00f1a, en la mira de Amnist\u00eda y Europa","previousItem":{"@type":"ListItem","@id":"https:\/\/www.eldigitaldeasturias.com\/noticias\/category\/actualidad\/#listItem","name":"Actualidad"}}]},{"@type":"Organization","@id":"https:\/\/www.eldigitaldeasturias.com\/noticias\/#organization","name":"El Digital de Asturias","description":"Hemeroteca","url":"https:\/\/www.eldigitaldeasturias.com\/noticias\/","email":"info@eldigitaldeasturias.com","telephone":"+34652131393","logo":{"@type":"ImageObject","url":"https:\/\/www.eldigitaldeasturias.com\/noticias\/wp-content\/uploads\/2020\/12\/EDA.jpg","@id":"https:\/\/www.eldigitaldeasturias.com\/noticias\/la-libertad-de-expresion-en-espana-en-la-mira-de-amnistia-y-europa\/#organizationLogo"},"image":{"@id":"https:\/\/www.eldigitaldeasturias.com\/noticias\/la-libertad-de-expresion-en-espana-en-la-mira-de-amnistia-y-europa\/#organizationLogo"},"sameAs":["https:\/\/facebook.com\/eldigitaldeasturias","https:\/\/www.youtube.com\/channel\/UCZP-2wLEB9Rv6erhFmqVnvg"],"address":{"@id":"https:\/\/www.eldigitaldeasturias.com\/noticias\/#postaladdress","@type":"PostalAddress","streetAddress":"san antonio 4","postalCode":"33430","addressLocality":"Cand\u00e1s","addressRegion":"Asturias","addressCountry":"ES"}},{"@type":"Person","@id":"https:\/\/www.eldigitaldeasturias.com\/noticias\/author\/admin\/#author","url":"https:\/\/www.eldigitaldeasturias.com\/noticias\/author\/admin\/","name":"El Digital de Asturias","image":{"@type":"ImageObject","@id":"https:\/\/www.eldigitaldeasturias.com\/noticias\/la-libertad-de-expresion-en-espana-en-la-mira-de-amnistia-y-europa\/#authorImage","url":"https:\/\/secure.gravatar.com\/avatar\/df2aeffc32bcd13f8d26072ef8a91b623d677766deac7f97ca815868cd41bf5e?s=96&d=mm&r=g","width":96,"height":96,"caption":"El Digital de Asturias"}},{"@type":"WebPage","@id":"https:\/\/www.eldigitaldeasturias.com\/noticias\/la-libertad-de-expresion-en-espana-en-la-mira-de-amnistia-y-europa\/#webpage","url":"https:\/\/www.eldigitaldeasturias.com\/noticias\/la-libertad-de-expresion-en-espana-en-la-mira-de-amnistia-y-europa\/","name":"La libertad de expresi\u00f3n en Espa\u00f1a, en la mira de Amnist\u00eda y Europa - El Digital de Asturias","description":"Madrid\/Estrasburgo, 13 mar (dpa) - La situaci\u00f3n de la libertad de expresi\u00f3n en Espa\u00f1a volvi\u00f3 a quedar hoy en el centro del debate por la publicaci\u00f3n de un informe cr\u00edtico de la organizaci\u00f3n Amnist\u00eda Internacional (AI) y una condena europea contra la Justicia del pa\u00eds. El Tribunal Europeo de Derechos Humanos (TEDH) en Estrasburgo dictamin\u00f3","inLanguage":"es-ES","isPartOf":{"@id":"https:\/\/www.eldigitaldeasturias.com\/noticias\/#website"},"breadcrumb":{"@id":"https:\/\/www.eldigitaldeasturias.com\/noticias\/la-libertad-de-expresion-en-espana-en-la-mira-de-amnistia-y-europa\/#breadcrumblist"},"author":{"@id":"https:\/\/www.eldigitaldeasturias.com\/noticias\/author\/admin\/#author"},"creator":{"@id":"https:\/\/www.eldigitaldeasturias.com\/noticias\/author\/admin\/#author"},"image":{"@type":"ImageObject","url":971857,"@id":"https:\/\/www.eldigitaldeasturias.com\/noticias\/la-libertad-de-expresion-en-espana-en-la-mira-de-amnistia-y-europa\/#mainImage"},"primaryImageOfPage":{"@id":"https:\/\/www.eldigitaldeasturias.com\/noticias\/la-libertad-de-expresion-en-espana-en-la-mira-de-amnistia-y-europa\/#mainImage"},"datePublished":"2018-03-14T00:05:07+01:00","dateModified":"2018-03-14T00:05:07+01:00"},{"@type":"WebSite","@id":"https:\/\/www.eldigitaldeasturias.com\/noticias\/#website","url":"https:\/\/www.eldigitaldeasturias.com\/noticias\/","name":"El Digital de Asturias - Diario de actualidad y noticias","alternateName":"El Digital de Asturias - Diario de actualidad y noticias","description":"Hemeroteca","inLanguage":"es-ES","publisher":{"@id":"https:\/\/www.eldigitaldeasturias.com\/noticias\/#organization"}}]},"og:locale":"es_ES","og:site_name":"El Digital de Asturias","og:type":"article","og:title":"La libertad de expresi\u00f3n en Espa\u00f1a, en la mira de Amnist\u00eda y Europa - El Digital de Asturias","og:description":"Madrid\/Estrasburgo, 13 mar (dpa) - La situaci\u00f3n de la libertad de expresi\u00f3n en Espa\u00f1a volvi\u00f3 a quedar hoy en el centro del debate por la publicaci\u00f3n de un informe cr\u00edtico de la organizaci\u00f3n Amnist\u00eda Internacional (AI) y una condena europea contra la Justicia del pa\u00eds. El Tribunal Europeo de Derechos Humanos (TEDH) en Estrasburgo dictamin\u00f3","og:url":"https:\/\/www.eldigitaldeasturias.com\/noticias\/la-libertad-de-expresion-en-espana-en-la-mira-de-amnistia-y-europa\/","article:tag":["actualidad"],"article:published_time":"2018-03-14T00:05:07+00:00","article:modified_time":"2018-03-14T00:05:07+00:00","article:publisher":"https:\/\/facebook.com\/eldigitaldeasturias","twitter:card":"summary_large_image","twitter:title":"La libertad de expresi\u00f3n en Espa\u00f1a, en la mira de Amnist\u00eda y Europa - El Digital de Asturias","twitter:description":"Madrid\/Estrasburgo, 13 mar (dpa) - La situaci\u00f3n de la libertad de expresi\u00f3n en Espa\u00f1a volvi\u00f3 a quedar hoy en el centro del debate por la publicaci\u00f3n de un informe cr\u00edtico de la organizaci\u00f3n Amnist\u00eda Internacional (AI) y una condena europea contra la Justicia del pa\u00eds. El Tribunal Europeo de Derechos Humanos (TEDH) en Estrasburgo dictamin\u00f3","twitter:image":"https:\/\/www.eldigitaldeasturias.com\/noticias\/wp-content\/uploads\/2020\/12\/EDA-1.jpg","twitter:label1":"Escrito por","twitter:data1":"El Digital de Asturias","twitter:label2":"Tiempo de lectura estimado","twitter:data2":"4 minutos"},"aioseo_meta_data":{"post_id":"971856","title":null,"description":null,"keywords":null,"keyphrases":null,"primary_term":null,"canonical_url":null,"og_title":null,"og_description":null,"og_object_type":"default","og_image_type":"default","og_image_url":null,"og_image_width":null,"og_image_height":null,"og_image_custom_url":null,"og_image_custom_fields":null,"og_video":null,"og_custom_url":null,"og_article_section":null,"og_article_tags":null,"twitter_use_og":false,"twitter_card":"default","twitter_image_type":"default","twitter_image_url":null,"twitter_image_custom_url":null,"twitter_image_custom_fields":null,"twitter_title":null,"twitter_description":null,"schema":{"blockGraphs":[],"customGraphs":[],"default":{"data":{"Article":[],"Course":[],"Dataset":[],"FAQPage":[],"Movie":[],"Person":[],"Product":[],"ProductReview":[],"Car":[],"Recipe":[],"Service":[],"SoftwareApplication":[],"WebPage":[]},"graphName":"","isEnabled":true},"graphs":[],"defaultGraph":"","defaultPostTypeGraph":""},"schema_type":null,"schema_type_options":null,"pillar_content":false,"robots_default":true,"robots_noindex":false,"robots_noarchive":false,"robots_nosnippet":false,"robots_nofollow":false,"robots_noimageindex":false,"robots_noodp":false,"robots_notranslate":false,"robots_max_snippet":null,"robots_max_videopreview":null,"robots_max_imagepreview":"large","priority":null,"frequency":null,"local_seo":null,"seo_analyzer_scan_date":"2025-10-07 10:37:31","breadcrumb_settings":null,"limit_modified_date":false,"open_ai":null,"ai":null,"created":"2020-12-21 12:20:36","updated":"2025-10-07 10:37:31","focus_keyword":null,"additional_keywords":null,"truseo_locale":null},"aioseo_breadcrumb":"<div class=\"aioseo-breadcrumbs\"><span class=\"aioseo-breadcrumb\">\n\t<a href=\"https:\/\/www.eldigitaldeasturias.com\/noticias\" title=\"Home\">Home<\/a>\n<\/span><span class=\"aioseo-breadcrumb-separator\">\u2013<\/span><span class=\"aioseo-breadcrumb\">\n\t<a href=\"https:\/\/www.eldigitaldeasturias.com\/noticias\/category\/actualidad\/\" title=\"Actualidad\">Actualidad<\/a>\n<\/span><span class=\"aioseo-breadcrumb-separator\">\u2013<\/span><span class=\"aioseo-breadcrumb\">\n\t<a href=\"https:\/\/www.eldigitaldeasturias.com\/noticias\/la-libertad-de-expresion-en-espana-en-la-mira-de-amnistia-y-europa\/\" title=\"La libertad de expresi\u00f3n en Espa\u00f1a, en la mira de Amnist\u00eda y Europa\">La libertad de expresi\u00f3n en Espa\u00f1a, en la mira de Amnist\u00eda y Europa<\/a>\n<\/span><\/div>","aioseo_breadcrumb_json":[{"label":"Home","link":"https:\/\/www.eldigitaldeasturias.com\/noticias"},{"label":"Actualidad","link":"https:\/\/www.eldigitaldeasturias.com\/noticias\/category\/actualidad\/"},{"label":"La libertad de expresi\u00f3n en Espa\u00f1a, en la mira de Amnist\u00eda y Europa","link":"https:\/\/www.eldigitaldeasturias.com\/noticias\/la-libertad-de-expresion-en-espana-en-la-mira-de-amnistia-y-europa\/"}],"_links":{"self":[{"href":"https:\/\/www.eldigitaldeasturias.com\/noticias\/wp-json\/wp\/v2\/posts\/971856","targetHints":{"allow":["GET"]}}],"collection":[{"href":"https:\/\/www.eldigitaldeasturias.com\/noticias\/wp-json\/wp\/v2\/posts"}],"about":[{"href":"https:\/\/www.eldigitaldeasturias.com\/noticias\/wp-json\/wp\/v2\/types\/post"}],"author":[{"embeddable":true,"href":"https:\/\/www.eldigitaldeasturias.com\/noticias\/wp-json\/wp\/v2\/users\/1"}],"replies":[{"embeddable":true,"href":"https:\/\/www.eldigitaldeasturias.com\/noticias\/wp-json\/wp\/v2\/comments?post=971856"}],"version-history":[{"count":0,"href":"https:\/\/www.eldigitaldeasturias.com\/noticias\/wp-json\/wp\/v2\/posts\/971856\/revisions"}],"wp:attachment":[{"href":"https:\/\/www.eldigitaldeasturias.com\/noticias\/wp-json\/wp\/v2\/media?parent=971856"}],"wp:term":[{"taxonomy":"category","embeddable":true,"href":"https:\/\/www.eldigitaldeasturias.com\/noticias\/wp-json\/wp\/v2\/categories?post=971856"},{"taxonomy":"post_tag","embeddable":true,"href":"https:\/\/www.eldigitaldeasturias.com\/noticias\/wp-json\/wp\/v2\/tags?post=971856"}],"curies":[{"name":"wp","href":"https:\/\/api.w.org\/{rel}","templated":true}]}}