{"id":971847,"date":"2018-03-13T23:29:32","date_gmt":"2018-03-13T23:29:32","guid":{"rendered":"http:\/\/www.eldigitaldeasturias.com\/noticias\/?p=971847"},"modified":"2018-03-13T23:29:32","modified_gmt":"2018-03-13T23:29:32","slug":"el-tedh-ve-legal-que-se-quemen-fotos-del-rey","status":"publish","type":"post","link":"https:\/\/www.eldigitaldeasturias.com\/noticias\/el-tedh-ve-legal-que-se-quemen-fotos-del-rey\/","title":{"rendered":"El TEDH ve legal que se quemen fotos del rey"},"content":{"rendered":"<p><img loading=\"lazy\" decoding=\"async\" class=\"alignleft size-medium wp-image-687372\" src=\"https:\/\/www.eldigitaldeasturias.com\/noticias\/wp-content\/uploads\/2014\/11\/7177386w-360x299.jpg\" alt=\"\" width=\"360\" height=\"299\" \/>Estrasburgo, 13 mar (dpa) &#8211; La Justicia espa\u00f1ola viol\u00f3 los derechos de dos ciudadanos catalanes al condenarlos por quemar una gran foto del rey y la reina en 2007 y deber\u00e1 indemnizarlos, dictamin\u00f3 hoy en Estrasburgo el Tribunal Europeo de Derechos Humanos (TEDH).<\/p>\n<p>Los dos hombres fueron condenados a multas de 2.700 euros (3.300 d\u00f3lares) por injurias a la corona tras quemar la foto de los entonces reyes, Juan Carlos I y Sof\u00eda, durante una manifestaci\u00f3n antimon\u00e1rquica en protesta por su visita a Gerona, en Catalu\u00f1a.<\/p>\n<p>La acci\u00f3n fue \u00abuna expresi\u00f3n simb\u00f3lica de rechazo y protesta\u00bb y no puede considerarse un delito de odio o de incitaci\u00f3n a la violencia, sostuvo hoy la corte europea, a la que hab\u00edan acudido los dos condenados para recurrir la decisi\u00f3n de la Justicia espa\u00f1ola.<\/p>\n<p>Espa\u00f1a tendr\u00e1 que devolver ahora a ambos hombres los 2.700 euros de la multa y pagarles adem\u00e1s 9.000 euros de indemnizaci\u00f3n.<\/p>\n<p>La sentencia europea llega en un momento delicado por la actuaci\u00f3n de la Justicia espa\u00f1ola precisamente en Catalu\u00f1a por el plan independentista en la regi\u00f3n nororiental. Varios l\u00edderes soberanistas son investigados por delitos vinculados al proceso que impulsaron para romper con Espa\u00f1a y cuatro se encuentran en prisi\u00f3n.<\/p>\n<p>Uno de ellos, Jordi S\u00e0nchez, fue presentado por los independentistas como candidato a presidir Catalu\u00f1a, pero el juez del Tribunal Supremo espa\u00f1ol que lo investiga rechaz\u00f3 su pedido de salir en libertad para acudir a la sesi\u00f3n de investidura.<\/p>\n<p>Los nacionalistas anunciaron que recurrir\u00edan la medida ante el TEDH este lunes, pero finalmente optaron por apelarla una vez m\u00e1s ante el Tribunal Supremo para agotar la v\u00eda de la Justicia espa\u00f1ola.<\/p>\n","protected":false},"excerpt":{"rendered":"<p>Estrasburgo, 13 mar (dpa) &#8211; La Justicia espa\u00f1ola viol\u00f3 los derechos de dos ciudadanos catalanes al condenarlos por quemar una gran foto del rey y la reina en 2007 y deber\u00e1 indemnizarlos, dictamin\u00f3 hoy en Estrasburgo el Tribunal Europeo de Derechos Humanos (TEDH). Los dos hombres fueron condenados a multas de 2.700 euros (3.300 d\u00f3lares) [&hellip;]<\/p>\n","protected":false},"author":1,"featured_media":687372,"comment_status":"closed","ping_status":"closed","sticky":false,"template":"","format":"standard","meta":{"footnotes":""},"categories":[1,5],"tags":[],"class_list":["post-971847","post","type-post","status-publish","format-standard","has-post-thumbnail","hentry","category-actualidad","category-sucesos"],"aioseo_notices":[],"aioseo_head":"\n\t\t<!-- All in One SEO Pro 5.0.1 - aioseo.com -->\n\t<meta name=\"description\" content=\"Estrasburgo, 13 mar (dpa) - La Justicia espa\u00f1ola viol\u00f3 los derechos de dos ciudadanos catalanes al condenarlos por quemar una gran foto del rey y la reina en 2007 y deber\u00e1 indemnizarlos, dictamin\u00f3 hoy en Estrasburgo el Tribunal Europeo de Derechos Humanos (TEDH). Los dos hombres fueron condenados a multas de 2.700 euros (3.300 d\u00f3lares)\" \/>\n\t<meta name=\"robots\" content=\"max-image-preview:large\" \/>\n\t<meta name=\"author\" content=\"El Digital de Asturias\"\/>\n\t<meta name=\"google-site-verification\" content=\"UA-38556648-1\" \/>\n\t<meta name=\"msvalidate.01\" content=\"7dfe9f3f1b24437ab69f4f2559babe99\" \/>\n\t<meta name=\"keywords\" content=\"actualidad,sucesos\" \/>\n\t<link rel=\"canonical\" href=\"https:\/\/www.eldigitaldeasturias.com\/noticias\/el-tedh-ve-legal-que-se-quemen-fotos-del-rey\/\" \/>\n\t<meta name=\"generator\" content=\"All in One SEO Pro (AIOSEO) 5.0.1\" \/>\n\t\t<meta property=\"og:locale\" content=\"es_ES\" \/>\n\t\t<meta property=\"og:site_name\" content=\"El Digital de Asturias\" \/>\n\t\t<meta property=\"og:type\" content=\"article\" \/>\n\t\t<meta property=\"og:title\" content=\"El TEDH ve legal que se quemen fotos del rey - El Digital de Asturias\" \/>\n\t\t<meta property=\"og:description\" content=\"Estrasburgo, 13 mar (dpa) - La Justicia espa\u00f1ola viol\u00f3 los derechos de dos ciudadanos catalanes al condenarlos por quemar una gran foto del rey y la reina en 2007 y deber\u00e1 indemnizarlos, dictamin\u00f3 hoy en Estrasburgo el Tribunal Europeo de Derechos Humanos (TEDH). Los dos hombres fueron condenados a multas de 2.700 euros (3.300 d\u00f3lares)\" \/>\n\t\t<meta property=\"og:url\" content=\"https:\/\/www.eldigitaldeasturias.com\/noticias\/el-tedh-ve-legal-que-se-quemen-fotos-del-rey\/\" \/>\n\t\t<meta property=\"article:tag\" content=\"actualidad\" \/>\n\t\t<meta property=\"article:tag\" content=\"sucesos\" \/>\n\t\t<meta property=\"article:published_time\" content=\"2018-03-13T23:29:32+00:00\" \/>\n\t\t<meta property=\"article:modified_time\" content=\"2018-03-13T23:29:32+00:00\" \/>\n\t\t<meta property=\"article:publisher\" content=\"https:\/\/facebook.com\/eldigitaldeasturias\" \/>\n\t\t<meta name=\"twitter:card\" content=\"summary_large_image\" \/>\n\t\t<meta name=\"twitter:title\" content=\"El TEDH ve legal que se quemen fotos del rey - El Digital de Asturias\" \/>\n\t\t<meta name=\"twitter:description\" content=\"Estrasburgo, 13 mar (dpa) - La Justicia espa\u00f1ola viol\u00f3 los derechos de dos ciudadanos catalanes al condenarlos por quemar una gran foto del rey y la reina en 2007 y deber\u00e1 indemnizarlos, dictamin\u00f3 hoy en Estrasburgo el Tribunal Europeo de Derechos Humanos (TEDH). Los dos hombres fueron condenados a multas de 2.700 euros (3.300 d\u00f3lares)\" \/>\n\t\t<meta name=\"twitter:image\" content=\"https:\/\/www.eldigitaldeasturias.com\/noticias\/wp-content\/uploads\/2020\/12\/EDA-1.jpg\" \/>\n\t\t<meta name=\"twitter:label1\" content=\"Escrito por\" \/>\n\t\t<meta name=\"twitter:data1\" content=\"El Digital de Asturias\" \/>\n\t\t<meta name=\"twitter:label2\" content=\"Tiempo de lectura estimado\" \/>\n\t\t<meta name=\"twitter:data2\" content=\"1 minuto\" \/>\n\t\t<script type=\"application\/ld+json\" class=\"aioseo-schema\">\n\t\t\t{\"@context\":\"https:\\\/\\\/schema.org\",\"@graph\":[{\"@type\":\"BlogPosting\",\"@id\":\"https:\\\/\\\/www.eldigitaldeasturias.com\\\/noticias\\\/el-tedh-ve-legal-que-se-quemen-fotos-del-rey\\\/#blogposting\",\"name\":\"El TEDH ve legal que se quemen fotos del rey - El Digital de Asturias\",\"headline\":\"El TEDH ve legal que se quemen fotos del rey\",\"author\":{\"@id\":\"https:\\\/\\\/www.eldigitaldeasturias.com\\\/noticias\\\/author\\\/admin\\\/#author\"},\"publisher\":{\"@id\":\"https:\\\/\\\/www.eldigitaldeasturias.com\\\/noticias\\\/#organization\"},\"image\":{\"@type\":\"ImageObject\",\"url\":687372},\"datePublished\":\"2018-03-13T23:29:32+01:00\",\"dateModified\":\"2018-03-13T23:29:32+01:00\",\"inLanguage\":\"es-ES\",\"mainEntityOfPage\":{\"@id\":\"https:\\\/\\\/www.eldigitaldeasturias.com\\\/noticias\\\/el-tedh-ve-legal-que-se-quemen-fotos-del-rey\\\/#webpage\"},\"isPartOf\":{\"@id\":\"https:\\\/\\\/www.eldigitaldeasturias.com\\\/noticias\\\/el-tedh-ve-legal-que-se-quemen-fotos-del-rey\\\/#webpage\"},\"articleSection\":\"Actualidad, Sucesos\"},{\"@type\":\"BreadcrumbList\",\"@id\":\"https:\\\/\\\/www.eldigitaldeasturias.com\\\/noticias\\\/el-tedh-ve-legal-que-se-quemen-fotos-del-rey\\\/#breadcrumblist\",\"itemListElement\":[{\"@type\":\"ListItem\",\"@id\":\"https:\\\/\\\/www.eldigitaldeasturias.com\\\/noticias#listItem\",\"position\":1,\"name\":\"Home\",\"item\":\"https:\\\/\\\/www.eldigitaldeasturias.com\\\/noticias\",\"nextItem\":{\"@type\":\"ListItem\",\"@id\":\"https:\\\/\\\/www.eldigitaldeasturias.com\\\/noticias\\\/category\\\/actualidad\\\/#listItem\",\"name\":\"Actualidad\"}},{\"@type\":\"ListItem\",\"@id\":\"https:\\\/\\\/www.eldigitaldeasturias.com\\\/noticias\\\/category\\\/actualidad\\\/#listItem\",\"position\":2,\"name\":\"Actualidad\",\"item\":\"https:\\\/\\\/www.eldigitaldeasturias.com\\\/noticias\\\/category\\\/actualidad\\\/\",\"nextItem\":{\"@type\":\"ListItem\",\"@id\":\"https:\\\/\\\/www.eldigitaldeasturias.com\\\/noticias\\\/el-tedh-ve-legal-que-se-quemen-fotos-del-rey\\\/#listItem\",\"name\":\"El TEDH ve legal que se quemen fotos del rey\"},\"previousItem\":{\"@type\":\"ListItem\",\"@id\":\"https:\\\/\\\/www.eldigitaldeasturias.com\\\/noticias#listItem\",\"name\":\"Home\"}},{\"@type\":\"ListItem\",\"@id\":\"https:\\\/\\\/www.eldigitaldeasturias.com\\\/noticias\\\/el-tedh-ve-legal-que-se-quemen-fotos-del-rey\\\/#listItem\",\"position\":3,\"name\":\"El TEDH ve legal que se quemen fotos del rey\",\"previousItem\":{\"@type\":\"ListItem\",\"@id\":\"https:\\\/\\\/www.eldigitaldeasturias.com\\\/noticias\\\/category\\\/actualidad\\\/#listItem\",\"name\":\"Actualidad\"}}]},{\"@type\":\"Organization\",\"@id\":\"https:\\\/\\\/www.eldigitaldeasturias.com\\\/noticias\\\/#organization\",\"name\":\"El Digital de Asturias\",\"description\":\"Hemeroteca\",\"url\":\"https:\\\/\\\/www.eldigitaldeasturias.com\\\/noticias\\\/\",\"email\":\"info@eldigitaldeasturias.com\",\"telephone\":\"+34652131393\",\"logo\":{\"@type\":\"ImageObject\",\"url\":\"https:\\\/\\\/www.eldigitaldeasturias.com\\\/noticias\\\/wp-content\\\/uploads\\\/2020\\\/12\\\/EDA.jpg\",\"@id\":\"https:\\\/\\\/www.eldigitaldeasturias.com\\\/noticias\\\/el-tedh-ve-legal-que-se-quemen-fotos-del-rey\\\/#organizationLogo\"},\"image\":{\"@id\":\"https:\\\/\\\/www.eldigitaldeasturias.com\\\/noticias\\\/el-tedh-ve-legal-que-se-quemen-fotos-del-rey\\\/#organizationLogo\"},\"sameAs\":[\"https:\\\/\\\/facebook.com\\\/eldigitaldeasturias\",\"https:\\\/\\\/www.youtube.com\\\/channel\\\/UCZP-2wLEB9Rv6erhFmqVnvg\"],\"address\":{\"@id\":\"https:\\\/\\\/www.eldigitaldeasturias.com\\\/noticias\\\/#postaladdress\",\"@type\":\"PostalAddress\",\"streetAddress\":\"san antonio 4\",\"postalCode\":\"33430\",\"addressLocality\":\"Cand\\u00e1s\",\"addressRegion\":\"Asturias\",\"addressCountry\":\"ES\"}},{\"@type\":\"Person\",\"@id\":\"https:\\\/\\\/www.eldigitaldeasturias.com\\\/noticias\\\/author\\\/admin\\\/#author\",\"url\":\"https:\\\/\\\/www.eldigitaldeasturias.com\\\/noticias\\\/author\\\/admin\\\/\",\"name\":\"El Digital de Asturias\",\"image\":{\"@type\":\"ImageObject\",\"@id\":\"https:\\\/\\\/www.eldigitaldeasturias.com\\\/noticias\\\/el-tedh-ve-legal-que-se-quemen-fotos-del-rey\\\/#authorImage\",\"url\":\"https:\\\/\\\/secure.gravatar.com\\\/avatar\\\/df2aeffc32bcd13f8d26072ef8a91b623d677766deac7f97ca815868cd41bf5e?s=96&d=mm&r=g\",\"width\":96,\"height\":96,\"caption\":\"El Digital de Asturias\"}},{\"@type\":\"WebPage\",\"@id\":\"https:\\\/\\\/www.eldigitaldeasturias.com\\\/noticias\\\/el-tedh-ve-legal-que-se-quemen-fotos-del-rey\\\/#webpage\",\"url\":\"https:\\\/\\\/www.eldigitaldeasturias.com\\\/noticias\\\/el-tedh-ve-legal-que-se-quemen-fotos-del-rey\\\/\",\"name\":\"El TEDH ve legal que se quemen fotos del rey - El Digital de Asturias\",\"description\":\"Estrasburgo, 13 mar (dpa) - La Justicia espa\\u00f1ola viol\\u00f3 los derechos de dos ciudadanos catalanes al condenarlos por quemar una gran foto del rey y la reina en 2007 y deber\\u00e1 indemnizarlos, dictamin\\u00f3 hoy en Estrasburgo el Tribunal Europeo de Derechos Humanos (TEDH). Los dos hombres fueron condenados a multas de 2.700 euros (3.300 d\\u00f3lares)\",\"inLanguage\":\"es-ES\",\"isPartOf\":{\"@id\":\"https:\\\/\\\/www.eldigitaldeasturias.com\\\/noticias\\\/#website\"},\"breadcrumb\":{\"@id\":\"https:\\\/\\\/www.eldigitaldeasturias.com\\\/noticias\\\/el-tedh-ve-legal-que-se-quemen-fotos-del-rey\\\/#breadcrumblist\"},\"author\":{\"@id\":\"https:\\\/\\\/www.eldigitaldeasturias.com\\\/noticias\\\/author\\\/admin\\\/#author\"},\"creator\":{\"@id\":\"https:\\\/\\\/www.eldigitaldeasturias.com\\\/noticias\\\/author\\\/admin\\\/#author\"},\"image\":{\"@type\":\"ImageObject\",\"url\":687372,\"@id\":\"https:\\\/\\\/www.eldigitaldeasturias.com\\\/noticias\\\/el-tedh-ve-legal-que-se-quemen-fotos-del-rey\\\/#mainImage\"},\"primaryImageOfPage\":{\"@id\":\"https:\\\/\\\/www.eldigitaldeasturias.com\\\/noticias\\\/el-tedh-ve-legal-que-se-quemen-fotos-del-rey\\\/#mainImage\"},\"datePublished\":\"2018-03-13T23:29:32+01:00\",\"dateModified\":\"2018-03-13T23:29:32+01:00\"},{\"@type\":\"WebSite\",\"@id\":\"https:\\\/\\\/www.eldigitaldeasturias.com\\\/noticias\\\/#website\",\"url\":\"https:\\\/\\\/www.eldigitaldeasturias.com\\\/noticias\\\/\",\"name\":\"El Digital de Asturias - Diario de actualidad y noticias\",\"alternateName\":\"El Digital de Asturias - Diario de actualidad y noticias\",\"description\":\"Hemeroteca\",\"inLanguage\":\"es-ES\",\"publisher\":{\"@id\":\"https:\\\/\\\/www.eldigitaldeasturias.com\\\/noticias\\\/#organization\"}}]}\n\t\t<\/script>\n\t\t<!-- All in One SEO Pro -->\r\n\t\t<title>El TEDH ve legal que se quemen fotos del rey - El Digital de Asturias<\/title>\n\n","aioseo_head_json":{"title":"El TEDH ve legal que se quemen fotos del rey - El Digital de Asturias","description":"Estrasburgo, 13 mar (dpa) - La Justicia espa\u00f1ola viol\u00f3 los derechos de dos ciudadanos catalanes al condenarlos por quemar una gran foto del rey y la reina en 2007 y deber\u00e1 indemnizarlos, dictamin\u00f3 hoy en Estrasburgo el Tribunal Europeo de Derechos Humanos (TEDH). Los dos hombres fueron condenados a multas de 2.700 euros (3.300 d\u00f3lares)","canonical_url":"https:\/\/www.eldigitaldeasturias.com\/noticias\/el-tedh-ve-legal-que-se-quemen-fotos-del-rey\/","robots":"max-image-preview:large","keywords":"actualidad,sucesos","webmasterTools":{"google-site-verification":"UA-38556648-1","msvalidate.01":"7dfe9f3f1b24437ab69f4f2559babe99","miscellaneous":""},"schema":{"@context":"https:\/\/schema.org","@graph":[{"@type":"BlogPosting","@id":"https:\/\/www.eldigitaldeasturias.com\/noticias\/el-tedh-ve-legal-que-se-quemen-fotos-del-rey\/#blogposting","name":"El TEDH ve legal que se quemen fotos del rey - El Digital de Asturias","headline":"El TEDH ve legal que se quemen fotos del rey","author":{"@id":"https:\/\/www.eldigitaldeasturias.com\/noticias\/author\/admin\/#author"},"publisher":{"@id":"https:\/\/www.eldigitaldeasturias.com\/noticias\/#organization"},"image":{"@type":"ImageObject","url":687372},"datePublished":"2018-03-13T23:29:32+01:00","dateModified":"2018-03-13T23:29:32+01:00","inLanguage":"es-ES","mainEntityOfPage":{"@id":"https:\/\/www.eldigitaldeasturias.com\/noticias\/el-tedh-ve-legal-que-se-quemen-fotos-del-rey\/#webpage"},"isPartOf":{"@id":"https:\/\/www.eldigitaldeasturias.com\/noticias\/el-tedh-ve-legal-que-se-quemen-fotos-del-rey\/#webpage"},"articleSection":"Actualidad, Sucesos"},{"@type":"BreadcrumbList","@id":"https:\/\/www.eldigitaldeasturias.com\/noticias\/el-tedh-ve-legal-que-se-quemen-fotos-del-rey\/#breadcrumblist","itemListElement":[{"@type":"ListItem","@id":"https:\/\/www.eldigitaldeasturias.com\/noticias#listItem","position":1,"name":"Home","item":"https:\/\/www.eldigitaldeasturias.com\/noticias","nextItem":{"@type":"ListItem","@id":"https:\/\/www.eldigitaldeasturias.com\/noticias\/category\/actualidad\/#listItem","name":"Actualidad"}},{"@type":"ListItem","@id":"https:\/\/www.eldigitaldeasturias.com\/noticias\/category\/actualidad\/#listItem","position":2,"name":"Actualidad","item":"https:\/\/www.eldigitaldeasturias.com\/noticias\/category\/actualidad\/","nextItem":{"@type":"ListItem","@id":"https:\/\/www.eldigitaldeasturias.com\/noticias\/el-tedh-ve-legal-que-se-quemen-fotos-del-rey\/#listItem","name":"El TEDH ve legal que se quemen fotos del rey"},"previousItem":{"@type":"ListItem","@id":"https:\/\/www.eldigitaldeasturias.com\/noticias#listItem","name":"Home"}},{"@type":"ListItem","@id":"https:\/\/www.eldigitaldeasturias.com\/noticias\/el-tedh-ve-legal-que-se-quemen-fotos-del-rey\/#listItem","position":3,"name":"El TEDH ve legal que se quemen fotos del rey","previousItem":{"@type":"ListItem","@id":"https:\/\/www.eldigitaldeasturias.com\/noticias\/category\/actualidad\/#listItem","name":"Actualidad"}}]},{"@type":"Organization","@id":"https:\/\/www.eldigitaldeasturias.com\/noticias\/#organization","name":"El Digital de Asturias","description":"Hemeroteca","url":"https:\/\/www.eldigitaldeasturias.com\/noticias\/","email":"info@eldigitaldeasturias.com","telephone":"+34652131393","logo":{"@type":"ImageObject","url":"https:\/\/www.eldigitaldeasturias.com\/noticias\/wp-content\/uploads\/2020\/12\/EDA.jpg","@id":"https:\/\/www.eldigitaldeasturias.com\/noticias\/el-tedh-ve-legal-que-se-quemen-fotos-del-rey\/#organizationLogo"},"image":{"@id":"https:\/\/www.eldigitaldeasturias.com\/noticias\/el-tedh-ve-legal-que-se-quemen-fotos-del-rey\/#organizationLogo"},"sameAs":["https:\/\/facebook.com\/eldigitaldeasturias","https:\/\/www.youtube.com\/channel\/UCZP-2wLEB9Rv6erhFmqVnvg"],"address":{"@id":"https:\/\/www.eldigitaldeasturias.com\/noticias\/#postaladdress","@type":"PostalAddress","streetAddress":"san antonio 4","postalCode":"33430","addressLocality":"Cand\u00e1s","addressRegion":"Asturias","addressCountry":"ES"}},{"@type":"Person","@id":"https:\/\/www.eldigitaldeasturias.com\/noticias\/author\/admin\/#author","url":"https:\/\/www.eldigitaldeasturias.com\/noticias\/author\/admin\/","name":"El Digital de Asturias","image":{"@type":"ImageObject","@id":"https:\/\/www.eldigitaldeasturias.com\/noticias\/el-tedh-ve-legal-que-se-quemen-fotos-del-rey\/#authorImage","url":"https:\/\/secure.gravatar.com\/avatar\/df2aeffc32bcd13f8d26072ef8a91b623d677766deac7f97ca815868cd41bf5e?s=96&d=mm&r=g","width":96,"height":96,"caption":"El Digital de Asturias"}},{"@type":"WebPage","@id":"https:\/\/www.eldigitaldeasturias.com\/noticias\/el-tedh-ve-legal-que-se-quemen-fotos-del-rey\/#webpage","url":"https:\/\/www.eldigitaldeasturias.com\/noticias\/el-tedh-ve-legal-que-se-quemen-fotos-del-rey\/","name":"El TEDH ve legal que se quemen fotos del rey - El Digital de Asturias","description":"Estrasburgo, 13 mar (dpa) - La Justicia espa\u00f1ola viol\u00f3 los derechos de dos ciudadanos catalanes al condenarlos por quemar una gran foto del rey y la reina en 2007 y deber\u00e1 indemnizarlos, dictamin\u00f3 hoy en Estrasburgo el Tribunal Europeo de Derechos Humanos (TEDH). Los dos hombres fueron condenados a multas de 2.700 euros (3.300 d\u00f3lares)","inLanguage":"es-ES","isPartOf":{"@id":"https:\/\/www.eldigitaldeasturias.com\/noticias\/#website"},"breadcrumb":{"@id":"https:\/\/www.eldigitaldeasturias.com\/noticias\/el-tedh-ve-legal-que-se-quemen-fotos-del-rey\/#breadcrumblist"},"author":{"@id":"https:\/\/www.eldigitaldeasturias.com\/noticias\/author\/admin\/#author"},"creator":{"@id":"https:\/\/www.eldigitaldeasturias.com\/noticias\/author\/admin\/#author"},"image":{"@type":"ImageObject","url":687372,"@id":"https:\/\/www.eldigitaldeasturias.com\/noticias\/el-tedh-ve-legal-que-se-quemen-fotos-del-rey\/#mainImage"},"primaryImageOfPage":{"@id":"https:\/\/www.eldigitaldeasturias.com\/noticias\/el-tedh-ve-legal-que-se-quemen-fotos-del-rey\/#mainImage"},"datePublished":"2018-03-13T23:29:32+01:00","dateModified":"2018-03-13T23:29:32+01:00"},{"@type":"WebSite","@id":"https:\/\/www.eldigitaldeasturias.com\/noticias\/#website","url":"https:\/\/www.eldigitaldeasturias.com\/noticias\/","name":"El Digital de Asturias - Diario de actualidad y noticias","alternateName":"El Digital de Asturias - Diario de actualidad y noticias","description":"Hemeroteca","inLanguage":"es-ES","publisher":{"@id":"https:\/\/www.eldigitaldeasturias.com\/noticias\/#organization"}}]},"og:locale":"es_ES","og:site_name":"El Digital de Asturias","og:type":"article","og:title":"El TEDH ve legal que se quemen fotos del rey - El Digital de Asturias","og:description":"Estrasburgo, 13 mar (dpa) - La Justicia espa\u00f1ola viol\u00f3 los derechos de dos ciudadanos catalanes al condenarlos por quemar una gran foto del rey y la reina en 2007 y deber\u00e1 indemnizarlos, dictamin\u00f3 hoy en Estrasburgo el Tribunal Europeo de Derechos Humanos (TEDH). Los dos hombres fueron condenados a multas de 2.700 euros (3.300 d\u00f3lares)","og:url":"https:\/\/www.eldigitaldeasturias.com\/noticias\/el-tedh-ve-legal-que-se-quemen-fotos-del-rey\/","article:tag":["actualidad","sucesos"],"article:published_time":"2018-03-13T23:29:32+00:00","article:modified_time":"2018-03-13T23:29:32+00:00","article:publisher":"https:\/\/facebook.com\/eldigitaldeasturias","twitter:card":"summary_large_image","twitter:title":"El TEDH ve legal que se quemen fotos del rey - El Digital de Asturias","twitter:description":"Estrasburgo, 13 mar (dpa) - La Justicia espa\u00f1ola viol\u00f3 los derechos de dos ciudadanos catalanes al condenarlos por quemar una gran foto del rey y la reina en 2007 y deber\u00e1 indemnizarlos, dictamin\u00f3 hoy en Estrasburgo el Tribunal Europeo de Derechos Humanos (TEDH). Los dos hombres fueron condenados a multas de 2.700 euros (3.300 d\u00f3lares)","twitter:image":"https:\/\/www.eldigitaldeasturias.com\/noticias\/wp-content\/uploads\/2020\/12\/EDA-1.jpg","twitter:label1":"Escrito por","twitter:data1":"El Digital de Asturias","twitter:label2":"Tiempo de lectura estimado","twitter:data2":"1 minuto"},"aioseo_meta_data":{"post_id":"971847","title":null,"description":null,"keywords":null,"keyphrases":null,"primary_term":null,"canonical_url":null,"og_title":null,"og_description":null,"og_object_type":"default","og_image_type":"default","og_image_url":null,"og_image_width":null,"og_image_height":null,"og_image_custom_url":null,"og_image_custom_fields":null,"og_video":null,"og_custom_url":null,"og_article_section":null,"og_article_tags":null,"twitter_use_og":false,"twitter_card":"default","twitter_image_type":"default","twitter_image_url":null,"twitter_image_custom_url":null,"twitter_image_custom_fields":null,"twitter_title":null,"twitter_description":null,"schema":{"blockGraphs":[],"customGraphs":[],"default":{"data":{"Article":[],"Course":[],"Dataset":[],"FAQPage":[],"Movie":[],"Person":[],"Product":[],"ProductReview":[],"Car":[],"Recipe":[],"Service":[],"SoftwareApplication":[],"WebPage":[]},"graphName":"","isEnabled":true},"graphs":[],"defaultGraph":"","defaultPostTypeGraph":""},"schema_type":null,"schema_type_options":null,"pillar_content":false,"robots_default":true,"robots_noindex":false,"robots_noarchive":false,"robots_nosnippet":false,"robots_nofollow":false,"robots_noimageindex":false,"robots_noodp":false,"robots_notranslate":false,"robots_max_snippet":null,"robots_max_videopreview":null,"robots_max_imagepreview":"large","priority":null,"frequency":null,"local_seo":null,"seo_analyzer_scan_date":"2025-10-07 10:35:11","breadcrumb_settings":null,"limit_modified_date":false,"open_ai":null,"ai":null,"created":"2020-12-21 12:20:36","updated":"2025-10-07 10:35:11","focus_keyword":null,"additional_keywords":null,"truseo_locale":null},"aioseo_breadcrumb":"<div class=\"aioseo-breadcrumbs\"><span class=\"aioseo-breadcrumb\">\n\t<a href=\"https:\/\/www.eldigitaldeasturias.com\/noticias\" title=\"Home\">Home<\/a>\n<\/span><span class=\"aioseo-breadcrumb-separator\">\u2013<\/span><span class=\"aioseo-breadcrumb\">\n\t<a href=\"https:\/\/www.eldigitaldeasturias.com\/noticias\/category\/actualidad\/\" title=\"Actualidad\">Actualidad<\/a>\n<\/span><span class=\"aioseo-breadcrumb-separator\">\u2013<\/span><span class=\"aioseo-breadcrumb\">\n\t<a href=\"https:\/\/www.eldigitaldeasturias.com\/noticias\/el-tedh-ve-legal-que-se-quemen-fotos-del-rey\/\" title=\"El TEDH ve legal que se quemen fotos del rey\">El TEDH ve legal que se quemen fotos del rey<\/a>\n<\/span><\/div>","aioseo_breadcrumb_json":[{"label":"Home","link":"https:\/\/www.eldigitaldeasturias.com\/noticias"},{"label":"Actualidad","link":"https:\/\/www.eldigitaldeasturias.com\/noticias\/category\/actualidad\/"},{"label":"El TEDH ve legal que se quemen fotos del rey","link":"https:\/\/www.eldigitaldeasturias.com\/noticias\/el-tedh-ve-legal-que-se-quemen-fotos-del-rey\/"}],"_links":{"self":[{"href":"https:\/\/www.eldigitaldeasturias.com\/noticias\/wp-json\/wp\/v2\/posts\/971847","targetHints":{"allow":["GET"]}}],"collection":[{"href":"https:\/\/www.eldigitaldeasturias.com\/noticias\/wp-json\/wp\/v2\/posts"}],"about":[{"href":"https:\/\/www.eldigitaldeasturias.com\/noticias\/wp-json\/wp\/v2\/types\/post"}],"author":[{"embeddable":true,"href":"https:\/\/www.eldigitaldeasturias.com\/noticias\/wp-json\/wp\/v2\/users\/1"}],"replies":[{"embeddable":true,"href":"https:\/\/www.eldigitaldeasturias.com\/noticias\/wp-json\/wp\/v2\/comments?post=971847"}],"version-history":[{"count":0,"href":"https:\/\/www.eldigitaldeasturias.com\/noticias\/wp-json\/wp\/v2\/posts\/971847\/revisions"}],"wp:attachment":[{"href":"https:\/\/www.eldigitaldeasturias.com\/noticias\/wp-json\/wp\/v2\/media?parent=971847"}],"wp:term":[{"taxonomy":"category","embeddable":true,"href":"https:\/\/www.eldigitaldeasturias.com\/noticias\/wp-json\/wp\/v2\/categories?post=971847"},{"taxonomy":"post_tag","embeddable":true,"href":"https:\/\/www.eldigitaldeasturias.com\/noticias\/wp-json\/wp\/v2\/tags?post=971847"}],"curies":[{"name":"wp","href":"https:\/\/api.w.org\/{rel}","templated":true}]}}