{"id":971837,"date":"2018-03-13T22:50:26","date_gmt":"2018-03-13T22:50:26","guid":{"rendered":"http:\/\/www.eldigitaldeasturias.com\/noticias\/?p=971837"},"modified":"2018-03-13T22:50:26","modified_gmt":"2018-03-13T22:50:26","slug":"cospedal-reclama-una-autentica-concienciacion-social-en-politica-de-defensa","status":"publish","type":"post","link":"https:\/\/www.eldigitaldeasturias.com\/noticias\/cospedal-reclama-una-autentica-concienciacion-social-en-politica-de-defensa\/","title":{"rendered":"Cospedal reclama una \u00abaut\u00e9ntica concienciaci\u00f3n social\u00bb en pol\u00edtica de defensa"},"content":{"rendered":"<p><img loading=\"lazy\" decoding=\"async\" class=\"alignleft size-medium wp-image-971838\" src=\"https:\/\/www.eldigitaldeasturias.com\/noticias\/wp-content\/uploads\/2018\/03\/130318-cospedal-360x239.jpg\" alt=\"\" width=\"360\" height=\"239\" \/>La ministra de Defensa, Mar\u00eda Dolores de Cospedal, ha asegurado que \u00abtiene que haber una aut\u00e9ntica concienciaci\u00f3n social\u00bb en Espa\u00f1a hacia las necesidades de la pol\u00edtica de Defensa, ya que el pa\u00eds \u00abnecesita a las mejores Fuerzas Armadas\u00bb. \u00abLos espa\u00f1oles tenemos derecho a sentirnos protegidos y para garantizar este derecho fundamental debemos ser conscientes de que no se trata del trabajo de unos pocos\u00bb, sino de \u00abuna tarea de todos y debe estar por encima de colores pol\u00edticos e intereses cortoplacistas\u00bb.<\/p>\n<p>Mar\u00eda Dolores de Cospedal, que ha inaugurado las cuartas jornadas anuales sobre el \u00abEj\u00e9rcito de Tierra y los retos futuros\u00bb en la Escuela de Guerra, ha reivindicado \u00abla apuesta por la defensa como uno de los ejes fundamentales que sirven de sost\u00e9n a cualquier Estado que se preste de serlo y a cualquier Estado que aspire a mantener la seguridad y defender la libertad de sus ciudadanos\u00bb.<\/p>\n<p><strong>Fuerzas armadas preparadas<\/strong><\/p>\n<p>\u00abLa sociedad, d\u00eda a d\u00eda, es m\u00e1s consciente del trabajo que desempe\u00f1an sus militares\u00bb, ha destacado la ministra, quien ha apuntado que \u00abel Gobierno y las Fuerzas Armadas est\u00e1n comprometidos con una defensa fuerte y preparada\u00bb y que ese compromiso de toda la sociedad debe quedar plasmado en los Presupuestos Generales del Estado.<\/p>\n<p>En esta apuesta, Mar\u00eda Dolores de Cospedal ha situado a la industria de defensa nacional como un actor imprescindible, una industria \u00abpotente, volcada en la investigaci\u00f3n y en el desarrollo y comprometida con el futuro de nuestras Fuerzas Armadas\u00bb.<\/p>\n<p>Toda vez que cada euro que se invierte en este sector genera un retorno de hasta dos euros y medio, gracias a la elevada cualificaci\u00f3n de los empleos que propicia, la ministra ha incidido en que \u00abes tambi\u00e9n una cuesti\u00f3n operativa, de dotar a nuestros militares de los instrumentos y herramientas adecuadas para que puedan cumplir con su deber y su misi\u00f3n, que es defender la soberan\u00eda y la seguridad de todos y cada uno de los espa\u00f1oles\u00bb.<\/p>\n<p><strong>El futuro del Ej\u00e9rcito de Tierra<\/strong><\/p>\n<p>\u00abDisponemos hoy de un Ej\u00e9rcito s\u00f3lido y eficaz, cuyo principal activo, los hombres y mujeres que lo forman, est\u00e1n preparados y motivados para cumplir con las demandas y las exigentes misiones que se les requiere\u00bb, ha se\u00f1alado Cospedal en referencia directa a las Fuerzas Terrestres. En concreto, ha resaltado que \u00absi algo define a este Ej\u00e9rcito de Tierra es su constante b\u00fasqueda de la excelencia en todo lo que hace\u00bb.<\/p>\n<p>De este modo, ha puesto como ejemplo la iniciativa Brigada 35, desarrollada de manera experimental en la Brigada de la Legi\u00f3n, y que \u00abmuestra claramente el compromiso del Ej\u00e9rcito de Tierra con su modernizaci\u00f3n y su acercamiento al debate dando un paso adelante efectivo\u00bb.<\/p>\n<p>Las jornadas organizadas por el Ej\u00e9rcito de Tierra continuar\u00e1n a lo largo de ma\u00f1ana, d\u00eda 14, en la Escuela de Guerra. En las mismas se dar\u00e1n cita expertos civiles y militares, que debatir\u00e1n sobre aspectos del \u00e1mbito de la industria, la seguridad, la tecnolog\u00eda de defensa, los recursos financieros o los factores geoestrat\u00e9gicos, humanos, demogr\u00e1ficos y econ\u00f3micos.<\/p>\n","protected":false},"excerpt":{"rendered":"<p>La ministra de Defensa, Mar\u00eda Dolores de Cospedal, ha asegurado que \u00abtiene que haber una aut\u00e9ntica concienciaci\u00f3n social\u00bb en Espa\u00f1a hacia las necesidades de la pol\u00edtica de Defensa, ya que el pa\u00eds \u00abnecesita a las mejores Fuerzas Armadas\u00bb. \u00abLos espa\u00f1oles tenemos derecho a sentirnos protegidos y para garantizar este derecho fundamental debemos ser conscientes de [&hellip;]<\/p>\n","protected":false},"author":1,"featured_media":971838,"comment_status":"closed","ping_status":"closed","sticky":false,"template":"","format":"standard","meta":{"footnotes":""},"categories":[1],"tags":[],"class_list":["post-971837","post","type-post","status-publish","format-standard","has-post-thumbnail","hentry","category-actualidad"],"aioseo_notices":[],"aioseo_head":"\n\t\t<!-- All in One SEO Pro 5.0.1 - aioseo.com -->\n\t<meta name=\"description\" content=\"La ministra de Defensa, Mar\u00eda Dolores de Cospedal, ha asegurado que &quot;tiene que haber una aut\u00e9ntica concienciaci\u00f3n social&quot; en Espa\u00f1a hacia las necesidades de la pol\u00edtica de Defensa, ya que el pa\u00eds &quot;necesita a las mejores Fuerzas Armadas&quot;. &quot;Los espa\u00f1oles tenemos derecho a sentirnos protegidos y para garantizar este derecho fundamental debemos ser conscientes de\" \/>\n\t<meta name=\"robots\" content=\"max-image-preview:large\" \/>\n\t<meta name=\"author\" content=\"El Digital de Asturias\"\/>\n\t<meta name=\"google-site-verification\" content=\"UA-38556648-1\" \/>\n\t<meta name=\"msvalidate.01\" content=\"7dfe9f3f1b24437ab69f4f2559babe99\" \/>\n\t<meta name=\"keywords\" content=\"actualidad\" \/>\n\t<link rel=\"canonical\" href=\"https:\/\/www.eldigitaldeasturias.com\/noticias\/cospedal-reclama-una-autentica-concienciacion-social-en-politica-de-defensa\/\" \/>\n\t<meta name=\"generator\" content=\"All in One SEO Pro (AIOSEO) 5.0.1\" \/>\n\t\t<meta property=\"og:locale\" content=\"es_ES\" \/>\n\t\t<meta property=\"og:site_name\" content=\"El Digital de Asturias\" \/>\n\t\t<meta property=\"og:type\" content=\"article\" \/>\n\t\t<meta property=\"og:title\" content=\"Cospedal reclama una \u00abaut\u00e9ntica concienciaci\u00f3n social\u00bb en pol\u00edtica de defensa - El Digital de Asturias\" \/>\n\t\t<meta property=\"og:description\" content=\"La ministra de Defensa, Mar\u00eda Dolores de Cospedal, ha asegurado que &quot;tiene que haber una aut\u00e9ntica concienciaci\u00f3n social&quot; en Espa\u00f1a hacia las necesidades de la pol\u00edtica de Defensa, ya que el pa\u00eds &quot;necesita a las mejores Fuerzas Armadas&quot;. &quot;Los espa\u00f1oles tenemos derecho a sentirnos protegidos y para garantizar este derecho fundamental debemos ser conscientes de\" \/>\n\t\t<meta property=\"og:url\" content=\"https:\/\/www.eldigitaldeasturias.com\/noticias\/cospedal-reclama-una-autentica-concienciacion-social-en-politica-de-defensa\/\" \/>\n\t\t<meta property=\"article:tag\" content=\"actualidad\" \/>\n\t\t<meta property=\"article:published_time\" content=\"2018-03-13T22:50:26+00:00\" \/>\n\t\t<meta property=\"article:modified_time\" content=\"2018-03-13T22:50:26+00:00\" \/>\n\t\t<meta property=\"article:publisher\" content=\"https:\/\/facebook.com\/eldigitaldeasturias\" \/>\n\t\t<meta name=\"twitter:card\" content=\"summary_large_image\" \/>\n\t\t<meta name=\"twitter:title\" content=\"Cospedal reclama una \u00abaut\u00e9ntica concienciaci\u00f3n social\u00bb en pol\u00edtica de defensa - El Digital de Asturias\" \/>\n\t\t<meta name=\"twitter:description\" content=\"La ministra de Defensa, Mar\u00eda Dolores de Cospedal, ha asegurado que &quot;tiene que haber una aut\u00e9ntica concienciaci\u00f3n social&quot; en Espa\u00f1a hacia las necesidades de la pol\u00edtica de Defensa, ya que el pa\u00eds &quot;necesita a las mejores Fuerzas Armadas&quot;. &quot;Los espa\u00f1oles tenemos derecho a sentirnos protegidos y para garantizar este derecho fundamental debemos ser conscientes de\" \/>\n\t\t<meta name=\"twitter:image\" content=\"https:\/\/www.eldigitaldeasturias.com\/noticias\/wp-content\/uploads\/2020\/12\/EDA-1.jpg\" \/>\n\t\t<meta name=\"twitter:label1\" content=\"Escrito por\" \/>\n\t\t<meta name=\"twitter:data1\" content=\"El Digital de Asturias\" \/>\n\t\t<meta name=\"twitter:label2\" content=\"Tiempo de lectura estimado\" \/>\n\t\t<meta name=\"twitter:data2\" content=\"3 minutos\" \/>\n\t\t<script type=\"application\/ld+json\" class=\"aioseo-schema\">\n\t\t\t{\"@context\":\"https:\\\/\\\/schema.org\",\"@graph\":[{\"@type\":\"BlogPosting\",\"@id\":\"https:\\\/\\\/www.eldigitaldeasturias.com\\\/noticias\\\/cospedal-reclama-una-autentica-concienciacion-social-en-politica-de-defensa\\\/#blogposting\",\"name\":\"Cospedal reclama una \\u00abaut\\u00e9ntica concienciaci\\u00f3n social\\u00bb en pol\\u00edtica de defensa - El Digital de Asturias\",\"headline\":\"Cospedal reclama una \\u00abaut\\u00e9ntica concienciaci\\u00f3n social\\u00bb en pol\\u00edtica de defensa\",\"author\":{\"@id\":\"https:\\\/\\\/www.eldigitaldeasturias.com\\\/noticias\\\/author\\\/admin\\\/#author\"},\"publisher\":{\"@id\":\"https:\\\/\\\/www.eldigitaldeasturias.com\\\/noticias\\\/#organization\"},\"image\":{\"@type\":\"ImageObject\",\"url\":971838},\"datePublished\":\"2018-03-13T22:50:26+01:00\",\"dateModified\":\"2018-03-13T22:50:26+01:00\",\"inLanguage\":\"es-ES\",\"mainEntityOfPage\":{\"@id\":\"https:\\\/\\\/www.eldigitaldeasturias.com\\\/noticias\\\/cospedal-reclama-una-autentica-concienciacion-social-en-politica-de-defensa\\\/#webpage\"},\"isPartOf\":{\"@id\":\"https:\\\/\\\/www.eldigitaldeasturias.com\\\/noticias\\\/cospedal-reclama-una-autentica-concienciacion-social-en-politica-de-defensa\\\/#webpage\"},\"articleSection\":\"Actualidad\"},{\"@type\":\"BreadcrumbList\",\"@id\":\"https:\\\/\\\/www.eldigitaldeasturias.com\\\/noticias\\\/cospedal-reclama-una-autentica-concienciacion-social-en-politica-de-defensa\\\/#breadcrumblist\",\"itemListElement\":[{\"@type\":\"ListItem\",\"@id\":\"https:\\\/\\\/www.eldigitaldeasturias.com\\\/noticias#listItem\",\"position\":1,\"name\":\"Home\",\"item\":\"https:\\\/\\\/www.eldigitaldeasturias.com\\\/noticias\",\"nextItem\":{\"@type\":\"ListItem\",\"@id\":\"https:\\\/\\\/www.eldigitaldeasturias.com\\\/noticias\\\/category\\\/actualidad\\\/#listItem\",\"name\":\"Actualidad\"}},{\"@type\":\"ListItem\",\"@id\":\"https:\\\/\\\/www.eldigitaldeasturias.com\\\/noticias\\\/category\\\/actualidad\\\/#listItem\",\"position\":2,\"name\":\"Actualidad\",\"item\":\"https:\\\/\\\/www.eldigitaldeasturias.com\\\/noticias\\\/category\\\/actualidad\\\/\",\"nextItem\":{\"@type\":\"ListItem\",\"@id\":\"https:\\\/\\\/www.eldigitaldeasturias.com\\\/noticias\\\/cospedal-reclama-una-autentica-concienciacion-social-en-politica-de-defensa\\\/#listItem\",\"name\":\"Cospedal reclama una \\u00abaut\\u00e9ntica concienciaci\\u00f3n social\\u00bb en pol\\u00edtica de defensa\"},\"previousItem\":{\"@type\":\"ListItem\",\"@id\":\"https:\\\/\\\/www.eldigitaldeasturias.com\\\/noticias#listItem\",\"name\":\"Home\"}},{\"@type\":\"ListItem\",\"@id\":\"https:\\\/\\\/www.eldigitaldeasturias.com\\\/noticias\\\/cospedal-reclama-una-autentica-concienciacion-social-en-politica-de-defensa\\\/#listItem\",\"position\":3,\"name\":\"Cospedal reclama una \\u00abaut\\u00e9ntica concienciaci\\u00f3n social\\u00bb en pol\\u00edtica de defensa\",\"previousItem\":{\"@type\":\"ListItem\",\"@id\":\"https:\\\/\\\/www.eldigitaldeasturias.com\\\/noticias\\\/category\\\/actualidad\\\/#listItem\",\"name\":\"Actualidad\"}}]},{\"@type\":\"Organization\",\"@id\":\"https:\\\/\\\/www.eldigitaldeasturias.com\\\/noticias\\\/#organization\",\"name\":\"El Digital de Asturias\",\"description\":\"Hemeroteca\",\"url\":\"https:\\\/\\\/www.eldigitaldeasturias.com\\\/noticias\\\/\",\"email\":\"info@eldigitaldeasturias.com\",\"telephone\":\"+34652131393\",\"logo\":{\"@type\":\"ImageObject\",\"url\":\"https:\\\/\\\/www.eldigitaldeasturias.com\\\/noticias\\\/wp-content\\\/uploads\\\/2020\\\/12\\\/EDA.jpg\",\"@id\":\"https:\\\/\\\/www.eldigitaldeasturias.com\\\/noticias\\\/cospedal-reclama-una-autentica-concienciacion-social-en-politica-de-defensa\\\/#organizationLogo\"},\"image\":{\"@id\":\"https:\\\/\\\/www.eldigitaldeasturias.com\\\/noticias\\\/cospedal-reclama-una-autentica-concienciacion-social-en-politica-de-defensa\\\/#organizationLogo\"},\"sameAs\":[\"https:\\\/\\\/facebook.com\\\/eldigitaldeasturias\",\"https:\\\/\\\/www.youtube.com\\\/channel\\\/UCZP-2wLEB9Rv6erhFmqVnvg\"],\"address\":{\"@id\":\"https:\\\/\\\/www.eldigitaldeasturias.com\\\/noticias\\\/#postaladdress\",\"@type\":\"PostalAddress\",\"streetAddress\":\"san antonio 4\",\"postalCode\":\"33430\",\"addressLocality\":\"Cand\\u00e1s\",\"addressRegion\":\"Asturias\",\"addressCountry\":\"ES\"}},{\"@type\":\"Person\",\"@id\":\"https:\\\/\\\/www.eldigitaldeasturias.com\\\/noticias\\\/author\\\/admin\\\/#author\",\"url\":\"https:\\\/\\\/www.eldigitaldeasturias.com\\\/noticias\\\/author\\\/admin\\\/\",\"name\":\"El Digital de Asturias\",\"image\":{\"@type\":\"ImageObject\",\"@id\":\"https:\\\/\\\/www.eldigitaldeasturias.com\\\/noticias\\\/cospedal-reclama-una-autentica-concienciacion-social-en-politica-de-defensa\\\/#authorImage\",\"url\":\"https:\\\/\\\/secure.gravatar.com\\\/avatar\\\/df2aeffc32bcd13f8d26072ef8a91b623d677766deac7f97ca815868cd41bf5e?s=96&d=mm&r=g\",\"width\":96,\"height\":96,\"caption\":\"El Digital de Asturias\"}},{\"@type\":\"WebPage\",\"@id\":\"https:\\\/\\\/www.eldigitaldeasturias.com\\\/noticias\\\/cospedal-reclama-una-autentica-concienciacion-social-en-politica-de-defensa\\\/#webpage\",\"url\":\"https:\\\/\\\/www.eldigitaldeasturias.com\\\/noticias\\\/cospedal-reclama-una-autentica-concienciacion-social-en-politica-de-defensa\\\/\",\"name\":\"Cospedal reclama una \\u00abaut\\u00e9ntica concienciaci\\u00f3n social\\u00bb en pol\\u00edtica de defensa - El Digital de Asturias\",\"description\":\"La ministra de Defensa, Mar\\u00eda Dolores de Cospedal, ha asegurado que \\\"tiene que haber una aut\\u00e9ntica concienciaci\\u00f3n social\\\" en Espa\\u00f1a hacia las necesidades de la pol\\u00edtica de Defensa, ya que el pa\\u00eds \\\"necesita a las mejores Fuerzas Armadas\\\". \\\"Los espa\\u00f1oles tenemos derecho a sentirnos protegidos y para garantizar este derecho fundamental debemos ser conscientes de\",\"inLanguage\":\"es-ES\",\"isPartOf\":{\"@id\":\"https:\\\/\\\/www.eldigitaldeasturias.com\\\/noticias\\\/#website\"},\"breadcrumb\":{\"@id\":\"https:\\\/\\\/www.eldigitaldeasturias.com\\\/noticias\\\/cospedal-reclama-una-autentica-concienciacion-social-en-politica-de-defensa\\\/#breadcrumblist\"},\"author\":{\"@id\":\"https:\\\/\\\/www.eldigitaldeasturias.com\\\/noticias\\\/author\\\/admin\\\/#author\"},\"creator\":{\"@id\":\"https:\\\/\\\/www.eldigitaldeasturias.com\\\/noticias\\\/author\\\/admin\\\/#author\"},\"image\":{\"@type\":\"ImageObject\",\"url\":971838,\"@id\":\"https:\\\/\\\/www.eldigitaldeasturias.com\\\/noticias\\\/cospedal-reclama-una-autentica-concienciacion-social-en-politica-de-defensa\\\/#mainImage\"},\"primaryImageOfPage\":{\"@id\":\"https:\\\/\\\/www.eldigitaldeasturias.com\\\/noticias\\\/cospedal-reclama-una-autentica-concienciacion-social-en-politica-de-defensa\\\/#mainImage\"},\"datePublished\":\"2018-03-13T22:50:26+01:00\",\"dateModified\":\"2018-03-13T22:50:26+01:00\"},{\"@type\":\"WebSite\",\"@id\":\"https:\\\/\\\/www.eldigitaldeasturias.com\\\/noticias\\\/#website\",\"url\":\"https:\\\/\\\/www.eldigitaldeasturias.com\\\/noticias\\\/\",\"name\":\"El Digital de Asturias - Diario de actualidad y noticias\",\"alternateName\":\"El Digital de Asturias - Diario de actualidad y noticias\",\"description\":\"Hemeroteca\",\"inLanguage\":\"es-ES\",\"publisher\":{\"@id\":\"https:\\\/\\\/www.eldigitaldeasturias.com\\\/noticias\\\/#organization\"}}]}\n\t\t<\/script>\n\t\t<!-- All in One SEO Pro -->\r\n\t\t<title>Cospedal reclama una \u00abaut\u00e9ntica concienciaci\u00f3n social\u00bb en pol\u00edtica de defensa - El Digital de Asturias<\/title>\n\n","aioseo_head_json":{"title":"Cospedal reclama una \u00abaut\u00e9ntica concienciaci\u00f3n social\u00bb en pol\u00edtica de defensa - El Digital de Asturias","description":"La ministra de Defensa, Mar\u00eda Dolores de Cospedal, ha asegurado que \"tiene que haber una aut\u00e9ntica concienciaci\u00f3n social\" en Espa\u00f1a hacia las necesidades de la pol\u00edtica de Defensa, ya que el pa\u00eds \"necesita a las mejores Fuerzas Armadas\". \"Los espa\u00f1oles tenemos derecho a sentirnos protegidos y para garantizar este derecho fundamental debemos ser conscientes de","canonical_url":"https:\/\/www.eldigitaldeasturias.com\/noticias\/cospedal-reclama-una-autentica-concienciacion-social-en-politica-de-defensa\/","robots":"max-image-preview:large","keywords":"actualidad","webmasterTools":{"google-site-verification":"UA-38556648-1","msvalidate.01":"7dfe9f3f1b24437ab69f4f2559babe99","miscellaneous":""},"schema":{"@context":"https:\/\/schema.org","@graph":[{"@type":"BlogPosting","@id":"https:\/\/www.eldigitaldeasturias.com\/noticias\/cospedal-reclama-una-autentica-concienciacion-social-en-politica-de-defensa\/#blogposting","name":"Cospedal reclama una \u00abaut\u00e9ntica concienciaci\u00f3n social\u00bb en pol\u00edtica de defensa - El Digital de Asturias","headline":"Cospedal reclama una \u00abaut\u00e9ntica concienciaci\u00f3n social\u00bb en pol\u00edtica de defensa","author":{"@id":"https:\/\/www.eldigitaldeasturias.com\/noticias\/author\/admin\/#author"},"publisher":{"@id":"https:\/\/www.eldigitaldeasturias.com\/noticias\/#organization"},"image":{"@type":"ImageObject","url":971838},"datePublished":"2018-03-13T22:50:26+01:00","dateModified":"2018-03-13T22:50:26+01:00","inLanguage":"es-ES","mainEntityOfPage":{"@id":"https:\/\/www.eldigitaldeasturias.com\/noticias\/cospedal-reclama-una-autentica-concienciacion-social-en-politica-de-defensa\/#webpage"},"isPartOf":{"@id":"https:\/\/www.eldigitaldeasturias.com\/noticias\/cospedal-reclama-una-autentica-concienciacion-social-en-politica-de-defensa\/#webpage"},"articleSection":"Actualidad"},{"@type":"BreadcrumbList","@id":"https:\/\/www.eldigitaldeasturias.com\/noticias\/cospedal-reclama-una-autentica-concienciacion-social-en-politica-de-defensa\/#breadcrumblist","itemListElement":[{"@type":"ListItem","@id":"https:\/\/www.eldigitaldeasturias.com\/noticias#listItem","position":1,"name":"Home","item":"https:\/\/www.eldigitaldeasturias.com\/noticias","nextItem":{"@type":"ListItem","@id":"https:\/\/www.eldigitaldeasturias.com\/noticias\/category\/actualidad\/#listItem","name":"Actualidad"}},{"@type":"ListItem","@id":"https:\/\/www.eldigitaldeasturias.com\/noticias\/category\/actualidad\/#listItem","position":2,"name":"Actualidad","item":"https:\/\/www.eldigitaldeasturias.com\/noticias\/category\/actualidad\/","nextItem":{"@type":"ListItem","@id":"https:\/\/www.eldigitaldeasturias.com\/noticias\/cospedal-reclama-una-autentica-concienciacion-social-en-politica-de-defensa\/#listItem","name":"Cospedal reclama una \u00abaut\u00e9ntica concienciaci\u00f3n social\u00bb en pol\u00edtica de defensa"},"previousItem":{"@type":"ListItem","@id":"https:\/\/www.eldigitaldeasturias.com\/noticias#listItem","name":"Home"}},{"@type":"ListItem","@id":"https:\/\/www.eldigitaldeasturias.com\/noticias\/cospedal-reclama-una-autentica-concienciacion-social-en-politica-de-defensa\/#listItem","position":3,"name":"Cospedal reclama una \u00abaut\u00e9ntica concienciaci\u00f3n social\u00bb en pol\u00edtica de defensa","previousItem":{"@type":"ListItem","@id":"https:\/\/www.eldigitaldeasturias.com\/noticias\/category\/actualidad\/#listItem","name":"Actualidad"}}]},{"@type":"Organization","@id":"https:\/\/www.eldigitaldeasturias.com\/noticias\/#organization","name":"El Digital de Asturias","description":"Hemeroteca","url":"https:\/\/www.eldigitaldeasturias.com\/noticias\/","email":"info@eldigitaldeasturias.com","telephone":"+34652131393","logo":{"@type":"ImageObject","url":"https:\/\/www.eldigitaldeasturias.com\/noticias\/wp-content\/uploads\/2020\/12\/EDA.jpg","@id":"https:\/\/www.eldigitaldeasturias.com\/noticias\/cospedal-reclama-una-autentica-concienciacion-social-en-politica-de-defensa\/#organizationLogo"},"image":{"@id":"https:\/\/www.eldigitaldeasturias.com\/noticias\/cospedal-reclama-una-autentica-concienciacion-social-en-politica-de-defensa\/#organizationLogo"},"sameAs":["https:\/\/facebook.com\/eldigitaldeasturias","https:\/\/www.youtube.com\/channel\/UCZP-2wLEB9Rv6erhFmqVnvg"],"address":{"@id":"https:\/\/www.eldigitaldeasturias.com\/noticias\/#postaladdress","@type":"PostalAddress","streetAddress":"san antonio 4","postalCode":"33430","addressLocality":"Cand\u00e1s","addressRegion":"Asturias","addressCountry":"ES"}},{"@type":"Person","@id":"https:\/\/www.eldigitaldeasturias.com\/noticias\/author\/admin\/#author","url":"https:\/\/www.eldigitaldeasturias.com\/noticias\/author\/admin\/","name":"El Digital de Asturias","image":{"@type":"ImageObject","@id":"https:\/\/www.eldigitaldeasturias.com\/noticias\/cospedal-reclama-una-autentica-concienciacion-social-en-politica-de-defensa\/#authorImage","url":"https:\/\/secure.gravatar.com\/avatar\/df2aeffc32bcd13f8d26072ef8a91b623d677766deac7f97ca815868cd41bf5e?s=96&d=mm&r=g","width":96,"height":96,"caption":"El Digital de Asturias"}},{"@type":"WebPage","@id":"https:\/\/www.eldigitaldeasturias.com\/noticias\/cospedal-reclama-una-autentica-concienciacion-social-en-politica-de-defensa\/#webpage","url":"https:\/\/www.eldigitaldeasturias.com\/noticias\/cospedal-reclama-una-autentica-concienciacion-social-en-politica-de-defensa\/","name":"Cospedal reclama una \u00abaut\u00e9ntica concienciaci\u00f3n social\u00bb en pol\u00edtica de defensa - El Digital de Asturias","description":"La ministra de Defensa, Mar\u00eda Dolores de Cospedal, ha asegurado que \"tiene que haber una aut\u00e9ntica concienciaci\u00f3n social\" en Espa\u00f1a hacia las necesidades de la pol\u00edtica de Defensa, ya que el pa\u00eds \"necesita a las mejores Fuerzas Armadas\". \"Los espa\u00f1oles tenemos derecho a sentirnos protegidos y para garantizar este derecho fundamental debemos ser conscientes de","inLanguage":"es-ES","isPartOf":{"@id":"https:\/\/www.eldigitaldeasturias.com\/noticias\/#website"},"breadcrumb":{"@id":"https:\/\/www.eldigitaldeasturias.com\/noticias\/cospedal-reclama-una-autentica-concienciacion-social-en-politica-de-defensa\/#breadcrumblist"},"author":{"@id":"https:\/\/www.eldigitaldeasturias.com\/noticias\/author\/admin\/#author"},"creator":{"@id":"https:\/\/www.eldigitaldeasturias.com\/noticias\/author\/admin\/#author"},"image":{"@type":"ImageObject","url":971838,"@id":"https:\/\/www.eldigitaldeasturias.com\/noticias\/cospedal-reclama-una-autentica-concienciacion-social-en-politica-de-defensa\/#mainImage"},"primaryImageOfPage":{"@id":"https:\/\/www.eldigitaldeasturias.com\/noticias\/cospedal-reclama-una-autentica-concienciacion-social-en-politica-de-defensa\/#mainImage"},"datePublished":"2018-03-13T22:50:26+01:00","dateModified":"2018-03-13T22:50:26+01:00"},{"@type":"WebSite","@id":"https:\/\/www.eldigitaldeasturias.com\/noticias\/#website","url":"https:\/\/www.eldigitaldeasturias.com\/noticias\/","name":"El Digital de Asturias - Diario de actualidad y noticias","alternateName":"El Digital de Asturias - Diario de actualidad y noticias","description":"Hemeroteca","inLanguage":"es-ES","publisher":{"@id":"https:\/\/www.eldigitaldeasturias.com\/noticias\/#organization"}}]},"og:locale":"es_ES","og:site_name":"El Digital de Asturias","og:type":"article","og:title":"Cospedal reclama una \u00abaut\u00e9ntica concienciaci\u00f3n social\u00bb en pol\u00edtica de defensa - El Digital de Asturias","og:description":"La ministra de Defensa, Mar\u00eda Dolores de Cospedal, ha asegurado que &quot;tiene que haber una aut\u00e9ntica concienciaci\u00f3n social&quot; en Espa\u00f1a hacia las necesidades de la pol\u00edtica de Defensa, ya que el pa\u00eds &quot;necesita a las mejores Fuerzas Armadas&quot;. &quot;Los espa\u00f1oles tenemos derecho a sentirnos protegidos y para garantizar este derecho fundamental debemos ser conscientes de","og:url":"https:\/\/www.eldigitaldeasturias.com\/noticias\/cospedal-reclama-una-autentica-concienciacion-social-en-politica-de-defensa\/","article:tag":["actualidad"],"article:published_time":"2018-03-13T22:50:26+00:00","article:modified_time":"2018-03-13T22:50:26+00:00","article:publisher":"https:\/\/facebook.com\/eldigitaldeasturias","twitter:card":"summary_large_image","twitter:title":"Cospedal reclama una \u00abaut\u00e9ntica concienciaci\u00f3n social\u00bb en pol\u00edtica de defensa - El Digital de Asturias","twitter:description":"La ministra de Defensa, Mar\u00eda Dolores de Cospedal, ha asegurado que &quot;tiene que haber una aut\u00e9ntica concienciaci\u00f3n social&quot; en Espa\u00f1a hacia las necesidades de la pol\u00edtica de Defensa, ya que el pa\u00eds &quot;necesita a las mejores Fuerzas Armadas&quot;. &quot;Los espa\u00f1oles tenemos derecho a sentirnos protegidos y para garantizar este derecho fundamental debemos ser conscientes de","twitter:image":"https:\/\/www.eldigitaldeasturias.com\/noticias\/wp-content\/uploads\/2020\/12\/EDA-1.jpg","twitter:label1":"Escrito por","twitter:data1":"El Digital de Asturias","twitter:label2":"Tiempo de lectura estimado","twitter:data2":"3 minutos"},"aioseo_meta_data":{"post_id":"971837","title":null,"description":null,"keywords":null,"keyphrases":null,"primary_term":null,"canonical_url":null,"og_title":null,"og_description":null,"og_object_type":"default","og_image_type":"default","og_image_url":null,"og_image_width":null,"og_image_height":null,"og_image_custom_url":null,"og_image_custom_fields":null,"og_video":null,"og_custom_url":null,"og_article_section":null,"og_article_tags":null,"twitter_use_og":false,"twitter_card":"default","twitter_image_type":"default","twitter_image_url":null,"twitter_image_custom_url":null,"twitter_image_custom_fields":null,"twitter_title":null,"twitter_description":null,"schema":{"blockGraphs":[],"customGraphs":[],"default":{"data":{"Article":[],"Course":[],"Dataset":[],"FAQPage":[],"Movie":[],"Person":[],"Product":[],"ProductReview":[],"Car":[],"Recipe":[],"Service":[],"SoftwareApplication":[],"WebPage":[]},"graphName":"","isEnabled":true},"graphs":[],"defaultGraph":"","defaultPostTypeGraph":""},"schema_type":null,"schema_type_options":null,"pillar_content":false,"robots_default":true,"robots_noindex":false,"robots_noarchive":false,"robots_nosnippet":false,"robots_nofollow":false,"robots_noimageindex":false,"robots_noodp":false,"robots_notranslate":false,"robots_max_snippet":null,"robots_max_videopreview":null,"robots_max_imagepreview":"large","priority":null,"frequency":null,"local_seo":null,"seo_analyzer_scan_date":"2025-10-07 10:33:32","breadcrumb_settings":null,"limit_modified_date":false,"open_ai":null,"ai":null,"created":"2020-12-21 12:20:36","updated":"2025-10-07 10:33:32","focus_keyword":null,"additional_keywords":null,"truseo_locale":null},"aioseo_breadcrumb":"<div class=\"aioseo-breadcrumbs\"><span class=\"aioseo-breadcrumb\">\n\t<a href=\"https:\/\/www.eldigitaldeasturias.com\/noticias\" title=\"Home\">Home<\/a>\n<\/span><span class=\"aioseo-breadcrumb-separator\">\u2013<\/span><span class=\"aioseo-breadcrumb\">\n\t<a href=\"https:\/\/www.eldigitaldeasturias.com\/noticias\/category\/actualidad\/\" title=\"Actualidad\">Actualidad<\/a>\n<\/span><span class=\"aioseo-breadcrumb-separator\">\u2013<\/span><span class=\"aioseo-breadcrumb\">\n\t<a href=\"https:\/\/www.eldigitaldeasturias.com\/noticias\/cospedal-reclama-una-autentica-concienciacion-social-en-politica-de-defensa\/\" title=\"Cospedal reclama una \u00abaut\u00e9ntica concienciaci\u00f3n social\u00bb en pol\u00edtica de defensa\">Cospedal reclama una \u00abaut\u00e9ntica concienciaci\u00f3n social\u00bb en pol\u00edtica de defensa<\/a>\n<\/span><\/div>","aioseo_breadcrumb_json":[{"label":"Home","link":"https:\/\/www.eldigitaldeasturias.com\/noticias"},{"label":"Actualidad","link":"https:\/\/www.eldigitaldeasturias.com\/noticias\/category\/actualidad\/"},{"label":"Cospedal reclama una \u00abaut\u00e9ntica concienciaci\u00f3n social\u00bb en pol\u00edtica de defensa","link":"https:\/\/www.eldigitaldeasturias.com\/noticias\/cospedal-reclama-una-autentica-concienciacion-social-en-politica-de-defensa\/"}],"_links":{"self":[{"href":"https:\/\/www.eldigitaldeasturias.com\/noticias\/wp-json\/wp\/v2\/posts\/971837","targetHints":{"allow":["GET"]}}],"collection":[{"href":"https:\/\/www.eldigitaldeasturias.com\/noticias\/wp-json\/wp\/v2\/posts"}],"about":[{"href":"https:\/\/www.eldigitaldeasturias.com\/noticias\/wp-json\/wp\/v2\/types\/post"}],"author":[{"embeddable":true,"href":"https:\/\/www.eldigitaldeasturias.com\/noticias\/wp-json\/wp\/v2\/users\/1"}],"replies":[{"embeddable":true,"href":"https:\/\/www.eldigitaldeasturias.com\/noticias\/wp-json\/wp\/v2\/comments?post=971837"}],"version-history":[{"count":0,"href":"https:\/\/www.eldigitaldeasturias.com\/noticias\/wp-json\/wp\/v2\/posts\/971837\/revisions"}],"wp:attachment":[{"href":"https:\/\/www.eldigitaldeasturias.com\/noticias\/wp-json\/wp\/v2\/media?parent=971837"}],"wp:term":[{"taxonomy":"category","embeddable":true,"href":"https:\/\/www.eldigitaldeasturias.com\/noticias\/wp-json\/wp\/v2\/categories?post=971837"},{"taxonomy":"post_tag","embeddable":true,"href":"https:\/\/www.eldigitaldeasturias.com\/noticias\/wp-json\/wp\/v2\/tags?post=971837"}],"curies":[{"name":"wp","href":"https:\/\/api.w.org\/{rel}","templated":true}]}}