{"id":971834,"date":"2018-03-13T22:48:35","date_gmt":"2018-03-13T22:48:35","guid":{"rendered":"http:\/\/www.eldigitaldeasturias.com\/noticias\/?p=971834"},"modified":"2018-03-13T22:48:35","modified_gmt":"2018-03-13T22:48:35","slug":"el-ministerio-de-defensa-y-rtve-colaboran-en-la-difusion-del-v-centenario-de-la-primera-vuelta-al-mundo","status":"publish","type":"post","link":"https:\/\/www.eldigitaldeasturias.com\/noticias\/el-ministerio-de-defensa-y-rtve-colaboran-en-la-difusion-del-v-centenario-de-la-primera-vuelta-al-mundo\/","title":{"rendered":"El Ministerio de Defensa y RTVE colaboran en la difusi\u00f3n del V centenario de la primera vuelta al mundo"},"content":{"rendered":"<p><img loading=\"lazy\" decoding=\"async\" class=\"alignleft size-medium wp-image-971835\" src=\"https:\/\/www.eldigitaldeasturias.com\/noticias\/wp-content\/uploads\/2018\/03\/130318Magallanes-360x239.jpg\" alt=\"\" width=\"360\" height=\"239\" \/>La ministra de Defensa, Mar\u00eda Dolores de Cospedal, y el presidente de la Corporaci\u00f3n RTVE, Jos\u00e9 Antonio S\u00e1nchez, han firmado un convenio de colaboraci\u00f3n para la realizaci\u00f3n de diferentes actividades con motivo del V centenario de la primera vuelta al mundo, haza\u00f1a naval promovida por la Corona espa\u00f1ola que, capitaneada inicialmente por Fernando de Magallanes, fue culminada por Juan Sebasti\u00e1n de Elcano tres a\u00f1os despu\u00e9s.<\/p>\n<p>\u200bCon la firma de este convenio de colaboraci\u00f3n, el Ministerio de Defensa facilitar\u00e1 a RTVE la realizaci\u00f3n de actividades que se programen de com\u00fan acuerdo y le proporcionar\u00e1 las informaciones necesarias para el cumplimiento de la tarea divulgativa del aniversario.<\/p>\n<p>Por su parte, RTVE participar\u00e1 en la promoci\u00f3n de los acontecimientos relacionados con el V aniversario que sean considerados de especial relevancia a trav\u00e9s de todos sus canales de televisi\u00f3n, radio y web, al tiempo que permitir\u00e1 estudiar la posibilidad de poner en marcha nuevos proyectos audiovisuales relacionados con el centenario, prestando especial atenci\u00f3n a la posible producci\u00f3n de series de ficci\u00f3n sobre la primera vuelta al mundo y documentales sobre esta haza\u00f1a naval.<\/p>\n<p>El convenio firmado hoy estar\u00e1 vigente durante un plazo de 4 a\u00f1os y contempla la creaci\u00f3n de una comisi\u00f3n mixta para coordinar y controlar la ejecuci\u00f3n de las actividades previstas en el convenio.<\/p>\n<p><strong>Hito hist\u00f3rico<\/strong><\/p>\n<p>En 2019 se cumple el quinto centenario del inicio de la expedici\u00f3n naval promovida por la Corona de Espa\u00f1a y capitaneada inicialmente por el navegante portugu\u00e9s al servicio de la Corona espa\u00f1ola Fernando de Magallanes, con el prop\u00f3sito de abrir una nueva ruta a las islas de la Especier\u00eda.<\/p>\n<p>Tras semanas de preparativos, la expedici\u00f3n zarp\u00f3 de Sanl\u00facar de Barrameda en 1519 con cinco naves y 265 hombres para regresar, al cabo de tres a\u00f1os, tras completar la vuelta al globo, \u00fanicamente integrada por 18 supervivientes y la nao &#8216;Victoria&#8217;, al mando del guipuzcoano Juan Sebasti\u00e1n de Elcano.<\/p>\n<p>Este periplo de la marina espa\u00f1ola -a trav\u00e9s de los oc\u00e9anos Atl\u00e1ntico, Pac\u00edfico e \u00cdndico y los cinco continentes- supuso un decisivo avance cient\u00edfico al confirmar la redondez de la Tierra, revalidando el legado de la antig\u00fcedad, y un paso de gigante en la apertura a escala mundial de los conocimientos, las comunicaciones y los intercambios de todo orden, as\u00ed como en el desarrollo y proyecci\u00f3n de Europa.<\/p>\n<p>&nbsp;<\/p>\n<p>&nbsp;<\/p>\n","protected":false},"excerpt":{"rendered":"<p>La ministra de Defensa, Mar\u00eda Dolores de Cospedal, y el presidente de la Corporaci\u00f3n RTVE, Jos\u00e9 Antonio S\u00e1nchez, han firmado un convenio de colaboraci\u00f3n para la realizaci\u00f3n de diferentes actividades con motivo del V centenario de la primera vuelta al mundo, haza\u00f1a naval promovida por la Corona espa\u00f1ola que, capitaneada inicialmente por Fernando de Magallanes, [&hellip;]<\/p>\n","protected":false},"author":1,"featured_media":971835,"comment_status":"closed","ping_status":"closed","sticky":false,"template":"","format":"standard","meta":{"footnotes":""},"categories":[1],"tags":[],"class_list":["post-971834","post","type-post","status-publish","format-standard","has-post-thumbnail","hentry","category-actualidad"],"aioseo_notices":[],"aioseo_head":"\n\t\t<!-- All in One SEO Pro 5.0.1 - aioseo.com -->\n\t<meta name=\"description\" content=\"La ministra de Defensa, Mar\u00eda Dolores de Cospedal, y el presidente de la Corporaci\u00f3n RTVE, Jos\u00e9 Antonio S\u00e1nchez, han firmado un convenio de colaboraci\u00f3n para la realizaci\u00f3n de diferentes actividades con motivo del V centenario de la primera vuelta al mundo, haza\u00f1a naval promovida por la Corona espa\u00f1ola que, capitaneada inicialmente por Fernando de Magallanes,\" \/>\n\t<meta name=\"robots\" content=\"max-image-preview:large\" \/>\n\t<meta name=\"author\" content=\"El Digital de Asturias\"\/>\n\t<meta name=\"google-site-verification\" content=\"UA-38556648-1\" \/>\n\t<meta name=\"msvalidate.01\" content=\"7dfe9f3f1b24437ab69f4f2559babe99\" \/>\n\t<meta name=\"keywords\" content=\"actualidad\" \/>\n\t<link rel=\"canonical\" href=\"https:\/\/www.eldigitaldeasturias.com\/noticias\/el-ministerio-de-defensa-y-rtve-colaboran-en-la-difusion-del-v-centenario-de-la-primera-vuelta-al-mundo\/\" \/>\n\t<meta name=\"generator\" content=\"All in One SEO Pro (AIOSEO) 5.0.1\" \/>\n\t\t<meta property=\"og:locale\" content=\"es_ES\" \/>\n\t\t<meta property=\"og:site_name\" content=\"El Digital de Asturias\" \/>\n\t\t<meta property=\"og:type\" content=\"article\" \/>\n\t\t<meta property=\"og:title\" content=\"El Ministerio de Defensa y RTVE colaboran en la difusi\u00f3n del V centenario de la primera vuelta al mundo - El Digital de Asturias\" \/>\n\t\t<meta property=\"og:description\" content=\"La ministra de Defensa, Mar\u00eda Dolores de Cospedal, y el presidente de la Corporaci\u00f3n RTVE, Jos\u00e9 Antonio S\u00e1nchez, han firmado un convenio de colaboraci\u00f3n para la realizaci\u00f3n de diferentes actividades con motivo del V centenario de la primera vuelta al mundo, haza\u00f1a naval promovida por la Corona espa\u00f1ola que, capitaneada inicialmente por Fernando de Magallanes,\" \/>\n\t\t<meta property=\"og:url\" content=\"https:\/\/www.eldigitaldeasturias.com\/noticias\/el-ministerio-de-defensa-y-rtve-colaboran-en-la-difusion-del-v-centenario-de-la-primera-vuelta-al-mundo\/\" \/>\n\t\t<meta property=\"article:tag\" content=\"actualidad\" \/>\n\t\t<meta property=\"article:published_time\" content=\"2018-03-13T22:48:35+00:00\" \/>\n\t\t<meta property=\"article:modified_time\" content=\"2018-03-13T22:48:35+00:00\" \/>\n\t\t<meta property=\"article:publisher\" content=\"https:\/\/facebook.com\/eldigitaldeasturias\" \/>\n\t\t<meta name=\"twitter:card\" content=\"summary_large_image\" \/>\n\t\t<meta name=\"twitter:title\" content=\"El Ministerio de Defensa y RTVE colaboran en la difusi\u00f3n del V centenario de la primera vuelta al mundo - El Digital de Asturias\" \/>\n\t\t<meta name=\"twitter:description\" content=\"La ministra de Defensa, Mar\u00eda Dolores de Cospedal, y el presidente de la Corporaci\u00f3n RTVE, Jos\u00e9 Antonio S\u00e1nchez, han firmado un convenio de colaboraci\u00f3n para la realizaci\u00f3n de diferentes actividades con motivo del V centenario de la primera vuelta al mundo, haza\u00f1a naval promovida por la Corona espa\u00f1ola que, capitaneada inicialmente por Fernando de Magallanes,\" \/>\n\t\t<meta name=\"twitter:image\" content=\"https:\/\/www.eldigitaldeasturias.com\/noticias\/wp-content\/uploads\/2020\/12\/EDA-1.jpg\" \/>\n\t\t<meta name=\"twitter:label1\" content=\"Escrito por\" \/>\n\t\t<meta name=\"twitter:data1\" content=\"El Digital de Asturias\" \/>\n\t\t<meta name=\"twitter:label2\" content=\"Tiempo de lectura estimado\" \/>\n\t\t<meta name=\"twitter:data2\" content=\"2 minutos\" \/>\n\t\t<script type=\"application\/ld+json\" class=\"aioseo-schema\">\n\t\t\t{\"@context\":\"https:\\\/\\\/schema.org\",\"@graph\":[{\"@type\":\"BlogPosting\",\"@id\":\"https:\\\/\\\/www.eldigitaldeasturias.com\\\/noticias\\\/el-ministerio-de-defensa-y-rtve-colaboran-en-la-difusion-del-v-centenario-de-la-primera-vuelta-al-mundo\\\/#blogposting\",\"name\":\"El Ministerio de Defensa y RTVE colaboran en la difusi\\u00f3n del V centenario de la primera vuelta al mundo - El Digital de Asturias\",\"headline\":\"El Ministerio de Defensa y RTVE colaboran en la difusi\\u00f3n del V centenario de la primera vuelta al mundo\",\"author\":{\"@id\":\"https:\\\/\\\/www.eldigitaldeasturias.com\\\/noticias\\\/author\\\/admin\\\/#author\"},\"publisher\":{\"@id\":\"https:\\\/\\\/www.eldigitaldeasturias.com\\\/noticias\\\/#organization\"},\"image\":{\"@type\":\"ImageObject\",\"url\":971835},\"datePublished\":\"2018-03-13T22:48:35+01:00\",\"dateModified\":\"2018-03-13T22:48:35+01:00\",\"inLanguage\":\"es-ES\",\"mainEntityOfPage\":{\"@id\":\"https:\\\/\\\/www.eldigitaldeasturias.com\\\/noticias\\\/el-ministerio-de-defensa-y-rtve-colaboran-en-la-difusion-del-v-centenario-de-la-primera-vuelta-al-mundo\\\/#webpage\"},\"isPartOf\":{\"@id\":\"https:\\\/\\\/www.eldigitaldeasturias.com\\\/noticias\\\/el-ministerio-de-defensa-y-rtve-colaboran-en-la-difusion-del-v-centenario-de-la-primera-vuelta-al-mundo\\\/#webpage\"},\"articleSection\":\"Actualidad\"},{\"@type\":\"BreadcrumbList\",\"@id\":\"https:\\\/\\\/www.eldigitaldeasturias.com\\\/noticias\\\/el-ministerio-de-defensa-y-rtve-colaboran-en-la-difusion-del-v-centenario-de-la-primera-vuelta-al-mundo\\\/#breadcrumblist\",\"itemListElement\":[{\"@type\":\"ListItem\",\"@id\":\"https:\\\/\\\/www.eldigitaldeasturias.com\\\/noticias#listItem\",\"position\":1,\"name\":\"Home\",\"item\":\"https:\\\/\\\/www.eldigitaldeasturias.com\\\/noticias\",\"nextItem\":{\"@type\":\"ListItem\",\"@id\":\"https:\\\/\\\/www.eldigitaldeasturias.com\\\/noticias\\\/category\\\/actualidad\\\/#listItem\",\"name\":\"Actualidad\"}},{\"@type\":\"ListItem\",\"@id\":\"https:\\\/\\\/www.eldigitaldeasturias.com\\\/noticias\\\/category\\\/actualidad\\\/#listItem\",\"position\":2,\"name\":\"Actualidad\",\"item\":\"https:\\\/\\\/www.eldigitaldeasturias.com\\\/noticias\\\/category\\\/actualidad\\\/\",\"nextItem\":{\"@type\":\"ListItem\",\"@id\":\"https:\\\/\\\/www.eldigitaldeasturias.com\\\/noticias\\\/el-ministerio-de-defensa-y-rtve-colaboran-en-la-difusion-del-v-centenario-de-la-primera-vuelta-al-mundo\\\/#listItem\",\"name\":\"El Ministerio de Defensa y RTVE colaboran en la difusi\\u00f3n del V centenario de la primera vuelta al mundo\"},\"previousItem\":{\"@type\":\"ListItem\",\"@id\":\"https:\\\/\\\/www.eldigitaldeasturias.com\\\/noticias#listItem\",\"name\":\"Home\"}},{\"@type\":\"ListItem\",\"@id\":\"https:\\\/\\\/www.eldigitaldeasturias.com\\\/noticias\\\/el-ministerio-de-defensa-y-rtve-colaboran-en-la-difusion-del-v-centenario-de-la-primera-vuelta-al-mundo\\\/#listItem\",\"position\":3,\"name\":\"El Ministerio de Defensa y RTVE colaboran en la difusi\\u00f3n del V centenario de la primera vuelta al mundo\",\"previousItem\":{\"@type\":\"ListItem\",\"@id\":\"https:\\\/\\\/www.eldigitaldeasturias.com\\\/noticias\\\/category\\\/actualidad\\\/#listItem\",\"name\":\"Actualidad\"}}]},{\"@type\":\"Organization\",\"@id\":\"https:\\\/\\\/www.eldigitaldeasturias.com\\\/noticias\\\/#organization\",\"name\":\"El Digital de Asturias\",\"description\":\"Hemeroteca\",\"url\":\"https:\\\/\\\/www.eldigitaldeasturias.com\\\/noticias\\\/\",\"email\":\"info@eldigitaldeasturias.com\",\"telephone\":\"+34652131393\",\"logo\":{\"@type\":\"ImageObject\",\"url\":\"https:\\\/\\\/www.eldigitaldeasturias.com\\\/noticias\\\/wp-content\\\/uploads\\\/2020\\\/12\\\/EDA.jpg\",\"@id\":\"https:\\\/\\\/www.eldigitaldeasturias.com\\\/noticias\\\/el-ministerio-de-defensa-y-rtve-colaboran-en-la-difusion-del-v-centenario-de-la-primera-vuelta-al-mundo\\\/#organizationLogo\"},\"image\":{\"@id\":\"https:\\\/\\\/www.eldigitaldeasturias.com\\\/noticias\\\/el-ministerio-de-defensa-y-rtve-colaboran-en-la-difusion-del-v-centenario-de-la-primera-vuelta-al-mundo\\\/#organizationLogo\"},\"sameAs\":[\"https:\\\/\\\/facebook.com\\\/eldigitaldeasturias\",\"https:\\\/\\\/www.youtube.com\\\/channel\\\/UCZP-2wLEB9Rv6erhFmqVnvg\"],\"address\":{\"@id\":\"https:\\\/\\\/www.eldigitaldeasturias.com\\\/noticias\\\/#postaladdress\",\"@type\":\"PostalAddress\",\"streetAddress\":\"san antonio 4\",\"postalCode\":\"33430\",\"addressLocality\":\"Cand\\u00e1s\",\"addressRegion\":\"Asturias\",\"addressCountry\":\"ES\"}},{\"@type\":\"Person\",\"@id\":\"https:\\\/\\\/www.eldigitaldeasturias.com\\\/noticias\\\/author\\\/admin\\\/#author\",\"url\":\"https:\\\/\\\/www.eldigitaldeasturias.com\\\/noticias\\\/author\\\/admin\\\/\",\"name\":\"El Digital de Asturias\",\"image\":{\"@type\":\"ImageObject\",\"@id\":\"https:\\\/\\\/www.eldigitaldeasturias.com\\\/noticias\\\/el-ministerio-de-defensa-y-rtve-colaboran-en-la-difusion-del-v-centenario-de-la-primera-vuelta-al-mundo\\\/#authorImage\",\"url\":\"https:\\\/\\\/secure.gravatar.com\\\/avatar\\\/df2aeffc32bcd13f8d26072ef8a91b623d677766deac7f97ca815868cd41bf5e?s=96&d=mm&r=g\",\"width\":96,\"height\":96,\"caption\":\"El Digital de Asturias\"}},{\"@type\":\"WebPage\",\"@id\":\"https:\\\/\\\/www.eldigitaldeasturias.com\\\/noticias\\\/el-ministerio-de-defensa-y-rtve-colaboran-en-la-difusion-del-v-centenario-de-la-primera-vuelta-al-mundo\\\/#webpage\",\"url\":\"https:\\\/\\\/www.eldigitaldeasturias.com\\\/noticias\\\/el-ministerio-de-defensa-y-rtve-colaboran-en-la-difusion-del-v-centenario-de-la-primera-vuelta-al-mundo\\\/\",\"name\":\"El Ministerio de Defensa y RTVE colaboran en la difusi\\u00f3n del V centenario de la primera vuelta al mundo - El Digital de Asturias\",\"description\":\"La ministra de Defensa, Mar\\u00eda Dolores de Cospedal, y el presidente de la Corporaci\\u00f3n RTVE, Jos\\u00e9 Antonio S\\u00e1nchez, han firmado un convenio de colaboraci\\u00f3n para la realizaci\\u00f3n de diferentes actividades con motivo del V centenario de la primera vuelta al mundo, haza\\u00f1a naval promovida por la Corona espa\\u00f1ola que, capitaneada inicialmente por Fernando de Magallanes,\",\"inLanguage\":\"es-ES\",\"isPartOf\":{\"@id\":\"https:\\\/\\\/www.eldigitaldeasturias.com\\\/noticias\\\/#website\"},\"breadcrumb\":{\"@id\":\"https:\\\/\\\/www.eldigitaldeasturias.com\\\/noticias\\\/el-ministerio-de-defensa-y-rtve-colaboran-en-la-difusion-del-v-centenario-de-la-primera-vuelta-al-mundo\\\/#breadcrumblist\"},\"author\":{\"@id\":\"https:\\\/\\\/www.eldigitaldeasturias.com\\\/noticias\\\/author\\\/admin\\\/#author\"},\"creator\":{\"@id\":\"https:\\\/\\\/www.eldigitaldeasturias.com\\\/noticias\\\/author\\\/admin\\\/#author\"},\"image\":{\"@type\":\"ImageObject\",\"url\":971835,\"@id\":\"https:\\\/\\\/www.eldigitaldeasturias.com\\\/noticias\\\/el-ministerio-de-defensa-y-rtve-colaboran-en-la-difusion-del-v-centenario-de-la-primera-vuelta-al-mundo\\\/#mainImage\"},\"primaryImageOfPage\":{\"@id\":\"https:\\\/\\\/www.eldigitaldeasturias.com\\\/noticias\\\/el-ministerio-de-defensa-y-rtve-colaboran-en-la-difusion-del-v-centenario-de-la-primera-vuelta-al-mundo\\\/#mainImage\"},\"datePublished\":\"2018-03-13T22:48:35+01:00\",\"dateModified\":\"2018-03-13T22:48:35+01:00\"},{\"@type\":\"WebSite\",\"@id\":\"https:\\\/\\\/www.eldigitaldeasturias.com\\\/noticias\\\/#website\",\"url\":\"https:\\\/\\\/www.eldigitaldeasturias.com\\\/noticias\\\/\",\"name\":\"El Digital de Asturias - Diario de actualidad y noticias\",\"alternateName\":\"El Digital de Asturias - Diario de actualidad y noticias\",\"description\":\"Hemeroteca\",\"inLanguage\":\"es-ES\",\"publisher\":{\"@id\":\"https:\\\/\\\/www.eldigitaldeasturias.com\\\/noticias\\\/#organization\"}}]}\n\t\t<\/script>\n\t\t<!-- All in One SEO Pro -->\r\n\t\t<title>El Ministerio de Defensa y RTVE colaboran en la difusi\u00f3n del V centenario de la primera vuelta al mundo - El Digital de Asturias<\/title>\n\n","aioseo_head_json":{"title":"El Ministerio de Defensa y RTVE colaboran en la difusi\u00f3n del V centenario de la primera vuelta al mundo - El Digital de Asturias","description":"La ministra de Defensa, Mar\u00eda Dolores de Cospedal, y el presidente de la Corporaci\u00f3n RTVE, Jos\u00e9 Antonio S\u00e1nchez, han firmado un convenio de colaboraci\u00f3n para la realizaci\u00f3n de diferentes actividades con motivo del V centenario de la primera vuelta al mundo, haza\u00f1a naval promovida por la Corona espa\u00f1ola que, capitaneada inicialmente por Fernando de Magallanes,","canonical_url":"https:\/\/www.eldigitaldeasturias.com\/noticias\/el-ministerio-de-defensa-y-rtve-colaboran-en-la-difusion-del-v-centenario-de-la-primera-vuelta-al-mundo\/","robots":"max-image-preview:large","keywords":"actualidad","webmasterTools":{"google-site-verification":"UA-38556648-1","msvalidate.01":"7dfe9f3f1b24437ab69f4f2559babe99","miscellaneous":""},"schema":{"@context":"https:\/\/schema.org","@graph":[{"@type":"BlogPosting","@id":"https:\/\/www.eldigitaldeasturias.com\/noticias\/el-ministerio-de-defensa-y-rtve-colaboran-en-la-difusion-del-v-centenario-de-la-primera-vuelta-al-mundo\/#blogposting","name":"El Ministerio de Defensa y RTVE colaboran en la difusi\u00f3n del V centenario de la primera vuelta al mundo - El Digital de Asturias","headline":"El Ministerio de Defensa y RTVE colaboran en la difusi\u00f3n del V centenario de la primera vuelta al mundo","author":{"@id":"https:\/\/www.eldigitaldeasturias.com\/noticias\/author\/admin\/#author"},"publisher":{"@id":"https:\/\/www.eldigitaldeasturias.com\/noticias\/#organization"},"image":{"@type":"ImageObject","url":971835},"datePublished":"2018-03-13T22:48:35+01:00","dateModified":"2018-03-13T22:48:35+01:00","inLanguage":"es-ES","mainEntityOfPage":{"@id":"https:\/\/www.eldigitaldeasturias.com\/noticias\/el-ministerio-de-defensa-y-rtve-colaboran-en-la-difusion-del-v-centenario-de-la-primera-vuelta-al-mundo\/#webpage"},"isPartOf":{"@id":"https:\/\/www.eldigitaldeasturias.com\/noticias\/el-ministerio-de-defensa-y-rtve-colaboran-en-la-difusion-del-v-centenario-de-la-primera-vuelta-al-mundo\/#webpage"},"articleSection":"Actualidad"},{"@type":"BreadcrumbList","@id":"https:\/\/www.eldigitaldeasturias.com\/noticias\/el-ministerio-de-defensa-y-rtve-colaboran-en-la-difusion-del-v-centenario-de-la-primera-vuelta-al-mundo\/#breadcrumblist","itemListElement":[{"@type":"ListItem","@id":"https:\/\/www.eldigitaldeasturias.com\/noticias#listItem","position":1,"name":"Home","item":"https:\/\/www.eldigitaldeasturias.com\/noticias","nextItem":{"@type":"ListItem","@id":"https:\/\/www.eldigitaldeasturias.com\/noticias\/category\/actualidad\/#listItem","name":"Actualidad"}},{"@type":"ListItem","@id":"https:\/\/www.eldigitaldeasturias.com\/noticias\/category\/actualidad\/#listItem","position":2,"name":"Actualidad","item":"https:\/\/www.eldigitaldeasturias.com\/noticias\/category\/actualidad\/","nextItem":{"@type":"ListItem","@id":"https:\/\/www.eldigitaldeasturias.com\/noticias\/el-ministerio-de-defensa-y-rtve-colaboran-en-la-difusion-del-v-centenario-de-la-primera-vuelta-al-mundo\/#listItem","name":"El Ministerio de Defensa y RTVE colaboran en la difusi\u00f3n del V centenario de la primera vuelta al mundo"},"previousItem":{"@type":"ListItem","@id":"https:\/\/www.eldigitaldeasturias.com\/noticias#listItem","name":"Home"}},{"@type":"ListItem","@id":"https:\/\/www.eldigitaldeasturias.com\/noticias\/el-ministerio-de-defensa-y-rtve-colaboran-en-la-difusion-del-v-centenario-de-la-primera-vuelta-al-mundo\/#listItem","position":3,"name":"El Ministerio de Defensa y RTVE colaboran en la difusi\u00f3n del V centenario de la primera vuelta al mundo","previousItem":{"@type":"ListItem","@id":"https:\/\/www.eldigitaldeasturias.com\/noticias\/category\/actualidad\/#listItem","name":"Actualidad"}}]},{"@type":"Organization","@id":"https:\/\/www.eldigitaldeasturias.com\/noticias\/#organization","name":"El Digital de Asturias","description":"Hemeroteca","url":"https:\/\/www.eldigitaldeasturias.com\/noticias\/","email":"info@eldigitaldeasturias.com","telephone":"+34652131393","logo":{"@type":"ImageObject","url":"https:\/\/www.eldigitaldeasturias.com\/noticias\/wp-content\/uploads\/2020\/12\/EDA.jpg","@id":"https:\/\/www.eldigitaldeasturias.com\/noticias\/el-ministerio-de-defensa-y-rtve-colaboran-en-la-difusion-del-v-centenario-de-la-primera-vuelta-al-mundo\/#organizationLogo"},"image":{"@id":"https:\/\/www.eldigitaldeasturias.com\/noticias\/el-ministerio-de-defensa-y-rtve-colaboran-en-la-difusion-del-v-centenario-de-la-primera-vuelta-al-mundo\/#organizationLogo"},"sameAs":["https:\/\/facebook.com\/eldigitaldeasturias","https:\/\/www.youtube.com\/channel\/UCZP-2wLEB9Rv6erhFmqVnvg"],"address":{"@id":"https:\/\/www.eldigitaldeasturias.com\/noticias\/#postaladdress","@type":"PostalAddress","streetAddress":"san antonio 4","postalCode":"33430","addressLocality":"Cand\u00e1s","addressRegion":"Asturias","addressCountry":"ES"}},{"@type":"Person","@id":"https:\/\/www.eldigitaldeasturias.com\/noticias\/author\/admin\/#author","url":"https:\/\/www.eldigitaldeasturias.com\/noticias\/author\/admin\/","name":"El Digital de Asturias","image":{"@type":"ImageObject","@id":"https:\/\/www.eldigitaldeasturias.com\/noticias\/el-ministerio-de-defensa-y-rtve-colaboran-en-la-difusion-del-v-centenario-de-la-primera-vuelta-al-mundo\/#authorImage","url":"https:\/\/secure.gravatar.com\/avatar\/df2aeffc32bcd13f8d26072ef8a91b623d677766deac7f97ca815868cd41bf5e?s=96&d=mm&r=g","width":96,"height":96,"caption":"El Digital de Asturias"}},{"@type":"WebPage","@id":"https:\/\/www.eldigitaldeasturias.com\/noticias\/el-ministerio-de-defensa-y-rtve-colaboran-en-la-difusion-del-v-centenario-de-la-primera-vuelta-al-mundo\/#webpage","url":"https:\/\/www.eldigitaldeasturias.com\/noticias\/el-ministerio-de-defensa-y-rtve-colaboran-en-la-difusion-del-v-centenario-de-la-primera-vuelta-al-mundo\/","name":"El Ministerio de Defensa y RTVE colaboran en la difusi\u00f3n del V centenario de la primera vuelta al mundo - El Digital de Asturias","description":"La ministra de Defensa, Mar\u00eda Dolores de Cospedal, y el presidente de la Corporaci\u00f3n RTVE, Jos\u00e9 Antonio S\u00e1nchez, han firmado un convenio de colaboraci\u00f3n para la realizaci\u00f3n de diferentes actividades con motivo del V centenario de la primera vuelta al mundo, haza\u00f1a naval promovida por la Corona espa\u00f1ola que, capitaneada inicialmente por Fernando de Magallanes,","inLanguage":"es-ES","isPartOf":{"@id":"https:\/\/www.eldigitaldeasturias.com\/noticias\/#website"},"breadcrumb":{"@id":"https:\/\/www.eldigitaldeasturias.com\/noticias\/el-ministerio-de-defensa-y-rtve-colaboran-en-la-difusion-del-v-centenario-de-la-primera-vuelta-al-mundo\/#breadcrumblist"},"author":{"@id":"https:\/\/www.eldigitaldeasturias.com\/noticias\/author\/admin\/#author"},"creator":{"@id":"https:\/\/www.eldigitaldeasturias.com\/noticias\/author\/admin\/#author"},"image":{"@type":"ImageObject","url":971835,"@id":"https:\/\/www.eldigitaldeasturias.com\/noticias\/el-ministerio-de-defensa-y-rtve-colaboran-en-la-difusion-del-v-centenario-de-la-primera-vuelta-al-mundo\/#mainImage"},"primaryImageOfPage":{"@id":"https:\/\/www.eldigitaldeasturias.com\/noticias\/el-ministerio-de-defensa-y-rtve-colaboran-en-la-difusion-del-v-centenario-de-la-primera-vuelta-al-mundo\/#mainImage"},"datePublished":"2018-03-13T22:48:35+01:00","dateModified":"2018-03-13T22:48:35+01:00"},{"@type":"WebSite","@id":"https:\/\/www.eldigitaldeasturias.com\/noticias\/#website","url":"https:\/\/www.eldigitaldeasturias.com\/noticias\/","name":"El Digital de Asturias - Diario de actualidad y noticias","alternateName":"El Digital de Asturias - Diario de actualidad y noticias","description":"Hemeroteca","inLanguage":"es-ES","publisher":{"@id":"https:\/\/www.eldigitaldeasturias.com\/noticias\/#organization"}}]},"og:locale":"es_ES","og:site_name":"El Digital de Asturias","og:type":"article","og:title":"El Ministerio de Defensa y RTVE colaboran en la difusi\u00f3n del V centenario de la primera vuelta al mundo - El Digital de Asturias","og:description":"La ministra de Defensa, Mar\u00eda Dolores de Cospedal, y el presidente de la Corporaci\u00f3n RTVE, Jos\u00e9 Antonio S\u00e1nchez, han firmado un convenio de colaboraci\u00f3n para la realizaci\u00f3n de diferentes actividades con motivo del V centenario de la primera vuelta al mundo, haza\u00f1a naval promovida por la Corona espa\u00f1ola que, capitaneada inicialmente por Fernando de Magallanes,","og:url":"https:\/\/www.eldigitaldeasturias.com\/noticias\/el-ministerio-de-defensa-y-rtve-colaboran-en-la-difusion-del-v-centenario-de-la-primera-vuelta-al-mundo\/","article:tag":["actualidad"],"article:published_time":"2018-03-13T22:48:35+00:00","article:modified_time":"2018-03-13T22:48:35+00:00","article:publisher":"https:\/\/facebook.com\/eldigitaldeasturias","twitter:card":"summary_large_image","twitter:title":"El Ministerio de Defensa y RTVE colaboran en la difusi\u00f3n del V centenario de la primera vuelta al mundo - El Digital de Asturias","twitter:description":"La ministra de Defensa, Mar\u00eda Dolores de Cospedal, y el presidente de la Corporaci\u00f3n RTVE, Jos\u00e9 Antonio S\u00e1nchez, han firmado un convenio de colaboraci\u00f3n para la realizaci\u00f3n de diferentes actividades con motivo del V centenario de la primera vuelta al mundo, haza\u00f1a naval promovida por la Corona espa\u00f1ola que, capitaneada inicialmente por Fernando de Magallanes,","twitter:image":"https:\/\/www.eldigitaldeasturias.com\/noticias\/wp-content\/uploads\/2020\/12\/EDA-1.jpg","twitter:label1":"Escrito por","twitter:data1":"El Digital de Asturias","twitter:label2":"Tiempo de lectura estimado","twitter:data2":"2 minutos"},"aioseo_meta_data":{"post_id":"971834","title":null,"description":null,"keywords":null,"keyphrases":null,"primary_term":null,"canonical_url":null,"og_title":null,"og_description":null,"og_object_type":"default","og_image_type":"default","og_image_url":null,"og_image_width":null,"og_image_height":null,"og_image_custom_url":null,"og_image_custom_fields":null,"og_video":null,"og_custom_url":null,"og_article_section":null,"og_article_tags":null,"twitter_use_og":false,"twitter_card":"default","twitter_image_type":"default","twitter_image_url":null,"twitter_image_custom_url":null,"twitter_image_custom_fields":null,"twitter_title":null,"twitter_description":null,"schema":{"blockGraphs":[],"customGraphs":[],"default":{"data":{"Article":[],"Course":[],"Dataset":[],"FAQPage":[],"Movie":[],"Person":[],"Product":[],"ProductReview":[],"Car":[],"Recipe":[],"Service":[],"SoftwareApplication":[],"WebPage":[]},"graphName":"","isEnabled":true},"graphs":[],"defaultGraph":"","defaultPostTypeGraph":""},"schema_type":null,"schema_type_options":null,"pillar_content":false,"robots_default":true,"robots_noindex":false,"robots_noarchive":false,"robots_nosnippet":false,"robots_nofollow":false,"robots_noimageindex":false,"robots_noodp":false,"robots_notranslate":false,"robots_max_snippet":null,"robots_max_videopreview":null,"robots_max_imagepreview":"large","priority":null,"frequency":null,"local_seo":null,"seo_analyzer_scan_date":"2025-10-07 10:33:31","breadcrumb_settings":null,"limit_modified_date":false,"open_ai":null,"ai":null,"created":"2020-12-21 12:20:36","updated":"2025-10-07 10:33:31","focus_keyword":null,"additional_keywords":null,"truseo_locale":null},"aioseo_breadcrumb":"<div class=\"aioseo-breadcrumbs\"><span class=\"aioseo-breadcrumb\">\n\t<a href=\"https:\/\/www.eldigitaldeasturias.com\/noticias\" title=\"Home\">Home<\/a>\n<\/span><span class=\"aioseo-breadcrumb-separator\">\u2013<\/span><span class=\"aioseo-breadcrumb\">\n\t<a href=\"https:\/\/www.eldigitaldeasturias.com\/noticias\/category\/actualidad\/\" title=\"Actualidad\">Actualidad<\/a>\n<\/span><span class=\"aioseo-breadcrumb-separator\">\u2013<\/span><span class=\"aioseo-breadcrumb\">\n\t<a href=\"https:\/\/www.eldigitaldeasturias.com\/noticias\/el-ministerio-de-defensa-y-rtve-colaboran-en-la-difusion-del-v-centenario-de-la-primera-vuelta-al-mundo\/\" title=\"El Ministerio de Defensa y RTVE colaboran en la difusi\u00f3n del V centenario de la primera vuelta al mundo\">El Ministerio de Defensa y RTVE colaboran en la difusi\u00f3n del V centenario de la primera vuelta al mundo<\/a>\n<\/span><\/div>","aioseo_breadcrumb_json":[{"label":"Home","link":"https:\/\/www.eldigitaldeasturias.com\/noticias"},{"label":"Actualidad","link":"https:\/\/www.eldigitaldeasturias.com\/noticias\/category\/actualidad\/"},{"label":"El Ministerio de Defensa y RTVE colaboran en la difusi\u00f3n del V centenario de la primera vuelta al mundo","link":"https:\/\/www.eldigitaldeasturias.com\/noticias\/el-ministerio-de-defensa-y-rtve-colaboran-en-la-difusion-del-v-centenario-de-la-primera-vuelta-al-mundo\/"}],"_links":{"self":[{"href":"https:\/\/www.eldigitaldeasturias.com\/noticias\/wp-json\/wp\/v2\/posts\/971834","targetHints":{"allow":["GET"]}}],"collection":[{"href":"https:\/\/www.eldigitaldeasturias.com\/noticias\/wp-json\/wp\/v2\/posts"}],"about":[{"href":"https:\/\/www.eldigitaldeasturias.com\/noticias\/wp-json\/wp\/v2\/types\/post"}],"author":[{"embeddable":true,"href":"https:\/\/www.eldigitaldeasturias.com\/noticias\/wp-json\/wp\/v2\/users\/1"}],"replies":[{"embeddable":true,"href":"https:\/\/www.eldigitaldeasturias.com\/noticias\/wp-json\/wp\/v2\/comments?post=971834"}],"version-history":[{"count":0,"href":"https:\/\/www.eldigitaldeasturias.com\/noticias\/wp-json\/wp\/v2\/posts\/971834\/revisions"}],"wp:attachment":[{"href":"https:\/\/www.eldigitaldeasturias.com\/noticias\/wp-json\/wp\/v2\/media?parent=971834"}],"wp:term":[{"taxonomy":"category","embeddable":true,"href":"https:\/\/www.eldigitaldeasturias.com\/noticias\/wp-json\/wp\/v2\/categories?post=971834"},{"taxonomy":"post_tag","embeddable":true,"href":"https:\/\/www.eldigitaldeasturias.com\/noticias\/wp-json\/wp\/v2\/tags?post=971834"}],"curies":[{"name":"wp","href":"https:\/\/api.w.org\/{rel}","templated":true}]}}