{"id":971826,"date":"2018-03-13T22:13:02","date_gmt":"2018-03-13T22:13:02","guid":{"rendered":"http:\/\/www.eldigitaldeasturias.com\/noticias\/?p=971826"},"modified":"2018-03-13T22:13:02","modified_gmt":"2018-03-13T22:13:02","slug":"saenz-de-santamaria-se-reune-con-los-secretarios-de-estado-y-subsecretarios","status":"publish","type":"post","link":"https:\/\/www.eldigitaldeasturias.com\/noticias\/saenz-de-santamaria-se-reune-con-los-secretarios-de-estado-y-subsecretarios\/","title":{"rendered":"S\u00e1enz de Santamar\u00eda se re\u00fane con los Secretarios de Estado y Subsecretarios"},"content":{"rendered":"<p><img loading=\"lazy\" decoding=\"async\" class=\"alignleft size-medium wp-image-971827\" src=\"https:\/\/www.eldigitaldeasturias.com\/noticias\/wp-content\/uploads\/2018\/03\/130318-vice1-360x239.jpg\" alt=\"\" width=\"360\" height=\"239\" \/>La vicepresidenta del Gobierno y ministra de la Presidencia y para las Administraciones Territoriales, Soraya S\u00e1enz de Santamar\u00eda, ha presidido la Comisi\u00f3n General de Secretarios de Estado y Subsecretarios en el Complejo de La Moncloa.<\/p>\n<p>En ella se han analizado los asuntos que se debatir\u00e1n el pr\u00f3ximo viernes en Consejo de Ministros, entre los que se encuentra el Anteproyecto de Ley por la que se modifica la Ley de Evaluaci\u00f3n Ambiental, la Ley de Montes y la Ley por la que se regula el r\u00e9gimen del comercio de derechos de emisi\u00f3n de gases de efecto invernadero, en aplicaci\u00f3n de la Directiva Europea 2014\/52 relativa a la evaluaci\u00f3n del impacto de proyectos en el medio ambiente.<\/p>\n<p>Por otro lado, tambi\u00e9n se ha analizado el Real Decreto por el que se aprueban los Estatutos generales de los Colegios de Arquitectos y su Consejo Superior. Esta regulaci\u00f3n est\u00e1 dirigida a adaptar el r\u00e9gimen a la Directiva de Servicios con medidas como la eliminaci\u00f3n de restricciones a la publicidad, la supresi\u00f3n de la prohibici\u00f3n del ejercicio de la profesi\u00f3n de forma societaria y la eliminaci\u00f3n de baremos.<\/p>\n<p>Adem\u00e1s, se ha estudiado el Real Decreto por el que se regula el r\u00e9gimen jur\u00eddico de los funcionarios de Administraci\u00f3n Local con habilitaci\u00f3n de car\u00e1cter nacional, que desarrollan funciones de secretar\u00eda e intervenci\u00f3n.<\/p>\n","protected":false},"excerpt":{"rendered":"<p>La vicepresidenta del Gobierno y ministra de la Presidencia y para las Administraciones Territoriales, Soraya S\u00e1enz de Santamar\u00eda, ha presidido la Comisi\u00f3n General de Secretarios de Estado y Subsecretarios en el Complejo de La Moncloa. En ella se han analizado los asuntos que se debatir\u00e1n el pr\u00f3ximo viernes en Consejo de Ministros, entre los que [&hellip;]<\/p>\n","protected":false},"author":1,"featured_media":971827,"comment_status":"closed","ping_status":"closed","sticky":false,"template":"","format":"standard","meta":{"footnotes":""},"categories":[1],"tags":[],"class_list":["post-971826","post","type-post","status-publish","format-standard","has-post-thumbnail","hentry","category-actualidad"],"aioseo_notices":[],"aioseo_head":"\n\t\t<!-- All in One SEO Pro 5.0.1 - aioseo.com -->\n\t<meta name=\"description\" content=\"La vicepresidenta del Gobierno y ministra de la Presidencia y para las Administraciones Territoriales, Soraya S\u00e1enz de Santamar\u00eda, ha presidido la Comisi\u00f3n General de Secretarios de Estado y Subsecretarios en el Complejo de La Moncloa. En ella se han analizado los asuntos que se debatir\u00e1n el pr\u00f3ximo viernes en Consejo de Ministros, entre los que\" \/>\n\t<meta name=\"robots\" content=\"max-image-preview:large\" \/>\n\t<meta name=\"author\" content=\"El Digital de Asturias\"\/>\n\t<meta name=\"google-site-verification\" content=\"UA-38556648-1\" \/>\n\t<meta name=\"msvalidate.01\" content=\"7dfe9f3f1b24437ab69f4f2559babe99\" \/>\n\t<meta name=\"keywords\" content=\"actualidad\" \/>\n\t<link rel=\"canonical\" href=\"https:\/\/www.eldigitaldeasturias.com\/noticias\/saenz-de-santamaria-se-reune-con-los-secretarios-de-estado-y-subsecretarios\/\" \/>\n\t<meta name=\"generator\" content=\"All in One SEO Pro (AIOSEO) 5.0.1\" \/>\n\t\t<meta property=\"og:locale\" content=\"es_ES\" \/>\n\t\t<meta property=\"og:site_name\" content=\"El Digital de Asturias\" \/>\n\t\t<meta property=\"og:type\" content=\"article\" \/>\n\t\t<meta property=\"og:title\" content=\"S\u00e1enz de Santamar\u00eda se re\u00fane con los Secretarios de Estado y Subsecretarios - El Digital de Asturias\" \/>\n\t\t<meta property=\"og:description\" content=\"La vicepresidenta del Gobierno y ministra de la Presidencia y para las Administraciones Territoriales, Soraya S\u00e1enz de Santamar\u00eda, ha presidido la Comisi\u00f3n General de Secretarios de Estado y Subsecretarios en el Complejo de La Moncloa. En ella se han analizado los asuntos que se debatir\u00e1n el pr\u00f3ximo viernes en Consejo de Ministros, entre los que\" \/>\n\t\t<meta property=\"og:url\" content=\"https:\/\/www.eldigitaldeasturias.com\/noticias\/saenz-de-santamaria-se-reune-con-los-secretarios-de-estado-y-subsecretarios\/\" \/>\n\t\t<meta property=\"article:tag\" content=\"actualidad\" \/>\n\t\t<meta property=\"article:published_time\" content=\"2018-03-13T22:13:02+00:00\" \/>\n\t\t<meta property=\"article:modified_time\" content=\"2018-03-13T22:13:02+00:00\" \/>\n\t\t<meta property=\"article:publisher\" content=\"https:\/\/facebook.com\/eldigitaldeasturias\" \/>\n\t\t<meta name=\"twitter:card\" content=\"summary_large_image\" \/>\n\t\t<meta name=\"twitter:title\" content=\"S\u00e1enz de Santamar\u00eda se re\u00fane con los Secretarios de Estado y Subsecretarios - El Digital de Asturias\" \/>\n\t\t<meta name=\"twitter:description\" content=\"La vicepresidenta del Gobierno y ministra de la Presidencia y para las Administraciones Territoriales, Soraya S\u00e1enz de Santamar\u00eda, ha presidido la Comisi\u00f3n General de Secretarios de Estado y Subsecretarios en el Complejo de La Moncloa. En ella se han analizado los asuntos que se debatir\u00e1n el pr\u00f3ximo viernes en Consejo de Ministros, entre los que\" \/>\n\t\t<meta name=\"twitter:image\" content=\"https:\/\/www.eldigitaldeasturias.com\/noticias\/wp-content\/uploads\/2020\/12\/EDA-1.jpg\" \/>\n\t\t<meta name=\"twitter:label1\" content=\"Escrito por\" \/>\n\t\t<meta name=\"twitter:data1\" content=\"El Digital de Asturias\" \/>\n\t\t<meta name=\"twitter:label2\" content=\"Tiempo de lectura estimado\" \/>\n\t\t<meta name=\"twitter:data2\" content=\"1 minuto\" \/>\n\t\t<script type=\"application\/ld+json\" class=\"aioseo-schema\">\n\t\t\t{\"@context\":\"https:\\\/\\\/schema.org\",\"@graph\":[{\"@type\":\"BlogPosting\",\"@id\":\"https:\\\/\\\/www.eldigitaldeasturias.com\\\/noticias\\\/saenz-de-santamaria-se-reune-con-los-secretarios-de-estado-y-subsecretarios\\\/#blogposting\",\"name\":\"S\\u00e1enz de Santamar\\u00eda se re\\u00fane con los Secretarios de Estado y Subsecretarios - El Digital de Asturias\",\"headline\":\"S\\u00e1enz de Santamar\\u00eda se re\\u00fane con los Secretarios de Estado y Subsecretarios\",\"author\":{\"@id\":\"https:\\\/\\\/www.eldigitaldeasturias.com\\\/noticias\\\/author\\\/admin\\\/#author\"},\"publisher\":{\"@id\":\"https:\\\/\\\/www.eldigitaldeasturias.com\\\/noticias\\\/#organization\"},\"image\":{\"@type\":\"ImageObject\",\"url\":971827},\"datePublished\":\"2018-03-13T22:13:02+01:00\",\"dateModified\":\"2018-03-13T22:13:02+01:00\",\"inLanguage\":\"es-ES\",\"mainEntityOfPage\":{\"@id\":\"https:\\\/\\\/www.eldigitaldeasturias.com\\\/noticias\\\/saenz-de-santamaria-se-reune-con-los-secretarios-de-estado-y-subsecretarios\\\/#webpage\"},\"isPartOf\":{\"@id\":\"https:\\\/\\\/www.eldigitaldeasturias.com\\\/noticias\\\/saenz-de-santamaria-se-reune-con-los-secretarios-de-estado-y-subsecretarios\\\/#webpage\"},\"articleSection\":\"Actualidad\"},{\"@type\":\"BreadcrumbList\",\"@id\":\"https:\\\/\\\/www.eldigitaldeasturias.com\\\/noticias\\\/saenz-de-santamaria-se-reune-con-los-secretarios-de-estado-y-subsecretarios\\\/#breadcrumblist\",\"itemListElement\":[{\"@type\":\"ListItem\",\"@id\":\"https:\\\/\\\/www.eldigitaldeasturias.com\\\/noticias#listItem\",\"position\":1,\"name\":\"Home\",\"item\":\"https:\\\/\\\/www.eldigitaldeasturias.com\\\/noticias\",\"nextItem\":{\"@type\":\"ListItem\",\"@id\":\"https:\\\/\\\/www.eldigitaldeasturias.com\\\/noticias\\\/category\\\/actualidad\\\/#listItem\",\"name\":\"Actualidad\"}},{\"@type\":\"ListItem\",\"@id\":\"https:\\\/\\\/www.eldigitaldeasturias.com\\\/noticias\\\/category\\\/actualidad\\\/#listItem\",\"position\":2,\"name\":\"Actualidad\",\"item\":\"https:\\\/\\\/www.eldigitaldeasturias.com\\\/noticias\\\/category\\\/actualidad\\\/\",\"nextItem\":{\"@type\":\"ListItem\",\"@id\":\"https:\\\/\\\/www.eldigitaldeasturias.com\\\/noticias\\\/saenz-de-santamaria-se-reune-con-los-secretarios-de-estado-y-subsecretarios\\\/#listItem\",\"name\":\"S\\u00e1enz de Santamar\\u00eda se re\\u00fane con los Secretarios de Estado y Subsecretarios\"},\"previousItem\":{\"@type\":\"ListItem\",\"@id\":\"https:\\\/\\\/www.eldigitaldeasturias.com\\\/noticias#listItem\",\"name\":\"Home\"}},{\"@type\":\"ListItem\",\"@id\":\"https:\\\/\\\/www.eldigitaldeasturias.com\\\/noticias\\\/saenz-de-santamaria-se-reune-con-los-secretarios-de-estado-y-subsecretarios\\\/#listItem\",\"position\":3,\"name\":\"S\\u00e1enz de Santamar\\u00eda se re\\u00fane con los Secretarios de Estado y Subsecretarios\",\"previousItem\":{\"@type\":\"ListItem\",\"@id\":\"https:\\\/\\\/www.eldigitaldeasturias.com\\\/noticias\\\/category\\\/actualidad\\\/#listItem\",\"name\":\"Actualidad\"}}]},{\"@type\":\"Organization\",\"@id\":\"https:\\\/\\\/www.eldigitaldeasturias.com\\\/noticias\\\/#organization\",\"name\":\"El Digital de Asturias\",\"description\":\"Hemeroteca\",\"url\":\"https:\\\/\\\/www.eldigitaldeasturias.com\\\/noticias\\\/\",\"email\":\"info@eldigitaldeasturias.com\",\"telephone\":\"+34652131393\",\"logo\":{\"@type\":\"ImageObject\",\"url\":\"https:\\\/\\\/www.eldigitaldeasturias.com\\\/noticias\\\/wp-content\\\/uploads\\\/2020\\\/12\\\/EDA.jpg\",\"@id\":\"https:\\\/\\\/www.eldigitaldeasturias.com\\\/noticias\\\/saenz-de-santamaria-se-reune-con-los-secretarios-de-estado-y-subsecretarios\\\/#organizationLogo\"},\"image\":{\"@id\":\"https:\\\/\\\/www.eldigitaldeasturias.com\\\/noticias\\\/saenz-de-santamaria-se-reune-con-los-secretarios-de-estado-y-subsecretarios\\\/#organizationLogo\"},\"sameAs\":[\"https:\\\/\\\/facebook.com\\\/eldigitaldeasturias\",\"https:\\\/\\\/www.youtube.com\\\/channel\\\/UCZP-2wLEB9Rv6erhFmqVnvg\"],\"address\":{\"@id\":\"https:\\\/\\\/www.eldigitaldeasturias.com\\\/noticias\\\/#postaladdress\",\"@type\":\"PostalAddress\",\"streetAddress\":\"san antonio 4\",\"postalCode\":\"33430\",\"addressLocality\":\"Cand\\u00e1s\",\"addressRegion\":\"Asturias\",\"addressCountry\":\"ES\"}},{\"@type\":\"Person\",\"@id\":\"https:\\\/\\\/www.eldigitaldeasturias.com\\\/noticias\\\/author\\\/admin\\\/#author\",\"url\":\"https:\\\/\\\/www.eldigitaldeasturias.com\\\/noticias\\\/author\\\/admin\\\/\",\"name\":\"El Digital de Asturias\",\"image\":{\"@type\":\"ImageObject\",\"@id\":\"https:\\\/\\\/www.eldigitaldeasturias.com\\\/noticias\\\/saenz-de-santamaria-se-reune-con-los-secretarios-de-estado-y-subsecretarios\\\/#authorImage\",\"url\":\"https:\\\/\\\/secure.gravatar.com\\\/avatar\\\/df2aeffc32bcd13f8d26072ef8a91b623d677766deac7f97ca815868cd41bf5e?s=96&d=mm&r=g\",\"width\":96,\"height\":96,\"caption\":\"El Digital de Asturias\"}},{\"@type\":\"WebPage\",\"@id\":\"https:\\\/\\\/www.eldigitaldeasturias.com\\\/noticias\\\/saenz-de-santamaria-se-reune-con-los-secretarios-de-estado-y-subsecretarios\\\/#webpage\",\"url\":\"https:\\\/\\\/www.eldigitaldeasturias.com\\\/noticias\\\/saenz-de-santamaria-se-reune-con-los-secretarios-de-estado-y-subsecretarios\\\/\",\"name\":\"S\\u00e1enz de Santamar\\u00eda se re\\u00fane con los Secretarios de Estado y Subsecretarios - El Digital de Asturias\",\"description\":\"La vicepresidenta del Gobierno y ministra de la Presidencia y para las Administraciones Territoriales, Soraya S\\u00e1enz de Santamar\\u00eda, ha presidido la Comisi\\u00f3n General de Secretarios de Estado y Subsecretarios en el Complejo de La Moncloa. En ella se han analizado los asuntos que se debatir\\u00e1n el pr\\u00f3ximo viernes en Consejo de Ministros, entre los que\",\"inLanguage\":\"es-ES\",\"isPartOf\":{\"@id\":\"https:\\\/\\\/www.eldigitaldeasturias.com\\\/noticias\\\/#website\"},\"breadcrumb\":{\"@id\":\"https:\\\/\\\/www.eldigitaldeasturias.com\\\/noticias\\\/saenz-de-santamaria-se-reune-con-los-secretarios-de-estado-y-subsecretarios\\\/#breadcrumblist\"},\"author\":{\"@id\":\"https:\\\/\\\/www.eldigitaldeasturias.com\\\/noticias\\\/author\\\/admin\\\/#author\"},\"creator\":{\"@id\":\"https:\\\/\\\/www.eldigitaldeasturias.com\\\/noticias\\\/author\\\/admin\\\/#author\"},\"image\":{\"@type\":\"ImageObject\",\"url\":971827,\"@id\":\"https:\\\/\\\/www.eldigitaldeasturias.com\\\/noticias\\\/saenz-de-santamaria-se-reune-con-los-secretarios-de-estado-y-subsecretarios\\\/#mainImage\"},\"primaryImageOfPage\":{\"@id\":\"https:\\\/\\\/www.eldigitaldeasturias.com\\\/noticias\\\/saenz-de-santamaria-se-reune-con-los-secretarios-de-estado-y-subsecretarios\\\/#mainImage\"},\"datePublished\":\"2018-03-13T22:13:02+01:00\",\"dateModified\":\"2018-03-13T22:13:02+01:00\"},{\"@type\":\"WebSite\",\"@id\":\"https:\\\/\\\/www.eldigitaldeasturias.com\\\/noticias\\\/#website\",\"url\":\"https:\\\/\\\/www.eldigitaldeasturias.com\\\/noticias\\\/\",\"name\":\"El Digital de Asturias - Diario de actualidad y noticias\",\"alternateName\":\"El Digital de Asturias - Diario de actualidad y noticias\",\"description\":\"Hemeroteca\",\"inLanguage\":\"es-ES\",\"publisher\":{\"@id\":\"https:\\\/\\\/www.eldigitaldeasturias.com\\\/noticias\\\/#organization\"}}]}\n\t\t<\/script>\n\t\t<!-- All in One SEO Pro -->\r\n\t\t<title>S\u00e1enz de Santamar\u00eda se re\u00fane con los Secretarios de Estado y Subsecretarios - El Digital de Asturias<\/title>\n\n","aioseo_head_json":{"title":"S\u00e1enz de Santamar\u00eda se re\u00fane con los Secretarios de Estado y Subsecretarios - El Digital de Asturias","description":"La vicepresidenta del Gobierno y ministra de la Presidencia y para las Administraciones Territoriales, Soraya S\u00e1enz de Santamar\u00eda, ha presidido la Comisi\u00f3n General de Secretarios de Estado y Subsecretarios en el Complejo de La Moncloa. En ella se han analizado los asuntos que se debatir\u00e1n el pr\u00f3ximo viernes en Consejo de Ministros, entre los que","canonical_url":"https:\/\/www.eldigitaldeasturias.com\/noticias\/saenz-de-santamaria-se-reune-con-los-secretarios-de-estado-y-subsecretarios\/","robots":"max-image-preview:large","keywords":"actualidad","webmasterTools":{"google-site-verification":"UA-38556648-1","msvalidate.01":"7dfe9f3f1b24437ab69f4f2559babe99","miscellaneous":""},"schema":{"@context":"https:\/\/schema.org","@graph":[{"@type":"BlogPosting","@id":"https:\/\/www.eldigitaldeasturias.com\/noticias\/saenz-de-santamaria-se-reune-con-los-secretarios-de-estado-y-subsecretarios\/#blogposting","name":"S\u00e1enz de Santamar\u00eda se re\u00fane con los Secretarios de Estado y Subsecretarios - El Digital de Asturias","headline":"S\u00e1enz de Santamar\u00eda se re\u00fane con los Secretarios de Estado y Subsecretarios","author":{"@id":"https:\/\/www.eldigitaldeasturias.com\/noticias\/author\/admin\/#author"},"publisher":{"@id":"https:\/\/www.eldigitaldeasturias.com\/noticias\/#organization"},"image":{"@type":"ImageObject","url":971827},"datePublished":"2018-03-13T22:13:02+01:00","dateModified":"2018-03-13T22:13:02+01:00","inLanguage":"es-ES","mainEntityOfPage":{"@id":"https:\/\/www.eldigitaldeasturias.com\/noticias\/saenz-de-santamaria-se-reune-con-los-secretarios-de-estado-y-subsecretarios\/#webpage"},"isPartOf":{"@id":"https:\/\/www.eldigitaldeasturias.com\/noticias\/saenz-de-santamaria-se-reune-con-los-secretarios-de-estado-y-subsecretarios\/#webpage"},"articleSection":"Actualidad"},{"@type":"BreadcrumbList","@id":"https:\/\/www.eldigitaldeasturias.com\/noticias\/saenz-de-santamaria-se-reune-con-los-secretarios-de-estado-y-subsecretarios\/#breadcrumblist","itemListElement":[{"@type":"ListItem","@id":"https:\/\/www.eldigitaldeasturias.com\/noticias#listItem","position":1,"name":"Home","item":"https:\/\/www.eldigitaldeasturias.com\/noticias","nextItem":{"@type":"ListItem","@id":"https:\/\/www.eldigitaldeasturias.com\/noticias\/category\/actualidad\/#listItem","name":"Actualidad"}},{"@type":"ListItem","@id":"https:\/\/www.eldigitaldeasturias.com\/noticias\/category\/actualidad\/#listItem","position":2,"name":"Actualidad","item":"https:\/\/www.eldigitaldeasturias.com\/noticias\/category\/actualidad\/","nextItem":{"@type":"ListItem","@id":"https:\/\/www.eldigitaldeasturias.com\/noticias\/saenz-de-santamaria-se-reune-con-los-secretarios-de-estado-y-subsecretarios\/#listItem","name":"S\u00e1enz de Santamar\u00eda se re\u00fane con los Secretarios de Estado y Subsecretarios"},"previousItem":{"@type":"ListItem","@id":"https:\/\/www.eldigitaldeasturias.com\/noticias#listItem","name":"Home"}},{"@type":"ListItem","@id":"https:\/\/www.eldigitaldeasturias.com\/noticias\/saenz-de-santamaria-se-reune-con-los-secretarios-de-estado-y-subsecretarios\/#listItem","position":3,"name":"S\u00e1enz de Santamar\u00eda se re\u00fane con los Secretarios de Estado y Subsecretarios","previousItem":{"@type":"ListItem","@id":"https:\/\/www.eldigitaldeasturias.com\/noticias\/category\/actualidad\/#listItem","name":"Actualidad"}}]},{"@type":"Organization","@id":"https:\/\/www.eldigitaldeasturias.com\/noticias\/#organization","name":"El Digital de Asturias","description":"Hemeroteca","url":"https:\/\/www.eldigitaldeasturias.com\/noticias\/","email":"info@eldigitaldeasturias.com","telephone":"+34652131393","logo":{"@type":"ImageObject","url":"https:\/\/www.eldigitaldeasturias.com\/noticias\/wp-content\/uploads\/2020\/12\/EDA.jpg","@id":"https:\/\/www.eldigitaldeasturias.com\/noticias\/saenz-de-santamaria-se-reune-con-los-secretarios-de-estado-y-subsecretarios\/#organizationLogo"},"image":{"@id":"https:\/\/www.eldigitaldeasturias.com\/noticias\/saenz-de-santamaria-se-reune-con-los-secretarios-de-estado-y-subsecretarios\/#organizationLogo"},"sameAs":["https:\/\/facebook.com\/eldigitaldeasturias","https:\/\/www.youtube.com\/channel\/UCZP-2wLEB9Rv6erhFmqVnvg"],"address":{"@id":"https:\/\/www.eldigitaldeasturias.com\/noticias\/#postaladdress","@type":"PostalAddress","streetAddress":"san antonio 4","postalCode":"33430","addressLocality":"Cand\u00e1s","addressRegion":"Asturias","addressCountry":"ES"}},{"@type":"Person","@id":"https:\/\/www.eldigitaldeasturias.com\/noticias\/author\/admin\/#author","url":"https:\/\/www.eldigitaldeasturias.com\/noticias\/author\/admin\/","name":"El Digital de Asturias","image":{"@type":"ImageObject","@id":"https:\/\/www.eldigitaldeasturias.com\/noticias\/saenz-de-santamaria-se-reune-con-los-secretarios-de-estado-y-subsecretarios\/#authorImage","url":"https:\/\/secure.gravatar.com\/avatar\/df2aeffc32bcd13f8d26072ef8a91b623d677766deac7f97ca815868cd41bf5e?s=96&d=mm&r=g","width":96,"height":96,"caption":"El Digital de Asturias"}},{"@type":"WebPage","@id":"https:\/\/www.eldigitaldeasturias.com\/noticias\/saenz-de-santamaria-se-reune-con-los-secretarios-de-estado-y-subsecretarios\/#webpage","url":"https:\/\/www.eldigitaldeasturias.com\/noticias\/saenz-de-santamaria-se-reune-con-los-secretarios-de-estado-y-subsecretarios\/","name":"S\u00e1enz de Santamar\u00eda se re\u00fane con los Secretarios de Estado y Subsecretarios - El Digital de Asturias","description":"La vicepresidenta del Gobierno y ministra de la Presidencia y para las Administraciones Territoriales, Soraya S\u00e1enz de Santamar\u00eda, ha presidido la Comisi\u00f3n General de Secretarios de Estado y Subsecretarios en el Complejo de La Moncloa. En ella se han analizado los asuntos que se debatir\u00e1n el pr\u00f3ximo viernes en Consejo de Ministros, entre los que","inLanguage":"es-ES","isPartOf":{"@id":"https:\/\/www.eldigitaldeasturias.com\/noticias\/#website"},"breadcrumb":{"@id":"https:\/\/www.eldigitaldeasturias.com\/noticias\/saenz-de-santamaria-se-reune-con-los-secretarios-de-estado-y-subsecretarios\/#breadcrumblist"},"author":{"@id":"https:\/\/www.eldigitaldeasturias.com\/noticias\/author\/admin\/#author"},"creator":{"@id":"https:\/\/www.eldigitaldeasturias.com\/noticias\/author\/admin\/#author"},"image":{"@type":"ImageObject","url":971827,"@id":"https:\/\/www.eldigitaldeasturias.com\/noticias\/saenz-de-santamaria-se-reune-con-los-secretarios-de-estado-y-subsecretarios\/#mainImage"},"primaryImageOfPage":{"@id":"https:\/\/www.eldigitaldeasturias.com\/noticias\/saenz-de-santamaria-se-reune-con-los-secretarios-de-estado-y-subsecretarios\/#mainImage"},"datePublished":"2018-03-13T22:13:02+01:00","dateModified":"2018-03-13T22:13:02+01:00"},{"@type":"WebSite","@id":"https:\/\/www.eldigitaldeasturias.com\/noticias\/#website","url":"https:\/\/www.eldigitaldeasturias.com\/noticias\/","name":"El Digital de Asturias - Diario de actualidad y noticias","alternateName":"El Digital de Asturias - Diario de actualidad y noticias","description":"Hemeroteca","inLanguage":"es-ES","publisher":{"@id":"https:\/\/www.eldigitaldeasturias.com\/noticias\/#organization"}}]},"og:locale":"es_ES","og:site_name":"El Digital de Asturias","og:type":"article","og:title":"S\u00e1enz de Santamar\u00eda se re\u00fane con los Secretarios de Estado y Subsecretarios - El Digital de Asturias","og:description":"La vicepresidenta del Gobierno y ministra de la Presidencia y para las Administraciones Territoriales, Soraya S\u00e1enz de Santamar\u00eda, ha presidido la Comisi\u00f3n General de Secretarios de Estado y Subsecretarios en el Complejo de La Moncloa. En ella se han analizado los asuntos que se debatir\u00e1n el pr\u00f3ximo viernes en Consejo de Ministros, entre los que","og:url":"https:\/\/www.eldigitaldeasturias.com\/noticias\/saenz-de-santamaria-se-reune-con-los-secretarios-de-estado-y-subsecretarios\/","article:tag":["actualidad"],"article:published_time":"2018-03-13T22:13:02+00:00","article:modified_time":"2018-03-13T22:13:02+00:00","article:publisher":"https:\/\/facebook.com\/eldigitaldeasturias","twitter:card":"summary_large_image","twitter:title":"S\u00e1enz de Santamar\u00eda se re\u00fane con los Secretarios de Estado y Subsecretarios - El Digital de Asturias","twitter:description":"La vicepresidenta del Gobierno y ministra de la Presidencia y para las Administraciones Territoriales, Soraya S\u00e1enz de Santamar\u00eda, ha presidido la Comisi\u00f3n General de Secretarios de Estado y Subsecretarios en el Complejo de La Moncloa. En ella se han analizado los asuntos que se debatir\u00e1n el pr\u00f3ximo viernes en Consejo de Ministros, entre los que","twitter:image":"https:\/\/www.eldigitaldeasturias.com\/noticias\/wp-content\/uploads\/2020\/12\/EDA-1.jpg","twitter:label1":"Escrito por","twitter:data1":"El Digital de Asturias","twitter:label2":"Tiempo de lectura estimado","twitter:data2":"1 minuto"},"aioseo_meta_data":{"post_id":"971826","title":null,"description":null,"keywords":null,"keyphrases":null,"primary_term":null,"canonical_url":null,"og_title":null,"og_description":null,"og_object_type":"default","og_image_type":"default","og_image_url":null,"og_image_width":null,"og_image_height":null,"og_image_custom_url":null,"og_image_custom_fields":null,"og_video":null,"og_custom_url":null,"og_article_section":null,"og_article_tags":null,"twitter_use_og":false,"twitter_card":"default","twitter_image_type":"default","twitter_image_url":null,"twitter_image_custom_url":null,"twitter_image_custom_fields":null,"twitter_title":null,"twitter_description":null,"schema":{"blockGraphs":[],"customGraphs":[],"default":{"data":{"Article":[],"Course":[],"Dataset":[],"FAQPage":[],"Movie":[],"Person":[],"Product":[],"ProductReview":[],"Car":[],"Recipe":[],"Service":[],"SoftwareApplication":[],"WebPage":[]},"graphName":"","isEnabled":true},"graphs":[],"defaultGraph":"","defaultPostTypeGraph":""},"schema_type":null,"schema_type_options":null,"pillar_content":false,"robots_default":true,"robots_noindex":false,"robots_noarchive":false,"robots_nosnippet":false,"robots_nofollow":false,"robots_noimageindex":false,"robots_noodp":false,"robots_notranslate":false,"robots_max_snippet":null,"robots_max_videopreview":null,"robots_max_imagepreview":"large","priority":null,"frequency":null,"local_seo":null,"seo_analyzer_scan_date":"2025-10-07 10:31:15","breadcrumb_settings":null,"limit_modified_date":false,"open_ai":null,"ai":null,"created":"2020-12-21 12:20:36","updated":"2025-10-07 10:31:15","focus_keyword":null,"additional_keywords":null,"truseo_locale":null},"aioseo_breadcrumb":"<div class=\"aioseo-breadcrumbs\"><span class=\"aioseo-breadcrumb\">\n\t<a href=\"https:\/\/www.eldigitaldeasturias.com\/noticias\" title=\"Home\">Home<\/a>\n<\/span><span class=\"aioseo-breadcrumb-separator\">\u2013<\/span><span class=\"aioseo-breadcrumb\">\n\t<a href=\"https:\/\/www.eldigitaldeasturias.com\/noticias\/category\/actualidad\/\" title=\"Actualidad\">Actualidad<\/a>\n<\/span><span class=\"aioseo-breadcrumb-separator\">\u2013<\/span><span class=\"aioseo-breadcrumb\">\n\t<a href=\"https:\/\/www.eldigitaldeasturias.com\/noticias\/saenz-de-santamaria-se-reune-con-los-secretarios-de-estado-y-subsecretarios\/\" title=\"S\u00e1enz de Santamar\u00eda se re\u00fane con los Secretarios de Estado y Subsecretarios\">S\u00e1enz de Santamar\u00eda se re\u00fane con los Secretarios de Estado y Subsecretarios<\/a>\n<\/span><\/div>","aioseo_breadcrumb_json":[{"label":"Home","link":"https:\/\/www.eldigitaldeasturias.com\/noticias"},{"label":"Actualidad","link":"https:\/\/www.eldigitaldeasturias.com\/noticias\/category\/actualidad\/"},{"label":"S\u00e1enz de Santamar\u00eda se re\u00fane con los Secretarios de Estado y Subsecretarios","link":"https:\/\/www.eldigitaldeasturias.com\/noticias\/saenz-de-santamaria-se-reune-con-los-secretarios-de-estado-y-subsecretarios\/"}],"_links":{"self":[{"href":"https:\/\/www.eldigitaldeasturias.com\/noticias\/wp-json\/wp\/v2\/posts\/971826","targetHints":{"allow":["GET"]}}],"collection":[{"href":"https:\/\/www.eldigitaldeasturias.com\/noticias\/wp-json\/wp\/v2\/posts"}],"about":[{"href":"https:\/\/www.eldigitaldeasturias.com\/noticias\/wp-json\/wp\/v2\/types\/post"}],"author":[{"embeddable":true,"href":"https:\/\/www.eldigitaldeasturias.com\/noticias\/wp-json\/wp\/v2\/users\/1"}],"replies":[{"embeddable":true,"href":"https:\/\/www.eldigitaldeasturias.com\/noticias\/wp-json\/wp\/v2\/comments?post=971826"}],"version-history":[{"count":0,"href":"https:\/\/www.eldigitaldeasturias.com\/noticias\/wp-json\/wp\/v2\/posts\/971826\/revisions"}],"wp:attachment":[{"href":"https:\/\/www.eldigitaldeasturias.com\/noticias\/wp-json\/wp\/v2\/media?parent=971826"}],"wp:term":[{"taxonomy":"category","embeddable":true,"href":"https:\/\/www.eldigitaldeasturias.com\/noticias\/wp-json\/wp\/v2\/categories?post=971826"},{"taxonomy":"post_tag","embeddable":true,"href":"https:\/\/www.eldigitaldeasturias.com\/noticias\/wp-json\/wp\/v2\/tags?post=971826"}],"curies":[{"name":"wp","href":"https:\/\/api.w.org\/{rel}","templated":true}]}}