{"id":971774,"date":"2018-03-13T04:11:56","date_gmt":"2018-03-13T04:11:56","guid":{"rendered":"http:\/\/www.eldigitaldeasturias.com\/noticias\/?p=971774"},"modified":"2018-03-13T04:11:56","modified_gmt":"2018-03-13T04:11:56","slug":"muere-a-los-96-anos-oskar-groning-el-contable-de-auschwitz","status":"publish","type":"post","link":"https:\/\/www.eldigitaldeasturias.com\/noticias\/muere-a-los-96-anos-oskar-groning-el-contable-de-auschwitz\/","title":{"rendered":"Muere a los 96 a\u00f1os Oskar Gr\u00f6ning, el \u00abcontable de Auschwitz\u00bb"},"content":{"rendered":"<p><img loading=\"lazy\" decoding=\"async\" class=\"alignleft size-medium wp-image-971775\" src=\"https:\/\/www.eldigitaldeasturias.com\/noticias\/wp-content\/uploads\/2018\/03\/birkenau-402324_1280-360x241.jpg\" alt=\"\" width=\"360\" height=\"241\" \/>Hannover (Alemania), 12 mar (dpa) &#8211; El ex miembro de las SS nazis Oskar Gr\u00f6ning, conocido como el \u00abcontable de Auschwitz\u00bb por su rol en la muerte de miles de personas en ese campo de concentraci\u00f3n, muri\u00f3 a los 96 a\u00f1os, informaron hoy fuentes judiciales.<\/p>\n<p>Gr\u00f6ning fue condenado en julio de 2015 a cuatro a\u00f1os de prisi\u00f3n en un proceso en Luneburgo, en el noroeste de Alemania, por colaborar en el asesinato de al menos 300.000 personas.<\/p>\n<p>En ese juicio admiti\u00f3 haberse incautado del dinero de los jud\u00edos deportados al campo de concentraci\u00f3n y exterminio de Auschwitz y de haber vigilado la llegada de los transportes al complejo.<\/p>\n<p>Gr\u00f6ning falleci\u00f3 el viernes en un hospital, se\u00f1al\u00f3 un portavoz de la fiscal\u00eda de Hannover.<\/p>\n<p>En enero, la justicia de Hannover rechaz\u00f3 la petici\u00f3n de indulto presentada por el nonagenario, su \u00faltimo recurso para evitar la c\u00e1rcel. A finales de diciembre, la Justicia determin\u00f3 que deb\u00eda entrar en prisi\u00f3n, pese a su elevada edad.<\/p>\n<p>Durante d\u00e9cadas, las personas que colaboraron de forma indirecta en asesinatos masivos no fueron sentadas ante la justicia.<\/p>\n<p>El cambio de enfoque judicial, que permiti\u00f3 llevar ante el juez a quienes cooperaron con la maquinaria de exterminio nazi, vino propiciado por la condena de John Demjanjuk a cinco a\u00f1os de prisi\u00f3n en 2011 por complicidad en m\u00e1s de 28.000 asesinatos en el campo de exterminio de Sobibor.<\/p>\n<p>Hasta entonces las Fiscal\u00edas alemanas s\u00f3lo presentaban demandas contra aquellos sobre los que pod\u00edan demostrar una participaci\u00f3n directa en los delitos, debido a una sentencia de 1969 de la Corte Suprema que sosten\u00eda que no todo aquel que estuvo involucrado en la maquinaria asesina de los campos de concentraci\u00f3n pod\u00eda ser responsabilizado por todo lo que ocurri\u00f3 dentro.<\/p>\n","protected":false},"excerpt":{"rendered":"<p>Hannover (Alemania), 12 mar (dpa) &#8211; El ex miembro de las SS nazis Oskar Gr\u00f6ning, conocido como el \u00abcontable de Auschwitz\u00bb por su rol en la muerte de miles de personas en ese campo de concentraci\u00f3n, muri\u00f3 a los 96 a\u00f1os, informaron hoy fuentes judiciales. Gr\u00f6ning fue condenado en julio de 2015 a cuatro a\u00f1os [&hellip;]<\/p>\n","protected":false},"author":1,"featured_media":971775,"comment_status":"closed","ping_status":"closed","sticky":false,"template":"","format":"standard","meta":{"footnotes":""},"categories":[1],"tags":[],"class_list":["post-971774","post","type-post","status-publish","format-standard","has-post-thumbnail","hentry","category-actualidad"],"aioseo_notices":[],"aioseo_head":"\n\t\t<!-- All in One SEO Pro 5.0.1 - aioseo.com -->\n\t<meta name=\"description\" content=\"Hannover (Alemania), 12 mar (dpa) - El ex miembro de las SS nazis Oskar Gr\u00f6ning, conocido como el &quot;contable de Auschwitz&quot; por su rol en la muerte de miles de personas en ese campo de concentraci\u00f3n, muri\u00f3 a los 96 a\u00f1os, informaron hoy fuentes judiciales. Gr\u00f6ning fue condenado en julio de 2015 a cuatro a\u00f1os\" \/>\n\t<meta name=\"robots\" content=\"max-image-preview:large\" \/>\n\t<meta name=\"author\" content=\"El Digital de Asturias\"\/>\n\t<meta name=\"google-site-verification\" content=\"UA-38556648-1\" \/>\n\t<meta name=\"msvalidate.01\" content=\"7dfe9f3f1b24437ab69f4f2559babe99\" \/>\n\t<meta name=\"keywords\" content=\"actualidad\" \/>\n\t<link rel=\"canonical\" href=\"https:\/\/www.eldigitaldeasturias.com\/noticias\/muere-a-los-96-anos-oskar-groning-el-contable-de-auschwitz\/\" \/>\n\t<meta name=\"generator\" content=\"All in One SEO Pro (AIOSEO) 5.0.1\" \/>\n\t\t<meta property=\"og:locale\" content=\"es_ES\" \/>\n\t\t<meta property=\"og:site_name\" content=\"El Digital de Asturias\" \/>\n\t\t<meta property=\"og:type\" content=\"article\" \/>\n\t\t<meta property=\"og:title\" content=\"Muere a los 96 a\u00f1os Oskar Gr\u00f6ning, el \u00abcontable de Auschwitz\u00bb - El Digital de Asturias\" \/>\n\t\t<meta property=\"og:description\" content=\"Hannover (Alemania), 12 mar (dpa) - El ex miembro de las SS nazis Oskar Gr\u00f6ning, conocido como el &quot;contable de Auschwitz&quot; por su rol en la muerte de miles de personas en ese campo de concentraci\u00f3n, muri\u00f3 a los 96 a\u00f1os, informaron hoy fuentes judiciales. Gr\u00f6ning fue condenado en julio de 2015 a cuatro a\u00f1os\" \/>\n\t\t<meta property=\"og:url\" content=\"https:\/\/www.eldigitaldeasturias.com\/noticias\/muere-a-los-96-anos-oskar-groning-el-contable-de-auschwitz\/\" \/>\n\t\t<meta property=\"article:tag\" content=\"actualidad\" \/>\n\t\t<meta property=\"article:published_time\" content=\"2018-03-13T04:11:56+00:00\" \/>\n\t\t<meta property=\"article:modified_time\" content=\"2018-03-13T04:11:56+00:00\" \/>\n\t\t<meta property=\"article:publisher\" content=\"https:\/\/facebook.com\/eldigitaldeasturias\" \/>\n\t\t<meta name=\"twitter:card\" content=\"summary_large_image\" \/>\n\t\t<meta name=\"twitter:title\" content=\"Muere a los 96 a\u00f1os Oskar Gr\u00f6ning, el \u00abcontable de Auschwitz\u00bb - El Digital de Asturias\" \/>\n\t\t<meta name=\"twitter:description\" content=\"Hannover (Alemania), 12 mar (dpa) - El ex miembro de las SS nazis Oskar Gr\u00f6ning, conocido como el &quot;contable de Auschwitz&quot; por su rol en la muerte de miles de personas en ese campo de concentraci\u00f3n, muri\u00f3 a los 96 a\u00f1os, informaron hoy fuentes judiciales. Gr\u00f6ning fue condenado en julio de 2015 a cuatro a\u00f1os\" \/>\n\t\t<meta name=\"twitter:image\" content=\"https:\/\/www.eldigitaldeasturias.com\/noticias\/wp-content\/uploads\/2020\/12\/EDA-1.jpg\" \/>\n\t\t<meta name=\"twitter:label1\" content=\"Escrito por\" \/>\n\t\t<meta name=\"twitter:data1\" content=\"El Digital de Asturias\" \/>\n\t\t<meta name=\"twitter:label2\" content=\"Tiempo de lectura estimado\" \/>\n\t\t<meta name=\"twitter:data2\" content=\"2 minutos\" \/>\n\t\t<script type=\"application\/ld+json\" class=\"aioseo-schema\">\n\t\t\t{\"@context\":\"https:\\\/\\\/schema.org\",\"@graph\":[{\"@type\":\"BlogPosting\",\"@id\":\"https:\\\/\\\/www.eldigitaldeasturias.com\\\/noticias\\\/muere-a-los-96-anos-oskar-groning-el-contable-de-auschwitz\\\/#blogposting\",\"name\":\"Muere a los 96 a\\u00f1os Oskar Gr\\u00f6ning, el \\u00abcontable de Auschwitz\\u00bb - El Digital de Asturias\",\"headline\":\"Muere a los 96 a\\u00f1os Oskar Gr\\u00f6ning, el \\u00abcontable de Auschwitz\\u00bb\",\"author\":{\"@id\":\"https:\\\/\\\/www.eldigitaldeasturias.com\\\/noticias\\\/author\\\/admin\\\/#author\"},\"publisher\":{\"@id\":\"https:\\\/\\\/www.eldigitaldeasturias.com\\\/noticias\\\/#organization\"},\"image\":{\"@type\":\"ImageObject\",\"url\":971775},\"datePublished\":\"2018-03-13T04:11:56+01:00\",\"dateModified\":\"2018-03-13T04:11:56+01:00\",\"inLanguage\":\"es-ES\",\"mainEntityOfPage\":{\"@id\":\"https:\\\/\\\/www.eldigitaldeasturias.com\\\/noticias\\\/muere-a-los-96-anos-oskar-groning-el-contable-de-auschwitz\\\/#webpage\"},\"isPartOf\":{\"@id\":\"https:\\\/\\\/www.eldigitaldeasturias.com\\\/noticias\\\/muere-a-los-96-anos-oskar-groning-el-contable-de-auschwitz\\\/#webpage\"},\"articleSection\":\"Actualidad\"},{\"@type\":\"BreadcrumbList\",\"@id\":\"https:\\\/\\\/www.eldigitaldeasturias.com\\\/noticias\\\/muere-a-los-96-anos-oskar-groning-el-contable-de-auschwitz\\\/#breadcrumblist\",\"itemListElement\":[{\"@type\":\"ListItem\",\"@id\":\"https:\\\/\\\/www.eldigitaldeasturias.com\\\/noticias#listItem\",\"position\":1,\"name\":\"Home\",\"item\":\"https:\\\/\\\/www.eldigitaldeasturias.com\\\/noticias\",\"nextItem\":{\"@type\":\"ListItem\",\"@id\":\"https:\\\/\\\/www.eldigitaldeasturias.com\\\/noticias\\\/category\\\/actualidad\\\/#listItem\",\"name\":\"Actualidad\"}},{\"@type\":\"ListItem\",\"@id\":\"https:\\\/\\\/www.eldigitaldeasturias.com\\\/noticias\\\/category\\\/actualidad\\\/#listItem\",\"position\":2,\"name\":\"Actualidad\",\"item\":\"https:\\\/\\\/www.eldigitaldeasturias.com\\\/noticias\\\/category\\\/actualidad\\\/\",\"nextItem\":{\"@type\":\"ListItem\",\"@id\":\"https:\\\/\\\/www.eldigitaldeasturias.com\\\/noticias\\\/muere-a-los-96-anos-oskar-groning-el-contable-de-auschwitz\\\/#listItem\",\"name\":\"Muere a los 96 a\\u00f1os Oskar Gr\\u00f6ning, el \\u00abcontable de Auschwitz\\u00bb\"},\"previousItem\":{\"@type\":\"ListItem\",\"@id\":\"https:\\\/\\\/www.eldigitaldeasturias.com\\\/noticias#listItem\",\"name\":\"Home\"}},{\"@type\":\"ListItem\",\"@id\":\"https:\\\/\\\/www.eldigitaldeasturias.com\\\/noticias\\\/muere-a-los-96-anos-oskar-groning-el-contable-de-auschwitz\\\/#listItem\",\"position\":3,\"name\":\"Muere a los 96 a\\u00f1os Oskar Gr\\u00f6ning, el \\u00abcontable de Auschwitz\\u00bb\",\"previousItem\":{\"@type\":\"ListItem\",\"@id\":\"https:\\\/\\\/www.eldigitaldeasturias.com\\\/noticias\\\/category\\\/actualidad\\\/#listItem\",\"name\":\"Actualidad\"}}]},{\"@type\":\"Organization\",\"@id\":\"https:\\\/\\\/www.eldigitaldeasturias.com\\\/noticias\\\/#organization\",\"name\":\"El Digital de Asturias\",\"description\":\"Hemeroteca\",\"url\":\"https:\\\/\\\/www.eldigitaldeasturias.com\\\/noticias\\\/\",\"email\":\"info@eldigitaldeasturias.com\",\"telephone\":\"+34652131393\",\"logo\":{\"@type\":\"ImageObject\",\"url\":\"https:\\\/\\\/www.eldigitaldeasturias.com\\\/noticias\\\/wp-content\\\/uploads\\\/2020\\\/12\\\/EDA.jpg\",\"@id\":\"https:\\\/\\\/www.eldigitaldeasturias.com\\\/noticias\\\/muere-a-los-96-anos-oskar-groning-el-contable-de-auschwitz\\\/#organizationLogo\"},\"image\":{\"@id\":\"https:\\\/\\\/www.eldigitaldeasturias.com\\\/noticias\\\/muere-a-los-96-anos-oskar-groning-el-contable-de-auschwitz\\\/#organizationLogo\"},\"sameAs\":[\"https:\\\/\\\/facebook.com\\\/eldigitaldeasturias\",\"https:\\\/\\\/www.youtube.com\\\/channel\\\/UCZP-2wLEB9Rv6erhFmqVnvg\"],\"address\":{\"@id\":\"https:\\\/\\\/www.eldigitaldeasturias.com\\\/noticias\\\/#postaladdress\",\"@type\":\"PostalAddress\",\"streetAddress\":\"san antonio 4\",\"postalCode\":\"33430\",\"addressLocality\":\"Cand\\u00e1s\",\"addressRegion\":\"Asturias\",\"addressCountry\":\"ES\"}},{\"@type\":\"Person\",\"@id\":\"https:\\\/\\\/www.eldigitaldeasturias.com\\\/noticias\\\/author\\\/admin\\\/#author\",\"url\":\"https:\\\/\\\/www.eldigitaldeasturias.com\\\/noticias\\\/author\\\/admin\\\/\",\"name\":\"El Digital de Asturias\",\"image\":{\"@type\":\"ImageObject\",\"@id\":\"https:\\\/\\\/www.eldigitaldeasturias.com\\\/noticias\\\/muere-a-los-96-anos-oskar-groning-el-contable-de-auschwitz\\\/#authorImage\",\"url\":\"https:\\\/\\\/secure.gravatar.com\\\/avatar\\\/df2aeffc32bcd13f8d26072ef8a91b623d677766deac7f97ca815868cd41bf5e?s=96&d=mm&r=g\",\"width\":96,\"height\":96,\"caption\":\"El Digital de Asturias\"}},{\"@type\":\"WebPage\",\"@id\":\"https:\\\/\\\/www.eldigitaldeasturias.com\\\/noticias\\\/muere-a-los-96-anos-oskar-groning-el-contable-de-auschwitz\\\/#webpage\",\"url\":\"https:\\\/\\\/www.eldigitaldeasturias.com\\\/noticias\\\/muere-a-los-96-anos-oskar-groning-el-contable-de-auschwitz\\\/\",\"name\":\"Muere a los 96 a\\u00f1os Oskar Gr\\u00f6ning, el \\u00abcontable de Auschwitz\\u00bb - El Digital de Asturias\",\"description\":\"Hannover (Alemania), 12 mar (dpa) - El ex miembro de las SS nazis Oskar Gr\\u00f6ning, conocido como el \\\"contable de Auschwitz\\\" por su rol en la muerte de miles de personas en ese campo de concentraci\\u00f3n, muri\\u00f3 a los 96 a\\u00f1os, informaron hoy fuentes judiciales. Gr\\u00f6ning fue condenado en julio de 2015 a cuatro a\\u00f1os\",\"inLanguage\":\"es-ES\",\"isPartOf\":{\"@id\":\"https:\\\/\\\/www.eldigitaldeasturias.com\\\/noticias\\\/#website\"},\"breadcrumb\":{\"@id\":\"https:\\\/\\\/www.eldigitaldeasturias.com\\\/noticias\\\/muere-a-los-96-anos-oskar-groning-el-contable-de-auschwitz\\\/#breadcrumblist\"},\"author\":{\"@id\":\"https:\\\/\\\/www.eldigitaldeasturias.com\\\/noticias\\\/author\\\/admin\\\/#author\"},\"creator\":{\"@id\":\"https:\\\/\\\/www.eldigitaldeasturias.com\\\/noticias\\\/author\\\/admin\\\/#author\"},\"image\":{\"@type\":\"ImageObject\",\"url\":971775,\"@id\":\"https:\\\/\\\/www.eldigitaldeasturias.com\\\/noticias\\\/muere-a-los-96-anos-oskar-groning-el-contable-de-auschwitz\\\/#mainImage\"},\"primaryImageOfPage\":{\"@id\":\"https:\\\/\\\/www.eldigitaldeasturias.com\\\/noticias\\\/muere-a-los-96-anos-oskar-groning-el-contable-de-auschwitz\\\/#mainImage\"},\"datePublished\":\"2018-03-13T04:11:56+01:00\",\"dateModified\":\"2018-03-13T04:11:56+01:00\"},{\"@type\":\"WebSite\",\"@id\":\"https:\\\/\\\/www.eldigitaldeasturias.com\\\/noticias\\\/#website\",\"url\":\"https:\\\/\\\/www.eldigitaldeasturias.com\\\/noticias\\\/\",\"name\":\"El Digital de Asturias - Diario de actualidad y noticias\",\"alternateName\":\"El Digital de Asturias - Diario de actualidad y noticias\",\"description\":\"Hemeroteca\",\"inLanguage\":\"es-ES\",\"publisher\":{\"@id\":\"https:\\\/\\\/www.eldigitaldeasturias.com\\\/noticias\\\/#organization\"}}]}\n\t\t<\/script>\n\t\t<!-- All in One SEO Pro -->\r\n\t\t<title>Muere a los 96 a\u00f1os Oskar Gr\u00f6ning, el \u00abcontable de Auschwitz\u00bb - El Digital de Asturias<\/title>\n\n","aioseo_head_json":{"title":"Muere a los 96 a\u00f1os Oskar Gr\u00f6ning, el \u00abcontable de Auschwitz\u00bb - El Digital de Asturias","description":"Hannover (Alemania), 12 mar (dpa) - El ex miembro de las SS nazis Oskar Gr\u00f6ning, conocido como el \"contable de Auschwitz\" por su rol en la muerte de miles de personas en ese campo de concentraci\u00f3n, muri\u00f3 a los 96 a\u00f1os, informaron hoy fuentes judiciales. Gr\u00f6ning fue condenado en julio de 2015 a cuatro a\u00f1os","canonical_url":"https:\/\/www.eldigitaldeasturias.com\/noticias\/muere-a-los-96-anos-oskar-groning-el-contable-de-auschwitz\/","robots":"max-image-preview:large","keywords":"actualidad","webmasterTools":{"google-site-verification":"UA-38556648-1","msvalidate.01":"7dfe9f3f1b24437ab69f4f2559babe99","miscellaneous":""},"schema":{"@context":"https:\/\/schema.org","@graph":[{"@type":"BlogPosting","@id":"https:\/\/www.eldigitaldeasturias.com\/noticias\/muere-a-los-96-anos-oskar-groning-el-contable-de-auschwitz\/#blogposting","name":"Muere a los 96 a\u00f1os Oskar Gr\u00f6ning, el \u00abcontable de Auschwitz\u00bb - El Digital de Asturias","headline":"Muere a los 96 a\u00f1os Oskar Gr\u00f6ning, el \u00abcontable de Auschwitz\u00bb","author":{"@id":"https:\/\/www.eldigitaldeasturias.com\/noticias\/author\/admin\/#author"},"publisher":{"@id":"https:\/\/www.eldigitaldeasturias.com\/noticias\/#organization"},"image":{"@type":"ImageObject","url":971775},"datePublished":"2018-03-13T04:11:56+01:00","dateModified":"2018-03-13T04:11:56+01:00","inLanguage":"es-ES","mainEntityOfPage":{"@id":"https:\/\/www.eldigitaldeasturias.com\/noticias\/muere-a-los-96-anos-oskar-groning-el-contable-de-auschwitz\/#webpage"},"isPartOf":{"@id":"https:\/\/www.eldigitaldeasturias.com\/noticias\/muere-a-los-96-anos-oskar-groning-el-contable-de-auschwitz\/#webpage"},"articleSection":"Actualidad"},{"@type":"BreadcrumbList","@id":"https:\/\/www.eldigitaldeasturias.com\/noticias\/muere-a-los-96-anos-oskar-groning-el-contable-de-auschwitz\/#breadcrumblist","itemListElement":[{"@type":"ListItem","@id":"https:\/\/www.eldigitaldeasturias.com\/noticias#listItem","position":1,"name":"Home","item":"https:\/\/www.eldigitaldeasturias.com\/noticias","nextItem":{"@type":"ListItem","@id":"https:\/\/www.eldigitaldeasturias.com\/noticias\/category\/actualidad\/#listItem","name":"Actualidad"}},{"@type":"ListItem","@id":"https:\/\/www.eldigitaldeasturias.com\/noticias\/category\/actualidad\/#listItem","position":2,"name":"Actualidad","item":"https:\/\/www.eldigitaldeasturias.com\/noticias\/category\/actualidad\/","nextItem":{"@type":"ListItem","@id":"https:\/\/www.eldigitaldeasturias.com\/noticias\/muere-a-los-96-anos-oskar-groning-el-contable-de-auschwitz\/#listItem","name":"Muere a los 96 a\u00f1os Oskar Gr\u00f6ning, el \u00abcontable de Auschwitz\u00bb"},"previousItem":{"@type":"ListItem","@id":"https:\/\/www.eldigitaldeasturias.com\/noticias#listItem","name":"Home"}},{"@type":"ListItem","@id":"https:\/\/www.eldigitaldeasturias.com\/noticias\/muere-a-los-96-anos-oskar-groning-el-contable-de-auschwitz\/#listItem","position":3,"name":"Muere a los 96 a\u00f1os Oskar Gr\u00f6ning, el \u00abcontable de Auschwitz\u00bb","previousItem":{"@type":"ListItem","@id":"https:\/\/www.eldigitaldeasturias.com\/noticias\/category\/actualidad\/#listItem","name":"Actualidad"}}]},{"@type":"Organization","@id":"https:\/\/www.eldigitaldeasturias.com\/noticias\/#organization","name":"El Digital de Asturias","description":"Hemeroteca","url":"https:\/\/www.eldigitaldeasturias.com\/noticias\/","email":"info@eldigitaldeasturias.com","telephone":"+34652131393","logo":{"@type":"ImageObject","url":"https:\/\/www.eldigitaldeasturias.com\/noticias\/wp-content\/uploads\/2020\/12\/EDA.jpg","@id":"https:\/\/www.eldigitaldeasturias.com\/noticias\/muere-a-los-96-anos-oskar-groning-el-contable-de-auschwitz\/#organizationLogo"},"image":{"@id":"https:\/\/www.eldigitaldeasturias.com\/noticias\/muere-a-los-96-anos-oskar-groning-el-contable-de-auschwitz\/#organizationLogo"},"sameAs":["https:\/\/facebook.com\/eldigitaldeasturias","https:\/\/www.youtube.com\/channel\/UCZP-2wLEB9Rv6erhFmqVnvg"],"address":{"@id":"https:\/\/www.eldigitaldeasturias.com\/noticias\/#postaladdress","@type":"PostalAddress","streetAddress":"san antonio 4","postalCode":"33430","addressLocality":"Cand\u00e1s","addressRegion":"Asturias","addressCountry":"ES"}},{"@type":"Person","@id":"https:\/\/www.eldigitaldeasturias.com\/noticias\/author\/admin\/#author","url":"https:\/\/www.eldigitaldeasturias.com\/noticias\/author\/admin\/","name":"El Digital de Asturias","image":{"@type":"ImageObject","@id":"https:\/\/www.eldigitaldeasturias.com\/noticias\/muere-a-los-96-anos-oskar-groning-el-contable-de-auschwitz\/#authorImage","url":"https:\/\/secure.gravatar.com\/avatar\/df2aeffc32bcd13f8d26072ef8a91b623d677766deac7f97ca815868cd41bf5e?s=96&d=mm&r=g","width":96,"height":96,"caption":"El Digital de Asturias"}},{"@type":"WebPage","@id":"https:\/\/www.eldigitaldeasturias.com\/noticias\/muere-a-los-96-anos-oskar-groning-el-contable-de-auschwitz\/#webpage","url":"https:\/\/www.eldigitaldeasturias.com\/noticias\/muere-a-los-96-anos-oskar-groning-el-contable-de-auschwitz\/","name":"Muere a los 96 a\u00f1os Oskar Gr\u00f6ning, el \u00abcontable de Auschwitz\u00bb - El Digital de Asturias","description":"Hannover (Alemania), 12 mar (dpa) - El ex miembro de las SS nazis Oskar Gr\u00f6ning, conocido como el \"contable de Auschwitz\" por su rol en la muerte de miles de personas en ese campo de concentraci\u00f3n, muri\u00f3 a los 96 a\u00f1os, informaron hoy fuentes judiciales. Gr\u00f6ning fue condenado en julio de 2015 a cuatro a\u00f1os","inLanguage":"es-ES","isPartOf":{"@id":"https:\/\/www.eldigitaldeasturias.com\/noticias\/#website"},"breadcrumb":{"@id":"https:\/\/www.eldigitaldeasturias.com\/noticias\/muere-a-los-96-anos-oskar-groning-el-contable-de-auschwitz\/#breadcrumblist"},"author":{"@id":"https:\/\/www.eldigitaldeasturias.com\/noticias\/author\/admin\/#author"},"creator":{"@id":"https:\/\/www.eldigitaldeasturias.com\/noticias\/author\/admin\/#author"},"image":{"@type":"ImageObject","url":971775,"@id":"https:\/\/www.eldigitaldeasturias.com\/noticias\/muere-a-los-96-anos-oskar-groning-el-contable-de-auschwitz\/#mainImage"},"primaryImageOfPage":{"@id":"https:\/\/www.eldigitaldeasturias.com\/noticias\/muere-a-los-96-anos-oskar-groning-el-contable-de-auschwitz\/#mainImage"},"datePublished":"2018-03-13T04:11:56+01:00","dateModified":"2018-03-13T04:11:56+01:00"},{"@type":"WebSite","@id":"https:\/\/www.eldigitaldeasturias.com\/noticias\/#website","url":"https:\/\/www.eldigitaldeasturias.com\/noticias\/","name":"El Digital de Asturias - Diario de actualidad y noticias","alternateName":"El Digital de Asturias - Diario de actualidad y noticias","description":"Hemeroteca","inLanguage":"es-ES","publisher":{"@id":"https:\/\/www.eldigitaldeasturias.com\/noticias\/#organization"}}]},"og:locale":"es_ES","og:site_name":"El Digital de Asturias","og:type":"article","og:title":"Muere a los 96 a\u00f1os Oskar Gr\u00f6ning, el \u00abcontable de Auschwitz\u00bb - El Digital de Asturias","og:description":"Hannover (Alemania), 12 mar (dpa) - El ex miembro de las SS nazis Oskar Gr\u00f6ning, conocido como el &quot;contable de Auschwitz&quot; por su rol en la muerte de miles de personas en ese campo de concentraci\u00f3n, muri\u00f3 a los 96 a\u00f1os, informaron hoy fuentes judiciales. Gr\u00f6ning fue condenado en julio de 2015 a cuatro a\u00f1os","og:url":"https:\/\/www.eldigitaldeasturias.com\/noticias\/muere-a-los-96-anos-oskar-groning-el-contable-de-auschwitz\/","article:tag":["actualidad"],"article:published_time":"2018-03-13T04:11:56+00:00","article:modified_time":"2018-03-13T04:11:56+00:00","article:publisher":"https:\/\/facebook.com\/eldigitaldeasturias","twitter:card":"summary_large_image","twitter:title":"Muere a los 96 a\u00f1os Oskar Gr\u00f6ning, el \u00abcontable de Auschwitz\u00bb - El Digital de Asturias","twitter:description":"Hannover (Alemania), 12 mar (dpa) - El ex miembro de las SS nazis Oskar Gr\u00f6ning, conocido como el &quot;contable de Auschwitz&quot; por su rol en la muerte de miles de personas en ese campo de concentraci\u00f3n, muri\u00f3 a los 96 a\u00f1os, informaron hoy fuentes judiciales. Gr\u00f6ning fue condenado en julio de 2015 a cuatro a\u00f1os","twitter:image":"https:\/\/www.eldigitaldeasturias.com\/noticias\/wp-content\/uploads\/2020\/12\/EDA-1.jpg","twitter:label1":"Escrito por","twitter:data1":"El Digital de Asturias","twitter:label2":"Tiempo de lectura estimado","twitter:data2":"2 minutos"},"aioseo_meta_data":{"post_id":"971774","title":null,"description":null,"keywords":null,"keyphrases":null,"primary_term":null,"canonical_url":null,"og_title":null,"og_description":null,"og_object_type":"default","og_image_type":"default","og_image_url":null,"og_image_width":null,"og_image_height":null,"og_image_custom_url":null,"og_image_custom_fields":null,"og_video":null,"og_custom_url":null,"og_article_section":null,"og_article_tags":null,"twitter_use_og":false,"twitter_card":"default","twitter_image_type":"default","twitter_image_url":null,"twitter_image_custom_url":null,"twitter_image_custom_fields":null,"twitter_title":null,"twitter_description":null,"schema":{"blockGraphs":[],"customGraphs":[],"default":{"data":{"Article":[],"Course":[],"Dataset":[],"FAQPage":[],"Movie":[],"Person":[],"Product":[],"ProductReview":[],"Car":[],"Recipe":[],"Service":[],"SoftwareApplication":[],"WebPage":[]},"graphName":"","isEnabled":true},"graphs":[],"defaultGraph":"","defaultPostTypeGraph":""},"schema_type":null,"schema_type_options":null,"pillar_content":false,"robots_default":true,"robots_noindex":false,"robots_noarchive":false,"robots_nosnippet":false,"robots_nofollow":false,"robots_noimageindex":false,"robots_noodp":false,"robots_notranslate":false,"robots_max_snippet":null,"robots_max_videopreview":null,"robots_max_imagepreview":"large","priority":null,"frequency":null,"local_seo":null,"seo_analyzer_scan_date":"2025-10-07 10:21:01","breadcrumb_settings":null,"limit_modified_date":false,"open_ai":null,"ai":null,"created":"2020-12-21 12:20:37","updated":"2025-10-07 10:21:01","focus_keyword":null,"additional_keywords":null,"truseo_locale":null},"aioseo_breadcrumb":"<div class=\"aioseo-breadcrumbs\"><span class=\"aioseo-breadcrumb\">\n\t<a href=\"https:\/\/www.eldigitaldeasturias.com\/noticias\" title=\"Home\">Home<\/a>\n<\/span><span class=\"aioseo-breadcrumb-separator\">\u2013<\/span><span class=\"aioseo-breadcrumb\">\n\t<a href=\"https:\/\/www.eldigitaldeasturias.com\/noticias\/category\/actualidad\/\" title=\"Actualidad\">Actualidad<\/a>\n<\/span><span class=\"aioseo-breadcrumb-separator\">\u2013<\/span><span class=\"aioseo-breadcrumb\">\n\t<a href=\"https:\/\/www.eldigitaldeasturias.com\/noticias\/muere-a-los-96-anos-oskar-groning-el-contable-de-auschwitz\/\" title=\"Muere a los 96 a\u00f1os Oskar Gr\u00f6ning, el \u00abcontable de Auschwitz\u00bb\">Muere a los 96 a\u00f1os Oskar Gr\u00f6ning, el \u00abcontable de Auschwitz\u00bb<\/a>\n<\/span><\/div>","aioseo_breadcrumb_json":[{"label":"Home","link":"https:\/\/www.eldigitaldeasturias.com\/noticias"},{"label":"Actualidad","link":"https:\/\/www.eldigitaldeasturias.com\/noticias\/category\/actualidad\/"},{"label":"Muere a los 96 a\u00f1os Oskar Gr\u00f6ning, el \u00abcontable de Auschwitz\u00bb","link":"https:\/\/www.eldigitaldeasturias.com\/noticias\/muere-a-los-96-anos-oskar-groning-el-contable-de-auschwitz\/"}],"_links":{"self":[{"href":"https:\/\/www.eldigitaldeasturias.com\/noticias\/wp-json\/wp\/v2\/posts\/971774","targetHints":{"allow":["GET"]}}],"collection":[{"href":"https:\/\/www.eldigitaldeasturias.com\/noticias\/wp-json\/wp\/v2\/posts"}],"about":[{"href":"https:\/\/www.eldigitaldeasturias.com\/noticias\/wp-json\/wp\/v2\/types\/post"}],"author":[{"embeddable":true,"href":"https:\/\/www.eldigitaldeasturias.com\/noticias\/wp-json\/wp\/v2\/users\/1"}],"replies":[{"embeddable":true,"href":"https:\/\/www.eldigitaldeasturias.com\/noticias\/wp-json\/wp\/v2\/comments?post=971774"}],"version-history":[{"count":0,"href":"https:\/\/www.eldigitaldeasturias.com\/noticias\/wp-json\/wp\/v2\/posts\/971774\/revisions"}],"wp:attachment":[{"href":"https:\/\/www.eldigitaldeasturias.com\/noticias\/wp-json\/wp\/v2\/media?parent=971774"}],"wp:term":[{"taxonomy":"category","embeddable":true,"href":"https:\/\/www.eldigitaldeasturias.com\/noticias\/wp-json\/wp\/v2\/categories?post=971774"},{"taxonomy":"post_tag","embeddable":true,"href":"https:\/\/www.eldigitaldeasturias.com\/noticias\/wp-json\/wp\/v2\/tags?post=971774"}],"curies":[{"name":"wp","href":"https:\/\/api.w.org\/{rel}","templated":true}]}}