{"id":971661,"date":"2018-03-11T22:28:52","date_gmt":"2018-03-11T22:28:52","guid":{"rendered":"http:\/\/www.eldigitaldeasturias.com\/noticias\/?p=971661"},"modified":"2018-03-11T22:28:52","modified_gmt":"2018-03-11T22:28:52","slug":"marine-le-pen-vivimos-un-momento-historico","status":"publish","type":"post","link":"https:\/\/www.eldigitaldeasturias.com\/noticias\/marine-le-pen-vivimos-un-momento-historico\/","title":{"rendered":"Marine Le Pen: \u00abVivimos un momento hist\u00f3rico\u00bb"},"content":{"rendered":"<p><img loading=\"lazy\" decoding=\"async\" class=\"alignleft size-medium wp-image-835403\" src=\"https:\/\/www.eldigitaldeasturias.com\/noticias\/wp-content\/uploads\/2015\/12\/fotonoticia_20151213210015_800-360x215.jpg\" alt=\"\" width=\"360\" height=\"215\" \/>Lille, 11 mar (dpa) &#8211; La presidenta del Frente Nacional, Marine Le Pen, propuso hoy cambiar el nombre de la formaci\u00f3n ultraderechista francesa por el de Rassemblement National (Agrupaci\u00f3n Nacional) y consigui\u00f3 finalmente apartar por completo del partido a su padre y fundador del mismo, Jean-Marie Le Pen.<\/p>\n<p>\u00abVivimos un momento hist\u00f3rico\u00bb, afirm\u00f3 Le Pen durante el congreso del partido celebrado en Lille en el que pretende renovar al Frente Nacional.<\/p>\n<p>\u00abEste nombre, Frente Nacional, lleva una historia \u00e9pica y gloriosa\u00bb, apunt\u00f3, pero representa \u00abun lastre psicol\u00f3gico\u00bb para muchos franceses. El nuevo nombre debe ser una \u00abllamada para unirse\u00bb, dijo la l\u00edder ultraderechista, que recientemente hab\u00eda se\u00f1alado que la palabra \u00abfrente\u00bb le parec\u00eda demasiado militar.<\/p>\n<p>Los miembros del FN tendr\u00e1n que votar por correo si apoyan el nombre propuesto por su l\u00edder, que cuenta con que habr\u00e1 resultados como pronto en unas seis semanas. Seg\u00fan encuestas previas entre los afiliados, una ajustada mayor\u00eda apoya un cambio de nombre.<\/p>\n<p>Durante el congreso de partido se aprob\u00f3 hoy tambi\u00e9n la eliminaci\u00f3n del cargo de presidente honor\u00edfico que ocupaba Jean-Marie Le Pen, de 89 a\u00f1os. El 80 por ciento de los asistentes refrendaron un cambio de los estatutos y la desaparici\u00f3n del puesto, seg\u00fan inform\u00f3 el FN en Twitter.<\/p>\n<p>Con esta decisi\u00f3n, el fundador del FN queda totalmente desvinculado del mismo, despu\u00e9s de que en 2015 fuese expulsado de la formaci\u00f3n por afirmar reiteradamente que las c\u00e1maras de gas nazis hab\u00edan sido \u00abun detalle de la historia\u00bb de la Segunda Guerra Mundial. Tras aquella expulsi\u00f3n, la Justicia determin\u00f3 que, seg\u00fan los estatutos vigentes hasta hoy, pod\u00eda seguir siendo presidente honorario vitalicio del partido.<\/p>\n<p>La salida definitiva de Jean-Marine Le Pen del FN es la culminaci\u00f3n de la campa\u00f1a iniciada hace a\u00f1os por su hija para intentar moderar la imagen del partido, que es cr\u00edtica con la Uni\u00f3n Europea y que mantiene posiciones muy restrictivas respecto a la inmigraci\u00f3n.<\/p>\n<p>Esa estrategia le ayud\u00f3 a conseguir un resultado sin precedentes en las elecciones presidenciales, en las que logr\u00f3 un 34 por ciento en la segunda vuelta frente al liberal Emmanuel Macron. Pero a pesar de llegar a la segunda ronda, su derrota frente a Macron la dej\u00f3 en una posici\u00f3n d\u00e9bil, a lo que se suman los decepcionantes resultados del partido en las posteriores elecciones parlamentarias, en las que s\u00f3lo lograron ocho esca\u00f1os.<\/p>\n<p>Por eso el congreso de este fin de semana se presentaba como una oportunidad para revitalizar el partido y el liderazgo de Le Pen, quien hoy fue reelegida como presidenta de la formaci\u00f3n con el cien por cien de los votos, seg\u00fan medios galos. La pol\u00edtica de 49 a\u00f1os era la \u00fanica candidata al liderar la formaci\u00f3n euroesc\u00e9ptica y antiinmigraci\u00f3n, que encabeza desde 2011.<\/p>\n<p>El s\u00e1bado, primer d\u00eda del congreso, habl\u00f3 ante los participantes Stephen Bannon, ex estratega jefe del presidente estadounidense, Donald Trump.<\/p>\n<p>\u00abLa historia est\u00e1 de nuestro lado\u00bb, afirm\u00f3 Bannon, para quien el populismo est\u00e1 en auge en todo el mundo, teniendo en cuenta los resultados de las recientes elecciones italianas, la presidencia de Trump o los Gobiernos ultraconservadores de Hungr\u00eda y Polonia.<\/p>\n<p>En otro gesto simb\u00f3lico, Marine Le Pen fue presentada con un video de Matteo Salvini, el l\u00edder del partido ultraderechista italiano Liga, que consigui\u00f3 buenos resultados en las elecciones de hace una semana. Seg\u00fan Salvini, sus partidos ser\u00e1n \u00abel grano de arena que vuele la maquinaria infernal dise\u00f1ada en Bruselas, Berl\u00edhn y Estrasburgo\u00bb.<\/p>\n<p>Algunos de los asistentes al congreso se mostraron divididos sobre el cambio de nombre. \u00abEl Frente Nacional es una marca fuerte\u00bb, dijo a dpa Valerie Eschenmann, de 28 a\u00f1os, que se uni\u00f3 al partido en 2011.<\/p>\n<p>Otros sin embargo, son m\u00e1s receptivos, como Arnaud Dournel, militante desde hace 40 a\u00f1os. \u00abLo esencial persistir\u00e1. El nombre no marcar\u00e1 una diferencia\u00bb, asegur\u00f3 el s\u00e1bado al llegar al conbreso.<\/p>\n<p>Para Dorian Munoz, uno de los representantes del partido en el sur del pa\u00eds, el cambio representa \u00abel futuro\u00bb. \u00abEl Frente Nacional es nuestra base. Ahora debemos ir m\u00e1s all\u00e1, buscar nuevos votantes\u00bb, se\u00f1al\u00f3.<\/p>\n<p>En tanto, unos 500 manifestantes protestaron en el centro de la ciudad contra el FN, seg\u00fan las autoridades locales, aunque no se reportaron incidentes.<\/p>\n<p>Por Pol O Gradaigh (dpa)<\/p>\n","protected":false},"excerpt":{"rendered":"<p>Lille, 11 mar (dpa) &#8211; La presidenta del Frente Nacional, Marine Le Pen, propuso hoy cambiar el nombre de la formaci\u00f3n ultraderechista francesa por el de Rassemblement National (Agrupaci\u00f3n Nacional) y consigui\u00f3 finalmente apartar por completo del partido a su padre y fundador del mismo, Jean-Marie Le Pen. \u00abVivimos un momento hist\u00f3rico\u00bb, afirm\u00f3 Le Pen [&hellip;]<\/p>\n","protected":false},"author":1,"featured_media":835403,"comment_status":"closed","ping_status":"closed","sticky":false,"template":"","format":"standard","meta":{"footnotes":""},"categories":[1],"tags":[],"class_list":["post-971661","post","type-post","status-publish","format-standard","has-post-thumbnail","hentry","category-actualidad"],"aioseo_notices":[],"aioseo_head":"\n\t\t<!-- All in One SEO Pro 5.0.1 - aioseo.com -->\n\t<meta name=\"description\" content=\"Lille, 11 mar (dpa) - La presidenta del Frente Nacional, Marine Le Pen, propuso hoy cambiar el nombre de la formaci\u00f3n ultraderechista francesa por el de Rassemblement National (Agrupaci\u00f3n Nacional) y consigui\u00f3 finalmente apartar por completo del partido a su padre y fundador del mismo, Jean-Marie Le Pen. &quot;Vivimos un momento hist\u00f3rico&quot;, afirm\u00f3 Le Pen\" \/>\n\t<meta name=\"robots\" content=\"max-image-preview:large\" \/>\n\t<meta name=\"author\" content=\"El Digital de Asturias\"\/>\n\t<meta name=\"google-site-verification\" content=\"UA-38556648-1\" \/>\n\t<meta name=\"msvalidate.01\" content=\"7dfe9f3f1b24437ab69f4f2559babe99\" \/>\n\t<meta name=\"keywords\" content=\"actualidad\" \/>\n\t<link rel=\"canonical\" href=\"https:\/\/www.eldigitaldeasturias.com\/noticias\/marine-le-pen-vivimos-un-momento-historico\/\" \/>\n\t<meta name=\"generator\" content=\"All in One SEO Pro (AIOSEO) 5.0.1\" \/>\n\t\t<meta property=\"og:locale\" content=\"es_ES\" \/>\n\t\t<meta property=\"og:site_name\" content=\"El Digital de Asturias\" \/>\n\t\t<meta property=\"og:type\" content=\"article\" \/>\n\t\t<meta property=\"og:title\" content=\"Marine Le Pen: \u00abVivimos un momento hist\u00f3rico\u00bb - El Digital de Asturias\" \/>\n\t\t<meta property=\"og:description\" content=\"Lille, 11 mar (dpa) - La presidenta del Frente Nacional, Marine Le Pen, propuso hoy cambiar el nombre de la formaci\u00f3n ultraderechista francesa por el de Rassemblement National (Agrupaci\u00f3n Nacional) y consigui\u00f3 finalmente apartar por completo del partido a su padre y fundador del mismo, Jean-Marie Le Pen. &quot;Vivimos un momento hist\u00f3rico&quot;, afirm\u00f3 Le Pen\" \/>\n\t\t<meta property=\"og:url\" content=\"https:\/\/www.eldigitaldeasturias.com\/noticias\/marine-le-pen-vivimos-un-momento-historico\/\" \/>\n\t\t<meta property=\"article:tag\" content=\"actualidad\" \/>\n\t\t<meta property=\"article:published_time\" content=\"2018-03-11T22:28:52+00:00\" \/>\n\t\t<meta property=\"article:modified_time\" content=\"2018-03-11T22:28:52+00:00\" \/>\n\t\t<meta property=\"article:publisher\" content=\"https:\/\/facebook.com\/eldigitaldeasturias\" \/>\n\t\t<meta name=\"twitter:card\" content=\"summary_large_image\" \/>\n\t\t<meta name=\"twitter:title\" content=\"Marine Le Pen: \u00abVivimos un momento hist\u00f3rico\u00bb - El Digital de Asturias\" \/>\n\t\t<meta name=\"twitter:description\" content=\"Lille, 11 mar (dpa) - La presidenta del Frente Nacional, Marine Le Pen, propuso hoy cambiar el nombre de la formaci\u00f3n ultraderechista francesa por el de Rassemblement National (Agrupaci\u00f3n Nacional) y consigui\u00f3 finalmente apartar por completo del partido a su padre y fundador del mismo, Jean-Marie Le Pen. &quot;Vivimos un momento hist\u00f3rico&quot;, afirm\u00f3 Le Pen\" \/>\n\t\t<meta name=\"twitter:image\" content=\"https:\/\/www.eldigitaldeasturias.com\/noticias\/wp-content\/uploads\/2020\/12\/EDA-1.jpg\" \/>\n\t\t<meta name=\"twitter:label1\" content=\"Escrito por\" \/>\n\t\t<meta name=\"twitter:data1\" content=\"El Digital de Asturias\" \/>\n\t\t<meta name=\"twitter:label2\" content=\"Tiempo de lectura estimado\" \/>\n\t\t<meta name=\"twitter:data2\" content=\"4 minutos\" \/>\n\t\t<script type=\"application\/ld+json\" class=\"aioseo-schema\">\n\t\t\t{\"@context\":\"https:\\\/\\\/schema.org\",\"@graph\":[{\"@type\":\"BlogPosting\",\"@id\":\"https:\\\/\\\/www.eldigitaldeasturias.com\\\/noticias\\\/marine-le-pen-vivimos-un-momento-historico\\\/#blogposting\",\"name\":\"Marine Le Pen: \\u00abVivimos un momento hist\\u00f3rico\\u00bb - El Digital de Asturias\",\"headline\":\"Marine Le Pen: \\u00abVivimos un momento hist\\u00f3rico\\u00bb\",\"author\":{\"@id\":\"https:\\\/\\\/www.eldigitaldeasturias.com\\\/noticias\\\/author\\\/admin\\\/#author\"},\"publisher\":{\"@id\":\"https:\\\/\\\/www.eldigitaldeasturias.com\\\/noticias\\\/#organization\"},\"image\":{\"@type\":\"ImageObject\",\"url\":835403},\"datePublished\":\"2018-03-11T22:28:52+01:00\",\"dateModified\":\"2018-03-11T22:28:52+01:00\",\"inLanguage\":\"es-ES\",\"mainEntityOfPage\":{\"@id\":\"https:\\\/\\\/www.eldigitaldeasturias.com\\\/noticias\\\/marine-le-pen-vivimos-un-momento-historico\\\/#webpage\"},\"isPartOf\":{\"@id\":\"https:\\\/\\\/www.eldigitaldeasturias.com\\\/noticias\\\/marine-le-pen-vivimos-un-momento-historico\\\/#webpage\"},\"articleSection\":\"Actualidad\"},{\"@type\":\"BreadcrumbList\",\"@id\":\"https:\\\/\\\/www.eldigitaldeasturias.com\\\/noticias\\\/marine-le-pen-vivimos-un-momento-historico\\\/#breadcrumblist\",\"itemListElement\":[{\"@type\":\"ListItem\",\"@id\":\"https:\\\/\\\/www.eldigitaldeasturias.com\\\/noticias#listItem\",\"position\":1,\"name\":\"Home\",\"item\":\"https:\\\/\\\/www.eldigitaldeasturias.com\\\/noticias\",\"nextItem\":{\"@type\":\"ListItem\",\"@id\":\"https:\\\/\\\/www.eldigitaldeasturias.com\\\/noticias\\\/category\\\/actualidad\\\/#listItem\",\"name\":\"Actualidad\"}},{\"@type\":\"ListItem\",\"@id\":\"https:\\\/\\\/www.eldigitaldeasturias.com\\\/noticias\\\/category\\\/actualidad\\\/#listItem\",\"position\":2,\"name\":\"Actualidad\",\"item\":\"https:\\\/\\\/www.eldigitaldeasturias.com\\\/noticias\\\/category\\\/actualidad\\\/\",\"nextItem\":{\"@type\":\"ListItem\",\"@id\":\"https:\\\/\\\/www.eldigitaldeasturias.com\\\/noticias\\\/marine-le-pen-vivimos-un-momento-historico\\\/#listItem\",\"name\":\"Marine Le Pen: \\u00abVivimos un momento hist\\u00f3rico\\u00bb\"},\"previousItem\":{\"@type\":\"ListItem\",\"@id\":\"https:\\\/\\\/www.eldigitaldeasturias.com\\\/noticias#listItem\",\"name\":\"Home\"}},{\"@type\":\"ListItem\",\"@id\":\"https:\\\/\\\/www.eldigitaldeasturias.com\\\/noticias\\\/marine-le-pen-vivimos-un-momento-historico\\\/#listItem\",\"position\":3,\"name\":\"Marine Le Pen: \\u00abVivimos un momento hist\\u00f3rico\\u00bb\",\"previousItem\":{\"@type\":\"ListItem\",\"@id\":\"https:\\\/\\\/www.eldigitaldeasturias.com\\\/noticias\\\/category\\\/actualidad\\\/#listItem\",\"name\":\"Actualidad\"}}]},{\"@type\":\"Organization\",\"@id\":\"https:\\\/\\\/www.eldigitaldeasturias.com\\\/noticias\\\/#organization\",\"name\":\"El Digital de Asturias\",\"description\":\"Hemeroteca\",\"url\":\"https:\\\/\\\/www.eldigitaldeasturias.com\\\/noticias\\\/\",\"email\":\"info@eldigitaldeasturias.com\",\"telephone\":\"+34652131393\",\"logo\":{\"@type\":\"ImageObject\",\"url\":\"https:\\\/\\\/www.eldigitaldeasturias.com\\\/noticias\\\/wp-content\\\/uploads\\\/2020\\\/12\\\/EDA.jpg\",\"@id\":\"https:\\\/\\\/www.eldigitaldeasturias.com\\\/noticias\\\/marine-le-pen-vivimos-un-momento-historico\\\/#organizationLogo\"},\"image\":{\"@id\":\"https:\\\/\\\/www.eldigitaldeasturias.com\\\/noticias\\\/marine-le-pen-vivimos-un-momento-historico\\\/#organizationLogo\"},\"sameAs\":[\"https:\\\/\\\/facebook.com\\\/eldigitaldeasturias\",\"https:\\\/\\\/www.youtube.com\\\/channel\\\/UCZP-2wLEB9Rv6erhFmqVnvg\"],\"address\":{\"@id\":\"https:\\\/\\\/www.eldigitaldeasturias.com\\\/noticias\\\/#postaladdress\",\"@type\":\"PostalAddress\",\"streetAddress\":\"san antonio 4\",\"postalCode\":\"33430\",\"addressLocality\":\"Cand\\u00e1s\",\"addressRegion\":\"Asturias\",\"addressCountry\":\"ES\"}},{\"@type\":\"Person\",\"@id\":\"https:\\\/\\\/www.eldigitaldeasturias.com\\\/noticias\\\/author\\\/admin\\\/#author\",\"url\":\"https:\\\/\\\/www.eldigitaldeasturias.com\\\/noticias\\\/author\\\/admin\\\/\",\"name\":\"El Digital de Asturias\",\"image\":{\"@type\":\"ImageObject\",\"@id\":\"https:\\\/\\\/www.eldigitaldeasturias.com\\\/noticias\\\/marine-le-pen-vivimos-un-momento-historico\\\/#authorImage\",\"url\":\"https:\\\/\\\/secure.gravatar.com\\\/avatar\\\/df2aeffc32bcd13f8d26072ef8a91b623d677766deac7f97ca815868cd41bf5e?s=96&d=mm&r=g\",\"width\":96,\"height\":96,\"caption\":\"El Digital de Asturias\"}},{\"@type\":\"WebPage\",\"@id\":\"https:\\\/\\\/www.eldigitaldeasturias.com\\\/noticias\\\/marine-le-pen-vivimos-un-momento-historico\\\/#webpage\",\"url\":\"https:\\\/\\\/www.eldigitaldeasturias.com\\\/noticias\\\/marine-le-pen-vivimos-un-momento-historico\\\/\",\"name\":\"Marine Le Pen: \\u00abVivimos un momento hist\\u00f3rico\\u00bb - El Digital de Asturias\",\"description\":\"Lille, 11 mar (dpa) - La presidenta del Frente Nacional, Marine Le Pen, propuso hoy cambiar el nombre de la formaci\\u00f3n ultraderechista francesa por el de Rassemblement National (Agrupaci\\u00f3n Nacional) y consigui\\u00f3 finalmente apartar por completo del partido a su padre y fundador del mismo, Jean-Marie Le Pen. \\\"Vivimos un momento hist\\u00f3rico\\\", afirm\\u00f3 Le Pen\",\"inLanguage\":\"es-ES\",\"isPartOf\":{\"@id\":\"https:\\\/\\\/www.eldigitaldeasturias.com\\\/noticias\\\/#website\"},\"breadcrumb\":{\"@id\":\"https:\\\/\\\/www.eldigitaldeasturias.com\\\/noticias\\\/marine-le-pen-vivimos-un-momento-historico\\\/#breadcrumblist\"},\"author\":{\"@id\":\"https:\\\/\\\/www.eldigitaldeasturias.com\\\/noticias\\\/author\\\/admin\\\/#author\"},\"creator\":{\"@id\":\"https:\\\/\\\/www.eldigitaldeasturias.com\\\/noticias\\\/author\\\/admin\\\/#author\"},\"image\":{\"@type\":\"ImageObject\",\"url\":835403,\"@id\":\"https:\\\/\\\/www.eldigitaldeasturias.com\\\/noticias\\\/marine-le-pen-vivimos-un-momento-historico\\\/#mainImage\"},\"primaryImageOfPage\":{\"@id\":\"https:\\\/\\\/www.eldigitaldeasturias.com\\\/noticias\\\/marine-le-pen-vivimos-un-momento-historico\\\/#mainImage\"},\"datePublished\":\"2018-03-11T22:28:52+01:00\",\"dateModified\":\"2018-03-11T22:28:52+01:00\"},{\"@type\":\"WebSite\",\"@id\":\"https:\\\/\\\/www.eldigitaldeasturias.com\\\/noticias\\\/#website\",\"url\":\"https:\\\/\\\/www.eldigitaldeasturias.com\\\/noticias\\\/\",\"name\":\"El Digital de Asturias - Diario de actualidad y noticias\",\"alternateName\":\"El Digital de Asturias - Diario de actualidad y noticias\",\"description\":\"Hemeroteca\",\"inLanguage\":\"es-ES\",\"publisher\":{\"@id\":\"https:\\\/\\\/www.eldigitaldeasturias.com\\\/noticias\\\/#organization\"}}]}\n\t\t<\/script>\n\t\t<!-- All in One SEO Pro -->\r\n\t\t<title>Marine Le Pen: \u00abVivimos un momento hist\u00f3rico\u00bb - El Digital de Asturias<\/title>\n\n","aioseo_head_json":{"title":"Marine Le Pen: \u00abVivimos un momento hist\u00f3rico\u00bb - El Digital de Asturias","description":"Lille, 11 mar (dpa) - La presidenta del Frente Nacional, Marine Le Pen, propuso hoy cambiar el nombre de la formaci\u00f3n ultraderechista francesa por el de Rassemblement National (Agrupaci\u00f3n Nacional) y consigui\u00f3 finalmente apartar por completo del partido a su padre y fundador del mismo, Jean-Marie Le Pen. \"Vivimos un momento hist\u00f3rico\", afirm\u00f3 Le Pen","canonical_url":"https:\/\/www.eldigitaldeasturias.com\/noticias\/marine-le-pen-vivimos-un-momento-historico\/","robots":"max-image-preview:large","keywords":"actualidad","webmasterTools":{"google-site-verification":"UA-38556648-1","msvalidate.01":"7dfe9f3f1b24437ab69f4f2559babe99","miscellaneous":""},"schema":{"@context":"https:\/\/schema.org","@graph":[{"@type":"BlogPosting","@id":"https:\/\/www.eldigitaldeasturias.com\/noticias\/marine-le-pen-vivimos-un-momento-historico\/#blogposting","name":"Marine Le Pen: \u00abVivimos un momento hist\u00f3rico\u00bb - El Digital de Asturias","headline":"Marine Le Pen: \u00abVivimos un momento hist\u00f3rico\u00bb","author":{"@id":"https:\/\/www.eldigitaldeasturias.com\/noticias\/author\/admin\/#author"},"publisher":{"@id":"https:\/\/www.eldigitaldeasturias.com\/noticias\/#organization"},"image":{"@type":"ImageObject","url":835403},"datePublished":"2018-03-11T22:28:52+01:00","dateModified":"2018-03-11T22:28:52+01:00","inLanguage":"es-ES","mainEntityOfPage":{"@id":"https:\/\/www.eldigitaldeasturias.com\/noticias\/marine-le-pen-vivimos-un-momento-historico\/#webpage"},"isPartOf":{"@id":"https:\/\/www.eldigitaldeasturias.com\/noticias\/marine-le-pen-vivimos-un-momento-historico\/#webpage"},"articleSection":"Actualidad"},{"@type":"BreadcrumbList","@id":"https:\/\/www.eldigitaldeasturias.com\/noticias\/marine-le-pen-vivimos-un-momento-historico\/#breadcrumblist","itemListElement":[{"@type":"ListItem","@id":"https:\/\/www.eldigitaldeasturias.com\/noticias#listItem","position":1,"name":"Home","item":"https:\/\/www.eldigitaldeasturias.com\/noticias","nextItem":{"@type":"ListItem","@id":"https:\/\/www.eldigitaldeasturias.com\/noticias\/category\/actualidad\/#listItem","name":"Actualidad"}},{"@type":"ListItem","@id":"https:\/\/www.eldigitaldeasturias.com\/noticias\/category\/actualidad\/#listItem","position":2,"name":"Actualidad","item":"https:\/\/www.eldigitaldeasturias.com\/noticias\/category\/actualidad\/","nextItem":{"@type":"ListItem","@id":"https:\/\/www.eldigitaldeasturias.com\/noticias\/marine-le-pen-vivimos-un-momento-historico\/#listItem","name":"Marine Le Pen: \u00abVivimos un momento hist\u00f3rico\u00bb"},"previousItem":{"@type":"ListItem","@id":"https:\/\/www.eldigitaldeasturias.com\/noticias#listItem","name":"Home"}},{"@type":"ListItem","@id":"https:\/\/www.eldigitaldeasturias.com\/noticias\/marine-le-pen-vivimos-un-momento-historico\/#listItem","position":3,"name":"Marine Le Pen: \u00abVivimos un momento hist\u00f3rico\u00bb","previousItem":{"@type":"ListItem","@id":"https:\/\/www.eldigitaldeasturias.com\/noticias\/category\/actualidad\/#listItem","name":"Actualidad"}}]},{"@type":"Organization","@id":"https:\/\/www.eldigitaldeasturias.com\/noticias\/#organization","name":"El Digital de Asturias","description":"Hemeroteca","url":"https:\/\/www.eldigitaldeasturias.com\/noticias\/","email":"info@eldigitaldeasturias.com","telephone":"+34652131393","logo":{"@type":"ImageObject","url":"https:\/\/www.eldigitaldeasturias.com\/noticias\/wp-content\/uploads\/2020\/12\/EDA.jpg","@id":"https:\/\/www.eldigitaldeasturias.com\/noticias\/marine-le-pen-vivimos-un-momento-historico\/#organizationLogo"},"image":{"@id":"https:\/\/www.eldigitaldeasturias.com\/noticias\/marine-le-pen-vivimos-un-momento-historico\/#organizationLogo"},"sameAs":["https:\/\/facebook.com\/eldigitaldeasturias","https:\/\/www.youtube.com\/channel\/UCZP-2wLEB9Rv6erhFmqVnvg"],"address":{"@id":"https:\/\/www.eldigitaldeasturias.com\/noticias\/#postaladdress","@type":"PostalAddress","streetAddress":"san antonio 4","postalCode":"33430","addressLocality":"Cand\u00e1s","addressRegion":"Asturias","addressCountry":"ES"}},{"@type":"Person","@id":"https:\/\/www.eldigitaldeasturias.com\/noticias\/author\/admin\/#author","url":"https:\/\/www.eldigitaldeasturias.com\/noticias\/author\/admin\/","name":"El Digital de Asturias","image":{"@type":"ImageObject","@id":"https:\/\/www.eldigitaldeasturias.com\/noticias\/marine-le-pen-vivimos-un-momento-historico\/#authorImage","url":"https:\/\/secure.gravatar.com\/avatar\/df2aeffc32bcd13f8d26072ef8a91b623d677766deac7f97ca815868cd41bf5e?s=96&d=mm&r=g","width":96,"height":96,"caption":"El Digital de Asturias"}},{"@type":"WebPage","@id":"https:\/\/www.eldigitaldeasturias.com\/noticias\/marine-le-pen-vivimos-un-momento-historico\/#webpage","url":"https:\/\/www.eldigitaldeasturias.com\/noticias\/marine-le-pen-vivimos-un-momento-historico\/","name":"Marine Le Pen: \u00abVivimos un momento hist\u00f3rico\u00bb - El Digital de Asturias","description":"Lille, 11 mar (dpa) - La presidenta del Frente Nacional, Marine Le Pen, propuso hoy cambiar el nombre de la formaci\u00f3n ultraderechista francesa por el de Rassemblement National (Agrupaci\u00f3n Nacional) y consigui\u00f3 finalmente apartar por completo del partido a su padre y fundador del mismo, Jean-Marie Le Pen. \"Vivimos un momento hist\u00f3rico\", afirm\u00f3 Le Pen","inLanguage":"es-ES","isPartOf":{"@id":"https:\/\/www.eldigitaldeasturias.com\/noticias\/#website"},"breadcrumb":{"@id":"https:\/\/www.eldigitaldeasturias.com\/noticias\/marine-le-pen-vivimos-un-momento-historico\/#breadcrumblist"},"author":{"@id":"https:\/\/www.eldigitaldeasturias.com\/noticias\/author\/admin\/#author"},"creator":{"@id":"https:\/\/www.eldigitaldeasturias.com\/noticias\/author\/admin\/#author"},"image":{"@type":"ImageObject","url":835403,"@id":"https:\/\/www.eldigitaldeasturias.com\/noticias\/marine-le-pen-vivimos-un-momento-historico\/#mainImage"},"primaryImageOfPage":{"@id":"https:\/\/www.eldigitaldeasturias.com\/noticias\/marine-le-pen-vivimos-un-momento-historico\/#mainImage"},"datePublished":"2018-03-11T22:28:52+01:00","dateModified":"2018-03-11T22:28:52+01:00"},{"@type":"WebSite","@id":"https:\/\/www.eldigitaldeasturias.com\/noticias\/#website","url":"https:\/\/www.eldigitaldeasturias.com\/noticias\/","name":"El Digital de Asturias - Diario de actualidad y noticias","alternateName":"El Digital de Asturias - Diario de actualidad y noticias","description":"Hemeroteca","inLanguage":"es-ES","publisher":{"@id":"https:\/\/www.eldigitaldeasturias.com\/noticias\/#organization"}}]},"og:locale":"es_ES","og:site_name":"El Digital de Asturias","og:type":"article","og:title":"Marine Le Pen: \u00abVivimos un momento hist\u00f3rico\u00bb - El Digital de Asturias","og:description":"Lille, 11 mar (dpa) - La presidenta del Frente Nacional, Marine Le Pen, propuso hoy cambiar el nombre de la formaci\u00f3n ultraderechista francesa por el de Rassemblement National (Agrupaci\u00f3n Nacional) y consigui\u00f3 finalmente apartar por completo del partido a su padre y fundador del mismo, Jean-Marie Le Pen. &quot;Vivimos un momento hist\u00f3rico&quot;, afirm\u00f3 Le Pen","og:url":"https:\/\/www.eldigitaldeasturias.com\/noticias\/marine-le-pen-vivimos-un-momento-historico\/","article:tag":["actualidad"],"article:published_time":"2018-03-11T22:28:52+00:00","article:modified_time":"2018-03-11T22:28:52+00:00","article:publisher":"https:\/\/facebook.com\/eldigitaldeasturias","twitter:card":"summary_large_image","twitter:title":"Marine Le Pen: \u00abVivimos un momento hist\u00f3rico\u00bb - El Digital de Asturias","twitter:description":"Lille, 11 mar (dpa) - La presidenta del Frente Nacional, Marine Le Pen, propuso hoy cambiar el nombre de la formaci\u00f3n ultraderechista francesa por el de Rassemblement National (Agrupaci\u00f3n Nacional) y consigui\u00f3 finalmente apartar por completo del partido a su padre y fundador del mismo, Jean-Marie Le Pen. &quot;Vivimos un momento hist\u00f3rico&quot;, afirm\u00f3 Le Pen","twitter:image":"https:\/\/www.eldigitaldeasturias.com\/noticias\/wp-content\/uploads\/2020\/12\/EDA-1.jpg","twitter:label1":"Escrito por","twitter:data1":"El Digital de Asturias","twitter:label2":"Tiempo de lectura estimado","twitter:data2":"4 minutos"},"aioseo_meta_data":{"post_id":"971661","title":null,"description":null,"keywords":null,"keyphrases":null,"primary_term":null,"canonical_url":null,"og_title":null,"og_description":null,"og_object_type":"default","og_image_type":"default","og_image_url":null,"og_image_width":null,"og_image_height":null,"og_image_custom_url":null,"og_image_custom_fields":null,"og_video":null,"og_custom_url":null,"og_article_section":null,"og_article_tags":null,"twitter_use_og":false,"twitter_card":"default","twitter_image_type":"default","twitter_image_url":null,"twitter_image_custom_url":null,"twitter_image_custom_fields":null,"twitter_title":null,"twitter_description":null,"schema":{"blockGraphs":[],"customGraphs":[],"default":{"data":{"Article":[],"Course":[],"Dataset":[],"FAQPage":[],"Movie":[],"Person":[],"Product":[],"ProductReview":[],"Car":[],"Recipe":[],"Service":[],"SoftwareApplication":[],"WebPage":[]},"graphName":"","isEnabled":true},"graphs":[]},"schema_type":null,"schema_type_options":null,"pillar_content":false,"robots_default":true,"robots_noindex":false,"robots_noarchive":false,"robots_nosnippet":false,"robots_nofollow":false,"robots_noimageindex":false,"robots_noodp":false,"robots_notranslate":false,"robots_max_snippet":null,"robots_max_videopreview":null,"robots_max_imagepreview":"large","priority":null,"frequency":null,"local_seo":null,"seo_analyzer_scan_date":"2025-10-07 09:58:08","breadcrumb_settings":null,"limit_modified_date":false,"open_ai":null,"ai":null,"created":"2020-12-21 12:21:37","updated":"2025-10-07 09:58:08","focus_keyword":null,"additional_keywords":null,"truseo_locale":null},"aioseo_breadcrumb":"<div class=\"aioseo-breadcrumbs\"><span class=\"aioseo-breadcrumb\">\n\t<a href=\"https:\/\/www.eldigitaldeasturias.com\/noticias\" title=\"Home\">Home<\/a>\n<\/span><span class=\"aioseo-breadcrumb-separator\">\u2013<\/span><span class=\"aioseo-breadcrumb\">\n\t<a href=\"https:\/\/www.eldigitaldeasturias.com\/noticias\/category\/actualidad\/\" title=\"Actualidad\">Actualidad<\/a>\n<\/span><span class=\"aioseo-breadcrumb-separator\">\u2013<\/span><span class=\"aioseo-breadcrumb\">\n\t<a href=\"https:\/\/www.eldigitaldeasturias.com\/noticias\/marine-le-pen-vivimos-un-momento-historico\/\" title=\"Marine Le Pen: \u00abVivimos un momento hist\u00f3rico\u00bb\">Marine Le Pen: \u00abVivimos un momento hist\u00f3rico\u00bb<\/a>\n<\/span><\/div>","aioseo_breadcrumb_json":[{"label":"Home","link":"https:\/\/www.eldigitaldeasturias.com\/noticias"},{"label":"Actualidad","link":"https:\/\/www.eldigitaldeasturias.com\/noticias\/category\/actualidad\/"},{"label":"Marine Le Pen: \u00abVivimos un momento hist\u00f3rico\u00bb","link":"https:\/\/www.eldigitaldeasturias.com\/noticias\/marine-le-pen-vivimos-un-momento-historico\/"}],"_links":{"self":[{"href":"https:\/\/www.eldigitaldeasturias.com\/noticias\/wp-json\/wp\/v2\/posts\/971661","targetHints":{"allow":["GET"]}}],"collection":[{"href":"https:\/\/www.eldigitaldeasturias.com\/noticias\/wp-json\/wp\/v2\/posts"}],"about":[{"href":"https:\/\/www.eldigitaldeasturias.com\/noticias\/wp-json\/wp\/v2\/types\/post"}],"author":[{"embeddable":true,"href":"https:\/\/www.eldigitaldeasturias.com\/noticias\/wp-json\/wp\/v2\/users\/1"}],"replies":[{"embeddable":true,"href":"https:\/\/www.eldigitaldeasturias.com\/noticias\/wp-json\/wp\/v2\/comments?post=971661"}],"version-history":[{"count":0,"href":"https:\/\/www.eldigitaldeasturias.com\/noticias\/wp-json\/wp\/v2\/posts\/971661\/revisions"}],"wp:attachment":[{"href":"https:\/\/www.eldigitaldeasturias.com\/noticias\/wp-json\/wp\/v2\/media?parent=971661"}],"wp:term":[{"taxonomy":"category","embeddable":true,"href":"https:\/\/www.eldigitaldeasturias.com\/noticias\/wp-json\/wp\/v2\/categories?post=971661"},{"taxonomy":"post_tag","embeddable":true,"href":"https:\/\/www.eldigitaldeasturias.com\/noticias\/wp-json\/wp\/v2\/tags?post=971661"}],"curies":[{"name":"wp","href":"https:\/\/api.w.org\/{rel}","templated":true}]}}