{"id":971647,"date":"2018-03-11T21:20:42","date_gmt":"2018-03-11T21:20:42","guid":{"rendered":"http:\/\/www.eldigitaldeasturias.com\/noticias\/?p=971647"},"modified":"2018-03-11T21:20:42","modified_gmt":"2018-03-11T21:20:42","slug":"japon-recuerda-a-las-victimas-del-terremoto-del-ano-2011","status":"publish","type":"post","link":"https:\/\/www.eldigitaldeasturias.com\/noticias\/japon-recuerda-a-las-victimas-del-terremoto-del-ano-2011\/","title":{"rendered":"Jap\u00f3n recuerda a las v\u00edctimas del terremoto del a\u00f1o 2011"},"content":{"rendered":"<p><img loading=\"lazy\" decoding=\"async\" class=\"alignleft size-medium wp-image-780240\" src=\"https:\/\/www.eldigitaldeasturias.com\/noticias\/wp-content\/uploads\/2015\/04\/terremoto-360x198.jpg\" alt=\"\" width=\"360\" height=\"198\" \/>Tokio, 11 mar (dpa) \u2013 Jap\u00f3n record\u00f3 hoy a las <strong>18.500 v\u00edctimas mortales<\/strong> del fuerte terremoto y tsunami que hace exactamente siete a\u00f1os sacudieron el noreste del pa\u00eds y provocaron en la <strong>planta at\u00f3mica de Fukushima<\/strong> el peor accidente nuclear desde Chernobyl.<\/p>\n<p>Se celebraron actos de recuerdo en Tokio y en las prefecturas del noreste, entre ellas la de Fukushima, donde se encontraba la central nuclear afectada por el sismo. Se guard\u00f3 un minuto de silencio a las 14:56 hora local (05:46 GMT), el momento exacto en el que se produjo el terremoto de magnitud 9 el 11 de marzo de 2011.<\/p>\n<p>El pr\u00edncipe Akishino y la princesa Kiko asistieron a la ceremonia organizada por el Gobierno en la capital, en la que tambi\u00e9n participaron el primer ministro, Shinzo Abe, y familiares y supervivientes de la cat\u00e1strofes.<\/p>\n<p>En las prefecturas m\u00e1s afectadas, como Miyagi, decenas de miles de personas siguen viviendo en casas temporales prefabricadas, mientras que otras 49.500 no pudieron regresar a sus hogares en las zonas cercanas a la planta nuclear de Fukushima Daiichi debido a la contaminaci\u00f3n por radiaci\u00f3n. Al resultar afectada por el sismo, en la central se produj\u00f3 una triple fusi\u00f3n de n\u00facleo, lo que liber\u00f3 material radiactivo al aire.<\/p>\n<p>El accidente oblig\u00f3 a abandonar sus casas a cientos de miles de personas por temor a los efectos secundarios de la radiaci\u00f3n.<\/p>\n<p>El a\u00f1o pasado, el Gobierno levant\u00f3 las \u00f3rdenes de evacuaci\u00f3n en muchas de las zonas que rodean la planta y asegur\u00f3 que los trabajos de descontaminaci\u00f3n concluyeron. Sin embargo, muchos de los residentes, especialmente madres y ni\u00f1os, son reticentes a volver, ya que hay cr\u00edticos que aseguran que las operaciones de limpieza no fueron efectivas.<\/p>\n<p>A principios de marzo, la organizaci\u00f3n medioambiental Greenpeace advirti\u00f3 de que la radiaci\u00f3n sigue en niveles \u00abmuy elevados\u00bb en las inmediaciones de la central y desaconsej\u00f3 a los habitantes de la zona que vuelvan a ella.<\/p>\n<p>Seg\u00fan la ONG, ese elevado nivel de radiactividad supondr\u00e1 un \u00abriesgo significativo\u00bb para el regreso de los habitantes de esas zonas al menos hasta la d\u00e9cada de 2050 y en parte incluso hasta el pr\u00f3ximo siglo.<\/p>\n<p>El accidente nuclear de Fukushima puso a la mayor parte de la opini\u00f3n p\u00fablica nipona en contra de la energ\u00eda nuclear. Aun as\u00ed, el Gobierno de Abe quiere reiniciar cuanto antes los reactores actualmente apagados. De los 42 reactores \u00fatiles con los que cuenta el pa\u00eds s\u00f3lo tres est\u00e1n actualmente en funcionamiento.<\/p>\n<p>Unas 900 personas se manifestaron hoy frente a la sede de Tokyo Electric Power, la emprea operadora de Fukishima Daiichi, para exigir al Gobierno y los operadores que suspendan el funcionamiento en los reactores nucleares.<\/p>\n","protected":false},"excerpt":{"rendered":"<p>Tokio, 11 mar (dpa) \u2013 Jap\u00f3n record\u00f3 hoy a las 18.500 v\u00edctimas mortales del fuerte terremoto y tsunami que hace exactamente siete a\u00f1os sacudieron el noreste del pa\u00eds y provocaron en la planta at\u00f3mica de Fukushima el peor accidente nuclear desde Chernobyl. Se celebraron actos de recuerdo en Tokio y en las prefecturas del noreste, [&hellip;]<\/p>\n","protected":false},"author":1,"featured_media":780240,"comment_status":"closed","ping_status":"closed","sticky":false,"template":"","format":"standard","meta":{"footnotes":""},"categories":[1],"tags":[],"class_list":["post-971647","post","type-post","status-publish","format-standard","has-post-thumbnail","hentry","category-actualidad"],"aioseo_notices":[],"aioseo_head":"\n\t\t<!-- All in One SEO Pro 5.0.1 - aioseo.com -->\n\t<meta name=\"description\" content=\"Tokio, 11 mar (dpa) \u2013 Jap\u00f3n record\u00f3 hoy a las 18.500 v\u00edctimas mortales del fuerte terremoto y tsunami que hace exactamente siete a\u00f1os sacudieron el noreste del pa\u00eds y provocaron en la planta at\u00f3mica de Fukushima el peor accidente nuclear desde Chernobyl. Se celebraron actos de recuerdo en Tokio y en las prefecturas del noreste,\" \/>\n\t<meta name=\"robots\" content=\"max-image-preview:large\" \/>\n\t<meta name=\"author\" content=\"El Digital de Asturias\"\/>\n\t<meta name=\"google-site-verification\" content=\"UA-38556648-1\" \/>\n\t<meta name=\"msvalidate.01\" content=\"7dfe9f3f1b24437ab69f4f2559babe99\" \/>\n\t<meta name=\"keywords\" content=\"actualidad\" \/>\n\t<link rel=\"canonical\" href=\"https:\/\/www.eldigitaldeasturias.com\/noticias\/japon-recuerda-a-las-victimas-del-terremoto-del-ano-2011\/\" \/>\n\t<meta name=\"generator\" content=\"All in One SEO Pro (AIOSEO) 5.0.1\" \/>\n\t\t<meta property=\"og:locale\" content=\"es_ES\" \/>\n\t\t<meta property=\"og:site_name\" content=\"El Digital de Asturias\" \/>\n\t\t<meta property=\"og:type\" content=\"article\" \/>\n\t\t<meta property=\"og:title\" content=\"Jap\u00f3n recuerda a las v\u00edctimas del terremoto del a\u00f1o 2011 - El Digital de Asturias\" \/>\n\t\t<meta property=\"og:description\" content=\"Tokio, 11 mar (dpa) \u2013 Jap\u00f3n record\u00f3 hoy a las 18.500 v\u00edctimas mortales del fuerte terremoto y tsunami que hace exactamente siete a\u00f1os sacudieron el noreste del pa\u00eds y provocaron en la planta at\u00f3mica de Fukushima el peor accidente nuclear desde Chernobyl. Se celebraron actos de recuerdo en Tokio y en las prefecturas del noreste,\" \/>\n\t\t<meta property=\"og:url\" content=\"https:\/\/www.eldigitaldeasturias.com\/noticias\/japon-recuerda-a-las-victimas-del-terremoto-del-ano-2011\/\" \/>\n\t\t<meta property=\"article:tag\" content=\"actualidad\" \/>\n\t\t<meta property=\"article:published_time\" content=\"2018-03-11T21:20:42+00:00\" \/>\n\t\t<meta property=\"article:modified_time\" content=\"2018-03-11T21:20:42+00:00\" \/>\n\t\t<meta property=\"article:publisher\" content=\"https:\/\/facebook.com\/eldigitaldeasturias\" \/>\n\t\t<meta name=\"twitter:card\" content=\"summary_large_image\" \/>\n\t\t<meta name=\"twitter:title\" content=\"Jap\u00f3n recuerda a las v\u00edctimas del terremoto del a\u00f1o 2011 - El Digital de Asturias\" \/>\n\t\t<meta name=\"twitter:description\" content=\"Tokio, 11 mar (dpa) \u2013 Jap\u00f3n record\u00f3 hoy a las 18.500 v\u00edctimas mortales del fuerte terremoto y tsunami que hace exactamente siete a\u00f1os sacudieron el noreste del pa\u00eds y provocaron en la planta at\u00f3mica de Fukushima el peor accidente nuclear desde Chernobyl. Se celebraron actos de recuerdo en Tokio y en las prefecturas del noreste,\" \/>\n\t\t<meta name=\"twitter:image\" content=\"https:\/\/www.eldigitaldeasturias.com\/noticias\/wp-content\/uploads\/2020\/12\/EDA-1.jpg\" \/>\n\t\t<meta name=\"twitter:label1\" content=\"Escrito por\" \/>\n\t\t<meta name=\"twitter:data1\" content=\"El Digital de Asturias\" \/>\n\t\t<meta name=\"twitter:label2\" content=\"Tiempo de lectura estimado\" \/>\n\t\t<meta name=\"twitter:data2\" content=\"2 minutos\" \/>\n\t\t<script type=\"application\/ld+json\" class=\"aioseo-schema\">\n\t\t\t{\"@context\":\"https:\\\/\\\/schema.org\",\"@graph\":[{\"@type\":\"BlogPosting\",\"@id\":\"https:\\\/\\\/www.eldigitaldeasturias.com\\\/noticias\\\/japon-recuerda-a-las-victimas-del-terremoto-del-ano-2011\\\/#blogposting\",\"name\":\"Jap\\u00f3n recuerda a las v\\u00edctimas del terremoto del a\\u00f1o 2011 - El Digital de Asturias\",\"headline\":\"Jap\\u00f3n recuerda a las v\\u00edctimas del terremoto del a\\u00f1o 2011\",\"author\":{\"@id\":\"https:\\\/\\\/www.eldigitaldeasturias.com\\\/noticias\\\/author\\\/admin\\\/#author\"},\"publisher\":{\"@id\":\"https:\\\/\\\/www.eldigitaldeasturias.com\\\/noticias\\\/#organization\"},\"image\":{\"@type\":\"ImageObject\",\"url\":780240},\"datePublished\":\"2018-03-11T21:20:42+01:00\",\"dateModified\":\"2018-03-11T21:20:42+01:00\",\"inLanguage\":\"es-ES\",\"mainEntityOfPage\":{\"@id\":\"https:\\\/\\\/www.eldigitaldeasturias.com\\\/noticias\\\/japon-recuerda-a-las-victimas-del-terremoto-del-ano-2011\\\/#webpage\"},\"isPartOf\":{\"@id\":\"https:\\\/\\\/www.eldigitaldeasturias.com\\\/noticias\\\/japon-recuerda-a-las-victimas-del-terremoto-del-ano-2011\\\/#webpage\"},\"articleSection\":\"Actualidad\"},{\"@type\":\"BreadcrumbList\",\"@id\":\"https:\\\/\\\/www.eldigitaldeasturias.com\\\/noticias\\\/japon-recuerda-a-las-victimas-del-terremoto-del-ano-2011\\\/#breadcrumblist\",\"itemListElement\":[{\"@type\":\"ListItem\",\"@id\":\"https:\\\/\\\/www.eldigitaldeasturias.com\\\/noticias#listItem\",\"position\":1,\"name\":\"Home\",\"item\":\"https:\\\/\\\/www.eldigitaldeasturias.com\\\/noticias\",\"nextItem\":{\"@type\":\"ListItem\",\"@id\":\"https:\\\/\\\/www.eldigitaldeasturias.com\\\/noticias\\\/category\\\/actualidad\\\/#listItem\",\"name\":\"Actualidad\"}},{\"@type\":\"ListItem\",\"@id\":\"https:\\\/\\\/www.eldigitaldeasturias.com\\\/noticias\\\/category\\\/actualidad\\\/#listItem\",\"position\":2,\"name\":\"Actualidad\",\"item\":\"https:\\\/\\\/www.eldigitaldeasturias.com\\\/noticias\\\/category\\\/actualidad\\\/\",\"nextItem\":{\"@type\":\"ListItem\",\"@id\":\"https:\\\/\\\/www.eldigitaldeasturias.com\\\/noticias\\\/japon-recuerda-a-las-victimas-del-terremoto-del-ano-2011\\\/#listItem\",\"name\":\"Jap\\u00f3n recuerda a las v\\u00edctimas del terremoto del a\\u00f1o 2011\"},\"previousItem\":{\"@type\":\"ListItem\",\"@id\":\"https:\\\/\\\/www.eldigitaldeasturias.com\\\/noticias#listItem\",\"name\":\"Home\"}},{\"@type\":\"ListItem\",\"@id\":\"https:\\\/\\\/www.eldigitaldeasturias.com\\\/noticias\\\/japon-recuerda-a-las-victimas-del-terremoto-del-ano-2011\\\/#listItem\",\"position\":3,\"name\":\"Jap\\u00f3n recuerda a las v\\u00edctimas del terremoto del a\\u00f1o 2011\",\"previousItem\":{\"@type\":\"ListItem\",\"@id\":\"https:\\\/\\\/www.eldigitaldeasturias.com\\\/noticias\\\/category\\\/actualidad\\\/#listItem\",\"name\":\"Actualidad\"}}]},{\"@type\":\"Organization\",\"@id\":\"https:\\\/\\\/www.eldigitaldeasturias.com\\\/noticias\\\/#organization\",\"name\":\"El Digital de Asturias\",\"description\":\"Hemeroteca\",\"url\":\"https:\\\/\\\/www.eldigitaldeasturias.com\\\/noticias\\\/\",\"email\":\"info@eldigitaldeasturias.com\",\"telephone\":\"+34652131393\",\"logo\":{\"@type\":\"ImageObject\",\"url\":\"https:\\\/\\\/www.eldigitaldeasturias.com\\\/noticias\\\/wp-content\\\/uploads\\\/2020\\\/12\\\/EDA.jpg\",\"@id\":\"https:\\\/\\\/www.eldigitaldeasturias.com\\\/noticias\\\/japon-recuerda-a-las-victimas-del-terremoto-del-ano-2011\\\/#organizationLogo\"},\"image\":{\"@id\":\"https:\\\/\\\/www.eldigitaldeasturias.com\\\/noticias\\\/japon-recuerda-a-las-victimas-del-terremoto-del-ano-2011\\\/#organizationLogo\"},\"sameAs\":[\"https:\\\/\\\/facebook.com\\\/eldigitaldeasturias\",\"https:\\\/\\\/www.youtube.com\\\/channel\\\/UCZP-2wLEB9Rv6erhFmqVnvg\"],\"address\":{\"@id\":\"https:\\\/\\\/www.eldigitaldeasturias.com\\\/noticias\\\/#postaladdress\",\"@type\":\"PostalAddress\",\"streetAddress\":\"san antonio 4\",\"postalCode\":\"33430\",\"addressLocality\":\"Cand\\u00e1s\",\"addressRegion\":\"Asturias\",\"addressCountry\":\"ES\"}},{\"@type\":\"Person\",\"@id\":\"https:\\\/\\\/www.eldigitaldeasturias.com\\\/noticias\\\/author\\\/admin\\\/#author\",\"url\":\"https:\\\/\\\/www.eldigitaldeasturias.com\\\/noticias\\\/author\\\/admin\\\/\",\"name\":\"El Digital de Asturias\",\"image\":{\"@type\":\"ImageObject\",\"@id\":\"https:\\\/\\\/www.eldigitaldeasturias.com\\\/noticias\\\/japon-recuerda-a-las-victimas-del-terremoto-del-ano-2011\\\/#authorImage\",\"url\":\"https:\\\/\\\/secure.gravatar.com\\\/avatar\\\/df2aeffc32bcd13f8d26072ef8a91b623d677766deac7f97ca815868cd41bf5e?s=96&d=mm&r=g\",\"width\":96,\"height\":96,\"caption\":\"El Digital de Asturias\"}},{\"@type\":\"WebPage\",\"@id\":\"https:\\\/\\\/www.eldigitaldeasturias.com\\\/noticias\\\/japon-recuerda-a-las-victimas-del-terremoto-del-ano-2011\\\/#webpage\",\"url\":\"https:\\\/\\\/www.eldigitaldeasturias.com\\\/noticias\\\/japon-recuerda-a-las-victimas-del-terremoto-del-ano-2011\\\/\",\"name\":\"Jap\\u00f3n recuerda a las v\\u00edctimas del terremoto del a\\u00f1o 2011 - El Digital de Asturias\",\"description\":\"Tokio, 11 mar (dpa) \\u2013 Jap\\u00f3n record\\u00f3 hoy a las 18.500 v\\u00edctimas mortales del fuerte terremoto y tsunami que hace exactamente siete a\\u00f1os sacudieron el noreste del pa\\u00eds y provocaron en la planta at\\u00f3mica de Fukushima el peor accidente nuclear desde Chernobyl. Se celebraron actos de recuerdo en Tokio y en las prefecturas del noreste,\",\"inLanguage\":\"es-ES\",\"isPartOf\":{\"@id\":\"https:\\\/\\\/www.eldigitaldeasturias.com\\\/noticias\\\/#website\"},\"breadcrumb\":{\"@id\":\"https:\\\/\\\/www.eldigitaldeasturias.com\\\/noticias\\\/japon-recuerda-a-las-victimas-del-terremoto-del-ano-2011\\\/#breadcrumblist\"},\"author\":{\"@id\":\"https:\\\/\\\/www.eldigitaldeasturias.com\\\/noticias\\\/author\\\/admin\\\/#author\"},\"creator\":{\"@id\":\"https:\\\/\\\/www.eldigitaldeasturias.com\\\/noticias\\\/author\\\/admin\\\/#author\"},\"image\":{\"@type\":\"ImageObject\",\"url\":780240,\"@id\":\"https:\\\/\\\/www.eldigitaldeasturias.com\\\/noticias\\\/japon-recuerda-a-las-victimas-del-terremoto-del-ano-2011\\\/#mainImage\"},\"primaryImageOfPage\":{\"@id\":\"https:\\\/\\\/www.eldigitaldeasturias.com\\\/noticias\\\/japon-recuerda-a-las-victimas-del-terremoto-del-ano-2011\\\/#mainImage\"},\"datePublished\":\"2018-03-11T21:20:42+01:00\",\"dateModified\":\"2018-03-11T21:20:42+01:00\"},{\"@type\":\"WebSite\",\"@id\":\"https:\\\/\\\/www.eldigitaldeasturias.com\\\/noticias\\\/#website\",\"url\":\"https:\\\/\\\/www.eldigitaldeasturias.com\\\/noticias\\\/\",\"name\":\"El Digital de Asturias - Diario de actualidad y noticias\",\"alternateName\":\"El Digital de Asturias - Diario de actualidad y noticias\",\"description\":\"Hemeroteca\",\"inLanguage\":\"es-ES\",\"publisher\":{\"@id\":\"https:\\\/\\\/www.eldigitaldeasturias.com\\\/noticias\\\/#organization\"}}]}\n\t\t<\/script>\n\t\t<!-- All in One SEO Pro -->\r\n\t\t<title>Jap\u00f3n recuerda a las v\u00edctimas del terremoto del a\u00f1o 2011 - El Digital de Asturias<\/title>\n\n","aioseo_head_json":{"title":"Jap\u00f3n recuerda a las v\u00edctimas del terremoto del a\u00f1o 2011 - El Digital de Asturias","description":"Tokio, 11 mar (dpa) \u2013 Jap\u00f3n record\u00f3 hoy a las 18.500 v\u00edctimas mortales del fuerte terremoto y tsunami que hace exactamente siete a\u00f1os sacudieron el noreste del pa\u00eds y provocaron en la planta at\u00f3mica de Fukushima el peor accidente nuclear desde Chernobyl. Se celebraron actos de recuerdo en Tokio y en las prefecturas del noreste,","canonical_url":"https:\/\/www.eldigitaldeasturias.com\/noticias\/japon-recuerda-a-las-victimas-del-terremoto-del-ano-2011\/","robots":"max-image-preview:large","keywords":"actualidad","webmasterTools":{"google-site-verification":"UA-38556648-1","msvalidate.01":"7dfe9f3f1b24437ab69f4f2559babe99","miscellaneous":""},"schema":{"@context":"https:\/\/schema.org","@graph":[{"@type":"BlogPosting","@id":"https:\/\/www.eldigitaldeasturias.com\/noticias\/japon-recuerda-a-las-victimas-del-terremoto-del-ano-2011\/#blogposting","name":"Jap\u00f3n recuerda a las v\u00edctimas del terremoto del a\u00f1o 2011 - El Digital de Asturias","headline":"Jap\u00f3n recuerda a las v\u00edctimas del terremoto del a\u00f1o 2011","author":{"@id":"https:\/\/www.eldigitaldeasturias.com\/noticias\/author\/admin\/#author"},"publisher":{"@id":"https:\/\/www.eldigitaldeasturias.com\/noticias\/#organization"},"image":{"@type":"ImageObject","url":780240},"datePublished":"2018-03-11T21:20:42+01:00","dateModified":"2018-03-11T21:20:42+01:00","inLanguage":"es-ES","mainEntityOfPage":{"@id":"https:\/\/www.eldigitaldeasturias.com\/noticias\/japon-recuerda-a-las-victimas-del-terremoto-del-ano-2011\/#webpage"},"isPartOf":{"@id":"https:\/\/www.eldigitaldeasturias.com\/noticias\/japon-recuerda-a-las-victimas-del-terremoto-del-ano-2011\/#webpage"},"articleSection":"Actualidad"},{"@type":"BreadcrumbList","@id":"https:\/\/www.eldigitaldeasturias.com\/noticias\/japon-recuerda-a-las-victimas-del-terremoto-del-ano-2011\/#breadcrumblist","itemListElement":[{"@type":"ListItem","@id":"https:\/\/www.eldigitaldeasturias.com\/noticias#listItem","position":1,"name":"Home","item":"https:\/\/www.eldigitaldeasturias.com\/noticias","nextItem":{"@type":"ListItem","@id":"https:\/\/www.eldigitaldeasturias.com\/noticias\/category\/actualidad\/#listItem","name":"Actualidad"}},{"@type":"ListItem","@id":"https:\/\/www.eldigitaldeasturias.com\/noticias\/category\/actualidad\/#listItem","position":2,"name":"Actualidad","item":"https:\/\/www.eldigitaldeasturias.com\/noticias\/category\/actualidad\/","nextItem":{"@type":"ListItem","@id":"https:\/\/www.eldigitaldeasturias.com\/noticias\/japon-recuerda-a-las-victimas-del-terremoto-del-ano-2011\/#listItem","name":"Jap\u00f3n recuerda a las v\u00edctimas del terremoto del a\u00f1o 2011"},"previousItem":{"@type":"ListItem","@id":"https:\/\/www.eldigitaldeasturias.com\/noticias#listItem","name":"Home"}},{"@type":"ListItem","@id":"https:\/\/www.eldigitaldeasturias.com\/noticias\/japon-recuerda-a-las-victimas-del-terremoto-del-ano-2011\/#listItem","position":3,"name":"Jap\u00f3n recuerda a las v\u00edctimas del terremoto del a\u00f1o 2011","previousItem":{"@type":"ListItem","@id":"https:\/\/www.eldigitaldeasturias.com\/noticias\/category\/actualidad\/#listItem","name":"Actualidad"}}]},{"@type":"Organization","@id":"https:\/\/www.eldigitaldeasturias.com\/noticias\/#organization","name":"El Digital de Asturias","description":"Hemeroteca","url":"https:\/\/www.eldigitaldeasturias.com\/noticias\/","email":"info@eldigitaldeasturias.com","telephone":"+34652131393","logo":{"@type":"ImageObject","url":"https:\/\/www.eldigitaldeasturias.com\/noticias\/wp-content\/uploads\/2020\/12\/EDA.jpg","@id":"https:\/\/www.eldigitaldeasturias.com\/noticias\/japon-recuerda-a-las-victimas-del-terremoto-del-ano-2011\/#organizationLogo"},"image":{"@id":"https:\/\/www.eldigitaldeasturias.com\/noticias\/japon-recuerda-a-las-victimas-del-terremoto-del-ano-2011\/#organizationLogo"},"sameAs":["https:\/\/facebook.com\/eldigitaldeasturias","https:\/\/www.youtube.com\/channel\/UCZP-2wLEB9Rv6erhFmqVnvg"],"address":{"@id":"https:\/\/www.eldigitaldeasturias.com\/noticias\/#postaladdress","@type":"PostalAddress","streetAddress":"san antonio 4","postalCode":"33430","addressLocality":"Cand\u00e1s","addressRegion":"Asturias","addressCountry":"ES"}},{"@type":"Person","@id":"https:\/\/www.eldigitaldeasturias.com\/noticias\/author\/admin\/#author","url":"https:\/\/www.eldigitaldeasturias.com\/noticias\/author\/admin\/","name":"El Digital de Asturias","image":{"@type":"ImageObject","@id":"https:\/\/www.eldigitaldeasturias.com\/noticias\/japon-recuerda-a-las-victimas-del-terremoto-del-ano-2011\/#authorImage","url":"https:\/\/secure.gravatar.com\/avatar\/df2aeffc32bcd13f8d26072ef8a91b623d677766deac7f97ca815868cd41bf5e?s=96&d=mm&r=g","width":96,"height":96,"caption":"El Digital de Asturias"}},{"@type":"WebPage","@id":"https:\/\/www.eldigitaldeasturias.com\/noticias\/japon-recuerda-a-las-victimas-del-terremoto-del-ano-2011\/#webpage","url":"https:\/\/www.eldigitaldeasturias.com\/noticias\/japon-recuerda-a-las-victimas-del-terremoto-del-ano-2011\/","name":"Jap\u00f3n recuerda a las v\u00edctimas del terremoto del a\u00f1o 2011 - El Digital de Asturias","description":"Tokio, 11 mar (dpa) \u2013 Jap\u00f3n record\u00f3 hoy a las 18.500 v\u00edctimas mortales del fuerte terremoto y tsunami que hace exactamente siete a\u00f1os sacudieron el noreste del pa\u00eds y provocaron en la planta at\u00f3mica de Fukushima el peor accidente nuclear desde Chernobyl. Se celebraron actos de recuerdo en Tokio y en las prefecturas del noreste,","inLanguage":"es-ES","isPartOf":{"@id":"https:\/\/www.eldigitaldeasturias.com\/noticias\/#website"},"breadcrumb":{"@id":"https:\/\/www.eldigitaldeasturias.com\/noticias\/japon-recuerda-a-las-victimas-del-terremoto-del-ano-2011\/#breadcrumblist"},"author":{"@id":"https:\/\/www.eldigitaldeasturias.com\/noticias\/author\/admin\/#author"},"creator":{"@id":"https:\/\/www.eldigitaldeasturias.com\/noticias\/author\/admin\/#author"},"image":{"@type":"ImageObject","url":780240,"@id":"https:\/\/www.eldigitaldeasturias.com\/noticias\/japon-recuerda-a-las-victimas-del-terremoto-del-ano-2011\/#mainImage"},"primaryImageOfPage":{"@id":"https:\/\/www.eldigitaldeasturias.com\/noticias\/japon-recuerda-a-las-victimas-del-terremoto-del-ano-2011\/#mainImage"},"datePublished":"2018-03-11T21:20:42+01:00","dateModified":"2018-03-11T21:20:42+01:00"},{"@type":"WebSite","@id":"https:\/\/www.eldigitaldeasturias.com\/noticias\/#website","url":"https:\/\/www.eldigitaldeasturias.com\/noticias\/","name":"El Digital de Asturias - Diario de actualidad y noticias","alternateName":"El Digital de Asturias - Diario de actualidad y noticias","description":"Hemeroteca","inLanguage":"es-ES","publisher":{"@id":"https:\/\/www.eldigitaldeasturias.com\/noticias\/#organization"}}]},"og:locale":"es_ES","og:site_name":"El Digital de Asturias","og:type":"article","og:title":"Jap\u00f3n recuerda a las v\u00edctimas del terremoto del a\u00f1o 2011 - El Digital de Asturias","og:description":"Tokio, 11 mar (dpa) \u2013 Jap\u00f3n record\u00f3 hoy a las 18.500 v\u00edctimas mortales del fuerte terremoto y tsunami que hace exactamente siete a\u00f1os sacudieron el noreste del pa\u00eds y provocaron en la planta at\u00f3mica de Fukushima el peor accidente nuclear desde Chernobyl. Se celebraron actos de recuerdo en Tokio y en las prefecturas del noreste,","og:url":"https:\/\/www.eldigitaldeasturias.com\/noticias\/japon-recuerda-a-las-victimas-del-terremoto-del-ano-2011\/","article:tag":["actualidad"],"article:published_time":"2018-03-11T21:20:42+00:00","article:modified_time":"2018-03-11T21:20:42+00:00","article:publisher":"https:\/\/facebook.com\/eldigitaldeasturias","twitter:card":"summary_large_image","twitter:title":"Jap\u00f3n recuerda a las v\u00edctimas del terremoto del a\u00f1o 2011 - El Digital de Asturias","twitter:description":"Tokio, 11 mar (dpa) \u2013 Jap\u00f3n record\u00f3 hoy a las 18.500 v\u00edctimas mortales del fuerte terremoto y tsunami que hace exactamente siete a\u00f1os sacudieron el noreste del pa\u00eds y provocaron en la planta at\u00f3mica de Fukushima el peor accidente nuclear desde Chernobyl. Se celebraron actos de recuerdo en Tokio y en las prefecturas del noreste,","twitter:image":"https:\/\/www.eldigitaldeasturias.com\/noticias\/wp-content\/uploads\/2020\/12\/EDA-1.jpg","twitter:label1":"Escrito por","twitter:data1":"El Digital de Asturias","twitter:label2":"Tiempo de lectura estimado","twitter:data2":"2 minutos"},"aioseo_meta_data":{"post_id":"971647","title":null,"description":null,"keywords":null,"keyphrases":null,"primary_term":null,"canonical_url":null,"og_title":null,"og_description":null,"og_object_type":"default","og_image_type":"default","og_image_url":null,"og_image_width":null,"og_image_height":null,"og_image_custom_url":null,"og_image_custom_fields":null,"og_video":null,"og_custom_url":null,"og_article_section":null,"og_article_tags":null,"twitter_use_og":false,"twitter_card":"default","twitter_image_type":"default","twitter_image_url":null,"twitter_image_custom_url":null,"twitter_image_custom_fields":null,"twitter_title":null,"twitter_description":null,"schema":{"blockGraphs":[],"customGraphs":[],"default":{"data":{"Article":[],"Course":[],"Dataset":[],"FAQPage":[],"Movie":[],"Person":[],"Product":[],"ProductReview":[],"Car":[],"Recipe":[],"Service":[],"SoftwareApplication":[],"WebPage":[]},"graphName":"","isEnabled":true},"graphs":[],"defaultGraph":"","defaultPostTypeGraph":""},"schema_type":null,"schema_type_options":null,"pillar_content":false,"robots_default":true,"robots_noindex":false,"robots_noarchive":false,"robots_nosnippet":false,"robots_nofollow":false,"robots_noimageindex":false,"robots_noodp":false,"robots_notranslate":false,"robots_max_snippet":null,"robots_max_videopreview":null,"robots_max_imagepreview":"large","priority":null,"frequency":null,"local_seo":null,"seo_analyzer_scan_date":"2025-10-07 09:54:15","breadcrumb_settings":null,"limit_modified_date":false,"open_ai":null,"ai":null,"created":"2020-12-21 12:21:37","updated":"2025-10-07 09:54:15","focus_keyword":null,"additional_keywords":null,"truseo_locale":null},"aioseo_breadcrumb":"<div class=\"aioseo-breadcrumbs\"><span class=\"aioseo-breadcrumb\">\n\t<a href=\"https:\/\/www.eldigitaldeasturias.com\/noticias\" title=\"Home\">Home<\/a>\n<\/span><span class=\"aioseo-breadcrumb-separator\">\u2013<\/span><span class=\"aioseo-breadcrumb\">\n\t<a href=\"https:\/\/www.eldigitaldeasturias.com\/noticias\/category\/actualidad\/\" title=\"Actualidad\">Actualidad<\/a>\n<\/span><span class=\"aioseo-breadcrumb-separator\">\u2013<\/span><span class=\"aioseo-breadcrumb\">\n\t<a href=\"https:\/\/www.eldigitaldeasturias.com\/noticias\/japon-recuerda-a-las-victimas-del-terremoto-del-ano-2011\/\" title=\"Jap\u00f3n recuerda a las v\u00edctimas del terremoto del a\u00f1o 2011\">Jap\u00f3n recuerda a las v\u00edctimas del terremoto del a\u00f1o 2011<\/a>\n<\/span><\/div>","aioseo_breadcrumb_json":[{"label":"Home","link":"https:\/\/www.eldigitaldeasturias.com\/noticias"},{"label":"Actualidad","link":"https:\/\/www.eldigitaldeasturias.com\/noticias\/category\/actualidad\/"},{"label":"Jap\u00f3n recuerda a las v\u00edctimas del terremoto del a\u00f1o 2011","link":"https:\/\/www.eldigitaldeasturias.com\/noticias\/japon-recuerda-a-las-victimas-del-terremoto-del-ano-2011\/"}],"_links":{"self":[{"href":"https:\/\/www.eldigitaldeasturias.com\/noticias\/wp-json\/wp\/v2\/posts\/971647","targetHints":{"allow":["GET"]}}],"collection":[{"href":"https:\/\/www.eldigitaldeasturias.com\/noticias\/wp-json\/wp\/v2\/posts"}],"about":[{"href":"https:\/\/www.eldigitaldeasturias.com\/noticias\/wp-json\/wp\/v2\/types\/post"}],"author":[{"embeddable":true,"href":"https:\/\/www.eldigitaldeasturias.com\/noticias\/wp-json\/wp\/v2\/users\/1"}],"replies":[{"embeddable":true,"href":"https:\/\/www.eldigitaldeasturias.com\/noticias\/wp-json\/wp\/v2\/comments?post=971647"}],"version-history":[{"count":0,"href":"https:\/\/www.eldigitaldeasturias.com\/noticias\/wp-json\/wp\/v2\/posts\/971647\/revisions"}],"wp:attachment":[{"href":"https:\/\/www.eldigitaldeasturias.com\/noticias\/wp-json\/wp\/v2\/media?parent=971647"}],"wp:term":[{"taxonomy":"category","embeddable":true,"href":"https:\/\/www.eldigitaldeasturias.com\/noticias\/wp-json\/wp\/v2\/categories?post=971647"},{"taxonomy":"post_tag","embeddable":true,"href":"https:\/\/www.eldigitaldeasturias.com\/noticias\/wp-json\/wp\/v2\/tags?post=971647"}],"curies":[{"name":"wp","href":"https:\/\/api.w.org\/{rel}","templated":true}]}}