{"id":971592,"date":"2018-03-11T10:53:18","date_gmt":"2018-03-11T10:53:18","guid":{"rendered":"http:\/\/www.eldigitaldeasturias.com\/noticias\/?p=971592"},"modified":"2018-03-11T10:53:18","modified_gmt":"2018-03-11T10:53:18","slug":"cinco-claves-para-entender-las-elecciones-en-colombia","status":"publish","type":"post","link":"https:\/\/www.eldigitaldeasturias.com\/noticias\/cinco-claves-para-entender-las-elecciones-en-colombia\/","title":{"rendered":"Cinco claves para entender las elecciones en Colombia"},"content":{"rendered":"<p><img loading=\"lazy\" decoding=\"async\" class=\"alignleft size-medium wp-image-971593\" src=\"https:\/\/www.eldigitaldeasturias.com\/noticias\/wp-content\/uploads\/2018\/03\/bogota-2453628_1280-360x240.jpg\" alt=\"\" width=\"360\" height=\"240\" \/>Bogot\u00e1, 11 mar (dpa) &#8211; Las elecciones parlamentarias del domingo en Colombia ser\u00e1n trascendentales para medir el apoyo u oposici\u00f3n que tendr\u00e1 en el Congreso bicameral quien sea elegido presidente en los comicios de mayo o en la segunda vuelta prevista para junio.<\/p>\n<p>\u00bfC\u00f3mo funcionan las elecciones parlamentarias en Colombia?<\/p>\n<p>Los colombianos decidir\u00e1n qui\u00e9nes ocupar\u00e1n en los pr\u00f3ximos cuatro a\u00f1os las sillas del Senado y la C\u00e1mara de Representantes, las dos instituciones encargadas de formular las leyes y enmiendas constitucionales del pa\u00eds.<\/p>\n<p>El Senado es elegido por medio de una circunscripci\u00f3n nacional, mientras que la C\u00e1mara se rige por circunscripciones regionales, es decir que cada departamento tendr\u00e1 la opci\u00f3n de elegir a sus representantes.<\/p>\n<p>En el caso del Senado se elegir\u00e1n 102 parlamentarios y para la C\u00e1mara ser\u00e1n 166 los escogidos. La Fuerza Alternativa Revolucionaria del Com\u00fan, el partido pol\u00edtico creado por la ex guerrilla de las FARC, tendr\u00e1 cinco sillas en cada una de las dos corporaciones en el marco del acuerdo de paz que firm\u00f3 con el Gobierno en 2016.<\/p>\n<p>\u00bfCu\u00e1l es el panorama para los candidatos de la FARC?<\/p>\n<p>Si bien la FARC tiene asegurados esos esca\u00f1os en Senado y C\u00e1mara, sus candidatos se someter\u00e1n a votaci\u00f3n, lo que medir\u00e1 el grado de su aceptaci\u00f3n entre la comunidad. No es un secreto que el otrora grupo alzado en armas tiene una baja popularidad por los ataques en cinco d\u00e9cadas de conflicto armado interno.<\/p>\n<p>Adem\u00e1s, la intenci\u00f3n de voto medida por varias encuestas se ubica por debajo del umbral m\u00ednimo de votaci\u00f3n. Sin embargo, analistas consultados por dpa aseguran que este no ser\u00e1 un problema para la FARC, pues el acuerdo de paz les garantiza una representaci\u00f3n parlamentaria para superar estos primeros a\u00f1os de elecciones.<\/p>\n<p>\u00bfLas elecciones parlamentarias influyen en la pr\u00f3xima contienda por la presidencia?<\/p>\n<p>De acuerdo con Jorge Restrepo, director del Centro de Recursos para el An\u00e1lisis de Conflictos, las elecciones de Senado y C\u00e1mara tienen una influencia enorme sobre la decisi\u00f3n que se tome a la hora de elegir al pr\u00f3ximo presidente colombiano. \u00abEstas elecciones parlamentarias van a unificar la fortaleza de la potencial coalici\u00f3n de Gobierno, van a brindar informaci\u00f3n vital para decidir si votar por un candidato que no tenga capacidad de tramitar reformas legislativas, lo que ser\u00eda un Gobierno de administraci\u00f3n\u00bb, dice el experto.<\/p>\n<p>\u00bfQu\u00e9 tan preparada est\u00e1 Colombia para aceptar ex guerrilleros sentados en el parlamento?<\/p>\n<p>El ex viceministro del Interior y actual director del Centro de An\u00e1lisis y Asuntos P\u00fablicos, Juan Fernando Londo\u00f1o, se\u00f1al\u00f3 a dpa que el gran descontento de la sociedad radica en que los ex combatientes llegar\u00e1n al parlamento sin haber saldado sus cuentas con la Justicia. \u00abPasar primero por la Jurisdicci\u00f3n Especial de Paz ayudar\u00eda a que el pa\u00eds aceptara m\u00e1s f\u00e1cil la participaci\u00f3n pol\u00edtica de las FARC, pero eso no se va a dar porque la oposici\u00f3n sabote\u00f3 la implementaci\u00f3n del acuerdo y eso retras\u00f3 la puesta en marcha de esta justicia\u00bb, explic\u00f3 Londo\u00f1o. \u00abQue no hayan pasado por la justicia genera una dificultad a la hora de ejercer una vocer\u00eda en el Congreso\u00bb, resalt\u00f3 el analista.<\/p>\n<p>\u00bfOtra vez las noticias falsas y el temor al \u00abcastro-chavismo\u00bb?<\/p>\n<p>En la \u00e9poca de las noticias falsas, Colombia no ha sido la excepci\u00f3n. Durante el plebiscito para refrendar los acuerdos de paz, que se celebr\u00f3 en 2016, hubo un sinn\u00famero de campa\u00f1as que buscaban desinformar a los votantes e incluso atemorizarlos. En la actual contienda electoral, tanto parlamentaria como presidencial, se escucha hablar del \u00abcastro-chavismo\u00bb, un estado socialista similar a Cuba y Venezuela si el pa\u00eds vota por la izquierda.<\/p>\n<p>Los expertos Londo\u00f1o y Restrepo indicaron que esta es \u00abuna estrategia de propaganda para que un Gobierno de izquierda no pueda llegar a la presidencia\u00bb y resaltaron que ese ser\u00eda un escenario muy lejano. Pensar que se llegar\u00e1 a un \u00abcastro-chavismo\u00bb y el pa\u00eds caer\u00e1 en una crisis como la de Venezuela es \u00abdesconocer realidades de Colombia como la diversidad regional e industrial, y la fortaleza de las instituciones\u00bb, dijeron.<\/p>\n<p>Por Giuseppe Palacino (dpa)<\/p>\n","protected":false},"excerpt":{"rendered":"<p>Bogot\u00e1, 11 mar (dpa) &#8211; Las elecciones parlamentarias del domingo en Colombia ser\u00e1n trascendentales para medir el apoyo u oposici\u00f3n que tendr\u00e1 en el Congreso bicameral quien sea elegido presidente en los comicios de mayo o en la segunda vuelta prevista para junio. \u00bfC\u00f3mo funcionan las elecciones parlamentarias en Colombia? Los colombianos decidir\u00e1n qui\u00e9nes ocupar\u00e1n [&hellip;]<\/p>\n","protected":false},"author":1,"featured_media":971593,"comment_status":"closed","ping_status":"closed","sticky":false,"template":"","format":"standard","meta":{"footnotes":""},"categories":[1],"tags":[],"class_list":["post-971592","post","type-post","status-publish","format-standard","has-post-thumbnail","hentry","category-actualidad"],"aioseo_notices":[],"aioseo_head":"\n\t\t<!-- All in One SEO Pro 5.0.1 - aioseo.com -->\n\t<meta name=\"description\" content=\"Bogot\u00e1, 11 mar (dpa) - Las elecciones parlamentarias del domingo en Colombia ser\u00e1n trascendentales para medir el apoyo u oposici\u00f3n que tendr\u00e1 en el Congreso bicameral quien sea elegido presidente en los comicios de mayo o en la segunda vuelta prevista para junio. \u00bfC\u00f3mo funcionan las elecciones parlamentarias en Colombia? Los colombianos decidir\u00e1n qui\u00e9nes ocupar\u00e1n\" \/>\n\t<meta name=\"robots\" content=\"max-image-preview:large\" \/>\n\t<meta name=\"author\" content=\"El Digital de Asturias\"\/>\n\t<meta name=\"google-site-verification\" content=\"UA-38556648-1\" \/>\n\t<meta name=\"msvalidate.01\" content=\"7dfe9f3f1b24437ab69f4f2559babe99\" \/>\n\t<meta name=\"keywords\" content=\"actualidad\" \/>\n\t<link rel=\"canonical\" href=\"https:\/\/www.eldigitaldeasturias.com\/noticias\/cinco-claves-para-entender-las-elecciones-en-colombia\/\" \/>\n\t<meta name=\"generator\" content=\"All in One SEO Pro (AIOSEO) 5.0.1\" \/>\n\t\t<meta property=\"og:locale\" content=\"es_ES\" \/>\n\t\t<meta property=\"og:site_name\" content=\"El Digital de Asturias\" \/>\n\t\t<meta property=\"og:type\" content=\"article\" \/>\n\t\t<meta property=\"og:title\" content=\"Cinco claves para entender las elecciones en Colombia - El Digital de Asturias\" \/>\n\t\t<meta property=\"og:description\" content=\"Bogot\u00e1, 11 mar (dpa) - Las elecciones parlamentarias del domingo en Colombia ser\u00e1n trascendentales para medir el apoyo u oposici\u00f3n que tendr\u00e1 en el Congreso bicameral quien sea elegido presidente en los comicios de mayo o en la segunda vuelta prevista para junio. \u00bfC\u00f3mo funcionan las elecciones parlamentarias en Colombia? Los colombianos decidir\u00e1n qui\u00e9nes ocupar\u00e1n\" \/>\n\t\t<meta property=\"og:url\" content=\"https:\/\/www.eldigitaldeasturias.com\/noticias\/cinco-claves-para-entender-las-elecciones-en-colombia\/\" \/>\n\t\t<meta property=\"article:tag\" content=\"actualidad\" \/>\n\t\t<meta property=\"article:published_time\" content=\"2018-03-11T10:53:18+00:00\" \/>\n\t\t<meta property=\"article:modified_time\" content=\"2018-03-11T10:53:18+00:00\" \/>\n\t\t<meta property=\"article:publisher\" content=\"https:\/\/facebook.com\/eldigitaldeasturias\" \/>\n\t\t<meta name=\"twitter:card\" content=\"summary_large_image\" \/>\n\t\t<meta name=\"twitter:title\" content=\"Cinco claves para entender las elecciones en Colombia - El Digital de Asturias\" \/>\n\t\t<meta name=\"twitter:description\" content=\"Bogot\u00e1, 11 mar (dpa) - Las elecciones parlamentarias del domingo en Colombia ser\u00e1n trascendentales para medir el apoyo u oposici\u00f3n que tendr\u00e1 en el Congreso bicameral quien sea elegido presidente en los comicios de mayo o en la segunda vuelta prevista para junio. \u00bfC\u00f3mo funcionan las elecciones parlamentarias en Colombia? Los colombianos decidir\u00e1n qui\u00e9nes ocupar\u00e1n\" \/>\n\t\t<meta name=\"twitter:image\" content=\"https:\/\/www.eldigitaldeasturias.com\/noticias\/wp-content\/uploads\/2020\/12\/EDA-1.jpg\" \/>\n\t\t<meta name=\"twitter:label1\" content=\"Escrito por\" \/>\n\t\t<meta name=\"twitter:data1\" content=\"El Digital de Asturias\" \/>\n\t\t<meta name=\"twitter:label2\" content=\"Tiempo de lectura estimado\" \/>\n\t\t<meta name=\"twitter:data2\" content=\"4 minutos\" \/>\n\t\t<script type=\"application\/ld+json\" class=\"aioseo-schema\">\n\t\t\t{\"@context\":\"https:\\\/\\\/schema.org\",\"@graph\":[{\"@type\":\"BlogPosting\",\"@id\":\"https:\\\/\\\/www.eldigitaldeasturias.com\\\/noticias\\\/cinco-claves-para-entender-las-elecciones-en-colombia\\\/#blogposting\",\"name\":\"Cinco claves para entender las elecciones en Colombia - El Digital de Asturias\",\"headline\":\"Cinco claves para entender las elecciones en Colombia\",\"author\":{\"@id\":\"https:\\\/\\\/www.eldigitaldeasturias.com\\\/noticias\\\/author\\\/admin\\\/#author\"},\"publisher\":{\"@id\":\"https:\\\/\\\/www.eldigitaldeasturias.com\\\/noticias\\\/#organization\"},\"image\":{\"@type\":\"ImageObject\",\"url\":971593},\"datePublished\":\"2018-03-11T10:53:18+01:00\",\"dateModified\":\"2018-03-11T10:53:18+01:00\",\"inLanguage\":\"es-ES\",\"mainEntityOfPage\":{\"@id\":\"https:\\\/\\\/www.eldigitaldeasturias.com\\\/noticias\\\/cinco-claves-para-entender-las-elecciones-en-colombia\\\/#webpage\"},\"isPartOf\":{\"@id\":\"https:\\\/\\\/www.eldigitaldeasturias.com\\\/noticias\\\/cinco-claves-para-entender-las-elecciones-en-colombia\\\/#webpage\"},\"articleSection\":\"Actualidad\"},{\"@type\":\"BreadcrumbList\",\"@id\":\"https:\\\/\\\/www.eldigitaldeasturias.com\\\/noticias\\\/cinco-claves-para-entender-las-elecciones-en-colombia\\\/#breadcrumblist\",\"itemListElement\":[{\"@type\":\"ListItem\",\"@id\":\"https:\\\/\\\/www.eldigitaldeasturias.com\\\/noticias#listItem\",\"position\":1,\"name\":\"Home\",\"item\":\"https:\\\/\\\/www.eldigitaldeasturias.com\\\/noticias\",\"nextItem\":{\"@type\":\"ListItem\",\"@id\":\"https:\\\/\\\/www.eldigitaldeasturias.com\\\/noticias\\\/category\\\/actualidad\\\/#listItem\",\"name\":\"Actualidad\"}},{\"@type\":\"ListItem\",\"@id\":\"https:\\\/\\\/www.eldigitaldeasturias.com\\\/noticias\\\/category\\\/actualidad\\\/#listItem\",\"position\":2,\"name\":\"Actualidad\",\"item\":\"https:\\\/\\\/www.eldigitaldeasturias.com\\\/noticias\\\/category\\\/actualidad\\\/\",\"nextItem\":{\"@type\":\"ListItem\",\"@id\":\"https:\\\/\\\/www.eldigitaldeasturias.com\\\/noticias\\\/cinco-claves-para-entender-las-elecciones-en-colombia\\\/#listItem\",\"name\":\"Cinco claves para entender las elecciones en Colombia\"},\"previousItem\":{\"@type\":\"ListItem\",\"@id\":\"https:\\\/\\\/www.eldigitaldeasturias.com\\\/noticias#listItem\",\"name\":\"Home\"}},{\"@type\":\"ListItem\",\"@id\":\"https:\\\/\\\/www.eldigitaldeasturias.com\\\/noticias\\\/cinco-claves-para-entender-las-elecciones-en-colombia\\\/#listItem\",\"position\":3,\"name\":\"Cinco claves para entender las elecciones en Colombia\",\"previousItem\":{\"@type\":\"ListItem\",\"@id\":\"https:\\\/\\\/www.eldigitaldeasturias.com\\\/noticias\\\/category\\\/actualidad\\\/#listItem\",\"name\":\"Actualidad\"}}]},{\"@type\":\"Organization\",\"@id\":\"https:\\\/\\\/www.eldigitaldeasturias.com\\\/noticias\\\/#organization\",\"name\":\"El Digital de Asturias\",\"description\":\"Hemeroteca\",\"url\":\"https:\\\/\\\/www.eldigitaldeasturias.com\\\/noticias\\\/\",\"email\":\"info@eldigitaldeasturias.com\",\"telephone\":\"+34652131393\",\"logo\":{\"@type\":\"ImageObject\",\"url\":\"https:\\\/\\\/www.eldigitaldeasturias.com\\\/noticias\\\/wp-content\\\/uploads\\\/2020\\\/12\\\/EDA.jpg\",\"@id\":\"https:\\\/\\\/www.eldigitaldeasturias.com\\\/noticias\\\/cinco-claves-para-entender-las-elecciones-en-colombia\\\/#organizationLogo\"},\"image\":{\"@id\":\"https:\\\/\\\/www.eldigitaldeasturias.com\\\/noticias\\\/cinco-claves-para-entender-las-elecciones-en-colombia\\\/#organizationLogo\"},\"sameAs\":[\"https:\\\/\\\/facebook.com\\\/eldigitaldeasturias\",\"https:\\\/\\\/www.youtube.com\\\/channel\\\/UCZP-2wLEB9Rv6erhFmqVnvg\"],\"address\":{\"@id\":\"https:\\\/\\\/www.eldigitaldeasturias.com\\\/noticias\\\/#postaladdress\",\"@type\":\"PostalAddress\",\"streetAddress\":\"san antonio 4\",\"postalCode\":\"33430\",\"addressLocality\":\"Cand\\u00e1s\",\"addressRegion\":\"Asturias\",\"addressCountry\":\"ES\"}},{\"@type\":\"Person\",\"@id\":\"https:\\\/\\\/www.eldigitaldeasturias.com\\\/noticias\\\/author\\\/admin\\\/#author\",\"url\":\"https:\\\/\\\/www.eldigitaldeasturias.com\\\/noticias\\\/author\\\/admin\\\/\",\"name\":\"El Digital de Asturias\",\"image\":{\"@type\":\"ImageObject\",\"@id\":\"https:\\\/\\\/www.eldigitaldeasturias.com\\\/noticias\\\/cinco-claves-para-entender-las-elecciones-en-colombia\\\/#authorImage\",\"url\":\"https:\\\/\\\/secure.gravatar.com\\\/avatar\\\/df2aeffc32bcd13f8d26072ef8a91b623d677766deac7f97ca815868cd41bf5e?s=96&d=mm&r=g\",\"width\":96,\"height\":96,\"caption\":\"El Digital de Asturias\"}},{\"@type\":\"WebPage\",\"@id\":\"https:\\\/\\\/www.eldigitaldeasturias.com\\\/noticias\\\/cinco-claves-para-entender-las-elecciones-en-colombia\\\/#webpage\",\"url\":\"https:\\\/\\\/www.eldigitaldeasturias.com\\\/noticias\\\/cinco-claves-para-entender-las-elecciones-en-colombia\\\/\",\"name\":\"Cinco claves para entender las elecciones en Colombia - El Digital de Asturias\",\"description\":\"Bogot\\u00e1, 11 mar (dpa) - Las elecciones parlamentarias del domingo en Colombia ser\\u00e1n trascendentales para medir el apoyo u oposici\\u00f3n que tendr\\u00e1 en el Congreso bicameral quien sea elegido presidente en los comicios de mayo o en la segunda vuelta prevista para junio. \\u00bfC\\u00f3mo funcionan las elecciones parlamentarias en Colombia? Los colombianos decidir\\u00e1n qui\\u00e9nes ocupar\\u00e1n\",\"inLanguage\":\"es-ES\",\"isPartOf\":{\"@id\":\"https:\\\/\\\/www.eldigitaldeasturias.com\\\/noticias\\\/#website\"},\"breadcrumb\":{\"@id\":\"https:\\\/\\\/www.eldigitaldeasturias.com\\\/noticias\\\/cinco-claves-para-entender-las-elecciones-en-colombia\\\/#breadcrumblist\"},\"author\":{\"@id\":\"https:\\\/\\\/www.eldigitaldeasturias.com\\\/noticias\\\/author\\\/admin\\\/#author\"},\"creator\":{\"@id\":\"https:\\\/\\\/www.eldigitaldeasturias.com\\\/noticias\\\/author\\\/admin\\\/#author\"},\"image\":{\"@type\":\"ImageObject\",\"url\":971593,\"@id\":\"https:\\\/\\\/www.eldigitaldeasturias.com\\\/noticias\\\/cinco-claves-para-entender-las-elecciones-en-colombia\\\/#mainImage\"},\"primaryImageOfPage\":{\"@id\":\"https:\\\/\\\/www.eldigitaldeasturias.com\\\/noticias\\\/cinco-claves-para-entender-las-elecciones-en-colombia\\\/#mainImage\"},\"datePublished\":\"2018-03-11T10:53:18+01:00\",\"dateModified\":\"2018-03-11T10:53:18+01:00\"},{\"@type\":\"WebSite\",\"@id\":\"https:\\\/\\\/www.eldigitaldeasturias.com\\\/noticias\\\/#website\",\"url\":\"https:\\\/\\\/www.eldigitaldeasturias.com\\\/noticias\\\/\",\"name\":\"El Digital de Asturias - Diario de actualidad y noticias\",\"alternateName\":\"El Digital de Asturias - Diario de actualidad y noticias\",\"description\":\"Hemeroteca\",\"inLanguage\":\"es-ES\",\"publisher\":{\"@id\":\"https:\\\/\\\/www.eldigitaldeasturias.com\\\/noticias\\\/#organization\"}}]}\n\t\t<\/script>\n\t\t<!-- All in One SEO Pro -->\r\n\t\t<title>Cinco claves para entender las elecciones en Colombia - El Digital de Asturias<\/title>\n\n","aioseo_head_json":{"title":"Cinco claves para entender las elecciones en Colombia - El Digital de Asturias","description":"Bogot\u00e1, 11 mar (dpa) - Las elecciones parlamentarias del domingo en Colombia ser\u00e1n trascendentales para medir el apoyo u oposici\u00f3n que tendr\u00e1 en el Congreso bicameral quien sea elegido presidente en los comicios de mayo o en la segunda vuelta prevista para junio. \u00bfC\u00f3mo funcionan las elecciones parlamentarias en Colombia? Los colombianos decidir\u00e1n qui\u00e9nes ocupar\u00e1n","canonical_url":"https:\/\/www.eldigitaldeasturias.com\/noticias\/cinco-claves-para-entender-las-elecciones-en-colombia\/","robots":"max-image-preview:large","keywords":"actualidad","webmasterTools":{"google-site-verification":"UA-38556648-1","msvalidate.01":"7dfe9f3f1b24437ab69f4f2559babe99","miscellaneous":""},"schema":{"@context":"https:\/\/schema.org","@graph":[{"@type":"BlogPosting","@id":"https:\/\/www.eldigitaldeasturias.com\/noticias\/cinco-claves-para-entender-las-elecciones-en-colombia\/#blogposting","name":"Cinco claves para entender las elecciones en Colombia - El Digital de Asturias","headline":"Cinco claves para entender las elecciones en Colombia","author":{"@id":"https:\/\/www.eldigitaldeasturias.com\/noticias\/author\/admin\/#author"},"publisher":{"@id":"https:\/\/www.eldigitaldeasturias.com\/noticias\/#organization"},"image":{"@type":"ImageObject","url":971593},"datePublished":"2018-03-11T10:53:18+01:00","dateModified":"2018-03-11T10:53:18+01:00","inLanguage":"es-ES","mainEntityOfPage":{"@id":"https:\/\/www.eldigitaldeasturias.com\/noticias\/cinco-claves-para-entender-las-elecciones-en-colombia\/#webpage"},"isPartOf":{"@id":"https:\/\/www.eldigitaldeasturias.com\/noticias\/cinco-claves-para-entender-las-elecciones-en-colombia\/#webpage"},"articleSection":"Actualidad"},{"@type":"BreadcrumbList","@id":"https:\/\/www.eldigitaldeasturias.com\/noticias\/cinco-claves-para-entender-las-elecciones-en-colombia\/#breadcrumblist","itemListElement":[{"@type":"ListItem","@id":"https:\/\/www.eldigitaldeasturias.com\/noticias#listItem","position":1,"name":"Home","item":"https:\/\/www.eldigitaldeasturias.com\/noticias","nextItem":{"@type":"ListItem","@id":"https:\/\/www.eldigitaldeasturias.com\/noticias\/category\/actualidad\/#listItem","name":"Actualidad"}},{"@type":"ListItem","@id":"https:\/\/www.eldigitaldeasturias.com\/noticias\/category\/actualidad\/#listItem","position":2,"name":"Actualidad","item":"https:\/\/www.eldigitaldeasturias.com\/noticias\/category\/actualidad\/","nextItem":{"@type":"ListItem","@id":"https:\/\/www.eldigitaldeasturias.com\/noticias\/cinco-claves-para-entender-las-elecciones-en-colombia\/#listItem","name":"Cinco claves para entender las elecciones en Colombia"},"previousItem":{"@type":"ListItem","@id":"https:\/\/www.eldigitaldeasturias.com\/noticias#listItem","name":"Home"}},{"@type":"ListItem","@id":"https:\/\/www.eldigitaldeasturias.com\/noticias\/cinco-claves-para-entender-las-elecciones-en-colombia\/#listItem","position":3,"name":"Cinco claves para entender las elecciones en Colombia","previousItem":{"@type":"ListItem","@id":"https:\/\/www.eldigitaldeasturias.com\/noticias\/category\/actualidad\/#listItem","name":"Actualidad"}}]},{"@type":"Organization","@id":"https:\/\/www.eldigitaldeasturias.com\/noticias\/#organization","name":"El Digital de Asturias","description":"Hemeroteca","url":"https:\/\/www.eldigitaldeasturias.com\/noticias\/","email":"info@eldigitaldeasturias.com","telephone":"+34652131393","logo":{"@type":"ImageObject","url":"https:\/\/www.eldigitaldeasturias.com\/noticias\/wp-content\/uploads\/2020\/12\/EDA.jpg","@id":"https:\/\/www.eldigitaldeasturias.com\/noticias\/cinco-claves-para-entender-las-elecciones-en-colombia\/#organizationLogo"},"image":{"@id":"https:\/\/www.eldigitaldeasturias.com\/noticias\/cinco-claves-para-entender-las-elecciones-en-colombia\/#organizationLogo"},"sameAs":["https:\/\/facebook.com\/eldigitaldeasturias","https:\/\/www.youtube.com\/channel\/UCZP-2wLEB9Rv6erhFmqVnvg"],"address":{"@id":"https:\/\/www.eldigitaldeasturias.com\/noticias\/#postaladdress","@type":"PostalAddress","streetAddress":"san antonio 4","postalCode":"33430","addressLocality":"Cand\u00e1s","addressRegion":"Asturias","addressCountry":"ES"}},{"@type":"Person","@id":"https:\/\/www.eldigitaldeasturias.com\/noticias\/author\/admin\/#author","url":"https:\/\/www.eldigitaldeasturias.com\/noticias\/author\/admin\/","name":"El Digital de Asturias","image":{"@type":"ImageObject","@id":"https:\/\/www.eldigitaldeasturias.com\/noticias\/cinco-claves-para-entender-las-elecciones-en-colombia\/#authorImage","url":"https:\/\/secure.gravatar.com\/avatar\/df2aeffc32bcd13f8d26072ef8a91b623d677766deac7f97ca815868cd41bf5e?s=96&d=mm&r=g","width":96,"height":96,"caption":"El Digital de Asturias"}},{"@type":"WebPage","@id":"https:\/\/www.eldigitaldeasturias.com\/noticias\/cinco-claves-para-entender-las-elecciones-en-colombia\/#webpage","url":"https:\/\/www.eldigitaldeasturias.com\/noticias\/cinco-claves-para-entender-las-elecciones-en-colombia\/","name":"Cinco claves para entender las elecciones en Colombia - El Digital de Asturias","description":"Bogot\u00e1, 11 mar (dpa) - Las elecciones parlamentarias del domingo en Colombia ser\u00e1n trascendentales para medir el apoyo u oposici\u00f3n que tendr\u00e1 en el Congreso bicameral quien sea elegido presidente en los comicios de mayo o en la segunda vuelta prevista para junio. \u00bfC\u00f3mo funcionan las elecciones parlamentarias en Colombia? Los colombianos decidir\u00e1n qui\u00e9nes ocupar\u00e1n","inLanguage":"es-ES","isPartOf":{"@id":"https:\/\/www.eldigitaldeasturias.com\/noticias\/#website"},"breadcrumb":{"@id":"https:\/\/www.eldigitaldeasturias.com\/noticias\/cinco-claves-para-entender-las-elecciones-en-colombia\/#breadcrumblist"},"author":{"@id":"https:\/\/www.eldigitaldeasturias.com\/noticias\/author\/admin\/#author"},"creator":{"@id":"https:\/\/www.eldigitaldeasturias.com\/noticias\/author\/admin\/#author"},"image":{"@type":"ImageObject","url":971593,"@id":"https:\/\/www.eldigitaldeasturias.com\/noticias\/cinco-claves-para-entender-las-elecciones-en-colombia\/#mainImage"},"primaryImageOfPage":{"@id":"https:\/\/www.eldigitaldeasturias.com\/noticias\/cinco-claves-para-entender-las-elecciones-en-colombia\/#mainImage"},"datePublished":"2018-03-11T10:53:18+01:00","dateModified":"2018-03-11T10:53:18+01:00"},{"@type":"WebSite","@id":"https:\/\/www.eldigitaldeasturias.com\/noticias\/#website","url":"https:\/\/www.eldigitaldeasturias.com\/noticias\/","name":"El Digital de Asturias - Diario de actualidad y noticias","alternateName":"El Digital de Asturias - Diario de actualidad y noticias","description":"Hemeroteca","inLanguage":"es-ES","publisher":{"@id":"https:\/\/www.eldigitaldeasturias.com\/noticias\/#organization"}}]},"og:locale":"es_ES","og:site_name":"El Digital de Asturias","og:type":"article","og:title":"Cinco claves para entender las elecciones en Colombia - El Digital de Asturias","og:description":"Bogot\u00e1, 11 mar (dpa) - Las elecciones parlamentarias del domingo en Colombia ser\u00e1n trascendentales para medir el apoyo u oposici\u00f3n que tendr\u00e1 en el Congreso bicameral quien sea elegido presidente en los comicios de mayo o en la segunda vuelta prevista para junio. \u00bfC\u00f3mo funcionan las elecciones parlamentarias en Colombia? Los colombianos decidir\u00e1n qui\u00e9nes ocupar\u00e1n","og:url":"https:\/\/www.eldigitaldeasturias.com\/noticias\/cinco-claves-para-entender-las-elecciones-en-colombia\/","article:tag":["actualidad"],"article:published_time":"2018-03-11T10:53:18+00:00","article:modified_time":"2018-03-11T10:53:18+00:00","article:publisher":"https:\/\/facebook.com\/eldigitaldeasturias","twitter:card":"summary_large_image","twitter:title":"Cinco claves para entender las elecciones en Colombia - El Digital de Asturias","twitter:description":"Bogot\u00e1, 11 mar (dpa) - Las elecciones parlamentarias del domingo en Colombia ser\u00e1n trascendentales para medir el apoyo u oposici\u00f3n que tendr\u00e1 en el Congreso bicameral quien sea elegido presidente en los comicios de mayo o en la segunda vuelta prevista para junio. \u00bfC\u00f3mo funcionan las elecciones parlamentarias en Colombia? Los colombianos decidir\u00e1n qui\u00e9nes ocupar\u00e1n","twitter:image":"https:\/\/www.eldigitaldeasturias.com\/noticias\/wp-content\/uploads\/2020\/12\/EDA-1.jpg","twitter:label1":"Escrito por","twitter:data1":"El Digital de Asturias","twitter:label2":"Tiempo de lectura estimado","twitter:data2":"4 minutos"},"aioseo_meta_data":{"post_id":"971592","title":null,"description":null,"keywords":null,"keyphrases":null,"primary_term":null,"canonical_url":null,"og_title":null,"og_description":null,"og_object_type":"default","og_image_type":"default","og_image_url":null,"og_image_width":null,"og_image_height":null,"og_image_custom_url":null,"og_image_custom_fields":null,"og_video":null,"og_custom_url":null,"og_article_section":null,"og_article_tags":null,"twitter_use_og":false,"twitter_card":"default","twitter_image_type":"default","twitter_image_url":null,"twitter_image_custom_url":null,"twitter_image_custom_fields":null,"twitter_title":null,"twitter_description":null,"schema":{"blockGraphs":[],"customGraphs":[],"default":{"data":{"Article":[],"Course":[],"Dataset":[],"FAQPage":[],"Movie":[],"Person":[],"Product":[],"ProductReview":[],"Car":[],"Recipe":[],"Service":[],"SoftwareApplication":[],"WebPage":[]},"graphName":"","isEnabled":true},"graphs":[],"defaultGraph":"","defaultPostTypeGraph":""},"schema_type":null,"schema_type_options":null,"pillar_content":false,"robots_default":true,"robots_noindex":false,"robots_noarchive":false,"robots_nosnippet":false,"robots_nofollow":false,"robots_noimageindex":false,"robots_noodp":false,"robots_notranslate":false,"robots_max_snippet":null,"robots_max_videopreview":null,"robots_max_imagepreview":"large","priority":null,"frequency":null,"local_seo":null,"seo_analyzer_scan_date":"2025-10-07 09:44:01","breadcrumb_settings":null,"limit_modified_date":false,"open_ai":null,"ai":null,"created":"2020-12-21 11:01:36","updated":"2025-10-07 09:44:01","focus_keyword":null,"additional_keywords":null,"truseo_locale":null},"aioseo_breadcrumb":"<div class=\"aioseo-breadcrumbs\"><span class=\"aioseo-breadcrumb\">\n\t<a href=\"https:\/\/www.eldigitaldeasturias.com\/noticias\" title=\"Home\">Home<\/a>\n<\/span><span class=\"aioseo-breadcrumb-separator\">\u2013<\/span><span class=\"aioseo-breadcrumb\">\n\t<a href=\"https:\/\/www.eldigitaldeasturias.com\/noticias\/category\/actualidad\/\" title=\"Actualidad\">Actualidad<\/a>\n<\/span><span class=\"aioseo-breadcrumb-separator\">\u2013<\/span><span class=\"aioseo-breadcrumb\">\n\t<a href=\"https:\/\/www.eldigitaldeasturias.com\/noticias\/cinco-claves-para-entender-las-elecciones-en-colombia\/\" title=\"Cinco claves para entender las elecciones en Colombia\">Cinco claves para entender las elecciones en Colombia<\/a>\n<\/span><\/div>","aioseo_breadcrumb_json":[{"label":"Home","link":"https:\/\/www.eldigitaldeasturias.com\/noticias"},{"label":"Actualidad","link":"https:\/\/www.eldigitaldeasturias.com\/noticias\/category\/actualidad\/"},{"label":"Cinco claves para entender las elecciones en Colombia","link":"https:\/\/www.eldigitaldeasturias.com\/noticias\/cinco-claves-para-entender-las-elecciones-en-colombia\/"}],"_links":{"self":[{"href":"https:\/\/www.eldigitaldeasturias.com\/noticias\/wp-json\/wp\/v2\/posts\/971592","targetHints":{"allow":["GET"]}}],"collection":[{"href":"https:\/\/www.eldigitaldeasturias.com\/noticias\/wp-json\/wp\/v2\/posts"}],"about":[{"href":"https:\/\/www.eldigitaldeasturias.com\/noticias\/wp-json\/wp\/v2\/types\/post"}],"author":[{"embeddable":true,"href":"https:\/\/www.eldigitaldeasturias.com\/noticias\/wp-json\/wp\/v2\/users\/1"}],"replies":[{"embeddable":true,"href":"https:\/\/www.eldigitaldeasturias.com\/noticias\/wp-json\/wp\/v2\/comments?post=971592"}],"version-history":[{"count":0,"href":"https:\/\/www.eldigitaldeasturias.com\/noticias\/wp-json\/wp\/v2\/posts\/971592\/revisions"}],"wp:attachment":[{"href":"https:\/\/www.eldigitaldeasturias.com\/noticias\/wp-json\/wp\/v2\/media?parent=971592"}],"wp:term":[{"taxonomy":"category","embeddable":true,"href":"https:\/\/www.eldigitaldeasturias.com\/noticias\/wp-json\/wp\/v2\/categories?post=971592"},{"taxonomy":"post_tag","embeddable":true,"href":"https:\/\/www.eldigitaldeasturias.com\/noticias\/wp-json\/wp\/v2\/tags?post=971592"}],"curies":[{"name":"wp","href":"https:\/\/api.w.org\/{rel}","templated":true}]}}