{"id":971589,"date":"2018-03-11T10:48:22","date_gmt":"2018-03-11T10:48:22","guid":{"rendered":"http:\/\/www.eldigitaldeasturias.com\/noticias\/?p=971589"},"modified":"2018-03-11T10:48:22","modified_gmt":"2018-03-11T10:48:22","slug":"como-se-elige-al-presidente-de-cuba","status":"publish","type":"post","link":"https:\/\/www.eldigitaldeasturias.com\/noticias\/como-se-elige-al-presidente-de-cuba\/","title":{"rendered":"\u00bfC\u00f3mo se elige al presidente de Cuba?"},"content":{"rendered":"<p><img loading=\"lazy\" decoding=\"async\" class=\"alignleft size-medium wp-image-971590\" src=\"https:\/\/www.eldigitaldeasturias.com\/noticias\/wp-content\/uploads\/2018\/03\/cuba-2188179_1280-360x240.jpg\" alt=\"\" width=\"360\" height=\"240\" \/>La Habana, 11 mar (dpa) \u2013 Este domingo, Cuba celebra unas hist\u00f3ricas elecciones al Parlamento, que representan el final de la presidencia de Ra\u00fal Castro. Pero \u00bfc\u00f3mo se elige al presidente de Cuba? A continuaci\u00f3n, dpa aclara algunas dudas.<\/p>\n<p>\u00bfSe elige directamente al presidente?<\/p>\n<p>En Cuba no hay elecciones presidenciales, sino que se eligen diputados que, entre ellos, eligen al presidente del Consejo de Estado, que a su vez es el presidente del Consejo de Ministros y jefe de Estado.<\/p>\n<p>\u00bfQu\u00e9 es el Consejo de Estado?<\/p>\n<p>Es el \u00f3rgano que act\u00faa a nombre del Parlamento cuando \u00e9ste no se re\u00fane. Est\u00e1 formado por 30 personas y tiene competencias para dictar decretos-leyes, aprobar indultos, declarar la guerra y la paz, designar a los diplom\u00e1ticos en el exterior y recibir las cartas credenciales de los representantes de otros pa\u00edses, entre otras competencias.<\/p>\n<p>\u00bfCu\u00e1les son los requisitos para ser candidato a diputado?<\/p>\n<p>Las organizaciones que agrupan gremialmente a intelectuales, estudiantes o mujeres postulan candidatos a una Comisi\u00f3n de Nominaciones, que una vez aprobados por las Asambleas Municipales del Poder Popular pasan a las boletas electorales. Para ser elegido diputado es necesario tener 18 a\u00f1os y haber residido en el pa\u00eds durante los \u00faltimos dos a\u00f1os previos a la elecci\u00f3n, entre otros requisitos.<\/p>\n<p>\u00bfC\u00f3mo se eligen los diputados?<\/p>\n<p>Para ejercer el derecho al voto hay que tener como m\u00ednimo 16 a\u00f1os. La votaci\u00f3n es directa y secreta, los candidatos necesitan obtener m\u00e1s del 50 por ciento de apoyo de los electores para no tener que ir a una segunda vuelta. El mandato es de cinco a\u00f1os.<\/p>\n<p>\u00bfPara ser diputado hay que ser miembro del Partido Comunista de Cuba?<\/p>\n<p>Pertenecer al Partido Comunista de Cuba no es un requisito para poder ser diputado, aunque la mayor\u00eda de los representantes lo son. De los 605 candidatos a diputados cubanos, 548 tienen el carnet de la organizaci\u00f3n comunista. De todas formas, no hay presencia de la oposici\u00f3n en la boleta electoral.<\/p>\n<p>\u00bfQui\u00e9n hace las listas electorales?<\/p>\n<p>La Comisi\u00f3n Nacional de Candidaturas es la que conforma la boleta final de los 605 diputados que se presentan a un esca\u00f1o al Parlamento Nacional. La comisi\u00f3n est\u00e1 presidida por un funcionario de la Central de Trabajadores de Cuba (CTC), y forman parte de ella representantes de los Comit\u00e9s de Defensa de la Revoluci\u00f3n (CDR), la Federaci\u00f3n de Mujeres Cubanas (FMC), la Asociaci\u00f3n de Agricultores Peque\u00f1os (ANAP), la Federaci\u00f3n Estudiantil Universitaria (FEU) y la Federaci\u00f3n de Estudiantes de la Ense\u00f1anza Media (FEEM).<\/p>\n<p>\u00bfC\u00f3mo funciona el Parlamento?<\/p>\n<p>De manera plenaria se re\u00fane dos veces al a\u00f1o, normalmente cada seis meses. En la \u00faltima sesi\u00f3n anual se aprueba el presupuesto del Estado para el siguiente ejercicio. El resto del a\u00f1o, los diputados trabajan en las comisiones parlamentarias a las que est\u00e1n adscritas y por las que no reciben un salario, sino que cobran por sus centros de trabajo.<\/p>\n","protected":false},"excerpt":{"rendered":"<p>La Habana, 11 mar (dpa) \u2013 Este domingo, Cuba celebra unas hist\u00f3ricas elecciones al Parlamento, que representan el final de la presidencia de Ra\u00fal Castro. Pero \u00bfc\u00f3mo se elige al presidente de Cuba? A continuaci\u00f3n, dpa aclara algunas dudas. \u00bfSe elige directamente al presidente? En Cuba no hay elecciones presidenciales, sino que se eligen diputados [&hellip;]<\/p>\n","protected":false},"author":1,"featured_media":971590,"comment_status":"closed","ping_status":"closed","sticky":false,"template":"","format":"standard","meta":{"footnotes":""},"categories":[1],"tags":[],"class_list":["post-971589","post","type-post","status-publish","format-standard","has-post-thumbnail","hentry","category-actualidad"],"aioseo_notices":[],"aioseo_head":"\n\t\t<!-- All in One SEO Pro 5.0.1 - aioseo.com -->\n\t<meta name=\"description\" content=\"La Habana, 11 mar (dpa) \u2013 Este domingo, Cuba celebra unas hist\u00f3ricas elecciones al Parlamento, que representan el final de la presidencia de Ra\u00fal Castro. Pero \u00bfc\u00f3mo se elige al presidente de Cuba? A continuaci\u00f3n, dpa aclara algunas dudas. \u00bfSe elige directamente al presidente? En Cuba no hay elecciones presidenciales, sino que se eligen diputados\" \/>\n\t<meta name=\"robots\" content=\"max-image-preview:large\" \/>\n\t<meta name=\"author\" content=\"El Digital de Asturias\"\/>\n\t<meta name=\"google-site-verification\" content=\"UA-38556648-1\" \/>\n\t<meta name=\"msvalidate.01\" content=\"7dfe9f3f1b24437ab69f4f2559babe99\" \/>\n\t<meta name=\"keywords\" content=\"actualidad\" \/>\n\t<link rel=\"canonical\" href=\"https:\/\/www.eldigitaldeasturias.com\/noticias\/como-se-elige-al-presidente-de-cuba\/\" \/>\n\t<meta name=\"generator\" content=\"All in One SEO Pro (AIOSEO) 5.0.1\" \/>\n\t\t<meta property=\"og:locale\" content=\"es_ES\" \/>\n\t\t<meta property=\"og:site_name\" content=\"El Digital de Asturias\" \/>\n\t\t<meta property=\"og:type\" content=\"article\" \/>\n\t\t<meta property=\"og:title\" content=\"\u00bfC\u00f3mo se elige al presidente de Cuba? - El Digital de Asturias\" \/>\n\t\t<meta property=\"og:description\" content=\"La Habana, 11 mar (dpa) \u2013 Este domingo, Cuba celebra unas hist\u00f3ricas elecciones al Parlamento, que representan el final de la presidencia de Ra\u00fal Castro. Pero \u00bfc\u00f3mo se elige al presidente de Cuba? A continuaci\u00f3n, dpa aclara algunas dudas. \u00bfSe elige directamente al presidente? En Cuba no hay elecciones presidenciales, sino que se eligen diputados\" \/>\n\t\t<meta property=\"og:url\" content=\"https:\/\/www.eldigitaldeasturias.com\/noticias\/como-se-elige-al-presidente-de-cuba\/\" \/>\n\t\t<meta property=\"article:tag\" content=\"actualidad\" \/>\n\t\t<meta property=\"article:published_time\" content=\"2018-03-11T10:48:22+00:00\" \/>\n\t\t<meta property=\"article:modified_time\" content=\"2018-03-11T10:48:22+00:00\" \/>\n\t\t<meta property=\"article:publisher\" content=\"https:\/\/facebook.com\/eldigitaldeasturias\" \/>\n\t\t<meta name=\"twitter:card\" content=\"summary_large_image\" \/>\n\t\t<meta name=\"twitter:title\" content=\"\u00bfC\u00f3mo se elige al presidente de Cuba? - El Digital de Asturias\" \/>\n\t\t<meta name=\"twitter:description\" content=\"La Habana, 11 mar (dpa) \u2013 Este domingo, Cuba celebra unas hist\u00f3ricas elecciones al Parlamento, que representan el final de la presidencia de Ra\u00fal Castro. Pero \u00bfc\u00f3mo se elige al presidente de Cuba? A continuaci\u00f3n, dpa aclara algunas dudas. \u00bfSe elige directamente al presidente? En Cuba no hay elecciones presidenciales, sino que se eligen diputados\" \/>\n\t\t<meta name=\"twitter:image\" content=\"https:\/\/www.eldigitaldeasturias.com\/noticias\/wp-content\/uploads\/2020\/12\/EDA-1.jpg\" \/>\n\t\t<meta name=\"twitter:label1\" content=\"Escrito por\" \/>\n\t\t<meta name=\"twitter:data1\" content=\"El Digital de Asturias\" \/>\n\t\t<meta name=\"twitter:label2\" content=\"Tiempo de lectura estimado\" \/>\n\t\t<meta name=\"twitter:data2\" content=\"3 minutos\" \/>\n\t\t<script type=\"application\/ld+json\" class=\"aioseo-schema\">\n\t\t\t{\"@context\":\"https:\\\/\\\/schema.org\",\"@graph\":[{\"@type\":\"BlogPosting\",\"@id\":\"https:\\\/\\\/www.eldigitaldeasturias.com\\\/noticias\\\/como-se-elige-al-presidente-de-cuba\\\/#blogposting\",\"name\":\"\\u00bfC\\u00f3mo se elige al presidente de Cuba? - El Digital de Asturias\",\"headline\":\"\\u00bfC\\u00f3mo se elige al presidente de Cuba?\",\"author\":{\"@id\":\"https:\\\/\\\/www.eldigitaldeasturias.com\\\/noticias\\\/author\\\/admin\\\/#author\"},\"publisher\":{\"@id\":\"https:\\\/\\\/www.eldigitaldeasturias.com\\\/noticias\\\/#organization\"},\"image\":{\"@type\":\"ImageObject\",\"url\":971590},\"datePublished\":\"2018-03-11T10:48:22+01:00\",\"dateModified\":\"2018-03-11T10:48:22+01:00\",\"inLanguage\":\"es-ES\",\"mainEntityOfPage\":{\"@id\":\"https:\\\/\\\/www.eldigitaldeasturias.com\\\/noticias\\\/como-se-elige-al-presidente-de-cuba\\\/#webpage\"},\"isPartOf\":{\"@id\":\"https:\\\/\\\/www.eldigitaldeasturias.com\\\/noticias\\\/como-se-elige-al-presidente-de-cuba\\\/#webpage\"},\"articleSection\":\"Actualidad\"},{\"@type\":\"BreadcrumbList\",\"@id\":\"https:\\\/\\\/www.eldigitaldeasturias.com\\\/noticias\\\/como-se-elige-al-presidente-de-cuba\\\/#breadcrumblist\",\"itemListElement\":[{\"@type\":\"ListItem\",\"@id\":\"https:\\\/\\\/www.eldigitaldeasturias.com\\\/noticias#listItem\",\"position\":1,\"name\":\"Home\",\"item\":\"https:\\\/\\\/www.eldigitaldeasturias.com\\\/noticias\",\"nextItem\":{\"@type\":\"ListItem\",\"@id\":\"https:\\\/\\\/www.eldigitaldeasturias.com\\\/noticias\\\/category\\\/actualidad\\\/#listItem\",\"name\":\"Actualidad\"}},{\"@type\":\"ListItem\",\"@id\":\"https:\\\/\\\/www.eldigitaldeasturias.com\\\/noticias\\\/category\\\/actualidad\\\/#listItem\",\"position\":2,\"name\":\"Actualidad\",\"item\":\"https:\\\/\\\/www.eldigitaldeasturias.com\\\/noticias\\\/category\\\/actualidad\\\/\",\"nextItem\":{\"@type\":\"ListItem\",\"@id\":\"https:\\\/\\\/www.eldigitaldeasturias.com\\\/noticias\\\/como-se-elige-al-presidente-de-cuba\\\/#listItem\",\"name\":\"\\u00bfC\\u00f3mo se elige al presidente de Cuba?\"},\"previousItem\":{\"@type\":\"ListItem\",\"@id\":\"https:\\\/\\\/www.eldigitaldeasturias.com\\\/noticias#listItem\",\"name\":\"Home\"}},{\"@type\":\"ListItem\",\"@id\":\"https:\\\/\\\/www.eldigitaldeasturias.com\\\/noticias\\\/como-se-elige-al-presidente-de-cuba\\\/#listItem\",\"position\":3,\"name\":\"\\u00bfC\\u00f3mo se elige al presidente de Cuba?\",\"previousItem\":{\"@type\":\"ListItem\",\"@id\":\"https:\\\/\\\/www.eldigitaldeasturias.com\\\/noticias\\\/category\\\/actualidad\\\/#listItem\",\"name\":\"Actualidad\"}}]},{\"@type\":\"Organization\",\"@id\":\"https:\\\/\\\/www.eldigitaldeasturias.com\\\/noticias\\\/#organization\",\"name\":\"El Digital de Asturias\",\"description\":\"Hemeroteca\",\"url\":\"https:\\\/\\\/www.eldigitaldeasturias.com\\\/noticias\\\/\",\"email\":\"info@eldigitaldeasturias.com\",\"telephone\":\"+34652131393\",\"logo\":{\"@type\":\"ImageObject\",\"url\":\"https:\\\/\\\/www.eldigitaldeasturias.com\\\/noticias\\\/wp-content\\\/uploads\\\/2020\\\/12\\\/EDA.jpg\",\"@id\":\"https:\\\/\\\/www.eldigitaldeasturias.com\\\/noticias\\\/como-se-elige-al-presidente-de-cuba\\\/#organizationLogo\"},\"image\":{\"@id\":\"https:\\\/\\\/www.eldigitaldeasturias.com\\\/noticias\\\/como-se-elige-al-presidente-de-cuba\\\/#organizationLogo\"},\"sameAs\":[\"https:\\\/\\\/facebook.com\\\/eldigitaldeasturias\",\"https:\\\/\\\/www.youtube.com\\\/channel\\\/UCZP-2wLEB9Rv6erhFmqVnvg\"],\"address\":{\"@id\":\"https:\\\/\\\/www.eldigitaldeasturias.com\\\/noticias\\\/#postaladdress\",\"@type\":\"PostalAddress\",\"streetAddress\":\"san antonio 4\",\"postalCode\":\"33430\",\"addressLocality\":\"Cand\\u00e1s\",\"addressRegion\":\"Asturias\",\"addressCountry\":\"ES\"}},{\"@type\":\"Person\",\"@id\":\"https:\\\/\\\/www.eldigitaldeasturias.com\\\/noticias\\\/author\\\/admin\\\/#author\",\"url\":\"https:\\\/\\\/www.eldigitaldeasturias.com\\\/noticias\\\/author\\\/admin\\\/\",\"name\":\"El Digital de Asturias\",\"image\":{\"@type\":\"ImageObject\",\"@id\":\"https:\\\/\\\/www.eldigitaldeasturias.com\\\/noticias\\\/como-se-elige-al-presidente-de-cuba\\\/#authorImage\",\"url\":\"https:\\\/\\\/secure.gravatar.com\\\/avatar\\\/df2aeffc32bcd13f8d26072ef8a91b623d677766deac7f97ca815868cd41bf5e?s=96&d=mm&r=g\",\"width\":96,\"height\":96,\"caption\":\"El Digital de Asturias\"}},{\"@type\":\"WebPage\",\"@id\":\"https:\\\/\\\/www.eldigitaldeasturias.com\\\/noticias\\\/como-se-elige-al-presidente-de-cuba\\\/#webpage\",\"url\":\"https:\\\/\\\/www.eldigitaldeasturias.com\\\/noticias\\\/como-se-elige-al-presidente-de-cuba\\\/\",\"name\":\"\\u00bfC\\u00f3mo se elige al presidente de Cuba? - El Digital de Asturias\",\"description\":\"La Habana, 11 mar (dpa) \\u2013 Este domingo, Cuba celebra unas hist\\u00f3ricas elecciones al Parlamento, que representan el final de la presidencia de Ra\\u00fal Castro. Pero \\u00bfc\\u00f3mo se elige al presidente de Cuba? A continuaci\\u00f3n, dpa aclara algunas dudas. \\u00bfSe elige directamente al presidente? En Cuba no hay elecciones presidenciales, sino que se eligen diputados\",\"inLanguage\":\"es-ES\",\"isPartOf\":{\"@id\":\"https:\\\/\\\/www.eldigitaldeasturias.com\\\/noticias\\\/#website\"},\"breadcrumb\":{\"@id\":\"https:\\\/\\\/www.eldigitaldeasturias.com\\\/noticias\\\/como-se-elige-al-presidente-de-cuba\\\/#breadcrumblist\"},\"author\":{\"@id\":\"https:\\\/\\\/www.eldigitaldeasturias.com\\\/noticias\\\/author\\\/admin\\\/#author\"},\"creator\":{\"@id\":\"https:\\\/\\\/www.eldigitaldeasturias.com\\\/noticias\\\/author\\\/admin\\\/#author\"},\"image\":{\"@type\":\"ImageObject\",\"url\":971590,\"@id\":\"https:\\\/\\\/www.eldigitaldeasturias.com\\\/noticias\\\/como-se-elige-al-presidente-de-cuba\\\/#mainImage\"},\"primaryImageOfPage\":{\"@id\":\"https:\\\/\\\/www.eldigitaldeasturias.com\\\/noticias\\\/como-se-elige-al-presidente-de-cuba\\\/#mainImage\"},\"datePublished\":\"2018-03-11T10:48:22+01:00\",\"dateModified\":\"2018-03-11T10:48:22+01:00\"},{\"@type\":\"WebSite\",\"@id\":\"https:\\\/\\\/www.eldigitaldeasturias.com\\\/noticias\\\/#website\",\"url\":\"https:\\\/\\\/www.eldigitaldeasturias.com\\\/noticias\\\/\",\"name\":\"El Digital de Asturias - Diario de actualidad y noticias\",\"alternateName\":\"El Digital de Asturias - Diario de actualidad y noticias\",\"description\":\"Hemeroteca\",\"inLanguage\":\"es-ES\",\"publisher\":{\"@id\":\"https:\\\/\\\/www.eldigitaldeasturias.com\\\/noticias\\\/#organization\"}}]}\n\t\t<\/script>\n\t\t<!-- All in One SEO Pro -->\r\n\t\t<title>\u00bfC\u00f3mo se elige al presidente de Cuba? - El Digital de Asturias<\/title>\n\n","aioseo_head_json":{"title":"\u00bfC\u00f3mo se elige al presidente de Cuba? - El Digital de Asturias","description":"La Habana, 11 mar (dpa) \u2013 Este domingo, Cuba celebra unas hist\u00f3ricas elecciones al Parlamento, que representan el final de la presidencia de Ra\u00fal Castro. Pero \u00bfc\u00f3mo se elige al presidente de Cuba? A continuaci\u00f3n, dpa aclara algunas dudas. \u00bfSe elige directamente al presidente? En Cuba no hay elecciones presidenciales, sino que se eligen diputados","canonical_url":"https:\/\/www.eldigitaldeasturias.com\/noticias\/como-se-elige-al-presidente-de-cuba\/","robots":"max-image-preview:large","keywords":"actualidad","webmasterTools":{"google-site-verification":"UA-38556648-1","msvalidate.01":"7dfe9f3f1b24437ab69f4f2559babe99","miscellaneous":""},"schema":{"@context":"https:\/\/schema.org","@graph":[{"@type":"BlogPosting","@id":"https:\/\/www.eldigitaldeasturias.com\/noticias\/como-se-elige-al-presidente-de-cuba\/#blogposting","name":"\u00bfC\u00f3mo se elige al presidente de Cuba? - El Digital de Asturias","headline":"\u00bfC\u00f3mo se elige al presidente de Cuba?","author":{"@id":"https:\/\/www.eldigitaldeasturias.com\/noticias\/author\/admin\/#author"},"publisher":{"@id":"https:\/\/www.eldigitaldeasturias.com\/noticias\/#organization"},"image":{"@type":"ImageObject","url":971590},"datePublished":"2018-03-11T10:48:22+01:00","dateModified":"2018-03-11T10:48:22+01:00","inLanguage":"es-ES","mainEntityOfPage":{"@id":"https:\/\/www.eldigitaldeasturias.com\/noticias\/como-se-elige-al-presidente-de-cuba\/#webpage"},"isPartOf":{"@id":"https:\/\/www.eldigitaldeasturias.com\/noticias\/como-se-elige-al-presidente-de-cuba\/#webpage"},"articleSection":"Actualidad"},{"@type":"BreadcrumbList","@id":"https:\/\/www.eldigitaldeasturias.com\/noticias\/como-se-elige-al-presidente-de-cuba\/#breadcrumblist","itemListElement":[{"@type":"ListItem","@id":"https:\/\/www.eldigitaldeasturias.com\/noticias#listItem","position":1,"name":"Home","item":"https:\/\/www.eldigitaldeasturias.com\/noticias","nextItem":{"@type":"ListItem","@id":"https:\/\/www.eldigitaldeasturias.com\/noticias\/category\/actualidad\/#listItem","name":"Actualidad"}},{"@type":"ListItem","@id":"https:\/\/www.eldigitaldeasturias.com\/noticias\/category\/actualidad\/#listItem","position":2,"name":"Actualidad","item":"https:\/\/www.eldigitaldeasturias.com\/noticias\/category\/actualidad\/","nextItem":{"@type":"ListItem","@id":"https:\/\/www.eldigitaldeasturias.com\/noticias\/como-se-elige-al-presidente-de-cuba\/#listItem","name":"\u00bfC\u00f3mo se elige al presidente de Cuba?"},"previousItem":{"@type":"ListItem","@id":"https:\/\/www.eldigitaldeasturias.com\/noticias#listItem","name":"Home"}},{"@type":"ListItem","@id":"https:\/\/www.eldigitaldeasturias.com\/noticias\/como-se-elige-al-presidente-de-cuba\/#listItem","position":3,"name":"\u00bfC\u00f3mo se elige al presidente de Cuba?","previousItem":{"@type":"ListItem","@id":"https:\/\/www.eldigitaldeasturias.com\/noticias\/category\/actualidad\/#listItem","name":"Actualidad"}}]},{"@type":"Organization","@id":"https:\/\/www.eldigitaldeasturias.com\/noticias\/#organization","name":"El Digital de Asturias","description":"Hemeroteca","url":"https:\/\/www.eldigitaldeasturias.com\/noticias\/","email":"info@eldigitaldeasturias.com","telephone":"+34652131393","logo":{"@type":"ImageObject","url":"https:\/\/www.eldigitaldeasturias.com\/noticias\/wp-content\/uploads\/2020\/12\/EDA.jpg","@id":"https:\/\/www.eldigitaldeasturias.com\/noticias\/como-se-elige-al-presidente-de-cuba\/#organizationLogo"},"image":{"@id":"https:\/\/www.eldigitaldeasturias.com\/noticias\/como-se-elige-al-presidente-de-cuba\/#organizationLogo"},"sameAs":["https:\/\/facebook.com\/eldigitaldeasturias","https:\/\/www.youtube.com\/channel\/UCZP-2wLEB9Rv6erhFmqVnvg"],"address":{"@id":"https:\/\/www.eldigitaldeasturias.com\/noticias\/#postaladdress","@type":"PostalAddress","streetAddress":"san antonio 4","postalCode":"33430","addressLocality":"Cand\u00e1s","addressRegion":"Asturias","addressCountry":"ES"}},{"@type":"Person","@id":"https:\/\/www.eldigitaldeasturias.com\/noticias\/author\/admin\/#author","url":"https:\/\/www.eldigitaldeasturias.com\/noticias\/author\/admin\/","name":"El Digital de Asturias","image":{"@type":"ImageObject","@id":"https:\/\/www.eldigitaldeasturias.com\/noticias\/como-se-elige-al-presidente-de-cuba\/#authorImage","url":"https:\/\/secure.gravatar.com\/avatar\/df2aeffc32bcd13f8d26072ef8a91b623d677766deac7f97ca815868cd41bf5e?s=96&d=mm&r=g","width":96,"height":96,"caption":"El Digital de Asturias"}},{"@type":"WebPage","@id":"https:\/\/www.eldigitaldeasturias.com\/noticias\/como-se-elige-al-presidente-de-cuba\/#webpage","url":"https:\/\/www.eldigitaldeasturias.com\/noticias\/como-se-elige-al-presidente-de-cuba\/","name":"\u00bfC\u00f3mo se elige al presidente de Cuba? - El Digital de Asturias","description":"La Habana, 11 mar (dpa) \u2013 Este domingo, Cuba celebra unas hist\u00f3ricas elecciones al Parlamento, que representan el final de la presidencia de Ra\u00fal Castro. Pero \u00bfc\u00f3mo se elige al presidente de Cuba? A continuaci\u00f3n, dpa aclara algunas dudas. \u00bfSe elige directamente al presidente? En Cuba no hay elecciones presidenciales, sino que se eligen diputados","inLanguage":"es-ES","isPartOf":{"@id":"https:\/\/www.eldigitaldeasturias.com\/noticias\/#website"},"breadcrumb":{"@id":"https:\/\/www.eldigitaldeasturias.com\/noticias\/como-se-elige-al-presidente-de-cuba\/#breadcrumblist"},"author":{"@id":"https:\/\/www.eldigitaldeasturias.com\/noticias\/author\/admin\/#author"},"creator":{"@id":"https:\/\/www.eldigitaldeasturias.com\/noticias\/author\/admin\/#author"},"image":{"@type":"ImageObject","url":971590,"@id":"https:\/\/www.eldigitaldeasturias.com\/noticias\/como-se-elige-al-presidente-de-cuba\/#mainImage"},"primaryImageOfPage":{"@id":"https:\/\/www.eldigitaldeasturias.com\/noticias\/como-se-elige-al-presidente-de-cuba\/#mainImage"},"datePublished":"2018-03-11T10:48:22+01:00","dateModified":"2018-03-11T10:48:22+01:00"},{"@type":"WebSite","@id":"https:\/\/www.eldigitaldeasturias.com\/noticias\/#website","url":"https:\/\/www.eldigitaldeasturias.com\/noticias\/","name":"El Digital de Asturias - Diario de actualidad y noticias","alternateName":"El Digital de Asturias - Diario de actualidad y noticias","description":"Hemeroteca","inLanguage":"es-ES","publisher":{"@id":"https:\/\/www.eldigitaldeasturias.com\/noticias\/#organization"}}]},"og:locale":"es_ES","og:site_name":"El Digital de Asturias","og:type":"article","og:title":"\u00bfC\u00f3mo se elige al presidente de Cuba? - El Digital de Asturias","og:description":"La Habana, 11 mar (dpa) \u2013 Este domingo, Cuba celebra unas hist\u00f3ricas elecciones al Parlamento, que representan el final de la presidencia de Ra\u00fal Castro. Pero \u00bfc\u00f3mo se elige al presidente de Cuba? A continuaci\u00f3n, dpa aclara algunas dudas. \u00bfSe elige directamente al presidente? En Cuba no hay elecciones presidenciales, sino que se eligen diputados","og:url":"https:\/\/www.eldigitaldeasturias.com\/noticias\/como-se-elige-al-presidente-de-cuba\/","article:tag":["actualidad"],"article:published_time":"2018-03-11T10:48:22+00:00","article:modified_time":"2018-03-11T10:48:22+00:00","article:publisher":"https:\/\/facebook.com\/eldigitaldeasturias","twitter:card":"summary_large_image","twitter:title":"\u00bfC\u00f3mo se elige al presidente de Cuba? - El Digital de Asturias","twitter:description":"La Habana, 11 mar (dpa) \u2013 Este domingo, Cuba celebra unas hist\u00f3ricas elecciones al Parlamento, que representan el final de la presidencia de Ra\u00fal Castro. Pero \u00bfc\u00f3mo se elige al presidente de Cuba? A continuaci\u00f3n, dpa aclara algunas dudas. \u00bfSe elige directamente al presidente? En Cuba no hay elecciones presidenciales, sino que se eligen diputados","twitter:image":"https:\/\/www.eldigitaldeasturias.com\/noticias\/wp-content\/uploads\/2020\/12\/EDA-1.jpg","twitter:label1":"Escrito por","twitter:data1":"El Digital de Asturias","twitter:label2":"Tiempo de lectura estimado","twitter:data2":"3 minutos"},"aioseo_meta_data":{"post_id":"971589","title":null,"description":null,"keywords":null,"keyphrases":null,"primary_term":null,"canonical_url":null,"og_title":null,"og_description":null,"og_object_type":"default","og_image_type":"default","og_image_url":null,"og_image_width":null,"og_image_height":null,"og_image_custom_url":null,"og_image_custom_fields":null,"og_video":null,"og_custom_url":null,"og_article_section":null,"og_article_tags":null,"twitter_use_og":false,"twitter_card":"default","twitter_image_type":"default","twitter_image_url":null,"twitter_image_custom_url":null,"twitter_image_custom_fields":null,"twitter_title":null,"twitter_description":null,"schema":{"blockGraphs":[],"customGraphs":[],"default":{"data":{"Article":[],"Course":[],"Dataset":[],"FAQPage":[],"Movie":[],"Person":[],"Product":[],"ProductReview":[],"Car":[],"Recipe":[],"Service":[],"SoftwareApplication":[],"WebPage":[]},"graphName":"","isEnabled":true},"graphs":[],"defaultGraph":"","defaultPostTypeGraph":""},"schema_type":null,"schema_type_options":null,"pillar_content":false,"robots_default":true,"robots_noindex":false,"robots_noarchive":false,"robots_nosnippet":false,"robots_nofollow":false,"robots_noimageindex":false,"robots_noodp":false,"robots_notranslate":false,"robots_max_snippet":null,"robots_max_videopreview":null,"robots_max_imagepreview":"large","priority":null,"frequency":null,"local_seo":null,"seo_analyzer_scan_date":"2025-10-07 09:42:05","breadcrumb_settings":null,"limit_modified_date":false,"open_ai":null,"ai":null,"created":"2020-12-21 12:21:38","updated":"2025-10-07 09:42:05","focus_keyword":null,"additional_keywords":null,"truseo_locale":null},"aioseo_breadcrumb":"<div class=\"aioseo-breadcrumbs\"><span class=\"aioseo-breadcrumb\">\n\t<a href=\"https:\/\/www.eldigitaldeasturias.com\/noticias\" title=\"Home\">Home<\/a>\n<\/span><span class=\"aioseo-breadcrumb-separator\">\u2013<\/span><span class=\"aioseo-breadcrumb\">\n\t<a href=\"https:\/\/www.eldigitaldeasturias.com\/noticias\/category\/actualidad\/\" title=\"Actualidad\">Actualidad<\/a>\n<\/span><span class=\"aioseo-breadcrumb-separator\">\u2013<\/span><span class=\"aioseo-breadcrumb\">\n\t<a href=\"https:\/\/www.eldigitaldeasturias.com\/noticias\/como-se-elige-al-presidente-de-cuba\/\" title=\"\u00bfC\u00f3mo se elige al presidente de Cuba?\">\u00bfC\u00f3mo se elige al presidente de Cuba?<\/a>\n<\/span><\/div>","aioseo_breadcrumb_json":[{"label":"Home","link":"https:\/\/www.eldigitaldeasturias.com\/noticias"},{"label":"Actualidad","link":"https:\/\/www.eldigitaldeasturias.com\/noticias\/category\/actualidad\/"},{"label":"\u00bfC\u00f3mo se elige al presidente de Cuba?","link":"https:\/\/www.eldigitaldeasturias.com\/noticias\/como-se-elige-al-presidente-de-cuba\/"}],"_links":{"self":[{"href":"https:\/\/www.eldigitaldeasturias.com\/noticias\/wp-json\/wp\/v2\/posts\/971589","targetHints":{"allow":["GET"]}}],"collection":[{"href":"https:\/\/www.eldigitaldeasturias.com\/noticias\/wp-json\/wp\/v2\/posts"}],"about":[{"href":"https:\/\/www.eldigitaldeasturias.com\/noticias\/wp-json\/wp\/v2\/types\/post"}],"author":[{"embeddable":true,"href":"https:\/\/www.eldigitaldeasturias.com\/noticias\/wp-json\/wp\/v2\/users\/1"}],"replies":[{"embeddable":true,"href":"https:\/\/www.eldigitaldeasturias.com\/noticias\/wp-json\/wp\/v2\/comments?post=971589"}],"version-history":[{"count":0,"href":"https:\/\/www.eldigitaldeasturias.com\/noticias\/wp-json\/wp\/v2\/posts\/971589\/revisions"}],"wp:attachment":[{"href":"https:\/\/www.eldigitaldeasturias.com\/noticias\/wp-json\/wp\/v2\/media?parent=971589"}],"wp:term":[{"taxonomy":"category","embeddable":true,"href":"https:\/\/www.eldigitaldeasturias.com\/noticias\/wp-json\/wp\/v2\/categories?post=971589"},{"taxonomy":"post_tag","embeddable":true,"href":"https:\/\/www.eldigitaldeasturias.com\/noticias\/wp-json\/wp\/v2\/tags?post=971589"}],"curies":[{"name":"wp","href":"https:\/\/api.w.org\/{rel}","templated":true}]}}