{"id":971528,"date":"2018-03-11T03:49:56","date_gmt":"2018-03-11T03:49:56","guid":{"rendered":"http:\/\/www.eldigitaldeasturias.com\/noticias\/?p=971528"},"modified":"2018-03-11T03:49:56","modified_gmt":"2018-03-11T03:49:56","slug":"el-independentismo-vuelve-a-las-calles","status":"publish","type":"post","link":"https:\/\/www.eldigitaldeasturias.com\/noticias\/el-independentismo-vuelve-a-las-calles\/","title":{"rendered":"El independentismo vuelve a las calles"},"content":{"rendered":"<p><img loading=\"lazy\" decoding=\"async\" class=\"alignleft size-medium wp-image-971529\" src=\"https:\/\/www.eldigitaldeasturias.com\/noticias\/wp-content\/uploads\/2018\/03\/independence-of-catalonia-2907992_1280-360x239.jpg\" alt=\"\" width=\"360\" height=\"239\" \/>Barcelona, 10 mar (dpa) &#8211; Sectores independentistas se manifestar\u00e1n ma\u00f1ana en Barcelona en reclamo de una \u00abrep\u00fablica catalana\u00bb y en protesta contra las medidas judiciales que obligaron a posponer una vez m\u00e1s la sesi\u00f3n de investidura en el Parlamento de la regi\u00f3n, que sigue sin formar Gobierno desde las elecciones del 21 de diciembre.<\/p>\n<p>La manifestaci\u00f3n convocada por la poderosa entidad civil Asamblea Nacional Catalana (ANC) es la primera gran movilizaci\u00f3n soberanista en meses y viene precedida por la decisi\u00f3n del Tribunal Supremo espa\u00f1ol de dejar en prisi\u00f3n a Jordi S\u00e0nchez, candidato del soberanismo a ser elegido como nuevo presidente regional el lunes.<\/p>\n<p>S\u00e0nchez, ex l\u00edder de la ANC y \u00abn\u00famero dos\u00bb en la lista de la plataforma Junts per Catalunya (JxCat) del ex presidente Carles Puigdemont, lleva cinco meses en prisi\u00f3n preventiva investigado por delitos vinculados al plan independentista, pese a lo cual los soberanistas lo eligieron como candidato a presidir el \u00abGovern\u00bb.<\/p>\n<p>La decisi\u00f3n del juez del Supremo de impedir su salida de prisi\u00f3n el viernes para asistir a la investidura el lunes 12 oblig\u00f3 al independentismo a suspender esa sesi\u00f3n por segunda vez, despu\u00e9s de que ya ocurriera lo mismo en enero con el propio Puigdemont, que se encuentra en Bruselas desde que fue destituido a fines de octubre.<\/p>\n<p>\u00ab\u00bfEs m\u00e1s importante un juez que dos millones de catalanes?\u00bb, critic\u00f3 hoy Puigdemont por teleconferencia en un acto de JxCat aludiendo a los votos que obtuvo su lista en las elecciones de diciembre. \u00ab\u00bfPor qu\u00e9 un juez, que no ha votado nadie, puede decidir que Jordi S\u00e0nchez no pueda ser investido por el Parlament elegido democr\u00e1ticamente?\u00bb.<\/p>\n<p>Los independentistas presentar\u00e1n el lunes a primera hora un recurso ante el Tribunal Europeo de Derechos Humanos (TEDH) en Estrasburgo contra la medida del juez. Hasta conocer su respuesta suspendieron \u00absine die\u00bb la sesi\u00f3n de investidura que hab\u00edan convocado para ese d\u00eda.<\/p>\n<p>Buscar\u00e1n tambi\u00e9n enviar una se\u00f1al de unidad y fuerza en la calle con la marcha de ma\u00f1ana en Barcelona, convocada para \u00abexigir formar Gobierno y desplegar la Rep\u00fablica\u00bb. Como Puigdemont, el vicejefe de la ANC, August\u00ed Alcoberro, apoy\u00f3 hoy llevar el tema de S\u00e0nchez al TEDH \u00abpara poder tirar hacia adelante el pleno de la investidura\u00bb.<\/p>\n<p>El plan independentista que el a\u00f1o pasado abri\u00f3 una crisis institucional sin precedentes en Espa\u00f1a culmin\u00f3 el 27 de octubre cuando el Parlamento catal\u00e1n aprob\u00f3 crear una rep\u00fablica. El Gobierno central de Mariano Rajoy destituy\u00f3 en respuesta al Ejecutivo de Puigdemont y convoc\u00f3 los comicios del 21 de diciembre.<\/p>\n<p>El independentismo repiti\u00f3 su mayor\u00eda absoluta en las elecciones, pero varios meses despu\u00e9s sigue sin formar Gobierno por sus diferencias internas y por la situaci\u00f3n de Puigdemont, que ser\u00eda detenido si vuelve a Espa\u00f1a, y ahora la de S\u00e0nchez, recluido en una prisi\u00f3n de Madrid.<\/p>\n<p>Entre tanto Clara Ponsat\u00ed, una de las ex consejeras (ministros regionales) que se trasladaron con Puigdemont a Bruselas tras su destituci\u00f3n, anunci\u00f3 hoy que dej\u00f3 B\u00e9lgica para reincorporarse a la Universidad de Saint Andrews, Escocia. \u00abEl exilio catal\u00e1n llega al Reino Unido\u00bb, escribi\u00f3 en su cuenta de Twitter.<\/p>\n<p>Su viaje amenaza con abrir un nuevo frente judicial en la crisis catalana: el Tribunal Supremo espa\u00f1ol podr\u00eda reactivar una orden de detenci\u00f3n europea que hab\u00eda presentado contra Puigdemont (y los ex consejeros que se encontraban con \u00e9l en Bruselas) y que luego retir\u00f3, lo que llevar\u00eda el caso de Ponsat\u00ed a la Justicia brit\u00e1nica.<\/p>\n","protected":false},"excerpt":{"rendered":"<p>Barcelona, 10 mar (dpa) &#8211; Sectores independentistas se manifestar\u00e1n ma\u00f1ana en Barcelona en reclamo de una \u00abrep\u00fablica catalana\u00bb y en protesta contra las medidas judiciales que obligaron a posponer una vez m\u00e1s la sesi\u00f3n de investidura en el Parlamento de la regi\u00f3n, que sigue sin formar Gobierno desde las elecciones del 21 de diciembre. La [&hellip;]<\/p>\n","protected":false},"author":1,"featured_media":971529,"comment_status":"closed","ping_status":"closed","sticky":false,"template":"","format":"standard","meta":{"footnotes":""},"categories":[1],"tags":[],"class_list":["post-971528","post","type-post","status-publish","format-standard","has-post-thumbnail","hentry","category-actualidad"],"aioseo_notices":[],"aioseo_head":"\n\t\t<!-- All in One SEO Pro 5.0.1 - aioseo.com -->\n\t<meta name=\"description\" content=\"Barcelona, 10 mar (dpa) - Sectores independentistas se manifestar\u00e1n ma\u00f1ana en Barcelona en reclamo de una &quot;rep\u00fablica catalana&quot; y en protesta contra las medidas judiciales que obligaron a posponer una vez m\u00e1s la sesi\u00f3n de investidura en el Parlamento de la regi\u00f3n, que sigue sin formar Gobierno desde las elecciones del 21 de diciembre. La\" \/>\n\t<meta name=\"robots\" content=\"max-image-preview:large\" \/>\n\t<meta name=\"author\" content=\"El Digital de Asturias\"\/>\n\t<meta name=\"google-site-verification\" content=\"UA-38556648-1\" \/>\n\t<meta name=\"msvalidate.01\" content=\"7dfe9f3f1b24437ab69f4f2559babe99\" \/>\n\t<meta name=\"keywords\" content=\"actualidad\" \/>\n\t<link rel=\"canonical\" href=\"https:\/\/www.eldigitaldeasturias.com\/noticias\/el-independentismo-vuelve-a-las-calles\/\" \/>\n\t<meta name=\"generator\" content=\"All in One SEO Pro (AIOSEO) 5.0.1\" \/>\n\t\t<meta property=\"og:locale\" content=\"es_ES\" \/>\n\t\t<meta property=\"og:site_name\" content=\"El Digital de Asturias\" \/>\n\t\t<meta property=\"og:type\" content=\"article\" \/>\n\t\t<meta property=\"og:title\" content=\"El independentismo vuelve a las calles - El Digital de Asturias\" \/>\n\t\t<meta property=\"og:description\" content=\"Barcelona, 10 mar (dpa) - Sectores independentistas se manifestar\u00e1n ma\u00f1ana en Barcelona en reclamo de una &quot;rep\u00fablica catalana&quot; y en protesta contra las medidas judiciales que obligaron a posponer una vez m\u00e1s la sesi\u00f3n de investidura en el Parlamento de la regi\u00f3n, que sigue sin formar Gobierno desde las elecciones del 21 de diciembre. La\" \/>\n\t\t<meta property=\"og:url\" content=\"https:\/\/www.eldigitaldeasturias.com\/noticias\/el-independentismo-vuelve-a-las-calles\/\" \/>\n\t\t<meta property=\"article:tag\" content=\"actualidad\" \/>\n\t\t<meta property=\"article:published_time\" content=\"2018-03-11T03:49:56+00:00\" \/>\n\t\t<meta property=\"article:modified_time\" content=\"2018-03-11T03:49:56+00:00\" \/>\n\t\t<meta property=\"article:publisher\" content=\"https:\/\/facebook.com\/eldigitaldeasturias\" \/>\n\t\t<meta name=\"twitter:card\" content=\"summary_large_image\" \/>\n\t\t<meta name=\"twitter:title\" content=\"El independentismo vuelve a las calles - El Digital de Asturias\" \/>\n\t\t<meta name=\"twitter:description\" content=\"Barcelona, 10 mar (dpa) - Sectores independentistas se manifestar\u00e1n ma\u00f1ana en Barcelona en reclamo de una &quot;rep\u00fablica catalana&quot; y en protesta contra las medidas judiciales que obligaron a posponer una vez m\u00e1s la sesi\u00f3n de investidura en el Parlamento de la regi\u00f3n, que sigue sin formar Gobierno desde las elecciones del 21 de diciembre. La\" \/>\n\t\t<meta name=\"twitter:image\" content=\"https:\/\/www.eldigitaldeasturias.com\/noticias\/wp-content\/uploads\/2020\/12\/EDA-1.jpg\" \/>\n\t\t<meta name=\"twitter:label1\" content=\"Escrito por\" \/>\n\t\t<meta name=\"twitter:data1\" content=\"El Digital de Asturias\" \/>\n\t\t<meta name=\"twitter:label2\" content=\"Tiempo de lectura estimado\" \/>\n\t\t<meta name=\"twitter:data2\" content=\"3 minutos\" \/>\n\t\t<script type=\"application\/ld+json\" class=\"aioseo-schema\">\n\t\t\t{\"@context\":\"https:\\\/\\\/schema.org\",\"@graph\":[{\"@type\":\"BlogPosting\",\"@id\":\"https:\\\/\\\/www.eldigitaldeasturias.com\\\/noticias\\\/el-independentismo-vuelve-a-las-calles\\\/#blogposting\",\"name\":\"El independentismo vuelve a las calles - El Digital de Asturias\",\"headline\":\"El independentismo vuelve a las calles\",\"author\":{\"@id\":\"https:\\\/\\\/www.eldigitaldeasturias.com\\\/noticias\\\/author\\\/admin\\\/#author\"},\"publisher\":{\"@id\":\"https:\\\/\\\/www.eldigitaldeasturias.com\\\/noticias\\\/#organization\"},\"image\":{\"@type\":\"ImageObject\",\"url\":971529},\"datePublished\":\"2018-03-11T03:49:56+01:00\",\"dateModified\":\"2018-03-11T03:49:56+01:00\",\"inLanguage\":\"es-ES\",\"mainEntityOfPage\":{\"@id\":\"https:\\\/\\\/www.eldigitaldeasturias.com\\\/noticias\\\/el-independentismo-vuelve-a-las-calles\\\/#webpage\"},\"isPartOf\":{\"@id\":\"https:\\\/\\\/www.eldigitaldeasturias.com\\\/noticias\\\/el-independentismo-vuelve-a-las-calles\\\/#webpage\"},\"articleSection\":\"Actualidad\"},{\"@type\":\"BreadcrumbList\",\"@id\":\"https:\\\/\\\/www.eldigitaldeasturias.com\\\/noticias\\\/el-independentismo-vuelve-a-las-calles\\\/#breadcrumblist\",\"itemListElement\":[{\"@type\":\"ListItem\",\"@id\":\"https:\\\/\\\/www.eldigitaldeasturias.com\\\/noticias#listItem\",\"position\":1,\"name\":\"Home\",\"item\":\"https:\\\/\\\/www.eldigitaldeasturias.com\\\/noticias\",\"nextItem\":{\"@type\":\"ListItem\",\"@id\":\"https:\\\/\\\/www.eldigitaldeasturias.com\\\/noticias\\\/category\\\/actualidad\\\/#listItem\",\"name\":\"Actualidad\"}},{\"@type\":\"ListItem\",\"@id\":\"https:\\\/\\\/www.eldigitaldeasturias.com\\\/noticias\\\/category\\\/actualidad\\\/#listItem\",\"position\":2,\"name\":\"Actualidad\",\"item\":\"https:\\\/\\\/www.eldigitaldeasturias.com\\\/noticias\\\/category\\\/actualidad\\\/\",\"nextItem\":{\"@type\":\"ListItem\",\"@id\":\"https:\\\/\\\/www.eldigitaldeasturias.com\\\/noticias\\\/el-independentismo-vuelve-a-las-calles\\\/#listItem\",\"name\":\"El independentismo vuelve a las calles\"},\"previousItem\":{\"@type\":\"ListItem\",\"@id\":\"https:\\\/\\\/www.eldigitaldeasturias.com\\\/noticias#listItem\",\"name\":\"Home\"}},{\"@type\":\"ListItem\",\"@id\":\"https:\\\/\\\/www.eldigitaldeasturias.com\\\/noticias\\\/el-independentismo-vuelve-a-las-calles\\\/#listItem\",\"position\":3,\"name\":\"El independentismo vuelve a las calles\",\"previousItem\":{\"@type\":\"ListItem\",\"@id\":\"https:\\\/\\\/www.eldigitaldeasturias.com\\\/noticias\\\/category\\\/actualidad\\\/#listItem\",\"name\":\"Actualidad\"}}]},{\"@type\":\"Organization\",\"@id\":\"https:\\\/\\\/www.eldigitaldeasturias.com\\\/noticias\\\/#organization\",\"name\":\"El Digital de Asturias\",\"description\":\"Hemeroteca\",\"url\":\"https:\\\/\\\/www.eldigitaldeasturias.com\\\/noticias\\\/\",\"email\":\"info@eldigitaldeasturias.com\",\"telephone\":\"+34652131393\",\"logo\":{\"@type\":\"ImageObject\",\"url\":\"https:\\\/\\\/www.eldigitaldeasturias.com\\\/noticias\\\/wp-content\\\/uploads\\\/2020\\\/12\\\/EDA.jpg\",\"@id\":\"https:\\\/\\\/www.eldigitaldeasturias.com\\\/noticias\\\/el-independentismo-vuelve-a-las-calles\\\/#organizationLogo\"},\"image\":{\"@id\":\"https:\\\/\\\/www.eldigitaldeasturias.com\\\/noticias\\\/el-independentismo-vuelve-a-las-calles\\\/#organizationLogo\"},\"sameAs\":[\"https:\\\/\\\/facebook.com\\\/eldigitaldeasturias\",\"https:\\\/\\\/www.youtube.com\\\/channel\\\/UCZP-2wLEB9Rv6erhFmqVnvg\"],\"address\":{\"@id\":\"https:\\\/\\\/www.eldigitaldeasturias.com\\\/noticias\\\/#postaladdress\",\"@type\":\"PostalAddress\",\"streetAddress\":\"san antonio 4\",\"postalCode\":\"33430\",\"addressLocality\":\"Cand\\u00e1s\",\"addressRegion\":\"Asturias\",\"addressCountry\":\"ES\"}},{\"@type\":\"Person\",\"@id\":\"https:\\\/\\\/www.eldigitaldeasturias.com\\\/noticias\\\/author\\\/admin\\\/#author\",\"url\":\"https:\\\/\\\/www.eldigitaldeasturias.com\\\/noticias\\\/author\\\/admin\\\/\",\"name\":\"El Digital de Asturias\",\"image\":{\"@type\":\"ImageObject\",\"@id\":\"https:\\\/\\\/www.eldigitaldeasturias.com\\\/noticias\\\/el-independentismo-vuelve-a-las-calles\\\/#authorImage\",\"url\":\"https:\\\/\\\/secure.gravatar.com\\\/avatar\\\/df2aeffc32bcd13f8d26072ef8a91b623d677766deac7f97ca815868cd41bf5e?s=96&d=mm&r=g\",\"width\":96,\"height\":96,\"caption\":\"El Digital de Asturias\"}},{\"@type\":\"WebPage\",\"@id\":\"https:\\\/\\\/www.eldigitaldeasturias.com\\\/noticias\\\/el-independentismo-vuelve-a-las-calles\\\/#webpage\",\"url\":\"https:\\\/\\\/www.eldigitaldeasturias.com\\\/noticias\\\/el-independentismo-vuelve-a-las-calles\\\/\",\"name\":\"El independentismo vuelve a las calles - El Digital de Asturias\",\"description\":\"Barcelona, 10 mar (dpa) - Sectores independentistas se manifestar\\u00e1n ma\\u00f1ana en Barcelona en reclamo de una \\\"rep\\u00fablica catalana\\\" y en protesta contra las medidas judiciales que obligaron a posponer una vez m\\u00e1s la sesi\\u00f3n de investidura en el Parlamento de la regi\\u00f3n, que sigue sin formar Gobierno desde las elecciones del 21 de diciembre. La\",\"inLanguage\":\"es-ES\",\"isPartOf\":{\"@id\":\"https:\\\/\\\/www.eldigitaldeasturias.com\\\/noticias\\\/#website\"},\"breadcrumb\":{\"@id\":\"https:\\\/\\\/www.eldigitaldeasturias.com\\\/noticias\\\/el-independentismo-vuelve-a-las-calles\\\/#breadcrumblist\"},\"author\":{\"@id\":\"https:\\\/\\\/www.eldigitaldeasturias.com\\\/noticias\\\/author\\\/admin\\\/#author\"},\"creator\":{\"@id\":\"https:\\\/\\\/www.eldigitaldeasturias.com\\\/noticias\\\/author\\\/admin\\\/#author\"},\"image\":{\"@type\":\"ImageObject\",\"url\":971529,\"@id\":\"https:\\\/\\\/www.eldigitaldeasturias.com\\\/noticias\\\/el-independentismo-vuelve-a-las-calles\\\/#mainImage\"},\"primaryImageOfPage\":{\"@id\":\"https:\\\/\\\/www.eldigitaldeasturias.com\\\/noticias\\\/el-independentismo-vuelve-a-las-calles\\\/#mainImage\"},\"datePublished\":\"2018-03-11T03:49:56+01:00\",\"dateModified\":\"2018-03-11T03:49:56+01:00\"},{\"@type\":\"WebSite\",\"@id\":\"https:\\\/\\\/www.eldigitaldeasturias.com\\\/noticias\\\/#website\",\"url\":\"https:\\\/\\\/www.eldigitaldeasturias.com\\\/noticias\\\/\",\"name\":\"El Digital de Asturias - Diario de actualidad y noticias\",\"alternateName\":\"El Digital de Asturias - Diario de actualidad y noticias\",\"description\":\"Hemeroteca\",\"inLanguage\":\"es-ES\",\"publisher\":{\"@id\":\"https:\\\/\\\/www.eldigitaldeasturias.com\\\/noticias\\\/#organization\"}}]}\n\t\t<\/script>\n\t\t<!-- All in One SEO Pro -->\r\n\t\t<title>El independentismo vuelve a las calles - El Digital de Asturias<\/title>\n\n","aioseo_head_json":{"title":"El independentismo vuelve a las calles - El Digital de Asturias","description":"Barcelona, 10 mar (dpa) - Sectores independentistas se manifestar\u00e1n ma\u00f1ana en Barcelona en reclamo de una \"rep\u00fablica catalana\" y en protesta contra las medidas judiciales que obligaron a posponer una vez m\u00e1s la sesi\u00f3n de investidura en el Parlamento de la regi\u00f3n, que sigue sin formar Gobierno desde las elecciones del 21 de diciembre. La","canonical_url":"https:\/\/www.eldigitaldeasturias.com\/noticias\/el-independentismo-vuelve-a-las-calles\/","robots":"max-image-preview:large","keywords":"actualidad","webmasterTools":{"google-site-verification":"UA-38556648-1","msvalidate.01":"7dfe9f3f1b24437ab69f4f2559babe99","miscellaneous":""},"schema":{"@context":"https:\/\/schema.org","@graph":[{"@type":"BlogPosting","@id":"https:\/\/www.eldigitaldeasturias.com\/noticias\/el-independentismo-vuelve-a-las-calles\/#blogposting","name":"El independentismo vuelve a las calles - El Digital de Asturias","headline":"El independentismo vuelve a las calles","author":{"@id":"https:\/\/www.eldigitaldeasturias.com\/noticias\/author\/admin\/#author"},"publisher":{"@id":"https:\/\/www.eldigitaldeasturias.com\/noticias\/#organization"},"image":{"@type":"ImageObject","url":971529},"datePublished":"2018-03-11T03:49:56+01:00","dateModified":"2018-03-11T03:49:56+01:00","inLanguage":"es-ES","mainEntityOfPage":{"@id":"https:\/\/www.eldigitaldeasturias.com\/noticias\/el-independentismo-vuelve-a-las-calles\/#webpage"},"isPartOf":{"@id":"https:\/\/www.eldigitaldeasturias.com\/noticias\/el-independentismo-vuelve-a-las-calles\/#webpage"},"articleSection":"Actualidad"},{"@type":"BreadcrumbList","@id":"https:\/\/www.eldigitaldeasturias.com\/noticias\/el-independentismo-vuelve-a-las-calles\/#breadcrumblist","itemListElement":[{"@type":"ListItem","@id":"https:\/\/www.eldigitaldeasturias.com\/noticias#listItem","position":1,"name":"Home","item":"https:\/\/www.eldigitaldeasturias.com\/noticias","nextItem":{"@type":"ListItem","@id":"https:\/\/www.eldigitaldeasturias.com\/noticias\/category\/actualidad\/#listItem","name":"Actualidad"}},{"@type":"ListItem","@id":"https:\/\/www.eldigitaldeasturias.com\/noticias\/category\/actualidad\/#listItem","position":2,"name":"Actualidad","item":"https:\/\/www.eldigitaldeasturias.com\/noticias\/category\/actualidad\/","nextItem":{"@type":"ListItem","@id":"https:\/\/www.eldigitaldeasturias.com\/noticias\/el-independentismo-vuelve-a-las-calles\/#listItem","name":"El independentismo vuelve a las calles"},"previousItem":{"@type":"ListItem","@id":"https:\/\/www.eldigitaldeasturias.com\/noticias#listItem","name":"Home"}},{"@type":"ListItem","@id":"https:\/\/www.eldigitaldeasturias.com\/noticias\/el-independentismo-vuelve-a-las-calles\/#listItem","position":3,"name":"El independentismo vuelve a las calles","previousItem":{"@type":"ListItem","@id":"https:\/\/www.eldigitaldeasturias.com\/noticias\/category\/actualidad\/#listItem","name":"Actualidad"}}]},{"@type":"Organization","@id":"https:\/\/www.eldigitaldeasturias.com\/noticias\/#organization","name":"El Digital de Asturias","description":"Hemeroteca","url":"https:\/\/www.eldigitaldeasturias.com\/noticias\/","email":"info@eldigitaldeasturias.com","telephone":"+34652131393","logo":{"@type":"ImageObject","url":"https:\/\/www.eldigitaldeasturias.com\/noticias\/wp-content\/uploads\/2020\/12\/EDA.jpg","@id":"https:\/\/www.eldigitaldeasturias.com\/noticias\/el-independentismo-vuelve-a-las-calles\/#organizationLogo"},"image":{"@id":"https:\/\/www.eldigitaldeasturias.com\/noticias\/el-independentismo-vuelve-a-las-calles\/#organizationLogo"},"sameAs":["https:\/\/facebook.com\/eldigitaldeasturias","https:\/\/www.youtube.com\/channel\/UCZP-2wLEB9Rv6erhFmqVnvg"],"address":{"@id":"https:\/\/www.eldigitaldeasturias.com\/noticias\/#postaladdress","@type":"PostalAddress","streetAddress":"san antonio 4","postalCode":"33430","addressLocality":"Cand\u00e1s","addressRegion":"Asturias","addressCountry":"ES"}},{"@type":"Person","@id":"https:\/\/www.eldigitaldeasturias.com\/noticias\/author\/admin\/#author","url":"https:\/\/www.eldigitaldeasturias.com\/noticias\/author\/admin\/","name":"El Digital de Asturias","image":{"@type":"ImageObject","@id":"https:\/\/www.eldigitaldeasturias.com\/noticias\/el-independentismo-vuelve-a-las-calles\/#authorImage","url":"https:\/\/secure.gravatar.com\/avatar\/df2aeffc32bcd13f8d26072ef8a91b623d677766deac7f97ca815868cd41bf5e?s=96&d=mm&r=g","width":96,"height":96,"caption":"El Digital de Asturias"}},{"@type":"WebPage","@id":"https:\/\/www.eldigitaldeasturias.com\/noticias\/el-independentismo-vuelve-a-las-calles\/#webpage","url":"https:\/\/www.eldigitaldeasturias.com\/noticias\/el-independentismo-vuelve-a-las-calles\/","name":"El independentismo vuelve a las calles - El Digital de Asturias","description":"Barcelona, 10 mar (dpa) - Sectores independentistas se manifestar\u00e1n ma\u00f1ana en Barcelona en reclamo de una \"rep\u00fablica catalana\" y en protesta contra las medidas judiciales que obligaron a posponer una vez m\u00e1s la sesi\u00f3n de investidura en el Parlamento de la regi\u00f3n, que sigue sin formar Gobierno desde las elecciones del 21 de diciembre. La","inLanguage":"es-ES","isPartOf":{"@id":"https:\/\/www.eldigitaldeasturias.com\/noticias\/#website"},"breadcrumb":{"@id":"https:\/\/www.eldigitaldeasturias.com\/noticias\/el-independentismo-vuelve-a-las-calles\/#breadcrumblist"},"author":{"@id":"https:\/\/www.eldigitaldeasturias.com\/noticias\/author\/admin\/#author"},"creator":{"@id":"https:\/\/www.eldigitaldeasturias.com\/noticias\/author\/admin\/#author"},"image":{"@type":"ImageObject","url":971529,"@id":"https:\/\/www.eldigitaldeasturias.com\/noticias\/el-independentismo-vuelve-a-las-calles\/#mainImage"},"primaryImageOfPage":{"@id":"https:\/\/www.eldigitaldeasturias.com\/noticias\/el-independentismo-vuelve-a-las-calles\/#mainImage"},"datePublished":"2018-03-11T03:49:56+01:00","dateModified":"2018-03-11T03:49:56+01:00"},{"@type":"WebSite","@id":"https:\/\/www.eldigitaldeasturias.com\/noticias\/#website","url":"https:\/\/www.eldigitaldeasturias.com\/noticias\/","name":"El Digital de Asturias - Diario de actualidad y noticias","alternateName":"El Digital de Asturias - Diario de actualidad y noticias","description":"Hemeroteca","inLanguage":"es-ES","publisher":{"@id":"https:\/\/www.eldigitaldeasturias.com\/noticias\/#organization"}}]},"og:locale":"es_ES","og:site_name":"El Digital de Asturias","og:type":"article","og:title":"El independentismo vuelve a las calles - El Digital de Asturias","og:description":"Barcelona, 10 mar (dpa) - Sectores independentistas se manifestar\u00e1n ma\u00f1ana en Barcelona en reclamo de una &quot;rep\u00fablica catalana&quot; y en protesta contra las medidas judiciales que obligaron a posponer una vez m\u00e1s la sesi\u00f3n de investidura en el Parlamento de la regi\u00f3n, que sigue sin formar Gobierno desde las elecciones del 21 de diciembre. La","og:url":"https:\/\/www.eldigitaldeasturias.com\/noticias\/el-independentismo-vuelve-a-las-calles\/","article:tag":["actualidad"],"article:published_time":"2018-03-11T03:49:56+00:00","article:modified_time":"2018-03-11T03:49:56+00:00","article:publisher":"https:\/\/facebook.com\/eldigitaldeasturias","twitter:card":"summary_large_image","twitter:title":"El independentismo vuelve a las calles - El Digital de Asturias","twitter:description":"Barcelona, 10 mar (dpa) - Sectores independentistas se manifestar\u00e1n ma\u00f1ana en Barcelona en reclamo de una &quot;rep\u00fablica catalana&quot; y en protesta contra las medidas judiciales que obligaron a posponer una vez m\u00e1s la sesi\u00f3n de investidura en el Parlamento de la regi\u00f3n, que sigue sin formar Gobierno desde las elecciones del 21 de diciembre. La","twitter:image":"https:\/\/www.eldigitaldeasturias.com\/noticias\/wp-content\/uploads\/2020\/12\/EDA-1.jpg","twitter:label1":"Escrito por","twitter:data1":"El Digital de Asturias","twitter:label2":"Tiempo de lectura estimado","twitter:data2":"3 minutos"},"aioseo_meta_data":{"post_id":"971528","title":null,"description":null,"keywords":null,"keyphrases":null,"primary_term":null,"canonical_url":null,"og_title":null,"og_description":null,"og_object_type":"default","og_image_type":"default","og_image_url":null,"og_image_width":null,"og_image_height":null,"og_image_custom_url":null,"og_image_custom_fields":null,"og_video":null,"og_custom_url":null,"og_article_section":null,"og_article_tags":null,"twitter_use_og":false,"twitter_card":"default","twitter_image_type":"default","twitter_image_url":null,"twitter_image_custom_url":null,"twitter_image_custom_fields":null,"twitter_title":null,"twitter_description":null,"schema":{"blockGraphs":[],"customGraphs":[],"default":{"data":{"Article":[],"Course":[],"Dataset":[],"FAQPage":[],"Movie":[],"Person":[],"Product":[],"ProductReview":[],"Car":[],"Recipe":[],"Service":[],"SoftwareApplication":[],"WebPage":[]},"graphName":"","isEnabled":true},"graphs":[],"defaultGraph":"","defaultPostTypeGraph":""},"schema_type":null,"schema_type_options":null,"pillar_content":false,"robots_default":true,"robots_noindex":false,"robots_noarchive":false,"robots_nosnippet":false,"robots_nofollow":false,"robots_noimageindex":false,"robots_noodp":false,"robots_notranslate":false,"robots_max_snippet":null,"robots_max_videopreview":null,"robots_max_imagepreview":"large","priority":null,"frequency":null,"local_seo":null,"seo_analyzer_scan_date":"2025-10-07 09:30:03","breadcrumb_settings":null,"limit_modified_date":false,"open_ai":null,"ai":null,"created":"2020-12-21 12:21:38","updated":"2025-10-07 09:30:03","focus_keyword":null,"additional_keywords":null,"truseo_locale":null},"aioseo_breadcrumb":"<div class=\"aioseo-breadcrumbs\"><span class=\"aioseo-breadcrumb\">\n\t<a href=\"https:\/\/www.eldigitaldeasturias.com\/noticias\" title=\"Home\">Home<\/a>\n<\/span><span class=\"aioseo-breadcrumb-separator\">\u2013<\/span><span class=\"aioseo-breadcrumb\">\n\t<a href=\"https:\/\/www.eldigitaldeasturias.com\/noticias\/category\/actualidad\/\" title=\"Actualidad\">Actualidad<\/a>\n<\/span><span class=\"aioseo-breadcrumb-separator\">\u2013<\/span><span class=\"aioseo-breadcrumb\">\n\t<a href=\"https:\/\/www.eldigitaldeasturias.com\/noticias\/el-independentismo-vuelve-a-las-calles\/\" title=\"El independentismo vuelve a las calles\">El independentismo vuelve a las calles<\/a>\n<\/span><\/div>","aioseo_breadcrumb_json":[{"label":"Home","link":"https:\/\/www.eldigitaldeasturias.com\/noticias"},{"label":"Actualidad","link":"https:\/\/www.eldigitaldeasturias.com\/noticias\/category\/actualidad\/"},{"label":"El independentismo vuelve a las calles","link":"https:\/\/www.eldigitaldeasturias.com\/noticias\/el-independentismo-vuelve-a-las-calles\/"}],"_links":{"self":[{"href":"https:\/\/www.eldigitaldeasturias.com\/noticias\/wp-json\/wp\/v2\/posts\/971528","targetHints":{"allow":["GET"]}}],"collection":[{"href":"https:\/\/www.eldigitaldeasturias.com\/noticias\/wp-json\/wp\/v2\/posts"}],"about":[{"href":"https:\/\/www.eldigitaldeasturias.com\/noticias\/wp-json\/wp\/v2\/types\/post"}],"author":[{"embeddable":true,"href":"https:\/\/www.eldigitaldeasturias.com\/noticias\/wp-json\/wp\/v2\/users\/1"}],"replies":[{"embeddable":true,"href":"https:\/\/www.eldigitaldeasturias.com\/noticias\/wp-json\/wp\/v2\/comments?post=971528"}],"version-history":[{"count":0,"href":"https:\/\/www.eldigitaldeasturias.com\/noticias\/wp-json\/wp\/v2\/posts\/971528\/revisions"}],"wp:attachment":[{"href":"https:\/\/www.eldigitaldeasturias.com\/noticias\/wp-json\/wp\/v2\/media?parent=971528"}],"wp:term":[{"taxonomy":"category","embeddable":true,"href":"https:\/\/www.eldigitaldeasturias.com\/noticias\/wp-json\/wp\/v2\/categories?post=971528"},{"taxonomy":"post_tag","embeddable":true,"href":"https:\/\/www.eldigitaldeasturias.com\/noticias\/wp-json\/wp\/v2\/tags?post=971528"}],"curies":[{"name":"wp","href":"https:\/\/api.w.org\/{rel}","templated":true}]}}