{"id":971515,"date":"2018-03-11T03:11:22","date_gmt":"2018-03-11T03:11:22","guid":{"rendered":"http:\/\/www.eldigitaldeasturias.com\/noticias\/?p=971515"},"modified":"2018-03-11T03:11:22","modified_gmt":"2018-03-11T03:11:22","slug":"de-combatientes-a-guardabosques-turismo-colombiano-apuesta-por-la-paz","status":"publish","type":"post","link":"https:\/\/www.eldigitaldeasturias.com\/noticias\/de-combatientes-a-guardabosques-turismo-colombiano-apuesta-por-la-paz\/","title":{"rendered":"De combatientes a guardabosques: Turismo colombiano apuesta por la paz"},"content":{"rendered":"<p><img loading=\"lazy\" decoding=\"async\" class=\"alignleft size-medium wp-image-971516\" src=\"https:\/\/www.eldigitaldeasturias.com\/noticias\/wp-content\/uploads\/2018\/03\/jungle-208429_1280-360x241.jpg\" alt=\"\" width=\"360\" height=\"241\" \/>Berl\u00edn, 10 mar (dpa) &#8211; Colombia apuesta al sector tur\u00edstico para consolidar la paz a trav\u00e9s de la reconversi\u00f3n econ\u00f3mica de aquellos territorios que en el pasado fueron golpeados por la violencia, afirm\u00f3 en entrevista con dpa la viceministra de Turismo del pa\u00eds, Sandra Howard Taylor, durante la feria ITB que tiene lugar en Berl\u00edn.<\/p>\n<p>El programa \u00abTurismo, paz y convivencia\u00bb fue una iniciativa lanzada por el Gobierno colombiano en el a\u00f1o 2013 en cuatro peque\u00f1as comunidades: Ciudad Perdida, Sierra de La Macarena, Golfo Urab\u00e1 \u2013 Dari\u00e9n y Valle de Sibundoy y Mocoa. Tras la firma del acuerdo de paz con las FARC a fines de 2016, la misma fue ampliada y hoy alcanza a 132 municipios.<\/p>\n<p>La utilizaci\u00f3n del turismo como herramienta para la reconversi\u00f3n econ\u00f3mica de las comunidades afectadas por la violencia armada ha posibilitado que hoy muchos de esos territorios se consoliden como territorios de paz, seg\u00fan Howard Taylor.<\/p>\n<p>\u00abFue una opci\u00f3n muy concreta para que los miembros de esas poblaciones se quedaran en las tierras que conoc\u00edan tan bien, haciendo las actividades que les eran propias, y que no se viesen obligados a emigrar hacia las ciudades\u00bb, detall\u00f3 la funcionaria.<\/p>\n<p>\u00abEl turismo les brinda la posibilidad de generar un ingreso local que se queda en esas comunidades\u00bb, agreg\u00f3. El objetivo original, seg\u00fan la ministra, fue detectar cu\u00e1les eran los territorios que ten\u00edan una vocaci\u00f3n tur\u00edstica y ayudarlos a reconstruir el tejido social, desarrollar emprendimientos y, sobre todo, darles un incentivo para que se mantengan dentro de la legalidad.<\/p>\n<p>Adem\u00e1s de colaborar con el establecimiento de una paz duradera, en muchos casos la iniciativa ha derivado en el desarrollo del turismo sostenible, ya que muchas de esas personas se han convertido en guardianes del medio ambiente.<\/p>\n<p>\u00abPersonas que antes eran taladores de bosques se han convertido en guardianes de bosques. Personas que antes brindaban alojamiento a guerrilleros, hoy ofrecen servicios hoteleros. Personas que antes trabajaban con grupos al margen de la ley ahora son, por ejemplo, gu\u00edas tur\u00edsticos en sus territorios. Y esto vale tanto para v\u00edctimas como para victimarios\u00bb, apunt\u00f3 Howard Taylor.<\/p>\n<p>La viceministra se refiri\u00f3 a su vez al crecimiento exponencial que ha significado para el sector la firma de los acuerdos de paz entre el Gobierno colombiano y la guerrilla FARC a fines del 2016 y habl\u00f3 de un cambio de la tendencia en la forma en la que el mundo ve a Colombia como destino tur\u00edstico.<\/p>\n<p>\u00abFue un cambio en el &#8216;chip&#8217; que las personas ten\u00edan sobre Colombia, y este fen\u00f3meno ya ha tenido efectos en el n\u00famero de extranjeros que llegan al pa\u00eds y en el n\u00famero de colombianos viajando y recorriendo tambi\u00e9n su territorio\u00bb, explic\u00f3 Howard Taylor.<\/p>\n<p>En efecto, el a\u00f1o 2017 registr\u00f3 un crecimiento in\u00e9dito del turismo en el pa\u00eds, con un 28 por ciento m\u00e1s de afluencia de turistas extranjeros. \u00abEsto quiere decir que Colombia est\u00e1 creciendo cuatro veces al ritmo en el que crece el turismo de la regi\u00f3n y del mundo\u00bb, afirm\u00f3. \u00abNo tenemos otra explicaci\u00f3n que el cambio en la situaci\u00f3n pol\u00edtica tras los acuerdos de paz\u00bb, agreg\u00f3.<\/p>\n<p>Dicho desarrollo del sector tur\u00edstico podr\u00eda sin embargo verse afectado por los atentados perpetrados con el grupo ELN, con el cual a\u00fan el Gobierno no ha logrado sellar un acuerdo.<\/p>\n<p>Sobre este punto, la funcionaria admiti\u00f3 que no se trata de una situaci\u00f3n deseable, pero matiz\u00f3 los efectos que podr\u00eda tener sobre el turismo: \u00abFinalmente lo que se ha demostrado es que ya no existe el estigma de la guerra frente a Colombia. La mayor\u00eda de la gente entiende que este tipo de episodios de violencia son algo aislado, que ocurre de manera localizada\u00bb.<\/p>\n<p>Lo m\u00e1s importante, destac\u00f3, es que hoy en d\u00eda las comunidades son las principales aliadas del Gobierno en materia de seguridad y en materia de acompa\u00f1amiento del turista, al que le hacen sentir que est\u00e1 en un sitio en el que es bienvenido, donde se lo recibe con calidez y donde tiene muchas cosas positivas para hacer.<\/p>\n<p>\u00abHoy en d\u00eda son estas comunidades las que m\u00e1s reclaman que estos grupos no sigan actuando en sus zonas de influencia, porque saben que ser\u00e1n las primeras perjudicadas\u00bb, concluy\u00f3.<\/p>\n<p>Colombia est\u00e1 presente en la edici\u00f3n n\u00famero 52 de la Feria Internacional de Turismo de Berl\u00edn (ITB) con un estand que combin\u00f3 sabores regionales, clases de salsa y shows musicales. Bajo el lema \u00abColombia, tierra de la sabrosura\u00bb, buscar\u00e1 seguir apuntalando al sector tur\u00edstico durante el a\u00f1o 2018.<\/p>\n<p>Por Sof\u00eda Benavides (dpa)<\/p>\n","protected":false},"excerpt":{"rendered":"<p>Berl\u00edn, 10 mar (dpa) &#8211; Colombia apuesta al sector tur\u00edstico para consolidar la paz a trav\u00e9s de la reconversi\u00f3n econ\u00f3mica de aquellos territorios que en el pasado fueron golpeados por la violencia, afirm\u00f3 en entrevista con dpa la viceministra de Turismo del pa\u00eds, Sandra Howard Taylor, durante la feria ITB que tiene lugar en Berl\u00edn. [&hellip;]<\/p>\n","protected":false},"author":1,"featured_media":971516,"comment_status":"closed","ping_status":"closed","sticky":false,"template":"","format":"standard","meta":{"footnotes":""},"categories":[1],"tags":[],"class_list":["post-971515","post","type-post","status-publish","format-standard","has-post-thumbnail","hentry","category-actualidad"],"aioseo_notices":[],"aioseo_head":"\n\t\t<!-- All in One SEO Pro 5.0.1 - aioseo.com -->\n\t<meta name=\"description\" content=\"Berl\u00edn, 10 mar (dpa) - Colombia apuesta al sector tur\u00edstico para consolidar la paz a trav\u00e9s de la reconversi\u00f3n econ\u00f3mica de aquellos territorios que en el pasado fueron golpeados por la violencia, afirm\u00f3 en entrevista con dpa la viceministra de Turismo del pa\u00eds, Sandra Howard Taylor, durante la feria ITB que tiene lugar en Berl\u00edn.\" \/>\n\t<meta name=\"robots\" content=\"max-image-preview:large\" \/>\n\t<meta name=\"author\" content=\"El Digital de Asturias\"\/>\n\t<meta name=\"google-site-verification\" content=\"UA-38556648-1\" \/>\n\t<meta name=\"msvalidate.01\" content=\"7dfe9f3f1b24437ab69f4f2559babe99\" \/>\n\t<meta name=\"keywords\" content=\"actualidad\" \/>\n\t<link rel=\"canonical\" href=\"https:\/\/www.eldigitaldeasturias.com\/noticias\/de-combatientes-a-guardabosques-turismo-colombiano-apuesta-por-la-paz\/\" \/>\n\t<meta name=\"generator\" content=\"All in One SEO Pro (AIOSEO) 5.0.1\" \/>\n\t\t<meta property=\"og:locale\" content=\"es_ES\" \/>\n\t\t<meta property=\"og:site_name\" content=\"El Digital de Asturias\" \/>\n\t\t<meta property=\"og:type\" content=\"article\" \/>\n\t\t<meta property=\"og:title\" content=\"De combatientes a guardabosques: Turismo colombiano apuesta por la paz - El Digital de Asturias\" \/>\n\t\t<meta property=\"og:description\" content=\"Berl\u00edn, 10 mar (dpa) - Colombia apuesta al sector tur\u00edstico para consolidar la paz a trav\u00e9s de la reconversi\u00f3n econ\u00f3mica de aquellos territorios que en el pasado fueron golpeados por la violencia, afirm\u00f3 en entrevista con dpa la viceministra de Turismo del pa\u00eds, Sandra Howard Taylor, durante la feria ITB que tiene lugar en Berl\u00edn.\" \/>\n\t\t<meta property=\"og:url\" content=\"https:\/\/www.eldigitaldeasturias.com\/noticias\/de-combatientes-a-guardabosques-turismo-colombiano-apuesta-por-la-paz\/\" \/>\n\t\t<meta property=\"article:tag\" content=\"actualidad\" \/>\n\t\t<meta property=\"article:published_time\" content=\"2018-03-11T03:11:22+00:00\" \/>\n\t\t<meta property=\"article:modified_time\" content=\"2018-03-11T03:11:22+00:00\" \/>\n\t\t<meta property=\"article:publisher\" content=\"https:\/\/facebook.com\/eldigitaldeasturias\" \/>\n\t\t<meta name=\"twitter:card\" content=\"summary_large_image\" \/>\n\t\t<meta name=\"twitter:title\" content=\"De combatientes a guardabosques: Turismo colombiano apuesta por la paz - El Digital de Asturias\" \/>\n\t\t<meta name=\"twitter:description\" content=\"Berl\u00edn, 10 mar (dpa) - Colombia apuesta al sector tur\u00edstico para consolidar la paz a trav\u00e9s de la reconversi\u00f3n econ\u00f3mica de aquellos territorios que en el pasado fueron golpeados por la violencia, afirm\u00f3 en entrevista con dpa la viceministra de Turismo del pa\u00eds, Sandra Howard Taylor, durante la feria ITB que tiene lugar en Berl\u00edn.\" \/>\n\t\t<meta name=\"twitter:image\" content=\"https:\/\/www.eldigitaldeasturias.com\/noticias\/wp-content\/uploads\/2020\/12\/EDA-1.jpg\" \/>\n\t\t<meta name=\"twitter:label1\" content=\"Escrito por\" \/>\n\t\t<meta name=\"twitter:data1\" content=\"El Digital de Asturias\" \/>\n\t\t<meta name=\"twitter:label2\" content=\"Tiempo de lectura estimado\" \/>\n\t\t<meta name=\"twitter:data2\" content=\"4 minutos\" \/>\n\t\t<script type=\"application\/ld+json\" class=\"aioseo-schema\">\n\t\t\t{\"@context\":\"https:\\\/\\\/schema.org\",\"@graph\":[{\"@type\":\"BlogPosting\",\"@id\":\"https:\\\/\\\/www.eldigitaldeasturias.com\\\/noticias\\\/de-combatientes-a-guardabosques-turismo-colombiano-apuesta-por-la-paz\\\/#blogposting\",\"name\":\"De combatientes a guardabosques: Turismo colombiano apuesta por la paz - El Digital de Asturias\",\"headline\":\"De combatientes a guardabosques: Turismo colombiano apuesta por la paz\",\"author\":{\"@id\":\"https:\\\/\\\/www.eldigitaldeasturias.com\\\/noticias\\\/author\\\/admin\\\/#author\"},\"publisher\":{\"@id\":\"https:\\\/\\\/www.eldigitaldeasturias.com\\\/noticias\\\/#organization\"},\"image\":{\"@type\":\"ImageObject\",\"url\":971516},\"datePublished\":\"2018-03-11T03:11:22+01:00\",\"dateModified\":\"2018-03-11T03:11:22+01:00\",\"inLanguage\":\"es-ES\",\"mainEntityOfPage\":{\"@id\":\"https:\\\/\\\/www.eldigitaldeasturias.com\\\/noticias\\\/de-combatientes-a-guardabosques-turismo-colombiano-apuesta-por-la-paz\\\/#webpage\"},\"isPartOf\":{\"@id\":\"https:\\\/\\\/www.eldigitaldeasturias.com\\\/noticias\\\/de-combatientes-a-guardabosques-turismo-colombiano-apuesta-por-la-paz\\\/#webpage\"},\"articleSection\":\"Actualidad\"},{\"@type\":\"BreadcrumbList\",\"@id\":\"https:\\\/\\\/www.eldigitaldeasturias.com\\\/noticias\\\/de-combatientes-a-guardabosques-turismo-colombiano-apuesta-por-la-paz\\\/#breadcrumblist\",\"itemListElement\":[{\"@type\":\"ListItem\",\"@id\":\"https:\\\/\\\/www.eldigitaldeasturias.com\\\/noticias#listItem\",\"position\":1,\"name\":\"Home\",\"item\":\"https:\\\/\\\/www.eldigitaldeasturias.com\\\/noticias\",\"nextItem\":{\"@type\":\"ListItem\",\"@id\":\"https:\\\/\\\/www.eldigitaldeasturias.com\\\/noticias\\\/category\\\/actualidad\\\/#listItem\",\"name\":\"Actualidad\"}},{\"@type\":\"ListItem\",\"@id\":\"https:\\\/\\\/www.eldigitaldeasturias.com\\\/noticias\\\/category\\\/actualidad\\\/#listItem\",\"position\":2,\"name\":\"Actualidad\",\"item\":\"https:\\\/\\\/www.eldigitaldeasturias.com\\\/noticias\\\/category\\\/actualidad\\\/\",\"nextItem\":{\"@type\":\"ListItem\",\"@id\":\"https:\\\/\\\/www.eldigitaldeasturias.com\\\/noticias\\\/de-combatientes-a-guardabosques-turismo-colombiano-apuesta-por-la-paz\\\/#listItem\",\"name\":\"De combatientes a guardabosques: Turismo colombiano apuesta por la paz\"},\"previousItem\":{\"@type\":\"ListItem\",\"@id\":\"https:\\\/\\\/www.eldigitaldeasturias.com\\\/noticias#listItem\",\"name\":\"Home\"}},{\"@type\":\"ListItem\",\"@id\":\"https:\\\/\\\/www.eldigitaldeasturias.com\\\/noticias\\\/de-combatientes-a-guardabosques-turismo-colombiano-apuesta-por-la-paz\\\/#listItem\",\"position\":3,\"name\":\"De combatientes a guardabosques: Turismo colombiano apuesta por la paz\",\"previousItem\":{\"@type\":\"ListItem\",\"@id\":\"https:\\\/\\\/www.eldigitaldeasturias.com\\\/noticias\\\/category\\\/actualidad\\\/#listItem\",\"name\":\"Actualidad\"}}]},{\"@type\":\"Organization\",\"@id\":\"https:\\\/\\\/www.eldigitaldeasturias.com\\\/noticias\\\/#organization\",\"name\":\"El Digital de Asturias\",\"description\":\"Hemeroteca\",\"url\":\"https:\\\/\\\/www.eldigitaldeasturias.com\\\/noticias\\\/\",\"email\":\"info@eldigitaldeasturias.com\",\"telephone\":\"+34652131393\",\"logo\":{\"@type\":\"ImageObject\",\"url\":\"https:\\\/\\\/www.eldigitaldeasturias.com\\\/noticias\\\/wp-content\\\/uploads\\\/2020\\\/12\\\/EDA.jpg\",\"@id\":\"https:\\\/\\\/www.eldigitaldeasturias.com\\\/noticias\\\/de-combatientes-a-guardabosques-turismo-colombiano-apuesta-por-la-paz\\\/#organizationLogo\"},\"image\":{\"@id\":\"https:\\\/\\\/www.eldigitaldeasturias.com\\\/noticias\\\/de-combatientes-a-guardabosques-turismo-colombiano-apuesta-por-la-paz\\\/#organizationLogo\"},\"sameAs\":[\"https:\\\/\\\/facebook.com\\\/eldigitaldeasturias\",\"https:\\\/\\\/www.youtube.com\\\/channel\\\/UCZP-2wLEB9Rv6erhFmqVnvg\"],\"address\":{\"@id\":\"https:\\\/\\\/www.eldigitaldeasturias.com\\\/noticias\\\/#postaladdress\",\"@type\":\"PostalAddress\",\"streetAddress\":\"san antonio 4\",\"postalCode\":\"33430\",\"addressLocality\":\"Cand\\u00e1s\",\"addressRegion\":\"Asturias\",\"addressCountry\":\"ES\"}},{\"@type\":\"Person\",\"@id\":\"https:\\\/\\\/www.eldigitaldeasturias.com\\\/noticias\\\/author\\\/admin\\\/#author\",\"url\":\"https:\\\/\\\/www.eldigitaldeasturias.com\\\/noticias\\\/author\\\/admin\\\/\",\"name\":\"El Digital de Asturias\",\"image\":{\"@type\":\"ImageObject\",\"@id\":\"https:\\\/\\\/www.eldigitaldeasturias.com\\\/noticias\\\/de-combatientes-a-guardabosques-turismo-colombiano-apuesta-por-la-paz\\\/#authorImage\",\"url\":\"https:\\\/\\\/secure.gravatar.com\\\/avatar\\\/df2aeffc32bcd13f8d26072ef8a91b623d677766deac7f97ca815868cd41bf5e?s=96&d=mm&r=g\",\"width\":96,\"height\":96,\"caption\":\"El Digital de Asturias\"}},{\"@type\":\"WebPage\",\"@id\":\"https:\\\/\\\/www.eldigitaldeasturias.com\\\/noticias\\\/de-combatientes-a-guardabosques-turismo-colombiano-apuesta-por-la-paz\\\/#webpage\",\"url\":\"https:\\\/\\\/www.eldigitaldeasturias.com\\\/noticias\\\/de-combatientes-a-guardabosques-turismo-colombiano-apuesta-por-la-paz\\\/\",\"name\":\"De combatientes a guardabosques: Turismo colombiano apuesta por la paz - El Digital de Asturias\",\"description\":\"Berl\\u00edn, 10 mar (dpa) - Colombia apuesta al sector tur\\u00edstico para consolidar la paz a trav\\u00e9s de la reconversi\\u00f3n econ\\u00f3mica de aquellos territorios que en el pasado fueron golpeados por la violencia, afirm\\u00f3 en entrevista con dpa la viceministra de Turismo del pa\\u00eds, Sandra Howard Taylor, durante la feria ITB que tiene lugar en Berl\\u00edn.\",\"inLanguage\":\"es-ES\",\"isPartOf\":{\"@id\":\"https:\\\/\\\/www.eldigitaldeasturias.com\\\/noticias\\\/#website\"},\"breadcrumb\":{\"@id\":\"https:\\\/\\\/www.eldigitaldeasturias.com\\\/noticias\\\/de-combatientes-a-guardabosques-turismo-colombiano-apuesta-por-la-paz\\\/#breadcrumblist\"},\"author\":{\"@id\":\"https:\\\/\\\/www.eldigitaldeasturias.com\\\/noticias\\\/author\\\/admin\\\/#author\"},\"creator\":{\"@id\":\"https:\\\/\\\/www.eldigitaldeasturias.com\\\/noticias\\\/author\\\/admin\\\/#author\"},\"image\":{\"@type\":\"ImageObject\",\"url\":971516,\"@id\":\"https:\\\/\\\/www.eldigitaldeasturias.com\\\/noticias\\\/de-combatientes-a-guardabosques-turismo-colombiano-apuesta-por-la-paz\\\/#mainImage\"},\"primaryImageOfPage\":{\"@id\":\"https:\\\/\\\/www.eldigitaldeasturias.com\\\/noticias\\\/de-combatientes-a-guardabosques-turismo-colombiano-apuesta-por-la-paz\\\/#mainImage\"},\"datePublished\":\"2018-03-11T03:11:22+01:00\",\"dateModified\":\"2018-03-11T03:11:22+01:00\"},{\"@type\":\"WebSite\",\"@id\":\"https:\\\/\\\/www.eldigitaldeasturias.com\\\/noticias\\\/#website\",\"url\":\"https:\\\/\\\/www.eldigitaldeasturias.com\\\/noticias\\\/\",\"name\":\"El Digital de Asturias - Diario de actualidad y noticias\",\"alternateName\":\"El Digital de Asturias - Diario de actualidad y noticias\",\"description\":\"Hemeroteca\",\"inLanguage\":\"es-ES\",\"publisher\":{\"@id\":\"https:\\\/\\\/www.eldigitaldeasturias.com\\\/noticias\\\/#organization\"}}]}\n\t\t<\/script>\n\t\t<!-- All in One SEO Pro -->\r\n\t\t<title>De combatientes a guardabosques: Turismo colombiano apuesta por la paz - El Digital de Asturias<\/title>\n\n","aioseo_head_json":{"title":"De combatientes a guardabosques: Turismo colombiano apuesta por la paz - El Digital de Asturias","description":"Berl\u00edn, 10 mar (dpa) - Colombia apuesta al sector tur\u00edstico para consolidar la paz a trav\u00e9s de la reconversi\u00f3n econ\u00f3mica de aquellos territorios que en el pasado fueron golpeados por la violencia, afirm\u00f3 en entrevista con dpa la viceministra de Turismo del pa\u00eds, Sandra Howard Taylor, durante la feria ITB que tiene lugar en Berl\u00edn.","canonical_url":"https:\/\/www.eldigitaldeasturias.com\/noticias\/de-combatientes-a-guardabosques-turismo-colombiano-apuesta-por-la-paz\/","robots":"max-image-preview:large","keywords":"actualidad","webmasterTools":{"google-site-verification":"UA-38556648-1","msvalidate.01":"7dfe9f3f1b24437ab69f4f2559babe99","miscellaneous":""},"schema":{"@context":"https:\/\/schema.org","@graph":[{"@type":"BlogPosting","@id":"https:\/\/www.eldigitaldeasturias.com\/noticias\/de-combatientes-a-guardabosques-turismo-colombiano-apuesta-por-la-paz\/#blogposting","name":"De combatientes a guardabosques: Turismo colombiano apuesta por la paz - El Digital de Asturias","headline":"De combatientes a guardabosques: Turismo colombiano apuesta por la paz","author":{"@id":"https:\/\/www.eldigitaldeasturias.com\/noticias\/author\/admin\/#author"},"publisher":{"@id":"https:\/\/www.eldigitaldeasturias.com\/noticias\/#organization"},"image":{"@type":"ImageObject","url":971516},"datePublished":"2018-03-11T03:11:22+01:00","dateModified":"2018-03-11T03:11:22+01:00","inLanguage":"es-ES","mainEntityOfPage":{"@id":"https:\/\/www.eldigitaldeasturias.com\/noticias\/de-combatientes-a-guardabosques-turismo-colombiano-apuesta-por-la-paz\/#webpage"},"isPartOf":{"@id":"https:\/\/www.eldigitaldeasturias.com\/noticias\/de-combatientes-a-guardabosques-turismo-colombiano-apuesta-por-la-paz\/#webpage"},"articleSection":"Actualidad"},{"@type":"BreadcrumbList","@id":"https:\/\/www.eldigitaldeasturias.com\/noticias\/de-combatientes-a-guardabosques-turismo-colombiano-apuesta-por-la-paz\/#breadcrumblist","itemListElement":[{"@type":"ListItem","@id":"https:\/\/www.eldigitaldeasturias.com\/noticias#listItem","position":1,"name":"Home","item":"https:\/\/www.eldigitaldeasturias.com\/noticias","nextItem":{"@type":"ListItem","@id":"https:\/\/www.eldigitaldeasturias.com\/noticias\/category\/actualidad\/#listItem","name":"Actualidad"}},{"@type":"ListItem","@id":"https:\/\/www.eldigitaldeasturias.com\/noticias\/category\/actualidad\/#listItem","position":2,"name":"Actualidad","item":"https:\/\/www.eldigitaldeasturias.com\/noticias\/category\/actualidad\/","nextItem":{"@type":"ListItem","@id":"https:\/\/www.eldigitaldeasturias.com\/noticias\/de-combatientes-a-guardabosques-turismo-colombiano-apuesta-por-la-paz\/#listItem","name":"De combatientes a guardabosques: Turismo colombiano apuesta por la paz"},"previousItem":{"@type":"ListItem","@id":"https:\/\/www.eldigitaldeasturias.com\/noticias#listItem","name":"Home"}},{"@type":"ListItem","@id":"https:\/\/www.eldigitaldeasturias.com\/noticias\/de-combatientes-a-guardabosques-turismo-colombiano-apuesta-por-la-paz\/#listItem","position":3,"name":"De combatientes a guardabosques: Turismo colombiano apuesta por la paz","previousItem":{"@type":"ListItem","@id":"https:\/\/www.eldigitaldeasturias.com\/noticias\/category\/actualidad\/#listItem","name":"Actualidad"}}]},{"@type":"Organization","@id":"https:\/\/www.eldigitaldeasturias.com\/noticias\/#organization","name":"El Digital de Asturias","description":"Hemeroteca","url":"https:\/\/www.eldigitaldeasturias.com\/noticias\/","email":"info@eldigitaldeasturias.com","telephone":"+34652131393","logo":{"@type":"ImageObject","url":"https:\/\/www.eldigitaldeasturias.com\/noticias\/wp-content\/uploads\/2020\/12\/EDA.jpg","@id":"https:\/\/www.eldigitaldeasturias.com\/noticias\/de-combatientes-a-guardabosques-turismo-colombiano-apuesta-por-la-paz\/#organizationLogo"},"image":{"@id":"https:\/\/www.eldigitaldeasturias.com\/noticias\/de-combatientes-a-guardabosques-turismo-colombiano-apuesta-por-la-paz\/#organizationLogo"},"sameAs":["https:\/\/facebook.com\/eldigitaldeasturias","https:\/\/www.youtube.com\/channel\/UCZP-2wLEB9Rv6erhFmqVnvg"],"address":{"@id":"https:\/\/www.eldigitaldeasturias.com\/noticias\/#postaladdress","@type":"PostalAddress","streetAddress":"san antonio 4","postalCode":"33430","addressLocality":"Cand\u00e1s","addressRegion":"Asturias","addressCountry":"ES"}},{"@type":"Person","@id":"https:\/\/www.eldigitaldeasturias.com\/noticias\/author\/admin\/#author","url":"https:\/\/www.eldigitaldeasturias.com\/noticias\/author\/admin\/","name":"El Digital de Asturias","image":{"@type":"ImageObject","@id":"https:\/\/www.eldigitaldeasturias.com\/noticias\/de-combatientes-a-guardabosques-turismo-colombiano-apuesta-por-la-paz\/#authorImage","url":"https:\/\/secure.gravatar.com\/avatar\/df2aeffc32bcd13f8d26072ef8a91b623d677766deac7f97ca815868cd41bf5e?s=96&d=mm&r=g","width":96,"height":96,"caption":"El Digital de Asturias"}},{"@type":"WebPage","@id":"https:\/\/www.eldigitaldeasturias.com\/noticias\/de-combatientes-a-guardabosques-turismo-colombiano-apuesta-por-la-paz\/#webpage","url":"https:\/\/www.eldigitaldeasturias.com\/noticias\/de-combatientes-a-guardabosques-turismo-colombiano-apuesta-por-la-paz\/","name":"De combatientes a guardabosques: Turismo colombiano apuesta por la paz - El Digital de Asturias","description":"Berl\u00edn, 10 mar (dpa) - Colombia apuesta al sector tur\u00edstico para consolidar la paz a trav\u00e9s de la reconversi\u00f3n econ\u00f3mica de aquellos territorios que en el pasado fueron golpeados por la violencia, afirm\u00f3 en entrevista con dpa la viceministra de Turismo del pa\u00eds, Sandra Howard Taylor, durante la feria ITB que tiene lugar en Berl\u00edn.","inLanguage":"es-ES","isPartOf":{"@id":"https:\/\/www.eldigitaldeasturias.com\/noticias\/#website"},"breadcrumb":{"@id":"https:\/\/www.eldigitaldeasturias.com\/noticias\/de-combatientes-a-guardabosques-turismo-colombiano-apuesta-por-la-paz\/#breadcrumblist"},"author":{"@id":"https:\/\/www.eldigitaldeasturias.com\/noticias\/author\/admin\/#author"},"creator":{"@id":"https:\/\/www.eldigitaldeasturias.com\/noticias\/author\/admin\/#author"},"image":{"@type":"ImageObject","url":971516,"@id":"https:\/\/www.eldigitaldeasturias.com\/noticias\/de-combatientes-a-guardabosques-turismo-colombiano-apuesta-por-la-paz\/#mainImage"},"primaryImageOfPage":{"@id":"https:\/\/www.eldigitaldeasturias.com\/noticias\/de-combatientes-a-guardabosques-turismo-colombiano-apuesta-por-la-paz\/#mainImage"},"datePublished":"2018-03-11T03:11:22+01:00","dateModified":"2018-03-11T03:11:22+01:00"},{"@type":"WebSite","@id":"https:\/\/www.eldigitaldeasturias.com\/noticias\/#website","url":"https:\/\/www.eldigitaldeasturias.com\/noticias\/","name":"El Digital de Asturias - Diario de actualidad y noticias","alternateName":"El Digital de Asturias - Diario de actualidad y noticias","description":"Hemeroteca","inLanguage":"es-ES","publisher":{"@id":"https:\/\/www.eldigitaldeasturias.com\/noticias\/#organization"}}]},"og:locale":"es_ES","og:site_name":"El Digital de Asturias","og:type":"article","og:title":"De combatientes a guardabosques: Turismo colombiano apuesta por la paz - El Digital de Asturias","og:description":"Berl\u00edn, 10 mar (dpa) - Colombia apuesta al sector tur\u00edstico para consolidar la paz a trav\u00e9s de la reconversi\u00f3n econ\u00f3mica de aquellos territorios que en el pasado fueron golpeados por la violencia, afirm\u00f3 en entrevista con dpa la viceministra de Turismo del pa\u00eds, Sandra Howard Taylor, durante la feria ITB que tiene lugar en Berl\u00edn.","og:url":"https:\/\/www.eldigitaldeasturias.com\/noticias\/de-combatientes-a-guardabosques-turismo-colombiano-apuesta-por-la-paz\/","article:tag":["actualidad"],"article:published_time":"2018-03-11T03:11:22+00:00","article:modified_time":"2018-03-11T03:11:22+00:00","article:publisher":"https:\/\/facebook.com\/eldigitaldeasturias","twitter:card":"summary_large_image","twitter:title":"De combatientes a guardabosques: Turismo colombiano apuesta por la paz - El Digital de Asturias","twitter:description":"Berl\u00edn, 10 mar (dpa) - Colombia apuesta al sector tur\u00edstico para consolidar la paz a trav\u00e9s de la reconversi\u00f3n econ\u00f3mica de aquellos territorios que en el pasado fueron golpeados por la violencia, afirm\u00f3 en entrevista con dpa la viceministra de Turismo del pa\u00eds, Sandra Howard Taylor, durante la feria ITB que tiene lugar en Berl\u00edn.","twitter:image":"https:\/\/www.eldigitaldeasturias.com\/noticias\/wp-content\/uploads\/2020\/12\/EDA-1.jpg","twitter:label1":"Escrito por","twitter:data1":"El Digital de Asturias","twitter:label2":"Tiempo de lectura estimado","twitter:data2":"4 minutos"},"aioseo_meta_data":{"post_id":"971515","title":null,"description":null,"keywords":null,"keyphrases":null,"primary_term":null,"canonical_url":null,"og_title":null,"og_description":null,"og_object_type":"default","og_image_type":"default","og_image_url":null,"og_image_width":null,"og_image_height":null,"og_image_custom_url":null,"og_image_custom_fields":null,"og_video":null,"og_custom_url":null,"og_article_section":null,"og_article_tags":null,"twitter_use_og":false,"twitter_card":"default","twitter_image_type":"default","twitter_image_url":null,"twitter_image_custom_url":null,"twitter_image_custom_fields":null,"twitter_title":null,"twitter_description":null,"schema":{"blockGraphs":[],"customGraphs":[],"default":{"data":{"Article":[],"Course":[],"Dataset":[],"FAQPage":[],"Movie":[],"Person":[],"Product":[],"ProductReview":[],"Car":[],"Recipe":[],"Service":[],"SoftwareApplication":[],"WebPage":[]},"graphName":"","isEnabled":true},"graphs":[],"defaultGraph":"","defaultPostTypeGraph":""},"schema_type":null,"schema_type_options":null,"pillar_content":false,"robots_default":true,"robots_noindex":false,"robots_noarchive":false,"robots_nosnippet":false,"robots_nofollow":false,"robots_noimageindex":false,"robots_noodp":false,"robots_notranslate":false,"robots_max_snippet":null,"robots_max_videopreview":null,"robots_max_imagepreview":"large","priority":null,"frequency":null,"local_seo":null,"seo_analyzer_scan_date":"2025-10-07 09:27:58","breadcrumb_settings":null,"limit_modified_date":false,"open_ai":null,"ai":null,"created":"2020-12-21 12:21:38","updated":"2025-10-07 09:27:58","focus_keyword":null,"additional_keywords":null,"truseo_locale":null},"aioseo_breadcrumb":"<div class=\"aioseo-breadcrumbs\"><span class=\"aioseo-breadcrumb\">\n\t<a href=\"https:\/\/www.eldigitaldeasturias.com\/noticias\" title=\"Home\">Home<\/a>\n<\/span><span class=\"aioseo-breadcrumb-separator\">\u2013<\/span><span class=\"aioseo-breadcrumb\">\n\t<a href=\"https:\/\/www.eldigitaldeasturias.com\/noticias\/category\/actualidad\/\" title=\"Actualidad\">Actualidad<\/a>\n<\/span><span class=\"aioseo-breadcrumb-separator\">\u2013<\/span><span class=\"aioseo-breadcrumb\">\n\t<a href=\"https:\/\/www.eldigitaldeasturias.com\/noticias\/de-combatientes-a-guardabosques-turismo-colombiano-apuesta-por-la-paz\/\" title=\"De combatientes a guardabosques: Turismo colombiano apuesta por la paz\">De combatientes a guardabosques: Turismo colombiano apuesta por la paz<\/a>\n<\/span><\/div>","aioseo_breadcrumb_json":[{"label":"Home","link":"https:\/\/www.eldigitaldeasturias.com\/noticias"},{"label":"Actualidad","link":"https:\/\/www.eldigitaldeasturias.com\/noticias\/category\/actualidad\/"},{"label":"De combatientes a guardabosques: Turismo colombiano apuesta por la paz","link":"https:\/\/www.eldigitaldeasturias.com\/noticias\/de-combatientes-a-guardabosques-turismo-colombiano-apuesta-por-la-paz\/"}],"_links":{"self":[{"href":"https:\/\/www.eldigitaldeasturias.com\/noticias\/wp-json\/wp\/v2\/posts\/971515","targetHints":{"allow":["GET"]}}],"collection":[{"href":"https:\/\/www.eldigitaldeasturias.com\/noticias\/wp-json\/wp\/v2\/posts"}],"about":[{"href":"https:\/\/www.eldigitaldeasturias.com\/noticias\/wp-json\/wp\/v2\/types\/post"}],"author":[{"embeddable":true,"href":"https:\/\/www.eldigitaldeasturias.com\/noticias\/wp-json\/wp\/v2\/users\/1"}],"replies":[{"embeddable":true,"href":"https:\/\/www.eldigitaldeasturias.com\/noticias\/wp-json\/wp\/v2\/comments?post=971515"}],"version-history":[{"count":0,"href":"https:\/\/www.eldigitaldeasturias.com\/noticias\/wp-json\/wp\/v2\/posts\/971515\/revisions"}],"wp:attachment":[{"href":"https:\/\/www.eldigitaldeasturias.com\/noticias\/wp-json\/wp\/v2\/media?parent=971515"}],"wp:term":[{"taxonomy":"category","embeddable":true,"href":"https:\/\/www.eldigitaldeasturias.com\/noticias\/wp-json\/wp\/v2\/categories?post=971515"},{"taxonomy":"post_tag","embeddable":true,"href":"https:\/\/www.eldigitaldeasturias.com\/noticias\/wp-json\/wp\/v2\/tags?post=971515"}],"curies":[{"name":"wp","href":"https:\/\/api.w.org\/{rel}","templated":true}]}}