{"id":971510,"date":"2018-03-11T03:01:29","date_gmt":"2018-03-11T03:01:29","guid":{"rendered":"http:\/\/www.eldigitaldeasturias.com\/noticias\/?p=971510"},"modified":"2018-03-11T03:01:29","modified_gmt":"2018-03-11T03:01:29","slug":"los-cdr-la-defensa-popular-de-la-republica-catalana","status":"publish","type":"post","link":"https:\/\/www.eldigitaldeasturias.com\/noticias\/los-cdr-la-defensa-popular-de-la-republica-catalana\/","title":{"rendered":"Los CDR, la defensa popular de la &#8216;Rep\u00fablica&#8217; catalana"},"content":{"rendered":"<p><img loading=\"lazy\" decoding=\"async\" class=\"alignleft size-medium wp-image-971511\" src=\"https:\/\/www.eldigitaldeasturias.com\/noticias\/wp-content\/uploads\/2018\/03\/DXtt2DwXkAAYVSw-360x270.jpg\" alt=\"\" width=\"360\" height=\"270\" \/>Barcelona, 10 mar (dpa) &#8211; Son m\u00e1s de un centenar, aglutinan a miles de activistas por la supuesta \u00abRep\u00fablica\u00bb catalana y constituyen, de facto, su mejor estructura de Estado. Son los Comit\u00e9s de Defensa de la Rep\u00fablica (CDR), grupos nacidos para defender el refer\u00e9ndum soberanista del 1 de octubre en Catalu\u00f1a y convertidos hoy en la m\u00e1s s\u00f3lida muestra de que la lucha por la independencia continuar\u00e1.<\/p>\n<p>La mayor\u00eda de los CDR apoyar\u00e1 ma\u00f1ana domingo la manifestaci\u00f3n convocada en Barcelona por la entidad civil Assemblea Nacional Catalana (ANC) bajo el lema \u00ab\u00a1Ahora Rep\u00fablica!\u00bb. Pero sus integrantes van m\u00e1s all\u00e1: est\u00e1n convencidos de que solo ellos podr\u00e1n construir la Rep\u00fablica catalana que el \u00abParlament\u00bb en Barcelona proclam\u00f3 simb\u00f3licamente el 27 de octubre y luego no instal\u00f3.<\/p>\n<p>\u00abLos CDR existen porque est\u00e1n al margen de los pol\u00edticos. Porque nos dimos cuenta de que solo nosotros nos salvaremos. Porque si ellos no pueden, nosotros s\u00ed podremos\u00bb, cuenta a la agencia dpa Pere, un empresario de 50 a\u00f1os, miembro del CDR del barrio barcelon\u00e9s de Gracia. \u00abCuando los pol\u00edticos fallan, sigue existiendo la iniciativa popular, que es un movimiento transversal\u00bb.<\/p>\n<p>Los CDR se extienden por toda Catalu\u00f1a, pero son estructuras peque\u00f1as que act\u00faan normalmente por barrios, independientes los unos de los otros, y de manera asamblearia. Sus miembros son variables, se comunican a trav\u00e9s de WhatsApp o Telegram y acostumbran a reunirse en alguna de las plazas del barrio una o dos veces por semana. La coordinadora nacional, despu\u00e9s, teje la gran red. No suelen tener cabezas visibles, pero s\u00ed gran capacidad de movilizaci\u00f3n.<\/p>\n<p>Lo demostraron en el refer\u00e9ndum del 1 de octubre, cuando, con sus acciones en los centros electorales consiguieron primero que \u00e9stos se abrieran para la votaci\u00f3n y, finalmente, que la votaci\u00f3n declarada ilegal por la Justicia espa\u00f1ola se llevara a cabo.<\/p>\n<p>\u00abNos pusimos en pie de defensa y de resistencia. Lo que hicimos esos d\u00edas fue el ejercicio de un derecho\u00bb, se\u00f1ala a dpa Regina, una mediadora social de 49 a\u00f1os, tambi\u00e9n integrante del CDR de Gracia.<\/p>\n<p>\u00abAhora, nos mueve la raz\u00f3n y el miedo, que no es racional. Pero el deseo de independencia es cada vez m\u00e1s racional. La gente que se suma es porque no soporta m\u00e1s el modelo de Espa\u00f1a\u00bb, contin\u00faa. \u00ab\u00c9sta es la lucha de un pueblo contra un Gobierno opresor y contra un sistema, el de la monarqu\u00eda, con el que no nos sentimos identificados, no contra el pueblo espa\u00f1ol\u00bb.<\/p>\n<p>Y es que esa defensa, que estaba prevista s\u00f3lo para el refer\u00e9ndum, se prolong\u00f3 luego por la respuesta policial y judicial con la que el Estado central y el Gobierno de Mariano Rajoy intentaron poner freno a la deriva independentista.<\/p>\n<p>La disoluci\u00f3n del Parlamento catal\u00e1n junto con la destituci\u00f3n en pleno del \u00abGovern\u00bb regional y la posterior encarcelaci\u00f3n de varios de sus miembros y de los l\u00edderes de la ANC y de \u00d2mnium Cultural, la otra gran asociaci\u00f3n c\u00edvica proindependentista, no hicieron sino incrementar el n\u00famero de personas que decidieron unirse a los CDR.<\/p>\n<p>\u00abAnte el avasallamiento y la agresi\u00f3n policial del Estado espa\u00f1ol, se dio un proceso de solidaridad de un mont\u00f3n de gente que viv\u00eda con dudas y en un desamparo, y que decidi\u00f3 organizarse\u00bb, apunta Pere.<\/p>\n<p>\u00abA partir de ah\u00ed, confluye mucha gente de movimientos pol\u00edticos y sociales, gente que ya estaba organizada, pero tambi\u00e9n gente que hab\u00eda militado en diversos movimientos en su juventud y luego se hab\u00eda alejado, como es mi caso; y gente que nunca hab\u00eda hecho nada y sinti\u00f3 la necesidad de hacer algo por coherencia y dignidad democr\u00e1tica\u00bb, a\u00f1ade a dpa.<\/p>\n<p>\u00abPorque los CDR representan una nueva forma de hacer las cosas, suponen recuperar el papel de autorepresentaci\u00f3n de los ciudadanos, volver a ejercer la pol\u00edtica de la manera que hab\u00edamos olvidado, desde abajo\u00bb, explica el integrante del CDR de Gracia.<\/p>\n<p>Tras el 1 de octubre, las asambleas de los CDR y sus acciones se sucedieron: cortes puntuales en carreteras para reclamar la libertad de los presos, concentraciones junto al \u00abParlament\u00bb para presionar a los pol\u00edticos independentistas, una &#8216;excursi\u00f3n&#8217; a Bruselas para apoyar a Carles Puigdemont, ex jefe del Ejecutivo catal\u00e1n que se refugi\u00f3 en la capital europea tras su destituci\u00f3n y luego encabez\u00f3 la lista soberanista m\u00e1s votada en las elecciones catalanas del 21 de diciembre.<\/p>\n<p>\u00abAdem\u00e1s de la movilizaci\u00f3n en la calle, lo m\u00e1s importante para nosotros es el debate sobre c\u00f3mo tiene que ser la Rep\u00fablica catalana\u00bb, asegura a dpa Toni, un terapeuta de 60 a\u00f1os, miembro del CDR de Sants, un barrio barcelon\u00e9s tradicionalmente activista. \u00abEstamos ante un retroceso democr\u00e1tico brutal y la situaci\u00f3n resulta estresante y dura, pero lo superaremos\u00bb.<\/p>\n<p>En comisiones propuestas por cualquier miembro del grupo, los CDR debaten sobre leyes, Constituci\u00f3n, g\u00e9nero, educaci\u00f3n o sobre c\u00f3mo implementar la rep\u00fablica que anhelan. No les desalientan las mentiras confesadas por los pol\u00edticos ni su actual inacci\u00f3n.<\/p>\n<p>\u00abSi bien hay una parte de desmotivaci\u00f3n, todos los que estamos en los CDR es porque hemos hecho un cambio de mentalidad. Ya no somos ciudadanos adscritos a la monarqu\u00eda espa\u00f1ola, aunque oficialmente sea as\u00ed. Mentalmente, yo ya vivo en la rep\u00fablica, ya s\u00e9 d\u00f3nde no quiero ni puedo estar\u00bb, afirma Pere, en alusi\u00f3n a su desconexi\u00f3n de Espa\u00f1a.<\/p>\n<p>\u00abHemos asumido, adem\u00e1s, que nos espera una lucha larga y de profundidad\u00bb, concluye. Una lucha que se reanudar\u00e1 ma\u00f1ana cuando la ANC vuelva a tomar el pulso de la calle con una nueva manifestaci\u00f3n tras meses de inacci\u00f3n.<\/p>\n<p>Por Noelia Rom\u00e1n (dpa)<\/p>\n","protected":false},"excerpt":{"rendered":"<p>Barcelona, 10 mar (dpa) &#8211; Son m\u00e1s de un centenar, aglutinan a miles de activistas por la supuesta \u00abRep\u00fablica\u00bb catalana y constituyen, de facto, su mejor estructura de Estado. Son los Comit\u00e9s de Defensa de la Rep\u00fablica (CDR), grupos nacidos para defender el refer\u00e9ndum soberanista del 1 de octubre en Catalu\u00f1a y convertidos hoy en [&hellip;]<\/p>\n","protected":false},"author":1,"featured_media":971511,"comment_status":"closed","ping_status":"closed","sticky":false,"template":"","format":"standard","meta":{"footnotes":""},"categories":[1],"tags":[],"class_list":["post-971510","post","type-post","status-publish","format-standard","has-post-thumbnail","hentry","category-actualidad"],"aioseo_notices":[],"aioseo_head":"\n\t\t<!-- All in One SEO Pro 5.0.1 - aioseo.com -->\n\t<meta name=\"description\" content=\"Barcelona, 10 mar (dpa) - Son m\u00e1s de un centenar, aglutinan a miles de activistas por la supuesta &quot;Rep\u00fablica&quot; catalana y constituyen, de facto, su mejor estructura de Estado. Son los Comit\u00e9s de Defensa de la Rep\u00fablica (CDR), grupos nacidos para defender el refer\u00e9ndum soberanista del 1 de octubre en Catalu\u00f1a y convertidos hoy en\" \/>\n\t<meta name=\"robots\" content=\"max-image-preview:large\" \/>\n\t<meta name=\"author\" content=\"El Digital de Asturias\"\/>\n\t<meta name=\"google-site-verification\" content=\"UA-38556648-1\" \/>\n\t<meta name=\"msvalidate.01\" content=\"7dfe9f3f1b24437ab69f4f2559babe99\" \/>\n\t<meta name=\"keywords\" content=\"actualidad\" \/>\n\t<link rel=\"canonical\" href=\"https:\/\/www.eldigitaldeasturias.com\/noticias\/los-cdr-la-defensa-popular-de-la-republica-catalana\/\" \/>\n\t<meta name=\"generator\" content=\"All in One SEO Pro (AIOSEO) 5.0.1\" \/>\n\t\t<meta property=\"og:locale\" content=\"es_ES\" \/>\n\t\t<meta property=\"og:site_name\" content=\"El Digital de Asturias\" \/>\n\t\t<meta property=\"og:type\" content=\"article\" \/>\n\t\t<meta property=\"og:title\" content=\"Los CDR, la defensa popular de la \u2018Rep\u00fablica\u2019 catalana - El Digital de Asturias\" \/>\n\t\t<meta property=\"og:description\" content=\"Barcelona, 10 mar (dpa) - Son m\u00e1s de un centenar, aglutinan a miles de activistas por la supuesta &quot;Rep\u00fablica&quot; catalana y constituyen, de facto, su mejor estructura de Estado. Son los Comit\u00e9s de Defensa de la Rep\u00fablica (CDR), grupos nacidos para defender el refer\u00e9ndum soberanista del 1 de octubre en Catalu\u00f1a y convertidos hoy en\" \/>\n\t\t<meta property=\"og:url\" content=\"https:\/\/www.eldigitaldeasturias.com\/noticias\/los-cdr-la-defensa-popular-de-la-republica-catalana\/\" \/>\n\t\t<meta property=\"article:tag\" content=\"actualidad\" \/>\n\t\t<meta property=\"article:published_time\" content=\"2018-03-11T03:01:29+00:00\" \/>\n\t\t<meta property=\"article:modified_time\" content=\"2018-03-11T03:01:29+00:00\" \/>\n\t\t<meta property=\"article:publisher\" content=\"https:\/\/facebook.com\/eldigitaldeasturias\" \/>\n\t\t<meta name=\"twitter:card\" content=\"summary_large_image\" \/>\n\t\t<meta name=\"twitter:title\" content=\"Los CDR, la defensa popular de la \u2018Rep\u00fablica\u2019 catalana - El Digital de Asturias\" \/>\n\t\t<meta name=\"twitter:description\" content=\"Barcelona, 10 mar (dpa) - Son m\u00e1s de un centenar, aglutinan a miles de activistas por la supuesta &quot;Rep\u00fablica&quot; catalana y constituyen, de facto, su mejor estructura de Estado. Son los Comit\u00e9s de Defensa de la Rep\u00fablica (CDR), grupos nacidos para defender el refer\u00e9ndum soberanista del 1 de octubre en Catalu\u00f1a y convertidos hoy en\" \/>\n\t\t<meta name=\"twitter:image\" content=\"https:\/\/www.eldigitaldeasturias.com\/noticias\/wp-content\/uploads\/2020\/12\/EDA-1.jpg\" \/>\n\t\t<meta name=\"twitter:label1\" content=\"Escrito por\" \/>\n\t\t<meta name=\"twitter:data1\" content=\"El Digital de Asturias\" \/>\n\t\t<meta name=\"twitter:label2\" content=\"Tiempo de lectura estimado\" \/>\n\t\t<meta name=\"twitter:data2\" content=\"5 minutos\" \/>\n\t\t<script type=\"application\/ld+json\" class=\"aioseo-schema\">\n\t\t\t{\"@context\":\"https:\\\/\\\/schema.org\",\"@graph\":[{\"@type\":\"BlogPosting\",\"@id\":\"https:\\\/\\\/www.eldigitaldeasturias.com\\\/noticias\\\/los-cdr-la-defensa-popular-de-la-republica-catalana\\\/#blogposting\",\"name\":\"Los CDR, la defensa popular de la \\u2018Rep\\u00fablica\\u2019 catalana - El Digital de Asturias\",\"headline\":\"Los CDR, la defensa popular de la &#8216;Rep\\u00fablica&#8217; catalana\",\"author\":{\"@id\":\"https:\\\/\\\/www.eldigitaldeasturias.com\\\/noticias\\\/author\\\/admin\\\/#author\"},\"publisher\":{\"@id\":\"https:\\\/\\\/www.eldigitaldeasturias.com\\\/noticias\\\/#organization\"},\"image\":{\"@type\":\"ImageObject\",\"url\":971511},\"datePublished\":\"2018-03-11T03:01:29+01:00\",\"dateModified\":\"2018-03-11T03:01:29+01:00\",\"inLanguage\":\"es-ES\",\"mainEntityOfPage\":{\"@id\":\"https:\\\/\\\/www.eldigitaldeasturias.com\\\/noticias\\\/los-cdr-la-defensa-popular-de-la-republica-catalana\\\/#webpage\"},\"isPartOf\":{\"@id\":\"https:\\\/\\\/www.eldigitaldeasturias.com\\\/noticias\\\/los-cdr-la-defensa-popular-de-la-republica-catalana\\\/#webpage\"},\"articleSection\":\"Actualidad\"},{\"@type\":\"BreadcrumbList\",\"@id\":\"https:\\\/\\\/www.eldigitaldeasturias.com\\\/noticias\\\/los-cdr-la-defensa-popular-de-la-republica-catalana\\\/#breadcrumblist\",\"itemListElement\":[{\"@type\":\"ListItem\",\"@id\":\"https:\\\/\\\/www.eldigitaldeasturias.com\\\/noticias#listItem\",\"position\":1,\"name\":\"Home\",\"item\":\"https:\\\/\\\/www.eldigitaldeasturias.com\\\/noticias\",\"nextItem\":{\"@type\":\"ListItem\",\"@id\":\"https:\\\/\\\/www.eldigitaldeasturias.com\\\/noticias\\\/category\\\/actualidad\\\/#listItem\",\"name\":\"Actualidad\"}},{\"@type\":\"ListItem\",\"@id\":\"https:\\\/\\\/www.eldigitaldeasturias.com\\\/noticias\\\/category\\\/actualidad\\\/#listItem\",\"position\":2,\"name\":\"Actualidad\",\"item\":\"https:\\\/\\\/www.eldigitaldeasturias.com\\\/noticias\\\/category\\\/actualidad\\\/\",\"nextItem\":{\"@type\":\"ListItem\",\"@id\":\"https:\\\/\\\/www.eldigitaldeasturias.com\\\/noticias\\\/los-cdr-la-defensa-popular-de-la-republica-catalana\\\/#listItem\",\"name\":\"Los CDR, la defensa popular de la &#8216;Rep\\u00fablica&#8217; catalana\"},\"previousItem\":{\"@type\":\"ListItem\",\"@id\":\"https:\\\/\\\/www.eldigitaldeasturias.com\\\/noticias#listItem\",\"name\":\"Home\"}},{\"@type\":\"ListItem\",\"@id\":\"https:\\\/\\\/www.eldigitaldeasturias.com\\\/noticias\\\/los-cdr-la-defensa-popular-de-la-republica-catalana\\\/#listItem\",\"position\":3,\"name\":\"Los CDR, la defensa popular de la &#8216;Rep\\u00fablica&#8217; catalana\",\"previousItem\":{\"@type\":\"ListItem\",\"@id\":\"https:\\\/\\\/www.eldigitaldeasturias.com\\\/noticias\\\/category\\\/actualidad\\\/#listItem\",\"name\":\"Actualidad\"}}]},{\"@type\":\"Organization\",\"@id\":\"https:\\\/\\\/www.eldigitaldeasturias.com\\\/noticias\\\/#organization\",\"name\":\"El Digital de Asturias\",\"description\":\"Hemeroteca\",\"url\":\"https:\\\/\\\/www.eldigitaldeasturias.com\\\/noticias\\\/\",\"email\":\"info@eldigitaldeasturias.com\",\"telephone\":\"+34652131393\",\"logo\":{\"@type\":\"ImageObject\",\"url\":\"https:\\\/\\\/www.eldigitaldeasturias.com\\\/noticias\\\/wp-content\\\/uploads\\\/2020\\\/12\\\/EDA.jpg\",\"@id\":\"https:\\\/\\\/www.eldigitaldeasturias.com\\\/noticias\\\/los-cdr-la-defensa-popular-de-la-republica-catalana\\\/#organizationLogo\"},\"image\":{\"@id\":\"https:\\\/\\\/www.eldigitaldeasturias.com\\\/noticias\\\/los-cdr-la-defensa-popular-de-la-republica-catalana\\\/#organizationLogo\"},\"sameAs\":[\"https:\\\/\\\/facebook.com\\\/eldigitaldeasturias\",\"https:\\\/\\\/www.youtube.com\\\/channel\\\/UCZP-2wLEB9Rv6erhFmqVnvg\"],\"address\":{\"@id\":\"https:\\\/\\\/www.eldigitaldeasturias.com\\\/noticias\\\/#postaladdress\",\"@type\":\"PostalAddress\",\"streetAddress\":\"san antonio 4\",\"postalCode\":\"33430\",\"addressLocality\":\"Cand\\u00e1s\",\"addressRegion\":\"Asturias\",\"addressCountry\":\"ES\"}},{\"@type\":\"Person\",\"@id\":\"https:\\\/\\\/www.eldigitaldeasturias.com\\\/noticias\\\/author\\\/admin\\\/#author\",\"url\":\"https:\\\/\\\/www.eldigitaldeasturias.com\\\/noticias\\\/author\\\/admin\\\/\",\"name\":\"El Digital de Asturias\",\"image\":{\"@type\":\"ImageObject\",\"@id\":\"https:\\\/\\\/www.eldigitaldeasturias.com\\\/noticias\\\/los-cdr-la-defensa-popular-de-la-republica-catalana\\\/#authorImage\",\"url\":\"https:\\\/\\\/secure.gravatar.com\\\/avatar\\\/df2aeffc32bcd13f8d26072ef8a91b623d677766deac7f97ca815868cd41bf5e?s=96&d=mm&r=g\",\"width\":96,\"height\":96,\"caption\":\"El Digital de Asturias\"}},{\"@type\":\"WebPage\",\"@id\":\"https:\\\/\\\/www.eldigitaldeasturias.com\\\/noticias\\\/los-cdr-la-defensa-popular-de-la-republica-catalana\\\/#webpage\",\"url\":\"https:\\\/\\\/www.eldigitaldeasturias.com\\\/noticias\\\/los-cdr-la-defensa-popular-de-la-republica-catalana\\\/\",\"name\":\"Los CDR, la defensa popular de la \\u2018Rep\\u00fablica\\u2019 catalana - El Digital de Asturias\",\"description\":\"Barcelona, 10 mar (dpa) - Son m\\u00e1s de un centenar, aglutinan a miles de activistas por la supuesta \\\"Rep\\u00fablica\\\" catalana y constituyen, de facto, su mejor estructura de Estado. Son los Comit\\u00e9s de Defensa de la Rep\\u00fablica (CDR), grupos nacidos para defender el refer\\u00e9ndum soberanista del 1 de octubre en Catalu\\u00f1a y convertidos hoy en\",\"inLanguage\":\"es-ES\",\"isPartOf\":{\"@id\":\"https:\\\/\\\/www.eldigitaldeasturias.com\\\/noticias\\\/#website\"},\"breadcrumb\":{\"@id\":\"https:\\\/\\\/www.eldigitaldeasturias.com\\\/noticias\\\/los-cdr-la-defensa-popular-de-la-republica-catalana\\\/#breadcrumblist\"},\"author\":{\"@id\":\"https:\\\/\\\/www.eldigitaldeasturias.com\\\/noticias\\\/author\\\/admin\\\/#author\"},\"creator\":{\"@id\":\"https:\\\/\\\/www.eldigitaldeasturias.com\\\/noticias\\\/author\\\/admin\\\/#author\"},\"image\":{\"@type\":\"ImageObject\",\"url\":971511,\"@id\":\"https:\\\/\\\/www.eldigitaldeasturias.com\\\/noticias\\\/los-cdr-la-defensa-popular-de-la-republica-catalana\\\/#mainImage\"},\"primaryImageOfPage\":{\"@id\":\"https:\\\/\\\/www.eldigitaldeasturias.com\\\/noticias\\\/los-cdr-la-defensa-popular-de-la-republica-catalana\\\/#mainImage\"},\"datePublished\":\"2018-03-11T03:01:29+01:00\",\"dateModified\":\"2018-03-11T03:01:29+01:00\"},{\"@type\":\"WebSite\",\"@id\":\"https:\\\/\\\/www.eldigitaldeasturias.com\\\/noticias\\\/#website\",\"url\":\"https:\\\/\\\/www.eldigitaldeasturias.com\\\/noticias\\\/\",\"name\":\"El Digital de Asturias - Diario de actualidad y noticias\",\"alternateName\":\"El Digital de Asturias - Diario de actualidad y noticias\",\"description\":\"Hemeroteca\",\"inLanguage\":\"es-ES\",\"publisher\":{\"@id\":\"https:\\\/\\\/www.eldigitaldeasturias.com\\\/noticias\\\/#organization\"}}]}\n\t\t<\/script>\n\t\t<!-- All in One SEO Pro -->\r\n\t\t<title>Los CDR, la defensa popular de la \u2018Rep\u00fablica\u2019 catalana - El Digital de Asturias<\/title>\n\n","aioseo_head_json":{"title":"Los CDR, la defensa popular de la \u2018Rep\u00fablica\u2019 catalana - El Digital de Asturias","description":"Barcelona, 10 mar (dpa) - Son m\u00e1s de un centenar, aglutinan a miles de activistas por la supuesta \"Rep\u00fablica\" catalana y constituyen, de facto, su mejor estructura de Estado. Son los Comit\u00e9s de Defensa de la Rep\u00fablica (CDR), grupos nacidos para defender el refer\u00e9ndum soberanista del 1 de octubre en Catalu\u00f1a y convertidos hoy en","canonical_url":"https:\/\/www.eldigitaldeasturias.com\/noticias\/los-cdr-la-defensa-popular-de-la-republica-catalana\/","robots":"max-image-preview:large","keywords":"actualidad","webmasterTools":{"google-site-verification":"UA-38556648-1","msvalidate.01":"7dfe9f3f1b24437ab69f4f2559babe99","miscellaneous":""},"schema":{"@context":"https:\/\/schema.org","@graph":[{"@type":"BlogPosting","@id":"https:\/\/www.eldigitaldeasturias.com\/noticias\/los-cdr-la-defensa-popular-de-la-republica-catalana\/#blogposting","name":"Los CDR, la defensa popular de la \u2018Rep\u00fablica\u2019 catalana - El Digital de Asturias","headline":"Los CDR, la defensa popular de la &#8216;Rep\u00fablica&#8217; catalana","author":{"@id":"https:\/\/www.eldigitaldeasturias.com\/noticias\/author\/admin\/#author"},"publisher":{"@id":"https:\/\/www.eldigitaldeasturias.com\/noticias\/#organization"},"image":{"@type":"ImageObject","url":971511},"datePublished":"2018-03-11T03:01:29+01:00","dateModified":"2018-03-11T03:01:29+01:00","inLanguage":"es-ES","mainEntityOfPage":{"@id":"https:\/\/www.eldigitaldeasturias.com\/noticias\/los-cdr-la-defensa-popular-de-la-republica-catalana\/#webpage"},"isPartOf":{"@id":"https:\/\/www.eldigitaldeasturias.com\/noticias\/los-cdr-la-defensa-popular-de-la-republica-catalana\/#webpage"},"articleSection":"Actualidad"},{"@type":"BreadcrumbList","@id":"https:\/\/www.eldigitaldeasturias.com\/noticias\/los-cdr-la-defensa-popular-de-la-republica-catalana\/#breadcrumblist","itemListElement":[{"@type":"ListItem","@id":"https:\/\/www.eldigitaldeasturias.com\/noticias#listItem","position":1,"name":"Home","item":"https:\/\/www.eldigitaldeasturias.com\/noticias","nextItem":{"@type":"ListItem","@id":"https:\/\/www.eldigitaldeasturias.com\/noticias\/category\/actualidad\/#listItem","name":"Actualidad"}},{"@type":"ListItem","@id":"https:\/\/www.eldigitaldeasturias.com\/noticias\/category\/actualidad\/#listItem","position":2,"name":"Actualidad","item":"https:\/\/www.eldigitaldeasturias.com\/noticias\/category\/actualidad\/","nextItem":{"@type":"ListItem","@id":"https:\/\/www.eldigitaldeasturias.com\/noticias\/los-cdr-la-defensa-popular-de-la-republica-catalana\/#listItem","name":"Los CDR, la defensa popular de la &#8216;Rep\u00fablica&#8217; catalana"},"previousItem":{"@type":"ListItem","@id":"https:\/\/www.eldigitaldeasturias.com\/noticias#listItem","name":"Home"}},{"@type":"ListItem","@id":"https:\/\/www.eldigitaldeasturias.com\/noticias\/los-cdr-la-defensa-popular-de-la-republica-catalana\/#listItem","position":3,"name":"Los CDR, la defensa popular de la &#8216;Rep\u00fablica&#8217; catalana","previousItem":{"@type":"ListItem","@id":"https:\/\/www.eldigitaldeasturias.com\/noticias\/category\/actualidad\/#listItem","name":"Actualidad"}}]},{"@type":"Organization","@id":"https:\/\/www.eldigitaldeasturias.com\/noticias\/#organization","name":"El Digital de Asturias","description":"Hemeroteca","url":"https:\/\/www.eldigitaldeasturias.com\/noticias\/","email":"info@eldigitaldeasturias.com","telephone":"+34652131393","logo":{"@type":"ImageObject","url":"https:\/\/www.eldigitaldeasturias.com\/noticias\/wp-content\/uploads\/2020\/12\/EDA.jpg","@id":"https:\/\/www.eldigitaldeasturias.com\/noticias\/los-cdr-la-defensa-popular-de-la-republica-catalana\/#organizationLogo"},"image":{"@id":"https:\/\/www.eldigitaldeasturias.com\/noticias\/los-cdr-la-defensa-popular-de-la-republica-catalana\/#organizationLogo"},"sameAs":["https:\/\/facebook.com\/eldigitaldeasturias","https:\/\/www.youtube.com\/channel\/UCZP-2wLEB9Rv6erhFmqVnvg"],"address":{"@id":"https:\/\/www.eldigitaldeasturias.com\/noticias\/#postaladdress","@type":"PostalAddress","streetAddress":"san antonio 4","postalCode":"33430","addressLocality":"Cand\u00e1s","addressRegion":"Asturias","addressCountry":"ES"}},{"@type":"Person","@id":"https:\/\/www.eldigitaldeasturias.com\/noticias\/author\/admin\/#author","url":"https:\/\/www.eldigitaldeasturias.com\/noticias\/author\/admin\/","name":"El Digital de Asturias","image":{"@type":"ImageObject","@id":"https:\/\/www.eldigitaldeasturias.com\/noticias\/los-cdr-la-defensa-popular-de-la-republica-catalana\/#authorImage","url":"https:\/\/secure.gravatar.com\/avatar\/df2aeffc32bcd13f8d26072ef8a91b623d677766deac7f97ca815868cd41bf5e?s=96&d=mm&r=g","width":96,"height":96,"caption":"El Digital de Asturias"}},{"@type":"WebPage","@id":"https:\/\/www.eldigitaldeasturias.com\/noticias\/los-cdr-la-defensa-popular-de-la-republica-catalana\/#webpage","url":"https:\/\/www.eldigitaldeasturias.com\/noticias\/los-cdr-la-defensa-popular-de-la-republica-catalana\/","name":"Los CDR, la defensa popular de la \u2018Rep\u00fablica\u2019 catalana - El Digital de Asturias","description":"Barcelona, 10 mar (dpa) - Son m\u00e1s de un centenar, aglutinan a miles de activistas por la supuesta \"Rep\u00fablica\" catalana y constituyen, de facto, su mejor estructura de Estado. Son los Comit\u00e9s de Defensa de la Rep\u00fablica (CDR), grupos nacidos para defender el refer\u00e9ndum soberanista del 1 de octubre en Catalu\u00f1a y convertidos hoy en","inLanguage":"es-ES","isPartOf":{"@id":"https:\/\/www.eldigitaldeasturias.com\/noticias\/#website"},"breadcrumb":{"@id":"https:\/\/www.eldigitaldeasturias.com\/noticias\/los-cdr-la-defensa-popular-de-la-republica-catalana\/#breadcrumblist"},"author":{"@id":"https:\/\/www.eldigitaldeasturias.com\/noticias\/author\/admin\/#author"},"creator":{"@id":"https:\/\/www.eldigitaldeasturias.com\/noticias\/author\/admin\/#author"},"image":{"@type":"ImageObject","url":971511,"@id":"https:\/\/www.eldigitaldeasturias.com\/noticias\/los-cdr-la-defensa-popular-de-la-republica-catalana\/#mainImage"},"primaryImageOfPage":{"@id":"https:\/\/www.eldigitaldeasturias.com\/noticias\/los-cdr-la-defensa-popular-de-la-republica-catalana\/#mainImage"},"datePublished":"2018-03-11T03:01:29+01:00","dateModified":"2018-03-11T03:01:29+01:00"},{"@type":"WebSite","@id":"https:\/\/www.eldigitaldeasturias.com\/noticias\/#website","url":"https:\/\/www.eldigitaldeasturias.com\/noticias\/","name":"El Digital de Asturias - Diario de actualidad y noticias","alternateName":"El Digital de Asturias - Diario de actualidad y noticias","description":"Hemeroteca","inLanguage":"es-ES","publisher":{"@id":"https:\/\/www.eldigitaldeasturias.com\/noticias\/#organization"}}]},"og:locale":"es_ES","og:site_name":"El Digital de Asturias","og:type":"article","og:title":"Los CDR, la defensa popular de la \u2018Rep\u00fablica\u2019 catalana - El Digital de Asturias","og:description":"Barcelona, 10 mar (dpa) - Son m\u00e1s de un centenar, aglutinan a miles de activistas por la supuesta &quot;Rep\u00fablica&quot; catalana y constituyen, de facto, su mejor estructura de Estado. Son los Comit\u00e9s de Defensa de la Rep\u00fablica (CDR), grupos nacidos para defender el refer\u00e9ndum soberanista del 1 de octubre en Catalu\u00f1a y convertidos hoy en","og:url":"https:\/\/www.eldigitaldeasturias.com\/noticias\/los-cdr-la-defensa-popular-de-la-republica-catalana\/","article:tag":["actualidad"],"article:published_time":"2018-03-11T03:01:29+00:00","article:modified_time":"2018-03-11T03:01:29+00:00","article:publisher":"https:\/\/facebook.com\/eldigitaldeasturias","twitter:card":"summary_large_image","twitter:title":"Los CDR, la defensa popular de la \u2018Rep\u00fablica\u2019 catalana - El Digital de Asturias","twitter:description":"Barcelona, 10 mar (dpa) - Son m\u00e1s de un centenar, aglutinan a miles de activistas por la supuesta &quot;Rep\u00fablica&quot; catalana y constituyen, de facto, su mejor estructura de Estado. Son los Comit\u00e9s de Defensa de la Rep\u00fablica (CDR), grupos nacidos para defender el refer\u00e9ndum soberanista del 1 de octubre en Catalu\u00f1a y convertidos hoy en","twitter:image":"https:\/\/www.eldigitaldeasturias.com\/noticias\/wp-content\/uploads\/2020\/12\/EDA-1.jpg","twitter:label1":"Escrito por","twitter:data1":"El Digital de Asturias","twitter:label2":"Tiempo de lectura estimado","twitter:data2":"5 minutos"},"aioseo_meta_data":{"post_id":"971510","title":null,"description":null,"keywords":null,"keyphrases":null,"primary_term":null,"canonical_url":null,"og_title":null,"og_description":null,"og_object_type":"default","og_image_type":"default","og_image_url":null,"og_image_width":null,"og_image_height":null,"og_image_custom_url":null,"og_image_custom_fields":null,"og_video":null,"og_custom_url":null,"og_article_section":null,"og_article_tags":null,"twitter_use_og":false,"twitter_card":"default","twitter_image_type":"default","twitter_image_url":null,"twitter_image_custom_url":null,"twitter_image_custom_fields":null,"twitter_title":null,"twitter_description":null,"schema":{"blockGraphs":[],"customGraphs":[],"default":{"data":{"Article":[],"Course":[],"Dataset":[],"FAQPage":[],"Movie":[],"Person":[],"Product":[],"ProductReview":[],"Car":[],"Recipe":[],"Service":[],"SoftwareApplication":[],"WebPage":[]},"graphName":"","isEnabled":true},"graphs":[],"defaultGraph":"","defaultPostTypeGraph":""},"schema_type":null,"schema_type_options":null,"pillar_content":false,"robots_default":true,"robots_noindex":false,"robots_noarchive":false,"robots_nosnippet":false,"robots_nofollow":false,"robots_noimageindex":false,"robots_noodp":false,"robots_notranslate":false,"robots_max_snippet":null,"robots_max_videopreview":null,"robots_max_imagepreview":"large","priority":null,"frequency":null,"local_seo":null,"seo_analyzer_scan_date":"2025-10-07 09:26:09","breadcrumb_settings":null,"limit_modified_date":false,"open_ai":null,"ai":null,"created":"2020-12-21 12:21:38","updated":"2025-10-07 09:26:09","focus_keyword":null,"additional_keywords":null,"truseo_locale":null},"aioseo_breadcrumb":"<div class=\"aioseo-breadcrumbs\"><span class=\"aioseo-breadcrumb\">\n\t<a href=\"https:\/\/www.eldigitaldeasturias.com\/noticias\" title=\"Home\">Home<\/a>\n<\/span><span class=\"aioseo-breadcrumb-separator\">\u2013<\/span><span class=\"aioseo-breadcrumb\">\n\t<a href=\"https:\/\/www.eldigitaldeasturias.com\/noticias\/category\/actualidad\/\" title=\"Actualidad\">Actualidad<\/a>\n<\/span><span class=\"aioseo-breadcrumb-separator\">\u2013<\/span><span class=\"aioseo-breadcrumb\">\n\t<a href=\"https:\/\/www.eldigitaldeasturias.com\/noticias\/los-cdr-la-defensa-popular-de-la-republica-catalana\/\" title=\"Los CDR, la defensa popular de la \u2018Rep\u00fablica\u2019 catalana\">Los CDR, la defensa popular de la \u2018Rep\u00fablica\u2019 catalana<\/a>\n<\/span><\/div>","aioseo_breadcrumb_json":[{"label":"Home","link":"https:\/\/www.eldigitaldeasturias.com\/noticias"},{"label":"Actualidad","link":"https:\/\/www.eldigitaldeasturias.com\/noticias\/category\/actualidad\/"},{"label":"Los CDR, la defensa popular de la &#8216;Rep\u00fablica&#8217; catalana","link":"https:\/\/www.eldigitaldeasturias.com\/noticias\/los-cdr-la-defensa-popular-de-la-republica-catalana\/"}],"_links":{"self":[{"href":"https:\/\/www.eldigitaldeasturias.com\/noticias\/wp-json\/wp\/v2\/posts\/971510","targetHints":{"allow":["GET"]}}],"collection":[{"href":"https:\/\/www.eldigitaldeasturias.com\/noticias\/wp-json\/wp\/v2\/posts"}],"about":[{"href":"https:\/\/www.eldigitaldeasturias.com\/noticias\/wp-json\/wp\/v2\/types\/post"}],"author":[{"embeddable":true,"href":"https:\/\/www.eldigitaldeasturias.com\/noticias\/wp-json\/wp\/v2\/users\/1"}],"replies":[{"embeddable":true,"href":"https:\/\/www.eldigitaldeasturias.com\/noticias\/wp-json\/wp\/v2\/comments?post=971510"}],"version-history":[{"count":0,"href":"https:\/\/www.eldigitaldeasturias.com\/noticias\/wp-json\/wp\/v2\/posts\/971510\/revisions"}],"wp:attachment":[{"href":"https:\/\/www.eldigitaldeasturias.com\/noticias\/wp-json\/wp\/v2\/media?parent=971510"}],"wp:term":[{"taxonomy":"category","embeddable":true,"href":"https:\/\/www.eldigitaldeasturias.com\/noticias\/wp-json\/wp\/v2\/categories?post=971510"},{"taxonomy":"post_tag","embeddable":true,"href":"https:\/\/www.eldigitaldeasturias.com\/noticias\/wp-json\/wp\/v2\/tags?post=971510"}],"curies":[{"name":"wp","href":"https:\/\/api.w.org\/{rel}","templated":true}]}}