{"id":971465,"date":"2018-03-10T14:42:56","date_gmt":"2018-03-10T14:42:56","guid":{"rendered":"http:\/\/www.eldigitaldeasturias.com\/noticias\/?p=971465"},"modified":"2018-03-10T14:42:56","modified_gmt":"2018-03-10T14:42:56","slug":"espana-contara-con-una-estrategia-estatal-de-infraestructura-verde-este-ano","status":"publish","type":"post","link":"https:\/\/www.eldigitaldeasturias.com\/noticias\/espana-contara-con-una-estrategia-estatal-de-infraestructura-verde-este-ano\/","title":{"rendered":"Espa\u00f1a contar\u00e1 con una Estrategia Estatal de Infraestructura Verde este a\u00f1o"},"content":{"rendered":"<p><img loading=\"lazy\" decoding=\"async\" class=\"alignleft size-medium wp-image-971466\" src=\"https:\/\/www.eldigitaldeasturias.com\/noticias\/wp-content\/uploads\/2018\/03\/090318InformeWWF_SEMA-360x239.jpg\" alt=\"\" width=\"360\" height=\"239\" \/>El objetivo de esta Estrategia ser\u00e1 marcar directrices para conservar corredores en todo el territorio, terrestre y marino, que aseguren la conectividad ecol\u00f3gica y la funcionalidad de los ecosistemas.<\/p>\n<p>\u200bLa secretaria de Estado de Medio Ambiente, Mar\u00eda Garc\u00eda Rodr\u00edguez, ha anunciado que Espa\u00f1a contar\u00e1 este a\u00f1o con una Estrategia Estatal de Infraestructura Verde y de conectividad y restauraci\u00f3n ecol\u00f3gicas, que se encuentra actualmente en proceso de elaboraci\u00f3n, \u00abun instrumento normativo que permitir\u00e1 garantizar que la biodiversidad y los servicios ecosist\u00e9micos del conjunto del territorio sean integrados en la planificaci\u00f3n territorial y sectorial\u00bb, ha detallado.<\/p>\n<p>La secretaria de Estado ha participado, esta ma\u00f1ana, en la sede de la Comisi\u00f3n Europea en Madrid, en una jornada organizada por la ONG WWF sobre corredores ecol\u00f3gicos, en la que tambi\u00e9n ha participado el director general de Medio Ambiente de la Comisi\u00f3n Europea, Daniel Calleja, y el secretario general de WWF, Juan Carlos del Olmo.<\/p>\n<p>Garc\u00eda Rodr\u00edguez ha se\u00f1alado que el objetivo de la Estrategia Estatal de Infraestructura Verde es marcar las directrices para identificar y conservar los elementos que componen la infraestructura verde del territorio espa\u00f1ol, terrestre y marino, para poder planificar, territorial y sectorialmente, por parte de las administraciones p\u00fablicas, las actuaciones que aseguren la conectividad ecol\u00f3gica y la funcionalidad de los ecosistemas.<\/p>\n<p>El Ministerio de Agricultura y Pesca, Alimentaci\u00f3n y Medio Ambiente la est\u00e1 elaborando en colaboraci\u00f3n con otros ministerios, Comunidades Aut\u00f3nomas y municipios, para lo que se ha creado un grupo de trabajo, \u00abcon el fin de que sea una estrategia estatal consensuada, que nos permita cumplir con lo previsto en la Ley de Patrimonio Natural y de la Biodiversidad y se incorpore a nuestro ordenamiento jur\u00eddico el concepto de infraestructura verde\u00bb, ha explicado.<\/p>\n<p><strong>Garantizar la conexi\u00f3n de los espacios protegidos<\/strong><\/p>\n<p>Espa\u00f1a, como ha reconocido la UE en sus \u00faltimos informes de evaluaci\u00f3n, ha avanzado en la protecci\u00f3n de sus h\u00e1bitats y recuperaci\u00f3n de especies. \u00abSomos el pa\u00eds m\u00e1s biodiverso de Europa\u00bb, ha resaltado Garc\u00eda Rodr\u00edguez, albergando el 56% de las aves incluidas en la Directiva Aves, el 51% de los H\u00e1bitats y el 32% de las restantes especies de los anejos de la Directiva H\u00e1bitats, adem\u00e1s de contar con 2.100 espacios con alguna figura de protecci\u00f3n.<\/p>\n<p>La secretaria de Estado, en todo caso, se ha mostrado consciente de que la importancia de conectar los espacios que ya est\u00e1n protegidos aisladamente para incrementar la conservaci\u00f3n de su biodiversidad. \u00abAunque la fragmentaci\u00f3n de los h\u00e1bitats sea menos acusada en Espa\u00f1a, desde la perspectiva de la conservaci\u00f3n de la biodiversidad es importante facilitar la dispersi\u00f3n y el tr\u00e1nsito de las especies, la migraci\u00f3n de las poblaciones y el intercambio gen\u00e9tico\u00bb, ha apuntado. \u00abLas pol\u00edticas decisivas para el bienestar de la poblaci\u00f3n, como las h\u00eddricas, agr\u00edcolas, energ\u00e9ticas o de transporte, no pueden provocar un efecto barrera\u00bb, ha a\u00f1adido.<\/p>\n<p>El Gobierno, en todo caso, mientras termina de ultimar esta estrategia nacional global, continua avanzando en proyectos de conectividad concretos, ha destacado la secretaria de Estado de Medio Ambiente.<\/p>\n","protected":false},"excerpt":{"rendered":"<p>El objetivo de esta Estrategia ser\u00e1 marcar directrices para conservar corredores en todo el territorio, terrestre y marino, que aseguren la conectividad ecol\u00f3gica y la funcionalidad de los ecosistemas. \u200bLa secretaria de Estado de Medio Ambiente, Mar\u00eda Garc\u00eda Rodr\u00edguez, ha anunciado que Espa\u00f1a contar\u00e1 este a\u00f1o con una Estrategia Estatal de Infraestructura Verde y de [&hellip;]<\/p>\n","protected":false},"author":1,"featured_media":971466,"comment_status":"closed","ping_status":"closed","sticky":false,"template":"","format":"standard","meta":{"footnotes":""},"categories":[1],"tags":[],"class_list":["post-971465","post","type-post","status-publish","format-standard","has-post-thumbnail","hentry","category-actualidad"],"aioseo_notices":[],"aioseo_head":"\n\t\t<!-- All in One SEO Pro 5.0.1 - aioseo.com -->\n\t<meta name=\"description\" content=\"El objetivo de esta Estrategia ser\u00e1 marcar directrices para conservar corredores en todo el territorio, terrestre y marino, que aseguren la conectividad ecol\u00f3gica y la funcionalidad de los ecosistemas. \u200bLa secretaria de Estado de Medio Ambiente, Mar\u00eda Garc\u00eda Rodr\u00edguez, ha anunciado que Espa\u00f1a contar\u00e1 este a\u00f1o con una Estrategia Estatal de Infraestructura Verde y de\" \/>\n\t<meta name=\"robots\" content=\"max-image-preview:large\" \/>\n\t<meta name=\"author\" content=\"El Digital de Asturias\"\/>\n\t<meta name=\"google-site-verification\" content=\"UA-38556648-1\" \/>\n\t<meta name=\"msvalidate.01\" content=\"7dfe9f3f1b24437ab69f4f2559babe99\" \/>\n\t<meta name=\"keywords\" content=\"actualidad\" \/>\n\t<link rel=\"canonical\" href=\"https:\/\/www.eldigitaldeasturias.com\/noticias\/espana-contara-con-una-estrategia-estatal-de-infraestructura-verde-este-ano\/\" \/>\n\t<meta name=\"generator\" content=\"All in One SEO Pro (AIOSEO) 5.0.1\" \/>\n\t\t<meta property=\"og:locale\" content=\"es_ES\" \/>\n\t\t<meta property=\"og:site_name\" content=\"El Digital de Asturias\" \/>\n\t\t<meta property=\"og:type\" content=\"article\" \/>\n\t\t<meta property=\"og:title\" content=\"Espa\u00f1a contar\u00e1 con una Estrategia Estatal de Infraestructura Verde este a\u00f1o - El Digital de Asturias\" \/>\n\t\t<meta property=\"og:description\" content=\"El objetivo de esta Estrategia ser\u00e1 marcar directrices para conservar corredores en todo el territorio, terrestre y marino, que aseguren la conectividad ecol\u00f3gica y la funcionalidad de los ecosistemas. \u200bLa secretaria de Estado de Medio Ambiente, Mar\u00eda Garc\u00eda Rodr\u00edguez, ha anunciado que Espa\u00f1a contar\u00e1 este a\u00f1o con una Estrategia Estatal de Infraestructura Verde y de\" \/>\n\t\t<meta property=\"og:url\" content=\"https:\/\/www.eldigitaldeasturias.com\/noticias\/espana-contara-con-una-estrategia-estatal-de-infraestructura-verde-este-ano\/\" \/>\n\t\t<meta property=\"article:tag\" content=\"actualidad\" \/>\n\t\t<meta property=\"article:published_time\" content=\"2018-03-10T14:42:56+00:00\" \/>\n\t\t<meta property=\"article:modified_time\" content=\"2018-03-10T14:42:56+00:00\" \/>\n\t\t<meta property=\"article:publisher\" content=\"https:\/\/facebook.com\/eldigitaldeasturias\" \/>\n\t\t<meta name=\"twitter:card\" content=\"summary_large_image\" \/>\n\t\t<meta name=\"twitter:title\" content=\"Espa\u00f1a contar\u00e1 con una Estrategia Estatal de Infraestructura Verde este a\u00f1o - El Digital de Asturias\" \/>\n\t\t<meta name=\"twitter:description\" content=\"El objetivo de esta Estrategia ser\u00e1 marcar directrices para conservar corredores en todo el territorio, terrestre y marino, que aseguren la conectividad ecol\u00f3gica y la funcionalidad de los ecosistemas. \u200bLa secretaria de Estado de Medio Ambiente, Mar\u00eda Garc\u00eda Rodr\u00edguez, ha anunciado que Espa\u00f1a contar\u00e1 este a\u00f1o con una Estrategia Estatal de Infraestructura Verde y de\" \/>\n\t\t<meta name=\"twitter:image\" content=\"https:\/\/www.eldigitaldeasturias.com\/noticias\/wp-content\/uploads\/2020\/12\/EDA-1.jpg\" \/>\n\t\t<meta name=\"twitter:label1\" content=\"Escrito por\" \/>\n\t\t<meta name=\"twitter:data1\" content=\"El Digital de Asturias\" \/>\n\t\t<meta name=\"twitter:label2\" content=\"Tiempo de lectura estimado\" \/>\n\t\t<meta name=\"twitter:data2\" content=\"3 minutos\" \/>\n\t\t<script type=\"application\/ld+json\" class=\"aioseo-schema\">\n\t\t\t{\"@context\":\"https:\\\/\\\/schema.org\",\"@graph\":[{\"@type\":\"BlogPosting\",\"@id\":\"https:\\\/\\\/www.eldigitaldeasturias.com\\\/noticias\\\/espana-contara-con-una-estrategia-estatal-de-infraestructura-verde-este-ano\\\/#blogposting\",\"name\":\"Espa\\u00f1a contar\\u00e1 con una Estrategia Estatal de Infraestructura Verde este a\\u00f1o - El Digital de Asturias\",\"headline\":\"Espa\\u00f1a contar\\u00e1 con una Estrategia Estatal de Infraestructura Verde este a\\u00f1o\",\"author\":{\"@id\":\"https:\\\/\\\/www.eldigitaldeasturias.com\\\/noticias\\\/author\\\/admin\\\/#author\"},\"publisher\":{\"@id\":\"https:\\\/\\\/www.eldigitaldeasturias.com\\\/noticias\\\/#organization\"},\"image\":{\"@type\":\"ImageObject\",\"url\":971466},\"datePublished\":\"2018-03-10T14:42:56+01:00\",\"dateModified\":\"2018-03-10T14:42:56+01:00\",\"inLanguage\":\"es-ES\",\"mainEntityOfPage\":{\"@id\":\"https:\\\/\\\/www.eldigitaldeasturias.com\\\/noticias\\\/espana-contara-con-una-estrategia-estatal-de-infraestructura-verde-este-ano\\\/#webpage\"},\"isPartOf\":{\"@id\":\"https:\\\/\\\/www.eldigitaldeasturias.com\\\/noticias\\\/espana-contara-con-una-estrategia-estatal-de-infraestructura-verde-este-ano\\\/#webpage\"},\"articleSection\":\"Actualidad\"},{\"@type\":\"BreadcrumbList\",\"@id\":\"https:\\\/\\\/www.eldigitaldeasturias.com\\\/noticias\\\/espana-contara-con-una-estrategia-estatal-de-infraestructura-verde-este-ano\\\/#breadcrumblist\",\"itemListElement\":[{\"@type\":\"ListItem\",\"@id\":\"https:\\\/\\\/www.eldigitaldeasturias.com\\\/noticias#listItem\",\"position\":1,\"name\":\"Home\",\"item\":\"https:\\\/\\\/www.eldigitaldeasturias.com\\\/noticias\",\"nextItem\":{\"@type\":\"ListItem\",\"@id\":\"https:\\\/\\\/www.eldigitaldeasturias.com\\\/noticias\\\/category\\\/actualidad\\\/#listItem\",\"name\":\"Actualidad\"}},{\"@type\":\"ListItem\",\"@id\":\"https:\\\/\\\/www.eldigitaldeasturias.com\\\/noticias\\\/category\\\/actualidad\\\/#listItem\",\"position\":2,\"name\":\"Actualidad\",\"item\":\"https:\\\/\\\/www.eldigitaldeasturias.com\\\/noticias\\\/category\\\/actualidad\\\/\",\"nextItem\":{\"@type\":\"ListItem\",\"@id\":\"https:\\\/\\\/www.eldigitaldeasturias.com\\\/noticias\\\/espana-contara-con-una-estrategia-estatal-de-infraestructura-verde-este-ano\\\/#listItem\",\"name\":\"Espa\\u00f1a contar\\u00e1 con una Estrategia Estatal de Infraestructura Verde este a\\u00f1o\"},\"previousItem\":{\"@type\":\"ListItem\",\"@id\":\"https:\\\/\\\/www.eldigitaldeasturias.com\\\/noticias#listItem\",\"name\":\"Home\"}},{\"@type\":\"ListItem\",\"@id\":\"https:\\\/\\\/www.eldigitaldeasturias.com\\\/noticias\\\/espana-contara-con-una-estrategia-estatal-de-infraestructura-verde-este-ano\\\/#listItem\",\"position\":3,\"name\":\"Espa\\u00f1a contar\\u00e1 con una Estrategia Estatal de Infraestructura Verde este a\\u00f1o\",\"previousItem\":{\"@type\":\"ListItem\",\"@id\":\"https:\\\/\\\/www.eldigitaldeasturias.com\\\/noticias\\\/category\\\/actualidad\\\/#listItem\",\"name\":\"Actualidad\"}}]},{\"@type\":\"Organization\",\"@id\":\"https:\\\/\\\/www.eldigitaldeasturias.com\\\/noticias\\\/#organization\",\"name\":\"El Digital de Asturias\",\"description\":\"Hemeroteca\",\"url\":\"https:\\\/\\\/www.eldigitaldeasturias.com\\\/noticias\\\/\",\"email\":\"info@eldigitaldeasturias.com\",\"telephone\":\"+34652131393\",\"logo\":{\"@type\":\"ImageObject\",\"url\":\"https:\\\/\\\/www.eldigitaldeasturias.com\\\/noticias\\\/wp-content\\\/uploads\\\/2020\\\/12\\\/EDA.jpg\",\"@id\":\"https:\\\/\\\/www.eldigitaldeasturias.com\\\/noticias\\\/espana-contara-con-una-estrategia-estatal-de-infraestructura-verde-este-ano\\\/#organizationLogo\"},\"image\":{\"@id\":\"https:\\\/\\\/www.eldigitaldeasturias.com\\\/noticias\\\/espana-contara-con-una-estrategia-estatal-de-infraestructura-verde-este-ano\\\/#organizationLogo\"},\"sameAs\":[\"https:\\\/\\\/facebook.com\\\/eldigitaldeasturias\",\"https:\\\/\\\/www.youtube.com\\\/channel\\\/UCZP-2wLEB9Rv6erhFmqVnvg\"],\"address\":{\"@id\":\"https:\\\/\\\/www.eldigitaldeasturias.com\\\/noticias\\\/#postaladdress\",\"@type\":\"PostalAddress\",\"streetAddress\":\"san antonio 4\",\"postalCode\":\"33430\",\"addressLocality\":\"Cand\\u00e1s\",\"addressRegion\":\"Asturias\",\"addressCountry\":\"ES\"}},{\"@type\":\"Person\",\"@id\":\"https:\\\/\\\/www.eldigitaldeasturias.com\\\/noticias\\\/author\\\/admin\\\/#author\",\"url\":\"https:\\\/\\\/www.eldigitaldeasturias.com\\\/noticias\\\/author\\\/admin\\\/\",\"name\":\"El Digital de Asturias\",\"image\":{\"@type\":\"ImageObject\",\"@id\":\"https:\\\/\\\/www.eldigitaldeasturias.com\\\/noticias\\\/espana-contara-con-una-estrategia-estatal-de-infraestructura-verde-este-ano\\\/#authorImage\",\"url\":\"https:\\\/\\\/secure.gravatar.com\\\/avatar\\\/df2aeffc32bcd13f8d26072ef8a91b623d677766deac7f97ca815868cd41bf5e?s=96&d=mm&r=g\",\"width\":96,\"height\":96,\"caption\":\"El Digital de Asturias\"}},{\"@type\":\"WebPage\",\"@id\":\"https:\\\/\\\/www.eldigitaldeasturias.com\\\/noticias\\\/espana-contara-con-una-estrategia-estatal-de-infraestructura-verde-este-ano\\\/#webpage\",\"url\":\"https:\\\/\\\/www.eldigitaldeasturias.com\\\/noticias\\\/espana-contara-con-una-estrategia-estatal-de-infraestructura-verde-este-ano\\\/\",\"name\":\"Espa\\u00f1a contar\\u00e1 con una Estrategia Estatal de Infraestructura Verde este a\\u00f1o - El Digital de Asturias\",\"description\":\"El objetivo de esta Estrategia ser\\u00e1 marcar directrices para conservar corredores en todo el territorio, terrestre y marino, que aseguren la conectividad ecol\\u00f3gica y la funcionalidad de los ecosistemas. \\u200bLa secretaria de Estado de Medio Ambiente, Mar\\u00eda Garc\\u00eda Rodr\\u00edguez, ha anunciado que Espa\\u00f1a contar\\u00e1 este a\\u00f1o con una Estrategia Estatal de Infraestructura Verde y de\",\"inLanguage\":\"es-ES\",\"isPartOf\":{\"@id\":\"https:\\\/\\\/www.eldigitaldeasturias.com\\\/noticias\\\/#website\"},\"breadcrumb\":{\"@id\":\"https:\\\/\\\/www.eldigitaldeasturias.com\\\/noticias\\\/espana-contara-con-una-estrategia-estatal-de-infraestructura-verde-este-ano\\\/#breadcrumblist\"},\"author\":{\"@id\":\"https:\\\/\\\/www.eldigitaldeasturias.com\\\/noticias\\\/author\\\/admin\\\/#author\"},\"creator\":{\"@id\":\"https:\\\/\\\/www.eldigitaldeasturias.com\\\/noticias\\\/author\\\/admin\\\/#author\"},\"image\":{\"@type\":\"ImageObject\",\"url\":971466,\"@id\":\"https:\\\/\\\/www.eldigitaldeasturias.com\\\/noticias\\\/espana-contara-con-una-estrategia-estatal-de-infraestructura-verde-este-ano\\\/#mainImage\"},\"primaryImageOfPage\":{\"@id\":\"https:\\\/\\\/www.eldigitaldeasturias.com\\\/noticias\\\/espana-contara-con-una-estrategia-estatal-de-infraestructura-verde-este-ano\\\/#mainImage\"},\"datePublished\":\"2018-03-10T14:42:56+01:00\",\"dateModified\":\"2018-03-10T14:42:56+01:00\"},{\"@type\":\"WebSite\",\"@id\":\"https:\\\/\\\/www.eldigitaldeasturias.com\\\/noticias\\\/#website\",\"url\":\"https:\\\/\\\/www.eldigitaldeasturias.com\\\/noticias\\\/\",\"name\":\"El Digital de Asturias - Diario de actualidad y noticias\",\"alternateName\":\"El Digital de Asturias - Diario de actualidad y noticias\",\"description\":\"Hemeroteca\",\"inLanguage\":\"es-ES\",\"publisher\":{\"@id\":\"https:\\\/\\\/www.eldigitaldeasturias.com\\\/noticias\\\/#organization\"}}]}\n\t\t<\/script>\n\t\t<!-- All in One SEO Pro -->\r\n\t\t<title>Espa\u00f1a contar\u00e1 con una Estrategia Estatal de Infraestructura Verde este a\u00f1o - El Digital de Asturias<\/title>\n\n","aioseo_head_json":{"title":"Espa\u00f1a contar\u00e1 con una Estrategia Estatal de Infraestructura Verde este a\u00f1o - El Digital de Asturias","description":"El objetivo de esta Estrategia ser\u00e1 marcar directrices para conservar corredores en todo el territorio, terrestre y marino, que aseguren la conectividad ecol\u00f3gica y la funcionalidad de los ecosistemas. \u200bLa secretaria de Estado de Medio Ambiente, Mar\u00eda Garc\u00eda Rodr\u00edguez, ha anunciado que Espa\u00f1a contar\u00e1 este a\u00f1o con una Estrategia Estatal de Infraestructura Verde y de","canonical_url":"https:\/\/www.eldigitaldeasturias.com\/noticias\/espana-contara-con-una-estrategia-estatal-de-infraestructura-verde-este-ano\/","robots":"max-image-preview:large","keywords":"actualidad","webmasterTools":{"google-site-verification":"UA-38556648-1","msvalidate.01":"7dfe9f3f1b24437ab69f4f2559babe99","miscellaneous":""},"schema":{"@context":"https:\/\/schema.org","@graph":[{"@type":"BlogPosting","@id":"https:\/\/www.eldigitaldeasturias.com\/noticias\/espana-contara-con-una-estrategia-estatal-de-infraestructura-verde-este-ano\/#blogposting","name":"Espa\u00f1a contar\u00e1 con una Estrategia Estatal de Infraestructura Verde este a\u00f1o - El Digital de Asturias","headline":"Espa\u00f1a contar\u00e1 con una Estrategia Estatal de Infraestructura Verde este a\u00f1o","author":{"@id":"https:\/\/www.eldigitaldeasturias.com\/noticias\/author\/admin\/#author"},"publisher":{"@id":"https:\/\/www.eldigitaldeasturias.com\/noticias\/#organization"},"image":{"@type":"ImageObject","url":971466},"datePublished":"2018-03-10T14:42:56+01:00","dateModified":"2018-03-10T14:42:56+01:00","inLanguage":"es-ES","mainEntityOfPage":{"@id":"https:\/\/www.eldigitaldeasturias.com\/noticias\/espana-contara-con-una-estrategia-estatal-de-infraestructura-verde-este-ano\/#webpage"},"isPartOf":{"@id":"https:\/\/www.eldigitaldeasturias.com\/noticias\/espana-contara-con-una-estrategia-estatal-de-infraestructura-verde-este-ano\/#webpage"},"articleSection":"Actualidad"},{"@type":"BreadcrumbList","@id":"https:\/\/www.eldigitaldeasturias.com\/noticias\/espana-contara-con-una-estrategia-estatal-de-infraestructura-verde-este-ano\/#breadcrumblist","itemListElement":[{"@type":"ListItem","@id":"https:\/\/www.eldigitaldeasturias.com\/noticias#listItem","position":1,"name":"Home","item":"https:\/\/www.eldigitaldeasturias.com\/noticias","nextItem":{"@type":"ListItem","@id":"https:\/\/www.eldigitaldeasturias.com\/noticias\/category\/actualidad\/#listItem","name":"Actualidad"}},{"@type":"ListItem","@id":"https:\/\/www.eldigitaldeasturias.com\/noticias\/category\/actualidad\/#listItem","position":2,"name":"Actualidad","item":"https:\/\/www.eldigitaldeasturias.com\/noticias\/category\/actualidad\/","nextItem":{"@type":"ListItem","@id":"https:\/\/www.eldigitaldeasturias.com\/noticias\/espana-contara-con-una-estrategia-estatal-de-infraestructura-verde-este-ano\/#listItem","name":"Espa\u00f1a contar\u00e1 con una Estrategia Estatal de Infraestructura Verde este a\u00f1o"},"previousItem":{"@type":"ListItem","@id":"https:\/\/www.eldigitaldeasturias.com\/noticias#listItem","name":"Home"}},{"@type":"ListItem","@id":"https:\/\/www.eldigitaldeasturias.com\/noticias\/espana-contara-con-una-estrategia-estatal-de-infraestructura-verde-este-ano\/#listItem","position":3,"name":"Espa\u00f1a contar\u00e1 con una Estrategia Estatal de Infraestructura Verde este a\u00f1o","previousItem":{"@type":"ListItem","@id":"https:\/\/www.eldigitaldeasturias.com\/noticias\/category\/actualidad\/#listItem","name":"Actualidad"}}]},{"@type":"Organization","@id":"https:\/\/www.eldigitaldeasturias.com\/noticias\/#organization","name":"El Digital de Asturias","description":"Hemeroteca","url":"https:\/\/www.eldigitaldeasturias.com\/noticias\/","email":"info@eldigitaldeasturias.com","telephone":"+34652131393","logo":{"@type":"ImageObject","url":"https:\/\/www.eldigitaldeasturias.com\/noticias\/wp-content\/uploads\/2020\/12\/EDA.jpg","@id":"https:\/\/www.eldigitaldeasturias.com\/noticias\/espana-contara-con-una-estrategia-estatal-de-infraestructura-verde-este-ano\/#organizationLogo"},"image":{"@id":"https:\/\/www.eldigitaldeasturias.com\/noticias\/espana-contara-con-una-estrategia-estatal-de-infraestructura-verde-este-ano\/#organizationLogo"},"sameAs":["https:\/\/facebook.com\/eldigitaldeasturias","https:\/\/www.youtube.com\/channel\/UCZP-2wLEB9Rv6erhFmqVnvg"],"address":{"@id":"https:\/\/www.eldigitaldeasturias.com\/noticias\/#postaladdress","@type":"PostalAddress","streetAddress":"san antonio 4","postalCode":"33430","addressLocality":"Cand\u00e1s","addressRegion":"Asturias","addressCountry":"ES"}},{"@type":"Person","@id":"https:\/\/www.eldigitaldeasturias.com\/noticias\/author\/admin\/#author","url":"https:\/\/www.eldigitaldeasturias.com\/noticias\/author\/admin\/","name":"El Digital de Asturias","image":{"@type":"ImageObject","@id":"https:\/\/www.eldigitaldeasturias.com\/noticias\/espana-contara-con-una-estrategia-estatal-de-infraestructura-verde-este-ano\/#authorImage","url":"https:\/\/secure.gravatar.com\/avatar\/df2aeffc32bcd13f8d26072ef8a91b623d677766deac7f97ca815868cd41bf5e?s=96&d=mm&r=g","width":96,"height":96,"caption":"El Digital de Asturias"}},{"@type":"WebPage","@id":"https:\/\/www.eldigitaldeasturias.com\/noticias\/espana-contara-con-una-estrategia-estatal-de-infraestructura-verde-este-ano\/#webpage","url":"https:\/\/www.eldigitaldeasturias.com\/noticias\/espana-contara-con-una-estrategia-estatal-de-infraestructura-verde-este-ano\/","name":"Espa\u00f1a contar\u00e1 con una Estrategia Estatal de Infraestructura Verde este a\u00f1o - El Digital de Asturias","description":"El objetivo de esta Estrategia ser\u00e1 marcar directrices para conservar corredores en todo el territorio, terrestre y marino, que aseguren la conectividad ecol\u00f3gica y la funcionalidad de los ecosistemas. \u200bLa secretaria de Estado de Medio Ambiente, Mar\u00eda Garc\u00eda Rodr\u00edguez, ha anunciado que Espa\u00f1a contar\u00e1 este a\u00f1o con una Estrategia Estatal de Infraestructura Verde y de","inLanguage":"es-ES","isPartOf":{"@id":"https:\/\/www.eldigitaldeasturias.com\/noticias\/#website"},"breadcrumb":{"@id":"https:\/\/www.eldigitaldeasturias.com\/noticias\/espana-contara-con-una-estrategia-estatal-de-infraestructura-verde-este-ano\/#breadcrumblist"},"author":{"@id":"https:\/\/www.eldigitaldeasturias.com\/noticias\/author\/admin\/#author"},"creator":{"@id":"https:\/\/www.eldigitaldeasturias.com\/noticias\/author\/admin\/#author"},"image":{"@type":"ImageObject","url":971466,"@id":"https:\/\/www.eldigitaldeasturias.com\/noticias\/espana-contara-con-una-estrategia-estatal-de-infraestructura-verde-este-ano\/#mainImage"},"primaryImageOfPage":{"@id":"https:\/\/www.eldigitaldeasturias.com\/noticias\/espana-contara-con-una-estrategia-estatal-de-infraestructura-verde-este-ano\/#mainImage"},"datePublished":"2018-03-10T14:42:56+01:00","dateModified":"2018-03-10T14:42:56+01:00"},{"@type":"WebSite","@id":"https:\/\/www.eldigitaldeasturias.com\/noticias\/#website","url":"https:\/\/www.eldigitaldeasturias.com\/noticias\/","name":"El Digital de Asturias - Diario de actualidad y noticias","alternateName":"El Digital de Asturias - Diario de actualidad y noticias","description":"Hemeroteca","inLanguage":"es-ES","publisher":{"@id":"https:\/\/www.eldigitaldeasturias.com\/noticias\/#organization"}}]},"og:locale":"es_ES","og:site_name":"El Digital de Asturias","og:type":"article","og:title":"Espa\u00f1a contar\u00e1 con una Estrategia Estatal de Infraestructura Verde este a\u00f1o - El Digital de Asturias","og:description":"El objetivo de esta Estrategia ser\u00e1 marcar directrices para conservar corredores en todo el territorio, terrestre y marino, que aseguren la conectividad ecol\u00f3gica y la funcionalidad de los ecosistemas. \u200bLa secretaria de Estado de Medio Ambiente, Mar\u00eda Garc\u00eda Rodr\u00edguez, ha anunciado que Espa\u00f1a contar\u00e1 este a\u00f1o con una Estrategia Estatal de Infraestructura Verde y de","og:url":"https:\/\/www.eldigitaldeasturias.com\/noticias\/espana-contara-con-una-estrategia-estatal-de-infraestructura-verde-este-ano\/","article:tag":["actualidad"],"article:published_time":"2018-03-10T14:42:56+00:00","article:modified_time":"2018-03-10T14:42:56+00:00","article:publisher":"https:\/\/facebook.com\/eldigitaldeasturias","twitter:card":"summary_large_image","twitter:title":"Espa\u00f1a contar\u00e1 con una Estrategia Estatal de Infraestructura Verde este a\u00f1o - El Digital de Asturias","twitter:description":"El objetivo de esta Estrategia ser\u00e1 marcar directrices para conservar corredores en todo el territorio, terrestre y marino, que aseguren la conectividad ecol\u00f3gica y la funcionalidad de los ecosistemas. \u200bLa secretaria de Estado de Medio Ambiente, Mar\u00eda Garc\u00eda Rodr\u00edguez, ha anunciado que Espa\u00f1a contar\u00e1 este a\u00f1o con una Estrategia Estatal de Infraestructura Verde y de","twitter:image":"https:\/\/www.eldigitaldeasturias.com\/noticias\/wp-content\/uploads\/2020\/12\/EDA-1.jpg","twitter:label1":"Escrito por","twitter:data1":"El Digital de Asturias","twitter:label2":"Tiempo de lectura estimado","twitter:data2":"3 minutos"},"aioseo_meta_data":{"post_id":"971465","title":null,"description":null,"keywords":null,"keyphrases":null,"primary_term":null,"canonical_url":null,"og_title":null,"og_description":null,"og_object_type":"default","og_image_type":"default","og_image_url":null,"og_image_width":null,"og_image_height":null,"og_image_custom_url":null,"og_image_custom_fields":null,"og_video":null,"og_custom_url":null,"og_article_section":null,"og_article_tags":null,"twitter_use_og":false,"twitter_card":"default","twitter_image_type":"default","twitter_image_url":null,"twitter_image_custom_url":null,"twitter_image_custom_fields":null,"twitter_title":null,"twitter_description":null,"schema":{"blockGraphs":[],"customGraphs":[],"default":{"data":{"Article":[],"Course":[],"Dataset":[],"FAQPage":[],"Movie":[],"Person":[],"Product":[],"ProductReview":[],"Car":[],"Recipe":[],"Service":[],"SoftwareApplication":[],"WebPage":[]},"graphName":"","isEnabled":true},"graphs":[],"defaultGraph":"","defaultPostTypeGraph":""},"schema_type":null,"schema_type_options":null,"pillar_content":false,"robots_default":true,"robots_noindex":false,"robots_noarchive":false,"robots_nosnippet":false,"robots_nofollow":false,"robots_noimageindex":false,"robots_noodp":false,"robots_notranslate":false,"robots_max_snippet":null,"robots_max_videopreview":null,"robots_max_imagepreview":"large","priority":null,"frequency":null,"local_seo":null,"seo_analyzer_scan_date":"2025-10-07 09:16:10","breadcrumb_settings":null,"limit_modified_date":false,"open_ai":null,"ai":null,"created":"2020-12-21 12:21:38","updated":"2025-10-07 09:16:10","focus_keyword":null,"additional_keywords":null,"truseo_locale":null},"aioseo_breadcrumb":"<div class=\"aioseo-breadcrumbs\"><span class=\"aioseo-breadcrumb\">\n\t<a href=\"https:\/\/www.eldigitaldeasturias.com\/noticias\" title=\"Home\">Home<\/a>\n<\/span><span class=\"aioseo-breadcrumb-separator\">\u2013<\/span><span class=\"aioseo-breadcrumb\">\n\t<a href=\"https:\/\/www.eldigitaldeasturias.com\/noticias\/category\/actualidad\/\" title=\"Actualidad\">Actualidad<\/a>\n<\/span><span class=\"aioseo-breadcrumb-separator\">\u2013<\/span><span class=\"aioseo-breadcrumb\">\n\t<a href=\"https:\/\/www.eldigitaldeasturias.com\/noticias\/espana-contara-con-una-estrategia-estatal-de-infraestructura-verde-este-ano\/\" title=\"Espa\u00f1a contar\u00e1 con una Estrategia Estatal de Infraestructura Verde este a\u00f1o\">Espa\u00f1a contar\u00e1 con una Estrategia Estatal de Infraestructura Verde este a\u00f1o<\/a>\n<\/span><\/div>","aioseo_breadcrumb_json":[{"label":"Home","link":"https:\/\/www.eldigitaldeasturias.com\/noticias"},{"label":"Actualidad","link":"https:\/\/www.eldigitaldeasturias.com\/noticias\/category\/actualidad\/"},{"label":"Espa\u00f1a contar\u00e1 con una Estrategia Estatal de Infraestructura Verde este a\u00f1o","link":"https:\/\/www.eldigitaldeasturias.com\/noticias\/espana-contara-con-una-estrategia-estatal-de-infraestructura-verde-este-ano\/"}],"_links":{"self":[{"href":"https:\/\/www.eldigitaldeasturias.com\/noticias\/wp-json\/wp\/v2\/posts\/971465","targetHints":{"allow":["GET"]}}],"collection":[{"href":"https:\/\/www.eldigitaldeasturias.com\/noticias\/wp-json\/wp\/v2\/posts"}],"about":[{"href":"https:\/\/www.eldigitaldeasturias.com\/noticias\/wp-json\/wp\/v2\/types\/post"}],"author":[{"embeddable":true,"href":"https:\/\/www.eldigitaldeasturias.com\/noticias\/wp-json\/wp\/v2\/users\/1"}],"replies":[{"embeddable":true,"href":"https:\/\/www.eldigitaldeasturias.com\/noticias\/wp-json\/wp\/v2\/comments?post=971465"}],"version-history":[{"count":0,"href":"https:\/\/www.eldigitaldeasturias.com\/noticias\/wp-json\/wp\/v2\/posts\/971465\/revisions"}],"wp:attachment":[{"href":"https:\/\/www.eldigitaldeasturias.com\/noticias\/wp-json\/wp\/v2\/media?parent=971465"}],"wp:term":[{"taxonomy":"category","embeddable":true,"href":"https:\/\/www.eldigitaldeasturias.com\/noticias\/wp-json\/wp\/v2\/categories?post=971465"},{"taxonomy":"post_tag","embeddable":true,"href":"https:\/\/www.eldigitaldeasturias.com\/noticias\/wp-json\/wp\/v2\/tags?post=971465"}],"curies":[{"name":"wp","href":"https:\/\/api.w.org\/{rel}","templated":true}]}}