{"id":971463,"date":"2018-03-10T14:41:08","date_gmt":"2018-03-10T14:41:08","guid":{"rendered":"http:\/\/www.eldigitaldeasturias.com\/noticias\/?p=971463"},"modified":"2018-03-10T14:41:08","modified_gmt":"2018-03-10T14:41:08","slug":"convocadas-100-plazas-de-estancias-profesionales-para-potenciar-la-colaboracion-entre-docentes-europeos","status":"publish","type":"post","link":"https:\/\/www.eldigitaldeasturias.com\/noticias\/convocadas-100-plazas-de-estancias-profesionales-para-potenciar-la-colaboracion-entre-docentes-europeos\/","title":{"rendered":"Convocadas 100 plazas de Estancias Profesionales para potenciar la colaboraci\u00f3n entre docentes europeos"},"content":{"rendered":"<p><img loading=\"lazy\" decoding=\"async\" class=\"alignleft size-medium wp-image-801268\" src=\"https:\/\/www.eldigitaldeasturias.com\/noticias\/wp-content\/uploads\/2015\/08\/aula-360x270.jpg\" alt=\"\" width=\"360\" height=\"270\" \/>El Ministerio de Educaci\u00f3n, Cultura y Deporte ha convocado 100 plazas para el programa de Estancias Profesionales durante el curso 2018-2019 con el objetivo de contribuir a la mejora de la competencia ling\u00fc\u00edstica del profesorado espa\u00f1ol, as\u00ed como para fomentar el intercambio de buenas pr\u00e1cticas pedag\u00f3gicas, adem\u00e1s de facilitar la creaci\u00f3n, o consolidaci\u00f3n, de proyectos comunes entre centros espa\u00f1oles y europeos.<\/p>\n<p>Este programa de movilidad europea ofrece al profesorado espa\u00f1ol la posibilidad de visitar durante dos semanas un centro educativo de otro pa\u00eds europeo para observar de primera mano la realidad educativa de maestros y profesores de otros pa\u00edses. Desde el a\u00f1o 2009, m\u00e1s de 800 docentes de nuestro pa\u00eds han participado en este programa.<\/p>\n<p>El programa estaba destinado -hasta la pasada edici\u00f3n- al profesorado de lenguas extranjeras y a los docentes que imparten sus clases en otra lengua. Este a\u00f1o, como novedad, la convocatoria se dirige al personal funcionario de cuerpos de ense\u00f1anzas no universitarias, imparta o no sus clases en una lengua extranjera, siempre que acredite contar con un suficiente dominio de la lengua del pa\u00eds en el que se quiere realizar la estancia.<\/p>\n<p>Las solicitudes se podr\u00e1n presentar a trav\u00e9s de la sede electr\u00f3nica del Ministerio de Educaci\u00f3n, Cultura y Deporte, donde estar\u00e1 disponible toda la informaci\u00f3n acerca de este programa. El plazo para la presentaci\u00f3n de solicitudes finalizar\u00e1 el pr\u00f3ximo 22 de marzo.<\/p>\n<p>Todos los docentes participantes en el programa documentan el trabajo realizado en el centro visitado y comparten sus experiencias en el blog de Estancias Profesionales del Instituto Nacional de Tecnolog\u00edas Educativas y de Formaci\u00f3n del Profesorado, que sirve en consecuencia como referencia para futuros participantes.<\/p>\n","protected":false},"excerpt":{"rendered":"<p>El Ministerio de Educaci\u00f3n, Cultura y Deporte ha convocado 100 plazas para el programa de Estancias Profesionales durante el curso 2018-2019 con el objetivo de contribuir a la mejora de la competencia ling\u00fc\u00edstica del profesorado espa\u00f1ol, as\u00ed como para fomentar el intercambio de buenas pr\u00e1cticas pedag\u00f3gicas, adem\u00e1s de facilitar la creaci\u00f3n, o consolidaci\u00f3n, de proyectos [&hellip;]<\/p>\n","protected":false},"author":1,"featured_media":801268,"comment_status":"closed","ping_status":"closed","sticky":false,"template":"","format":"standard","meta":{"footnotes":""},"categories":[1],"tags":[],"class_list":["post-971463","post","type-post","status-publish","format-standard","has-post-thumbnail","hentry","category-actualidad"],"aioseo_notices":[],"aioseo_head":"\n\t\t<!-- All in One SEO Pro 5.0.1 - aioseo.com -->\n\t<meta name=\"description\" content=\"El Ministerio de Educaci\u00f3n, Cultura y Deporte ha convocado 100 plazas para el programa de Estancias Profesionales durante el curso 2018-2019 con el objetivo de contribuir a la mejora de la competencia ling\u00fc\u00edstica del profesorado espa\u00f1ol, as\u00ed como para fomentar el intercambio de buenas pr\u00e1cticas pedag\u00f3gicas, adem\u00e1s de facilitar la creaci\u00f3n, o consolidaci\u00f3n, de proyectos\" \/>\n\t<meta name=\"robots\" content=\"max-image-preview:large\" \/>\n\t<meta name=\"author\" content=\"El Digital de Asturias\"\/>\n\t<meta name=\"google-site-verification\" content=\"UA-38556648-1\" \/>\n\t<meta name=\"msvalidate.01\" content=\"7dfe9f3f1b24437ab69f4f2559babe99\" \/>\n\t<meta name=\"keywords\" content=\"actualidad\" \/>\n\t<link rel=\"canonical\" href=\"https:\/\/www.eldigitaldeasturias.com\/noticias\/convocadas-100-plazas-de-estancias-profesionales-para-potenciar-la-colaboracion-entre-docentes-europeos\/\" \/>\n\t<meta name=\"generator\" content=\"All in One SEO Pro (AIOSEO) 5.0.1\" \/>\n\t\t<meta property=\"og:locale\" content=\"es_ES\" \/>\n\t\t<meta property=\"og:site_name\" content=\"El Digital de Asturias\" \/>\n\t\t<meta property=\"og:type\" content=\"article\" \/>\n\t\t<meta property=\"og:title\" content=\"Convocadas 100 plazas de Estancias Profesionales para potenciar la colaboraci\u00f3n entre docentes europeos - El Digital de Asturias\" \/>\n\t\t<meta property=\"og:description\" content=\"El Ministerio de Educaci\u00f3n, Cultura y Deporte ha convocado 100 plazas para el programa de Estancias Profesionales durante el curso 2018-2019 con el objetivo de contribuir a la mejora de la competencia ling\u00fc\u00edstica del profesorado espa\u00f1ol, as\u00ed como para fomentar el intercambio de buenas pr\u00e1cticas pedag\u00f3gicas, adem\u00e1s de facilitar la creaci\u00f3n, o consolidaci\u00f3n, de proyectos\" \/>\n\t\t<meta property=\"og:url\" content=\"https:\/\/www.eldigitaldeasturias.com\/noticias\/convocadas-100-plazas-de-estancias-profesionales-para-potenciar-la-colaboracion-entre-docentes-europeos\/\" \/>\n\t\t<meta property=\"article:tag\" content=\"actualidad\" \/>\n\t\t<meta property=\"article:published_time\" content=\"2018-03-10T14:41:08+00:00\" \/>\n\t\t<meta property=\"article:modified_time\" content=\"2018-03-10T14:41:08+00:00\" \/>\n\t\t<meta property=\"article:publisher\" content=\"https:\/\/facebook.com\/eldigitaldeasturias\" \/>\n\t\t<meta name=\"twitter:card\" content=\"summary_large_image\" \/>\n\t\t<meta name=\"twitter:title\" content=\"Convocadas 100 plazas de Estancias Profesionales para potenciar la colaboraci\u00f3n entre docentes europeos - El Digital de Asturias\" \/>\n\t\t<meta name=\"twitter:description\" content=\"El Ministerio de Educaci\u00f3n, Cultura y Deporte ha convocado 100 plazas para el programa de Estancias Profesionales durante el curso 2018-2019 con el objetivo de contribuir a la mejora de la competencia ling\u00fc\u00edstica del profesorado espa\u00f1ol, as\u00ed como para fomentar el intercambio de buenas pr\u00e1cticas pedag\u00f3gicas, adem\u00e1s de facilitar la creaci\u00f3n, o consolidaci\u00f3n, de proyectos\" \/>\n\t\t<meta name=\"twitter:image\" content=\"https:\/\/www.eldigitaldeasturias.com\/noticias\/wp-content\/uploads\/2020\/12\/EDA-1.jpg\" \/>\n\t\t<meta name=\"twitter:label1\" content=\"Escrito por\" \/>\n\t\t<meta name=\"twitter:data1\" content=\"El Digital de Asturias\" \/>\n\t\t<meta name=\"twitter:label2\" content=\"Tiempo de lectura estimado\" \/>\n\t\t<meta name=\"twitter:data2\" content=\"1 minuto\" \/>\n\t\t<script type=\"application\/ld+json\" class=\"aioseo-schema\">\n\t\t\t{\"@context\":\"https:\\\/\\\/schema.org\",\"@graph\":[{\"@type\":\"BlogPosting\",\"@id\":\"https:\\\/\\\/www.eldigitaldeasturias.com\\\/noticias\\\/convocadas-100-plazas-de-estancias-profesionales-para-potenciar-la-colaboracion-entre-docentes-europeos\\\/#blogposting\",\"name\":\"Convocadas 100 plazas de Estancias Profesionales para potenciar la colaboraci\\u00f3n entre docentes europeos - El Digital de Asturias\",\"headline\":\"Convocadas 100 plazas de Estancias Profesionales para potenciar la colaboraci\\u00f3n entre docentes europeos\",\"author\":{\"@id\":\"https:\\\/\\\/www.eldigitaldeasturias.com\\\/noticias\\\/author\\\/admin\\\/#author\"},\"publisher\":{\"@id\":\"https:\\\/\\\/www.eldigitaldeasturias.com\\\/noticias\\\/#organization\"},\"image\":{\"@type\":\"ImageObject\",\"url\":801268},\"datePublished\":\"2018-03-10T14:41:08+01:00\",\"dateModified\":\"2018-03-10T14:41:08+01:00\",\"inLanguage\":\"es-ES\",\"mainEntityOfPage\":{\"@id\":\"https:\\\/\\\/www.eldigitaldeasturias.com\\\/noticias\\\/convocadas-100-plazas-de-estancias-profesionales-para-potenciar-la-colaboracion-entre-docentes-europeos\\\/#webpage\"},\"isPartOf\":{\"@id\":\"https:\\\/\\\/www.eldigitaldeasturias.com\\\/noticias\\\/convocadas-100-plazas-de-estancias-profesionales-para-potenciar-la-colaboracion-entre-docentes-europeos\\\/#webpage\"},\"articleSection\":\"Actualidad\"},{\"@type\":\"BreadcrumbList\",\"@id\":\"https:\\\/\\\/www.eldigitaldeasturias.com\\\/noticias\\\/convocadas-100-plazas-de-estancias-profesionales-para-potenciar-la-colaboracion-entre-docentes-europeos\\\/#breadcrumblist\",\"itemListElement\":[{\"@type\":\"ListItem\",\"@id\":\"https:\\\/\\\/www.eldigitaldeasturias.com\\\/noticias#listItem\",\"position\":1,\"name\":\"Home\",\"item\":\"https:\\\/\\\/www.eldigitaldeasturias.com\\\/noticias\",\"nextItem\":{\"@type\":\"ListItem\",\"@id\":\"https:\\\/\\\/www.eldigitaldeasturias.com\\\/noticias\\\/category\\\/actualidad\\\/#listItem\",\"name\":\"Actualidad\"}},{\"@type\":\"ListItem\",\"@id\":\"https:\\\/\\\/www.eldigitaldeasturias.com\\\/noticias\\\/category\\\/actualidad\\\/#listItem\",\"position\":2,\"name\":\"Actualidad\",\"item\":\"https:\\\/\\\/www.eldigitaldeasturias.com\\\/noticias\\\/category\\\/actualidad\\\/\",\"nextItem\":{\"@type\":\"ListItem\",\"@id\":\"https:\\\/\\\/www.eldigitaldeasturias.com\\\/noticias\\\/convocadas-100-plazas-de-estancias-profesionales-para-potenciar-la-colaboracion-entre-docentes-europeos\\\/#listItem\",\"name\":\"Convocadas 100 plazas de Estancias Profesionales para potenciar la colaboraci\\u00f3n entre docentes europeos\"},\"previousItem\":{\"@type\":\"ListItem\",\"@id\":\"https:\\\/\\\/www.eldigitaldeasturias.com\\\/noticias#listItem\",\"name\":\"Home\"}},{\"@type\":\"ListItem\",\"@id\":\"https:\\\/\\\/www.eldigitaldeasturias.com\\\/noticias\\\/convocadas-100-plazas-de-estancias-profesionales-para-potenciar-la-colaboracion-entre-docentes-europeos\\\/#listItem\",\"position\":3,\"name\":\"Convocadas 100 plazas de Estancias Profesionales para potenciar la colaboraci\\u00f3n entre docentes europeos\",\"previousItem\":{\"@type\":\"ListItem\",\"@id\":\"https:\\\/\\\/www.eldigitaldeasturias.com\\\/noticias\\\/category\\\/actualidad\\\/#listItem\",\"name\":\"Actualidad\"}}]},{\"@type\":\"Organization\",\"@id\":\"https:\\\/\\\/www.eldigitaldeasturias.com\\\/noticias\\\/#organization\",\"name\":\"El Digital de Asturias\",\"description\":\"Hemeroteca\",\"url\":\"https:\\\/\\\/www.eldigitaldeasturias.com\\\/noticias\\\/\",\"email\":\"info@eldigitaldeasturias.com\",\"telephone\":\"+34652131393\",\"logo\":{\"@type\":\"ImageObject\",\"url\":\"https:\\\/\\\/www.eldigitaldeasturias.com\\\/noticias\\\/wp-content\\\/uploads\\\/2020\\\/12\\\/EDA.jpg\",\"@id\":\"https:\\\/\\\/www.eldigitaldeasturias.com\\\/noticias\\\/convocadas-100-plazas-de-estancias-profesionales-para-potenciar-la-colaboracion-entre-docentes-europeos\\\/#organizationLogo\"},\"image\":{\"@id\":\"https:\\\/\\\/www.eldigitaldeasturias.com\\\/noticias\\\/convocadas-100-plazas-de-estancias-profesionales-para-potenciar-la-colaboracion-entre-docentes-europeos\\\/#organizationLogo\"},\"sameAs\":[\"https:\\\/\\\/facebook.com\\\/eldigitaldeasturias\",\"https:\\\/\\\/www.youtube.com\\\/channel\\\/UCZP-2wLEB9Rv6erhFmqVnvg\"],\"address\":{\"@id\":\"https:\\\/\\\/www.eldigitaldeasturias.com\\\/noticias\\\/#postaladdress\",\"@type\":\"PostalAddress\",\"streetAddress\":\"san antonio 4\",\"postalCode\":\"33430\",\"addressLocality\":\"Cand\\u00e1s\",\"addressRegion\":\"Asturias\",\"addressCountry\":\"ES\"}},{\"@type\":\"Person\",\"@id\":\"https:\\\/\\\/www.eldigitaldeasturias.com\\\/noticias\\\/author\\\/admin\\\/#author\",\"url\":\"https:\\\/\\\/www.eldigitaldeasturias.com\\\/noticias\\\/author\\\/admin\\\/\",\"name\":\"El Digital de Asturias\",\"image\":{\"@type\":\"ImageObject\",\"@id\":\"https:\\\/\\\/www.eldigitaldeasturias.com\\\/noticias\\\/convocadas-100-plazas-de-estancias-profesionales-para-potenciar-la-colaboracion-entre-docentes-europeos\\\/#authorImage\",\"url\":\"https:\\\/\\\/secure.gravatar.com\\\/avatar\\\/df2aeffc32bcd13f8d26072ef8a91b623d677766deac7f97ca815868cd41bf5e?s=96&d=mm&r=g\",\"width\":96,\"height\":96,\"caption\":\"El Digital de Asturias\"}},{\"@type\":\"WebPage\",\"@id\":\"https:\\\/\\\/www.eldigitaldeasturias.com\\\/noticias\\\/convocadas-100-plazas-de-estancias-profesionales-para-potenciar-la-colaboracion-entre-docentes-europeos\\\/#webpage\",\"url\":\"https:\\\/\\\/www.eldigitaldeasturias.com\\\/noticias\\\/convocadas-100-plazas-de-estancias-profesionales-para-potenciar-la-colaboracion-entre-docentes-europeos\\\/\",\"name\":\"Convocadas 100 plazas de Estancias Profesionales para potenciar la colaboraci\\u00f3n entre docentes europeos - El Digital de Asturias\",\"description\":\"El Ministerio de Educaci\\u00f3n, Cultura y Deporte ha convocado 100 plazas para el programa de Estancias Profesionales durante el curso 2018-2019 con el objetivo de contribuir a la mejora de la competencia ling\\u00fc\\u00edstica del profesorado espa\\u00f1ol, as\\u00ed como para fomentar el intercambio de buenas pr\\u00e1cticas pedag\\u00f3gicas, adem\\u00e1s de facilitar la creaci\\u00f3n, o consolidaci\\u00f3n, de proyectos\",\"inLanguage\":\"es-ES\",\"isPartOf\":{\"@id\":\"https:\\\/\\\/www.eldigitaldeasturias.com\\\/noticias\\\/#website\"},\"breadcrumb\":{\"@id\":\"https:\\\/\\\/www.eldigitaldeasturias.com\\\/noticias\\\/convocadas-100-plazas-de-estancias-profesionales-para-potenciar-la-colaboracion-entre-docentes-europeos\\\/#breadcrumblist\"},\"author\":{\"@id\":\"https:\\\/\\\/www.eldigitaldeasturias.com\\\/noticias\\\/author\\\/admin\\\/#author\"},\"creator\":{\"@id\":\"https:\\\/\\\/www.eldigitaldeasturias.com\\\/noticias\\\/author\\\/admin\\\/#author\"},\"image\":{\"@type\":\"ImageObject\",\"url\":801268,\"@id\":\"https:\\\/\\\/www.eldigitaldeasturias.com\\\/noticias\\\/convocadas-100-plazas-de-estancias-profesionales-para-potenciar-la-colaboracion-entre-docentes-europeos\\\/#mainImage\"},\"primaryImageOfPage\":{\"@id\":\"https:\\\/\\\/www.eldigitaldeasturias.com\\\/noticias\\\/convocadas-100-plazas-de-estancias-profesionales-para-potenciar-la-colaboracion-entre-docentes-europeos\\\/#mainImage\"},\"datePublished\":\"2018-03-10T14:41:08+01:00\",\"dateModified\":\"2018-03-10T14:41:08+01:00\"},{\"@type\":\"WebSite\",\"@id\":\"https:\\\/\\\/www.eldigitaldeasturias.com\\\/noticias\\\/#website\",\"url\":\"https:\\\/\\\/www.eldigitaldeasturias.com\\\/noticias\\\/\",\"name\":\"El Digital de Asturias - Diario de actualidad y noticias\",\"alternateName\":\"El Digital de Asturias - Diario de actualidad y noticias\",\"description\":\"Hemeroteca\",\"inLanguage\":\"es-ES\",\"publisher\":{\"@id\":\"https:\\\/\\\/www.eldigitaldeasturias.com\\\/noticias\\\/#organization\"}}]}\n\t\t<\/script>\n\t\t<!-- All in One SEO Pro -->\r\n\t\t<title>Convocadas 100 plazas de Estancias Profesionales para potenciar la colaboraci\u00f3n entre docentes europeos - El Digital de Asturias<\/title>\n\n","aioseo_head_json":{"title":"Convocadas 100 plazas de Estancias Profesionales para potenciar la colaboraci\u00f3n entre docentes europeos - El Digital de Asturias","description":"El Ministerio de Educaci\u00f3n, Cultura y Deporte ha convocado 100 plazas para el programa de Estancias Profesionales durante el curso 2018-2019 con el objetivo de contribuir a la mejora de la competencia ling\u00fc\u00edstica del profesorado espa\u00f1ol, as\u00ed como para fomentar el intercambio de buenas pr\u00e1cticas pedag\u00f3gicas, adem\u00e1s de facilitar la creaci\u00f3n, o consolidaci\u00f3n, de proyectos","canonical_url":"https:\/\/www.eldigitaldeasturias.com\/noticias\/convocadas-100-plazas-de-estancias-profesionales-para-potenciar-la-colaboracion-entre-docentes-europeos\/","robots":"max-image-preview:large","keywords":"actualidad","webmasterTools":{"google-site-verification":"UA-38556648-1","msvalidate.01":"7dfe9f3f1b24437ab69f4f2559babe99","miscellaneous":""},"schema":{"@context":"https:\/\/schema.org","@graph":[{"@type":"BlogPosting","@id":"https:\/\/www.eldigitaldeasturias.com\/noticias\/convocadas-100-plazas-de-estancias-profesionales-para-potenciar-la-colaboracion-entre-docentes-europeos\/#blogposting","name":"Convocadas 100 plazas de Estancias Profesionales para potenciar la colaboraci\u00f3n entre docentes europeos - El Digital de Asturias","headline":"Convocadas 100 plazas de Estancias Profesionales para potenciar la colaboraci\u00f3n entre docentes europeos","author":{"@id":"https:\/\/www.eldigitaldeasturias.com\/noticias\/author\/admin\/#author"},"publisher":{"@id":"https:\/\/www.eldigitaldeasturias.com\/noticias\/#organization"},"image":{"@type":"ImageObject","url":801268},"datePublished":"2018-03-10T14:41:08+01:00","dateModified":"2018-03-10T14:41:08+01:00","inLanguage":"es-ES","mainEntityOfPage":{"@id":"https:\/\/www.eldigitaldeasturias.com\/noticias\/convocadas-100-plazas-de-estancias-profesionales-para-potenciar-la-colaboracion-entre-docentes-europeos\/#webpage"},"isPartOf":{"@id":"https:\/\/www.eldigitaldeasturias.com\/noticias\/convocadas-100-plazas-de-estancias-profesionales-para-potenciar-la-colaboracion-entre-docentes-europeos\/#webpage"},"articleSection":"Actualidad"},{"@type":"BreadcrumbList","@id":"https:\/\/www.eldigitaldeasturias.com\/noticias\/convocadas-100-plazas-de-estancias-profesionales-para-potenciar-la-colaboracion-entre-docentes-europeos\/#breadcrumblist","itemListElement":[{"@type":"ListItem","@id":"https:\/\/www.eldigitaldeasturias.com\/noticias#listItem","position":1,"name":"Home","item":"https:\/\/www.eldigitaldeasturias.com\/noticias","nextItem":{"@type":"ListItem","@id":"https:\/\/www.eldigitaldeasturias.com\/noticias\/category\/actualidad\/#listItem","name":"Actualidad"}},{"@type":"ListItem","@id":"https:\/\/www.eldigitaldeasturias.com\/noticias\/category\/actualidad\/#listItem","position":2,"name":"Actualidad","item":"https:\/\/www.eldigitaldeasturias.com\/noticias\/category\/actualidad\/","nextItem":{"@type":"ListItem","@id":"https:\/\/www.eldigitaldeasturias.com\/noticias\/convocadas-100-plazas-de-estancias-profesionales-para-potenciar-la-colaboracion-entre-docentes-europeos\/#listItem","name":"Convocadas 100 plazas de Estancias Profesionales para potenciar la colaboraci\u00f3n entre docentes europeos"},"previousItem":{"@type":"ListItem","@id":"https:\/\/www.eldigitaldeasturias.com\/noticias#listItem","name":"Home"}},{"@type":"ListItem","@id":"https:\/\/www.eldigitaldeasturias.com\/noticias\/convocadas-100-plazas-de-estancias-profesionales-para-potenciar-la-colaboracion-entre-docentes-europeos\/#listItem","position":3,"name":"Convocadas 100 plazas de Estancias Profesionales para potenciar la colaboraci\u00f3n entre docentes europeos","previousItem":{"@type":"ListItem","@id":"https:\/\/www.eldigitaldeasturias.com\/noticias\/category\/actualidad\/#listItem","name":"Actualidad"}}]},{"@type":"Organization","@id":"https:\/\/www.eldigitaldeasturias.com\/noticias\/#organization","name":"El Digital de Asturias","description":"Hemeroteca","url":"https:\/\/www.eldigitaldeasturias.com\/noticias\/","email":"info@eldigitaldeasturias.com","telephone":"+34652131393","logo":{"@type":"ImageObject","url":"https:\/\/www.eldigitaldeasturias.com\/noticias\/wp-content\/uploads\/2020\/12\/EDA.jpg","@id":"https:\/\/www.eldigitaldeasturias.com\/noticias\/convocadas-100-plazas-de-estancias-profesionales-para-potenciar-la-colaboracion-entre-docentes-europeos\/#organizationLogo"},"image":{"@id":"https:\/\/www.eldigitaldeasturias.com\/noticias\/convocadas-100-plazas-de-estancias-profesionales-para-potenciar-la-colaboracion-entre-docentes-europeos\/#organizationLogo"},"sameAs":["https:\/\/facebook.com\/eldigitaldeasturias","https:\/\/www.youtube.com\/channel\/UCZP-2wLEB9Rv6erhFmqVnvg"],"address":{"@id":"https:\/\/www.eldigitaldeasturias.com\/noticias\/#postaladdress","@type":"PostalAddress","streetAddress":"san antonio 4","postalCode":"33430","addressLocality":"Cand\u00e1s","addressRegion":"Asturias","addressCountry":"ES"}},{"@type":"Person","@id":"https:\/\/www.eldigitaldeasturias.com\/noticias\/author\/admin\/#author","url":"https:\/\/www.eldigitaldeasturias.com\/noticias\/author\/admin\/","name":"El Digital de Asturias","image":{"@type":"ImageObject","@id":"https:\/\/www.eldigitaldeasturias.com\/noticias\/convocadas-100-plazas-de-estancias-profesionales-para-potenciar-la-colaboracion-entre-docentes-europeos\/#authorImage","url":"https:\/\/secure.gravatar.com\/avatar\/df2aeffc32bcd13f8d26072ef8a91b623d677766deac7f97ca815868cd41bf5e?s=96&d=mm&r=g","width":96,"height":96,"caption":"El Digital de Asturias"}},{"@type":"WebPage","@id":"https:\/\/www.eldigitaldeasturias.com\/noticias\/convocadas-100-plazas-de-estancias-profesionales-para-potenciar-la-colaboracion-entre-docentes-europeos\/#webpage","url":"https:\/\/www.eldigitaldeasturias.com\/noticias\/convocadas-100-plazas-de-estancias-profesionales-para-potenciar-la-colaboracion-entre-docentes-europeos\/","name":"Convocadas 100 plazas de Estancias Profesionales para potenciar la colaboraci\u00f3n entre docentes europeos - El Digital de Asturias","description":"El Ministerio de Educaci\u00f3n, Cultura y Deporte ha convocado 100 plazas para el programa de Estancias Profesionales durante el curso 2018-2019 con el objetivo de contribuir a la mejora de la competencia ling\u00fc\u00edstica del profesorado espa\u00f1ol, as\u00ed como para fomentar el intercambio de buenas pr\u00e1cticas pedag\u00f3gicas, adem\u00e1s de facilitar la creaci\u00f3n, o consolidaci\u00f3n, de proyectos","inLanguage":"es-ES","isPartOf":{"@id":"https:\/\/www.eldigitaldeasturias.com\/noticias\/#website"},"breadcrumb":{"@id":"https:\/\/www.eldigitaldeasturias.com\/noticias\/convocadas-100-plazas-de-estancias-profesionales-para-potenciar-la-colaboracion-entre-docentes-europeos\/#breadcrumblist"},"author":{"@id":"https:\/\/www.eldigitaldeasturias.com\/noticias\/author\/admin\/#author"},"creator":{"@id":"https:\/\/www.eldigitaldeasturias.com\/noticias\/author\/admin\/#author"},"image":{"@type":"ImageObject","url":801268,"@id":"https:\/\/www.eldigitaldeasturias.com\/noticias\/convocadas-100-plazas-de-estancias-profesionales-para-potenciar-la-colaboracion-entre-docentes-europeos\/#mainImage"},"primaryImageOfPage":{"@id":"https:\/\/www.eldigitaldeasturias.com\/noticias\/convocadas-100-plazas-de-estancias-profesionales-para-potenciar-la-colaboracion-entre-docentes-europeos\/#mainImage"},"datePublished":"2018-03-10T14:41:08+01:00","dateModified":"2018-03-10T14:41:08+01:00"},{"@type":"WebSite","@id":"https:\/\/www.eldigitaldeasturias.com\/noticias\/#website","url":"https:\/\/www.eldigitaldeasturias.com\/noticias\/","name":"El Digital de Asturias - Diario de actualidad y noticias","alternateName":"El Digital de Asturias - Diario de actualidad y noticias","description":"Hemeroteca","inLanguage":"es-ES","publisher":{"@id":"https:\/\/www.eldigitaldeasturias.com\/noticias\/#organization"}}]},"og:locale":"es_ES","og:site_name":"El Digital de Asturias","og:type":"article","og:title":"Convocadas 100 plazas de Estancias Profesionales para potenciar la colaboraci\u00f3n entre docentes europeos - El Digital de Asturias","og:description":"El Ministerio de Educaci\u00f3n, Cultura y Deporte ha convocado 100 plazas para el programa de Estancias Profesionales durante el curso 2018-2019 con el objetivo de contribuir a la mejora de la competencia ling\u00fc\u00edstica del profesorado espa\u00f1ol, as\u00ed como para fomentar el intercambio de buenas pr\u00e1cticas pedag\u00f3gicas, adem\u00e1s de facilitar la creaci\u00f3n, o consolidaci\u00f3n, de proyectos","og:url":"https:\/\/www.eldigitaldeasturias.com\/noticias\/convocadas-100-plazas-de-estancias-profesionales-para-potenciar-la-colaboracion-entre-docentes-europeos\/","article:tag":["actualidad"],"article:published_time":"2018-03-10T14:41:08+00:00","article:modified_time":"2018-03-10T14:41:08+00:00","article:publisher":"https:\/\/facebook.com\/eldigitaldeasturias","twitter:card":"summary_large_image","twitter:title":"Convocadas 100 plazas de Estancias Profesionales para potenciar la colaboraci\u00f3n entre docentes europeos - El Digital de Asturias","twitter:description":"El Ministerio de Educaci\u00f3n, Cultura y Deporte ha convocado 100 plazas para el programa de Estancias Profesionales durante el curso 2018-2019 con el objetivo de contribuir a la mejora de la competencia ling\u00fc\u00edstica del profesorado espa\u00f1ol, as\u00ed como para fomentar el intercambio de buenas pr\u00e1cticas pedag\u00f3gicas, adem\u00e1s de facilitar la creaci\u00f3n, o consolidaci\u00f3n, de proyectos","twitter:image":"https:\/\/www.eldigitaldeasturias.com\/noticias\/wp-content\/uploads\/2020\/12\/EDA-1.jpg","twitter:label1":"Escrito por","twitter:data1":"El Digital de Asturias","twitter:label2":"Tiempo de lectura estimado","twitter:data2":"1 minuto"},"aioseo_meta_data":{"post_id":"971463","title":null,"description":null,"keywords":null,"keyphrases":null,"primary_term":null,"canonical_url":null,"og_title":null,"og_description":null,"og_object_type":"default","og_image_type":"default","og_image_url":null,"og_image_width":null,"og_image_height":null,"og_image_custom_url":null,"og_image_custom_fields":null,"og_video":null,"og_custom_url":null,"og_article_section":null,"og_article_tags":null,"twitter_use_og":false,"twitter_card":"default","twitter_image_type":"default","twitter_image_url":null,"twitter_image_custom_url":null,"twitter_image_custom_fields":null,"twitter_title":null,"twitter_description":null,"schema":{"blockGraphs":[],"customGraphs":[],"default":{"data":{"Article":[],"Course":[],"Dataset":[],"FAQPage":[],"Movie":[],"Person":[],"Product":[],"ProductReview":[],"Car":[],"Recipe":[],"Service":[],"SoftwareApplication":[],"WebPage":[]},"graphName":"","isEnabled":true},"graphs":[],"defaultGraph":"","defaultPostTypeGraph":""},"schema_type":null,"schema_type_options":null,"pillar_content":false,"robots_default":true,"robots_noindex":false,"robots_noarchive":false,"robots_nosnippet":false,"robots_nofollow":false,"robots_noimageindex":false,"robots_noodp":false,"robots_notranslate":false,"robots_max_snippet":null,"robots_max_videopreview":null,"robots_max_imagepreview":"large","priority":null,"frequency":null,"local_seo":null,"seo_analyzer_scan_date":"2025-10-07 09:16:10","breadcrumb_settings":null,"limit_modified_date":false,"open_ai":null,"ai":null,"created":"2020-12-21 12:21:38","updated":"2025-10-07 09:16:10","focus_keyword":null,"additional_keywords":null,"truseo_locale":null},"aioseo_breadcrumb":"<div class=\"aioseo-breadcrumbs\"><span class=\"aioseo-breadcrumb\">\n\t<a href=\"https:\/\/www.eldigitaldeasturias.com\/noticias\" title=\"Home\">Home<\/a>\n<\/span><span class=\"aioseo-breadcrumb-separator\">\u2013<\/span><span class=\"aioseo-breadcrumb\">\n\t<a href=\"https:\/\/www.eldigitaldeasturias.com\/noticias\/category\/actualidad\/\" title=\"Actualidad\">Actualidad<\/a>\n<\/span><span class=\"aioseo-breadcrumb-separator\">\u2013<\/span><span class=\"aioseo-breadcrumb\">\n\t<a href=\"https:\/\/www.eldigitaldeasturias.com\/noticias\/convocadas-100-plazas-de-estancias-profesionales-para-potenciar-la-colaboracion-entre-docentes-europeos\/\" title=\"Convocadas 100 plazas de Estancias Profesionales para potenciar la colaboraci\u00f3n entre docentes europeos\">Convocadas 100 plazas de Estancias Profesionales para potenciar la colaboraci\u00f3n entre docentes europeos<\/a>\n<\/span><\/div>","aioseo_breadcrumb_json":[{"label":"Home","link":"https:\/\/www.eldigitaldeasturias.com\/noticias"},{"label":"Actualidad","link":"https:\/\/www.eldigitaldeasturias.com\/noticias\/category\/actualidad\/"},{"label":"Convocadas 100 plazas de Estancias Profesionales para potenciar la colaboraci\u00f3n entre docentes europeos","link":"https:\/\/www.eldigitaldeasturias.com\/noticias\/convocadas-100-plazas-de-estancias-profesionales-para-potenciar-la-colaboracion-entre-docentes-europeos\/"}],"_links":{"self":[{"href":"https:\/\/www.eldigitaldeasturias.com\/noticias\/wp-json\/wp\/v2\/posts\/971463","targetHints":{"allow":["GET"]}}],"collection":[{"href":"https:\/\/www.eldigitaldeasturias.com\/noticias\/wp-json\/wp\/v2\/posts"}],"about":[{"href":"https:\/\/www.eldigitaldeasturias.com\/noticias\/wp-json\/wp\/v2\/types\/post"}],"author":[{"embeddable":true,"href":"https:\/\/www.eldigitaldeasturias.com\/noticias\/wp-json\/wp\/v2\/users\/1"}],"replies":[{"embeddable":true,"href":"https:\/\/www.eldigitaldeasturias.com\/noticias\/wp-json\/wp\/v2\/comments?post=971463"}],"version-history":[{"count":0,"href":"https:\/\/www.eldigitaldeasturias.com\/noticias\/wp-json\/wp\/v2\/posts\/971463\/revisions"}],"wp:attachment":[{"href":"https:\/\/www.eldigitaldeasturias.com\/noticias\/wp-json\/wp\/v2\/media?parent=971463"}],"wp:term":[{"taxonomy":"category","embeddable":true,"href":"https:\/\/www.eldigitaldeasturias.com\/noticias\/wp-json\/wp\/v2\/categories?post=971463"},{"taxonomy":"post_tag","embeddable":true,"href":"https:\/\/www.eldigitaldeasturias.com\/noticias\/wp-json\/wp\/v2\/tags?post=971463"}],"curies":[{"name":"wp","href":"https:\/\/api.w.org\/{rel}","templated":true}]}}