{"id":971461,"date":"2018-03-10T14:38:59","date_gmt":"2018-03-10T14:38:59","guid":{"rendered":"http:\/\/www.eldigitaldeasturias.com\/noticias\/?p=971461"},"modified":"2018-03-10T14:38:59","modified_gmt":"2018-03-10T14:38:59","slug":"el-gobierno-renueva-los-conciertos-educativos-del-segundo-ciclo-de-educacion-infantil-y-de-secundaria-en-cataluna","status":"publish","type":"post","link":"https:\/\/www.eldigitaldeasturias.com\/noticias\/el-gobierno-renueva-los-conciertos-educativos-del-segundo-ciclo-de-educacion-infantil-y-de-secundaria-en-cataluna\/","title":{"rendered":"El Gobierno renueva los conciertos educativos del segundo ciclo de Educaci\u00f3n Infantil y de Secundaria en Catalu\u00f1a"},"content":{"rendered":"<p><img loading=\"lazy\" decoding=\"async\" class=\"alignleft size-medium wp-image-801268\" src=\"https:\/\/www.eldigitaldeasturias.com\/noticias\/wp-content\/uploads\/2015\/08\/aula-360x270.jpg\" alt=\"\" width=\"360\" height=\"270\" \/>El Bolet\u00edn Oficial del Estado (BOE) publica la resoluci\u00f3n firmada por el ministro de Educaci\u00f3n, Cultura y Deporte, \u00cd\u00f1igo M\u00e9ndez de Vigo, sobre la renovaci\u00f3n de los conciertos educativos de las etapas del segundo ciclo de Educaci\u00f3n Infantil y de Educaci\u00f3n Secundaria Obligatoria en Catalu\u00f1a.<\/p>\n<p>\u200bAs\u00ed, tal y como acord\u00f3 el Consejo de Ministros del pasado 16 de febrero, se han renovado los conciertos en estos niveles, ya que su vigencia se extend\u00eda hasta la finalizaci\u00f3n del actual curso escolar 2017-2018.<\/p>\n<p>Son un total de 1.956 grupos (987 de Ed. Infantil y 969 de Ed. Secundaria) que se renovar\u00e1n hasta el curso acad\u00e9mico 2021-2022, siguiendo los tr\u00e1mites previstos en la normativa vigente.<\/p>\n<p>Los conciertos educativos de la etapa de Primaria est\u00e1n actualmente en vigor hasta el a\u00f1o 2020.<\/p>\n<p>Las actuaciones m\u00e1s relevantes del Ministerio de Educaci\u00f3n, Cultura y Deporte en Catalu\u00f1a tras la aplicaci\u00f3n del art\u00edculo 155 de la Constituci\u00f3n Espa\u00f1ola hasta la fecha son las siguientes:<\/p>\n<p>Convocatoria de concurso oposici\u00f3n de 2.000 plazas docentes.<\/p>\n<p>Encargo de las obras de los centros docentes e infraestructuras.<\/p>\n<p>Tramitaci\u00f3n de 614 contratos (como los acuerdos marco de m\u00f3dulos escolares, servicio de apoyo a alumnos con problemas de salud o movilidad para que puedan participar en extraescolares&#8230;).<\/p>\n<p>Tramitaci\u00f3n y firma de 120 convenios (80 de planes educativos de entorno, 20 de unidades de escolarizaci\u00f3n compartida, 15 ciclos formativos y 5 con universidades).<br \/>\n14.604 documentos contables, por importe de 1.721 millones de euros.<\/p>\n","protected":false},"excerpt":{"rendered":"<p>El Bolet\u00edn Oficial del Estado (BOE) publica la resoluci\u00f3n firmada por el ministro de Educaci\u00f3n, Cultura y Deporte, \u00cd\u00f1igo M\u00e9ndez de Vigo, sobre la renovaci\u00f3n de los conciertos educativos de las etapas del segundo ciclo de Educaci\u00f3n Infantil y de Educaci\u00f3n Secundaria Obligatoria en Catalu\u00f1a. \u200bAs\u00ed, tal y como acord\u00f3 el Consejo de Ministros del [&hellip;]<\/p>\n","protected":false},"author":1,"featured_media":801268,"comment_status":"closed","ping_status":"closed","sticky":false,"template":"","format":"standard","meta":{"footnotes":""},"categories":[1],"tags":[],"class_list":["post-971461","post","type-post","status-publish","format-standard","has-post-thumbnail","hentry","category-actualidad"],"aioseo_notices":[],"aioseo_head":"\n\t\t<!-- All in One SEO Pro 5.0.1 - aioseo.com -->\n\t<meta name=\"description\" content=\"El Bolet\u00edn Oficial del Estado (BOE) publica la resoluci\u00f3n firmada por el ministro de Educaci\u00f3n, Cultura y Deporte, \u00cd\u00f1igo M\u00e9ndez de Vigo, sobre la renovaci\u00f3n de los conciertos educativos de las etapas del segundo ciclo de Educaci\u00f3n Infantil y de Educaci\u00f3n Secundaria Obligatoria en Catalu\u00f1a. \u200bAs\u00ed, tal y como acord\u00f3 el Consejo de Ministros del\" \/>\n\t<meta name=\"robots\" content=\"max-image-preview:large\" \/>\n\t<meta name=\"author\" content=\"El Digital de Asturias\"\/>\n\t<meta name=\"google-site-verification\" content=\"UA-38556648-1\" \/>\n\t<meta name=\"msvalidate.01\" content=\"7dfe9f3f1b24437ab69f4f2559babe99\" \/>\n\t<meta name=\"keywords\" content=\"actualidad\" \/>\n\t<link rel=\"canonical\" href=\"https:\/\/www.eldigitaldeasturias.com\/noticias\/el-gobierno-renueva-los-conciertos-educativos-del-segundo-ciclo-de-educacion-infantil-y-de-secundaria-en-cataluna\/\" \/>\n\t<meta name=\"generator\" content=\"All in One SEO Pro (AIOSEO) 5.0.1\" \/>\n\t\t<meta property=\"og:locale\" content=\"es_ES\" \/>\n\t\t<meta property=\"og:site_name\" content=\"El Digital de Asturias\" \/>\n\t\t<meta property=\"og:type\" content=\"article\" \/>\n\t\t<meta property=\"og:title\" content=\"El Gobierno renueva los conciertos educativos del segundo ciclo de Educaci\u00f3n Infantil y de Secundaria en Catalu\u00f1a - El Digital de Asturias\" \/>\n\t\t<meta property=\"og:description\" content=\"El Bolet\u00edn Oficial del Estado (BOE) publica la resoluci\u00f3n firmada por el ministro de Educaci\u00f3n, Cultura y Deporte, \u00cd\u00f1igo M\u00e9ndez de Vigo, sobre la renovaci\u00f3n de los conciertos educativos de las etapas del segundo ciclo de Educaci\u00f3n Infantil y de Educaci\u00f3n Secundaria Obligatoria en Catalu\u00f1a. \u200bAs\u00ed, tal y como acord\u00f3 el Consejo de Ministros del\" \/>\n\t\t<meta property=\"og:url\" content=\"https:\/\/www.eldigitaldeasturias.com\/noticias\/el-gobierno-renueva-los-conciertos-educativos-del-segundo-ciclo-de-educacion-infantil-y-de-secundaria-en-cataluna\/\" \/>\n\t\t<meta property=\"article:tag\" content=\"actualidad\" \/>\n\t\t<meta property=\"article:published_time\" content=\"2018-03-10T14:38:59+00:00\" \/>\n\t\t<meta property=\"article:modified_time\" content=\"2018-03-10T14:38:59+00:00\" \/>\n\t\t<meta property=\"article:publisher\" content=\"https:\/\/facebook.com\/eldigitaldeasturias\" \/>\n\t\t<meta name=\"twitter:card\" content=\"summary_large_image\" \/>\n\t\t<meta name=\"twitter:title\" content=\"El Gobierno renueva los conciertos educativos del segundo ciclo de Educaci\u00f3n Infantil y de Secundaria en Catalu\u00f1a - El Digital de Asturias\" \/>\n\t\t<meta name=\"twitter:description\" content=\"El Bolet\u00edn Oficial del Estado (BOE) publica la resoluci\u00f3n firmada por el ministro de Educaci\u00f3n, Cultura y Deporte, \u00cd\u00f1igo M\u00e9ndez de Vigo, sobre la renovaci\u00f3n de los conciertos educativos de las etapas del segundo ciclo de Educaci\u00f3n Infantil y de Educaci\u00f3n Secundaria Obligatoria en Catalu\u00f1a. \u200bAs\u00ed, tal y como acord\u00f3 el Consejo de Ministros del\" \/>\n\t\t<meta name=\"twitter:image\" content=\"https:\/\/www.eldigitaldeasturias.com\/noticias\/wp-content\/uploads\/2020\/12\/EDA-1.jpg\" \/>\n\t\t<meta name=\"twitter:label1\" content=\"Escrito por\" \/>\n\t\t<meta name=\"twitter:data1\" content=\"El Digital de Asturias\" \/>\n\t\t<meta name=\"twitter:label2\" content=\"Tiempo de lectura estimado\" \/>\n\t\t<meta name=\"twitter:data2\" content=\"1 minuto\" \/>\n\t\t<script type=\"application\/ld+json\" class=\"aioseo-schema\">\n\t\t\t{\"@context\":\"https:\\\/\\\/schema.org\",\"@graph\":[{\"@type\":\"BlogPosting\",\"@id\":\"https:\\\/\\\/www.eldigitaldeasturias.com\\\/noticias\\\/el-gobierno-renueva-los-conciertos-educativos-del-segundo-ciclo-de-educacion-infantil-y-de-secundaria-en-cataluna\\\/#blogposting\",\"name\":\"El Gobierno renueva los conciertos educativos del segundo ciclo de Educaci\\u00f3n Infantil y de Secundaria en Catalu\\u00f1a - El Digital de Asturias\",\"headline\":\"El Gobierno renueva los conciertos educativos del segundo ciclo de Educaci\\u00f3n Infantil y de Secundaria en Catalu\\u00f1a\",\"author\":{\"@id\":\"https:\\\/\\\/www.eldigitaldeasturias.com\\\/noticias\\\/author\\\/admin\\\/#author\"},\"publisher\":{\"@id\":\"https:\\\/\\\/www.eldigitaldeasturias.com\\\/noticias\\\/#organization\"},\"image\":{\"@type\":\"ImageObject\",\"url\":801268},\"datePublished\":\"2018-03-10T14:38:59+01:00\",\"dateModified\":\"2018-03-10T14:38:59+01:00\",\"inLanguage\":\"es-ES\",\"mainEntityOfPage\":{\"@id\":\"https:\\\/\\\/www.eldigitaldeasturias.com\\\/noticias\\\/el-gobierno-renueva-los-conciertos-educativos-del-segundo-ciclo-de-educacion-infantil-y-de-secundaria-en-cataluna\\\/#webpage\"},\"isPartOf\":{\"@id\":\"https:\\\/\\\/www.eldigitaldeasturias.com\\\/noticias\\\/el-gobierno-renueva-los-conciertos-educativos-del-segundo-ciclo-de-educacion-infantil-y-de-secundaria-en-cataluna\\\/#webpage\"},\"articleSection\":\"Actualidad\"},{\"@type\":\"BreadcrumbList\",\"@id\":\"https:\\\/\\\/www.eldigitaldeasturias.com\\\/noticias\\\/el-gobierno-renueva-los-conciertos-educativos-del-segundo-ciclo-de-educacion-infantil-y-de-secundaria-en-cataluna\\\/#breadcrumblist\",\"itemListElement\":[{\"@type\":\"ListItem\",\"@id\":\"https:\\\/\\\/www.eldigitaldeasturias.com\\\/noticias#listItem\",\"position\":1,\"name\":\"Home\",\"item\":\"https:\\\/\\\/www.eldigitaldeasturias.com\\\/noticias\",\"nextItem\":{\"@type\":\"ListItem\",\"@id\":\"https:\\\/\\\/www.eldigitaldeasturias.com\\\/noticias\\\/category\\\/actualidad\\\/#listItem\",\"name\":\"Actualidad\"}},{\"@type\":\"ListItem\",\"@id\":\"https:\\\/\\\/www.eldigitaldeasturias.com\\\/noticias\\\/category\\\/actualidad\\\/#listItem\",\"position\":2,\"name\":\"Actualidad\",\"item\":\"https:\\\/\\\/www.eldigitaldeasturias.com\\\/noticias\\\/category\\\/actualidad\\\/\",\"nextItem\":{\"@type\":\"ListItem\",\"@id\":\"https:\\\/\\\/www.eldigitaldeasturias.com\\\/noticias\\\/el-gobierno-renueva-los-conciertos-educativos-del-segundo-ciclo-de-educacion-infantil-y-de-secundaria-en-cataluna\\\/#listItem\",\"name\":\"El Gobierno renueva los conciertos educativos del segundo ciclo de Educaci\\u00f3n Infantil y de Secundaria en Catalu\\u00f1a\"},\"previousItem\":{\"@type\":\"ListItem\",\"@id\":\"https:\\\/\\\/www.eldigitaldeasturias.com\\\/noticias#listItem\",\"name\":\"Home\"}},{\"@type\":\"ListItem\",\"@id\":\"https:\\\/\\\/www.eldigitaldeasturias.com\\\/noticias\\\/el-gobierno-renueva-los-conciertos-educativos-del-segundo-ciclo-de-educacion-infantil-y-de-secundaria-en-cataluna\\\/#listItem\",\"position\":3,\"name\":\"El Gobierno renueva los conciertos educativos del segundo ciclo de Educaci\\u00f3n Infantil y de Secundaria en Catalu\\u00f1a\",\"previousItem\":{\"@type\":\"ListItem\",\"@id\":\"https:\\\/\\\/www.eldigitaldeasturias.com\\\/noticias\\\/category\\\/actualidad\\\/#listItem\",\"name\":\"Actualidad\"}}]},{\"@type\":\"Organization\",\"@id\":\"https:\\\/\\\/www.eldigitaldeasturias.com\\\/noticias\\\/#organization\",\"name\":\"El Digital de Asturias\",\"description\":\"Hemeroteca\",\"url\":\"https:\\\/\\\/www.eldigitaldeasturias.com\\\/noticias\\\/\",\"email\":\"info@eldigitaldeasturias.com\",\"telephone\":\"+34652131393\",\"logo\":{\"@type\":\"ImageObject\",\"url\":\"https:\\\/\\\/www.eldigitaldeasturias.com\\\/noticias\\\/wp-content\\\/uploads\\\/2020\\\/12\\\/EDA.jpg\",\"@id\":\"https:\\\/\\\/www.eldigitaldeasturias.com\\\/noticias\\\/el-gobierno-renueva-los-conciertos-educativos-del-segundo-ciclo-de-educacion-infantil-y-de-secundaria-en-cataluna\\\/#organizationLogo\"},\"image\":{\"@id\":\"https:\\\/\\\/www.eldigitaldeasturias.com\\\/noticias\\\/el-gobierno-renueva-los-conciertos-educativos-del-segundo-ciclo-de-educacion-infantil-y-de-secundaria-en-cataluna\\\/#organizationLogo\"},\"sameAs\":[\"https:\\\/\\\/facebook.com\\\/eldigitaldeasturias\",\"https:\\\/\\\/www.youtube.com\\\/channel\\\/UCZP-2wLEB9Rv6erhFmqVnvg\"],\"address\":{\"@id\":\"https:\\\/\\\/www.eldigitaldeasturias.com\\\/noticias\\\/#postaladdress\",\"@type\":\"PostalAddress\",\"streetAddress\":\"san antonio 4\",\"postalCode\":\"33430\",\"addressLocality\":\"Cand\\u00e1s\",\"addressRegion\":\"Asturias\",\"addressCountry\":\"ES\"}},{\"@type\":\"Person\",\"@id\":\"https:\\\/\\\/www.eldigitaldeasturias.com\\\/noticias\\\/author\\\/admin\\\/#author\",\"url\":\"https:\\\/\\\/www.eldigitaldeasturias.com\\\/noticias\\\/author\\\/admin\\\/\",\"name\":\"El Digital de Asturias\",\"image\":{\"@type\":\"ImageObject\",\"@id\":\"https:\\\/\\\/www.eldigitaldeasturias.com\\\/noticias\\\/el-gobierno-renueva-los-conciertos-educativos-del-segundo-ciclo-de-educacion-infantil-y-de-secundaria-en-cataluna\\\/#authorImage\",\"url\":\"https:\\\/\\\/secure.gravatar.com\\\/avatar\\\/df2aeffc32bcd13f8d26072ef8a91b623d677766deac7f97ca815868cd41bf5e?s=96&d=mm&r=g\",\"width\":96,\"height\":96,\"caption\":\"El Digital de Asturias\"}},{\"@type\":\"WebPage\",\"@id\":\"https:\\\/\\\/www.eldigitaldeasturias.com\\\/noticias\\\/el-gobierno-renueva-los-conciertos-educativos-del-segundo-ciclo-de-educacion-infantil-y-de-secundaria-en-cataluna\\\/#webpage\",\"url\":\"https:\\\/\\\/www.eldigitaldeasturias.com\\\/noticias\\\/el-gobierno-renueva-los-conciertos-educativos-del-segundo-ciclo-de-educacion-infantil-y-de-secundaria-en-cataluna\\\/\",\"name\":\"El Gobierno renueva los conciertos educativos del segundo ciclo de Educaci\\u00f3n Infantil y de Secundaria en Catalu\\u00f1a - El Digital de Asturias\",\"description\":\"El Bolet\\u00edn Oficial del Estado (BOE) publica la resoluci\\u00f3n firmada por el ministro de Educaci\\u00f3n, Cultura y Deporte, \\u00cd\\u00f1igo M\\u00e9ndez de Vigo, sobre la renovaci\\u00f3n de los conciertos educativos de las etapas del segundo ciclo de Educaci\\u00f3n Infantil y de Educaci\\u00f3n Secundaria Obligatoria en Catalu\\u00f1a. \\u200bAs\\u00ed, tal y como acord\\u00f3 el Consejo de Ministros del\",\"inLanguage\":\"es-ES\",\"isPartOf\":{\"@id\":\"https:\\\/\\\/www.eldigitaldeasturias.com\\\/noticias\\\/#website\"},\"breadcrumb\":{\"@id\":\"https:\\\/\\\/www.eldigitaldeasturias.com\\\/noticias\\\/el-gobierno-renueva-los-conciertos-educativos-del-segundo-ciclo-de-educacion-infantil-y-de-secundaria-en-cataluna\\\/#breadcrumblist\"},\"author\":{\"@id\":\"https:\\\/\\\/www.eldigitaldeasturias.com\\\/noticias\\\/author\\\/admin\\\/#author\"},\"creator\":{\"@id\":\"https:\\\/\\\/www.eldigitaldeasturias.com\\\/noticias\\\/author\\\/admin\\\/#author\"},\"image\":{\"@type\":\"ImageObject\",\"url\":801268,\"@id\":\"https:\\\/\\\/www.eldigitaldeasturias.com\\\/noticias\\\/el-gobierno-renueva-los-conciertos-educativos-del-segundo-ciclo-de-educacion-infantil-y-de-secundaria-en-cataluna\\\/#mainImage\"},\"primaryImageOfPage\":{\"@id\":\"https:\\\/\\\/www.eldigitaldeasturias.com\\\/noticias\\\/el-gobierno-renueva-los-conciertos-educativos-del-segundo-ciclo-de-educacion-infantil-y-de-secundaria-en-cataluna\\\/#mainImage\"},\"datePublished\":\"2018-03-10T14:38:59+01:00\",\"dateModified\":\"2018-03-10T14:38:59+01:00\"},{\"@type\":\"WebSite\",\"@id\":\"https:\\\/\\\/www.eldigitaldeasturias.com\\\/noticias\\\/#website\",\"url\":\"https:\\\/\\\/www.eldigitaldeasturias.com\\\/noticias\\\/\",\"name\":\"El Digital de Asturias - Diario de actualidad y noticias\",\"alternateName\":\"El Digital de Asturias - Diario de actualidad y noticias\",\"description\":\"Hemeroteca\",\"inLanguage\":\"es-ES\",\"publisher\":{\"@id\":\"https:\\\/\\\/www.eldigitaldeasturias.com\\\/noticias\\\/#organization\"}}]}\n\t\t<\/script>\n\t\t<!-- All in One SEO Pro -->\r\n\t\t<title>El Gobierno renueva los conciertos educativos del segundo ciclo de Educaci\u00f3n Infantil y de Secundaria en Catalu\u00f1a - El Digital de Asturias<\/title>\n\n","aioseo_head_json":{"title":"El Gobierno renueva los conciertos educativos del segundo ciclo de Educaci\u00f3n Infantil y de Secundaria en Catalu\u00f1a - El Digital de Asturias","description":"El Bolet\u00edn Oficial del Estado (BOE) publica la resoluci\u00f3n firmada por el ministro de Educaci\u00f3n, Cultura y Deporte, \u00cd\u00f1igo M\u00e9ndez de Vigo, sobre la renovaci\u00f3n de los conciertos educativos de las etapas del segundo ciclo de Educaci\u00f3n Infantil y de Educaci\u00f3n Secundaria Obligatoria en Catalu\u00f1a. \u200bAs\u00ed, tal y como acord\u00f3 el Consejo de Ministros del","canonical_url":"https:\/\/www.eldigitaldeasturias.com\/noticias\/el-gobierno-renueva-los-conciertos-educativos-del-segundo-ciclo-de-educacion-infantil-y-de-secundaria-en-cataluna\/","robots":"max-image-preview:large","keywords":"actualidad","webmasterTools":{"google-site-verification":"UA-38556648-1","msvalidate.01":"7dfe9f3f1b24437ab69f4f2559babe99","miscellaneous":""},"schema":{"@context":"https:\/\/schema.org","@graph":[{"@type":"BlogPosting","@id":"https:\/\/www.eldigitaldeasturias.com\/noticias\/el-gobierno-renueva-los-conciertos-educativos-del-segundo-ciclo-de-educacion-infantil-y-de-secundaria-en-cataluna\/#blogposting","name":"El Gobierno renueva los conciertos educativos del segundo ciclo de Educaci\u00f3n Infantil y de Secundaria en Catalu\u00f1a - El Digital de Asturias","headline":"El Gobierno renueva los conciertos educativos del segundo ciclo de Educaci\u00f3n Infantil y de Secundaria en Catalu\u00f1a","author":{"@id":"https:\/\/www.eldigitaldeasturias.com\/noticias\/author\/admin\/#author"},"publisher":{"@id":"https:\/\/www.eldigitaldeasturias.com\/noticias\/#organization"},"image":{"@type":"ImageObject","url":801268},"datePublished":"2018-03-10T14:38:59+01:00","dateModified":"2018-03-10T14:38:59+01:00","inLanguage":"es-ES","mainEntityOfPage":{"@id":"https:\/\/www.eldigitaldeasturias.com\/noticias\/el-gobierno-renueva-los-conciertos-educativos-del-segundo-ciclo-de-educacion-infantil-y-de-secundaria-en-cataluna\/#webpage"},"isPartOf":{"@id":"https:\/\/www.eldigitaldeasturias.com\/noticias\/el-gobierno-renueva-los-conciertos-educativos-del-segundo-ciclo-de-educacion-infantil-y-de-secundaria-en-cataluna\/#webpage"},"articleSection":"Actualidad"},{"@type":"BreadcrumbList","@id":"https:\/\/www.eldigitaldeasturias.com\/noticias\/el-gobierno-renueva-los-conciertos-educativos-del-segundo-ciclo-de-educacion-infantil-y-de-secundaria-en-cataluna\/#breadcrumblist","itemListElement":[{"@type":"ListItem","@id":"https:\/\/www.eldigitaldeasturias.com\/noticias#listItem","position":1,"name":"Home","item":"https:\/\/www.eldigitaldeasturias.com\/noticias","nextItem":{"@type":"ListItem","@id":"https:\/\/www.eldigitaldeasturias.com\/noticias\/category\/actualidad\/#listItem","name":"Actualidad"}},{"@type":"ListItem","@id":"https:\/\/www.eldigitaldeasturias.com\/noticias\/category\/actualidad\/#listItem","position":2,"name":"Actualidad","item":"https:\/\/www.eldigitaldeasturias.com\/noticias\/category\/actualidad\/","nextItem":{"@type":"ListItem","@id":"https:\/\/www.eldigitaldeasturias.com\/noticias\/el-gobierno-renueva-los-conciertos-educativos-del-segundo-ciclo-de-educacion-infantil-y-de-secundaria-en-cataluna\/#listItem","name":"El Gobierno renueva los conciertos educativos del segundo ciclo de Educaci\u00f3n Infantil y de Secundaria en Catalu\u00f1a"},"previousItem":{"@type":"ListItem","@id":"https:\/\/www.eldigitaldeasturias.com\/noticias#listItem","name":"Home"}},{"@type":"ListItem","@id":"https:\/\/www.eldigitaldeasturias.com\/noticias\/el-gobierno-renueva-los-conciertos-educativos-del-segundo-ciclo-de-educacion-infantil-y-de-secundaria-en-cataluna\/#listItem","position":3,"name":"El Gobierno renueva los conciertos educativos del segundo ciclo de Educaci\u00f3n Infantil y de Secundaria en Catalu\u00f1a","previousItem":{"@type":"ListItem","@id":"https:\/\/www.eldigitaldeasturias.com\/noticias\/category\/actualidad\/#listItem","name":"Actualidad"}}]},{"@type":"Organization","@id":"https:\/\/www.eldigitaldeasturias.com\/noticias\/#organization","name":"El Digital de Asturias","description":"Hemeroteca","url":"https:\/\/www.eldigitaldeasturias.com\/noticias\/","email":"info@eldigitaldeasturias.com","telephone":"+34652131393","logo":{"@type":"ImageObject","url":"https:\/\/www.eldigitaldeasturias.com\/noticias\/wp-content\/uploads\/2020\/12\/EDA.jpg","@id":"https:\/\/www.eldigitaldeasturias.com\/noticias\/el-gobierno-renueva-los-conciertos-educativos-del-segundo-ciclo-de-educacion-infantil-y-de-secundaria-en-cataluna\/#organizationLogo"},"image":{"@id":"https:\/\/www.eldigitaldeasturias.com\/noticias\/el-gobierno-renueva-los-conciertos-educativos-del-segundo-ciclo-de-educacion-infantil-y-de-secundaria-en-cataluna\/#organizationLogo"},"sameAs":["https:\/\/facebook.com\/eldigitaldeasturias","https:\/\/www.youtube.com\/channel\/UCZP-2wLEB9Rv6erhFmqVnvg"],"address":{"@id":"https:\/\/www.eldigitaldeasturias.com\/noticias\/#postaladdress","@type":"PostalAddress","streetAddress":"san antonio 4","postalCode":"33430","addressLocality":"Cand\u00e1s","addressRegion":"Asturias","addressCountry":"ES"}},{"@type":"Person","@id":"https:\/\/www.eldigitaldeasturias.com\/noticias\/author\/admin\/#author","url":"https:\/\/www.eldigitaldeasturias.com\/noticias\/author\/admin\/","name":"El Digital de Asturias","image":{"@type":"ImageObject","@id":"https:\/\/www.eldigitaldeasturias.com\/noticias\/el-gobierno-renueva-los-conciertos-educativos-del-segundo-ciclo-de-educacion-infantil-y-de-secundaria-en-cataluna\/#authorImage","url":"https:\/\/secure.gravatar.com\/avatar\/df2aeffc32bcd13f8d26072ef8a91b623d677766deac7f97ca815868cd41bf5e?s=96&d=mm&r=g","width":96,"height":96,"caption":"El Digital de Asturias"}},{"@type":"WebPage","@id":"https:\/\/www.eldigitaldeasturias.com\/noticias\/el-gobierno-renueva-los-conciertos-educativos-del-segundo-ciclo-de-educacion-infantil-y-de-secundaria-en-cataluna\/#webpage","url":"https:\/\/www.eldigitaldeasturias.com\/noticias\/el-gobierno-renueva-los-conciertos-educativos-del-segundo-ciclo-de-educacion-infantil-y-de-secundaria-en-cataluna\/","name":"El Gobierno renueva los conciertos educativos del segundo ciclo de Educaci\u00f3n Infantil y de Secundaria en Catalu\u00f1a - El Digital de Asturias","description":"El Bolet\u00edn Oficial del Estado (BOE) publica la resoluci\u00f3n firmada por el ministro de Educaci\u00f3n, Cultura y Deporte, \u00cd\u00f1igo M\u00e9ndez de Vigo, sobre la renovaci\u00f3n de los conciertos educativos de las etapas del segundo ciclo de Educaci\u00f3n Infantil y de Educaci\u00f3n Secundaria Obligatoria en Catalu\u00f1a. \u200bAs\u00ed, tal y como acord\u00f3 el Consejo de Ministros del","inLanguage":"es-ES","isPartOf":{"@id":"https:\/\/www.eldigitaldeasturias.com\/noticias\/#website"},"breadcrumb":{"@id":"https:\/\/www.eldigitaldeasturias.com\/noticias\/el-gobierno-renueva-los-conciertos-educativos-del-segundo-ciclo-de-educacion-infantil-y-de-secundaria-en-cataluna\/#breadcrumblist"},"author":{"@id":"https:\/\/www.eldigitaldeasturias.com\/noticias\/author\/admin\/#author"},"creator":{"@id":"https:\/\/www.eldigitaldeasturias.com\/noticias\/author\/admin\/#author"},"image":{"@type":"ImageObject","url":801268,"@id":"https:\/\/www.eldigitaldeasturias.com\/noticias\/el-gobierno-renueva-los-conciertos-educativos-del-segundo-ciclo-de-educacion-infantil-y-de-secundaria-en-cataluna\/#mainImage"},"primaryImageOfPage":{"@id":"https:\/\/www.eldigitaldeasturias.com\/noticias\/el-gobierno-renueva-los-conciertos-educativos-del-segundo-ciclo-de-educacion-infantil-y-de-secundaria-en-cataluna\/#mainImage"},"datePublished":"2018-03-10T14:38:59+01:00","dateModified":"2018-03-10T14:38:59+01:00"},{"@type":"WebSite","@id":"https:\/\/www.eldigitaldeasturias.com\/noticias\/#website","url":"https:\/\/www.eldigitaldeasturias.com\/noticias\/","name":"El Digital de Asturias - Diario de actualidad y noticias","alternateName":"El Digital de Asturias - Diario de actualidad y noticias","description":"Hemeroteca","inLanguage":"es-ES","publisher":{"@id":"https:\/\/www.eldigitaldeasturias.com\/noticias\/#organization"}}]},"og:locale":"es_ES","og:site_name":"El Digital de Asturias","og:type":"article","og:title":"El Gobierno renueva los conciertos educativos del segundo ciclo de Educaci\u00f3n Infantil y de Secundaria en Catalu\u00f1a - El Digital de Asturias","og:description":"El Bolet\u00edn Oficial del Estado (BOE) publica la resoluci\u00f3n firmada por el ministro de Educaci\u00f3n, Cultura y Deporte, \u00cd\u00f1igo M\u00e9ndez de Vigo, sobre la renovaci\u00f3n de los conciertos educativos de las etapas del segundo ciclo de Educaci\u00f3n Infantil y de Educaci\u00f3n Secundaria Obligatoria en Catalu\u00f1a. \u200bAs\u00ed, tal y como acord\u00f3 el Consejo de Ministros del","og:url":"https:\/\/www.eldigitaldeasturias.com\/noticias\/el-gobierno-renueva-los-conciertos-educativos-del-segundo-ciclo-de-educacion-infantil-y-de-secundaria-en-cataluna\/","article:tag":["actualidad"],"article:published_time":"2018-03-10T14:38:59+00:00","article:modified_time":"2018-03-10T14:38:59+00:00","article:publisher":"https:\/\/facebook.com\/eldigitaldeasturias","twitter:card":"summary_large_image","twitter:title":"El Gobierno renueva los conciertos educativos del segundo ciclo de Educaci\u00f3n Infantil y de Secundaria en Catalu\u00f1a - El Digital de Asturias","twitter:description":"El Bolet\u00edn Oficial del Estado (BOE) publica la resoluci\u00f3n firmada por el ministro de Educaci\u00f3n, Cultura y Deporte, \u00cd\u00f1igo M\u00e9ndez de Vigo, sobre la renovaci\u00f3n de los conciertos educativos de las etapas del segundo ciclo de Educaci\u00f3n Infantil y de Educaci\u00f3n Secundaria Obligatoria en Catalu\u00f1a. \u200bAs\u00ed, tal y como acord\u00f3 el Consejo de Ministros del","twitter:image":"https:\/\/www.eldigitaldeasturias.com\/noticias\/wp-content\/uploads\/2020\/12\/EDA-1.jpg","twitter:label1":"Escrito por","twitter:data1":"El Digital de Asturias","twitter:label2":"Tiempo de lectura estimado","twitter:data2":"1 minuto"},"aioseo_meta_data":{"post_id":"971461","title":null,"description":null,"keywords":null,"keyphrases":null,"primary_term":null,"canonical_url":null,"og_title":null,"og_description":null,"og_object_type":"default","og_image_type":"default","og_image_url":null,"og_image_width":null,"og_image_height":null,"og_image_custom_url":null,"og_image_custom_fields":null,"og_video":null,"og_custom_url":null,"og_article_section":null,"og_article_tags":null,"twitter_use_og":false,"twitter_card":"default","twitter_image_type":"default","twitter_image_url":null,"twitter_image_custom_url":null,"twitter_image_custom_fields":null,"twitter_title":null,"twitter_description":null,"schema":{"blockGraphs":[],"customGraphs":[],"default":{"data":{"Article":[],"Course":[],"Dataset":[],"FAQPage":[],"Movie":[],"Person":[],"Product":[],"ProductReview":[],"Car":[],"Recipe":[],"Service":[],"SoftwareApplication":[],"WebPage":[]},"graphName":"","isEnabled":true},"graphs":[],"defaultGraph":"","defaultPostTypeGraph":""},"schema_type":null,"schema_type_options":null,"pillar_content":false,"robots_default":true,"robots_noindex":false,"robots_noarchive":false,"robots_nosnippet":false,"robots_nofollow":false,"robots_noimageindex":false,"robots_noodp":false,"robots_notranslate":false,"robots_max_snippet":null,"robots_max_videopreview":null,"robots_max_imagepreview":"large","priority":null,"frequency":null,"local_seo":null,"seo_analyzer_scan_date":"2025-10-07 09:14:19","breadcrumb_settings":null,"limit_modified_date":false,"open_ai":null,"ai":null,"created":"2020-12-21 12:21:38","updated":"2025-10-07 09:14:19","focus_keyword":null,"additional_keywords":null,"truseo_locale":null},"aioseo_breadcrumb":"<div class=\"aioseo-breadcrumbs\"><span class=\"aioseo-breadcrumb\">\n\t<a href=\"https:\/\/www.eldigitaldeasturias.com\/noticias\" title=\"Home\">Home<\/a>\n<\/span><span class=\"aioseo-breadcrumb-separator\">\u2013<\/span><span class=\"aioseo-breadcrumb\">\n\t<a href=\"https:\/\/www.eldigitaldeasturias.com\/noticias\/category\/actualidad\/\" title=\"Actualidad\">Actualidad<\/a>\n<\/span><span class=\"aioseo-breadcrumb-separator\">\u2013<\/span><span class=\"aioseo-breadcrumb\">\n\t<a href=\"https:\/\/www.eldigitaldeasturias.com\/noticias\/el-gobierno-renueva-los-conciertos-educativos-del-segundo-ciclo-de-educacion-infantil-y-de-secundaria-en-cataluna\/\" title=\"El Gobierno renueva los conciertos educativos del segundo ciclo de Educaci\u00f3n Infantil y de Secundaria en Catalu\u00f1a\">El Gobierno renueva los conciertos educativos del segundo ciclo de Educaci\u00f3n Infantil y de Secundaria en Catalu\u00f1a<\/a>\n<\/span><\/div>","aioseo_breadcrumb_json":[{"label":"Home","link":"https:\/\/www.eldigitaldeasturias.com\/noticias"},{"label":"Actualidad","link":"https:\/\/www.eldigitaldeasturias.com\/noticias\/category\/actualidad\/"},{"label":"El Gobierno renueva los conciertos educativos del segundo ciclo de Educaci\u00f3n Infantil y de Secundaria en Catalu\u00f1a","link":"https:\/\/www.eldigitaldeasturias.com\/noticias\/el-gobierno-renueva-los-conciertos-educativos-del-segundo-ciclo-de-educacion-infantil-y-de-secundaria-en-cataluna\/"}],"_links":{"self":[{"href":"https:\/\/www.eldigitaldeasturias.com\/noticias\/wp-json\/wp\/v2\/posts\/971461","targetHints":{"allow":["GET"]}}],"collection":[{"href":"https:\/\/www.eldigitaldeasturias.com\/noticias\/wp-json\/wp\/v2\/posts"}],"about":[{"href":"https:\/\/www.eldigitaldeasturias.com\/noticias\/wp-json\/wp\/v2\/types\/post"}],"author":[{"embeddable":true,"href":"https:\/\/www.eldigitaldeasturias.com\/noticias\/wp-json\/wp\/v2\/users\/1"}],"replies":[{"embeddable":true,"href":"https:\/\/www.eldigitaldeasturias.com\/noticias\/wp-json\/wp\/v2\/comments?post=971461"}],"version-history":[{"count":0,"href":"https:\/\/www.eldigitaldeasturias.com\/noticias\/wp-json\/wp\/v2\/posts\/971461\/revisions"}],"wp:attachment":[{"href":"https:\/\/www.eldigitaldeasturias.com\/noticias\/wp-json\/wp\/v2\/media?parent=971461"}],"wp:term":[{"taxonomy":"category","embeddable":true,"href":"https:\/\/www.eldigitaldeasturias.com\/noticias\/wp-json\/wp\/v2\/categories?post=971461"},{"taxonomy":"post_tag","embeddable":true,"href":"https:\/\/www.eldigitaldeasturias.com\/noticias\/wp-json\/wp\/v2\/tags?post=971461"}],"curies":[{"name":"wp","href":"https:\/\/api.w.org\/{rel}","templated":true}]}}