{"id":971455,"date":"2018-03-10T14:30:23","date_gmt":"2018-03-10T14:30:23","guid":{"rendered":"http:\/\/www.eldigitaldeasturias.com\/noticias\/?p=971455"},"modified":"2018-03-10T14:30:23","modified_gmt":"2018-03-10T14:30:23","slug":"zoido-cierra-el-acuerdo-sobre-equiparacion-salarial-con-representantes-de-la-policia-y-de-la-guardia-civil-que-se-firmara-el-lunes","status":"publish","type":"post","link":"https:\/\/www.eldigitaldeasturias.com\/noticias\/zoido-cierra-el-acuerdo-sobre-equiparacion-salarial-con-representantes-de-la-policia-y-de-la-guardia-civil-que-se-firmara-el-lunes\/","title":{"rendered":"Zoido cierra el acuerdo sobre equiparaci\u00f3n salarial con representantes de la Polic\u00eda y de la Guardia Civil, que se firmar\u00e1 el lunes"},"content":{"rendered":"<p><img loading=\"lazy\" decoding=\"async\" class=\"alignleft size-medium wp-image-971456\" src=\"https:\/\/www.eldigitaldeasturias.com\/noticias\/wp-content\/uploads\/2018\/03\/080318-zoido-360x239.jpg\" alt=\"\" width=\"360\" height=\"239\" \/>El secretario de Estado de Seguridad, Jos\u00e9 Antonio Nieto, ha cerrado definitivamente, en nombre del ministro de Interior, Juan Ignacio Zoido, que se encuentra en Bruselas en una reuni\u00f3n con sus hom\u00f3logos europeos, el acuerdo definitivo de equiparaci\u00f3n salarial con los sindicatos policiales y asociaciones de la Guardia Civil que se rubricar\u00e1 el pr\u00f3ximo lunes en la sede del Ministerio.<\/p>\n<p>En la reuni\u00f3n, que se ha celebrado en la sede del Ministerio del Interior, y a la que ha asistido tambi\u00e9n el director general de la Polic\u00eda y de la Guardia Civil, Germ\u00e1n L\u00f3pez Iglesias y Jos\u00e9 Manuel Holgado, respectivamente, han acudido los cinco sindicatos policiales y las ocho asociaciones de la Benem\u00e9rita con representaci\u00f3n en sus respectivos Consejos. Todos ellos, excepto un sindicato y la asociaci\u00f3n m\u00e1s minoritaria, han apoyado el acuerdo de equiparaci\u00f3n salarial que supondr\u00e1 una subida media de 720 euros en los pr\u00f3ximos tres a\u00f1os para un guardia civil y de 560 euros para un polic\u00eda nacional, llegando incluso a ser mayor en las n\u00f3minas de las escalas y categor\u00edas m\u00e1s bajas.<\/p>\n<p>Durante la reuni\u00f3n, que se ha prolongado por espacio de dos horas y media, el secretario de Estado de Seguridad, Jos\u00e9 Antonio Nieto, les ha agradecido a todos los representantes de la Polic\u00eda y de la Guardia Civil el talante dialogante y el comportamiento profesional que han tenido a lo largo de unas semanas de intensas negociaciones, que han culminado en un acuerdo que beneficia \u00abno s\u00f3lo a los miembros de las Fuerzas y Cuerpos de Seguridad del Estado, sino al conjunto de la sociedad espa\u00f1ola, que ver\u00e1 mejorada la prestaci\u00f3n de este servicio p\u00fablico, que ya es uno de los mejores del mundo\u00bb.<\/p>\n<p><strong>Agradecimientos mutuos<\/strong><\/p>\n<p>\u00abQuiero agradeceros tambi\u00e9n vuestra valent\u00eda-les ha dicho-por haber querido realizar una consulta sobre la propuesta de acuerdo con vuestras bases, y ante la imposibilidad de materializarla, de haber tomado la decisi\u00f3n de seguir adelante con las negociaciones hasta llegar al acuerdo final de hoy\u00bb.<\/p>\n<p>Inmediatamente despu\u00e9s, han ido tomando la palabra, uno por uno, los representantes sindicales de la Polic\u00eda y de las asociaciones de la Guardia Civil, para mostrar al secretario de Estado, que ha estado presente en todas la reuniones de trabajo con ellos, su agradecimiento por su \u00abtalante, esfuerzo y compromiso\u00bb a lo largo de las \u00faltimas semanas de negociaciones. \u00abNunca en la Historia de los dos Cuerpos hab\u00eda sido nadie capaz de sentar en una misma mesa a Polic\u00eda Nacional y Guardia Civil. Reconocemos esa valent\u00eda al ministro y al secretario de Estado\u00bb, dijo uno de los representantes sindicales con el apoyo del resto.<\/p>\n<p>En esta \u00faltima reuni\u00f3n el secretario de Estado de Seguridad se ha comprometido a cumplir \u00abescrupulosamente\u00bb los t\u00e9rminos del acuerdo \u00abcon la m\u00e1xima transparencia\u00bb, a iniciar el mecanismo para contratar los servicios de una consultora externa que fijar\u00e1 los criterios objetivos de an\u00e1lisis para garantizar que la equiparaci\u00f3n salarial sea una realidad en el plazo previsto de tres a\u00f1os y, adem\u00e1s, a promulgar \u00abuna norma del mayor rango posible\u00bb para que no se vuelva a producir en el futuro un desequilibrio salarial de los agentes de la polic\u00eda y de la guardia civil con otros cuerpos policiales.<\/p>\n<p><strong>Comisi\u00f3n de seguimiento<\/strong><\/p>\n<p>Asimismo, en esta \u00faltima reuni\u00f3n se estableci\u00f3 la necesidad de crear una comisi\u00f3n de seguimiento del acuerdo entre los firmantes con reuniones peri\u00f3dicas para que no haya \u00abelementos divergentes\u00bb en las negociaciones, y a llevarlos posteriormente a los Consejos de la Polic\u00eda y de la Guardia Civil, los m\u00e1ximos \u00f3rganos de los dos Cuerpos, para su estudio y, en su caso, votaci\u00f3n.<\/p>\n<p>El acuerdo que se firme se publicar\u00e1 en todo caso en los Boletines de ambos Cuerpos. Igualmente, Nieto les ha trasladado, ante las preguntas de los representantes de la Polic\u00eda y de la Guardia Civil, que en caso de no aprobarse los Presupuestos Generales del Estado, el Gobierno establecer\u00e1 los mecanismos legislativos necesarios para su dotaci\u00f3n econ\u00f3mica. \u00abNo os vamos a fallar. Este es un compromiso sincero, que se cumplir\u00e1 \u00edntegramente\u00bb, concluy\u00f3 Nieto.<\/p>\n","protected":false},"excerpt":{"rendered":"<p>El secretario de Estado de Seguridad, Jos\u00e9 Antonio Nieto, ha cerrado definitivamente, en nombre del ministro de Interior, Juan Ignacio Zoido, que se encuentra en Bruselas en una reuni\u00f3n con sus hom\u00f3logos europeos, el acuerdo definitivo de equiparaci\u00f3n salarial con los sindicatos policiales y asociaciones de la Guardia Civil que se rubricar\u00e1 el pr\u00f3ximo lunes [&hellip;]<\/p>\n","protected":false},"author":1,"featured_media":971456,"comment_status":"closed","ping_status":"closed","sticky":false,"template":"","format":"standard","meta":{"footnotes":""},"categories":[1],"tags":[],"class_list":["post-971455","post","type-post","status-publish","format-standard","has-post-thumbnail","hentry","category-actualidad"],"aioseo_notices":[],"aioseo_head":"\n\t\t<!-- All in One SEO Pro 5.0.1 - aioseo.com -->\n\t<meta name=\"description\" content=\"El secretario de Estado de Seguridad, Jos\u00e9 Antonio Nieto, ha cerrado definitivamente, en nombre del ministro de Interior, Juan Ignacio Zoido, que se encuentra en Bruselas en una reuni\u00f3n con sus hom\u00f3logos europeos, el acuerdo definitivo de equiparaci\u00f3n salarial con los sindicatos policiales y asociaciones de la Guardia Civil que se rubricar\u00e1 el pr\u00f3ximo lunes\" \/>\n\t<meta name=\"robots\" content=\"max-image-preview:large\" \/>\n\t<meta name=\"author\" content=\"El Digital de Asturias\"\/>\n\t<meta name=\"google-site-verification\" content=\"UA-38556648-1\" \/>\n\t<meta name=\"msvalidate.01\" content=\"7dfe9f3f1b24437ab69f4f2559babe99\" \/>\n\t<meta name=\"keywords\" content=\"actualidad\" \/>\n\t<link rel=\"canonical\" href=\"https:\/\/www.eldigitaldeasturias.com\/noticias\/zoido-cierra-el-acuerdo-sobre-equiparacion-salarial-con-representantes-de-la-policia-y-de-la-guardia-civil-que-se-firmara-el-lunes\/\" \/>\n\t<meta name=\"generator\" content=\"All in One SEO Pro (AIOSEO) 5.0.1\" \/>\n\t\t<meta property=\"og:locale\" content=\"es_ES\" \/>\n\t\t<meta property=\"og:site_name\" content=\"El Digital de Asturias\" \/>\n\t\t<meta property=\"og:type\" content=\"article\" \/>\n\t\t<meta property=\"og:title\" content=\"Zoido cierra el acuerdo sobre equiparaci\u00f3n salarial con representantes de la Polic\u00eda y de la Guardia Civil, que se firmar\u00e1 el lunes - El Digital de Asturias\" \/>\n\t\t<meta property=\"og:description\" content=\"El secretario de Estado de Seguridad, Jos\u00e9 Antonio Nieto, ha cerrado definitivamente, en nombre del ministro de Interior, Juan Ignacio Zoido, que se encuentra en Bruselas en una reuni\u00f3n con sus hom\u00f3logos europeos, el acuerdo definitivo de equiparaci\u00f3n salarial con los sindicatos policiales y asociaciones de la Guardia Civil que se rubricar\u00e1 el pr\u00f3ximo lunes\" \/>\n\t\t<meta property=\"og:url\" content=\"https:\/\/www.eldigitaldeasturias.com\/noticias\/zoido-cierra-el-acuerdo-sobre-equiparacion-salarial-con-representantes-de-la-policia-y-de-la-guardia-civil-que-se-firmara-el-lunes\/\" \/>\n\t\t<meta property=\"article:tag\" content=\"actualidad\" \/>\n\t\t<meta property=\"article:published_time\" content=\"2018-03-10T14:30:23+00:00\" \/>\n\t\t<meta property=\"article:modified_time\" content=\"2018-03-10T14:30:23+00:00\" \/>\n\t\t<meta property=\"article:publisher\" content=\"https:\/\/facebook.com\/eldigitaldeasturias\" \/>\n\t\t<meta name=\"twitter:card\" content=\"summary_large_image\" \/>\n\t\t<meta name=\"twitter:title\" content=\"Zoido cierra el acuerdo sobre equiparaci\u00f3n salarial con representantes de la Polic\u00eda y de la Guardia Civil, que se firmar\u00e1 el lunes - El Digital de Asturias\" \/>\n\t\t<meta name=\"twitter:description\" content=\"El secretario de Estado de Seguridad, Jos\u00e9 Antonio Nieto, ha cerrado definitivamente, en nombre del ministro de Interior, Juan Ignacio Zoido, que se encuentra en Bruselas en una reuni\u00f3n con sus hom\u00f3logos europeos, el acuerdo definitivo de equiparaci\u00f3n salarial con los sindicatos policiales y asociaciones de la Guardia Civil que se rubricar\u00e1 el pr\u00f3ximo lunes\" \/>\n\t\t<meta name=\"twitter:image\" content=\"https:\/\/www.eldigitaldeasturias.com\/noticias\/wp-content\/uploads\/2020\/12\/EDA-1.jpg\" \/>\n\t\t<meta name=\"twitter:label1\" content=\"Escrito por\" \/>\n\t\t<meta name=\"twitter:data1\" content=\"El Digital de Asturias\" \/>\n\t\t<meta name=\"twitter:label2\" content=\"Tiempo de lectura estimado\" \/>\n\t\t<meta name=\"twitter:data2\" content=\"4 minutos\" \/>\n\t\t<script type=\"application\/ld+json\" class=\"aioseo-schema\">\n\t\t\t{\"@context\":\"https:\\\/\\\/schema.org\",\"@graph\":[{\"@type\":\"BlogPosting\",\"@id\":\"https:\\\/\\\/www.eldigitaldeasturias.com\\\/noticias\\\/zoido-cierra-el-acuerdo-sobre-equiparacion-salarial-con-representantes-de-la-policia-y-de-la-guardia-civil-que-se-firmara-el-lunes\\\/#blogposting\",\"name\":\"Zoido cierra el acuerdo sobre equiparaci\\u00f3n salarial con representantes de la Polic\\u00eda y de la Guardia Civil, que se firmar\\u00e1 el lunes - El Digital de Asturias\",\"headline\":\"Zoido cierra el acuerdo sobre equiparaci\\u00f3n salarial con representantes de la Polic\\u00eda y de la Guardia Civil, que se firmar\\u00e1 el lunes\",\"author\":{\"@id\":\"https:\\\/\\\/www.eldigitaldeasturias.com\\\/noticias\\\/author\\\/admin\\\/#author\"},\"publisher\":{\"@id\":\"https:\\\/\\\/www.eldigitaldeasturias.com\\\/noticias\\\/#organization\"},\"image\":{\"@type\":\"ImageObject\",\"url\":971456},\"datePublished\":\"2018-03-10T14:30:23+01:00\",\"dateModified\":\"2018-03-10T14:30:23+01:00\",\"inLanguage\":\"es-ES\",\"mainEntityOfPage\":{\"@id\":\"https:\\\/\\\/www.eldigitaldeasturias.com\\\/noticias\\\/zoido-cierra-el-acuerdo-sobre-equiparacion-salarial-con-representantes-de-la-policia-y-de-la-guardia-civil-que-se-firmara-el-lunes\\\/#webpage\"},\"isPartOf\":{\"@id\":\"https:\\\/\\\/www.eldigitaldeasturias.com\\\/noticias\\\/zoido-cierra-el-acuerdo-sobre-equiparacion-salarial-con-representantes-de-la-policia-y-de-la-guardia-civil-que-se-firmara-el-lunes\\\/#webpage\"},\"articleSection\":\"Actualidad\"},{\"@type\":\"BreadcrumbList\",\"@id\":\"https:\\\/\\\/www.eldigitaldeasturias.com\\\/noticias\\\/zoido-cierra-el-acuerdo-sobre-equiparacion-salarial-con-representantes-de-la-policia-y-de-la-guardia-civil-que-se-firmara-el-lunes\\\/#breadcrumblist\",\"itemListElement\":[{\"@type\":\"ListItem\",\"@id\":\"https:\\\/\\\/www.eldigitaldeasturias.com\\\/noticias#listItem\",\"position\":1,\"name\":\"Home\",\"item\":\"https:\\\/\\\/www.eldigitaldeasturias.com\\\/noticias\",\"nextItem\":{\"@type\":\"ListItem\",\"@id\":\"https:\\\/\\\/www.eldigitaldeasturias.com\\\/noticias\\\/category\\\/actualidad\\\/#listItem\",\"name\":\"Actualidad\"}},{\"@type\":\"ListItem\",\"@id\":\"https:\\\/\\\/www.eldigitaldeasturias.com\\\/noticias\\\/category\\\/actualidad\\\/#listItem\",\"position\":2,\"name\":\"Actualidad\",\"item\":\"https:\\\/\\\/www.eldigitaldeasturias.com\\\/noticias\\\/category\\\/actualidad\\\/\",\"nextItem\":{\"@type\":\"ListItem\",\"@id\":\"https:\\\/\\\/www.eldigitaldeasturias.com\\\/noticias\\\/zoido-cierra-el-acuerdo-sobre-equiparacion-salarial-con-representantes-de-la-policia-y-de-la-guardia-civil-que-se-firmara-el-lunes\\\/#listItem\",\"name\":\"Zoido cierra el acuerdo sobre equiparaci\\u00f3n salarial con representantes de la Polic\\u00eda y de la Guardia Civil, que se firmar\\u00e1 el lunes\"},\"previousItem\":{\"@type\":\"ListItem\",\"@id\":\"https:\\\/\\\/www.eldigitaldeasturias.com\\\/noticias#listItem\",\"name\":\"Home\"}},{\"@type\":\"ListItem\",\"@id\":\"https:\\\/\\\/www.eldigitaldeasturias.com\\\/noticias\\\/zoido-cierra-el-acuerdo-sobre-equiparacion-salarial-con-representantes-de-la-policia-y-de-la-guardia-civil-que-se-firmara-el-lunes\\\/#listItem\",\"position\":3,\"name\":\"Zoido cierra el acuerdo sobre equiparaci\\u00f3n salarial con representantes de la Polic\\u00eda y de la Guardia Civil, que se firmar\\u00e1 el lunes\",\"previousItem\":{\"@type\":\"ListItem\",\"@id\":\"https:\\\/\\\/www.eldigitaldeasturias.com\\\/noticias\\\/category\\\/actualidad\\\/#listItem\",\"name\":\"Actualidad\"}}]},{\"@type\":\"Organization\",\"@id\":\"https:\\\/\\\/www.eldigitaldeasturias.com\\\/noticias\\\/#organization\",\"name\":\"El Digital de Asturias\",\"description\":\"Hemeroteca\",\"url\":\"https:\\\/\\\/www.eldigitaldeasturias.com\\\/noticias\\\/\",\"email\":\"info@eldigitaldeasturias.com\",\"telephone\":\"+34652131393\",\"logo\":{\"@type\":\"ImageObject\",\"url\":\"https:\\\/\\\/www.eldigitaldeasturias.com\\\/noticias\\\/wp-content\\\/uploads\\\/2020\\\/12\\\/EDA.jpg\",\"@id\":\"https:\\\/\\\/www.eldigitaldeasturias.com\\\/noticias\\\/zoido-cierra-el-acuerdo-sobre-equiparacion-salarial-con-representantes-de-la-policia-y-de-la-guardia-civil-que-se-firmara-el-lunes\\\/#organizationLogo\"},\"image\":{\"@id\":\"https:\\\/\\\/www.eldigitaldeasturias.com\\\/noticias\\\/zoido-cierra-el-acuerdo-sobre-equiparacion-salarial-con-representantes-de-la-policia-y-de-la-guardia-civil-que-se-firmara-el-lunes\\\/#organizationLogo\"},\"sameAs\":[\"https:\\\/\\\/facebook.com\\\/eldigitaldeasturias\",\"https:\\\/\\\/www.youtube.com\\\/channel\\\/UCZP-2wLEB9Rv6erhFmqVnvg\"],\"address\":{\"@id\":\"https:\\\/\\\/www.eldigitaldeasturias.com\\\/noticias\\\/#postaladdress\",\"@type\":\"PostalAddress\",\"streetAddress\":\"san antonio 4\",\"postalCode\":\"33430\",\"addressLocality\":\"Cand\\u00e1s\",\"addressRegion\":\"Asturias\",\"addressCountry\":\"ES\"}},{\"@type\":\"Person\",\"@id\":\"https:\\\/\\\/www.eldigitaldeasturias.com\\\/noticias\\\/author\\\/admin\\\/#author\",\"url\":\"https:\\\/\\\/www.eldigitaldeasturias.com\\\/noticias\\\/author\\\/admin\\\/\",\"name\":\"El Digital de Asturias\",\"image\":{\"@type\":\"ImageObject\",\"@id\":\"https:\\\/\\\/www.eldigitaldeasturias.com\\\/noticias\\\/zoido-cierra-el-acuerdo-sobre-equiparacion-salarial-con-representantes-de-la-policia-y-de-la-guardia-civil-que-se-firmara-el-lunes\\\/#authorImage\",\"url\":\"https:\\\/\\\/secure.gravatar.com\\\/avatar\\\/df2aeffc32bcd13f8d26072ef8a91b623d677766deac7f97ca815868cd41bf5e?s=96&d=mm&r=g\",\"width\":96,\"height\":96,\"caption\":\"El Digital de Asturias\"}},{\"@type\":\"WebPage\",\"@id\":\"https:\\\/\\\/www.eldigitaldeasturias.com\\\/noticias\\\/zoido-cierra-el-acuerdo-sobre-equiparacion-salarial-con-representantes-de-la-policia-y-de-la-guardia-civil-que-se-firmara-el-lunes\\\/#webpage\",\"url\":\"https:\\\/\\\/www.eldigitaldeasturias.com\\\/noticias\\\/zoido-cierra-el-acuerdo-sobre-equiparacion-salarial-con-representantes-de-la-policia-y-de-la-guardia-civil-que-se-firmara-el-lunes\\\/\",\"name\":\"Zoido cierra el acuerdo sobre equiparaci\\u00f3n salarial con representantes de la Polic\\u00eda y de la Guardia Civil, que se firmar\\u00e1 el lunes - El Digital de Asturias\",\"description\":\"El secretario de Estado de Seguridad, Jos\\u00e9 Antonio Nieto, ha cerrado definitivamente, en nombre del ministro de Interior, Juan Ignacio Zoido, que se encuentra en Bruselas en una reuni\\u00f3n con sus hom\\u00f3logos europeos, el acuerdo definitivo de equiparaci\\u00f3n salarial con los sindicatos policiales y asociaciones de la Guardia Civil que se rubricar\\u00e1 el pr\\u00f3ximo lunes\",\"inLanguage\":\"es-ES\",\"isPartOf\":{\"@id\":\"https:\\\/\\\/www.eldigitaldeasturias.com\\\/noticias\\\/#website\"},\"breadcrumb\":{\"@id\":\"https:\\\/\\\/www.eldigitaldeasturias.com\\\/noticias\\\/zoido-cierra-el-acuerdo-sobre-equiparacion-salarial-con-representantes-de-la-policia-y-de-la-guardia-civil-que-se-firmara-el-lunes\\\/#breadcrumblist\"},\"author\":{\"@id\":\"https:\\\/\\\/www.eldigitaldeasturias.com\\\/noticias\\\/author\\\/admin\\\/#author\"},\"creator\":{\"@id\":\"https:\\\/\\\/www.eldigitaldeasturias.com\\\/noticias\\\/author\\\/admin\\\/#author\"},\"image\":{\"@type\":\"ImageObject\",\"url\":971456,\"@id\":\"https:\\\/\\\/www.eldigitaldeasturias.com\\\/noticias\\\/zoido-cierra-el-acuerdo-sobre-equiparacion-salarial-con-representantes-de-la-policia-y-de-la-guardia-civil-que-se-firmara-el-lunes\\\/#mainImage\"},\"primaryImageOfPage\":{\"@id\":\"https:\\\/\\\/www.eldigitaldeasturias.com\\\/noticias\\\/zoido-cierra-el-acuerdo-sobre-equiparacion-salarial-con-representantes-de-la-policia-y-de-la-guardia-civil-que-se-firmara-el-lunes\\\/#mainImage\"},\"datePublished\":\"2018-03-10T14:30:23+01:00\",\"dateModified\":\"2018-03-10T14:30:23+01:00\"},{\"@type\":\"WebSite\",\"@id\":\"https:\\\/\\\/www.eldigitaldeasturias.com\\\/noticias\\\/#website\",\"url\":\"https:\\\/\\\/www.eldigitaldeasturias.com\\\/noticias\\\/\",\"name\":\"El Digital de Asturias - Diario de actualidad y noticias\",\"alternateName\":\"El Digital de Asturias - Diario de actualidad y noticias\",\"description\":\"Hemeroteca\",\"inLanguage\":\"es-ES\",\"publisher\":{\"@id\":\"https:\\\/\\\/www.eldigitaldeasturias.com\\\/noticias\\\/#organization\"}}]}\n\t\t<\/script>\n\t\t<!-- All in One SEO Pro -->\r\n\t\t<title>Zoido cierra el acuerdo sobre equiparaci\u00f3n salarial con representantes de la Polic\u00eda y de la Guardia Civil, que se firmar\u00e1 el lunes - El Digital de Asturias<\/title>\n\n","aioseo_head_json":{"title":"Zoido cierra el acuerdo sobre equiparaci\u00f3n salarial con representantes de la Polic\u00eda y de la Guardia Civil, que se firmar\u00e1 el lunes - El Digital de Asturias","description":"El secretario de Estado de Seguridad, Jos\u00e9 Antonio Nieto, ha cerrado definitivamente, en nombre del ministro de Interior, Juan Ignacio Zoido, que se encuentra en Bruselas en una reuni\u00f3n con sus hom\u00f3logos europeos, el acuerdo definitivo de equiparaci\u00f3n salarial con los sindicatos policiales y asociaciones de la Guardia Civil que se rubricar\u00e1 el pr\u00f3ximo lunes","canonical_url":"https:\/\/www.eldigitaldeasturias.com\/noticias\/zoido-cierra-el-acuerdo-sobre-equiparacion-salarial-con-representantes-de-la-policia-y-de-la-guardia-civil-que-se-firmara-el-lunes\/","robots":"max-image-preview:large","keywords":"actualidad","webmasterTools":{"google-site-verification":"UA-38556648-1","msvalidate.01":"7dfe9f3f1b24437ab69f4f2559babe99","miscellaneous":""},"schema":{"@context":"https:\/\/schema.org","@graph":[{"@type":"BlogPosting","@id":"https:\/\/www.eldigitaldeasturias.com\/noticias\/zoido-cierra-el-acuerdo-sobre-equiparacion-salarial-con-representantes-de-la-policia-y-de-la-guardia-civil-que-se-firmara-el-lunes\/#blogposting","name":"Zoido cierra el acuerdo sobre equiparaci\u00f3n salarial con representantes de la Polic\u00eda y de la Guardia Civil, que se firmar\u00e1 el lunes - El Digital de Asturias","headline":"Zoido cierra el acuerdo sobre equiparaci\u00f3n salarial con representantes de la Polic\u00eda y de la Guardia Civil, que se firmar\u00e1 el lunes","author":{"@id":"https:\/\/www.eldigitaldeasturias.com\/noticias\/author\/admin\/#author"},"publisher":{"@id":"https:\/\/www.eldigitaldeasturias.com\/noticias\/#organization"},"image":{"@type":"ImageObject","url":971456},"datePublished":"2018-03-10T14:30:23+01:00","dateModified":"2018-03-10T14:30:23+01:00","inLanguage":"es-ES","mainEntityOfPage":{"@id":"https:\/\/www.eldigitaldeasturias.com\/noticias\/zoido-cierra-el-acuerdo-sobre-equiparacion-salarial-con-representantes-de-la-policia-y-de-la-guardia-civil-que-se-firmara-el-lunes\/#webpage"},"isPartOf":{"@id":"https:\/\/www.eldigitaldeasturias.com\/noticias\/zoido-cierra-el-acuerdo-sobre-equiparacion-salarial-con-representantes-de-la-policia-y-de-la-guardia-civil-que-se-firmara-el-lunes\/#webpage"},"articleSection":"Actualidad"},{"@type":"BreadcrumbList","@id":"https:\/\/www.eldigitaldeasturias.com\/noticias\/zoido-cierra-el-acuerdo-sobre-equiparacion-salarial-con-representantes-de-la-policia-y-de-la-guardia-civil-que-se-firmara-el-lunes\/#breadcrumblist","itemListElement":[{"@type":"ListItem","@id":"https:\/\/www.eldigitaldeasturias.com\/noticias#listItem","position":1,"name":"Home","item":"https:\/\/www.eldigitaldeasturias.com\/noticias","nextItem":{"@type":"ListItem","@id":"https:\/\/www.eldigitaldeasturias.com\/noticias\/category\/actualidad\/#listItem","name":"Actualidad"}},{"@type":"ListItem","@id":"https:\/\/www.eldigitaldeasturias.com\/noticias\/category\/actualidad\/#listItem","position":2,"name":"Actualidad","item":"https:\/\/www.eldigitaldeasturias.com\/noticias\/category\/actualidad\/","nextItem":{"@type":"ListItem","@id":"https:\/\/www.eldigitaldeasturias.com\/noticias\/zoido-cierra-el-acuerdo-sobre-equiparacion-salarial-con-representantes-de-la-policia-y-de-la-guardia-civil-que-se-firmara-el-lunes\/#listItem","name":"Zoido cierra el acuerdo sobre equiparaci\u00f3n salarial con representantes de la Polic\u00eda y de la Guardia Civil, que se firmar\u00e1 el lunes"},"previousItem":{"@type":"ListItem","@id":"https:\/\/www.eldigitaldeasturias.com\/noticias#listItem","name":"Home"}},{"@type":"ListItem","@id":"https:\/\/www.eldigitaldeasturias.com\/noticias\/zoido-cierra-el-acuerdo-sobre-equiparacion-salarial-con-representantes-de-la-policia-y-de-la-guardia-civil-que-se-firmara-el-lunes\/#listItem","position":3,"name":"Zoido cierra el acuerdo sobre equiparaci\u00f3n salarial con representantes de la Polic\u00eda y de la Guardia Civil, que se firmar\u00e1 el lunes","previousItem":{"@type":"ListItem","@id":"https:\/\/www.eldigitaldeasturias.com\/noticias\/category\/actualidad\/#listItem","name":"Actualidad"}}]},{"@type":"Organization","@id":"https:\/\/www.eldigitaldeasturias.com\/noticias\/#organization","name":"El Digital de Asturias","description":"Hemeroteca","url":"https:\/\/www.eldigitaldeasturias.com\/noticias\/","email":"info@eldigitaldeasturias.com","telephone":"+34652131393","logo":{"@type":"ImageObject","url":"https:\/\/www.eldigitaldeasturias.com\/noticias\/wp-content\/uploads\/2020\/12\/EDA.jpg","@id":"https:\/\/www.eldigitaldeasturias.com\/noticias\/zoido-cierra-el-acuerdo-sobre-equiparacion-salarial-con-representantes-de-la-policia-y-de-la-guardia-civil-que-se-firmara-el-lunes\/#organizationLogo"},"image":{"@id":"https:\/\/www.eldigitaldeasturias.com\/noticias\/zoido-cierra-el-acuerdo-sobre-equiparacion-salarial-con-representantes-de-la-policia-y-de-la-guardia-civil-que-se-firmara-el-lunes\/#organizationLogo"},"sameAs":["https:\/\/facebook.com\/eldigitaldeasturias","https:\/\/www.youtube.com\/channel\/UCZP-2wLEB9Rv6erhFmqVnvg"],"address":{"@id":"https:\/\/www.eldigitaldeasturias.com\/noticias\/#postaladdress","@type":"PostalAddress","streetAddress":"san antonio 4","postalCode":"33430","addressLocality":"Cand\u00e1s","addressRegion":"Asturias","addressCountry":"ES"}},{"@type":"Person","@id":"https:\/\/www.eldigitaldeasturias.com\/noticias\/author\/admin\/#author","url":"https:\/\/www.eldigitaldeasturias.com\/noticias\/author\/admin\/","name":"El Digital de Asturias","image":{"@type":"ImageObject","@id":"https:\/\/www.eldigitaldeasturias.com\/noticias\/zoido-cierra-el-acuerdo-sobre-equiparacion-salarial-con-representantes-de-la-policia-y-de-la-guardia-civil-que-se-firmara-el-lunes\/#authorImage","url":"https:\/\/secure.gravatar.com\/avatar\/df2aeffc32bcd13f8d26072ef8a91b623d677766deac7f97ca815868cd41bf5e?s=96&d=mm&r=g","width":96,"height":96,"caption":"El Digital de Asturias"}},{"@type":"WebPage","@id":"https:\/\/www.eldigitaldeasturias.com\/noticias\/zoido-cierra-el-acuerdo-sobre-equiparacion-salarial-con-representantes-de-la-policia-y-de-la-guardia-civil-que-se-firmara-el-lunes\/#webpage","url":"https:\/\/www.eldigitaldeasturias.com\/noticias\/zoido-cierra-el-acuerdo-sobre-equiparacion-salarial-con-representantes-de-la-policia-y-de-la-guardia-civil-que-se-firmara-el-lunes\/","name":"Zoido cierra el acuerdo sobre equiparaci\u00f3n salarial con representantes de la Polic\u00eda y de la Guardia Civil, que se firmar\u00e1 el lunes - El Digital de Asturias","description":"El secretario de Estado de Seguridad, Jos\u00e9 Antonio Nieto, ha cerrado definitivamente, en nombre del ministro de Interior, Juan Ignacio Zoido, que se encuentra en Bruselas en una reuni\u00f3n con sus hom\u00f3logos europeos, el acuerdo definitivo de equiparaci\u00f3n salarial con los sindicatos policiales y asociaciones de la Guardia Civil que se rubricar\u00e1 el pr\u00f3ximo lunes","inLanguage":"es-ES","isPartOf":{"@id":"https:\/\/www.eldigitaldeasturias.com\/noticias\/#website"},"breadcrumb":{"@id":"https:\/\/www.eldigitaldeasturias.com\/noticias\/zoido-cierra-el-acuerdo-sobre-equiparacion-salarial-con-representantes-de-la-policia-y-de-la-guardia-civil-que-se-firmara-el-lunes\/#breadcrumblist"},"author":{"@id":"https:\/\/www.eldigitaldeasturias.com\/noticias\/author\/admin\/#author"},"creator":{"@id":"https:\/\/www.eldigitaldeasturias.com\/noticias\/author\/admin\/#author"},"image":{"@type":"ImageObject","url":971456,"@id":"https:\/\/www.eldigitaldeasturias.com\/noticias\/zoido-cierra-el-acuerdo-sobre-equiparacion-salarial-con-representantes-de-la-policia-y-de-la-guardia-civil-que-se-firmara-el-lunes\/#mainImage"},"primaryImageOfPage":{"@id":"https:\/\/www.eldigitaldeasturias.com\/noticias\/zoido-cierra-el-acuerdo-sobre-equiparacion-salarial-con-representantes-de-la-policia-y-de-la-guardia-civil-que-se-firmara-el-lunes\/#mainImage"},"datePublished":"2018-03-10T14:30:23+01:00","dateModified":"2018-03-10T14:30:23+01:00"},{"@type":"WebSite","@id":"https:\/\/www.eldigitaldeasturias.com\/noticias\/#website","url":"https:\/\/www.eldigitaldeasturias.com\/noticias\/","name":"El Digital de Asturias - Diario de actualidad y noticias","alternateName":"El Digital de Asturias - Diario de actualidad y noticias","description":"Hemeroteca","inLanguage":"es-ES","publisher":{"@id":"https:\/\/www.eldigitaldeasturias.com\/noticias\/#organization"}}]},"og:locale":"es_ES","og:site_name":"El Digital de Asturias","og:type":"article","og:title":"Zoido cierra el acuerdo sobre equiparaci\u00f3n salarial con representantes de la Polic\u00eda y de la Guardia Civil, que se firmar\u00e1 el lunes - El Digital de Asturias","og:description":"El secretario de Estado de Seguridad, Jos\u00e9 Antonio Nieto, ha cerrado definitivamente, en nombre del ministro de Interior, Juan Ignacio Zoido, que se encuentra en Bruselas en una reuni\u00f3n con sus hom\u00f3logos europeos, el acuerdo definitivo de equiparaci\u00f3n salarial con los sindicatos policiales y asociaciones de la Guardia Civil que se rubricar\u00e1 el pr\u00f3ximo lunes","og:url":"https:\/\/www.eldigitaldeasturias.com\/noticias\/zoido-cierra-el-acuerdo-sobre-equiparacion-salarial-con-representantes-de-la-policia-y-de-la-guardia-civil-que-se-firmara-el-lunes\/","article:tag":["actualidad"],"article:published_time":"2018-03-10T14:30:23+00:00","article:modified_time":"2018-03-10T14:30:23+00:00","article:publisher":"https:\/\/facebook.com\/eldigitaldeasturias","twitter:card":"summary_large_image","twitter:title":"Zoido cierra el acuerdo sobre equiparaci\u00f3n salarial con representantes de la Polic\u00eda y de la Guardia Civil, que se firmar\u00e1 el lunes - El Digital de Asturias","twitter:description":"El secretario de Estado de Seguridad, Jos\u00e9 Antonio Nieto, ha cerrado definitivamente, en nombre del ministro de Interior, Juan Ignacio Zoido, que se encuentra en Bruselas en una reuni\u00f3n con sus hom\u00f3logos europeos, el acuerdo definitivo de equiparaci\u00f3n salarial con los sindicatos policiales y asociaciones de la Guardia Civil que se rubricar\u00e1 el pr\u00f3ximo lunes","twitter:image":"https:\/\/www.eldigitaldeasturias.com\/noticias\/wp-content\/uploads\/2020\/12\/EDA-1.jpg","twitter:label1":"Escrito por","twitter:data1":"El Digital de Asturias","twitter:label2":"Tiempo de lectura estimado","twitter:data2":"4 minutos"},"aioseo_meta_data":{"post_id":"971455","title":null,"description":null,"keywords":null,"keyphrases":null,"primary_term":null,"canonical_url":null,"og_title":null,"og_description":null,"og_object_type":"default","og_image_type":"default","og_image_url":null,"og_image_width":null,"og_image_height":null,"og_image_custom_url":null,"og_image_custom_fields":null,"og_video":null,"og_custom_url":null,"og_article_section":null,"og_article_tags":null,"twitter_use_og":false,"twitter_card":"default","twitter_image_type":"default","twitter_image_url":null,"twitter_image_custom_url":null,"twitter_image_custom_fields":null,"twitter_title":null,"twitter_description":null,"schema":{"blockGraphs":[],"customGraphs":[],"default":{"data":{"Article":[],"Course":[],"Dataset":[],"FAQPage":[],"Movie":[],"Person":[],"Product":[],"ProductReview":[],"Car":[],"Recipe":[],"Service":[],"SoftwareApplication":[],"WebPage":[]},"graphName":"","isEnabled":true},"graphs":[],"defaultGraph":"","defaultPostTypeGraph":""},"schema_type":null,"schema_type_options":null,"pillar_content":false,"robots_default":true,"robots_noindex":false,"robots_noarchive":false,"robots_nosnippet":false,"robots_nofollow":false,"robots_noimageindex":false,"robots_noodp":false,"robots_notranslate":false,"robots_max_snippet":null,"robots_max_videopreview":null,"robots_max_imagepreview":"large","priority":null,"frequency":null,"local_seo":null,"seo_analyzer_scan_date":"2025-10-07 09:14:18","breadcrumb_settings":null,"limit_modified_date":false,"open_ai":null,"ai":null,"created":"2020-12-21 12:21:38","updated":"2025-10-07 09:14:18","focus_keyword":null,"additional_keywords":null,"truseo_locale":null},"aioseo_breadcrumb":"<div class=\"aioseo-breadcrumbs\"><span class=\"aioseo-breadcrumb\">\n\t<a href=\"https:\/\/www.eldigitaldeasturias.com\/noticias\" title=\"Home\">Home<\/a>\n<\/span><span class=\"aioseo-breadcrumb-separator\">\u2013<\/span><span class=\"aioseo-breadcrumb\">\n\t<a href=\"https:\/\/www.eldigitaldeasturias.com\/noticias\/category\/actualidad\/\" title=\"Actualidad\">Actualidad<\/a>\n<\/span><span class=\"aioseo-breadcrumb-separator\">\u2013<\/span><span class=\"aioseo-breadcrumb\">\n\t<a href=\"https:\/\/www.eldigitaldeasturias.com\/noticias\/zoido-cierra-el-acuerdo-sobre-equiparacion-salarial-con-representantes-de-la-policia-y-de-la-guardia-civil-que-se-firmara-el-lunes\/\" title=\"Zoido cierra el acuerdo sobre equiparaci\u00f3n salarial con representantes de la Polic\u00eda y de la Guardia Civil, que se firmar\u00e1 el lunes\">Zoido cierra el acuerdo sobre equiparaci\u00f3n salarial con representantes de la Polic\u00eda y de la Guardia Civil, que se firmar\u00e1 el lunes<\/a>\n<\/span><\/div>","aioseo_breadcrumb_json":[{"label":"Home","link":"https:\/\/www.eldigitaldeasturias.com\/noticias"},{"label":"Actualidad","link":"https:\/\/www.eldigitaldeasturias.com\/noticias\/category\/actualidad\/"},{"label":"Zoido cierra el acuerdo sobre equiparaci\u00f3n salarial con representantes de la Polic\u00eda y de la Guardia Civil, que se firmar\u00e1 el lunes","link":"https:\/\/www.eldigitaldeasturias.com\/noticias\/zoido-cierra-el-acuerdo-sobre-equiparacion-salarial-con-representantes-de-la-policia-y-de-la-guardia-civil-que-se-firmara-el-lunes\/"}],"_links":{"self":[{"href":"https:\/\/www.eldigitaldeasturias.com\/noticias\/wp-json\/wp\/v2\/posts\/971455","targetHints":{"allow":["GET"]}}],"collection":[{"href":"https:\/\/www.eldigitaldeasturias.com\/noticias\/wp-json\/wp\/v2\/posts"}],"about":[{"href":"https:\/\/www.eldigitaldeasturias.com\/noticias\/wp-json\/wp\/v2\/types\/post"}],"author":[{"embeddable":true,"href":"https:\/\/www.eldigitaldeasturias.com\/noticias\/wp-json\/wp\/v2\/users\/1"}],"replies":[{"embeddable":true,"href":"https:\/\/www.eldigitaldeasturias.com\/noticias\/wp-json\/wp\/v2\/comments?post=971455"}],"version-history":[{"count":0,"href":"https:\/\/www.eldigitaldeasturias.com\/noticias\/wp-json\/wp\/v2\/posts\/971455\/revisions"}],"wp:attachment":[{"href":"https:\/\/www.eldigitaldeasturias.com\/noticias\/wp-json\/wp\/v2\/media?parent=971455"}],"wp:term":[{"taxonomy":"category","embeddable":true,"href":"https:\/\/www.eldigitaldeasturias.com\/noticias\/wp-json\/wp\/v2\/categories?post=971455"},{"taxonomy":"post_tag","embeddable":true,"href":"https:\/\/www.eldigitaldeasturias.com\/noticias\/wp-json\/wp\/v2\/tags?post=971455"}],"curies":[{"name":"wp","href":"https:\/\/api.w.org\/{rel}","templated":true}]}}