{"id":971452,"date":"2018-03-10T14:28:55","date_gmt":"2018-03-10T14:28:55","guid":{"rendered":"http:\/\/www.eldigitaldeasturias.com\/noticias\/?p=971452"},"modified":"2018-03-10T14:28:55","modified_gmt":"2018-03-10T14:28:55","slug":"zoido-considera-fundamental-evitar-que-internet-sea-utilizado-para-fines-terroristas","status":"publish","type":"post","link":"https:\/\/www.eldigitaldeasturias.com\/noticias\/zoido-considera-fundamental-evitar-que-internet-sea-utilizado-para-fines-terroristas\/","title":{"rendered":"Zoido considera fundamental evitar que Internet sea utilizado para fines terroristas"},"content":{"rendered":"<p><img loading=\"lazy\" decoding=\"async\" class=\"alignleft size-medium wp-image-971453\" src=\"https:\/\/www.eldigitaldeasturias.com\/noticias\/wp-content\/uploads\/2018\/03\/0803187-Zoido-360x239.png\" alt=\"\" width=\"360\" height=\"239\" \/>El ministro del Interior, Juan Ignacio Zoido, ha participado en la Reuni\u00f3n del Consejo de Ministros de Justicia y Asuntos de Interior de la Uni\u00f3n Europea (JAI), que se ha celebrado en Bruselas (B\u00e9lgica).<\/p>\n<p>En esta reuni\u00f3n, los ministros del Interior de la Uni\u00f3n Europea (UE) han tratado diversos asuntos sobre la cooperaci\u00f3n en materia securitaria con los Balcanes Occidentales y han analizado los reglamentos propuestos por la Comisi\u00f3n para mejorar la interoperabilidad de las bases de datos de la UE, la lucha contra el terrorismo y la situaci\u00f3n actual de la inmigraci\u00f3n, entre otros asuntos de la agenda europea.<\/p>\n<p>El ministro del Interior, Juan Ignacio Zoido, ha trasladado a sus colegas europeos del Consejo JAI que Internet es un elemento esencial para las organizaciones terroristas, sin cuya plataforma no podr\u00edan adoctrinar, captar o publicitar su mensaje terrorista. Prueba de ello es que en la mayor\u00eda de las operaciones policiales de lucha contra el terrorismo, internet se consagra como como el medio utilizado por los terroristas de forma sistem\u00e1tica.<\/p>\n<p>Para afrontar este desaf\u00edo, Juan Ignacio Zoido ha propuesto recurrir necesariamente a la colaboraci\u00f3n p\u00fablico privada con los proveedores de Internet. Zoido ha subrayado que Espa\u00f1a siempre ha valorado muy positivamente los esfuerzos que realizan las instituciones europeas, los Estados miembros y la industria de Internet en la prevenci\u00f3n de la radicalizaci\u00f3n y la retirada del contenido terrorista online.<\/p>\n<p>En este sentido, el ministro espa\u00f1ol del Interior ha considerado el Foro de Internet como un \u00abinstrumento muy \u00fatil\u00bb que aglutina a los actores principales y ha afirmado que Espa\u00f1a considera fundamental evitar que Internet sea utilizado para fines terroristas.<\/p>\n<p>Juan Ignacio Zoido se ha mostrado partidario de estudiar la conveniencia de contar con una legislaci\u00f3n europea que obligue a las empresas a colaborar y a retirar el contenido terrorista. \u00abCreemos que, tras una primera fase que llevamos ya de tres a\u00f1os, en la que se ha fomentado la colaboraci\u00f3n voluntaria de las empresas, con un \u00e9xito importante, sin perjuicio de continuar mejorando estos procedimientos voluntarios deber\u00edamos estudiar la necesidad de una legislaci\u00f3n adecuada, especialmente para los supuestos de no colaboraci\u00f3n voluntaria\u00bb, ha afirmado el ministro del Interior.<\/p>\n<p>Adem\u00e1s, Zoido ha propuesto que se podr\u00edan exigir a las compa\u00f1\u00edas de Internet mayores controles en la identidad de las personas que se dan de alta en sus servicios. En este sentido, el ministro ha se\u00f1alado que \u00abdebemos ser m\u00e1s r\u00e1pidos y eficaces en la retirada del contenido terrorista una vez que se ha subido a las plataformas\u00bb y ha explicado que las empresas l\u00edderes deben hacer part\u00edcipes de sus \u00abmejores pr\u00e1cticas\u00bb a todas las empresas incluidas las m\u00e1s peque\u00f1as, puesto que la puerta con la cerradura m\u00e1s d\u00e9bil puede ser igualmente una v\u00eda de acceso para los terroristas.<\/p>\n<p>Juan Ignacio Zoido ha trasladado a sus hom\u00f3logos europeos que incluso se podr\u00eda ofrecer a los trabajadores de las compa\u00f1\u00edas de Internet la formaci\u00f3n necesaria, y el asesoramiento para contribuir a la detecci\u00f3n del contenido terrorista extremista y que est\u00e9n coordinados con los trabajos de las Fuerzas y Cuerpos de Seguridad.<\/p>\n<p>Adem\u00e1s, ha recordado que la potenciaci\u00f3n del trabajo en com\u00fan entre la Unidad de Referencia de Internet de Europol y sus corresponsales en todos los Estados miembros tambi\u00e9n ayudar\u00eda a mejorar la eficacia en la reducci\u00f3n del contenido terrorista online.<\/p>\n<p><strong>M\u00e1s colaboraci\u00f3n con los Balcanes occidentales<\/strong><\/p>\n<p>El ministro del Interior ha se\u00f1alado que el refuerzo de las capacidades de los socios de los Balcanes occidentales en materia de lucha contra el terrorismo y de delincuencia organizada es un objetivo que ayudar\u00e1 a mejorar la seguridad de todos los ciudadanos europeos. \u00abInstituciones y Estados miembros debemos contribuir a las acciones de mejora de capacidades y colaboraci\u00f3n con los socios de los Balcanes occidentales porque redundar\u00e1 en el incremento de la seguridad en la regi\u00f3n y tambi\u00e9n en la de todos los socios europeos\u00bb, ha afirmado.<\/p>\n<p>Zoido ha subrayado que es necesaria la colaboraci\u00f3n de las instituciones europeas y de todos los Estados miembros, y ha recordado que Espa\u00f1a ha asumido ese compromiso y ha venido colaborando desde un primer momento en las iniciativas que se desarrollaron en materia de lucha contra el terrorismo que consiguieron mejorar el intercambio de informaci\u00f3n con los socios de la regi\u00f3n. El ministro espa\u00f1ol del Interior ha trasladado a sus colegas europeos que el intercambio de informaci\u00f3n y la contribuci\u00f3n de estos socios a las listas de combatientes yihadistas es fundamental.<\/p>\n<p>En el marco de los proyectos EMPACT (la Plataforma Multidisciplinar Europea Contra las Amenazas Delictivas), Juan Ignacio Zoido ha destacado que Espa\u00f1a lidera actualmente dos de las prioridades que tienen una mayor trascendencia en la zona de los Balcanes Occidentales como son la lucha contra el tr\u00e1fico de armas y la lucha contra el tr\u00e1fico de drogas. \u00abConsideramos que el COSI y los proyectos EMPACT constituyen una s\u00f3lida plataforma para profundizar en la cooperaci\u00f3n con los Balcanes occidentales y se deben renovar esfuerzos, consiguiendo la plena colaboraci\u00f3n de todos los actores implicados, para hacer frente a los distintos desaf\u00edos securitarios\u00bb, ha dicho el ministro.<\/p>\n<p>En cuanto a las acciones dise\u00f1adas para combatir el tr\u00e1fico il\u00edcito de armas Juan Ignacio Zoido ha se\u00f1alado que deber\u00edan explorarse enfoques transversales que combinen los esfuerzos en la lucha contra el terrorismo con los efectuados para combatir la delincuencia organizada. En cuanto a la coordinaci\u00f3n sobre informaci\u00f3n operativa en relaci\u00f3n con el terrorismo y crimen organizado, ha propuesto potenciar la creaci\u00f3n de centros de coordinaci\u00f3n interna que aglutinen a los principales actores responsables de esta lucha en cada pa\u00eds.<\/p>\n<p><strong>El papel de las Agencias JAI en la lucha contra el terrorismo<\/strong><\/p>\n<p>El titular Interior ha transmitido a sus hom\u00f3logos europeos que Espa\u00f1a considera que el papel de las agencias es sumamente relevante y complementario de los intercambios de informaci\u00f3n bilaterales y del trabajo de los servicios policiales en los Estados miembros. Por ello, ha apostado porque las agencias cuenten con los medios financieros y de personal necesarios para hacer frente a las necesidades actuales y futuras para contrarrestar al terrorismo. \u00abEs un compromiso del que todos saldremos beneficiados\u00bb, ha dicho el ministro.<\/p>\n<p>En este sentido, Zoido ha se\u00f1alado que Espa\u00f1a est\u00e1 comprometida con Europol y convencida de la importancia del desarrollo de los instrumentos para la lucha contra el terrorismo e intercambio de informaci\u00f3n que se han creado recientemente en el seno de esta agencia (Los Ficheros de An\u00e1lisis sobre Terrorismo, el Centro de Europol Contra el Terrorismo, la IRU los Equipos de Investigaci\u00f3n Conjuntos). \u00abHemos profundizado el flujo de informaci\u00f3n con la agencia y hemos contribuido tambi\u00e9n con personal especializado que trabaja y ocupa puestos de relevancia en la agencia en el \u00e1mbito de la lucha contra el terrorismo. Esto demuestra el compromiso que tenemos y que mantendremos con Europol\u00bb, ha subrayado.<\/p>\n<p>El ministro se ha mostrado partidario de que Eurojust contin\u00fae facilitando la cooperaci\u00f3n y la coordinaci\u00f3n judicial en las investigaciones en materia de terrorismo y profundice su relaci\u00f3n con Europol participando en las investigaciones antiterroristas desde un principio con el fin de que las actuaciones de ambas agencias se coordinen para conseguir el resultado esperado, que no es otro que la detenci\u00f3n y condena de los autores de acciones terroristas.<\/p>\n<p>Por lo que respecta a la Agencia Europea FRONTEX, Zoido ha considerado importante que contin\u00fae trabajando para facilitar la utilizaci\u00f3n eficaz de las nuevas herramientas disponibles para el refuerzo del control fronterizo, con especial atenci\u00f3n a la formaci\u00f3n sobre detecci\u00f3n de documentos falsos y procedimientos a realizar para la detecci\u00f3n de personas en frontera, especialmente las que son objeto de alertas por motivos terroristas.<\/p>\n<p>El ministro ha considerado tambi\u00e9n muy adecuada la propuesta de que el COSI (Comit\u00e9 Permanente de Seguridad Interior incremente su papel de coordinaci\u00f3n con las Agencias, espec\u00edficamente en la lucha contra el terrorismo, ya que se ajusta perfectamente a uno de sus mandatos claros como es el de mejorar la coordinaci\u00f3n entre Agencias.<\/p>\n<p><strong>Lucha contra la inmigraci\u00f3n irregular<\/strong><\/p>\n<p>Juan Ignacio Zoido ha se\u00f1alado que Espa\u00f1a es particularmente sensible, como pa\u00eds frontera exterior de la Uni\u00f3n Europea, al fen\u00f3meno migratorio y ha considerado imprescindible continuar trabajando en la construcci\u00f3n de una pol\u00edtica migratoria de la UE que atienda a la dimensi\u00f3n exterior del reto que nos plantea.<\/p>\n<p>Asimismo, ha valorado muy positivamente el enfoque del documento de la Presidencia y su tono, y ha recordado que Espa\u00f1a ha construido una pol\u00edtica nacional en este \u00e1mbito que se apoya en los mismos elementos que se se\u00f1alan en el documento. Con la vista puesta en el objetivo de la prevenci\u00f3n en origen, Zoido ha reafirmado que el trabajo con los pa\u00edses de origen y tr\u00e1nsito es la \u00fanica v\u00eda que permitir\u00e1 evitar otra crisis migratoria como la vivida entre 2015 y 2017. \u00abLa cooperaci\u00f3n con los terceros pa\u00edses es el instrumento m\u00e1s importante que debemos seguir reforzando\u00bb, ha afirmado.<\/p>\n<p>En este sentido, ha trasladado a sus socios europeos que \u00abun refuerzo eficaz y exitoso\u00bb de la dimensi\u00f3n exterior de la pol\u00edtica migratoria de la UE pasa necesariamente por favorecer un enfoque positivo y constructivo en las negociaciones con terceros pa\u00edses. En este punto, Zoido ha recordado que Argelia, Mauritania y, especialmente, Marruecos, son tres pa\u00edses clave cuya colaboraci\u00f3n \u00abes imprescindible mantener y reforzar si queremos recuperar y consolidar cierta estabilidad migratoria\u00bb.<\/p>\n<p>Zoido ha compartido en el Consejo JAI que esos tres pa\u00edses se muestran insatisfechos por el apoyo, especialmente material, que reciben de la Uni\u00f3n Europea, por lo que se ha mostrado partidario de seguir explorando v\u00edas de financiaci\u00f3n y ha propuesto que el futuro Marco Financiero Multianual de la UE deber\u00eda contemplar f\u00f3rmulas eficaces para responder a las demandas que el reto migratorio impone.<\/p>\n<p><strong>Apoyo a la Directiva del Registro de Nombre de Pasajeros (PNR)<\/strong><\/p>\n<p>El ministro del Interior ha manifestado que Espa\u00f1a siempre ha mostrado su apoyo a la Directiva del Registro de Nombre de Pasajeros (PNR), desde su origen, y es uno de los Estados miembros que anim\u00f3 a la Comisi\u00f3n para que presentase este proyecto.<\/p>\n<p>Juan Ignacio Zoido ha se\u00f1alado que a nivel nacional se ha lanzado la tramitaci\u00f3n administrativa del anteproyecto y el Gobierno est\u00e1 realizando todos los esfuerzos para que el texto sea remitido al Parlamento en el plazo m\u00e1s breve posible. \u00abSomos plenamente conscientes de la importancia de la normativa PNR para la seguridad de los ciudadanos europeos\u00bb, ha afirmado.<\/p>\n<p>Adem\u00e1s, Zoido ha explicado que el Gobierno de Espa\u00f1a espera que los distintos grupos parlamentarios que conforman el Parlamento espa\u00f1ol colaboren en el impulso de esta Ley, \u00aben un ejercicio colectivo de responsabilidad porque sabemos que el PNR es un instrumento operativo clave en la lucha contra la delincuencia y, sobre todo, contra el terrorismo\u00bb.<\/p>\n<p>Finalmente, el titular de Interior ha deseado que este mismo mensaje sea el que se transmita desde todas las instituciones europeas con la firme convicci\u00f3n que esta unidad de la Uni\u00f3n Europea en apoyo del PNR sea \u00absumamente \u00fatil para superar las posibles dificultades que la implementaci\u00f3n de estos sistemas pueda tener a nivel nacional\u00bb.<\/p>\n","protected":false},"excerpt":{"rendered":"<p>El ministro del Interior, Juan Ignacio Zoido, ha participado en la Reuni\u00f3n del Consejo de Ministros de Justicia y Asuntos de Interior de la Uni\u00f3n Europea (JAI), que se ha celebrado en Bruselas (B\u00e9lgica). En esta reuni\u00f3n, los ministros del Interior de la Uni\u00f3n Europea (UE) han tratado diversos asuntos sobre la cooperaci\u00f3n en materia [&hellip;]<\/p>\n","protected":false},"author":1,"featured_media":971453,"comment_status":"closed","ping_status":"closed","sticky":false,"template":"","format":"standard","meta":{"footnotes":""},"categories":[1],"tags":[],"class_list":["post-971452","post","type-post","status-publish","format-standard","has-post-thumbnail","hentry","category-actualidad"],"aioseo_notices":[],"aioseo_head":"\n\t\t<!-- All in One SEO Pro 5.0.1 - aioseo.com -->\n\t<meta name=\"description\" content=\"El ministro del Interior, Juan Ignacio Zoido, ha participado en la Reuni\u00f3n del Consejo de Ministros de Justicia y Asuntos de Interior de la Uni\u00f3n Europea (JAI), que se ha celebrado en Bruselas (B\u00e9lgica). En esta reuni\u00f3n, los ministros del Interior de la Uni\u00f3n Europea (UE) han tratado diversos asuntos sobre la cooperaci\u00f3n en materia\" \/>\n\t<meta name=\"robots\" content=\"max-image-preview:large\" \/>\n\t<meta name=\"author\" content=\"El Digital de Asturias\"\/>\n\t<meta name=\"google-site-verification\" content=\"UA-38556648-1\" \/>\n\t<meta name=\"msvalidate.01\" content=\"7dfe9f3f1b24437ab69f4f2559babe99\" \/>\n\t<meta name=\"keywords\" content=\"actualidad\" \/>\n\t<link rel=\"canonical\" href=\"https:\/\/www.eldigitaldeasturias.com\/noticias\/zoido-considera-fundamental-evitar-que-internet-sea-utilizado-para-fines-terroristas\/\" \/>\n\t<meta name=\"generator\" content=\"All in One SEO Pro (AIOSEO) 5.0.1\" \/>\n\t\t<meta property=\"og:locale\" content=\"es_ES\" \/>\n\t\t<meta property=\"og:site_name\" content=\"El Digital de Asturias\" \/>\n\t\t<meta property=\"og:type\" content=\"article\" \/>\n\t\t<meta property=\"og:title\" content=\"Zoido considera fundamental evitar que Internet sea utilizado para fines terroristas - El Digital de Asturias\" \/>\n\t\t<meta property=\"og:description\" content=\"El ministro del Interior, Juan Ignacio Zoido, ha participado en la Reuni\u00f3n del Consejo de Ministros de Justicia y Asuntos de Interior de la Uni\u00f3n Europea (JAI), que se ha celebrado en Bruselas (B\u00e9lgica). En esta reuni\u00f3n, los ministros del Interior de la Uni\u00f3n Europea (UE) han tratado diversos asuntos sobre la cooperaci\u00f3n en materia\" \/>\n\t\t<meta property=\"og:url\" content=\"https:\/\/www.eldigitaldeasturias.com\/noticias\/zoido-considera-fundamental-evitar-que-internet-sea-utilizado-para-fines-terroristas\/\" \/>\n\t\t<meta property=\"article:tag\" content=\"actualidad\" \/>\n\t\t<meta property=\"article:published_time\" content=\"2018-03-10T14:28:55+00:00\" \/>\n\t\t<meta property=\"article:modified_time\" content=\"2018-03-10T14:28:55+00:00\" \/>\n\t\t<meta property=\"article:publisher\" content=\"https:\/\/facebook.com\/eldigitaldeasturias\" \/>\n\t\t<meta name=\"twitter:card\" content=\"summary_large_image\" \/>\n\t\t<meta name=\"twitter:title\" content=\"Zoido considera fundamental evitar que Internet sea utilizado para fines terroristas - El Digital de Asturias\" \/>\n\t\t<meta name=\"twitter:description\" content=\"El ministro del Interior, Juan Ignacio Zoido, ha participado en la Reuni\u00f3n del Consejo de Ministros de Justicia y Asuntos de Interior de la Uni\u00f3n Europea (JAI), que se ha celebrado en Bruselas (B\u00e9lgica). En esta reuni\u00f3n, los ministros del Interior de la Uni\u00f3n Europea (UE) han tratado diversos asuntos sobre la cooperaci\u00f3n en materia\" \/>\n\t\t<meta name=\"twitter:image\" content=\"https:\/\/www.eldigitaldeasturias.com\/noticias\/wp-content\/uploads\/2020\/12\/EDA-1.jpg\" \/>\n\t\t<meta name=\"twitter:label1\" content=\"Escrito por\" \/>\n\t\t<meta name=\"twitter:data1\" content=\"El Digital de Asturias\" \/>\n\t\t<meta name=\"twitter:label2\" content=\"Tiempo de lectura estimado\" \/>\n\t\t<meta name=\"twitter:data2\" content=\"10 minutos\" \/>\n\t\t<script type=\"application\/ld+json\" class=\"aioseo-schema\">\n\t\t\t{\"@context\":\"https:\\\/\\\/schema.org\",\"@graph\":[{\"@type\":\"BlogPosting\",\"@id\":\"https:\\\/\\\/www.eldigitaldeasturias.com\\\/noticias\\\/zoido-considera-fundamental-evitar-que-internet-sea-utilizado-para-fines-terroristas\\\/#blogposting\",\"name\":\"Zoido considera fundamental evitar que Internet sea utilizado para fines terroristas - El Digital de Asturias\",\"headline\":\"Zoido considera fundamental evitar que Internet sea utilizado para fines terroristas\",\"author\":{\"@id\":\"https:\\\/\\\/www.eldigitaldeasturias.com\\\/noticias\\\/author\\\/admin\\\/#author\"},\"publisher\":{\"@id\":\"https:\\\/\\\/www.eldigitaldeasturias.com\\\/noticias\\\/#organization\"},\"image\":{\"@type\":\"ImageObject\",\"url\":971453},\"datePublished\":\"2018-03-10T14:28:55+01:00\",\"dateModified\":\"2018-03-10T14:28:55+01:00\",\"inLanguage\":\"es-ES\",\"mainEntityOfPage\":{\"@id\":\"https:\\\/\\\/www.eldigitaldeasturias.com\\\/noticias\\\/zoido-considera-fundamental-evitar-que-internet-sea-utilizado-para-fines-terroristas\\\/#webpage\"},\"isPartOf\":{\"@id\":\"https:\\\/\\\/www.eldigitaldeasturias.com\\\/noticias\\\/zoido-considera-fundamental-evitar-que-internet-sea-utilizado-para-fines-terroristas\\\/#webpage\"},\"articleSection\":\"Actualidad\"},{\"@type\":\"BreadcrumbList\",\"@id\":\"https:\\\/\\\/www.eldigitaldeasturias.com\\\/noticias\\\/zoido-considera-fundamental-evitar-que-internet-sea-utilizado-para-fines-terroristas\\\/#breadcrumblist\",\"itemListElement\":[{\"@type\":\"ListItem\",\"@id\":\"https:\\\/\\\/www.eldigitaldeasturias.com\\\/noticias#listItem\",\"position\":1,\"name\":\"Home\",\"item\":\"https:\\\/\\\/www.eldigitaldeasturias.com\\\/noticias\",\"nextItem\":{\"@type\":\"ListItem\",\"@id\":\"https:\\\/\\\/www.eldigitaldeasturias.com\\\/noticias\\\/category\\\/actualidad\\\/#listItem\",\"name\":\"Actualidad\"}},{\"@type\":\"ListItem\",\"@id\":\"https:\\\/\\\/www.eldigitaldeasturias.com\\\/noticias\\\/category\\\/actualidad\\\/#listItem\",\"position\":2,\"name\":\"Actualidad\",\"item\":\"https:\\\/\\\/www.eldigitaldeasturias.com\\\/noticias\\\/category\\\/actualidad\\\/\",\"nextItem\":{\"@type\":\"ListItem\",\"@id\":\"https:\\\/\\\/www.eldigitaldeasturias.com\\\/noticias\\\/zoido-considera-fundamental-evitar-que-internet-sea-utilizado-para-fines-terroristas\\\/#listItem\",\"name\":\"Zoido considera fundamental evitar que Internet sea utilizado para fines terroristas\"},\"previousItem\":{\"@type\":\"ListItem\",\"@id\":\"https:\\\/\\\/www.eldigitaldeasturias.com\\\/noticias#listItem\",\"name\":\"Home\"}},{\"@type\":\"ListItem\",\"@id\":\"https:\\\/\\\/www.eldigitaldeasturias.com\\\/noticias\\\/zoido-considera-fundamental-evitar-que-internet-sea-utilizado-para-fines-terroristas\\\/#listItem\",\"position\":3,\"name\":\"Zoido considera fundamental evitar que Internet sea utilizado para fines terroristas\",\"previousItem\":{\"@type\":\"ListItem\",\"@id\":\"https:\\\/\\\/www.eldigitaldeasturias.com\\\/noticias\\\/category\\\/actualidad\\\/#listItem\",\"name\":\"Actualidad\"}}]},{\"@type\":\"Organization\",\"@id\":\"https:\\\/\\\/www.eldigitaldeasturias.com\\\/noticias\\\/#organization\",\"name\":\"El Digital de Asturias\",\"description\":\"Hemeroteca\",\"url\":\"https:\\\/\\\/www.eldigitaldeasturias.com\\\/noticias\\\/\",\"email\":\"info@eldigitaldeasturias.com\",\"telephone\":\"+34652131393\",\"logo\":{\"@type\":\"ImageObject\",\"url\":\"https:\\\/\\\/www.eldigitaldeasturias.com\\\/noticias\\\/wp-content\\\/uploads\\\/2020\\\/12\\\/EDA.jpg\",\"@id\":\"https:\\\/\\\/www.eldigitaldeasturias.com\\\/noticias\\\/zoido-considera-fundamental-evitar-que-internet-sea-utilizado-para-fines-terroristas\\\/#organizationLogo\"},\"image\":{\"@id\":\"https:\\\/\\\/www.eldigitaldeasturias.com\\\/noticias\\\/zoido-considera-fundamental-evitar-que-internet-sea-utilizado-para-fines-terroristas\\\/#organizationLogo\"},\"sameAs\":[\"https:\\\/\\\/facebook.com\\\/eldigitaldeasturias\",\"https:\\\/\\\/www.youtube.com\\\/channel\\\/UCZP-2wLEB9Rv6erhFmqVnvg\"],\"address\":{\"@id\":\"https:\\\/\\\/www.eldigitaldeasturias.com\\\/noticias\\\/#postaladdress\",\"@type\":\"PostalAddress\",\"streetAddress\":\"san antonio 4\",\"postalCode\":\"33430\",\"addressLocality\":\"Cand\\u00e1s\",\"addressRegion\":\"Asturias\",\"addressCountry\":\"ES\"}},{\"@type\":\"Person\",\"@id\":\"https:\\\/\\\/www.eldigitaldeasturias.com\\\/noticias\\\/author\\\/admin\\\/#author\",\"url\":\"https:\\\/\\\/www.eldigitaldeasturias.com\\\/noticias\\\/author\\\/admin\\\/\",\"name\":\"El Digital de Asturias\",\"image\":{\"@type\":\"ImageObject\",\"@id\":\"https:\\\/\\\/www.eldigitaldeasturias.com\\\/noticias\\\/zoido-considera-fundamental-evitar-que-internet-sea-utilizado-para-fines-terroristas\\\/#authorImage\",\"url\":\"https:\\\/\\\/secure.gravatar.com\\\/avatar\\\/df2aeffc32bcd13f8d26072ef8a91b623d677766deac7f97ca815868cd41bf5e?s=96&d=mm&r=g\",\"width\":96,\"height\":96,\"caption\":\"El Digital de Asturias\"}},{\"@type\":\"WebPage\",\"@id\":\"https:\\\/\\\/www.eldigitaldeasturias.com\\\/noticias\\\/zoido-considera-fundamental-evitar-que-internet-sea-utilizado-para-fines-terroristas\\\/#webpage\",\"url\":\"https:\\\/\\\/www.eldigitaldeasturias.com\\\/noticias\\\/zoido-considera-fundamental-evitar-que-internet-sea-utilizado-para-fines-terroristas\\\/\",\"name\":\"Zoido considera fundamental evitar que Internet sea utilizado para fines terroristas - El Digital de Asturias\",\"description\":\"El ministro del Interior, Juan Ignacio Zoido, ha participado en la Reuni\\u00f3n del Consejo de Ministros de Justicia y Asuntos de Interior de la Uni\\u00f3n Europea (JAI), que se ha celebrado en Bruselas (B\\u00e9lgica). En esta reuni\\u00f3n, los ministros del Interior de la Uni\\u00f3n Europea (UE) han tratado diversos asuntos sobre la cooperaci\\u00f3n en materia\",\"inLanguage\":\"es-ES\",\"isPartOf\":{\"@id\":\"https:\\\/\\\/www.eldigitaldeasturias.com\\\/noticias\\\/#website\"},\"breadcrumb\":{\"@id\":\"https:\\\/\\\/www.eldigitaldeasturias.com\\\/noticias\\\/zoido-considera-fundamental-evitar-que-internet-sea-utilizado-para-fines-terroristas\\\/#breadcrumblist\"},\"author\":{\"@id\":\"https:\\\/\\\/www.eldigitaldeasturias.com\\\/noticias\\\/author\\\/admin\\\/#author\"},\"creator\":{\"@id\":\"https:\\\/\\\/www.eldigitaldeasturias.com\\\/noticias\\\/author\\\/admin\\\/#author\"},\"image\":{\"@type\":\"ImageObject\",\"url\":971453,\"@id\":\"https:\\\/\\\/www.eldigitaldeasturias.com\\\/noticias\\\/zoido-considera-fundamental-evitar-que-internet-sea-utilizado-para-fines-terroristas\\\/#mainImage\"},\"primaryImageOfPage\":{\"@id\":\"https:\\\/\\\/www.eldigitaldeasturias.com\\\/noticias\\\/zoido-considera-fundamental-evitar-que-internet-sea-utilizado-para-fines-terroristas\\\/#mainImage\"},\"datePublished\":\"2018-03-10T14:28:55+01:00\",\"dateModified\":\"2018-03-10T14:28:55+01:00\"},{\"@type\":\"WebSite\",\"@id\":\"https:\\\/\\\/www.eldigitaldeasturias.com\\\/noticias\\\/#website\",\"url\":\"https:\\\/\\\/www.eldigitaldeasturias.com\\\/noticias\\\/\",\"name\":\"El Digital de Asturias - Diario de actualidad y noticias\",\"alternateName\":\"El Digital de Asturias - Diario de actualidad y noticias\",\"description\":\"Hemeroteca\",\"inLanguage\":\"es-ES\",\"publisher\":{\"@id\":\"https:\\\/\\\/www.eldigitaldeasturias.com\\\/noticias\\\/#organization\"}}]}\n\t\t<\/script>\n\t\t<!-- All in One SEO Pro -->\r\n\t\t<title>Zoido considera fundamental evitar que Internet sea utilizado para fines terroristas - El Digital de Asturias<\/title>\n\n","aioseo_head_json":{"title":"Zoido considera fundamental evitar que Internet sea utilizado para fines terroristas - El Digital de Asturias","description":"El ministro del Interior, Juan Ignacio Zoido, ha participado en la Reuni\u00f3n del Consejo de Ministros de Justicia y Asuntos de Interior de la Uni\u00f3n Europea (JAI), que se ha celebrado en Bruselas (B\u00e9lgica). En esta reuni\u00f3n, los ministros del Interior de la Uni\u00f3n Europea (UE) han tratado diversos asuntos sobre la cooperaci\u00f3n en materia","canonical_url":"https:\/\/www.eldigitaldeasturias.com\/noticias\/zoido-considera-fundamental-evitar-que-internet-sea-utilizado-para-fines-terroristas\/","robots":"max-image-preview:large","keywords":"actualidad","webmasterTools":{"google-site-verification":"UA-38556648-1","msvalidate.01":"7dfe9f3f1b24437ab69f4f2559babe99","miscellaneous":""},"schema":{"@context":"https:\/\/schema.org","@graph":[{"@type":"BlogPosting","@id":"https:\/\/www.eldigitaldeasturias.com\/noticias\/zoido-considera-fundamental-evitar-que-internet-sea-utilizado-para-fines-terroristas\/#blogposting","name":"Zoido considera fundamental evitar que Internet sea utilizado para fines terroristas - El Digital de Asturias","headline":"Zoido considera fundamental evitar que Internet sea utilizado para fines terroristas","author":{"@id":"https:\/\/www.eldigitaldeasturias.com\/noticias\/author\/admin\/#author"},"publisher":{"@id":"https:\/\/www.eldigitaldeasturias.com\/noticias\/#organization"},"image":{"@type":"ImageObject","url":971453},"datePublished":"2018-03-10T14:28:55+01:00","dateModified":"2018-03-10T14:28:55+01:00","inLanguage":"es-ES","mainEntityOfPage":{"@id":"https:\/\/www.eldigitaldeasturias.com\/noticias\/zoido-considera-fundamental-evitar-que-internet-sea-utilizado-para-fines-terroristas\/#webpage"},"isPartOf":{"@id":"https:\/\/www.eldigitaldeasturias.com\/noticias\/zoido-considera-fundamental-evitar-que-internet-sea-utilizado-para-fines-terroristas\/#webpage"},"articleSection":"Actualidad"},{"@type":"BreadcrumbList","@id":"https:\/\/www.eldigitaldeasturias.com\/noticias\/zoido-considera-fundamental-evitar-que-internet-sea-utilizado-para-fines-terroristas\/#breadcrumblist","itemListElement":[{"@type":"ListItem","@id":"https:\/\/www.eldigitaldeasturias.com\/noticias#listItem","position":1,"name":"Home","item":"https:\/\/www.eldigitaldeasturias.com\/noticias","nextItem":{"@type":"ListItem","@id":"https:\/\/www.eldigitaldeasturias.com\/noticias\/category\/actualidad\/#listItem","name":"Actualidad"}},{"@type":"ListItem","@id":"https:\/\/www.eldigitaldeasturias.com\/noticias\/category\/actualidad\/#listItem","position":2,"name":"Actualidad","item":"https:\/\/www.eldigitaldeasturias.com\/noticias\/category\/actualidad\/","nextItem":{"@type":"ListItem","@id":"https:\/\/www.eldigitaldeasturias.com\/noticias\/zoido-considera-fundamental-evitar-que-internet-sea-utilizado-para-fines-terroristas\/#listItem","name":"Zoido considera fundamental evitar que Internet sea utilizado para fines terroristas"},"previousItem":{"@type":"ListItem","@id":"https:\/\/www.eldigitaldeasturias.com\/noticias#listItem","name":"Home"}},{"@type":"ListItem","@id":"https:\/\/www.eldigitaldeasturias.com\/noticias\/zoido-considera-fundamental-evitar-que-internet-sea-utilizado-para-fines-terroristas\/#listItem","position":3,"name":"Zoido considera fundamental evitar que Internet sea utilizado para fines terroristas","previousItem":{"@type":"ListItem","@id":"https:\/\/www.eldigitaldeasturias.com\/noticias\/category\/actualidad\/#listItem","name":"Actualidad"}}]},{"@type":"Organization","@id":"https:\/\/www.eldigitaldeasturias.com\/noticias\/#organization","name":"El Digital de Asturias","description":"Hemeroteca","url":"https:\/\/www.eldigitaldeasturias.com\/noticias\/","email":"info@eldigitaldeasturias.com","telephone":"+34652131393","logo":{"@type":"ImageObject","url":"https:\/\/www.eldigitaldeasturias.com\/noticias\/wp-content\/uploads\/2020\/12\/EDA.jpg","@id":"https:\/\/www.eldigitaldeasturias.com\/noticias\/zoido-considera-fundamental-evitar-que-internet-sea-utilizado-para-fines-terroristas\/#organizationLogo"},"image":{"@id":"https:\/\/www.eldigitaldeasturias.com\/noticias\/zoido-considera-fundamental-evitar-que-internet-sea-utilizado-para-fines-terroristas\/#organizationLogo"},"sameAs":["https:\/\/facebook.com\/eldigitaldeasturias","https:\/\/www.youtube.com\/channel\/UCZP-2wLEB9Rv6erhFmqVnvg"],"address":{"@id":"https:\/\/www.eldigitaldeasturias.com\/noticias\/#postaladdress","@type":"PostalAddress","streetAddress":"san antonio 4","postalCode":"33430","addressLocality":"Cand\u00e1s","addressRegion":"Asturias","addressCountry":"ES"}},{"@type":"Person","@id":"https:\/\/www.eldigitaldeasturias.com\/noticias\/author\/admin\/#author","url":"https:\/\/www.eldigitaldeasturias.com\/noticias\/author\/admin\/","name":"El Digital de Asturias","image":{"@type":"ImageObject","@id":"https:\/\/www.eldigitaldeasturias.com\/noticias\/zoido-considera-fundamental-evitar-que-internet-sea-utilizado-para-fines-terroristas\/#authorImage","url":"https:\/\/secure.gravatar.com\/avatar\/df2aeffc32bcd13f8d26072ef8a91b623d677766deac7f97ca815868cd41bf5e?s=96&d=mm&r=g","width":96,"height":96,"caption":"El Digital de Asturias"}},{"@type":"WebPage","@id":"https:\/\/www.eldigitaldeasturias.com\/noticias\/zoido-considera-fundamental-evitar-que-internet-sea-utilizado-para-fines-terroristas\/#webpage","url":"https:\/\/www.eldigitaldeasturias.com\/noticias\/zoido-considera-fundamental-evitar-que-internet-sea-utilizado-para-fines-terroristas\/","name":"Zoido considera fundamental evitar que Internet sea utilizado para fines terroristas - El Digital de Asturias","description":"El ministro del Interior, Juan Ignacio Zoido, ha participado en la Reuni\u00f3n del Consejo de Ministros de Justicia y Asuntos de Interior de la Uni\u00f3n Europea (JAI), que se ha celebrado en Bruselas (B\u00e9lgica). En esta reuni\u00f3n, los ministros del Interior de la Uni\u00f3n Europea (UE) han tratado diversos asuntos sobre la cooperaci\u00f3n en materia","inLanguage":"es-ES","isPartOf":{"@id":"https:\/\/www.eldigitaldeasturias.com\/noticias\/#website"},"breadcrumb":{"@id":"https:\/\/www.eldigitaldeasturias.com\/noticias\/zoido-considera-fundamental-evitar-que-internet-sea-utilizado-para-fines-terroristas\/#breadcrumblist"},"author":{"@id":"https:\/\/www.eldigitaldeasturias.com\/noticias\/author\/admin\/#author"},"creator":{"@id":"https:\/\/www.eldigitaldeasturias.com\/noticias\/author\/admin\/#author"},"image":{"@type":"ImageObject","url":971453,"@id":"https:\/\/www.eldigitaldeasturias.com\/noticias\/zoido-considera-fundamental-evitar-que-internet-sea-utilizado-para-fines-terroristas\/#mainImage"},"primaryImageOfPage":{"@id":"https:\/\/www.eldigitaldeasturias.com\/noticias\/zoido-considera-fundamental-evitar-que-internet-sea-utilizado-para-fines-terroristas\/#mainImage"},"datePublished":"2018-03-10T14:28:55+01:00","dateModified":"2018-03-10T14:28:55+01:00"},{"@type":"WebSite","@id":"https:\/\/www.eldigitaldeasturias.com\/noticias\/#website","url":"https:\/\/www.eldigitaldeasturias.com\/noticias\/","name":"El Digital de Asturias - Diario de actualidad y noticias","alternateName":"El Digital de Asturias - Diario de actualidad y noticias","description":"Hemeroteca","inLanguage":"es-ES","publisher":{"@id":"https:\/\/www.eldigitaldeasturias.com\/noticias\/#organization"}}]},"og:locale":"es_ES","og:site_name":"El Digital de Asturias","og:type":"article","og:title":"Zoido considera fundamental evitar que Internet sea utilizado para fines terroristas - El Digital de Asturias","og:description":"El ministro del Interior, Juan Ignacio Zoido, ha participado en la Reuni\u00f3n del Consejo de Ministros de Justicia y Asuntos de Interior de la Uni\u00f3n Europea (JAI), que se ha celebrado en Bruselas (B\u00e9lgica). En esta reuni\u00f3n, los ministros del Interior de la Uni\u00f3n Europea (UE) han tratado diversos asuntos sobre la cooperaci\u00f3n en materia","og:url":"https:\/\/www.eldigitaldeasturias.com\/noticias\/zoido-considera-fundamental-evitar-que-internet-sea-utilizado-para-fines-terroristas\/","article:tag":["actualidad"],"article:published_time":"2018-03-10T14:28:55+00:00","article:modified_time":"2018-03-10T14:28:55+00:00","article:publisher":"https:\/\/facebook.com\/eldigitaldeasturias","twitter:card":"summary_large_image","twitter:title":"Zoido considera fundamental evitar que Internet sea utilizado para fines terroristas - El Digital de Asturias","twitter:description":"El ministro del Interior, Juan Ignacio Zoido, ha participado en la Reuni\u00f3n del Consejo de Ministros de Justicia y Asuntos de Interior de la Uni\u00f3n Europea (JAI), que se ha celebrado en Bruselas (B\u00e9lgica). En esta reuni\u00f3n, los ministros del Interior de la Uni\u00f3n Europea (UE) han tratado diversos asuntos sobre la cooperaci\u00f3n en materia","twitter:image":"https:\/\/www.eldigitaldeasturias.com\/noticias\/wp-content\/uploads\/2020\/12\/EDA-1.jpg","twitter:label1":"Escrito por","twitter:data1":"El Digital de Asturias","twitter:label2":"Tiempo de lectura estimado","twitter:data2":"10 minutos"},"aioseo_meta_data":{"post_id":"971452","title":null,"description":null,"keywords":null,"keyphrases":null,"primary_term":null,"canonical_url":null,"og_title":null,"og_description":null,"og_object_type":"default","og_image_type":"default","og_image_url":null,"og_image_width":null,"og_image_height":null,"og_image_custom_url":null,"og_image_custom_fields":null,"og_video":null,"og_custom_url":null,"og_article_section":null,"og_article_tags":null,"twitter_use_og":false,"twitter_card":"default","twitter_image_type":"default","twitter_image_url":null,"twitter_image_custom_url":null,"twitter_image_custom_fields":null,"twitter_title":null,"twitter_description":null,"schema":{"blockGraphs":[],"customGraphs":[],"default":{"data":{"Article":[],"Course":[],"Dataset":[],"FAQPage":[],"Movie":[],"Person":[],"Product":[],"ProductReview":[],"Car":[],"Recipe":[],"Service":[],"SoftwareApplication":[],"WebPage":[]},"graphName":"","isEnabled":true},"graphs":[],"defaultGraph":"","defaultPostTypeGraph":""},"schema_type":null,"schema_type_options":null,"pillar_content":false,"robots_default":true,"robots_noindex":false,"robots_noarchive":false,"robots_nosnippet":false,"robots_nofollow":false,"robots_noimageindex":false,"robots_noodp":false,"robots_notranslate":false,"robots_max_snippet":null,"robots_max_videopreview":null,"robots_max_imagepreview":"large","priority":null,"frequency":null,"local_seo":null,"seo_analyzer_scan_date":"2025-10-07 09:14:17","breadcrumb_settings":null,"limit_modified_date":false,"open_ai":null,"ai":null,"created":"2020-12-21 12:21:38","updated":"2025-10-07 09:14:17","focus_keyword":null,"additional_keywords":null,"truseo_locale":null},"aioseo_breadcrumb":"<div class=\"aioseo-breadcrumbs\"><span class=\"aioseo-breadcrumb\">\n\t<a href=\"https:\/\/www.eldigitaldeasturias.com\/noticias\" title=\"Home\">Home<\/a>\n<\/span><span class=\"aioseo-breadcrumb-separator\">\u2013<\/span><span class=\"aioseo-breadcrumb\">\n\t<a href=\"https:\/\/www.eldigitaldeasturias.com\/noticias\/category\/actualidad\/\" title=\"Actualidad\">Actualidad<\/a>\n<\/span><span class=\"aioseo-breadcrumb-separator\">\u2013<\/span><span class=\"aioseo-breadcrumb\">\n\t<a href=\"https:\/\/www.eldigitaldeasturias.com\/noticias\/zoido-considera-fundamental-evitar-que-internet-sea-utilizado-para-fines-terroristas\/\" title=\"Zoido considera fundamental evitar que Internet sea utilizado para fines terroristas\">Zoido considera fundamental evitar que Internet sea utilizado para fines terroristas<\/a>\n<\/span><\/div>","aioseo_breadcrumb_json":[{"label":"Home","link":"https:\/\/www.eldigitaldeasturias.com\/noticias"},{"label":"Actualidad","link":"https:\/\/www.eldigitaldeasturias.com\/noticias\/category\/actualidad\/"},{"label":"Zoido considera fundamental evitar que Internet sea utilizado para fines terroristas","link":"https:\/\/www.eldigitaldeasturias.com\/noticias\/zoido-considera-fundamental-evitar-que-internet-sea-utilizado-para-fines-terroristas\/"}],"_links":{"self":[{"href":"https:\/\/www.eldigitaldeasturias.com\/noticias\/wp-json\/wp\/v2\/posts\/971452","targetHints":{"allow":["GET"]}}],"collection":[{"href":"https:\/\/www.eldigitaldeasturias.com\/noticias\/wp-json\/wp\/v2\/posts"}],"about":[{"href":"https:\/\/www.eldigitaldeasturias.com\/noticias\/wp-json\/wp\/v2\/types\/post"}],"author":[{"embeddable":true,"href":"https:\/\/www.eldigitaldeasturias.com\/noticias\/wp-json\/wp\/v2\/users\/1"}],"replies":[{"embeddable":true,"href":"https:\/\/www.eldigitaldeasturias.com\/noticias\/wp-json\/wp\/v2\/comments?post=971452"}],"version-history":[{"count":0,"href":"https:\/\/www.eldigitaldeasturias.com\/noticias\/wp-json\/wp\/v2\/posts\/971452\/revisions"}],"wp:attachment":[{"href":"https:\/\/www.eldigitaldeasturias.com\/noticias\/wp-json\/wp\/v2\/media?parent=971452"}],"wp:term":[{"taxonomy":"category","embeddable":true,"href":"https:\/\/www.eldigitaldeasturias.com\/noticias\/wp-json\/wp\/v2\/categories?post=971452"},{"taxonomy":"post_tag","embeddable":true,"href":"https:\/\/www.eldigitaldeasturias.com\/noticias\/wp-json\/wp\/v2\/tags?post=971452"}],"curies":[{"name":"wp","href":"https:\/\/api.w.org\/{rel}","templated":true}]}}