{"id":971441,"date":"2018-03-10T14:18:40","date_gmt":"2018-03-10T14:18:40","guid":{"rendered":"http:\/\/www.eldigitaldeasturias.com\/noticias\/?p=971441"},"modified":"2018-03-10T14:18:40","modified_gmt":"2018-03-10T14:18:40","slug":"cospedal-agradezco-a-las-15-241-mujeres-en-las-fuerzas-armadas-su-servicio-y-su-ejemplo","status":"publish","type":"post","link":"https:\/\/www.eldigitaldeasturias.com\/noticias\/cospedal-agradezco-a-las-15-241-mujeres-en-las-fuerzas-armadas-su-servicio-y-su-ejemplo\/","title":{"rendered":"Cospedal: \u00abAgradezco a las 15.241 mujeres en las Fuerzas Armadas su servicio y su ejemplo\u00bb"},"content":{"rendered":"<p><img loading=\"lazy\" decoding=\"async\" class=\"alignleft size-medium wp-image-971442\" src=\"https:\/\/www.eldigitaldeasturias.com\/noticias\/wp-content\/uploads\/2018\/03\/080318defensa-360x239.jpg\" alt=\"\" width=\"360\" height=\"239\" \/>\u00abAgradezco a las 15.241 mujeres de las Fuerzas Armadas su servicio y su ejemplo, desde la profesionalidad, la entereza y la valent\u00eda\u00bb, ha asegurado la ministra de Defensa, Mar\u00eda Dolores de Cospedal, durante el acto con motivo del 30 aniversario de la incorporaci\u00f3n de la mujer a las Fuerzas Armadas Espa\u00f1olas que se ha celebrado esta tarde en el Centro Superior de Estudios de la Defensa Nacional (Ceseden).<\/p>\n<p>La ministra de Defensa ha recordado la publicaci\u00f3n del Real Decreto 1\/1988, de 22 de febrero, a trav\u00e9s del que se permiti\u00f3 el acceso a la mujer a 24 cuerpos y escalas militares, como el de ingenieros y el ahora denominado Cuerpos Comunes, y ha apuntado que \u00ablas Fuerzas Armadas Espa\u00f1olas son hoy un referente internacional y esto es un orgullo para la gran mayor\u00eda de los espa\u00f1oles\u00bb. \u00abLo son en la aplicaci\u00f3n de medidas de integraci\u00f3n, conciliaci\u00f3n y atenci\u00f3n a las exigencias en materia de igualdad. Estamos a la cabeza en cifras de representaci\u00f3n, en las globales, en unidades operativas y en misiones internacionales\u00bb ha a\u00f1adido a la vez que ha incidido en que \u00abtodav\u00eda queda camino por recorrer\u00bb.<\/p>\n<p><strong>Modernizaci\u00f3n<\/strong><\/p>\n<p>Ante la mayor\u00eda de las 26 primeras mujeres que ingresaron en la milicia en 1988, as\u00ed como una representaci\u00f3n de decenas de integrantes femeninas de los distintos Ej\u00e9rcitos y la Armada, Cospedal ha extendido su agradecimiento a todas las mujeres que han servido durante esas tres d\u00e9cadas, as\u00ed como a los mandos, unidades y compa\u00f1eros que han trabajado para que hoy se pueda aseverar que el acceso de la mujer a la milicia \u00abmerece ser se\u00f1alado como uno de los tres grandes pilares de modernizaci\u00f3n de las Fuerzas Armadas Espa\u00f1olas en la Espa\u00f1a democr\u00e1tica\u00bb.<\/p>\n<p>\u00abJunto a la supresi\u00f3n del servicio obligatorio y la integraci\u00f3n en misiones internacionales, ha sido el tercer eje vertebrador en el salto al siglo XXI de los Ej\u00e9rcitos y la Armada, de su profesionalizaci\u00f3n y su preparaci\u00f3n. Tambi\u00e9n del prestigio actual que atesoran los militares espa\u00f1oles all\u00e1 donde sirvan\u00bb, ha puntualizado.<\/p>\n<p><strong>Medidas adoptadas y de futuro<\/strong><\/p>\n<p>La ministra de Defensa ha resumido el transcurso de los 30 a\u00f1os en que \u00abla mujer est\u00e1 plenamente capacitada para desempe\u00f1ar cualquier misi\u00f3n, empleo o funci\u00f3n con la misma eficacia que su compa\u00f1ero en las Fuerzas Armadas o en cualquier otra actividad que se proponga\u00bb. \u00abLa igualdad de oportunidades es un concepto mucho m\u00e1s profundo que la mera igualdad de trato o de condiciones. Es que no haya l\u00edmites ni frenos, discriminaci\u00f3n o brechas\u00bb, ha indicado.<\/p>\n<p>Asimismo, la ministra de Defensa ha avanzado algunas de las medidas en las que trabaja el Ministerio de Defensa para seguir avanzando en la igualdad, como son la mejora de la composici\u00f3n del Observatorio Militar para la Igualdad o el refuerzo de las funciones de la Secretar\u00eda Permanente de Igualdad. Adem\u00e1s, se establecer\u00e1 un sistema normalizado de estad\u00edstica y se evaluar\u00e1 con mayor precisi\u00f3n el grado de aplicaci\u00f3n de las distintas medidas relacionadas con las jornadas laborales. En cuanto a acciones de conciliaci\u00f3n, se han establecido el permiso retribuido desde el primer d\u00eda de la semana 37 de embarazo hasta la fecha del parto o el permiso de 16 semanas ininterrumpidas por adopci\u00f3n.<\/p>\n<p><strong>Las protagonistas<\/strong><\/p>\n<p>Previamente a la ministra, han intervenido en el acto el teniente general director del Ceseden, Rafael S\u00e1nchez Ortega, y la directora general de Personal del Ministerio de Defensa, Adoraci\u00f3n Mateos, quien ha detallado las principales cifras e hitos de los \u00faltimos 30 a\u00f1os en materia de igualdad.<\/p>\n<p>Tambi\u00e9n han explicado su experiencia en un panel cuatro mujeres en representaci\u00f3n de las m\u00e1s de las m\u00e1s de 15.000 que forman parte en estos momentos de las Fuerzas Armadas Espa\u00f1olas, el 12,7% del total de efectivos.<\/p>\n<p>Han sido la coronel del Cuerpo de Ingenieros Polit\u00e9cnicos de Tierra Patricia Ortega, la primer mujer que ingres\u00f3 en las FAS y \u00fanica mujer con el empleo de coronel; la teniente coronel del Cuerpo Militar de Sanidad, la m\u00e9dico Inmaculada Sierra; la sargento primero del Ej\u00e9rcito del Aire Ana Bel\u00e9n Gonz\u00e1lez; y la cabo primero de la Armada Beatriz Garc\u00eda.<\/p>\n","protected":false},"excerpt":{"rendered":"<p>\u00abAgradezco a las 15.241 mujeres de las Fuerzas Armadas su servicio y su ejemplo, desde la profesionalidad, la entereza y la valent\u00eda\u00bb, ha asegurado la ministra de Defensa, Mar\u00eda Dolores de Cospedal, durante el acto con motivo del 30 aniversario de la incorporaci\u00f3n de la mujer a las Fuerzas Armadas Espa\u00f1olas que se ha celebrado [&hellip;]<\/p>\n","protected":false},"author":1,"featured_media":971442,"comment_status":"closed","ping_status":"closed","sticky":false,"template":"","format":"standard","meta":{"footnotes":""},"categories":[1],"tags":[],"class_list":["post-971441","post","type-post","status-publish","format-standard","has-post-thumbnail","hentry","category-actualidad"],"aioseo_notices":[],"aioseo_head":"\n\t\t<!-- All in One SEO Pro 5.0.1 - aioseo.com -->\n\t<meta name=\"description\" content=\"&quot;Agradezco a las 15.241 mujeres de las Fuerzas Armadas su servicio y su ejemplo, desde la profesionalidad, la entereza y la valent\u00eda&quot;, ha asegurado la ministra de Defensa, Mar\u00eda Dolores de Cospedal, durante el acto con motivo del 30 aniversario de la incorporaci\u00f3n de la mujer a las Fuerzas Armadas Espa\u00f1olas que se ha celebrado\" \/>\n\t<meta name=\"robots\" content=\"max-image-preview:large\" \/>\n\t<meta name=\"author\" content=\"El Digital de Asturias\"\/>\n\t<meta name=\"google-site-verification\" content=\"UA-38556648-1\" \/>\n\t<meta name=\"msvalidate.01\" content=\"7dfe9f3f1b24437ab69f4f2559babe99\" \/>\n\t<meta name=\"keywords\" content=\"actualidad\" \/>\n\t<link rel=\"canonical\" href=\"https:\/\/www.eldigitaldeasturias.com\/noticias\/cospedal-agradezco-a-las-15-241-mujeres-en-las-fuerzas-armadas-su-servicio-y-su-ejemplo\/\" \/>\n\t<meta name=\"generator\" content=\"All in One SEO Pro (AIOSEO) 5.0.1\" \/>\n\t\t<meta property=\"og:locale\" content=\"es_ES\" \/>\n\t\t<meta property=\"og:site_name\" content=\"El Digital de Asturias\" \/>\n\t\t<meta property=\"og:type\" content=\"article\" \/>\n\t\t<meta property=\"og:title\" content=\"Cospedal: \u00abAgradezco a las 15.241 mujeres en las Fuerzas Armadas su servicio y su ejemplo\u00bb - El Digital de Asturias\" \/>\n\t\t<meta property=\"og:description\" content=\"&quot;Agradezco a las 15.241 mujeres de las Fuerzas Armadas su servicio y su ejemplo, desde la profesionalidad, la entereza y la valent\u00eda&quot;, ha asegurado la ministra de Defensa, Mar\u00eda Dolores de Cospedal, durante el acto con motivo del 30 aniversario de la incorporaci\u00f3n de la mujer a las Fuerzas Armadas Espa\u00f1olas que se ha celebrado\" \/>\n\t\t<meta property=\"og:url\" content=\"https:\/\/www.eldigitaldeasturias.com\/noticias\/cospedal-agradezco-a-las-15-241-mujeres-en-las-fuerzas-armadas-su-servicio-y-su-ejemplo\/\" \/>\n\t\t<meta property=\"article:tag\" content=\"actualidad\" \/>\n\t\t<meta property=\"article:published_time\" content=\"2018-03-10T14:18:40+00:00\" \/>\n\t\t<meta property=\"article:modified_time\" content=\"2018-03-10T14:18:40+00:00\" \/>\n\t\t<meta property=\"article:publisher\" content=\"https:\/\/facebook.com\/eldigitaldeasturias\" \/>\n\t\t<meta name=\"twitter:card\" content=\"summary_large_image\" \/>\n\t\t<meta name=\"twitter:title\" content=\"Cospedal: \u00abAgradezco a las 15.241 mujeres en las Fuerzas Armadas su servicio y su ejemplo\u00bb - El Digital de Asturias\" \/>\n\t\t<meta name=\"twitter:description\" content=\"&quot;Agradezco a las 15.241 mujeres de las Fuerzas Armadas su servicio y su ejemplo, desde la profesionalidad, la entereza y la valent\u00eda&quot;, ha asegurado la ministra de Defensa, Mar\u00eda Dolores de Cospedal, durante el acto con motivo del 30 aniversario de la incorporaci\u00f3n de la mujer a las Fuerzas Armadas Espa\u00f1olas que se ha celebrado\" \/>\n\t\t<meta name=\"twitter:image\" content=\"https:\/\/www.eldigitaldeasturias.com\/noticias\/wp-content\/uploads\/2020\/12\/EDA-1.jpg\" \/>\n\t\t<meta name=\"twitter:label1\" content=\"Escrito por\" \/>\n\t\t<meta name=\"twitter:data1\" content=\"El Digital de Asturias\" \/>\n\t\t<meta name=\"twitter:label2\" content=\"Tiempo de lectura estimado\" \/>\n\t\t<meta name=\"twitter:data2\" content=\"4 minutos\" \/>\n\t\t<script type=\"application\/ld+json\" class=\"aioseo-schema\">\n\t\t\t{\"@context\":\"https:\\\/\\\/schema.org\",\"@graph\":[{\"@type\":\"BlogPosting\",\"@id\":\"https:\\\/\\\/www.eldigitaldeasturias.com\\\/noticias\\\/cospedal-agradezco-a-las-15-241-mujeres-en-las-fuerzas-armadas-su-servicio-y-su-ejemplo\\\/#blogposting\",\"name\":\"Cospedal: \\u00abAgradezco a las 15.241 mujeres en las Fuerzas Armadas su servicio y su ejemplo\\u00bb - El Digital de Asturias\",\"headline\":\"Cospedal: \\u00abAgradezco a las 15.241 mujeres en las Fuerzas Armadas su servicio y su ejemplo\\u00bb\",\"author\":{\"@id\":\"https:\\\/\\\/www.eldigitaldeasturias.com\\\/noticias\\\/author\\\/admin\\\/#author\"},\"publisher\":{\"@id\":\"https:\\\/\\\/www.eldigitaldeasturias.com\\\/noticias\\\/#organization\"},\"image\":{\"@type\":\"ImageObject\",\"url\":971442},\"datePublished\":\"2018-03-10T14:18:40+01:00\",\"dateModified\":\"2018-03-10T14:18:40+01:00\",\"inLanguage\":\"es-ES\",\"mainEntityOfPage\":{\"@id\":\"https:\\\/\\\/www.eldigitaldeasturias.com\\\/noticias\\\/cospedal-agradezco-a-las-15-241-mujeres-en-las-fuerzas-armadas-su-servicio-y-su-ejemplo\\\/#webpage\"},\"isPartOf\":{\"@id\":\"https:\\\/\\\/www.eldigitaldeasturias.com\\\/noticias\\\/cospedal-agradezco-a-las-15-241-mujeres-en-las-fuerzas-armadas-su-servicio-y-su-ejemplo\\\/#webpage\"},\"articleSection\":\"Actualidad\"},{\"@type\":\"BreadcrumbList\",\"@id\":\"https:\\\/\\\/www.eldigitaldeasturias.com\\\/noticias\\\/cospedal-agradezco-a-las-15-241-mujeres-en-las-fuerzas-armadas-su-servicio-y-su-ejemplo\\\/#breadcrumblist\",\"itemListElement\":[{\"@type\":\"ListItem\",\"@id\":\"https:\\\/\\\/www.eldigitaldeasturias.com\\\/noticias#listItem\",\"position\":1,\"name\":\"Home\",\"item\":\"https:\\\/\\\/www.eldigitaldeasturias.com\\\/noticias\",\"nextItem\":{\"@type\":\"ListItem\",\"@id\":\"https:\\\/\\\/www.eldigitaldeasturias.com\\\/noticias\\\/category\\\/actualidad\\\/#listItem\",\"name\":\"Actualidad\"}},{\"@type\":\"ListItem\",\"@id\":\"https:\\\/\\\/www.eldigitaldeasturias.com\\\/noticias\\\/category\\\/actualidad\\\/#listItem\",\"position\":2,\"name\":\"Actualidad\",\"item\":\"https:\\\/\\\/www.eldigitaldeasturias.com\\\/noticias\\\/category\\\/actualidad\\\/\",\"nextItem\":{\"@type\":\"ListItem\",\"@id\":\"https:\\\/\\\/www.eldigitaldeasturias.com\\\/noticias\\\/cospedal-agradezco-a-las-15-241-mujeres-en-las-fuerzas-armadas-su-servicio-y-su-ejemplo\\\/#listItem\",\"name\":\"Cospedal: \\u00abAgradezco a las 15.241 mujeres en las Fuerzas Armadas su servicio y su ejemplo\\u00bb\"},\"previousItem\":{\"@type\":\"ListItem\",\"@id\":\"https:\\\/\\\/www.eldigitaldeasturias.com\\\/noticias#listItem\",\"name\":\"Home\"}},{\"@type\":\"ListItem\",\"@id\":\"https:\\\/\\\/www.eldigitaldeasturias.com\\\/noticias\\\/cospedal-agradezco-a-las-15-241-mujeres-en-las-fuerzas-armadas-su-servicio-y-su-ejemplo\\\/#listItem\",\"position\":3,\"name\":\"Cospedal: \\u00abAgradezco a las 15.241 mujeres en las Fuerzas Armadas su servicio y su ejemplo\\u00bb\",\"previousItem\":{\"@type\":\"ListItem\",\"@id\":\"https:\\\/\\\/www.eldigitaldeasturias.com\\\/noticias\\\/category\\\/actualidad\\\/#listItem\",\"name\":\"Actualidad\"}}]},{\"@type\":\"Organization\",\"@id\":\"https:\\\/\\\/www.eldigitaldeasturias.com\\\/noticias\\\/#organization\",\"name\":\"El Digital de Asturias\",\"description\":\"Hemeroteca\",\"url\":\"https:\\\/\\\/www.eldigitaldeasturias.com\\\/noticias\\\/\",\"email\":\"info@eldigitaldeasturias.com\",\"telephone\":\"+34652131393\",\"logo\":{\"@type\":\"ImageObject\",\"url\":\"https:\\\/\\\/www.eldigitaldeasturias.com\\\/noticias\\\/wp-content\\\/uploads\\\/2020\\\/12\\\/EDA.jpg\",\"@id\":\"https:\\\/\\\/www.eldigitaldeasturias.com\\\/noticias\\\/cospedal-agradezco-a-las-15-241-mujeres-en-las-fuerzas-armadas-su-servicio-y-su-ejemplo\\\/#organizationLogo\"},\"image\":{\"@id\":\"https:\\\/\\\/www.eldigitaldeasturias.com\\\/noticias\\\/cospedal-agradezco-a-las-15-241-mujeres-en-las-fuerzas-armadas-su-servicio-y-su-ejemplo\\\/#organizationLogo\"},\"sameAs\":[\"https:\\\/\\\/facebook.com\\\/eldigitaldeasturias\",\"https:\\\/\\\/www.youtube.com\\\/channel\\\/UCZP-2wLEB9Rv6erhFmqVnvg\"],\"address\":{\"@id\":\"https:\\\/\\\/www.eldigitaldeasturias.com\\\/noticias\\\/#postaladdress\",\"@type\":\"PostalAddress\",\"streetAddress\":\"san antonio 4\",\"postalCode\":\"33430\",\"addressLocality\":\"Cand\\u00e1s\",\"addressRegion\":\"Asturias\",\"addressCountry\":\"ES\"}},{\"@type\":\"Person\",\"@id\":\"https:\\\/\\\/www.eldigitaldeasturias.com\\\/noticias\\\/author\\\/admin\\\/#author\",\"url\":\"https:\\\/\\\/www.eldigitaldeasturias.com\\\/noticias\\\/author\\\/admin\\\/\",\"name\":\"El Digital de Asturias\",\"image\":{\"@type\":\"ImageObject\",\"@id\":\"https:\\\/\\\/www.eldigitaldeasturias.com\\\/noticias\\\/cospedal-agradezco-a-las-15-241-mujeres-en-las-fuerzas-armadas-su-servicio-y-su-ejemplo\\\/#authorImage\",\"url\":\"https:\\\/\\\/secure.gravatar.com\\\/avatar\\\/df2aeffc32bcd13f8d26072ef8a91b623d677766deac7f97ca815868cd41bf5e?s=96&d=mm&r=g\",\"width\":96,\"height\":96,\"caption\":\"El Digital de Asturias\"}},{\"@type\":\"WebPage\",\"@id\":\"https:\\\/\\\/www.eldigitaldeasturias.com\\\/noticias\\\/cospedal-agradezco-a-las-15-241-mujeres-en-las-fuerzas-armadas-su-servicio-y-su-ejemplo\\\/#webpage\",\"url\":\"https:\\\/\\\/www.eldigitaldeasturias.com\\\/noticias\\\/cospedal-agradezco-a-las-15-241-mujeres-en-las-fuerzas-armadas-su-servicio-y-su-ejemplo\\\/\",\"name\":\"Cospedal: \\u00abAgradezco a las 15.241 mujeres en las Fuerzas Armadas su servicio y su ejemplo\\u00bb - El Digital de Asturias\",\"description\":\"\\\"Agradezco a las 15.241 mujeres de las Fuerzas Armadas su servicio y su ejemplo, desde la profesionalidad, la entereza y la valent\\u00eda\\\", ha asegurado la ministra de Defensa, Mar\\u00eda Dolores de Cospedal, durante el acto con motivo del 30 aniversario de la incorporaci\\u00f3n de la mujer a las Fuerzas Armadas Espa\\u00f1olas que se ha celebrado\",\"inLanguage\":\"es-ES\",\"isPartOf\":{\"@id\":\"https:\\\/\\\/www.eldigitaldeasturias.com\\\/noticias\\\/#website\"},\"breadcrumb\":{\"@id\":\"https:\\\/\\\/www.eldigitaldeasturias.com\\\/noticias\\\/cospedal-agradezco-a-las-15-241-mujeres-en-las-fuerzas-armadas-su-servicio-y-su-ejemplo\\\/#breadcrumblist\"},\"author\":{\"@id\":\"https:\\\/\\\/www.eldigitaldeasturias.com\\\/noticias\\\/author\\\/admin\\\/#author\"},\"creator\":{\"@id\":\"https:\\\/\\\/www.eldigitaldeasturias.com\\\/noticias\\\/author\\\/admin\\\/#author\"},\"image\":{\"@type\":\"ImageObject\",\"url\":971442,\"@id\":\"https:\\\/\\\/www.eldigitaldeasturias.com\\\/noticias\\\/cospedal-agradezco-a-las-15-241-mujeres-en-las-fuerzas-armadas-su-servicio-y-su-ejemplo\\\/#mainImage\"},\"primaryImageOfPage\":{\"@id\":\"https:\\\/\\\/www.eldigitaldeasturias.com\\\/noticias\\\/cospedal-agradezco-a-las-15-241-mujeres-en-las-fuerzas-armadas-su-servicio-y-su-ejemplo\\\/#mainImage\"},\"datePublished\":\"2018-03-10T14:18:40+01:00\",\"dateModified\":\"2018-03-10T14:18:40+01:00\"},{\"@type\":\"WebSite\",\"@id\":\"https:\\\/\\\/www.eldigitaldeasturias.com\\\/noticias\\\/#website\",\"url\":\"https:\\\/\\\/www.eldigitaldeasturias.com\\\/noticias\\\/\",\"name\":\"El Digital de Asturias - Diario de actualidad y noticias\",\"alternateName\":\"El Digital de Asturias - Diario de actualidad y noticias\",\"description\":\"Hemeroteca\",\"inLanguage\":\"es-ES\",\"publisher\":{\"@id\":\"https:\\\/\\\/www.eldigitaldeasturias.com\\\/noticias\\\/#organization\"}}]}\n\t\t<\/script>\n\t\t<!-- All in One SEO Pro -->\r\n\t\t<title>Cospedal: \u00abAgradezco a las 15.241 mujeres en las Fuerzas Armadas su servicio y su ejemplo\u00bb - El Digital de Asturias<\/title>\n\n","aioseo_head_json":{"title":"Cospedal: \u00abAgradezco a las 15.241 mujeres en las Fuerzas Armadas su servicio y su ejemplo\u00bb - El Digital de Asturias","description":"\"Agradezco a las 15.241 mujeres de las Fuerzas Armadas su servicio y su ejemplo, desde la profesionalidad, la entereza y la valent\u00eda\", ha asegurado la ministra de Defensa, Mar\u00eda Dolores de Cospedal, durante el acto con motivo del 30 aniversario de la incorporaci\u00f3n de la mujer a las Fuerzas Armadas Espa\u00f1olas que se ha celebrado","canonical_url":"https:\/\/www.eldigitaldeasturias.com\/noticias\/cospedal-agradezco-a-las-15-241-mujeres-en-las-fuerzas-armadas-su-servicio-y-su-ejemplo\/","robots":"max-image-preview:large","keywords":"actualidad","webmasterTools":{"google-site-verification":"UA-38556648-1","msvalidate.01":"7dfe9f3f1b24437ab69f4f2559babe99","miscellaneous":""},"schema":{"@context":"https:\/\/schema.org","@graph":[{"@type":"BlogPosting","@id":"https:\/\/www.eldigitaldeasturias.com\/noticias\/cospedal-agradezco-a-las-15-241-mujeres-en-las-fuerzas-armadas-su-servicio-y-su-ejemplo\/#blogposting","name":"Cospedal: \u00abAgradezco a las 15.241 mujeres en las Fuerzas Armadas su servicio y su ejemplo\u00bb - El Digital de Asturias","headline":"Cospedal: \u00abAgradezco a las 15.241 mujeres en las Fuerzas Armadas su servicio y su ejemplo\u00bb","author":{"@id":"https:\/\/www.eldigitaldeasturias.com\/noticias\/author\/admin\/#author"},"publisher":{"@id":"https:\/\/www.eldigitaldeasturias.com\/noticias\/#organization"},"image":{"@type":"ImageObject","url":971442},"datePublished":"2018-03-10T14:18:40+01:00","dateModified":"2018-03-10T14:18:40+01:00","inLanguage":"es-ES","mainEntityOfPage":{"@id":"https:\/\/www.eldigitaldeasturias.com\/noticias\/cospedal-agradezco-a-las-15-241-mujeres-en-las-fuerzas-armadas-su-servicio-y-su-ejemplo\/#webpage"},"isPartOf":{"@id":"https:\/\/www.eldigitaldeasturias.com\/noticias\/cospedal-agradezco-a-las-15-241-mujeres-en-las-fuerzas-armadas-su-servicio-y-su-ejemplo\/#webpage"},"articleSection":"Actualidad"},{"@type":"BreadcrumbList","@id":"https:\/\/www.eldigitaldeasturias.com\/noticias\/cospedal-agradezco-a-las-15-241-mujeres-en-las-fuerzas-armadas-su-servicio-y-su-ejemplo\/#breadcrumblist","itemListElement":[{"@type":"ListItem","@id":"https:\/\/www.eldigitaldeasturias.com\/noticias#listItem","position":1,"name":"Home","item":"https:\/\/www.eldigitaldeasturias.com\/noticias","nextItem":{"@type":"ListItem","@id":"https:\/\/www.eldigitaldeasturias.com\/noticias\/category\/actualidad\/#listItem","name":"Actualidad"}},{"@type":"ListItem","@id":"https:\/\/www.eldigitaldeasturias.com\/noticias\/category\/actualidad\/#listItem","position":2,"name":"Actualidad","item":"https:\/\/www.eldigitaldeasturias.com\/noticias\/category\/actualidad\/","nextItem":{"@type":"ListItem","@id":"https:\/\/www.eldigitaldeasturias.com\/noticias\/cospedal-agradezco-a-las-15-241-mujeres-en-las-fuerzas-armadas-su-servicio-y-su-ejemplo\/#listItem","name":"Cospedal: \u00abAgradezco a las 15.241 mujeres en las Fuerzas Armadas su servicio y su ejemplo\u00bb"},"previousItem":{"@type":"ListItem","@id":"https:\/\/www.eldigitaldeasturias.com\/noticias#listItem","name":"Home"}},{"@type":"ListItem","@id":"https:\/\/www.eldigitaldeasturias.com\/noticias\/cospedal-agradezco-a-las-15-241-mujeres-en-las-fuerzas-armadas-su-servicio-y-su-ejemplo\/#listItem","position":3,"name":"Cospedal: \u00abAgradezco a las 15.241 mujeres en las Fuerzas Armadas su servicio y su ejemplo\u00bb","previousItem":{"@type":"ListItem","@id":"https:\/\/www.eldigitaldeasturias.com\/noticias\/category\/actualidad\/#listItem","name":"Actualidad"}}]},{"@type":"Organization","@id":"https:\/\/www.eldigitaldeasturias.com\/noticias\/#organization","name":"El Digital de Asturias","description":"Hemeroteca","url":"https:\/\/www.eldigitaldeasturias.com\/noticias\/","email":"info@eldigitaldeasturias.com","telephone":"+34652131393","logo":{"@type":"ImageObject","url":"https:\/\/www.eldigitaldeasturias.com\/noticias\/wp-content\/uploads\/2020\/12\/EDA.jpg","@id":"https:\/\/www.eldigitaldeasturias.com\/noticias\/cospedal-agradezco-a-las-15-241-mujeres-en-las-fuerzas-armadas-su-servicio-y-su-ejemplo\/#organizationLogo"},"image":{"@id":"https:\/\/www.eldigitaldeasturias.com\/noticias\/cospedal-agradezco-a-las-15-241-mujeres-en-las-fuerzas-armadas-su-servicio-y-su-ejemplo\/#organizationLogo"},"sameAs":["https:\/\/facebook.com\/eldigitaldeasturias","https:\/\/www.youtube.com\/channel\/UCZP-2wLEB9Rv6erhFmqVnvg"],"address":{"@id":"https:\/\/www.eldigitaldeasturias.com\/noticias\/#postaladdress","@type":"PostalAddress","streetAddress":"san antonio 4","postalCode":"33430","addressLocality":"Cand\u00e1s","addressRegion":"Asturias","addressCountry":"ES"}},{"@type":"Person","@id":"https:\/\/www.eldigitaldeasturias.com\/noticias\/author\/admin\/#author","url":"https:\/\/www.eldigitaldeasturias.com\/noticias\/author\/admin\/","name":"El Digital de Asturias","image":{"@type":"ImageObject","@id":"https:\/\/www.eldigitaldeasturias.com\/noticias\/cospedal-agradezco-a-las-15-241-mujeres-en-las-fuerzas-armadas-su-servicio-y-su-ejemplo\/#authorImage","url":"https:\/\/secure.gravatar.com\/avatar\/df2aeffc32bcd13f8d26072ef8a91b623d677766deac7f97ca815868cd41bf5e?s=96&d=mm&r=g","width":96,"height":96,"caption":"El Digital de Asturias"}},{"@type":"WebPage","@id":"https:\/\/www.eldigitaldeasturias.com\/noticias\/cospedal-agradezco-a-las-15-241-mujeres-en-las-fuerzas-armadas-su-servicio-y-su-ejemplo\/#webpage","url":"https:\/\/www.eldigitaldeasturias.com\/noticias\/cospedal-agradezco-a-las-15-241-mujeres-en-las-fuerzas-armadas-su-servicio-y-su-ejemplo\/","name":"Cospedal: \u00abAgradezco a las 15.241 mujeres en las Fuerzas Armadas su servicio y su ejemplo\u00bb - El Digital de Asturias","description":"\"Agradezco a las 15.241 mujeres de las Fuerzas Armadas su servicio y su ejemplo, desde la profesionalidad, la entereza y la valent\u00eda\", ha asegurado la ministra de Defensa, Mar\u00eda Dolores de Cospedal, durante el acto con motivo del 30 aniversario de la incorporaci\u00f3n de la mujer a las Fuerzas Armadas Espa\u00f1olas que se ha celebrado","inLanguage":"es-ES","isPartOf":{"@id":"https:\/\/www.eldigitaldeasturias.com\/noticias\/#website"},"breadcrumb":{"@id":"https:\/\/www.eldigitaldeasturias.com\/noticias\/cospedal-agradezco-a-las-15-241-mujeres-en-las-fuerzas-armadas-su-servicio-y-su-ejemplo\/#breadcrumblist"},"author":{"@id":"https:\/\/www.eldigitaldeasturias.com\/noticias\/author\/admin\/#author"},"creator":{"@id":"https:\/\/www.eldigitaldeasturias.com\/noticias\/author\/admin\/#author"},"image":{"@type":"ImageObject","url":971442,"@id":"https:\/\/www.eldigitaldeasturias.com\/noticias\/cospedal-agradezco-a-las-15-241-mujeres-en-las-fuerzas-armadas-su-servicio-y-su-ejemplo\/#mainImage"},"primaryImageOfPage":{"@id":"https:\/\/www.eldigitaldeasturias.com\/noticias\/cospedal-agradezco-a-las-15-241-mujeres-en-las-fuerzas-armadas-su-servicio-y-su-ejemplo\/#mainImage"},"datePublished":"2018-03-10T14:18:40+01:00","dateModified":"2018-03-10T14:18:40+01:00"},{"@type":"WebSite","@id":"https:\/\/www.eldigitaldeasturias.com\/noticias\/#website","url":"https:\/\/www.eldigitaldeasturias.com\/noticias\/","name":"El Digital de Asturias - Diario de actualidad y noticias","alternateName":"El Digital de Asturias - Diario de actualidad y noticias","description":"Hemeroteca","inLanguage":"es-ES","publisher":{"@id":"https:\/\/www.eldigitaldeasturias.com\/noticias\/#organization"}}]},"og:locale":"es_ES","og:site_name":"El Digital de Asturias","og:type":"article","og:title":"Cospedal: \u00abAgradezco a las 15.241 mujeres en las Fuerzas Armadas su servicio y su ejemplo\u00bb - El Digital de Asturias","og:description":"&quot;Agradezco a las 15.241 mujeres de las Fuerzas Armadas su servicio y su ejemplo, desde la profesionalidad, la entereza y la valent\u00eda&quot;, ha asegurado la ministra de Defensa, Mar\u00eda Dolores de Cospedal, durante el acto con motivo del 30 aniversario de la incorporaci\u00f3n de la mujer a las Fuerzas Armadas Espa\u00f1olas que se ha celebrado","og:url":"https:\/\/www.eldigitaldeasturias.com\/noticias\/cospedal-agradezco-a-las-15-241-mujeres-en-las-fuerzas-armadas-su-servicio-y-su-ejemplo\/","article:tag":["actualidad"],"article:published_time":"2018-03-10T14:18:40+00:00","article:modified_time":"2018-03-10T14:18:40+00:00","article:publisher":"https:\/\/facebook.com\/eldigitaldeasturias","twitter:card":"summary_large_image","twitter:title":"Cospedal: \u00abAgradezco a las 15.241 mujeres en las Fuerzas Armadas su servicio y su ejemplo\u00bb - El Digital de Asturias","twitter:description":"&quot;Agradezco a las 15.241 mujeres de las Fuerzas Armadas su servicio y su ejemplo, desde la profesionalidad, la entereza y la valent\u00eda&quot;, ha asegurado la ministra de Defensa, Mar\u00eda Dolores de Cospedal, durante el acto con motivo del 30 aniversario de la incorporaci\u00f3n de la mujer a las Fuerzas Armadas Espa\u00f1olas que se ha celebrado","twitter:image":"https:\/\/www.eldigitaldeasturias.com\/noticias\/wp-content\/uploads\/2020\/12\/EDA-1.jpg","twitter:label1":"Escrito por","twitter:data1":"El Digital de Asturias","twitter:label2":"Tiempo de lectura estimado","twitter:data2":"4 minutos"},"aioseo_meta_data":{"post_id":"971441","title":null,"description":null,"keywords":null,"keyphrases":null,"primary_term":null,"canonical_url":null,"og_title":null,"og_description":null,"og_object_type":"default","og_image_type":"default","og_image_url":null,"og_image_width":null,"og_image_height":null,"og_image_custom_url":null,"og_image_custom_fields":null,"og_video":null,"og_custom_url":null,"og_article_section":null,"og_article_tags":null,"twitter_use_og":false,"twitter_card":"default","twitter_image_type":"default","twitter_image_url":null,"twitter_image_custom_url":null,"twitter_image_custom_fields":null,"twitter_title":null,"twitter_description":null,"schema":{"blockGraphs":[],"customGraphs":[],"default":{"data":{"Article":[],"Course":[],"Dataset":[],"FAQPage":[],"Movie":[],"Person":[],"Product":[],"ProductReview":[],"Car":[],"Recipe":[],"Service":[],"SoftwareApplication":[],"WebPage":[]},"graphName":"","isEnabled":true},"graphs":[],"defaultGraph":"","defaultPostTypeGraph":""},"schema_type":null,"schema_type_options":null,"pillar_content":false,"robots_default":true,"robots_noindex":false,"robots_noarchive":false,"robots_nosnippet":false,"robots_nofollow":false,"robots_noimageindex":false,"robots_noodp":false,"robots_notranslate":false,"robots_max_snippet":null,"robots_max_videopreview":null,"robots_max_imagepreview":"large","priority":null,"frequency":null,"local_seo":null,"seo_analyzer_scan_date":"2025-10-07 09:12:12","breadcrumb_settings":null,"limit_modified_date":false,"open_ai":null,"ai":null,"created":"2020-12-21 12:21:38","updated":"2025-10-07 09:12:12","focus_keyword":null,"additional_keywords":null,"truseo_locale":null},"aioseo_breadcrumb":"<div class=\"aioseo-breadcrumbs\"><span class=\"aioseo-breadcrumb\">\n\t<a href=\"https:\/\/www.eldigitaldeasturias.com\/noticias\" title=\"Home\">Home<\/a>\n<\/span><span class=\"aioseo-breadcrumb-separator\">\u2013<\/span><span class=\"aioseo-breadcrumb\">\n\t<a href=\"https:\/\/www.eldigitaldeasturias.com\/noticias\/category\/actualidad\/\" title=\"Actualidad\">Actualidad<\/a>\n<\/span><span class=\"aioseo-breadcrumb-separator\">\u2013<\/span><span class=\"aioseo-breadcrumb\">\n\t<a href=\"https:\/\/www.eldigitaldeasturias.com\/noticias\/cospedal-agradezco-a-las-15-241-mujeres-en-las-fuerzas-armadas-su-servicio-y-su-ejemplo\/\" title=\"Cospedal: \u00abAgradezco a las 15.241 mujeres en las Fuerzas Armadas su servicio y su ejemplo\u00bb\">Cospedal: \u00abAgradezco a las 15.241 mujeres en las Fuerzas Armadas su servicio y su ejemplo\u00bb<\/a>\n<\/span><\/div>","aioseo_breadcrumb_json":[{"label":"Home","link":"https:\/\/www.eldigitaldeasturias.com\/noticias"},{"label":"Actualidad","link":"https:\/\/www.eldigitaldeasturias.com\/noticias\/category\/actualidad\/"},{"label":"Cospedal: \u00abAgradezco a las 15.241 mujeres en las Fuerzas Armadas su servicio y su ejemplo\u00bb","link":"https:\/\/www.eldigitaldeasturias.com\/noticias\/cospedal-agradezco-a-las-15-241-mujeres-en-las-fuerzas-armadas-su-servicio-y-su-ejemplo\/"}],"_links":{"self":[{"href":"https:\/\/www.eldigitaldeasturias.com\/noticias\/wp-json\/wp\/v2\/posts\/971441","targetHints":{"allow":["GET"]}}],"collection":[{"href":"https:\/\/www.eldigitaldeasturias.com\/noticias\/wp-json\/wp\/v2\/posts"}],"about":[{"href":"https:\/\/www.eldigitaldeasturias.com\/noticias\/wp-json\/wp\/v2\/types\/post"}],"author":[{"embeddable":true,"href":"https:\/\/www.eldigitaldeasturias.com\/noticias\/wp-json\/wp\/v2\/users\/1"}],"replies":[{"embeddable":true,"href":"https:\/\/www.eldigitaldeasturias.com\/noticias\/wp-json\/wp\/v2\/comments?post=971441"}],"version-history":[{"count":0,"href":"https:\/\/www.eldigitaldeasturias.com\/noticias\/wp-json\/wp\/v2\/posts\/971441\/revisions"}],"wp:attachment":[{"href":"https:\/\/www.eldigitaldeasturias.com\/noticias\/wp-json\/wp\/v2\/media?parent=971441"}],"wp:term":[{"taxonomy":"category","embeddable":true,"href":"https:\/\/www.eldigitaldeasturias.com\/noticias\/wp-json\/wp\/v2\/categories?post=971441"},{"taxonomy":"post_tag","embeddable":true,"href":"https:\/\/www.eldigitaldeasturias.com\/noticias\/wp-json\/wp\/v2\/tags?post=971441"}],"curies":[{"name":"wp","href":"https:\/\/api.w.org\/{rel}","templated":true}]}}