{"id":971438,"date":"2018-03-10T14:16:51","date_gmt":"2018-03-10T14:16:51","guid":{"rendered":"http:\/\/www.eldigitaldeasturias.com\/noticias\/?p=971438"},"modified":"2018-03-10T14:16:51","modified_gmt":"2018-03-10T14:16:51","slug":"catala-subraya-la-estrecha-cooperacion-judicial-y-policial-entre-espana-y-francia-en-la-lucha-contra-el-terrorismo-y-la-droga","status":"publish","type":"post","link":"https:\/\/www.eldigitaldeasturias.com\/noticias\/catala-subraya-la-estrecha-cooperacion-judicial-y-policial-entre-espana-y-francia-en-la-lucha-contra-el-terrorismo-y-la-droga\/","title":{"rendered":"Catal\u00e1 subraya la estrecha cooperaci\u00f3n judicial y policial entre Espa\u00f1a y Francia en la lucha contra el terrorismo y la droga"},"content":{"rendered":"<p><img loading=\"lazy\" decoding=\"async\" class=\"alignleft size-medium wp-image-971439\" src=\"https:\/\/www.eldigitaldeasturias.com\/noticias\/wp-content\/uploads\/2018\/03\/271115Catalaconsejo-360x239.jpg\" alt=\"\" width=\"360\" height=\"239\" \/>El ministro de Justicia, Rafael Catal\u00e1, ha subrayado en Par\u00eds que la cooperaci\u00f3n judicial y policial entre Espa\u00f1a y Francia ha sido fundamental en la lucha trasnacional contra el terrorismo y el tr\u00e1fico de estupefacientes. En la clausura de las Jornadas de los grupos de trabajo franco-espa\u00f1oles de lucha contra el terrorismo (GLAT) y antidroga (GLAD), Catal\u00e1 ha se\u00f1alado la eficacia del trabajo desempe\u00f1ado por estas unidades cuyo refuerzo y mantenimiento constituyen una prioridad para ambos gobiernos.<\/p>\n<p>El ministro ha destacado que la estrecha colaboraci\u00f3n que siempre han mantenido Espa\u00f1a y Francia en los diferentes \u00e1mbitos inspir\u00f3 en 2001 la creaci\u00f3n del grupo de trabajo franco-espa\u00f1ol de lucha antiterrorista cuyos logros y resultados impulsaron en 2008 la creaci\u00f3n de un segundo grupo para abordar tambi\u00e9n de manera conjunta la lucha contra el narcotr\u00e1fico, otra materia de vital importancia para los dos pa\u00edses.<\/p>\n<p>El terrorismo es actualmente una amenaza global y una de las grandes preocupaciones de los diferentes gobiernos, ha dicho Catal\u00e1, una realidad que ha golpeado fuertemente tanto a Espa\u00f1a como a Francia que desde el marco de este grupo de trabajo de alto nivel buscan y ponen en pr\u00e1ctica los medios necesarios para mejorar la cooperaci\u00f3n antiterrorista. Este grupo act\u00faa de forma conjunta bajo la direcci\u00f3n y coordinaci\u00f3n de los ministerios de Justicia de ambos pa\u00edses y con la participaci\u00f3n de jueces, fiscales y representantes de los respectivos ministerios del Interior y de las Fuerzas y Cuerpos de Seguridad del Estado.<\/p>\n<p>Por otro lado, Catal\u00e1 ha subrayado que el tr\u00e1fico de estupefacientes es un problema de primera magnitud y el caldo de cultivo para la proliferaci\u00f3n de bandas criminales organizadas que amenazan la estabilidad de nuestras sociedades y el bienestar de los ciudadanos. Es por eso que es fundamental, ha dicho, redoblar esfuerzos desde la cooperaci\u00f3n judicial para ser capaces de responder con mejores instrumentos al tr\u00e1fico transfronterizo de estupefacientes entre Francia y Espa\u00f1a.<\/p>\n<p>Durante su estancia en Par\u00eds, el ministro ha mantenido tambi\u00e9n un encuentro con su hom\u00f3loga francesa, Nicole Belloubet, en el que ambos han constatado el excelente estado de las relaciones bilaterales en materia de cooperaci\u00f3n jur\u00eddica que se desarrolla sobre la base de la confianza mutua, tanto a nivel judicial como entre las autoridades centrales, a lo que contribuye en gran medida la importante labor que desempe\u00f1an los magistrados de enlace.<\/p>\n","protected":false},"excerpt":{"rendered":"<p>El ministro de Justicia, Rafael Catal\u00e1, ha subrayado en Par\u00eds que la cooperaci\u00f3n judicial y policial entre Espa\u00f1a y Francia ha sido fundamental en la lucha trasnacional contra el terrorismo y el tr\u00e1fico de estupefacientes. En la clausura de las Jornadas de los grupos de trabajo franco-espa\u00f1oles de lucha contra el terrorismo (GLAT) y antidroga [&hellip;]<\/p>\n","protected":false},"author":1,"featured_media":971439,"comment_status":"closed","ping_status":"closed","sticky":false,"template":"","format":"standard","meta":{"footnotes":""},"categories":[1],"tags":[],"class_list":["post-971438","post","type-post","status-publish","format-standard","has-post-thumbnail","hentry","category-actualidad"],"aioseo_notices":[],"aioseo_head":"\n\t\t<!-- All in One SEO Pro 5.0.1 - aioseo.com -->\n\t<meta name=\"description\" content=\"El ministro de Justicia, Rafael Catal\u00e1, ha subrayado en Par\u00eds que la cooperaci\u00f3n judicial y policial entre Espa\u00f1a y Francia ha sido fundamental en la lucha trasnacional contra el terrorismo y el tr\u00e1fico de estupefacientes. En la clausura de las Jornadas de los grupos de trabajo franco-espa\u00f1oles de lucha contra el terrorismo (GLAT) y antidroga\" \/>\n\t<meta name=\"robots\" content=\"max-image-preview:large\" \/>\n\t<meta name=\"author\" content=\"El Digital de Asturias\"\/>\n\t<meta name=\"google-site-verification\" content=\"UA-38556648-1\" \/>\n\t<meta name=\"msvalidate.01\" content=\"7dfe9f3f1b24437ab69f4f2559babe99\" \/>\n\t<meta name=\"keywords\" content=\"actualidad\" \/>\n\t<link rel=\"canonical\" href=\"https:\/\/www.eldigitaldeasturias.com\/noticias\/catala-subraya-la-estrecha-cooperacion-judicial-y-policial-entre-espana-y-francia-en-la-lucha-contra-el-terrorismo-y-la-droga\/\" \/>\n\t<meta name=\"generator\" content=\"All in One SEO Pro (AIOSEO) 5.0.1\" \/>\n\t\t<meta property=\"og:locale\" content=\"es_ES\" \/>\n\t\t<meta property=\"og:site_name\" content=\"El Digital de Asturias\" \/>\n\t\t<meta property=\"og:type\" content=\"article\" \/>\n\t\t<meta property=\"og:title\" content=\"Catal\u00e1 subraya la estrecha cooperaci\u00f3n judicial y policial entre Espa\u00f1a y Francia en la lucha contra el terrorismo y la droga - El Digital de Asturias\" \/>\n\t\t<meta property=\"og:description\" content=\"El ministro de Justicia, Rafael Catal\u00e1, ha subrayado en Par\u00eds que la cooperaci\u00f3n judicial y policial entre Espa\u00f1a y Francia ha sido fundamental en la lucha trasnacional contra el terrorismo y el tr\u00e1fico de estupefacientes. En la clausura de las Jornadas de los grupos de trabajo franco-espa\u00f1oles de lucha contra el terrorismo (GLAT) y antidroga\" \/>\n\t\t<meta property=\"og:url\" content=\"https:\/\/www.eldigitaldeasturias.com\/noticias\/catala-subraya-la-estrecha-cooperacion-judicial-y-policial-entre-espana-y-francia-en-la-lucha-contra-el-terrorismo-y-la-droga\/\" \/>\n\t\t<meta property=\"article:tag\" content=\"actualidad\" \/>\n\t\t<meta property=\"article:published_time\" content=\"2018-03-10T14:16:51+00:00\" \/>\n\t\t<meta property=\"article:modified_time\" content=\"2018-03-10T14:16:51+00:00\" \/>\n\t\t<meta property=\"article:publisher\" content=\"https:\/\/facebook.com\/eldigitaldeasturias\" \/>\n\t\t<meta name=\"twitter:card\" content=\"summary_large_image\" \/>\n\t\t<meta name=\"twitter:title\" content=\"Catal\u00e1 subraya la estrecha cooperaci\u00f3n judicial y policial entre Espa\u00f1a y Francia en la lucha contra el terrorismo y la droga - El Digital de Asturias\" \/>\n\t\t<meta name=\"twitter:description\" content=\"El ministro de Justicia, Rafael Catal\u00e1, ha subrayado en Par\u00eds que la cooperaci\u00f3n judicial y policial entre Espa\u00f1a y Francia ha sido fundamental en la lucha trasnacional contra el terrorismo y el tr\u00e1fico de estupefacientes. En la clausura de las Jornadas de los grupos de trabajo franco-espa\u00f1oles de lucha contra el terrorismo (GLAT) y antidroga\" \/>\n\t\t<meta name=\"twitter:image\" content=\"https:\/\/www.eldigitaldeasturias.com\/noticias\/wp-content\/uploads\/2020\/12\/EDA-1.jpg\" \/>\n\t\t<meta name=\"twitter:label1\" content=\"Escrito por\" \/>\n\t\t<meta name=\"twitter:data1\" content=\"El Digital de Asturias\" \/>\n\t\t<meta name=\"twitter:label2\" content=\"Tiempo de lectura estimado\" \/>\n\t\t<meta name=\"twitter:data2\" content=\"2 minutos\" \/>\n\t\t<script type=\"application\/ld+json\" class=\"aioseo-schema\">\n\t\t\t{\"@context\":\"https:\\\/\\\/schema.org\",\"@graph\":[{\"@type\":\"BlogPosting\",\"@id\":\"https:\\\/\\\/www.eldigitaldeasturias.com\\\/noticias\\\/catala-subraya-la-estrecha-cooperacion-judicial-y-policial-entre-espana-y-francia-en-la-lucha-contra-el-terrorismo-y-la-droga\\\/#blogposting\",\"name\":\"Catal\\u00e1 subraya la estrecha cooperaci\\u00f3n judicial y policial entre Espa\\u00f1a y Francia en la lucha contra el terrorismo y la droga - El Digital de Asturias\",\"headline\":\"Catal\\u00e1 subraya la estrecha cooperaci\\u00f3n judicial y policial entre Espa\\u00f1a y Francia en la lucha contra el terrorismo y la droga\",\"author\":{\"@id\":\"https:\\\/\\\/www.eldigitaldeasturias.com\\\/noticias\\\/author\\\/admin\\\/#author\"},\"publisher\":{\"@id\":\"https:\\\/\\\/www.eldigitaldeasturias.com\\\/noticias\\\/#organization\"},\"image\":{\"@type\":\"ImageObject\",\"url\":971439},\"datePublished\":\"2018-03-10T14:16:51+01:00\",\"dateModified\":\"2018-03-10T14:16:51+01:00\",\"inLanguage\":\"es-ES\",\"mainEntityOfPage\":{\"@id\":\"https:\\\/\\\/www.eldigitaldeasturias.com\\\/noticias\\\/catala-subraya-la-estrecha-cooperacion-judicial-y-policial-entre-espana-y-francia-en-la-lucha-contra-el-terrorismo-y-la-droga\\\/#webpage\"},\"isPartOf\":{\"@id\":\"https:\\\/\\\/www.eldigitaldeasturias.com\\\/noticias\\\/catala-subraya-la-estrecha-cooperacion-judicial-y-policial-entre-espana-y-francia-en-la-lucha-contra-el-terrorismo-y-la-droga\\\/#webpage\"},\"articleSection\":\"Actualidad\"},{\"@type\":\"BreadcrumbList\",\"@id\":\"https:\\\/\\\/www.eldigitaldeasturias.com\\\/noticias\\\/catala-subraya-la-estrecha-cooperacion-judicial-y-policial-entre-espana-y-francia-en-la-lucha-contra-el-terrorismo-y-la-droga\\\/#breadcrumblist\",\"itemListElement\":[{\"@type\":\"ListItem\",\"@id\":\"https:\\\/\\\/www.eldigitaldeasturias.com\\\/noticias#listItem\",\"position\":1,\"name\":\"Home\",\"item\":\"https:\\\/\\\/www.eldigitaldeasturias.com\\\/noticias\",\"nextItem\":{\"@type\":\"ListItem\",\"@id\":\"https:\\\/\\\/www.eldigitaldeasturias.com\\\/noticias\\\/category\\\/actualidad\\\/#listItem\",\"name\":\"Actualidad\"}},{\"@type\":\"ListItem\",\"@id\":\"https:\\\/\\\/www.eldigitaldeasturias.com\\\/noticias\\\/category\\\/actualidad\\\/#listItem\",\"position\":2,\"name\":\"Actualidad\",\"item\":\"https:\\\/\\\/www.eldigitaldeasturias.com\\\/noticias\\\/category\\\/actualidad\\\/\",\"nextItem\":{\"@type\":\"ListItem\",\"@id\":\"https:\\\/\\\/www.eldigitaldeasturias.com\\\/noticias\\\/catala-subraya-la-estrecha-cooperacion-judicial-y-policial-entre-espana-y-francia-en-la-lucha-contra-el-terrorismo-y-la-droga\\\/#listItem\",\"name\":\"Catal\\u00e1 subraya la estrecha cooperaci\\u00f3n judicial y policial entre Espa\\u00f1a y Francia en la lucha contra el terrorismo y la droga\"},\"previousItem\":{\"@type\":\"ListItem\",\"@id\":\"https:\\\/\\\/www.eldigitaldeasturias.com\\\/noticias#listItem\",\"name\":\"Home\"}},{\"@type\":\"ListItem\",\"@id\":\"https:\\\/\\\/www.eldigitaldeasturias.com\\\/noticias\\\/catala-subraya-la-estrecha-cooperacion-judicial-y-policial-entre-espana-y-francia-en-la-lucha-contra-el-terrorismo-y-la-droga\\\/#listItem\",\"position\":3,\"name\":\"Catal\\u00e1 subraya la estrecha cooperaci\\u00f3n judicial y policial entre Espa\\u00f1a y Francia en la lucha contra el terrorismo y la droga\",\"previousItem\":{\"@type\":\"ListItem\",\"@id\":\"https:\\\/\\\/www.eldigitaldeasturias.com\\\/noticias\\\/category\\\/actualidad\\\/#listItem\",\"name\":\"Actualidad\"}}]},{\"@type\":\"Organization\",\"@id\":\"https:\\\/\\\/www.eldigitaldeasturias.com\\\/noticias\\\/#organization\",\"name\":\"El Digital de Asturias\",\"description\":\"Hemeroteca\",\"url\":\"https:\\\/\\\/www.eldigitaldeasturias.com\\\/noticias\\\/\",\"email\":\"info@eldigitaldeasturias.com\",\"telephone\":\"+34652131393\",\"logo\":{\"@type\":\"ImageObject\",\"url\":\"https:\\\/\\\/www.eldigitaldeasturias.com\\\/noticias\\\/wp-content\\\/uploads\\\/2020\\\/12\\\/EDA.jpg\",\"@id\":\"https:\\\/\\\/www.eldigitaldeasturias.com\\\/noticias\\\/catala-subraya-la-estrecha-cooperacion-judicial-y-policial-entre-espana-y-francia-en-la-lucha-contra-el-terrorismo-y-la-droga\\\/#organizationLogo\"},\"image\":{\"@id\":\"https:\\\/\\\/www.eldigitaldeasturias.com\\\/noticias\\\/catala-subraya-la-estrecha-cooperacion-judicial-y-policial-entre-espana-y-francia-en-la-lucha-contra-el-terrorismo-y-la-droga\\\/#organizationLogo\"},\"sameAs\":[\"https:\\\/\\\/facebook.com\\\/eldigitaldeasturias\",\"https:\\\/\\\/www.youtube.com\\\/channel\\\/UCZP-2wLEB9Rv6erhFmqVnvg\"],\"address\":{\"@id\":\"https:\\\/\\\/www.eldigitaldeasturias.com\\\/noticias\\\/#postaladdress\",\"@type\":\"PostalAddress\",\"streetAddress\":\"san antonio 4\",\"postalCode\":\"33430\",\"addressLocality\":\"Cand\\u00e1s\",\"addressRegion\":\"Asturias\",\"addressCountry\":\"ES\"}},{\"@type\":\"Person\",\"@id\":\"https:\\\/\\\/www.eldigitaldeasturias.com\\\/noticias\\\/author\\\/admin\\\/#author\",\"url\":\"https:\\\/\\\/www.eldigitaldeasturias.com\\\/noticias\\\/author\\\/admin\\\/\",\"name\":\"El Digital de Asturias\",\"image\":{\"@type\":\"ImageObject\",\"@id\":\"https:\\\/\\\/www.eldigitaldeasturias.com\\\/noticias\\\/catala-subraya-la-estrecha-cooperacion-judicial-y-policial-entre-espana-y-francia-en-la-lucha-contra-el-terrorismo-y-la-droga\\\/#authorImage\",\"url\":\"https:\\\/\\\/secure.gravatar.com\\\/avatar\\\/df2aeffc32bcd13f8d26072ef8a91b623d677766deac7f97ca815868cd41bf5e?s=96&d=mm&r=g\",\"width\":96,\"height\":96,\"caption\":\"El Digital de Asturias\"}},{\"@type\":\"WebPage\",\"@id\":\"https:\\\/\\\/www.eldigitaldeasturias.com\\\/noticias\\\/catala-subraya-la-estrecha-cooperacion-judicial-y-policial-entre-espana-y-francia-en-la-lucha-contra-el-terrorismo-y-la-droga\\\/#webpage\",\"url\":\"https:\\\/\\\/www.eldigitaldeasturias.com\\\/noticias\\\/catala-subraya-la-estrecha-cooperacion-judicial-y-policial-entre-espana-y-francia-en-la-lucha-contra-el-terrorismo-y-la-droga\\\/\",\"name\":\"Catal\\u00e1 subraya la estrecha cooperaci\\u00f3n judicial y policial entre Espa\\u00f1a y Francia en la lucha contra el terrorismo y la droga - El Digital de Asturias\",\"description\":\"El ministro de Justicia, Rafael Catal\\u00e1, ha subrayado en Par\\u00eds que la cooperaci\\u00f3n judicial y policial entre Espa\\u00f1a y Francia ha sido fundamental en la lucha trasnacional contra el terrorismo y el tr\\u00e1fico de estupefacientes. En la clausura de las Jornadas de los grupos de trabajo franco-espa\\u00f1oles de lucha contra el terrorismo (GLAT) y antidroga\",\"inLanguage\":\"es-ES\",\"isPartOf\":{\"@id\":\"https:\\\/\\\/www.eldigitaldeasturias.com\\\/noticias\\\/#website\"},\"breadcrumb\":{\"@id\":\"https:\\\/\\\/www.eldigitaldeasturias.com\\\/noticias\\\/catala-subraya-la-estrecha-cooperacion-judicial-y-policial-entre-espana-y-francia-en-la-lucha-contra-el-terrorismo-y-la-droga\\\/#breadcrumblist\"},\"author\":{\"@id\":\"https:\\\/\\\/www.eldigitaldeasturias.com\\\/noticias\\\/author\\\/admin\\\/#author\"},\"creator\":{\"@id\":\"https:\\\/\\\/www.eldigitaldeasturias.com\\\/noticias\\\/author\\\/admin\\\/#author\"},\"image\":{\"@type\":\"ImageObject\",\"url\":971439,\"@id\":\"https:\\\/\\\/www.eldigitaldeasturias.com\\\/noticias\\\/catala-subraya-la-estrecha-cooperacion-judicial-y-policial-entre-espana-y-francia-en-la-lucha-contra-el-terrorismo-y-la-droga\\\/#mainImage\"},\"primaryImageOfPage\":{\"@id\":\"https:\\\/\\\/www.eldigitaldeasturias.com\\\/noticias\\\/catala-subraya-la-estrecha-cooperacion-judicial-y-policial-entre-espana-y-francia-en-la-lucha-contra-el-terrorismo-y-la-droga\\\/#mainImage\"},\"datePublished\":\"2018-03-10T14:16:51+01:00\",\"dateModified\":\"2018-03-10T14:16:51+01:00\"},{\"@type\":\"WebSite\",\"@id\":\"https:\\\/\\\/www.eldigitaldeasturias.com\\\/noticias\\\/#website\",\"url\":\"https:\\\/\\\/www.eldigitaldeasturias.com\\\/noticias\\\/\",\"name\":\"El Digital de Asturias - Diario de actualidad y noticias\",\"alternateName\":\"El Digital de Asturias - Diario de actualidad y noticias\",\"description\":\"Hemeroteca\",\"inLanguage\":\"es-ES\",\"publisher\":{\"@id\":\"https:\\\/\\\/www.eldigitaldeasturias.com\\\/noticias\\\/#organization\"}}]}\n\t\t<\/script>\n\t\t<!-- All in One SEO Pro -->\r\n\t\t<title>Catal\u00e1 subraya la estrecha cooperaci\u00f3n judicial y policial entre Espa\u00f1a y Francia en la lucha contra el terrorismo y la droga - El Digital de Asturias<\/title>\n\n","aioseo_head_json":{"title":"Catal\u00e1 subraya la estrecha cooperaci\u00f3n judicial y policial entre Espa\u00f1a y Francia en la lucha contra el terrorismo y la droga - El Digital de Asturias","description":"El ministro de Justicia, Rafael Catal\u00e1, ha subrayado en Par\u00eds que la cooperaci\u00f3n judicial y policial entre Espa\u00f1a y Francia ha sido fundamental en la lucha trasnacional contra el terrorismo y el tr\u00e1fico de estupefacientes. En la clausura de las Jornadas de los grupos de trabajo franco-espa\u00f1oles de lucha contra el terrorismo (GLAT) y antidroga","canonical_url":"https:\/\/www.eldigitaldeasturias.com\/noticias\/catala-subraya-la-estrecha-cooperacion-judicial-y-policial-entre-espana-y-francia-en-la-lucha-contra-el-terrorismo-y-la-droga\/","robots":"max-image-preview:large","keywords":"actualidad","webmasterTools":{"google-site-verification":"UA-38556648-1","msvalidate.01":"7dfe9f3f1b24437ab69f4f2559babe99","miscellaneous":""},"schema":{"@context":"https:\/\/schema.org","@graph":[{"@type":"BlogPosting","@id":"https:\/\/www.eldigitaldeasturias.com\/noticias\/catala-subraya-la-estrecha-cooperacion-judicial-y-policial-entre-espana-y-francia-en-la-lucha-contra-el-terrorismo-y-la-droga\/#blogposting","name":"Catal\u00e1 subraya la estrecha cooperaci\u00f3n judicial y policial entre Espa\u00f1a y Francia en la lucha contra el terrorismo y la droga - El Digital de Asturias","headline":"Catal\u00e1 subraya la estrecha cooperaci\u00f3n judicial y policial entre Espa\u00f1a y Francia en la lucha contra el terrorismo y la droga","author":{"@id":"https:\/\/www.eldigitaldeasturias.com\/noticias\/author\/admin\/#author"},"publisher":{"@id":"https:\/\/www.eldigitaldeasturias.com\/noticias\/#organization"},"image":{"@type":"ImageObject","url":971439},"datePublished":"2018-03-10T14:16:51+01:00","dateModified":"2018-03-10T14:16:51+01:00","inLanguage":"es-ES","mainEntityOfPage":{"@id":"https:\/\/www.eldigitaldeasturias.com\/noticias\/catala-subraya-la-estrecha-cooperacion-judicial-y-policial-entre-espana-y-francia-en-la-lucha-contra-el-terrorismo-y-la-droga\/#webpage"},"isPartOf":{"@id":"https:\/\/www.eldigitaldeasturias.com\/noticias\/catala-subraya-la-estrecha-cooperacion-judicial-y-policial-entre-espana-y-francia-en-la-lucha-contra-el-terrorismo-y-la-droga\/#webpage"},"articleSection":"Actualidad"},{"@type":"BreadcrumbList","@id":"https:\/\/www.eldigitaldeasturias.com\/noticias\/catala-subraya-la-estrecha-cooperacion-judicial-y-policial-entre-espana-y-francia-en-la-lucha-contra-el-terrorismo-y-la-droga\/#breadcrumblist","itemListElement":[{"@type":"ListItem","@id":"https:\/\/www.eldigitaldeasturias.com\/noticias#listItem","position":1,"name":"Home","item":"https:\/\/www.eldigitaldeasturias.com\/noticias","nextItem":{"@type":"ListItem","@id":"https:\/\/www.eldigitaldeasturias.com\/noticias\/category\/actualidad\/#listItem","name":"Actualidad"}},{"@type":"ListItem","@id":"https:\/\/www.eldigitaldeasturias.com\/noticias\/category\/actualidad\/#listItem","position":2,"name":"Actualidad","item":"https:\/\/www.eldigitaldeasturias.com\/noticias\/category\/actualidad\/","nextItem":{"@type":"ListItem","@id":"https:\/\/www.eldigitaldeasturias.com\/noticias\/catala-subraya-la-estrecha-cooperacion-judicial-y-policial-entre-espana-y-francia-en-la-lucha-contra-el-terrorismo-y-la-droga\/#listItem","name":"Catal\u00e1 subraya la estrecha cooperaci\u00f3n judicial y policial entre Espa\u00f1a y Francia en la lucha contra el terrorismo y la droga"},"previousItem":{"@type":"ListItem","@id":"https:\/\/www.eldigitaldeasturias.com\/noticias#listItem","name":"Home"}},{"@type":"ListItem","@id":"https:\/\/www.eldigitaldeasturias.com\/noticias\/catala-subraya-la-estrecha-cooperacion-judicial-y-policial-entre-espana-y-francia-en-la-lucha-contra-el-terrorismo-y-la-droga\/#listItem","position":3,"name":"Catal\u00e1 subraya la estrecha cooperaci\u00f3n judicial y policial entre Espa\u00f1a y Francia en la lucha contra el terrorismo y la droga","previousItem":{"@type":"ListItem","@id":"https:\/\/www.eldigitaldeasturias.com\/noticias\/category\/actualidad\/#listItem","name":"Actualidad"}}]},{"@type":"Organization","@id":"https:\/\/www.eldigitaldeasturias.com\/noticias\/#organization","name":"El Digital de Asturias","description":"Hemeroteca","url":"https:\/\/www.eldigitaldeasturias.com\/noticias\/","email":"info@eldigitaldeasturias.com","telephone":"+34652131393","logo":{"@type":"ImageObject","url":"https:\/\/www.eldigitaldeasturias.com\/noticias\/wp-content\/uploads\/2020\/12\/EDA.jpg","@id":"https:\/\/www.eldigitaldeasturias.com\/noticias\/catala-subraya-la-estrecha-cooperacion-judicial-y-policial-entre-espana-y-francia-en-la-lucha-contra-el-terrorismo-y-la-droga\/#organizationLogo"},"image":{"@id":"https:\/\/www.eldigitaldeasturias.com\/noticias\/catala-subraya-la-estrecha-cooperacion-judicial-y-policial-entre-espana-y-francia-en-la-lucha-contra-el-terrorismo-y-la-droga\/#organizationLogo"},"sameAs":["https:\/\/facebook.com\/eldigitaldeasturias","https:\/\/www.youtube.com\/channel\/UCZP-2wLEB9Rv6erhFmqVnvg"],"address":{"@id":"https:\/\/www.eldigitaldeasturias.com\/noticias\/#postaladdress","@type":"PostalAddress","streetAddress":"san antonio 4","postalCode":"33430","addressLocality":"Cand\u00e1s","addressRegion":"Asturias","addressCountry":"ES"}},{"@type":"Person","@id":"https:\/\/www.eldigitaldeasturias.com\/noticias\/author\/admin\/#author","url":"https:\/\/www.eldigitaldeasturias.com\/noticias\/author\/admin\/","name":"El Digital de Asturias","image":{"@type":"ImageObject","@id":"https:\/\/www.eldigitaldeasturias.com\/noticias\/catala-subraya-la-estrecha-cooperacion-judicial-y-policial-entre-espana-y-francia-en-la-lucha-contra-el-terrorismo-y-la-droga\/#authorImage","url":"https:\/\/secure.gravatar.com\/avatar\/df2aeffc32bcd13f8d26072ef8a91b623d677766deac7f97ca815868cd41bf5e?s=96&d=mm&r=g","width":96,"height":96,"caption":"El Digital de Asturias"}},{"@type":"WebPage","@id":"https:\/\/www.eldigitaldeasturias.com\/noticias\/catala-subraya-la-estrecha-cooperacion-judicial-y-policial-entre-espana-y-francia-en-la-lucha-contra-el-terrorismo-y-la-droga\/#webpage","url":"https:\/\/www.eldigitaldeasturias.com\/noticias\/catala-subraya-la-estrecha-cooperacion-judicial-y-policial-entre-espana-y-francia-en-la-lucha-contra-el-terrorismo-y-la-droga\/","name":"Catal\u00e1 subraya la estrecha cooperaci\u00f3n judicial y policial entre Espa\u00f1a y Francia en la lucha contra el terrorismo y la droga - El Digital de Asturias","description":"El ministro de Justicia, Rafael Catal\u00e1, ha subrayado en Par\u00eds que la cooperaci\u00f3n judicial y policial entre Espa\u00f1a y Francia ha sido fundamental en la lucha trasnacional contra el terrorismo y el tr\u00e1fico de estupefacientes. En la clausura de las Jornadas de los grupos de trabajo franco-espa\u00f1oles de lucha contra el terrorismo (GLAT) y antidroga","inLanguage":"es-ES","isPartOf":{"@id":"https:\/\/www.eldigitaldeasturias.com\/noticias\/#website"},"breadcrumb":{"@id":"https:\/\/www.eldigitaldeasturias.com\/noticias\/catala-subraya-la-estrecha-cooperacion-judicial-y-policial-entre-espana-y-francia-en-la-lucha-contra-el-terrorismo-y-la-droga\/#breadcrumblist"},"author":{"@id":"https:\/\/www.eldigitaldeasturias.com\/noticias\/author\/admin\/#author"},"creator":{"@id":"https:\/\/www.eldigitaldeasturias.com\/noticias\/author\/admin\/#author"},"image":{"@type":"ImageObject","url":971439,"@id":"https:\/\/www.eldigitaldeasturias.com\/noticias\/catala-subraya-la-estrecha-cooperacion-judicial-y-policial-entre-espana-y-francia-en-la-lucha-contra-el-terrorismo-y-la-droga\/#mainImage"},"primaryImageOfPage":{"@id":"https:\/\/www.eldigitaldeasturias.com\/noticias\/catala-subraya-la-estrecha-cooperacion-judicial-y-policial-entre-espana-y-francia-en-la-lucha-contra-el-terrorismo-y-la-droga\/#mainImage"},"datePublished":"2018-03-10T14:16:51+01:00","dateModified":"2018-03-10T14:16:51+01:00"},{"@type":"WebSite","@id":"https:\/\/www.eldigitaldeasturias.com\/noticias\/#website","url":"https:\/\/www.eldigitaldeasturias.com\/noticias\/","name":"El Digital de Asturias - Diario de actualidad y noticias","alternateName":"El Digital de Asturias - Diario de actualidad y noticias","description":"Hemeroteca","inLanguage":"es-ES","publisher":{"@id":"https:\/\/www.eldigitaldeasturias.com\/noticias\/#organization"}}]},"og:locale":"es_ES","og:site_name":"El Digital de Asturias","og:type":"article","og:title":"Catal\u00e1 subraya la estrecha cooperaci\u00f3n judicial y policial entre Espa\u00f1a y Francia en la lucha contra el terrorismo y la droga - El Digital de Asturias","og:description":"El ministro de Justicia, Rafael Catal\u00e1, ha subrayado en Par\u00eds que la cooperaci\u00f3n judicial y policial entre Espa\u00f1a y Francia ha sido fundamental en la lucha trasnacional contra el terrorismo y el tr\u00e1fico de estupefacientes. En la clausura de las Jornadas de los grupos de trabajo franco-espa\u00f1oles de lucha contra el terrorismo (GLAT) y antidroga","og:url":"https:\/\/www.eldigitaldeasturias.com\/noticias\/catala-subraya-la-estrecha-cooperacion-judicial-y-policial-entre-espana-y-francia-en-la-lucha-contra-el-terrorismo-y-la-droga\/","article:tag":["actualidad"],"article:published_time":"2018-03-10T14:16:51+00:00","article:modified_time":"2018-03-10T14:16:51+00:00","article:publisher":"https:\/\/facebook.com\/eldigitaldeasturias","twitter:card":"summary_large_image","twitter:title":"Catal\u00e1 subraya la estrecha cooperaci\u00f3n judicial y policial entre Espa\u00f1a y Francia en la lucha contra el terrorismo y la droga - El Digital de Asturias","twitter:description":"El ministro de Justicia, Rafael Catal\u00e1, ha subrayado en Par\u00eds que la cooperaci\u00f3n judicial y policial entre Espa\u00f1a y Francia ha sido fundamental en la lucha trasnacional contra el terrorismo y el tr\u00e1fico de estupefacientes. En la clausura de las Jornadas de los grupos de trabajo franco-espa\u00f1oles de lucha contra el terrorismo (GLAT) y antidroga","twitter:image":"https:\/\/www.eldigitaldeasturias.com\/noticias\/wp-content\/uploads\/2020\/12\/EDA-1.jpg","twitter:label1":"Escrito por","twitter:data1":"El Digital de Asturias","twitter:label2":"Tiempo de lectura estimado","twitter:data2":"2 minutos"},"aioseo_meta_data":{"post_id":"971438","title":null,"description":null,"keywords":null,"keyphrases":null,"primary_term":null,"canonical_url":null,"og_title":null,"og_description":null,"og_object_type":"default","og_image_type":"default","og_image_url":null,"og_image_width":null,"og_image_height":null,"og_image_custom_url":null,"og_image_custom_fields":null,"og_video":null,"og_custom_url":null,"og_article_section":null,"og_article_tags":null,"twitter_use_og":false,"twitter_card":"default","twitter_image_type":"default","twitter_image_url":null,"twitter_image_custom_url":null,"twitter_image_custom_fields":null,"twitter_title":null,"twitter_description":null,"schema":{"blockGraphs":[],"customGraphs":[],"default":{"data":{"Article":[],"Course":[],"Dataset":[],"FAQPage":[],"Movie":[],"Person":[],"Product":[],"ProductReview":[],"Car":[],"Recipe":[],"Service":[],"SoftwareApplication":[],"WebPage":[]},"graphName":"","isEnabled":true},"graphs":[],"defaultGraph":"","defaultPostTypeGraph":""},"schema_type":null,"schema_type_options":null,"pillar_content":false,"robots_default":true,"robots_noindex":false,"robots_noarchive":false,"robots_nosnippet":false,"robots_nofollow":false,"robots_noimageindex":false,"robots_noodp":false,"robots_notranslate":false,"robots_max_snippet":null,"robots_max_videopreview":null,"robots_max_imagepreview":"large","priority":null,"frequency":null,"local_seo":null,"seo_analyzer_scan_date":"2025-10-07 09:10:10","breadcrumb_settings":null,"limit_modified_date":false,"open_ai":null,"ai":null,"created":"2020-12-21 12:21:38","updated":"2025-10-07 09:10:10","focus_keyword":null,"additional_keywords":null,"truseo_locale":null},"aioseo_breadcrumb":"<div class=\"aioseo-breadcrumbs\"><span class=\"aioseo-breadcrumb\">\n\t<a href=\"https:\/\/www.eldigitaldeasturias.com\/noticias\" title=\"Home\">Home<\/a>\n<\/span><span class=\"aioseo-breadcrumb-separator\">\u2013<\/span><span class=\"aioseo-breadcrumb\">\n\t<a href=\"https:\/\/www.eldigitaldeasturias.com\/noticias\/category\/actualidad\/\" title=\"Actualidad\">Actualidad<\/a>\n<\/span><span class=\"aioseo-breadcrumb-separator\">\u2013<\/span><span class=\"aioseo-breadcrumb\">\n\t<a href=\"https:\/\/www.eldigitaldeasturias.com\/noticias\/catala-subraya-la-estrecha-cooperacion-judicial-y-policial-entre-espana-y-francia-en-la-lucha-contra-el-terrorismo-y-la-droga\/\" title=\"Catal\u00e1 subraya la estrecha cooperaci\u00f3n judicial y policial entre Espa\u00f1a y Francia en la lucha contra el terrorismo y la droga\">Catal\u00e1 subraya la estrecha cooperaci\u00f3n judicial y policial entre Espa\u00f1a y Francia en la lucha contra el terrorismo y la droga<\/a>\n<\/span><\/div>","aioseo_breadcrumb_json":[{"label":"Home","link":"https:\/\/www.eldigitaldeasturias.com\/noticias"},{"label":"Actualidad","link":"https:\/\/www.eldigitaldeasturias.com\/noticias\/category\/actualidad\/"},{"label":"Catal\u00e1 subraya la estrecha cooperaci\u00f3n judicial y policial entre Espa\u00f1a y Francia en la lucha contra el terrorismo y la droga","link":"https:\/\/www.eldigitaldeasturias.com\/noticias\/catala-subraya-la-estrecha-cooperacion-judicial-y-policial-entre-espana-y-francia-en-la-lucha-contra-el-terrorismo-y-la-droga\/"}],"_links":{"self":[{"href":"https:\/\/www.eldigitaldeasturias.com\/noticias\/wp-json\/wp\/v2\/posts\/971438","targetHints":{"allow":["GET"]}}],"collection":[{"href":"https:\/\/www.eldigitaldeasturias.com\/noticias\/wp-json\/wp\/v2\/posts"}],"about":[{"href":"https:\/\/www.eldigitaldeasturias.com\/noticias\/wp-json\/wp\/v2\/types\/post"}],"author":[{"embeddable":true,"href":"https:\/\/www.eldigitaldeasturias.com\/noticias\/wp-json\/wp\/v2\/users\/1"}],"replies":[{"embeddable":true,"href":"https:\/\/www.eldigitaldeasturias.com\/noticias\/wp-json\/wp\/v2\/comments?post=971438"}],"version-history":[{"count":0,"href":"https:\/\/www.eldigitaldeasturias.com\/noticias\/wp-json\/wp\/v2\/posts\/971438\/revisions"}],"wp:attachment":[{"href":"https:\/\/www.eldigitaldeasturias.com\/noticias\/wp-json\/wp\/v2\/media?parent=971438"}],"wp:term":[{"taxonomy":"category","embeddable":true,"href":"https:\/\/www.eldigitaldeasturias.com\/noticias\/wp-json\/wp\/v2\/categories?post=971438"},{"taxonomy":"post_tag","embeddable":true,"href":"https:\/\/www.eldigitaldeasturias.com\/noticias\/wp-json\/wp\/v2\/tags?post=971438"}],"curies":[{"name":"wp","href":"https:\/\/api.w.org\/{rel}","templated":true}]}}