{"id":971432,"date":"2018-03-10T14:12:08","date_gmt":"2018-03-10T14:12:08","guid":{"rendered":"http:\/\/www.eldigitaldeasturias.com\/noticias\/?p=971432"},"modified":"2018-03-10T14:12:08","modified_gmt":"2018-03-10T14:12:08","slug":"la-bandera-de-world-skills-llega-a-madrid-el-dia-12-de-marzo","status":"publish","type":"post","link":"https:\/\/www.eldigitaldeasturias.com\/noticias\/la-bandera-de-world-skills-llega-a-madrid-el-dia-12-de-marzo\/","title":{"rendered":"La bandera de World Skills llega a Madrid el d\u00eda 12 de marzo"},"content":{"rendered":"<p><img loading=\"lazy\" decoding=\"async\" class=\"alignleft size-medium wp-image-971433\" src=\"https:\/\/www.eldigitaldeasturias.com\/noticias\/wp-content\/uploads\/2018\/03\/Word-Silks3-360x239.jpg\" alt=\"\" width=\"360\" height=\"239\" \/>El pr\u00f3ximo lunes, 12 de marzo, comenzar\u00e1 en Madrid el recorrido de la bandera oficial de World Skills, que durante los pr\u00f3ximos 500 d\u00edas va a recorrer 100.000 kil\u00f3metros y va a visitar 21 pa\u00edses del mundo.\u200b<\/p>\n<p>El recorrido de la bandera comienza en Espa\u00f1a porque fue el pa\u00eds que tuvo la iniciativa de organizar unos campeonatos de estas caracter\u00edsticas en los a\u00f1os 50.<\/p>\n<p>La bandera est\u00e1 en este momento en la Estaci\u00f3n Internacional y desde all\u00ed llegar\u00e1 a Espa\u00f1a para recorrer -como hace la llama ol\u00edmpica en los Juegos Ol\u00edmpicos- 32 ciudades. Ir\u00e1 pasando por los distintos pa\u00edses que han sido sede de campeonatos mundiales, hasta acabar en Kaz\u00e1n, en el a\u00f1o 2019, coincidiendo con el inicio del campeonato mundial que se celebra all\u00ed ese a\u00f1o.<\/p>\n<p>Las ciudades por las que tiene previsto pasar -y en las que se producir\u00e1n los relevos- son:<\/p>\n<p>1. Madrid<br \/>\n2. Lisboa (Portugal)<br \/>\n3. M\u00f3dena (Italia)<br \/>\n4. Linz (Austria)<br \/>\n5. Lyon (Francia)<br \/>\n6. Berna (Suiza)<br \/>\n7. St. Gallen (Suiza)<br \/>\n8. Bruselas (B\u00e9lgica)<br \/>\n9. Leipzig (Alemania)<br \/>\n10. Duisburg (Alemania)<br \/>\n11. Munich (Alemania)<br \/>\n12. Utrecht (Holanda)<br \/>\n13. Amsterdam (Holanda)<br \/>\n14. Dubl\u00edn (Irlanda)<br \/>\n15. Cork (Irlanda)<br \/>\n16. Helsinki (Finlandia)<br \/>\n17. Glasgow (Reino Unido)<br \/>\n18. Birmingham (Reino Unido)<br \/>\n19. Londres (Reino Unido)<br \/>\n20. Sydney (Australia)<br \/>\n21. Taipei (China)<br \/>\n22. Busan (Corea)<br \/>\n23. Se\u00fal (Corea)<br \/>\n24. Tokio (Jap\u00f3n)<br \/>\n25. Osaka (Jap\u00f3n)<br \/>\n26. Shizuoka (Jap\u00f3n)<br \/>\n27. Calgary (Canad\u00e1)<br \/>\n28. Montreal (Canad\u00e1)<br \/>\n29. Sao Paulo (Brasil)<br \/>\n30. Atlanta (EEUU)<br \/>\n31. Abu Dhabi (Emiratos \u00c1rabes)<br \/>\n32. Kaz\u00e1n (Rusia)<\/p>\n<p>En este enlace se puede ver el mensaje que lanzan los miembros de la Estaci\u00f3n Internacional que custodian la bandera de World Skills.<\/p>\n","protected":false},"excerpt":{"rendered":"<p>El pr\u00f3ximo lunes, 12 de marzo, comenzar\u00e1 en Madrid el recorrido de la bandera oficial de World Skills, que durante los pr\u00f3ximos 500 d\u00edas va a recorrer 100.000 kil\u00f3metros y va a visitar 21 pa\u00edses del mundo.\u200b El recorrido de la bandera comienza en Espa\u00f1a porque fue el pa\u00eds que tuvo la iniciativa de organizar [&hellip;]<\/p>\n","protected":false},"author":1,"featured_media":971433,"comment_status":"closed","ping_status":"closed","sticky":false,"template":"","format":"standard","meta":{"footnotes":""},"categories":[1],"tags":[],"class_list":["post-971432","post","type-post","status-publish","format-standard","has-post-thumbnail","hentry","category-actualidad"],"aioseo_notices":[],"aioseo_head":"\n\t\t<!-- All in One SEO Pro 5.0.1 - aioseo.com -->\n\t<meta name=\"description\" content=\"El pr\u00f3ximo lunes, 12 de marzo, comenzar\u00e1 en Madrid el recorrido de la bandera oficial de World Skills, que durante los pr\u00f3ximos 500 d\u00edas va a recorrer 100.000 kil\u00f3metros y va a visitar 21 pa\u00edses del mundo.\u200b El recorrido de la bandera comienza en Espa\u00f1a porque fue el pa\u00eds que tuvo la iniciativa de organizar\" \/>\n\t<meta name=\"robots\" content=\"max-image-preview:large\" \/>\n\t<meta name=\"author\" content=\"El Digital de Asturias\"\/>\n\t<meta name=\"google-site-verification\" content=\"UA-38556648-1\" \/>\n\t<meta name=\"msvalidate.01\" content=\"7dfe9f3f1b24437ab69f4f2559babe99\" \/>\n\t<meta name=\"keywords\" content=\"actualidad\" \/>\n\t<link rel=\"canonical\" href=\"https:\/\/www.eldigitaldeasturias.com\/noticias\/la-bandera-de-world-skills-llega-a-madrid-el-dia-12-de-marzo\/\" \/>\n\t<meta name=\"generator\" content=\"All in One SEO Pro (AIOSEO) 5.0.1\" \/>\n\t\t<meta property=\"og:locale\" content=\"es_ES\" \/>\n\t\t<meta property=\"og:site_name\" content=\"El Digital de Asturias\" \/>\n\t\t<meta property=\"og:type\" content=\"article\" \/>\n\t\t<meta property=\"og:title\" content=\"La bandera de World Skills llega a Madrid el d\u00eda 12 de marzo - El Digital de Asturias\" \/>\n\t\t<meta property=\"og:description\" content=\"El pr\u00f3ximo lunes, 12 de marzo, comenzar\u00e1 en Madrid el recorrido de la bandera oficial de World Skills, que durante los pr\u00f3ximos 500 d\u00edas va a recorrer 100.000 kil\u00f3metros y va a visitar 21 pa\u00edses del mundo.\u200b El recorrido de la bandera comienza en Espa\u00f1a porque fue el pa\u00eds que tuvo la iniciativa de organizar\" \/>\n\t\t<meta property=\"og:url\" content=\"https:\/\/www.eldigitaldeasturias.com\/noticias\/la-bandera-de-world-skills-llega-a-madrid-el-dia-12-de-marzo\/\" \/>\n\t\t<meta property=\"article:tag\" content=\"actualidad\" \/>\n\t\t<meta property=\"article:published_time\" content=\"2018-03-10T14:12:08+00:00\" \/>\n\t\t<meta property=\"article:modified_time\" content=\"2018-03-10T14:12:08+00:00\" \/>\n\t\t<meta property=\"article:publisher\" content=\"https:\/\/facebook.com\/eldigitaldeasturias\" \/>\n\t\t<meta name=\"twitter:card\" content=\"summary_large_image\" \/>\n\t\t<meta name=\"twitter:title\" content=\"La bandera de World Skills llega a Madrid el d\u00eda 12 de marzo - El Digital de Asturias\" \/>\n\t\t<meta name=\"twitter:description\" content=\"El pr\u00f3ximo lunes, 12 de marzo, comenzar\u00e1 en Madrid el recorrido de la bandera oficial de World Skills, que durante los pr\u00f3ximos 500 d\u00edas va a recorrer 100.000 kil\u00f3metros y va a visitar 21 pa\u00edses del mundo.\u200b El recorrido de la bandera comienza en Espa\u00f1a porque fue el pa\u00eds que tuvo la iniciativa de organizar\" \/>\n\t\t<meta name=\"twitter:image\" content=\"https:\/\/www.eldigitaldeasturias.com\/noticias\/wp-content\/uploads\/2020\/12\/EDA-1.jpg\" \/>\n\t\t<meta name=\"twitter:label1\" content=\"Escrito por\" \/>\n\t\t<meta name=\"twitter:data1\" content=\"El Digital de Asturias\" \/>\n\t\t<meta name=\"twitter:label2\" content=\"Tiempo de lectura estimado\" \/>\n\t\t<meta name=\"twitter:data2\" content=\"1 minuto\" \/>\n\t\t<script type=\"application\/ld+json\" class=\"aioseo-schema\">\n\t\t\t{\"@context\":\"https:\\\/\\\/schema.org\",\"@graph\":[{\"@type\":\"BlogPosting\",\"@id\":\"https:\\\/\\\/www.eldigitaldeasturias.com\\\/noticias\\\/la-bandera-de-world-skills-llega-a-madrid-el-dia-12-de-marzo\\\/#blogposting\",\"name\":\"La bandera de World Skills llega a Madrid el d\\u00eda 12 de marzo - El Digital de Asturias\",\"headline\":\"La bandera de World Skills llega a Madrid el d\\u00eda 12 de marzo\",\"author\":{\"@id\":\"https:\\\/\\\/www.eldigitaldeasturias.com\\\/noticias\\\/author\\\/admin\\\/#author\"},\"publisher\":{\"@id\":\"https:\\\/\\\/www.eldigitaldeasturias.com\\\/noticias\\\/#organization\"},\"image\":{\"@type\":\"ImageObject\",\"url\":971433},\"datePublished\":\"2018-03-10T14:12:08+01:00\",\"dateModified\":\"2018-03-10T14:12:08+01:00\",\"inLanguage\":\"es-ES\",\"mainEntityOfPage\":{\"@id\":\"https:\\\/\\\/www.eldigitaldeasturias.com\\\/noticias\\\/la-bandera-de-world-skills-llega-a-madrid-el-dia-12-de-marzo\\\/#webpage\"},\"isPartOf\":{\"@id\":\"https:\\\/\\\/www.eldigitaldeasturias.com\\\/noticias\\\/la-bandera-de-world-skills-llega-a-madrid-el-dia-12-de-marzo\\\/#webpage\"},\"articleSection\":\"Actualidad\"},{\"@type\":\"BreadcrumbList\",\"@id\":\"https:\\\/\\\/www.eldigitaldeasturias.com\\\/noticias\\\/la-bandera-de-world-skills-llega-a-madrid-el-dia-12-de-marzo\\\/#breadcrumblist\",\"itemListElement\":[{\"@type\":\"ListItem\",\"@id\":\"https:\\\/\\\/www.eldigitaldeasturias.com\\\/noticias#listItem\",\"position\":1,\"name\":\"Home\",\"item\":\"https:\\\/\\\/www.eldigitaldeasturias.com\\\/noticias\",\"nextItem\":{\"@type\":\"ListItem\",\"@id\":\"https:\\\/\\\/www.eldigitaldeasturias.com\\\/noticias\\\/category\\\/actualidad\\\/#listItem\",\"name\":\"Actualidad\"}},{\"@type\":\"ListItem\",\"@id\":\"https:\\\/\\\/www.eldigitaldeasturias.com\\\/noticias\\\/category\\\/actualidad\\\/#listItem\",\"position\":2,\"name\":\"Actualidad\",\"item\":\"https:\\\/\\\/www.eldigitaldeasturias.com\\\/noticias\\\/category\\\/actualidad\\\/\",\"nextItem\":{\"@type\":\"ListItem\",\"@id\":\"https:\\\/\\\/www.eldigitaldeasturias.com\\\/noticias\\\/la-bandera-de-world-skills-llega-a-madrid-el-dia-12-de-marzo\\\/#listItem\",\"name\":\"La bandera de World Skills llega a Madrid el d\\u00eda 12 de marzo\"},\"previousItem\":{\"@type\":\"ListItem\",\"@id\":\"https:\\\/\\\/www.eldigitaldeasturias.com\\\/noticias#listItem\",\"name\":\"Home\"}},{\"@type\":\"ListItem\",\"@id\":\"https:\\\/\\\/www.eldigitaldeasturias.com\\\/noticias\\\/la-bandera-de-world-skills-llega-a-madrid-el-dia-12-de-marzo\\\/#listItem\",\"position\":3,\"name\":\"La bandera de World Skills llega a Madrid el d\\u00eda 12 de marzo\",\"previousItem\":{\"@type\":\"ListItem\",\"@id\":\"https:\\\/\\\/www.eldigitaldeasturias.com\\\/noticias\\\/category\\\/actualidad\\\/#listItem\",\"name\":\"Actualidad\"}}]},{\"@type\":\"Organization\",\"@id\":\"https:\\\/\\\/www.eldigitaldeasturias.com\\\/noticias\\\/#organization\",\"name\":\"El Digital de Asturias\",\"description\":\"Hemeroteca\",\"url\":\"https:\\\/\\\/www.eldigitaldeasturias.com\\\/noticias\\\/\",\"email\":\"info@eldigitaldeasturias.com\",\"telephone\":\"+34652131393\",\"logo\":{\"@type\":\"ImageObject\",\"url\":\"https:\\\/\\\/www.eldigitaldeasturias.com\\\/noticias\\\/wp-content\\\/uploads\\\/2020\\\/12\\\/EDA.jpg\",\"@id\":\"https:\\\/\\\/www.eldigitaldeasturias.com\\\/noticias\\\/la-bandera-de-world-skills-llega-a-madrid-el-dia-12-de-marzo\\\/#organizationLogo\"},\"image\":{\"@id\":\"https:\\\/\\\/www.eldigitaldeasturias.com\\\/noticias\\\/la-bandera-de-world-skills-llega-a-madrid-el-dia-12-de-marzo\\\/#organizationLogo\"},\"sameAs\":[\"https:\\\/\\\/facebook.com\\\/eldigitaldeasturias\",\"https:\\\/\\\/www.youtube.com\\\/channel\\\/UCZP-2wLEB9Rv6erhFmqVnvg\"],\"address\":{\"@id\":\"https:\\\/\\\/www.eldigitaldeasturias.com\\\/noticias\\\/#postaladdress\",\"@type\":\"PostalAddress\",\"streetAddress\":\"san antonio 4\",\"postalCode\":\"33430\",\"addressLocality\":\"Cand\\u00e1s\",\"addressRegion\":\"Asturias\",\"addressCountry\":\"ES\"}},{\"@type\":\"Person\",\"@id\":\"https:\\\/\\\/www.eldigitaldeasturias.com\\\/noticias\\\/author\\\/admin\\\/#author\",\"url\":\"https:\\\/\\\/www.eldigitaldeasturias.com\\\/noticias\\\/author\\\/admin\\\/\",\"name\":\"El Digital de Asturias\",\"image\":{\"@type\":\"ImageObject\",\"@id\":\"https:\\\/\\\/www.eldigitaldeasturias.com\\\/noticias\\\/la-bandera-de-world-skills-llega-a-madrid-el-dia-12-de-marzo\\\/#authorImage\",\"url\":\"https:\\\/\\\/secure.gravatar.com\\\/avatar\\\/df2aeffc32bcd13f8d26072ef8a91b623d677766deac7f97ca815868cd41bf5e?s=96&d=mm&r=g\",\"width\":96,\"height\":96,\"caption\":\"El Digital de Asturias\"}},{\"@type\":\"WebPage\",\"@id\":\"https:\\\/\\\/www.eldigitaldeasturias.com\\\/noticias\\\/la-bandera-de-world-skills-llega-a-madrid-el-dia-12-de-marzo\\\/#webpage\",\"url\":\"https:\\\/\\\/www.eldigitaldeasturias.com\\\/noticias\\\/la-bandera-de-world-skills-llega-a-madrid-el-dia-12-de-marzo\\\/\",\"name\":\"La bandera de World Skills llega a Madrid el d\\u00eda 12 de marzo - El Digital de Asturias\",\"description\":\"El pr\\u00f3ximo lunes, 12 de marzo, comenzar\\u00e1 en Madrid el recorrido de la bandera oficial de World Skills, que durante los pr\\u00f3ximos 500 d\\u00edas va a recorrer 100.000 kil\\u00f3metros y va a visitar 21 pa\\u00edses del mundo.\\u200b El recorrido de la bandera comienza en Espa\\u00f1a porque fue el pa\\u00eds que tuvo la iniciativa de organizar\",\"inLanguage\":\"es-ES\",\"isPartOf\":{\"@id\":\"https:\\\/\\\/www.eldigitaldeasturias.com\\\/noticias\\\/#website\"},\"breadcrumb\":{\"@id\":\"https:\\\/\\\/www.eldigitaldeasturias.com\\\/noticias\\\/la-bandera-de-world-skills-llega-a-madrid-el-dia-12-de-marzo\\\/#breadcrumblist\"},\"author\":{\"@id\":\"https:\\\/\\\/www.eldigitaldeasturias.com\\\/noticias\\\/author\\\/admin\\\/#author\"},\"creator\":{\"@id\":\"https:\\\/\\\/www.eldigitaldeasturias.com\\\/noticias\\\/author\\\/admin\\\/#author\"},\"image\":{\"@type\":\"ImageObject\",\"url\":971433,\"@id\":\"https:\\\/\\\/www.eldigitaldeasturias.com\\\/noticias\\\/la-bandera-de-world-skills-llega-a-madrid-el-dia-12-de-marzo\\\/#mainImage\"},\"primaryImageOfPage\":{\"@id\":\"https:\\\/\\\/www.eldigitaldeasturias.com\\\/noticias\\\/la-bandera-de-world-skills-llega-a-madrid-el-dia-12-de-marzo\\\/#mainImage\"},\"datePublished\":\"2018-03-10T14:12:08+01:00\",\"dateModified\":\"2018-03-10T14:12:08+01:00\"},{\"@type\":\"WebSite\",\"@id\":\"https:\\\/\\\/www.eldigitaldeasturias.com\\\/noticias\\\/#website\",\"url\":\"https:\\\/\\\/www.eldigitaldeasturias.com\\\/noticias\\\/\",\"name\":\"El Digital de Asturias - Diario de actualidad y noticias\",\"alternateName\":\"El Digital de Asturias - Diario de actualidad y noticias\",\"description\":\"Hemeroteca\",\"inLanguage\":\"es-ES\",\"publisher\":{\"@id\":\"https:\\\/\\\/www.eldigitaldeasturias.com\\\/noticias\\\/#organization\"}}]}\n\t\t<\/script>\n\t\t<!-- All in One SEO Pro -->\r\n\t\t<title>La bandera de World Skills llega a Madrid el d\u00eda 12 de marzo - El Digital de Asturias<\/title>\n\n","aioseo_head_json":{"title":"La bandera de World Skills llega a Madrid el d\u00eda 12 de marzo - El Digital de Asturias","description":"El pr\u00f3ximo lunes, 12 de marzo, comenzar\u00e1 en Madrid el recorrido de la bandera oficial de World Skills, que durante los pr\u00f3ximos 500 d\u00edas va a recorrer 100.000 kil\u00f3metros y va a visitar 21 pa\u00edses del mundo.\u200b El recorrido de la bandera comienza en Espa\u00f1a porque fue el pa\u00eds que tuvo la iniciativa de organizar","canonical_url":"https:\/\/www.eldigitaldeasturias.com\/noticias\/la-bandera-de-world-skills-llega-a-madrid-el-dia-12-de-marzo\/","robots":"max-image-preview:large","keywords":"actualidad","webmasterTools":{"google-site-verification":"UA-38556648-1","msvalidate.01":"7dfe9f3f1b24437ab69f4f2559babe99","miscellaneous":""},"schema":{"@context":"https:\/\/schema.org","@graph":[{"@type":"BlogPosting","@id":"https:\/\/www.eldigitaldeasturias.com\/noticias\/la-bandera-de-world-skills-llega-a-madrid-el-dia-12-de-marzo\/#blogposting","name":"La bandera de World Skills llega a Madrid el d\u00eda 12 de marzo - El Digital de Asturias","headline":"La bandera de World Skills llega a Madrid el d\u00eda 12 de marzo","author":{"@id":"https:\/\/www.eldigitaldeasturias.com\/noticias\/author\/admin\/#author"},"publisher":{"@id":"https:\/\/www.eldigitaldeasturias.com\/noticias\/#organization"},"image":{"@type":"ImageObject","url":971433},"datePublished":"2018-03-10T14:12:08+01:00","dateModified":"2018-03-10T14:12:08+01:00","inLanguage":"es-ES","mainEntityOfPage":{"@id":"https:\/\/www.eldigitaldeasturias.com\/noticias\/la-bandera-de-world-skills-llega-a-madrid-el-dia-12-de-marzo\/#webpage"},"isPartOf":{"@id":"https:\/\/www.eldigitaldeasturias.com\/noticias\/la-bandera-de-world-skills-llega-a-madrid-el-dia-12-de-marzo\/#webpage"},"articleSection":"Actualidad"},{"@type":"BreadcrumbList","@id":"https:\/\/www.eldigitaldeasturias.com\/noticias\/la-bandera-de-world-skills-llega-a-madrid-el-dia-12-de-marzo\/#breadcrumblist","itemListElement":[{"@type":"ListItem","@id":"https:\/\/www.eldigitaldeasturias.com\/noticias#listItem","position":1,"name":"Home","item":"https:\/\/www.eldigitaldeasturias.com\/noticias","nextItem":{"@type":"ListItem","@id":"https:\/\/www.eldigitaldeasturias.com\/noticias\/category\/actualidad\/#listItem","name":"Actualidad"}},{"@type":"ListItem","@id":"https:\/\/www.eldigitaldeasturias.com\/noticias\/category\/actualidad\/#listItem","position":2,"name":"Actualidad","item":"https:\/\/www.eldigitaldeasturias.com\/noticias\/category\/actualidad\/","nextItem":{"@type":"ListItem","@id":"https:\/\/www.eldigitaldeasturias.com\/noticias\/la-bandera-de-world-skills-llega-a-madrid-el-dia-12-de-marzo\/#listItem","name":"La bandera de World Skills llega a Madrid el d\u00eda 12 de marzo"},"previousItem":{"@type":"ListItem","@id":"https:\/\/www.eldigitaldeasturias.com\/noticias#listItem","name":"Home"}},{"@type":"ListItem","@id":"https:\/\/www.eldigitaldeasturias.com\/noticias\/la-bandera-de-world-skills-llega-a-madrid-el-dia-12-de-marzo\/#listItem","position":3,"name":"La bandera de World Skills llega a Madrid el d\u00eda 12 de marzo","previousItem":{"@type":"ListItem","@id":"https:\/\/www.eldigitaldeasturias.com\/noticias\/category\/actualidad\/#listItem","name":"Actualidad"}}]},{"@type":"Organization","@id":"https:\/\/www.eldigitaldeasturias.com\/noticias\/#organization","name":"El Digital de Asturias","description":"Hemeroteca","url":"https:\/\/www.eldigitaldeasturias.com\/noticias\/","email":"info@eldigitaldeasturias.com","telephone":"+34652131393","logo":{"@type":"ImageObject","url":"https:\/\/www.eldigitaldeasturias.com\/noticias\/wp-content\/uploads\/2020\/12\/EDA.jpg","@id":"https:\/\/www.eldigitaldeasturias.com\/noticias\/la-bandera-de-world-skills-llega-a-madrid-el-dia-12-de-marzo\/#organizationLogo"},"image":{"@id":"https:\/\/www.eldigitaldeasturias.com\/noticias\/la-bandera-de-world-skills-llega-a-madrid-el-dia-12-de-marzo\/#organizationLogo"},"sameAs":["https:\/\/facebook.com\/eldigitaldeasturias","https:\/\/www.youtube.com\/channel\/UCZP-2wLEB9Rv6erhFmqVnvg"],"address":{"@id":"https:\/\/www.eldigitaldeasturias.com\/noticias\/#postaladdress","@type":"PostalAddress","streetAddress":"san antonio 4","postalCode":"33430","addressLocality":"Cand\u00e1s","addressRegion":"Asturias","addressCountry":"ES"}},{"@type":"Person","@id":"https:\/\/www.eldigitaldeasturias.com\/noticias\/author\/admin\/#author","url":"https:\/\/www.eldigitaldeasturias.com\/noticias\/author\/admin\/","name":"El Digital de Asturias","image":{"@type":"ImageObject","@id":"https:\/\/www.eldigitaldeasturias.com\/noticias\/la-bandera-de-world-skills-llega-a-madrid-el-dia-12-de-marzo\/#authorImage","url":"https:\/\/secure.gravatar.com\/avatar\/df2aeffc32bcd13f8d26072ef8a91b623d677766deac7f97ca815868cd41bf5e?s=96&d=mm&r=g","width":96,"height":96,"caption":"El Digital de Asturias"}},{"@type":"WebPage","@id":"https:\/\/www.eldigitaldeasturias.com\/noticias\/la-bandera-de-world-skills-llega-a-madrid-el-dia-12-de-marzo\/#webpage","url":"https:\/\/www.eldigitaldeasturias.com\/noticias\/la-bandera-de-world-skills-llega-a-madrid-el-dia-12-de-marzo\/","name":"La bandera de World Skills llega a Madrid el d\u00eda 12 de marzo - El Digital de Asturias","description":"El pr\u00f3ximo lunes, 12 de marzo, comenzar\u00e1 en Madrid el recorrido de la bandera oficial de World Skills, que durante los pr\u00f3ximos 500 d\u00edas va a recorrer 100.000 kil\u00f3metros y va a visitar 21 pa\u00edses del mundo.\u200b El recorrido de la bandera comienza en Espa\u00f1a porque fue el pa\u00eds que tuvo la iniciativa de organizar","inLanguage":"es-ES","isPartOf":{"@id":"https:\/\/www.eldigitaldeasturias.com\/noticias\/#website"},"breadcrumb":{"@id":"https:\/\/www.eldigitaldeasturias.com\/noticias\/la-bandera-de-world-skills-llega-a-madrid-el-dia-12-de-marzo\/#breadcrumblist"},"author":{"@id":"https:\/\/www.eldigitaldeasturias.com\/noticias\/author\/admin\/#author"},"creator":{"@id":"https:\/\/www.eldigitaldeasturias.com\/noticias\/author\/admin\/#author"},"image":{"@type":"ImageObject","url":971433,"@id":"https:\/\/www.eldigitaldeasturias.com\/noticias\/la-bandera-de-world-skills-llega-a-madrid-el-dia-12-de-marzo\/#mainImage"},"primaryImageOfPage":{"@id":"https:\/\/www.eldigitaldeasturias.com\/noticias\/la-bandera-de-world-skills-llega-a-madrid-el-dia-12-de-marzo\/#mainImage"},"datePublished":"2018-03-10T14:12:08+01:00","dateModified":"2018-03-10T14:12:08+01:00"},{"@type":"WebSite","@id":"https:\/\/www.eldigitaldeasturias.com\/noticias\/#website","url":"https:\/\/www.eldigitaldeasturias.com\/noticias\/","name":"El Digital de Asturias - Diario de actualidad y noticias","alternateName":"El Digital de Asturias - Diario de actualidad y noticias","description":"Hemeroteca","inLanguage":"es-ES","publisher":{"@id":"https:\/\/www.eldigitaldeasturias.com\/noticias\/#organization"}}]},"og:locale":"es_ES","og:site_name":"El Digital de Asturias","og:type":"article","og:title":"La bandera de World Skills llega a Madrid el d\u00eda 12 de marzo - El Digital de Asturias","og:description":"El pr\u00f3ximo lunes, 12 de marzo, comenzar\u00e1 en Madrid el recorrido de la bandera oficial de World Skills, que durante los pr\u00f3ximos 500 d\u00edas va a recorrer 100.000 kil\u00f3metros y va a visitar 21 pa\u00edses del mundo.\u200b El recorrido de la bandera comienza en Espa\u00f1a porque fue el pa\u00eds que tuvo la iniciativa de organizar","og:url":"https:\/\/www.eldigitaldeasturias.com\/noticias\/la-bandera-de-world-skills-llega-a-madrid-el-dia-12-de-marzo\/","article:tag":["actualidad"],"article:published_time":"2018-03-10T14:12:08+00:00","article:modified_time":"2018-03-10T14:12:08+00:00","article:publisher":"https:\/\/facebook.com\/eldigitaldeasturias","twitter:card":"summary_large_image","twitter:title":"La bandera de World Skills llega a Madrid el d\u00eda 12 de marzo - El Digital de Asturias","twitter:description":"El pr\u00f3ximo lunes, 12 de marzo, comenzar\u00e1 en Madrid el recorrido de la bandera oficial de World Skills, que durante los pr\u00f3ximos 500 d\u00edas va a recorrer 100.000 kil\u00f3metros y va a visitar 21 pa\u00edses del mundo.\u200b El recorrido de la bandera comienza en Espa\u00f1a porque fue el pa\u00eds que tuvo la iniciativa de organizar","twitter:image":"https:\/\/www.eldigitaldeasturias.com\/noticias\/wp-content\/uploads\/2020\/12\/EDA-1.jpg","twitter:label1":"Escrito por","twitter:data1":"El Digital de Asturias","twitter:label2":"Tiempo de lectura estimado","twitter:data2":"1 minuto"},"aioseo_meta_data":{"post_id":"971432","title":null,"description":null,"keywords":null,"keyphrases":null,"primary_term":null,"canonical_url":null,"og_title":null,"og_description":null,"og_object_type":"default","og_image_type":"default","og_image_url":null,"og_image_width":null,"og_image_height":null,"og_image_custom_url":null,"og_image_custom_fields":null,"og_video":null,"og_custom_url":null,"og_article_section":null,"og_article_tags":null,"twitter_use_og":false,"twitter_card":"default","twitter_image_type":"default","twitter_image_url":null,"twitter_image_custom_url":null,"twitter_image_custom_fields":null,"twitter_title":null,"twitter_description":null,"schema":{"blockGraphs":[],"customGraphs":[],"default":{"data":{"Article":[],"Course":[],"Dataset":[],"FAQPage":[],"Movie":[],"Person":[],"Product":[],"ProductReview":[],"Car":[],"Recipe":[],"Service":[],"SoftwareApplication":[],"WebPage":[]},"graphName":"","isEnabled":true},"graphs":[],"defaultGraph":"","defaultPostTypeGraph":""},"schema_type":null,"schema_type_options":null,"pillar_content":false,"robots_default":true,"robots_noindex":false,"robots_noarchive":false,"robots_nosnippet":false,"robots_nofollow":false,"robots_noimageindex":false,"robots_noodp":false,"robots_notranslate":false,"robots_max_snippet":null,"robots_max_videopreview":null,"robots_max_imagepreview":"large","priority":null,"frequency":null,"local_seo":null,"seo_analyzer_scan_date":"2025-10-07 09:10:09","breadcrumb_settings":null,"limit_modified_date":false,"open_ai":null,"ai":null,"created":"2020-12-21 12:21:38","updated":"2025-10-07 09:10:09","focus_keyword":null,"additional_keywords":null,"truseo_locale":null},"aioseo_breadcrumb":"<div class=\"aioseo-breadcrumbs\"><span class=\"aioseo-breadcrumb\">\n\t<a href=\"https:\/\/www.eldigitaldeasturias.com\/noticias\" title=\"Home\">Home<\/a>\n<\/span><span class=\"aioseo-breadcrumb-separator\">\u2013<\/span><span class=\"aioseo-breadcrumb\">\n\t<a href=\"https:\/\/www.eldigitaldeasturias.com\/noticias\/category\/actualidad\/\" title=\"Actualidad\">Actualidad<\/a>\n<\/span><span class=\"aioseo-breadcrumb-separator\">\u2013<\/span><span class=\"aioseo-breadcrumb\">\n\t<a href=\"https:\/\/www.eldigitaldeasturias.com\/noticias\/la-bandera-de-world-skills-llega-a-madrid-el-dia-12-de-marzo\/\" title=\"La bandera de World Skills llega a Madrid el d\u00eda 12 de marzo\">La bandera de World Skills llega a Madrid el d\u00eda 12 de marzo<\/a>\n<\/span><\/div>","aioseo_breadcrumb_json":[{"label":"Home","link":"https:\/\/www.eldigitaldeasturias.com\/noticias"},{"label":"Actualidad","link":"https:\/\/www.eldigitaldeasturias.com\/noticias\/category\/actualidad\/"},{"label":"La bandera de World Skills llega a Madrid el d\u00eda 12 de marzo","link":"https:\/\/www.eldigitaldeasturias.com\/noticias\/la-bandera-de-world-skills-llega-a-madrid-el-dia-12-de-marzo\/"}],"_links":{"self":[{"href":"https:\/\/www.eldigitaldeasturias.com\/noticias\/wp-json\/wp\/v2\/posts\/971432","targetHints":{"allow":["GET"]}}],"collection":[{"href":"https:\/\/www.eldigitaldeasturias.com\/noticias\/wp-json\/wp\/v2\/posts"}],"about":[{"href":"https:\/\/www.eldigitaldeasturias.com\/noticias\/wp-json\/wp\/v2\/types\/post"}],"author":[{"embeddable":true,"href":"https:\/\/www.eldigitaldeasturias.com\/noticias\/wp-json\/wp\/v2\/users\/1"}],"replies":[{"embeddable":true,"href":"https:\/\/www.eldigitaldeasturias.com\/noticias\/wp-json\/wp\/v2\/comments?post=971432"}],"version-history":[{"count":0,"href":"https:\/\/www.eldigitaldeasturias.com\/noticias\/wp-json\/wp\/v2\/posts\/971432\/revisions"}],"wp:attachment":[{"href":"https:\/\/www.eldigitaldeasturias.com\/noticias\/wp-json\/wp\/v2\/media?parent=971432"}],"wp:term":[{"taxonomy":"category","embeddable":true,"href":"https:\/\/www.eldigitaldeasturias.com\/noticias\/wp-json\/wp\/v2\/categories?post=971432"},{"taxonomy":"post_tag","embeddable":true,"href":"https:\/\/www.eldigitaldeasturias.com\/noticias\/wp-json\/wp\/v2\/tags?post=971432"}],"curies":[{"name":"wp","href":"https:\/\/api.w.org\/{rel}","templated":true}]}}