{"id":971293,"date":"2018-03-08T20:21:24","date_gmt":"2018-03-08T20:21:24","guid":{"rendered":"http:\/\/www.eldigitaldeasturias.com\/noticias\/?p=971293"},"modified":"2018-03-08T20:21:24","modified_gmt":"2018-03-08T20:21:24","slug":"encuentro-internacional-formativo-y-de-debate-sobre-investigacion-privada-compliance-y-seguridad","status":"publish","type":"post","link":"https:\/\/www.eldigitaldeasturias.com\/noticias\/encuentro-internacional-formativo-y-de-debate-sobre-investigacion-privada-compliance-y-seguridad\/","title":{"rendered":"Encuentro Internacional Formativo y de Debate sobre Investigaci\u00f3n Privada, Compliance y Seguridad"},"content":{"rendered":"<p><img loading=\"lazy\" decoding=\"async\" class=\"alignleft size-medium wp-image-971294\" src=\"https:\/\/www.eldigitaldeasturias.com\/noticias\/wp-content\/uploads\/2018\/03\/Cuerpos-seguridad-_-IP-360x238.jpg\" alt=\"\" width=\"360\" height=\"238\" \/>Por primera vez en Espa\u00f1a, los pr\u00f3ximos d\u00edas 14 a 17 de Marzo, se celebrar\u00e1 en Madrid un evento que reunir\u00e1 a los Detectives Privados, Directores de Seguridad\u00a0 y los profesionales de Compliance de distintos pa\u00edses.<\/p>\n<p>Junto con destacados miembros del Cuerpo Nacional de Polic\u00eda y la Guardia Civil,\u00a0 la judicatura y otros sectores, el WSD2018\u00a0 acoger\u00e1 la celebraci\u00f3n de\u00a0 una serie de ponencias que pretenden profundizar en el intercambio de conocimientos, as\u00ed como promover la creaci\u00f3n de protocolos de coordinaci\u00f3n entre la\u00a0 Seguridad P\u00fablica y la Seguridad Privada para hacer frente a los nuevos retos y formas delincuenciales, tal y como mandata la Ley 5\/ 2014 de Seguridad Privada.<\/p>\n<p>Al evento\u00a0 acudir\u00e1n, en el acto de apertura que se celebrar\u00e1 el d\u00eda 15 de marzo a las 09,00h., el Excmo. Ministro del Interior Sr. D. Juan Ignacio Zoido Alvarez, y al acto de clausura, que se celebrar\u00e1 el d\u00eda 16 de marzo a las 19,00h., el Ministro de Justicia, Excmo. Sr. D. Rafael Catal\u00e1 Polo.<strong>\u00a0<\/strong><\/p>\n<p>El WSD2018 se celebrar\u00e1 en el Gran Anfiteatro Ram\u00f3n y Cajal, sito en la Facultad de Medicina de la Universidad Complutense de Madrid, Plaza de Ram\u00f3n y Cajal S\/N, Ciudad Universitaria Avenida de la Complutense, Madrid.<\/p>\n<p>Los medios que lo deseen podr\u00e1n\u00a0 solicitar su acreditaci\u00f3n al acto mediante correo electr\u00f3nico a la direcci\u00f3n <strong>protocolo@anadpe.org.<\/strong> Para cualquier solicitud de informaci\u00f3n, tambi\u00e9n pueden ponerse en contacto con la organizaci\u00f3n del evento en el tel\u00e9fono <strong>902 444 435<\/strong>.<\/p>\n<p>Enlace web del evento:\u00a0 <span style=\"color: #ff6600;\"><strong>www.summitdetectives2018.com<\/strong><strong>\u00a0<\/strong><\/span><\/p>\n<p>La entidad organizadora del evento, la Asociaci\u00f3n Nacional de Agencias de Detectives de Espa\u00f1a, ANADPE, agrupa a los principales y m\u00e1s prestigiosos despachos de investigaci\u00f3n privada de Espa\u00f1a<\/p>\n<p>&nbsp;<\/p>\n","protected":false},"excerpt":{"rendered":"<p>Por primera vez en Espa\u00f1a, los pr\u00f3ximos d\u00edas 14 a 17 de Marzo, se celebrar\u00e1 en Madrid un evento que reunir\u00e1 a los Detectives Privados, Directores de Seguridad\u00a0 y los profesionales de Compliance de distintos pa\u00edses. Junto con destacados miembros del Cuerpo Nacional de Polic\u00eda y la Guardia Civil,\u00a0 la judicatura y otros sectores, el [&hellip;]<\/p>\n","protected":false},"author":1,"featured_media":971294,"comment_status":"closed","ping_status":"closed","sticky":false,"template":"","format":"standard","meta":{"footnotes":""},"categories":[1],"tags":[],"class_list":["post-971293","post","type-post","status-publish","format-standard","has-post-thumbnail","hentry","category-actualidad"],"aioseo_notices":[],"aioseo_head":"\n\t\t<!-- All in One SEO Pro 5.0.1 - aioseo.com -->\n\t<meta name=\"description\" content=\"Por primera vez en Espa\u00f1a, los pr\u00f3ximos d\u00edas 14 a 17 de Marzo, se celebrar\u00e1 en Madrid un evento que reunir\u00e1 a los Detectives Privados, Directores de Seguridad y los profesionales de Compliance de distintos pa\u00edses. Junto con destacados miembros del Cuerpo Nacional de Polic\u00eda y la Guardia Civil, la judicatura y otros sectores, el\" \/>\n\t<meta name=\"robots\" content=\"max-image-preview:large\" \/>\n\t<meta name=\"author\" content=\"El Digital de Asturias\"\/>\n\t<meta name=\"google-site-verification\" content=\"UA-38556648-1\" \/>\n\t<meta name=\"msvalidate.01\" content=\"7dfe9f3f1b24437ab69f4f2559babe99\" \/>\n\t<meta name=\"keywords\" content=\"actualidad\" \/>\n\t<link rel=\"canonical\" href=\"https:\/\/www.eldigitaldeasturias.com\/noticias\/encuentro-internacional-formativo-y-de-debate-sobre-investigacion-privada-compliance-y-seguridad\/\" \/>\n\t<meta name=\"generator\" content=\"All in One SEO Pro (AIOSEO) 5.0.1\" \/>\n\t\t<meta property=\"og:locale\" content=\"es_ES\" \/>\n\t\t<meta property=\"og:site_name\" content=\"El Digital de Asturias\" \/>\n\t\t<meta property=\"og:type\" content=\"article\" \/>\n\t\t<meta property=\"og:title\" content=\"Encuentro Internacional Formativo y de Debate sobre Investigaci\u00f3n Privada, Compliance y Seguridad - El Digital de Asturias\" \/>\n\t\t<meta property=\"og:description\" content=\"Por primera vez en Espa\u00f1a, los pr\u00f3ximos d\u00edas 14 a 17 de Marzo, se celebrar\u00e1 en Madrid un evento que reunir\u00e1 a los Detectives Privados, Directores de Seguridad y los profesionales de Compliance de distintos pa\u00edses. Junto con destacados miembros del Cuerpo Nacional de Polic\u00eda y la Guardia Civil, la judicatura y otros sectores, el\" \/>\n\t\t<meta property=\"og:url\" content=\"https:\/\/www.eldigitaldeasturias.com\/noticias\/encuentro-internacional-formativo-y-de-debate-sobre-investigacion-privada-compliance-y-seguridad\/\" \/>\n\t\t<meta property=\"article:tag\" content=\"actualidad\" \/>\n\t\t<meta property=\"article:published_time\" content=\"2018-03-08T20:21:24+00:00\" \/>\n\t\t<meta property=\"article:modified_time\" content=\"2018-03-08T20:21:24+00:00\" \/>\n\t\t<meta property=\"article:publisher\" content=\"https:\/\/facebook.com\/eldigitaldeasturias\" \/>\n\t\t<meta name=\"twitter:card\" content=\"summary_large_image\" \/>\n\t\t<meta name=\"twitter:title\" content=\"Encuentro Internacional Formativo y de Debate sobre Investigaci\u00f3n Privada, Compliance y Seguridad - El Digital de Asturias\" \/>\n\t\t<meta name=\"twitter:description\" content=\"Por primera vez en Espa\u00f1a, los pr\u00f3ximos d\u00edas 14 a 17 de Marzo, se celebrar\u00e1 en Madrid un evento que reunir\u00e1 a los Detectives Privados, Directores de Seguridad y los profesionales de Compliance de distintos pa\u00edses. Junto con destacados miembros del Cuerpo Nacional de Polic\u00eda y la Guardia Civil, la judicatura y otros sectores, el\" \/>\n\t\t<meta name=\"twitter:image\" content=\"https:\/\/www.eldigitaldeasturias.com\/noticias\/wp-content\/uploads\/2020\/12\/EDA-1.jpg\" \/>\n\t\t<meta name=\"twitter:label1\" content=\"Escrito por\" \/>\n\t\t<meta name=\"twitter:data1\" content=\"El Digital de Asturias\" \/>\n\t\t<meta name=\"twitter:label2\" content=\"Tiempo de lectura estimado\" \/>\n\t\t<meta name=\"twitter:data2\" content=\"1 minuto\" \/>\n\t\t<script type=\"application\/ld+json\" class=\"aioseo-schema\">\n\t\t\t{\"@context\":\"https:\\\/\\\/schema.org\",\"@graph\":[{\"@type\":\"BlogPosting\",\"@id\":\"https:\\\/\\\/www.eldigitaldeasturias.com\\\/noticias\\\/encuentro-internacional-formativo-y-de-debate-sobre-investigacion-privada-compliance-y-seguridad\\\/#blogposting\",\"name\":\"Encuentro Internacional Formativo y de Debate sobre Investigaci\\u00f3n Privada, Compliance y Seguridad - El Digital de Asturias\",\"headline\":\"Encuentro Internacional Formativo y de Debate sobre Investigaci\\u00f3n Privada, Compliance y Seguridad\",\"author\":{\"@id\":\"https:\\\/\\\/www.eldigitaldeasturias.com\\\/noticias\\\/author\\\/admin\\\/#author\"},\"publisher\":{\"@id\":\"https:\\\/\\\/www.eldigitaldeasturias.com\\\/noticias\\\/#organization\"},\"image\":{\"@type\":\"ImageObject\",\"url\":971294},\"datePublished\":\"2018-03-08T20:21:24+01:00\",\"dateModified\":\"2018-03-08T20:21:24+01:00\",\"inLanguage\":\"es-ES\",\"mainEntityOfPage\":{\"@id\":\"https:\\\/\\\/www.eldigitaldeasturias.com\\\/noticias\\\/encuentro-internacional-formativo-y-de-debate-sobre-investigacion-privada-compliance-y-seguridad\\\/#webpage\"},\"isPartOf\":{\"@id\":\"https:\\\/\\\/www.eldigitaldeasturias.com\\\/noticias\\\/encuentro-internacional-formativo-y-de-debate-sobre-investigacion-privada-compliance-y-seguridad\\\/#webpage\"},\"articleSection\":\"Actualidad\"},{\"@type\":\"BreadcrumbList\",\"@id\":\"https:\\\/\\\/www.eldigitaldeasturias.com\\\/noticias\\\/encuentro-internacional-formativo-y-de-debate-sobre-investigacion-privada-compliance-y-seguridad\\\/#breadcrumblist\",\"itemListElement\":[{\"@type\":\"ListItem\",\"@id\":\"https:\\\/\\\/www.eldigitaldeasturias.com\\\/noticias#listItem\",\"position\":1,\"name\":\"Home\",\"item\":\"https:\\\/\\\/www.eldigitaldeasturias.com\\\/noticias\",\"nextItem\":{\"@type\":\"ListItem\",\"@id\":\"https:\\\/\\\/www.eldigitaldeasturias.com\\\/noticias\\\/category\\\/actualidad\\\/#listItem\",\"name\":\"Actualidad\"}},{\"@type\":\"ListItem\",\"@id\":\"https:\\\/\\\/www.eldigitaldeasturias.com\\\/noticias\\\/category\\\/actualidad\\\/#listItem\",\"position\":2,\"name\":\"Actualidad\",\"item\":\"https:\\\/\\\/www.eldigitaldeasturias.com\\\/noticias\\\/category\\\/actualidad\\\/\",\"nextItem\":{\"@type\":\"ListItem\",\"@id\":\"https:\\\/\\\/www.eldigitaldeasturias.com\\\/noticias\\\/encuentro-internacional-formativo-y-de-debate-sobre-investigacion-privada-compliance-y-seguridad\\\/#listItem\",\"name\":\"Encuentro Internacional Formativo y de Debate sobre Investigaci\\u00f3n Privada, Compliance y Seguridad\"},\"previousItem\":{\"@type\":\"ListItem\",\"@id\":\"https:\\\/\\\/www.eldigitaldeasturias.com\\\/noticias#listItem\",\"name\":\"Home\"}},{\"@type\":\"ListItem\",\"@id\":\"https:\\\/\\\/www.eldigitaldeasturias.com\\\/noticias\\\/encuentro-internacional-formativo-y-de-debate-sobre-investigacion-privada-compliance-y-seguridad\\\/#listItem\",\"position\":3,\"name\":\"Encuentro Internacional Formativo y de Debate sobre Investigaci\\u00f3n Privada, Compliance y Seguridad\",\"previousItem\":{\"@type\":\"ListItem\",\"@id\":\"https:\\\/\\\/www.eldigitaldeasturias.com\\\/noticias\\\/category\\\/actualidad\\\/#listItem\",\"name\":\"Actualidad\"}}]},{\"@type\":\"Organization\",\"@id\":\"https:\\\/\\\/www.eldigitaldeasturias.com\\\/noticias\\\/#organization\",\"name\":\"El Digital de Asturias\",\"description\":\"Hemeroteca\",\"url\":\"https:\\\/\\\/www.eldigitaldeasturias.com\\\/noticias\\\/\",\"email\":\"info@eldigitaldeasturias.com\",\"telephone\":\"+34652131393\",\"logo\":{\"@type\":\"ImageObject\",\"url\":\"https:\\\/\\\/www.eldigitaldeasturias.com\\\/noticias\\\/wp-content\\\/uploads\\\/2020\\\/12\\\/EDA.jpg\",\"@id\":\"https:\\\/\\\/www.eldigitaldeasturias.com\\\/noticias\\\/encuentro-internacional-formativo-y-de-debate-sobre-investigacion-privada-compliance-y-seguridad\\\/#organizationLogo\"},\"image\":{\"@id\":\"https:\\\/\\\/www.eldigitaldeasturias.com\\\/noticias\\\/encuentro-internacional-formativo-y-de-debate-sobre-investigacion-privada-compliance-y-seguridad\\\/#organizationLogo\"},\"sameAs\":[\"https:\\\/\\\/facebook.com\\\/eldigitaldeasturias\",\"https:\\\/\\\/www.youtube.com\\\/channel\\\/UCZP-2wLEB9Rv6erhFmqVnvg\"],\"address\":{\"@id\":\"https:\\\/\\\/www.eldigitaldeasturias.com\\\/noticias\\\/#postaladdress\",\"@type\":\"PostalAddress\",\"streetAddress\":\"san antonio 4\",\"postalCode\":\"33430\",\"addressLocality\":\"Cand\\u00e1s\",\"addressRegion\":\"Asturias\",\"addressCountry\":\"ES\"}},{\"@type\":\"Person\",\"@id\":\"https:\\\/\\\/www.eldigitaldeasturias.com\\\/noticias\\\/author\\\/admin\\\/#author\",\"url\":\"https:\\\/\\\/www.eldigitaldeasturias.com\\\/noticias\\\/author\\\/admin\\\/\",\"name\":\"El Digital de Asturias\",\"image\":{\"@type\":\"ImageObject\",\"@id\":\"https:\\\/\\\/www.eldigitaldeasturias.com\\\/noticias\\\/encuentro-internacional-formativo-y-de-debate-sobre-investigacion-privada-compliance-y-seguridad\\\/#authorImage\",\"url\":\"https:\\\/\\\/secure.gravatar.com\\\/avatar\\\/df2aeffc32bcd13f8d26072ef8a91b623d677766deac7f97ca815868cd41bf5e?s=96&d=mm&r=g\",\"width\":96,\"height\":96,\"caption\":\"El Digital de Asturias\"}},{\"@type\":\"WebPage\",\"@id\":\"https:\\\/\\\/www.eldigitaldeasturias.com\\\/noticias\\\/encuentro-internacional-formativo-y-de-debate-sobre-investigacion-privada-compliance-y-seguridad\\\/#webpage\",\"url\":\"https:\\\/\\\/www.eldigitaldeasturias.com\\\/noticias\\\/encuentro-internacional-formativo-y-de-debate-sobre-investigacion-privada-compliance-y-seguridad\\\/\",\"name\":\"Encuentro Internacional Formativo y de Debate sobre Investigaci\\u00f3n Privada, Compliance y Seguridad - El Digital de Asturias\",\"description\":\"Por primera vez en Espa\\u00f1a, los pr\\u00f3ximos d\\u00edas 14 a 17 de Marzo, se celebrar\\u00e1 en Madrid un evento que reunir\\u00e1 a los Detectives Privados, Directores de Seguridad y los profesionales de Compliance de distintos pa\\u00edses. Junto con destacados miembros del Cuerpo Nacional de Polic\\u00eda y la Guardia Civil, la judicatura y otros sectores, el\",\"inLanguage\":\"es-ES\",\"isPartOf\":{\"@id\":\"https:\\\/\\\/www.eldigitaldeasturias.com\\\/noticias\\\/#website\"},\"breadcrumb\":{\"@id\":\"https:\\\/\\\/www.eldigitaldeasturias.com\\\/noticias\\\/encuentro-internacional-formativo-y-de-debate-sobre-investigacion-privada-compliance-y-seguridad\\\/#breadcrumblist\"},\"author\":{\"@id\":\"https:\\\/\\\/www.eldigitaldeasturias.com\\\/noticias\\\/author\\\/admin\\\/#author\"},\"creator\":{\"@id\":\"https:\\\/\\\/www.eldigitaldeasturias.com\\\/noticias\\\/author\\\/admin\\\/#author\"},\"image\":{\"@type\":\"ImageObject\",\"url\":971294,\"@id\":\"https:\\\/\\\/www.eldigitaldeasturias.com\\\/noticias\\\/encuentro-internacional-formativo-y-de-debate-sobre-investigacion-privada-compliance-y-seguridad\\\/#mainImage\"},\"primaryImageOfPage\":{\"@id\":\"https:\\\/\\\/www.eldigitaldeasturias.com\\\/noticias\\\/encuentro-internacional-formativo-y-de-debate-sobre-investigacion-privada-compliance-y-seguridad\\\/#mainImage\"},\"datePublished\":\"2018-03-08T20:21:24+01:00\",\"dateModified\":\"2018-03-08T20:21:24+01:00\"},{\"@type\":\"WebSite\",\"@id\":\"https:\\\/\\\/www.eldigitaldeasturias.com\\\/noticias\\\/#website\",\"url\":\"https:\\\/\\\/www.eldigitaldeasturias.com\\\/noticias\\\/\",\"name\":\"El Digital de Asturias - Diario de actualidad y noticias\",\"alternateName\":\"El Digital de Asturias - Diario de actualidad y noticias\",\"description\":\"Hemeroteca\",\"inLanguage\":\"es-ES\",\"publisher\":{\"@id\":\"https:\\\/\\\/www.eldigitaldeasturias.com\\\/noticias\\\/#organization\"}}]}\n\t\t<\/script>\n\t\t<!-- All in One SEO Pro -->\r\n\t\t<title>Encuentro Internacional Formativo y de Debate sobre Investigaci\u00f3n Privada, Compliance y Seguridad - El Digital de Asturias<\/title>\n\n","aioseo_head_json":{"title":"Encuentro Internacional Formativo y de Debate sobre Investigaci\u00f3n Privada, Compliance y Seguridad - El Digital de Asturias","description":"Por primera vez en Espa\u00f1a, los pr\u00f3ximos d\u00edas 14 a 17 de Marzo, se celebrar\u00e1 en Madrid un evento que reunir\u00e1 a los Detectives Privados, Directores de Seguridad y los profesionales de Compliance de distintos pa\u00edses. Junto con destacados miembros del Cuerpo Nacional de Polic\u00eda y la Guardia Civil, la judicatura y otros sectores, el","canonical_url":"https:\/\/www.eldigitaldeasturias.com\/noticias\/encuentro-internacional-formativo-y-de-debate-sobre-investigacion-privada-compliance-y-seguridad\/","robots":"max-image-preview:large","keywords":"actualidad","webmasterTools":{"google-site-verification":"UA-38556648-1","msvalidate.01":"7dfe9f3f1b24437ab69f4f2559babe99","miscellaneous":""},"schema":{"@context":"https:\/\/schema.org","@graph":[{"@type":"BlogPosting","@id":"https:\/\/www.eldigitaldeasturias.com\/noticias\/encuentro-internacional-formativo-y-de-debate-sobre-investigacion-privada-compliance-y-seguridad\/#blogposting","name":"Encuentro Internacional Formativo y de Debate sobre Investigaci\u00f3n Privada, Compliance y Seguridad - El Digital de Asturias","headline":"Encuentro Internacional Formativo y de Debate sobre Investigaci\u00f3n Privada, Compliance y Seguridad","author":{"@id":"https:\/\/www.eldigitaldeasturias.com\/noticias\/author\/admin\/#author"},"publisher":{"@id":"https:\/\/www.eldigitaldeasturias.com\/noticias\/#organization"},"image":{"@type":"ImageObject","url":971294},"datePublished":"2018-03-08T20:21:24+01:00","dateModified":"2018-03-08T20:21:24+01:00","inLanguage":"es-ES","mainEntityOfPage":{"@id":"https:\/\/www.eldigitaldeasturias.com\/noticias\/encuentro-internacional-formativo-y-de-debate-sobre-investigacion-privada-compliance-y-seguridad\/#webpage"},"isPartOf":{"@id":"https:\/\/www.eldigitaldeasturias.com\/noticias\/encuentro-internacional-formativo-y-de-debate-sobre-investigacion-privada-compliance-y-seguridad\/#webpage"},"articleSection":"Actualidad"},{"@type":"BreadcrumbList","@id":"https:\/\/www.eldigitaldeasturias.com\/noticias\/encuentro-internacional-formativo-y-de-debate-sobre-investigacion-privada-compliance-y-seguridad\/#breadcrumblist","itemListElement":[{"@type":"ListItem","@id":"https:\/\/www.eldigitaldeasturias.com\/noticias#listItem","position":1,"name":"Home","item":"https:\/\/www.eldigitaldeasturias.com\/noticias","nextItem":{"@type":"ListItem","@id":"https:\/\/www.eldigitaldeasturias.com\/noticias\/category\/actualidad\/#listItem","name":"Actualidad"}},{"@type":"ListItem","@id":"https:\/\/www.eldigitaldeasturias.com\/noticias\/category\/actualidad\/#listItem","position":2,"name":"Actualidad","item":"https:\/\/www.eldigitaldeasturias.com\/noticias\/category\/actualidad\/","nextItem":{"@type":"ListItem","@id":"https:\/\/www.eldigitaldeasturias.com\/noticias\/encuentro-internacional-formativo-y-de-debate-sobre-investigacion-privada-compliance-y-seguridad\/#listItem","name":"Encuentro Internacional Formativo y de Debate sobre Investigaci\u00f3n Privada, Compliance y Seguridad"},"previousItem":{"@type":"ListItem","@id":"https:\/\/www.eldigitaldeasturias.com\/noticias#listItem","name":"Home"}},{"@type":"ListItem","@id":"https:\/\/www.eldigitaldeasturias.com\/noticias\/encuentro-internacional-formativo-y-de-debate-sobre-investigacion-privada-compliance-y-seguridad\/#listItem","position":3,"name":"Encuentro Internacional Formativo y de Debate sobre Investigaci\u00f3n Privada, Compliance y Seguridad","previousItem":{"@type":"ListItem","@id":"https:\/\/www.eldigitaldeasturias.com\/noticias\/category\/actualidad\/#listItem","name":"Actualidad"}}]},{"@type":"Organization","@id":"https:\/\/www.eldigitaldeasturias.com\/noticias\/#organization","name":"El Digital de Asturias","description":"Hemeroteca","url":"https:\/\/www.eldigitaldeasturias.com\/noticias\/","email":"info@eldigitaldeasturias.com","telephone":"+34652131393","logo":{"@type":"ImageObject","url":"https:\/\/www.eldigitaldeasturias.com\/noticias\/wp-content\/uploads\/2020\/12\/EDA.jpg","@id":"https:\/\/www.eldigitaldeasturias.com\/noticias\/encuentro-internacional-formativo-y-de-debate-sobre-investigacion-privada-compliance-y-seguridad\/#organizationLogo"},"image":{"@id":"https:\/\/www.eldigitaldeasturias.com\/noticias\/encuentro-internacional-formativo-y-de-debate-sobre-investigacion-privada-compliance-y-seguridad\/#organizationLogo"},"sameAs":["https:\/\/facebook.com\/eldigitaldeasturias","https:\/\/www.youtube.com\/channel\/UCZP-2wLEB9Rv6erhFmqVnvg"],"address":{"@id":"https:\/\/www.eldigitaldeasturias.com\/noticias\/#postaladdress","@type":"PostalAddress","streetAddress":"san antonio 4","postalCode":"33430","addressLocality":"Cand\u00e1s","addressRegion":"Asturias","addressCountry":"ES"}},{"@type":"Person","@id":"https:\/\/www.eldigitaldeasturias.com\/noticias\/author\/admin\/#author","url":"https:\/\/www.eldigitaldeasturias.com\/noticias\/author\/admin\/","name":"El Digital de Asturias","image":{"@type":"ImageObject","@id":"https:\/\/www.eldigitaldeasturias.com\/noticias\/encuentro-internacional-formativo-y-de-debate-sobre-investigacion-privada-compliance-y-seguridad\/#authorImage","url":"https:\/\/secure.gravatar.com\/avatar\/df2aeffc32bcd13f8d26072ef8a91b623d677766deac7f97ca815868cd41bf5e?s=96&d=mm&r=g","width":96,"height":96,"caption":"El Digital de Asturias"}},{"@type":"WebPage","@id":"https:\/\/www.eldigitaldeasturias.com\/noticias\/encuentro-internacional-formativo-y-de-debate-sobre-investigacion-privada-compliance-y-seguridad\/#webpage","url":"https:\/\/www.eldigitaldeasturias.com\/noticias\/encuentro-internacional-formativo-y-de-debate-sobre-investigacion-privada-compliance-y-seguridad\/","name":"Encuentro Internacional Formativo y de Debate sobre Investigaci\u00f3n Privada, Compliance y Seguridad - El Digital de Asturias","description":"Por primera vez en Espa\u00f1a, los pr\u00f3ximos d\u00edas 14 a 17 de Marzo, se celebrar\u00e1 en Madrid un evento que reunir\u00e1 a los Detectives Privados, Directores de Seguridad y los profesionales de Compliance de distintos pa\u00edses. Junto con destacados miembros del Cuerpo Nacional de Polic\u00eda y la Guardia Civil, la judicatura y otros sectores, el","inLanguage":"es-ES","isPartOf":{"@id":"https:\/\/www.eldigitaldeasturias.com\/noticias\/#website"},"breadcrumb":{"@id":"https:\/\/www.eldigitaldeasturias.com\/noticias\/encuentro-internacional-formativo-y-de-debate-sobre-investigacion-privada-compliance-y-seguridad\/#breadcrumblist"},"author":{"@id":"https:\/\/www.eldigitaldeasturias.com\/noticias\/author\/admin\/#author"},"creator":{"@id":"https:\/\/www.eldigitaldeasturias.com\/noticias\/author\/admin\/#author"},"image":{"@type":"ImageObject","url":971294,"@id":"https:\/\/www.eldigitaldeasturias.com\/noticias\/encuentro-internacional-formativo-y-de-debate-sobre-investigacion-privada-compliance-y-seguridad\/#mainImage"},"primaryImageOfPage":{"@id":"https:\/\/www.eldigitaldeasturias.com\/noticias\/encuentro-internacional-formativo-y-de-debate-sobre-investigacion-privada-compliance-y-seguridad\/#mainImage"},"datePublished":"2018-03-08T20:21:24+01:00","dateModified":"2018-03-08T20:21:24+01:00"},{"@type":"WebSite","@id":"https:\/\/www.eldigitaldeasturias.com\/noticias\/#website","url":"https:\/\/www.eldigitaldeasturias.com\/noticias\/","name":"El Digital de Asturias - Diario de actualidad y noticias","alternateName":"El Digital de Asturias - Diario de actualidad y noticias","description":"Hemeroteca","inLanguage":"es-ES","publisher":{"@id":"https:\/\/www.eldigitaldeasturias.com\/noticias\/#organization"}}]},"og:locale":"es_ES","og:site_name":"El Digital de Asturias","og:type":"article","og:title":"Encuentro Internacional Formativo y de Debate sobre Investigaci\u00f3n Privada, Compliance y Seguridad - El Digital de Asturias","og:description":"Por primera vez en Espa\u00f1a, los pr\u00f3ximos d\u00edas 14 a 17 de Marzo, se celebrar\u00e1 en Madrid un evento que reunir\u00e1 a los Detectives Privados, Directores de Seguridad y los profesionales de Compliance de distintos pa\u00edses. Junto con destacados miembros del Cuerpo Nacional de Polic\u00eda y la Guardia Civil, la judicatura y otros sectores, el","og:url":"https:\/\/www.eldigitaldeasturias.com\/noticias\/encuentro-internacional-formativo-y-de-debate-sobre-investigacion-privada-compliance-y-seguridad\/","article:tag":["actualidad"],"article:published_time":"2018-03-08T20:21:24+00:00","article:modified_time":"2018-03-08T20:21:24+00:00","article:publisher":"https:\/\/facebook.com\/eldigitaldeasturias","twitter:card":"summary_large_image","twitter:title":"Encuentro Internacional Formativo y de Debate sobre Investigaci\u00f3n Privada, Compliance y Seguridad - El Digital de Asturias","twitter:description":"Por primera vez en Espa\u00f1a, los pr\u00f3ximos d\u00edas 14 a 17 de Marzo, se celebrar\u00e1 en Madrid un evento que reunir\u00e1 a los Detectives Privados, Directores de Seguridad y los profesionales de Compliance de distintos pa\u00edses. Junto con destacados miembros del Cuerpo Nacional de Polic\u00eda y la Guardia Civil, la judicatura y otros sectores, el","twitter:image":"https:\/\/www.eldigitaldeasturias.com\/noticias\/wp-content\/uploads\/2020\/12\/EDA-1.jpg","twitter:label1":"Escrito por","twitter:data1":"El Digital de Asturias","twitter:label2":"Tiempo de lectura estimado","twitter:data2":"1 minuto"},"aioseo_meta_data":{"post_id":"971293","title":null,"description":null,"keywords":null,"keyphrases":null,"primary_term":null,"canonical_url":null,"og_title":null,"og_description":null,"og_object_type":"default","og_image_type":"default","og_image_url":null,"og_image_width":null,"og_image_height":null,"og_image_custom_url":null,"og_image_custom_fields":null,"og_video":null,"og_custom_url":null,"og_article_section":null,"og_article_tags":null,"twitter_use_og":false,"twitter_card":"default","twitter_image_type":"default","twitter_image_url":null,"twitter_image_custom_url":null,"twitter_image_custom_fields":null,"twitter_title":null,"twitter_description":null,"schema":{"blockGraphs":[],"customGraphs":[],"default":{"data":{"Article":[],"Course":[],"Dataset":[],"FAQPage":[],"Movie":[],"Person":[],"Product":[],"ProductReview":[],"Car":[],"Recipe":[],"Service":[],"SoftwareApplication":[],"WebPage":[]},"graphName":"","isEnabled":true},"graphs":[],"defaultGraph":"","defaultPostTypeGraph":""},"schema_type":null,"schema_type_options":null,"pillar_content":false,"robots_default":true,"robots_noindex":false,"robots_noarchive":false,"robots_nosnippet":false,"robots_nofollow":false,"robots_noimageindex":false,"robots_noodp":false,"robots_notranslate":false,"robots_max_snippet":null,"robots_max_videopreview":null,"robots_max_imagepreview":"large","priority":null,"frequency":null,"local_seo":null,"seo_analyzer_scan_date":"2025-10-07 08:37:59","breadcrumb_settings":null,"limit_modified_date":false,"open_ai":null,"ai":null,"created":"2020-12-21 12:22:37","updated":"2025-10-07 08:37:59","focus_keyword":null,"additional_keywords":null,"truseo_locale":null},"aioseo_breadcrumb":"<div class=\"aioseo-breadcrumbs\"><span class=\"aioseo-breadcrumb\">\n\t<a href=\"https:\/\/www.eldigitaldeasturias.com\/noticias\" title=\"Home\">Home<\/a>\n<\/span><span class=\"aioseo-breadcrumb-separator\">\u2013<\/span><span class=\"aioseo-breadcrumb\">\n\t<a href=\"https:\/\/www.eldigitaldeasturias.com\/noticias\/category\/actualidad\/\" title=\"Actualidad\">Actualidad<\/a>\n<\/span><span class=\"aioseo-breadcrumb-separator\">\u2013<\/span><span class=\"aioseo-breadcrumb\">\n\t<a href=\"https:\/\/www.eldigitaldeasturias.com\/noticias\/encuentro-internacional-formativo-y-de-debate-sobre-investigacion-privada-compliance-y-seguridad\/\" title=\"Encuentro Internacional Formativo y de Debate sobre Investigaci\u00f3n Privada, Compliance y Seguridad\">Encuentro Internacional Formativo y de Debate sobre Investigaci\u00f3n Privada, Compliance y Seguridad<\/a>\n<\/span><\/div>","aioseo_breadcrumb_json":[{"label":"Home","link":"https:\/\/www.eldigitaldeasturias.com\/noticias"},{"label":"Actualidad","link":"https:\/\/www.eldigitaldeasturias.com\/noticias\/category\/actualidad\/"},{"label":"Encuentro Internacional Formativo y de Debate sobre Investigaci\u00f3n Privada, Compliance y Seguridad","link":"https:\/\/www.eldigitaldeasturias.com\/noticias\/encuentro-internacional-formativo-y-de-debate-sobre-investigacion-privada-compliance-y-seguridad\/"}],"_links":{"self":[{"href":"https:\/\/www.eldigitaldeasturias.com\/noticias\/wp-json\/wp\/v2\/posts\/971293","targetHints":{"allow":["GET"]}}],"collection":[{"href":"https:\/\/www.eldigitaldeasturias.com\/noticias\/wp-json\/wp\/v2\/posts"}],"about":[{"href":"https:\/\/www.eldigitaldeasturias.com\/noticias\/wp-json\/wp\/v2\/types\/post"}],"author":[{"embeddable":true,"href":"https:\/\/www.eldigitaldeasturias.com\/noticias\/wp-json\/wp\/v2\/users\/1"}],"replies":[{"embeddable":true,"href":"https:\/\/www.eldigitaldeasturias.com\/noticias\/wp-json\/wp\/v2\/comments?post=971293"}],"version-history":[{"count":0,"href":"https:\/\/www.eldigitaldeasturias.com\/noticias\/wp-json\/wp\/v2\/posts\/971293\/revisions"}],"wp:attachment":[{"href":"https:\/\/www.eldigitaldeasturias.com\/noticias\/wp-json\/wp\/v2\/media?parent=971293"}],"wp:term":[{"taxonomy":"category","embeddable":true,"href":"https:\/\/www.eldigitaldeasturias.com\/noticias\/wp-json\/wp\/v2\/categories?post=971293"},{"taxonomy":"post_tag","embeddable":true,"href":"https:\/\/www.eldigitaldeasturias.com\/noticias\/wp-json\/wp\/v2\/tags?post=971293"}],"curies":[{"name":"wp","href":"https:\/\/api.w.org\/{rel}","templated":true}]}}