{"id":971081,"date":"2018-03-05T21:13:16","date_gmt":"2018-03-05T21:13:16","guid":{"rendered":"http:\/\/www.eldigitaldeasturias.com\/noticias\/?p=971081"},"modified":"2018-03-05T21:13:16","modified_gmt":"2018-03-05T21:13:16","slug":"inauguracion-en-guadalajara-de-la-exposicion-once-de-marzo","status":"publish","type":"post","link":"https:\/\/www.eldigitaldeasturias.com\/noticias\/inauguracion-en-guadalajara-de-la-exposicion-once-de-marzo\/","title":{"rendered":"Inauguraci\u00f3n en Guadalajara de la exposici\u00f3n \u00abOnce de marzo\u00bb"},"content":{"rendered":"<p><img loading=\"lazy\" decoding=\"async\" class=\"alignleft size-medium wp-image-971082\" src=\"https:\/\/www.eldigitaldeasturias.com\/noticias\/wp-content\/uploads\/2018\/03\/050318-Zoido-360x239.jpg\" alt=\"\" width=\"360\" height=\"239\" \/>En la inauguraci\u00f3n en Guadalajara de la exposici\u00f3n \u00abOnce de marzo\u00bb, el ministro del Interior, Juan Ignacio Zoido, ha se\u00f1alado que \u00abla respuesta que debemos dar al terrorismo debe ser global y transversal, no \u00fanicamente policial y judicial, y para ello las v\u00edctimas est\u00e1n llamadas a ser protagonistas\u00bb.<\/p>\n<p>El ministro del Interior ha inaugurado esta ma\u00f1ana en Guadalajara la exposici\u00f3n \u00abOnce de Marzo\u00bb, un espacio de encuentro y memoria en el 14\u00ba aniversario de los atentados del 11-M, en los que 193 personas fueron asesinadas. En este marco, Zoido ha subrayado que \u00abcualquier recuerdo y homenaje que brindemos a las v\u00edctimas del terrorismo es importante\u00bb y que \u00abdesde el arte, podemos sensibilizar, concienciar y ayudar a cumplir los compromisos de memoria, dignidad, verdad y justicia\u00bb.<\/p>\n<p>La exposici\u00f3n conmemorativa, obra del artista valenciano Eduardo Nave, ha sido organizada por la Fundaci\u00f3n Centro Memorial de las V\u00edctimas del Terrorismo, la Fundaci\u00f3n V\u00edctimas del Terrorismo y el Ayuntamiento de Guadalajara. Tambi\u00e9n cuenta con la colaboraci\u00f3n de la Asociaci\u00f3n 11M Afectados por el Terrorismo y la Asociaci\u00f3n Ayuda 11M, y estar\u00e1 abierta en la capital alcarre\u00f1a hasta el 18 de marzo de 2018.<\/p>\n<p>En su intervenci\u00f3n, el ministro del Interior ha recordado que el derecho a la memoria para las v\u00edctimas est\u00e1 consagrado en la Ley de Reconocimiento y Protecci\u00f3n Integral a las V\u00edctimas del Terrorismo y ha afirmado que s\u00f3lo a trav\u00e9s de ese reconocimiento \u00abse puede construir una sociedad con unos cimientos s\u00f3lidos y anclados en el respeto a los derechos fundamentales m\u00e1s b\u00e1sicos: la vida, la libertad y la seguridad\u00bb.<\/p>\n<p>Juan Ignacio Zoido ha estado acompa\u00f1ado en la inauguraci\u00f3n, entre otros, por la directora general de Apoyo a V\u00edctimas del Terrorismo, Sonia Ramos; el director del Centro Memorial de la V\u00edctimas del Terrorismo, Florencio Dom\u00ednguez; y la presidenta de la Fundaci\u00f3n V\u00edctimas del Terrorismo, Mar\u00eda del Mar Blanco.<\/p>\n<p>Durante el acto y junto a todos ellos, el ministro del Interior ha recordado el olivo plantado junto a las asociaciones de v\u00edctimas el pasado viernes en el Ministerio del Interior, un \u00abgesto de compromiso y unidad\u00bb, un \u00e1rbol que representa \u00abla paz, la fuerza, la esperanza y la resurrecci\u00f3n\u00bb, y ha recalcado que \u00abrecordar es mucho m\u00e1s que un acto de respeto, es un ejercicio de justicia y de dignidad, una exigencia \u00e9tica por los valores que encarnan las v\u00edctimas del terrorismo\u00bb.<\/p>\n","protected":false},"excerpt":{"rendered":"<p>En la inauguraci\u00f3n en Guadalajara de la exposici\u00f3n \u00abOnce de marzo\u00bb, el ministro del Interior, Juan Ignacio Zoido, ha se\u00f1alado que \u00abla respuesta que debemos dar al terrorismo debe ser global y transversal, no \u00fanicamente policial y judicial, y para ello las v\u00edctimas est\u00e1n llamadas a ser protagonistas\u00bb. El ministro del Interior ha inaugurado esta [&hellip;]<\/p>\n","protected":false},"author":1,"featured_media":971082,"comment_status":"closed","ping_status":"closed","sticky":false,"template":"","format":"standard","meta":{"footnotes":""},"categories":[1],"tags":[],"class_list":["post-971081","post","type-post","status-publish","format-standard","has-post-thumbnail","hentry","category-actualidad"],"aioseo_notices":[],"aioseo_head":"\n\t\t<!-- All in One SEO Pro 5.0.1 - aioseo.com -->\n\t<meta name=\"description\" content=\"En la inauguraci\u00f3n en Guadalajara de la exposici\u00f3n &quot;Once de marzo&quot;, el ministro del Interior, Juan Ignacio Zoido, ha se\u00f1alado que &quot;la respuesta que debemos dar al terrorismo debe ser global y transversal, no \u00fanicamente policial y judicial, y para ello las v\u00edctimas est\u00e1n llamadas a ser protagonistas&quot;. El ministro del Interior ha inaugurado esta\" \/>\n\t<meta name=\"robots\" content=\"max-image-preview:large\" \/>\n\t<meta name=\"author\" content=\"El Digital de Asturias\"\/>\n\t<meta name=\"google-site-verification\" content=\"UA-38556648-1\" \/>\n\t<meta name=\"msvalidate.01\" content=\"7dfe9f3f1b24437ab69f4f2559babe99\" \/>\n\t<meta name=\"keywords\" content=\"actualidad\" \/>\n\t<link rel=\"canonical\" href=\"https:\/\/www.eldigitaldeasturias.com\/noticias\/inauguracion-en-guadalajara-de-la-exposicion-once-de-marzo\/\" \/>\n\t<meta name=\"generator\" content=\"All in One SEO Pro (AIOSEO) 5.0.1\" \/>\n\t\t<meta property=\"og:locale\" content=\"es_ES\" \/>\n\t\t<meta property=\"og:site_name\" content=\"El Digital de Asturias\" \/>\n\t\t<meta property=\"og:type\" content=\"article\" \/>\n\t\t<meta property=\"og:title\" content=\"Inauguraci\u00f3n en Guadalajara de la exposici\u00f3n \u00abOnce de marzo\u00bb - El Digital de Asturias\" \/>\n\t\t<meta property=\"og:description\" content=\"En la inauguraci\u00f3n en Guadalajara de la exposici\u00f3n &quot;Once de marzo&quot;, el ministro del Interior, Juan Ignacio Zoido, ha se\u00f1alado que &quot;la respuesta que debemos dar al terrorismo debe ser global y transversal, no \u00fanicamente policial y judicial, y para ello las v\u00edctimas est\u00e1n llamadas a ser protagonistas&quot;. El ministro del Interior ha inaugurado esta\" \/>\n\t\t<meta property=\"og:url\" content=\"https:\/\/www.eldigitaldeasturias.com\/noticias\/inauguracion-en-guadalajara-de-la-exposicion-once-de-marzo\/\" \/>\n\t\t<meta property=\"article:tag\" content=\"actualidad\" \/>\n\t\t<meta property=\"article:published_time\" content=\"2018-03-05T21:13:16+00:00\" \/>\n\t\t<meta property=\"article:modified_time\" content=\"2018-03-05T21:13:16+00:00\" \/>\n\t\t<meta property=\"article:publisher\" content=\"https:\/\/facebook.com\/eldigitaldeasturias\" \/>\n\t\t<meta name=\"twitter:card\" content=\"summary_large_image\" \/>\n\t\t<meta name=\"twitter:title\" content=\"Inauguraci\u00f3n en Guadalajara de la exposici\u00f3n \u00abOnce de marzo\u00bb - El Digital de Asturias\" \/>\n\t\t<meta name=\"twitter:description\" content=\"En la inauguraci\u00f3n en Guadalajara de la exposici\u00f3n &quot;Once de marzo&quot;, el ministro del Interior, Juan Ignacio Zoido, ha se\u00f1alado que &quot;la respuesta que debemos dar al terrorismo debe ser global y transversal, no \u00fanicamente policial y judicial, y para ello las v\u00edctimas est\u00e1n llamadas a ser protagonistas&quot;. El ministro del Interior ha inaugurado esta\" \/>\n\t\t<meta name=\"twitter:image\" content=\"https:\/\/www.eldigitaldeasturias.com\/noticias\/wp-content\/uploads\/2020\/12\/EDA-1.jpg\" \/>\n\t\t<meta name=\"twitter:label1\" content=\"Escrito por\" \/>\n\t\t<meta name=\"twitter:data1\" content=\"El Digital de Asturias\" \/>\n\t\t<meta name=\"twitter:label2\" content=\"Tiempo de lectura estimado\" \/>\n\t\t<meta name=\"twitter:data2\" content=\"2 minutos\" \/>\n\t\t<script type=\"application\/ld+json\" class=\"aioseo-schema\">\n\t\t\t{\"@context\":\"https:\\\/\\\/schema.org\",\"@graph\":[{\"@type\":\"BlogPosting\",\"@id\":\"https:\\\/\\\/www.eldigitaldeasturias.com\\\/noticias\\\/inauguracion-en-guadalajara-de-la-exposicion-once-de-marzo\\\/#blogposting\",\"name\":\"Inauguraci\\u00f3n en Guadalajara de la exposici\\u00f3n \\u00abOnce de marzo\\u00bb - El Digital de Asturias\",\"headline\":\"Inauguraci\\u00f3n en Guadalajara de la exposici\\u00f3n \\u00abOnce de marzo\\u00bb\",\"author\":{\"@id\":\"https:\\\/\\\/www.eldigitaldeasturias.com\\\/noticias\\\/author\\\/admin\\\/#author\"},\"publisher\":{\"@id\":\"https:\\\/\\\/www.eldigitaldeasturias.com\\\/noticias\\\/#organization\"},\"image\":{\"@type\":\"ImageObject\",\"url\":971082},\"datePublished\":\"2018-03-05T21:13:16+01:00\",\"dateModified\":\"2018-03-05T21:13:16+01:00\",\"inLanguage\":\"es-ES\",\"mainEntityOfPage\":{\"@id\":\"https:\\\/\\\/www.eldigitaldeasturias.com\\\/noticias\\\/inauguracion-en-guadalajara-de-la-exposicion-once-de-marzo\\\/#webpage\"},\"isPartOf\":{\"@id\":\"https:\\\/\\\/www.eldigitaldeasturias.com\\\/noticias\\\/inauguracion-en-guadalajara-de-la-exposicion-once-de-marzo\\\/#webpage\"},\"articleSection\":\"Actualidad\"},{\"@type\":\"BreadcrumbList\",\"@id\":\"https:\\\/\\\/www.eldigitaldeasturias.com\\\/noticias\\\/inauguracion-en-guadalajara-de-la-exposicion-once-de-marzo\\\/#breadcrumblist\",\"itemListElement\":[{\"@type\":\"ListItem\",\"@id\":\"https:\\\/\\\/www.eldigitaldeasturias.com\\\/noticias#listItem\",\"position\":1,\"name\":\"Home\",\"item\":\"https:\\\/\\\/www.eldigitaldeasturias.com\\\/noticias\",\"nextItem\":{\"@type\":\"ListItem\",\"@id\":\"https:\\\/\\\/www.eldigitaldeasturias.com\\\/noticias\\\/category\\\/actualidad\\\/#listItem\",\"name\":\"Actualidad\"}},{\"@type\":\"ListItem\",\"@id\":\"https:\\\/\\\/www.eldigitaldeasturias.com\\\/noticias\\\/category\\\/actualidad\\\/#listItem\",\"position\":2,\"name\":\"Actualidad\",\"item\":\"https:\\\/\\\/www.eldigitaldeasturias.com\\\/noticias\\\/category\\\/actualidad\\\/\",\"nextItem\":{\"@type\":\"ListItem\",\"@id\":\"https:\\\/\\\/www.eldigitaldeasturias.com\\\/noticias\\\/inauguracion-en-guadalajara-de-la-exposicion-once-de-marzo\\\/#listItem\",\"name\":\"Inauguraci\\u00f3n en Guadalajara de la exposici\\u00f3n \\u00abOnce de marzo\\u00bb\"},\"previousItem\":{\"@type\":\"ListItem\",\"@id\":\"https:\\\/\\\/www.eldigitaldeasturias.com\\\/noticias#listItem\",\"name\":\"Home\"}},{\"@type\":\"ListItem\",\"@id\":\"https:\\\/\\\/www.eldigitaldeasturias.com\\\/noticias\\\/inauguracion-en-guadalajara-de-la-exposicion-once-de-marzo\\\/#listItem\",\"position\":3,\"name\":\"Inauguraci\\u00f3n en Guadalajara de la exposici\\u00f3n \\u00abOnce de marzo\\u00bb\",\"previousItem\":{\"@type\":\"ListItem\",\"@id\":\"https:\\\/\\\/www.eldigitaldeasturias.com\\\/noticias\\\/category\\\/actualidad\\\/#listItem\",\"name\":\"Actualidad\"}}]},{\"@type\":\"Organization\",\"@id\":\"https:\\\/\\\/www.eldigitaldeasturias.com\\\/noticias\\\/#organization\",\"name\":\"El Digital de Asturias\",\"description\":\"Hemeroteca\",\"url\":\"https:\\\/\\\/www.eldigitaldeasturias.com\\\/noticias\\\/\",\"email\":\"info@eldigitaldeasturias.com\",\"telephone\":\"+34652131393\",\"logo\":{\"@type\":\"ImageObject\",\"url\":\"https:\\\/\\\/www.eldigitaldeasturias.com\\\/noticias\\\/wp-content\\\/uploads\\\/2020\\\/12\\\/EDA.jpg\",\"@id\":\"https:\\\/\\\/www.eldigitaldeasturias.com\\\/noticias\\\/inauguracion-en-guadalajara-de-la-exposicion-once-de-marzo\\\/#organizationLogo\"},\"image\":{\"@id\":\"https:\\\/\\\/www.eldigitaldeasturias.com\\\/noticias\\\/inauguracion-en-guadalajara-de-la-exposicion-once-de-marzo\\\/#organizationLogo\"},\"sameAs\":[\"https:\\\/\\\/facebook.com\\\/eldigitaldeasturias\",\"https:\\\/\\\/www.youtube.com\\\/channel\\\/UCZP-2wLEB9Rv6erhFmqVnvg\"],\"address\":{\"@id\":\"https:\\\/\\\/www.eldigitaldeasturias.com\\\/noticias\\\/#postaladdress\",\"@type\":\"PostalAddress\",\"streetAddress\":\"san antonio 4\",\"postalCode\":\"33430\",\"addressLocality\":\"Cand\\u00e1s\",\"addressRegion\":\"Asturias\",\"addressCountry\":\"ES\"}},{\"@type\":\"Person\",\"@id\":\"https:\\\/\\\/www.eldigitaldeasturias.com\\\/noticias\\\/author\\\/admin\\\/#author\",\"url\":\"https:\\\/\\\/www.eldigitaldeasturias.com\\\/noticias\\\/author\\\/admin\\\/\",\"name\":\"El Digital de Asturias\",\"image\":{\"@type\":\"ImageObject\",\"@id\":\"https:\\\/\\\/www.eldigitaldeasturias.com\\\/noticias\\\/inauguracion-en-guadalajara-de-la-exposicion-once-de-marzo\\\/#authorImage\",\"url\":\"https:\\\/\\\/secure.gravatar.com\\\/avatar\\\/df2aeffc32bcd13f8d26072ef8a91b623d677766deac7f97ca815868cd41bf5e?s=96&d=mm&r=g\",\"width\":96,\"height\":96,\"caption\":\"El Digital de Asturias\"}},{\"@type\":\"WebPage\",\"@id\":\"https:\\\/\\\/www.eldigitaldeasturias.com\\\/noticias\\\/inauguracion-en-guadalajara-de-la-exposicion-once-de-marzo\\\/#webpage\",\"url\":\"https:\\\/\\\/www.eldigitaldeasturias.com\\\/noticias\\\/inauguracion-en-guadalajara-de-la-exposicion-once-de-marzo\\\/\",\"name\":\"Inauguraci\\u00f3n en Guadalajara de la exposici\\u00f3n \\u00abOnce de marzo\\u00bb - El Digital de Asturias\",\"description\":\"En la inauguraci\\u00f3n en Guadalajara de la exposici\\u00f3n \\\"Once de marzo\\\", el ministro del Interior, Juan Ignacio Zoido, ha se\\u00f1alado que \\\"la respuesta que debemos dar al terrorismo debe ser global y transversal, no \\u00fanicamente policial y judicial, y para ello las v\\u00edctimas est\\u00e1n llamadas a ser protagonistas\\\". El ministro del Interior ha inaugurado esta\",\"inLanguage\":\"es-ES\",\"isPartOf\":{\"@id\":\"https:\\\/\\\/www.eldigitaldeasturias.com\\\/noticias\\\/#website\"},\"breadcrumb\":{\"@id\":\"https:\\\/\\\/www.eldigitaldeasturias.com\\\/noticias\\\/inauguracion-en-guadalajara-de-la-exposicion-once-de-marzo\\\/#breadcrumblist\"},\"author\":{\"@id\":\"https:\\\/\\\/www.eldigitaldeasturias.com\\\/noticias\\\/author\\\/admin\\\/#author\"},\"creator\":{\"@id\":\"https:\\\/\\\/www.eldigitaldeasturias.com\\\/noticias\\\/author\\\/admin\\\/#author\"},\"image\":{\"@type\":\"ImageObject\",\"url\":971082,\"@id\":\"https:\\\/\\\/www.eldigitaldeasturias.com\\\/noticias\\\/inauguracion-en-guadalajara-de-la-exposicion-once-de-marzo\\\/#mainImage\"},\"primaryImageOfPage\":{\"@id\":\"https:\\\/\\\/www.eldigitaldeasturias.com\\\/noticias\\\/inauguracion-en-guadalajara-de-la-exposicion-once-de-marzo\\\/#mainImage\"},\"datePublished\":\"2018-03-05T21:13:16+01:00\",\"dateModified\":\"2018-03-05T21:13:16+01:00\"},{\"@type\":\"WebSite\",\"@id\":\"https:\\\/\\\/www.eldigitaldeasturias.com\\\/noticias\\\/#website\",\"url\":\"https:\\\/\\\/www.eldigitaldeasturias.com\\\/noticias\\\/\",\"name\":\"El Digital de Asturias - Diario de actualidad y noticias\",\"alternateName\":\"El Digital de Asturias - Diario de actualidad y noticias\",\"description\":\"Hemeroteca\",\"inLanguage\":\"es-ES\",\"publisher\":{\"@id\":\"https:\\\/\\\/www.eldigitaldeasturias.com\\\/noticias\\\/#organization\"}}]}\n\t\t<\/script>\n\t\t<!-- All in One SEO Pro -->\r\n\t\t<title>Inauguraci\u00f3n en Guadalajara de la exposici\u00f3n \u00abOnce de marzo\u00bb - El Digital de Asturias<\/title>\n\n","aioseo_head_json":{"title":"Inauguraci\u00f3n en Guadalajara de la exposici\u00f3n \u00abOnce de marzo\u00bb - El Digital de Asturias","description":"En la inauguraci\u00f3n en Guadalajara de la exposici\u00f3n \"Once de marzo\", el ministro del Interior, Juan Ignacio Zoido, ha se\u00f1alado que \"la respuesta que debemos dar al terrorismo debe ser global y transversal, no \u00fanicamente policial y judicial, y para ello las v\u00edctimas est\u00e1n llamadas a ser protagonistas\". El ministro del Interior ha inaugurado esta","canonical_url":"https:\/\/www.eldigitaldeasturias.com\/noticias\/inauguracion-en-guadalajara-de-la-exposicion-once-de-marzo\/","robots":"max-image-preview:large","keywords":"actualidad","webmasterTools":{"google-site-verification":"UA-38556648-1","msvalidate.01":"7dfe9f3f1b24437ab69f4f2559babe99","miscellaneous":""},"schema":{"@context":"https:\/\/schema.org","@graph":[{"@type":"BlogPosting","@id":"https:\/\/www.eldigitaldeasturias.com\/noticias\/inauguracion-en-guadalajara-de-la-exposicion-once-de-marzo\/#blogposting","name":"Inauguraci\u00f3n en Guadalajara de la exposici\u00f3n \u00abOnce de marzo\u00bb - El Digital de Asturias","headline":"Inauguraci\u00f3n en Guadalajara de la exposici\u00f3n \u00abOnce de marzo\u00bb","author":{"@id":"https:\/\/www.eldigitaldeasturias.com\/noticias\/author\/admin\/#author"},"publisher":{"@id":"https:\/\/www.eldigitaldeasturias.com\/noticias\/#organization"},"image":{"@type":"ImageObject","url":971082},"datePublished":"2018-03-05T21:13:16+01:00","dateModified":"2018-03-05T21:13:16+01:00","inLanguage":"es-ES","mainEntityOfPage":{"@id":"https:\/\/www.eldigitaldeasturias.com\/noticias\/inauguracion-en-guadalajara-de-la-exposicion-once-de-marzo\/#webpage"},"isPartOf":{"@id":"https:\/\/www.eldigitaldeasturias.com\/noticias\/inauguracion-en-guadalajara-de-la-exposicion-once-de-marzo\/#webpage"},"articleSection":"Actualidad"},{"@type":"BreadcrumbList","@id":"https:\/\/www.eldigitaldeasturias.com\/noticias\/inauguracion-en-guadalajara-de-la-exposicion-once-de-marzo\/#breadcrumblist","itemListElement":[{"@type":"ListItem","@id":"https:\/\/www.eldigitaldeasturias.com\/noticias#listItem","position":1,"name":"Home","item":"https:\/\/www.eldigitaldeasturias.com\/noticias","nextItem":{"@type":"ListItem","@id":"https:\/\/www.eldigitaldeasturias.com\/noticias\/category\/actualidad\/#listItem","name":"Actualidad"}},{"@type":"ListItem","@id":"https:\/\/www.eldigitaldeasturias.com\/noticias\/category\/actualidad\/#listItem","position":2,"name":"Actualidad","item":"https:\/\/www.eldigitaldeasturias.com\/noticias\/category\/actualidad\/","nextItem":{"@type":"ListItem","@id":"https:\/\/www.eldigitaldeasturias.com\/noticias\/inauguracion-en-guadalajara-de-la-exposicion-once-de-marzo\/#listItem","name":"Inauguraci\u00f3n en Guadalajara de la exposici\u00f3n \u00abOnce de marzo\u00bb"},"previousItem":{"@type":"ListItem","@id":"https:\/\/www.eldigitaldeasturias.com\/noticias#listItem","name":"Home"}},{"@type":"ListItem","@id":"https:\/\/www.eldigitaldeasturias.com\/noticias\/inauguracion-en-guadalajara-de-la-exposicion-once-de-marzo\/#listItem","position":3,"name":"Inauguraci\u00f3n en Guadalajara de la exposici\u00f3n \u00abOnce de marzo\u00bb","previousItem":{"@type":"ListItem","@id":"https:\/\/www.eldigitaldeasturias.com\/noticias\/category\/actualidad\/#listItem","name":"Actualidad"}}]},{"@type":"Organization","@id":"https:\/\/www.eldigitaldeasturias.com\/noticias\/#organization","name":"El Digital de Asturias","description":"Hemeroteca","url":"https:\/\/www.eldigitaldeasturias.com\/noticias\/","email":"info@eldigitaldeasturias.com","telephone":"+34652131393","logo":{"@type":"ImageObject","url":"https:\/\/www.eldigitaldeasturias.com\/noticias\/wp-content\/uploads\/2020\/12\/EDA.jpg","@id":"https:\/\/www.eldigitaldeasturias.com\/noticias\/inauguracion-en-guadalajara-de-la-exposicion-once-de-marzo\/#organizationLogo"},"image":{"@id":"https:\/\/www.eldigitaldeasturias.com\/noticias\/inauguracion-en-guadalajara-de-la-exposicion-once-de-marzo\/#organizationLogo"},"sameAs":["https:\/\/facebook.com\/eldigitaldeasturias","https:\/\/www.youtube.com\/channel\/UCZP-2wLEB9Rv6erhFmqVnvg"],"address":{"@id":"https:\/\/www.eldigitaldeasturias.com\/noticias\/#postaladdress","@type":"PostalAddress","streetAddress":"san antonio 4","postalCode":"33430","addressLocality":"Cand\u00e1s","addressRegion":"Asturias","addressCountry":"ES"}},{"@type":"Person","@id":"https:\/\/www.eldigitaldeasturias.com\/noticias\/author\/admin\/#author","url":"https:\/\/www.eldigitaldeasturias.com\/noticias\/author\/admin\/","name":"El Digital de Asturias","image":{"@type":"ImageObject","@id":"https:\/\/www.eldigitaldeasturias.com\/noticias\/inauguracion-en-guadalajara-de-la-exposicion-once-de-marzo\/#authorImage","url":"https:\/\/secure.gravatar.com\/avatar\/df2aeffc32bcd13f8d26072ef8a91b623d677766deac7f97ca815868cd41bf5e?s=96&d=mm&r=g","width":96,"height":96,"caption":"El Digital de Asturias"}},{"@type":"WebPage","@id":"https:\/\/www.eldigitaldeasturias.com\/noticias\/inauguracion-en-guadalajara-de-la-exposicion-once-de-marzo\/#webpage","url":"https:\/\/www.eldigitaldeasturias.com\/noticias\/inauguracion-en-guadalajara-de-la-exposicion-once-de-marzo\/","name":"Inauguraci\u00f3n en Guadalajara de la exposici\u00f3n \u00abOnce de marzo\u00bb - El Digital de Asturias","description":"En la inauguraci\u00f3n en Guadalajara de la exposici\u00f3n \"Once de marzo\", el ministro del Interior, Juan Ignacio Zoido, ha se\u00f1alado que \"la respuesta que debemos dar al terrorismo debe ser global y transversal, no \u00fanicamente policial y judicial, y para ello las v\u00edctimas est\u00e1n llamadas a ser protagonistas\". El ministro del Interior ha inaugurado esta","inLanguage":"es-ES","isPartOf":{"@id":"https:\/\/www.eldigitaldeasturias.com\/noticias\/#website"},"breadcrumb":{"@id":"https:\/\/www.eldigitaldeasturias.com\/noticias\/inauguracion-en-guadalajara-de-la-exposicion-once-de-marzo\/#breadcrumblist"},"author":{"@id":"https:\/\/www.eldigitaldeasturias.com\/noticias\/author\/admin\/#author"},"creator":{"@id":"https:\/\/www.eldigitaldeasturias.com\/noticias\/author\/admin\/#author"},"image":{"@type":"ImageObject","url":971082,"@id":"https:\/\/www.eldigitaldeasturias.com\/noticias\/inauguracion-en-guadalajara-de-la-exposicion-once-de-marzo\/#mainImage"},"primaryImageOfPage":{"@id":"https:\/\/www.eldigitaldeasturias.com\/noticias\/inauguracion-en-guadalajara-de-la-exposicion-once-de-marzo\/#mainImage"},"datePublished":"2018-03-05T21:13:16+01:00","dateModified":"2018-03-05T21:13:16+01:00"},{"@type":"WebSite","@id":"https:\/\/www.eldigitaldeasturias.com\/noticias\/#website","url":"https:\/\/www.eldigitaldeasturias.com\/noticias\/","name":"El Digital de Asturias - Diario de actualidad y noticias","alternateName":"El Digital de Asturias - Diario de actualidad y noticias","description":"Hemeroteca","inLanguage":"es-ES","publisher":{"@id":"https:\/\/www.eldigitaldeasturias.com\/noticias\/#organization"}}]},"og:locale":"es_ES","og:site_name":"El Digital de Asturias","og:type":"article","og:title":"Inauguraci\u00f3n en Guadalajara de la exposici\u00f3n \u00abOnce de marzo\u00bb - El Digital de Asturias","og:description":"En la inauguraci\u00f3n en Guadalajara de la exposici\u00f3n &quot;Once de marzo&quot;, el ministro del Interior, Juan Ignacio Zoido, ha se\u00f1alado que &quot;la respuesta que debemos dar al terrorismo debe ser global y transversal, no \u00fanicamente policial y judicial, y para ello las v\u00edctimas est\u00e1n llamadas a ser protagonistas&quot;. El ministro del Interior ha inaugurado esta","og:url":"https:\/\/www.eldigitaldeasturias.com\/noticias\/inauguracion-en-guadalajara-de-la-exposicion-once-de-marzo\/","article:tag":["actualidad"],"article:published_time":"2018-03-05T21:13:16+00:00","article:modified_time":"2018-03-05T21:13:16+00:00","article:publisher":"https:\/\/facebook.com\/eldigitaldeasturias","twitter:card":"summary_large_image","twitter:title":"Inauguraci\u00f3n en Guadalajara de la exposici\u00f3n \u00abOnce de marzo\u00bb - El Digital de Asturias","twitter:description":"En la inauguraci\u00f3n en Guadalajara de la exposici\u00f3n &quot;Once de marzo&quot;, el ministro del Interior, Juan Ignacio Zoido, ha se\u00f1alado que &quot;la respuesta que debemos dar al terrorismo debe ser global y transversal, no \u00fanicamente policial y judicial, y para ello las v\u00edctimas est\u00e1n llamadas a ser protagonistas&quot;. El ministro del Interior ha inaugurado esta","twitter:image":"https:\/\/www.eldigitaldeasturias.com\/noticias\/wp-content\/uploads\/2020\/12\/EDA-1.jpg","twitter:label1":"Escrito por","twitter:data1":"El Digital de Asturias","twitter:label2":"Tiempo de lectura estimado","twitter:data2":"2 minutos"},"aioseo_meta_data":{"post_id":"971081","title":null,"description":null,"keywords":null,"keyphrases":null,"primary_term":null,"canonical_url":null,"og_title":null,"og_description":null,"og_object_type":"default","og_image_type":"default","og_image_url":null,"og_image_width":null,"og_image_height":null,"og_image_custom_url":null,"og_image_custom_fields":null,"og_video":null,"og_custom_url":null,"og_article_section":null,"og_article_tags":null,"twitter_use_og":false,"twitter_card":"default","twitter_image_type":"default","twitter_image_url":null,"twitter_image_custom_url":null,"twitter_image_custom_fields":null,"twitter_title":null,"twitter_description":null,"schema":{"blockGraphs":[],"customGraphs":[],"default":{"data":{"Article":[],"Course":[],"Dataset":[],"FAQPage":[],"Movie":[],"Person":[],"Product":[],"ProductReview":[],"Car":[],"Recipe":[],"Service":[],"SoftwareApplication":[],"WebPage":[]},"graphName":"","isEnabled":true},"graphs":[],"defaultGraph":"","defaultPostTypeGraph":""},"schema_type":null,"schema_type_options":null,"pillar_content":false,"robots_default":true,"robots_noindex":false,"robots_noarchive":false,"robots_nosnippet":false,"robots_nofollow":false,"robots_noimageindex":false,"robots_noodp":false,"robots_notranslate":false,"robots_max_snippet":null,"robots_max_videopreview":null,"robots_max_imagepreview":"large","priority":null,"frequency":null,"local_seo":null,"seo_analyzer_scan_date":"2025-10-07 07:58:11","breadcrumb_settings":null,"limit_modified_date":false,"open_ai":null,"ai":null,"created":"2020-12-21 12:22:38","updated":"2025-10-07 07:58:11","focus_keyword":null,"additional_keywords":null,"truseo_locale":null},"aioseo_breadcrumb":"<div class=\"aioseo-breadcrumbs\"><span class=\"aioseo-breadcrumb\">\n\t<a href=\"https:\/\/www.eldigitaldeasturias.com\/noticias\" title=\"Home\">Home<\/a>\n<\/span><span class=\"aioseo-breadcrumb-separator\">\u2013<\/span><span class=\"aioseo-breadcrumb\">\n\t<a href=\"https:\/\/www.eldigitaldeasturias.com\/noticias\/category\/actualidad\/\" title=\"Actualidad\">Actualidad<\/a>\n<\/span><span class=\"aioseo-breadcrumb-separator\">\u2013<\/span><span class=\"aioseo-breadcrumb\">\n\t<a href=\"https:\/\/www.eldigitaldeasturias.com\/noticias\/inauguracion-en-guadalajara-de-la-exposicion-once-de-marzo\/\" title=\"Inauguraci\u00f3n en Guadalajara de la exposici\u00f3n \u00abOnce de marzo\u00bb\">Inauguraci\u00f3n en Guadalajara de la exposici\u00f3n \u00abOnce de marzo\u00bb<\/a>\n<\/span><\/div>","aioseo_breadcrumb_json":[{"label":"Home","link":"https:\/\/www.eldigitaldeasturias.com\/noticias"},{"label":"Actualidad","link":"https:\/\/www.eldigitaldeasturias.com\/noticias\/category\/actualidad\/"},{"label":"Inauguraci\u00f3n en Guadalajara de la exposici\u00f3n \u00abOnce de marzo\u00bb","link":"https:\/\/www.eldigitaldeasturias.com\/noticias\/inauguracion-en-guadalajara-de-la-exposicion-once-de-marzo\/"}],"_links":{"self":[{"href":"https:\/\/www.eldigitaldeasturias.com\/noticias\/wp-json\/wp\/v2\/posts\/971081","targetHints":{"allow":["GET"]}}],"collection":[{"href":"https:\/\/www.eldigitaldeasturias.com\/noticias\/wp-json\/wp\/v2\/posts"}],"about":[{"href":"https:\/\/www.eldigitaldeasturias.com\/noticias\/wp-json\/wp\/v2\/types\/post"}],"author":[{"embeddable":true,"href":"https:\/\/www.eldigitaldeasturias.com\/noticias\/wp-json\/wp\/v2\/users\/1"}],"replies":[{"embeddable":true,"href":"https:\/\/www.eldigitaldeasturias.com\/noticias\/wp-json\/wp\/v2\/comments?post=971081"}],"version-history":[{"count":0,"href":"https:\/\/www.eldigitaldeasturias.com\/noticias\/wp-json\/wp\/v2\/posts\/971081\/revisions"}],"wp:attachment":[{"href":"https:\/\/www.eldigitaldeasturias.com\/noticias\/wp-json\/wp\/v2\/media?parent=971081"}],"wp:term":[{"taxonomy":"category","embeddable":true,"href":"https:\/\/www.eldigitaldeasturias.com\/noticias\/wp-json\/wp\/v2\/categories?post=971081"},{"taxonomy":"post_tag","embeddable":true,"href":"https:\/\/www.eldigitaldeasturias.com\/noticias\/wp-json\/wp\/v2\/tags?post=971081"}],"curies":[{"name":"wp","href":"https:\/\/api.w.org\/{rel}","templated":true}]}}