{"id":971000,"date":"2018-03-04T17:30:19","date_gmt":"2018-03-04T17:30:19","guid":{"rendered":"http:\/\/www.eldigitaldeasturias.com\/noticias\/?p=971000"},"modified":"2018-03-04T17:30:19","modified_gmt":"2018-03-04T17:30:19","slug":"espana-condena-el-atentado-terrorista-en-burkina-faso","status":"publish","type":"post","link":"https:\/\/www.eldigitaldeasturias.com\/noticias\/espana-condena-el-atentado-terrorista-en-burkina-faso\/","title":{"rendered":"Espa\u00f1a condena el atentado terrorista en Burkina Faso"},"content":{"rendered":"<p><img loading=\"lazy\" decoding=\"async\" class=\"alignleft size-medium wp-image-958670\" src=\"https:\/\/www.eldigitaldeasturias.com\/noticias\/wp-content\/uploads\/2017\/11\/Exteriores2_Interior-360x239.jpg\" alt=\"\" width=\"360\" height=\"239\" \/>El Gobierno de Espa\u00f1a condena con la m\u00e1s absoluta firmeza el ataque terrorista que tuvo lugar ayer en el coraz\u00f3n de Uagadugu, capital de Burkina Faso, contra la sede del Estado Mayor del Ej\u00e9rcito burkin\u00e9s y la Embajada de Francia.<\/p>\n<p>\u200bEl Gobierno de Espa\u00f1a desea expresar sus m\u00e1s sinceras condolencias a las familias de las v\u00edctimas y una r\u00e1pida y completa recuperaci\u00f3n a los heridos. El Gobierno de Espa\u00f1a traslada, en su nombre y en el de todo el pueblo espa\u00f1ol, su solidaridad con el pueblo y las autoridades de Burkina Faso en estos tristes y dif\u00edciles momentos.<\/p>\n<p>El Gobierno manifiesta su total rechazo a este vil acto dirigido contra Burkina Faso y contra Francia, dos pa\u00edses amigos con los que Espa\u00f1a mantiene una estrecha y fruct\u00edfera colaboraci\u00f3n en la lucha contra el terrorismo. Espa\u00f1a desea reiterar su firme compromiso con ambos, as\u00ed como con el resto de los pa\u00edses del Sahel, en esta lucha contra los que intentan acabar con la vida y las libertades de nuestros ciudadanos.<\/p>\n","protected":false},"excerpt":{"rendered":"<p>El Gobierno de Espa\u00f1a condena con la m\u00e1s absoluta firmeza el ataque terrorista que tuvo lugar ayer en el coraz\u00f3n de Uagadugu, capital de Burkina Faso, contra la sede del Estado Mayor del Ej\u00e9rcito burkin\u00e9s y la Embajada de Francia. \u200bEl Gobierno de Espa\u00f1a desea expresar sus m\u00e1s sinceras condolencias a las familias de las [&hellip;]<\/p>\n","protected":false},"author":1,"featured_media":958670,"comment_status":"closed","ping_status":"closed","sticky":false,"template":"","format":"standard","meta":{"footnotes":""},"categories":[1],"tags":[],"class_list":["post-971000","post","type-post","status-publish","format-standard","has-post-thumbnail","hentry","category-actualidad"],"aioseo_notices":[],"aioseo_head":"\n\t\t<!-- All in One SEO Pro 5.0.1 - aioseo.com -->\n\t<meta name=\"description\" content=\"El Gobierno de Espa\u00f1a condena con la m\u00e1s absoluta firmeza el ataque terrorista que tuvo lugar ayer en el coraz\u00f3n de Uagadugu, capital de Burkina Faso, contra la sede del Estado Mayor del Ej\u00e9rcito burkin\u00e9s y la Embajada de Francia. \u200bEl Gobierno de Espa\u00f1a desea expresar sus m\u00e1s sinceras condolencias a las familias de las\" \/>\n\t<meta name=\"robots\" content=\"max-image-preview:large\" \/>\n\t<meta name=\"author\" content=\"El Digital de Asturias\"\/>\n\t<meta name=\"google-site-verification\" content=\"UA-38556648-1\" \/>\n\t<meta name=\"msvalidate.01\" content=\"7dfe9f3f1b24437ab69f4f2559babe99\" \/>\n\t<meta name=\"keywords\" content=\"actualidad\" \/>\n\t<link rel=\"canonical\" href=\"https:\/\/www.eldigitaldeasturias.com\/noticias\/espana-condena-el-atentado-terrorista-en-burkina-faso\/\" \/>\n\t<meta name=\"generator\" content=\"All in One SEO Pro (AIOSEO) 5.0.1\" \/>\n\t\t<meta property=\"og:locale\" content=\"es_ES\" \/>\n\t\t<meta property=\"og:site_name\" content=\"El Digital de Asturias\" \/>\n\t\t<meta property=\"og:type\" content=\"article\" \/>\n\t\t<meta property=\"og:title\" content=\"Espa\u00f1a condena el atentado terrorista en Burkina Faso - El Digital de Asturias\" \/>\n\t\t<meta property=\"og:description\" content=\"El Gobierno de Espa\u00f1a condena con la m\u00e1s absoluta firmeza el ataque terrorista que tuvo lugar ayer en el coraz\u00f3n de Uagadugu, capital de Burkina Faso, contra la sede del Estado Mayor del Ej\u00e9rcito burkin\u00e9s y la Embajada de Francia. \u200bEl Gobierno de Espa\u00f1a desea expresar sus m\u00e1s sinceras condolencias a las familias de las\" \/>\n\t\t<meta property=\"og:url\" content=\"https:\/\/www.eldigitaldeasturias.com\/noticias\/espana-condena-el-atentado-terrorista-en-burkina-faso\/\" \/>\n\t\t<meta property=\"article:tag\" content=\"actualidad\" \/>\n\t\t<meta property=\"article:published_time\" content=\"2018-03-04T17:30:19+00:00\" \/>\n\t\t<meta property=\"article:modified_time\" content=\"2018-03-04T17:30:19+00:00\" \/>\n\t\t<meta property=\"article:publisher\" content=\"https:\/\/facebook.com\/eldigitaldeasturias\" \/>\n\t\t<meta name=\"twitter:card\" content=\"summary_large_image\" \/>\n\t\t<meta name=\"twitter:title\" content=\"Espa\u00f1a condena el atentado terrorista en Burkina Faso - El Digital de Asturias\" \/>\n\t\t<meta name=\"twitter:description\" content=\"El Gobierno de Espa\u00f1a condena con la m\u00e1s absoluta firmeza el ataque terrorista que tuvo lugar ayer en el coraz\u00f3n de Uagadugu, capital de Burkina Faso, contra la sede del Estado Mayor del Ej\u00e9rcito burkin\u00e9s y la Embajada de Francia. \u200bEl Gobierno de Espa\u00f1a desea expresar sus m\u00e1s sinceras condolencias a las familias de las\" \/>\n\t\t<meta name=\"twitter:image\" content=\"https:\/\/www.eldigitaldeasturias.com\/noticias\/wp-content\/uploads\/2020\/12\/EDA-1.jpg\" \/>\n\t\t<meta name=\"twitter:label1\" content=\"Escrito por\" \/>\n\t\t<meta name=\"twitter:data1\" content=\"El Digital de Asturias\" \/>\n\t\t<meta name=\"twitter:label2\" content=\"Tiempo de lectura estimado\" \/>\n\t\t<meta name=\"twitter:data2\" content=\"1 minuto\" \/>\n\t\t<script type=\"application\/ld+json\" class=\"aioseo-schema\">\n\t\t\t{\"@context\":\"https:\\\/\\\/schema.org\",\"@graph\":[{\"@type\":\"BlogPosting\",\"@id\":\"https:\\\/\\\/www.eldigitaldeasturias.com\\\/noticias\\\/espana-condena-el-atentado-terrorista-en-burkina-faso\\\/#blogposting\",\"name\":\"Espa\\u00f1a condena el atentado terrorista en Burkina Faso - El Digital de Asturias\",\"headline\":\"Espa\\u00f1a condena el atentado terrorista en Burkina Faso\",\"author\":{\"@id\":\"https:\\\/\\\/www.eldigitaldeasturias.com\\\/noticias\\\/author\\\/admin\\\/#author\"},\"publisher\":{\"@id\":\"https:\\\/\\\/www.eldigitaldeasturias.com\\\/noticias\\\/#organization\"},\"image\":{\"@type\":\"ImageObject\",\"url\":958670},\"datePublished\":\"2018-03-04T17:30:19+01:00\",\"dateModified\":\"2018-03-04T17:30:19+01:00\",\"inLanguage\":\"es-ES\",\"mainEntityOfPage\":{\"@id\":\"https:\\\/\\\/www.eldigitaldeasturias.com\\\/noticias\\\/espana-condena-el-atentado-terrorista-en-burkina-faso\\\/#webpage\"},\"isPartOf\":{\"@id\":\"https:\\\/\\\/www.eldigitaldeasturias.com\\\/noticias\\\/espana-condena-el-atentado-terrorista-en-burkina-faso\\\/#webpage\"},\"articleSection\":\"Actualidad\"},{\"@type\":\"BreadcrumbList\",\"@id\":\"https:\\\/\\\/www.eldigitaldeasturias.com\\\/noticias\\\/espana-condena-el-atentado-terrorista-en-burkina-faso\\\/#breadcrumblist\",\"itemListElement\":[{\"@type\":\"ListItem\",\"@id\":\"https:\\\/\\\/www.eldigitaldeasturias.com\\\/noticias#listItem\",\"position\":1,\"name\":\"Home\",\"item\":\"https:\\\/\\\/www.eldigitaldeasturias.com\\\/noticias\",\"nextItem\":{\"@type\":\"ListItem\",\"@id\":\"https:\\\/\\\/www.eldigitaldeasturias.com\\\/noticias\\\/category\\\/actualidad\\\/#listItem\",\"name\":\"Actualidad\"}},{\"@type\":\"ListItem\",\"@id\":\"https:\\\/\\\/www.eldigitaldeasturias.com\\\/noticias\\\/category\\\/actualidad\\\/#listItem\",\"position\":2,\"name\":\"Actualidad\",\"item\":\"https:\\\/\\\/www.eldigitaldeasturias.com\\\/noticias\\\/category\\\/actualidad\\\/\",\"nextItem\":{\"@type\":\"ListItem\",\"@id\":\"https:\\\/\\\/www.eldigitaldeasturias.com\\\/noticias\\\/espana-condena-el-atentado-terrorista-en-burkina-faso\\\/#listItem\",\"name\":\"Espa\\u00f1a condena el atentado terrorista en Burkina Faso\"},\"previousItem\":{\"@type\":\"ListItem\",\"@id\":\"https:\\\/\\\/www.eldigitaldeasturias.com\\\/noticias#listItem\",\"name\":\"Home\"}},{\"@type\":\"ListItem\",\"@id\":\"https:\\\/\\\/www.eldigitaldeasturias.com\\\/noticias\\\/espana-condena-el-atentado-terrorista-en-burkina-faso\\\/#listItem\",\"position\":3,\"name\":\"Espa\\u00f1a condena el atentado terrorista en Burkina Faso\",\"previousItem\":{\"@type\":\"ListItem\",\"@id\":\"https:\\\/\\\/www.eldigitaldeasturias.com\\\/noticias\\\/category\\\/actualidad\\\/#listItem\",\"name\":\"Actualidad\"}}]},{\"@type\":\"Organization\",\"@id\":\"https:\\\/\\\/www.eldigitaldeasturias.com\\\/noticias\\\/#organization\",\"name\":\"El Digital de Asturias\",\"description\":\"Hemeroteca\",\"url\":\"https:\\\/\\\/www.eldigitaldeasturias.com\\\/noticias\\\/\",\"email\":\"info@eldigitaldeasturias.com\",\"telephone\":\"+34652131393\",\"logo\":{\"@type\":\"ImageObject\",\"url\":\"https:\\\/\\\/www.eldigitaldeasturias.com\\\/noticias\\\/wp-content\\\/uploads\\\/2020\\\/12\\\/EDA.jpg\",\"@id\":\"https:\\\/\\\/www.eldigitaldeasturias.com\\\/noticias\\\/espana-condena-el-atentado-terrorista-en-burkina-faso\\\/#organizationLogo\"},\"image\":{\"@id\":\"https:\\\/\\\/www.eldigitaldeasturias.com\\\/noticias\\\/espana-condena-el-atentado-terrorista-en-burkina-faso\\\/#organizationLogo\"},\"sameAs\":[\"https:\\\/\\\/facebook.com\\\/eldigitaldeasturias\",\"https:\\\/\\\/www.youtube.com\\\/channel\\\/UCZP-2wLEB9Rv6erhFmqVnvg\"],\"address\":{\"@id\":\"https:\\\/\\\/www.eldigitaldeasturias.com\\\/noticias\\\/#postaladdress\",\"@type\":\"PostalAddress\",\"streetAddress\":\"san antonio 4\",\"postalCode\":\"33430\",\"addressLocality\":\"Cand\\u00e1s\",\"addressRegion\":\"Asturias\",\"addressCountry\":\"ES\"}},{\"@type\":\"Person\",\"@id\":\"https:\\\/\\\/www.eldigitaldeasturias.com\\\/noticias\\\/author\\\/admin\\\/#author\",\"url\":\"https:\\\/\\\/www.eldigitaldeasturias.com\\\/noticias\\\/author\\\/admin\\\/\",\"name\":\"El Digital de Asturias\",\"image\":{\"@type\":\"ImageObject\",\"@id\":\"https:\\\/\\\/www.eldigitaldeasturias.com\\\/noticias\\\/espana-condena-el-atentado-terrorista-en-burkina-faso\\\/#authorImage\",\"url\":\"https:\\\/\\\/secure.gravatar.com\\\/avatar\\\/df2aeffc32bcd13f8d26072ef8a91b623d677766deac7f97ca815868cd41bf5e?s=96&d=mm&r=g\",\"width\":96,\"height\":96,\"caption\":\"El Digital de Asturias\"}},{\"@type\":\"WebPage\",\"@id\":\"https:\\\/\\\/www.eldigitaldeasturias.com\\\/noticias\\\/espana-condena-el-atentado-terrorista-en-burkina-faso\\\/#webpage\",\"url\":\"https:\\\/\\\/www.eldigitaldeasturias.com\\\/noticias\\\/espana-condena-el-atentado-terrorista-en-burkina-faso\\\/\",\"name\":\"Espa\\u00f1a condena el atentado terrorista en Burkina Faso - El Digital de Asturias\",\"description\":\"El Gobierno de Espa\\u00f1a condena con la m\\u00e1s absoluta firmeza el ataque terrorista que tuvo lugar ayer en el coraz\\u00f3n de Uagadugu, capital de Burkina Faso, contra la sede del Estado Mayor del Ej\\u00e9rcito burkin\\u00e9s y la Embajada de Francia. \\u200bEl Gobierno de Espa\\u00f1a desea expresar sus m\\u00e1s sinceras condolencias a las familias de las\",\"inLanguage\":\"es-ES\",\"isPartOf\":{\"@id\":\"https:\\\/\\\/www.eldigitaldeasturias.com\\\/noticias\\\/#website\"},\"breadcrumb\":{\"@id\":\"https:\\\/\\\/www.eldigitaldeasturias.com\\\/noticias\\\/espana-condena-el-atentado-terrorista-en-burkina-faso\\\/#breadcrumblist\"},\"author\":{\"@id\":\"https:\\\/\\\/www.eldigitaldeasturias.com\\\/noticias\\\/author\\\/admin\\\/#author\"},\"creator\":{\"@id\":\"https:\\\/\\\/www.eldigitaldeasturias.com\\\/noticias\\\/author\\\/admin\\\/#author\"},\"image\":{\"@type\":\"ImageObject\",\"url\":958670,\"@id\":\"https:\\\/\\\/www.eldigitaldeasturias.com\\\/noticias\\\/espana-condena-el-atentado-terrorista-en-burkina-faso\\\/#mainImage\"},\"primaryImageOfPage\":{\"@id\":\"https:\\\/\\\/www.eldigitaldeasturias.com\\\/noticias\\\/espana-condena-el-atentado-terrorista-en-burkina-faso\\\/#mainImage\"},\"datePublished\":\"2018-03-04T17:30:19+01:00\",\"dateModified\":\"2018-03-04T17:30:19+01:00\"},{\"@type\":\"WebSite\",\"@id\":\"https:\\\/\\\/www.eldigitaldeasturias.com\\\/noticias\\\/#website\",\"url\":\"https:\\\/\\\/www.eldigitaldeasturias.com\\\/noticias\\\/\",\"name\":\"El Digital de Asturias - Diario de actualidad y noticias\",\"alternateName\":\"El Digital de Asturias - Diario de actualidad y noticias\",\"description\":\"Hemeroteca\",\"inLanguage\":\"es-ES\",\"publisher\":{\"@id\":\"https:\\\/\\\/www.eldigitaldeasturias.com\\\/noticias\\\/#organization\"}}]}\n\t\t<\/script>\n\t\t<!-- All in One SEO Pro -->\r\n\t\t<title>Espa\u00f1a condena el atentado terrorista en Burkina Faso - El Digital de Asturias<\/title>\n\n","aioseo_head_json":{"title":"Espa\u00f1a condena el atentado terrorista en Burkina Faso - El Digital de Asturias","description":"El Gobierno de Espa\u00f1a condena con la m\u00e1s absoluta firmeza el ataque terrorista que tuvo lugar ayer en el coraz\u00f3n de Uagadugu, capital de Burkina Faso, contra la sede del Estado Mayor del Ej\u00e9rcito burkin\u00e9s y la Embajada de Francia. \u200bEl Gobierno de Espa\u00f1a desea expresar sus m\u00e1s sinceras condolencias a las familias de las","canonical_url":"https:\/\/www.eldigitaldeasturias.com\/noticias\/espana-condena-el-atentado-terrorista-en-burkina-faso\/","robots":"max-image-preview:large","keywords":"actualidad","webmasterTools":{"google-site-verification":"UA-38556648-1","msvalidate.01":"7dfe9f3f1b24437ab69f4f2559babe99","miscellaneous":""},"schema":{"@context":"https:\/\/schema.org","@graph":[{"@type":"BlogPosting","@id":"https:\/\/www.eldigitaldeasturias.com\/noticias\/espana-condena-el-atentado-terrorista-en-burkina-faso\/#blogposting","name":"Espa\u00f1a condena el atentado terrorista en Burkina Faso - El Digital de Asturias","headline":"Espa\u00f1a condena el atentado terrorista en Burkina Faso","author":{"@id":"https:\/\/www.eldigitaldeasturias.com\/noticias\/author\/admin\/#author"},"publisher":{"@id":"https:\/\/www.eldigitaldeasturias.com\/noticias\/#organization"},"image":{"@type":"ImageObject","url":958670},"datePublished":"2018-03-04T17:30:19+01:00","dateModified":"2018-03-04T17:30:19+01:00","inLanguage":"es-ES","mainEntityOfPage":{"@id":"https:\/\/www.eldigitaldeasturias.com\/noticias\/espana-condena-el-atentado-terrorista-en-burkina-faso\/#webpage"},"isPartOf":{"@id":"https:\/\/www.eldigitaldeasturias.com\/noticias\/espana-condena-el-atentado-terrorista-en-burkina-faso\/#webpage"},"articleSection":"Actualidad"},{"@type":"BreadcrumbList","@id":"https:\/\/www.eldigitaldeasturias.com\/noticias\/espana-condena-el-atentado-terrorista-en-burkina-faso\/#breadcrumblist","itemListElement":[{"@type":"ListItem","@id":"https:\/\/www.eldigitaldeasturias.com\/noticias#listItem","position":1,"name":"Home","item":"https:\/\/www.eldigitaldeasturias.com\/noticias","nextItem":{"@type":"ListItem","@id":"https:\/\/www.eldigitaldeasturias.com\/noticias\/category\/actualidad\/#listItem","name":"Actualidad"}},{"@type":"ListItem","@id":"https:\/\/www.eldigitaldeasturias.com\/noticias\/category\/actualidad\/#listItem","position":2,"name":"Actualidad","item":"https:\/\/www.eldigitaldeasturias.com\/noticias\/category\/actualidad\/","nextItem":{"@type":"ListItem","@id":"https:\/\/www.eldigitaldeasturias.com\/noticias\/espana-condena-el-atentado-terrorista-en-burkina-faso\/#listItem","name":"Espa\u00f1a condena el atentado terrorista en Burkina Faso"},"previousItem":{"@type":"ListItem","@id":"https:\/\/www.eldigitaldeasturias.com\/noticias#listItem","name":"Home"}},{"@type":"ListItem","@id":"https:\/\/www.eldigitaldeasturias.com\/noticias\/espana-condena-el-atentado-terrorista-en-burkina-faso\/#listItem","position":3,"name":"Espa\u00f1a condena el atentado terrorista en Burkina Faso","previousItem":{"@type":"ListItem","@id":"https:\/\/www.eldigitaldeasturias.com\/noticias\/category\/actualidad\/#listItem","name":"Actualidad"}}]},{"@type":"Organization","@id":"https:\/\/www.eldigitaldeasturias.com\/noticias\/#organization","name":"El Digital de Asturias","description":"Hemeroteca","url":"https:\/\/www.eldigitaldeasturias.com\/noticias\/","email":"info@eldigitaldeasturias.com","telephone":"+34652131393","logo":{"@type":"ImageObject","url":"https:\/\/www.eldigitaldeasturias.com\/noticias\/wp-content\/uploads\/2020\/12\/EDA.jpg","@id":"https:\/\/www.eldigitaldeasturias.com\/noticias\/espana-condena-el-atentado-terrorista-en-burkina-faso\/#organizationLogo"},"image":{"@id":"https:\/\/www.eldigitaldeasturias.com\/noticias\/espana-condena-el-atentado-terrorista-en-burkina-faso\/#organizationLogo"},"sameAs":["https:\/\/facebook.com\/eldigitaldeasturias","https:\/\/www.youtube.com\/channel\/UCZP-2wLEB9Rv6erhFmqVnvg"],"address":{"@id":"https:\/\/www.eldigitaldeasturias.com\/noticias\/#postaladdress","@type":"PostalAddress","streetAddress":"san antonio 4","postalCode":"33430","addressLocality":"Cand\u00e1s","addressRegion":"Asturias","addressCountry":"ES"}},{"@type":"Person","@id":"https:\/\/www.eldigitaldeasturias.com\/noticias\/author\/admin\/#author","url":"https:\/\/www.eldigitaldeasturias.com\/noticias\/author\/admin\/","name":"El Digital de Asturias","image":{"@type":"ImageObject","@id":"https:\/\/www.eldigitaldeasturias.com\/noticias\/espana-condena-el-atentado-terrorista-en-burkina-faso\/#authorImage","url":"https:\/\/secure.gravatar.com\/avatar\/df2aeffc32bcd13f8d26072ef8a91b623d677766deac7f97ca815868cd41bf5e?s=96&d=mm&r=g","width":96,"height":96,"caption":"El Digital de Asturias"}},{"@type":"WebPage","@id":"https:\/\/www.eldigitaldeasturias.com\/noticias\/espana-condena-el-atentado-terrorista-en-burkina-faso\/#webpage","url":"https:\/\/www.eldigitaldeasturias.com\/noticias\/espana-condena-el-atentado-terrorista-en-burkina-faso\/","name":"Espa\u00f1a condena el atentado terrorista en Burkina Faso - El Digital de Asturias","description":"El Gobierno de Espa\u00f1a condena con la m\u00e1s absoluta firmeza el ataque terrorista que tuvo lugar ayer en el coraz\u00f3n de Uagadugu, capital de Burkina Faso, contra la sede del Estado Mayor del Ej\u00e9rcito burkin\u00e9s y la Embajada de Francia. \u200bEl Gobierno de Espa\u00f1a desea expresar sus m\u00e1s sinceras condolencias a las familias de las","inLanguage":"es-ES","isPartOf":{"@id":"https:\/\/www.eldigitaldeasturias.com\/noticias\/#website"},"breadcrumb":{"@id":"https:\/\/www.eldigitaldeasturias.com\/noticias\/espana-condena-el-atentado-terrorista-en-burkina-faso\/#breadcrumblist"},"author":{"@id":"https:\/\/www.eldigitaldeasturias.com\/noticias\/author\/admin\/#author"},"creator":{"@id":"https:\/\/www.eldigitaldeasturias.com\/noticias\/author\/admin\/#author"},"image":{"@type":"ImageObject","url":958670,"@id":"https:\/\/www.eldigitaldeasturias.com\/noticias\/espana-condena-el-atentado-terrorista-en-burkina-faso\/#mainImage"},"primaryImageOfPage":{"@id":"https:\/\/www.eldigitaldeasturias.com\/noticias\/espana-condena-el-atentado-terrorista-en-burkina-faso\/#mainImage"},"datePublished":"2018-03-04T17:30:19+01:00","dateModified":"2018-03-04T17:30:19+01:00"},{"@type":"WebSite","@id":"https:\/\/www.eldigitaldeasturias.com\/noticias\/#website","url":"https:\/\/www.eldigitaldeasturias.com\/noticias\/","name":"El Digital de Asturias - Diario de actualidad y noticias","alternateName":"El Digital de Asturias - Diario de actualidad y noticias","description":"Hemeroteca","inLanguage":"es-ES","publisher":{"@id":"https:\/\/www.eldigitaldeasturias.com\/noticias\/#organization"}}]},"og:locale":"es_ES","og:site_name":"El Digital de Asturias","og:type":"article","og:title":"Espa\u00f1a condena el atentado terrorista en Burkina Faso - El Digital de Asturias","og:description":"El Gobierno de Espa\u00f1a condena con la m\u00e1s absoluta firmeza el ataque terrorista que tuvo lugar ayer en el coraz\u00f3n de Uagadugu, capital de Burkina Faso, contra la sede del Estado Mayor del Ej\u00e9rcito burkin\u00e9s y la Embajada de Francia. \u200bEl Gobierno de Espa\u00f1a desea expresar sus m\u00e1s sinceras condolencias a las familias de las","og:url":"https:\/\/www.eldigitaldeasturias.com\/noticias\/espana-condena-el-atentado-terrorista-en-burkina-faso\/","article:tag":["actualidad"],"article:published_time":"2018-03-04T17:30:19+00:00","article:modified_time":"2018-03-04T17:30:19+00:00","article:publisher":"https:\/\/facebook.com\/eldigitaldeasturias","twitter:card":"summary_large_image","twitter:title":"Espa\u00f1a condena el atentado terrorista en Burkina Faso - El Digital de Asturias","twitter:description":"El Gobierno de Espa\u00f1a condena con la m\u00e1s absoluta firmeza el ataque terrorista que tuvo lugar ayer en el coraz\u00f3n de Uagadugu, capital de Burkina Faso, contra la sede del Estado Mayor del Ej\u00e9rcito burkin\u00e9s y la Embajada de Francia. \u200bEl Gobierno de Espa\u00f1a desea expresar sus m\u00e1s sinceras condolencias a las familias de las","twitter:image":"https:\/\/www.eldigitaldeasturias.com\/noticias\/wp-content\/uploads\/2020\/12\/EDA-1.jpg","twitter:label1":"Escrito por","twitter:data1":"El Digital de Asturias","twitter:label2":"Tiempo de lectura estimado","twitter:data2":"1 minuto"},"aioseo_meta_data":{"post_id":"971000","title":null,"description":null,"keywords":null,"keyphrases":null,"primary_term":null,"canonical_url":null,"og_title":null,"og_description":null,"og_object_type":"default","og_image_type":"default","og_image_url":null,"og_image_width":null,"og_image_height":null,"og_image_custom_url":null,"og_image_custom_fields":null,"og_video":null,"og_custom_url":null,"og_article_section":null,"og_article_tags":null,"twitter_use_og":false,"twitter_card":"default","twitter_image_type":"default","twitter_image_url":null,"twitter_image_custom_url":null,"twitter_image_custom_fields":null,"twitter_title":null,"twitter_description":null,"schema":{"blockGraphs":[],"customGraphs":[],"default":{"data":{"Article":[],"Course":[],"Dataset":[],"FAQPage":[],"Movie":[],"Person":[],"Product":[],"ProductReview":[],"Car":[],"Recipe":[],"Service":[],"SoftwareApplication":[],"WebPage":[]},"graphName":"","isEnabled":true},"graphs":[],"defaultGraph":"","defaultPostTypeGraph":""},"schema_type":null,"schema_type_options":null,"pillar_content":false,"robots_default":true,"robots_noindex":false,"robots_noarchive":false,"robots_nosnippet":false,"robots_nofollow":false,"robots_noimageindex":false,"robots_noodp":false,"robots_notranslate":false,"robots_max_snippet":null,"robots_max_videopreview":null,"robots_max_imagepreview":"large","priority":null,"frequency":null,"local_seo":null,"seo_analyzer_scan_date":"2025-10-07 07:42:02","breadcrumb_settings":null,"limit_modified_date":false,"open_ai":null,"ai":null,"created":"2020-12-21 12:22:38","updated":"2025-10-07 07:42:02","focus_keyword":null,"additional_keywords":null,"truseo_locale":null},"aioseo_breadcrumb":"<div class=\"aioseo-breadcrumbs\"><span class=\"aioseo-breadcrumb\">\n\t<a href=\"https:\/\/www.eldigitaldeasturias.com\/noticias\" title=\"Home\">Home<\/a>\n<\/span><span class=\"aioseo-breadcrumb-separator\">\u2013<\/span><span class=\"aioseo-breadcrumb\">\n\t<a href=\"https:\/\/www.eldigitaldeasturias.com\/noticias\/category\/actualidad\/\" title=\"Actualidad\">Actualidad<\/a>\n<\/span><span class=\"aioseo-breadcrumb-separator\">\u2013<\/span><span class=\"aioseo-breadcrumb\">\n\t<a href=\"https:\/\/www.eldigitaldeasturias.com\/noticias\/espana-condena-el-atentado-terrorista-en-burkina-faso\/\" title=\"Espa\u00f1a condena el atentado terrorista en Burkina Faso\">Espa\u00f1a condena el atentado terrorista en Burkina Faso<\/a>\n<\/span><\/div>","aioseo_breadcrumb_json":[{"label":"Home","link":"https:\/\/www.eldigitaldeasturias.com\/noticias"},{"label":"Actualidad","link":"https:\/\/www.eldigitaldeasturias.com\/noticias\/category\/actualidad\/"},{"label":"Espa\u00f1a condena el atentado terrorista en Burkina Faso","link":"https:\/\/www.eldigitaldeasturias.com\/noticias\/espana-condena-el-atentado-terrorista-en-burkina-faso\/"}],"_links":{"self":[{"href":"https:\/\/www.eldigitaldeasturias.com\/noticias\/wp-json\/wp\/v2\/posts\/971000","targetHints":{"allow":["GET"]}}],"collection":[{"href":"https:\/\/www.eldigitaldeasturias.com\/noticias\/wp-json\/wp\/v2\/posts"}],"about":[{"href":"https:\/\/www.eldigitaldeasturias.com\/noticias\/wp-json\/wp\/v2\/types\/post"}],"author":[{"embeddable":true,"href":"https:\/\/www.eldigitaldeasturias.com\/noticias\/wp-json\/wp\/v2\/users\/1"}],"replies":[{"embeddable":true,"href":"https:\/\/www.eldigitaldeasturias.com\/noticias\/wp-json\/wp\/v2\/comments?post=971000"}],"version-history":[{"count":0,"href":"https:\/\/www.eldigitaldeasturias.com\/noticias\/wp-json\/wp\/v2\/posts\/971000\/revisions"}],"wp:attachment":[{"href":"https:\/\/www.eldigitaldeasturias.com\/noticias\/wp-json\/wp\/v2\/media?parent=971000"}],"wp:term":[{"taxonomy":"category","embeddable":true,"href":"https:\/\/www.eldigitaldeasturias.com\/noticias\/wp-json\/wp\/v2\/categories?post=971000"},{"taxonomy":"post_tag","embeddable":true,"href":"https:\/\/www.eldigitaldeasturias.com\/noticias\/wp-json\/wp\/v2\/tags?post=971000"}],"curies":[{"name":"wp","href":"https:\/\/api.w.org\/{rel}","templated":true}]}}