{"id":970934,"date":"2018-03-03T16:08:13","date_gmt":"2018-03-03T16:08:13","guid":{"rendered":"http:\/\/www.eldigitaldeasturias.com\/noticias\/?p=970934"},"modified":"2018-03-03T16:08:13","modified_gmt":"2018-03-03T16:08:13","slug":"rajoy-inaugura-el-nuevo-puerto-de-granadilla-en-tenerife","status":"publish","type":"post","link":"https:\/\/www.eldigitaldeasturias.com\/noticias\/rajoy-inaugura-el-nuevo-puerto-de-granadilla-en-tenerife\/","title":{"rendered":"Rajoy inaugura el nuevo puerto de Granadilla en Tenerife"},"content":{"rendered":"<p><img loading=\"lazy\" decoding=\"async\" class=\"alignleft size-medium wp-image-970935\" src=\"https:\/\/www.eldigitaldeasturias.com\/noticias\/wp-content\/uploads\/2018\/03\/020218Tenerife03-360x239.jpg\" alt=\"\" width=\"360\" height=\"239\" \/>Las actuaciones ejecutadas hasta la fecha, correspondientes a las obras de abrigo, han supuesto una inversi\u00f3n de 200 millones de euros, de los cuales 67 millones proced\u00edan de Fondos de Cohesi\u00f3n Comunitarios. Se trata de una nueva oportunidad para la diversificaci\u00f3n econ\u00f3mica de la Isla y para generar empleo.<\/p>\n<p>\u200bEl presidente de Gobierno, Mariano Rajoy, acompa\u00f1ado por el ministro de Fomento, \u00cd\u00f1igo de la Serna, ha asistido hoy al acto de inauguraci\u00f3n de las nuevas instalaciones del puerto de Granadilla, en la isla canaria de Tenerife.<\/p>\n<p>El proyecto de las obras de abrigo (dique principal) fue aprobado en 2005 y adjudicado en 2007, comenzando su ejecuci\u00f3n efectiva en 2010. Las actuaciones llevadas a cabo hasta el momento han supuesto la ejecuci\u00f3n del dique exterior, el contradique y la primera fase del muelle polivalente de Ribera, permitiendo la entrada en servicio de este nuevo puerto y su operativa.<\/p>\n<p>Conforme al vigente Plan de Inversiones 2017-2021 de la Autoridad Portuaria de Santa Cruz de Tenerife, la inversi\u00f3n total prevista en el puerto de Granadilla asciende a 362 millones de euros. De este total, se han ejecutado ya aproximadamente 200 millones, b\u00e1sicamente destinados a las obras de dique y contradique, actuaciones que se han visto beneficiadas por ayudas europeas (Fondos de Cohesi\u00f3n) por un importe de 67 millones de euros.<\/p>\n<p>El puerto de Granadilla fue concebido como una instalaci\u00f3n complementaria, que no sustitutiva, del puerto de Santa Cruz de Tenerife, toda vez que este \u00faltimo se encuentra limitado en lo que a posibilidad de crecimiento se refiere, ya que su configuraci\u00f3n f\u00edsica muestra un puerto eminentemente urbano rodeado por el casco urbano de Santa Cruz, con restricciones evidentes en cuanto a la disponibilidad de superficies y anchura de d\u00e1rsenas.<\/p>\n<p>Con base en este planteamiento, surgi\u00f3 el proyecto de construcci\u00f3n de un nuevo puerto en la isla de Tenerife, para lo que se eligi\u00f3 la ubicaci\u00f3n de Granadilla de Abona, que servir\u00eda, por una parte, para descongestionar el puerto de Santa Cruz de Tenerife, trasladando parte de sus tr\u00e1ficos (los mejor posicionados en cuanto a ubicaci\u00f3n origen\/destino dentro de la isla), adem\u00e1s de captar los nuevos tr\u00e1ficos que potencialmente se pudiesen desarrollar en la isla.<\/p>\n<p>Adem\u00e1s de lo anterior, el desarrollo de una nueva zona industrial y log\u00edstica a desarrollar en Granadilla, en terrenos anexos a los que ocupar\u00e1 el puerto, implicar\u00e1 la generaci\u00f3n de nuevos tr\u00e1ficos industriales asociados, tales como GNL, graneles s\u00f3lidos, etc.<\/p>\n<p><strong>El puerto de Granadilla contar\u00e1 con m\u00e1s de 1.000 metros de muelles y una superficie de 75 Ha<\/strong><\/p>\n<p>El contrato de las obras de abrigo del puerto de Granadilla ha supuesto la construcci\u00f3n del dique en talud Norte de 596 metros, arrancando desde tierra con una direcci\u00f3n perpendicular a la costa; el dique exterior vertical con una tipolog\u00eda de cajones flotantes, en tres alineaciones; el cierre perimetral paralelo al dique en talud Norte y desplazado respecto a este 350 metros; el muelle polivalente de Ribera (1\u00aa fase), con una longitud de 132,5 metros y calado 16 metros; el martillo, formado por 3 cajones con una longitud interior total de 130 metros; y la prolongaci\u00f3n del contradique consistente en el fondeo de cuatro nuevos cajones siguiendo la alineaci\u00f3n de las obras ejecutadas en el contratado del contradique.<\/p>\n<p>Dentro del contrato del contradique del puerto de Granadilla se han realizado el dique en talud Sur, conformado por tres alineaciones que totalizan una longitud de 714 metros; el cierre de cajones entre el contradique y el dique talud Sur, formado por una alineaci\u00f3n con una longitud de 170 metros y 16 metros de calado; y el contradique vertical Sur, con una alineaci\u00f3n de 170 metros y 16 metros de calado.<\/p>\n<p>Para el desarrollo completo del proyecto, en los pr\u00f3ximos a\u00f1os est\u00e1 previsto realizar el 2\u00ba tramo del muelle Polivalente (actualmente en ejecuci\u00f3n); el canal de pluviales (recientemente adjudicado); la defensa y rellenos de explanada (1\u00aa fase); el viario y redes b\u00e1sicas del puerto, fase I; y actuaciones de mejora de la accesibilidad terrestre, y otra serie de actuaciones. Todas estas actuaciones supondr\u00e1n la inversi\u00f3n de otros 161 millones de euros. Una vez concluidas todas las obras, el puerto de Granadilla dispondr\u00e1 de m\u00e1s de 1.000 metros de muelles, y una superficie de 75 Ha.<\/p>\n<p>Oportunidad para la diversificaci\u00f3n de la actividad econ\u00f3mica de la isla<br \/>\nLa construcci\u00f3n del nuevo puerto de Granadilla supondr\u00e1 una oportunidad de desarrollo para la actividad portuaria y la econom\u00eda de la isla. Adem\u00e1s, garantizar\u00e1 la viabilidad a corto plazo y a futuro, del sistema econ\u00f3mico y social de la provincia, contribuyendo a la diversificaci\u00f3n econ\u00f3mica del mismo, y potenciando las relaciones de Tenerife con el continente africano y Latinoam\u00e9rica.<\/p>\n<p>Asimismo, permitir\u00e1 la constituci\u00f3n de un nodo log\u00edstico en el Sur de la isla junto con el aeropuerto Tenerife Sur-Reina Sof\u00eda y el Pol\u00edgono Industrial de Granadilla, limitando el tr\u00e1fico rodado de mercanc\u00edas por carretera y redistribuyendo los tr\u00e1ficos mar\u00edtimos.<\/p>\n<p><strong>Fondos europeos<\/strong><\/p>\n<p>Las obras de abrigo y contradique del Puerto de Granadilla han sido beneficiarias de ayudas europeas (Fondos de Cohesi\u00f3n Marco 2007-2013) por un importe de 67 millones de euros.<\/p>\n<p>&nbsp;<\/p>\n","protected":false},"excerpt":{"rendered":"<p>Las actuaciones ejecutadas hasta la fecha, correspondientes a las obras de abrigo, han supuesto una inversi\u00f3n de 200 millones de euros, de los cuales 67 millones proced\u00edan de Fondos de Cohesi\u00f3n Comunitarios. Se trata de una nueva oportunidad para la diversificaci\u00f3n econ\u00f3mica de la Isla y para generar empleo. \u200bEl presidente de Gobierno, Mariano Rajoy, [&hellip;]<\/p>\n","protected":false},"author":1,"featured_media":970935,"comment_status":"closed","ping_status":"closed","sticky":false,"template":"","format":"standard","meta":{"footnotes":""},"categories":[1],"tags":[],"class_list":["post-970934","post","type-post","status-publish","format-standard","has-post-thumbnail","hentry","category-actualidad"],"aioseo_notices":[],"aioseo_head":"\n\t\t<!-- All in One SEO Pro 5.0.1 - aioseo.com -->\n\t<meta name=\"description\" content=\"Las actuaciones ejecutadas hasta la fecha, correspondientes a las obras de abrigo, han supuesto una inversi\u00f3n de 200 millones de euros, de los cuales 67 millones proced\u00edan de Fondos de Cohesi\u00f3n Comunitarios. Se trata de una nueva oportunidad para la diversificaci\u00f3n econ\u00f3mica de la Isla y para generar empleo. \u200bEl presidente de Gobierno, Mariano Rajoy,\" \/>\n\t<meta name=\"robots\" content=\"max-image-preview:large\" \/>\n\t<meta name=\"author\" content=\"El Digital de Asturias\"\/>\n\t<meta name=\"google-site-verification\" content=\"UA-38556648-1\" \/>\n\t<meta name=\"msvalidate.01\" content=\"7dfe9f3f1b24437ab69f4f2559babe99\" \/>\n\t<meta name=\"keywords\" content=\"actualidad\" \/>\n\t<link rel=\"canonical\" href=\"https:\/\/www.eldigitaldeasturias.com\/noticias\/rajoy-inaugura-el-nuevo-puerto-de-granadilla-en-tenerife\/\" \/>\n\t<meta name=\"generator\" content=\"All in One SEO Pro (AIOSEO) 5.0.1\" \/>\n\t\t<meta property=\"og:locale\" content=\"es_ES\" \/>\n\t\t<meta property=\"og:site_name\" content=\"El Digital de Asturias\" \/>\n\t\t<meta property=\"og:type\" content=\"article\" \/>\n\t\t<meta property=\"og:title\" content=\"Rajoy inaugura el nuevo puerto de Granadilla en Tenerife - El Digital de Asturias\" \/>\n\t\t<meta property=\"og:description\" content=\"Las actuaciones ejecutadas hasta la fecha, correspondientes a las obras de abrigo, han supuesto una inversi\u00f3n de 200 millones de euros, de los cuales 67 millones proced\u00edan de Fondos de Cohesi\u00f3n Comunitarios. Se trata de una nueva oportunidad para la diversificaci\u00f3n econ\u00f3mica de la Isla y para generar empleo. \u200bEl presidente de Gobierno, Mariano Rajoy,\" \/>\n\t\t<meta property=\"og:url\" content=\"https:\/\/www.eldigitaldeasturias.com\/noticias\/rajoy-inaugura-el-nuevo-puerto-de-granadilla-en-tenerife\/\" \/>\n\t\t<meta property=\"article:tag\" content=\"actualidad\" \/>\n\t\t<meta property=\"article:published_time\" content=\"2018-03-03T16:08:13+00:00\" \/>\n\t\t<meta property=\"article:modified_time\" content=\"2018-03-03T16:08:13+00:00\" \/>\n\t\t<meta property=\"article:publisher\" content=\"https:\/\/facebook.com\/eldigitaldeasturias\" \/>\n\t\t<meta name=\"twitter:card\" content=\"summary_large_image\" \/>\n\t\t<meta name=\"twitter:title\" content=\"Rajoy inaugura el nuevo puerto de Granadilla en Tenerife - El Digital de Asturias\" \/>\n\t\t<meta name=\"twitter:description\" content=\"Las actuaciones ejecutadas hasta la fecha, correspondientes a las obras de abrigo, han supuesto una inversi\u00f3n de 200 millones de euros, de los cuales 67 millones proced\u00edan de Fondos de Cohesi\u00f3n Comunitarios. Se trata de una nueva oportunidad para la diversificaci\u00f3n econ\u00f3mica de la Isla y para generar empleo. \u200bEl presidente de Gobierno, Mariano Rajoy,\" \/>\n\t\t<meta name=\"twitter:image\" content=\"https:\/\/www.eldigitaldeasturias.com\/noticias\/wp-content\/uploads\/2020\/12\/EDA-1.jpg\" \/>\n\t\t<meta name=\"twitter:label1\" content=\"Escrito por\" \/>\n\t\t<meta name=\"twitter:data1\" content=\"El Digital de Asturias\" \/>\n\t\t<meta name=\"twitter:label2\" content=\"Tiempo de lectura estimado\" \/>\n\t\t<meta name=\"twitter:data2\" content=\"4 minutos\" \/>\n\t\t<script type=\"application\/ld+json\" class=\"aioseo-schema\">\n\t\t\t{\"@context\":\"https:\\\/\\\/schema.org\",\"@graph\":[{\"@type\":\"BlogPosting\",\"@id\":\"https:\\\/\\\/www.eldigitaldeasturias.com\\\/noticias\\\/rajoy-inaugura-el-nuevo-puerto-de-granadilla-en-tenerife\\\/#blogposting\",\"name\":\"Rajoy inaugura el nuevo puerto de Granadilla en Tenerife - El Digital de Asturias\",\"headline\":\"Rajoy inaugura el nuevo puerto de Granadilla en Tenerife\",\"author\":{\"@id\":\"https:\\\/\\\/www.eldigitaldeasturias.com\\\/noticias\\\/author\\\/admin\\\/#author\"},\"publisher\":{\"@id\":\"https:\\\/\\\/www.eldigitaldeasturias.com\\\/noticias\\\/#organization\"},\"image\":{\"@type\":\"ImageObject\",\"url\":970935},\"datePublished\":\"2018-03-03T16:08:13+01:00\",\"dateModified\":\"2018-03-03T16:08:13+01:00\",\"inLanguage\":\"es-ES\",\"mainEntityOfPage\":{\"@id\":\"https:\\\/\\\/www.eldigitaldeasturias.com\\\/noticias\\\/rajoy-inaugura-el-nuevo-puerto-de-granadilla-en-tenerife\\\/#webpage\"},\"isPartOf\":{\"@id\":\"https:\\\/\\\/www.eldigitaldeasturias.com\\\/noticias\\\/rajoy-inaugura-el-nuevo-puerto-de-granadilla-en-tenerife\\\/#webpage\"},\"articleSection\":\"Actualidad\"},{\"@type\":\"BreadcrumbList\",\"@id\":\"https:\\\/\\\/www.eldigitaldeasturias.com\\\/noticias\\\/rajoy-inaugura-el-nuevo-puerto-de-granadilla-en-tenerife\\\/#breadcrumblist\",\"itemListElement\":[{\"@type\":\"ListItem\",\"@id\":\"https:\\\/\\\/www.eldigitaldeasturias.com\\\/noticias#listItem\",\"position\":1,\"name\":\"Home\",\"item\":\"https:\\\/\\\/www.eldigitaldeasturias.com\\\/noticias\",\"nextItem\":{\"@type\":\"ListItem\",\"@id\":\"https:\\\/\\\/www.eldigitaldeasturias.com\\\/noticias\\\/category\\\/actualidad\\\/#listItem\",\"name\":\"Actualidad\"}},{\"@type\":\"ListItem\",\"@id\":\"https:\\\/\\\/www.eldigitaldeasturias.com\\\/noticias\\\/category\\\/actualidad\\\/#listItem\",\"position\":2,\"name\":\"Actualidad\",\"item\":\"https:\\\/\\\/www.eldigitaldeasturias.com\\\/noticias\\\/category\\\/actualidad\\\/\",\"nextItem\":{\"@type\":\"ListItem\",\"@id\":\"https:\\\/\\\/www.eldigitaldeasturias.com\\\/noticias\\\/rajoy-inaugura-el-nuevo-puerto-de-granadilla-en-tenerife\\\/#listItem\",\"name\":\"Rajoy inaugura el nuevo puerto de Granadilla en Tenerife\"},\"previousItem\":{\"@type\":\"ListItem\",\"@id\":\"https:\\\/\\\/www.eldigitaldeasturias.com\\\/noticias#listItem\",\"name\":\"Home\"}},{\"@type\":\"ListItem\",\"@id\":\"https:\\\/\\\/www.eldigitaldeasturias.com\\\/noticias\\\/rajoy-inaugura-el-nuevo-puerto-de-granadilla-en-tenerife\\\/#listItem\",\"position\":3,\"name\":\"Rajoy inaugura el nuevo puerto de Granadilla en Tenerife\",\"previousItem\":{\"@type\":\"ListItem\",\"@id\":\"https:\\\/\\\/www.eldigitaldeasturias.com\\\/noticias\\\/category\\\/actualidad\\\/#listItem\",\"name\":\"Actualidad\"}}]},{\"@type\":\"Organization\",\"@id\":\"https:\\\/\\\/www.eldigitaldeasturias.com\\\/noticias\\\/#organization\",\"name\":\"El Digital de Asturias\",\"description\":\"Hemeroteca\",\"url\":\"https:\\\/\\\/www.eldigitaldeasturias.com\\\/noticias\\\/\",\"email\":\"info@eldigitaldeasturias.com\",\"telephone\":\"+34652131393\",\"logo\":{\"@type\":\"ImageObject\",\"url\":\"https:\\\/\\\/www.eldigitaldeasturias.com\\\/noticias\\\/wp-content\\\/uploads\\\/2020\\\/12\\\/EDA.jpg\",\"@id\":\"https:\\\/\\\/www.eldigitaldeasturias.com\\\/noticias\\\/rajoy-inaugura-el-nuevo-puerto-de-granadilla-en-tenerife\\\/#organizationLogo\"},\"image\":{\"@id\":\"https:\\\/\\\/www.eldigitaldeasturias.com\\\/noticias\\\/rajoy-inaugura-el-nuevo-puerto-de-granadilla-en-tenerife\\\/#organizationLogo\"},\"sameAs\":[\"https:\\\/\\\/facebook.com\\\/eldigitaldeasturias\",\"https:\\\/\\\/www.youtube.com\\\/channel\\\/UCZP-2wLEB9Rv6erhFmqVnvg\"],\"address\":{\"@id\":\"https:\\\/\\\/www.eldigitaldeasturias.com\\\/noticias\\\/#postaladdress\",\"@type\":\"PostalAddress\",\"streetAddress\":\"san antonio 4\",\"postalCode\":\"33430\",\"addressLocality\":\"Cand\\u00e1s\",\"addressRegion\":\"Asturias\",\"addressCountry\":\"ES\"}},{\"@type\":\"Person\",\"@id\":\"https:\\\/\\\/www.eldigitaldeasturias.com\\\/noticias\\\/author\\\/admin\\\/#author\",\"url\":\"https:\\\/\\\/www.eldigitaldeasturias.com\\\/noticias\\\/author\\\/admin\\\/\",\"name\":\"El Digital de Asturias\",\"image\":{\"@type\":\"ImageObject\",\"@id\":\"https:\\\/\\\/www.eldigitaldeasturias.com\\\/noticias\\\/rajoy-inaugura-el-nuevo-puerto-de-granadilla-en-tenerife\\\/#authorImage\",\"url\":\"https:\\\/\\\/secure.gravatar.com\\\/avatar\\\/df2aeffc32bcd13f8d26072ef8a91b623d677766deac7f97ca815868cd41bf5e?s=96&d=mm&r=g\",\"width\":96,\"height\":96,\"caption\":\"El Digital de Asturias\"}},{\"@type\":\"WebPage\",\"@id\":\"https:\\\/\\\/www.eldigitaldeasturias.com\\\/noticias\\\/rajoy-inaugura-el-nuevo-puerto-de-granadilla-en-tenerife\\\/#webpage\",\"url\":\"https:\\\/\\\/www.eldigitaldeasturias.com\\\/noticias\\\/rajoy-inaugura-el-nuevo-puerto-de-granadilla-en-tenerife\\\/\",\"name\":\"Rajoy inaugura el nuevo puerto de Granadilla en Tenerife - El Digital de Asturias\",\"description\":\"Las actuaciones ejecutadas hasta la fecha, correspondientes a las obras de abrigo, han supuesto una inversi\\u00f3n de 200 millones de euros, de los cuales 67 millones proced\\u00edan de Fondos de Cohesi\\u00f3n Comunitarios. Se trata de una nueva oportunidad para la diversificaci\\u00f3n econ\\u00f3mica de la Isla y para generar empleo. \\u200bEl presidente de Gobierno, Mariano Rajoy,\",\"inLanguage\":\"es-ES\",\"isPartOf\":{\"@id\":\"https:\\\/\\\/www.eldigitaldeasturias.com\\\/noticias\\\/#website\"},\"breadcrumb\":{\"@id\":\"https:\\\/\\\/www.eldigitaldeasturias.com\\\/noticias\\\/rajoy-inaugura-el-nuevo-puerto-de-granadilla-en-tenerife\\\/#breadcrumblist\"},\"author\":{\"@id\":\"https:\\\/\\\/www.eldigitaldeasturias.com\\\/noticias\\\/author\\\/admin\\\/#author\"},\"creator\":{\"@id\":\"https:\\\/\\\/www.eldigitaldeasturias.com\\\/noticias\\\/author\\\/admin\\\/#author\"},\"image\":{\"@type\":\"ImageObject\",\"url\":970935,\"@id\":\"https:\\\/\\\/www.eldigitaldeasturias.com\\\/noticias\\\/rajoy-inaugura-el-nuevo-puerto-de-granadilla-en-tenerife\\\/#mainImage\"},\"primaryImageOfPage\":{\"@id\":\"https:\\\/\\\/www.eldigitaldeasturias.com\\\/noticias\\\/rajoy-inaugura-el-nuevo-puerto-de-granadilla-en-tenerife\\\/#mainImage\"},\"datePublished\":\"2018-03-03T16:08:13+01:00\",\"dateModified\":\"2018-03-03T16:08:13+01:00\"},{\"@type\":\"WebSite\",\"@id\":\"https:\\\/\\\/www.eldigitaldeasturias.com\\\/noticias\\\/#website\",\"url\":\"https:\\\/\\\/www.eldigitaldeasturias.com\\\/noticias\\\/\",\"name\":\"El Digital de Asturias - Diario de actualidad y noticias\",\"alternateName\":\"El Digital de Asturias - Diario de actualidad y noticias\",\"description\":\"Hemeroteca\",\"inLanguage\":\"es-ES\",\"publisher\":{\"@id\":\"https:\\\/\\\/www.eldigitaldeasturias.com\\\/noticias\\\/#organization\"}}]}\n\t\t<\/script>\n\t\t<!-- All in One SEO Pro -->\r\n\t\t<title>Rajoy inaugura el nuevo puerto de Granadilla en Tenerife - El Digital de Asturias<\/title>\n\n","aioseo_head_json":{"title":"Rajoy inaugura el nuevo puerto de Granadilla en Tenerife - El Digital de Asturias","description":"Las actuaciones ejecutadas hasta la fecha, correspondientes a las obras de abrigo, han supuesto una inversi\u00f3n de 200 millones de euros, de los cuales 67 millones proced\u00edan de Fondos de Cohesi\u00f3n Comunitarios. Se trata de una nueva oportunidad para la diversificaci\u00f3n econ\u00f3mica de la Isla y para generar empleo. \u200bEl presidente de Gobierno, Mariano Rajoy,","canonical_url":"https:\/\/www.eldigitaldeasturias.com\/noticias\/rajoy-inaugura-el-nuevo-puerto-de-granadilla-en-tenerife\/","robots":"max-image-preview:large","keywords":"actualidad","webmasterTools":{"google-site-verification":"UA-38556648-1","msvalidate.01":"7dfe9f3f1b24437ab69f4f2559babe99","miscellaneous":""},"schema":{"@context":"https:\/\/schema.org","@graph":[{"@type":"BlogPosting","@id":"https:\/\/www.eldigitaldeasturias.com\/noticias\/rajoy-inaugura-el-nuevo-puerto-de-granadilla-en-tenerife\/#blogposting","name":"Rajoy inaugura el nuevo puerto de Granadilla en Tenerife - El Digital de Asturias","headline":"Rajoy inaugura el nuevo puerto de Granadilla en Tenerife","author":{"@id":"https:\/\/www.eldigitaldeasturias.com\/noticias\/author\/admin\/#author"},"publisher":{"@id":"https:\/\/www.eldigitaldeasturias.com\/noticias\/#organization"},"image":{"@type":"ImageObject","url":970935},"datePublished":"2018-03-03T16:08:13+01:00","dateModified":"2018-03-03T16:08:13+01:00","inLanguage":"es-ES","mainEntityOfPage":{"@id":"https:\/\/www.eldigitaldeasturias.com\/noticias\/rajoy-inaugura-el-nuevo-puerto-de-granadilla-en-tenerife\/#webpage"},"isPartOf":{"@id":"https:\/\/www.eldigitaldeasturias.com\/noticias\/rajoy-inaugura-el-nuevo-puerto-de-granadilla-en-tenerife\/#webpage"},"articleSection":"Actualidad"},{"@type":"BreadcrumbList","@id":"https:\/\/www.eldigitaldeasturias.com\/noticias\/rajoy-inaugura-el-nuevo-puerto-de-granadilla-en-tenerife\/#breadcrumblist","itemListElement":[{"@type":"ListItem","@id":"https:\/\/www.eldigitaldeasturias.com\/noticias#listItem","position":1,"name":"Home","item":"https:\/\/www.eldigitaldeasturias.com\/noticias","nextItem":{"@type":"ListItem","@id":"https:\/\/www.eldigitaldeasturias.com\/noticias\/category\/actualidad\/#listItem","name":"Actualidad"}},{"@type":"ListItem","@id":"https:\/\/www.eldigitaldeasturias.com\/noticias\/category\/actualidad\/#listItem","position":2,"name":"Actualidad","item":"https:\/\/www.eldigitaldeasturias.com\/noticias\/category\/actualidad\/","nextItem":{"@type":"ListItem","@id":"https:\/\/www.eldigitaldeasturias.com\/noticias\/rajoy-inaugura-el-nuevo-puerto-de-granadilla-en-tenerife\/#listItem","name":"Rajoy inaugura el nuevo puerto de Granadilla en Tenerife"},"previousItem":{"@type":"ListItem","@id":"https:\/\/www.eldigitaldeasturias.com\/noticias#listItem","name":"Home"}},{"@type":"ListItem","@id":"https:\/\/www.eldigitaldeasturias.com\/noticias\/rajoy-inaugura-el-nuevo-puerto-de-granadilla-en-tenerife\/#listItem","position":3,"name":"Rajoy inaugura el nuevo puerto de Granadilla en Tenerife","previousItem":{"@type":"ListItem","@id":"https:\/\/www.eldigitaldeasturias.com\/noticias\/category\/actualidad\/#listItem","name":"Actualidad"}}]},{"@type":"Organization","@id":"https:\/\/www.eldigitaldeasturias.com\/noticias\/#organization","name":"El Digital de Asturias","description":"Hemeroteca","url":"https:\/\/www.eldigitaldeasturias.com\/noticias\/","email":"info@eldigitaldeasturias.com","telephone":"+34652131393","logo":{"@type":"ImageObject","url":"https:\/\/www.eldigitaldeasturias.com\/noticias\/wp-content\/uploads\/2020\/12\/EDA.jpg","@id":"https:\/\/www.eldigitaldeasturias.com\/noticias\/rajoy-inaugura-el-nuevo-puerto-de-granadilla-en-tenerife\/#organizationLogo"},"image":{"@id":"https:\/\/www.eldigitaldeasturias.com\/noticias\/rajoy-inaugura-el-nuevo-puerto-de-granadilla-en-tenerife\/#organizationLogo"},"sameAs":["https:\/\/facebook.com\/eldigitaldeasturias","https:\/\/www.youtube.com\/channel\/UCZP-2wLEB9Rv6erhFmqVnvg"],"address":{"@id":"https:\/\/www.eldigitaldeasturias.com\/noticias\/#postaladdress","@type":"PostalAddress","streetAddress":"san antonio 4","postalCode":"33430","addressLocality":"Cand\u00e1s","addressRegion":"Asturias","addressCountry":"ES"}},{"@type":"Person","@id":"https:\/\/www.eldigitaldeasturias.com\/noticias\/author\/admin\/#author","url":"https:\/\/www.eldigitaldeasturias.com\/noticias\/author\/admin\/","name":"El Digital de Asturias","image":{"@type":"ImageObject","@id":"https:\/\/www.eldigitaldeasturias.com\/noticias\/rajoy-inaugura-el-nuevo-puerto-de-granadilla-en-tenerife\/#authorImage","url":"https:\/\/secure.gravatar.com\/avatar\/df2aeffc32bcd13f8d26072ef8a91b623d677766deac7f97ca815868cd41bf5e?s=96&d=mm&r=g","width":96,"height":96,"caption":"El Digital de Asturias"}},{"@type":"WebPage","@id":"https:\/\/www.eldigitaldeasturias.com\/noticias\/rajoy-inaugura-el-nuevo-puerto-de-granadilla-en-tenerife\/#webpage","url":"https:\/\/www.eldigitaldeasturias.com\/noticias\/rajoy-inaugura-el-nuevo-puerto-de-granadilla-en-tenerife\/","name":"Rajoy inaugura el nuevo puerto de Granadilla en Tenerife - El Digital de Asturias","description":"Las actuaciones ejecutadas hasta la fecha, correspondientes a las obras de abrigo, han supuesto una inversi\u00f3n de 200 millones de euros, de los cuales 67 millones proced\u00edan de Fondos de Cohesi\u00f3n Comunitarios. Se trata de una nueva oportunidad para la diversificaci\u00f3n econ\u00f3mica de la Isla y para generar empleo. \u200bEl presidente de Gobierno, Mariano Rajoy,","inLanguage":"es-ES","isPartOf":{"@id":"https:\/\/www.eldigitaldeasturias.com\/noticias\/#website"},"breadcrumb":{"@id":"https:\/\/www.eldigitaldeasturias.com\/noticias\/rajoy-inaugura-el-nuevo-puerto-de-granadilla-en-tenerife\/#breadcrumblist"},"author":{"@id":"https:\/\/www.eldigitaldeasturias.com\/noticias\/author\/admin\/#author"},"creator":{"@id":"https:\/\/www.eldigitaldeasturias.com\/noticias\/author\/admin\/#author"},"image":{"@type":"ImageObject","url":970935,"@id":"https:\/\/www.eldigitaldeasturias.com\/noticias\/rajoy-inaugura-el-nuevo-puerto-de-granadilla-en-tenerife\/#mainImage"},"primaryImageOfPage":{"@id":"https:\/\/www.eldigitaldeasturias.com\/noticias\/rajoy-inaugura-el-nuevo-puerto-de-granadilla-en-tenerife\/#mainImage"},"datePublished":"2018-03-03T16:08:13+01:00","dateModified":"2018-03-03T16:08:13+01:00"},{"@type":"WebSite","@id":"https:\/\/www.eldigitaldeasturias.com\/noticias\/#website","url":"https:\/\/www.eldigitaldeasturias.com\/noticias\/","name":"El Digital de Asturias - Diario de actualidad y noticias","alternateName":"El Digital de Asturias - Diario de actualidad y noticias","description":"Hemeroteca","inLanguage":"es-ES","publisher":{"@id":"https:\/\/www.eldigitaldeasturias.com\/noticias\/#organization"}}]},"og:locale":"es_ES","og:site_name":"El Digital de Asturias","og:type":"article","og:title":"Rajoy inaugura el nuevo puerto de Granadilla en Tenerife - El Digital de Asturias","og:description":"Las actuaciones ejecutadas hasta la fecha, correspondientes a las obras de abrigo, han supuesto una inversi\u00f3n de 200 millones de euros, de los cuales 67 millones proced\u00edan de Fondos de Cohesi\u00f3n Comunitarios. Se trata de una nueva oportunidad para la diversificaci\u00f3n econ\u00f3mica de la Isla y para generar empleo. \u200bEl presidente de Gobierno, Mariano Rajoy,","og:url":"https:\/\/www.eldigitaldeasturias.com\/noticias\/rajoy-inaugura-el-nuevo-puerto-de-granadilla-en-tenerife\/","article:tag":["actualidad"],"article:published_time":"2018-03-03T16:08:13+00:00","article:modified_time":"2018-03-03T16:08:13+00:00","article:publisher":"https:\/\/facebook.com\/eldigitaldeasturias","twitter:card":"summary_large_image","twitter:title":"Rajoy inaugura el nuevo puerto de Granadilla en Tenerife - El Digital de Asturias","twitter:description":"Las actuaciones ejecutadas hasta la fecha, correspondientes a las obras de abrigo, han supuesto una inversi\u00f3n de 200 millones de euros, de los cuales 67 millones proced\u00edan de Fondos de Cohesi\u00f3n Comunitarios. Se trata de una nueva oportunidad para la diversificaci\u00f3n econ\u00f3mica de la Isla y para generar empleo. \u200bEl presidente de Gobierno, Mariano Rajoy,","twitter:image":"https:\/\/www.eldigitaldeasturias.com\/noticias\/wp-content\/uploads\/2020\/12\/EDA-1.jpg","twitter:label1":"Escrito por","twitter:data1":"El Digital de Asturias","twitter:label2":"Tiempo de lectura estimado","twitter:data2":"4 minutos"},"aioseo_meta_data":{"post_id":"970934","title":null,"description":null,"keywords":null,"keyphrases":null,"primary_term":null,"canonical_url":null,"og_title":null,"og_description":null,"og_object_type":"default","og_image_type":"default","og_image_url":null,"og_image_width":null,"og_image_height":null,"og_image_custom_url":null,"og_image_custom_fields":null,"og_video":null,"og_custom_url":null,"og_article_section":null,"og_article_tags":null,"twitter_use_og":false,"twitter_card":"default","twitter_image_type":"default","twitter_image_url":null,"twitter_image_custom_url":null,"twitter_image_custom_fields":null,"twitter_title":null,"twitter_description":null,"schema":{"blockGraphs":[],"customGraphs":[],"default":{"data":{"Article":[],"Course":[],"Dataset":[],"FAQPage":[],"Movie":[],"Person":[],"Product":[],"ProductReview":[],"Car":[],"Recipe":[],"Service":[],"SoftwareApplication":[],"WebPage":[]},"graphName":"","isEnabled":true},"graphs":[],"defaultGraph":"","defaultPostTypeGraph":""},"schema_type":null,"schema_type_options":null,"pillar_content":false,"robots_default":true,"robots_noindex":false,"robots_noarchive":false,"robots_nosnippet":false,"robots_nofollow":false,"robots_noimageindex":false,"robots_noodp":false,"robots_notranslate":false,"robots_max_snippet":null,"robots_max_videopreview":null,"robots_max_imagepreview":"large","priority":null,"frequency":null,"local_seo":null,"seo_analyzer_scan_date":"2025-10-07 07:26:03","breadcrumb_settings":null,"limit_modified_date":false,"open_ai":null,"ai":null,"created":"2020-12-21 12:23:36","updated":"2025-10-07 07:26:03","focus_keyword":null,"additional_keywords":null,"truseo_locale":null},"aioseo_breadcrumb":"<div class=\"aioseo-breadcrumbs\"><span class=\"aioseo-breadcrumb\">\n\t<a href=\"https:\/\/www.eldigitaldeasturias.com\/noticias\" title=\"Home\">Home<\/a>\n<\/span><span class=\"aioseo-breadcrumb-separator\">\u2013<\/span><span class=\"aioseo-breadcrumb\">\n\t<a href=\"https:\/\/www.eldigitaldeasturias.com\/noticias\/category\/actualidad\/\" title=\"Actualidad\">Actualidad<\/a>\n<\/span><span class=\"aioseo-breadcrumb-separator\">\u2013<\/span><span class=\"aioseo-breadcrumb\">\n\t<a href=\"https:\/\/www.eldigitaldeasturias.com\/noticias\/rajoy-inaugura-el-nuevo-puerto-de-granadilla-en-tenerife\/\" title=\"Rajoy inaugura el nuevo puerto de Granadilla en Tenerife\">Rajoy inaugura el nuevo puerto de Granadilla en Tenerife<\/a>\n<\/span><\/div>","aioseo_breadcrumb_json":[{"label":"Home","link":"https:\/\/www.eldigitaldeasturias.com\/noticias"},{"label":"Actualidad","link":"https:\/\/www.eldigitaldeasturias.com\/noticias\/category\/actualidad\/"},{"label":"Rajoy inaugura el nuevo puerto de Granadilla en Tenerife","link":"https:\/\/www.eldigitaldeasturias.com\/noticias\/rajoy-inaugura-el-nuevo-puerto-de-granadilla-en-tenerife\/"}],"_links":{"self":[{"href":"https:\/\/www.eldigitaldeasturias.com\/noticias\/wp-json\/wp\/v2\/posts\/970934","targetHints":{"allow":["GET"]}}],"collection":[{"href":"https:\/\/www.eldigitaldeasturias.com\/noticias\/wp-json\/wp\/v2\/posts"}],"about":[{"href":"https:\/\/www.eldigitaldeasturias.com\/noticias\/wp-json\/wp\/v2\/types\/post"}],"author":[{"embeddable":true,"href":"https:\/\/www.eldigitaldeasturias.com\/noticias\/wp-json\/wp\/v2\/users\/1"}],"replies":[{"embeddable":true,"href":"https:\/\/www.eldigitaldeasturias.com\/noticias\/wp-json\/wp\/v2\/comments?post=970934"}],"version-history":[{"count":0,"href":"https:\/\/www.eldigitaldeasturias.com\/noticias\/wp-json\/wp\/v2\/posts\/970934\/revisions"}],"wp:attachment":[{"href":"https:\/\/www.eldigitaldeasturias.com\/noticias\/wp-json\/wp\/v2\/media?parent=970934"}],"wp:term":[{"taxonomy":"category","embeddable":true,"href":"https:\/\/www.eldigitaldeasturias.com\/noticias\/wp-json\/wp\/v2\/categories?post=970934"},{"taxonomy":"post_tag","embeddable":true,"href":"https:\/\/www.eldigitaldeasturias.com\/noticias\/wp-json\/wp\/v2\/tags?post=970934"}],"curies":[{"name":"wp","href":"https:\/\/api.w.org\/{rel}","templated":true}]}}