{"id":970839,"date":"2018-03-02T14:36:48","date_gmt":"2018-03-02T14:36:48","guid":{"rendered":"http:\/\/www.eldigitaldeasturias.com\/noticias\/?p=970839"},"modified":"2018-03-02T14:36:48","modified_gmt":"2018-03-02T14:36:48","slug":"zoido-se-declara-sobrecogido-por-la-desaparicion-del-nino-de-nijar","status":"publish","type":"post","link":"https:\/\/www.eldigitaldeasturias.com\/noticias\/zoido-se-declara-sobrecogido-por-la-desaparicion-del-nino-de-nijar\/","title":{"rendered":"Zoido se declara \u00absobrecogido\u00bb por la desaparici\u00f3n del ni\u00f1o de N\u00edjar"},"content":{"rendered":"<p><img loading=\"lazy\" decoding=\"async\" class=\"alignleft size-medium wp-image-970840\" src=\"https:\/\/www.eldigitaldeasturias.com\/noticias\/wp-content\/uploads\/2018\/03\/010318-loteria2-360x239.jpg\" alt=\"\" width=\"360\" height=\"239\" \/>Zoido se pronunci\u00f3 as\u00ed durante los actos de presentaci\u00f3n del d\u00e9cimo del Sorteo de Loter\u00eda Nacional del pr\u00f3ximo s\u00e1bado, 3 de marzo, dedicado a las personas desaparecidas sin causa aparente, que se celebra el d\u00eda 9 de este mes. El ministro, en un acto celebrado en la sede de su departamento, estuvo acompa\u00f1ado por la presidenta de Loter\u00edas y Apuestas del Estado, Inmaculada Garc\u00eda y el periodista Paco Lobat\u00f3n, presidente de la Fundaci\u00f3n por las Personas Desaparecidas.<\/p>\n<p>El titular de Interior record\u00f3 que el motivo de la creaci\u00f3n del Centro Nacional de Desaparecidos fue precisamente el de centralizar y coordinar con la sociedad civil y las entidades especializadas la difusi\u00f3n y b\u00fasqueda de los casos de desaparecidos, \u00abadem\u00e1s de potenciar la necesaria colaboraci\u00f3n de todos los cuerpos policiales y otros servicios p\u00fablicos y privados\u00bb.<\/p>\n<p>Ese Centro, que est\u00e1 en funcionamiento desde el 28 de junio y de cuyo trabajo se dar\u00e1n m\u00e1s detalles la pr\u00f3xima semana coincidiendo con la celebraci\u00f3n del D\u00eda de los Desaparecidos, ha puesto en funcionamiento una serie de mejoras tecnol\u00f3gicas, avances en el registro conocido como Personas Desaparecidas y Restos Humanos sin identificar, nuevas versiones de aplicaciones o la creaci\u00f3n de una nueva web.<\/p>\n<p>\u00abSe trata de poner todos nuestros esfuerzos y todos los avances tecnol\u00f3gicos disponibles para liderar y coordinar la b\u00fasqueda de personas desaparecidas\u00bb, subray\u00f3 el ministro Zoido durante su intervenci\u00f3n.<\/p>\n<p><strong>Celebraci\u00f3n del sorteo<\/strong><\/p>\n<p>Este d\u00e9cimo, del que se han puesto a la venta 10 millones de unidades en los 11.000 puntos de venta de la red comercial de Loter\u00edas, se enmarca dentro de la iniciativa &#8216;Loter\u00edas con la Sociedad&#8217; mediante la que Loter\u00edas contribuye a mejorar la vida de la sociedad espa\u00f1ola.<\/p>\n<p>La emisi\u00f3n del Sorteo asciende a 60 millones de euros, repartiendo en premios el 70% de la emisi\u00f3n, es decir, 42 millones de euros. Entre los premios que otorga este Sorteo, destaca un Primer Premio de 600.000 euros por serie, y un Segundo de 120.000 euros por serie.<\/p>\n<p><strong>D\u00eda de las personas desaparecidas sin causa aparente<\/strong><\/p>\n<p>El 9 de marzo se conmemora el D\u00eda de las personas desaparecidas sin causa aparente, que fue declarado por asentimiento del Congreso de los Diputados el 10 de noviembre de 2010 en respuesta a la petici\u00f3n de la Asociaci\u00f3n INTERSOS de familiares de desaparecidos.<\/p>\n","protected":false},"excerpt":{"rendered":"<p>Zoido se pronunci\u00f3 as\u00ed durante los actos de presentaci\u00f3n del d\u00e9cimo del Sorteo de Loter\u00eda Nacional del pr\u00f3ximo s\u00e1bado, 3 de marzo, dedicado a las personas desaparecidas sin causa aparente, que se celebra el d\u00eda 9 de este mes. El ministro, en un acto celebrado en la sede de su departamento, estuvo acompa\u00f1ado por la [&hellip;]<\/p>\n","protected":false},"author":1,"featured_media":970840,"comment_status":"closed","ping_status":"closed","sticky":false,"template":"","format":"standard","meta":{"footnotes":""},"categories":[1],"tags":[],"class_list":["post-970839","post","type-post","status-publish","format-standard","has-post-thumbnail","hentry","category-actualidad"],"aioseo_notices":[],"aioseo_head":"\n\t\t<!-- All in One SEO Pro 5.0.1 - aioseo.com -->\n\t<meta name=\"description\" content=\"Zoido se pronunci\u00f3 as\u00ed durante los actos de presentaci\u00f3n del d\u00e9cimo del Sorteo de Loter\u00eda Nacional del pr\u00f3ximo s\u00e1bado, 3 de marzo, dedicado a las personas desaparecidas sin causa aparente, que se celebra el d\u00eda 9 de este mes. El ministro, en un acto celebrado en la sede de su departamento, estuvo acompa\u00f1ado por la\" \/>\n\t<meta name=\"robots\" content=\"max-image-preview:large\" \/>\n\t<meta name=\"author\" content=\"El Digital de Asturias\"\/>\n\t<meta name=\"google-site-verification\" content=\"UA-38556648-1\" \/>\n\t<meta name=\"msvalidate.01\" content=\"7dfe9f3f1b24437ab69f4f2559babe99\" \/>\n\t<meta name=\"keywords\" content=\"actualidad\" \/>\n\t<link rel=\"canonical\" href=\"https:\/\/www.eldigitaldeasturias.com\/noticias\/zoido-se-declara-sobrecogido-por-la-desaparicion-del-nino-de-nijar\/\" \/>\n\t<meta name=\"generator\" content=\"All in One SEO Pro (AIOSEO) 5.0.1\" \/>\n\t\t<meta property=\"og:locale\" content=\"es_ES\" \/>\n\t\t<meta property=\"og:site_name\" content=\"El Digital de Asturias\" \/>\n\t\t<meta property=\"og:type\" content=\"article\" \/>\n\t\t<meta property=\"og:title\" content=\"Zoido se declara \u00absobrecogido\u00bb por la desaparici\u00f3n del ni\u00f1o de N\u00edjar - El Digital de Asturias\" \/>\n\t\t<meta property=\"og:description\" content=\"Zoido se pronunci\u00f3 as\u00ed durante los actos de presentaci\u00f3n del d\u00e9cimo del Sorteo de Loter\u00eda Nacional del pr\u00f3ximo s\u00e1bado, 3 de marzo, dedicado a las personas desaparecidas sin causa aparente, que se celebra el d\u00eda 9 de este mes. El ministro, en un acto celebrado en la sede de su departamento, estuvo acompa\u00f1ado por la\" \/>\n\t\t<meta property=\"og:url\" content=\"https:\/\/www.eldigitaldeasturias.com\/noticias\/zoido-se-declara-sobrecogido-por-la-desaparicion-del-nino-de-nijar\/\" \/>\n\t\t<meta property=\"article:tag\" content=\"actualidad\" \/>\n\t\t<meta property=\"article:published_time\" content=\"2018-03-02T14:36:48+00:00\" \/>\n\t\t<meta property=\"article:modified_time\" content=\"2018-03-02T14:36:48+00:00\" \/>\n\t\t<meta property=\"article:publisher\" content=\"https:\/\/facebook.com\/eldigitaldeasturias\" \/>\n\t\t<meta name=\"twitter:card\" content=\"summary_large_image\" \/>\n\t\t<meta name=\"twitter:title\" content=\"Zoido se declara \u00absobrecogido\u00bb por la desaparici\u00f3n del ni\u00f1o de N\u00edjar - El Digital de Asturias\" \/>\n\t\t<meta name=\"twitter:description\" content=\"Zoido se pronunci\u00f3 as\u00ed durante los actos de presentaci\u00f3n del d\u00e9cimo del Sorteo de Loter\u00eda Nacional del pr\u00f3ximo s\u00e1bado, 3 de marzo, dedicado a las personas desaparecidas sin causa aparente, que se celebra el d\u00eda 9 de este mes. El ministro, en un acto celebrado en la sede de su departamento, estuvo acompa\u00f1ado por la\" \/>\n\t\t<meta name=\"twitter:image\" content=\"https:\/\/www.eldigitaldeasturias.com\/noticias\/wp-content\/uploads\/2020\/12\/EDA-1.jpg\" \/>\n\t\t<meta name=\"twitter:label1\" content=\"Escrito por\" \/>\n\t\t<meta name=\"twitter:data1\" content=\"El Digital de Asturias\" \/>\n\t\t<meta name=\"twitter:label2\" content=\"Tiempo de lectura estimado\" \/>\n\t\t<meta name=\"twitter:data2\" content=\"2 minutos\" \/>\n\t\t<script type=\"application\/ld+json\" class=\"aioseo-schema\">\n\t\t\t{\"@context\":\"https:\\\/\\\/schema.org\",\"@graph\":[{\"@type\":\"BlogPosting\",\"@id\":\"https:\\\/\\\/www.eldigitaldeasturias.com\\\/noticias\\\/zoido-se-declara-sobrecogido-por-la-desaparicion-del-nino-de-nijar\\\/#blogposting\",\"name\":\"Zoido se declara \\u00absobrecogido\\u00bb por la desaparici\\u00f3n del ni\\u00f1o de N\\u00edjar - El Digital de Asturias\",\"headline\":\"Zoido se declara \\u00absobrecogido\\u00bb por la desaparici\\u00f3n del ni\\u00f1o de N\\u00edjar\",\"author\":{\"@id\":\"https:\\\/\\\/www.eldigitaldeasturias.com\\\/noticias\\\/author\\\/admin\\\/#author\"},\"publisher\":{\"@id\":\"https:\\\/\\\/www.eldigitaldeasturias.com\\\/noticias\\\/#organization\"},\"image\":{\"@type\":\"ImageObject\",\"url\":970840},\"datePublished\":\"2018-03-02T14:36:48+01:00\",\"dateModified\":\"2018-03-02T14:36:48+01:00\",\"inLanguage\":\"es-ES\",\"mainEntityOfPage\":{\"@id\":\"https:\\\/\\\/www.eldigitaldeasturias.com\\\/noticias\\\/zoido-se-declara-sobrecogido-por-la-desaparicion-del-nino-de-nijar\\\/#webpage\"},\"isPartOf\":{\"@id\":\"https:\\\/\\\/www.eldigitaldeasturias.com\\\/noticias\\\/zoido-se-declara-sobrecogido-por-la-desaparicion-del-nino-de-nijar\\\/#webpage\"},\"articleSection\":\"Actualidad\"},{\"@type\":\"BreadcrumbList\",\"@id\":\"https:\\\/\\\/www.eldigitaldeasturias.com\\\/noticias\\\/zoido-se-declara-sobrecogido-por-la-desaparicion-del-nino-de-nijar\\\/#breadcrumblist\",\"itemListElement\":[{\"@type\":\"ListItem\",\"@id\":\"https:\\\/\\\/www.eldigitaldeasturias.com\\\/noticias#listItem\",\"position\":1,\"name\":\"Home\",\"item\":\"https:\\\/\\\/www.eldigitaldeasturias.com\\\/noticias\",\"nextItem\":{\"@type\":\"ListItem\",\"@id\":\"https:\\\/\\\/www.eldigitaldeasturias.com\\\/noticias\\\/category\\\/actualidad\\\/#listItem\",\"name\":\"Actualidad\"}},{\"@type\":\"ListItem\",\"@id\":\"https:\\\/\\\/www.eldigitaldeasturias.com\\\/noticias\\\/category\\\/actualidad\\\/#listItem\",\"position\":2,\"name\":\"Actualidad\",\"item\":\"https:\\\/\\\/www.eldigitaldeasturias.com\\\/noticias\\\/category\\\/actualidad\\\/\",\"nextItem\":{\"@type\":\"ListItem\",\"@id\":\"https:\\\/\\\/www.eldigitaldeasturias.com\\\/noticias\\\/zoido-se-declara-sobrecogido-por-la-desaparicion-del-nino-de-nijar\\\/#listItem\",\"name\":\"Zoido se declara \\u00absobrecogido\\u00bb por la desaparici\\u00f3n del ni\\u00f1o de N\\u00edjar\"},\"previousItem\":{\"@type\":\"ListItem\",\"@id\":\"https:\\\/\\\/www.eldigitaldeasturias.com\\\/noticias#listItem\",\"name\":\"Home\"}},{\"@type\":\"ListItem\",\"@id\":\"https:\\\/\\\/www.eldigitaldeasturias.com\\\/noticias\\\/zoido-se-declara-sobrecogido-por-la-desaparicion-del-nino-de-nijar\\\/#listItem\",\"position\":3,\"name\":\"Zoido se declara \\u00absobrecogido\\u00bb por la desaparici\\u00f3n del ni\\u00f1o de N\\u00edjar\",\"previousItem\":{\"@type\":\"ListItem\",\"@id\":\"https:\\\/\\\/www.eldigitaldeasturias.com\\\/noticias\\\/category\\\/actualidad\\\/#listItem\",\"name\":\"Actualidad\"}}]},{\"@type\":\"Organization\",\"@id\":\"https:\\\/\\\/www.eldigitaldeasturias.com\\\/noticias\\\/#organization\",\"name\":\"El Digital de Asturias\",\"description\":\"Hemeroteca\",\"url\":\"https:\\\/\\\/www.eldigitaldeasturias.com\\\/noticias\\\/\",\"email\":\"info@eldigitaldeasturias.com\",\"telephone\":\"+34652131393\",\"logo\":{\"@type\":\"ImageObject\",\"url\":\"https:\\\/\\\/www.eldigitaldeasturias.com\\\/noticias\\\/wp-content\\\/uploads\\\/2020\\\/12\\\/EDA.jpg\",\"@id\":\"https:\\\/\\\/www.eldigitaldeasturias.com\\\/noticias\\\/zoido-se-declara-sobrecogido-por-la-desaparicion-del-nino-de-nijar\\\/#organizationLogo\"},\"image\":{\"@id\":\"https:\\\/\\\/www.eldigitaldeasturias.com\\\/noticias\\\/zoido-se-declara-sobrecogido-por-la-desaparicion-del-nino-de-nijar\\\/#organizationLogo\"},\"sameAs\":[\"https:\\\/\\\/facebook.com\\\/eldigitaldeasturias\",\"https:\\\/\\\/www.youtube.com\\\/channel\\\/UCZP-2wLEB9Rv6erhFmqVnvg\"],\"address\":{\"@id\":\"https:\\\/\\\/www.eldigitaldeasturias.com\\\/noticias\\\/#postaladdress\",\"@type\":\"PostalAddress\",\"streetAddress\":\"san antonio 4\",\"postalCode\":\"33430\",\"addressLocality\":\"Cand\\u00e1s\",\"addressRegion\":\"Asturias\",\"addressCountry\":\"ES\"}},{\"@type\":\"Person\",\"@id\":\"https:\\\/\\\/www.eldigitaldeasturias.com\\\/noticias\\\/author\\\/admin\\\/#author\",\"url\":\"https:\\\/\\\/www.eldigitaldeasturias.com\\\/noticias\\\/author\\\/admin\\\/\",\"name\":\"El Digital de Asturias\",\"image\":{\"@type\":\"ImageObject\",\"@id\":\"https:\\\/\\\/www.eldigitaldeasturias.com\\\/noticias\\\/zoido-se-declara-sobrecogido-por-la-desaparicion-del-nino-de-nijar\\\/#authorImage\",\"url\":\"https:\\\/\\\/secure.gravatar.com\\\/avatar\\\/df2aeffc32bcd13f8d26072ef8a91b623d677766deac7f97ca815868cd41bf5e?s=96&d=mm&r=g\",\"width\":96,\"height\":96,\"caption\":\"El Digital de Asturias\"}},{\"@type\":\"WebPage\",\"@id\":\"https:\\\/\\\/www.eldigitaldeasturias.com\\\/noticias\\\/zoido-se-declara-sobrecogido-por-la-desaparicion-del-nino-de-nijar\\\/#webpage\",\"url\":\"https:\\\/\\\/www.eldigitaldeasturias.com\\\/noticias\\\/zoido-se-declara-sobrecogido-por-la-desaparicion-del-nino-de-nijar\\\/\",\"name\":\"Zoido se declara \\u00absobrecogido\\u00bb por la desaparici\\u00f3n del ni\\u00f1o de N\\u00edjar - El Digital de Asturias\",\"description\":\"Zoido se pronunci\\u00f3 as\\u00ed durante los actos de presentaci\\u00f3n del d\\u00e9cimo del Sorteo de Loter\\u00eda Nacional del pr\\u00f3ximo s\\u00e1bado, 3 de marzo, dedicado a las personas desaparecidas sin causa aparente, que se celebra el d\\u00eda 9 de este mes. El ministro, en un acto celebrado en la sede de su departamento, estuvo acompa\\u00f1ado por la\",\"inLanguage\":\"es-ES\",\"isPartOf\":{\"@id\":\"https:\\\/\\\/www.eldigitaldeasturias.com\\\/noticias\\\/#website\"},\"breadcrumb\":{\"@id\":\"https:\\\/\\\/www.eldigitaldeasturias.com\\\/noticias\\\/zoido-se-declara-sobrecogido-por-la-desaparicion-del-nino-de-nijar\\\/#breadcrumblist\"},\"author\":{\"@id\":\"https:\\\/\\\/www.eldigitaldeasturias.com\\\/noticias\\\/author\\\/admin\\\/#author\"},\"creator\":{\"@id\":\"https:\\\/\\\/www.eldigitaldeasturias.com\\\/noticias\\\/author\\\/admin\\\/#author\"},\"image\":{\"@type\":\"ImageObject\",\"url\":970840,\"@id\":\"https:\\\/\\\/www.eldigitaldeasturias.com\\\/noticias\\\/zoido-se-declara-sobrecogido-por-la-desaparicion-del-nino-de-nijar\\\/#mainImage\"},\"primaryImageOfPage\":{\"@id\":\"https:\\\/\\\/www.eldigitaldeasturias.com\\\/noticias\\\/zoido-se-declara-sobrecogido-por-la-desaparicion-del-nino-de-nijar\\\/#mainImage\"},\"datePublished\":\"2018-03-02T14:36:48+01:00\",\"dateModified\":\"2018-03-02T14:36:48+01:00\"},{\"@type\":\"WebSite\",\"@id\":\"https:\\\/\\\/www.eldigitaldeasturias.com\\\/noticias\\\/#website\",\"url\":\"https:\\\/\\\/www.eldigitaldeasturias.com\\\/noticias\\\/\",\"name\":\"El Digital de Asturias - Diario de actualidad y noticias\",\"alternateName\":\"El Digital de Asturias - Diario de actualidad y noticias\",\"description\":\"Hemeroteca\",\"inLanguage\":\"es-ES\",\"publisher\":{\"@id\":\"https:\\\/\\\/www.eldigitaldeasturias.com\\\/noticias\\\/#organization\"}}]}\n\t\t<\/script>\n\t\t<!-- All in One SEO Pro -->\r\n\t\t<title>Zoido se declara \u00absobrecogido\u00bb por la desaparici\u00f3n del ni\u00f1o de N\u00edjar - El Digital de Asturias<\/title>\n\n","aioseo_head_json":{"title":"Zoido se declara \u00absobrecogido\u00bb por la desaparici\u00f3n del ni\u00f1o de N\u00edjar - El Digital de Asturias","description":"Zoido se pronunci\u00f3 as\u00ed durante los actos de presentaci\u00f3n del d\u00e9cimo del Sorteo de Loter\u00eda Nacional del pr\u00f3ximo s\u00e1bado, 3 de marzo, dedicado a las personas desaparecidas sin causa aparente, que se celebra el d\u00eda 9 de este mes. El ministro, en un acto celebrado en la sede de su departamento, estuvo acompa\u00f1ado por la","canonical_url":"https:\/\/www.eldigitaldeasturias.com\/noticias\/zoido-se-declara-sobrecogido-por-la-desaparicion-del-nino-de-nijar\/","robots":"max-image-preview:large","keywords":"actualidad","webmasterTools":{"google-site-verification":"UA-38556648-1","msvalidate.01":"7dfe9f3f1b24437ab69f4f2559babe99","miscellaneous":""},"schema":{"@context":"https:\/\/schema.org","@graph":[{"@type":"BlogPosting","@id":"https:\/\/www.eldigitaldeasturias.com\/noticias\/zoido-se-declara-sobrecogido-por-la-desaparicion-del-nino-de-nijar\/#blogposting","name":"Zoido se declara \u00absobrecogido\u00bb por la desaparici\u00f3n del ni\u00f1o de N\u00edjar - El Digital de Asturias","headline":"Zoido se declara \u00absobrecogido\u00bb por la desaparici\u00f3n del ni\u00f1o de N\u00edjar","author":{"@id":"https:\/\/www.eldigitaldeasturias.com\/noticias\/author\/admin\/#author"},"publisher":{"@id":"https:\/\/www.eldigitaldeasturias.com\/noticias\/#organization"},"image":{"@type":"ImageObject","url":970840},"datePublished":"2018-03-02T14:36:48+01:00","dateModified":"2018-03-02T14:36:48+01:00","inLanguage":"es-ES","mainEntityOfPage":{"@id":"https:\/\/www.eldigitaldeasturias.com\/noticias\/zoido-se-declara-sobrecogido-por-la-desaparicion-del-nino-de-nijar\/#webpage"},"isPartOf":{"@id":"https:\/\/www.eldigitaldeasturias.com\/noticias\/zoido-se-declara-sobrecogido-por-la-desaparicion-del-nino-de-nijar\/#webpage"},"articleSection":"Actualidad"},{"@type":"BreadcrumbList","@id":"https:\/\/www.eldigitaldeasturias.com\/noticias\/zoido-se-declara-sobrecogido-por-la-desaparicion-del-nino-de-nijar\/#breadcrumblist","itemListElement":[{"@type":"ListItem","@id":"https:\/\/www.eldigitaldeasturias.com\/noticias#listItem","position":1,"name":"Home","item":"https:\/\/www.eldigitaldeasturias.com\/noticias","nextItem":{"@type":"ListItem","@id":"https:\/\/www.eldigitaldeasturias.com\/noticias\/category\/actualidad\/#listItem","name":"Actualidad"}},{"@type":"ListItem","@id":"https:\/\/www.eldigitaldeasturias.com\/noticias\/category\/actualidad\/#listItem","position":2,"name":"Actualidad","item":"https:\/\/www.eldigitaldeasturias.com\/noticias\/category\/actualidad\/","nextItem":{"@type":"ListItem","@id":"https:\/\/www.eldigitaldeasturias.com\/noticias\/zoido-se-declara-sobrecogido-por-la-desaparicion-del-nino-de-nijar\/#listItem","name":"Zoido se declara \u00absobrecogido\u00bb por la desaparici\u00f3n del ni\u00f1o de N\u00edjar"},"previousItem":{"@type":"ListItem","@id":"https:\/\/www.eldigitaldeasturias.com\/noticias#listItem","name":"Home"}},{"@type":"ListItem","@id":"https:\/\/www.eldigitaldeasturias.com\/noticias\/zoido-se-declara-sobrecogido-por-la-desaparicion-del-nino-de-nijar\/#listItem","position":3,"name":"Zoido se declara \u00absobrecogido\u00bb por la desaparici\u00f3n del ni\u00f1o de N\u00edjar","previousItem":{"@type":"ListItem","@id":"https:\/\/www.eldigitaldeasturias.com\/noticias\/category\/actualidad\/#listItem","name":"Actualidad"}}]},{"@type":"Organization","@id":"https:\/\/www.eldigitaldeasturias.com\/noticias\/#organization","name":"El Digital de Asturias","description":"Hemeroteca","url":"https:\/\/www.eldigitaldeasturias.com\/noticias\/","email":"info@eldigitaldeasturias.com","telephone":"+34652131393","logo":{"@type":"ImageObject","url":"https:\/\/www.eldigitaldeasturias.com\/noticias\/wp-content\/uploads\/2020\/12\/EDA.jpg","@id":"https:\/\/www.eldigitaldeasturias.com\/noticias\/zoido-se-declara-sobrecogido-por-la-desaparicion-del-nino-de-nijar\/#organizationLogo"},"image":{"@id":"https:\/\/www.eldigitaldeasturias.com\/noticias\/zoido-se-declara-sobrecogido-por-la-desaparicion-del-nino-de-nijar\/#organizationLogo"},"sameAs":["https:\/\/facebook.com\/eldigitaldeasturias","https:\/\/www.youtube.com\/channel\/UCZP-2wLEB9Rv6erhFmqVnvg"],"address":{"@id":"https:\/\/www.eldigitaldeasturias.com\/noticias\/#postaladdress","@type":"PostalAddress","streetAddress":"san antonio 4","postalCode":"33430","addressLocality":"Cand\u00e1s","addressRegion":"Asturias","addressCountry":"ES"}},{"@type":"Person","@id":"https:\/\/www.eldigitaldeasturias.com\/noticias\/author\/admin\/#author","url":"https:\/\/www.eldigitaldeasturias.com\/noticias\/author\/admin\/","name":"El Digital de Asturias","image":{"@type":"ImageObject","@id":"https:\/\/www.eldigitaldeasturias.com\/noticias\/zoido-se-declara-sobrecogido-por-la-desaparicion-del-nino-de-nijar\/#authorImage","url":"https:\/\/secure.gravatar.com\/avatar\/df2aeffc32bcd13f8d26072ef8a91b623d677766deac7f97ca815868cd41bf5e?s=96&d=mm&r=g","width":96,"height":96,"caption":"El Digital de Asturias"}},{"@type":"WebPage","@id":"https:\/\/www.eldigitaldeasturias.com\/noticias\/zoido-se-declara-sobrecogido-por-la-desaparicion-del-nino-de-nijar\/#webpage","url":"https:\/\/www.eldigitaldeasturias.com\/noticias\/zoido-se-declara-sobrecogido-por-la-desaparicion-del-nino-de-nijar\/","name":"Zoido se declara \u00absobrecogido\u00bb por la desaparici\u00f3n del ni\u00f1o de N\u00edjar - El Digital de Asturias","description":"Zoido se pronunci\u00f3 as\u00ed durante los actos de presentaci\u00f3n del d\u00e9cimo del Sorteo de Loter\u00eda Nacional del pr\u00f3ximo s\u00e1bado, 3 de marzo, dedicado a las personas desaparecidas sin causa aparente, que se celebra el d\u00eda 9 de este mes. El ministro, en un acto celebrado en la sede de su departamento, estuvo acompa\u00f1ado por la","inLanguage":"es-ES","isPartOf":{"@id":"https:\/\/www.eldigitaldeasturias.com\/noticias\/#website"},"breadcrumb":{"@id":"https:\/\/www.eldigitaldeasturias.com\/noticias\/zoido-se-declara-sobrecogido-por-la-desaparicion-del-nino-de-nijar\/#breadcrumblist"},"author":{"@id":"https:\/\/www.eldigitaldeasturias.com\/noticias\/author\/admin\/#author"},"creator":{"@id":"https:\/\/www.eldigitaldeasturias.com\/noticias\/author\/admin\/#author"},"image":{"@type":"ImageObject","url":970840,"@id":"https:\/\/www.eldigitaldeasturias.com\/noticias\/zoido-se-declara-sobrecogido-por-la-desaparicion-del-nino-de-nijar\/#mainImage"},"primaryImageOfPage":{"@id":"https:\/\/www.eldigitaldeasturias.com\/noticias\/zoido-se-declara-sobrecogido-por-la-desaparicion-del-nino-de-nijar\/#mainImage"},"datePublished":"2018-03-02T14:36:48+01:00","dateModified":"2018-03-02T14:36:48+01:00"},{"@type":"WebSite","@id":"https:\/\/www.eldigitaldeasturias.com\/noticias\/#website","url":"https:\/\/www.eldigitaldeasturias.com\/noticias\/","name":"El Digital de Asturias - Diario de actualidad y noticias","alternateName":"El Digital de Asturias - Diario de actualidad y noticias","description":"Hemeroteca","inLanguage":"es-ES","publisher":{"@id":"https:\/\/www.eldigitaldeasturias.com\/noticias\/#organization"}}]},"og:locale":"es_ES","og:site_name":"El Digital de Asturias","og:type":"article","og:title":"Zoido se declara \u00absobrecogido\u00bb por la desaparici\u00f3n del ni\u00f1o de N\u00edjar - El Digital de Asturias","og:description":"Zoido se pronunci\u00f3 as\u00ed durante los actos de presentaci\u00f3n del d\u00e9cimo del Sorteo de Loter\u00eda Nacional del pr\u00f3ximo s\u00e1bado, 3 de marzo, dedicado a las personas desaparecidas sin causa aparente, que se celebra el d\u00eda 9 de este mes. El ministro, en un acto celebrado en la sede de su departamento, estuvo acompa\u00f1ado por la","og:url":"https:\/\/www.eldigitaldeasturias.com\/noticias\/zoido-se-declara-sobrecogido-por-la-desaparicion-del-nino-de-nijar\/","article:tag":["actualidad"],"article:published_time":"2018-03-02T14:36:48+00:00","article:modified_time":"2018-03-02T14:36:48+00:00","article:publisher":"https:\/\/facebook.com\/eldigitaldeasturias","twitter:card":"summary_large_image","twitter:title":"Zoido se declara \u00absobrecogido\u00bb por la desaparici\u00f3n del ni\u00f1o de N\u00edjar - El Digital de Asturias","twitter:description":"Zoido se pronunci\u00f3 as\u00ed durante los actos de presentaci\u00f3n del d\u00e9cimo del Sorteo de Loter\u00eda Nacional del pr\u00f3ximo s\u00e1bado, 3 de marzo, dedicado a las personas desaparecidas sin causa aparente, que se celebra el d\u00eda 9 de este mes. El ministro, en un acto celebrado en la sede de su departamento, estuvo acompa\u00f1ado por la","twitter:image":"https:\/\/www.eldigitaldeasturias.com\/noticias\/wp-content\/uploads\/2020\/12\/EDA-1.jpg","twitter:label1":"Escrito por","twitter:data1":"El Digital de Asturias","twitter:label2":"Tiempo de lectura estimado","twitter:data2":"2 minutos"},"aioseo_meta_data":{"post_id":"970839","title":null,"description":null,"keywords":null,"keyphrases":null,"primary_term":null,"canonical_url":null,"og_title":null,"og_description":null,"og_object_type":"default","og_image_type":"default","og_image_url":null,"og_image_width":null,"og_image_height":null,"og_image_custom_url":null,"og_image_custom_fields":null,"og_video":null,"og_custom_url":null,"og_article_section":null,"og_article_tags":null,"twitter_use_og":false,"twitter_card":"default","twitter_image_type":"default","twitter_image_url":null,"twitter_image_custom_url":null,"twitter_image_custom_fields":null,"twitter_title":null,"twitter_description":null,"schema":{"blockGraphs":[],"customGraphs":[],"default":{"data":{"Article":[],"Course":[],"Dataset":[],"FAQPage":[],"Movie":[],"Person":[],"Product":[],"ProductReview":[],"Car":[],"Recipe":[],"Service":[],"SoftwareApplication":[],"WebPage":[]},"graphName":"","isEnabled":true},"graphs":[],"defaultGraph":"","defaultPostTypeGraph":""},"schema_type":null,"schema_type_options":null,"pillar_content":false,"robots_default":true,"robots_noindex":false,"robots_noarchive":false,"robots_nosnippet":false,"robots_nofollow":false,"robots_noimageindex":false,"robots_noodp":false,"robots_notranslate":false,"robots_max_snippet":null,"robots_max_videopreview":null,"robots_max_imagepreview":"large","priority":null,"frequency":null,"local_seo":null,"seo_analyzer_scan_date":"2025-10-07 07:02:00","breadcrumb_settings":null,"limit_modified_date":false,"open_ai":null,"ai":null,"created":"2020-12-21 12:23:36","updated":"2025-10-07 07:02:00","focus_keyword":null,"additional_keywords":null,"truseo_locale":null},"aioseo_breadcrumb":"<div class=\"aioseo-breadcrumbs\"><span class=\"aioseo-breadcrumb\">\n\t<a href=\"https:\/\/www.eldigitaldeasturias.com\/noticias\" title=\"Home\">Home<\/a>\n<\/span><span class=\"aioseo-breadcrumb-separator\">\u2013<\/span><span class=\"aioseo-breadcrumb\">\n\t<a href=\"https:\/\/www.eldigitaldeasturias.com\/noticias\/category\/actualidad\/\" title=\"Actualidad\">Actualidad<\/a>\n<\/span><span class=\"aioseo-breadcrumb-separator\">\u2013<\/span><span class=\"aioseo-breadcrumb\">\n\t<a href=\"https:\/\/www.eldigitaldeasturias.com\/noticias\/zoido-se-declara-sobrecogido-por-la-desaparicion-del-nino-de-nijar\/\" title=\"Zoido se declara \u00absobrecogido\u00bb por la desaparici\u00f3n del ni\u00f1o de N\u00edjar\">Zoido se declara \u00absobrecogido\u00bb por la desaparici\u00f3n del ni\u00f1o de N\u00edjar<\/a>\n<\/span><\/div>","aioseo_breadcrumb_json":[{"label":"Home","link":"https:\/\/www.eldigitaldeasturias.com\/noticias"},{"label":"Actualidad","link":"https:\/\/www.eldigitaldeasturias.com\/noticias\/category\/actualidad\/"},{"label":"Zoido se declara \u00absobrecogido\u00bb por la desaparici\u00f3n del ni\u00f1o de N\u00edjar","link":"https:\/\/www.eldigitaldeasturias.com\/noticias\/zoido-se-declara-sobrecogido-por-la-desaparicion-del-nino-de-nijar\/"}],"_links":{"self":[{"href":"https:\/\/www.eldigitaldeasturias.com\/noticias\/wp-json\/wp\/v2\/posts\/970839","targetHints":{"allow":["GET"]}}],"collection":[{"href":"https:\/\/www.eldigitaldeasturias.com\/noticias\/wp-json\/wp\/v2\/posts"}],"about":[{"href":"https:\/\/www.eldigitaldeasturias.com\/noticias\/wp-json\/wp\/v2\/types\/post"}],"author":[{"embeddable":true,"href":"https:\/\/www.eldigitaldeasturias.com\/noticias\/wp-json\/wp\/v2\/users\/1"}],"replies":[{"embeddable":true,"href":"https:\/\/www.eldigitaldeasturias.com\/noticias\/wp-json\/wp\/v2\/comments?post=970839"}],"version-history":[{"count":0,"href":"https:\/\/www.eldigitaldeasturias.com\/noticias\/wp-json\/wp\/v2\/posts\/970839\/revisions"}],"wp:attachment":[{"href":"https:\/\/www.eldigitaldeasturias.com\/noticias\/wp-json\/wp\/v2\/media?parent=970839"}],"wp:term":[{"taxonomy":"category","embeddable":true,"href":"https:\/\/www.eldigitaldeasturias.com\/noticias\/wp-json\/wp\/v2\/categories?post=970839"},{"taxonomy":"post_tag","embeddable":true,"href":"https:\/\/www.eldigitaldeasturias.com\/noticias\/wp-json\/wp\/v2\/tags?post=970839"}],"curies":[{"name":"wp","href":"https:\/\/api.w.org\/{rel}","templated":true}]}}