{"id":970822,"date":"2018-03-01T23:43:26","date_gmt":"2018-03-01T23:43:26","guid":{"rendered":"http:\/\/www.eldigitaldeasturias.com\/noticias\/?p=970822"},"modified":"2018-03-01T23:43:26","modified_gmt":"2018-03-01T23:43:26","slug":"carles-puigdemont-renuncia-a-la-presidencia","status":"publish","type":"post","link":"https:\/\/www.eldigitaldeasturias.com\/noticias\/carles-puigdemont-renuncia-a-la-presidencia\/","title":{"rendered":"Carles Puigdemont \u201crenuncia\u201d a la presidencia"},"content":{"rendered":"<p><img loading=\"lazy\" decoding=\"async\" class=\"alignleft size-medium wp-image-874266\" src=\"https:\/\/www.eldigitaldeasturias.com\/noticias\/wp-content\/uploads\/2016\/04\/fotonoticia_20160415131727_800-360x231.jpg\" alt=\"\" width=\"360\" height=\"231\" \/>Madrid, 1 mar (dpa) &#8211; El independentista Carles Puigdemont renunci\u00f3 hoy \u00abprovisionalmente\u00bb a presidir el Gobierno de Catalu\u00f1a y dej\u00f3 paso a un candidato alternativo, el separatista preso Jordi S\u00e0nchez, para tratar de desbloquear la situaci\u00f3n en la regi\u00f3n espa\u00f1ola.<\/p>\n<p>En un v\u00eddeo grabado y difundido a trav\u00e9s de las redes sociales, explic\u00f3 que \u00aben las condiciones actuales\u00bb su retirada \u00abes la \u00fanica forma de poder acordar un nuevo Gobierno\u00bb, aunque el hecho de que S\u00e0nchez est\u00e9 en prisi\u00f3n complica tambi\u00e9n su posible investidura.<\/p>\n<p>\u00abNo claudicar\u00e9, no renunciar\u00e9, no me retirar\u00e9 ante la actuaci\u00f3n ileg\u00edtima de los que han perdido en las urnas\u00bb, dijo Puigdemont en alusi\u00f3n a la mayor\u00eda absoluta cosechada por las fuerzas separatistas en las elecciones regionales de diciembre, convocadas por Madrid tras la destituci\u00f3n del Gobierno catal\u00e1n al completo.<\/p>\n<p>La gran inc\u00f3gnita es si volver\u00e1 a optar a la presidencia del Ejecutivo catal\u00e1n en caso de que fracase la investidura de Jordi S\u00e0nchez.<\/p>\n<p>Puigdemont, de 54 a\u00f1os, se traslad\u00f3 a B\u00e9lgica en octubre para evitar ser detenido en Espa\u00f1a, donde est\u00e1 siendo investigado por delitos relacionados con sus planes de ruptura con el Estado espa\u00f1ol.<\/p>\n<p>Desde entonces, intent\u00f3 sin \u00e9xito ponerse al frente del Gobierno catal\u00e1n en la distancia. Pero la Justicia advirti\u00f3 que dicha opci\u00f3n era ilegal y la formaci\u00f3n del Ejecutivo qued\u00f3 paralizada.<\/p>\n<p>Desde hace semanas, los dos principales partidos independentistas, Junts per Catalunya (JxCAT) y Esquerra Republicana (ERC), trataron de negociar un acuerdo para desencallar la situaci\u00f3n.<\/p>\n<p>Y el hombre se\u00f1alado para ponerse al frente de un Gobierno \u00abefectivo\u00bb en Catalu\u00f1a fue Jordi S\u00e0nchez, ex l\u00edder civil independentista enviado a prisi\u00f3n preventiva el pasado octubre e investigado en la causa del proceso separatista que desemboc\u00f3 en una grave crisis en Espa\u00f1a.<\/p>\n<p>\u00abEs un hombre de paz injustamente encarcelado\u00bb, dijo hoy sobre \u00e9l Puigdemont en su discurso difundido en las redes sociales.<\/p>\n<p>Sin embargo, desde Madrid dudan que la investidura pueda hacerse efectiva con un candidato en prisi\u00f3n y recuerdan que la Justicia no permiti\u00f3 siquiera que S\u00e0nchez saliera de la c\u00e1rcel en enero para asistir al pleno de constituci\u00f3n del Parlamento catal\u00e1n.<\/p>\n<p>\u00abSi queremos construir, hay que elegir a una persona que est\u00e9 en Espa\u00f1a, que no est\u00e9 en la c\u00e1rcel. Hay que elegir un presidente que no tenga problemas con la justicia\u00bb, dijo hoy el jefe del Ejecutivo espa\u00f1ol, Mariano Rajoy, en una entrevista al canal Telecinco.<\/p>\n<p>Puigdemont habl\u00f3 en su mensaje del inicio de una \u00abnueva etapa\u00bb en Catalu\u00f1a para recuperar las instituciones regionales, que fueron intervenidas en octubre por el Gobierno espa\u00f1ol de Mariano Rajoy para frenar el proceso independentista catal\u00e1n. \u00abNo nos rendiremos, no renunciaremos\u00bb, exclam\u00f3.<\/p>\n<p>El l\u00edder independentista considera que, con su paso a un lado, se podr\u00e1 \u00abemprender la siguiente fase del camino hacia la independencia\u00bb de Catalu\u00f1a \u00abdesde espacios m\u00e1s libres y democr\u00e1ticos\u00bb.<\/p>\n<p>Por perfilar sus planes, anunci\u00f3 que en los pr\u00f3ximos d\u00edas convocar\u00e1 a miembros del \u00abParlament\u00bb catal\u00e1n a una reuni\u00f3n en Bruselas.<\/p>\n<p>La retirada \u00abprovisional\u00bb del l\u00edder independentista llega despu\u00e9s de que el Parlamento catal\u00e1n aprobara hoy una resoluci\u00f3n para apoyar su legitimidad como \u00abpresident\u00bb de forma simb\u00f3lica.<\/p>\n<p><i class=\"lang-es\"><span class=\" readonly\" title=\"\">Por Ana L\u00e1zaro Verde (dpa)<\/span><\/i><\/p>\n","protected":false},"excerpt":{"rendered":"<p>Madrid, 1 mar (dpa) &#8211; El independentista Carles Puigdemont renunci\u00f3 hoy \u00abprovisionalmente\u00bb a presidir el Gobierno de Catalu\u00f1a y dej\u00f3 paso a un candidato alternativo, el separatista preso Jordi S\u00e0nchez, para tratar de desbloquear la situaci\u00f3n en la regi\u00f3n espa\u00f1ola. En un v\u00eddeo grabado y difundido a trav\u00e9s de las redes sociales, explic\u00f3 que \u00aben [&hellip;]<\/p>\n","protected":false},"author":1,"featured_media":874266,"comment_status":"closed","ping_status":"closed","sticky":false,"template":"","format":"standard","meta":{"footnotes":""},"categories":[1],"tags":[],"class_list":["post-970822","post","type-post","status-publish","format-standard","has-post-thumbnail","hentry","category-actualidad"],"aioseo_notices":[],"aioseo_head":"\n\t\t<!-- All in One SEO Pro 5.0.1 - aioseo.com -->\n\t<meta name=\"description\" content=\"Madrid, 1 mar (dpa) - El independentista Carles Puigdemont renunci\u00f3 hoy &quot;provisionalmente&quot; a presidir el Gobierno de Catalu\u00f1a y dej\u00f3 paso a un candidato alternativo, el separatista preso Jordi S\u00e0nchez, para tratar de desbloquear la situaci\u00f3n en la regi\u00f3n espa\u00f1ola. En un v\u00eddeo grabado y difundido a trav\u00e9s de las redes sociales, explic\u00f3 que &quot;en\" \/>\n\t<meta name=\"robots\" content=\"max-image-preview:large\" \/>\n\t<meta name=\"author\" content=\"El Digital de Asturias\"\/>\n\t<meta name=\"google-site-verification\" content=\"UA-38556648-1\" \/>\n\t<meta name=\"msvalidate.01\" content=\"7dfe9f3f1b24437ab69f4f2559babe99\" \/>\n\t<meta name=\"keywords\" content=\"actualidad\" \/>\n\t<link rel=\"canonical\" href=\"https:\/\/www.eldigitaldeasturias.com\/noticias\/carles-puigdemont-renuncia-a-la-presidencia\/\" \/>\n\t<meta name=\"generator\" content=\"All in One SEO Pro (AIOSEO) 5.0.1\" \/>\n\t\t<meta property=\"og:locale\" content=\"es_ES\" \/>\n\t\t<meta property=\"og:site_name\" content=\"El Digital de Asturias\" \/>\n\t\t<meta property=\"og:type\" content=\"article\" \/>\n\t\t<meta property=\"og:title\" content=\"Carles Puigdemont \u201crenuncia\u201d a la presidencia - El Digital de Asturias\" \/>\n\t\t<meta property=\"og:description\" content=\"Madrid, 1 mar (dpa) - El independentista Carles Puigdemont renunci\u00f3 hoy &quot;provisionalmente&quot; a presidir el Gobierno de Catalu\u00f1a y dej\u00f3 paso a un candidato alternativo, el separatista preso Jordi S\u00e0nchez, para tratar de desbloquear la situaci\u00f3n en la regi\u00f3n espa\u00f1ola. En un v\u00eddeo grabado y difundido a trav\u00e9s de las redes sociales, explic\u00f3 que &quot;en\" \/>\n\t\t<meta property=\"og:url\" content=\"https:\/\/www.eldigitaldeasturias.com\/noticias\/carles-puigdemont-renuncia-a-la-presidencia\/\" \/>\n\t\t<meta property=\"article:tag\" content=\"actualidad\" \/>\n\t\t<meta property=\"article:published_time\" content=\"2018-03-01T23:43:26+00:00\" \/>\n\t\t<meta property=\"article:modified_time\" content=\"2018-03-01T23:43:26+00:00\" \/>\n\t\t<meta property=\"article:publisher\" content=\"https:\/\/facebook.com\/eldigitaldeasturias\" \/>\n\t\t<meta name=\"twitter:card\" content=\"summary_large_image\" \/>\n\t\t<meta name=\"twitter:title\" content=\"Carles Puigdemont \u201crenuncia\u201d a la presidencia - El Digital de Asturias\" \/>\n\t\t<meta name=\"twitter:description\" content=\"Madrid, 1 mar (dpa) - El independentista Carles Puigdemont renunci\u00f3 hoy &quot;provisionalmente&quot; a presidir el Gobierno de Catalu\u00f1a y dej\u00f3 paso a un candidato alternativo, el separatista preso Jordi S\u00e0nchez, para tratar de desbloquear la situaci\u00f3n en la regi\u00f3n espa\u00f1ola. En un v\u00eddeo grabado y difundido a trav\u00e9s de las redes sociales, explic\u00f3 que &quot;en\" \/>\n\t\t<meta name=\"twitter:image\" content=\"https:\/\/www.eldigitaldeasturias.com\/noticias\/wp-content\/uploads\/2020\/12\/EDA-1.jpg\" \/>\n\t\t<meta name=\"twitter:label1\" content=\"Escrito por\" \/>\n\t\t<meta name=\"twitter:data1\" content=\"El Digital de Asturias\" \/>\n\t\t<meta name=\"twitter:label2\" content=\"Tiempo de lectura estimado\" \/>\n\t\t<meta name=\"twitter:data2\" content=\"3 minutos\" \/>\n\t\t<script type=\"application\/ld+json\" class=\"aioseo-schema\">\n\t\t\t{\"@context\":\"https:\\\/\\\/schema.org\",\"@graph\":[{\"@type\":\"BlogPosting\",\"@id\":\"https:\\\/\\\/www.eldigitaldeasturias.com\\\/noticias\\\/carles-puigdemont-renuncia-a-la-presidencia\\\/#blogposting\",\"name\":\"Carles Puigdemont \\u201crenuncia\\u201d a la presidencia - El Digital de Asturias\",\"headline\":\"Carles Puigdemont \\u201crenuncia\\u201d a la presidencia\",\"author\":{\"@id\":\"https:\\\/\\\/www.eldigitaldeasturias.com\\\/noticias\\\/author\\\/admin\\\/#author\"},\"publisher\":{\"@id\":\"https:\\\/\\\/www.eldigitaldeasturias.com\\\/noticias\\\/#organization\"},\"image\":{\"@type\":\"ImageObject\",\"url\":874266},\"datePublished\":\"2018-03-01T23:43:26+01:00\",\"dateModified\":\"2018-03-01T23:43:26+01:00\",\"inLanguage\":\"es-ES\",\"mainEntityOfPage\":{\"@id\":\"https:\\\/\\\/www.eldigitaldeasturias.com\\\/noticias\\\/carles-puigdemont-renuncia-a-la-presidencia\\\/#webpage\"},\"isPartOf\":{\"@id\":\"https:\\\/\\\/www.eldigitaldeasturias.com\\\/noticias\\\/carles-puigdemont-renuncia-a-la-presidencia\\\/#webpage\"},\"articleSection\":\"Actualidad\"},{\"@type\":\"BreadcrumbList\",\"@id\":\"https:\\\/\\\/www.eldigitaldeasturias.com\\\/noticias\\\/carles-puigdemont-renuncia-a-la-presidencia\\\/#breadcrumblist\",\"itemListElement\":[{\"@type\":\"ListItem\",\"@id\":\"https:\\\/\\\/www.eldigitaldeasturias.com\\\/noticias#listItem\",\"position\":1,\"name\":\"Home\",\"item\":\"https:\\\/\\\/www.eldigitaldeasturias.com\\\/noticias\",\"nextItem\":{\"@type\":\"ListItem\",\"@id\":\"https:\\\/\\\/www.eldigitaldeasturias.com\\\/noticias\\\/category\\\/actualidad\\\/#listItem\",\"name\":\"Actualidad\"}},{\"@type\":\"ListItem\",\"@id\":\"https:\\\/\\\/www.eldigitaldeasturias.com\\\/noticias\\\/category\\\/actualidad\\\/#listItem\",\"position\":2,\"name\":\"Actualidad\",\"item\":\"https:\\\/\\\/www.eldigitaldeasturias.com\\\/noticias\\\/category\\\/actualidad\\\/\",\"nextItem\":{\"@type\":\"ListItem\",\"@id\":\"https:\\\/\\\/www.eldigitaldeasturias.com\\\/noticias\\\/carles-puigdemont-renuncia-a-la-presidencia\\\/#listItem\",\"name\":\"Carles Puigdemont \\u201crenuncia\\u201d a la presidencia\"},\"previousItem\":{\"@type\":\"ListItem\",\"@id\":\"https:\\\/\\\/www.eldigitaldeasturias.com\\\/noticias#listItem\",\"name\":\"Home\"}},{\"@type\":\"ListItem\",\"@id\":\"https:\\\/\\\/www.eldigitaldeasturias.com\\\/noticias\\\/carles-puigdemont-renuncia-a-la-presidencia\\\/#listItem\",\"position\":3,\"name\":\"Carles Puigdemont \\u201crenuncia\\u201d a la presidencia\",\"previousItem\":{\"@type\":\"ListItem\",\"@id\":\"https:\\\/\\\/www.eldigitaldeasturias.com\\\/noticias\\\/category\\\/actualidad\\\/#listItem\",\"name\":\"Actualidad\"}}]},{\"@type\":\"Organization\",\"@id\":\"https:\\\/\\\/www.eldigitaldeasturias.com\\\/noticias\\\/#organization\",\"name\":\"El Digital de Asturias\",\"description\":\"Hemeroteca\",\"url\":\"https:\\\/\\\/www.eldigitaldeasturias.com\\\/noticias\\\/\",\"email\":\"info@eldigitaldeasturias.com\",\"telephone\":\"+34652131393\",\"logo\":{\"@type\":\"ImageObject\",\"url\":\"https:\\\/\\\/www.eldigitaldeasturias.com\\\/noticias\\\/wp-content\\\/uploads\\\/2020\\\/12\\\/EDA.jpg\",\"@id\":\"https:\\\/\\\/www.eldigitaldeasturias.com\\\/noticias\\\/carles-puigdemont-renuncia-a-la-presidencia\\\/#organizationLogo\"},\"image\":{\"@id\":\"https:\\\/\\\/www.eldigitaldeasturias.com\\\/noticias\\\/carles-puigdemont-renuncia-a-la-presidencia\\\/#organizationLogo\"},\"sameAs\":[\"https:\\\/\\\/facebook.com\\\/eldigitaldeasturias\",\"https:\\\/\\\/www.youtube.com\\\/channel\\\/UCZP-2wLEB9Rv6erhFmqVnvg\"],\"address\":{\"@id\":\"https:\\\/\\\/www.eldigitaldeasturias.com\\\/noticias\\\/#postaladdress\",\"@type\":\"PostalAddress\",\"streetAddress\":\"san antonio 4\",\"postalCode\":\"33430\",\"addressLocality\":\"Cand\\u00e1s\",\"addressRegion\":\"Asturias\",\"addressCountry\":\"ES\"}},{\"@type\":\"Person\",\"@id\":\"https:\\\/\\\/www.eldigitaldeasturias.com\\\/noticias\\\/author\\\/admin\\\/#author\",\"url\":\"https:\\\/\\\/www.eldigitaldeasturias.com\\\/noticias\\\/author\\\/admin\\\/\",\"name\":\"El Digital de Asturias\",\"image\":{\"@type\":\"ImageObject\",\"@id\":\"https:\\\/\\\/www.eldigitaldeasturias.com\\\/noticias\\\/carles-puigdemont-renuncia-a-la-presidencia\\\/#authorImage\",\"url\":\"https:\\\/\\\/secure.gravatar.com\\\/avatar\\\/df2aeffc32bcd13f8d26072ef8a91b623d677766deac7f97ca815868cd41bf5e?s=96&d=mm&r=g\",\"width\":96,\"height\":96,\"caption\":\"El Digital de Asturias\"}},{\"@type\":\"WebPage\",\"@id\":\"https:\\\/\\\/www.eldigitaldeasturias.com\\\/noticias\\\/carles-puigdemont-renuncia-a-la-presidencia\\\/#webpage\",\"url\":\"https:\\\/\\\/www.eldigitaldeasturias.com\\\/noticias\\\/carles-puigdemont-renuncia-a-la-presidencia\\\/\",\"name\":\"Carles Puigdemont \\u201crenuncia\\u201d a la presidencia - El Digital de Asturias\",\"description\":\"Madrid, 1 mar (dpa) - El independentista Carles Puigdemont renunci\\u00f3 hoy \\\"provisionalmente\\\" a presidir el Gobierno de Catalu\\u00f1a y dej\\u00f3 paso a un candidato alternativo, el separatista preso Jordi S\\u00e0nchez, para tratar de desbloquear la situaci\\u00f3n en la regi\\u00f3n espa\\u00f1ola. En un v\\u00eddeo grabado y difundido a trav\\u00e9s de las redes sociales, explic\\u00f3 que \\\"en\",\"inLanguage\":\"es-ES\",\"isPartOf\":{\"@id\":\"https:\\\/\\\/www.eldigitaldeasturias.com\\\/noticias\\\/#website\"},\"breadcrumb\":{\"@id\":\"https:\\\/\\\/www.eldigitaldeasturias.com\\\/noticias\\\/carles-puigdemont-renuncia-a-la-presidencia\\\/#breadcrumblist\"},\"author\":{\"@id\":\"https:\\\/\\\/www.eldigitaldeasturias.com\\\/noticias\\\/author\\\/admin\\\/#author\"},\"creator\":{\"@id\":\"https:\\\/\\\/www.eldigitaldeasturias.com\\\/noticias\\\/author\\\/admin\\\/#author\"},\"image\":{\"@type\":\"ImageObject\",\"url\":874266,\"@id\":\"https:\\\/\\\/www.eldigitaldeasturias.com\\\/noticias\\\/carles-puigdemont-renuncia-a-la-presidencia\\\/#mainImage\"},\"primaryImageOfPage\":{\"@id\":\"https:\\\/\\\/www.eldigitaldeasturias.com\\\/noticias\\\/carles-puigdemont-renuncia-a-la-presidencia\\\/#mainImage\"},\"datePublished\":\"2018-03-01T23:43:26+01:00\",\"dateModified\":\"2018-03-01T23:43:26+01:00\"},{\"@type\":\"WebSite\",\"@id\":\"https:\\\/\\\/www.eldigitaldeasturias.com\\\/noticias\\\/#website\",\"url\":\"https:\\\/\\\/www.eldigitaldeasturias.com\\\/noticias\\\/\",\"name\":\"El Digital de Asturias - Diario de actualidad y noticias\",\"alternateName\":\"El Digital de Asturias - Diario de actualidad y noticias\",\"description\":\"Hemeroteca\",\"inLanguage\":\"es-ES\",\"publisher\":{\"@id\":\"https:\\\/\\\/www.eldigitaldeasturias.com\\\/noticias\\\/#organization\"}}]}\n\t\t<\/script>\n\t\t<!-- All in One SEO Pro -->\r\n\t\t<title>Carles Puigdemont \u201crenuncia\u201d a la presidencia - El Digital de Asturias<\/title>\n\n","aioseo_head_json":{"title":"Carles Puigdemont \u201crenuncia\u201d a la presidencia - El Digital de Asturias","description":"Madrid, 1 mar (dpa) - El independentista Carles Puigdemont renunci\u00f3 hoy \"provisionalmente\" a presidir el Gobierno de Catalu\u00f1a y dej\u00f3 paso a un candidato alternativo, el separatista preso Jordi S\u00e0nchez, para tratar de desbloquear la situaci\u00f3n en la regi\u00f3n espa\u00f1ola. En un v\u00eddeo grabado y difundido a trav\u00e9s de las redes sociales, explic\u00f3 que \"en","canonical_url":"https:\/\/www.eldigitaldeasturias.com\/noticias\/carles-puigdemont-renuncia-a-la-presidencia\/","robots":"max-image-preview:large","keywords":"actualidad","webmasterTools":{"google-site-verification":"UA-38556648-1","msvalidate.01":"7dfe9f3f1b24437ab69f4f2559babe99","miscellaneous":""},"schema":{"@context":"https:\/\/schema.org","@graph":[{"@type":"BlogPosting","@id":"https:\/\/www.eldigitaldeasturias.com\/noticias\/carles-puigdemont-renuncia-a-la-presidencia\/#blogposting","name":"Carles Puigdemont \u201crenuncia\u201d a la presidencia - El Digital de Asturias","headline":"Carles Puigdemont \u201crenuncia\u201d a la presidencia","author":{"@id":"https:\/\/www.eldigitaldeasturias.com\/noticias\/author\/admin\/#author"},"publisher":{"@id":"https:\/\/www.eldigitaldeasturias.com\/noticias\/#organization"},"image":{"@type":"ImageObject","url":874266},"datePublished":"2018-03-01T23:43:26+01:00","dateModified":"2018-03-01T23:43:26+01:00","inLanguage":"es-ES","mainEntityOfPage":{"@id":"https:\/\/www.eldigitaldeasturias.com\/noticias\/carles-puigdemont-renuncia-a-la-presidencia\/#webpage"},"isPartOf":{"@id":"https:\/\/www.eldigitaldeasturias.com\/noticias\/carles-puigdemont-renuncia-a-la-presidencia\/#webpage"},"articleSection":"Actualidad"},{"@type":"BreadcrumbList","@id":"https:\/\/www.eldigitaldeasturias.com\/noticias\/carles-puigdemont-renuncia-a-la-presidencia\/#breadcrumblist","itemListElement":[{"@type":"ListItem","@id":"https:\/\/www.eldigitaldeasturias.com\/noticias#listItem","position":1,"name":"Home","item":"https:\/\/www.eldigitaldeasturias.com\/noticias","nextItem":{"@type":"ListItem","@id":"https:\/\/www.eldigitaldeasturias.com\/noticias\/category\/actualidad\/#listItem","name":"Actualidad"}},{"@type":"ListItem","@id":"https:\/\/www.eldigitaldeasturias.com\/noticias\/category\/actualidad\/#listItem","position":2,"name":"Actualidad","item":"https:\/\/www.eldigitaldeasturias.com\/noticias\/category\/actualidad\/","nextItem":{"@type":"ListItem","@id":"https:\/\/www.eldigitaldeasturias.com\/noticias\/carles-puigdemont-renuncia-a-la-presidencia\/#listItem","name":"Carles Puigdemont \u201crenuncia\u201d a la presidencia"},"previousItem":{"@type":"ListItem","@id":"https:\/\/www.eldigitaldeasturias.com\/noticias#listItem","name":"Home"}},{"@type":"ListItem","@id":"https:\/\/www.eldigitaldeasturias.com\/noticias\/carles-puigdemont-renuncia-a-la-presidencia\/#listItem","position":3,"name":"Carles Puigdemont \u201crenuncia\u201d a la presidencia","previousItem":{"@type":"ListItem","@id":"https:\/\/www.eldigitaldeasturias.com\/noticias\/category\/actualidad\/#listItem","name":"Actualidad"}}]},{"@type":"Organization","@id":"https:\/\/www.eldigitaldeasturias.com\/noticias\/#organization","name":"El Digital de Asturias","description":"Hemeroteca","url":"https:\/\/www.eldigitaldeasturias.com\/noticias\/","email":"info@eldigitaldeasturias.com","telephone":"+34652131393","logo":{"@type":"ImageObject","url":"https:\/\/www.eldigitaldeasturias.com\/noticias\/wp-content\/uploads\/2020\/12\/EDA.jpg","@id":"https:\/\/www.eldigitaldeasturias.com\/noticias\/carles-puigdemont-renuncia-a-la-presidencia\/#organizationLogo"},"image":{"@id":"https:\/\/www.eldigitaldeasturias.com\/noticias\/carles-puigdemont-renuncia-a-la-presidencia\/#organizationLogo"},"sameAs":["https:\/\/facebook.com\/eldigitaldeasturias","https:\/\/www.youtube.com\/channel\/UCZP-2wLEB9Rv6erhFmqVnvg"],"address":{"@id":"https:\/\/www.eldigitaldeasturias.com\/noticias\/#postaladdress","@type":"PostalAddress","streetAddress":"san antonio 4","postalCode":"33430","addressLocality":"Cand\u00e1s","addressRegion":"Asturias","addressCountry":"ES"}},{"@type":"Person","@id":"https:\/\/www.eldigitaldeasturias.com\/noticias\/author\/admin\/#author","url":"https:\/\/www.eldigitaldeasturias.com\/noticias\/author\/admin\/","name":"El Digital de Asturias","image":{"@type":"ImageObject","@id":"https:\/\/www.eldigitaldeasturias.com\/noticias\/carles-puigdemont-renuncia-a-la-presidencia\/#authorImage","url":"https:\/\/secure.gravatar.com\/avatar\/df2aeffc32bcd13f8d26072ef8a91b623d677766deac7f97ca815868cd41bf5e?s=96&d=mm&r=g","width":96,"height":96,"caption":"El Digital de Asturias"}},{"@type":"WebPage","@id":"https:\/\/www.eldigitaldeasturias.com\/noticias\/carles-puigdemont-renuncia-a-la-presidencia\/#webpage","url":"https:\/\/www.eldigitaldeasturias.com\/noticias\/carles-puigdemont-renuncia-a-la-presidencia\/","name":"Carles Puigdemont \u201crenuncia\u201d a la presidencia - El Digital de Asturias","description":"Madrid, 1 mar (dpa) - El independentista Carles Puigdemont renunci\u00f3 hoy \"provisionalmente\" a presidir el Gobierno de Catalu\u00f1a y dej\u00f3 paso a un candidato alternativo, el separatista preso Jordi S\u00e0nchez, para tratar de desbloquear la situaci\u00f3n en la regi\u00f3n espa\u00f1ola. En un v\u00eddeo grabado y difundido a trav\u00e9s de las redes sociales, explic\u00f3 que \"en","inLanguage":"es-ES","isPartOf":{"@id":"https:\/\/www.eldigitaldeasturias.com\/noticias\/#website"},"breadcrumb":{"@id":"https:\/\/www.eldigitaldeasturias.com\/noticias\/carles-puigdemont-renuncia-a-la-presidencia\/#breadcrumblist"},"author":{"@id":"https:\/\/www.eldigitaldeasturias.com\/noticias\/author\/admin\/#author"},"creator":{"@id":"https:\/\/www.eldigitaldeasturias.com\/noticias\/author\/admin\/#author"},"image":{"@type":"ImageObject","url":874266,"@id":"https:\/\/www.eldigitaldeasturias.com\/noticias\/carles-puigdemont-renuncia-a-la-presidencia\/#mainImage"},"primaryImageOfPage":{"@id":"https:\/\/www.eldigitaldeasturias.com\/noticias\/carles-puigdemont-renuncia-a-la-presidencia\/#mainImage"},"datePublished":"2018-03-01T23:43:26+01:00","dateModified":"2018-03-01T23:43:26+01:00"},{"@type":"WebSite","@id":"https:\/\/www.eldigitaldeasturias.com\/noticias\/#website","url":"https:\/\/www.eldigitaldeasturias.com\/noticias\/","name":"El Digital de Asturias - Diario de actualidad y noticias","alternateName":"El Digital de Asturias - Diario de actualidad y noticias","description":"Hemeroteca","inLanguage":"es-ES","publisher":{"@id":"https:\/\/www.eldigitaldeasturias.com\/noticias\/#organization"}}]},"og:locale":"es_ES","og:site_name":"El Digital de Asturias","og:type":"article","og:title":"Carles Puigdemont \u201crenuncia\u201d a la presidencia - El Digital de Asturias","og:description":"Madrid, 1 mar (dpa) - El independentista Carles Puigdemont renunci\u00f3 hoy &quot;provisionalmente&quot; a presidir el Gobierno de Catalu\u00f1a y dej\u00f3 paso a un candidato alternativo, el separatista preso Jordi S\u00e0nchez, para tratar de desbloquear la situaci\u00f3n en la regi\u00f3n espa\u00f1ola. En un v\u00eddeo grabado y difundido a trav\u00e9s de las redes sociales, explic\u00f3 que &quot;en","og:url":"https:\/\/www.eldigitaldeasturias.com\/noticias\/carles-puigdemont-renuncia-a-la-presidencia\/","article:tag":["actualidad"],"article:published_time":"2018-03-01T23:43:26+00:00","article:modified_time":"2018-03-01T23:43:26+00:00","article:publisher":"https:\/\/facebook.com\/eldigitaldeasturias","twitter:card":"summary_large_image","twitter:title":"Carles Puigdemont \u201crenuncia\u201d a la presidencia - El Digital de Asturias","twitter:description":"Madrid, 1 mar (dpa) - El independentista Carles Puigdemont renunci\u00f3 hoy &quot;provisionalmente&quot; a presidir el Gobierno de Catalu\u00f1a y dej\u00f3 paso a un candidato alternativo, el separatista preso Jordi S\u00e0nchez, para tratar de desbloquear la situaci\u00f3n en la regi\u00f3n espa\u00f1ola. En un v\u00eddeo grabado y difundido a trav\u00e9s de las redes sociales, explic\u00f3 que &quot;en","twitter:image":"https:\/\/www.eldigitaldeasturias.com\/noticias\/wp-content\/uploads\/2020\/12\/EDA-1.jpg","twitter:label1":"Escrito por","twitter:data1":"El Digital de Asturias","twitter:label2":"Tiempo de lectura estimado","twitter:data2":"3 minutos"},"aioseo_meta_data":{"post_id":"970822","title":null,"description":null,"keywords":null,"keyphrases":null,"primary_term":null,"canonical_url":null,"og_title":null,"og_description":null,"og_object_type":"default","og_image_type":"default","og_image_url":null,"og_image_width":null,"og_image_height":null,"og_image_custom_url":null,"og_image_custom_fields":null,"og_video":null,"og_custom_url":null,"og_article_section":null,"og_article_tags":null,"twitter_use_og":false,"twitter_card":"default","twitter_image_type":"default","twitter_image_url":null,"twitter_image_custom_url":null,"twitter_image_custom_fields":null,"twitter_title":null,"twitter_description":null,"schema":{"blockGraphs":[],"customGraphs":[],"default":{"data":{"Article":[],"Course":[],"Dataset":[],"FAQPage":[],"Movie":[],"Person":[],"Product":[],"ProductReview":[],"Car":[],"Recipe":[],"Service":[],"SoftwareApplication":[],"WebPage":[]},"graphName":"","isEnabled":true},"graphs":[],"defaultGraph":"","defaultPostTypeGraph":""},"schema_type":null,"schema_type_options":null,"pillar_content":false,"robots_default":true,"robots_noindex":false,"robots_noarchive":false,"robots_nosnippet":false,"robots_nofollow":false,"robots_noimageindex":false,"robots_noodp":false,"robots_notranslate":false,"robots_max_snippet":null,"robots_max_videopreview":null,"robots_max_imagepreview":"large","priority":null,"frequency":null,"local_seo":null,"seo_analyzer_scan_date":"2025-10-07 06:58:06","breadcrumb_settings":null,"limit_modified_date":false,"open_ai":null,"ai":null,"created":"2020-12-21 12:23:36","updated":"2025-10-07 06:58:06","focus_keyword":null,"additional_keywords":null,"truseo_locale":null},"aioseo_breadcrumb":"<div class=\"aioseo-breadcrumbs\"><span class=\"aioseo-breadcrumb\">\n\t<a href=\"https:\/\/www.eldigitaldeasturias.com\/noticias\" title=\"Home\">Home<\/a>\n<\/span><span class=\"aioseo-breadcrumb-separator\">\u2013<\/span><span class=\"aioseo-breadcrumb\">\n\t<a href=\"https:\/\/www.eldigitaldeasturias.com\/noticias\/category\/actualidad\/\" title=\"Actualidad\">Actualidad<\/a>\n<\/span><span class=\"aioseo-breadcrumb-separator\">\u2013<\/span><span class=\"aioseo-breadcrumb\">\n\t<a href=\"https:\/\/www.eldigitaldeasturias.com\/noticias\/carles-puigdemont-renuncia-a-la-presidencia\/\" title=\"Carles Puigdemont \u201crenuncia\u201d a la presidencia\">Carles Puigdemont \u201crenuncia\u201d a la presidencia<\/a>\n<\/span><\/div>","aioseo_breadcrumb_json":[{"label":"Home","link":"https:\/\/www.eldigitaldeasturias.com\/noticias"},{"label":"Actualidad","link":"https:\/\/www.eldigitaldeasturias.com\/noticias\/category\/actualidad\/"},{"label":"Carles Puigdemont \u201crenuncia\u201d a la presidencia","link":"https:\/\/www.eldigitaldeasturias.com\/noticias\/carles-puigdemont-renuncia-a-la-presidencia\/"}],"_links":{"self":[{"href":"https:\/\/www.eldigitaldeasturias.com\/noticias\/wp-json\/wp\/v2\/posts\/970822","targetHints":{"allow":["GET"]}}],"collection":[{"href":"https:\/\/www.eldigitaldeasturias.com\/noticias\/wp-json\/wp\/v2\/posts"}],"about":[{"href":"https:\/\/www.eldigitaldeasturias.com\/noticias\/wp-json\/wp\/v2\/types\/post"}],"author":[{"embeddable":true,"href":"https:\/\/www.eldigitaldeasturias.com\/noticias\/wp-json\/wp\/v2\/users\/1"}],"replies":[{"embeddable":true,"href":"https:\/\/www.eldigitaldeasturias.com\/noticias\/wp-json\/wp\/v2\/comments?post=970822"}],"version-history":[{"count":0,"href":"https:\/\/www.eldigitaldeasturias.com\/noticias\/wp-json\/wp\/v2\/posts\/970822\/revisions"}],"wp:attachment":[{"href":"https:\/\/www.eldigitaldeasturias.com\/noticias\/wp-json\/wp\/v2\/media?parent=970822"}],"wp:term":[{"taxonomy":"category","embeddable":true,"href":"https:\/\/www.eldigitaldeasturias.com\/noticias\/wp-json\/wp\/v2\/categories?post=970822"},{"taxonomy":"post_tag","embeddable":true,"href":"https:\/\/www.eldigitaldeasturias.com\/noticias\/wp-json\/wp\/v2\/tags?post=970822"}],"curies":[{"name":"wp","href":"https:\/\/api.w.org\/{rel}","templated":true}]}}