{"id":970820,"date":"2018-03-01T23:37:51","date_gmt":"2018-03-01T23:37:51","guid":{"rendered":"http:\/\/www.eldigitaldeasturias.com\/noticias\/?p=970820"},"modified":"2018-03-01T23:37:51","modified_gmt":"2018-03-01T23:37:51","slug":"aplazadas-las-presidenciales-de-venezuela","status":"publish","type":"post","link":"https:\/\/www.eldigitaldeasturias.com\/noticias\/aplazadas-las-presidenciales-de-venezuela\/","title":{"rendered":"Aplazadas las Presidenciales de Venezuela"},"content":{"rendered":"<p><img loading=\"lazy\" decoding=\"async\" class=\"alignleft size-medium wp-image-485917\" src=\"https:\/\/www.eldigitaldeasturias.com\/noticias\/wp-content\/uploads\/2014\/02\/5919099w-360x240.jpg\" alt=\"\" width=\"360\" height=\"240\" \/>Caracas, 1 mar (dpa) \u2013 Las elecciones presidenciales de Venezuela, fijadas en principio para el 22 de abril, fueron reprogramadas para la segunda quincena de mayo, anunci\u00f3 hoy el Consejo Nacional Electoral (CNE).<\/p>\n<p>La presidenta del CNE, Tibisay Lucena, dio a conocer la postergaci\u00f3n durante la firma de un acuerdo de garant\u00edas electorales entre los partidos que postularon al presidente Nicol\u00e1s Maduro, candidato a la reelecci\u00f3n, y al opositor Henri Falc\u00f3n.<\/p>\n<p>La fecha en concreto se decidir\u00e1 en la pr\u00f3xima reuni\u00f3n del directorio del organismo.<\/p>\n<p>\u00abEn materia electoral se propone que se realicen de manera simult\u00e1nea las elecciones para presidente de la rep\u00fablica, de consejos legislativos estadales y de concejos municipales en la segunda quincena del mes mayo de 2018\u00bb, se\u00f1al\u00f3.<\/p>\n<p>El anuncio se hizo cuando faltaban horas para que terminara el plazo para la inscripci\u00f3n de candidatos a la presidencia, que fue alargado por 48 horas, que finalizan esta noche.<\/p>\n<p>Falc\u00f3n formaliz\u00f3 su nominaci\u00f3n el martes y en su discurso dijo que plante\u00f3 a Lucena aplazar las elecciones para organizar mejor la campa\u00f1a. Su partido, Avanzada Progresista, dijo que propuso como fecha para las presidenciales el 27 de mayo.<\/p>\n<p>La jefa del ente electoral dijo que el acuerdo firmado asegura plenas garant\u00edas electorales y democr\u00e1ticas, tomando como base el documento suscrito por el Gobierno tras las conversaciones que se efectuaron en Santo Domingo, y que no fue firmado por la oposici\u00f3n.<\/p>\n<p>\u00abEl Poder Electoral sin duda alguna celebra hoy la firma de este acuerdo de garant\u00edas electorales con el que estas organizaciones con fines pol\u00edticos y sus candidatos se comprometen ante el pa\u00eds para que este proceso electoral contribuya con la participaci\u00f3n y la tranquilidad de los venezolanos\u00bb, asever\u00f3.<\/p>\n<p>Falc\u00f3n asumi\u00f3 el papel de candidato opositor a Maduro, a pesar de que la alianza opositora Mesa de Unidad Democr\u00e1tica (MUD), que agrupa a las principales partidos, repudi\u00f3 su decisi\u00f3n de participar en un proceso en el cual ha denunciado falta de garant\u00edas y de transparencia.<\/p>\n<p>\u00abEn estas elecciones no hay condiciones y en estas circunstancias cualquier persona que decida participar nunca ser\u00e1 calificada como opositor. La MUD no tiene candidato a la presidencia, no estamos dispuestos a cohonestar esta farsa organizada por el Gobierno para que Maduro gane sin contar con el apoyo popular\u00bb, dijo el dirigente del partido Primero Justicia (PJ) Juan Pablo Guanipa.<\/p>\n<p>La decisi\u00f3n de Falc\u00f3n de postularse cre\u00f3 una nueva divisi\u00f3n en la MUD, debido a la tendencia en la oposici\u00f3n de abstenerse. Para poder participar, la oposici\u00f3n propuso alargar la fecha de las elecciones, habilitar a candidatos y partidos que han sido ilegalizados y permitir una observaci\u00f3n internacional amplia.<\/p>\n<p>El ministro de Comunicaci\u00f3n e Informaci\u00f3n y dirigente oficialista, Jorge Rodr\u00edguez, dijo luego de la firma del acuerdo que en cualquier fecha Maduro ganar\u00e1 las elecciones.<\/p>\n<p>Agreg\u00f3 que la oposici\u00f3n se retir\u00f3 porque no tiene forma de derrotar a Maduro y por una orden del encargado de negocios de la embajada de Estados Unidos en Caracas, Todd Robinson, quien exigi\u00f3 la retirada de las elecciones.<\/p>\n<p>\u00abEn el acuerdo firmado pedimos que no viniera ning\u00fan extranjero a dictar el destino de Venezuela. En el Gobierno del &#8216;dictador&#8217; Nicol\u00e1s Maduro se hicieron elecciones municipales en 2013, las legislativas de 2015, las de gobernadores en octubre pasado y de alcaldes en diciembre pasado. La derecha venezolana solo reconoce las elecciones en las que gana\u00bb, afirm\u00f3.<\/p>\n<p>A la vez, el representante del partido Avanzada Progresista, Luis Romero, desestim\u00f3 que Falc\u00f3n sea expulsado de la MUD por haberse postulado, indicando que no puede ser excluido de \u00abalgo que hace tiempo dej\u00f3 de existir\u00bb.<\/p>\n<p>Dijo que Falc\u00f3n propuso como fecha para las elecciones el 27 de mayo, a fin de tener tiempo de hacer una campa\u00f1a electoral que permita recorrer el pa\u00eds. Indic\u00f3 que las condiciones no son \u00f3ptimas, pero que se garantizar\u00e1 el derecho al voto.<\/p>\n<p>Para las elecciones del 22 de abril, el CNE determin\u00f3 una campa\u00f1a electoral de 17 d\u00edas, lo que Falc\u00f3n advirti\u00f3 que no permitir\u00eda visitar las 23 regiones del pa\u00eds una por d\u00eda.<\/p>\n","protected":false},"excerpt":{"rendered":"<p>Caracas, 1 mar (dpa) \u2013 Las elecciones presidenciales de Venezuela, fijadas en principio para el 22 de abril, fueron reprogramadas para la segunda quincena de mayo, anunci\u00f3 hoy el Consejo Nacional Electoral (CNE). La presidenta del CNE, Tibisay Lucena, dio a conocer la postergaci\u00f3n durante la firma de un acuerdo de garant\u00edas electorales entre los [&hellip;]<\/p>\n","protected":false},"author":1,"featured_media":485917,"comment_status":"closed","ping_status":"closed","sticky":false,"template":"","format":"standard","meta":{"footnotes":""},"categories":[1],"tags":[],"class_list":["post-970820","post","type-post","status-publish","format-standard","has-post-thumbnail","hentry","category-actualidad"],"aioseo_notices":[],"aioseo_head":"\n\t\t<!-- All in One SEO Pro 5.0.1 - aioseo.com -->\n\t<meta name=\"description\" content=\"Caracas, 1 mar (dpa) \u2013 Las elecciones presidenciales de Venezuela, fijadas en principio para el 22 de abril, fueron reprogramadas para la segunda quincena de mayo, anunci\u00f3 hoy el Consejo Nacional Electoral (CNE). La presidenta del CNE, Tibisay Lucena, dio a conocer la postergaci\u00f3n durante la firma de un acuerdo de garant\u00edas electorales entre los\" \/>\n\t<meta name=\"robots\" content=\"max-image-preview:large\" \/>\n\t<meta name=\"author\" content=\"El Digital de Asturias\"\/>\n\t<meta name=\"google-site-verification\" content=\"UA-38556648-1\" \/>\n\t<meta name=\"msvalidate.01\" content=\"7dfe9f3f1b24437ab69f4f2559babe99\" \/>\n\t<meta name=\"keywords\" content=\"actualidad\" \/>\n\t<link rel=\"canonical\" href=\"https:\/\/www.eldigitaldeasturias.com\/noticias\/aplazadas-las-presidenciales-de-venezuela\/\" \/>\n\t<meta name=\"generator\" content=\"All in One SEO Pro (AIOSEO) 5.0.1\" \/>\n\t\t<meta property=\"og:locale\" content=\"es_ES\" \/>\n\t\t<meta property=\"og:site_name\" content=\"El Digital de Asturias\" \/>\n\t\t<meta property=\"og:type\" content=\"article\" \/>\n\t\t<meta property=\"og:title\" content=\"Aplazadas las Presidenciales de Venezuela - El Digital de Asturias\" \/>\n\t\t<meta property=\"og:description\" content=\"Caracas, 1 mar (dpa) \u2013 Las elecciones presidenciales de Venezuela, fijadas en principio para el 22 de abril, fueron reprogramadas para la segunda quincena de mayo, anunci\u00f3 hoy el Consejo Nacional Electoral (CNE). La presidenta del CNE, Tibisay Lucena, dio a conocer la postergaci\u00f3n durante la firma de un acuerdo de garant\u00edas electorales entre los\" \/>\n\t\t<meta property=\"og:url\" content=\"https:\/\/www.eldigitaldeasturias.com\/noticias\/aplazadas-las-presidenciales-de-venezuela\/\" \/>\n\t\t<meta property=\"article:tag\" content=\"actualidad\" \/>\n\t\t<meta property=\"article:published_time\" content=\"2018-03-01T23:37:51+00:00\" \/>\n\t\t<meta property=\"article:modified_time\" content=\"2018-03-01T23:37:51+00:00\" \/>\n\t\t<meta property=\"article:publisher\" content=\"https:\/\/facebook.com\/eldigitaldeasturias\" \/>\n\t\t<meta name=\"twitter:card\" content=\"summary_large_image\" \/>\n\t\t<meta name=\"twitter:title\" content=\"Aplazadas las Presidenciales de Venezuela - El Digital de Asturias\" \/>\n\t\t<meta name=\"twitter:description\" content=\"Caracas, 1 mar (dpa) \u2013 Las elecciones presidenciales de Venezuela, fijadas en principio para el 22 de abril, fueron reprogramadas para la segunda quincena de mayo, anunci\u00f3 hoy el Consejo Nacional Electoral (CNE). La presidenta del CNE, Tibisay Lucena, dio a conocer la postergaci\u00f3n durante la firma de un acuerdo de garant\u00edas electorales entre los\" \/>\n\t\t<meta name=\"twitter:image\" content=\"https:\/\/www.eldigitaldeasturias.com\/noticias\/wp-content\/uploads\/2020\/12\/EDA-1.jpg\" \/>\n\t\t<meta name=\"twitter:label1\" content=\"Escrito por\" \/>\n\t\t<meta name=\"twitter:data1\" content=\"El Digital de Asturias\" \/>\n\t\t<meta name=\"twitter:label2\" content=\"Tiempo de lectura estimado\" \/>\n\t\t<meta name=\"twitter:data2\" content=\"4 minutos\" \/>\n\t\t<script type=\"application\/ld+json\" class=\"aioseo-schema\">\n\t\t\t{\"@context\":\"https:\\\/\\\/schema.org\",\"@graph\":[{\"@type\":\"BlogPosting\",\"@id\":\"https:\\\/\\\/www.eldigitaldeasturias.com\\\/noticias\\\/aplazadas-las-presidenciales-de-venezuela\\\/#blogposting\",\"name\":\"Aplazadas las Presidenciales de Venezuela - El Digital de Asturias\",\"headline\":\"Aplazadas las Presidenciales de Venezuela\",\"author\":{\"@id\":\"https:\\\/\\\/www.eldigitaldeasturias.com\\\/noticias\\\/author\\\/admin\\\/#author\"},\"publisher\":{\"@id\":\"https:\\\/\\\/www.eldigitaldeasturias.com\\\/noticias\\\/#organization\"},\"image\":{\"@type\":\"ImageObject\",\"url\":485917},\"datePublished\":\"2018-03-01T23:37:51+01:00\",\"dateModified\":\"2018-03-01T23:37:51+01:00\",\"inLanguage\":\"es-ES\",\"mainEntityOfPage\":{\"@id\":\"https:\\\/\\\/www.eldigitaldeasturias.com\\\/noticias\\\/aplazadas-las-presidenciales-de-venezuela\\\/#webpage\"},\"isPartOf\":{\"@id\":\"https:\\\/\\\/www.eldigitaldeasturias.com\\\/noticias\\\/aplazadas-las-presidenciales-de-venezuela\\\/#webpage\"},\"articleSection\":\"Actualidad\"},{\"@type\":\"BreadcrumbList\",\"@id\":\"https:\\\/\\\/www.eldigitaldeasturias.com\\\/noticias\\\/aplazadas-las-presidenciales-de-venezuela\\\/#breadcrumblist\",\"itemListElement\":[{\"@type\":\"ListItem\",\"@id\":\"https:\\\/\\\/www.eldigitaldeasturias.com\\\/noticias#listItem\",\"position\":1,\"name\":\"Home\",\"item\":\"https:\\\/\\\/www.eldigitaldeasturias.com\\\/noticias\",\"nextItem\":{\"@type\":\"ListItem\",\"@id\":\"https:\\\/\\\/www.eldigitaldeasturias.com\\\/noticias\\\/category\\\/actualidad\\\/#listItem\",\"name\":\"Actualidad\"}},{\"@type\":\"ListItem\",\"@id\":\"https:\\\/\\\/www.eldigitaldeasturias.com\\\/noticias\\\/category\\\/actualidad\\\/#listItem\",\"position\":2,\"name\":\"Actualidad\",\"item\":\"https:\\\/\\\/www.eldigitaldeasturias.com\\\/noticias\\\/category\\\/actualidad\\\/\",\"nextItem\":{\"@type\":\"ListItem\",\"@id\":\"https:\\\/\\\/www.eldigitaldeasturias.com\\\/noticias\\\/aplazadas-las-presidenciales-de-venezuela\\\/#listItem\",\"name\":\"Aplazadas las Presidenciales de Venezuela\"},\"previousItem\":{\"@type\":\"ListItem\",\"@id\":\"https:\\\/\\\/www.eldigitaldeasturias.com\\\/noticias#listItem\",\"name\":\"Home\"}},{\"@type\":\"ListItem\",\"@id\":\"https:\\\/\\\/www.eldigitaldeasturias.com\\\/noticias\\\/aplazadas-las-presidenciales-de-venezuela\\\/#listItem\",\"position\":3,\"name\":\"Aplazadas las Presidenciales de Venezuela\",\"previousItem\":{\"@type\":\"ListItem\",\"@id\":\"https:\\\/\\\/www.eldigitaldeasturias.com\\\/noticias\\\/category\\\/actualidad\\\/#listItem\",\"name\":\"Actualidad\"}}]},{\"@type\":\"Organization\",\"@id\":\"https:\\\/\\\/www.eldigitaldeasturias.com\\\/noticias\\\/#organization\",\"name\":\"El Digital de Asturias\",\"description\":\"Hemeroteca\",\"url\":\"https:\\\/\\\/www.eldigitaldeasturias.com\\\/noticias\\\/\",\"email\":\"info@eldigitaldeasturias.com\",\"telephone\":\"+34652131393\",\"logo\":{\"@type\":\"ImageObject\",\"url\":\"https:\\\/\\\/www.eldigitaldeasturias.com\\\/noticias\\\/wp-content\\\/uploads\\\/2020\\\/12\\\/EDA.jpg\",\"@id\":\"https:\\\/\\\/www.eldigitaldeasturias.com\\\/noticias\\\/aplazadas-las-presidenciales-de-venezuela\\\/#organizationLogo\"},\"image\":{\"@id\":\"https:\\\/\\\/www.eldigitaldeasturias.com\\\/noticias\\\/aplazadas-las-presidenciales-de-venezuela\\\/#organizationLogo\"},\"sameAs\":[\"https:\\\/\\\/facebook.com\\\/eldigitaldeasturias\",\"https:\\\/\\\/www.youtube.com\\\/channel\\\/UCZP-2wLEB9Rv6erhFmqVnvg\"],\"address\":{\"@id\":\"https:\\\/\\\/www.eldigitaldeasturias.com\\\/noticias\\\/#postaladdress\",\"@type\":\"PostalAddress\",\"streetAddress\":\"san antonio 4\",\"postalCode\":\"33430\",\"addressLocality\":\"Cand\\u00e1s\",\"addressRegion\":\"Asturias\",\"addressCountry\":\"ES\"}},{\"@type\":\"Person\",\"@id\":\"https:\\\/\\\/www.eldigitaldeasturias.com\\\/noticias\\\/author\\\/admin\\\/#author\",\"url\":\"https:\\\/\\\/www.eldigitaldeasturias.com\\\/noticias\\\/author\\\/admin\\\/\",\"name\":\"El Digital de Asturias\",\"image\":{\"@type\":\"ImageObject\",\"@id\":\"https:\\\/\\\/www.eldigitaldeasturias.com\\\/noticias\\\/aplazadas-las-presidenciales-de-venezuela\\\/#authorImage\",\"url\":\"https:\\\/\\\/secure.gravatar.com\\\/avatar\\\/df2aeffc32bcd13f8d26072ef8a91b623d677766deac7f97ca815868cd41bf5e?s=96&d=mm&r=g\",\"width\":96,\"height\":96,\"caption\":\"El Digital de Asturias\"}},{\"@type\":\"WebPage\",\"@id\":\"https:\\\/\\\/www.eldigitaldeasturias.com\\\/noticias\\\/aplazadas-las-presidenciales-de-venezuela\\\/#webpage\",\"url\":\"https:\\\/\\\/www.eldigitaldeasturias.com\\\/noticias\\\/aplazadas-las-presidenciales-de-venezuela\\\/\",\"name\":\"Aplazadas las Presidenciales de Venezuela - El Digital de Asturias\",\"description\":\"Caracas, 1 mar (dpa) \\u2013 Las elecciones presidenciales de Venezuela, fijadas en principio para el 22 de abril, fueron reprogramadas para la segunda quincena de mayo, anunci\\u00f3 hoy el Consejo Nacional Electoral (CNE). La presidenta del CNE, Tibisay Lucena, dio a conocer la postergaci\\u00f3n durante la firma de un acuerdo de garant\\u00edas electorales entre los\",\"inLanguage\":\"es-ES\",\"isPartOf\":{\"@id\":\"https:\\\/\\\/www.eldigitaldeasturias.com\\\/noticias\\\/#website\"},\"breadcrumb\":{\"@id\":\"https:\\\/\\\/www.eldigitaldeasturias.com\\\/noticias\\\/aplazadas-las-presidenciales-de-venezuela\\\/#breadcrumblist\"},\"author\":{\"@id\":\"https:\\\/\\\/www.eldigitaldeasturias.com\\\/noticias\\\/author\\\/admin\\\/#author\"},\"creator\":{\"@id\":\"https:\\\/\\\/www.eldigitaldeasturias.com\\\/noticias\\\/author\\\/admin\\\/#author\"},\"image\":{\"@type\":\"ImageObject\",\"url\":485917,\"@id\":\"https:\\\/\\\/www.eldigitaldeasturias.com\\\/noticias\\\/aplazadas-las-presidenciales-de-venezuela\\\/#mainImage\"},\"primaryImageOfPage\":{\"@id\":\"https:\\\/\\\/www.eldigitaldeasturias.com\\\/noticias\\\/aplazadas-las-presidenciales-de-venezuela\\\/#mainImage\"},\"datePublished\":\"2018-03-01T23:37:51+01:00\",\"dateModified\":\"2018-03-01T23:37:51+01:00\"},{\"@type\":\"WebSite\",\"@id\":\"https:\\\/\\\/www.eldigitaldeasturias.com\\\/noticias\\\/#website\",\"url\":\"https:\\\/\\\/www.eldigitaldeasturias.com\\\/noticias\\\/\",\"name\":\"El Digital de Asturias - Diario de actualidad y noticias\",\"alternateName\":\"El Digital de Asturias - Diario de actualidad y noticias\",\"description\":\"Hemeroteca\",\"inLanguage\":\"es-ES\",\"publisher\":{\"@id\":\"https:\\\/\\\/www.eldigitaldeasturias.com\\\/noticias\\\/#organization\"}}]}\n\t\t<\/script>\n\t\t<!-- All in One SEO Pro -->\r\n\t\t<title>Aplazadas las Presidenciales de Venezuela - El Digital de Asturias<\/title>\n\n","aioseo_head_json":{"title":"Aplazadas las Presidenciales de Venezuela - El Digital de Asturias","description":"Caracas, 1 mar (dpa) \u2013 Las elecciones presidenciales de Venezuela, fijadas en principio para el 22 de abril, fueron reprogramadas para la segunda quincena de mayo, anunci\u00f3 hoy el Consejo Nacional Electoral (CNE). La presidenta del CNE, Tibisay Lucena, dio a conocer la postergaci\u00f3n durante la firma de un acuerdo de garant\u00edas electorales entre los","canonical_url":"https:\/\/www.eldigitaldeasturias.com\/noticias\/aplazadas-las-presidenciales-de-venezuela\/","robots":"max-image-preview:large","keywords":"actualidad","webmasterTools":{"google-site-verification":"UA-38556648-1","msvalidate.01":"7dfe9f3f1b24437ab69f4f2559babe99","miscellaneous":""},"schema":{"@context":"https:\/\/schema.org","@graph":[{"@type":"BlogPosting","@id":"https:\/\/www.eldigitaldeasturias.com\/noticias\/aplazadas-las-presidenciales-de-venezuela\/#blogposting","name":"Aplazadas las Presidenciales de Venezuela - El Digital de Asturias","headline":"Aplazadas las Presidenciales de Venezuela","author":{"@id":"https:\/\/www.eldigitaldeasturias.com\/noticias\/author\/admin\/#author"},"publisher":{"@id":"https:\/\/www.eldigitaldeasturias.com\/noticias\/#organization"},"image":{"@type":"ImageObject","url":485917},"datePublished":"2018-03-01T23:37:51+01:00","dateModified":"2018-03-01T23:37:51+01:00","inLanguage":"es-ES","mainEntityOfPage":{"@id":"https:\/\/www.eldigitaldeasturias.com\/noticias\/aplazadas-las-presidenciales-de-venezuela\/#webpage"},"isPartOf":{"@id":"https:\/\/www.eldigitaldeasturias.com\/noticias\/aplazadas-las-presidenciales-de-venezuela\/#webpage"},"articleSection":"Actualidad"},{"@type":"BreadcrumbList","@id":"https:\/\/www.eldigitaldeasturias.com\/noticias\/aplazadas-las-presidenciales-de-venezuela\/#breadcrumblist","itemListElement":[{"@type":"ListItem","@id":"https:\/\/www.eldigitaldeasturias.com\/noticias#listItem","position":1,"name":"Home","item":"https:\/\/www.eldigitaldeasturias.com\/noticias","nextItem":{"@type":"ListItem","@id":"https:\/\/www.eldigitaldeasturias.com\/noticias\/category\/actualidad\/#listItem","name":"Actualidad"}},{"@type":"ListItem","@id":"https:\/\/www.eldigitaldeasturias.com\/noticias\/category\/actualidad\/#listItem","position":2,"name":"Actualidad","item":"https:\/\/www.eldigitaldeasturias.com\/noticias\/category\/actualidad\/","nextItem":{"@type":"ListItem","@id":"https:\/\/www.eldigitaldeasturias.com\/noticias\/aplazadas-las-presidenciales-de-venezuela\/#listItem","name":"Aplazadas las Presidenciales de Venezuela"},"previousItem":{"@type":"ListItem","@id":"https:\/\/www.eldigitaldeasturias.com\/noticias#listItem","name":"Home"}},{"@type":"ListItem","@id":"https:\/\/www.eldigitaldeasturias.com\/noticias\/aplazadas-las-presidenciales-de-venezuela\/#listItem","position":3,"name":"Aplazadas las Presidenciales de Venezuela","previousItem":{"@type":"ListItem","@id":"https:\/\/www.eldigitaldeasturias.com\/noticias\/category\/actualidad\/#listItem","name":"Actualidad"}}]},{"@type":"Organization","@id":"https:\/\/www.eldigitaldeasturias.com\/noticias\/#organization","name":"El Digital de Asturias","description":"Hemeroteca","url":"https:\/\/www.eldigitaldeasturias.com\/noticias\/","email":"info@eldigitaldeasturias.com","telephone":"+34652131393","logo":{"@type":"ImageObject","url":"https:\/\/www.eldigitaldeasturias.com\/noticias\/wp-content\/uploads\/2020\/12\/EDA.jpg","@id":"https:\/\/www.eldigitaldeasturias.com\/noticias\/aplazadas-las-presidenciales-de-venezuela\/#organizationLogo"},"image":{"@id":"https:\/\/www.eldigitaldeasturias.com\/noticias\/aplazadas-las-presidenciales-de-venezuela\/#organizationLogo"},"sameAs":["https:\/\/facebook.com\/eldigitaldeasturias","https:\/\/www.youtube.com\/channel\/UCZP-2wLEB9Rv6erhFmqVnvg"],"address":{"@id":"https:\/\/www.eldigitaldeasturias.com\/noticias\/#postaladdress","@type":"PostalAddress","streetAddress":"san antonio 4","postalCode":"33430","addressLocality":"Cand\u00e1s","addressRegion":"Asturias","addressCountry":"ES"}},{"@type":"Person","@id":"https:\/\/www.eldigitaldeasturias.com\/noticias\/author\/admin\/#author","url":"https:\/\/www.eldigitaldeasturias.com\/noticias\/author\/admin\/","name":"El Digital de Asturias","image":{"@type":"ImageObject","@id":"https:\/\/www.eldigitaldeasturias.com\/noticias\/aplazadas-las-presidenciales-de-venezuela\/#authorImage","url":"https:\/\/secure.gravatar.com\/avatar\/df2aeffc32bcd13f8d26072ef8a91b623d677766deac7f97ca815868cd41bf5e?s=96&d=mm&r=g","width":96,"height":96,"caption":"El Digital de Asturias"}},{"@type":"WebPage","@id":"https:\/\/www.eldigitaldeasturias.com\/noticias\/aplazadas-las-presidenciales-de-venezuela\/#webpage","url":"https:\/\/www.eldigitaldeasturias.com\/noticias\/aplazadas-las-presidenciales-de-venezuela\/","name":"Aplazadas las Presidenciales de Venezuela - El Digital de Asturias","description":"Caracas, 1 mar (dpa) \u2013 Las elecciones presidenciales de Venezuela, fijadas en principio para el 22 de abril, fueron reprogramadas para la segunda quincena de mayo, anunci\u00f3 hoy el Consejo Nacional Electoral (CNE). La presidenta del CNE, Tibisay Lucena, dio a conocer la postergaci\u00f3n durante la firma de un acuerdo de garant\u00edas electorales entre los","inLanguage":"es-ES","isPartOf":{"@id":"https:\/\/www.eldigitaldeasturias.com\/noticias\/#website"},"breadcrumb":{"@id":"https:\/\/www.eldigitaldeasturias.com\/noticias\/aplazadas-las-presidenciales-de-venezuela\/#breadcrumblist"},"author":{"@id":"https:\/\/www.eldigitaldeasturias.com\/noticias\/author\/admin\/#author"},"creator":{"@id":"https:\/\/www.eldigitaldeasturias.com\/noticias\/author\/admin\/#author"},"image":{"@type":"ImageObject","url":485917,"@id":"https:\/\/www.eldigitaldeasturias.com\/noticias\/aplazadas-las-presidenciales-de-venezuela\/#mainImage"},"primaryImageOfPage":{"@id":"https:\/\/www.eldigitaldeasturias.com\/noticias\/aplazadas-las-presidenciales-de-venezuela\/#mainImage"},"datePublished":"2018-03-01T23:37:51+01:00","dateModified":"2018-03-01T23:37:51+01:00"},{"@type":"WebSite","@id":"https:\/\/www.eldigitaldeasturias.com\/noticias\/#website","url":"https:\/\/www.eldigitaldeasturias.com\/noticias\/","name":"El Digital de Asturias - Diario de actualidad y noticias","alternateName":"El Digital de Asturias - Diario de actualidad y noticias","description":"Hemeroteca","inLanguage":"es-ES","publisher":{"@id":"https:\/\/www.eldigitaldeasturias.com\/noticias\/#organization"}}]},"og:locale":"es_ES","og:site_name":"El Digital de Asturias","og:type":"article","og:title":"Aplazadas las Presidenciales de Venezuela - El Digital de Asturias","og:description":"Caracas, 1 mar (dpa) \u2013 Las elecciones presidenciales de Venezuela, fijadas en principio para el 22 de abril, fueron reprogramadas para la segunda quincena de mayo, anunci\u00f3 hoy el Consejo Nacional Electoral (CNE). La presidenta del CNE, Tibisay Lucena, dio a conocer la postergaci\u00f3n durante la firma de un acuerdo de garant\u00edas electorales entre los","og:url":"https:\/\/www.eldigitaldeasturias.com\/noticias\/aplazadas-las-presidenciales-de-venezuela\/","article:tag":["actualidad"],"article:published_time":"2018-03-01T23:37:51+00:00","article:modified_time":"2018-03-01T23:37:51+00:00","article:publisher":"https:\/\/facebook.com\/eldigitaldeasturias","twitter:card":"summary_large_image","twitter:title":"Aplazadas las Presidenciales de Venezuela - El Digital de Asturias","twitter:description":"Caracas, 1 mar (dpa) \u2013 Las elecciones presidenciales de Venezuela, fijadas en principio para el 22 de abril, fueron reprogramadas para la segunda quincena de mayo, anunci\u00f3 hoy el Consejo Nacional Electoral (CNE). La presidenta del CNE, Tibisay Lucena, dio a conocer la postergaci\u00f3n durante la firma de un acuerdo de garant\u00edas electorales entre los","twitter:image":"https:\/\/www.eldigitaldeasturias.com\/noticias\/wp-content\/uploads\/2020\/12\/EDA-1.jpg","twitter:label1":"Escrito por","twitter:data1":"El Digital de Asturias","twitter:label2":"Tiempo de lectura estimado","twitter:data2":"4 minutos"},"aioseo_meta_data":{"post_id":"970820","title":null,"description":null,"keywords":null,"keyphrases":null,"primary_term":null,"canonical_url":null,"og_title":null,"og_description":null,"og_object_type":"default","og_image_type":"default","og_image_url":null,"og_image_width":null,"og_image_height":null,"og_image_custom_url":null,"og_image_custom_fields":null,"og_video":null,"og_custom_url":null,"og_article_section":null,"og_article_tags":null,"twitter_use_og":false,"twitter_card":"default","twitter_image_type":"default","twitter_image_url":null,"twitter_image_custom_url":null,"twitter_image_custom_fields":null,"twitter_title":null,"twitter_description":null,"schema":{"blockGraphs":[],"customGraphs":[],"default":{"data":{"Article":[],"Course":[],"Dataset":[],"FAQPage":[],"Movie":[],"Person":[],"Product":[],"ProductReview":[],"Car":[],"Recipe":[],"Service":[],"SoftwareApplication":[],"WebPage":[]},"graphName":"","isEnabled":true},"graphs":[],"defaultGraph":"","defaultPostTypeGraph":""},"schema_type":null,"schema_type_options":null,"pillar_content":false,"robots_default":true,"robots_noindex":false,"robots_noarchive":false,"robots_nosnippet":false,"robots_nofollow":false,"robots_noimageindex":false,"robots_noodp":false,"robots_notranslate":false,"robots_max_snippet":null,"robots_max_videopreview":null,"robots_max_imagepreview":"large","priority":null,"frequency":null,"local_seo":null,"seo_analyzer_scan_date":"2025-10-07 06:58:06","breadcrumb_settings":null,"limit_modified_date":false,"open_ai":null,"ai":null,"created":"2020-12-21 12:23:36","updated":"2025-10-07 06:58:06","focus_keyword":null,"additional_keywords":null,"truseo_locale":null},"aioseo_breadcrumb":"<div class=\"aioseo-breadcrumbs\"><span class=\"aioseo-breadcrumb\">\n\t<a href=\"https:\/\/www.eldigitaldeasturias.com\/noticias\" title=\"Home\">Home<\/a>\n<\/span><span class=\"aioseo-breadcrumb-separator\">\u2013<\/span><span class=\"aioseo-breadcrumb\">\n\t<a href=\"https:\/\/www.eldigitaldeasturias.com\/noticias\/category\/actualidad\/\" title=\"Actualidad\">Actualidad<\/a>\n<\/span><span class=\"aioseo-breadcrumb-separator\">\u2013<\/span><span class=\"aioseo-breadcrumb\">\n\t<a href=\"https:\/\/www.eldigitaldeasturias.com\/noticias\/aplazadas-las-presidenciales-de-venezuela\/\" title=\"Aplazadas las Presidenciales de Venezuela\">Aplazadas las Presidenciales de Venezuela<\/a>\n<\/span><\/div>","aioseo_breadcrumb_json":[{"label":"Home","link":"https:\/\/www.eldigitaldeasturias.com\/noticias"},{"label":"Actualidad","link":"https:\/\/www.eldigitaldeasturias.com\/noticias\/category\/actualidad\/"},{"label":"Aplazadas las Presidenciales de Venezuela","link":"https:\/\/www.eldigitaldeasturias.com\/noticias\/aplazadas-las-presidenciales-de-venezuela\/"}],"_links":{"self":[{"href":"https:\/\/www.eldigitaldeasturias.com\/noticias\/wp-json\/wp\/v2\/posts\/970820","targetHints":{"allow":["GET"]}}],"collection":[{"href":"https:\/\/www.eldigitaldeasturias.com\/noticias\/wp-json\/wp\/v2\/posts"}],"about":[{"href":"https:\/\/www.eldigitaldeasturias.com\/noticias\/wp-json\/wp\/v2\/types\/post"}],"author":[{"embeddable":true,"href":"https:\/\/www.eldigitaldeasturias.com\/noticias\/wp-json\/wp\/v2\/users\/1"}],"replies":[{"embeddable":true,"href":"https:\/\/www.eldigitaldeasturias.com\/noticias\/wp-json\/wp\/v2\/comments?post=970820"}],"version-history":[{"count":0,"href":"https:\/\/www.eldigitaldeasturias.com\/noticias\/wp-json\/wp\/v2\/posts\/970820\/revisions"}],"wp:attachment":[{"href":"https:\/\/www.eldigitaldeasturias.com\/noticias\/wp-json\/wp\/v2\/media?parent=970820"}],"wp:term":[{"taxonomy":"category","embeddable":true,"href":"https:\/\/www.eldigitaldeasturias.com\/noticias\/wp-json\/wp\/v2\/categories?post=970820"},{"taxonomy":"post_tag","embeddable":true,"href":"https:\/\/www.eldigitaldeasturias.com\/noticias\/wp-json\/wp\/v2\/tags?post=970820"}],"curies":[{"name":"wp","href":"https:\/\/api.w.org\/{rel}","templated":true}]}}