{"id":970767,"date":"2018-03-01T17:34:46","date_gmt":"2018-03-01T17:34:46","guid":{"rendered":"http:\/\/www.eldigitaldeasturias.com\/noticias\/?p=970767"},"modified":"2018-03-01T17:34:46","modified_gmt":"2018-03-01T17:34:46","slug":"zoido-hemos-hecho-una-propuesta-de-acuerdo-historica-para-la-equiparacion-salarial","status":"publish","type":"post","link":"https:\/\/www.eldigitaldeasturias.com\/noticias\/zoido-hemos-hecho-una-propuesta-de-acuerdo-historica-para-la-equiparacion-salarial\/","title":{"rendered":"Zoido: \u00abHemos hecho una propuesta de acuerdo hist\u00f3rica para la equiparaci\u00f3n salarial\u00bb"},"content":{"rendered":"<p><img loading=\"lazy\" decoding=\"async\" class=\"alignleft size-medium wp-image-970768\" src=\"https:\/\/www.eldigitaldeasturias.com\/noticias\/wp-content\/uploads\/2018\/03\/010318-zoido-360x239.jpg\" alt=\"\" width=\"360\" height=\"239\" \/>El ministro del Interior, Juan Ignacio Zoido, ha afirmado que el Gobierno ha hecho un esfuerzo para equiparar a polic\u00edas y guardias civiles \u00abdesde ahora y para siempre\u00bb.<\/p>\n<p>El ministro del Interior ha hecho estas afirmaciones en el acto de jura de la XXIX Promoci\u00f3n de Inspectores de la Polic\u00eda Nacional que ha presidido en la Escuela Nacional de Polic\u00eda de \u00c1vila. Con anterioridad, Zoido, junto al director general de la Polic\u00eda Nacional, Germ\u00e1n L\u00f3pez, y el jefe central de seguridad ciudadana y coordinaci\u00f3n, ha mantenido una reuni\u00f3n operativa con los jefes superiores de Polic\u00eda de toda Espa\u00f1a.<\/p>\n<p>El ministro del Interior ha abierto su intervenci\u00f3n elogiando \u00abla capacidad, la vocaci\u00f3n, el liderazgo y los m\u00e9ritos de los agentes de la Polic\u00eda Nacional que han \u00abdado el salto a la escala de mando policial\u00bb, al tiempo que les ha recordado que \u00abun buen l\u00edder es el que convence con la fuerza de su ejemplo y siempre con esp\u00edritu de superaci\u00f3n\u00bb. Despu\u00e9s de dos cursos de formaci\u00f3n y un periodo de pr\u00e1cticas en dependencias policiales, los 175 inspectores -145 hombres y 30 mujeres- que componen la nueva promoci\u00f3n comenzar\u00e1n a prestar servicio de forma inmediata en sus destinos por toda Espa\u00f1a.<\/p>\n<p>Tras destacar que la Polic\u00eda Nacional en sus casi dos siglos de vida ha sabido afrontar los cambios para adaptarse a las necesidades de los nuevos desaf\u00edos, Zoido ha calificado de \u00abhist\u00f3rico\u00bb el momento actual \u00abporque estamos en un proceso de mejora de los medios e infraestructuras policiales, as\u00ed como de las condiciones salariales y laborales.<\/p>\n<p>Somos conscientes -ha agregado- de que todos nuestros polic\u00edas, y tambi\u00e9n los miembros de su cuerpo hermano de la Guardia Civil, siempre dan lo mejor de s\u00ed mismos para protegernos y merecen nuestro reconocimiento. Y, por eso, hemos hecho una propuesta de acuerdo hist\u00f3rica para la equiparaci\u00f3n salarial, algo que ning\u00fan Gobierno hab\u00eda planteado con hechos hasta ahora. Ya cre\u00edamos firmemente en ello, porque estamos orgullosos de su trabajo, pero adem\u00e1s recogemos el sentir de la sociedad. Porque los espa\u00f1oles quieren que se reconozca a quienes nos protegen de los atentados terroristas, a quienes velan por nosotros en la carretera, a quienes cuidan de nuestros hijos, a quienes salvan vidas humanas en el mar\u2026 En definitiva, a quienes nos hacen sentir seguros\u00bb.<\/p>\n<p>A continuaci\u00f3n, Juan Ignacio Zoido ha subrayado que es \u00abhacer justicia y porque estamos comprometidos y convencidos para resolver ya desigualdades con otros cuerpos que sufren desde hace m\u00e1s de 20 a\u00f1os. Y todas las partes hemos hecho un esfuerzo para resolver esta situaci\u00f3n desde ahora y para siempre. Y as\u00ed lo reconozco y agradezco\u00bb.<\/p>\n<p>El ministro del Interior ha agregado que ante los retos que tenemos por delante \u00abnecesitamos personas con liderazgo y para ello contamos con 175 nuevos inspectores que vais a seguir aportando vuestro granito de arena, desde nuevas responsabilidades, para que la seguridad siga siendo uno de los mayores patrimonios de nuestro pa\u00eds. Gracias a vuestro trabajo y talento destacar\u00e1 a\u00fan m\u00e1s el compromiso y la vocaci\u00f3n de las mujeres y los hombres a vuestro cargo\u00bb.<\/p>\n<p>Zoido tambi\u00e9n ha felicitado al director y los profesores de esta Escuela Nacional de Polic\u00eda de \u00c1vila \u00abporque saben transmitir no s\u00f3lo la formaci\u00f3n adecuada, sino sobre todo los valores necesarios, para que los miembros de esta promoci\u00f3n y de tantas otras salgan de aqu\u00ed con la preparaci\u00f3n id\u00f3nea\u00bb.<\/p>\n","protected":false},"excerpt":{"rendered":"<p>El ministro del Interior, Juan Ignacio Zoido, ha afirmado que el Gobierno ha hecho un esfuerzo para equiparar a polic\u00edas y guardias civiles \u00abdesde ahora y para siempre\u00bb. El ministro del Interior ha hecho estas afirmaciones en el acto de jura de la XXIX Promoci\u00f3n de Inspectores de la Polic\u00eda Nacional que ha presidido en [&hellip;]<\/p>\n","protected":false},"author":1,"featured_media":970768,"comment_status":"closed","ping_status":"closed","sticky":false,"template":"","format":"standard","meta":{"footnotes":""},"categories":[1],"tags":[],"class_list":["post-970767","post","type-post","status-publish","format-standard","has-post-thumbnail","hentry","category-actualidad"],"aioseo_notices":[],"aioseo_head":"\n\t\t<!-- All in One SEO Pro 5.0.1 - aioseo.com -->\n\t<meta name=\"description\" content=\"El ministro del Interior, Juan Ignacio Zoido, ha afirmado que el Gobierno ha hecho un esfuerzo para equiparar a polic\u00edas y guardias civiles &quot;desde ahora y para siempre&quot;. El ministro del Interior ha hecho estas afirmaciones en el acto de jura de la XXIX Promoci\u00f3n de Inspectores de la Polic\u00eda Nacional que ha presidido en\" \/>\n\t<meta name=\"robots\" content=\"max-image-preview:large\" \/>\n\t<meta name=\"author\" content=\"El Digital de Asturias\"\/>\n\t<meta name=\"google-site-verification\" content=\"UA-38556648-1\" \/>\n\t<meta name=\"msvalidate.01\" content=\"7dfe9f3f1b24437ab69f4f2559babe99\" \/>\n\t<meta name=\"keywords\" content=\"actualidad\" \/>\n\t<link rel=\"canonical\" href=\"https:\/\/www.eldigitaldeasturias.com\/noticias\/zoido-hemos-hecho-una-propuesta-de-acuerdo-historica-para-la-equiparacion-salarial\/\" \/>\n\t<meta name=\"generator\" content=\"All in One SEO Pro (AIOSEO) 5.0.1\" \/>\n\t\t<meta property=\"og:locale\" content=\"es_ES\" \/>\n\t\t<meta property=\"og:site_name\" content=\"El Digital de Asturias\" \/>\n\t\t<meta property=\"og:type\" content=\"article\" \/>\n\t\t<meta property=\"og:title\" content=\"Zoido: \u00abHemos hecho una propuesta de acuerdo hist\u00f3rica para la equiparaci\u00f3n salarial\u00bb - El Digital de Asturias\" \/>\n\t\t<meta property=\"og:description\" content=\"El ministro del Interior, Juan Ignacio Zoido, ha afirmado que el Gobierno ha hecho un esfuerzo para equiparar a polic\u00edas y guardias civiles &quot;desde ahora y para siempre&quot;. El ministro del Interior ha hecho estas afirmaciones en el acto de jura de la XXIX Promoci\u00f3n de Inspectores de la Polic\u00eda Nacional que ha presidido en\" \/>\n\t\t<meta property=\"og:url\" content=\"https:\/\/www.eldigitaldeasturias.com\/noticias\/zoido-hemos-hecho-una-propuesta-de-acuerdo-historica-para-la-equiparacion-salarial\/\" \/>\n\t\t<meta property=\"article:tag\" content=\"actualidad\" \/>\n\t\t<meta property=\"article:published_time\" content=\"2018-03-01T17:34:46+00:00\" \/>\n\t\t<meta property=\"article:modified_time\" content=\"2018-03-01T17:34:46+00:00\" \/>\n\t\t<meta property=\"article:publisher\" content=\"https:\/\/facebook.com\/eldigitaldeasturias\" \/>\n\t\t<meta name=\"twitter:card\" content=\"summary_large_image\" \/>\n\t\t<meta name=\"twitter:title\" content=\"Zoido: \u00abHemos hecho una propuesta de acuerdo hist\u00f3rica para la equiparaci\u00f3n salarial\u00bb - El Digital de Asturias\" \/>\n\t\t<meta name=\"twitter:description\" content=\"El ministro del Interior, Juan Ignacio Zoido, ha afirmado que el Gobierno ha hecho un esfuerzo para equiparar a polic\u00edas y guardias civiles &quot;desde ahora y para siempre&quot;. El ministro del Interior ha hecho estas afirmaciones en el acto de jura de la XXIX Promoci\u00f3n de Inspectores de la Polic\u00eda Nacional que ha presidido en\" \/>\n\t\t<meta name=\"twitter:image\" content=\"https:\/\/www.eldigitaldeasturias.com\/noticias\/wp-content\/uploads\/2020\/12\/EDA-1.jpg\" \/>\n\t\t<meta name=\"twitter:label1\" content=\"Escrito por\" \/>\n\t\t<meta name=\"twitter:data1\" content=\"El Digital de Asturias\" \/>\n\t\t<meta name=\"twitter:label2\" content=\"Tiempo de lectura estimado\" \/>\n\t\t<meta name=\"twitter:data2\" content=\"3 minutos\" \/>\n\t\t<script type=\"application\/ld+json\" class=\"aioseo-schema\">\n\t\t\t{\"@context\":\"https:\\\/\\\/schema.org\",\"@graph\":[{\"@type\":\"BlogPosting\",\"@id\":\"https:\\\/\\\/www.eldigitaldeasturias.com\\\/noticias\\\/zoido-hemos-hecho-una-propuesta-de-acuerdo-historica-para-la-equiparacion-salarial\\\/#blogposting\",\"name\":\"Zoido: \\u00abHemos hecho una propuesta de acuerdo hist\\u00f3rica para la equiparaci\\u00f3n salarial\\u00bb - El Digital de Asturias\",\"headline\":\"Zoido: \\u00abHemos hecho una propuesta de acuerdo hist\\u00f3rica para la equiparaci\\u00f3n salarial\\u00bb\",\"author\":{\"@id\":\"https:\\\/\\\/www.eldigitaldeasturias.com\\\/noticias\\\/author\\\/admin\\\/#author\"},\"publisher\":{\"@id\":\"https:\\\/\\\/www.eldigitaldeasturias.com\\\/noticias\\\/#organization\"},\"image\":{\"@type\":\"ImageObject\",\"url\":970768},\"datePublished\":\"2018-03-01T17:34:46+01:00\",\"dateModified\":\"2018-03-01T17:34:46+01:00\",\"inLanguage\":\"es-ES\",\"mainEntityOfPage\":{\"@id\":\"https:\\\/\\\/www.eldigitaldeasturias.com\\\/noticias\\\/zoido-hemos-hecho-una-propuesta-de-acuerdo-historica-para-la-equiparacion-salarial\\\/#webpage\"},\"isPartOf\":{\"@id\":\"https:\\\/\\\/www.eldigitaldeasturias.com\\\/noticias\\\/zoido-hemos-hecho-una-propuesta-de-acuerdo-historica-para-la-equiparacion-salarial\\\/#webpage\"},\"articleSection\":\"Actualidad\"},{\"@type\":\"BreadcrumbList\",\"@id\":\"https:\\\/\\\/www.eldigitaldeasturias.com\\\/noticias\\\/zoido-hemos-hecho-una-propuesta-de-acuerdo-historica-para-la-equiparacion-salarial\\\/#breadcrumblist\",\"itemListElement\":[{\"@type\":\"ListItem\",\"@id\":\"https:\\\/\\\/www.eldigitaldeasturias.com\\\/noticias#listItem\",\"position\":1,\"name\":\"Home\",\"item\":\"https:\\\/\\\/www.eldigitaldeasturias.com\\\/noticias\",\"nextItem\":{\"@type\":\"ListItem\",\"@id\":\"https:\\\/\\\/www.eldigitaldeasturias.com\\\/noticias\\\/category\\\/actualidad\\\/#listItem\",\"name\":\"Actualidad\"}},{\"@type\":\"ListItem\",\"@id\":\"https:\\\/\\\/www.eldigitaldeasturias.com\\\/noticias\\\/category\\\/actualidad\\\/#listItem\",\"position\":2,\"name\":\"Actualidad\",\"item\":\"https:\\\/\\\/www.eldigitaldeasturias.com\\\/noticias\\\/category\\\/actualidad\\\/\",\"nextItem\":{\"@type\":\"ListItem\",\"@id\":\"https:\\\/\\\/www.eldigitaldeasturias.com\\\/noticias\\\/zoido-hemos-hecho-una-propuesta-de-acuerdo-historica-para-la-equiparacion-salarial\\\/#listItem\",\"name\":\"Zoido: \\u00abHemos hecho una propuesta de acuerdo hist\\u00f3rica para la equiparaci\\u00f3n salarial\\u00bb\"},\"previousItem\":{\"@type\":\"ListItem\",\"@id\":\"https:\\\/\\\/www.eldigitaldeasturias.com\\\/noticias#listItem\",\"name\":\"Home\"}},{\"@type\":\"ListItem\",\"@id\":\"https:\\\/\\\/www.eldigitaldeasturias.com\\\/noticias\\\/zoido-hemos-hecho-una-propuesta-de-acuerdo-historica-para-la-equiparacion-salarial\\\/#listItem\",\"position\":3,\"name\":\"Zoido: \\u00abHemos hecho una propuesta de acuerdo hist\\u00f3rica para la equiparaci\\u00f3n salarial\\u00bb\",\"previousItem\":{\"@type\":\"ListItem\",\"@id\":\"https:\\\/\\\/www.eldigitaldeasturias.com\\\/noticias\\\/category\\\/actualidad\\\/#listItem\",\"name\":\"Actualidad\"}}]},{\"@type\":\"Organization\",\"@id\":\"https:\\\/\\\/www.eldigitaldeasturias.com\\\/noticias\\\/#organization\",\"name\":\"El Digital de Asturias\",\"description\":\"Hemeroteca\",\"url\":\"https:\\\/\\\/www.eldigitaldeasturias.com\\\/noticias\\\/\",\"email\":\"info@eldigitaldeasturias.com\",\"telephone\":\"+34652131393\",\"logo\":{\"@type\":\"ImageObject\",\"url\":\"https:\\\/\\\/www.eldigitaldeasturias.com\\\/noticias\\\/wp-content\\\/uploads\\\/2020\\\/12\\\/EDA.jpg\",\"@id\":\"https:\\\/\\\/www.eldigitaldeasturias.com\\\/noticias\\\/zoido-hemos-hecho-una-propuesta-de-acuerdo-historica-para-la-equiparacion-salarial\\\/#organizationLogo\"},\"image\":{\"@id\":\"https:\\\/\\\/www.eldigitaldeasturias.com\\\/noticias\\\/zoido-hemos-hecho-una-propuesta-de-acuerdo-historica-para-la-equiparacion-salarial\\\/#organizationLogo\"},\"sameAs\":[\"https:\\\/\\\/facebook.com\\\/eldigitaldeasturias\",\"https:\\\/\\\/www.youtube.com\\\/channel\\\/UCZP-2wLEB9Rv6erhFmqVnvg\"],\"address\":{\"@id\":\"https:\\\/\\\/www.eldigitaldeasturias.com\\\/noticias\\\/#postaladdress\",\"@type\":\"PostalAddress\",\"streetAddress\":\"san antonio 4\",\"postalCode\":\"33430\",\"addressLocality\":\"Cand\\u00e1s\",\"addressRegion\":\"Asturias\",\"addressCountry\":\"ES\"}},{\"@type\":\"Person\",\"@id\":\"https:\\\/\\\/www.eldigitaldeasturias.com\\\/noticias\\\/author\\\/admin\\\/#author\",\"url\":\"https:\\\/\\\/www.eldigitaldeasturias.com\\\/noticias\\\/author\\\/admin\\\/\",\"name\":\"El Digital de Asturias\",\"image\":{\"@type\":\"ImageObject\",\"@id\":\"https:\\\/\\\/www.eldigitaldeasturias.com\\\/noticias\\\/zoido-hemos-hecho-una-propuesta-de-acuerdo-historica-para-la-equiparacion-salarial\\\/#authorImage\",\"url\":\"https:\\\/\\\/secure.gravatar.com\\\/avatar\\\/df2aeffc32bcd13f8d26072ef8a91b623d677766deac7f97ca815868cd41bf5e?s=96&d=mm&r=g\",\"width\":96,\"height\":96,\"caption\":\"El Digital de Asturias\"}},{\"@type\":\"WebPage\",\"@id\":\"https:\\\/\\\/www.eldigitaldeasturias.com\\\/noticias\\\/zoido-hemos-hecho-una-propuesta-de-acuerdo-historica-para-la-equiparacion-salarial\\\/#webpage\",\"url\":\"https:\\\/\\\/www.eldigitaldeasturias.com\\\/noticias\\\/zoido-hemos-hecho-una-propuesta-de-acuerdo-historica-para-la-equiparacion-salarial\\\/\",\"name\":\"Zoido: \\u00abHemos hecho una propuesta de acuerdo hist\\u00f3rica para la equiparaci\\u00f3n salarial\\u00bb - El Digital de Asturias\",\"description\":\"El ministro del Interior, Juan Ignacio Zoido, ha afirmado que el Gobierno ha hecho un esfuerzo para equiparar a polic\\u00edas y guardias civiles \\\"desde ahora y para siempre\\\". El ministro del Interior ha hecho estas afirmaciones en el acto de jura de la XXIX Promoci\\u00f3n de Inspectores de la Polic\\u00eda Nacional que ha presidido en\",\"inLanguage\":\"es-ES\",\"isPartOf\":{\"@id\":\"https:\\\/\\\/www.eldigitaldeasturias.com\\\/noticias\\\/#website\"},\"breadcrumb\":{\"@id\":\"https:\\\/\\\/www.eldigitaldeasturias.com\\\/noticias\\\/zoido-hemos-hecho-una-propuesta-de-acuerdo-historica-para-la-equiparacion-salarial\\\/#breadcrumblist\"},\"author\":{\"@id\":\"https:\\\/\\\/www.eldigitaldeasturias.com\\\/noticias\\\/author\\\/admin\\\/#author\"},\"creator\":{\"@id\":\"https:\\\/\\\/www.eldigitaldeasturias.com\\\/noticias\\\/author\\\/admin\\\/#author\"},\"image\":{\"@type\":\"ImageObject\",\"url\":970768,\"@id\":\"https:\\\/\\\/www.eldigitaldeasturias.com\\\/noticias\\\/zoido-hemos-hecho-una-propuesta-de-acuerdo-historica-para-la-equiparacion-salarial\\\/#mainImage\"},\"primaryImageOfPage\":{\"@id\":\"https:\\\/\\\/www.eldigitaldeasturias.com\\\/noticias\\\/zoido-hemos-hecho-una-propuesta-de-acuerdo-historica-para-la-equiparacion-salarial\\\/#mainImage\"},\"datePublished\":\"2018-03-01T17:34:46+01:00\",\"dateModified\":\"2018-03-01T17:34:46+01:00\"},{\"@type\":\"WebSite\",\"@id\":\"https:\\\/\\\/www.eldigitaldeasturias.com\\\/noticias\\\/#website\",\"url\":\"https:\\\/\\\/www.eldigitaldeasturias.com\\\/noticias\\\/\",\"name\":\"El Digital de Asturias - Diario de actualidad y noticias\",\"alternateName\":\"El Digital de Asturias - Diario de actualidad y noticias\",\"description\":\"Hemeroteca\",\"inLanguage\":\"es-ES\",\"publisher\":{\"@id\":\"https:\\\/\\\/www.eldigitaldeasturias.com\\\/noticias\\\/#organization\"}}]}\n\t\t<\/script>\n\t\t<!-- All in One SEO Pro -->\r\n\t\t<title>Zoido: \u00abHemos hecho una propuesta de acuerdo hist\u00f3rica para la equiparaci\u00f3n salarial\u00bb - El Digital de Asturias<\/title>\n\n","aioseo_head_json":{"title":"Zoido: \u00abHemos hecho una propuesta de acuerdo hist\u00f3rica para la equiparaci\u00f3n salarial\u00bb - El Digital de Asturias","description":"El ministro del Interior, Juan Ignacio Zoido, ha afirmado que el Gobierno ha hecho un esfuerzo para equiparar a polic\u00edas y guardias civiles \"desde ahora y para siempre\". El ministro del Interior ha hecho estas afirmaciones en el acto de jura de la XXIX Promoci\u00f3n de Inspectores de la Polic\u00eda Nacional que ha presidido en","canonical_url":"https:\/\/www.eldigitaldeasturias.com\/noticias\/zoido-hemos-hecho-una-propuesta-de-acuerdo-historica-para-la-equiparacion-salarial\/","robots":"max-image-preview:large","keywords":"actualidad","webmasterTools":{"google-site-verification":"UA-38556648-1","msvalidate.01":"7dfe9f3f1b24437ab69f4f2559babe99","miscellaneous":""},"schema":{"@context":"https:\/\/schema.org","@graph":[{"@type":"BlogPosting","@id":"https:\/\/www.eldigitaldeasturias.com\/noticias\/zoido-hemos-hecho-una-propuesta-de-acuerdo-historica-para-la-equiparacion-salarial\/#blogposting","name":"Zoido: \u00abHemos hecho una propuesta de acuerdo hist\u00f3rica para la equiparaci\u00f3n salarial\u00bb - El Digital de Asturias","headline":"Zoido: \u00abHemos hecho una propuesta de acuerdo hist\u00f3rica para la equiparaci\u00f3n salarial\u00bb","author":{"@id":"https:\/\/www.eldigitaldeasturias.com\/noticias\/author\/admin\/#author"},"publisher":{"@id":"https:\/\/www.eldigitaldeasturias.com\/noticias\/#organization"},"image":{"@type":"ImageObject","url":970768},"datePublished":"2018-03-01T17:34:46+01:00","dateModified":"2018-03-01T17:34:46+01:00","inLanguage":"es-ES","mainEntityOfPage":{"@id":"https:\/\/www.eldigitaldeasturias.com\/noticias\/zoido-hemos-hecho-una-propuesta-de-acuerdo-historica-para-la-equiparacion-salarial\/#webpage"},"isPartOf":{"@id":"https:\/\/www.eldigitaldeasturias.com\/noticias\/zoido-hemos-hecho-una-propuesta-de-acuerdo-historica-para-la-equiparacion-salarial\/#webpage"},"articleSection":"Actualidad"},{"@type":"BreadcrumbList","@id":"https:\/\/www.eldigitaldeasturias.com\/noticias\/zoido-hemos-hecho-una-propuesta-de-acuerdo-historica-para-la-equiparacion-salarial\/#breadcrumblist","itemListElement":[{"@type":"ListItem","@id":"https:\/\/www.eldigitaldeasturias.com\/noticias#listItem","position":1,"name":"Home","item":"https:\/\/www.eldigitaldeasturias.com\/noticias","nextItem":{"@type":"ListItem","@id":"https:\/\/www.eldigitaldeasturias.com\/noticias\/category\/actualidad\/#listItem","name":"Actualidad"}},{"@type":"ListItem","@id":"https:\/\/www.eldigitaldeasturias.com\/noticias\/category\/actualidad\/#listItem","position":2,"name":"Actualidad","item":"https:\/\/www.eldigitaldeasturias.com\/noticias\/category\/actualidad\/","nextItem":{"@type":"ListItem","@id":"https:\/\/www.eldigitaldeasturias.com\/noticias\/zoido-hemos-hecho-una-propuesta-de-acuerdo-historica-para-la-equiparacion-salarial\/#listItem","name":"Zoido: \u00abHemos hecho una propuesta de acuerdo hist\u00f3rica para la equiparaci\u00f3n salarial\u00bb"},"previousItem":{"@type":"ListItem","@id":"https:\/\/www.eldigitaldeasturias.com\/noticias#listItem","name":"Home"}},{"@type":"ListItem","@id":"https:\/\/www.eldigitaldeasturias.com\/noticias\/zoido-hemos-hecho-una-propuesta-de-acuerdo-historica-para-la-equiparacion-salarial\/#listItem","position":3,"name":"Zoido: \u00abHemos hecho una propuesta de acuerdo hist\u00f3rica para la equiparaci\u00f3n salarial\u00bb","previousItem":{"@type":"ListItem","@id":"https:\/\/www.eldigitaldeasturias.com\/noticias\/category\/actualidad\/#listItem","name":"Actualidad"}}]},{"@type":"Organization","@id":"https:\/\/www.eldigitaldeasturias.com\/noticias\/#organization","name":"El Digital de Asturias","description":"Hemeroteca","url":"https:\/\/www.eldigitaldeasturias.com\/noticias\/","email":"info@eldigitaldeasturias.com","telephone":"+34652131393","logo":{"@type":"ImageObject","url":"https:\/\/www.eldigitaldeasturias.com\/noticias\/wp-content\/uploads\/2020\/12\/EDA.jpg","@id":"https:\/\/www.eldigitaldeasturias.com\/noticias\/zoido-hemos-hecho-una-propuesta-de-acuerdo-historica-para-la-equiparacion-salarial\/#organizationLogo"},"image":{"@id":"https:\/\/www.eldigitaldeasturias.com\/noticias\/zoido-hemos-hecho-una-propuesta-de-acuerdo-historica-para-la-equiparacion-salarial\/#organizationLogo"},"sameAs":["https:\/\/facebook.com\/eldigitaldeasturias","https:\/\/www.youtube.com\/channel\/UCZP-2wLEB9Rv6erhFmqVnvg"],"address":{"@id":"https:\/\/www.eldigitaldeasturias.com\/noticias\/#postaladdress","@type":"PostalAddress","streetAddress":"san antonio 4","postalCode":"33430","addressLocality":"Cand\u00e1s","addressRegion":"Asturias","addressCountry":"ES"}},{"@type":"Person","@id":"https:\/\/www.eldigitaldeasturias.com\/noticias\/author\/admin\/#author","url":"https:\/\/www.eldigitaldeasturias.com\/noticias\/author\/admin\/","name":"El Digital de Asturias","image":{"@type":"ImageObject","@id":"https:\/\/www.eldigitaldeasturias.com\/noticias\/zoido-hemos-hecho-una-propuesta-de-acuerdo-historica-para-la-equiparacion-salarial\/#authorImage","url":"https:\/\/secure.gravatar.com\/avatar\/df2aeffc32bcd13f8d26072ef8a91b623d677766deac7f97ca815868cd41bf5e?s=96&d=mm&r=g","width":96,"height":96,"caption":"El Digital de Asturias"}},{"@type":"WebPage","@id":"https:\/\/www.eldigitaldeasturias.com\/noticias\/zoido-hemos-hecho-una-propuesta-de-acuerdo-historica-para-la-equiparacion-salarial\/#webpage","url":"https:\/\/www.eldigitaldeasturias.com\/noticias\/zoido-hemos-hecho-una-propuesta-de-acuerdo-historica-para-la-equiparacion-salarial\/","name":"Zoido: \u00abHemos hecho una propuesta de acuerdo hist\u00f3rica para la equiparaci\u00f3n salarial\u00bb - El Digital de Asturias","description":"El ministro del Interior, Juan Ignacio Zoido, ha afirmado que el Gobierno ha hecho un esfuerzo para equiparar a polic\u00edas y guardias civiles \"desde ahora y para siempre\". El ministro del Interior ha hecho estas afirmaciones en el acto de jura de la XXIX Promoci\u00f3n de Inspectores de la Polic\u00eda Nacional que ha presidido en","inLanguage":"es-ES","isPartOf":{"@id":"https:\/\/www.eldigitaldeasturias.com\/noticias\/#website"},"breadcrumb":{"@id":"https:\/\/www.eldigitaldeasturias.com\/noticias\/zoido-hemos-hecho-una-propuesta-de-acuerdo-historica-para-la-equiparacion-salarial\/#breadcrumblist"},"author":{"@id":"https:\/\/www.eldigitaldeasturias.com\/noticias\/author\/admin\/#author"},"creator":{"@id":"https:\/\/www.eldigitaldeasturias.com\/noticias\/author\/admin\/#author"},"image":{"@type":"ImageObject","url":970768,"@id":"https:\/\/www.eldigitaldeasturias.com\/noticias\/zoido-hemos-hecho-una-propuesta-de-acuerdo-historica-para-la-equiparacion-salarial\/#mainImage"},"primaryImageOfPage":{"@id":"https:\/\/www.eldigitaldeasturias.com\/noticias\/zoido-hemos-hecho-una-propuesta-de-acuerdo-historica-para-la-equiparacion-salarial\/#mainImage"},"datePublished":"2018-03-01T17:34:46+01:00","dateModified":"2018-03-01T17:34:46+01:00"},{"@type":"WebSite","@id":"https:\/\/www.eldigitaldeasturias.com\/noticias\/#website","url":"https:\/\/www.eldigitaldeasturias.com\/noticias\/","name":"El Digital de Asturias - Diario de actualidad y noticias","alternateName":"El Digital de Asturias - Diario de actualidad y noticias","description":"Hemeroteca","inLanguage":"es-ES","publisher":{"@id":"https:\/\/www.eldigitaldeasturias.com\/noticias\/#organization"}}]},"og:locale":"es_ES","og:site_name":"El Digital de Asturias","og:type":"article","og:title":"Zoido: \u00abHemos hecho una propuesta de acuerdo hist\u00f3rica para la equiparaci\u00f3n salarial\u00bb - El Digital de Asturias","og:description":"El ministro del Interior, Juan Ignacio Zoido, ha afirmado que el Gobierno ha hecho un esfuerzo para equiparar a polic\u00edas y guardias civiles &quot;desde ahora y para siempre&quot;. El ministro del Interior ha hecho estas afirmaciones en el acto de jura de la XXIX Promoci\u00f3n de Inspectores de la Polic\u00eda Nacional que ha presidido en","og:url":"https:\/\/www.eldigitaldeasturias.com\/noticias\/zoido-hemos-hecho-una-propuesta-de-acuerdo-historica-para-la-equiparacion-salarial\/","article:tag":["actualidad"],"article:published_time":"2018-03-01T17:34:46+00:00","article:modified_time":"2018-03-01T17:34:46+00:00","article:publisher":"https:\/\/facebook.com\/eldigitaldeasturias","twitter:card":"summary_large_image","twitter:title":"Zoido: \u00abHemos hecho una propuesta de acuerdo hist\u00f3rica para la equiparaci\u00f3n salarial\u00bb - El Digital de Asturias","twitter:description":"El ministro del Interior, Juan Ignacio Zoido, ha afirmado que el Gobierno ha hecho un esfuerzo para equiparar a polic\u00edas y guardias civiles &quot;desde ahora y para siempre&quot;. El ministro del Interior ha hecho estas afirmaciones en el acto de jura de la XXIX Promoci\u00f3n de Inspectores de la Polic\u00eda Nacional que ha presidido en","twitter:image":"https:\/\/www.eldigitaldeasturias.com\/noticias\/wp-content\/uploads\/2020\/12\/EDA-1.jpg","twitter:label1":"Escrito por","twitter:data1":"El Digital de Asturias","twitter:label2":"Tiempo de lectura estimado","twitter:data2":"3 minutos"},"aioseo_meta_data":{"post_id":"970767","title":null,"description":null,"keywords":null,"keyphrases":null,"primary_term":null,"canonical_url":null,"og_title":null,"og_description":null,"og_object_type":"default","og_image_type":"default","og_image_url":null,"og_image_width":null,"og_image_height":null,"og_image_custom_url":null,"og_image_custom_fields":null,"og_video":null,"og_custom_url":null,"og_article_section":null,"og_article_tags":null,"twitter_use_og":false,"twitter_card":"default","twitter_image_type":"default","twitter_image_url":null,"twitter_image_custom_url":null,"twitter_image_custom_fields":null,"twitter_title":null,"twitter_description":null,"schema":{"blockGraphs":[],"customGraphs":[],"default":{"data":{"Article":[],"Course":[],"Dataset":[],"FAQPage":[],"Movie":[],"Person":[],"Product":[],"ProductReview":[],"Car":[],"Recipe":[],"Service":[],"SoftwareApplication":[],"WebPage":[]},"graphName":"","isEnabled":true},"graphs":[],"defaultGraph":"","defaultPostTypeGraph":""},"schema_type":null,"schema_type_options":null,"pillar_content":false,"robots_default":true,"robots_noindex":false,"robots_noarchive":false,"robots_nosnippet":false,"robots_nofollow":false,"robots_noimageindex":false,"robots_noodp":false,"robots_notranslate":false,"robots_max_snippet":null,"robots_max_videopreview":null,"robots_max_imagepreview":"large","priority":null,"frequency":null,"local_seo":null,"seo_analyzer_scan_date":"2025-10-07 06:45:03","breadcrumb_settings":null,"limit_modified_date":false,"open_ai":null,"ai":null,"created":"2020-12-21 12:23:37","updated":"2025-10-07 06:45:03","focus_keyword":null,"additional_keywords":null,"truseo_locale":null},"aioseo_breadcrumb":"<div class=\"aioseo-breadcrumbs\"><span class=\"aioseo-breadcrumb\">\n\t<a href=\"https:\/\/www.eldigitaldeasturias.com\/noticias\" title=\"Home\">Home<\/a>\n<\/span><span class=\"aioseo-breadcrumb-separator\">\u2013<\/span><span class=\"aioseo-breadcrumb\">\n\t<a href=\"https:\/\/www.eldigitaldeasturias.com\/noticias\/category\/actualidad\/\" title=\"Actualidad\">Actualidad<\/a>\n<\/span><span class=\"aioseo-breadcrumb-separator\">\u2013<\/span><span class=\"aioseo-breadcrumb\">\n\t<a href=\"https:\/\/www.eldigitaldeasturias.com\/noticias\/zoido-hemos-hecho-una-propuesta-de-acuerdo-historica-para-la-equiparacion-salarial\/\" title=\"Zoido: \u00abHemos hecho una propuesta de acuerdo hist\u00f3rica para la equiparaci\u00f3n salarial\u00bb\">Zoido: \u00abHemos hecho una propuesta de acuerdo hist\u00f3rica para la equiparaci\u00f3n salarial\u00bb<\/a>\n<\/span><\/div>","aioseo_breadcrumb_json":[{"label":"Home","link":"https:\/\/www.eldigitaldeasturias.com\/noticias"},{"label":"Actualidad","link":"https:\/\/www.eldigitaldeasturias.com\/noticias\/category\/actualidad\/"},{"label":"Zoido: \u00abHemos hecho una propuesta de acuerdo hist\u00f3rica para la equiparaci\u00f3n salarial\u00bb","link":"https:\/\/www.eldigitaldeasturias.com\/noticias\/zoido-hemos-hecho-una-propuesta-de-acuerdo-historica-para-la-equiparacion-salarial\/"}],"_links":{"self":[{"href":"https:\/\/www.eldigitaldeasturias.com\/noticias\/wp-json\/wp\/v2\/posts\/970767","targetHints":{"allow":["GET"]}}],"collection":[{"href":"https:\/\/www.eldigitaldeasturias.com\/noticias\/wp-json\/wp\/v2\/posts"}],"about":[{"href":"https:\/\/www.eldigitaldeasturias.com\/noticias\/wp-json\/wp\/v2\/types\/post"}],"author":[{"embeddable":true,"href":"https:\/\/www.eldigitaldeasturias.com\/noticias\/wp-json\/wp\/v2\/users\/1"}],"replies":[{"embeddable":true,"href":"https:\/\/www.eldigitaldeasturias.com\/noticias\/wp-json\/wp\/v2\/comments?post=970767"}],"version-history":[{"count":0,"href":"https:\/\/www.eldigitaldeasturias.com\/noticias\/wp-json\/wp\/v2\/posts\/970767\/revisions"}],"wp:attachment":[{"href":"https:\/\/www.eldigitaldeasturias.com\/noticias\/wp-json\/wp\/v2\/media?parent=970767"}],"wp:term":[{"taxonomy":"category","embeddable":true,"href":"https:\/\/www.eldigitaldeasturias.com\/noticias\/wp-json\/wp\/v2\/categories?post=970767"},{"taxonomy":"post_tag","embeddable":true,"href":"https:\/\/www.eldigitaldeasturias.com\/noticias\/wp-json\/wp\/v2\/tags?post=970767"}],"curies":[{"name":"wp","href":"https:\/\/api.w.org\/{rel}","templated":true}]}}