{"id":970708,"date":"2018-02-28T19:13:33","date_gmt":"2018-02-28T19:13:33","guid":{"rendered":"http:\/\/www.eldigitaldeasturias.com\/noticias\/?p=970708"},"modified":"2018-02-28T19:13:33","modified_gmt":"2018-02-28T19:13:33","slug":"vargas-llosa-las-grandes-reformas-sociales-tienen-perfil-liberal","status":"publish","type":"post","link":"https:\/\/www.eldigitaldeasturias.com\/noticias\/vargas-llosa-las-grandes-reformas-sociales-tienen-perfil-liberal\/","title":{"rendered":"Vargas Llosa: \u00abLas grandes reformas sociales tienen perfil liberal\u00bb"},"content":{"rendered":"<p><img loading=\"lazy\" decoding=\"async\" class=\"alignleft size-medium wp-image-881014\" src=\"https:\/\/www.eldigitaldeasturias.com\/noticias\/wp-content\/uploads\/2016\/05\/fotonoticia_20160506105604_800-360x243.jpg\" alt=\"\" width=\"360\" height=\"243\" \/>Madrid, 28 feb (dpa) &#8211; Aunque afirma que no quiere \u00abllevar un cartelito\u00bb que lo defina ideol\u00f3gicamente, Mario Vargas Llosa se ha declarado en numerosas ocasiones como adalid del liberalismo, una doctrina que el Nobel de Literatura peruano reivindica ahora en su autobiograf\u00eda \u00abLa llamada de la tribu\u00bb.<\/p>\n<p>El libro, que llega a las librer\u00edas este mes de marzo de la mano de Alfaguara, no son unas memorias al uso -como ya hiciera en \u00abEl pez en el agua\u00bb-, sino que se trata de una autobiograf\u00eda intelectual y pol\u00edtica. En ella, el octogenario escritor rinde homenaje a los siete pensadores liberales que m\u00e1s lo influyeron tras su desencanto con el comunismo y el existencialismo de Jean-Paul Sartre.<\/p>\n<p>\u00abEl triunfo de la Revoluci\u00f3n Cubana tuvo un efecto gigantesco en mi generaci\u00f3n\u00bb, cont\u00f3 hoy un locuaz Vargas Llosa en Madrid. \u00abVimos lo que creo que todos busc\u00e1bamos: un socialismo abierto, sin una est\u00e9tica dogm\u00e1tica, que permitir\u00eda la discrepancia y la diversidad\u00bb. Sin embargo, tras el entusiasmo e incluso militancia inicial, acab\u00f3 sinti\u00e9ndose \u00abcomo los curas que cuelgan los h\u00e1bitos\u00bb.<\/p>\n<p>\u00abDescubr\u00ed que la democracia no era esa m\u00e1scara del imperialismo que nos dec\u00eda la izquierda comunista, sino que en realidad era lo que permit\u00eda que se viviera en una sociedad donde se pod\u00eda discrepar del poder y criticarlo\u00bb, explic\u00f3. Y fue en los 70, durante su estancia en la Inglaterra de Margaret Thatcher, cuando descubri\u00f3 el libro que pol\u00edticamente m\u00e1s lo ha marcado: \u00abLa sociedad abierta y sus enemigos\u00bb, de Karl Popper.<\/p>\n<p>El autor de \u00abLa ciudad y los perros\u00bb o \u00abConversaci\u00f3n en La Catedral\u00bb define el liberalismo como una doctrina -y no ideolog\u00eda- que parte de convicciones compartidas como que el peligro para la libertad viene principalmente del Estado o el principio de la igualdad de oportunidades, presente ya en Adam Smith. \u00abTodas las grandes reformas sociales que se han hecho en democracia tienen un perfil liberal\u00bb, reivindic\u00f3.<\/p>\n<p>Sin embargo, afirm\u00f3, en Latinoam\u00e9rica el liberalismo \u00abno prendi\u00f3 nunca de verdad\u00bb, sobre todo desde el punto de vista econ\u00f3mico. Y esa es una de las razones por las que las democracias \u00abfueron muy fr\u00e1giles, transitorias, y fracasaron\u00bb, derivando en muchos casos en dictaduras militares. Con todo, hoy en d\u00eda \u00abla Am\u00e9rica Latina de los dictadores pr\u00e1cticamente ha desaparecido, s\u00f3lo tenemos Cuba y Venezuela\u00bb, a\u00f1adi\u00f3.<\/p>\n<p>Implacable en sus cr\u00edticas al socialismo -\u00abpiensen en lo que ha sido el peronismo para la Argentina, que era un pa\u00eds enormemente pr\u00f3spero y culto y f\u00edjense lo pobre y ca\u00f3tico que es ahora\u00bb-, Vargas Llosa no se mordi\u00f3 la lengua cuando le preguntaron por las pr\u00f3ximas elecciones presidenciales de abril en Venezuela, que seg\u00fan vaticin\u00f3 \u00abser\u00e1n una farsa\u00bb.<\/p>\n<p>\u00abNo creo que haya un caso parecido de empobrecimiento tan veloz en toda Latinoam\u00e9rica. En Venezuela hab\u00eda corrupci\u00f3n, pero era insignificante comparada con la actual, que es repelente, repugnante\u00bb, a\u00f1adi\u00f3. Por eso, si los \u00faltimos comicios ya fueron manipulados por el Gobierno, en estos \u00abel fraude va a ser todav\u00eda m\u00e1s espectacular\u00bb, agreg\u00f3.<\/p>\n<p>En ese sentido, espera que lo que sucede en Venezuela sirva \u00abde ejemplo preventivo a otros pa\u00edses latinoamericanos\u00bb como M\u00e9xico, que podr\u00eda \u00abretroceder a una democracia populista y demag\u00f3gica\u00bb en las pr\u00f3ximas elecciones de julio, en las que Andr\u00e9s Manuel L\u00f3pez Obrador parece llevar el liderazgo en las encuestas. Pero \u00abno van a ser tan insensatos\u00bb, confi\u00f3.<\/p>\n<p>Preguntado por sus cr\u00edticas al indulto del ex presidente Alberto Fujimori concedido por el actual mandatario de Per\u00fa, Pablo Kuczynski, el escritor volvi\u00f3 a insistir en que se trata de una medida \u00ababusiva e ilegal\u00bb. Fujimori, contra el que concurri\u00f3 -y perdi\u00f3- en las presidenciales de 1990, \u00abfue un dictador condenado en un juicio impecable\u00bb. \u00abHay que impedir que regrese la tradici\u00f3n espantosa que ha convertido Per\u00fa en un pa\u00eds pobre\u00bb, a\u00f1adi\u00f3.<\/p>\n<p>Y puestos a hablar de conflictos pol\u00edticos, tampoco evit\u00f3 pronunciarse sobre la situaci\u00f3n en Catalu\u00f1a, reiterando sus cr\u00edticas al independentismo. \u00abEspero que Catalu\u00f1a vuelva a ser la vanguardia ideol\u00f3gica, cultural y social de Espa\u00f1a\u00bb, declar\u00f3. El nacionalismo catal\u00e1n es un \u00abanacronismo\u00bb que no tiene raz\u00f3n de ser, un \u00abmonstruo\u00bb y una \u00abideolog\u00eda t\u00f3xica\u00bb creada \u00abartificialmente, subray\u00f3.<\/p>\n<p>Respecto a la reciente pol\u00e9mica en la feria de arte contempor\u00e1neo ARCO Madrid tras la retirada de la obra \u00abPresos pol\u00edticos\u00bb (Santiago Sierra), relacionada con la crisis catalana, o la prohibici\u00f3n del libro sobre narcotr\u00e1fico \u00abFari\u00f1as\u00bb, no dud\u00f3 en defender la libertad de expresi\u00f3n. \u00abLa cultura debe manifestarse con libertad, nos guste o no\u00bb. Incluido el \u00abpseudoarte\u00bb.<\/p>\n<p>Eso s\u00ed, aunque reconoci\u00f3 que en Espa\u00f1a \u00abmuchas cosas andan mal\u00bb, puntualiz\u00f3 que aqu\u00ed \u00abno hay ning\u00fan partido liberal en el poder\u00bb, en referencia al Partido Popular de Mariano Rajoy. \u00abS\u00f3lo hay un partido que se ha declarado liberal, que es Ciudadanos\u00bb, al que el tambi\u00e9n Premio Cervantes apoy\u00f3 expl\u00edcitamente en las pasadas elecciones del 21 de diciembre.<\/p>\n<p>Siempre cort\u00e9s con la prensa, el literato respondi\u00f3 por \u00faltimo a la pregunta sobre el art\u00edculo publicado recientemente por \u00abThe New York Times\u00bb, en el que su actual pareja, Isabel Preysler, no sale muy bien parada. Seg\u00fan dijo, es \u00abmuy justo\u00bb en lo que se refiere a sus actitudes pol\u00edticas y \u00abmuy generoso\u00bb en la parte literaria. \u00abPero desgraciadamente hay mucha chismograf\u00eda\u00bb, lament\u00f3. \u00abHay que resignarse\u00bb.<\/p>\n<p><i class=\"lang-es\"><span class=\" readonly\" title=\"\">Por Elena Box (Madrid)<\/span><\/i><\/p>\n","protected":false},"excerpt":{"rendered":"<p>Madrid, 28 feb (dpa) &#8211; Aunque afirma que no quiere \u00abllevar un cartelito\u00bb que lo defina ideol\u00f3gicamente, Mario Vargas Llosa se ha declarado en numerosas ocasiones como adalid del liberalismo, una doctrina que el Nobel de Literatura peruano reivindica ahora en su autobiograf\u00eda \u00abLa llamada de la tribu\u00bb. El libro, que llega a las librer\u00edas [&hellip;]<\/p>\n","protected":false},"author":1,"featured_media":881014,"comment_status":"closed","ping_status":"closed","sticky":false,"template":"","format":"standard","meta":{"footnotes":""},"categories":[1],"tags":[],"class_list":["post-970708","post","type-post","status-publish","format-standard","has-post-thumbnail","hentry","category-actualidad"],"aioseo_notices":[],"aioseo_head":"\n\t\t<!-- All in One SEO Pro 5.0.1 - aioseo.com -->\n\t<meta name=\"description\" content=\"Madrid, 28 feb (dpa) - Aunque afirma que no quiere &quot;llevar un cartelito&quot; que lo defina ideol\u00f3gicamente, Mario Vargas Llosa se ha declarado en numerosas ocasiones como adalid del liberalismo, una doctrina que el Nobel de Literatura peruano reivindica ahora en su autobiograf\u00eda &quot;La llamada de la tribu&quot;. El libro, que llega a las librer\u00edas\" \/>\n\t<meta name=\"robots\" content=\"max-image-preview:large\" \/>\n\t<meta name=\"author\" content=\"El Digital de Asturias\"\/>\n\t<meta name=\"google-site-verification\" content=\"UA-38556648-1\" \/>\n\t<meta name=\"msvalidate.01\" content=\"7dfe9f3f1b24437ab69f4f2559babe99\" \/>\n\t<meta name=\"keywords\" content=\"actualidad\" \/>\n\t<link rel=\"canonical\" href=\"https:\/\/www.eldigitaldeasturias.com\/noticias\/vargas-llosa-las-grandes-reformas-sociales-tienen-perfil-liberal\/\" \/>\n\t<meta name=\"generator\" content=\"All in One SEO Pro (AIOSEO) 5.0.1\" \/>\n\t\t<meta property=\"og:locale\" content=\"es_ES\" \/>\n\t\t<meta property=\"og:site_name\" content=\"El Digital de Asturias\" \/>\n\t\t<meta property=\"og:type\" content=\"article\" \/>\n\t\t<meta property=\"og:title\" content=\"Vargas Llosa: \u00abLas grandes reformas sociales tienen perfil liberal\u00bb - El Digital de Asturias\" \/>\n\t\t<meta property=\"og:description\" content=\"Madrid, 28 feb (dpa) - Aunque afirma que no quiere &quot;llevar un cartelito&quot; que lo defina ideol\u00f3gicamente, Mario Vargas Llosa se ha declarado en numerosas ocasiones como adalid del liberalismo, una doctrina que el Nobel de Literatura peruano reivindica ahora en su autobiograf\u00eda &quot;La llamada de la tribu&quot;. El libro, que llega a las librer\u00edas\" \/>\n\t\t<meta property=\"og:url\" content=\"https:\/\/www.eldigitaldeasturias.com\/noticias\/vargas-llosa-las-grandes-reformas-sociales-tienen-perfil-liberal\/\" \/>\n\t\t<meta property=\"article:tag\" content=\"actualidad\" \/>\n\t\t<meta property=\"article:published_time\" content=\"2018-02-28T19:13:33+00:00\" \/>\n\t\t<meta property=\"article:modified_time\" content=\"2018-02-28T19:13:33+00:00\" \/>\n\t\t<meta property=\"article:publisher\" content=\"https:\/\/facebook.com\/eldigitaldeasturias\" \/>\n\t\t<meta name=\"twitter:card\" content=\"summary_large_image\" \/>\n\t\t<meta name=\"twitter:title\" content=\"Vargas Llosa: \u00abLas grandes reformas sociales tienen perfil liberal\u00bb - El Digital de Asturias\" \/>\n\t\t<meta name=\"twitter:description\" content=\"Madrid, 28 feb (dpa) - Aunque afirma que no quiere &quot;llevar un cartelito&quot; que lo defina ideol\u00f3gicamente, Mario Vargas Llosa se ha declarado en numerosas ocasiones como adalid del liberalismo, una doctrina que el Nobel de Literatura peruano reivindica ahora en su autobiograf\u00eda &quot;La llamada de la tribu&quot;. El libro, que llega a las librer\u00edas\" \/>\n\t\t<meta name=\"twitter:image\" content=\"https:\/\/www.eldigitaldeasturias.com\/noticias\/wp-content\/uploads\/2020\/12\/EDA-1.jpg\" \/>\n\t\t<meta name=\"twitter:label1\" content=\"Escrito por\" \/>\n\t\t<meta name=\"twitter:data1\" content=\"El Digital de Asturias\" \/>\n\t\t<meta name=\"twitter:label2\" content=\"Tiempo de lectura estimado\" \/>\n\t\t<meta name=\"twitter:data2\" content=\"5 minutos\" \/>\n\t\t<script type=\"application\/ld+json\" class=\"aioseo-schema\">\n\t\t\t{\"@context\":\"https:\\\/\\\/schema.org\",\"@graph\":[{\"@type\":\"BlogPosting\",\"@id\":\"https:\\\/\\\/www.eldigitaldeasturias.com\\\/noticias\\\/vargas-llosa-las-grandes-reformas-sociales-tienen-perfil-liberal\\\/#blogposting\",\"name\":\"Vargas Llosa: \\u00abLas grandes reformas sociales tienen perfil liberal\\u00bb - El Digital de Asturias\",\"headline\":\"Vargas Llosa: \\u00abLas grandes reformas sociales tienen perfil liberal\\u00bb\",\"author\":{\"@id\":\"https:\\\/\\\/www.eldigitaldeasturias.com\\\/noticias\\\/author\\\/admin\\\/#author\"},\"publisher\":{\"@id\":\"https:\\\/\\\/www.eldigitaldeasturias.com\\\/noticias\\\/#organization\"},\"image\":{\"@type\":\"ImageObject\",\"url\":881014},\"datePublished\":\"2018-02-28T19:13:33+01:00\",\"dateModified\":\"2018-02-28T19:13:33+01:00\",\"inLanguage\":\"es-ES\",\"mainEntityOfPage\":{\"@id\":\"https:\\\/\\\/www.eldigitaldeasturias.com\\\/noticias\\\/vargas-llosa-las-grandes-reformas-sociales-tienen-perfil-liberal\\\/#webpage\"},\"isPartOf\":{\"@id\":\"https:\\\/\\\/www.eldigitaldeasturias.com\\\/noticias\\\/vargas-llosa-las-grandes-reformas-sociales-tienen-perfil-liberal\\\/#webpage\"},\"articleSection\":\"Actualidad\"},{\"@type\":\"BreadcrumbList\",\"@id\":\"https:\\\/\\\/www.eldigitaldeasturias.com\\\/noticias\\\/vargas-llosa-las-grandes-reformas-sociales-tienen-perfil-liberal\\\/#breadcrumblist\",\"itemListElement\":[{\"@type\":\"ListItem\",\"@id\":\"https:\\\/\\\/www.eldigitaldeasturias.com\\\/noticias#listItem\",\"position\":1,\"name\":\"Home\",\"item\":\"https:\\\/\\\/www.eldigitaldeasturias.com\\\/noticias\",\"nextItem\":{\"@type\":\"ListItem\",\"@id\":\"https:\\\/\\\/www.eldigitaldeasturias.com\\\/noticias\\\/category\\\/actualidad\\\/#listItem\",\"name\":\"Actualidad\"}},{\"@type\":\"ListItem\",\"@id\":\"https:\\\/\\\/www.eldigitaldeasturias.com\\\/noticias\\\/category\\\/actualidad\\\/#listItem\",\"position\":2,\"name\":\"Actualidad\",\"item\":\"https:\\\/\\\/www.eldigitaldeasturias.com\\\/noticias\\\/category\\\/actualidad\\\/\",\"nextItem\":{\"@type\":\"ListItem\",\"@id\":\"https:\\\/\\\/www.eldigitaldeasturias.com\\\/noticias\\\/vargas-llosa-las-grandes-reformas-sociales-tienen-perfil-liberal\\\/#listItem\",\"name\":\"Vargas Llosa: \\u00abLas grandes reformas sociales tienen perfil liberal\\u00bb\"},\"previousItem\":{\"@type\":\"ListItem\",\"@id\":\"https:\\\/\\\/www.eldigitaldeasturias.com\\\/noticias#listItem\",\"name\":\"Home\"}},{\"@type\":\"ListItem\",\"@id\":\"https:\\\/\\\/www.eldigitaldeasturias.com\\\/noticias\\\/vargas-llosa-las-grandes-reformas-sociales-tienen-perfil-liberal\\\/#listItem\",\"position\":3,\"name\":\"Vargas Llosa: \\u00abLas grandes reformas sociales tienen perfil liberal\\u00bb\",\"previousItem\":{\"@type\":\"ListItem\",\"@id\":\"https:\\\/\\\/www.eldigitaldeasturias.com\\\/noticias\\\/category\\\/actualidad\\\/#listItem\",\"name\":\"Actualidad\"}}]},{\"@type\":\"Organization\",\"@id\":\"https:\\\/\\\/www.eldigitaldeasturias.com\\\/noticias\\\/#organization\",\"name\":\"El Digital de Asturias\",\"description\":\"Hemeroteca\",\"url\":\"https:\\\/\\\/www.eldigitaldeasturias.com\\\/noticias\\\/\",\"email\":\"info@eldigitaldeasturias.com\",\"telephone\":\"+34652131393\",\"logo\":{\"@type\":\"ImageObject\",\"url\":\"https:\\\/\\\/www.eldigitaldeasturias.com\\\/noticias\\\/wp-content\\\/uploads\\\/2020\\\/12\\\/EDA.jpg\",\"@id\":\"https:\\\/\\\/www.eldigitaldeasturias.com\\\/noticias\\\/vargas-llosa-las-grandes-reformas-sociales-tienen-perfil-liberal\\\/#organizationLogo\"},\"image\":{\"@id\":\"https:\\\/\\\/www.eldigitaldeasturias.com\\\/noticias\\\/vargas-llosa-las-grandes-reformas-sociales-tienen-perfil-liberal\\\/#organizationLogo\"},\"sameAs\":[\"https:\\\/\\\/facebook.com\\\/eldigitaldeasturias\",\"https:\\\/\\\/www.youtube.com\\\/channel\\\/UCZP-2wLEB9Rv6erhFmqVnvg\"],\"address\":{\"@id\":\"https:\\\/\\\/www.eldigitaldeasturias.com\\\/noticias\\\/#postaladdress\",\"@type\":\"PostalAddress\",\"streetAddress\":\"san antonio 4\",\"postalCode\":\"33430\",\"addressLocality\":\"Cand\\u00e1s\",\"addressRegion\":\"Asturias\",\"addressCountry\":\"ES\"}},{\"@type\":\"Person\",\"@id\":\"https:\\\/\\\/www.eldigitaldeasturias.com\\\/noticias\\\/author\\\/admin\\\/#author\",\"url\":\"https:\\\/\\\/www.eldigitaldeasturias.com\\\/noticias\\\/author\\\/admin\\\/\",\"name\":\"El Digital de Asturias\",\"image\":{\"@type\":\"ImageObject\",\"@id\":\"https:\\\/\\\/www.eldigitaldeasturias.com\\\/noticias\\\/vargas-llosa-las-grandes-reformas-sociales-tienen-perfil-liberal\\\/#authorImage\",\"url\":\"https:\\\/\\\/secure.gravatar.com\\\/avatar\\\/df2aeffc32bcd13f8d26072ef8a91b623d677766deac7f97ca815868cd41bf5e?s=96&d=mm&r=g\",\"width\":96,\"height\":96,\"caption\":\"El Digital de Asturias\"}},{\"@type\":\"WebPage\",\"@id\":\"https:\\\/\\\/www.eldigitaldeasturias.com\\\/noticias\\\/vargas-llosa-las-grandes-reformas-sociales-tienen-perfil-liberal\\\/#webpage\",\"url\":\"https:\\\/\\\/www.eldigitaldeasturias.com\\\/noticias\\\/vargas-llosa-las-grandes-reformas-sociales-tienen-perfil-liberal\\\/\",\"name\":\"Vargas Llosa: \\u00abLas grandes reformas sociales tienen perfil liberal\\u00bb - El Digital de Asturias\",\"description\":\"Madrid, 28 feb (dpa) - Aunque afirma que no quiere \\\"llevar un cartelito\\\" que lo defina ideol\\u00f3gicamente, Mario Vargas Llosa se ha declarado en numerosas ocasiones como adalid del liberalismo, una doctrina que el Nobel de Literatura peruano reivindica ahora en su autobiograf\\u00eda \\\"La llamada de la tribu\\\". El libro, que llega a las librer\\u00edas\",\"inLanguage\":\"es-ES\",\"isPartOf\":{\"@id\":\"https:\\\/\\\/www.eldigitaldeasturias.com\\\/noticias\\\/#website\"},\"breadcrumb\":{\"@id\":\"https:\\\/\\\/www.eldigitaldeasturias.com\\\/noticias\\\/vargas-llosa-las-grandes-reformas-sociales-tienen-perfil-liberal\\\/#breadcrumblist\"},\"author\":{\"@id\":\"https:\\\/\\\/www.eldigitaldeasturias.com\\\/noticias\\\/author\\\/admin\\\/#author\"},\"creator\":{\"@id\":\"https:\\\/\\\/www.eldigitaldeasturias.com\\\/noticias\\\/author\\\/admin\\\/#author\"},\"image\":{\"@type\":\"ImageObject\",\"url\":881014,\"@id\":\"https:\\\/\\\/www.eldigitaldeasturias.com\\\/noticias\\\/vargas-llosa-las-grandes-reformas-sociales-tienen-perfil-liberal\\\/#mainImage\"},\"primaryImageOfPage\":{\"@id\":\"https:\\\/\\\/www.eldigitaldeasturias.com\\\/noticias\\\/vargas-llosa-las-grandes-reformas-sociales-tienen-perfil-liberal\\\/#mainImage\"},\"datePublished\":\"2018-02-28T19:13:33+01:00\",\"dateModified\":\"2018-02-28T19:13:33+01:00\"},{\"@type\":\"WebSite\",\"@id\":\"https:\\\/\\\/www.eldigitaldeasturias.com\\\/noticias\\\/#website\",\"url\":\"https:\\\/\\\/www.eldigitaldeasturias.com\\\/noticias\\\/\",\"name\":\"El Digital de Asturias - Diario de actualidad y noticias\",\"alternateName\":\"El Digital de Asturias - Diario de actualidad y noticias\",\"description\":\"Hemeroteca\",\"inLanguage\":\"es-ES\",\"publisher\":{\"@id\":\"https:\\\/\\\/www.eldigitaldeasturias.com\\\/noticias\\\/#organization\"}}]}\n\t\t<\/script>\n\t\t<!-- All in One SEO Pro -->\r\n\t\t<title>Vargas Llosa: \u00abLas grandes reformas sociales tienen perfil liberal\u00bb - El Digital de Asturias<\/title>\n\n","aioseo_head_json":{"title":"Vargas Llosa: \u00abLas grandes reformas sociales tienen perfil liberal\u00bb - El Digital de Asturias","description":"Madrid, 28 feb (dpa) - Aunque afirma que no quiere \"llevar un cartelito\" que lo defina ideol\u00f3gicamente, Mario Vargas Llosa se ha declarado en numerosas ocasiones como adalid del liberalismo, una doctrina que el Nobel de Literatura peruano reivindica ahora en su autobiograf\u00eda \"La llamada de la tribu\". El libro, que llega a las librer\u00edas","canonical_url":"https:\/\/www.eldigitaldeasturias.com\/noticias\/vargas-llosa-las-grandes-reformas-sociales-tienen-perfil-liberal\/","robots":"max-image-preview:large","keywords":"actualidad","webmasterTools":{"google-site-verification":"UA-38556648-1","msvalidate.01":"7dfe9f3f1b24437ab69f4f2559babe99","miscellaneous":""},"schema":{"@context":"https:\/\/schema.org","@graph":[{"@type":"BlogPosting","@id":"https:\/\/www.eldigitaldeasturias.com\/noticias\/vargas-llosa-las-grandes-reformas-sociales-tienen-perfil-liberal\/#blogposting","name":"Vargas Llosa: \u00abLas grandes reformas sociales tienen perfil liberal\u00bb - El Digital de Asturias","headline":"Vargas Llosa: \u00abLas grandes reformas sociales tienen perfil liberal\u00bb","author":{"@id":"https:\/\/www.eldigitaldeasturias.com\/noticias\/author\/admin\/#author"},"publisher":{"@id":"https:\/\/www.eldigitaldeasturias.com\/noticias\/#organization"},"image":{"@type":"ImageObject","url":881014},"datePublished":"2018-02-28T19:13:33+01:00","dateModified":"2018-02-28T19:13:33+01:00","inLanguage":"es-ES","mainEntityOfPage":{"@id":"https:\/\/www.eldigitaldeasturias.com\/noticias\/vargas-llosa-las-grandes-reformas-sociales-tienen-perfil-liberal\/#webpage"},"isPartOf":{"@id":"https:\/\/www.eldigitaldeasturias.com\/noticias\/vargas-llosa-las-grandes-reformas-sociales-tienen-perfil-liberal\/#webpage"},"articleSection":"Actualidad"},{"@type":"BreadcrumbList","@id":"https:\/\/www.eldigitaldeasturias.com\/noticias\/vargas-llosa-las-grandes-reformas-sociales-tienen-perfil-liberal\/#breadcrumblist","itemListElement":[{"@type":"ListItem","@id":"https:\/\/www.eldigitaldeasturias.com\/noticias#listItem","position":1,"name":"Home","item":"https:\/\/www.eldigitaldeasturias.com\/noticias","nextItem":{"@type":"ListItem","@id":"https:\/\/www.eldigitaldeasturias.com\/noticias\/category\/actualidad\/#listItem","name":"Actualidad"}},{"@type":"ListItem","@id":"https:\/\/www.eldigitaldeasturias.com\/noticias\/category\/actualidad\/#listItem","position":2,"name":"Actualidad","item":"https:\/\/www.eldigitaldeasturias.com\/noticias\/category\/actualidad\/","nextItem":{"@type":"ListItem","@id":"https:\/\/www.eldigitaldeasturias.com\/noticias\/vargas-llosa-las-grandes-reformas-sociales-tienen-perfil-liberal\/#listItem","name":"Vargas Llosa: \u00abLas grandes reformas sociales tienen perfil liberal\u00bb"},"previousItem":{"@type":"ListItem","@id":"https:\/\/www.eldigitaldeasturias.com\/noticias#listItem","name":"Home"}},{"@type":"ListItem","@id":"https:\/\/www.eldigitaldeasturias.com\/noticias\/vargas-llosa-las-grandes-reformas-sociales-tienen-perfil-liberal\/#listItem","position":3,"name":"Vargas Llosa: \u00abLas grandes reformas sociales tienen perfil liberal\u00bb","previousItem":{"@type":"ListItem","@id":"https:\/\/www.eldigitaldeasturias.com\/noticias\/category\/actualidad\/#listItem","name":"Actualidad"}}]},{"@type":"Organization","@id":"https:\/\/www.eldigitaldeasturias.com\/noticias\/#organization","name":"El Digital de Asturias","description":"Hemeroteca","url":"https:\/\/www.eldigitaldeasturias.com\/noticias\/","email":"info@eldigitaldeasturias.com","telephone":"+34652131393","logo":{"@type":"ImageObject","url":"https:\/\/www.eldigitaldeasturias.com\/noticias\/wp-content\/uploads\/2020\/12\/EDA.jpg","@id":"https:\/\/www.eldigitaldeasturias.com\/noticias\/vargas-llosa-las-grandes-reformas-sociales-tienen-perfil-liberal\/#organizationLogo"},"image":{"@id":"https:\/\/www.eldigitaldeasturias.com\/noticias\/vargas-llosa-las-grandes-reformas-sociales-tienen-perfil-liberal\/#organizationLogo"},"sameAs":["https:\/\/facebook.com\/eldigitaldeasturias","https:\/\/www.youtube.com\/channel\/UCZP-2wLEB9Rv6erhFmqVnvg"],"address":{"@id":"https:\/\/www.eldigitaldeasturias.com\/noticias\/#postaladdress","@type":"PostalAddress","streetAddress":"san antonio 4","postalCode":"33430","addressLocality":"Cand\u00e1s","addressRegion":"Asturias","addressCountry":"ES"}},{"@type":"Person","@id":"https:\/\/www.eldigitaldeasturias.com\/noticias\/author\/admin\/#author","url":"https:\/\/www.eldigitaldeasturias.com\/noticias\/author\/admin\/","name":"El Digital de Asturias","image":{"@type":"ImageObject","@id":"https:\/\/www.eldigitaldeasturias.com\/noticias\/vargas-llosa-las-grandes-reformas-sociales-tienen-perfil-liberal\/#authorImage","url":"https:\/\/secure.gravatar.com\/avatar\/df2aeffc32bcd13f8d26072ef8a91b623d677766deac7f97ca815868cd41bf5e?s=96&d=mm&r=g","width":96,"height":96,"caption":"El Digital de Asturias"}},{"@type":"WebPage","@id":"https:\/\/www.eldigitaldeasturias.com\/noticias\/vargas-llosa-las-grandes-reformas-sociales-tienen-perfil-liberal\/#webpage","url":"https:\/\/www.eldigitaldeasturias.com\/noticias\/vargas-llosa-las-grandes-reformas-sociales-tienen-perfil-liberal\/","name":"Vargas Llosa: \u00abLas grandes reformas sociales tienen perfil liberal\u00bb - El Digital de Asturias","description":"Madrid, 28 feb (dpa) - Aunque afirma que no quiere \"llevar un cartelito\" que lo defina ideol\u00f3gicamente, Mario Vargas Llosa se ha declarado en numerosas ocasiones como adalid del liberalismo, una doctrina que el Nobel de Literatura peruano reivindica ahora en su autobiograf\u00eda \"La llamada de la tribu\". El libro, que llega a las librer\u00edas","inLanguage":"es-ES","isPartOf":{"@id":"https:\/\/www.eldigitaldeasturias.com\/noticias\/#website"},"breadcrumb":{"@id":"https:\/\/www.eldigitaldeasturias.com\/noticias\/vargas-llosa-las-grandes-reformas-sociales-tienen-perfil-liberal\/#breadcrumblist"},"author":{"@id":"https:\/\/www.eldigitaldeasturias.com\/noticias\/author\/admin\/#author"},"creator":{"@id":"https:\/\/www.eldigitaldeasturias.com\/noticias\/author\/admin\/#author"},"image":{"@type":"ImageObject","url":881014,"@id":"https:\/\/www.eldigitaldeasturias.com\/noticias\/vargas-llosa-las-grandes-reformas-sociales-tienen-perfil-liberal\/#mainImage"},"primaryImageOfPage":{"@id":"https:\/\/www.eldigitaldeasturias.com\/noticias\/vargas-llosa-las-grandes-reformas-sociales-tienen-perfil-liberal\/#mainImage"},"datePublished":"2018-02-28T19:13:33+01:00","dateModified":"2018-02-28T19:13:33+01:00"},{"@type":"WebSite","@id":"https:\/\/www.eldigitaldeasturias.com\/noticias\/#website","url":"https:\/\/www.eldigitaldeasturias.com\/noticias\/","name":"El Digital de Asturias - Diario de actualidad y noticias","alternateName":"El Digital de Asturias - Diario de actualidad y noticias","description":"Hemeroteca","inLanguage":"es-ES","publisher":{"@id":"https:\/\/www.eldigitaldeasturias.com\/noticias\/#organization"}}]},"og:locale":"es_ES","og:site_name":"El Digital de Asturias","og:type":"article","og:title":"Vargas Llosa: \u00abLas grandes reformas sociales tienen perfil liberal\u00bb - El Digital de Asturias","og:description":"Madrid, 28 feb (dpa) - Aunque afirma que no quiere &quot;llevar un cartelito&quot; que lo defina ideol\u00f3gicamente, Mario Vargas Llosa se ha declarado en numerosas ocasiones como adalid del liberalismo, una doctrina que el Nobel de Literatura peruano reivindica ahora en su autobiograf\u00eda &quot;La llamada de la tribu&quot;. El libro, que llega a las librer\u00edas","og:url":"https:\/\/www.eldigitaldeasturias.com\/noticias\/vargas-llosa-las-grandes-reformas-sociales-tienen-perfil-liberal\/","article:tag":["actualidad"],"article:published_time":"2018-02-28T19:13:33+00:00","article:modified_time":"2018-02-28T19:13:33+00:00","article:publisher":"https:\/\/facebook.com\/eldigitaldeasturias","twitter:card":"summary_large_image","twitter:title":"Vargas Llosa: \u00abLas grandes reformas sociales tienen perfil liberal\u00bb - El Digital de Asturias","twitter:description":"Madrid, 28 feb (dpa) - Aunque afirma que no quiere &quot;llevar un cartelito&quot; que lo defina ideol\u00f3gicamente, Mario Vargas Llosa se ha declarado en numerosas ocasiones como adalid del liberalismo, una doctrina que el Nobel de Literatura peruano reivindica ahora en su autobiograf\u00eda &quot;La llamada de la tribu&quot;. El libro, que llega a las librer\u00edas","twitter:image":"https:\/\/www.eldigitaldeasturias.com\/noticias\/wp-content\/uploads\/2020\/12\/EDA-1.jpg","twitter:label1":"Escrito por","twitter:data1":"El Digital de Asturias","twitter:label2":"Tiempo de lectura estimado","twitter:data2":"5 minutos"},"aioseo_meta_data":{"post_id":"970708","title":null,"description":null,"keywords":null,"keyphrases":null,"primary_term":null,"canonical_url":null,"og_title":null,"og_description":null,"og_object_type":"default","og_image_type":"default","og_image_url":null,"og_image_width":null,"og_image_height":null,"og_image_custom_url":null,"og_image_custom_fields":null,"og_video":null,"og_custom_url":null,"og_article_section":null,"og_article_tags":null,"twitter_use_og":false,"twitter_card":"default","twitter_image_type":"default","twitter_image_url":null,"twitter_image_custom_url":null,"twitter_image_custom_fields":null,"twitter_title":null,"twitter_description":null,"schema":{"blockGraphs":[],"customGraphs":[],"default":{"data":{"Article":[],"Course":[],"Dataset":[],"FAQPage":[],"Movie":[],"Person":[],"Product":[],"ProductReview":[],"Car":[],"Recipe":[],"Service":[],"SoftwareApplication":[],"WebPage":[]},"graphName":"","isEnabled":true},"graphs":[],"defaultGraph":"","defaultPostTypeGraph":""},"schema_type":null,"schema_type_options":null,"pillar_content":false,"robots_default":true,"robots_noindex":false,"robots_noarchive":false,"robots_nosnippet":false,"robots_nofollow":false,"robots_noimageindex":false,"robots_noodp":false,"robots_notranslate":false,"robots_max_snippet":null,"robots_max_videopreview":null,"robots_max_imagepreview":"large","priority":null,"frequency":null,"local_seo":null,"seo_analyzer_scan_date":"2025-10-07 06:33:16","breadcrumb_settings":null,"limit_modified_date":false,"open_ai":null,"ai":null,"created":"2020-12-21 12:23:37","updated":"2025-10-07 06:33:16","focus_keyword":null,"additional_keywords":null,"truseo_locale":null},"aioseo_breadcrumb":"<div class=\"aioseo-breadcrumbs\"><span class=\"aioseo-breadcrumb\">\n\t<a href=\"https:\/\/www.eldigitaldeasturias.com\/noticias\" title=\"Home\">Home<\/a>\n<\/span><span class=\"aioseo-breadcrumb-separator\">\u2013<\/span><span class=\"aioseo-breadcrumb\">\n\t<a href=\"https:\/\/www.eldigitaldeasturias.com\/noticias\/category\/actualidad\/\" title=\"Actualidad\">Actualidad<\/a>\n<\/span><span class=\"aioseo-breadcrumb-separator\">\u2013<\/span><span class=\"aioseo-breadcrumb\">\n\t<a href=\"https:\/\/www.eldigitaldeasturias.com\/noticias\/vargas-llosa-las-grandes-reformas-sociales-tienen-perfil-liberal\/\" title=\"Vargas Llosa: \u00abLas grandes reformas sociales tienen perfil liberal\u00bb\">Vargas Llosa: \u00abLas grandes reformas sociales tienen perfil liberal\u00bb<\/a>\n<\/span><\/div>","aioseo_breadcrumb_json":[{"label":"Home","link":"https:\/\/www.eldigitaldeasturias.com\/noticias"},{"label":"Actualidad","link":"https:\/\/www.eldigitaldeasturias.com\/noticias\/category\/actualidad\/"},{"label":"Vargas Llosa: \u00abLas grandes reformas sociales tienen perfil liberal\u00bb","link":"https:\/\/www.eldigitaldeasturias.com\/noticias\/vargas-llosa-las-grandes-reformas-sociales-tienen-perfil-liberal\/"}],"_links":{"self":[{"href":"https:\/\/www.eldigitaldeasturias.com\/noticias\/wp-json\/wp\/v2\/posts\/970708","targetHints":{"allow":["GET"]}}],"collection":[{"href":"https:\/\/www.eldigitaldeasturias.com\/noticias\/wp-json\/wp\/v2\/posts"}],"about":[{"href":"https:\/\/www.eldigitaldeasturias.com\/noticias\/wp-json\/wp\/v2\/types\/post"}],"author":[{"embeddable":true,"href":"https:\/\/www.eldigitaldeasturias.com\/noticias\/wp-json\/wp\/v2\/users\/1"}],"replies":[{"embeddable":true,"href":"https:\/\/www.eldigitaldeasturias.com\/noticias\/wp-json\/wp\/v2\/comments?post=970708"}],"version-history":[{"count":0,"href":"https:\/\/www.eldigitaldeasturias.com\/noticias\/wp-json\/wp\/v2\/posts\/970708\/revisions"}],"wp:attachment":[{"href":"https:\/\/www.eldigitaldeasturias.com\/noticias\/wp-json\/wp\/v2\/media?parent=970708"}],"wp:term":[{"taxonomy":"category","embeddable":true,"href":"https:\/\/www.eldigitaldeasturias.com\/noticias\/wp-json\/wp\/v2\/categories?post=970708"},{"taxonomy":"post_tag","embeddable":true,"href":"https:\/\/www.eldigitaldeasturias.com\/noticias\/wp-json\/wp\/v2\/tags?post=970708"}],"curies":[{"name":"wp","href":"https:\/\/api.w.org\/{rel}","templated":true}]}}