{"id":970635,"date":"2018-02-28T15:30:53","date_gmt":"2018-02-28T15:30:53","guid":{"rendered":"http:\/\/www.eldigitaldeasturias.com\/noticias\/?p=970635"},"modified":"2018-02-28T15:30:53","modified_gmt":"2018-02-28T15:30:53","slug":"fomento-activa-todos-los-medios-necesarios-para-hacer-frente-al-temporal","status":"publish","type":"post","link":"https:\/\/www.eldigitaldeasturias.com\/noticias\/fomento-activa-todos-los-medios-necesarios-para-hacer-frente-al-temporal\/","title":{"rendered":"Fomento activa todos los medios necesarios para hacer frente al temporal"},"content":{"rendered":"<p><img loading=\"lazy\" decoding=\"async\" class=\"alignleft size-full wp-image-449149\" src=\"https:\/\/www.eldigitaldeasturias.com\/noticias\/wp-content\/uploads\/2013\/11\/nieve.jpg\" alt=\"\" width=\"350\" height=\"300\" \/>El Ministerio de Fomento ha puesto a disposici\u00f3n los medios necesarios para hacer frente a las consecuencias del temporal que est\u00e1 afectando a la Pen\u00ednsula, que se caracteriza por lluvias abundantes y generalizadas, rachas fuertes de viento y nevadas en cotas muy bajas, en todas las infraestructuras de transporte que son competencia de este departamento.<\/p>\n<p><strong>Red de Carreteras del Estado<\/strong><\/p>\n<p>El temporal est\u00e1 afectando a la Red de Carreteras del Estado, obligando, en algunas v\u00edas, a realizar cortes preventivos de tr\u00e1fico para los veh\u00edculos pesados o haciendo necesario el uso de cadenas.<\/p>\n<p>Seg\u00fan la informaci\u00f3n disponible a las 12:30 horas, en Arag\u00f3n, en las v\u00edas de alta capacidad, hay cortes preventivos a pesados en la A-21, A-22, A-23 y A-2, adem\u00e1s de exigencias de cadenas a ligeros en esas mismas v\u00edas, excepto en la A-2. Adem\u00e1s, hay incidencias en la red convencional.<\/p>\n<p>En Cantabria, hay un corte preventivo de pesados en la A-8. Tambi\u00e9n existen incidencias en la red convencional, en la N-629.<\/p>\n<p>En Castilla-La Mancha hay un corte preventivo de pesados en la A-2. Por su parte, en Castilla y Le\u00f3n hay un corte preventivo de pesados en la BU-30. No hay exigencias de cadenas a ligeros en las v\u00edas de alta capacidad, pero existen incidencias en la red convencional: N-I, N-621 y N-625.<\/p>\n<p>En Catalu\u00f1a hay adem\u00e1s corte preventivo de pesados en la B-10, B-20, B-22, B-23, B-24, B-30 y B-40. Tambi\u00e9n en la A-2, B-26, A-14, A-22, LL-11, A-27, A-7, T-11. Desde ayer a las 16:00 horas, Protecci\u00f3n Civil de la Comunidad Aut\u00f3noma decidi\u00f3 restringir la circulaci\u00f3n a pesados en toda la Comunidad. No hay exigencia de cadenas a ligeros en v\u00edas de alta capacidad y existen incidencias tambi\u00e9n en la red convencional.<\/p>\n<p>En la Comunidad Valenciana, Asturias y en La Rioja ya no hay incidencias abiertas.<\/p>\n<p><strong>Red de peaje<\/strong><\/p>\n<p>Por lo que respecta a las autopistas de peaje, existen cortes preventivos de pesados en AP-2, AP-2A, AP-7 y AP-66.<\/p>\n<p><strong>Transporte ferroviario<\/strong><\/p>\n<p>El temporal de nieve tambi\u00e9n est\u00e1 afectando a algunas l\u00edneas ferroviarias en el norte peninsular. Aunque en este momento no hay ninguna l\u00ednea cortada al tr\u00e1fico, s\u00ed se registran demoras por acumulaci\u00f3n de nieve y condiciones meteorol\u00f3gicas adversas en las Cercan\u00edas de Bilbao (l\u00ednea C3), Asturias (l\u00ednea C2), Zaragoza y la l\u00ednea R3 de Rodalies de Barcelona.<\/p>\n<p>Tambi\u00e9n, debido a la misma causa, hay demoras en los trenes de media distancia a su paso por Zaragoza y en las l\u00edneas convencionales Castej\u00f3n-Miranda de Ebro, Arcos de Jal\u00f3n-Torralba, Soto del Rey-El Entrego, Zamora-Medina del Campo, \u00c1vila-Corcos, Castell\u00f3-L&#8217;Aldea, Karrantza-Aranguren y Altsasu-Castej\u00f3n de Ebro.<\/p>\n<p>En cuanto a los trenes de Larga Distancia, sufren demoras por acumulaci\u00f3n de nieve o hielo los que unen Madrid con Gij\u00f3n (que trasbordan en Le\u00f3n), Madrid-Santander (por acumulaci\u00f3n de hielo en el cambiador de Villamuriel, Palencia) y las l\u00edneas que unen Bilbao con Madrid y Barcelona por acumulaci\u00f3n de nieve en la capital vizca\u00edna.<\/p>\n<p>Asimismo, los Alvia Madrid-Galicia circulan con retraso por acumulaci\u00f3n de nieve en Zamora.<\/p>\n<p>Tambi\u00e9n registran retrasos los trenes de larga distancia que unen Madrid con Pamplona y Logro\u00f1o, que est\u00e1n sufriendo las condiciones meteorol\u00f3gicas adversas a su paso por Zaragoza.<\/p>\n<p>En las l\u00edneas de ancho m\u00e9trico los mayores problemas se registran en la l\u00ednea Bilbao-Le\u00f3n y en la zona de Asturias, que se traducen en retrasos tambi\u00e9n en el servicio de Cercan\u00edas.<\/p>\n<p>Por su parte, en las l\u00edneas de alta velocidad no hay incidencias importantes y s\u00f3lo se registra una limitaci\u00f3n de velocidad entre Bujaraloz y Camp de Tarragona (en la l\u00ednea Madrid-Barcelona), donde los trenes circulan a 160 kms\/h y se prev\u00e9n demoras de unos 20 minutos.<\/p>\n<p><strong>Transporte a\u00e9reo<\/strong><\/p>\n<p>Varios aeropuertos del norte de la Pen\u00ednsula se han visto afectados por las precipitaciones de nieve durante la ma\u00f1ana de hoy.<\/p>\n<p>Se est\u00e1n realizando labores de limpieza de pista en Bilbao, San Sebasti\u00e1n, Pamplona y Logro\u00f1o. En Aeropuerto m\u00e1s afectado ha sido el de Bilbao y en este momento ya est\u00e1 operativo.<\/p>\n<p>Hasta las 11:00 horas, en el Aeropuerto de Bilbao se han registrado 31 cancelaciones, mientras que en San Sebasti\u00e1n 2 vuelos han sido cancelados. No hay registros hist\u00f3ricos de una nevada de estas caracter\u00edsticas en el aeropuerto de Bilbao.<\/p>\n<p>Cabe destacar que no se han cerrado aeropuertos. No obstante, durante las tareas de limpieza de pista \u00e9sta se mantiene inoperativa.<\/p>\n<p>En cuanto la Agencia Estatal de meteorolog\u00eda (AEMET), emiti\u00f3 para los d\u00edas 26, 27 y 28 de febrero boletines de aviso por nevadas de nivel naranja en diversas comunidades aut\u00f3nomas Aena activ\u00f3 el Plan de Actuaciones Invernales frente a contingencias de hielo y nieve en diversos aeropuertos de la red que durante estos d\u00edas tienen riesgo de sufrir condiciones meteorol\u00f3gicas adversas.<\/p>\n<p>El Plan de Actuaciones Invernales de Aena establece los procedimientos que deben seguir los aeropuertos ante contingencias de hielo y nieve con el objetivo de que no afecten o se minimice la influencia que puedan tener en las operaciones de los aeropuertos.<\/p>\n<p>Por otra parte, debido al temporal de viento y lluvia que afecta a Canarias en el Aeropuerto de Lanzarote se han desviado 3 vuelos y se ha cancelado uno, mientras que en el Aeropuerto de La Palma se han producido 3 cancelaciones.<\/p>\n<p><strong>Puertos<\/strong><\/p>\n<p>En cuanto a las previsiones relacionadas con el temporal en los Puertos de inter\u00e9s general, se prev\u00e9 un oleaje en las pr\u00f3ximas 72 horas en el Atl\u00e1ntico (Pen\u00ednsula), con olas que podr\u00edan alcanzar los 7,5 metros.<\/p>\n<p>En Canarias, la altura de las olas podr\u00eda llegar a los 6,8 metros, y en el Mediterr\u00e1neo, a los 2,4 metros.<\/p>\n","protected":false},"excerpt":{"rendered":"<p>El Ministerio de Fomento ha puesto a disposici\u00f3n los medios necesarios para hacer frente a las consecuencias del temporal que est\u00e1 afectando a la Pen\u00ednsula, que se caracteriza por lluvias abundantes y generalizadas, rachas fuertes de viento y nevadas en cotas muy bajas, en todas las infraestructuras de transporte que son competencia de este departamento. [&hellip;]<\/p>\n","protected":false},"author":1,"featured_media":858065,"comment_status":"closed","ping_status":"closed","sticky":false,"template":"","format":"standard","meta":{"footnotes":""},"categories":[1],"tags":[],"class_list":["post-970635","post","type-post","status-publish","format-standard","has-post-thumbnail","hentry","category-actualidad"],"aioseo_notices":[],"aioseo_head":"\n\t\t<!-- All in One SEO Pro 5.0.1 - aioseo.com -->\n\t<meta name=\"description\" content=\"El Ministerio de Fomento ha puesto a disposici\u00f3n los medios necesarios para hacer frente a las consecuencias del temporal que est\u00e1 afectando a la Pen\u00ednsula, que se caracteriza por lluvias abundantes y generalizadas, rachas fuertes de viento y nevadas en cotas muy bajas, en todas las infraestructuras de transporte que son competencia de este departamento.\" \/>\n\t<meta name=\"robots\" content=\"max-image-preview:large\" \/>\n\t<meta name=\"author\" content=\"El Digital de Asturias\"\/>\n\t<meta name=\"google-site-verification\" content=\"UA-38556648-1\" \/>\n\t<meta name=\"msvalidate.01\" content=\"7dfe9f3f1b24437ab69f4f2559babe99\" \/>\n\t<meta name=\"keywords\" content=\"actualidad\" \/>\n\t<link rel=\"canonical\" href=\"https:\/\/www.eldigitaldeasturias.com\/noticias\/fomento-activa-todos-los-medios-necesarios-para-hacer-frente-al-temporal\/\" \/>\n\t<meta name=\"generator\" content=\"All in One SEO Pro (AIOSEO) 5.0.1\" \/>\n\t\t<meta property=\"og:locale\" content=\"es_ES\" \/>\n\t\t<meta property=\"og:site_name\" content=\"El Digital de Asturias\" \/>\n\t\t<meta property=\"og:type\" content=\"article\" \/>\n\t\t<meta property=\"og:title\" content=\"Fomento activa todos los medios necesarios para hacer frente al temporal - El Digital de Asturias\" \/>\n\t\t<meta property=\"og:description\" content=\"El Ministerio de Fomento ha puesto a disposici\u00f3n los medios necesarios para hacer frente a las consecuencias del temporal que est\u00e1 afectando a la Pen\u00ednsula, que se caracteriza por lluvias abundantes y generalizadas, rachas fuertes de viento y nevadas en cotas muy bajas, en todas las infraestructuras de transporte que son competencia de este departamento.\" \/>\n\t\t<meta property=\"og:url\" content=\"https:\/\/www.eldigitaldeasturias.com\/noticias\/fomento-activa-todos-los-medios-necesarios-para-hacer-frente-al-temporal\/\" \/>\n\t\t<meta property=\"article:tag\" content=\"actualidad\" \/>\n\t\t<meta property=\"article:published_time\" content=\"2018-02-28T15:30:53+00:00\" \/>\n\t\t<meta property=\"article:modified_time\" content=\"2018-02-28T15:30:53+00:00\" \/>\n\t\t<meta property=\"article:publisher\" content=\"https:\/\/facebook.com\/eldigitaldeasturias\" \/>\n\t\t<meta name=\"twitter:card\" content=\"summary_large_image\" \/>\n\t\t<meta name=\"twitter:title\" content=\"Fomento activa todos los medios necesarios para hacer frente al temporal - El Digital de Asturias\" \/>\n\t\t<meta name=\"twitter:description\" content=\"El Ministerio de Fomento ha puesto a disposici\u00f3n los medios necesarios para hacer frente a las consecuencias del temporal que est\u00e1 afectando a la Pen\u00ednsula, que se caracteriza por lluvias abundantes y generalizadas, rachas fuertes de viento y nevadas en cotas muy bajas, en todas las infraestructuras de transporte que son competencia de este departamento.\" \/>\n\t\t<meta name=\"twitter:image\" content=\"https:\/\/www.eldigitaldeasturias.com\/noticias\/wp-content\/uploads\/2020\/12\/EDA-1.jpg\" \/>\n\t\t<meta name=\"twitter:label1\" content=\"Escrito por\" \/>\n\t\t<meta name=\"twitter:data1\" content=\"El Digital de Asturias\" \/>\n\t\t<meta name=\"twitter:label2\" content=\"Tiempo de lectura estimado\" \/>\n\t\t<meta name=\"twitter:data2\" content=\"5 minutos\" \/>\n\t\t<script type=\"application\/ld+json\" class=\"aioseo-schema\">\n\t\t\t{\"@context\":\"https:\\\/\\\/schema.org\",\"@graph\":[{\"@type\":\"BlogPosting\",\"@id\":\"https:\\\/\\\/www.eldigitaldeasturias.com\\\/noticias\\\/fomento-activa-todos-los-medios-necesarios-para-hacer-frente-al-temporal\\\/#blogposting\",\"name\":\"Fomento activa todos los medios necesarios para hacer frente al temporal - El Digital de Asturias\",\"headline\":\"Fomento activa todos los medios necesarios para hacer frente al temporal\",\"author\":{\"@id\":\"https:\\\/\\\/www.eldigitaldeasturias.com\\\/noticias\\\/author\\\/admin\\\/#author\"},\"publisher\":{\"@id\":\"https:\\\/\\\/www.eldigitaldeasturias.com\\\/noticias\\\/#organization\"},\"image\":{\"@type\":\"ImageObject\",\"url\":858065},\"datePublished\":\"2018-02-28T15:30:53+01:00\",\"dateModified\":\"2018-02-28T15:30:53+01:00\",\"inLanguage\":\"es-ES\",\"mainEntityOfPage\":{\"@id\":\"https:\\\/\\\/www.eldigitaldeasturias.com\\\/noticias\\\/fomento-activa-todos-los-medios-necesarios-para-hacer-frente-al-temporal\\\/#webpage\"},\"isPartOf\":{\"@id\":\"https:\\\/\\\/www.eldigitaldeasturias.com\\\/noticias\\\/fomento-activa-todos-los-medios-necesarios-para-hacer-frente-al-temporal\\\/#webpage\"},\"articleSection\":\"Actualidad\"},{\"@type\":\"BreadcrumbList\",\"@id\":\"https:\\\/\\\/www.eldigitaldeasturias.com\\\/noticias\\\/fomento-activa-todos-los-medios-necesarios-para-hacer-frente-al-temporal\\\/#breadcrumblist\",\"itemListElement\":[{\"@type\":\"ListItem\",\"@id\":\"https:\\\/\\\/www.eldigitaldeasturias.com\\\/noticias#listItem\",\"position\":1,\"name\":\"Home\",\"item\":\"https:\\\/\\\/www.eldigitaldeasturias.com\\\/noticias\",\"nextItem\":{\"@type\":\"ListItem\",\"@id\":\"https:\\\/\\\/www.eldigitaldeasturias.com\\\/noticias\\\/category\\\/actualidad\\\/#listItem\",\"name\":\"Actualidad\"}},{\"@type\":\"ListItem\",\"@id\":\"https:\\\/\\\/www.eldigitaldeasturias.com\\\/noticias\\\/category\\\/actualidad\\\/#listItem\",\"position\":2,\"name\":\"Actualidad\",\"item\":\"https:\\\/\\\/www.eldigitaldeasturias.com\\\/noticias\\\/category\\\/actualidad\\\/\",\"nextItem\":{\"@type\":\"ListItem\",\"@id\":\"https:\\\/\\\/www.eldigitaldeasturias.com\\\/noticias\\\/fomento-activa-todos-los-medios-necesarios-para-hacer-frente-al-temporal\\\/#listItem\",\"name\":\"Fomento activa todos los medios necesarios para hacer frente al temporal\"},\"previousItem\":{\"@type\":\"ListItem\",\"@id\":\"https:\\\/\\\/www.eldigitaldeasturias.com\\\/noticias#listItem\",\"name\":\"Home\"}},{\"@type\":\"ListItem\",\"@id\":\"https:\\\/\\\/www.eldigitaldeasturias.com\\\/noticias\\\/fomento-activa-todos-los-medios-necesarios-para-hacer-frente-al-temporal\\\/#listItem\",\"position\":3,\"name\":\"Fomento activa todos los medios necesarios para hacer frente al temporal\",\"previousItem\":{\"@type\":\"ListItem\",\"@id\":\"https:\\\/\\\/www.eldigitaldeasturias.com\\\/noticias\\\/category\\\/actualidad\\\/#listItem\",\"name\":\"Actualidad\"}}]},{\"@type\":\"Organization\",\"@id\":\"https:\\\/\\\/www.eldigitaldeasturias.com\\\/noticias\\\/#organization\",\"name\":\"El Digital de Asturias\",\"description\":\"Hemeroteca\",\"url\":\"https:\\\/\\\/www.eldigitaldeasturias.com\\\/noticias\\\/\",\"email\":\"info@eldigitaldeasturias.com\",\"telephone\":\"+34652131393\",\"logo\":{\"@type\":\"ImageObject\",\"url\":\"https:\\\/\\\/www.eldigitaldeasturias.com\\\/noticias\\\/wp-content\\\/uploads\\\/2020\\\/12\\\/EDA.jpg\",\"@id\":\"https:\\\/\\\/www.eldigitaldeasturias.com\\\/noticias\\\/fomento-activa-todos-los-medios-necesarios-para-hacer-frente-al-temporal\\\/#organizationLogo\"},\"image\":{\"@id\":\"https:\\\/\\\/www.eldigitaldeasturias.com\\\/noticias\\\/fomento-activa-todos-los-medios-necesarios-para-hacer-frente-al-temporal\\\/#organizationLogo\"},\"sameAs\":[\"https:\\\/\\\/facebook.com\\\/eldigitaldeasturias\",\"https:\\\/\\\/www.youtube.com\\\/channel\\\/UCZP-2wLEB9Rv6erhFmqVnvg\"],\"address\":{\"@id\":\"https:\\\/\\\/www.eldigitaldeasturias.com\\\/noticias\\\/#postaladdress\",\"@type\":\"PostalAddress\",\"streetAddress\":\"san antonio 4\",\"postalCode\":\"33430\",\"addressLocality\":\"Cand\\u00e1s\",\"addressRegion\":\"Asturias\",\"addressCountry\":\"ES\"}},{\"@type\":\"Person\",\"@id\":\"https:\\\/\\\/www.eldigitaldeasturias.com\\\/noticias\\\/author\\\/admin\\\/#author\",\"url\":\"https:\\\/\\\/www.eldigitaldeasturias.com\\\/noticias\\\/author\\\/admin\\\/\",\"name\":\"El Digital de Asturias\",\"image\":{\"@type\":\"ImageObject\",\"@id\":\"https:\\\/\\\/www.eldigitaldeasturias.com\\\/noticias\\\/fomento-activa-todos-los-medios-necesarios-para-hacer-frente-al-temporal\\\/#authorImage\",\"url\":\"https:\\\/\\\/secure.gravatar.com\\\/avatar\\\/df2aeffc32bcd13f8d26072ef8a91b623d677766deac7f97ca815868cd41bf5e?s=96&d=mm&r=g\",\"width\":96,\"height\":96,\"caption\":\"El Digital de Asturias\"}},{\"@type\":\"WebPage\",\"@id\":\"https:\\\/\\\/www.eldigitaldeasturias.com\\\/noticias\\\/fomento-activa-todos-los-medios-necesarios-para-hacer-frente-al-temporal\\\/#webpage\",\"url\":\"https:\\\/\\\/www.eldigitaldeasturias.com\\\/noticias\\\/fomento-activa-todos-los-medios-necesarios-para-hacer-frente-al-temporal\\\/\",\"name\":\"Fomento activa todos los medios necesarios para hacer frente al temporal - El Digital de Asturias\",\"description\":\"El Ministerio de Fomento ha puesto a disposici\\u00f3n los medios necesarios para hacer frente a las consecuencias del temporal que est\\u00e1 afectando a la Pen\\u00ednsula, que se caracteriza por lluvias abundantes y generalizadas, rachas fuertes de viento y nevadas en cotas muy bajas, en todas las infraestructuras de transporte que son competencia de este departamento.\",\"inLanguage\":\"es-ES\",\"isPartOf\":{\"@id\":\"https:\\\/\\\/www.eldigitaldeasturias.com\\\/noticias\\\/#website\"},\"breadcrumb\":{\"@id\":\"https:\\\/\\\/www.eldigitaldeasturias.com\\\/noticias\\\/fomento-activa-todos-los-medios-necesarios-para-hacer-frente-al-temporal\\\/#breadcrumblist\"},\"author\":{\"@id\":\"https:\\\/\\\/www.eldigitaldeasturias.com\\\/noticias\\\/author\\\/admin\\\/#author\"},\"creator\":{\"@id\":\"https:\\\/\\\/www.eldigitaldeasturias.com\\\/noticias\\\/author\\\/admin\\\/#author\"},\"image\":{\"@type\":\"ImageObject\",\"url\":858065,\"@id\":\"https:\\\/\\\/www.eldigitaldeasturias.com\\\/noticias\\\/fomento-activa-todos-los-medios-necesarios-para-hacer-frente-al-temporal\\\/#mainImage\"},\"primaryImageOfPage\":{\"@id\":\"https:\\\/\\\/www.eldigitaldeasturias.com\\\/noticias\\\/fomento-activa-todos-los-medios-necesarios-para-hacer-frente-al-temporal\\\/#mainImage\"},\"datePublished\":\"2018-02-28T15:30:53+01:00\",\"dateModified\":\"2018-02-28T15:30:53+01:00\"},{\"@type\":\"WebSite\",\"@id\":\"https:\\\/\\\/www.eldigitaldeasturias.com\\\/noticias\\\/#website\",\"url\":\"https:\\\/\\\/www.eldigitaldeasturias.com\\\/noticias\\\/\",\"name\":\"El Digital de Asturias - Diario de actualidad y noticias\",\"alternateName\":\"El Digital de Asturias - Diario de actualidad y noticias\",\"description\":\"Hemeroteca\",\"inLanguage\":\"es-ES\",\"publisher\":{\"@id\":\"https:\\\/\\\/www.eldigitaldeasturias.com\\\/noticias\\\/#organization\"}}]}\n\t\t<\/script>\n\t\t<!-- All in One SEO Pro -->\r\n\t\t<title>Fomento activa todos los medios necesarios para hacer frente al temporal - El Digital de Asturias<\/title>\n\n","aioseo_head_json":{"title":"Fomento activa todos los medios necesarios para hacer frente al temporal - El Digital de Asturias","description":"El Ministerio de Fomento ha puesto a disposici\u00f3n los medios necesarios para hacer frente a las consecuencias del temporal que est\u00e1 afectando a la Pen\u00ednsula, que se caracteriza por lluvias abundantes y generalizadas, rachas fuertes de viento y nevadas en cotas muy bajas, en todas las infraestructuras de transporte que son competencia de este departamento.","canonical_url":"https:\/\/www.eldigitaldeasturias.com\/noticias\/fomento-activa-todos-los-medios-necesarios-para-hacer-frente-al-temporal\/","robots":"max-image-preview:large","keywords":"actualidad","webmasterTools":{"google-site-verification":"UA-38556648-1","msvalidate.01":"7dfe9f3f1b24437ab69f4f2559babe99","miscellaneous":""},"schema":{"@context":"https:\/\/schema.org","@graph":[{"@type":"BlogPosting","@id":"https:\/\/www.eldigitaldeasturias.com\/noticias\/fomento-activa-todos-los-medios-necesarios-para-hacer-frente-al-temporal\/#blogposting","name":"Fomento activa todos los medios necesarios para hacer frente al temporal - El Digital de Asturias","headline":"Fomento activa todos los medios necesarios para hacer frente al temporal","author":{"@id":"https:\/\/www.eldigitaldeasturias.com\/noticias\/author\/admin\/#author"},"publisher":{"@id":"https:\/\/www.eldigitaldeasturias.com\/noticias\/#organization"},"image":{"@type":"ImageObject","url":858065},"datePublished":"2018-02-28T15:30:53+01:00","dateModified":"2018-02-28T15:30:53+01:00","inLanguage":"es-ES","mainEntityOfPage":{"@id":"https:\/\/www.eldigitaldeasturias.com\/noticias\/fomento-activa-todos-los-medios-necesarios-para-hacer-frente-al-temporal\/#webpage"},"isPartOf":{"@id":"https:\/\/www.eldigitaldeasturias.com\/noticias\/fomento-activa-todos-los-medios-necesarios-para-hacer-frente-al-temporal\/#webpage"},"articleSection":"Actualidad"},{"@type":"BreadcrumbList","@id":"https:\/\/www.eldigitaldeasturias.com\/noticias\/fomento-activa-todos-los-medios-necesarios-para-hacer-frente-al-temporal\/#breadcrumblist","itemListElement":[{"@type":"ListItem","@id":"https:\/\/www.eldigitaldeasturias.com\/noticias#listItem","position":1,"name":"Home","item":"https:\/\/www.eldigitaldeasturias.com\/noticias","nextItem":{"@type":"ListItem","@id":"https:\/\/www.eldigitaldeasturias.com\/noticias\/category\/actualidad\/#listItem","name":"Actualidad"}},{"@type":"ListItem","@id":"https:\/\/www.eldigitaldeasturias.com\/noticias\/category\/actualidad\/#listItem","position":2,"name":"Actualidad","item":"https:\/\/www.eldigitaldeasturias.com\/noticias\/category\/actualidad\/","nextItem":{"@type":"ListItem","@id":"https:\/\/www.eldigitaldeasturias.com\/noticias\/fomento-activa-todos-los-medios-necesarios-para-hacer-frente-al-temporal\/#listItem","name":"Fomento activa todos los medios necesarios para hacer frente al temporal"},"previousItem":{"@type":"ListItem","@id":"https:\/\/www.eldigitaldeasturias.com\/noticias#listItem","name":"Home"}},{"@type":"ListItem","@id":"https:\/\/www.eldigitaldeasturias.com\/noticias\/fomento-activa-todos-los-medios-necesarios-para-hacer-frente-al-temporal\/#listItem","position":3,"name":"Fomento activa todos los medios necesarios para hacer frente al temporal","previousItem":{"@type":"ListItem","@id":"https:\/\/www.eldigitaldeasturias.com\/noticias\/category\/actualidad\/#listItem","name":"Actualidad"}}]},{"@type":"Organization","@id":"https:\/\/www.eldigitaldeasturias.com\/noticias\/#organization","name":"El Digital de Asturias","description":"Hemeroteca","url":"https:\/\/www.eldigitaldeasturias.com\/noticias\/","email":"info@eldigitaldeasturias.com","telephone":"+34652131393","logo":{"@type":"ImageObject","url":"https:\/\/www.eldigitaldeasturias.com\/noticias\/wp-content\/uploads\/2020\/12\/EDA.jpg","@id":"https:\/\/www.eldigitaldeasturias.com\/noticias\/fomento-activa-todos-los-medios-necesarios-para-hacer-frente-al-temporal\/#organizationLogo"},"image":{"@id":"https:\/\/www.eldigitaldeasturias.com\/noticias\/fomento-activa-todos-los-medios-necesarios-para-hacer-frente-al-temporal\/#organizationLogo"},"sameAs":["https:\/\/facebook.com\/eldigitaldeasturias","https:\/\/www.youtube.com\/channel\/UCZP-2wLEB9Rv6erhFmqVnvg"],"address":{"@id":"https:\/\/www.eldigitaldeasturias.com\/noticias\/#postaladdress","@type":"PostalAddress","streetAddress":"san antonio 4","postalCode":"33430","addressLocality":"Cand\u00e1s","addressRegion":"Asturias","addressCountry":"ES"}},{"@type":"Person","@id":"https:\/\/www.eldigitaldeasturias.com\/noticias\/author\/admin\/#author","url":"https:\/\/www.eldigitaldeasturias.com\/noticias\/author\/admin\/","name":"El Digital de Asturias","image":{"@type":"ImageObject","@id":"https:\/\/www.eldigitaldeasturias.com\/noticias\/fomento-activa-todos-los-medios-necesarios-para-hacer-frente-al-temporal\/#authorImage","url":"https:\/\/secure.gravatar.com\/avatar\/df2aeffc32bcd13f8d26072ef8a91b623d677766deac7f97ca815868cd41bf5e?s=96&d=mm&r=g","width":96,"height":96,"caption":"El Digital de Asturias"}},{"@type":"WebPage","@id":"https:\/\/www.eldigitaldeasturias.com\/noticias\/fomento-activa-todos-los-medios-necesarios-para-hacer-frente-al-temporal\/#webpage","url":"https:\/\/www.eldigitaldeasturias.com\/noticias\/fomento-activa-todos-los-medios-necesarios-para-hacer-frente-al-temporal\/","name":"Fomento activa todos los medios necesarios para hacer frente al temporal - El Digital de Asturias","description":"El Ministerio de Fomento ha puesto a disposici\u00f3n los medios necesarios para hacer frente a las consecuencias del temporal que est\u00e1 afectando a la Pen\u00ednsula, que se caracteriza por lluvias abundantes y generalizadas, rachas fuertes de viento y nevadas en cotas muy bajas, en todas las infraestructuras de transporte que son competencia de este departamento.","inLanguage":"es-ES","isPartOf":{"@id":"https:\/\/www.eldigitaldeasturias.com\/noticias\/#website"},"breadcrumb":{"@id":"https:\/\/www.eldigitaldeasturias.com\/noticias\/fomento-activa-todos-los-medios-necesarios-para-hacer-frente-al-temporal\/#breadcrumblist"},"author":{"@id":"https:\/\/www.eldigitaldeasturias.com\/noticias\/author\/admin\/#author"},"creator":{"@id":"https:\/\/www.eldigitaldeasturias.com\/noticias\/author\/admin\/#author"},"image":{"@type":"ImageObject","url":858065,"@id":"https:\/\/www.eldigitaldeasturias.com\/noticias\/fomento-activa-todos-los-medios-necesarios-para-hacer-frente-al-temporal\/#mainImage"},"primaryImageOfPage":{"@id":"https:\/\/www.eldigitaldeasturias.com\/noticias\/fomento-activa-todos-los-medios-necesarios-para-hacer-frente-al-temporal\/#mainImage"},"datePublished":"2018-02-28T15:30:53+01:00","dateModified":"2018-02-28T15:30:53+01:00"},{"@type":"WebSite","@id":"https:\/\/www.eldigitaldeasturias.com\/noticias\/#website","url":"https:\/\/www.eldigitaldeasturias.com\/noticias\/","name":"El Digital de Asturias - Diario de actualidad y noticias","alternateName":"El Digital de Asturias - Diario de actualidad y noticias","description":"Hemeroteca","inLanguage":"es-ES","publisher":{"@id":"https:\/\/www.eldigitaldeasturias.com\/noticias\/#organization"}}]},"og:locale":"es_ES","og:site_name":"El Digital de Asturias","og:type":"article","og:title":"Fomento activa todos los medios necesarios para hacer frente al temporal - El Digital de Asturias","og:description":"El Ministerio de Fomento ha puesto a disposici\u00f3n los medios necesarios para hacer frente a las consecuencias del temporal que est\u00e1 afectando a la Pen\u00ednsula, que se caracteriza por lluvias abundantes y generalizadas, rachas fuertes de viento y nevadas en cotas muy bajas, en todas las infraestructuras de transporte que son competencia de este departamento.","og:url":"https:\/\/www.eldigitaldeasturias.com\/noticias\/fomento-activa-todos-los-medios-necesarios-para-hacer-frente-al-temporal\/","article:tag":["actualidad"],"article:published_time":"2018-02-28T15:30:53+00:00","article:modified_time":"2018-02-28T15:30:53+00:00","article:publisher":"https:\/\/facebook.com\/eldigitaldeasturias","twitter:card":"summary_large_image","twitter:title":"Fomento activa todos los medios necesarios para hacer frente al temporal - El Digital de Asturias","twitter:description":"El Ministerio de Fomento ha puesto a disposici\u00f3n los medios necesarios para hacer frente a las consecuencias del temporal que est\u00e1 afectando a la Pen\u00ednsula, que se caracteriza por lluvias abundantes y generalizadas, rachas fuertes de viento y nevadas en cotas muy bajas, en todas las infraestructuras de transporte que son competencia de este departamento.","twitter:image":"https:\/\/www.eldigitaldeasturias.com\/noticias\/wp-content\/uploads\/2020\/12\/EDA-1.jpg","twitter:label1":"Escrito por","twitter:data1":"El Digital de Asturias","twitter:label2":"Tiempo de lectura estimado","twitter:data2":"5 minutos"},"aioseo_meta_data":{"post_id":"970635","title":null,"description":null,"keywords":null,"keyphrases":null,"primary_term":null,"canonical_url":null,"og_title":null,"og_description":null,"og_object_type":"default","og_image_type":"default","og_image_url":null,"og_image_width":null,"og_image_height":null,"og_image_custom_url":null,"og_image_custom_fields":null,"og_video":null,"og_custom_url":null,"og_article_section":null,"og_article_tags":null,"twitter_use_og":false,"twitter_card":"default","twitter_image_type":"default","twitter_image_url":null,"twitter_image_custom_url":null,"twitter_image_custom_fields":null,"twitter_title":null,"twitter_description":null,"schema":{"blockGraphs":[],"customGraphs":[],"default":{"data":{"Article":[],"Course":[],"Dataset":[],"FAQPage":[],"Movie":[],"Person":[],"Product":[],"ProductReview":[],"Car":[],"Recipe":[],"Service":[],"SoftwareApplication":[],"WebPage":[]},"graphName":"","isEnabled":true},"graphs":[],"defaultGraph":"","defaultPostTypeGraph":""},"schema_type":null,"schema_type_options":null,"pillar_content":false,"robots_default":true,"robots_noindex":false,"robots_noarchive":false,"robots_nosnippet":false,"robots_nofollow":false,"robots_noimageindex":false,"robots_noodp":false,"robots_notranslate":false,"robots_max_snippet":null,"robots_max_videopreview":null,"robots_max_imagepreview":"large","priority":null,"frequency":null,"local_seo":null,"seo_analyzer_scan_date":"2025-10-07 06:17:01","breadcrumb_settings":null,"limit_modified_date":false,"open_ai":null,"ai":null,"created":"2020-12-21 12:23:37","updated":"2025-10-07 06:17:01","focus_keyword":null,"additional_keywords":null,"truseo_locale":null},"aioseo_breadcrumb":"<div class=\"aioseo-breadcrumbs\"><span class=\"aioseo-breadcrumb\">\n\t<a href=\"https:\/\/www.eldigitaldeasturias.com\/noticias\" title=\"Home\">Home<\/a>\n<\/span><span class=\"aioseo-breadcrumb-separator\">\u2013<\/span><span class=\"aioseo-breadcrumb\">\n\t<a href=\"https:\/\/www.eldigitaldeasturias.com\/noticias\/category\/actualidad\/\" title=\"Actualidad\">Actualidad<\/a>\n<\/span><span class=\"aioseo-breadcrumb-separator\">\u2013<\/span><span class=\"aioseo-breadcrumb\">\n\t<a href=\"https:\/\/www.eldigitaldeasturias.com\/noticias\/fomento-activa-todos-los-medios-necesarios-para-hacer-frente-al-temporal\/\" title=\"Fomento activa todos los medios necesarios para hacer frente al temporal\">Fomento activa todos los medios necesarios para hacer frente al temporal<\/a>\n<\/span><\/div>","aioseo_breadcrumb_json":[{"label":"Home","link":"https:\/\/www.eldigitaldeasturias.com\/noticias"},{"label":"Actualidad","link":"https:\/\/www.eldigitaldeasturias.com\/noticias\/category\/actualidad\/"},{"label":"Fomento activa todos los medios necesarios para hacer frente al temporal","link":"https:\/\/www.eldigitaldeasturias.com\/noticias\/fomento-activa-todos-los-medios-necesarios-para-hacer-frente-al-temporal\/"}],"_links":{"self":[{"href":"https:\/\/www.eldigitaldeasturias.com\/noticias\/wp-json\/wp\/v2\/posts\/970635","targetHints":{"allow":["GET"]}}],"collection":[{"href":"https:\/\/www.eldigitaldeasturias.com\/noticias\/wp-json\/wp\/v2\/posts"}],"about":[{"href":"https:\/\/www.eldigitaldeasturias.com\/noticias\/wp-json\/wp\/v2\/types\/post"}],"author":[{"embeddable":true,"href":"https:\/\/www.eldigitaldeasturias.com\/noticias\/wp-json\/wp\/v2\/users\/1"}],"replies":[{"embeddable":true,"href":"https:\/\/www.eldigitaldeasturias.com\/noticias\/wp-json\/wp\/v2\/comments?post=970635"}],"version-history":[{"count":0,"href":"https:\/\/www.eldigitaldeasturias.com\/noticias\/wp-json\/wp\/v2\/posts\/970635\/revisions"}],"wp:attachment":[{"href":"https:\/\/www.eldigitaldeasturias.com\/noticias\/wp-json\/wp\/v2\/media?parent=970635"}],"wp:term":[{"taxonomy":"category","embeddable":true,"href":"https:\/\/www.eldigitaldeasturias.com\/noticias\/wp-json\/wp\/v2\/categories?post=970635"},{"taxonomy":"post_tag","embeddable":true,"href":"https:\/\/www.eldigitaldeasturias.com\/noticias\/wp-json\/wp\/v2\/tags?post=970635"}],"curies":[{"name":"wp","href":"https:\/\/api.w.org\/{rel}","templated":true}]}}