{"id":970632,"date":"2018-02-28T15:28:27","date_gmt":"2018-02-28T15:28:27","guid":{"rendered":"http:\/\/www.eldigitaldeasturias.com\/noticias\/?p=970632"},"modified":"2018-02-28T15:28:27","modified_gmt":"2018-02-28T15:28:27","slug":"la-matriculacion-en-fp-dual-en-espana-se-multiplica-por-cinco","status":"publish","type":"post","link":"https:\/\/www.eldigitaldeasturias.com\/noticias\/la-matriculacion-en-fp-dual-en-espana-se-multiplica-por-cinco\/","title":{"rendered":"La matriculaci\u00f3n en FP Dual en Espa\u00f1a se multiplica por cinco"},"content":{"rendered":"<p><img loading=\"lazy\" decoding=\"async\" class=\"alignleft size-medium wp-image-970633\" src=\"https:\/\/www.eldigitaldeasturias.com\/noticias\/wp-content\/uploads\/2018\/02\/280218Aula2018-360x239.jpg\" alt=\"\" width=\"360\" height=\"239\" \/>La matriculaci\u00f3n en Espa\u00f1a en Formaci\u00f3n Profesional (FP) Dual en el curso 2016-2017 alcanz\u00f3 los 24.000 alumnos, lo que supone cinco veces m\u00e1s de lo que se registr\u00f3 en el curso 2012-2013. Adem\u00e1s, se imparti\u00f3 en casi 650 centros educativos y participaron 10.000 empresas, lo que supone un avance significativo de esta opci\u00f3n educativa en nuestro pa\u00eds en los \u00faltimos a\u00f1os.<\/p>\n<p>\u200bEstos datos los ha conocido el ministro de Educaci\u00f3n, Cultura y Deporte, \u00cd\u00f1igo M\u00e9ndez de Vigo, durante la inauguraci\u00f3n de la 26\u00aa edici\u00f3n del Sal\u00f3n Internacional del Estudiante y de la Oferta Educativa, AULA 2018, organizada por IFEMA Feria de Madrid, que tendr\u00e1 lugar hasta el pr\u00f3ximo domingo 4 de marzo.<\/p>\n<p>El ministro ha comprobado c\u00f3mo la oferta formativa de FP vuelve a ser la estrella en el stand del Ministerio dentro de la Semana de la Educaci\u00f3n, ya que se ha convertido en una de las m\u00e1s consultadas por los alumnos en las \u00faltimas ediciones.<\/p>\n<p>En el stand del Ministerio se les informa a los alumnos sobre qu\u00e9 es la Formaci\u00f3n Profesional, las oportunidades que brinda, c\u00f3mo se adapta a las necesidades de los estudiantes, y qu\u00e9 oportunidades ofrece de progreso tanto en itinerarios formativos como en el acceso al empleo.<\/p>\n<p>La Formaci\u00f3n Profesional del Sistema educativo ha experimentado en los \u00faltimos a\u00f1os un proceso de revisi\u00f3n completa de su cat\u00e1logo de t\u00edtulos, adapt\u00e1ndolos a las prescripciones establecidas en el Cat\u00e1logo Nacional de Cualificaciones Profesionales, y dando con ello respuesta a las necesidades de los distintos perfiles profesionales de los sectores productivos y de prestaci\u00f3n de servicios.<\/p>\n<p><strong>Un stand de 250 metros cuadrados<\/strong><\/p>\n<p>Al igual que en ediciones anteriores el Ministerio de Educaci\u00f3n, Cultura y Deporte ofrece en AULA 2018 una amplia informaci\u00f3n sobre actividades y propuestas de todas las etapas de la educaci\u00f3n en Espa\u00f1a.<\/p>\n<p>La novedad en esta edici\u00f3n es el stand del Ministerio, que se extiende a lo largo de 250 metros cuadrados, y que se ha distribuido en diferentes espacios tem\u00e1ticos: Convivencia y lucha contra el acoso escolar, Salud Escolar y Estilos de Vida Saludables, Atenci\u00f3n al ciudadano, Formaci\u00f3n Profesional, Aula Mentor, That\u00b4s English, QUEDU, Erasmus+, Neurociencia aplicada a la Educaci\u00f3n, Plan de Fomento de la Lectura y Lenguas Extranjeras.<\/p>\n<p><strong>El stand est\u00e1 situado en el pabell\u00f3n 3 del Recinto Ferial de IFEMA.<\/strong><\/p>\n<p>M\u00e9ndez de Vigo se ha interesado tambi\u00e9n por las actividades que ofrecer\u00e1 el Ministerio durante la Semana de la Educaci\u00f3n. En concreto, Aula del Futuro, un espacio equipado por el Instituto Nacional de Tecnolog\u00edas Educativas y de Formaci\u00f3n del Profesorado del MECD que muestra la reorganizaci\u00f3n f\u00edsica y tecnol\u00f3gica de las aulas; y Espacio \u00c1gora, donde se realizar\u00e1n actividades educativas dirigidas a alumnos y profesores.<\/p>\n<p>Durante su visita, M\u00e9ndez de Vigo ha recorrido tambi\u00e9n los stands de la Universidad San Pablo CEU, Universidad Alfonso X El Sabio, Universidad Carlos III, Ministerio del Interior, Ministerio de Defensa, Servicio P\u00fablico de Empleo Estatal, UNED, Universidad Rey Juan Carlos y de la Universidad Pontificia de Comillas.<\/p>\n<p><strong>\u00abConectando con la educaci\u00f3n del futuro\u00bb<\/strong><\/p>\n<p>El lema elegido para esta nueva edici\u00f3n de AULA es \u00abConectando con la educaci\u00f3n del futuro\u00bb, que resume el objetivo principal de la feria. Estar\u00e1n presentes 423 entidades del mundo de la educaci\u00f3n, procedentes de 12 pa\u00edses.<\/p>\n<p>Con la inauguraci\u00f3n de la 26\u00aa edici\u00f3n del Sal\u00f3n Internacional del Estudiante y de la Oferta Educativa, se inicia tambi\u00e9n la quinta SEMANA DE LA EDUCACI\u00d3N que se celebra hasta el 4 de marzo y que incluye al 22\u00ba Sal\u00f3n Internacional del Material Educativo y Congreso de Recursos para la Educaci\u00f3n, RECURSOS EDUCACI\u00d3N &#8211; INTERDIDAC; al 9\u00ba Sal\u00f3n Internacional de Postgrado y Formaci\u00f3n Continua; al 17\u00ba Congreso Internacional y Feria Profesional EXPOELEARNING; as\u00ed como al nuevo D\u00eda de las Familias y los Colegios, SCHOOLS DAY.<\/p>\n","protected":false},"excerpt":{"rendered":"<p>La matriculaci\u00f3n en Espa\u00f1a en Formaci\u00f3n Profesional (FP) Dual en el curso 2016-2017 alcanz\u00f3 los 24.000 alumnos, lo que supone cinco veces m\u00e1s de lo que se registr\u00f3 en el curso 2012-2013. Adem\u00e1s, se imparti\u00f3 en casi 650 centros educativos y participaron 10.000 empresas, lo que supone un avance significativo de esta opci\u00f3n educativa en [&hellip;]<\/p>\n","protected":false},"author":1,"featured_media":970633,"comment_status":"closed","ping_status":"closed","sticky":false,"template":"","format":"standard","meta":{"footnotes":""},"categories":[1],"tags":[],"class_list":["post-970632","post","type-post","status-publish","format-standard","has-post-thumbnail","hentry","category-actualidad"],"aioseo_notices":[],"aioseo_head":"\n\t\t<!-- All in One SEO Pro 5.0.1 - aioseo.com -->\n\t<meta name=\"description\" content=\"La matriculaci\u00f3n en Espa\u00f1a en Formaci\u00f3n Profesional (FP) Dual en el curso 2016-2017 alcanz\u00f3 los 24.000 alumnos, lo que supone cinco veces m\u00e1s de lo que se registr\u00f3 en el curso 2012-2013. Adem\u00e1s, se imparti\u00f3 en casi 650 centros educativos y participaron 10.000 empresas, lo que supone un avance significativo de esta opci\u00f3n educativa en\" \/>\n\t<meta name=\"robots\" content=\"max-image-preview:large\" \/>\n\t<meta name=\"author\" content=\"El Digital de Asturias\"\/>\n\t<meta name=\"google-site-verification\" content=\"UA-38556648-1\" \/>\n\t<meta name=\"msvalidate.01\" content=\"7dfe9f3f1b24437ab69f4f2559babe99\" \/>\n\t<meta name=\"keywords\" content=\"actualidad\" \/>\n\t<link rel=\"canonical\" href=\"https:\/\/www.eldigitaldeasturias.com\/noticias\/la-matriculacion-en-fp-dual-en-espana-se-multiplica-por-cinco\/\" \/>\n\t<meta name=\"generator\" content=\"All in One SEO Pro (AIOSEO) 5.0.1\" \/>\n\t\t<meta property=\"og:locale\" content=\"es_ES\" \/>\n\t\t<meta property=\"og:site_name\" content=\"El Digital de Asturias\" \/>\n\t\t<meta property=\"og:type\" content=\"article\" \/>\n\t\t<meta property=\"og:title\" content=\"La matriculaci\u00f3n en FP Dual en Espa\u00f1a se multiplica por cinco - El Digital de Asturias\" \/>\n\t\t<meta property=\"og:description\" content=\"La matriculaci\u00f3n en Espa\u00f1a en Formaci\u00f3n Profesional (FP) Dual en el curso 2016-2017 alcanz\u00f3 los 24.000 alumnos, lo que supone cinco veces m\u00e1s de lo que se registr\u00f3 en el curso 2012-2013. Adem\u00e1s, se imparti\u00f3 en casi 650 centros educativos y participaron 10.000 empresas, lo que supone un avance significativo de esta opci\u00f3n educativa en\" \/>\n\t\t<meta property=\"og:url\" content=\"https:\/\/www.eldigitaldeasturias.com\/noticias\/la-matriculacion-en-fp-dual-en-espana-se-multiplica-por-cinco\/\" \/>\n\t\t<meta property=\"article:tag\" content=\"actualidad\" \/>\n\t\t<meta property=\"article:published_time\" content=\"2018-02-28T15:28:27+00:00\" \/>\n\t\t<meta property=\"article:modified_time\" content=\"2018-02-28T15:28:27+00:00\" \/>\n\t\t<meta property=\"article:publisher\" content=\"https:\/\/facebook.com\/eldigitaldeasturias\" \/>\n\t\t<meta name=\"twitter:card\" content=\"summary_large_image\" \/>\n\t\t<meta name=\"twitter:title\" content=\"La matriculaci\u00f3n en FP Dual en Espa\u00f1a se multiplica por cinco - El Digital de Asturias\" \/>\n\t\t<meta name=\"twitter:description\" content=\"La matriculaci\u00f3n en Espa\u00f1a en Formaci\u00f3n Profesional (FP) Dual en el curso 2016-2017 alcanz\u00f3 los 24.000 alumnos, lo que supone cinco veces m\u00e1s de lo que se registr\u00f3 en el curso 2012-2013. Adem\u00e1s, se imparti\u00f3 en casi 650 centros educativos y participaron 10.000 empresas, lo que supone un avance significativo de esta opci\u00f3n educativa en\" \/>\n\t\t<meta name=\"twitter:image\" content=\"https:\/\/www.eldigitaldeasturias.com\/noticias\/wp-content\/uploads\/2020\/12\/EDA-1.jpg\" \/>\n\t\t<meta name=\"twitter:label1\" content=\"Escrito por\" \/>\n\t\t<meta name=\"twitter:data1\" content=\"El Digital de Asturias\" \/>\n\t\t<meta name=\"twitter:label2\" content=\"Tiempo de lectura estimado\" \/>\n\t\t<meta name=\"twitter:data2\" content=\"3 minutos\" \/>\n\t\t<script type=\"application\/ld+json\" class=\"aioseo-schema\">\n\t\t\t{\"@context\":\"https:\\\/\\\/schema.org\",\"@graph\":[{\"@type\":\"BlogPosting\",\"@id\":\"https:\\\/\\\/www.eldigitaldeasturias.com\\\/noticias\\\/la-matriculacion-en-fp-dual-en-espana-se-multiplica-por-cinco\\\/#blogposting\",\"name\":\"La matriculaci\\u00f3n en FP Dual en Espa\\u00f1a se multiplica por cinco - El Digital de Asturias\",\"headline\":\"La matriculaci\\u00f3n en FP Dual en Espa\\u00f1a se multiplica por cinco\",\"author\":{\"@id\":\"https:\\\/\\\/www.eldigitaldeasturias.com\\\/noticias\\\/author\\\/admin\\\/#author\"},\"publisher\":{\"@id\":\"https:\\\/\\\/www.eldigitaldeasturias.com\\\/noticias\\\/#organization\"},\"image\":{\"@type\":\"ImageObject\",\"url\":970633},\"datePublished\":\"2018-02-28T15:28:27+01:00\",\"dateModified\":\"2018-02-28T15:28:27+01:00\",\"inLanguage\":\"es-ES\",\"mainEntityOfPage\":{\"@id\":\"https:\\\/\\\/www.eldigitaldeasturias.com\\\/noticias\\\/la-matriculacion-en-fp-dual-en-espana-se-multiplica-por-cinco\\\/#webpage\"},\"isPartOf\":{\"@id\":\"https:\\\/\\\/www.eldigitaldeasturias.com\\\/noticias\\\/la-matriculacion-en-fp-dual-en-espana-se-multiplica-por-cinco\\\/#webpage\"},\"articleSection\":\"Actualidad\"},{\"@type\":\"BreadcrumbList\",\"@id\":\"https:\\\/\\\/www.eldigitaldeasturias.com\\\/noticias\\\/la-matriculacion-en-fp-dual-en-espana-se-multiplica-por-cinco\\\/#breadcrumblist\",\"itemListElement\":[{\"@type\":\"ListItem\",\"@id\":\"https:\\\/\\\/www.eldigitaldeasturias.com\\\/noticias#listItem\",\"position\":1,\"name\":\"Home\",\"item\":\"https:\\\/\\\/www.eldigitaldeasturias.com\\\/noticias\",\"nextItem\":{\"@type\":\"ListItem\",\"@id\":\"https:\\\/\\\/www.eldigitaldeasturias.com\\\/noticias\\\/category\\\/actualidad\\\/#listItem\",\"name\":\"Actualidad\"}},{\"@type\":\"ListItem\",\"@id\":\"https:\\\/\\\/www.eldigitaldeasturias.com\\\/noticias\\\/category\\\/actualidad\\\/#listItem\",\"position\":2,\"name\":\"Actualidad\",\"item\":\"https:\\\/\\\/www.eldigitaldeasturias.com\\\/noticias\\\/category\\\/actualidad\\\/\",\"nextItem\":{\"@type\":\"ListItem\",\"@id\":\"https:\\\/\\\/www.eldigitaldeasturias.com\\\/noticias\\\/la-matriculacion-en-fp-dual-en-espana-se-multiplica-por-cinco\\\/#listItem\",\"name\":\"La matriculaci\\u00f3n en FP Dual en Espa\\u00f1a se multiplica por cinco\"},\"previousItem\":{\"@type\":\"ListItem\",\"@id\":\"https:\\\/\\\/www.eldigitaldeasturias.com\\\/noticias#listItem\",\"name\":\"Home\"}},{\"@type\":\"ListItem\",\"@id\":\"https:\\\/\\\/www.eldigitaldeasturias.com\\\/noticias\\\/la-matriculacion-en-fp-dual-en-espana-se-multiplica-por-cinco\\\/#listItem\",\"position\":3,\"name\":\"La matriculaci\\u00f3n en FP Dual en Espa\\u00f1a se multiplica por cinco\",\"previousItem\":{\"@type\":\"ListItem\",\"@id\":\"https:\\\/\\\/www.eldigitaldeasturias.com\\\/noticias\\\/category\\\/actualidad\\\/#listItem\",\"name\":\"Actualidad\"}}]},{\"@type\":\"Organization\",\"@id\":\"https:\\\/\\\/www.eldigitaldeasturias.com\\\/noticias\\\/#organization\",\"name\":\"El Digital de Asturias\",\"description\":\"Hemeroteca\",\"url\":\"https:\\\/\\\/www.eldigitaldeasturias.com\\\/noticias\\\/\",\"email\":\"info@eldigitaldeasturias.com\",\"telephone\":\"+34652131393\",\"logo\":{\"@type\":\"ImageObject\",\"url\":\"https:\\\/\\\/www.eldigitaldeasturias.com\\\/noticias\\\/wp-content\\\/uploads\\\/2020\\\/12\\\/EDA.jpg\",\"@id\":\"https:\\\/\\\/www.eldigitaldeasturias.com\\\/noticias\\\/la-matriculacion-en-fp-dual-en-espana-se-multiplica-por-cinco\\\/#organizationLogo\"},\"image\":{\"@id\":\"https:\\\/\\\/www.eldigitaldeasturias.com\\\/noticias\\\/la-matriculacion-en-fp-dual-en-espana-se-multiplica-por-cinco\\\/#organizationLogo\"},\"sameAs\":[\"https:\\\/\\\/facebook.com\\\/eldigitaldeasturias\",\"https:\\\/\\\/www.youtube.com\\\/channel\\\/UCZP-2wLEB9Rv6erhFmqVnvg\"],\"address\":{\"@id\":\"https:\\\/\\\/www.eldigitaldeasturias.com\\\/noticias\\\/#postaladdress\",\"@type\":\"PostalAddress\",\"streetAddress\":\"san antonio 4\",\"postalCode\":\"33430\",\"addressLocality\":\"Cand\\u00e1s\",\"addressRegion\":\"Asturias\",\"addressCountry\":\"ES\"}},{\"@type\":\"Person\",\"@id\":\"https:\\\/\\\/www.eldigitaldeasturias.com\\\/noticias\\\/author\\\/admin\\\/#author\",\"url\":\"https:\\\/\\\/www.eldigitaldeasturias.com\\\/noticias\\\/author\\\/admin\\\/\",\"name\":\"El Digital de Asturias\",\"image\":{\"@type\":\"ImageObject\",\"@id\":\"https:\\\/\\\/www.eldigitaldeasturias.com\\\/noticias\\\/la-matriculacion-en-fp-dual-en-espana-se-multiplica-por-cinco\\\/#authorImage\",\"url\":\"https:\\\/\\\/secure.gravatar.com\\\/avatar\\\/df2aeffc32bcd13f8d26072ef8a91b623d677766deac7f97ca815868cd41bf5e?s=96&d=mm&r=g\",\"width\":96,\"height\":96,\"caption\":\"El Digital de Asturias\"}},{\"@type\":\"WebPage\",\"@id\":\"https:\\\/\\\/www.eldigitaldeasturias.com\\\/noticias\\\/la-matriculacion-en-fp-dual-en-espana-se-multiplica-por-cinco\\\/#webpage\",\"url\":\"https:\\\/\\\/www.eldigitaldeasturias.com\\\/noticias\\\/la-matriculacion-en-fp-dual-en-espana-se-multiplica-por-cinco\\\/\",\"name\":\"La matriculaci\\u00f3n en FP Dual en Espa\\u00f1a se multiplica por cinco - El Digital de Asturias\",\"description\":\"La matriculaci\\u00f3n en Espa\\u00f1a en Formaci\\u00f3n Profesional (FP) Dual en el curso 2016-2017 alcanz\\u00f3 los 24.000 alumnos, lo que supone cinco veces m\\u00e1s de lo que se registr\\u00f3 en el curso 2012-2013. Adem\\u00e1s, se imparti\\u00f3 en casi 650 centros educativos y participaron 10.000 empresas, lo que supone un avance significativo de esta opci\\u00f3n educativa en\",\"inLanguage\":\"es-ES\",\"isPartOf\":{\"@id\":\"https:\\\/\\\/www.eldigitaldeasturias.com\\\/noticias\\\/#website\"},\"breadcrumb\":{\"@id\":\"https:\\\/\\\/www.eldigitaldeasturias.com\\\/noticias\\\/la-matriculacion-en-fp-dual-en-espana-se-multiplica-por-cinco\\\/#breadcrumblist\"},\"author\":{\"@id\":\"https:\\\/\\\/www.eldigitaldeasturias.com\\\/noticias\\\/author\\\/admin\\\/#author\"},\"creator\":{\"@id\":\"https:\\\/\\\/www.eldigitaldeasturias.com\\\/noticias\\\/author\\\/admin\\\/#author\"},\"image\":{\"@type\":\"ImageObject\",\"url\":970633,\"@id\":\"https:\\\/\\\/www.eldigitaldeasturias.com\\\/noticias\\\/la-matriculacion-en-fp-dual-en-espana-se-multiplica-por-cinco\\\/#mainImage\"},\"primaryImageOfPage\":{\"@id\":\"https:\\\/\\\/www.eldigitaldeasturias.com\\\/noticias\\\/la-matriculacion-en-fp-dual-en-espana-se-multiplica-por-cinco\\\/#mainImage\"},\"datePublished\":\"2018-02-28T15:28:27+01:00\",\"dateModified\":\"2018-02-28T15:28:27+01:00\"},{\"@type\":\"WebSite\",\"@id\":\"https:\\\/\\\/www.eldigitaldeasturias.com\\\/noticias\\\/#website\",\"url\":\"https:\\\/\\\/www.eldigitaldeasturias.com\\\/noticias\\\/\",\"name\":\"El Digital de Asturias - Diario de actualidad y noticias\",\"alternateName\":\"El Digital de Asturias - Diario de actualidad y noticias\",\"description\":\"Hemeroteca\",\"inLanguage\":\"es-ES\",\"publisher\":{\"@id\":\"https:\\\/\\\/www.eldigitaldeasturias.com\\\/noticias\\\/#organization\"}}]}\n\t\t<\/script>\n\t\t<!-- All in One SEO Pro -->\r\n\t\t<title>La matriculaci\u00f3n en FP Dual en Espa\u00f1a se multiplica por cinco - El Digital de Asturias<\/title>\n\n","aioseo_head_json":{"title":"La matriculaci\u00f3n en FP Dual en Espa\u00f1a se multiplica por cinco - El Digital de Asturias","description":"La matriculaci\u00f3n en Espa\u00f1a en Formaci\u00f3n Profesional (FP) Dual en el curso 2016-2017 alcanz\u00f3 los 24.000 alumnos, lo que supone cinco veces m\u00e1s de lo que se registr\u00f3 en el curso 2012-2013. Adem\u00e1s, se imparti\u00f3 en casi 650 centros educativos y participaron 10.000 empresas, lo que supone un avance significativo de esta opci\u00f3n educativa en","canonical_url":"https:\/\/www.eldigitaldeasturias.com\/noticias\/la-matriculacion-en-fp-dual-en-espana-se-multiplica-por-cinco\/","robots":"max-image-preview:large","keywords":"actualidad","webmasterTools":{"google-site-verification":"UA-38556648-1","msvalidate.01":"7dfe9f3f1b24437ab69f4f2559babe99","miscellaneous":""},"schema":{"@context":"https:\/\/schema.org","@graph":[{"@type":"BlogPosting","@id":"https:\/\/www.eldigitaldeasturias.com\/noticias\/la-matriculacion-en-fp-dual-en-espana-se-multiplica-por-cinco\/#blogposting","name":"La matriculaci\u00f3n en FP Dual en Espa\u00f1a se multiplica por cinco - El Digital de Asturias","headline":"La matriculaci\u00f3n en FP Dual en Espa\u00f1a se multiplica por cinco","author":{"@id":"https:\/\/www.eldigitaldeasturias.com\/noticias\/author\/admin\/#author"},"publisher":{"@id":"https:\/\/www.eldigitaldeasturias.com\/noticias\/#organization"},"image":{"@type":"ImageObject","url":970633},"datePublished":"2018-02-28T15:28:27+01:00","dateModified":"2018-02-28T15:28:27+01:00","inLanguage":"es-ES","mainEntityOfPage":{"@id":"https:\/\/www.eldigitaldeasturias.com\/noticias\/la-matriculacion-en-fp-dual-en-espana-se-multiplica-por-cinco\/#webpage"},"isPartOf":{"@id":"https:\/\/www.eldigitaldeasturias.com\/noticias\/la-matriculacion-en-fp-dual-en-espana-se-multiplica-por-cinco\/#webpage"},"articleSection":"Actualidad"},{"@type":"BreadcrumbList","@id":"https:\/\/www.eldigitaldeasturias.com\/noticias\/la-matriculacion-en-fp-dual-en-espana-se-multiplica-por-cinco\/#breadcrumblist","itemListElement":[{"@type":"ListItem","@id":"https:\/\/www.eldigitaldeasturias.com\/noticias#listItem","position":1,"name":"Home","item":"https:\/\/www.eldigitaldeasturias.com\/noticias","nextItem":{"@type":"ListItem","@id":"https:\/\/www.eldigitaldeasturias.com\/noticias\/category\/actualidad\/#listItem","name":"Actualidad"}},{"@type":"ListItem","@id":"https:\/\/www.eldigitaldeasturias.com\/noticias\/category\/actualidad\/#listItem","position":2,"name":"Actualidad","item":"https:\/\/www.eldigitaldeasturias.com\/noticias\/category\/actualidad\/","nextItem":{"@type":"ListItem","@id":"https:\/\/www.eldigitaldeasturias.com\/noticias\/la-matriculacion-en-fp-dual-en-espana-se-multiplica-por-cinco\/#listItem","name":"La matriculaci\u00f3n en FP Dual en Espa\u00f1a se multiplica por cinco"},"previousItem":{"@type":"ListItem","@id":"https:\/\/www.eldigitaldeasturias.com\/noticias#listItem","name":"Home"}},{"@type":"ListItem","@id":"https:\/\/www.eldigitaldeasturias.com\/noticias\/la-matriculacion-en-fp-dual-en-espana-se-multiplica-por-cinco\/#listItem","position":3,"name":"La matriculaci\u00f3n en FP Dual en Espa\u00f1a se multiplica por cinco","previousItem":{"@type":"ListItem","@id":"https:\/\/www.eldigitaldeasturias.com\/noticias\/category\/actualidad\/#listItem","name":"Actualidad"}}]},{"@type":"Organization","@id":"https:\/\/www.eldigitaldeasturias.com\/noticias\/#organization","name":"El Digital de Asturias","description":"Hemeroteca","url":"https:\/\/www.eldigitaldeasturias.com\/noticias\/","email":"info@eldigitaldeasturias.com","telephone":"+34652131393","logo":{"@type":"ImageObject","url":"https:\/\/www.eldigitaldeasturias.com\/noticias\/wp-content\/uploads\/2020\/12\/EDA.jpg","@id":"https:\/\/www.eldigitaldeasturias.com\/noticias\/la-matriculacion-en-fp-dual-en-espana-se-multiplica-por-cinco\/#organizationLogo"},"image":{"@id":"https:\/\/www.eldigitaldeasturias.com\/noticias\/la-matriculacion-en-fp-dual-en-espana-se-multiplica-por-cinco\/#organizationLogo"},"sameAs":["https:\/\/facebook.com\/eldigitaldeasturias","https:\/\/www.youtube.com\/channel\/UCZP-2wLEB9Rv6erhFmqVnvg"],"address":{"@id":"https:\/\/www.eldigitaldeasturias.com\/noticias\/#postaladdress","@type":"PostalAddress","streetAddress":"san antonio 4","postalCode":"33430","addressLocality":"Cand\u00e1s","addressRegion":"Asturias","addressCountry":"ES"}},{"@type":"Person","@id":"https:\/\/www.eldigitaldeasturias.com\/noticias\/author\/admin\/#author","url":"https:\/\/www.eldigitaldeasturias.com\/noticias\/author\/admin\/","name":"El Digital de Asturias","image":{"@type":"ImageObject","@id":"https:\/\/www.eldigitaldeasturias.com\/noticias\/la-matriculacion-en-fp-dual-en-espana-se-multiplica-por-cinco\/#authorImage","url":"https:\/\/secure.gravatar.com\/avatar\/df2aeffc32bcd13f8d26072ef8a91b623d677766deac7f97ca815868cd41bf5e?s=96&d=mm&r=g","width":96,"height":96,"caption":"El Digital de Asturias"}},{"@type":"WebPage","@id":"https:\/\/www.eldigitaldeasturias.com\/noticias\/la-matriculacion-en-fp-dual-en-espana-se-multiplica-por-cinco\/#webpage","url":"https:\/\/www.eldigitaldeasturias.com\/noticias\/la-matriculacion-en-fp-dual-en-espana-se-multiplica-por-cinco\/","name":"La matriculaci\u00f3n en FP Dual en Espa\u00f1a se multiplica por cinco - El Digital de Asturias","description":"La matriculaci\u00f3n en Espa\u00f1a en Formaci\u00f3n Profesional (FP) Dual en el curso 2016-2017 alcanz\u00f3 los 24.000 alumnos, lo que supone cinco veces m\u00e1s de lo que se registr\u00f3 en el curso 2012-2013. Adem\u00e1s, se imparti\u00f3 en casi 650 centros educativos y participaron 10.000 empresas, lo que supone un avance significativo de esta opci\u00f3n educativa en","inLanguage":"es-ES","isPartOf":{"@id":"https:\/\/www.eldigitaldeasturias.com\/noticias\/#website"},"breadcrumb":{"@id":"https:\/\/www.eldigitaldeasturias.com\/noticias\/la-matriculacion-en-fp-dual-en-espana-se-multiplica-por-cinco\/#breadcrumblist"},"author":{"@id":"https:\/\/www.eldigitaldeasturias.com\/noticias\/author\/admin\/#author"},"creator":{"@id":"https:\/\/www.eldigitaldeasturias.com\/noticias\/author\/admin\/#author"},"image":{"@type":"ImageObject","url":970633,"@id":"https:\/\/www.eldigitaldeasturias.com\/noticias\/la-matriculacion-en-fp-dual-en-espana-se-multiplica-por-cinco\/#mainImage"},"primaryImageOfPage":{"@id":"https:\/\/www.eldigitaldeasturias.com\/noticias\/la-matriculacion-en-fp-dual-en-espana-se-multiplica-por-cinco\/#mainImage"},"datePublished":"2018-02-28T15:28:27+01:00","dateModified":"2018-02-28T15:28:27+01:00"},{"@type":"WebSite","@id":"https:\/\/www.eldigitaldeasturias.com\/noticias\/#website","url":"https:\/\/www.eldigitaldeasturias.com\/noticias\/","name":"El Digital de Asturias - Diario de actualidad y noticias","alternateName":"El Digital de Asturias - Diario de actualidad y noticias","description":"Hemeroteca","inLanguage":"es-ES","publisher":{"@id":"https:\/\/www.eldigitaldeasturias.com\/noticias\/#organization"}}]},"og:locale":"es_ES","og:site_name":"El Digital de Asturias","og:type":"article","og:title":"La matriculaci\u00f3n en FP Dual en Espa\u00f1a se multiplica por cinco - El Digital de Asturias","og:description":"La matriculaci\u00f3n en Espa\u00f1a en Formaci\u00f3n Profesional (FP) Dual en el curso 2016-2017 alcanz\u00f3 los 24.000 alumnos, lo que supone cinco veces m\u00e1s de lo que se registr\u00f3 en el curso 2012-2013. Adem\u00e1s, se imparti\u00f3 en casi 650 centros educativos y participaron 10.000 empresas, lo que supone un avance significativo de esta opci\u00f3n educativa en","og:url":"https:\/\/www.eldigitaldeasturias.com\/noticias\/la-matriculacion-en-fp-dual-en-espana-se-multiplica-por-cinco\/","article:tag":["actualidad"],"article:published_time":"2018-02-28T15:28:27+00:00","article:modified_time":"2018-02-28T15:28:27+00:00","article:publisher":"https:\/\/facebook.com\/eldigitaldeasturias","twitter:card":"summary_large_image","twitter:title":"La matriculaci\u00f3n en FP Dual en Espa\u00f1a se multiplica por cinco - El Digital de Asturias","twitter:description":"La matriculaci\u00f3n en Espa\u00f1a en Formaci\u00f3n Profesional (FP) Dual en el curso 2016-2017 alcanz\u00f3 los 24.000 alumnos, lo que supone cinco veces m\u00e1s de lo que se registr\u00f3 en el curso 2012-2013. Adem\u00e1s, se imparti\u00f3 en casi 650 centros educativos y participaron 10.000 empresas, lo que supone un avance significativo de esta opci\u00f3n educativa en","twitter:image":"https:\/\/www.eldigitaldeasturias.com\/noticias\/wp-content\/uploads\/2020\/12\/EDA-1.jpg","twitter:label1":"Escrito por","twitter:data1":"El Digital de Asturias","twitter:label2":"Tiempo de lectura estimado","twitter:data2":"3 minutos"},"aioseo_meta_data":{"post_id":"970632","title":null,"description":null,"keywords":null,"keyphrases":null,"primary_term":null,"canonical_url":null,"og_title":null,"og_description":null,"og_object_type":"default","og_image_type":"default","og_image_url":null,"og_image_width":null,"og_image_height":null,"og_image_custom_url":null,"og_image_custom_fields":null,"og_video":null,"og_custom_url":null,"og_article_section":null,"og_article_tags":null,"twitter_use_og":false,"twitter_card":"default","twitter_image_type":"default","twitter_image_url":null,"twitter_image_custom_url":null,"twitter_image_custom_fields":null,"twitter_title":null,"twitter_description":null,"schema":{"blockGraphs":[],"customGraphs":[],"default":{"data":{"Article":[],"Course":[],"Dataset":[],"FAQPage":[],"Movie":[],"Person":[],"Product":[],"ProductReview":[],"Car":[],"Recipe":[],"Service":[],"SoftwareApplication":[],"WebPage":[]},"graphName":"","isEnabled":true},"graphs":[],"defaultGraph":"","defaultPostTypeGraph":""},"schema_type":null,"schema_type_options":null,"pillar_content":false,"robots_default":true,"robots_noindex":false,"robots_noarchive":false,"robots_nosnippet":false,"robots_nofollow":false,"robots_noimageindex":false,"robots_noodp":false,"robots_notranslate":false,"robots_max_snippet":null,"robots_max_videopreview":null,"robots_max_imagepreview":"large","priority":null,"frequency":null,"local_seo":null,"seo_analyzer_scan_date":"2025-10-07 06:17:01","breadcrumb_settings":null,"limit_modified_date":false,"open_ai":null,"ai":null,"created":"2020-12-21 12:23:37","updated":"2025-10-07 06:17:01","focus_keyword":null,"additional_keywords":null,"truseo_locale":null},"aioseo_breadcrumb":"<div class=\"aioseo-breadcrumbs\"><span class=\"aioseo-breadcrumb\">\n\t<a href=\"https:\/\/www.eldigitaldeasturias.com\/noticias\" title=\"Home\">Home<\/a>\n<\/span><span class=\"aioseo-breadcrumb-separator\">\u2013<\/span><span class=\"aioseo-breadcrumb\">\n\t<a href=\"https:\/\/www.eldigitaldeasturias.com\/noticias\/category\/actualidad\/\" title=\"Actualidad\">Actualidad<\/a>\n<\/span><span class=\"aioseo-breadcrumb-separator\">\u2013<\/span><span class=\"aioseo-breadcrumb\">\n\t<a href=\"https:\/\/www.eldigitaldeasturias.com\/noticias\/la-matriculacion-en-fp-dual-en-espana-se-multiplica-por-cinco\/\" title=\"La matriculaci\u00f3n en FP Dual en Espa\u00f1a se multiplica por cinco\">La matriculaci\u00f3n en FP Dual en Espa\u00f1a se multiplica por cinco<\/a>\n<\/span><\/div>","aioseo_breadcrumb_json":[{"label":"Home","link":"https:\/\/www.eldigitaldeasturias.com\/noticias"},{"label":"Actualidad","link":"https:\/\/www.eldigitaldeasturias.com\/noticias\/category\/actualidad\/"},{"label":"La matriculaci\u00f3n en FP Dual en Espa\u00f1a se multiplica por cinco","link":"https:\/\/www.eldigitaldeasturias.com\/noticias\/la-matriculacion-en-fp-dual-en-espana-se-multiplica-por-cinco\/"}],"_links":{"self":[{"href":"https:\/\/www.eldigitaldeasturias.com\/noticias\/wp-json\/wp\/v2\/posts\/970632","targetHints":{"allow":["GET"]}}],"collection":[{"href":"https:\/\/www.eldigitaldeasturias.com\/noticias\/wp-json\/wp\/v2\/posts"}],"about":[{"href":"https:\/\/www.eldigitaldeasturias.com\/noticias\/wp-json\/wp\/v2\/types\/post"}],"author":[{"embeddable":true,"href":"https:\/\/www.eldigitaldeasturias.com\/noticias\/wp-json\/wp\/v2\/users\/1"}],"replies":[{"embeddable":true,"href":"https:\/\/www.eldigitaldeasturias.com\/noticias\/wp-json\/wp\/v2\/comments?post=970632"}],"version-history":[{"count":0,"href":"https:\/\/www.eldigitaldeasturias.com\/noticias\/wp-json\/wp\/v2\/posts\/970632\/revisions"}],"wp:attachment":[{"href":"https:\/\/www.eldigitaldeasturias.com\/noticias\/wp-json\/wp\/v2\/media?parent=970632"}],"wp:term":[{"taxonomy":"category","embeddable":true,"href":"https:\/\/www.eldigitaldeasturias.com\/noticias\/wp-json\/wp\/v2\/categories?post=970632"},{"taxonomy":"post_tag","embeddable":true,"href":"https:\/\/www.eldigitaldeasturias.com\/noticias\/wp-json\/wp\/v2\/tags?post=970632"}],"curies":[{"name":"wp","href":"https:\/\/api.w.org\/{rel}","templated":true}]}}